{"id":619021,"date":"2025-10-16T18:01:35","date_gmt":"2025-10-16T16:01:35","guid":{"rendered":"https:\/\/dicodusport.fr\/blog\/?p=619021&#038;preview=true&#038;preview_id=619021"},"modified":"2025-10-17T20:13:27","modified_gmt":"2025-10-17T18:13:27","slug":"diagonale-des-fous-2025-parcours-detaille-et-favoris","status":"publish","type":"post","link":"https:\/\/dicodusport.fr\/blog\/diagonale-des-fous-2025-parcours-detaille-et-favoris\/","title":{"rendered":"Diagonale des Fous 2025 : Le parcours complet et les favoris"},"content":{"rendered":"<p style=\"text-align: justify;\"><strong><em>Du 16 au 19 octobre 2025, la Diagonale des Fous s\u2019\u00e9lancera sur l\u2019\u00eele de La R\u00e9union pour sa 32\u00e8me \u00e9dition. E<\/em><\/strong><strong><em>ntre un parcours exigeant de 180 km et un plateau d\u2019\u00e9lite, les favoris comme Dunand-Pallaz, Pommeret et L\u2019Hirondel viseront la victoire. Qui succ\u00e9dera \u00e0 Mathieu Blanchard et Manon Bohard, <a href=\"https:\/\/dicodusport.fr\/blog\/classement-en-direct-diagonale-des-fous-2024\/\">vainqueurs de l&rsquo;\u00e9dition 2024<\/a> ?<\/em><\/strong><\/p>\n<p style=\"text-align: justify;\">Du <strong>jeudi 16 au dimanche 19 octobre 2025<\/strong>, l\u2019<strong>\u00eele de La R\u00e9union<\/strong> vivra \u00e0 nouveau au rythme du <strong>Grand Raid<\/strong>, et plus pr\u00e9cis\u00e9ment de sa course mythique : la <strong>Diagonale des Fous<\/strong>. V\u00e9ritable p\u00e8lerinage pour les passionn\u00e9s d\u2019ultra-trail, cette \u00e9preuve traverse l\u2019\u00eele du sud au nord, de <strong>Saint-Pierre<\/strong> \u00e0 <strong>Saint-Denis<\/strong>, sur un trac\u00e9 aussi grandiose que redoutable. Cette 32\u00e8me \u00e9dition s\u2019annonce d\u2019ores et d\u00e9j\u00e0 \u00e9pique, avec un parcours exigeant et un plateau d\u2019athl\u00e8tes de tr\u00e8s haut niveau.<\/p>\n<ul>\n<li style=\"text-align: justify;\"><strong>\u00c0 ce sujet &#8211; <a href=\"https:\/\/dicodusport.fr\/blog\/classement-diagonale-des-fous-2025-en-direct\/\">Classement Diagonale des Fous 2025 en direct<\/a><\/strong><\/li>\n<\/ul>\n<h2 style=\"text-align: justify;\">Le parcours en d\u00e9tail de la Diagonale des Fous 2025<\/h2>\n<p style=\"text-align: justify;\">L\u2019\u00e9dition 2025 conserve l\u2019essence du mythe : une diagonale de <strong>180 kilom\u00e8tres<\/strong> pour <strong>10 500 m\u00e8tres de d\u00e9nivel\u00e9 positif<\/strong>, \u00e0 boucler en moins de 66 heures. Le d\u00e9part sera donn\u00e9 jeudi 16 octobre \u00e0 22h depuis le stade de Saint-Pierre, avec une arriv\u00e9e esp\u00e9r\u00e9e, pour les premiers, \u00e0 Saint-Denis dans la journ\u00e9e du vendredi.<\/p>\n<p style=\"text-align: justify;\">Le parcours traverse les paysages les plus embl\u00e9matiques de l\u2019<em>\u00eele intense<\/em> : les plaines et for\u00eats du Sud, aux mont\u00e9es d\u00e9j\u00e0 cassantes d\u00e8s le d\u00e9part, les cirques de Cilaos et Mafate, terrains techniques et escarp\u00e9s, les cr\u00eates volcaniques proches du <strong>Piton de la Fournaise<\/strong>, et enfin la descente interminable vers la capitale, Saint-Denis, o\u00f9 la d\u00e9livrance attend les coureurs.<\/p>\n<p style=\"text-align: justify;\">Entre sentiers boueux, passages en corniche, d\u00e9nivel\u00e9s brutaux et conditions m\u00e9t\u00e9orologiques souvent impr\u00e9visibles, cette \u00e9dition ne d\u00e9rogera pas \u00e0 la r\u00e9putation de <em>\u00ab course la plus folle du monde \u00bb<\/em>.<\/p>\n<h3 style=\"text-align: justify;\">Les points cl\u00e9s du trac\u00e9<\/h3>\n<p style=\"text-align: justify;\"><strong>D\u00e9part :<\/strong> Saint-Pierre (altitude 20 m) ;<\/p>\n<p style=\"text-align: justify;\"><strong>Col de Ta\u00efbit (Cilaos) :<\/strong> environ 2 000 m ;<\/p>\n<p style=\"text-align: justify;\"><strong>Marla &#8211; Mafate :<\/strong> sentiers \u00e9troits et tr\u00e8s techniques ;<\/p>\n<p style=\"text-align: justify;\"><strong>Dos d\u2019\u00c2ne :<\/strong> derni\u00e8re grande difficult\u00e9 avant la descente vers Saint-Denis ;<\/p>\n<p style=\"text-align: justify;\"><strong>Arriv\u00e9e :<\/strong> Stade de la Redoute (Saint-Denis).<\/p>\n<p style=\"text-align: justify;\">L\u2019altitude maximale fr\u00f4lera les 2 500 m\u00e8tres, avec des temp\u00e9ratures pouvant varier de 30 degr\u00e9s en journ\u00e9e \u00e0 5 degr\u00e9s sur les hauteurs. La gestion de l\u2019effort et du mat\u00e9riel sera donc cruciale.<\/p>\n<div id=\"attachment_619035\" style=\"width: 2010px\" class=\"wp-caption aligncenter\"><a href=\"https:\/\/dicodusport.fr\/blog\/wp-content\/uploads\/2025\/10\/Profil-de-la-Diagonale-des-Fous-2025.png\"><img loading=\"lazy\" decoding=\"async\" aria-describedby=\"caption-attachment-619035\" class=\"size-full wp-image-619035\" src=\"https:\/\/dicodusport.fr\/blog\/wp-content\/uploads\/2025\/10\/Profil-de-la-Diagonale-des-Fous-2025.png\" alt=\"Profil de la Diagonale des Fous 2025\" width=\"2000\" height=\"550\" srcset=\"https:\/\/dicodusport.fr\/blog\/wp-content\/uploads\/2025\/10\/Profil-de-la-Diagonale-des-Fous-2025.png 2000w, https:\/\/dicodusport.fr\/blog\/wp-content\/uploads\/2025\/10\/Profil-de-la-Diagonale-des-Fous-2025-300x83.png 300w, https:\/\/dicodusport.fr\/blog\/wp-content\/uploads\/2025\/10\/Profil-de-la-Diagonale-des-Fous-2025-1024x282.png 1024w, https:\/\/dicodusport.fr\/blog\/wp-content\/uploads\/2025\/10\/Profil-de-la-Diagonale-des-Fous-2025-768x211.png 768w, https:\/\/dicodusport.fr\/blog\/wp-content\/uploads\/2025\/10\/Profil-de-la-Diagonale-des-Fous-2025-1536x422.png 1536w\" sizes=\"auto, (max-width: 2000px) 100vw, 2000px\" \/><\/a><p id=\"caption-attachment-619035\" class=\"wp-caption-text\">Profil de la Diagonale des Fous 2025<\/p><\/div>\n<h2 style=\"text-align: justify;\">Les favoris de l&rsquo;\u00e9dition 2025<\/h2>\n<h3 style=\"text-align: justify;\">Chez les hommes<\/h3>\n<p style=\"text-align: justify;\"><span style=\"text-decoration: underline;\"><strong>Aur\u00e9lien Dunand-Pallaz : l\u2019homme \u00e0 battre<\/strong><\/span><\/p>\n<p style=\"text-align: justify;\"><a href=\"https:\/\/dicodusport.fr\/blog\/classement-en-direct-diagonale-des-fous-2023\/\">Vainqueur en 2023<\/a>, le Savoyard <strong>Aur\u00e9lien Dunand-Pallaz<\/strong> fait figure de grand favori. Ultra r\u00e9gulier et solide mentalement, il conna\u00eet d\u00e9j\u00e0 les sentiers r\u00e9unionnais et sait g\u00e9rer les longues nuits de course. Apr\u00e8s une saison 2024 perturb\u00e9e par quelques p\u00e9pins physiques, il revient revanchard, avec l\u2019objectif clair de reconqu\u00e9rir la Diagonale. <em>\u00ab Il n\u2019y a pas une autre course qui me correspond mieux \u00bb<\/em>, a-t-il confi\u00e9 r\u00e9cemment chez nos confr\u00e8res de <a href=\"https:\/\/www.lequipe.fr\/Ultra-trail\/Actualites\/Aurelien-dunand-pallaz-favori-de-la-diagonale-des-fous-il-n-y-a-pas-une-autre-course-qui-peut-mieux-me-correspondre\/1601191\"><em>L&rsquo;\u00c9quipe<\/em><\/a>. Endurant, patient et redoutable en gestion d\u2019effort, <strong>Dunand-Pallaz<\/strong> pourrait bien reprendre son tr\u00f4ne si tout s\u2019aligne.<\/p>\n<p style=\"text-align: justify;\"><span style=\"text-decoration: underline;\"><strong>Ludovic Pommeret : l\u2019exp\u00e9rience avant tout<\/strong><\/span><\/p>\n<p style=\"text-align: justify;\">\u00c0 50 ans, <strong>Ludovic Pommeret<\/strong> est la l\u00e9gende vivante de l\u2019ultra-trail fran\u00e7ais. D\u00e9j\u00e0 vainqueur de la Diagonale en 2021, il continue d\u2019impressionner par sa long\u00e9vit\u00e9 et sa capacit\u00e9 \u00e0 performer sur les \u00e9preuves les plus exigeantes. R\u00e9cemment encore, il brillait \u00e0 l\u2019<a href=\"https:\/\/dicodusport.fr\/blog\/utmb-2025-programme-complet-horaires-et-resultats\/\">UTMB<\/a> (6\u00e8me) et \u00e0 la <a href=\"https:\/\/dicodusport.fr\/blog\/classement-hardrock-100-2025-en-direct\/\">Hardrock 100<\/a> (vainqueur). Sa science de la course et son mental hors du commun font de lui un pr\u00e9tendant naturel au podium, voire \u00e0 une nouvelle victoire. Seule incertitude : la r\u00e9cup\u00e9ration, apr\u00e8s une saison dense et exigeante.<\/p>\n<div class=\"vlp-link-container vlp-layout-article\"><a href=\"https:\/\/dicodusport.fr\/blog\/hardrock-100-2025-ludovic-pommeret-double-la-mise-triple-francais-historique\/\" class=\"vlp-link\" title=\"Hardrock 100 2025 : Ludovic Pommeret double la mise, tripl\u00e9 fran\u00e7ais historique\"><\/a><div class=\"vlp-layout-zone-side\"><div class=\"vlp-block-4 vlp-link-image\"><img loading=\"lazy\" decoding=\"async\" style=\"max-width: 792px;\" width=\"792\" height=\"445\" src=\"https:\/\/dicodusport.fr\/blog\/wp-content\/uploads\/2025\/07\/Hardrock-100-2025-Ludovic-Pommeret-double-la-mise-triple-francais-historique.png\" class=\"attachment-800x445 size-800x445\" alt=\"\" srcset=\"https:\/\/dicodusport.fr\/blog\/wp-content\/uploads\/2025\/07\/Hardrock-100-2025-Ludovic-Pommeret-double-la-mise-triple-francais-historique.png 1200w, https:\/\/dicodusport.fr\/blog\/wp-content\/uploads\/2025\/07\/Hardrock-100-2025-Ludovic-Pommeret-double-la-mise-triple-francais-historique-300x169.png 300w, https:\/\/dicodusport.fr\/blog\/wp-content\/uploads\/2025\/07\/Hardrock-100-2025-Ludovic-Pommeret-double-la-mise-triple-francais-historique-1024x575.png 1024w, https:\/\/dicodusport.fr\/blog\/wp-content\/uploads\/2025\/07\/Hardrock-100-2025-Ludovic-Pommeret-double-la-mise-triple-francais-historique-768x431.png 768w\" sizes=\"auto, (max-width: 792px) 100vw, 792px\" \/><\/div><\/div><div class=\"vlp-layout-zone-main\"><div class=\"vlp-block-0 vlp-link-title\">Hardrock 100 2025 : Ludovic Pommeret double la mise, tripl\u00e9 fran\u00e7ais historique<\/div><div class=\"vlp-block-1 vlp-link-summary\">Un an apr\u00e8s sa victoire retentissante, Ludovic Pommeret a remis le couvert en s'offrant le doubl\u00e9, avec la mani\u00e8re, sur la Hardrock 100.<\/div><div class=\"vlp-block-2 vlp-link-button\">Lire l'article<\/div><div class=\"vlp-block-3 vlp-link-url\">dicodusport.fr<\/div><\/div><\/div>\n<p style=\"text-align: justify;\"><span style=\"text-decoration: underline;\"><strong>Arthur Joyeux-Bouillon : la jeunesse ambitieuse<\/strong><\/span><\/p>\n<p style=\"text-align: justify;\">Derri\u00e8re ces deux monstres sacr\u00e9s, <strong>Arthur Joyeux-Bouillon<\/strong> s\u2019avance comme l\u2019un des hommes \u00e0 suivre de tr\u00e8s pr\u00e8s. Plus jeune, plus explosif, il a choisi de faire l\u2019impasse sur l\u2019UTMB pour arriver frais et concentr\u00e9 sur la Diagonale. Apr\u00e8s plusieurs victoires sur des courses de pr\u00e9paration et une progression constante depuis 2023, il semble pr\u00eat \u00e0 se m\u00ealer \u00e0 la lutte pour les premi\u00e8res places. Sa gestion de course sera d\u00e9terminante sur un terrain aussi pi\u00e9geux que celui de La R\u00e9union.<\/p>\n<p style=\"text-align: justify;\"><strong><span style=\"text-decoration: underline;\">Les outsiders \u00e0 surveiller<\/span><\/strong><\/p>\n<p style=\"text-align: justify;\">Parmi les pr\u00e9tendants au top 10, on retrouve <strong>Baptiste Chassagne<\/strong>, auteur d\u2019une belle saison d\u2019ultra et en pleine ascension, ainsi que <strong>Yannick No\u00ebl<\/strong>, solide et r\u00e9gulier. L\u2019infatigable <em>Casquette Verte<\/em>, <strong>Alexandre Boucheix<\/strong>, sera aussi de la partie, fid\u00e8le \u00e0 sa devise <em>\u00ab plaisir et folie \u00bb<\/em>. Et si une surprise venait de l\u2019international ? Certains \u00e9voquent une possible participation de <strong>Jim Walmsley<\/strong>, qui apporterait une touche am\u00e9ricaine et un rythme infernal d\u00e8s le d\u00e9part.<\/p>\n<h3 style=\"text-align: justify;\">Chez les femmes<\/h3>\n<p style=\"text-align: justify;\"><span style=\"text-decoration: underline;\"><strong>Blandine L\u2019Hirondel : la grande favorite<\/strong><\/span><\/p>\n<p style=\"text-align: justify;\"><a href=\"https:\/\/dicodusport.fr\/blog\/trail-long-blandine-lhirondel-et-les-bleues-championnes-du-monde\/\">Championne du monde de trail long en 2023<\/a> et multiple laur\u00e9ate sur les grandes courses internationales, <strong>Blandine L\u2019Hirondel<\/strong> sera la t\u00eate d\u2019affiche f\u00e9minine de cette \u00e9dition. Apr\u00e8s avoir domin\u00e9 le circuit mondial, elle s\u2019attaque \u00e0 la Diagonale avec ambition et humilit\u00e9. Sa vitesse, son endurance et sa ma\u00eetrise du pacing en font la favorite logique. Ce sera cependant sa premi\u00e8re confrontation avec les conditions extr\u00eames du Grand Raid : chaleur, humidit\u00e9, d\u00e9nivel\u00e9 et fatigue prolong\u00e9e.<\/p>\n<p style=\"text-align: justify;\"><span style=\"text-decoration: underline;\"><strong>Marianne Hogan : la rivale venue du Canada<\/strong><\/span><\/p>\n<p style=\"text-align: justify;\">La Canadienne <strong>Marianne Hogan<\/strong>, d\u00e9j\u00e0 redoutable sur les longues distances (UTMB, <a href=\"https:\/\/dicodusport.fr\/blog\/classement-western-states-100-2025-en-direct\/\">Western States<\/a>), s\u2019attaque, elle aussi, au mythe r\u00e9unionnais. Capable de g\u00e9rer l\u2019effort dans la dur\u00e9e et dot\u00e9e d\u2019un mental d\u2019acier, elle repr\u00e9sente la principale menace internationale pour <strong>L\u2019Hirondel<\/strong>. Sa fra\u00eecheur et sa rigueur strat\u00e9gique pourraient peser lourd dans la derni\u00e8re partie du parcours.<\/p>\n<p style=\"text-align: justify;\"><span style=\"text-decoration: underline;\"><strong>\u00c9milie Maroteaux : la fiert\u00e9 r\u00e9unionnaise<\/strong><\/span><\/p>\n<p style=\"text-align: justify;\">Troisi\u00e8me en 2023, <strong>\u00c9milie Maroteaux<\/strong> portera haut les couleurs de La R\u00e9union. Coureuse locale, elle conna\u00eet les sentiers, les ravitaillements, le climat et les pi\u00e8ges du parcours mieux que quiconque. Soutenue par un public enti\u00e8rement acquis \u00e0 sa cause, elle esp\u00e8re cette fois transformer son podium en victoire. Sa connaissance du terrain pourrait compenser un d\u00e9ficit de vitesse face aux favorites venues de m\u00e9tropole ou de l\u2019\u00e9tranger.<\/p>\n<p style=\"text-align: justify;\"><span style=\"text-decoration: underline;\"><strong>Les autres pr\u00e9tendantes<\/strong><\/span><\/p>\n<p style=\"text-align: justify;\"><strong>Sylvaine Cussot<\/strong>, habitu\u00e9e de la Diagonale des Fous et toujours aussi souriante malgr\u00e9 la souffrance, fait son retour sur l\u2019\u00eele avec l\u2019envie de bien figurer. <strong>Sarah Vieuille<\/strong>, 4\u00e8me en 2022, revient \u00e9galement, motiv\u00e9e et exp\u00e9riment\u00e9e. Toutes deux disposent de la maturit\u00e9 et de l\u2019exp\u00e9rience pour d\u00e9jouer les pronostics si les favorites flanchent.<\/p>\n<p style=\"text-align: justify;\">Gagner la Diagonale des Fous, c\u2019est entrer dans la l\u00e9gende du trail mondial, aux c\u00f4t\u00e9s de <strong>Fran\u00e7ois D\u2019Haene<\/strong>, <strong>Kilian Jornet<\/strong> ou encore <strong>Beno\u00eet Girondel<\/strong>. Peu de courses au monde offrent un tel m\u00e9lange de difficult\u00e9, de beaut\u00e9 et d\u2019intensit\u00e9 \u00e9motionnelle.<\/p>\n","protected":false},"excerpt":{"rendered":"<p>La Diagonale des Fous 2025 : 180 km d\u2019\u00e9motion \u00e0 La R\u00e9union. Parcours, d\u00e9fis et favoris : Dunand-Pallaz, Pommeret, L\u2019Hirondel et Maroteaux.<\/p>\n","protected":false},"author":4,"featured_media":619044,"comment_status":"open","ping_status":"closed","sticky":false,"template":"","format":"standard","meta":{"_acf_changed":false,"_daextam_enable_autolinks":"1","footnotes":""},"categories":[8673],"tags":[32415,16878,6172,862,5836],"class_list":["post-619021","post","type-post","status-publish","format-standard","has-post-thumbnail","hentry","category-trail","tag-actu","tag-breve","tag-diagonale-des-fous","tag-trail","tag-ultra-trail"],"acf":[],"yoast_head":"<!-- This site is optimized with the Yoast SEO Premium plugin v26.7 (Yoast SEO v26.7) - https:\/\/yoast.com\/wordpress\/plugins\/seo\/ -->\n<title>Diagonale des Fous 2025 : Le parcours complet et les favoris<\/title>\n<meta name=\"description\" content=\"La Diagonale des Fous 2025 : 180 km d\u2019\u00e9motion \u00e0 La R\u00e9union. Parcours, d\u00e9fis et favoris : Dunand-Pallaz, Pommeret, L\u2019Hirondel et Maroteaux.\" \/>\n<meta name=\"robots\" content=\"index, follow, max-snippet:-1, max-image-preview:large, max-video-preview:-1\" \/>\n<link rel=\"canonical\" href=\"https:\/\/dicodusport.fr\/blog\/diagonale-des-fous-2025-parcours-detaille-et-favoris\/\" \/>\n<meta property=\"og:locale\" content=\"fr_FR\" \/>\n<meta property=\"og:type\" content=\"article\" \/>\n<meta property=\"og:title\" content=\"Diagonale des Fous 2025 : le parcours infernal et les favoris d\u2019une \u00e9dition tr\u00e8s attendue\" \/>\n<meta property=\"og:description\" content=\"La Diagonale des Fous 2025 : 180 km d\u2019\u00e9motion \u00e0 La R\u00e9union. Parcours, d\u00e9fis et favoris : Dunand-Pallaz, Pommeret, L\u2019Hirondel et Maroteaux.\" \/>\n<meta property=\"og:url\" content=\"https:\/\/dicodusport.fr\/blog\/diagonale-des-fous-2025-parcours-detaille-et-favoris\/\" \/>\n<meta property=\"og:site_name\" content=\"Dicodusport\" \/>\n<meta property=\"article:publisher\" content=\"https:\/\/www.facebook.com\/dicodusport\" \/>\n<meta property=\"article:author\" content=\"https:\/\/www.facebook.com\/florent.ostermann\" \/>\n<meta property=\"article:published_time\" content=\"2025-10-16T16:01:35+00:00\" \/>\n<meta property=\"article:modified_time\" content=\"2025-10-17T18:13:27+00:00\" \/>\n<meta property=\"og:image\" content=\"https:\/\/dicodusport.fr\/blog\/wp-content\/uploads\/2025\/10\/Diagonale-des-Fous-2025-Parcours-detaille-et-favoris.png\" \/>\n\t<meta property=\"og:image:width\" content=\"1200\" \/>\n\t<meta property=\"og:image:height\" content=\"674\" \/>\n\t<meta property=\"og:image:type\" content=\"image\/png\" \/>\n<meta name=\"author\" content=\"Flo Ostermann\" \/>\n<meta name=\"twitter:card\" content=\"summary_large_image\" \/>\n<meta name=\"twitter:title\" content=\"Diagonale des Fous 2025 : le parcours infernal et les favoris d\u2019une \u00e9dition tr\u00e8s attendue\" \/>\n<meta name=\"twitter:creator\" content=\"@https:\/\/twitter.com\/FlOstermann\" \/>\n<meta name=\"twitter:site\" content=\"@dicodusport\" \/>\n<script type=\"application\/ld+json\" class=\"yoast-schema-graph\">{\"@context\":\"https:\/\/schema.org\",\"@graph\":[{\"@type\":\"NewsArticle\",\"@id\":\"https:\/\/dicodusport.fr\/blog\/diagonale-des-fous-2025-parcours-detaille-et-favoris\/#article\",\"isPartOf\":{\"@id\":\"https:\/\/dicodusport.fr\/blog\/diagonale-des-fous-2025-parcours-detaille-et-favoris\/\"},\"author\":{\"name\":\"Flo Ostermann\",\"@id\":\"https:\/\/dicodusport.fr\/blog\/#\/schema\/person\/cb02af4c173ce4a653b55e9baf388d4a\"},\"headline\":\"Diagonale des Fous 2025 : Le parcours complet et les favoris\",\"datePublished\":\"2025-10-16T16:01:35+00:00\",\"dateModified\":\"2025-10-17T18:13:27+00:00\",\"mainEntityOfPage\":{\"@id\":\"https:\/\/dicodusport.fr\/blog\/diagonale-des-fous-2025-parcours-detaille-et-favoris\/\"},\"wordCount\":1258,\"commentCount\":0,\"publisher\":{\"@id\":\"https:\/\/dicodusport.fr\/blog\/#organization\"},\"image\":{\"@id\":\"https:\/\/dicodusport.fr\/blog\/diagonale-des-fous-2025-parcours-detaille-et-favoris\/#primaryimage\"},\"thumbnailUrl\":\"https:\/\/dicodusport.fr\/blog\/wp-content\/uploads\/2025\/10\/Diagonale-des-Fous-2025-Parcours-detaille-et-favoris.png\",\"keywords\":[\"actu\",\"br\u00e8ve\",\"Diagonale des Fous\",\"trail\",\"Ultra-Trail\"],\"articleSection\":[\"Trail\"],\"inLanguage\":\"fr-FR\",\"potentialAction\":[{\"@type\":\"CommentAction\",\"name\":\"Comment\",\"target\":[\"https:\/\/dicodusport.fr\/blog\/diagonale-des-fous-2025-parcours-detaille-et-favoris\/#respond\"]}],\"copyrightYear\":\"2025\",\"copyrightHolder\":{\"@id\":\"https:\/\/dicodusport.fr\/blog\/#organization\"}},{\"@type\":\"WebPage\",\"@id\":\"https:\/\/dicodusport.fr\/blog\/diagonale-des-fous-2025-parcours-detaille-et-favoris\/\",\"url\":\"https:\/\/dicodusport.fr\/blog\/diagonale-des-fous-2025-parcours-detaille-et-favoris\/\",\"name\":\"Diagonale des Fous 2025 : Le parcours complet et les favoris\",\"isPartOf\":{\"@id\":\"https:\/\/dicodusport.fr\/blog\/#website\"},\"primaryImageOfPage\":{\"@id\":\"https:\/\/dicodusport.fr\/blog\/diagonale-des-fous-2025-parcours-detaille-et-favoris\/#primaryimage\"},\"image\":{\"@id\":\"https:\/\/dicodusport.fr\/blog\/diagonale-des-fous-2025-parcours-detaille-et-favoris\/#primaryimage\"},\"thumbnailUrl\":\"https:\/\/dicodusport.fr\/blog\/wp-content\/uploads\/2025\/10\/Diagonale-des-Fous-2025-Parcours-detaille-et-favoris.png\",\"datePublished\":\"2025-10-16T16:01:35+00:00\",\"dateModified\":\"2025-10-17T18:13:27+00:00\",\"description\":\"La Diagonale des Fous 2025 : 180 km d\u2019\u00e9motion \u00e0 La R\u00e9union. Parcours, d\u00e9fis et favoris : Dunand-Pallaz, Pommeret, L\u2019Hirondel et Maroteaux.\",\"breadcrumb\":{\"@id\":\"https:\/\/dicodusport.fr\/blog\/diagonale-des-fous-2025-parcours-detaille-et-favoris\/#breadcrumb\"},\"inLanguage\":\"fr-FR\",\"potentialAction\":[{\"@type\":\"ReadAction\",\"target\":[\"https:\/\/dicodusport.fr\/blog\/diagonale-des-fous-2025-parcours-detaille-et-favoris\/\"]}]},{\"@type\":\"ImageObject\",\"inLanguage\":\"fr-FR\",\"@id\":\"https:\/\/dicodusport.fr\/blog\/diagonale-des-fous-2025-parcours-detaille-et-favoris\/#primaryimage\",\"url\":\"https:\/\/dicodusport.fr\/blog\/wp-content\/uploads\/2025\/10\/Diagonale-des-Fous-2025-Parcours-detaille-et-favoris.png\",\"contentUrl\":\"https:\/\/dicodusport.fr\/blog\/wp-content\/uploads\/2025\/10\/Diagonale-des-Fous-2025-Parcours-detaille-et-favoris.png\",\"width\":1200,\"height\":674,\"caption\":\"Diagonale des Fous 2025 Parcours d\u00e9taill\u00e9 et favoris\"},{\"@type\":\"BreadcrumbList\",\"@id\":\"https:\/\/dicodusport.fr\/blog\/diagonale-des-fous-2025-parcours-detaille-et-favoris\/#breadcrumb\",\"itemListElement\":[{\"@type\":\"ListItem\",\"position\":1,\"name\":\"Accueil\",\"item\":\"https:\/\/dicodusport.fr\/blog\/\"},{\"@type\":\"ListItem\",\"position\":2,\"name\":\"Diagonale des Fous 2025 : Le parcours complet et les favoris\"}]},{\"@type\":\"WebSite\",\"@id\":\"https:\/\/dicodusport.fr\/blog\/#website\",\"url\":\"https:\/\/dicodusport.fr\/blog\/\",\"name\":\"Dicodusport\",\"description\":\"L&#039;encyclop\u00e9die de l&#039;actualit\u00e9 sportive\",\"publisher\":{\"@id\":\"https:\/\/dicodusport.fr\/blog\/#organization\"},\"potentialAction\":[{\"@type\":\"SearchAction\",\"target\":{\"@type\":\"EntryPoint\",\"urlTemplate\":\"https:\/\/dicodusport.fr\/blog\/?s={search_term_string}\"},\"query-input\":{\"@type\":\"PropertyValueSpecification\",\"valueRequired\":true,\"valueName\":\"search_term_string\"}}],\"inLanguage\":\"fr-FR\"},{\"@type\":\"NewsMediaOrganization\",\"@id\":\"https:\/\/dicodusport.fr\/blog\/#organization\",\"name\":\"Dicodusport\",\"url\":\"https:\/\/dicodusport.fr\/blog\/\",\"logo\":{\"@type\":\"ImageObject\",\"inLanguage\":\"fr-FR\",\"@id\":\"https:\/\/dicodusport.fr\/blog\/#\/schema\/logo\/image\/\",\"url\":\"https:\/\/dicodusport.fr\/blog\/wp-content\/uploads\/2020\/06\/cropped-LOGO-DICODUSPORT-2020-SANS-FOND-SANS-TEXTE.png\",\"contentUrl\":\"https:\/\/dicodusport.fr\/blog\/wp-content\/uploads\/2020\/06\/cropped-LOGO-DICODUSPORT-2020-SANS-FOND-SANS-TEXTE.png\",\"width\":512,\"height\":512,\"caption\":\"Dicodusport\"},\"image\":{\"@id\":\"https:\/\/dicodusport.fr\/blog\/#\/schema\/logo\/image\/\"},\"sameAs\":[\"https:\/\/www.facebook.com\/dicodusport\",\"https:\/\/x.com\/dicodusport\",\"https:\/\/www.instagram.com\/dicodusport\/\",\"https:\/\/www.youtube.com\/channel\/UC7V2KZ5sd3htJivAbA4ZG3w\"],\"description\":\"Dicodusport est l'encyclop\u00e9die de l'actualit\u00e9 sportive.\",\"email\":\"bonjour@dicodusport.fr\",\"legalName\":\"DICODUSPORT\",\"foundingDate\":\"2018-01-14\",\"vatID\":\"FR71834470973\",\"taxID\":\"83447097300043\",\"numberOfEmployees\":{\"@type\":\"QuantitativeValue\",\"minValue\":\"1\",\"maxValue\":\"10\"}},{\"@type\":\"Person\",\"@id\":\"https:\/\/dicodusport.fr\/blog\/#\/schema\/person\/cb02af4c173ce4a653b55e9baf388d4a\",\"name\":\"Flo Ostermann\",\"image\":{\"@type\":\"ImageObject\",\"inLanguage\":\"fr-FR\",\"@id\":\"https:\/\/dicodusport.fr\/blog\/#\/schema\/person\/image\/\",\"url\":\"https:\/\/dicodusport.fr\/blog\/wp-content\/uploads\/2021\/05\/Flo-Ostermann-150x150.jpg\",\"contentUrl\":\"https:\/\/dicodusport.fr\/blog\/wp-content\/uploads\/2021\/05\/Flo-Ostermann-150x150.jpg\",\"caption\":\"Flo Ostermann\"},\"description\":\"Journaliste\/R\u00e9dacteur depuis septembre 2015 - Mes premiers souvenirs dans le sport ? Les envol\u00e9es du Stade Toulousain et les duels Villeneuve-Schumacher et H\u00e4kkinen-Schumacher \u00e0 la fin des ann\u00e9es 90, la Coupe du monde de football en 1998, l\u2019exploit du XV de France face aux All Blacks en 1999, mais aussi Richard C\u0153ur de Lion qui vole sur les montagnes du Tour de France. Bien parti pour devenir professeur d\u2019EPS, les \u00e9v\u00e9nements de la vie (et la flemme d\u2019animer des s\u00e9ances de 3x500 m\u00e8tres toute ma vie) m\u2019ont conduit \u00e0 revoir mes plans. Me voil\u00e0 depuis fin 2017 sur Dicodusport, m\u00e9dia gr\u00e2ce (et pour) lequel je partage ma passion : le sport dans tous ses \u00e9tats. Le tout accompagn\u00e9 par les fous furieux et folles furieuses cit\u00e9s sur cette page !\",\"sameAs\":[\"https:\/\/www.facebook.com\/florent.ostermann\",\"https:\/\/x.com\/https:\/\/twitter.com\/FlOstermann\",\"admin\"],\"url\":\"https:\/\/dicodusport.fr\/blog\/author\/flo\/\"}]}<\/script>\n<!-- \/ Yoast SEO Premium plugin. -->","yoast_head_json":{"title":"Diagonale des Fous 2025 : Le parcours complet et les favoris","description":"La Diagonale des Fous 2025 : 180 km d\u2019\u00e9motion \u00e0 La R\u00e9union. Parcours, d\u00e9fis et favoris : Dunand-Pallaz, Pommeret, L\u2019Hirondel et Maroteaux.","robots":{"index":"index","follow":"follow","max-snippet":"max-snippet:-1","max-image-preview":"max-image-preview:large","max-video-preview":"max-video-preview:-1"},"canonical":"https:\/\/dicodusport.fr\/blog\/diagonale-des-fous-2025-parcours-detaille-et-favoris\/","og_locale":"fr_FR","og_type":"article","og_title":"Diagonale des Fous 2025 : le parcours infernal et les favoris d\u2019une \u00e9dition tr\u00e8s attendue","og_description":"La Diagonale des Fous 2025 : 180 km d\u2019\u00e9motion \u00e0 La R\u00e9union. Parcours, d\u00e9fis et favoris : Dunand-Pallaz, Pommeret, L\u2019Hirondel et Maroteaux.","og_url":"https:\/\/dicodusport.fr\/blog\/diagonale-des-fous-2025-parcours-detaille-et-favoris\/","og_site_name":"Dicodusport","article_publisher":"https:\/\/www.facebook.com\/dicodusport","article_author":"https:\/\/www.facebook.com\/florent.ostermann","article_published_time":"2025-10-16T16:01:35+00:00","article_modified_time":"2025-10-17T18:13:27+00:00","og_image":[{"width":1200,"height":674,"url":"https:\/\/dicodusport.fr\/blog\/wp-content\/uploads\/2025\/10\/Diagonale-des-Fous-2025-Parcours-detaille-et-favoris.png","type":"image\/png"}],"author":"Flo Ostermann","twitter_card":"summary_large_image","twitter_title":"Diagonale des Fous 2025 : le parcours infernal et les favoris d\u2019une \u00e9dition tr\u00e8s attendue","twitter_creator":"@https:\/\/twitter.com\/FlOstermann","twitter_site":"@dicodusport","schema":{"@context":"https:\/\/schema.org","@graph":[{"@type":"NewsArticle","@id":"https:\/\/dicodusport.fr\/blog\/diagonale-des-fous-2025-parcours-detaille-et-favoris\/#article","isPartOf":{"@id":"https:\/\/dicodusport.fr\/blog\/diagonale-des-fous-2025-parcours-detaille-et-favoris\/"},"author":{"name":"Flo Ostermann","@id":"https:\/\/dicodusport.fr\/blog\/#\/schema\/person\/cb02af4c173ce4a653b55e9baf388d4a"},"headline":"Diagonale des Fous 2025 : Le parcours complet et les favoris","datePublished":"2025-10-16T16:01:35+00:00","dateModified":"2025-10-17T18:13:27+00:00","mainEntityOfPage":{"@id":"https:\/\/dicodusport.fr\/blog\/diagonale-des-fous-2025-parcours-detaille-et-favoris\/"},"wordCount":1258,"commentCount":0,"publisher":{"@id":"https:\/\/dicodusport.fr\/blog\/#organization"},"image":{"@id":"https:\/\/dicodusport.fr\/blog\/diagonale-des-fous-2025-parcours-detaille-et-favoris\/#primaryimage"},"thumbnailUrl":"https:\/\/dicodusport.fr\/blog\/wp-content\/uploads\/2025\/10\/Diagonale-des-Fous-2025-Parcours-detaille-et-favoris.png","keywords":["actu","br\u00e8ve","Diagonale des Fous","trail","Ultra-Trail"],"articleSection":["Trail"],"inLanguage":"fr-FR","potentialAction":[{"@type":"CommentAction","name":"Comment","target":["https:\/\/dicodusport.fr\/blog\/diagonale-des-fous-2025-parcours-detaille-et-favoris\/#respond"]}],"copyrightYear":"2025","copyrightHolder":{"@id":"https:\/\/dicodusport.fr\/blog\/#organization"}},{"@type":"WebPage","@id":"https:\/\/dicodusport.fr\/blog\/diagonale-des-fous-2025-parcours-detaille-et-favoris\/","url":"https:\/\/dicodusport.fr\/blog\/diagonale-des-fous-2025-parcours-detaille-et-favoris\/","name":"Diagonale des Fous 2025 : Le parcours complet et les favoris","isPartOf":{"@id":"https:\/\/dicodusport.fr\/blog\/#website"},"primaryImageOfPage":{"@id":"https:\/\/dicodusport.fr\/blog\/diagonale-des-fous-2025-parcours-detaille-et-favoris\/#primaryimage"},"image":{"@id":"https:\/\/dicodusport.fr\/blog\/diagonale-des-fous-2025-parcours-detaille-et-favoris\/#primaryimage"},"thumbnailUrl":"https:\/\/dicodusport.fr\/blog\/wp-content\/uploads\/2025\/10\/Diagonale-des-Fous-2025-Parcours-detaille-et-favoris.png","datePublished":"2025-10-16T16:01:35+00:00","dateModified":"2025-10-17T18:13:27+00:00","description":"La Diagonale des Fous 2025 : 180 km d\u2019\u00e9motion \u00e0 La R\u00e9union. Parcours, d\u00e9fis et favoris : Dunand-Pallaz, Pommeret, L\u2019Hirondel et Maroteaux.","breadcrumb":{"@id":"https:\/\/dicodusport.fr\/blog\/diagonale-des-fous-2025-parcours-detaille-et-favoris\/#breadcrumb"},"inLanguage":"fr-FR","potentialAction":[{"@type":"ReadAction","target":["https:\/\/dicodusport.fr\/blog\/diagonale-des-fous-2025-parcours-detaille-et-favoris\/"]}]},{"@type":"ImageObject","inLanguage":"fr-FR","@id":"https:\/\/dicodusport.fr\/blog\/diagonale-des-fous-2025-parcours-detaille-et-favoris\/#primaryimage","url":"https:\/\/dicodusport.fr\/blog\/wp-content\/uploads\/2025\/10\/Diagonale-des-Fous-2025-Parcours-detaille-et-favoris.png","contentUrl":"https:\/\/dicodusport.fr\/blog\/wp-content\/uploads\/2025\/10\/Diagonale-des-Fous-2025-Parcours-detaille-et-favoris.png","width":1200,"height":674,"caption":"Diagonale des Fous 2025 Parcours d\u00e9taill\u00e9 et favoris"},{"@type":"BreadcrumbList","@id":"https:\/\/dicodusport.fr\/blog\/diagonale-des-fous-2025-parcours-detaille-et-favoris\/#breadcrumb","itemListElement":[{"@type":"ListItem","position":1,"name":"Accueil","item":"https:\/\/dicodusport.fr\/blog\/"},{"@type":"ListItem","position":2,"name":"Diagonale des Fous 2025 : Le parcours complet et les favoris"}]},{"@type":"WebSite","@id":"https:\/\/dicodusport.fr\/blog\/#website","url":"https:\/\/dicodusport.fr\/blog\/","name":"Dicodusport","description":"L&#039;encyclop\u00e9die de l&#039;actualit\u00e9 sportive","publisher":{"@id":"https:\/\/dicodusport.fr\/blog\/#organization"},"potentialAction":[{"@type":"SearchAction","target":{"@type":"EntryPoint","urlTemplate":"https:\/\/dicodusport.fr\/blog\/?s={search_term_string}"},"query-input":{"@type":"PropertyValueSpecification","valueRequired":true,"valueName":"search_term_string"}}],"inLanguage":"fr-FR"},{"@type":"NewsMediaOrganization","@id":"https:\/\/dicodusport.fr\/blog\/#organization","name":"Dicodusport","url":"https:\/\/dicodusport.fr\/blog\/","logo":{"@type":"ImageObject","inLanguage":"fr-FR","@id":"https:\/\/dicodusport.fr\/blog\/#\/schema\/logo\/image\/","url":"https:\/\/dicodusport.fr\/blog\/wp-content\/uploads\/2020\/06\/cropped-LOGO-DICODUSPORT-2020-SANS-FOND-SANS-TEXTE.png","contentUrl":"https:\/\/dicodusport.fr\/blog\/wp-content\/uploads\/2020\/06\/cropped-LOGO-DICODUSPORT-2020-SANS-FOND-SANS-TEXTE.png","width":512,"height":512,"caption":"Dicodusport"},"image":{"@id":"https:\/\/dicodusport.fr\/blog\/#\/schema\/logo\/image\/"},"sameAs":["https:\/\/www.facebook.com\/dicodusport","https:\/\/x.com\/dicodusport","https:\/\/www.instagram.com\/dicodusport\/","https:\/\/www.youtube.com\/channel\/UC7V2KZ5sd3htJivAbA4ZG3w"],"description":"Dicodusport est l'encyclop\u00e9die de l'actualit\u00e9 sportive.","email":"bonjour@dicodusport.fr","legalName":"DICODUSPORT","foundingDate":"2018-01-14","vatID":"FR71834470973","taxID":"83447097300043","numberOfEmployees":{"@type":"QuantitativeValue","minValue":"1","maxValue":"10"}},{"@type":"Person","@id":"https:\/\/dicodusport.fr\/blog\/#\/schema\/person\/cb02af4c173ce4a653b55e9baf388d4a","name":"Flo Ostermann","image":{"@type":"ImageObject","inLanguage":"fr-FR","@id":"https:\/\/dicodusport.fr\/blog\/#\/schema\/person\/image\/","url":"https:\/\/dicodusport.fr\/blog\/wp-content\/uploads\/2021\/05\/Flo-Ostermann-150x150.jpg","contentUrl":"https:\/\/dicodusport.fr\/blog\/wp-content\/uploads\/2021\/05\/Flo-Ostermann-150x150.jpg","caption":"Flo Ostermann"},"description":"Journaliste\/R\u00e9dacteur depuis septembre 2015 - Mes premiers souvenirs dans le sport ? Les envol\u00e9es du Stade Toulousain et les duels Villeneuve-Schumacher et H\u00e4kkinen-Schumacher \u00e0 la fin des ann\u00e9es 90, la Coupe du monde de football en 1998, l\u2019exploit du XV de France face aux All Blacks en 1999, mais aussi Richard C\u0153ur de Lion qui vole sur les montagnes du Tour de France. Bien parti pour devenir professeur d\u2019EPS, les \u00e9v\u00e9nements de la vie (et la flemme d\u2019animer des s\u00e9ances de 3x500 m\u00e8tres toute ma vie) m\u2019ont conduit \u00e0 revoir mes plans. Me voil\u00e0 depuis fin 2017 sur Dicodusport, m\u00e9dia gr\u00e2ce (et pour) lequel je partage ma passion : le sport dans tous ses \u00e9tats. Le tout accompagn\u00e9 par les fous furieux et folles furieuses cit\u00e9s sur cette page !","sameAs":["https:\/\/www.facebook.com\/florent.ostermann","https:\/\/x.com\/https:\/\/twitter.com\/FlOstermann","admin"],"url":"https:\/\/dicodusport.fr\/blog\/author\/flo\/"}]}},"_links":{"self":[{"href":"https:\/\/dicodusport.fr\/blog\/wp-json\/wp\/v2\/posts\/619021","targetHints":{"allow":["GET"]}}],"collection":[{"href":"https:\/\/dicodusport.fr\/blog\/wp-json\/wp\/v2\/posts"}],"about":[{"href":"https:\/\/dicodusport.fr\/blog\/wp-json\/wp\/v2\/types\/post"}],"author":[{"embeddable":true,"href":"https:\/\/dicodusport.fr\/blog\/wp-json\/wp\/v2\/users\/4"}],"replies":[{"embeddable":true,"href":"https:\/\/dicodusport.fr\/blog\/wp-json\/wp\/v2\/comments?post=619021"}],"version-history":[{"count":5,"href":"https:\/\/dicodusport.fr\/blog\/wp-json\/wp\/v2\/posts\/619021\/revisions"}],"predecessor-version":[{"id":619676,"href":"https:\/\/dicodusport.fr\/blog\/wp-json\/wp\/v2\/posts\/619021\/revisions\/619676"}],"wp:featuredmedia":[{"embeddable":true,"href":"https:\/\/dicodusport.fr\/blog\/wp-json\/wp\/v2\/media\/619044"}],"wp:attachment":[{"href":"https:\/\/dicodusport.fr\/blog\/wp-json\/wp\/v2\/media?parent=619021"}],"wp:term":[{"taxonomy":"category","embeddable":true,"href":"https:\/\/dicodusport.fr\/blog\/wp-json\/wp\/v2\/categories?post=619021"},{"taxonomy":"post_tag","embeddable":true,"href":"https:\/\/dicodusport.fr\/blog\/wp-json\/wp\/v2\/tags?post=619021"}],"curies":[{"name":"wp","href":"https:\/\/api.w.org\/{rel}","templated":true}]}}