{"id":619066,"date":"2025-10-15T19:01:37","date_gmt":"2025-10-15T17:01:37","guid":{"rendered":"https:\/\/dicodusport.fr\/blog\/?p=619066&#038;preview=true&#038;preview_id=619066"},"modified":"2025-10-15T19:01:37","modified_gmt":"2025-10-15T17:01:37","slug":"ski-alpin-mathieu-faivre-annonce-sa-retraite","status":"publish","type":"post","link":"https:\/\/dicodusport.fr\/blog\/ski-alpin-mathieu-faivre-annonce-sa-retraite\/","title":{"rendered":"Ski alpin : Mathieu Faivre annonce sa retraite"},"content":{"rendered":"<p style=\"text-align: justify;\"><strong><em>SKI ALPIN &#8211; \u00c0 33 ans, Mathieu Faivre a d\u00e9cid\u00e9 de prendre sa retraite. M\u00e9daille de bronze en g\u00e9ant aux JO de P\u00e9kin en 2022, double champion du monde, le skieur d&rsquo;Isola 2000 met fin \u00e0 15 ann\u00e9es dans le sport professionnel.<\/em><\/strong><\/p>\n<p style=\"text-align: justify;\">\u00ab <em>Je ne prends pas souvent la parole mais aujourd\u2019hui j\u2019ai pris la d\u00e9cision d\u2019arr\u00eater ma carri\u00e8re de skieur <\/em>\u00bb. Dans une vid\u00e9o post\u00e9e sur son compte Instagram, <strong>Mathieu Faivre<\/strong> a annonc\u00e9 sa retraite. En retrait de l&rsquo;\u00c9quipe de France depuis le printemps dernier, et pour la saison 2025-2026, le skieur d&rsquo;Isola 2000 se retire donc, \u00e0 quelques mois des Jeux olympiques de Milan-Cortina 2026.<\/p>\n<blockquote class=\"instagram-media\" style=\"background: #FFF; border: 0; border-radius: 3px; box-shadow: 0 0 1px 0 rgba(0,0,0,0.5),0 1px 10px 0 rgba(0,0,0,0.15); margin: 1px; max-width: 540px; min-width: 326px; padding: 0; width: calc(100% - 2px);\" data-instgrm-captioned=\"\" data-instgrm-permalink=\"https:\/\/www.instagram.com\/reel\/DP1fXxPjIuB\/?utm_source=ig_embed&amp;utm_campaign=loading\" data-instgrm-version=\"14\">\n<div style=\"padding: 16px;\">\n<p>&nbsp;<\/p>\n<div style=\"display: flex; flex-direction: row; align-items: center;\">\n<div style=\"background-color: #f4f4f4; border-radius: 50%; flex-grow: 0; height: 40px; margin-right: 14px; width: 40px;\"><\/div>\n<div style=\"display: flex; flex-direction: column; flex-grow: 1; justify-content: center;\">\n<div style=\"background-color: #f4f4f4; border-radius: 4px; flex-grow: 0; height: 14px; margin-bottom: 6px; width: 100px;\"><\/div>\n<div style=\"background-color: #f4f4f4; border-radius: 4px; flex-grow: 0; height: 14px; width: 60px;\"><\/div>\n<\/div>\n<\/div>\n<div style=\"padding: 19% 0;\"><\/div>\n<div style=\"display: block; height: 50px; margin: 0 auto 12px; width: 50px;\"><\/div>\n<div style=\"padding-top: 8px;\">\n<div style=\"color: #3897f0; font-family: Arial,sans-serif; font-size: 14px; font-style: normal; font-weight: 550; line-height: 18px;\">Voir cette publication sur Instagram<\/div>\n<\/div>\n<div style=\"padding: 12.5% 0;\"><\/div>\n<div style=\"display: flex; flex-direction: row; margin-bottom: 14px; align-items: center;\">\n<div>\n<div style=\"background-color: #f4f4f4; border-radius: 50%; height: 12.5px; width: 12.5px; transform: translateX(0px) translateY(7px);\"><\/div>\n<div style=\"background-color: #f4f4f4; height: 12.5px; transform: rotate(-45deg) translateX(3px) translateY(1px); width: 12.5px; flex-grow: 0; margin-right: 14px; margin-left: 2px;\"><\/div>\n<div style=\"background-color: #f4f4f4; border-radius: 50%; height: 12.5px; width: 12.5px; transform: translateX(9px) translateY(-18px);\"><\/div>\n<\/div>\n<div style=\"margin-left: 8px;\">\n<div style=\"background-color: #f4f4f4; border-radius: 50%; flex-grow: 0; height: 20px; width: 20px;\"><\/div>\n<div style=\"width: 0; height: 0; border-top: 2px solid transparent; border-left: 6px solid #f4f4f4; border-bottom: 2px solid transparent; transform: translateX(16px) translateY(-4px) rotate(30deg);\"><\/div>\n<\/div>\n<div style=\"margin-left: auto;\">\n<div style=\"width: 0px; border-top: 8px solid #F4F4F4; border-right: 8px solid transparent; transform: translateY(16px);\"><\/div>\n<div style=\"background-color: #f4f4f4; flex-grow: 0; height: 12px; width: 16px; transform: translateY(-4px);\"><\/div>\n<div style=\"width: 0; height: 0; border-top: 8px solid #F4F4F4; border-left: 8px solid transparent; transform: translateY(-4px) translateX(8px);\"><\/div>\n<\/div>\n<\/div>\n<div style=\"display: flex; flex-direction: column; flex-grow: 1; justify-content: center; margin-bottom: 24px;\">\n<div style=\"background-color: #f4f4f4; border-radius: 4px; flex-grow: 0; height: 14px; margin-bottom: 6px; width: 224px;\"><\/div>\n<div style=\"background-color: #f4f4f4; border-radius: 4px; flex-grow: 0; height: 14px; width: 144px;\"><\/div>\n<\/div>\n<p>&nbsp;<\/p>\n<p style=\"color: #c9c8cd; font-family: Arial,sans-serif; font-size: 14px; line-height: 17px; margin-bottom: 0; margin-top: 8px; overflow: hidden; padding: 8px 0 7px; text-align: center; text-overflow: ellipsis; white-space: nowrap;\"><a style=\"color: #c9c8cd; font-family: Arial,sans-serif; font-size: 14px; font-style: normal; font-weight: normal; line-height: 17px; text-decoration: none;\" href=\"https:\/\/www.instagram.com\/reel\/DP1fXxPjIuB\/?utm_source=ig_embed&amp;utm_campaign=loading\" target=\"_blank\" rel=\"noopener\">Une publication partag\u00e9e par Mathieu Faivre (@mathfaivre)<\/a><\/p>\n<\/div>\n<\/blockquote>\n<p style=\"text-align: justify;\"><script async src=\"\/\/www.instagram.com\/embed.js\"><\/script><\/p>\n<h2 style=\"text-align: justify;\">Un changement d&rsquo;\u00e9quipementier puis une blessure qui a pr\u00e9cipit\u00e9 la fin de carri\u00e8re de Mathieu Faivre<\/h2>\n<p style=\"text-align: justify;\">Double m\u00e9daill\u00e9 d&rsquo;or lors des Mondiaux de Cortina en 2021 (<a href=\"https:\/\/dicodusport.fr\/blog\/cortina-d-ampezzo-mathieu-faivre-champion-du-monde-du-slalom-geant\/\">g\u00e9ant<\/a> et <a href=\"https:\/\/dicodusport.fr\/blog\/cortina-d-ampezzo-mathieu-faivre-champion-du-monde-en-slalom-parallele-worley-bronze\/\">parall\u00e8le<\/a>), <strong>Mathieu Faivre<\/strong> ne skiera donc plus sur la piste italienne. Il avait \u00e9galement remport\u00e9 <a href=\"https:\/\/dicodusport.fr\/blog\/jo-pekin-2022-ski-alpin-mathieu-faivre-en-bronze-sur-le-geant-marco-odermatt-titre\/\">le bronze olympique sur le g\u00e9ant<\/a>, en 2022, \u00e0 P\u00e9kin. Vainqueur \u00e0 deux reprises sur la Coupe du monde (Val d&rsquo;Is\u00e8re 2016 et Bansko 2021), il avait \u00e9galement termin\u00e9 \u00e0 la deuxi\u00e8me place du classement g\u00e9n\u00e9ral de la Coupe du monde de g\u00e9ant lors de la saison 2016-2017. \u00ab <em>La d\u00e9cision n\u2019a pas \u00e9t\u00e9 simple car ce fut une vie enti\u00e8re d\u00e9di\u00e9e \u00e0 ce sport et l\u2019accomplissement de mes r\u00eaves d\u2019enfant.<\/em> \u00bb<\/p>\n<p style=\"text-align: justify;\">Apr\u00e8s les JO de P\u00e9kin, <a href=\"https:\/\/dicodusport.fr\/blog\/mathieu-faivre-change-dequipementier\/\">il avait d\u00e9cid\u00e9 de changer d\u2019\u00e9quipementier<\/a>, passant de Head \u00e0 Salomon. Mais la greffe n\u2019a jamais pris avec la marque haut-savoyarde. Au printemps 2023, Faivre avait d\u00e9cid\u00e9 de quitter Salomon, pour revenir aupr\u00e8s de l&rsquo;\u00e9quipementier de ses succ\u00e8s. Mais il n&rsquo;a jamais r\u00e9ussi \u00e0 retrouver les sommets de la fin des ann\u00e9es 2010. <a href=\"https:\/\/dicodusport.fr\/blog\/ski-alpin-mathieu-faivre-blesse-serieusement-a-lentrainement\/\">Victime d&rsquo;une fracture de la clavicule en janvier 2025<\/a>, <strong>Mathieu Faivre<\/strong> n&rsquo;a jamais r\u00e9ussi \u00e0 se qualifier en seconde manche. Redescendu en Coupe d&rsquo;Europe pour tenter de retrouver le chemin de la victoire, rien n&rsquo;avait fait. Ses derni\u00e8res courses remontent au printemps dernier avec les championnats de France (6<sup>eme<\/sup> du g\u00e9ant \u00e0 M\u00e9ribel) et au Tournoi des Douanes en Italie (5<sup>eme<\/sup> en g\u00e9ant).<\/p>\n<h3>\u00c0 lire aussi<\/h3>\n<div class=\"vlp-link-container vlp-layout-article\"><a href=\"https:\/\/dicodusport.fr\/blog\/ski-alpin-les-equipes-de-france-pour-la-saison-2025-2026\/\" class=\"vlp-link\" title=\"Ski alpin : Les \u00e9quipes de France pour la saison 2025-2026\"><\/a><div class=\"vlp-layout-zone-side\"><div class=\"vlp-block-4 vlp-link-image\"><img loading=\"lazy\" decoding=\"async\" style=\"max-width: 792px;\" width=\"792\" height=\"445\" src=\"https:\/\/dicodusport.fr\/blog\/wp-content\/uploads\/2025\/05\/Ski-alpin-Les-equipes-de-France-pour-la-saison-2025-2026.png\" class=\"attachment-800x445 size-800x445\" alt=\"Ski alpin : Les \u00e9quipes de France pour la saison 2025-2026\" srcset=\"https:\/\/dicodusport.fr\/blog\/wp-content\/uploads\/2025\/05\/Ski-alpin-Les-equipes-de-France-pour-la-saison-2025-2026.png 1200w, https:\/\/dicodusport.fr\/blog\/wp-content\/uploads\/2025\/05\/Ski-alpin-Les-equipes-de-France-pour-la-saison-2025-2026-300x169.png 300w, https:\/\/dicodusport.fr\/blog\/wp-content\/uploads\/2025\/05\/Ski-alpin-Les-equipes-de-France-pour-la-saison-2025-2026-1024x575.png 1024w, https:\/\/dicodusport.fr\/blog\/wp-content\/uploads\/2025\/05\/Ski-alpin-Les-equipes-de-France-pour-la-saison-2025-2026-768x431.png 768w\" sizes=\"auto, (max-width: 792px) 100vw, 792px\" \/><\/div><\/div><div class=\"vlp-layout-zone-main\"><div class=\"vlp-block-0 vlp-link-title\">Ski alpin : Les \u00e9quipes de France pour la saison 2025-2026<\/div><div class=\"vlp-block-1 vlp-link-summary\">SAISON SKI ALPIN 2025\/2026 - Une semaine apr\u00e8s une premi\u00e8re salve, la FFS a poursuivi le d\u00e9voilement de ses diff\u00e9rentes \u00e9quipes de France en vue de la saison 2025\/2026, avec notamment le ski alpin en t\u00eate de gondole.<\/div><div class=\"vlp-block-2 vlp-link-button\">Lire l'article<\/div><div class=\"vlp-block-3 vlp-link-url\">dicodusport.fr<\/div><\/div><\/div>\n","protected":false},"excerpt":{"rendered":"<p>SKI ALPIN &#8211; \u00c0 33 ans, Mathieu Faivre a d\u00e9cid\u00e9 de prendre sa retraite. M\u00e9daille de bronze en g\u00e9ant aux JO de P\u00e9kin en 2022, double champion du monde, le skieur d&rsquo;Isola 2000 met fin \u00e0 15 ann\u00e9es dans le sport professionnel.<\/p>\n","protected":false},"author":88,"featured_media":619072,"comment_status":"open","ping_status":"closed","sticky":false,"template":"","format":"standard","meta":{"_acf_changed":false,"_daextam_enable_autolinks":"1","footnotes":""},"categories":[9217,2313],"tags":[16878,3889,2233],"class_list":["post-619066","post","type-post","status-publish","format-standard","has-post-thumbnail","hentry","category-ski","category-sports-dhiver","tag-breve","tag-mathieu-faivre","tag-ski-alpin"],"acf":[],"yoast_head":"<!-- This site is optimized with the Yoast SEO Premium plugin v26.7 (Yoast SEO v26.7) - https:\/\/yoast.com\/wordpress\/plugins\/seo\/ -->\n<title>Ski alpin : Mathieu Faivre annonce sa retraite<\/title>\n<meta name=\"description\" content=\"SKI ALPIN - M\u00e9daille de bronze en g\u00e9ant aux JO de P\u00e9kin en 2022, double champion du monde, Mathieu Faivre a d\u00e9cid\u00e9 de prendre sa retraite.\" \/>\n<meta name=\"robots\" content=\"index, follow, max-snippet:-1, max-image-preview:large, max-video-preview:-1\" \/>\n<link rel=\"canonical\" href=\"https:\/\/dicodusport.fr\/blog\/ski-alpin-mathieu-faivre-annonce-sa-retraite\/\" \/>\n<meta property=\"og:locale\" content=\"fr_FR\" \/>\n<meta property=\"og:type\" content=\"article\" \/>\n<meta property=\"og:title\" content=\"Ski alpin : Mathieu Faivre annonce sa retraite\" \/>\n<meta property=\"og:description\" content=\"SKI ALPIN - M\u00e9daille de bronze en g\u00e9ant aux JO de P\u00e9kin en 2022, double champion du monde, Mathieu Faivre a d\u00e9cid\u00e9 de prendre sa retraite.\" \/>\n<meta property=\"og:url\" content=\"https:\/\/dicodusport.fr\/blog\/ski-alpin-mathieu-faivre-annonce-sa-retraite\/\" \/>\n<meta property=\"og:site_name\" content=\"Dicodusport\" \/>\n<meta property=\"article:publisher\" content=\"https:\/\/www.facebook.com\/dicodusport\" \/>\n<meta property=\"article:published_time\" content=\"2025-10-15T17:01:37+00:00\" \/>\n<meta property=\"og:image\" content=\"https:\/\/dicodusport.fr\/blog\/wp-content\/uploads\/2025\/10\/Ski-alpin-Mathieu-Faivre-annonce-sa-retraite.png\" \/>\n\t<meta property=\"og:image:width\" content=\"1200\" \/>\n\t<meta property=\"og:image:height\" content=\"674\" \/>\n\t<meta property=\"og:image:type\" content=\"image\/png\" \/>\n<meta name=\"author\" content=\"Paul Lalevee\" \/>\n<meta name=\"twitter:card\" content=\"summary_large_image\" \/>\n<meta name=\"twitter:title\" content=\"Ski alpin : Mathieu Faivre annonce sa retraite\" \/>\n<meta name=\"twitter:creator\" content=\"@dicodusport\" \/>\n<meta name=\"twitter:site\" content=\"@dicodusport\" \/>\n<script type=\"application\/ld+json\" class=\"yoast-schema-graph\">{\"@context\":\"https:\/\/schema.org\",\"@graph\":[{\"@type\":\"NewsArticle\",\"@id\":\"https:\/\/dicodusport.fr\/blog\/ski-alpin-mathieu-faivre-annonce-sa-retraite\/#article\",\"isPartOf\":{\"@id\":\"https:\/\/dicodusport.fr\/blog\/ski-alpin-mathieu-faivre-annonce-sa-retraite\/\"},\"author\":{\"name\":\"Paul Lalevee\",\"@id\":\"https:\/\/dicodusport.fr\/blog\/#\/schema\/person\/1eaa63dfac40b5e5c47f03a71920c1cd\"},\"headline\":\"Ski alpin : Mathieu Faivre annonce sa retraite\",\"datePublished\":\"2025-10-15T17:01:37+00:00\",\"mainEntityOfPage\":{\"@id\":\"https:\/\/dicodusport.fr\/blog\/ski-alpin-mathieu-faivre-annonce-sa-retraite\/\"},\"wordCount\":477,\"commentCount\":0,\"publisher\":{\"@id\":\"https:\/\/dicodusport.fr\/blog\/#organization\"},\"image\":{\"@id\":\"https:\/\/dicodusport.fr\/blog\/ski-alpin-mathieu-faivre-annonce-sa-retraite\/#primaryimage\"},\"thumbnailUrl\":\"https:\/\/dicodusport.fr\/blog\/wp-content\/uploads\/2025\/10\/Ski-alpin-Mathieu-Faivre-annonce-sa-retraite.png\",\"keywords\":[\"br\u00e8ve\",\"Mathieu Faivre\",\"Ski alpin\"],\"articleSection\":[\"Ski\",\"Sports d'hiver\"],\"inLanguage\":\"fr-FR\",\"potentialAction\":[{\"@type\":\"CommentAction\",\"name\":\"Comment\",\"target\":[\"https:\/\/dicodusport.fr\/blog\/ski-alpin-mathieu-faivre-annonce-sa-retraite\/#respond\"]}],\"copyrightYear\":\"2025\",\"copyrightHolder\":{\"@id\":\"https:\/\/dicodusport.fr\/blog\/#organization\"}},{\"@type\":\"WebPage\",\"@id\":\"https:\/\/dicodusport.fr\/blog\/ski-alpin-mathieu-faivre-annonce-sa-retraite\/\",\"url\":\"https:\/\/dicodusport.fr\/blog\/ski-alpin-mathieu-faivre-annonce-sa-retraite\/\",\"name\":\"Ski alpin : Mathieu Faivre annonce sa retraite\",\"isPartOf\":{\"@id\":\"https:\/\/dicodusport.fr\/blog\/#website\"},\"primaryImageOfPage\":{\"@id\":\"https:\/\/dicodusport.fr\/blog\/ski-alpin-mathieu-faivre-annonce-sa-retraite\/#primaryimage\"},\"image\":{\"@id\":\"https:\/\/dicodusport.fr\/blog\/ski-alpin-mathieu-faivre-annonce-sa-retraite\/#primaryimage\"},\"thumbnailUrl\":\"https:\/\/dicodusport.fr\/blog\/wp-content\/uploads\/2025\/10\/Ski-alpin-Mathieu-Faivre-annonce-sa-retraite.png\",\"datePublished\":\"2025-10-15T17:01:37+00:00\",\"description\":\"SKI ALPIN - M\u00e9daille de bronze en g\u00e9ant aux JO de P\u00e9kin en 2022, double champion du monde, Mathieu Faivre a d\u00e9cid\u00e9 de prendre sa retraite.\",\"breadcrumb\":{\"@id\":\"https:\/\/dicodusport.fr\/blog\/ski-alpin-mathieu-faivre-annonce-sa-retraite\/#breadcrumb\"},\"inLanguage\":\"fr-FR\",\"potentialAction\":[{\"@type\":\"ReadAction\",\"target\":[\"https:\/\/dicodusport.fr\/blog\/ski-alpin-mathieu-faivre-annonce-sa-retraite\/\"]}]},{\"@type\":\"ImageObject\",\"inLanguage\":\"fr-FR\",\"@id\":\"https:\/\/dicodusport.fr\/blog\/ski-alpin-mathieu-faivre-annonce-sa-retraite\/#primaryimage\",\"url\":\"https:\/\/dicodusport.fr\/blog\/wp-content\/uploads\/2025\/10\/Ski-alpin-Mathieu-Faivre-annonce-sa-retraite.png\",\"contentUrl\":\"https:\/\/dicodusport.fr\/blog\/wp-content\/uploads\/2025\/10\/Ski-alpin-Mathieu-Faivre-annonce-sa-retraite.png\",\"width\":1200,\"height\":674,\"caption\":\"Ski alpin Mathieu Faivre annonce sa retraite\"},{\"@type\":\"BreadcrumbList\",\"@id\":\"https:\/\/dicodusport.fr\/blog\/ski-alpin-mathieu-faivre-annonce-sa-retraite\/#breadcrumb\",\"itemListElement\":[{\"@type\":\"ListItem\",\"position\":1,\"name\":\"Accueil\",\"item\":\"https:\/\/dicodusport.fr\/blog\/\"},{\"@type\":\"ListItem\",\"position\":2,\"name\":\"Ski alpin : Mathieu Faivre annonce sa retraite\"}]},{\"@type\":\"WebSite\",\"@id\":\"https:\/\/dicodusport.fr\/blog\/#website\",\"url\":\"https:\/\/dicodusport.fr\/blog\/\",\"name\":\"Dicodusport\",\"description\":\"L&#039;encyclop\u00e9die de l&#039;actualit\u00e9 sportive\",\"publisher\":{\"@id\":\"https:\/\/dicodusport.fr\/blog\/#organization\"},\"potentialAction\":[{\"@type\":\"SearchAction\",\"target\":{\"@type\":\"EntryPoint\",\"urlTemplate\":\"https:\/\/dicodusport.fr\/blog\/?s={search_term_string}\"},\"query-input\":{\"@type\":\"PropertyValueSpecification\",\"valueRequired\":true,\"valueName\":\"search_term_string\"}}],\"inLanguage\":\"fr-FR\"},{\"@type\":\"NewsMediaOrganization\",\"@id\":\"https:\/\/dicodusport.fr\/blog\/#organization\",\"name\":\"Dicodusport\",\"url\":\"https:\/\/dicodusport.fr\/blog\/\",\"logo\":{\"@type\":\"ImageObject\",\"inLanguage\":\"fr-FR\",\"@id\":\"https:\/\/dicodusport.fr\/blog\/#\/schema\/logo\/image\/\",\"url\":\"https:\/\/dicodusport.fr\/blog\/wp-content\/uploads\/2020\/06\/cropped-LOGO-DICODUSPORT-2020-SANS-FOND-SANS-TEXTE.png\",\"contentUrl\":\"https:\/\/dicodusport.fr\/blog\/wp-content\/uploads\/2020\/06\/cropped-LOGO-DICODUSPORT-2020-SANS-FOND-SANS-TEXTE.png\",\"width\":512,\"height\":512,\"caption\":\"Dicodusport\"},\"image\":{\"@id\":\"https:\/\/dicodusport.fr\/blog\/#\/schema\/logo\/image\/\"},\"sameAs\":[\"https:\/\/www.facebook.com\/dicodusport\",\"https:\/\/x.com\/dicodusport\",\"https:\/\/www.instagram.com\/dicodusport\/\",\"https:\/\/www.youtube.com\/channel\/UC7V2KZ5sd3htJivAbA4ZG3w\"],\"description\":\"Dicodusport est l'encyclop\u00e9die de l'actualit\u00e9 sportive.\",\"email\":\"bonjour@dicodusport.fr\",\"legalName\":\"DICODUSPORT\",\"foundingDate\":\"2018-01-14\",\"vatID\":\"FR71834470973\",\"taxID\":\"83447097300043\",\"numberOfEmployees\":{\"@type\":\"QuantitativeValue\",\"minValue\":\"1\",\"maxValue\":\"10\"}},{\"@type\":\"Person\",\"@id\":\"https:\/\/dicodusport.fr\/blog\/#\/schema\/person\/1eaa63dfac40b5e5c47f03a71920c1cd\",\"name\":\"Paul Lalevee\",\"image\":{\"@type\":\"ImageObject\",\"inLanguage\":\"fr-FR\",\"@id\":\"https:\/\/dicodusport.fr\/blog\/#\/schema\/person\/image\/\",\"url\":\"https:\/\/dicodusport.fr\/blog\/wp-content\/uploads\/2023\/10\/291154246_1690604071293245_3118259335115946499_n-150x150.jpg\",\"contentUrl\":\"https:\/\/dicodusport.fr\/blog\/wp-content\/uploads\/2023\/10\/291154246_1690604071293245_3118259335115946499_n-150x150.jpg\",\"caption\":\"Paul Lalevee\"},\"description\":\"La bulle Disney pendant le Covid, le Tour 2019, la Coupe du monde 2018. Ces trois \u00e9v\u00e9nements majeurs sont ancr\u00e9s dans ma t\u00eate de fan de sport, n\u00e9gativement ou positivement. Passionn\u00e9 de sport depuis l'enfance, j'ai d\u00e9cid\u00e9 de mettre ma passion de l'\u00e9criture au service de cette premi\u00e8re passion.\",\"url\":\"https:\/\/dicodusport.fr\/blog\/author\/paul-lalevee\/\"}]}<\/script>\n<!-- \/ Yoast SEO Premium plugin. -->","yoast_head_json":{"title":"Ski alpin : Mathieu Faivre annonce sa retraite","description":"SKI ALPIN - M\u00e9daille de bronze en g\u00e9ant aux JO de P\u00e9kin en 2022, double champion du monde, Mathieu Faivre a d\u00e9cid\u00e9 de prendre sa retraite.","robots":{"index":"index","follow":"follow","max-snippet":"max-snippet:-1","max-image-preview":"max-image-preview:large","max-video-preview":"max-video-preview:-1"},"canonical":"https:\/\/dicodusport.fr\/blog\/ski-alpin-mathieu-faivre-annonce-sa-retraite\/","og_locale":"fr_FR","og_type":"article","og_title":"Ski alpin : Mathieu Faivre annonce sa retraite","og_description":"SKI ALPIN - M\u00e9daille de bronze en g\u00e9ant aux JO de P\u00e9kin en 2022, double champion du monde, Mathieu Faivre a d\u00e9cid\u00e9 de prendre sa retraite.","og_url":"https:\/\/dicodusport.fr\/blog\/ski-alpin-mathieu-faivre-annonce-sa-retraite\/","og_site_name":"Dicodusport","article_publisher":"https:\/\/www.facebook.com\/dicodusport","article_published_time":"2025-10-15T17:01:37+00:00","og_image":[{"width":1200,"height":674,"url":"https:\/\/dicodusport.fr\/blog\/wp-content\/uploads\/2025\/10\/Ski-alpin-Mathieu-Faivre-annonce-sa-retraite.png","type":"image\/png"}],"author":"Paul Lalevee","twitter_card":"summary_large_image","twitter_title":"Ski alpin : Mathieu Faivre annonce sa retraite","twitter_creator":"@dicodusport","twitter_site":"@dicodusport","schema":{"@context":"https:\/\/schema.org","@graph":[{"@type":"NewsArticle","@id":"https:\/\/dicodusport.fr\/blog\/ski-alpin-mathieu-faivre-annonce-sa-retraite\/#article","isPartOf":{"@id":"https:\/\/dicodusport.fr\/blog\/ski-alpin-mathieu-faivre-annonce-sa-retraite\/"},"author":{"name":"Paul Lalevee","@id":"https:\/\/dicodusport.fr\/blog\/#\/schema\/person\/1eaa63dfac40b5e5c47f03a71920c1cd"},"headline":"Ski alpin : Mathieu Faivre annonce sa retraite","datePublished":"2025-10-15T17:01:37+00:00","mainEntityOfPage":{"@id":"https:\/\/dicodusport.fr\/blog\/ski-alpin-mathieu-faivre-annonce-sa-retraite\/"},"wordCount":477,"commentCount":0,"publisher":{"@id":"https:\/\/dicodusport.fr\/blog\/#organization"},"image":{"@id":"https:\/\/dicodusport.fr\/blog\/ski-alpin-mathieu-faivre-annonce-sa-retraite\/#primaryimage"},"thumbnailUrl":"https:\/\/dicodusport.fr\/blog\/wp-content\/uploads\/2025\/10\/Ski-alpin-Mathieu-Faivre-annonce-sa-retraite.png","keywords":["br\u00e8ve","Mathieu Faivre","Ski alpin"],"articleSection":["Ski","Sports d'hiver"],"inLanguage":"fr-FR","potentialAction":[{"@type":"CommentAction","name":"Comment","target":["https:\/\/dicodusport.fr\/blog\/ski-alpin-mathieu-faivre-annonce-sa-retraite\/#respond"]}],"copyrightYear":"2025","copyrightHolder":{"@id":"https:\/\/dicodusport.fr\/blog\/#organization"}},{"@type":"WebPage","@id":"https:\/\/dicodusport.fr\/blog\/ski-alpin-mathieu-faivre-annonce-sa-retraite\/","url":"https:\/\/dicodusport.fr\/blog\/ski-alpin-mathieu-faivre-annonce-sa-retraite\/","name":"Ski alpin : Mathieu Faivre annonce sa retraite","isPartOf":{"@id":"https:\/\/dicodusport.fr\/blog\/#website"},"primaryImageOfPage":{"@id":"https:\/\/dicodusport.fr\/blog\/ski-alpin-mathieu-faivre-annonce-sa-retraite\/#primaryimage"},"image":{"@id":"https:\/\/dicodusport.fr\/blog\/ski-alpin-mathieu-faivre-annonce-sa-retraite\/#primaryimage"},"thumbnailUrl":"https:\/\/dicodusport.fr\/blog\/wp-content\/uploads\/2025\/10\/Ski-alpin-Mathieu-Faivre-annonce-sa-retraite.png","datePublished":"2025-10-15T17:01:37+00:00","description":"SKI ALPIN - M\u00e9daille de bronze en g\u00e9ant aux JO de P\u00e9kin en 2022, double champion du monde, Mathieu Faivre a d\u00e9cid\u00e9 de prendre sa retraite.","breadcrumb":{"@id":"https:\/\/dicodusport.fr\/blog\/ski-alpin-mathieu-faivre-annonce-sa-retraite\/#breadcrumb"},"inLanguage":"fr-FR","potentialAction":[{"@type":"ReadAction","target":["https:\/\/dicodusport.fr\/blog\/ski-alpin-mathieu-faivre-annonce-sa-retraite\/"]}]},{"@type":"ImageObject","inLanguage":"fr-FR","@id":"https:\/\/dicodusport.fr\/blog\/ski-alpin-mathieu-faivre-annonce-sa-retraite\/#primaryimage","url":"https:\/\/dicodusport.fr\/blog\/wp-content\/uploads\/2025\/10\/Ski-alpin-Mathieu-Faivre-annonce-sa-retraite.png","contentUrl":"https:\/\/dicodusport.fr\/blog\/wp-content\/uploads\/2025\/10\/Ski-alpin-Mathieu-Faivre-annonce-sa-retraite.png","width":1200,"height":674,"caption":"Ski alpin Mathieu Faivre annonce sa retraite"},{"@type":"BreadcrumbList","@id":"https:\/\/dicodusport.fr\/blog\/ski-alpin-mathieu-faivre-annonce-sa-retraite\/#breadcrumb","itemListElement":[{"@type":"ListItem","position":1,"name":"Accueil","item":"https:\/\/dicodusport.fr\/blog\/"},{"@type":"ListItem","position":2,"name":"Ski alpin : Mathieu Faivre annonce sa retraite"}]},{"@type":"WebSite","@id":"https:\/\/dicodusport.fr\/blog\/#website","url":"https:\/\/dicodusport.fr\/blog\/","name":"Dicodusport","description":"L&#039;encyclop\u00e9die de l&#039;actualit\u00e9 sportive","publisher":{"@id":"https:\/\/dicodusport.fr\/blog\/#organization"},"potentialAction":[{"@type":"SearchAction","target":{"@type":"EntryPoint","urlTemplate":"https:\/\/dicodusport.fr\/blog\/?s={search_term_string}"},"query-input":{"@type":"PropertyValueSpecification","valueRequired":true,"valueName":"search_term_string"}}],"inLanguage":"fr-FR"},{"@type":"NewsMediaOrganization","@id":"https:\/\/dicodusport.fr\/blog\/#organization","name":"Dicodusport","url":"https:\/\/dicodusport.fr\/blog\/","logo":{"@type":"ImageObject","inLanguage":"fr-FR","@id":"https:\/\/dicodusport.fr\/blog\/#\/schema\/logo\/image\/","url":"https:\/\/dicodusport.fr\/blog\/wp-content\/uploads\/2020\/06\/cropped-LOGO-DICODUSPORT-2020-SANS-FOND-SANS-TEXTE.png","contentUrl":"https:\/\/dicodusport.fr\/blog\/wp-content\/uploads\/2020\/06\/cropped-LOGO-DICODUSPORT-2020-SANS-FOND-SANS-TEXTE.png","width":512,"height":512,"caption":"Dicodusport"},"image":{"@id":"https:\/\/dicodusport.fr\/blog\/#\/schema\/logo\/image\/"},"sameAs":["https:\/\/www.facebook.com\/dicodusport","https:\/\/x.com\/dicodusport","https:\/\/www.instagram.com\/dicodusport\/","https:\/\/www.youtube.com\/channel\/UC7V2KZ5sd3htJivAbA4ZG3w"],"description":"Dicodusport est l'encyclop\u00e9die de l'actualit\u00e9 sportive.","email":"bonjour@dicodusport.fr","legalName":"DICODUSPORT","foundingDate":"2018-01-14","vatID":"FR71834470973","taxID":"83447097300043","numberOfEmployees":{"@type":"QuantitativeValue","minValue":"1","maxValue":"10"}},{"@type":"Person","@id":"https:\/\/dicodusport.fr\/blog\/#\/schema\/person\/1eaa63dfac40b5e5c47f03a71920c1cd","name":"Paul Lalevee","image":{"@type":"ImageObject","inLanguage":"fr-FR","@id":"https:\/\/dicodusport.fr\/blog\/#\/schema\/person\/image\/","url":"https:\/\/dicodusport.fr\/blog\/wp-content\/uploads\/2023\/10\/291154246_1690604071293245_3118259335115946499_n-150x150.jpg","contentUrl":"https:\/\/dicodusport.fr\/blog\/wp-content\/uploads\/2023\/10\/291154246_1690604071293245_3118259335115946499_n-150x150.jpg","caption":"Paul Lalevee"},"description":"La bulle Disney pendant le Covid, le Tour 2019, la Coupe du monde 2018. Ces trois \u00e9v\u00e9nements majeurs sont ancr\u00e9s dans ma t\u00eate de fan de sport, n\u00e9gativement ou positivement. Passionn\u00e9 de sport depuis l'enfance, j'ai d\u00e9cid\u00e9 de mettre ma passion de l'\u00e9criture au service de cette premi\u00e8re passion.","url":"https:\/\/dicodusport.fr\/blog\/author\/paul-lalevee\/"}]}},"_links":{"self":[{"href":"https:\/\/dicodusport.fr\/blog\/wp-json\/wp\/v2\/posts\/619066","targetHints":{"allow":["GET"]}}],"collection":[{"href":"https:\/\/dicodusport.fr\/blog\/wp-json\/wp\/v2\/posts"}],"about":[{"href":"https:\/\/dicodusport.fr\/blog\/wp-json\/wp\/v2\/types\/post"}],"author":[{"embeddable":true,"href":"https:\/\/dicodusport.fr\/blog\/wp-json\/wp\/v2\/users\/88"}],"replies":[{"embeddable":true,"href":"https:\/\/dicodusport.fr\/blog\/wp-json\/wp\/v2\/comments?post=619066"}],"version-history":[{"count":4,"href":"https:\/\/dicodusport.fr\/blog\/wp-json\/wp\/v2\/posts\/619066\/revisions"}],"predecessor-version":[{"id":619074,"href":"https:\/\/dicodusport.fr\/blog\/wp-json\/wp\/v2\/posts\/619066\/revisions\/619074"}],"wp:featuredmedia":[{"embeddable":true,"href":"https:\/\/dicodusport.fr\/blog\/wp-json\/wp\/v2\/media\/619072"}],"wp:attachment":[{"href":"https:\/\/dicodusport.fr\/blog\/wp-json\/wp\/v2\/media?parent=619066"}],"wp:term":[{"taxonomy":"category","embeddable":true,"href":"https:\/\/dicodusport.fr\/blog\/wp-json\/wp\/v2\/categories?post=619066"},{"taxonomy":"post_tag","embeddable":true,"href":"https:\/\/dicodusport.fr\/blog\/wp-json\/wp\/v2\/tags?post=619066"}],"curies":[{"name":"wp","href":"https:\/\/api.w.org\/{rel}","templated":true}]}}