{"id":619277,"date":"2025-10-16T14:36:39","date_gmt":"2025-10-16T12:36:39","guid":{"rendered":"https:\/\/dicodusport.fr\/blog\/?p=619277&#038;preview=true&#038;preview_id=619277"},"modified":"2025-10-16T14:36:39","modified_gmt":"2025-10-16T12:36:39","slug":"equipe-de-france-la-liste-des-bleues-pour-la-demi-finale-de-ligue-des-nations-contre-lallemagne","status":"publish","type":"post","link":"https:\/\/dicodusport.fr\/blog\/equipe-de-france-la-liste-des-bleues-pour-la-demi-finale-de-ligue-des-nations-contre-lallemagne\/","title":{"rendered":"\u00c9quipe de France : La liste des Bleues pour la demi-finale de Ligue des Nations contre l&rsquo;Allemagne"},"content":{"rendered":"<p style=\"text-align: justify;\"><em><strong>\u00c9QUIPE DE FRANCE F\u00c9MININE DE FOOTBALL \u2013 D\u00e9couvrez la liste des 26 joueuses retenues pour la double confrontation face \u00e0 l\u2019Allemagne, en demi-finale de la Ligue des Nations.<\/strong><\/em><\/p>\n<p style=\"text-align: justify;\"><strong>Laurent Bonad\u00e9i<\/strong> a d\u00e9voil\u00e9 la liste des 26 joueuses convoqu\u00e9es pour pr\u00e9parer la demi-finale de la <strong>Ligue des Nations<\/strong> face \u00e0 l\u2019<strong>Allemagne<\/strong>. Les matchs auront lieu les 24 et 28 octobre prochains \u00e0 21h10, avec la manche retour disput\u00e9e \u00e0 <strong>Caen<\/strong>. Les <strong>Bleues<\/strong> visent toujours un premier titre international, apr\u00e8s leur \u00e9chec en finale de la Ligue des Nations il y a deux ans.<\/p>\n<p style=\"text-align: justify;\">Le s\u00e9lectionneur a choisi un groupe exp\u00e9riment\u00e9, agr\u00e9ment\u00e9 de deux nouvelles venues. La premi\u00e8re, <strong>Kysha Sylla<\/strong> (21 ans), appartient \u00e0 l\u2019<strong>OL<\/strong>, mais\u00a0\u00e9volue actuellement aux <strong>Washington Spirit<\/strong> (\u00c9tats-Unis). La seconde, <strong>Wassa Sangar\u00e9<\/strong> (19 ans), \u00e9galement form\u00e9e \u00e0 Lyon, est pr\u00eat\u00e9e au club anglais de <strong>London City Lionesses<\/strong>. Laur\u00e9ate de l\u2019Euro U17 avec les Bleues, elle s\u2019impose progressivement \u00e0 l\u2019\u00e9tranger. <i>\u00ab Elle est titulaire avec London City et r\u00e9alise d\u2019excellentes performances \u00bb,<\/i> souligne le s\u00e9lectionneur.<\/p>\n<p style=\"text-align: justify;\"><strong>In\u00e8s Benyahia<\/strong>, <strong>Laurina Fazer<\/strong> et <strong>Naomie Feller<\/strong> font \u00e9galement leur retour en \u00e9quipe de France. Les Tricolores disposeront de moins d\u2019une semaine pour pr\u00e9parer au mieux cette double confrontation face \u00e0 une des nations phares du football europ\u00e9en.<\/p>\n<h2 style=\"text-align: justify;\">La liste des Bleues pour la demi-finale de Ligue des Nations contre l\u2019Allemagne<\/h2>\n<p style=\"text-align: justify;\"><b>Gardiennes :<\/b> Pauline Peyraud-Magnin, Constance Picaud, Myl\u00e8ne Chavas.<br \/>\n<b>D\u00e9fenseuses :<\/b> Selma Bacha, Lou Bogaert, Elisa De Almeida, Ma\u00eblle Lakrar, Griedge Mbock, Thiniba Samoura, Wassa Sangar\u00e9, Alice Sombath, Kysha Sylla.<br \/>\n<b>Milieux :<\/b> Sandy Baltimore, In\u00e8s Benyahia, Laurina Fazer, Grace Geyoro, Oriane Jean-Fran\u00e7ois, Sakina Karchaoui.<br \/>\n<b>Attaquantes :<\/b> Kessya Bussy, Delphine Cascarino, Kadidiatou Diani, Naomie Feller, Kelly Gago, Marie-Antoinette Katoto, Melvine Malard, Clara Mateo.<\/p>\n<blockquote class=\"twitter-tweet\">\n<p dir=\"ltr\" lang=\"fr\">\ud835\udc0b\ud835\udc1a \ud835\udc25\ud835\udc22\ud835\udc2c\ud835\udc2d\ud835\udc1e \ud835\udc1d\ud835\udc1e\ud835\udc2c \ud835\udc01\ud835\udc25\ud835\udc1e\ud835\udc2e\ud835\udc1e\ud835\udc2c \ud83d\udccb\ud83c\uddeb\ud83c\uddf7<\/p>\n<p>Les 2\ufe0f\u20e36\ufe0f\u20e3 joueuses s\u00e9lectionn\u00e9es par <a href=\"https:\/\/twitter.com\/LaurentBonadei?ref_src=twsrc%5Etfw\">@LaurentBonadei<\/a> pour les demi-finales de \ud835\udc73\ud835\udc8a\ud835\udc88\ud835\udc96\ud835\udc86 \ud835\udc85\ud835\udc86\ud835\udc94 \ud835\udc75\ud835\udc82\ud835\udc95\ud835\udc8a\ud835\udc90\ud835\udc8f\ud835\udc94 face \u00e0 l\u2019Allemagne \ud83c\udde9\ud83c\uddea<br \/>\nPremi\u00e8re convocation pour Kysha Sylla et Wassa Sangar\u00e9 \ud83c\udd95 <a href=\"https:\/\/t.co\/1lj2oYt1kx\">pic.twitter.com\/1lj2oYt1kx<\/a><\/p>\n<p>\u2014 Equipe de France F\u00e9minine (@equipedefranceF) <a href=\"https:\/\/twitter.com\/equipedefranceF\/status\/1978793530861518861?ref_src=twsrc%5Etfw\">October 16, 2025<\/a><\/p><\/blockquote>\n<p><script async src=\"https:\/\/platform.twitter.com\/widgets.js\" charset=\"utf-8\"><\/script><\/p>\n<p style=\"text-align: justify;\">\n","protected":false},"excerpt":{"rendered":"<p>D\u00e9couvrez la liste des 26 Bleues retenues pour la double confrontation face \u00e0 l&rsquo;Allemagne, en demi-finale de la Ligue des Nations.<\/p>\n","protected":false},"author":83,"featured_media":619282,"comment_status":"open","ping_status":"closed","sticky":false,"template":"","format":"standard","meta":{"_acf_changed":false,"_daextam_enable_autolinks":"1","footnotes":""},"categories":[2301],"tags":[16878,6653],"class_list":["post-619277","post","type-post","status-publish","format-standard","has-post-thumbnail","hentry","category-football","tag-breve","tag-equipe-de-france-feminine-de-football"],"acf":[],"yoast_head":"<!-- This site is optimized with the Yoast SEO Premium plugin v26.7 (Yoast SEO v26.7) - https:\/\/yoast.com\/wordpress\/plugins\/seo\/ -->\n<title>\u00c9quipe de France : La liste des Bleues pour la demi-finale de Ligue des Nations contre l&#039;Allemagne<\/title>\n<meta name=\"description\" content=\"D\u00e9couvrez la liste des 26 Bleues retenues pour la double confrontation face \u00e0 l&#039;Allemagne, en demi-finale de la Ligue des Nations.\" \/>\n<meta name=\"robots\" content=\"index, follow, max-snippet:-1, max-image-preview:large, max-video-preview:-1\" \/>\n<link rel=\"canonical\" href=\"https:\/\/dicodusport.fr\/blog\/equipe-de-france-la-liste-des-bleues-pour-la-demi-finale-de-ligue-des-nations-contre-lallemagne\/\" \/>\n<meta property=\"og:locale\" content=\"fr_FR\" \/>\n<meta property=\"og:type\" content=\"article\" \/>\n<meta property=\"og:title\" content=\"\u00c9quipe de France : La liste des Bleues pour la demi-finale de Ligue des Nations contre l&#039;Allemagne\" \/>\n<meta property=\"og:description\" content=\"D\u00e9couvrez la liste des 26 Bleues retenues pour la double confrontation face \u00e0 l&#039;Allemagne, en demi-finale de la Ligue des Nations.\" \/>\n<meta property=\"og:url\" content=\"https:\/\/dicodusport.fr\/blog\/equipe-de-france-la-liste-des-bleues-pour-la-demi-finale-de-ligue-des-nations-contre-lallemagne\/\" \/>\n<meta property=\"og:site_name\" content=\"Dicodusport\" \/>\n<meta property=\"article:publisher\" content=\"https:\/\/www.facebook.com\/dicodusport\" \/>\n<meta property=\"article:published_time\" content=\"2025-10-16T12:36:39+00:00\" \/>\n<meta property=\"og:image\" content=\"https:\/\/dicodusport.fr\/blog\/wp-content\/uploads\/2025\/10\/Equipe-de-France-La-liste-des-Bleues-pour-la-demi-finale-de-Ligue-des-Nations-contre-lAllemagne.png\" \/>\n\t<meta property=\"og:image:width\" content=\"1200\" \/>\n\t<meta property=\"og:image:height\" content=\"674\" \/>\n\t<meta property=\"og:image:type\" content=\"image\/png\" \/>\n<meta name=\"author\" content=\"Etienne Goursaud\" \/>\n<meta name=\"twitter:card\" content=\"summary_large_image\" \/>\n<meta name=\"twitter:title\" content=\"\u00c9quipe de France : La liste des Bleues pour la demi-finale de Ligue des Nations contre l&#039;Allemagne\" \/>\n<meta name=\"twitter:creator\" content=\"@dicodusport\" \/>\n<meta name=\"twitter:site\" content=\"@dicodusport\" \/>\n<script type=\"application\/ld+json\" class=\"yoast-schema-graph\">{\"@context\":\"https:\/\/schema.org\",\"@graph\":[{\"@type\":\"NewsArticle\",\"@id\":\"https:\/\/dicodusport.fr\/blog\/equipe-de-france-la-liste-des-bleues-pour-la-demi-finale-de-ligue-des-nations-contre-lallemagne\/#article\",\"isPartOf\":{\"@id\":\"https:\/\/dicodusport.fr\/blog\/equipe-de-france-la-liste-des-bleues-pour-la-demi-finale-de-ligue-des-nations-contre-lallemagne\/\"},\"author\":{\"name\":\"Etienne Goursaud\",\"@id\":\"https:\/\/dicodusport.fr\/blog\/#\/schema\/person\/d603dd7da31fb2b46c82b9835a77ec13\"},\"headline\":\"\u00c9quipe de France : La liste des Bleues pour la demi-finale de Ligue des Nations contre l&rsquo;Allemagne\",\"datePublished\":\"2025-10-16T12:36:39+00:00\",\"mainEntityOfPage\":{\"@id\":\"https:\/\/dicodusport.fr\/blog\/equipe-de-france-la-liste-des-bleues-pour-la-demi-finale-de-ligue-des-nations-contre-lallemagne\/\"},\"wordCount\":345,\"commentCount\":0,\"publisher\":{\"@id\":\"https:\/\/dicodusport.fr\/blog\/#organization\"},\"image\":{\"@id\":\"https:\/\/dicodusport.fr\/blog\/equipe-de-france-la-liste-des-bleues-pour-la-demi-finale-de-ligue-des-nations-contre-lallemagne\/#primaryimage\"},\"thumbnailUrl\":\"https:\/\/dicodusport.fr\/blog\/wp-content\/uploads\/2025\/10\/Equipe-de-France-La-liste-des-Bleues-pour-la-demi-finale-de-Ligue-des-Nations-contre-lAllemagne.png\",\"keywords\":[\"br\u00e8ve\",\"\u00c9quipe de France f\u00e9minine de football\"],\"articleSection\":[\"Football\"],\"inLanguage\":\"fr-FR\",\"potentialAction\":[{\"@type\":\"CommentAction\",\"name\":\"Comment\",\"target\":[\"https:\/\/dicodusport.fr\/blog\/equipe-de-france-la-liste-des-bleues-pour-la-demi-finale-de-ligue-des-nations-contre-lallemagne\/#respond\"]}],\"copyrightYear\":\"2025\",\"copyrightHolder\":{\"@id\":\"https:\/\/dicodusport.fr\/blog\/#organization\"}},{\"@type\":\"WebPage\",\"@id\":\"https:\/\/dicodusport.fr\/blog\/equipe-de-france-la-liste-des-bleues-pour-la-demi-finale-de-ligue-des-nations-contre-lallemagne\/\",\"url\":\"https:\/\/dicodusport.fr\/blog\/equipe-de-france-la-liste-des-bleues-pour-la-demi-finale-de-ligue-des-nations-contre-lallemagne\/\",\"name\":\"\u00c9quipe de France : La liste des Bleues pour la demi-finale de Ligue des Nations contre l'Allemagne\",\"isPartOf\":{\"@id\":\"https:\/\/dicodusport.fr\/blog\/#website\"},\"primaryImageOfPage\":{\"@id\":\"https:\/\/dicodusport.fr\/blog\/equipe-de-france-la-liste-des-bleues-pour-la-demi-finale-de-ligue-des-nations-contre-lallemagne\/#primaryimage\"},\"image\":{\"@id\":\"https:\/\/dicodusport.fr\/blog\/equipe-de-france-la-liste-des-bleues-pour-la-demi-finale-de-ligue-des-nations-contre-lallemagne\/#primaryimage\"},\"thumbnailUrl\":\"https:\/\/dicodusport.fr\/blog\/wp-content\/uploads\/2025\/10\/Equipe-de-France-La-liste-des-Bleues-pour-la-demi-finale-de-Ligue-des-Nations-contre-lAllemagne.png\",\"datePublished\":\"2025-10-16T12:36:39+00:00\",\"description\":\"D\u00e9couvrez la liste des 26 Bleues retenues pour la double confrontation face \u00e0 l'Allemagne, en demi-finale de la Ligue des Nations.\",\"breadcrumb\":{\"@id\":\"https:\/\/dicodusport.fr\/blog\/equipe-de-france-la-liste-des-bleues-pour-la-demi-finale-de-ligue-des-nations-contre-lallemagne\/#breadcrumb\"},\"inLanguage\":\"fr-FR\",\"potentialAction\":[{\"@type\":\"ReadAction\",\"target\":[\"https:\/\/dicodusport.fr\/blog\/equipe-de-france-la-liste-des-bleues-pour-la-demi-finale-de-ligue-des-nations-contre-lallemagne\/\"]}]},{\"@type\":\"ImageObject\",\"inLanguage\":\"fr-FR\",\"@id\":\"https:\/\/dicodusport.fr\/blog\/equipe-de-france-la-liste-des-bleues-pour-la-demi-finale-de-ligue-des-nations-contre-lallemagne\/#primaryimage\",\"url\":\"https:\/\/dicodusport.fr\/blog\/wp-content\/uploads\/2025\/10\/Equipe-de-France-La-liste-des-Bleues-pour-la-demi-finale-de-Ligue-des-Nations-contre-lAllemagne.png\",\"contentUrl\":\"https:\/\/dicodusport.fr\/blog\/wp-content\/uploads\/2025\/10\/Equipe-de-France-La-liste-des-Bleues-pour-la-demi-finale-de-Ligue-des-Nations-contre-lAllemagne.png\",\"width\":1200,\"height\":674,\"caption\":\"\u00c9quipe de France : La liste des Bleues pour la demi-finale de Ligue des Nations contre l'Allemagne\"},{\"@type\":\"BreadcrumbList\",\"@id\":\"https:\/\/dicodusport.fr\/blog\/equipe-de-france-la-liste-des-bleues-pour-la-demi-finale-de-ligue-des-nations-contre-lallemagne\/#breadcrumb\",\"itemListElement\":[{\"@type\":\"ListItem\",\"position\":1,\"name\":\"Accueil\",\"item\":\"https:\/\/dicodusport.fr\/blog\/\"},{\"@type\":\"ListItem\",\"position\":2,\"name\":\"\u00c9quipe de France : La liste des Bleues pour la demi-finale de Ligue des Nations contre l&rsquo;Allemagne\"}]},{\"@type\":\"WebSite\",\"@id\":\"https:\/\/dicodusport.fr\/blog\/#website\",\"url\":\"https:\/\/dicodusport.fr\/blog\/\",\"name\":\"Dicodusport\",\"description\":\"L&#039;encyclop\u00e9die de l&#039;actualit\u00e9 sportive\",\"publisher\":{\"@id\":\"https:\/\/dicodusport.fr\/blog\/#organization\"},\"potentialAction\":[{\"@type\":\"SearchAction\",\"target\":{\"@type\":\"EntryPoint\",\"urlTemplate\":\"https:\/\/dicodusport.fr\/blog\/?s={search_term_string}\"},\"query-input\":{\"@type\":\"PropertyValueSpecification\",\"valueRequired\":true,\"valueName\":\"search_term_string\"}}],\"inLanguage\":\"fr-FR\"},{\"@type\":\"NewsMediaOrganization\",\"@id\":\"https:\/\/dicodusport.fr\/blog\/#organization\",\"name\":\"Dicodusport\",\"url\":\"https:\/\/dicodusport.fr\/blog\/\",\"logo\":{\"@type\":\"ImageObject\",\"inLanguage\":\"fr-FR\",\"@id\":\"https:\/\/dicodusport.fr\/blog\/#\/schema\/logo\/image\/\",\"url\":\"https:\/\/dicodusport.fr\/blog\/wp-content\/uploads\/2020\/06\/cropped-LOGO-DICODUSPORT-2020-SANS-FOND-SANS-TEXTE.png\",\"contentUrl\":\"https:\/\/dicodusport.fr\/blog\/wp-content\/uploads\/2020\/06\/cropped-LOGO-DICODUSPORT-2020-SANS-FOND-SANS-TEXTE.png\",\"width\":512,\"height\":512,\"caption\":\"Dicodusport\"},\"image\":{\"@id\":\"https:\/\/dicodusport.fr\/blog\/#\/schema\/logo\/image\/\"},\"sameAs\":[\"https:\/\/www.facebook.com\/dicodusport\",\"https:\/\/x.com\/dicodusport\",\"https:\/\/www.instagram.com\/dicodusport\/\",\"https:\/\/www.youtube.com\/channel\/UC7V2KZ5sd3htJivAbA4ZG3w\"],\"description\":\"Dicodusport est l'encyclop\u00e9die de l'actualit\u00e9 sportive.\",\"email\":\"bonjour@dicodusport.fr\",\"legalName\":\"DICODUSPORT\",\"foundingDate\":\"2018-01-14\",\"vatID\":\"FR71834470973\",\"taxID\":\"83447097300043\",\"numberOfEmployees\":{\"@type\":\"QuantitativeValue\",\"minValue\":\"1\",\"maxValue\":\"10\"}},{\"@type\":\"Person\",\"@id\":\"https:\/\/dicodusport.fr\/blog\/#\/schema\/person\/d603dd7da31fb2b46c82b9835a77ec13\",\"name\":\"Etienne Goursaud\",\"image\":{\"@type\":\"ImageObject\",\"inLanguage\":\"fr-FR\",\"@id\":\"https:\/\/dicodusport.fr\/blog\/#\/schema\/person\/image\/\",\"url\":\"https:\/\/dicodusport.fr\/blog\/wp-content\/uploads\/2023\/12\/410122264_10231602061736049_5565839791558026645_n-150x150.jpg\",\"contentUrl\":\"https:\/\/dicodusport.fr\/blog\/wp-content\/uploads\/2023\/12\/410122264_10231602061736049_5565839791558026645_n-150x150.jpg\",\"caption\":\"Etienne Goursaud\"},\"description\":\"Journaliste et amoureux de sport. Ancien footballeur reconverti athl\u00e8te quand ses muscles le laissent tranquille. \u00c9lev\u00e9 \u00e0 la sauce des exploits de Thomas Voeckler en 2004, du dernier essai de l\u00e9gende de Eunice Barber \u00e0 la longueur lors des championnats du monde d'athl\u00e9tisme de 2003 mais aussi Zidane, Omeyer et Titou Lamaison.\",\"url\":\"https:\/\/dicodusport.fr\/blog\/author\/etienne-goursaud\/\"}]}<\/script>\n<!-- \/ Yoast SEO Premium plugin. -->","yoast_head_json":{"title":"\u00c9quipe de France : La liste des Bleues pour la demi-finale de Ligue des Nations contre l'Allemagne","description":"D\u00e9couvrez la liste des 26 Bleues retenues pour la double confrontation face \u00e0 l'Allemagne, en demi-finale de la Ligue des Nations.","robots":{"index":"index","follow":"follow","max-snippet":"max-snippet:-1","max-image-preview":"max-image-preview:large","max-video-preview":"max-video-preview:-1"},"canonical":"https:\/\/dicodusport.fr\/blog\/equipe-de-france-la-liste-des-bleues-pour-la-demi-finale-de-ligue-des-nations-contre-lallemagne\/","og_locale":"fr_FR","og_type":"article","og_title":"\u00c9quipe de France : La liste des Bleues pour la demi-finale de Ligue des Nations contre l'Allemagne","og_description":"D\u00e9couvrez la liste des 26 Bleues retenues pour la double confrontation face \u00e0 l'Allemagne, en demi-finale de la Ligue des Nations.","og_url":"https:\/\/dicodusport.fr\/blog\/equipe-de-france-la-liste-des-bleues-pour-la-demi-finale-de-ligue-des-nations-contre-lallemagne\/","og_site_name":"Dicodusport","article_publisher":"https:\/\/www.facebook.com\/dicodusport","article_published_time":"2025-10-16T12:36:39+00:00","og_image":[{"width":1200,"height":674,"url":"https:\/\/dicodusport.fr\/blog\/wp-content\/uploads\/2025\/10\/Equipe-de-France-La-liste-des-Bleues-pour-la-demi-finale-de-Ligue-des-Nations-contre-lAllemagne.png","type":"image\/png"}],"author":"Etienne Goursaud","twitter_card":"summary_large_image","twitter_title":"\u00c9quipe de France : La liste des Bleues pour la demi-finale de Ligue des Nations contre l'Allemagne","twitter_creator":"@dicodusport","twitter_site":"@dicodusport","schema":{"@context":"https:\/\/schema.org","@graph":[{"@type":"NewsArticle","@id":"https:\/\/dicodusport.fr\/blog\/equipe-de-france-la-liste-des-bleues-pour-la-demi-finale-de-ligue-des-nations-contre-lallemagne\/#article","isPartOf":{"@id":"https:\/\/dicodusport.fr\/blog\/equipe-de-france-la-liste-des-bleues-pour-la-demi-finale-de-ligue-des-nations-contre-lallemagne\/"},"author":{"name":"Etienne Goursaud","@id":"https:\/\/dicodusport.fr\/blog\/#\/schema\/person\/d603dd7da31fb2b46c82b9835a77ec13"},"headline":"\u00c9quipe de France : La liste des Bleues pour la demi-finale de Ligue des Nations contre l&rsquo;Allemagne","datePublished":"2025-10-16T12:36:39+00:00","mainEntityOfPage":{"@id":"https:\/\/dicodusport.fr\/blog\/equipe-de-france-la-liste-des-bleues-pour-la-demi-finale-de-ligue-des-nations-contre-lallemagne\/"},"wordCount":345,"commentCount":0,"publisher":{"@id":"https:\/\/dicodusport.fr\/blog\/#organization"},"image":{"@id":"https:\/\/dicodusport.fr\/blog\/equipe-de-france-la-liste-des-bleues-pour-la-demi-finale-de-ligue-des-nations-contre-lallemagne\/#primaryimage"},"thumbnailUrl":"https:\/\/dicodusport.fr\/blog\/wp-content\/uploads\/2025\/10\/Equipe-de-France-La-liste-des-Bleues-pour-la-demi-finale-de-Ligue-des-Nations-contre-lAllemagne.png","keywords":["br\u00e8ve","\u00c9quipe de France f\u00e9minine de football"],"articleSection":["Football"],"inLanguage":"fr-FR","potentialAction":[{"@type":"CommentAction","name":"Comment","target":["https:\/\/dicodusport.fr\/blog\/equipe-de-france-la-liste-des-bleues-pour-la-demi-finale-de-ligue-des-nations-contre-lallemagne\/#respond"]}],"copyrightYear":"2025","copyrightHolder":{"@id":"https:\/\/dicodusport.fr\/blog\/#organization"}},{"@type":"WebPage","@id":"https:\/\/dicodusport.fr\/blog\/equipe-de-france-la-liste-des-bleues-pour-la-demi-finale-de-ligue-des-nations-contre-lallemagne\/","url":"https:\/\/dicodusport.fr\/blog\/equipe-de-france-la-liste-des-bleues-pour-la-demi-finale-de-ligue-des-nations-contre-lallemagne\/","name":"\u00c9quipe de France : La liste des Bleues pour la demi-finale de Ligue des Nations contre l'Allemagne","isPartOf":{"@id":"https:\/\/dicodusport.fr\/blog\/#website"},"primaryImageOfPage":{"@id":"https:\/\/dicodusport.fr\/blog\/equipe-de-france-la-liste-des-bleues-pour-la-demi-finale-de-ligue-des-nations-contre-lallemagne\/#primaryimage"},"image":{"@id":"https:\/\/dicodusport.fr\/blog\/equipe-de-france-la-liste-des-bleues-pour-la-demi-finale-de-ligue-des-nations-contre-lallemagne\/#primaryimage"},"thumbnailUrl":"https:\/\/dicodusport.fr\/blog\/wp-content\/uploads\/2025\/10\/Equipe-de-France-La-liste-des-Bleues-pour-la-demi-finale-de-Ligue-des-Nations-contre-lAllemagne.png","datePublished":"2025-10-16T12:36:39+00:00","description":"D\u00e9couvrez la liste des 26 Bleues retenues pour la double confrontation face \u00e0 l'Allemagne, en demi-finale de la Ligue des Nations.","breadcrumb":{"@id":"https:\/\/dicodusport.fr\/blog\/equipe-de-france-la-liste-des-bleues-pour-la-demi-finale-de-ligue-des-nations-contre-lallemagne\/#breadcrumb"},"inLanguage":"fr-FR","potentialAction":[{"@type":"ReadAction","target":["https:\/\/dicodusport.fr\/blog\/equipe-de-france-la-liste-des-bleues-pour-la-demi-finale-de-ligue-des-nations-contre-lallemagne\/"]}]},{"@type":"ImageObject","inLanguage":"fr-FR","@id":"https:\/\/dicodusport.fr\/blog\/equipe-de-france-la-liste-des-bleues-pour-la-demi-finale-de-ligue-des-nations-contre-lallemagne\/#primaryimage","url":"https:\/\/dicodusport.fr\/blog\/wp-content\/uploads\/2025\/10\/Equipe-de-France-La-liste-des-Bleues-pour-la-demi-finale-de-Ligue-des-Nations-contre-lAllemagne.png","contentUrl":"https:\/\/dicodusport.fr\/blog\/wp-content\/uploads\/2025\/10\/Equipe-de-France-La-liste-des-Bleues-pour-la-demi-finale-de-Ligue-des-Nations-contre-lAllemagne.png","width":1200,"height":674,"caption":"\u00c9quipe de France : La liste des Bleues pour la demi-finale de Ligue des Nations contre l'Allemagne"},{"@type":"BreadcrumbList","@id":"https:\/\/dicodusport.fr\/blog\/equipe-de-france-la-liste-des-bleues-pour-la-demi-finale-de-ligue-des-nations-contre-lallemagne\/#breadcrumb","itemListElement":[{"@type":"ListItem","position":1,"name":"Accueil","item":"https:\/\/dicodusport.fr\/blog\/"},{"@type":"ListItem","position":2,"name":"\u00c9quipe de France : La liste des Bleues pour la demi-finale de Ligue des Nations contre l&rsquo;Allemagne"}]},{"@type":"WebSite","@id":"https:\/\/dicodusport.fr\/blog\/#website","url":"https:\/\/dicodusport.fr\/blog\/","name":"Dicodusport","description":"L&#039;encyclop\u00e9die de l&#039;actualit\u00e9 sportive","publisher":{"@id":"https:\/\/dicodusport.fr\/blog\/#organization"},"potentialAction":[{"@type":"SearchAction","target":{"@type":"EntryPoint","urlTemplate":"https:\/\/dicodusport.fr\/blog\/?s={search_term_string}"},"query-input":{"@type":"PropertyValueSpecification","valueRequired":true,"valueName":"search_term_string"}}],"inLanguage":"fr-FR"},{"@type":"NewsMediaOrganization","@id":"https:\/\/dicodusport.fr\/blog\/#organization","name":"Dicodusport","url":"https:\/\/dicodusport.fr\/blog\/","logo":{"@type":"ImageObject","inLanguage":"fr-FR","@id":"https:\/\/dicodusport.fr\/blog\/#\/schema\/logo\/image\/","url":"https:\/\/dicodusport.fr\/blog\/wp-content\/uploads\/2020\/06\/cropped-LOGO-DICODUSPORT-2020-SANS-FOND-SANS-TEXTE.png","contentUrl":"https:\/\/dicodusport.fr\/blog\/wp-content\/uploads\/2020\/06\/cropped-LOGO-DICODUSPORT-2020-SANS-FOND-SANS-TEXTE.png","width":512,"height":512,"caption":"Dicodusport"},"image":{"@id":"https:\/\/dicodusport.fr\/blog\/#\/schema\/logo\/image\/"},"sameAs":["https:\/\/www.facebook.com\/dicodusport","https:\/\/x.com\/dicodusport","https:\/\/www.instagram.com\/dicodusport\/","https:\/\/www.youtube.com\/channel\/UC7V2KZ5sd3htJivAbA4ZG3w"],"description":"Dicodusport est l'encyclop\u00e9die de l'actualit\u00e9 sportive.","email":"bonjour@dicodusport.fr","legalName":"DICODUSPORT","foundingDate":"2018-01-14","vatID":"FR71834470973","taxID":"83447097300043","numberOfEmployees":{"@type":"QuantitativeValue","minValue":"1","maxValue":"10"}},{"@type":"Person","@id":"https:\/\/dicodusport.fr\/blog\/#\/schema\/person\/d603dd7da31fb2b46c82b9835a77ec13","name":"Etienne Goursaud","image":{"@type":"ImageObject","inLanguage":"fr-FR","@id":"https:\/\/dicodusport.fr\/blog\/#\/schema\/person\/image\/","url":"https:\/\/dicodusport.fr\/blog\/wp-content\/uploads\/2023\/12\/410122264_10231602061736049_5565839791558026645_n-150x150.jpg","contentUrl":"https:\/\/dicodusport.fr\/blog\/wp-content\/uploads\/2023\/12\/410122264_10231602061736049_5565839791558026645_n-150x150.jpg","caption":"Etienne Goursaud"},"description":"Journaliste et amoureux de sport. Ancien footballeur reconverti athl\u00e8te quand ses muscles le laissent tranquille. \u00c9lev\u00e9 \u00e0 la sauce des exploits de Thomas Voeckler en 2004, du dernier essai de l\u00e9gende de Eunice Barber \u00e0 la longueur lors des championnats du monde d'athl\u00e9tisme de 2003 mais aussi Zidane, Omeyer et Titou Lamaison.","url":"https:\/\/dicodusport.fr\/blog\/author\/etienne-goursaud\/"}]}},"_links":{"self":[{"href":"https:\/\/dicodusport.fr\/blog\/wp-json\/wp\/v2\/posts\/619277","targetHints":{"allow":["GET"]}}],"collection":[{"href":"https:\/\/dicodusport.fr\/blog\/wp-json\/wp\/v2\/posts"}],"about":[{"href":"https:\/\/dicodusport.fr\/blog\/wp-json\/wp\/v2\/types\/post"}],"author":[{"embeddable":true,"href":"https:\/\/dicodusport.fr\/blog\/wp-json\/wp\/v2\/users\/83"}],"replies":[{"embeddable":true,"href":"https:\/\/dicodusport.fr\/blog\/wp-json\/wp\/v2\/comments?post=619277"}],"version-history":[{"count":2,"href":"https:\/\/dicodusport.fr\/blog\/wp-json\/wp\/v2\/posts\/619277\/revisions"}],"predecessor-version":[{"id":619284,"href":"https:\/\/dicodusport.fr\/blog\/wp-json\/wp\/v2\/posts\/619277\/revisions\/619284"}],"wp:featuredmedia":[{"embeddable":true,"href":"https:\/\/dicodusport.fr\/blog\/wp-json\/wp\/v2\/media\/619282"}],"wp:attachment":[{"href":"https:\/\/dicodusport.fr\/blog\/wp-json\/wp\/v2\/media?parent=619277"}],"wp:term":[{"taxonomy":"category","embeddable":true,"href":"https:\/\/dicodusport.fr\/blog\/wp-json\/wp\/v2\/categories?post=619277"},{"taxonomy":"post_tag","embeddable":true,"href":"https:\/\/dicodusport.fr\/blog\/wp-json\/wp\/v2\/tags?post=619277"}],"curies":[{"name":"wp","href":"https:\/\/api.w.org\/{rel}","templated":true}]}}