{"id":619381,"date":"2025-10-16T22:01:34","date_gmt":"2025-10-16T20:01:34","guid":{"rendered":"https:\/\/dicodusport.fr\/blog\/?p=619381&#038;preview=true&#038;preview_id=619381"},"modified":"2025-10-17T10:48:47","modified_gmt":"2025-10-17T08:48:47","slug":"mondiaux-para-cyclisme-sur-piste-2025-lor-pour-alexandre-leaute-sur-le-scratch","status":"publish","type":"post","link":"https:\/\/dicodusport.fr\/blog\/mondiaux-para-cyclisme-sur-piste-2025-lor-pour-alexandre-leaute-sur-le-scratch\/","title":{"rendered":"Mondiaux Para cyclisme sur piste 2025 : L&rsquo;or pour Alexandre L\u00e9aut\u00e9 sur le scratch"},"content":{"rendered":"<p style=\"text-align: justify;\"><strong><em>PARA CYCLISME SUR PISTE CHAMPIONNATS DU MONDE 2025 &#8211; Premi\u00e8re course, premier titre pour Alexandre L\u00e9aut\u00e9. Le Breton s&rsquo;est impos\u00e9 sur le scratch MC2.<\/em><\/strong><\/p>\n<p style=\"text-align: justify;\">S&rsquo;il a d\u00e9laiss\u00e9 la piste pour se concentrer sur la route \u2014 notamment chez les valides \u2014, <strong>Alexandre L\u00e9aut\u00e9<\/strong> \u00e9tait bien du voyage au Br\u00e9sil pour d\u00e9fendre ses quatre titres acquis l&rsquo;an dernier. Pourtant, c&rsquo;est sur le scratch que le Fran\u00e7ais disputait sa premi\u00e8re course dans ces championnats du monde qui se tiennent d&rsquo;aujourd&rsquo;hui jeudi \u00e0 dimanche. Bien lui en a pris puisque le Fran\u00e7ais a d\u00e9croch\u00e9 une premi\u00e8re m\u00e9daille, d&rsquo;or qui plus est.<\/p>\n<h2 style=\"text-align: justify;\">L\u00e9aut\u00e9 \u00e0 l&rsquo;offensif !<\/h2>\n<p style=\"text-align: justify;\">Dans un format de course dynamique (10 km), le Fran\u00e7ais a attaqu\u00e9 d\u00e8s le quatri\u00e8me des quarante tours. Un coup d&rsquo;\u00e9p\u00e9e dans l&rsquo;eau pour tester la concurrence avant de repartir au front au dixi\u00e8me tour avec le N\u00e9erlandais et le Britannique. Les trois hommes, rejoints par le concurrent japonais et l&rsquo;Italien, ont pein\u00e9 \u00e0 s&rsquo;entendre, conduisant <strong>L\u00e9aut\u00e9<\/strong> \u00e0 repartir une troisi\u00e8me fois accompagn\u00e9 du Batave <strong>Hidde Buur<\/strong>. On pensait que les deux hommes allaient se disputer la victoire mais le Fran\u00e7ais s&rsquo;est isol\u00e9 devant dans les cinq derniers tours alors que derri\u00e8re ses adversaires jouaient battus. <strong>Buur<\/strong> termine deuxi\u00e8me devant le Britannique <strong>Matthew Robertson.<\/strong><\/p>\n<p style=\"text-align: justify;\">Quatre jours apr\u00e8s son vingt-cinqui\u00e8me anniversaire, <strong>Alexandre L\u00e9aut\u00e9<\/strong> d\u00e9croche donc son quatorzi\u00e8me titre mondial sur la piste. Il faut rajouter \u00e0 ce total pas moins de neuf titres mondiaux sur la route, trois titres paralympiques, quatre titres de champion d&rsquo;Europe ainsi que de nombreuses autres m\u00e9dailles.<\/p>\n<blockquote class=\"twitter-tweet\">\n<p dir=\"ltr\" lang=\"en\">Never in doubt! \ud83d\udca5<\/p>\n<p>A blistering attack with 5 laps to go in the Men C2 10km Scratch Race was enough for Alexandre L\u00e9aut\u00e9 to retain his UCI World Champion title. \ud83c\udf08<a href=\"https:\/\/twitter.com\/hashtag\/Rio2025?src=hash&amp;ref_src=twsrc%5Etfw\">#Rio2025<\/a> <a href=\"https:\/\/t.co\/vHb20WDKPD\">pic.twitter.com\/vHb20WDKPD<\/a><\/p>\n<p>\u2014 UCI Para-Cycling (@UCI_paracycling) <a href=\"https:\/\/twitter.com\/UCI_paracycling\/status\/1978913917653955056?ref_src=twsrc%5Etfw\">October 16, 2025<\/a><\/p><\/blockquote>\n<p><script async src=\"https:\/\/platform.twitter.com\/widgets.js\" charset=\"utf-8\"><\/script><\/p>\n<h2 style=\"text-align: justify;\">Les informations \u00e0 savoir \u00e0 propos des Championnats du monde de Rio de Janeiro :<\/h2>\n<p style=\"text-align: justify;\">La s\u00e9lection est compos\u00e9e de <strong>Dorian Foulon, Heidi Gaugain, Alexandre L\u00e9aut\u00e9, Gatien Le Rousseau et Mathis Tiphaigne<\/strong>. Les \u00e9preuves sont \u00e0 suivre jusqu&rsquo;\u00e0 dimanche, gratuitement sur la cha\u00eene Youtube <a href=\"https:\/\/www.youtube.com\/@ciclismocbc\">Ciclismo Brasileiro<\/a>.<\/p>\n","protected":false},"excerpt":{"rendered":"<p>Premi\u00e8re course, premier titre pour Alexandre L\u00e9aut\u00e9. Le Breton s&rsquo;est impos\u00e9 sur le scratch MC2.<\/p>\n","protected":false},"author":91,"featured_media":619523,"comment_status":"open","ping_status":"closed","sticky":false,"template":"","format":"standard","meta":{"_acf_changed":false,"_daextam_enable_autolinks":"1","footnotes":""},"categories":[14089,5753],"tags":[8779,16878,18947,24],"class_list":["post-619381","post","type-post","status-publish","format-standard","has-post-thumbnail","hentry","category-cyclisme-sur-piste","category-handisport","tag-alexandre-leaute","tag-breve","tag-para-cyclisme","tag-sport"],"acf":[],"yoast_head":"<!-- This site is optimized with the Yoast SEO Premium plugin v26.7 (Yoast SEO v26.7) - https:\/\/yoast.com\/wordpress\/plugins\/seo\/ -->\n<title>Mondiaux Para cyclisme sur piste 2025 : L&#039;or pour Alexandre L\u00e9aut\u00e9 sur le scratch<\/title>\n<meta name=\"description\" content=\"PARA CYCLISME SUR PISTE CHAMPIONNATS DU MONDE 2025 - Alexandre L\u00e9aut\u00e9 s&#039;est impos\u00e9 sur le scratch MC2, d\u00e8s sa premi\u00e8re course.\" \/>\n<meta name=\"robots\" content=\"index, follow, max-snippet:-1, max-image-preview:large, max-video-preview:-1\" \/>\n<link rel=\"canonical\" href=\"https:\/\/dicodusport.fr\/blog\/mondiaux-para-cyclisme-sur-piste-2025-lor-pour-alexandre-leaute-sur-le-scratch\/\" \/>\n<meta property=\"og:locale\" content=\"fr_FR\" \/>\n<meta property=\"og:type\" content=\"article\" \/>\n<meta property=\"og:title\" content=\"Mondiaux Para cyclisme sur piste 2025 : L&#039;or pour Alexandre L\u00e9aut\u00e9 sur le scratch\" \/>\n<meta property=\"og:description\" content=\"PARA CYCLISME SUR PISTE CHAMPIONNATS DU MONDE 2025 - Alexandre L\u00e9aut\u00e9 s&#039;est impos\u00e9 sur le scratch MC2, d\u00e8s sa premi\u00e8re course.\" \/>\n<meta property=\"og:url\" content=\"https:\/\/dicodusport.fr\/blog\/mondiaux-para-cyclisme-sur-piste-2025-lor-pour-alexandre-leaute-sur-le-scratch\/\" \/>\n<meta property=\"og:site_name\" content=\"Dicodusport\" \/>\n<meta property=\"article:publisher\" content=\"https:\/\/www.facebook.com\/dicodusport\" \/>\n<meta property=\"article:published_time\" content=\"2025-10-16T20:01:34+00:00\" \/>\n<meta property=\"article:modified_time\" content=\"2025-10-17T08:48:47+00:00\" \/>\n<meta property=\"og:image\" content=\"https:\/\/dicodusport.fr\/blog\/wp-content\/uploads\/2025\/10\/Mondiaux-Para-cyclisme-sur-piste-2025-Lor-pour-Alexandre-Leaute-sur-le-scratch-1.png\" \/>\n\t<meta property=\"og:image:width\" content=\"1200\" \/>\n\t<meta property=\"og:image:height\" content=\"674\" \/>\n\t<meta property=\"og:image:type\" content=\"image\/png\" \/>\n<meta name=\"author\" content=\"Victor Clot-Amiot\" \/>\n<meta name=\"twitter:card\" content=\"summary_large_image\" \/>\n<meta name=\"twitter:title\" content=\"Mondiaux Para cyclisme sur piste 2025 : L&#039;or pour Alexandre L\u00e9aut\u00e9 sur le scratch\" \/>\n<meta name=\"twitter:creator\" content=\"@https:\/\/x.com\/VictorClotAmiot\" \/>\n<meta name=\"twitter:site\" content=\"@dicodusport\" \/>\n<script type=\"application\/ld+json\" class=\"yoast-schema-graph\">{\"@context\":\"https:\/\/schema.org\",\"@graph\":[{\"@type\":\"NewsArticle\",\"@id\":\"https:\/\/dicodusport.fr\/blog\/mondiaux-para-cyclisme-sur-piste-2025-lor-pour-alexandre-leaute-sur-le-scratch\/#article\",\"isPartOf\":{\"@id\":\"https:\/\/dicodusport.fr\/blog\/mondiaux-para-cyclisme-sur-piste-2025-lor-pour-alexandre-leaute-sur-le-scratch\/\"},\"author\":{\"name\":\"Victor Clot-Amiot\",\"@id\":\"https:\/\/dicodusport.fr\/blog\/#\/schema\/person\/b623199cba9ba90fe84a3d16e9282360\"},\"headline\":\"Mondiaux Para cyclisme sur piste 2025 : L&rsquo;or pour Alexandre L\u00e9aut\u00e9 sur le scratch\",\"datePublished\":\"2025-10-16T20:01:34+00:00\",\"dateModified\":\"2025-10-17T08:48:47+00:00\",\"mainEntityOfPage\":{\"@id\":\"https:\/\/dicodusport.fr\/blog\/mondiaux-para-cyclisme-sur-piste-2025-lor-pour-alexandre-leaute-sur-le-scratch\/\"},\"wordCount\":387,\"commentCount\":0,\"publisher\":{\"@id\":\"https:\/\/dicodusport.fr\/blog\/#organization\"},\"image\":{\"@id\":\"https:\/\/dicodusport.fr\/blog\/mondiaux-para-cyclisme-sur-piste-2025-lor-pour-alexandre-leaute-sur-le-scratch\/#primaryimage\"},\"thumbnailUrl\":\"https:\/\/dicodusport.fr\/blog\/wp-content\/uploads\/2025\/10\/Mondiaux-Para-cyclisme-sur-piste-2025-Lor-pour-Alexandre-Leaute-sur-le-scratch-1.png\",\"keywords\":[\"Alexandre L\u00e9aut\u00e9\",\"br\u00e8ve\",\"Para cyclisme\",\"sport\"],\"articleSection\":[\"Cyclisme sur piste\",\"Handisport\"],\"inLanguage\":\"fr-FR\",\"potentialAction\":[{\"@type\":\"CommentAction\",\"name\":\"Comment\",\"target\":[\"https:\/\/dicodusport.fr\/blog\/mondiaux-para-cyclisme-sur-piste-2025-lor-pour-alexandre-leaute-sur-le-scratch\/#respond\"]}],\"copyrightYear\":\"2025\",\"copyrightHolder\":{\"@id\":\"https:\/\/dicodusport.fr\/blog\/#organization\"}},{\"@type\":\"WebPage\",\"@id\":\"https:\/\/dicodusport.fr\/blog\/mondiaux-para-cyclisme-sur-piste-2025-lor-pour-alexandre-leaute-sur-le-scratch\/\",\"url\":\"https:\/\/dicodusport.fr\/blog\/mondiaux-para-cyclisme-sur-piste-2025-lor-pour-alexandre-leaute-sur-le-scratch\/\",\"name\":\"Mondiaux Para cyclisme sur piste 2025 : L'or pour Alexandre L\u00e9aut\u00e9 sur le scratch\",\"isPartOf\":{\"@id\":\"https:\/\/dicodusport.fr\/blog\/#website\"},\"primaryImageOfPage\":{\"@id\":\"https:\/\/dicodusport.fr\/blog\/mondiaux-para-cyclisme-sur-piste-2025-lor-pour-alexandre-leaute-sur-le-scratch\/#primaryimage\"},\"image\":{\"@id\":\"https:\/\/dicodusport.fr\/blog\/mondiaux-para-cyclisme-sur-piste-2025-lor-pour-alexandre-leaute-sur-le-scratch\/#primaryimage\"},\"thumbnailUrl\":\"https:\/\/dicodusport.fr\/blog\/wp-content\/uploads\/2025\/10\/Mondiaux-Para-cyclisme-sur-piste-2025-Lor-pour-Alexandre-Leaute-sur-le-scratch-1.png\",\"datePublished\":\"2025-10-16T20:01:34+00:00\",\"dateModified\":\"2025-10-17T08:48:47+00:00\",\"description\":\"PARA CYCLISME SUR PISTE CHAMPIONNATS DU MONDE 2025 - Alexandre L\u00e9aut\u00e9 s'est impos\u00e9 sur le scratch MC2, d\u00e8s sa premi\u00e8re course.\",\"breadcrumb\":{\"@id\":\"https:\/\/dicodusport.fr\/blog\/mondiaux-para-cyclisme-sur-piste-2025-lor-pour-alexandre-leaute-sur-le-scratch\/#breadcrumb\"},\"inLanguage\":\"fr-FR\",\"potentialAction\":[{\"@type\":\"ReadAction\",\"target\":[\"https:\/\/dicodusport.fr\/blog\/mondiaux-para-cyclisme-sur-piste-2025-lor-pour-alexandre-leaute-sur-le-scratch\/\"]}]},{\"@type\":\"ImageObject\",\"inLanguage\":\"fr-FR\",\"@id\":\"https:\/\/dicodusport.fr\/blog\/mondiaux-para-cyclisme-sur-piste-2025-lor-pour-alexandre-leaute-sur-le-scratch\/#primaryimage\",\"url\":\"https:\/\/dicodusport.fr\/blog\/wp-content\/uploads\/2025\/10\/Mondiaux-Para-cyclisme-sur-piste-2025-Lor-pour-Alexandre-Leaute-sur-le-scratch-1.png\",\"contentUrl\":\"https:\/\/dicodusport.fr\/blog\/wp-content\/uploads\/2025\/10\/Mondiaux-Para-cyclisme-sur-piste-2025-Lor-pour-Alexandre-Leaute-sur-le-scratch-1.png\",\"width\":1200,\"height\":674,\"caption\":\"Mondiaux Para cyclisme sur piste 2025 L'or pour Alexandre L\u00e9aut\u00e9 sur le scratch\"},{\"@type\":\"BreadcrumbList\",\"@id\":\"https:\/\/dicodusport.fr\/blog\/mondiaux-para-cyclisme-sur-piste-2025-lor-pour-alexandre-leaute-sur-le-scratch\/#breadcrumb\",\"itemListElement\":[{\"@type\":\"ListItem\",\"position\":1,\"name\":\"Accueil\",\"item\":\"https:\/\/dicodusport.fr\/blog\/\"},{\"@type\":\"ListItem\",\"position\":2,\"name\":\"Mondiaux Para cyclisme sur piste 2025 : L&rsquo;or pour Alexandre L\u00e9aut\u00e9 sur le scratch\"}]},{\"@type\":\"WebSite\",\"@id\":\"https:\/\/dicodusport.fr\/blog\/#website\",\"url\":\"https:\/\/dicodusport.fr\/blog\/\",\"name\":\"Dicodusport\",\"description\":\"L&#039;encyclop\u00e9die de l&#039;actualit\u00e9 sportive\",\"publisher\":{\"@id\":\"https:\/\/dicodusport.fr\/blog\/#organization\"},\"potentialAction\":[{\"@type\":\"SearchAction\",\"target\":{\"@type\":\"EntryPoint\",\"urlTemplate\":\"https:\/\/dicodusport.fr\/blog\/?s={search_term_string}\"},\"query-input\":{\"@type\":\"PropertyValueSpecification\",\"valueRequired\":true,\"valueName\":\"search_term_string\"}}],\"inLanguage\":\"fr-FR\"},{\"@type\":\"NewsMediaOrganization\",\"@id\":\"https:\/\/dicodusport.fr\/blog\/#organization\",\"name\":\"Dicodusport\",\"url\":\"https:\/\/dicodusport.fr\/blog\/\",\"logo\":{\"@type\":\"ImageObject\",\"inLanguage\":\"fr-FR\",\"@id\":\"https:\/\/dicodusport.fr\/blog\/#\/schema\/logo\/image\/\",\"url\":\"https:\/\/dicodusport.fr\/blog\/wp-content\/uploads\/2020\/06\/cropped-LOGO-DICODUSPORT-2020-SANS-FOND-SANS-TEXTE.png\",\"contentUrl\":\"https:\/\/dicodusport.fr\/blog\/wp-content\/uploads\/2020\/06\/cropped-LOGO-DICODUSPORT-2020-SANS-FOND-SANS-TEXTE.png\",\"width\":512,\"height\":512,\"caption\":\"Dicodusport\"},\"image\":{\"@id\":\"https:\/\/dicodusport.fr\/blog\/#\/schema\/logo\/image\/\"},\"sameAs\":[\"https:\/\/www.facebook.com\/dicodusport\",\"https:\/\/x.com\/dicodusport\",\"https:\/\/www.instagram.com\/dicodusport\/\",\"https:\/\/www.youtube.com\/channel\/UC7V2KZ5sd3htJivAbA4ZG3w\"],\"description\":\"Dicodusport est l'encyclop\u00e9die de l'actualit\u00e9 sportive.\",\"email\":\"bonjour@dicodusport.fr\",\"legalName\":\"DICODUSPORT\",\"foundingDate\":\"2018-01-14\",\"vatID\":\"FR71834470973\",\"taxID\":\"83447097300043\",\"numberOfEmployees\":{\"@type\":\"QuantitativeValue\",\"minValue\":\"1\",\"maxValue\":\"10\"}},{\"@type\":\"Person\",\"@id\":\"https:\/\/dicodusport.fr\/blog\/#\/schema\/person\/b623199cba9ba90fe84a3d16e9282360\",\"name\":\"Victor Clot-Amiot\",\"image\":{\"@type\":\"ImageObject\",\"inLanguage\":\"fr-FR\",\"@id\":\"https:\/\/dicodusport.fr\/blog\/#\/schema\/person\/image\/\",\"url\":\"https:\/\/dicodusport.fr\/blog\/wp-content\/uploads\/2023\/09\/IMG_20190826_114722-150x150.jpg\",\"contentUrl\":\"https:\/\/dicodusport.fr\/blog\/wp-content\/uploads\/2023\/09\/IMG_20190826_114722-150x150.jpg\",\"caption\":\"Victor Clot-Amiot\"},\"description\":\"Passionn\u00e9 de sport depuis toujours, un jour \u00e0 l'adolescence mes parents m'ont dit : \\\"quitte \u00e0 passer ton temps \u00e0 regarder du sport, au moins va le voir en vrai\\\" ! Depuis, cette remarque ne m'a plus quitt\u00e9 et je passe une grande partie de mon temps libre \u00e0 assister \u00e0 des comp\u00e9titions de tous sports. Je m\u00eale d'ailleurs mes deux passions, le sport et les voyages afin de faire une pierre deux coups ! Outre l'US Open ou l'Euro 2021 par exemple, j'ai assist\u00e9 cet \u00e9t\u00e9 aux Mondiaux d'athl\u00e9tisme \u00e0 Budapest. Mon plus gros coup dur est et restera les JO 2020-2021 pour lesquels j'avais r\u00e9serv\u00e9 17 \u00e9preuves. La suite, vous la connaissez...\",\"sameAs\":[\"https:\/\/x.com\/https:\/\/x.com\/VictorClotAmiot\"],\"url\":\"https:\/\/dicodusport.fr\/blog\/author\/victor-clot-amiot\/\"}]}<\/script>\n<!-- \/ Yoast SEO Premium plugin. -->","yoast_head_json":{"title":"Mondiaux Para cyclisme sur piste 2025 : L'or pour Alexandre L\u00e9aut\u00e9 sur le scratch","description":"PARA CYCLISME SUR PISTE CHAMPIONNATS DU MONDE 2025 - Alexandre L\u00e9aut\u00e9 s'est impos\u00e9 sur le scratch MC2, d\u00e8s sa premi\u00e8re course.","robots":{"index":"index","follow":"follow","max-snippet":"max-snippet:-1","max-image-preview":"max-image-preview:large","max-video-preview":"max-video-preview:-1"},"canonical":"https:\/\/dicodusport.fr\/blog\/mondiaux-para-cyclisme-sur-piste-2025-lor-pour-alexandre-leaute-sur-le-scratch\/","og_locale":"fr_FR","og_type":"article","og_title":"Mondiaux Para cyclisme sur piste 2025 : L'or pour Alexandre L\u00e9aut\u00e9 sur le scratch","og_description":"PARA CYCLISME SUR PISTE CHAMPIONNATS DU MONDE 2025 - Alexandre L\u00e9aut\u00e9 s'est impos\u00e9 sur le scratch MC2, d\u00e8s sa premi\u00e8re course.","og_url":"https:\/\/dicodusport.fr\/blog\/mondiaux-para-cyclisme-sur-piste-2025-lor-pour-alexandre-leaute-sur-le-scratch\/","og_site_name":"Dicodusport","article_publisher":"https:\/\/www.facebook.com\/dicodusport","article_published_time":"2025-10-16T20:01:34+00:00","article_modified_time":"2025-10-17T08:48:47+00:00","og_image":[{"width":1200,"height":674,"url":"https:\/\/dicodusport.fr\/blog\/wp-content\/uploads\/2025\/10\/Mondiaux-Para-cyclisme-sur-piste-2025-Lor-pour-Alexandre-Leaute-sur-le-scratch-1.png","type":"image\/png"}],"author":"Victor Clot-Amiot","twitter_card":"summary_large_image","twitter_title":"Mondiaux Para cyclisme sur piste 2025 : L'or pour Alexandre L\u00e9aut\u00e9 sur le scratch","twitter_creator":"@https:\/\/x.com\/VictorClotAmiot","twitter_site":"@dicodusport","schema":{"@context":"https:\/\/schema.org","@graph":[{"@type":"NewsArticle","@id":"https:\/\/dicodusport.fr\/blog\/mondiaux-para-cyclisme-sur-piste-2025-lor-pour-alexandre-leaute-sur-le-scratch\/#article","isPartOf":{"@id":"https:\/\/dicodusport.fr\/blog\/mondiaux-para-cyclisme-sur-piste-2025-lor-pour-alexandre-leaute-sur-le-scratch\/"},"author":{"name":"Victor Clot-Amiot","@id":"https:\/\/dicodusport.fr\/blog\/#\/schema\/person\/b623199cba9ba90fe84a3d16e9282360"},"headline":"Mondiaux Para cyclisme sur piste 2025 : L&rsquo;or pour Alexandre L\u00e9aut\u00e9 sur le scratch","datePublished":"2025-10-16T20:01:34+00:00","dateModified":"2025-10-17T08:48:47+00:00","mainEntityOfPage":{"@id":"https:\/\/dicodusport.fr\/blog\/mondiaux-para-cyclisme-sur-piste-2025-lor-pour-alexandre-leaute-sur-le-scratch\/"},"wordCount":387,"commentCount":0,"publisher":{"@id":"https:\/\/dicodusport.fr\/blog\/#organization"},"image":{"@id":"https:\/\/dicodusport.fr\/blog\/mondiaux-para-cyclisme-sur-piste-2025-lor-pour-alexandre-leaute-sur-le-scratch\/#primaryimage"},"thumbnailUrl":"https:\/\/dicodusport.fr\/blog\/wp-content\/uploads\/2025\/10\/Mondiaux-Para-cyclisme-sur-piste-2025-Lor-pour-Alexandre-Leaute-sur-le-scratch-1.png","keywords":["Alexandre L\u00e9aut\u00e9","br\u00e8ve","Para cyclisme","sport"],"articleSection":["Cyclisme sur piste","Handisport"],"inLanguage":"fr-FR","potentialAction":[{"@type":"CommentAction","name":"Comment","target":["https:\/\/dicodusport.fr\/blog\/mondiaux-para-cyclisme-sur-piste-2025-lor-pour-alexandre-leaute-sur-le-scratch\/#respond"]}],"copyrightYear":"2025","copyrightHolder":{"@id":"https:\/\/dicodusport.fr\/blog\/#organization"}},{"@type":"WebPage","@id":"https:\/\/dicodusport.fr\/blog\/mondiaux-para-cyclisme-sur-piste-2025-lor-pour-alexandre-leaute-sur-le-scratch\/","url":"https:\/\/dicodusport.fr\/blog\/mondiaux-para-cyclisme-sur-piste-2025-lor-pour-alexandre-leaute-sur-le-scratch\/","name":"Mondiaux Para cyclisme sur piste 2025 : L'or pour Alexandre L\u00e9aut\u00e9 sur le scratch","isPartOf":{"@id":"https:\/\/dicodusport.fr\/blog\/#website"},"primaryImageOfPage":{"@id":"https:\/\/dicodusport.fr\/blog\/mondiaux-para-cyclisme-sur-piste-2025-lor-pour-alexandre-leaute-sur-le-scratch\/#primaryimage"},"image":{"@id":"https:\/\/dicodusport.fr\/blog\/mondiaux-para-cyclisme-sur-piste-2025-lor-pour-alexandre-leaute-sur-le-scratch\/#primaryimage"},"thumbnailUrl":"https:\/\/dicodusport.fr\/blog\/wp-content\/uploads\/2025\/10\/Mondiaux-Para-cyclisme-sur-piste-2025-Lor-pour-Alexandre-Leaute-sur-le-scratch-1.png","datePublished":"2025-10-16T20:01:34+00:00","dateModified":"2025-10-17T08:48:47+00:00","description":"PARA CYCLISME SUR PISTE CHAMPIONNATS DU MONDE 2025 - Alexandre L\u00e9aut\u00e9 s'est impos\u00e9 sur le scratch MC2, d\u00e8s sa premi\u00e8re course.","breadcrumb":{"@id":"https:\/\/dicodusport.fr\/blog\/mondiaux-para-cyclisme-sur-piste-2025-lor-pour-alexandre-leaute-sur-le-scratch\/#breadcrumb"},"inLanguage":"fr-FR","potentialAction":[{"@type":"ReadAction","target":["https:\/\/dicodusport.fr\/blog\/mondiaux-para-cyclisme-sur-piste-2025-lor-pour-alexandre-leaute-sur-le-scratch\/"]}]},{"@type":"ImageObject","inLanguage":"fr-FR","@id":"https:\/\/dicodusport.fr\/blog\/mondiaux-para-cyclisme-sur-piste-2025-lor-pour-alexandre-leaute-sur-le-scratch\/#primaryimage","url":"https:\/\/dicodusport.fr\/blog\/wp-content\/uploads\/2025\/10\/Mondiaux-Para-cyclisme-sur-piste-2025-Lor-pour-Alexandre-Leaute-sur-le-scratch-1.png","contentUrl":"https:\/\/dicodusport.fr\/blog\/wp-content\/uploads\/2025\/10\/Mondiaux-Para-cyclisme-sur-piste-2025-Lor-pour-Alexandre-Leaute-sur-le-scratch-1.png","width":1200,"height":674,"caption":"Mondiaux Para cyclisme sur piste 2025 L'or pour Alexandre L\u00e9aut\u00e9 sur le scratch"},{"@type":"BreadcrumbList","@id":"https:\/\/dicodusport.fr\/blog\/mondiaux-para-cyclisme-sur-piste-2025-lor-pour-alexandre-leaute-sur-le-scratch\/#breadcrumb","itemListElement":[{"@type":"ListItem","position":1,"name":"Accueil","item":"https:\/\/dicodusport.fr\/blog\/"},{"@type":"ListItem","position":2,"name":"Mondiaux Para cyclisme sur piste 2025 : L&rsquo;or pour Alexandre L\u00e9aut\u00e9 sur le scratch"}]},{"@type":"WebSite","@id":"https:\/\/dicodusport.fr\/blog\/#website","url":"https:\/\/dicodusport.fr\/blog\/","name":"Dicodusport","description":"L&#039;encyclop\u00e9die de l&#039;actualit\u00e9 sportive","publisher":{"@id":"https:\/\/dicodusport.fr\/blog\/#organization"},"potentialAction":[{"@type":"SearchAction","target":{"@type":"EntryPoint","urlTemplate":"https:\/\/dicodusport.fr\/blog\/?s={search_term_string}"},"query-input":{"@type":"PropertyValueSpecification","valueRequired":true,"valueName":"search_term_string"}}],"inLanguage":"fr-FR"},{"@type":"NewsMediaOrganization","@id":"https:\/\/dicodusport.fr\/blog\/#organization","name":"Dicodusport","url":"https:\/\/dicodusport.fr\/blog\/","logo":{"@type":"ImageObject","inLanguage":"fr-FR","@id":"https:\/\/dicodusport.fr\/blog\/#\/schema\/logo\/image\/","url":"https:\/\/dicodusport.fr\/blog\/wp-content\/uploads\/2020\/06\/cropped-LOGO-DICODUSPORT-2020-SANS-FOND-SANS-TEXTE.png","contentUrl":"https:\/\/dicodusport.fr\/blog\/wp-content\/uploads\/2020\/06\/cropped-LOGO-DICODUSPORT-2020-SANS-FOND-SANS-TEXTE.png","width":512,"height":512,"caption":"Dicodusport"},"image":{"@id":"https:\/\/dicodusport.fr\/blog\/#\/schema\/logo\/image\/"},"sameAs":["https:\/\/www.facebook.com\/dicodusport","https:\/\/x.com\/dicodusport","https:\/\/www.instagram.com\/dicodusport\/","https:\/\/www.youtube.com\/channel\/UC7V2KZ5sd3htJivAbA4ZG3w"],"description":"Dicodusport est l'encyclop\u00e9die de l'actualit\u00e9 sportive.","email":"bonjour@dicodusport.fr","legalName":"DICODUSPORT","foundingDate":"2018-01-14","vatID":"FR71834470973","taxID":"83447097300043","numberOfEmployees":{"@type":"QuantitativeValue","minValue":"1","maxValue":"10"}},{"@type":"Person","@id":"https:\/\/dicodusport.fr\/blog\/#\/schema\/person\/b623199cba9ba90fe84a3d16e9282360","name":"Victor Clot-Amiot","image":{"@type":"ImageObject","inLanguage":"fr-FR","@id":"https:\/\/dicodusport.fr\/blog\/#\/schema\/person\/image\/","url":"https:\/\/dicodusport.fr\/blog\/wp-content\/uploads\/2023\/09\/IMG_20190826_114722-150x150.jpg","contentUrl":"https:\/\/dicodusport.fr\/blog\/wp-content\/uploads\/2023\/09\/IMG_20190826_114722-150x150.jpg","caption":"Victor Clot-Amiot"},"description":"Passionn\u00e9 de sport depuis toujours, un jour \u00e0 l'adolescence mes parents m'ont dit : \"quitte \u00e0 passer ton temps \u00e0 regarder du sport, au moins va le voir en vrai\" ! Depuis, cette remarque ne m'a plus quitt\u00e9 et je passe une grande partie de mon temps libre \u00e0 assister \u00e0 des comp\u00e9titions de tous sports. Je m\u00eale d'ailleurs mes deux passions, le sport et les voyages afin de faire une pierre deux coups ! Outre l'US Open ou l'Euro 2021 par exemple, j'ai assist\u00e9 cet \u00e9t\u00e9 aux Mondiaux d'athl\u00e9tisme \u00e0 Budapest. Mon plus gros coup dur est et restera les JO 2020-2021 pour lesquels j'avais r\u00e9serv\u00e9 17 \u00e9preuves. La suite, vous la connaissez...","sameAs":["https:\/\/x.com\/https:\/\/x.com\/VictorClotAmiot"],"url":"https:\/\/dicodusport.fr\/blog\/author\/victor-clot-amiot\/"}]}},"_links":{"self":[{"href":"https:\/\/dicodusport.fr\/blog\/wp-json\/wp\/v2\/posts\/619381","targetHints":{"allow":["GET"]}}],"collection":[{"href":"https:\/\/dicodusport.fr\/blog\/wp-json\/wp\/v2\/posts"}],"about":[{"href":"https:\/\/dicodusport.fr\/blog\/wp-json\/wp\/v2\/types\/post"}],"author":[{"embeddable":true,"href":"https:\/\/dicodusport.fr\/blog\/wp-json\/wp\/v2\/users\/91"}],"replies":[{"embeddable":true,"href":"https:\/\/dicodusport.fr\/blog\/wp-json\/wp\/v2\/comments?post=619381"}],"version-history":[{"count":5,"href":"https:\/\/dicodusport.fr\/blog\/wp-json\/wp\/v2\/posts\/619381\/revisions"}],"predecessor-version":[{"id":619432,"href":"https:\/\/dicodusport.fr\/blog\/wp-json\/wp\/v2\/posts\/619381\/revisions\/619432"}],"wp:featuredmedia":[{"embeddable":true,"href":"https:\/\/dicodusport.fr\/blog\/wp-json\/wp\/v2\/media\/619523"}],"wp:attachment":[{"href":"https:\/\/dicodusport.fr\/blog\/wp-json\/wp\/v2\/media?parent=619381"}],"wp:term":[{"taxonomy":"category","embeddable":true,"href":"https:\/\/dicodusport.fr\/blog\/wp-json\/wp\/v2\/categories?post=619381"},{"taxonomy":"post_tag","embeddable":true,"href":"https:\/\/dicodusport.fr\/blog\/wp-json\/wp\/v2\/tags?post=619381"}],"curies":[{"name":"wp","href":"https:\/\/api.w.org\/{rel}","templated":true}]}}