{"id":620354,"date":"2025-10-19T16:58:50","date_gmt":"2025-10-19T14:58:50","guid":{"rendered":"https:\/\/dicodusport.fr\/blog\/?p=620354&#038;preview=true&#038;preview_id=620354"},"modified":"2025-10-19T16:58:50","modified_gmt":"2025-10-19T14:58:50","slug":"trail-axelle-gachet-mollaret-explose-le-record-du-monde-du-kilometre-vertical","status":"publish","type":"post","link":"https:\/\/dicodusport.fr\/blog\/trail-axelle-gachet-mollaret-explose-le-record-du-monde-du-kilometre-vertical\/","title":{"rendered":"Trail\u00a0: Axelle Gachet-Mollaret explose le record du monde du kilom\u00e8tre vertical"},"content":{"rendered":"<p style=\"text-align: justify;\"><strong><em>TRAIL \u2013 Habitu\u00e9e \u00e0 repousser les limites, Axelle Gachet-Mollaret a franchi un nouveau cap en cassant la barre des 33 minutes sur le kilom\u00e8tre vertical de Fully, samedi.<\/em><\/strong><\/p>\n<p style=\"text-align: justify;\">Chaque hiver, elle nous a habitu\u00e9 \u00e0 \u00e9craser les \u00e9preuves d\u2019endurance de<strong> ski alpinisme<\/strong>. Que ce soit sur l\u2019individuelle ou la vertical race, <strong>Axelle Gachet-Mollaret<\/strong> n\u2019a pas d\u2019\u00e9quivalent, et r\u00e8gne en ma\u00eetre d\u00e8s que des pentes s\u00e9v\u00e8res se profilent. Avec de la neige, ou non.<\/p>\n<div class=\"vlp-link-container vlp-layout-article\"><a href=\"https:\/\/dicodusport.fr\/blog\/ski-alpinisme-tromso-axelle-gachet-mollaret-remporte-lindividuel-et-soffre-le-petit-globe\/\" class=\"vlp-link\" title=\"Ski Alpinisme Troms\u00f8 : Axelle Gachet-Mollaret remporte l&#039;individuel et s&#039;offre le petit globe\"><\/a><div class=\"vlp-layout-zone-side\"><div class=\"vlp-block-4 vlp-link-image\"><img loading=\"lazy\" decoding=\"async\" style=\"max-width: 792px;\" width=\"792\" height=\"445\" src=\"https:\/\/dicodusport.fr\/blog\/wp-content\/uploads\/2025\/04\/Ski-Alpinisme-Tromso-Axelle-Gachet-Mollaret-remporte-lindividuel-et-soffre-le-petit-globe.png\" class=\"attachment-800x445 size-800x445\" alt=\"Ski Alpinisme Troms\u00f8 : Axelle Gachet-Mollaret remporte l&#039;individuel et s&#039;offre le petit globe\" srcset=\"https:\/\/dicodusport.fr\/blog\/wp-content\/uploads\/2025\/04\/Ski-Alpinisme-Tromso-Axelle-Gachet-Mollaret-remporte-lindividuel-et-soffre-le-petit-globe.png 1200w, https:\/\/dicodusport.fr\/blog\/wp-content\/uploads\/2025\/04\/Ski-Alpinisme-Tromso-Axelle-Gachet-Mollaret-remporte-lindividuel-et-soffre-le-petit-globe-300x169.png 300w, https:\/\/dicodusport.fr\/blog\/wp-content\/uploads\/2025\/04\/Ski-Alpinisme-Tromso-Axelle-Gachet-Mollaret-remporte-lindividuel-et-soffre-le-petit-globe-1024x575.png 1024w, https:\/\/dicodusport.fr\/blog\/wp-content\/uploads\/2025\/04\/Ski-Alpinisme-Tromso-Axelle-Gachet-Mollaret-remporte-lindividuel-et-soffre-le-petit-globe-768x431.png 768w\" sizes=\"auto, (max-width: 792px) 100vw, 792px\" \/><\/div><\/div><div class=\"vlp-layout-zone-main\"><div class=\"vlp-block-0 vlp-link-title\">Ski Alpinisme Troms\u00f8 : Axelle Gachet-Mollaret remporte l'individuel et s'offre le petit globe<\/div><div class=\"vlp-block-1 vlp-link-summary\">SKI ALPINISME - La saison de Coupe du monde s'est termin\u00e9e en apoth\u00e9ose pour les Bleues avec un nouveau doubl\u00e9 r\u00e9alis\u00e9 par Axelle Gachet-Mollaret et Emily Harrop. Invaincue sur l'individuel, Gachet-Mollaret s'est empar\u00e9e du petit globe de la sp\u00e9cialit\u00e9.<\/div><div class=\"vlp-block-2 vlp-link-button\">Lire l'article<\/div><div class=\"vlp-block-3 vlp-link-url\">dicodusport.fr<\/div><\/div><\/div>\n<h2 style=\"text-align: justify;\">Un record non homologu\u00e9 le mois dernier<\/h2>\n<p style=\"text-align: justify;\">En effet, une fois l\u2019hiver pass\u00e9e, l\u2019octuple championne du monde troque les skis pour les baskets, sans que cela remette en cause sa capacit\u00e9 \u00e0 signer des performances titanesques. Ces derni\u00e8res semaines, elle s\u2019est donc mis en qu\u00eate de nouveaux exploits sur le <strong>kilom\u00e8tre vertical<\/strong>. Cette sp\u00e9cialit\u00e9 \u00e0 la difficult\u00e9 extr\u00eame consiste \u00e0 gravir 1000 m\u00e8tres de d\u00e9nivel\u00e9 positif sur une distance maximale de 5km.<\/p>\n<p style=\"text-align: justify;\">Le mois dernier, la Fran\u00e7aise s\u2019\u00e9tait notamment illustr\u00e9e en signant un chrono ph\u00e9nom\u00e9nal de <strong>33 minutes<\/strong> sur le <strong>kilom\u00e8tre vertical de Nantaux<\/strong>. Suffisant pour pulv\u00e9riser le record mondial \u00e9tabli par sa compatriote <strong>Christel Dewalle<\/strong> (33:43) l\u2019ann\u00e9e derni\u00e8re. Cependant, Nantaux n\u2019est pas reconnu par l\u2019ISF (F\u00e9d\u00e9ration Internationale de Skyrunning) dans ce cadre, ce qui fait que le <strong>record n\u2019a pas \u00e9t\u00e9 homologu\u00e9<\/strong>. Une petite d\u00e9ception finalement oubli\u00e9e un mois plus tard.<\/p>\n<h2 style=\"text-align: justify;\">Axelle Gachet-Mollaret brise la barre des 33 minutes<\/h2>\n<p style=\"text-align: justify;\">Samedi, <strong>Axelle Gachet-Mollaret<\/strong> a cette fois-ci pris part au <strong>kilom\u00e8tre vertical de Fully <\/strong>(Suisse), qui est lui bien reconnu par l\u2019ISF. En avalant le d\u00e9nivel\u00e9 avec une facilit\u00e9 toujours aussi d\u00e9concertante, la Fran\u00e7aise a r\u00e9ussi l\u2019exploit de faire encore mieux en <strong>brisant carr\u00e9ment la barre des 33 minutes avec un chrono en 32:52\u00a0!<\/strong> Cela signifie donc qu\u2019en plus de repousser le chrono \u00e9tabli le mois pr\u00e9c\u00e9dent, elle colle une claque cinglante au pr\u00e9c\u00e9dent record en le surpassant de <strong>49 secondes<\/strong>. Irr\u00e9el.<\/p>\n<p style=\"text-align: justify;\">Cette performance absolument folle fait m\u00eame d\u2019elle la <strong>7\u00e8me meilleure performeuse du week-end<\/strong>, m\u00eame en consid\u00e9rant les chronos masculins ! \u00c0 un peu moins de trois mois de la reprise de la Coupe du monde qui aura lieu \u00e0 \u00e0 Solitude, aux \u00c9tats-Unis (5-7 janvier), la reine du ski alpinisme est en grande forme.<\/p>\n<p>\u00a0<iframe loading=\"lazy\" style=\"border: none; overflow: hidden;\" src=\"https:\/\/www.facebook.com\/plugins\/post.php?href=https%3A%2F%2Fwww.facebook.com%2Fskimostats%2Fposts%2Fpfbid0fRyTQSmUy7kZKxjKifnaD2YAJY25f6rSQyaRDoYSuKMY7D1373BrhXWt1PbK5wHtl&amp;show_text=true&amp;width=500\" width=\"500\" height=\"691\" frameborder=\"0\" scrolling=\"no\" allowfullscreen=\"allowfullscreen\"><\/iframe><\/p>\n<p style=\"text-align: justify;\">\u00c0 noter que sur l\u2019\u00e9preuve masculine, l\u2019\u00e9quivalent masculin d&rsquo;Axelle Gachet-Mollaret, le Suisse <strong>R\u00e9mi Bonnet<\/strong>, a \u00e9galement pulv\u00e9ris\u00e9 le record du monde en signant un temps r\u00e9f\u00e9rence en 27:21.<\/p>\n","protected":false},"excerpt":{"rendered":"<p>TRAIL \u2013 Axelle Gachet-Mollaret a \u00e9tabli un nouveau record du monde en cassant la barre des 33 minutes sur le kilom\u00e8tre vertical de Fully.<\/p>\n","protected":false},"author":55,"featured_media":620371,"comment_status":"open","ping_status":"closed","sticky":false,"template":"","format":"standard","meta":{"_acf_changed":false,"_daextam_enable_autolinks":"1","footnotes":""},"categories":[8673],"tags":[22883,16878,862],"class_list":["post-620354","post","type-post","status-publish","format-standard","has-post-thumbnail","hentry","category-trail","tag-axelle-gachet-mollaret","tag-breve","tag-trail"],"acf":[],"yoast_head":"<!-- This site is optimized with the Yoast SEO Premium plugin v26.7 (Yoast SEO v26.7) - https:\/\/yoast.com\/wordpress\/plugins\/seo\/ -->\n<title>Trail\u00a0: Axelle Gachet-Mollaret explose le record du monde du kilom\u00e8tre vertical<\/title>\n<meta name=\"description\" content=\"TRAIL \u2013 Axelle Gachet-Mollaret a \u00e9tabli un nouveau record du monde en cassant la barre des 33 minutes sur le kilom\u00e8tre vertical de Fully.\" \/>\n<meta name=\"robots\" content=\"index, follow, max-snippet:-1, max-image-preview:large, max-video-preview:-1\" \/>\n<link rel=\"canonical\" href=\"https:\/\/dicodusport.fr\/blog\/trail-axelle-gachet-mollaret-explose-le-record-du-monde-du-kilometre-vertical\/\" \/>\n<meta property=\"og:locale\" content=\"fr_FR\" \/>\n<meta property=\"og:type\" content=\"article\" \/>\n<meta property=\"og:title\" content=\"Trail\u00a0: Axelle Gachet-Mollaret explose le record du monde du kilom\u00e8tre vertical\" \/>\n<meta property=\"og:description\" content=\"TRAIL \u2013 Axelle Gachet-Mollaret a \u00e9tabli un nouveau record du monde en cassant la barre des 33 minutes sur le kilom\u00e8tre vertical de Fully.\" \/>\n<meta property=\"og:url\" content=\"https:\/\/dicodusport.fr\/blog\/trail-axelle-gachet-mollaret-explose-le-record-du-monde-du-kilometre-vertical\/\" \/>\n<meta property=\"og:site_name\" content=\"Dicodusport\" \/>\n<meta property=\"article:publisher\" content=\"https:\/\/www.facebook.com\/dicodusport\" \/>\n<meta property=\"article:published_time\" content=\"2025-10-19T14:58:50+00:00\" \/>\n<meta property=\"og:image\" content=\"https:\/\/dicodusport.fr\/blog\/wp-content\/uploads\/2025\/10\/Trail-Axelle-Gachet-Mollaret-explose-le-record-du-monde-du-kilometre-vertical.png\" \/>\n\t<meta property=\"og:image:width\" content=\"1200\" \/>\n\t<meta property=\"og:image:height\" content=\"674\" \/>\n\t<meta property=\"og:image:type\" content=\"image\/png\" \/>\n<meta name=\"author\" content=\"Maxime Cazenave\" \/>\n<meta name=\"twitter:card\" content=\"summary_large_image\" \/>\n<meta name=\"twitter:title\" content=\"Trail\u00a0: Axelle Gachet-Mollaret explose le record du monde du kilom\u00e8tre vertical\" \/>\n<meta name=\"twitter:creator\" content=\"@https:\/\/twitter.com\/Maxime_Caze\" \/>\n<meta name=\"twitter:site\" content=\"@dicodusport\" \/>\n<script type=\"application\/ld+json\" class=\"yoast-schema-graph\">{\"@context\":\"https:\/\/schema.org\",\"@graph\":[{\"@type\":\"NewsArticle\",\"@id\":\"https:\/\/dicodusport.fr\/blog\/trail-axelle-gachet-mollaret-explose-le-record-du-monde-du-kilometre-vertical\/#article\",\"isPartOf\":{\"@id\":\"https:\/\/dicodusport.fr\/blog\/trail-axelle-gachet-mollaret-explose-le-record-du-monde-du-kilometre-vertical\/\"},\"author\":{\"name\":\"Maxime Cazenave\",\"@id\":\"https:\/\/dicodusport.fr\/blog\/#\/schema\/person\/37def232098a7a5cbab3974a3690abb0\"},\"headline\":\"Trail\u00a0: Axelle Gachet-Mollaret explose le record du monde du kilom\u00e8tre vertical\",\"datePublished\":\"2025-10-19T14:58:50+00:00\",\"mainEntityOfPage\":{\"@id\":\"https:\/\/dicodusport.fr\/blog\/trail-axelle-gachet-mollaret-explose-le-record-du-monde-du-kilometre-vertical\/\"},\"wordCount\":541,\"commentCount\":0,\"publisher\":{\"@id\":\"https:\/\/dicodusport.fr\/blog\/#organization\"},\"image\":{\"@id\":\"https:\/\/dicodusport.fr\/blog\/trail-axelle-gachet-mollaret-explose-le-record-du-monde-du-kilometre-vertical\/#primaryimage\"},\"thumbnailUrl\":\"https:\/\/dicodusport.fr\/blog\/wp-content\/uploads\/2025\/10\/Trail-Axelle-Gachet-Mollaret-explose-le-record-du-monde-du-kilometre-vertical.png\",\"keywords\":[\"Axelle Gachet-Mollaret\",\"br\u00e8ve\",\"trail\"],\"articleSection\":[\"Trail\"],\"inLanguage\":\"fr-FR\",\"potentialAction\":[{\"@type\":\"CommentAction\",\"name\":\"Comment\",\"target\":[\"https:\/\/dicodusport.fr\/blog\/trail-axelle-gachet-mollaret-explose-le-record-du-monde-du-kilometre-vertical\/#respond\"]}],\"copyrightYear\":\"2025\",\"copyrightHolder\":{\"@id\":\"https:\/\/dicodusport.fr\/blog\/#organization\"}},{\"@type\":\"WebPage\",\"@id\":\"https:\/\/dicodusport.fr\/blog\/trail-axelle-gachet-mollaret-explose-le-record-du-monde-du-kilometre-vertical\/\",\"url\":\"https:\/\/dicodusport.fr\/blog\/trail-axelle-gachet-mollaret-explose-le-record-du-monde-du-kilometre-vertical\/\",\"name\":\"Trail\u00a0: Axelle Gachet-Mollaret explose le record du monde du kilom\u00e8tre vertical\",\"isPartOf\":{\"@id\":\"https:\/\/dicodusport.fr\/blog\/#website\"},\"primaryImageOfPage\":{\"@id\":\"https:\/\/dicodusport.fr\/blog\/trail-axelle-gachet-mollaret-explose-le-record-du-monde-du-kilometre-vertical\/#primaryimage\"},\"image\":{\"@id\":\"https:\/\/dicodusport.fr\/blog\/trail-axelle-gachet-mollaret-explose-le-record-du-monde-du-kilometre-vertical\/#primaryimage\"},\"thumbnailUrl\":\"https:\/\/dicodusport.fr\/blog\/wp-content\/uploads\/2025\/10\/Trail-Axelle-Gachet-Mollaret-explose-le-record-du-monde-du-kilometre-vertical.png\",\"datePublished\":\"2025-10-19T14:58:50+00:00\",\"description\":\"TRAIL \u2013 Axelle Gachet-Mollaret a \u00e9tabli un nouveau record du monde en cassant la barre des 33 minutes sur le kilom\u00e8tre vertical de Fully.\",\"breadcrumb\":{\"@id\":\"https:\/\/dicodusport.fr\/blog\/trail-axelle-gachet-mollaret-explose-le-record-du-monde-du-kilometre-vertical\/#breadcrumb\"},\"inLanguage\":\"fr-FR\",\"potentialAction\":[{\"@type\":\"ReadAction\",\"target\":[\"https:\/\/dicodusport.fr\/blog\/trail-axelle-gachet-mollaret-explose-le-record-du-monde-du-kilometre-vertical\/\"]}]},{\"@type\":\"ImageObject\",\"inLanguage\":\"fr-FR\",\"@id\":\"https:\/\/dicodusport.fr\/blog\/trail-axelle-gachet-mollaret-explose-le-record-du-monde-du-kilometre-vertical\/#primaryimage\",\"url\":\"https:\/\/dicodusport.fr\/blog\/wp-content\/uploads\/2025\/10\/Trail-Axelle-Gachet-Mollaret-explose-le-record-du-monde-du-kilometre-vertical.png\",\"contentUrl\":\"https:\/\/dicodusport.fr\/blog\/wp-content\/uploads\/2025\/10\/Trail-Axelle-Gachet-Mollaret-explose-le-record-du-monde-du-kilometre-vertical.png\",\"width\":1200,\"height\":674,\"caption\":\"Trail\u00a0: Axelle Gachet-Mollaret explose le record du monde du kilom\u00e8tre vertical\"},{\"@type\":\"BreadcrumbList\",\"@id\":\"https:\/\/dicodusport.fr\/blog\/trail-axelle-gachet-mollaret-explose-le-record-du-monde-du-kilometre-vertical\/#breadcrumb\",\"itemListElement\":[{\"@type\":\"ListItem\",\"position\":1,\"name\":\"Accueil\",\"item\":\"https:\/\/dicodusport.fr\/blog\/\"},{\"@type\":\"ListItem\",\"position\":2,\"name\":\"Trail\u00a0: Axelle Gachet-Mollaret explose le record du monde du kilom\u00e8tre vertical\"}]},{\"@type\":\"WebSite\",\"@id\":\"https:\/\/dicodusport.fr\/blog\/#website\",\"url\":\"https:\/\/dicodusport.fr\/blog\/\",\"name\":\"Dicodusport\",\"description\":\"L&#039;encyclop\u00e9die de l&#039;actualit\u00e9 sportive\",\"publisher\":{\"@id\":\"https:\/\/dicodusport.fr\/blog\/#organization\"},\"potentialAction\":[{\"@type\":\"SearchAction\",\"target\":{\"@type\":\"EntryPoint\",\"urlTemplate\":\"https:\/\/dicodusport.fr\/blog\/?s={search_term_string}\"},\"query-input\":{\"@type\":\"PropertyValueSpecification\",\"valueRequired\":true,\"valueName\":\"search_term_string\"}}],\"inLanguage\":\"fr-FR\"},{\"@type\":\"NewsMediaOrganization\",\"@id\":\"https:\/\/dicodusport.fr\/blog\/#organization\",\"name\":\"Dicodusport\",\"url\":\"https:\/\/dicodusport.fr\/blog\/\",\"logo\":{\"@type\":\"ImageObject\",\"inLanguage\":\"fr-FR\",\"@id\":\"https:\/\/dicodusport.fr\/blog\/#\/schema\/logo\/image\/\",\"url\":\"https:\/\/dicodusport.fr\/blog\/wp-content\/uploads\/2020\/06\/cropped-LOGO-DICODUSPORT-2020-SANS-FOND-SANS-TEXTE.png\",\"contentUrl\":\"https:\/\/dicodusport.fr\/blog\/wp-content\/uploads\/2020\/06\/cropped-LOGO-DICODUSPORT-2020-SANS-FOND-SANS-TEXTE.png\",\"width\":512,\"height\":512,\"caption\":\"Dicodusport\"},\"image\":{\"@id\":\"https:\/\/dicodusport.fr\/blog\/#\/schema\/logo\/image\/\"},\"sameAs\":[\"https:\/\/www.facebook.com\/dicodusport\",\"https:\/\/x.com\/dicodusport\",\"https:\/\/www.instagram.com\/dicodusport\/\",\"https:\/\/www.youtube.com\/channel\/UC7V2KZ5sd3htJivAbA4ZG3w\"],\"description\":\"Dicodusport est l'encyclop\u00e9die de l'actualit\u00e9 sportive.\",\"email\":\"bonjour@dicodusport.fr\",\"legalName\":\"DICODUSPORT\",\"foundingDate\":\"2018-01-14\",\"vatID\":\"FR71834470973\",\"taxID\":\"83447097300043\",\"numberOfEmployees\":{\"@type\":\"QuantitativeValue\",\"minValue\":\"1\",\"maxValue\":\"10\"}},{\"@type\":\"Person\",\"@id\":\"https:\/\/dicodusport.fr\/blog\/#\/schema\/person\/37def232098a7a5cbab3974a3690abb0\",\"name\":\"Maxime Cazenave\",\"image\":{\"@type\":\"ImageObject\",\"inLanguage\":\"fr-FR\",\"@id\":\"https:\/\/dicodusport.fr\/blog\/#\/schema\/person\/image\/\",\"url\":\"https:\/\/dicodusport.fr\/blog\/wp-content\/uploads\/2021\/05\/Maxime-Cazenave-150x150.jpg\",\"contentUrl\":\"https:\/\/dicodusport.fr\/blog\/wp-content\/uploads\/2021\/05\/Maxime-Cazenave-150x150.jpg\",\"caption\":\"Maxime Cazenave\"},\"description\":\"Journaliste\/R\u00e9dacteur depuis 2012 - Berc\u00e9 par l\u2019amour des Girondins de Bordeaux, les \u00e9checs de Christophe Moreau sur le Tour de France sous l'\u00e8re Lance Armstrong et le fade-away l\u00e9tal de Dirk Nowitzki, ma passion d\u00e9vorante pour le sport a toujours \u00e9t\u00e9 un pan incontournable de ma vie. Transmettre ma passion \u00e0 l\u2019\u00e9crit a \u00e9t\u00e9 une transition naturelle. Suiveur assidu de basket et de hockey sur glace, je garde toujours un peu de place pour suivre le cyclisme, le football et le maximum de performances fran\u00e7aises.\",\"sameAs\":[\"https:\/\/x.com\/https:\/\/twitter.com\/Maxime_Caze\"],\"url\":\"https:\/\/dicodusport.fr\/blog\/author\/maximec\/\"}]}<\/script>\n<!-- \/ Yoast SEO Premium plugin. -->","yoast_head_json":{"title":"Trail\u00a0: Axelle Gachet-Mollaret explose le record du monde du kilom\u00e8tre vertical","description":"TRAIL \u2013 Axelle Gachet-Mollaret a \u00e9tabli un nouveau record du monde en cassant la barre des 33 minutes sur le kilom\u00e8tre vertical de Fully.","robots":{"index":"index","follow":"follow","max-snippet":"max-snippet:-1","max-image-preview":"max-image-preview:large","max-video-preview":"max-video-preview:-1"},"canonical":"https:\/\/dicodusport.fr\/blog\/trail-axelle-gachet-mollaret-explose-le-record-du-monde-du-kilometre-vertical\/","og_locale":"fr_FR","og_type":"article","og_title":"Trail\u00a0: Axelle Gachet-Mollaret explose le record du monde du kilom\u00e8tre vertical","og_description":"TRAIL \u2013 Axelle Gachet-Mollaret a \u00e9tabli un nouveau record du monde en cassant la barre des 33 minutes sur le kilom\u00e8tre vertical de Fully.","og_url":"https:\/\/dicodusport.fr\/blog\/trail-axelle-gachet-mollaret-explose-le-record-du-monde-du-kilometre-vertical\/","og_site_name":"Dicodusport","article_publisher":"https:\/\/www.facebook.com\/dicodusport","article_published_time":"2025-10-19T14:58:50+00:00","og_image":[{"width":1200,"height":674,"url":"https:\/\/dicodusport.fr\/blog\/wp-content\/uploads\/2025\/10\/Trail-Axelle-Gachet-Mollaret-explose-le-record-du-monde-du-kilometre-vertical.png","type":"image\/png"}],"author":"Maxime Cazenave","twitter_card":"summary_large_image","twitter_title":"Trail\u00a0: Axelle Gachet-Mollaret explose le record du monde du kilom\u00e8tre vertical","twitter_creator":"@https:\/\/twitter.com\/Maxime_Caze","twitter_site":"@dicodusport","schema":{"@context":"https:\/\/schema.org","@graph":[{"@type":"NewsArticle","@id":"https:\/\/dicodusport.fr\/blog\/trail-axelle-gachet-mollaret-explose-le-record-du-monde-du-kilometre-vertical\/#article","isPartOf":{"@id":"https:\/\/dicodusport.fr\/blog\/trail-axelle-gachet-mollaret-explose-le-record-du-monde-du-kilometre-vertical\/"},"author":{"name":"Maxime Cazenave","@id":"https:\/\/dicodusport.fr\/blog\/#\/schema\/person\/37def232098a7a5cbab3974a3690abb0"},"headline":"Trail\u00a0: Axelle Gachet-Mollaret explose le record du monde du kilom\u00e8tre vertical","datePublished":"2025-10-19T14:58:50+00:00","mainEntityOfPage":{"@id":"https:\/\/dicodusport.fr\/blog\/trail-axelle-gachet-mollaret-explose-le-record-du-monde-du-kilometre-vertical\/"},"wordCount":541,"commentCount":0,"publisher":{"@id":"https:\/\/dicodusport.fr\/blog\/#organization"},"image":{"@id":"https:\/\/dicodusport.fr\/blog\/trail-axelle-gachet-mollaret-explose-le-record-du-monde-du-kilometre-vertical\/#primaryimage"},"thumbnailUrl":"https:\/\/dicodusport.fr\/blog\/wp-content\/uploads\/2025\/10\/Trail-Axelle-Gachet-Mollaret-explose-le-record-du-monde-du-kilometre-vertical.png","keywords":["Axelle Gachet-Mollaret","br\u00e8ve","trail"],"articleSection":["Trail"],"inLanguage":"fr-FR","potentialAction":[{"@type":"CommentAction","name":"Comment","target":["https:\/\/dicodusport.fr\/blog\/trail-axelle-gachet-mollaret-explose-le-record-du-monde-du-kilometre-vertical\/#respond"]}],"copyrightYear":"2025","copyrightHolder":{"@id":"https:\/\/dicodusport.fr\/blog\/#organization"}},{"@type":"WebPage","@id":"https:\/\/dicodusport.fr\/blog\/trail-axelle-gachet-mollaret-explose-le-record-du-monde-du-kilometre-vertical\/","url":"https:\/\/dicodusport.fr\/blog\/trail-axelle-gachet-mollaret-explose-le-record-du-monde-du-kilometre-vertical\/","name":"Trail\u00a0: Axelle Gachet-Mollaret explose le record du monde du kilom\u00e8tre vertical","isPartOf":{"@id":"https:\/\/dicodusport.fr\/blog\/#website"},"primaryImageOfPage":{"@id":"https:\/\/dicodusport.fr\/blog\/trail-axelle-gachet-mollaret-explose-le-record-du-monde-du-kilometre-vertical\/#primaryimage"},"image":{"@id":"https:\/\/dicodusport.fr\/blog\/trail-axelle-gachet-mollaret-explose-le-record-du-monde-du-kilometre-vertical\/#primaryimage"},"thumbnailUrl":"https:\/\/dicodusport.fr\/blog\/wp-content\/uploads\/2025\/10\/Trail-Axelle-Gachet-Mollaret-explose-le-record-du-monde-du-kilometre-vertical.png","datePublished":"2025-10-19T14:58:50+00:00","description":"TRAIL \u2013 Axelle Gachet-Mollaret a \u00e9tabli un nouveau record du monde en cassant la barre des 33 minutes sur le kilom\u00e8tre vertical de Fully.","breadcrumb":{"@id":"https:\/\/dicodusport.fr\/blog\/trail-axelle-gachet-mollaret-explose-le-record-du-monde-du-kilometre-vertical\/#breadcrumb"},"inLanguage":"fr-FR","potentialAction":[{"@type":"ReadAction","target":["https:\/\/dicodusport.fr\/blog\/trail-axelle-gachet-mollaret-explose-le-record-du-monde-du-kilometre-vertical\/"]}]},{"@type":"ImageObject","inLanguage":"fr-FR","@id":"https:\/\/dicodusport.fr\/blog\/trail-axelle-gachet-mollaret-explose-le-record-du-monde-du-kilometre-vertical\/#primaryimage","url":"https:\/\/dicodusport.fr\/blog\/wp-content\/uploads\/2025\/10\/Trail-Axelle-Gachet-Mollaret-explose-le-record-du-monde-du-kilometre-vertical.png","contentUrl":"https:\/\/dicodusport.fr\/blog\/wp-content\/uploads\/2025\/10\/Trail-Axelle-Gachet-Mollaret-explose-le-record-du-monde-du-kilometre-vertical.png","width":1200,"height":674,"caption":"Trail\u00a0: Axelle Gachet-Mollaret explose le record du monde du kilom\u00e8tre vertical"},{"@type":"BreadcrumbList","@id":"https:\/\/dicodusport.fr\/blog\/trail-axelle-gachet-mollaret-explose-le-record-du-monde-du-kilometre-vertical\/#breadcrumb","itemListElement":[{"@type":"ListItem","position":1,"name":"Accueil","item":"https:\/\/dicodusport.fr\/blog\/"},{"@type":"ListItem","position":2,"name":"Trail\u00a0: Axelle Gachet-Mollaret explose le record du monde du kilom\u00e8tre vertical"}]},{"@type":"WebSite","@id":"https:\/\/dicodusport.fr\/blog\/#website","url":"https:\/\/dicodusport.fr\/blog\/","name":"Dicodusport","description":"L&#039;encyclop\u00e9die de l&#039;actualit\u00e9 sportive","publisher":{"@id":"https:\/\/dicodusport.fr\/blog\/#organization"},"potentialAction":[{"@type":"SearchAction","target":{"@type":"EntryPoint","urlTemplate":"https:\/\/dicodusport.fr\/blog\/?s={search_term_string}"},"query-input":{"@type":"PropertyValueSpecification","valueRequired":true,"valueName":"search_term_string"}}],"inLanguage":"fr-FR"},{"@type":"NewsMediaOrganization","@id":"https:\/\/dicodusport.fr\/blog\/#organization","name":"Dicodusport","url":"https:\/\/dicodusport.fr\/blog\/","logo":{"@type":"ImageObject","inLanguage":"fr-FR","@id":"https:\/\/dicodusport.fr\/blog\/#\/schema\/logo\/image\/","url":"https:\/\/dicodusport.fr\/blog\/wp-content\/uploads\/2020\/06\/cropped-LOGO-DICODUSPORT-2020-SANS-FOND-SANS-TEXTE.png","contentUrl":"https:\/\/dicodusport.fr\/blog\/wp-content\/uploads\/2020\/06\/cropped-LOGO-DICODUSPORT-2020-SANS-FOND-SANS-TEXTE.png","width":512,"height":512,"caption":"Dicodusport"},"image":{"@id":"https:\/\/dicodusport.fr\/blog\/#\/schema\/logo\/image\/"},"sameAs":["https:\/\/www.facebook.com\/dicodusport","https:\/\/x.com\/dicodusport","https:\/\/www.instagram.com\/dicodusport\/","https:\/\/www.youtube.com\/channel\/UC7V2KZ5sd3htJivAbA4ZG3w"],"description":"Dicodusport est l'encyclop\u00e9die de l'actualit\u00e9 sportive.","email":"bonjour@dicodusport.fr","legalName":"DICODUSPORT","foundingDate":"2018-01-14","vatID":"FR71834470973","taxID":"83447097300043","numberOfEmployees":{"@type":"QuantitativeValue","minValue":"1","maxValue":"10"}},{"@type":"Person","@id":"https:\/\/dicodusport.fr\/blog\/#\/schema\/person\/37def232098a7a5cbab3974a3690abb0","name":"Maxime Cazenave","image":{"@type":"ImageObject","inLanguage":"fr-FR","@id":"https:\/\/dicodusport.fr\/blog\/#\/schema\/person\/image\/","url":"https:\/\/dicodusport.fr\/blog\/wp-content\/uploads\/2021\/05\/Maxime-Cazenave-150x150.jpg","contentUrl":"https:\/\/dicodusport.fr\/blog\/wp-content\/uploads\/2021\/05\/Maxime-Cazenave-150x150.jpg","caption":"Maxime Cazenave"},"description":"Journaliste\/R\u00e9dacteur depuis 2012 - Berc\u00e9 par l\u2019amour des Girondins de Bordeaux, les \u00e9checs de Christophe Moreau sur le Tour de France sous l'\u00e8re Lance Armstrong et le fade-away l\u00e9tal de Dirk Nowitzki, ma passion d\u00e9vorante pour le sport a toujours \u00e9t\u00e9 un pan incontournable de ma vie. Transmettre ma passion \u00e0 l\u2019\u00e9crit a \u00e9t\u00e9 une transition naturelle. Suiveur assidu de basket et de hockey sur glace, je garde toujours un peu de place pour suivre le cyclisme, le football et le maximum de performances fran\u00e7aises.","sameAs":["https:\/\/x.com\/https:\/\/twitter.com\/Maxime_Caze"],"url":"https:\/\/dicodusport.fr\/blog\/author\/maximec\/"}]}},"_links":{"self":[{"href":"https:\/\/dicodusport.fr\/blog\/wp-json\/wp\/v2\/posts\/620354","targetHints":{"allow":["GET"]}}],"collection":[{"href":"https:\/\/dicodusport.fr\/blog\/wp-json\/wp\/v2\/posts"}],"about":[{"href":"https:\/\/dicodusport.fr\/blog\/wp-json\/wp\/v2\/types\/post"}],"author":[{"embeddable":true,"href":"https:\/\/dicodusport.fr\/blog\/wp-json\/wp\/v2\/users\/55"}],"replies":[{"embeddable":true,"href":"https:\/\/dicodusport.fr\/blog\/wp-json\/wp\/v2\/comments?post=620354"}],"version-history":[{"count":2,"href":"https:\/\/dicodusport.fr\/blog\/wp-json\/wp\/v2\/posts\/620354\/revisions"}],"predecessor-version":[{"id":620372,"href":"https:\/\/dicodusport.fr\/blog\/wp-json\/wp\/v2\/posts\/620354\/revisions\/620372"}],"wp:featuredmedia":[{"embeddable":true,"href":"https:\/\/dicodusport.fr\/blog\/wp-json\/wp\/v2\/media\/620371"}],"wp:attachment":[{"href":"https:\/\/dicodusport.fr\/blog\/wp-json\/wp\/v2\/media?parent=620354"}],"wp:term":[{"taxonomy":"category","embeddable":true,"href":"https:\/\/dicodusport.fr\/blog\/wp-json\/wp\/v2\/categories?post=620354"},{"taxonomy":"post_tag","embeddable":true,"href":"https:\/\/dicodusport.fr\/blog\/wp-json\/wp\/v2\/tags?post=620354"}],"curies":[{"name":"wp","href":"https:\/\/api.w.org\/{rel}","templated":true}]}}