{"id":620435,"date":"2025-10-19T22:21:15","date_gmt":"2025-10-19T20:21:15","guid":{"rendered":"https:\/\/dicodusport.fr\/blog\/?p=620435&#038;preview=true&#038;preview_id=620435"},"modified":"2025-10-19T22:21:15","modified_gmt":"2025-10-19T20:21:15","slug":"atp-wta-challenger-2025-kyrian-jacquet-et-luca-van-assche-de-retour-en-forme-avec-un-titre-pas-alice-rame","status":"publish","type":"post","link":"https:\/\/dicodusport.fr\/blog\/atp-wta-challenger-2025-kyrian-jacquet-et-luca-van-assche-de-retour-en-forme-avec-un-titre-pas-alice-rame\/","title":{"rendered":"ATP\/WTA Challenger 2025 : Kyrian Jacquet et Luca Van Assche de retour en forme avec un titre, pas Alice Ram\u00e9"},"content":{"rendered":"<p style=\"text-align: justify;\"><strong><em>ATP\/WTA CHALLENGER 2025 &#8211; Les Fran\u00e7ais ont fait un 2\/3 en finale des tournois du circuit secondaire ce dimanche. Si Kyrian Jacquet et Luca Van Assche ont apport\u00e9 les 17 et 18e titres pour des tricolores cette ann\u00e9e en Challenger (respectivement \u00e0 Shenzen et Olbia), Alice Ram\u00e9 en est elle pass\u00e9e toute proche \u00e0 Rio de Janeiro, alors que c&rsquo;\u00e9tait sa premi\u00e8re finale d&rsquo;un tournoi de si haut niveau.<\/em><\/strong><\/p>\n<h2 style=\"text-align: justify;\">Kyrian Jacquet roi de l&rsquo;Asie<\/h2>\n<p style=\"text-align: justify;\">Sur cette ann\u00e9e 2025, <strong>Kyrian Jacquet (n\u00b0183)<\/strong> aura particip\u00e9 \u00e0 six tournois Challengers sur le continent asiatique pour\u2026 trois titres. Le Lyonnais de 24 ans avait tr\u00e8s bien commenc\u00e9 avec deux sacres d\u2019affil\u00e9e en Inde. De quoi d\u00e9j\u00e0 r\u00e9compenser ses premiers mois sous la houlette de son coach <strong>St\u00e9phane Robert<\/strong>. Mais il a ensuite fait une longue travers\u00e9e du vide &#8211; avec comme seule \u00e9claircie <a href=\"https:\/\/dicodusport.fr\/blog\/roland-garros-2025-le-resume-du-quatrieme-jour-des-qualifications\/\">sa qualification \u00e9pique \u00e0 Roland-Garros<\/a> &#8211; jusqu\u2019\u00e0 donc cette tourn\u00e9e en Chine. Au Challenger 75 de Shenzen. T\u00eate de s\u00e9rie n\u00b03, il a profit\u00e9 des d\u00e9faites des n\u00b01 et 2 (son ami Harold Mayot) pour se hisser en finale en n\u2019ayant qu\u2019une seule t\u00eate de s\u00e9rie \u00e0 battre.<\/p>\n<p style=\"text-align: justify;\">En finale, il a facilement domin\u00e9 le jeune et talentueux local <strong>Yi Zhou<\/strong> (n\u00b0327) sans forcer, 6-3 6-3. <strong>Son troisi\u00e8me titre de la saison donc<\/strong>, aussi tr\u00e8s symbolique puisqu\u2019il a eu lieu le jour de l\u2019anniversaire de son p\u00e8re, malheureusement d\u00e9c\u00e9d\u00e9. <i>\u00ab Je sais que tu es fier de moi l\u00e0-haut, j\u2019ai essay\u00e9 de te faire le meilleur cadeau possible aujourd\u2019hui \u00bb<\/i> a-t-il post\u00e9 sur ses r\u00e9seaux sociaux.<\/p>\n<blockquote class=\"twitter-tweet\">\n<p dir=\"ltr\" lang=\"en\">\ud83c\udfc6 \ud83c\udfc6 \ud83c\udfc6<\/p>\n<p>Kyrian Jacquet claims his third Challenger title of the year<a href=\"https:\/\/twitter.com\/hashtag\/ATPChallenger?src=hash&amp;ref_src=twsrc%5Etfw\">#ATPChallenger<\/a> | <a href=\"https:\/\/twitter.com\/KyrianJacquet?ref_src=twsrc%5Etfw\">@KyrianJacquet<\/a> <a href=\"https:\/\/t.co\/0JtGq0nV1p\">pic.twitter.com\/0JtGq0nV1p<\/a><\/p>\n<p>\u2014 ATP Challenger Tour (@ATPChallenger) <a href=\"https:\/\/twitter.com\/ATPChallenger\/status\/1979885912814469252?ref_src=twsrc%5Etfw\">October 19, 2025<\/a><\/p><\/blockquote>\n<p><script async src=\"https:\/\/platform.twitter.com\/widgets.js\" charset=\"utf-8\"><\/script><\/p>\n<h2 style=\"text-align: justify;\">Luca Van Assche revit<\/h2>\n<p style=\"text-align: justify;\">En Europe, un autre fran\u00e7ais a justement succ\u00e9d\u00e9 \u00e0 Jacquet, vainqueur du Challenger 125 d\u2019Olbia (Italie) en 2023. C\u2019est cette fois autour de <strong>Luca Van Assche (n\u00b0238)<\/strong> de s\u2019adjuger sur ce dur ext\u00e9rieur qui r\u00e9ussit tant aux joueurs fran\u00e7ais. Sept d\u2019entre eux \u00e9taient sur la ligne de d\u00e9part. Van Assche a d\u00fb dominer son compatriote <strong>Hugo Grenier<\/strong> (n\u00b0192) en demi-finale, avant de tomber sur l\u2019ex-top 10 mondial <strong>Pablo Carreno-Busta<\/strong> en finale. Lui-m\u00eame vainqueur d\u2019un Challenger sur dur ext\u00e9rieur en finale contre Hugo Grenier il y a deux semaines, l\u2019Espagnol est cette fois tomb\u00e9. Dans un match tr\u00e8s serr\u00e9, <strong>Van Assche s\u2019en sort de justesse, avec seulement un petit point de plus de gagn\u00e9<\/strong>, pour un score final de 7-6 6-7 6-2.<\/p>\n<p style=\"text-align: justify;\"><strong>Une \u00e9norme bouff\u00e9e d\u2019air frais<\/strong> pour le vainqueur de Roland-Garros Juniors 2021, qui n\u2019avait plus gagn\u00e9 de titre depuis deux ans et demi, et \u00e9tait retomb\u00e9 tr\u00e8s loin de son meilleur classement (n\u00b063). Dominer \u00e0 nouveau le circuit Challenger sera une bonne premi\u00e8re \u00e9tape pour retrouver sa confiance pass\u00e9e. Il va faire un bond de plus de 70 places au classement, en arrivant n\u00b0165 mondial lundi.<\/p>\n<blockquote class=\"twitter-tweet\">\n<p dir=\"ltr\" lang=\"fr\">LUCA VAN ASSCHE \ud83c\uddeb\ud83c\uddf7 ENFIN !<\/p>\n<p>C\u2019\u00e9tait dur en 2025 mais la voil\u00e0 la semaine de patron. Super niveau pour remporter ce challenger d\u2019Olbia.<\/p>\n<p>Costaud. Comme en finale pour battre Careno Busta en grosse forme. Vraiment bravooooo<\/p>\n<p>Top 170 retrouv\u00e9, tout bon pour la confiance <a href=\"https:\/\/t.co\/SNwOvThXCG\">pic.twitter.com\/SNwOvThXCG<\/a><\/p>\n<p>\u2014 Romain \ud83c\udfbe\ud83c\uddeb\ud83c\uddf7 (@RomainNextGen) <a href=\"https:\/\/twitter.com\/RomainNextGen\/status\/1979953200208744751?ref_src=twsrc%5Etfw\">October 19, 2025<\/a><\/p><\/blockquote>\n<p><script async src=\"https:\/\/platform.twitter.com\/widgets.js\" charset=\"utf-8\"><\/script><\/p>\n<h2 style=\"text-align: justify;\">Un tournoi encourageant pour Alice Ram\u00e9<\/h2>\n<p style=\"text-align: justify;\">Malheureusement, le 3\/3 des Tricolores n\u2019aura pas eu lieu ce dimanche. Troisi\u00e8me align\u00e9e en finale sur le circuit secondaire (le WTA 125 de Rio de Janeiro, \u00e9quivalent d\u2019un tournoi Challenger), <strong>Alice Ram\u00e9 (n\u00b0257)<\/strong> n\u2019a pas r\u00e9ussi \u00e0 ramener le titre. Pure terrienne &#8211; elle a jou\u00e9 tous ses matchs de la saison sur la surface &#8211; la Fran\u00e7aise de 27 ans s\u2019est qualifi\u00e9e pour la premi\u00e8re fois en finale d\u2019un tournoi de ce niveau. Un magnifique parcours. En revanche, <strong>la marche \u00e9tait trop haute en finale<\/strong>.<\/p>\n<p style=\"text-align: justify;\">Face \u00e0 la t\u00eate de s\u00e9rie n\u00b01, la Suisse <strong>Simona Waltert<\/strong>, elle a subi le jeu. Mais m\u00eame en ayant fait l\u2019essuie-glace pendant tout le match, la Fran\u00e7aise a r\u00e9ussi \u00e0 bien la contrer et \u00e0 lui donner du fil \u00e0 retordre. Le score final 7-5 6-2 n\u2019est pas vraiment repr\u00e9sentatif de ce match serr\u00e9 qui a dur\u00e9 1h49 (avec une interruption pluie d\u2019une heure au milieu). Cette finale va tout de m\u00eame lui permettre d\u2019atteindre<strong> son meilleur classement en carri\u00e8re, n\u00b0211 mondiale<\/strong>. Suffisant pour<strong> entrer dans le cut des qualifications \u00e0 l\u2019Open d\u2019Australie<\/strong>, elle qui n\u2019a particip\u00e9 qu\u2019une seule fois \u00e0 un Grand Chelem, gr\u00e2ce \u00e0 une wild-card en qualifications \u00e0 Roland-Garros 2022.<\/p>\n","protected":false},"excerpt":{"rendered":"<p>ATP\/WTA CHALLENGER 2025 &#8211; Les Fran\u00e7ais ont fait un 2\/3 en finale des tournois du circuit secondaire ce dimanche. Si Kyrian Jacquet et Luca Van Assche ont apport\u00e9 les 17 et 18e titres pour des tricolores cette ann\u00e9e en Challenger (respectivement \u00e0 Shenzen et Olbia), Alice Ram\u00e9 en est elle pass\u00e9e toute proche \u00e0 Rio [&hellip;]<\/p>\n","protected":false},"author":13,"featured_media":620458,"comment_status":"open","ping_status":"closed","sticky":false,"template":"","format":"standard","meta":{"_acf_changed":false,"_daextam_enable_autolinks":"1","footnotes":""},"categories":[2302],"tags":[16878,11755,17252],"class_list":["post-620435","post","type-post","status-publish","format-standard","has-post-thumbnail","hentry","category-tennis","tag-breve","tag-kyrian-jacquet","tag-luca-van-assche"],"acf":[],"yoast_head":"<!-- This site is optimized with the Yoast SEO Premium plugin v26.7 (Yoast SEO v26.7) - https:\/\/yoast.com\/wordpress\/plugins\/seo\/ -->\n<title>ATP\/WTA Challenger 2025 : Kyrian Jacquet et Luca Van Assche de retour en forme avec un titre, pas Alice Ram\u00e9<\/title>\n<meta name=\"description\" content=\"Kyrian Jacquet et Luca Van Assche ont apport\u00e9 les 17 et 18e titres fran\u00e7ais cette ann\u00e9e en Challenger, Alice Ram\u00e9 en est elle pass\u00e9e proche.\" \/>\n<meta name=\"robots\" content=\"index, follow, max-snippet:-1, max-image-preview:large, max-video-preview:-1\" \/>\n<link rel=\"canonical\" href=\"https:\/\/dicodusport.fr\/blog\/atp-wta-challenger-2025-kyrian-jacquet-et-luca-van-assche-de-retour-en-forme-avec-un-titre-pas-alice-rame\/\" \/>\n<meta property=\"og:locale\" content=\"fr_FR\" \/>\n<meta property=\"og:type\" content=\"article\" \/>\n<meta property=\"og:title\" content=\"ATP\/WTA Challenger 2025 : Kyrian Jacquet et Luca Van Assche de retour en forme avec un titre, pas Alice Ram\u00e9\" \/>\n<meta property=\"og:description\" content=\"Kyrian Jacquet et Luca Van Assche ont apport\u00e9 les 17 et 18e titres fran\u00e7ais cette ann\u00e9e en Challenger, Alice Ram\u00e9 en est elle pass\u00e9e proche.\" \/>\n<meta property=\"og:url\" content=\"https:\/\/dicodusport.fr\/blog\/atp-wta-challenger-2025-kyrian-jacquet-et-luca-van-assche-de-retour-en-forme-avec-un-titre-pas-alice-rame\/\" \/>\n<meta property=\"og:site_name\" content=\"Dicodusport\" \/>\n<meta property=\"article:publisher\" content=\"https:\/\/www.facebook.com\/dicodusport\" \/>\n<meta property=\"article:published_time\" content=\"2025-10-19T20:21:15+00:00\" \/>\n<meta property=\"og:image\" content=\"https:\/\/dicodusport.fr\/blog\/wp-content\/uploads\/2025\/10\/atp-wta-challenger-2025-kyrian-jacquet-et-luca-van-assche-de-retour-en-forme-avec-un-titre-pas-alice-rame-2.jpg\" \/>\n\t<meta property=\"og:image:width\" content=\"1200\" \/>\n\t<meta property=\"og:image:height\" content=\"674\" \/>\n\t<meta property=\"og:image:type\" content=\"image\/jpeg\" \/>\n<meta name=\"author\" content=\"Tom Compayrot\" \/>\n<meta name=\"twitter:card\" content=\"summary_large_image\" \/>\n<meta name=\"twitter:title\" content=\"ATP\/WTA Challenger 2025 : Kyrian Jacquet et Luca Van Assche de retour en forme avec un titre, pas Alice Ram\u00e9\" \/>\n<meta name=\"twitter:creator\" content=\"@https:\/\/twitter.com\/Tom_Cprt\" \/>\n<meta name=\"twitter:site\" content=\"@dicodusport\" \/>\n<script type=\"application\/ld+json\" class=\"yoast-schema-graph\">{\"@context\":\"https:\/\/schema.org\",\"@graph\":[{\"@type\":\"NewsArticle\",\"@id\":\"https:\/\/dicodusport.fr\/blog\/atp-wta-challenger-2025-kyrian-jacquet-et-luca-van-assche-de-retour-en-forme-avec-un-titre-pas-alice-rame\/#article\",\"isPartOf\":{\"@id\":\"https:\/\/dicodusport.fr\/blog\/atp-wta-challenger-2025-kyrian-jacquet-et-luca-van-assche-de-retour-en-forme-avec-un-titre-pas-alice-rame\/\"},\"author\":{\"name\":\"Tom Compayrot\",\"@id\":\"https:\/\/dicodusport.fr\/blog\/#\/schema\/person\/bf1e4f404e108bd2be5b447b16bde9a7\"},\"headline\":\"ATP\/WTA Challenger 2025 : Kyrian Jacquet et Luca Van Assche de retour en forme avec un titre, pas Alice Ram\u00e9\",\"datePublished\":\"2025-10-19T20:21:15+00:00\",\"mainEntityOfPage\":{\"@id\":\"https:\/\/dicodusport.fr\/blog\/atp-wta-challenger-2025-kyrian-jacquet-et-luca-van-assche-de-retour-en-forme-avec-un-titre-pas-alice-rame\/\"},\"wordCount\":796,\"commentCount\":0,\"publisher\":{\"@id\":\"https:\/\/dicodusport.fr\/blog\/#organization\"},\"image\":{\"@id\":\"https:\/\/dicodusport.fr\/blog\/atp-wta-challenger-2025-kyrian-jacquet-et-luca-van-assche-de-retour-en-forme-avec-un-titre-pas-alice-rame\/#primaryimage\"},\"thumbnailUrl\":\"https:\/\/dicodusport.fr\/blog\/wp-content\/uploads\/2025\/10\/atp-wta-challenger-2025-kyrian-jacquet-et-luca-van-assche-de-retour-en-forme-avec-un-titre-pas-alice-rame-2.jpg\",\"keywords\":[\"br\u00e8ve\",\"kyrian jacquet\",\"Luca Van Assche\"],\"articleSection\":[\"Tennis\"],\"inLanguage\":\"fr-FR\",\"potentialAction\":[{\"@type\":\"CommentAction\",\"name\":\"Comment\",\"target\":[\"https:\/\/dicodusport.fr\/blog\/atp-wta-challenger-2025-kyrian-jacquet-et-luca-van-assche-de-retour-en-forme-avec-un-titre-pas-alice-rame\/#respond\"]}],\"copyrightYear\":\"2025\",\"copyrightHolder\":{\"@id\":\"https:\/\/dicodusport.fr\/blog\/#organization\"}},{\"@type\":\"WebPage\",\"@id\":\"https:\/\/dicodusport.fr\/blog\/atp-wta-challenger-2025-kyrian-jacquet-et-luca-van-assche-de-retour-en-forme-avec-un-titre-pas-alice-rame\/\",\"url\":\"https:\/\/dicodusport.fr\/blog\/atp-wta-challenger-2025-kyrian-jacquet-et-luca-van-assche-de-retour-en-forme-avec-un-titre-pas-alice-rame\/\",\"name\":\"ATP\/WTA Challenger 2025 : Kyrian Jacquet et Luca Van Assche de retour en forme avec un titre, pas Alice Ram\u00e9\",\"isPartOf\":{\"@id\":\"https:\/\/dicodusport.fr\/blog\/#website\"},\"primaryImageOfPage\":{\"@id\":\"https:\/\/dicodusport.fr\/blog\/atp-wta-challenger-2025-kyrian-jacquet-et-luca-van-assche-de-retour-en-forme-avec-un-titre-pas-alice-rame\/#primaryimage\"},\"image\":{\"@id\":\"https:\/\/dicodusport.fr\/blog\/atp-wta-challenger-2025-kyrian-jacquet-et-luca-van-assche-de-retour-en-forme-avec-un-titre-pas-alice-rame\/#primaryimage\"},\"thumbnailUrl\":\"https:\/\/dicodusport.fr\/blog\/wp-content\/uploads\/2025\/10\/atp-wta-challenger-2025-kyrian-jacquet-et-luca-van-assche-de-retour-en-forme-avec-un-titre-pas-alice-rame-2.jpg\",\"datePublished\":\"2025-10-19T20:21:15+00:00\",\"description\":\"Kyrian Jacquet et Luca Van Assche ont apport\u00e9 les 17 et 18e titres fran\u00e7ais cette ann\u00e9e en Challenger, Alice Ram\u00e9 en est elle pass\u00e9e proche.\",\"breadcrumb\":{\"@id\":\"https:\/\/dicodusport.fr\/blog\/atp-wta-challenger-2025-kyrian-jacquet-et-luca-van-assche-de-retour-en-forme-avec-un-titre-pas-alice-rame\/#breadcrumb\"},\"inLanguage\":\"fr-FR\",\"potentialAction\":[{\"@type\":\"ReadAction\",\"target\":[\"https:\/\/dicodusport.fr\/blog\/atp-wta-challenger-2025-kyrian-jacquet-et-luca-van-assche-de-retour-en-forme-avec-un-titre-pas-alice-rame\/\"]}]},{\"@type\":\"ImageObject\",\"inLanguage\":\"fr-FR\",\"@id\":\"https:\/\/dicodusport.fr\/blog\/atp-wta-challenger-2025-kyrian-jacquet-et-luca-van-assche-de-retour-en-forme-avec-un-titre-pas-alice-rame\/#primaryimage\",\"url\":\"https:\/\/dicodusport.fr\/blog\/wp-content\/uploads\/2025\/10\/atp-wta-challenger-2025-kyrian-jacquet-et-luca-van-assche-de-retour-en-forme-avec-un-titre-pas-alice-rame-2.jpg\",\"contentUrl\":\"https:\/\/dicodusport.fr\/blog\/wp-content\/uploads\/2025\/10\/atp-wta-challenger-2025-kyrian-jacquet-et-luca-van-assche-de-retour-en-forme-avec-un-titre-pas-alice-rame-2.jpg\",\"width\":1200,\"height\":674},{\"@type\":\"BreadcrumbList\",\"@id\":\"https:\/\/dicodusport.fr\/blog\/atp-wta-challenger-2025-kyrian-jacquet-et-luca-van-assche-de-retour-en-forme-avec-un-titre-pas-alice-rame\/#breadcrumb\",\"itemListElement\":[{\"@type\":\"ListItem\",\"position\":1,\"name\":\"Accueil\",\"item\":\"https:\/\/dicodusport.fr\/blog\/\"},{\"@type\":\"ListItem\",\"position\":2,\"name\":\"ATP\/WTA Challenger 2025 : Kyrian Jacquet et Luca Van Assche de retour en forme avec un titre, pas Alice Ram\u00e9\"}]},{\"@type\":\"WebSite\",\"@id\":\"https:\/\/dicodusport.fr\/blog\/#website\",\"url\":\"https:\/\/dicodusport.fr\/blog\/\",\"name\":\"Dicodusport\",\"description\":\"L&#039;encyclop\u00e9die de l&#039;actualit\u00e9 sportive\",\"publisher\":{\"@id\":\"https:\/\/dicodusport.fr\/blog\/#organization\"},\"potentialAction\":[{\"@type\":\"SearchAction\",\"target\":{\"@type\":\"EntryPoint\",\"urlTemplate\":\"https:\/\/dicodusport.fr\/blog\/?s={search_term_string}\"},\"query-input\":{\"@type\":\"PropertyValueSpecification\",\"valueRequired\":true,\"valueName\":\"search_term_string\"}}],\"inLanguage\":\"fr-FR\"},{\"@type\":\"NewsMediaOrganization\",\"@id\":\"https:\/\/dicodusport.fr\/blog\/#organization\",\"name\":\"Dicodusport\",\"url\":\"https:\/\/dicodusport.fr\/blog\/\",\"logo\":{\"@type\":\"ImageObject\",\"inLanguage\":\"fr-FR\",\"@id\":\"https:\/\/dicodusport.fr\/blog\/#\/schema\/logo\/image\/\",\"url\":\"https:\/\/dicodusport.fr\/blog\/wp-content\/uploads\/2020\/06\/cropped-LOGO-DICODUSPORT-2020-SANS-FOND-SANS-TEXTE.png\",\"contentUrl\":\"https:\/\/dicodusport.fr\/blog\/wp-content\/uploads\/2020\/06\/cropped-LOGO-DICODUSPORT-2020-SANS-FOND-SANS-TEXTE.png\",\"width\":512,\"height\":512,\"caption\":\"Dicodusport\"},\"image\":{\"@id\":\"https:\/\/dicodusport.fr\/blog\/#\/schema\/logo\/image\/\"},\"sameAs\":[\"https:\/\/www.facebook.com\/dicodusport\",\"https:\/\/x.com\/dicodusport\",\"https:\/\/www.instagram.com\/dicodusport\/\",\"https:\/\/www.youtube.com\/channel\/UC7V2KZ5sd3htJivAbA4ZG3w\"],\"description\":\"Dicodusport est l'encyclop\u00e9die de l'actualit\u00e9 sportive.\",\"email\":\"bonjour@dicodusport.fr\",\"legalName\":\"DICODUSPORT\",\"foundingDate\":\"2018-01-14\",\"vatID\":\"FR71834470973\",\"taxID\":\"83447097300043\",\"numberOfEmployees\":{\"@type\":\"QuantitativeValue\",\"minValue\":\"1\",\"maxValue\":\"10\"}},{\"@type\":\"Person\",\"@id\":\"https:\/\/dicodusport.fr\/blog\/#\/schema\/person\/bf1e4f404e108bd2be5b447b16bde9a7\",\"name\":\"Tom Compayrot\",\"image\":{\"@type\":\"ImageObject\",\"inLanguage\":\"fr-FR\",\"@id\":\"https:\/\/dicodusport.fr\/blog\/#\/schema\/person\/image\/\",\"url\":\"https:\/\/dicodusport.fr\/blog\/wp-content\/uploads\/2021\/05\/Tom-Compayrot-150x150.jpg\",\"contentUrl\":\"https:\/\/dicodusport.fr\/blog\/wp-content\/uploads\/2021\/05\/Tom-Compayrot-150x150.jpg\",\"caption\":\"Tom Compayrot\"},\"description\":\"Journaliste\/r\u00e9dacteur depuis mars 2017 - Amoureux de la petite balle jaune et du gros ballon orange qui tra\u00eene sa carcasse sur Dicodusport depuis 2017. Rafael Nadal et LeBron James sont les meilleurs joueurs de l'histoire.\",\"sameAs\":[\"https:\/\/x.com\/https:\/\/twitter.com\/Tom_Cprt\"],\"url\":\"https:\/\/dicodusport.fr\/blog\/author\/tom\/\"}]}<\/script>\n<!-- \/ Yoast SEO Premium plugin. -->","yoast_head_json":{"title":"ATP\/WTA Challenger 2025 : Kyrian Jacquet et Luca Van Assche de retour en forme avec un titre, pas Alice Ram\u00e9","description":"Kyrian Jacquet et Luca Van Assche ont apport\u00e9 les 17 et 18e titres fran\u00e7ais cette ann\u00e9e en Challenger, Alice Ram\u00e9 en est elle pass\u00e9e proche.","robots":{"index":"index","follow":"follow","max-snippet":"max-snippet:-1","max-image-preview":"max-image-preview:large","max-video-preview":"max-video-preview:-1"},"canonical":"https:\/\/dicodusport.fr\/blog\/atp-wta-challenger-2025-kyrian-jacquet-et-luca-van-assche-de-retour-en-forme-avec-un-titre-pas-alice-rame\/","og_locale":"fr_FR","og_type":"article","og_title":"ATP\/WTA Challenger 2025 : Kyrian Jacquet et Luca Van Assche de retour en forme avec un titre, pas Alice Ram\u00e9","og_description":"Kyrian Jacquet et Luca Van Assche ont apport\u00e9 les 17 et 18e titres fran\u00e7ais cette ann\u00e9e en Challenger, Alice Ram\u00e9 en est elle pass\u00e9e proche.","og_url":"https:\/\/dicodusport.fr\/blog\/atp-wta-challenger-2025-kyrian-jacquet-et-luca-van-assche-de-retour-en-forme-avec-un-titre-pas-alice-rame\/","og_site_name":"Dicodusport","article_publisher":"https:\/\/www.facebook.com\/dicodusport","article_published_time":"2025-10-19T20:21:15+00:00","og_image":[{"width":1200,"height":674,"url":"https:\/\/dicodusport.fr\/blog\/wp-content\/uploads\/2025\/10\/atp-wta-challenger-2025-kyrian-jacquet-et-luca-van-assche-de-retour-en-forme-avec-un-titre-pas-alice-rame-2.jpg","type":"image\/jpeg"}],"author":"Tom Compayrot","twitter_card":"summary_large_image","twitter_title":"ATP\/WTA Challenger 2025 : Kyrian Jacquet et Luca Van Assche de retour en forme avec un titre, pas Alice Ram\u00e9","twitter_creator":"@https:\/\/twitter.com\/Tom_Cprt","twitter_site":"@dicodusport","schema":{"@context":"https:\/\/schema.org","@graph":[{"@type":"NewsArticle","@id":"https:\/\/dicodusport.fr\/blog\/atp-wta-challenger-2025-kyrian-jacquet-et-luca-van-assche-de-retour-en-forme-avec-un-titre-pas-alice-rame\/#article","isPartOf":{"@id":"https:\/\/dicodusport.fr\/blog\/atp-wta-challenger-2025-kyrian-jacquet-et-luca-van-assche-de-retour-en-forme-avec-un-titre-pas-alice-rame\/"},"author":{"name":"Tom Compayrot","@id":"https:\/\/dicodusport.fr\/blog\/#\/schema\/person\/bf1e4f404e108bd2be5b447b16bde9a7"},"headline":"ATP\/WTA Challenger 2025 : Kyrian Jacquet et Luca Van Assche de retour en forme avec un titre, pas Alice Ram\u00e9","datePublished":"2025-10-19T20:21:15+00:00","mainEntityOfPage":{"@id":"https:\/\/dicodusport.fr\/blog\/atp-wta-challenger-2025-kyrian-jacquet-et-luca-van-assche-de-retour-en-forme-avec-un-titre-pas-alice-rame\/"},"wordCount":796,"commentCount":0,"publisher":{"@id":"https:\/\/dicodusport.fr\/blog\/#organization"},"image":{"@id":"https:\/\/dicodusport.fr\/blog\/atp-wta-challenger-2025-kyrian-jacquet-et-luca-van-assche-de-retour-en-forme-avec-un-titre-pas-alice-rame\/#primaryimage"},"thumbnailUrl":"https:\/\/dicodusport.fr\/blog\/wp-content\/uploads\/2025\/10\/atp-wta-challenger-2025-kyrian-jacquet-et-luca-van-assche-de-retour-en-forme-avec-un-titre-pas-alice-rame-2.jpg","keywords":["br\u00e8ve","kyrian jacquet","Luca Van Assche"],"articleSection":["Tennis"],"inLanguage":"fr-FR","potentialAction":[{"@type":"CommentAction","name":"Comment","target":["https:\/\/dicodusport.fr\/blog\/atp-wta-challenger-2025-kyrian-jacquet-et-luca-van-assche-de-retour-en-forme-avec-un-titre-pas-alice-rame\/#respond"]}],"copyrightYear":"2025","copyrightHolder":{"@id":"https:\/\/dicodusport.fr\/blog\/#organization"}},{"@type":"WebPage","@id":"https:\/\/dicodusport.fr\/blog\/atp-wta-challenger-2025-kyrian-jacquet-et-luca-van-assche-de-retour-en-forme-avec-un-titre-pas-alice-rame\/","url":"https:\/\/dicodusport.fr\/blog\/atp-wta-challenger-2025-kyrian-jacquet-et-luca-van-assche-de-retour-en-forme-avec-un-titre-pas-alice-rame\/","name":"ATP\/WTA Challenger 2025 : Kyrian Jacquet et Luca Van Assche de retour en forme avec un titre, pas Alice Ram\u00e9","isPartOf":{"@id":"https:\/\/dicodusport.fr\/blog\/#website"},"primaryImageOfPage":{"@id":"https:\/\/dicodusport.fr\/blog\/atp-wta-challenger-2025-kyrian-jacquet-et-luca-van-assche-de-retour-en-forme-avec-un-titre-pas-alice-rame\/#primaryimage"},"image":{"@id":"https:\/\/dicodusport.fr\/blog\/atp-wta-challenger-2025-kyrian-jacquet-et-luca-van-assche-de-retour-en-forme-avec-un-titre-pas-alice-rame\/#primaryimage"},"thumbnailUrl":"https:\/\/dicodusport.fr\/blog\/wp-content\/uploads\/2025\/10\/atp-wta-challenger-2025-kyrian-jacquet-et-luca-van-assche-de-retour-en-forme-avec-un-titre-pas-alice-rame-2.jpg","datePublished":"2025-10-19T20:21:15+00:00","description":"Kyrian Jacquet et Luca Van Assche ont apport\u00e9 les 17 et 18e titres fran\u00e7ais cette ann\u00e9e en Challenger, Alice Ram\u00e9 en est elle pass\u00e9e proche.","breadcrumb":{"@id":"https:\/\/dicodusport.fr\/blog\/atp-wta-challenger-2025-kyrian-jacquet-et-luca-van-assche-de-retour-en-forme-avec-un-titre-pas-alice-rame\/#breadcrumb"},"inLanguage":"fr-FR","potentialAction":[{"@type":"ReadAction","target":["https:\/\/dicodusport.fr\/blog\/atp-wta-challenger-2025-kyrian-jacquet-et-luca-van-assche-de-retour-en-forme-avec-un-titre-pas-alice-rame\/"]}]},{"@type":"ImageObject","inLanguage":"fr-FR","@id":"https:\/\/dicodusport.fr\/blog\/atp-wta-challenger-2025-kyrian-jacquet-et-luca-van-assche-de-retour-en-forme-avec-un-titre-pas-alice-rame\/#primaryimage","url":"https:\/\/dicodusport.fr\/blog\/wp-content\/uploads\/2025\/10\/atp-wta-challenger-2025-kyrian-jacquet-et-luca-van-assche-de-retour-en-forme-avec-un-titre-pas-alice-rame-2.jpg","contentUrl":"https:\/\/dicodusport.fr\/blog\/wp-content\/uploads\/2025\/10\/atp-wta-challenger-2025-kyrian-jacquet-et-luca-van-assche-de-retour-en-forme-avec-un-titre-pas-alice-rame-2.jpg","width":1200,"height":674},{"@type":"BreadcrumbList","@id":"https:\/\/dicodusport.fr\/blog\/atp-wta-challenger-2025-kyrian-jacquet-et-luca-van-assche-de-retour-en-forme-avec-un-titre-pas-alice-rame\/#breadcrumb","itemListElement":[{"@type":"ListItem","position":1,"name":"Accueil","item":"https:\/\/dicodusport.fr\/blog\/"},{"@type":"ListItem","position":2,"name":"ATP\/WTA Challenger 2025 : Kyrian Jacquet et Luca Van Assche de retour en forme avec un titre, pas Alice Ram\u00e9"}]},{"@type":"WebSite","@id":"https:\/\/dicodusport.fr\/blog\/#website","url":"https:\/\/dicodusport.fr\/blog\/","name":"Dicodusport","description":"L&#039;encyclop\u00e9die de l&#039;actualit\u00e9 sportive","publisher":{"@id":"https:\/\/dicodusport.fr\/blog\/#organization"},"potentialAction":[{"@type":"SearchAction","target":{"@type":"EntryPoint","urlTemplate":"https:\/\/dicodusport.fr\/blog\/?s={search_term_string}"},"query-input":{"@type":"PropertyValueSpecification","valueRequired":true,"valueName":"search_term_string"}}],"inLanguage":"fr-FR"},{"@type":"NewsMediaOrganization","@id":"https:\/\/dicodusport.fr\/blog\/#organization","name":"Dicodusport","url":"https:\/\/dicodusport.fr\/blog\/","logo":{"@type":"ImageObject","inLanguage":"fr-FR","@id":"https:\/\/dicodusport.fr\/blog\/#\/schema\/logo\/image\/","url":"https:\/\/dicodusport.fr\/blog\/wp-content\/uploads\/2020\/06\/cropped-LOGO-DICODUSPORT-2020-SANS-FOND-SANS-TEXTE.png","contentUrl":"https:\/\/dicodusport.fr\/blog\/wp-content\/uploads\/2020\/06\/cropped-LOGO-DICODUSPORT-2020-SANS-FOND-SANS-TEXTE.png","width":512,"height":512,"caption":"Dicodusport"},"image":{"@id":"https:\/\/dicodusport.fr\/blog\/#\/schema\/logo\/image\/"},"sameAs":["https:\/\/www.facebook.com\/dicodusport","https:\/\/x.com\/dicodusport","https:\/\/www.instagram.com\/dicodusport\/","https:\/\/www.youtube.com\/channel\/UC7V2KZ5sd3htJivAbA4ZG3w"],"description":"Dicodusport est l'encyclop\u00e9die de l'actualit\u00e9 sportive.","email":"bonjour@dicodusport.fr","legalName":"DICODUSPORT","foundingDate":"2018-01-14","vatID":"FR71834470973","taxID":"83447097300043","numberOfEmployees":{"@type":"QuantitativeValue","minValue":"1","maxValue":"10"}},{"@type":"Person","@id":"https:\/\/dicodusport.fr\/blog\/#\/schema\/person\/bf1e4f404e108bd2be5b447b16bde9a7","name":"Tom Compayrot","image":{"@type":"ImageObject","inLanguage":"fr-FR","@id":"https:\/\/dicodusport.fr\/blog\/#\/schema\/person\/image\/","url":"https:\/\/dicodusport.fr\/blog\/wp-content\/uploads\/2021\/05\/Tom-Compayrot-150x150.jpg","contentUrl":"https:\/\/dicodusport.fr\/blog\/wp-content\/uploads\/2021\/05\/Tom-Compayrot-150x150.jpg","caption":"Tom Compayrot"},"description":"Journaliste\/r\u00e9dacteur depuis mars 2017 - Amoureux de la petite balle jaune et du gros ballon orange qui tra\u00eene sa carcasse sur Dicodusport depuis 2017. Rafael Nadal et LeBron James sont les meilleurs joueurs de l'histoire.","sameAs":["https:\/\/x.com\/https:\/\/twitter.com\/Tom_Cprt"],"url":"https:\/\/dicodusport.fr\/blog\/author\/tom\/"}]}},"_links":{"self":[{"href":"https:\/\/dicodusport.fr\/blog\/wp-json\/wp\/v2\/posts\/620435","targetHints":{"allow":["GET"]}}],"collection":[{"href":"https:\/\/dicodusport.fr\/blog\/wp-json\/wp\/v2\/posts"}],"about":[{"href":"https:\/\/dicodusport.fr\/blog\/wp-json\/wp\/v2\/types\/post"}],"author":[{"embeddable":true,"href":"https:\/\/dicodusport.fr\/blog\/wp-json\/wp\/v2\/users\/13"}],"replies":[{"embeddable":true,"href":"https:\/\/dicodusport.fr\/blog\/wp-json\/wp\/v2\/comments?post=620435"}],"version-history":[{"count":2,"href":"https:\/\/dicodusport.fr\/blog\/wp-json\/wp\/v2\/posts\/620435\/revisions"}],"predecessor-version":[{"id":620462,"href":"https:\/\/dicodusport.fr\/blog\/wp-json\/wp\/v2\/posts\/620435\/revisions\/620462"}],"wp:featuredmedia":[{"embeddable":true,"href":"https:\/\/dicodusport.fr\/blog\/wp-json\/wp\/v2\/media\/620458"}],"wp:attachment":[{"href":"https:\/\/dicodusport.fr\/blog\/wp-json\/wp\/v2\/media?parent=620435"}],"wp:term":[{"taxonomy":"category","embeddable":true,"href":"https:\/\/dicodusport.fr\/blog\/wp-json\/wp\/v2\/categories?post=620435"},{"taxonomy":"post_tag","embeddable":true,"href":"https:\/\/dicodusport.fr\/blog\/wp-json\/wp\/v2\/tags?post=620435"}],"curies":[{"name":"wp","href":"https:\/\/api.w.org\/{rel}","templated":true}]}}