{"id":62090,"date":"2020-03-04T13:22:07","date_gmt":"2020-03-04T12:22:07","guid":{"rendered":"http:\/\/dicodusport.fr\/blog\/?p=62090"},"modified":"2020-03-04T13:22:07","modified_gmt":"2020-03-04T12:22:07","slug":"football-coupe-de-france-programme-tv-demi-finales","status":"publish","type":"post","link":"https:\/\/dicodusport.fr\/blog\/football-coupe-de-france-programme-tv-demi-finales\/","title":{"rendered":"Football &#8211; Coupe de France : le programme TV des demi-finales"},"content":{"rendered":"<p style=\"text-align: justify;\"><em><strong>Derni\u00e8re \u00e9tape \u00e0 valider avant le Stade de France pour les 4 \u00e9quipes de Ligue 1 qualifi\u00e9es pour le dernier carr\u00e9 de la Coupe de France. Une \u00e9tape d\u00e9cisive dans l&rsquo;id\u00e9e d&rsquo;une potentielle qualification en Ligue Europa !\u00a0<\/strong><\/em><\/p>\n<h2 style=\"text-align: justify;\">Olympique Lyonnais &#8211; Paris Saint Germain<\/h2>\n<p style=\"text-align: justify;\"><em>Mercredi 4 mars \u00e0 21h10 sur France 3 et Eurosport 2<\/em><\/p>\n<p style=\"text-align: justify;\">Duel de cadors au <strong>Groupama Stadium<\/strong> ce soir dans l&rsquo;affiche de ces demi-finales de <strong>Coupe de France<\/strong>. Apr\u00e8s un long parcours, les deux clubs fran\u00e7ais encore qualifi\u00e9s en <strong>Ligue des Champions<\/strong> s&rsquo;affrontent pour une place en finale. Une occasion en or pour les lyonnais qui re\u00e7oivent et qui sont dans une forme impressionnante apr\u00e8s leurs derni\u00e8res victoires. Quant aux parisiens, ils auront \u00e0 coeur de se rassurer et d&rsquo;encha\u00eener avant le match retour face \u00e0 <strong>Dortmund<\/strong>.<\/p>\n<ul>\n<li style=\"text-align: justify;\"><a href=\"https:\/\/dicodusport.fr\/blog\/football-coupe-de-france-pronostic-lyon-paris\/\" target=\"_blank\" rel=\"noopener noreferrer\"><strong>Notre pronostic pour Lyon &#8211; Paris<\/strong><\/a><\/li>\n<\/ul>\n<h2 style=\"text-align: justify;\">AS Saint-\u00c9tienne &#8211; Stade Rennais<\/h2>\n<p style=\"text-align: justify;\"><em>Jeudi 5 mars \u00e0 20h55 sur Eurosport 2<\/em><\/p>\n<p style=\"text-align: justify;\">Le vainqueur de la <strong>Coupe de France<\/strong> la saison pass\u00e9e est une nouvelle fois en position pour r\u00e9\u00e9diter l&rsquo;exploit. Le <strong>Stade Rennais<\/strong> se verrait soulever une nouvelle fois le troph\u00e9e. Cette qualification pour la finale passera demain par <strong>Geoffroy-Guichard<\/strong>, un chaudron qui vit une saison mouvement\u00e9e et d\u00e9cevante. L&rsquo;occasion pour les Verts de souffler un peu dans la course au maintien et de se donner de la confiance.<\/p>\n<blockquote class=\"twitter-tweet\">\n<p dir=\"ltr\" lang=\"fr\">En route vers la Finale de la Coupe de France ! &#x1f44a;<br \/>\n4&#xfe0f;&#x20e3; \u00e9quipes<br \/>\n2&#xfe0f;&#x20e3; gagnants<br \/>\n1&#xfe0f;&#x20e3; Finale <a href=\"https:\/\/t.co\/jVKBauK3Hp\">pic.twitter.com\/jVKBauK3Hp<\/a><\/p>\n<p>\u2014 Coupe de France (@coupedefrance) <a href=\"https:\/\/twitter.com\/coupedefrance\/status\/1234787602013806592?ref_src=twsrc%5Etfw\">March 3, 2020<\/a><\/p><\/blockquote>\n<p><script async src=\"https:\/\/platform.twitter.com\/widgets.js\" charset=\"utf-8\"><\/script><\/p>\n<p><em><strong>Romain Delanis<br \/>\n<\/strong><\/em><em><strong><a href=\"https:\/\/twitter.com\/RDelanis\" target=\"_blank\" rel=\"noopener noreferrer\"><img loading=\"lazy\" decoding=\"async\" class=\"alignnone wp-image-2908\" src=\"http:\/\/dicodusport.fr\/blog\/wp-content\/uploads\/2017\/07\/logo-twitter-150x150.png\" alt=\"\" width=\"39\" height=\"39\" \/><\/a><\/strong><\/em><\/p>\n","protected":false},"excerpt":{"rendered":"<p>Derni\u00e8re \u00e9tape \u00e0 valider avant le Stade de France pour les 4 \u00e9quipes de Ligue 1 qualifi\u00e9es pour le dernier carr\u00e9 de la Coupe de France. Une \u00e9tape d\u00e9cisive dans l&rsquo;id\u00e9e d&rsquo;une potentielle qualification en Ligue Europa !\u00a0<\/p>\n","protected":false},"author":14,"featured_media":62103,"comment_status":"open","ping_status":"closed","sticky":false,"template":"","format":"standard","meta":{"_acf_changed":false,"_daextam_enable_autolinks":"","footnotes":""},"categories":[2301],"tags":[2871,75,4883,1146,1230,8799,24,1865],"class_list":["post-62090","post","type-post","status-publish","format-standard","has-post-thumbnail","hentry","category-football","tag-as-saint-etienne","tag-football","tag-ligue-1-conforama","tag-olympique-lyonnais","tag-paris-saint-germain","tag-programme-tv","tag-sport","tag-stade-rennais"],"acf":[],"yoast_head":"<!-- This site is optimized with the Yoast SEO Premium plugin v26.7 (Yoast SEO v26.7) - https:\/\/yoast.com\/wordpress\/plugins\/seo\/ -->\n<title>Football - Coupe de France : le programme TV des demi-finales<\/title>\n<meta name=\"description\" content=\"Derni\u00e8re \u00e9tape \u00e0 valider avant le Stade de France pour les 4 \u00e9quipes de Ligue 1 qualifi\u00e9es. Le programme des demi-finales.\" \/>\n<meta name=\"robots\" content=\"index, follow, max-snippet:-1, max-image-preview:large, max-video-preview:-1\" \/>\n<link rel=\"canonical\" href=\"https:\/\/dicodusport.fr\/blog\/football-coupe-de-france-programme-tv-demi-finales\/\" \/>\n<meta property=\"og:locale\" content=\"fr_FR\" \/>\n<meta property=\"og:type\" content=\"article\" \/>\n<meta property=\"og:title\" content=\"Coupe de France : le programme TV des demi-finales\" \/>\n<meta property=\"og:description\" content=\"Derni\u00e8re \u00e9tape \u00e0 valider avant le Stade de France pour les 4 \u00e9quipes de Ligue 1 qualifi\u00e9es. Le programme des demi-finales.\" \/>\n<meta property=\"og:url\" content=\"https:\/\/dicodusport.fr\/blog\/football-coupe-de-france-programme-tv-demi-finales\/\" \/>\n<meta property=\"og:site_name\" content=\"Dicodusport\" \/>\n<meta property=\"article:publisher\" content=\"https:\/\/www.facebook.com\/dicodusport\" \/>\n<meta property=\"article:published_time\" content=\"2020-03-04T12:22:07+00:00\" \/>\n<meta property=\"og:image\" content=\"https:\/\/dicodusport.fr\/blog\/wp-content\/uploads\/2020\/03\/Football-Coupe-de-France-Le-programme-TV-des-demi-finales.png\" \/>\n\t<meta property=\"og:image:width\" content=\"800\" \/>\n\t<meta property=\"og:image:height\" content=\"445\" \/>\n\t<meta property=\"og:image:type\" content=\"image\/png\" \/>\n<meta name=\"author\" content=\"Romain Delanis\" \/>\n<meta name=\"twitter:card\" content=\"summary_large_image\" \/>\n<meta name=\"twitter:title\" content=\"Coupe de France : le programme TV des demi-finales\" \/>\n<meta name=\"twitter:creator\" content=\"@https:\/\/twitter.com\/RDelanis\" \/>\n<meta name=\"twitter:site\" content=\"@dicodusport\" \/>\n<script type=\"application\/ld+json\" class=\"yoast-schema-graph\">{\"@context\":\"https:\/\/schema.org\",\"@graph\":[{\"@type\":\"NewsArticle\",\"@id\":\"https:\/\/dicodusport.fr\/blog\/football-coupe-de-france-programme-tv-demi-finales\/#article\",\"isPartOf\":{\"@id\":\"https:\/\/dicodusport.fr\/blog\/football-coupe-de-france-programme-tv-demi-finales\/\"},\"author\":{\"name\":\"Romain Delanis\",\"@id\":\"https:\/\/dicodusport.fr\/blog\/#\/schema\/person\/8c78730a59f8a1e617f7a19026ebc14a\"},\"headline\":\"Football &#8211; Coupe de France : le programme TV des demi-finales\",\"datePublished\":\"2020-03-04T12:22:07+00:00\",\"mainEntityOfPage\":{\"@id\":\"https:\/\/dicodusport.fr\/blog\/football-coupe-de-france-programme-tv-demi-finales\/\"},\"wordCount\":279,\"commentCount\":0,\"publisher\":{\"@id\":\"https:\/\/dicodusport.fr\/blog\/#organization\"},\"image\":{\"@id\":\"https:\/\/dicodusport.fr\/blog\/football-coupe-de-france-programme-tv-demi-finales\/#primaryimage\"},\"thumbnailUrl\":\"https:\/\/dicodusport.fr\/blog\/wp-content\/uploads\/2020\/03\/Football-Coupe-de-France-Le-programme-TV-des-demi-finales.png\",\"keywords\":[\"AS Saint-Etienne\",\"Football\",\"Ligue 1 Conforama\",\"Olympique lyonnais\",\"Paris Saint-Germain\",\"Programme TV\",\"sport\",\"Stade rennais\"],\"articleSection\":[\"Football\"],\"inLanguage\":\"fr-FR\",\"potentialAction\":[{\"@type\":\"CommentAction\",\"name\":\"Comment\",\"target\":[\"https:\/\/dicodusport.fr\/blog\/football-coupe-de-france-programme-tv-demi-finales\/#respond\"]}],\"copyrightYear\":\"2020\",\"copyrightHolder\":{\"@id\":\"https:\/\/dicodusport.fr\/blog\/#organization\"}},{\"@type\":\"WebPage\",\"@id\":\"https:\/\/dicodusport.fr\/blog\/football-coupe-de-france-programme-tv-demi-finales\/\",\"url\":\"https:\/\/dicodusport.fr\/blog\/football-coupe-de-france-programme-tv-demi-finales\/\",\"name\":\"Football - Coupe de France : le programme TV des demi-finales\",\"isPartOf\":{\"@id\":\"https:\/\/dicodusport.fr\/blog\/#website\"},\"primaryImageOfPage\":{\"@id\":\"https:\/\/dicodusport.fr\/blog\/football-coupe-de-france-programme-tv-demi-finales\/#primaryimage\"},\"image\":{\"@id\":\"https:\/\/dicodusport.fr\/blog\/football-coupe-de-france-programme-tv-demi-finales\/#primaryimage\"},\"thumbnailUrl\":\"https:\/\/dicodusport.fr\/blog\/wp-content\/uploads\/2020\/03\/Football-Coupe-de-France-Le-programme-TV-des-demi-finales.png\",\"datePublished\":\"2020-03-04T12:22:07+00:00\",\"description\":\"Derni\u00e8re \u00e9tape \u00e0 valider avant le Stade de France pour les 4 \u00e9quipes de Ligue 1 qualifi\u00e9es. Le programme des demi-finales.\",\"breadcrumb\":{\"@id\":\"https:\/\/dicodusport.fr\/blog\/football-coupe-de-france-programme-tv-demi-finales\/#breadcrumb\"},\"inLanguage\":\"fr-FR\",\"potentialAction\":[{\"@type\":\"ReadAction\",\"target\":[\"https:\/\/dicodusport.fr\/blog\/football-coupe-de-france-programme-tv-demi-finales\/\"]}]},{\"@type\":\"ImageObject\",\"inLanguage\":\"fr-FR\",\"@id\":\"https:\/\/dicodusport.fr\/blog\/football-coupe-de-france-programme-tv-demi-finales\/#primaryimage\",\"url\":\"https:\/\/dicodusport.fr\/blog\/wp-content\/uploads\/2020\/03\/Football-Coupe-de-France-Le-programme-TV-des-demi-finales.png\",\"contentUrl\":\"https:\/\/dicodusport.fr\/blog\/wp-content\/uploads\/2020\/03\/Football-Coupe-de-France-Le-programme-TV-des-demi-finales.png\",\"width\":800,\"height\":445,\"caption\":\"Football - Coupe de France - Le programme TV des demi-finales\"},{\"@type\":\"BreadcrumbList\",\"@id\":\"https:\/\/dicodusport.fr\/blog\/football-coupe-de-france-programme-tv-demi-finales\/#breadcrumb\",\"itemListElement\":[{\"@type\":\"ListItem\",\"position\":1,\"name\":\"Accueil\",\"item\":\"https:\/\/dicodusport.fr\/blog\/\"},{\"@type\":\"ListItem\",\"position\":2,\"name\":\"Football &#8211; Coupe de France : le programme TV des demi-finales\"}]},{\"@type\":\"WebSite\",\"@id\":\"https:\/\/dicodusport.fr\/blog\/#website\",\"url\":\"https:\/\/dicodusport.fr\/blog\/\",\"name\":\"Dicodusport\",\"description\":\"L&#039;encyclop\u00e9die de l&#039;actualit\u00e9 sportive\",\"publisher\":{\"@id\":\"https:\/\/dicodusport.fr\/blog\/#organization\"},\"potentialAction\":[{\"@type\":\"SearchAction\",\"target\":{\"@type\":\"EntryPoint\",\"urlTemplate\":\"https:\/\/dicodusport.fr\/blog\/?s={search_term_string}\"},\"query-input\":{\"@type\":\"PropertyValueSpecification\",\"valueRequired\":true,\"valueName\":\"search_term_string\"}}],\"inLanguage\":\"fr-FR\"},{\"@type\":\"NewsMediaOrganization\",\"@id\":\"https:\/\/dicodusport.fr\/blog\/#organization\",\"name\":\"Dicodusport\",\"url\":\"https:\/\/dicodusport.fr\/blog\/\",\"logo\":{\"@type\":\"ImageObject\",\"inLanguage\":\"fr-FR\",\"@id\":\"https:\/\/dicodusport.fr\/blog\/#\/schema\/logo\/image\/\",\"url\":\"https:\/\/dicodusport.fr\/blog\/wp-content\/uploads\/2020\/06\/cropped-LOGO-DICODUSPORT-2020-SANS-FOND-SANS-TEXTE.png\",\"contentUrl\":\"https:\/\/dicodusport.fr\/blog\/wp-content\/uploads\/2020\/06\/cropped-LOGO-DICODUSPORT-2020-SANS-FOND-SANS-TEXTE.png\",\"width\":512,\"height\":512,\"caption\":\"Dicodusport\"},\"image\":{\"@id\":\"https:\/\/dicodusport.fr\/blog\/#\/schema\/logo\/image\/\"},\"sameAs\":[\"https:\/\/www.facebook.com\/dicodusport\",\"https:\/\/x.com\/dicodusport\",\"https:\/\/www.instagram.com\/dicodusport\/\",\"https:\/\/www.youtube.com\/channel\/UC7V2KZ5sd3htJivAbA4ZG3w\"],\"description\":\"Dicodusport est l'encyclop\u00e9die de l'actualit\u00e9 sportive.\",\"email\":\"bonjour@dicodusport.fr\",\"legalName\":\"DICODUSPORT\",\"foundingDate\":\"2018-01-14\",\"vatID\":\"FR71834470973\",\"taxID\":\"83447097300043\",\"numberOfEmployees\":{\"@type\":\"QuantitativeValue\",\"minValue\":\"1\",\"maxValue\":\"10\"}},{\"@type\":\"Person\",\"@id\":\"https:\/\/dicodusport.fr\/blog\/#\/schema\/person\/8c78730a59f8a1e617f7a19026ebc14a\",\"name\":\"Romain Delanis\",\"image\":{\"@type\":\"ImageObject\",\"inLanguage\":\"fr-FR\",\"@id\":\"https:\/\/dicodusport.fr\/blog\/#\/schema\/person\/image\/\",\"url\":\"https:\/\/dicodusport.fr\/blog\/wp-content\/uploads\/2021\/05\/Romain-Delanis-150x150.jpg\",\"contentUrl\":\"https:\/\/dicodusport.fr\/blog\/wp-content\/uploads\/2021\/05\/Romain-Delanis-150x150.jpg\",\"caption\":\"Romain Delanis\"},\"description\":\"Journaliste\/R\u00e9dacteur depuis novembre 2015 - Capable de passer un samedi apr\u00e8s-midi devant la Ligue 2 puis le biathlon sans oublier la finale de l\u2019ATP Rotterdam, j\u2019aime aussi mettre mon r\u00e9veil pour me faire un Pistons\/Bulls qui rappelle de bons souvenirs. Tout cela, j\u2019ai choisi il y a maintenant quelques temps de vous le raconter avec Dicodusport, pour vous faire vivre ma passion parfois inconsid\u00e9r\u00e9e pour le sport en g\u00e9n\u00e9ral (mais surtout le foot faut se l\u2019avouer).\",\"sameAs\":[\"https:\/\/x.com\/https:\/\/twitter.com\/RDelanis\"],\"url\":\"https:\/\/dicodusport.fr\/blog\/author\/romain\/\"}]}<\/script>\n<!-- \/ Yoast SEO Premium plugin. -->","yoast_head_json":{"title":"Football - Coupe de France : le programme TV des demi-finales","description":"Derni\u00e8re \u00e9tape \u00e0 valider avant le Stade de France pour les 4 \u00e9quipes de Ligue 1 qualifi\u00e9es. Le programme des demi-finales.","robots":{"index":"index","follow":"follow","max-snippet":"max-snippet:-1","max-image-preview":"max-image-preview:large","max-video-preview":"max-video-preview:-1"},"canonical":"https:\/\/dicodusport.fr\/blog\/football-coupe-de-france-programme-tv-demi-finales\/","og_locale":"fr_FR","og_type":"article","og_title":"Coupe de France : le programme TV des demi-finales","og_description":"Derni\u00e8re \u00e9tape \u00e0 valider avant le Stade de France pour les 4 \u00e9quipes de Ligue 1 qualifi\u00e9es. Le programme des demi-finales.","og_url":"https:\/\/dicodusport.fr\/blog\/football-coupe-de-france-programme-tv-demi-finales\/","og_site_name":"Dicodusport","article_publisher":"https:\/\/www.facebook.com\/dicodusport","article_published_time":"2020-03-04T12:22:07+00:00","og_image":[{"width":800,"height":445,"url":"https:\/\/dicodusport.fr\/blog\/wp-content\/uploads\/2020\/03\/Football-Coupe-de-France-Le-programme-TV-des-demi-finales.png","type":"image\/png"}],"author":"Romain Delanis","twitter_card":"summary_large_image","twitter_title":"Coupe de France : le programme TV des demi-finales","twitter_creator":"@https:\/\/twitter.com\/RDelanis","twitter_site":"@dicodusport","schema":{"@context":"https:\/\/schema.org","@graph":[{"@type":"NewsArticle","@id":"https:\/\/dicodusport.fr\/blog\/football-coupe-de-france-programme-tv-demi-finales\/#article","isPartOf":{"@id":"https:\/\/dicodusport.fr\/blog\/football-coupe-de-france-programme-tv-demi-finales\/"},"author":{"name":"Romain Delanis","@id":"https:\/\/dicodusport.fr\/blog\/#\/schema\/person\/8c78730a59f8a1e617f7a19026ebc14a"},"headline":"Football &#8211; Coupe de France : le programme TV des demi-finales","datePublished":"2020-03-04T12:22:07+00:00","mainEntityOfPage":{"@id":"https:\/\/dicodusport.fr\/blog\/football-coupe-de-france-programme-tv-demi-finales\/"},"wordCount":279,"commentCount":0,"publisher":{"@id":"https:\/\/dicodusport.fr\/blog\/#organization"},"image":{"@id":"https:\/\/dicodusport.fr\/blog\/football-coupe-de-france-programme-tv-demi-finales\/#primaryimage"},"thumbnailUrl":"https:\/\/dicodusport.fr\/blog\/wp-content\/uploads\/2020\/03\/Football-Coupe-de-France-Le-programme-TV-des-demi-finales.png","keywords":["AS Saint-Etienne","Football","Ligue 1 Conforama","Olympique lyonnais","Paris Saint-Germain","Programme TV","sport","Stade rennais"],"articleSection":["Football"],"inLanguage":"fr-FR","potentialAction":[{"@type":"CommentAction","name":"Comment","target":["https:\/\/dicodusport.fr\/blog\/football-coupe-de-france-programme-tv-demi-finales\/#respond"]}],"copyrightYear":"2020","copyrightHolder":{"@id":"https:\/\/dicodusport.fr\/blog\/#organization"}},{"@type":"WebPage","@id":"https:\/\/dicodusport.fr\/blog\/football-coupe-de-france-programme-tv-demi-finales\/","url":"https:\/\/dicodusport.fr\/blog\/football-coupe-de-france-programme-tv-demi-finales\/","name":"Football - Coupe de France : le programme TV des demi-finales","isPartOf":{"@id":"https:\/\/dicodusport.fr\/blog\/#website"},"primaryImageOfPage":{"@id":"https:\/\/dicodusport.fr\/blog\/football-coupe-de-france-programme-tv-demi-finales\/#primaryimage"},"image":{"@id":"https:\/\/dicodusport.fr\/blog\/football-coupe-de-france-programme-tv-demi-finales\/#primaryimage"},"thumbnailUrl":"https:\/\/dicodusport.fr\/blog\/wp-content\/uploads\/2020\/03\/Football-Coupe-de-France-Le-programme-TV-des-demi-finales.png","datePublished":"2020-03-04T12:22:07+00:00","description":"Derni\u00e8re \u00e9tape \u00e0 valider avant le Stade de France pour les 4 \u00e9quipes de Ligue 1 qualifi\u00e9es. Le programme des demi-finales.","breadcrumb":{"@id":"https:\/\/dicodusport.fr\/blog\/football-coupe-de-france-programme-tv-demi-finales\/#breadcrumb"},"inLanguage":"fr-FR","potentialAction":[{"@type":"ReadAction","target":["https:\/\/dicodusport.fr\/blog\/football-coupe-de-france-programme-tv-demi-finales\/"]}]},{"@type":"ImageObject","inLanguage":"fr-FR","@id":"https:\/\/dicodusport.fr\/blog\/football-coupe-de-france-programme-tv-demi-finales\/#primaryimage","url":"https:\/\/dicodusport.fr\/blog\/wp-content\/uploads\/2020\/03\/Football-Coupe-de-France-Le-programme-TV-des-demi-finales.png","contentUrl":"https:\/\/dicodusport.fr\/blog\/wp-content\/uploads\/2020\/03\/Football-Coupe-de-France-Le-programme-TV-des-demi-finales.png","width":800,"height":445,"caption":"Football - Coupe de France - Le programme TV des demi-finales"},{"@type":"BreadcrumbList","@id":"https:\/\/dicodusport.fr\/blog\/football-coupe-de-france-programme-tv-demi-finales\/#breadcrumb","itemListElement":[{"@type":"ListItem","position":1,"name":"Accueil","item":"https:\/\/dicodusport.fr\/blog\/"},{"@type":"ListItem","position":2,"name":"Football &#8211; Coupe de France : le programme TV des demi-finales"}]},{"@type":"WebSite","@id":"https:\/\/dicodusport.fr\/blog\/#website","url":"https:\/\/dicodusport.fr\/blog\/","name":"Dicodusport","description":"L&#039;encyclop\u00e9die de l&#039;actualit\u00e9 sportive","publisher":{"@id":"https:\/\/dicodusport.fr\/blog\/#organization"},"potentialAction":[{"@type":"SearchAction","target":{"@type":"EntryPoint","urlTemplate":"https:\/\/dicodusport.fr\/blog\/?s={search_term_string}"},"query-input":{"@type":"PropertyValueSpecification","valueRequired":true,"valueName":"search_term_string"}}],"inLanguage":"fr-FR"},{"@type":"NewsMediaOrganization","@id":"https:\/\/dicodusport.fr\/blog\/#organization","name":"Dicodusport","url":"https:\/\/dicodusport.fr\/blog\/","logo":{"@type":"ImageObject","inLanguage":"fr-FR","@id":"https:\/\/dicodusport.fr\/blog\/#\/schema\/logo\/image\/","url":"https:\/\/dicodusport.fr\/blog\/wp-content\/uploads\/2020\/06\/cropped-LOGO-DICODUSPORT-2020-SANS-FOND-SANS-TEXTE.png","contentUrl":"https:\/\/dicodusport.fr\/blog\/wp-content\/uploads\/2020\/06\/cropped-LOGO-DICODUSPORT-2020-SANS-FOND-SANS-TEXTE.png","width":512,"height":512,"caption":"Dicodusport"},"image":{"@id":"https:\/\/dicodusport.fr\/blog\/#\/schema\/logo\/image\/"},"sameAs":["https:\/\/www.facebook.com\/dicodusport","https:\/\/x.com\/dicodusport","https:\/\/www.instagram.com\/dicodusport\/","https:\/\/www.youtube.com\/channel\/UC7V2KZ5sd3htJivAbA4ZG3w"],"description":"Dicodusport est l'encyclop\u00e9die de l'actualit\u00e9 sportive.","email":"bonjour@dicodusport.fr","legalName":"DICODUSPORT","foundingDate":"2018-01-14","vatID":"FR71834470973","taxID":"83447097300043","numberOfEmployees":{"@type":"QuantitativeValue","minValue":"1","maxValue":"10"}},{"@type":"Person","@id":"https:\/\/dicodusport.fr\/blog\/#\/schema\/person\/8c78730a59f8a1e617f7a19026ebc14a","name":"Romain Delanis","image":{"@type":"ImageObject","inLanguage":"fr-FR","@id":"https:\/\/dicodusport.fr\/blog\/#\/schema\/person\/image\/","url":"https:\/\/dicodusport.fr\/blog\/wp-content\/uploads\/2021\/05\/Romain-Delanis-150x150.jpg","contentUrl":"https:\/\/dicodusport.fr\/blog\/wp-content\/uploads\/2021\/05\/Romain-Delanis-150x150.jpg","caption":"Romain Delanis"},"description":"Journaliste\/R\u00e9dacteur depuis novembre 2015 - Capable de passer un samedi apr\u00e8s-midi devant la Ligue 2 puis le biathlon sans oublier la finale de l\u2019ATP Rotterdam, j\u2019aime aussi mettre mon r\u00e9veil pour me faire un Pistons\/Bulls qui rappelle de bons souvenirs. Tout cela, j\u2019ai choisi il y a maintenant quelques temps de vous le raconter avec Dicodusport, pour vous faire vivre ma passion parfois inconsid\u00e9r\u00e9e pour le sport en g\u00e9n\u00e9ral (mais surtout le foot faut se l\u2019avouer).","sameAs":["https:\/\/x.com\/https:\/\/twitter.com\/RDelanis"],"url":"https:\/\/dicodusport.fr\/blog\/author\/romain\/"}]}},"_links":{"self":[{"href":"https:\/\/dicodusport.fr\/blog\/wp-json\/wp\/v2\/posts\/62090","targetHints":{"allow":["GET"]}}],"collection":[{"href":"https:\/\/dicodusport.fr\/blog\/wp-json\/wp\/v2\/posts"}],"about":[{"href":"https:\/\/dicodusport.fr\/blog\/wp-json\/wp\/v2\/types\/post"}],"author":[{"embeddable":true,"href":"https:\/\/dicodusport.fr\/blog\/wp-json\/wp\/v2\/users\/14"}],"replies":[{"embeddable":true,"href":"https:\/\/dicodusport.fr\/blog\/wp-json\/wp\/v2\/comments?post=62090"}],"version-history":[{"count":0,"href":"https:\/\/dicodusport.fr\/blog\/wp-json\/wp\/v2\/posts\/62090\/revisions"}],"wp:featuredmedia":[{"embeddable":true,"href":"https:\/\/dicodusport.fr\/blog\/wp-json\/wp\/v2\/media\/62103"}],"wp:attachment":[{"href":"https:\/\/dicodusport.fr\/blog\/wp-json\/wp\/v2\/media?parent=62090"}],"wp:term":[{"taxonomy":"category","embeddable":true,"href":"https:\/\/dicodusport.fr\/blog\/wp-json\/wp\/v2\/categories?post=62090"},{"taxonomy":"post_tag","embeddable":true,"href":"https:\/\/dicodusport.fr\/blog\/wp-json\/wp\/v2\/tags?post=62090"}],"curies":[{"name":"wp","href":"https:\/\/api.w.org\/{rel}","templated":true}]}}