{"id":6210,"date":"2017-10-29T22:41:05","date_gmt":"2017-10-29T21:41:05","guid":{"rendered":"http:\/\/dicodusport.fr\/blog\/?p=6210"},"modified":"2021-04-13T23:16:05","modified_gmt":"2021-04-13T21:16:05","slug":"d1-feminine-7eme-journee-camille-abily-couronnee","status":"publish","type":"post","link":"https:\/\/dicodusport.fr\/blog\/d1-feminine-7eme-journee-camille-abily-couronnee\/","title":{"rendered":"D1 f\u00e9minine, 7\u00e8me journ\u00e9e : Camille Abily couronn\u00e9e"},"content":{"rendered":"<p style=\"text-align: justify;\"><strong><em>Saveur particuli\u00e8re pour cette 7\u00e8me journ\u00e9e de championnat : Camille Abily rev\u00eat les couleurs lyonnaises pour la 300\u00e8me fois. Une soir\u00e9e comme un r\u00eave pour l\u2019embl\u00e9matique num\u00e9ro 4, avec un doubl\u00e9, une victoire 6 \u00e0 0, et, au bras, pour un match, le brassard de capitaine.<\/em><\/strong><\/p>\n<p style=\"text-align: justify;\">Ce qu\u2019on aime chez Camille Abily, et plus g\u00e9n\u00e9ralement chez cette g\u00e9n\u00e9ration de si grandes joueuses trentenaires aujourd\u2019hui, les Ga\u00ebtane Thiney et autres Laura Georges, c\u2019est ce go\u00fbt du travail et de la modestie, cette fa\u00e7on de s\u2019\u00e9merveiller \u00e0 chaque but, \u00e0 chaque prestation de haut vol, comme si cela arrivait par hasard, une chance que seul un travail acharn\u00e9 pourrait de nouveau convoquer. Ce match devait \u00eatre le sien, ce maillot lyonnais, elle l\u2019a port\u00e9 300 fois. Contre Lille, Camille Abily eut l\u2019\u00e9l\u00e9gance de livrer un match \u00e0 la hauteur de son talent, de sa carri\u00e8re.<\/p>\n<h4 style=\"text-align: justify;\">Camille Abily au coup franc<\/h4>\n<p style=\"text-align: justify;\">7\u00e8me minute. Face aux attaques lyonnaises, les promues lilloises n\u2019ont autre choix que de d\u00e9fendre, et ce faisant, multiplient les fautes. L\u2019arbitre siffle. Sur ce coup franc \u00e0 l\u2019entr\u00e9e de la surface de r\u00e9paration, elles sont deux, trois \u00e0 pouvoir frapper. Amel Majri s\u2019\u00e9lance comme un leurre, derri\u00e8re elle, Camille Abily enroule une frappe qui ne laisse aucune chance \u00e0 Elisa Launay, la gardienne lilloise. Un but \u00e0 z\u00e9ro. Point de d\u00e9part d\u2019un d\u00e9ferlement d\u2019attaques et de buts lyonnais.<br \/>\nLa formation de Reynald Pedros, sans Dzsenifer Marozsan mais avec une Shanice van de Sanden retrouv\u00e9e, multiplie les combinaisons. Fait mouche. Deux minutes apr\u00e8s l\u2019ouverture du score, l\u2019indispensable Eug\u00e9nie Le Sommer, c\u00f4t\u00e9 gauche, enrhume la d\u00e9fense, centre au millim\u00e8tre pour la t\u00eate de Shanice van de Sanden, offre \u00e0 l\u2019internationale n\u00e9erlandaise son premier but sous ses couleurs lyonnaises (9\u00e8me).<br \/>\nC\u2019est alors qu\u2019Ada Hegerberg voulut en \u00eatre. Meilleure buteuse du championnat, elle s\u2019attacha \u00e0 conforter son statut. 17\u00e8me minute : lanc\u00e9e dans la profondeur par Eug\u00e9nie Le Sommer, l\u2019internationale norv\u00e9gienne, sa d\u00e9fenseuse sur le dos, crucifie la gardienne lilloise sans trembler. 17\u00e8me minute, pour la troisi\u00e8me fois, Elisa Launay allait chercher le ballon dans ses filets.<\/p>\n<h4 style=\"text-align: justify;\">Camille Abily, la t\u00eate la premi\u00e8re<\/h4>\n<p style=\"text-align: justify;\">Bis repetita quatre minutes plus tard. Camille Abily, servie c\u00f4t\u00e9 droit par Lucy Bronze, plonge au premier poteau, de la t\u00eate propulse le ballon dans les cages de cette pauvre Elisa Launay qui eut beau se d\u00e9tendre\u2026 en vain. Cela faisait 4 buts \u00e0 rien, on jouait la 21\u00e8me minute.<br \/>\nLes Lilloises devaient encore tenir une bonne heure, on se demandait comment cela allait finir, songeant tout \u00e0 coup au cinglant 9 \u2013 2 inflig\u00e9 au Paris FC le 24 septembre dernier. D\u2019autant que les Lilloises, vaillantes, ne purent rien proposer de plus que des contrattaques brouillonnes, des tirs de loin ou d\u00e9viss\u00e9s, \u00e0 l\u2019image de tentative la jeune internationale belge Jana Coryn. Paisible est la soir\u00e9e de la gardienne lyonnaise, on se prend \u00e0 esp\u00e9rer une temp\u00e9rature cl\u00e9mente, histoire qu\u2019elle ne prenne pas froid faute d\u2019exercice physique.<br \/>\nA l\u2019oppos\u00e9 du terrain, Elisa Launay, sans doute la joueuse lilloise la plus en vue, la plus sollicit\u00e9e. Quatre buts d\u00e9j\u00e0 dans les gants, elle ne se d\u00e9courage pas, s\u2019emploie \u00e0 repousser les assauts lyonnais, remporte un duel contre Ada Hegerberg, mais doit c\u00e9der, une fois encore, face \u00e0 la g\u00e9ante norv\u00e9gienne qui glisse, du bout du pied, comme si de rien n\u2019\u00e9tait, le ballon dans les cages adverses, concluant un festival d\u2019Amel Majri c\u00f4t\u00e9 gauche.<br \/>\n40\u00e8me minute. Lyon 5, Lille 0.<\/p>\n<h4 style=\"text-align: justify;\">Les Lyonnaises marquent et g\u00e8rent<\/h4>\n<p style=\"text-align: justify;\">De retour des vestiaires, les Lyonnaises d\u00e9cid\u00e8rent de\u2026 s\u2019\u00e9conomiser. Depuis le d\u00e9but du championnat, c\u2019est comme \u00e7a. Elles font le boulot en premi\u00e8re mi-temps, g\u00e8rent en seconde, donnant parfois une impression confuse au milieu de terrain, notamment en l\u2019absence de Dzsenifer Marozsan, bless\u00e9e \u00e0 la pommette.<br \/>\nLa machine est moins performante.<br \/>\nLes Lilloises en profitent pour tenter d\u2019exister, Saki Kumagai rate un p\u00e9nalty (54\u00e8me), Reynald Pedros lance Elodie Thomis pour ranimer ce grand corps amorphe qu\u2019est devenue son \u00e9quipe. L\u2019\u00e9tincelle esp\u00e9r\u00e9e se produit \u00e0 la 92\u00e8me, o\u00f9 Amel Majri et son pied gauche prouva qu\u2019elle se situait dans la lign\u00e9e de son a\u00een\u00e9e Camille Abily \u00e0 qui elle rendit un bel hommage en marquant, sur coup franc \u00e0 la 92\u00e8me. Que dire de ces journ\u00e9es de championnat, qui se suivent et se ressemblent ? Ada Hegerberg a beau souligner que du travail reste encore \u00e0 accomplir, les faits sont l\u00e0 : Lyon gagne, avec, sans ses cadres. Et Camille Abily s\u2019appr\u00eate \u00e0 jouer son 301\u00e8me match sous les couleurs lyonnaises.<\/p>\n<p style=\"text-align: justify;\"><em><strong>Camille Cordouan<\/strong><\/em><br \/>\n<a style=\"color: #000000;\" href=\"https:\/\/twitter.com\/CCordouan\" target=\"_blank\" rel=\"noopener noreferrer\"><img loading=\"lazy\" decoding=\"async\" class=\"alignnone wp-image-2908\" src=\"http:\/\/dicodusport.fr\/blog\/wp-content\/uploads\/2017\/07\/logo-twitter-150x150.png\" alt=\"\" width=\"39\" height=\"39\" \/><\/a><\/p>\n","protected":false},"excerpt":{"rendered":"<p>Saveur particuli\u00e8re pour cette 7\u00e8me journ\u00e9e de championnat : Camille Abily rev\u00eat les couleurs lyonnaises pour la 300\u00e8me fois. Une soir\u00e9e comme un r\u00eave pour l\u2019embl\u00e9matique num\u00e9ro 4, avec un doubl\u00e9, une victoire 6 \u00e0 0, et, au bras, pour un match, le brassard de capitaine. Ce qu\u2019on aime chez Camille Abily, et plus g\u00e9n\u00e9ralement [&hellip;]<\/p>\n","protected":false},"author":1,"featured_media":6211,"comment_status":"open","ping_status":"closed","sticky":false,"template":"","format":"standard","meta":{"_acf_changed":false,"_daextam_enable_autolinks":"","footnotes":""},"categories":[2,2301],"tags":[1334,75,1354,449,1145,1398],"class_list":["post-6210","post","type-post","status-publish","format-standard","has-post-thumbnail","hentry","category-actualites","category-football","tag-camille-abily","tag-football","tag-football-feminin","tag-lyon","tag-ol","tag-sport-feminin"],"acf":[],"yoast_head":"<!-- This site is optimized with the Yoast SEO Premium plugin v26.7 (Yoast SEO v26.7) - https:\/\/yoast.com\/wordpress\/plugins\/seo\/ -->\n<title>D1 f\u00e9minine, 7\u00e8me journ\u00e9e : Camille Abily couronn\u00e9e<\/title>\n<meta name=\"description\" content=\"Saveur particuli\u00e8re pour cette 7\u00e8me journ\u00e9e de championnat : Camille Abily rev\u00eat les couleurs lyonnaises pour la 300\u00e8me fois.\" \/>\n<meta name=\"robots\" content=\"index, follow, max-snippet:-1, max-image-preview:large, max-video-preview:-1\" \/>\n<link rel=\"canonical\" href=\"https:\/\/dicodusport.fr\/blog\/d1-feminine-7eme-journee-camille-abily-couronnee\/\" \/>\n<meta property=\"og:locale\" content=\"fr_FR\" \/>\n<meta property=\"og:type\" content=\"article\" \/>\n<meta property=\"og:title\" content=\"D1 f\u00e9minine, 7\u00e8me journ\u00e9e : Camille Abily couronn\u00e9e\" \/>\n<meta property=\"og:description\" content=\"Saveur particuli\u00e8re pour cette 7\u00e8me journ\u00e9e de championnat : Camille Abily rev\u00eat les couleurs lyonnaises pour la 300\u00e8me fois.\" \/>\n<meta property=\"og:url\" content=\"https:\/\/dicodusport.fr\/blog\/d1-feminine-7eme-journee-camille-abily-couronnee\/\" \/>\n<meta property=\"og:site_name\" content=\"Dicodusport\" \/>\n<meta property=\"article:publisher\" content=\"https:\/\/www.facebook.com\/dicodusport\" \/>\n<meta property=\"article:author\" content=\"https:\/\/www.facebook.com\/dicodusport\" \/>\n<meta property=\"article:published_time\" content=\"2017-10-29T21:41:05+00:00\" \/>\n<meta property=\"article:modified_time\" content=\"2021-04-13T21:16:05+00:00\" \/>\n<meta property=\"og:image\" content=\"https:\/\/dicodusport.fr\/blog\/wp-content\/uploads\/2017\/10\/Camille-Abily-300.png\" \/>\n\t<meta property=\"og:image:width\" content=\"1200\" \/>\n\t<meta property=\"og:image:height\" content=\"670\" \/>\n\t<meta property=\"og:image:type\" content=\"image\/png\" \/>\n<meta name=\"author\" content=\"Nicolas Jacquemard\" \/>\n<meta name=\"twitter:card\" content=\"summary_large_image\" \/>\n<meta name=\"twitter:creator\" content=\"@https:\/\/twitter.com\/Nico_Jacquemard\" \/>\n<meta name=\"twitter:site\" content=\"@dicodusport\" \/>\n<script type=\"application\/ld+json\" class=\"yoast-schema-graph\">{\"@context\":\"https:\/\/schema.org\",\"@graph\":[{\"@type\":\"NewsArticle\",\"@id\":\"https:\/\/dicodusport.fr\/blog\/d1-feminine-7eme-journee-camille-abily-couronnee\/#article\",\"isPartOf\":{\"@id\":\"https:\/\/dicodusport.fr\/blog\/d1-feminine-7eme-journee-camille-abily-couronnee\/\"},\"author\":{\"name\":\"Nicolas Jacquemard\",\"@id\":\"https:\/\/dicodusport.fr\/blog\/#\/schema\/person\/55dcb50ad410894e431ed812bbb70191\"},\"headline\":\"D1 f\u00e9minine, 7\u00e8me journ\u00e9e : Camille Abily couronn\u00e9e\",\"datePublished\":\"2017-10-29T21:41:05+00:00\",\"dateModified\":\"2021-04-13T21:16:05+00:00\",\"mainEntityOfPage\":{\"@id\":\"https:\/\/dicodusport.fr\/blog\/d1-feminine-7eme-journee-camille-abily-couronnee\/\"},\"wordCount\":823,\"commentCount\":0,\"publisher\":{\"@id\":\"https:\/\/dicodusport.fr\/blog\/#organization\"},\"image\":{\"@id\":\"https:\/\/dicodusport.fr\/blog\/d1-feminine-7eme-journee-camille-abily-couronnee\/#primaryimage\"},\"thumbnailUrl\":\"https:\/\/dicodusport.fr\/blog\/wp-content\/uploads\/2017\/10\/Camille-Abily-300.png\",\"keywords\":[\"Camille Abily\",\"Football\",\"football f\u00e9minin\",\"Lyon\",\"OL\",\"sport f\u00e9minin\"],\"articleSection\":[\"Actualit\u00e9s\",\"Football\"],\"inLanguage\":\"fr-FR\",\"potentialAction\":[{\"@type\":\"CommentAction\",\"name\":\"Comment\",\"target\":[\"https:\/\/dicodusport.fr\/blog\/d1-feminine-7eme-journee-camille-abily-couronnee\/#respond\"]}],\"copyrightYear\":\"2017\",\"copyrightHolder\":{\"@id\":\"https:\/\/dicodusport.fr\/blog\/#organization\"}},{\"@type\":\"WebPage\",\"@id\":\"https:\/\/dicodusport.fr\/blog\/d1-feminine-7eme-journee-camille-abily-couronnee\/\",\"url\":\"https:\/\/dicodusport.fr\/blog\/d1-feminine-7eme-journee-camille-abily-couronnee\/\",\"name\":\"D1 f\u00e9minine, 7\u00e8me journ\u00e9e : Camille Abily couronn\u00e9e\",\"isPartOf\":{\"@id\":\"https:\/\/dicodusport.fr\/blog\/#website\"},\"primaryImageOfPage\":{\"@id\":\"https:\/\/dicodusport.fr\/blog\/d1-feminine-7eme-journee-camille-abily-couronnee\/#primaryimage\"},\"image\":{\"@id\":\"https:\/\/dicodusport.fr\/blog\/d1-feminine-7eme-journee-camille-abily-couronnee\/#primaryimage\"},\"thumbnailUrl\":\"https:\/\/dicodusport.fr\/blog\/wp-content\/uploads\/2017\/10\/Camille-Abily-300.png\",\"datePublished\":\"2017-10-29T21:41:05+00:00\",\"dateModified\":\"2021-04-13T21:16:05+00:00\",\"description\":\"Saveur particuli\u00e8re pour cette 7\u00e8me journ\u00e9e de championnat : Camille Abily rev\u00eat les couleurs lyonnaises pour la 300\u00e8me fois.\",\"breadcrumb\":{\"@id\":\"https:\/\/dicodusport.fr\/blog\/d1-feminine-7eme-journee-camille-abily-couronnee\/#breadcrumb\"},\"inLanguage\":\"fr-FR\",\"potentialAction\":[{\"@type\":\"ReadAction\",\"target\":[\"https:\/\/dicodusport.fr\/blog\/d1-feminine-7eme-journee-camille-abily-couronnee\/\"]}]},{\"@type\":\"ImageObject\",\"inLanguage\":\"fr-FR\",\"@id\":\"https:\/\/dicodusport.fr\/blog\/d1-feminine-7eme-journee-camille-abily-couronnee\/#primaryimage\",\"url\":\"https:\/\/dicodusport.fr\/blog\/wp-content\/uploads\/2017\/10\/Camille-Abily-300.png\",\"contentUrl\":\"https:\/\/dicodusport.fr\/blog\/wp-content\/uploads\/2017\/10\/Camille-Abily-300.png\",\"width\":1200,\"height\":670,\"caption\":\"Camille Abily 300\"},{\"@type\":\"BreadcrumbList\",\"@id\":\"https:\/\/dicodusport.fr\/blog\/d1-feminine-7eme-journee-camille-abily-couronnee\/#breadcrumb\",\"itemListElement\":[{\"@type\":\"ListItem\",\"position\":1,\"name\":\"Accueil\",\"item\":\"https:\/\/dicodusport.fr\/blog\/\"},{\"@type\":\"ListItem\",\"position\":2,\"name\":\"D1 f\u00e9minine, 7\u00e8me journ\u00e9e : Camille Abily couronn\u00e9e\"}]},{\"@type\":\"WebSite\",\"@id\":\"https:\/\/dicodusport.fr\/blog\/#website\",\"url\":\"https:\/\/dicodusport.fr\/blog\/\",\"name\":\"Dicodusport\",\"description\":\"L&#039;encyclop\u00e9die de l&#039;actualit\u00e9 sportive\",\"publisher\":{\"@id\":\"https:\/\/dicodusport.fr\/blog\/#organization\"},\"potentialAction\":[{\"@type\":\"SearchAction\",\"target\":{\"@type\":\"EntryPoint\",\"urlTemplate\":\"https:\/\/dicodusport.fr\/blog\/?s={search_term_string}\"},\"query-input\":{\"@type\":\"PropertyValueSpecification\",\"valueRequired\":true,\"valueName\":\"search_term_string\"}}],\"inLanguage\":\"fr-FR\"},{\"@type\":\"NewsMediaOrganization\",\"@id\":\"https:\/\/dicodusport.fr\/blog\/#organization\",\"name\":\"Dicodusport\",\"url\":\"https:\/\/dicodusport.fr\/blog\/\",\"logo\":{\"@type\":\"ImageObject\",\"inLanguage\":\"fr-FR\",\"@id\":\"https:\/\/dicodusport.fr\/blog\/#\/schema\/logo\/image\/\",\"url\":\"https:\/\/dicodusport.fr\/blog\/wp-content\/uploads\/2020\/06\/cropped-LOGO-DICODUSPORT-2020-SANS-FOND-SANS-TEXTE.png\",\"contentUrl\":\"https:\/\/dicodusport.fr\/blog\/wp-content\/uploads\/2020\/06\/cropped-LOGO-DICODUSPORT-2020-SANS-FOND-SANS-TEXTE.png\",\"width\":512,\"height\":512,\"caption\":\"Dicodusport\"},\"image\":{\"@id\":\"https:\/\/dicodusport.fr\/blog\/#\/schema\/logo\/image\/\"},\"sameAs\":[\"https:\/\/www.facebook.com\/dicodusport\",\"https:\/\/x.com\/dicodusport\",\"https:\/\/www.instagram.com\/dicodusport\/\",\"https:\/\/www.youtube.com\/channel\/UC7V2KZ5sd3htJivAbA4ZG3w\"],\"description\":\"Dicodusport est l'encyclop\u00e9die de l'actualit\u00e9 sportive.\",\"email\":\"bonjour@dicodusport.fr\",\"legalName\":\"DICODUSPORT\",\"foundingDate\":\"2018-01-14\",\"vatID\":\"FR71834470973\",\"taxID\":\"83447097300043\",\"numberOfEmployees\":{\"@type\":\"QuantitativeValue\",\"minValue\":\"1\",\"maxValue\":\"10\"}},{\"@type\":\"Person\",\"@id\":\"https:\/\/dicodusport.fr\/blog\/#\/schema\/person\/55dcb50ad410894e431ed812bbb70191\",\"name\":\"Nicolas Jacquemard\",\"image\":{\"@type\":\"ImageObject\",\"inLanguage\":\"fr-FR\",\"@id\":\"https:\/\/dicodusport.fr\/blog\/#\/schema\/person\/image\/\",\"url\":\"https:\/\/dicodusport.fr\/blog\/wp-content\/uploads\/2021\/05\/Nicolas-Jacquemard-150x150.jpeg\",\"contentUrl\":\"https:\/\/dicodusport.fr\/blog\/wp-content\/uploads\/2021\/05\/Nicolas-Jacquemard-150x150.jpeg\",\"caption\":\"Nicolas Jacquemard\"},\"description\":\"Passionn\u00e9 de sport et entrepreneur depuis mes 18 ans, la cr\u00e9ation de Dicodusport m'a sembl\u00e9 \u00e9vidente pour participer \u00e0 la m\u00e9diatisation d'un plus grand nombre de sports. Le chemin est long mais avec une \u00e9quipe des plus motiv\u00e9es et les Jeux Olympiques de Paris 2024 en point de mire, nous y arriverons ! Journaliste dans le monde du sport depuis plus de 5 ans, je traite aussi bien de football, de rugby, de biathlon que de cyclisme.\",\"sameAs\":[\"https:\/\/www.facebook.com\/dicodusport\",\"https:\/\/x.com\/https:\/\/twitter.com\/Nico_Jacquemard\"],\"url\":\"https:\/\/dicodusport.fr\/blog\/author\/dicodusport\/\"}]}<\/script>\n<!-- \/ Yoast SEO Premium plugin. -->","yoast_head_json":{"title":"D1 f\u00e9minine, 7\u00e8me journ\u00e9e : Camille Abily couronn\u00e9e","description":"Saveur particuli\u00e8re pour cette 7\u00e8me journ\u00e9e de championnat : Camille Abily rev\u00eat les couleurs lyonnaises pour la 300\u00e8me fois.","robots":{"index":"index","follow":"follow","max-snippet":"max-snippet:-1","max-image-preview":"max-image-preview:large","max-video-preview":"max-video-preview:-1"},"canonical":"https:\/\/dicodusport.fr\/blog\/d1-feminine-7eme-journee-camille-abily-couronnee\/","og_locale":"fr_FR","og_type":"article","og_title":"D1 f\u00e9minine, 7\u00e8me journ\u00e9e : Camille Abily couronn\u00e9e","og_description":"Saveur particuli\u00e8re pour cette 7\u00e8me journ\u00e9e de championnat : Camille Abily rev\u00eat les couleurs lyonnaises pour la 300\u00e8me fois.","og_url":"https:\/\/dicodusport.fr\/blog\/d1-feminine-7eme-journee-camille-abily-couronnee\/","og_site_name":"Dicodusport","article_publisher":"https:\/\/www.facebook.com\/dicodusport","article_author":"https:\/\/www.facebook.com\/dicodusport","article_published_time":"2017-10-29T21:41:05+00:00","article_modified_time":"2021-04-13T21:16:05+00:00","og_image":[{"width":1200,"height":670,"url":"https:\/\/dicodusport.fr\/blog\/wp-content\/uploads\/2017\/10\/Camille-Abily-300.png","type":"image\/png"}],"author":"Nicolas Jacquemard","twitter_card":"summary_large_image","twitter_creator":"@https:\/\/twitter.com\/Nico_Jacquemard","twitter_site":"@dicodusport","schema":{"@context":"https:\/\/schema.org","@graph":[{"@type":"NewsArticle","@id":"https:\/\/dicodusport.fr\/blog\/d1-feminine-7eme-journee-camille-abily-couronnee\/#article","isPartOf":{"@id":"https:\/\/dicodusport.fr\/blog\/d1-feminine-7eme-journee-camille-abily-couronnee\/"},"author":{"name":"Nicolas Jacquemard","@id":"https:\/\/dicodusport.fr\/blog\/#\/schema\/person\/55dcb50ad410894e431ed812bbb70191"},"headline":"D1 f\u00e9minine, 7\u00e8me journ\u00e9e : Camille Abily couronn\u00e9e","datePublished":"2017-10-29T21:41:05+00:00","dateModified":"2021-04-13T21:16:05+00:00","mainEntityOfPage":{"@id":"https:\/\/dicodusport.fr\/blog\/d1-feminine-7eme-journee-camille-abily-couronnee\/"},"wordCount":823,"commentCount":0,"publisher":{"@id":"https:\/\/dicodusport.fr\/blog\/#organization"},"image":{"@id":"https:\/\/dicodusport.fr\/blog\/d1-feminine-7eme-journee-camille-abily-couronnee\/#primaryimage"},"thumbnailUrl":"https:\/\/dicodusport.fr\/blog\/wp-content\/uploads\/2017\/10\/Camille-Abily-300.png","keywords":["Camille Abily","Football","football f\u00e9minin","Lyon","OL","sport f\u00e9minin"],"articleSection":["Actualit\u00e9s","Football"],"inLanguage":"fr-FR","potentialAction":[{"@type":"CommentAction","name":"Comment","target":["https:\/\/dicodusport.fr\/blog\/d1-feminine-7eme-journee-camille-abily-couronnee\/#respond"]}],"copyrightYear":"2017","copyrightHolder":{"@id":"https:\/\/dicodusport.fr\/blog\/#organization"}},{"@type":"WebPage","@id":"https:\/\/dicodusport.fr\/blog\/d1-feminine-7eme-journee-camille-abily-couronnee\/","url":"https:\/\/dicodusport.fr\/blog\/d1-feminine-7eme-journee-camille-abily-couronnee\/","name":"D1 f\u00e9minine, 7\u00e8me journ\u00e9e : Camille Abily couronn\u00e9e","isPartOf":{"@id":"https:\/\/dicodusport.fr\/blog\/#website"},"primaryImageOfPage":{"@id":"https:\/\/dicodusport.fr\/blog\/d1-feminine-7eme-journee-camille-abily-couronnee\/#primaryimage"},"image":{"@id":"https:\/\/dicodusport.fr\/blog\/d1-feminine-7eme-journee-camille-abily-couronnee\/#primaryimage"},"thumbnailUrl":"https:\/\/dicodusport.fr\/blog\/wp-content\/uploads\/2017\/10\/Camille-Abily-300.png","datePublished":"2017-10-29T21:41:05+00:00","dateModified":"2021-04-13T21:16:05+00:00","description":"Saveur particuli\u00e8re pour cette 7\u00e8me journ\u00e9e de championnat : Camille Abily rev\u00eat les couleurs lyonnaises pour la 300\u00e8me fois.","breadcrumb":{"@id":"https:\/\/dicodusport.fr\/blog\/d1-feminine-7eme-journee-camille-abily-couronnee\/#breadcrumb"},"inLanguage":"fr-FR","potentialAction":[{"@type":"ReadAction","target":["https:\/\/dicodusport.fr\/blog\/d1-feminine-7eme-journee-camille-abily-couronnee\/"]}]},{"@type":"ImageObject","inLanguage":"fr-FR","@id":"https:\/\/dicodusport.fr\/blog\/d1-feminine-7eme-journee-camille-abily-couronnee\/#primaryimage","url":"https:\/\/dicodusport.fr\/blog\/wp-content\/uploads\/2017\/10\/Camille-Abily-300.png","contentUrl":"https:\/\/dicodusport.fr\/blog\/wp-content\/uploads\/2017\/10\/Camille-Abily-300.png","width":1200,"height":670,"caption":"Camille Abily 300"},{"@type":"BreadcrumbList","@id":"https:\/\/dicodusport.fr\/blog\/d1-feminine-7eme-journee-camille-abily-couronnee\/#breadcrumb","itemListElement":[{"@type":"ListItem","position":1,"name":"Accueil","item":"https:\/\/dicodusport.fr\/blog\/"},{"@type":"ListItem","position":2,"name":"D1 f\u00e9minine, 7\u00e8me journ\u00e9e : Camille Abily couronn\u00e9e"}]},{"@type":"WebSite","@id":"https:\/\/dicodusport.fr\/blog\/#website","url":"https:\/\/dicodusport.fr\/blog\/","name":"Dicodusport","description":"L&#039;encyclop\u00e9die de l&#039;actualit\u00e9 sportive","publisher":{"@id":"https:\/\/dicodusport.fr\/blog\/#organization"},"potentialAction":[{"@type":"SearchAction","target":{"@type":"EntryPoint","urlTemplate":"https:\/\/dicodusport.fr\/blog\/?s={search_term_string}"},"query-input":{"@type":"PropertyValueSpecification","valueRequired":true,"valueName":"search_term_string"}}],"inLanguage":"fr-FR"},{"@type":"NewsMediaOrganization","@id":"https:\/\/dicodusport.fr\/blog\/#organization","name":"Dicodusport","url":"https:\/\/dicodusport.fr\/blog\/","logo":{"@type":"ImageObject","inLanguage":"fr-FR","@id":"https:\/\/dicodusport.fr\/blog\/#\/schema\/logo\/image\/","url":"https:\/\/dicodusport.fr\/blog\/wp-content\/uploads\/2020\/06\/cropped-LOGO-DICODUSPORT-2020-SANS-FOND-SANS-TEXTE.png","contentUrl":"https:\/\/dicodusport.fr\/blog\/wp-content\/uploads\/2020\/06\/cropped-LOGO-DICODUSPORT-2020-SANS-FOND-SANS-TEXTE.png","width":512,"height":512,"caption":"Dicodusport"},"image":{"@id":"https:\/\/dicodusport.fr\/blog\/#\/schema\/logo\/image\/"},"sameAs":["https:\/\/www.facebook.com\/dicodusport","https:\/\/x.com\/dicodusport","https:\/\/www.instagram.com\/dicodusport\/","https:\/\/www.youtube.com\/channel\/UC7V2KZ5sd3htJivAbA4ZG3w"],"description":"Dicodusport est l'encyclop\u00e9die de l'actualit\u00e9 sportive.","email":"bonjour@dicodusport.fr","legalName":"DICODUSPORT","foundingDate":"2018-01-14","vatID":"FR71834470973","taxID":"83447097300043","numberOfEmployees":{"@type":"QuantitativeValue","minValue":"1","maxValue":"10"}},{"@type":"Person","@id":"https:\/\/dicodusport.fr\/blog\/#\/schema\/person\/55dcb50ad410894e431ed812bbb70191","name":"Nicolas Jacquemard","image":{"@type":"ImageObject","inLanguage":"fr-FR","@id":"https:\/\/dicodusport.fr\/blog\/#\/schema\/person\/image\/","url":"https:\/\/dicodusport.fr\/blog\/wp-content\/uploads\/2021\/05\/Nicolas-Jacquemard-150x150.jpeg","contentUrl":"https:\/\/dicodusport.fr\/blog\/wp-content\/uploads\/2021\/05\/Nicolas-Jacquemard-150x150.jpeg","caption":"Nicolas Jacquemard"},"description":"Passionn\u00e9 de sport et entrepreneur depuis mes 18 ans, la cr\u00e9ation de Dicodusport m'a sembl\u00e9 \u00e9vidente pour participer \u00e0 la m\u00e9diatisation d'un plus grand nombre de sports. Le chemin est long mais avec une \u00e9quipe des plus motiv\u00e9es et les Jeux Olympiques de Paris 2024 en point de mire, nous y arriverons ! Journaliste dans le monde du sport depuis plus de 5 ans, je traite aussi bien de football, de rugby, de biathlon que de cyclisme.","sameAs":["https:\/\/www.facebook.com\/dicodusport","https:\/\/x.com\/https:\/\/twitter.com\/Nico_Jacquemard"],"url":"https:\/\/dicodusport.fr\/blog\/author\/dicodusport\/"}]}},"_links":{"self":[{"href":"https:\/\/dicodusport.fr\/blog\/wp-json\/wp\/v2\/posts\/6210","targetHints":{"allow":["GET"]}}],"collection":[{"href":"https:\/\/dicodusport.fr\/blog\/wp-json\/wp\/v2\/posts"}],"about":[{"href":"https:\/\/dicodusport.fr\/blog\/wp-json\/wp\/v2\/types\/post"}],"author":[{"embeddable":true,"href":"https:\/\/dicodusport.fr\/blog\/wp-json\/wp\/v2\/users\/1"}],"replies":[{"embeddable":true,"href":"https:\/\/dicodusport.fr\/blog\/wp-json\/wp\/v2\/comments?post=6210"}],"version-history":[{"count":0,"href":"https:\/\/dicodusport.fr\/blog\/wp-json\/wp\/v2\/posts\/6210\/revisions"}],"wp:featuredmedia":[{"embeddable":true,"href":"https:\/\/dicodusport.fr\/blog\/wp-json\/wp\/v2\/media\/6211"}],"wp:attachment":[{"href":"https:\/\/dicodusport.fr\/blog\/wp-json\/wp\/v2\/media?parent=6210"}],"wp:term":[{"taxonomy":"category","embeddable":true,"href":"https:\/\/dicodusport.fr\/blog\/wp-json\/wp\/v2\/categories?post=6210"},{"taxonomy":"post_tag","embeddable":true,"href":"https:\/\/dicodusport.fr\/blog\/wp-json\/wp\/v2\/tags?post=6210"}],"curies":[{"name":"wp","href":"https:\/\/api.w.org\/{rel}","templated":true}]}}