{"id":621032,"date":"2025-10-23T11:42:13","date_gmt":"2025-10-23T09:42:13","guid":{"rendered":"https:\/\/dicodusport.fr\/blog\/?p=621032&#038;preview=true&#038;preview_id=621032"},"modified":"2025-10-23T14:18:42","modified_gmt":"2025-10-23T12:18:42","slug":"tour-de-france-femmes-2026-le-parcours-dans-le-detail-et-la-carte-du-trace","status":"publish","type":"post","link":"https:\/\/dicodusport.fr\/blog\/tour-de-france-femmes-2026-le-parcours-dans-le-detail-et-la-carte-du-trace\/","title":{"rendered":"Tour de France Femmes 2026 : Le parcours dans le d\u00e9tail et la carte du trac\u00e9"},"content":{"rendered":"<p style=\"text-align: justify;\"><strong><em>Retrouvez le parcours d\u00e9taill\u00e9 et la carte du Tour de France Femmes 2026, qui se tiendra du samedi 1er au dimanche 9 ao\u00fbt 2026.<\/em><\/strong><\/p>\n<ul>\n<li style=\"text-align: justify;\"><strong>\u00c0 ce sujet &#8211; <a href=\"https:\/\/dicodusport.fr\/blog\/actualites\/cyclisme\/cyclisme-sur-route\/\">L\u2019actualit\u00e9 du cyclisme sur route<\/a><\/strong><\/li>\n<\/ul>\n<p style=\"text-align: justify;\">Le parcours du <strong>Tour de France Femmes 2026<\/strong>, d\u00e9voil\u00e9 par Amaury Sport Organisation, s\u2019annonce plus exigeant et spectaculaire que jamais. L\u2019\u00e9preuve se d\u00e9roulera du <strong>1er au 9 ao\u00fbt<\/strong>, avec neuf \u00e9tapes, soit une de plus qu\u2019en 2025, pour <strong>un total d\u2019environ 1 175 kilom\u00e8tres<\/strong> et <strong>18 795 m\u00e8tres de d\u00e9nivel\u00e9 positif<\/strong>. Qui succ\u00e9dera \u00e0 <a href=\"https:\/\/dicodusport.fr\/blog\/pauline-ferrand-prevot-10-chiffres-fous-sur-sa-carriere-xxl\/\"><strong>Pauline Ferrand-Pr\u00e9vot<\/strong><\/a>, laur\u00e9ate du <a href=\"https:\/\/dicodusport.fr\/blog\/classement-general-tour-de-france-femmes-2025-mis-a-jour\/\">classement g\u00e9n\u00e9ral du Tour de France Femmes 2025<\/a> ?<\/p>\n<p style=\"text-align: justify;\">Le peloton s\u2019\u00e9lancera de <strong>Lausanne<\/strong>, en Suisse, marquant la premi\u00e8re fois qu\u2019un d\u00e9part \u00e9tranger est donn\u00e9 depuis la cr\u00e9ation du <strong>Tour f\u00e9minin<\/strong>. Les trois premi\u00e8res \u00e9tapes se d\u00e9rouleront sur le sol helv\u00e9tique avant une travers\u00e9e du sud-est de la France qui m\u00e8nera les coureuses jusqu\u2019\u00e0 <a href=\"https:\/\/dicodusport.fr\/blog\/tag\/nice\/\"><strong>Nice<\/strong><\/a>, th\u00e9\u00e2tre des deux derni\u00e8res arriv\u00e9es.<\/p>\n<h2 style=\"text-align: justify;\">La carte du Tour de France Femmes 2026<\/h2>\n<div id=\"attachment_621084\" style=\"width: 1648px\" class=\"wp-caption aligncenter\"><a href=\"https:\/\/dicodusport.fr\/blog\/wp-content\/uploads\/2025\/10\/Carte-du-parcours-du-Tour-de-France-Femmes-2026.jpg\"><img loading=\"lazy\" decoding=\"async\" aria-describedby=\"caption-attachment-621084\" class=\"size-full wp-image-621084\" src=\"https:\/\/dicodusport.fr\/blog\/wp-content\/uploads\/2025\/10\/Carte-du-parcours-du-Tour-de-France-Femmes-2026.jpg\" alt=\"Carte du parcours du Tour de France Femmes 2026\" width=\"1638\" height=\"2048\" srcset=\"https:\/\/dicodusport.fr\/blog\/wp-content\/uploads\/2025\/10\/Carte-du-parcours-du-Tour-de-France-Femmes-2026.jpg 1638w, https:\/\/dicodusport.fr\/blog\/wp-content\/uploads\/2025\/10\/Carte-du-parcours-du-Tour-de-France-Femmes-2026-240x300.jpg 240w, https:\/\/dicodusport.fr\/blog\/wp-content\/uploads\/2025\/10\/Carte-du-parcours-du-Tour-de-France-Femmes-2026-819x1024.jpg 819w, https:\/\/dicodusport.fr\/blog\/wp-content\/uploads\/2025\/10\/Carte-du-parcours-du-Tour-de-France-Femmes-2026-768x960.jpg 768w, https:\/\/dicodusport.fr\/blog\/wp-content\/uploads\/2025\/10\/Carte-du-parcours-du-Tour-de-France-Femmes-2026-1229x1536.jpg 1229w\" sizes=\"auto, (max-width: 1638px) 100vw, 1638px\" \/><\/a><p id=\"caption-attachment-621084\" class=\"wp-caption-text\">Carte du parcours du Tour de France Femmes 2026 &#8211; Via ASO<\/p><\/div>\n<h2 style=\"text-align: justify;\">Lausanne, la C\u00f4te-d&rsquo;Or puis le Beaujolais<\/h2>\n<p style=\"text-align: justify;\">La premi\u00e8re \u00e9tape, une boucle autour de <strong>Lausanne (137 km)<\/strong>, offrira un terrain vallonn\u00e9 propice aux puncheuses, avec une arriv\u00e9e en haut d&rsquo;une bosse de <strong>2,5 km \u00e0 4,6 %<\/strong>. Le lendemain, entre <strong>Aigle<\/strong> et <strong>Gen\u00e8ve<\/strong>, le profil accident\u00e9 pourrait convenir aux sprinteuses r\u00e9sistantes. La troisi\u00e8me \u00e9tape, de <strong>Gen\u00e8ve<\/strong> \u00e0 <strong>Poligny<\/strong>, marquera l\u2019entr\u00e9e en France, avec un passage par le <strong>Col de la Faucille<\/strong>.<\/p>\n<p style=\"text-align: justify;\">Le quatri\u00e8me jour sera consacr\u00e9 \u00e0 un contre-la-montre individuel de 21 km entre <strong>Gevrey-Chambertin<\/strong> et <strong>Dijon<\/strong>, une raret\u00e9 sur le Tour f\u00e9minin et une opportunit\u00e9 pour les sp\u00e9cialistes de creuser l\u2019\u00e9cart.<\/p>\n<p style=\"text-align: justify;\">Les jours suivants mettront en valeur les reliefs du Beaujolais, de la Loire et de l\u2019Ard\u00e8che. L\u2019\u00e9tape entre <strong>M\u00e2con<\/strong> et <strong>Belleville-en-Beaujolais<\/strong> (140 km) sera particuli\u00e8rement exigeante, avec l\u2019ascension du <strong>Mont Brouilly<\/strong> (3 km \u00e0 7,7 %) dans le final, dont le sommet sera situ\u00e9e \u00e0 10 km de l&rsquo;arriv\u00e9e \u00e0 <strong>Belleville-en-Beaujolais<\/strong>. La sixi\u00e8me \u00e9tape, entre <strong>Montbrison<\/strong> et <strong>Tournon-sur-Rh\u00f4ne<\/strong>, proposera un terrain casse-pattes o\u00f9 les baroudeuses pourraient jouer leur chance.<\/p>\n<div class=\"vlp-link-container vlp-layout-article\"><a href=\"https:\/\/dicodusport.fr\/blog\/tour-de-france-femmes-2026-denivele-kilometres-ascensions-le-parcours-en-chiffres\/\" class=\"vlp-link\" title=\"Tour de France Femmes 2026 : D\u00e9nivel\u00e9, kilom\u00e8tres, ascensions, le parcours en chiffres\"><\/a><div class=\"vlp-layout-zone-side\"><div class=\"vlp-block-4 vlp-link-image\"><img loading=\"lazy\" decoding=\"async\" style=\"max-width: 792px;\" width=\"792\" height=\"445\" src=\"https:\/\/dicodusport.fr\/blog\/wp-content\/uploads\/2025\/10\/Tour-de-France-Femmes-2026-Denivele-kilometres-ascensions-le-parcours-en-chiffres.png\" class=\"attachment-800x445 size-800x445\" alt=\"Tour de France Femmes 2026 D\u00e9nivel\u00e9, kilom\u00e8tres, ascensions, le parcours en chiffres\" srcset=\"https:\/\/dicodusport.fr\/blog\/wp-content\/uploads\/2025\/10\/Tour-de-France-Femmes-2026-Denivele-kilometres-ascensions-le-parcours-en-chiffres.png 1200w, https:\/\/dicodusport.fr\/blog\/wp-content\/uploads\/2025\/10\/Tour-de-France-Femmes-2026-Denivele-kilometres-ascensions-le-parcours-en-chiffres-300x169.png 300w, https:\/\/dicodusport.fr\/blog\/wp-content\/uploads\/2025\/10\/Tour-de-France-Femmes-2026-Denivele-kilometres-ascensions-le-parcours-en-chiffres-1024x575.png 1024w, https:\/\/dicodusport.fr\/blog\/wp-content\/uploads\/2025\/10\/Tour-de-France-Femmes-2026-Denivele-kilometres-ascensions-le-parcours-en-chiffres-768x431.png 768w\" sizes=\"auto, (max-width: 792px) 100vw, 792px\" \/><\/div><\/div><div class=\"vlp-layout-zone-main\"><div class=\"vlp-block-0 vlp-link-title\">Tour de France Femmes 2026 : D\u00e9nivel\u00e9, kilom\u00e8tres, ascensions, le parcours en chiffres<\/div><div class=\"vlp-block-1 vlp-link-summary\">Retour en chiffres sur le parcours du Tour de France Femmes 2026, qui a \u00e9t\u00e9 d\u00e9voil\u00e9 ce jeudi par la directrice de l'\u00e9preuve, Marion Rousse.<\/div><div class=\"vlp-block-2 vlp-link-button\">Lire l'article<\/div><div class=\"vlp-block-3 vlp-link-url\">dicodusport.fr<\/div><\/div><\/div>\n<h2 style=\"text-align: justify;\">Le Mont Ventoux, sommet du Tour de France Femmes 2026<\/h2>\n<p style=\"text-align: justify;\">Le <strong>Mont Ventoux<\/strong>, gravi par son versant mythique de B\u00e9doin lors de la septi\u00e8me \u00e9tape, constituera le grand rendez-vous montagneux de cette \u00e9dition. Ses pentes \u00e0 pr\u00e8s de 9 % sur plus de 15 km promettent une bataille f\u00e9roce pour le maillot jaune.<\/p>\n<p style=\"text-align: justify;\">Les deux derni\u00e8res \u00e9tapes autour de <strong>Nice<\/strong> offriront un final spectaculaire. L\u2019avant-derni\u00e8re, la plus longue du Tour (175 km), reliera <strong>Sisteron<\/strong> \u00e0 <strong>Nice<\/strong>, avec un petit mur comprenant un passage \u00e0 plus de 13 % en pleine ville, \u00e0 6 km de la ligne sur la Promenade des Anglais. La derni\u00e8re, un circuit de 99 km, proposera quatre ascensions du <strong>Col d\u2019\u00c8ze<\/strong>, dont un passage au dernier tour par le <strong>Chemin du Vinaigrier<\/strong> et le <strong>Col des Quatre Chemins<\/strong> (6 km \u00e0 7,6 %), avant plusieurs passages techniques avant l\u2019arriv\u00e9e sur la Promenade des Anglais.<\/p>\n<p style=\"text-align: justify;\">En somme, le<strong> Tour de France Femmes 2026<\/strong> se distingue par son profil plus montagneux, le retour du contre-la-montre individuel et une fin de parcours spectaculaire dans les Alpes-Maritimes. Le trac\u00e9, \u00e0 la fois vari\u00e9 et exigeant, devrait consacrer une coureuse compl\u00e8te, capable de briller sur tous les terrains \u2014 du contre-la-montre au Ventoux.<\/p>\n<h2 style=\"text-align: justify;\">La liste des \u00e9tapes du Tour de France Femmes 2026<\/h2>\n<p style=\"text-align: justify;\"><strong>Samedi 1er ao\u00fbt :<\/strong> Lausanne \u2192 Lausanne (137 km) : \u00e9tape vallonn\u00e9e<\/p>\n<p style=\"text-align: justify;\"><strong>Dimanche 2 ao\u00fbt :<\/strong> Aigle \u2192 Gen\u00e8ve (149 km) : \u00e9tape accident\u00e9e \/ sprint possible<\/p>\n<p style=\"text-align: justify;\"><strong>Lundi 3 ao\u00fbt :<\/strong> Gen\u00e8ve \u2192 Poligny (157 km) : \u00e9tape de moyenne montagne<\/p>\n<p style=\"text-align: justify;\"><strong>Mardi 4 ao\u00fbt :<\/strong> Gevrey-Chambertin \u2192 Dijon (21 km) : contre-la-montre individuel<\/p>\n<p style=\"text-align: justify;\"><strong>Mercredi 5 ao\u00fbt :<\/strong> M\u00e2con \u2192 Belleville-en-Beaujolais (140 km) : \u00e9tape vallonn\u00e9e \/ difficile<\/p>\n<p style=\"text-align: justify;\"><strong>Jeudi 6 ao\u00fbt :<\/strong> Montbrison \u2192 Tournon-sur-Rh\u00f4ne (153 km) : \u00e9tape vallonn\u00e9e \/ \u00e9chapp\u00e9es<\/p>\n<p style=\"text-align: justify;\"><strong>Vendredi 7 ao\u00fbt :<\/strong> La Voulte-sur-Rh\u00f4ne \u2192 Mont Ventoux (144 km) : \u00e9tape de montagne reine<\/p>\n<p style=\"text-align: justify;\"><strong>Samedi 8 ao\u00fbt :<\/strong> Sisteron \u2192 Nice (175 km) : \u00e9tape longue et vallonn\u00e9e<\/p>\n<p style=\"text-align: justify;\"><strong>Dimanche 9 ao\u00fbt :<\/strong> Nice \u2192 Nice (99 km) : \u00e9tape courte et explosive \/ finale en circuit<\/p>\n","protected":false},"excerpt":{"rendered":"<p>Retrouvez le parcours d\u00e9taill\u00e9 et la carte du Tour de France Femmes 2026, qui se tiendra du samedi 1er au dimanche 9 ao\u00fbt 2026.<\/p>\n","protected":false},"author":4,"featured_media":621082,"comment_status":"open","ping_status":"closed","sticky":false,"template":"","format":"standard","meta":{"_acf_changed":false,"_daextam_enable_autolinks":"1","footnotes":""},"categories":[46995],"tags":[32415,16878,574,11197,19848],"class_list":["post-621032","post","type-post","status-publish","format-standard","has-post-thumbnail","hentry","category-tour-de-france","tag-actu","tag-breve","tag-cyclisme","tag-cyclisme-sur-route","tag-tour-de-france-femmes"],"acf":[],"yoast_head":"<!-- This site is optimized with the Yoast SEO Premium plugin v26.7 (Yoast SEO v26.7) - https:\/\/yoast.com\/wordpress\/plugins\/seo\/ -->\n<title>Tour de France Femmes 2026 : Le parcours dans le d\u00e9tail et la carte du trac\u00e9<\/title>\n<meta name=\"description\" content=\"Retrouvez le parcours d\u00e9taill\u00e9 et la carte du Tour de France Femmes 2026, qui se tiendra du samedi 1er au dimanche 9 ao\u00fbt 2026.\" \/>\n<meta name=\"robots\" content=\"index, follow, max-snippet:-1, max-image-preview:large, max-video-preview:-1\" \/>\n<link rel=\"canonical\" href=\"https:\/\/dicodusport.fr\/blog\/tour-de-france-femmes-2026-le-parcours-dans-le-detail-et-la-carte-du-trace\/\" \/>\n<meta property=\"og:locale\" content=\"fr_FR\" \/>\n<meta property=\"og:type\" content=\"article\" \/>\n<meta property=\"og:title\" content=\"Tour de France Femmes 2026 : Le parcours dans le d\u00e9tail et la carte du trac\u00e9\" \/>\n<meta property=\"og:description\" content=\"Retrouvez le parcours d\u00e9taill\u00e9 et la carte du Tour de France Femmes 2026, qui se tiendra du samedi 1er au dimanche 9 ao\u00fbt 2026.\" \/>\n<meta property=\"og:url\" content=\"https:\/\/dicodusport.fr\/blog\/tour-de-france-femmes-2026-le-parcours-dans-le-detail-et-la-carte-du-trace\/\" \/>\n<meta property=\"og:site_name\" content=\"Dicodusport\" \/>\n<meta property=\"article:publisher\" content=\"https:\/\/www.facebook.com\/dicodusport\" \/>\n<meta property=\"article:author\" content=\"https:\/\/www.facebook.com\/florent.ostermann\" \/>\n<meta property=\"article:published_time\" content=\"2025-10-23T09:42:13+00:00\" \/>\n<meta property=\"article:modified_time\" content=\"2025-10-23T12:18:42+00:00\" \/>\n<meta property=\"og:image\" content=\"https:\/\/dicodusport.fr\/blog\/wp-content\/uploads\/2025\/10\/Tour-de-France-Femmes-2026-Le-parcours-dans-le-detail-et-la-carte-du-trace.png\" \/>\n\t<meta property=\"og:image:width\" content=\"1200\" \/>\n\t<meta property=\"og:image:height\" content=\"674\" \/>\n\t<meta property=\"og:image:type\" content=\"image\/png\" \/>\n<meta name=\"author\" content=\"Flo Ostermann\" \/>\n<meta name=\"twitter:card\" content=\"summary_large_image\" \/>\n<meta name=\"twitter:title\" content=\"Tour de France Femmes 2026 : Le parcours dans le d\u00e9tail et la carte du trac\u00e9\" \/>\n<meta name=\"twitter:creator\" content=\"@https:\/\/twitter.com\/FlOstermann\" \/>\n<meta name=\"twitter:site\" content=\"@dicodusport\" \/>\n<script type=\"application\/ld+json\" class=\"yoast-schema-graph\">{\"@context\":\"https:\/\/schema.org\",\"@graph\":[{\"@type\":\"NewsArticle\",\"@id\":\"https:\/\/dicodusport.fr\/blog\/tour-de-france-femmes-2026-le-parcours-dans-le-detail-et-la-carte-du-trace\/#article\",\"isPartOf\":{\"@id\":\"https:\/\/dicodusport.fr\/blog\/tour-de-france-femmes-2026-le-parcours-dans-le-detail-et-la-carte-du-trace\/\"},\"author\":{\"name\":\"Flo Ostermann\",\"@id\":\"https:\/\/dicodusport.fr\/blog\/#\/schema\/person\/cb02af4c173ce4a653b55e9baf388d4a\"},\"headline\":\"Tour de France Femmes 2026 : Le parcours dans le d\u00e9tail et la carte du trac\u00e9\",\"datePublished\":\"2025-10-23T09:42:13+00:00\",\"dateModified\":\"2025-10-23T12:18:42+00:00\",\"mainEntityOfPage\":{\"@id\":\"https:\/\/dicodusport.fr\/blog\/tour-de-france-femmes-2026-le-parcours-dans-le-detail-et-la-carte-du-trace\/\"},\"wordCount\":767,\"commentCount\":0,\"publisher\":{\"@id\":\"https:\/\/dicodusport.fr\/blog\/#organization\"},\"image\":{\"@id\":\"https:\/\/dicodusport.fr\/blog\/tour-de-france-femmes-2026-le-parcours-dans-le-detail-et-la-carte-du-trace\/#primaryimage\"},\"thumbnailUrl\":\"https:\/\/dicodusport.fr\/blog\/wp-content\/uploads\/2025\/10\/Tour-de-France-Femmes-2026-Le-parcours-dans-le-detail-et-la-carte-du-trace.png\",\"keywords\":[\"actu\",\"br\u00e8ve\",\"Cyclisme\",\"Cyclisme sur route\",\"Tour de France Femmes\"],\"articleSection\":[\"Tour de France\"],\"inLanguage\":\"fr-FR\",\"potentialAction\":[{\"@type\":\"CommentAction\",\"name\":\"Comment\",\"target\":[\"https:\/\/dicodusport.fr\/blog\/tour-de-france-femmes-2026-le-parcours-dans-le-detail-et-la-carte-du-trace\/#respond\"]}],\"copyrightYear\":\"2025\",\"copyrightHolder\":{\"@id\":\"https:\/\/dicodusport.fr\/blog\/#organization\"}},{\"@type\":\"WebPage\",\"@id\":\"https:\/\/dicodusport.fr\/blog\/tour-de-france-femmes-2026-le-parcours-dans-le-detail-et-la-carte-du-trace\/\",\"url\":\"https:\/\/dicodusport.fr\/blog\/tour-de-france-femmes-2026-le-parcours-dans-le-detail-et-la-carte-du-trace\/\",\"name\":\"Tour de France Femmes 2026 : Le parcours dans le d\u00e9tail et la carte du trac\u00e9\",\"isPartOf\":{\"@id\":\"https:\/\/dicodusport.fr\/blog\/#website\"},\"primaryImageOfPage\":{\"@id\":\"https:\/\/dicodusport.fr\/blog\/tour-de-france-femmes-2026-le-parcours-dans-le-detail-et-la-carte-du-trace\/#primaryimage\"},\"image\":{\"@id\":\"https:\/\/dicodusport.fr\/blog\/tour-de-france-femmes-2026-le-parcours-dans-le-detail-et-la-carte-du-trace\/#primaryimage\"},\"thumbnailUrl\":\"https:\/\/dicodusport.fr\/blog\/wp-content\/uploads\/2025\/10\/Tour-de-France-Femmes-2026-Le-parcours-dans-le-detail-et-la-carte-du-trace.png\",\"datePublished\":\"2025-10-23T09:42:13+00:00\",\"dateModified\":\"2025-10-23T12:18:42+00:00\",\"description\":\"Retrouvez le parcours d\u00e9taill\u00e9 et la carte du Tour de France Femmes 2026, qui se tiendra du samedi 1er au dimanche 9 ao\u00fbt 2026.\",\"breadcrumb\":{\"@id\":\"https:\/\/dicodusport.fr\/blog\/tour-de-france-femmes-2026-le-parcours-dans-le-detail-et-la-carte-du-trace\/#breadcrumb\"},\"inLanguage\":\"fr-FR\",\"potentialAction\":[{\"@type\":\"ReadAction\",\"target\":[\"https:\/\/dicodusport.fr\/blog\/tour-de-france-femmes-2026-le-parcours-dans-le-detail-et-la-carte-du-trace\/\"]}]},{\"@type\":\"ImageObject\",\"inLanguage\":\"fr-FR\",\"@id\":\"https:\/\/dicodusport.fr\/blog\/tour-de-france-femmes-2026-le-parcours-dans-le-detail-et-la-carte-du-trace\/#primaryimage\",\"url\":\"https:\/\/dicodusport.fr\/blog\/wp-content\/uploads\/2025\/10\/Tour-de-France-Femmes-2026-Le-parcours-dans-le-detail-et-la-carte-du-trace.png\",\"contentUrl\":\"https:\/\/dicodusport.fr\/blog\/wp-content\/uploads\/2025\/10\/Tour-de-France-Femmes-2026-Le-parcours-dans-le-detail-et-la-carte-du-trace.png\",\"width\":1200,\"height\":674,\"caption\":\"Tour de France Femmes 2026 Le parcours dans le d\u00e9tail et la carte du trac\u00e9\"},{\"@type\":\"BreadcrumbList\",\"@id\":\"https:\/\/dicodusport.fr\/blog\/tour-de-france-femmes-2026-le-parcours-dans-le-detail-et-la-carte-du-trace\/#breadcrumb\",\"itemListElement\":[{\"@type\":\"ListItem\",\"position\":1,\"name\":\"Accueil\",\"item\":\"https:\/\/dicodusport.fr\/blog\/\"},{\"@type\":\"ListItem\",\"position\":2,\"name\":\"Tour de France Femmes 2026 : Le parcours dans le d\u00e9tail et la carte du trac\u00e9\"}]},{\"@type\":\"WebSite\",\"@id\":\"https:\/\/dicodusport.fr\/blog\/#website\",\"url\":\"https:\/\/dicodusport.fr\/blog\/\",\"name\":\"Dicodusport\",\"description\":\"L&#039;encyclop\u00e9die de l&#039;actualit\u00e9 sportive\",\"publisher\":{\"@id\":\"https:\/\/dicodusport.fr\/blog\/#organization\"},\"potentialAction\":[{\"@type\":\"SearchAction\",\"target\":{\"@type\":\"EntryPoint\",\"urlTemplate\":\"https:\/\/dicodusport.fr\/blog\/?s={search_term_string}\"},\"query-input\":{\"@type\":\"PropertyValueSpecification\",\"valueRequired\":true,\"valueName\":\"search_term_string\"}}],\"inLanguage\":\"fr-FR\"},{\"@type\":\"NewsMediaOrganization\",\"@id\":\"https:\/\/dicodusport.fr\/blog\/#organization\",\"name\":\"Dicodusport\",\"url\":\"https:\/\/dicodusport.fr\/blog\/\",\"logo\":{\"@type\":\"ImageObject\",\"inLanguage\":\"fr-FR\",\"@id\":\"https:\/\/dicodusport.fr\/blog\/#\/schema\/logo\/image\/\",\"url\":\"https:\/\/dicodusport.fr\/blog\/wp-content\/uploads\/2020\/06\/cropped-LOGO-DICODUSPORT-2020-SANS-FOND-SANS-TEXTE.png\",\"contentUrl\":\"https:\/\/dicodusport.fr\/blog\/wp-content\/uploads\/2020\/06\/cropped-LOGO-DICODUSPORT-2020-SANS-FOND-SANS-TEXTE.png\",\"width\":512,\"height\":512,\"caption\":\"Dicodusport\"},\"image\":{\"@id\":\"https:\/\/dicodusport.fr\/blog\/#\/schema\/logo\/image\/\"},\"sameAs\":[\"https:\/\/www.facebook.com\/dicodusport\",\"https:\/\/x.com\/dicodusport\",\"https:\/\/www.instagram.com\/dicodusport\/\",\"https:\/\/www.youtube.com\/channel\/UC7V2KZ5sd3htJivAbA4ZG3w\"],\"description\":\"Dicodusport est l'encyclop\u00e9die de l'actualit\u00e9 sportive.\",\"email\":\"bonjour@dicodusport.fr\",\"legalName\":\"DICODUSPORT\",\"foundingDate\":\"2018-01-14\",\"vatID\":\"FR71834470973\",\"taxID\":\"83447097300043\",\"numberOfEmployees\":{\"@type\":\"QuantitativeValue\",\"minValue\":\"1\",\"maxValue\":\"10\"}},{\"@type\":\"Person\",\"@id\":\"https:\/\/dicodusport.fr\/blog\/#\/schema\/person\/cb02af4c173ce4a653b55e9baf388d4a\",\"name\":\"Flo Ostermann\",\"image\":{\"@type\":\"ImageObject\",\"inLanguage\":\"fr-FR\",\"@id\":\"https:\/\/dicodusport.fr\/blog\/#\/schema\/person\/image\/\",\"url\":\"https:\/\/dicodusport.fr\/blog\/wp-content\/uploads\/2021\/05\/Flo-Ostermann-150x150.jpg\",\"contentUrl\":\"https:\/\/dicodusport.fr\/blog\/wp-content\/uploads\/2021\/05\/Flo-Ostermann-150x150.jpg\",\"caption\":\"Flo Ostermann\"},\"description\":\"Journaliste\/R\u00e9dacteur depuis septembre 2015 - Mes premiers souvenirs dans le sport ? Les envol\u00e9es du Stade Toulousain et les duels Villeneuve-Schumacher et H\u00e4kkinen-Schumacher \u00e0 la fin des ann\u00e9es 90, la Coupe du monde de football en 1998, l\u2019exploit du XV de France face aux All Blacks en 1999, mais aussi Richard C\u0153ur de Lion qui vole sur les montagnes du Tour de France. Bien parti pour devenir professeur d\u2019EPS, les \u00e9v\u00e9nements de la vie (et la flemme d\u2019animer des s\u00e9ances de 3x500 m\u00e8tres toute ma vie) m\u2019ont conduit \u00e0 revoir mes plans. Me voil\u00e0 depuis fin 2017 sur Dicodusport, m\u00e9dia gr\u00e2ce (et pour) lequel je partage ma passion : le sport dans tous ses \u00e9tats. Le tout accompagn\u00e9 par les fous furieux et folles furieuses cit\u00e9s sur cette page !\",\"sameAs\":[\"https:\/\/www.facebook.com\/florent.ostermann\",\"https:\/\/x.com\/https:\/\/twitter.com\/FlOstermann\",\"admin\"],\"url\":\"https:\/\/dicodusport.fr\/blog\/author\/flo\/\"}]}<\/script>\n<!-- \/ Yoast SEO Premium plugin. -->","yoast_head_json":{"title":"Tour de France Femmes 2026 : Le parcours dans le d\u00e9tail et la carte du trac\u00e9","description":"Retrouvez le parcours d\u00e9taill\u00e9 et la carte du Tour de France Femmes 2026, qui se tiendra du samedi 1er au dimanche 9 ao\u00fbt 2026.","robots":{"index":"index","follow":"follow","max-snippet":"max-snippet:-1","max-image-preview":"max-image-preview:large","max-video-preview":"max-video-preview:-1"},"canonical":"https:\/\/dicodusport.fr\/blog\/tour-de-france-femmes-2026-le-parcours-dans-le-detail-et-la-carte-du-trace\/","og_locale":"fr_FR","og_type":"article","og_title":"Tour de France Femmes 2026 : Le parcours dans le d\u00e9tail et la carte du trac\u00e9","og_description":"Retrouvez le parcours d\u00e9taill\u00e9 et la carte du Tour de France Femmes 2026, qui se tiendra du samedi 1er au dimanche 9 ao\u00fbt 2026.","og_url":"https:\/\/dicodusport.fr\/blog\/tour-de-france-femmes-2026-le-parcours-dans-le-detail-et-la-carte-du-trace\/","og_site_name":"Dicodusport","article_publisher":"https:\/\/www.facebook.com\/dicodusport","article_author":"https:\/\/www.facebook.com\/florent.ostermann","article_published_time":"2025-10-23T09:42:13+00:00","article_modified_time":"2025-10-23T12:18:42+00:00","og_image":[{"width":1200,"height":674,"url":"https:\/\/dicodusport.fr\/blog\/wp-content\/uploads\/2025\/10\/Tour-de-France-Femmes-2026-Le-parcours-dans-le-detail-et-la-carte-du-trace.png","type":"image\/png"}],"author":"Flo Ostermann","twitter_card":"summary_large_image","twitter_title":"Tour de France Femmes 2026 : Le parcours dans le d\u00e9tail et la carte du trac\u00e9","twitter_creator":"@https:\/\/twitter.com\/FlOstermann","twitter_site":"@dicodusport","schema":{"@context":"https:\/\/schema.org","@graph":[{"@type":"NewsArticle","@id":"https:\/\/dicodusport.fr\/blog\/tour-de-france-femmes-2026-le-parcours-dans-le-detail-et-la-carte-du-trace\/#article","isPartOf":{"@id":"https:\/\/dicodusport.fr\/blog\/tour-de-france-femmes-2026-le-parcours-dans-le-detail-et-la-carte-du-trace\/"},"author":{"name":"Flo Ostermann","@id":"https:\/\/dicodusport.fr\/blog\/#\/schema\/person\/cb02af4c173ce4a653b55e9baf388d4a"},"headline":"Tour de France Femmes 2026 : Le parcours dans le d\u00e9tail et la carte du trac\u00e9","datePublished":"2025-10-23T09:42:13+00:00","dateModified":"2025-10-23T12:18:42+00:00","mainEntityOfPage":{"@id":"https:\/\/dicodusport.fr\/blog\/tour-de-france-femmes-2026-le-parcours-dans-le-detail-et-la-carte-du-trace\/"},"wordCount":767,"commentCount":0,"publisher":{"@id":"https:\/\/dicodusport.fr\/blog\/#organization"},"image":{"@id":"https:\/\/dicodusport.fr\/blog\/tour-de-france-femmes-2026-le-parcours-dans-le-detail-et-la-carte-du-trace\/#primaryimage"},"thumbnailUrl":"https:\/\/dicodusport.fr\/blog\/wp-content\/uploads\/2025\/10\/Tour-de-France-Femmes-2026-Le-parcours-dans-le-detail-et-la-carte-du-trace.png","keywords":["actu","br\u00e8ve","Cyclisme","Cyclisme sur route","Tour de France Femmes"],"articleSection":["Tour de France"],"inLanguage":"fr-FR","potentialAction":[{"@type":"CommentAction","name":"Comment","target":["https:\/\/dicodusport.fr\/blog\/tour-de-france-femmes-2026-le-parcours-dans-le-detail-et-la-carte-du-trace\/#respond"]}],"copyrightYear":"2025","copyrightHolder":{"@id":"https:\/\/dicodusport.fr\/blog\/#organization"}},{"@type":"WebPage","@id":"https:\/\/dicodusport.fr\/blog\/tour-de-france-femmes-2026-le-parcours-dans-le-detail-et-la-carte-du-trace\/","url":"https:\/\/dicodusport.fr\/blog\/tour-de-france-femmes-2026-le-parcours-dans-le-detail-et-la-carte-du-trace\/","name":"Tour de France Femmes 2026 : Le parcours dans le d\u00e9tail et la carte du trac\u00e9","isPartOf":{"@id":"https:\/\/dicodusport.fr\/blog\/#website"},"primaryImageOfPage":{"@id":"https:\/\/dicodusport.fr\/blog\/tour-de-france-femmes-2026-le-parcours-dans-le-detail-et-la-carte-du-trace\/#primaryimage"},"image":{"@id":"https:\/\/dicodusport.fr\/blog\/tour-de-france-femmes-2026-le-parcours-dans-le-detail-et-la-carte-du-trace\/#primaryimage"},"thumbnailUrl":"https:\/\/dicodusport.fr\/blog\/wp-content\/uploads\/2025\/10\/Tour-de-France-Femmes-2026-Le-parcours-dans-le-detail-et-la-carte-du-trace.png","datePublished":"2025-10-23T09:42:13+00:00","dateModified":"2025-10-23T12:18:42+00:00","description":"Retrouvez le parcours d\u00e9taill\u00e9 et la carte du Tour de France Femmes 2026, qui se tiendra du samedi 1er au dimanche 9 ao\u00fbt 2026.","breadcrumb":{"@id":"https:\/\/dicodusport.fr\/blog\/tour-de-france-femmes-2026-le-parcours-dans-le-detail-et-la-carte-du-trace\/#breadcrumb"},"inLanguage":"fr-FR","potentialAction":[{"@type":"ReadAction","target":["https:\/\/dicodusport.fr\/blog\/tour-de-france-femmes-2026-le-parcours-dans-le-detail-et-la-carte-du-trace\/"]}]},{"@type":"ImageObject","inLanguage":"fr-FR","@id":"https:\/\/dicodusport.fr\/blog\/tour-de-france-femmes-2026-le-parcours-dans-le-detail-et-la-carte-du-trace\/#primaryimage","url":"https:\/\/dicodusport.fr\/blog\/wp-content\/uploads\/2025\/10\/Tour-de-France-Femmes-2026-Le-parcours-dans-le-detail-et-la-carte-du-trace.png","contentUrl":"https:\/\/dicodusport.fr\/blog\/wp-content\/uploads\/2025\/10\/Tour-de-France-Femmes-2026-Le-parcours-dans-le-detail-et-la-carte-du-trace.png","width":1200,"height":674,"caption":"Tour de France Femmes 2026 Le parcours dans le d\u00e9tail et la carte du trac\u00e9"},{"@type":"BreadcrumbList","@id":"https:\/\/dicodusport.fr\/blog\/tour-de-france-femmes-2026-le-parcours-dans-le-detail-et-la-carte-du-trace\/#breadcrumb","itemListElement":[{"@type":"ListItem","position":1,"name":"Accueil","item":"https:\/\/dicodusport.fr\/blog\/"},{"@type":"ListItem","position":2,"name":"Tour de France Femmes 2026 : Le parcours dans le d\u00e9tail et la carte du trac\u00e9"}]},{"@type":"WebSite","@id":"https:\/\/dicodusport.fr\/blog\/#website","url":"https:\/\/dicodusport.fr\/blog\/","name":"Dicodusport","description":"L&#039;encyclop\u00e9die de l&#039;actualit\u00e9 sportive","publisher":{"@id":"https:\/\/dicodusport.fr\/blog\/#organization"},"potentialAction":[{"@type":"SearchAction","target":{"@type":"EntryPoint","urlTemplate":"https:\/\/dicodusport.fr\/blog\/?s={search_term_string}"},"query-input":{"@type":"PropertyValueSpecification","valueRequired":true,"valueName":"search_term_string"}}],"inLanguage":"fr-FR"},{"@type":"NewsMediaOrganization","@id":"https:\/\/dicodusport.fr\/blog\/#organization","name":"Dicodusport","url":"https:\/\/dicodusport.fr\/blog\/","logo":{"@type":"ImageObject","inLanguage":"fr-FR","@id":"https:\/\/dicodusport.fr\/blog\/#\/schema\/logo\/image\/","url":"https:\/\/dicodusport.fr\/blog\/wp-content\/uploads\/2020\/06\/cropped-LOGO-DICODUSPORT-2020-SANS-FOND-SANS-TEXTE.png","contentUrl":"https:\/\/dicodusport.fr\/blog\/wp-content\/uploads\/2020\/06\/cropped-LOGO-DICODUSPORT-2020-SANS-FOND-SANS-TEXTE.png","width":512,"height":512,"caption":"Dicodusport"},"image":{"@id":"https:\/\/dicodusport.fr\/blog\/#\/schema\/logo\/image\/"},"sameAs":["https:\/\/www.facebook.com\/dicodusport","https:\/\/x.com\/dicodusport","https:\/\/www.instagram.com\/dicodusport\/","https:\/\/www.youtube.com\/channel\/UC7V2KZ5sd3htJivAbA4ZG3w"],"description":"Dicodusport est l'encyclop\u00e9die de l'actualit\u00e9 sportive.","email":"bonjour@dicodusport.fr","legalName":"DICODUSPORT","foundingDate":"2018-01-14","vatID":"FR71834470973","taxID":"83447097300043","numberOfEmployees":{"@type":"QuantitativeValue","minValue":"1","maxValue":"10"}},{"@type":"Person","@id":"https:\/\/dicodusport.fr\/blog\/#\/schema\/person\/cb02af4c173ce4a653b55e9baf388d4a","name":"Flo Ostermann","image":{"@type":"ImageObject","inLanguage":"fr-FR","@id":"https:\/\/dicodusport.fr\/blog\/#\/schema\/person\/image\/","url":"https:\/\/dicodusport.fr\/blog\/wp-content\/uploads\/2021\/05\/Flo-Ostermann-150x150.jpg","contentUrl":"https:\/\/dicodusport.fr\/blog\/wp-content\/uploads\/2021\/05\/Flo-Ostermann-150x150.jpg","caption":"Flo Ostermann"},"description":"Journaliste\/R\u00e9dacteur depuis septembre 2015 - Mes premiers souvenirs dans le sport ? Les envol\u00e9es du Stade Toulousain et les duels Villeneuve-Schumacher et H\u00e4kkinen-Schumacher \u00e0 la fin des ann\u00e9es 90, la Coupe du monde de football en 1998, l\u2019exploit du XV de France face aux All Blacks en 1999, mais aussi Richard C\u0153ur de Lion qui vole sur les montagnes du Tour de France. Bien parti pour devenir professeur d\u2019EPS, les \u00e9v\u00e9nements de la vie (et la flemme d\u2019animer des s\u00e9ances de 3x500 m\u00e8tres toute ma vie) m\u2019ont conduit \u00e0 revoir mes plans. Me voil\u00e0 depuis fin 2017 sur Dicodusport, m\u00e9dia gr\u00e2ce (et pour) lequel je partage ma passion : le sport dans tous ses \u00e9tats. Le tout accompagn\u00e9 par les fous furieux et folles furieuses cit\u00e9s sur cette page !","sameAs":["https:\/\/www.facebook.com\/florent.ostermann","https:\/\/x.com\/https:\/\/twitter.com\/FlOstermann","admin"],"url":"https:\/\/dicodusport.fr\/blog\/author\/flo\/"}]}},"_links":{"self":[{"href":"https:\/\/dicodusport.fr\/blog\/wp-json\/wp\/v2\/posts\/621032","targetHints":{"allow":["GET"]}}],"collection":[{"href":"https:\/\/dicodusport.fr\/blog\/wp-json\/wp\/v2\/posts"}],"about":[{"href":"https:\/\/dicodusport.fr\/blog\/wp-json\/wp\/v2\/types\/post"}],"author":[{"embeddable":true,"href":"https:\/\/dicodusport.fr\/blog\/wp-json\/wp\/v2\/users\/4"}],"replies":[{"embeddable":true,"href":"https:\/\/dicodusport.fr\/blog\/wp-json\/wp\/v2\/comments?post=621032"}],"version-history":[{"count":5,"href":"https:\/\/dicodusport.fr\/blog\/wp-json\/wp\/v2\/posts\/621032\/revisions"}],"predecessor-version":[{"id":621135,"href":"https:\/\/dicodusport.fr\/blog\/wp-json\/wp\/v2\/posts\/621032\/revisions\/621135"}],"wp:featuredmedia":[{"embeddable":true,"href":"https:\/\/dicodusport.fr\/blog\/wp-json\/wp\/v2\/media\/621082"}],"wp:attachment":[{"href":"https:\/\/dicodusport.fr\/blog\/wp-json\/wp\/v2\/media?parent=621032"}],"wp:term":[{"taxonomy":"category","embeddable":true,"href":"https:\/\/dicodusport.fr\/blog\/wp-json\/wp\/v2\/categories?post=621032"},{"taxonomy":"post_tag","embeddable":true,"href":"https:\/\/dicodusport.fr\/blog\/wp-json\/wp\/v2\/tags?post=621032"}],"curies":[{"name":"wp","href":"https:\/\/api.w.org\/{rel}","templated":true}]}}