{"id":621066,"date":"2025-10-23T17:02:28","date_gmt":"2025-10-23T15:02:28","guid":{"rendered":"https:\/\/dicodusport.fr\/blog\/?p=621066&#038;preview=true&#038;preview_id=621066"},"modified":"2025-10-23T17:02:28","modified_gmt":"2025-10-23T15:02:28","slug":"le-markstein-plateau-de-solaison-alpe-dhuez-les-9-etapes-a-ne-pas-manquer-du-tour-de-france-2026","status":"publish","type":"post","link":"https:\/\/dicodusport.fr\/blog\/le-markstein-plateau-de-solaison-alpe-dhuez-les-9-etapes-a-ne-pas-manquer-du-tour-de-france-2026\/","title":{"rendered":"Le Markstein, Plateau de Solaison, Alpe d&rsquo;Huez : les 9 \u00e9tapes \u00e0 ne pas manquer du Tour de France 2026"},"content":{"rendered":"<p><em><strong>TOUR DE FRANCE 2026 &#8211; Le Tour de France (4-26 juillet 2026) sacrera un champion au terme de ses 21 \u00e9tapes. Une \u00e9tape casse-pattes au Lioran, une arriv\u00e9e au Plateau de Salaison, mais surtout une double ration de l&rsquo;Alpe d&rsquo;Huez. Certaines \u00e9tapes seront \u00e0 ne manquer sous aucun pr\u00e9texte.<\/strong><\/em><\/p>\n<p style=\"text-align: justify;\">Toutes les stars du peloton mondial devraient \u00eatre pr\u00e9sentes sur les routes du Tour de France 2026 (4-26 juillet), pour cette 113e \u00e9dition. Le directeur du Tour de France, <strong>Christian Prudhomme<\/strong>, a d\u00e9voil\u00e9 le 23 octobre 2025 le parcours. 3 333 kilom\u00e8tres seront au programme des 21 \u00e9tapes. Certaines seront \u00e0 ne pas manquer, comme chaque ann\u00e9e. Tour d\u2019horizon.<\/p>\n<div class=\"vlp-link-container vlp-layout-article\"><a href=\"https:\/\/dicodusport.fr\/blog\/parcours-tour-de-france-2026-la-carte-du-trace-et-ce-quil-faut-retenir\/\" class=\"vlp-link\" title=\"Parcours Tour de France 2026 : La carte du trac\u00e9 et ce qu&#039;il faut retenir\"><\/a><div class=\"vlp-layout-zone-side\"><div class=\"vlp-block-4 vlp-link-image\"><img loading=\"lazy\" decoding=\"async\" style=\"max-width: 792px;\" width=\"792\" height=\"445\" src=\"https:\/\/dicodusport.fr\/blog\/wp-content\/uploads\/2025\/10\/Parcours-Tour-de-France-2026-La-carte-du-trace-et-ce-quil-faut-retenir.png\" class=\"attachment-800x445 size-800x445\" alt=\"Parcours Tour de France 2026 La carte du trac\u00e9 et ce qu&#039;il faut retenir\" srcset=\"https:\/\/dicodusport.fr\/blog\/wp-content\/uploads\/2025\/10\/Parcours-Tour-de-France-2026-La-carte-du-trace-et-ce-quil-faut-retenir.png 1200w, https:\/\/dicodusport.fr\/blog\/wp-content\/uploads\/2025\/10\/Parcours-Tour-de-France-2026-La-carte-du-trace-et-ce-quil-faut-retenir-300x169.png 300w, https:\/\/dicodusport.fr\/blog\/wp-content\/uploads\/2025\/10\/Parcours-Tour-de-France-2026-La-carte-du-trace-et-ce-quil-faut-retenir-1024x575.png 1024w, https:\/\/dicodusport.fr\/blog\/wp-content\/uploads\/2025\/10\/Parcours-Tour-de-France-2026-La-carte-du-trace-et-ce-quil-faut-retenir-768x431.png 768w\" sizes=\"auto, (max-width: 792px) 100vw, 792px\" \/><\/div><\/div><div class=\"vlp-layout-zone-main\"><div class=\"vlp-block-0 vlp-link-title\">Parcours Tour de France 2026 : La carte du trac\u00e9 et ce qu'il faut retenir<\/div><div class=\"vlp-block-1 vlp-link-summary\">D\u00e9couvrez dans le d\u00e9tail le parcours complet et la carte du Tour de France 2026, qui se d\u00e9roulera du samedi 4 au dimanche 26 juillet 2026.<\/div><div class=\"vlp-block-2 vlp-link-button\">Lire l'article<\/div><div class=\"vlp-block-3 vlp-link-url\">dicodusport.fr<\/div><\/div><\/div>\n<h2 style=\"text-align: justify;\">2e \u00e9tape : Tarragone &#8211; Barcelone (182 km)<\/h2>\n<p style=\"text-align: justify;\">Au lendemain d\u2019un contre-la-montre par \u00e9quipes dans les rues de la capitale catalane, les coureurs feront v\u00e9ritablement la course dans la deuxi\u00e8me partie de l\u2019\u00e9tape. C\u2019est l\u00e0 que toutes les difficult\u00e9s sont concentr\u00e9es, avec notamment un triple passage par la c\u00f4te du Ch\u00e2teau, le versant le plus pentu de <strong>Montju\u00efc<\/strong>. Premier rendez-vous pour les puncheurs et les favoris du Tour de France. <em>\u00ab La mont\u00e9e de Montju\u00efc, c\u2019est 1 600 m \u00e0 plus de 9 %. Et les trois derniers vainqueurs lors du Tour de Catalogne s\u2019appellent Evenepoel, Pogacar et Roglic. Ils dessinent le portrait-robot du vainqueur potentiel. Donc il n\u2019y a pas de dessin \u00e0 faire ni d\u2019explication compl\u00e9mentaire n\u00e9cessaire \u00bb<\/em>, a d\u00e9clar\u00e9 Christian Prudhomme lors de la pr\u00e9sentation du parcours.<\/p>\n<h2 style=\"text-align: justify;\">6e \u00e9tape : Pau &#8211; Gavarnie-G\u00e8dre (186 km)<\/h2>\n<div class=\"vlp-link-container vlp-layout-article\"><a href=\"https:\/\/dicodusport.fr\/blog\/denivele-ascensions-kilometres-etapes-le-parcours-tour-de-france-2026-en-chiffres\/\" class=\"vlp-link\" title=\"D\u00e9nivel\u00e9, ascensions, kilom\u00e8tres, \u00e9tapes : le parcours Tour de France 2026 en chiffres\"><\/a><div class=\"vlp-layout-zone-side\"><div class=\"vlp-block-4 vlp-link-image\"><img loading=\"lazy\" decoding=\"async\" style=\"max-width: 792px;\" width=\"792\" height=\"445\" src=\"https:\/\/dicodusport.fr\/blog\/wp-content\/uploads\/2025\/10\/Denivele-ascensions-kilometres-etapes-le-parcours-Tour-de-France-2026-en-chiffres.png\" class=\"attachment-800x445 size-800x445\" alt=\"D\u00e9nivel\u00e9, ascensions, kilom\u00e8tres, \u00e9tapes le parcours Tour de France 2026 en chiffres\" srcset=\"https:\/\/dicodusport.fr\/blog\/wp-content\/uploads\/2025\/10\/Denivele-ascensions-kilometres-etapes-le-parcours-Tour-de-France-2026-en-chiffres.png 1200w, https:\/\/dicodusport.fr\/blog\/wp-content\/uploads\/2025\/10\/Denivele-ascensions-kilometres-etapes-le-parcours-Tour-de-France-2026-en-chiffres-300x169.png 300w, https:\/\/dicodusport.fr\/blog\/wp-content\/uploads\/2025\/10\/Denivele-ascensions-kilometres-etapes-le-parcours-Tour-de-France-2026-en-chiffres-1024x575.png 1024w, https:\/\/dicodusport.fr\/blog\/wp-content\/uploads\/2025\/10\/Denivele-ascensions-kilometres-etapes-le-parcours-Tour-de-France-2026-en-chiffres-768x431.png 768w\" sizes=\"auto, (max-width: 792px) 100vw, 792px\" \/><\/div><\/div><div class=\"vlp-layout-zone-main\"><div class=\"vlp-block-0 vlp-link-title\">D\u00e9nivel\u00e9, ascensions, kilom\u00e8tres, \u00e9tapes : le parcours Tour de France 2026 en chiffres<\/div><div class=\"vlp-block-1 vlp-link-summary\">Le trac\u00e9 du Tour de France 2026 a \u00e9t\u00e9 d\u00e9voil\u00e9 ce jeudi midi. Retour en chiffres sur le parcours de la 113\u00e8me \u00e9dition de la Grande Boucle.<\/div><div class=\"vlp-block-2 vlp-link-button\">Lire l'article<\/div><div class=\"vlp-block-3 vlp-link-url\">dicodusport.fr<\/div><\/div><\/div>\n<h2 style=\"text-align: justify;\">10e \u00e9tape : Aurillac &#8211; Le Lioran (167 km)<\/h2>\n<p style=\"text-align: justify;\">Un festival est attendu sur cette \u00e9tape du 14 juillet, assez courte (167 km), qui m\u00e8nera au Lioran. Mais avant l\u2019ascension finale, les coureurs devront franchir le col de la Griffoul (5,9 km \u00e0 6,7 %), Puy Mary &#8211; Pas de Peyrol (7,8 km \u00e0 6 %) et le col de Pertus (4,4 km \u00e0 8,5 %). En <a href=\"https:\/\/dicodusport.fr\/blog\/tour-de-france-2024-jonas-vingegaard-remporte-la-11eme-etape-devant-pogacar\/\">2024<\/a>, <strong>Jonas Vingegaard<\/strong>, alors maillot jaune, avait laiss\u00e9 partir <strong>Tadej Pogacar<\/strong> dans le Pas de Peyrol, avant de revenir dans Pertus. Les deux hommes forts du classement g\u00e9n\u00e9ral s\u2019\u00e9taient ensuite d\u00e9partag\u00e9s au sprint, avec la victoire du Danois. 3 900 m\u00e8tres de d\u00e9nivel\u00e9 positif sont annonc\u00e9s pour cette 10e \u00e9tape. <em>\u00ab C\u2019est totalement dans l\u2019esprit de ce qu\u2019on fait depuis une dizaine d\u2019ann\u00e9es : aller chercher, ailleurs que dans les Alpes et les Pyr\u00e9n\u00e9es, des parcours hautement probants. Pour moi, la plus belle \u00e9tape du Tour 2024, c\u2019\u00e9tait celle du Lioran, avec ce final o\u00f9 Vingegaard l\u2019avait emport\u00e9 devant Pogacar \u00bb<\/em>, a soulign\u00e9 Christian Prudhomme.<\/p>\n<h2 style=\"text-align: justify;\">14e \u00e9tape : Mulhouse &#8211; Le Markstein (155 km)<\/h2>\n<div class=\"Article__paragraph Article__paragraph--text\" data-v-41cf48a4=\"\">\n<div class=\"Paragraph\" data-v-e14a34bc=\"\" data-v-41cf48a4=\"\">\n<p class=\"Paragraph__content\" style=\"text-align: justify;\" data-v-e14a34bc=\"\">Trois ans apr\u00e8s la victoire de Tadej Pogacar et le virage Pinot, le Markstein est de retour sur la route du Tour. Cette fois, le d\u00e9part sera donn\u00e9 de Mulhouse. Au programme : une \u00e9tape courte (155 km), mais qui fera mal aux jambes. Grand Ballon, col du Page, Ballon d\u2019Alsace et surtout, pour finir, une des sept nouveaut\u00e9s du Tour de France 2026, le col du Haag. Ce dernier n\u2019\u00e9tait qu\u2019un chemin caboss\u00e9 il y a trois ans. Transform\u00e9e en route pour le Tour de France, cette mont\u00e9e tr\u00e8s irr\u00e9guli\u00e8re (11,2 km \u00e0 7,3 %, avec des passages \u00e0 plus de 19 %) pourrait provoquer des indigestions chez de nombreux coureurs. <em>\u00ab Donc l\u00e0, \u00e7a va faire mal \u00bb<\/em>, a annonc\u00e9 le directeur du Tour de France.<\/p>\n<\/div>\n<\/div>\n<div id=\"attachment_621121\" style=\"width: 970px\" class=\"wp-caption aligncenter\"><a href=\"https:\/\/dicodusport.fr\/blog\/wp-content\/uploads\/2025\/10\/Profil-de-letape-entre-Mulhouse-et-Le-Markstein.jpg\"><img loading=\"lazy\" decoding=\"async\" aria-describedby=\"caption-attachment-621121\" class=\"size-full wp-image-621121\" src=\"https:\/\/dicodusport.fr\/blog\/wp-content\/uploads\/2025\/10\/Profil-de-letape-entre-Mulhouse-et-Le-Markstein.jpg\" alt=\"Profil de l'\u00e9tape entre Mulhouse et Le Markstein\" width=\"960\" height=\"754\" srcset=\"https:\/\/dicodusport.fr\/blog\/wp-content\/uploads\/2025\/10\/Profil-de-letape-entre-Mulhouse-et-Le-Markstein.jpg 960w, https:\/\/dicodusport.fr\/blog\/wp-content\/uploads\/2025\/10\/Profil-de-letape-entre-Mulhouse-et-Le-Markstein-300x236.jpg 300w, https:\/\/dicodusport.fr\/blog\/wp-content\/uploads\/2025\/10\/Profil-de-letape-entre-Mulhouse-et-Le-Markstein-768x603.jpg 768w\" sizes=\"auto, (max-width: 960px) 100vw, 960px\" \/><\/a><p id=\"caption-attachment-621121\" class=\"wp-caption-text\">Profil de l&rsquo;\u00e9tape entre Mulhouse et Le Markstein &#8211; Via ASO<\/p><\/div>\n<div style=\"text-align: justify;\" data-v-13daf115=\"\" data-v-41cf48a4=\"\">\n<h2>15e \u00e9tape : Champagnole &#8211; Plateau de Solaison (184 km)<\/h2>\n<\/div>\n<div style=\"text-align: justify;\" data-v-13daf115=\"\" data-v-41cf48a4=\"\">\u00c0 la veille d&rsquo;une journ\u00e9e de repos, les coureurs du classement g\u00e9n\u00e9ral entrent dans une derni\u00e8re semaine de folie. Cette \u00e9tape entre Champagnole et le Plateau de Solaison a tout d\u2019une \u00e9tape reine d\u2019un Grand Tour. Le final en Haute-Savoie proposera, en une soixantaine de kilom\u00e8tres, l\u2019ascension du Sal\u00e8ve par son versant le plus court, mais aussi le plus difficile (4,2 km \u00e0 11,2 %), avant d\u2019aller chercher, par la C\u00f4te d\u2019Arbusigny \u2014 non r\u00e9pertori\u00e9e, mais usante \u2014 le Plateau de Solaison, avec ses terribles pourcentages (11,3 km \u00e0 9,2 %) et sa route tr\u00e8s \u00e9troite tout au long de la mont\u00e9e. Une arriv\u00e9e in\u00e9dite sur le Tour de France, qui devrait cr\u00e9er des \u00e9carts entre tous les favoris.<\/div>\n<h2 style=\"text-align: justify;\">16e \u00e9tape : Evian-les-Bains &#8211; Thonon-les-Bains (26 km)<\/h2>\n<p style=\"text-align: justify;\">Le d\u00e9cor est idyllique. Le lac L\u00e9man en toile de fond, et des cyclistes pr\u00eats \u00e0 tout dans ce premier et unique contre-la-montre individuel du Tour de France 2026, de 26 kilom\u00e8tres. <em>\u00ab Avec un d\u00e9part d\u2019\u00e9tape \u00e0 Evian, qui \u00e9tait le premier grand d\u00e9part, on ne disait pas grand d\u00e9part \u00e0 l\u2019\u00e9poque, mais hors de Paris en 1926. <\/em><em> Donc cela fera 100 ans. \u00bb, <\/em>a racont\u00e9 Christian Prudhomme. Toutefois, le contre-la-montre sera loin d&rsquo;\u00eatre plat. Les coureurs d\u00e9buteront en effet par la c\u00f4te de Larringes (9,7km \u00e0 4,3%). Avant une redescente, puis quelques kilom\u00e8tres de plat pour aller chercher l&rsquo;arriv\u00e9e \u00e0 Thonon-les-Bains. Le parcours accident\u00e9 de ce contre-la-montre risque de sacrer un homme du g\u00e9n\u00e9ral, et non les sp\u00e9cialistes de l&rsquo;effort solitaire (m\u00eame si <strong>Remco Evenepoel<\/strong> fait finalement partie des deux cat\u00e9gories, et qu&rsquo;il sera le grand favori).<\/p>\n<h2 style=\"text-align: justify;\">19e \u00e9tape : Gap &#8211; Alpe d\u2019Huez (128 km)<\/h2>\n<p style=\"text-align: justify;\">La premi\u00e8re des deux journ\u00e9es \u00e0 l&rsquo;<a href=\"https:\/\/dicodusport.fr\/blog\/tour-de-france-il-y-a-7-ans-christophe-riblon-ecoeurait-tejay-van-garderen-alpe-d-huez\/\">Alpe d&rsquo;Huez<\/a>, et ses mythiques 21 virages. L&rsquo;\u00e9tape est courte (128 kilom\u00e8tres), difficile (3 500 m de d\u00e9nivel\u00e9 positif) et divis\u00e9e en trois parties. Pour sans doute cr\u00e9er l&rsquo;\u00e9chapp\u00e9e, deux cols seront franchis par les coureurs (le col de Bayard et celui de Noyer). Mais rien ne devrait se passer dans le groupe des favoris, car il y aura ensuite 60 kilom\u00e8tres de transition. Mais apr\u00e8s cette transition, l&rsquo;encha\u00eenement col d&rsquo;Ornon &#8211; Alpe d&rsquo;Huez par Bourg d&rsquo;Oisans (13,8km \u00e0 8,1%) promet d&rsquo;\u00eatre un feu d&rsquo;artifice.<\/p>\n<h2 style=\"text-align: justify;\">20e \u00e9tape : Bourg d\u2019Oisons &#8211; Alpe d\u2019Huez par Sarenne<span class=\"Apple-converted-space\"> (171 km)<\/span><\/h2>\n<p style=\"text-align: justify;\">Quels adjectifs peut-on trouver pour qualifier cette avant-derri\u00e8re \u00e9tape du Tour de France 2026 ? 5600 m\u00e8tres de d\u00e9nivel\u00e9 positif, des cols mythiques, et une arriv\u00e9e qui le sera tout autant. C&rsquo;est l&rsquo;\u00e9tape reine de cette 113e \u00e9dition. La Croix de Fer, le T\u00e9l\u00e9graphe, le Galibier (le toit du Tour), trois immenses sommets de l&rsquo;histoire du Tour de France. Mais apr\u00e8s le Galibier, les coureurs ne seront pas en reste. Il restera en effet l&rsquo;ascension de l&rsquo;Alpe d&rsquo;Huez par le col de Sarenne, une route uniquement emprunt\u00e9e en 2013 dans le sens de la descente. \u00c0 la veille de l&rsquo;arriv\u00e9e finale, c&rsquo;est tout simplement in\u00e9dit. <em>\u00ab <\/em><em>Cela veut dire que l\u00e0, tr\u00e8s clairement, le leader \u00e9crasera peut-\u00eatre encore plus la course, mais en tout cas, ce jour-l\u00e0, il ne faudra pas \u00eatre en baisse de r\u00e9gime parce qu\u2019autrement, tout va exploser. C\u2019est une certitude\u2026 \u00bb, <\/em>a d\u00e9clar\u00e9 le pr\u00e9sident du Tour de France.<\/p>\n<div id=\"attachment_621120\" style=\"width: 750px\" class=\"wp-caption aligncenter\"><a href=\"https:\/\/dicodusport.fr\/blog\/wp-content\/uploads\/2025\/10\/Profil-de-letape-entre-Le-Bourg-dOisans-et-lAlpe-dHuez.jpg\"><img loading=\"lazy\" decoding=\"async\" aria-describedby=\"caption-attachment-621120\" class=\"wp-image-621120 size-large\" src=\"https:\/\/dicodusport.fr\/blog\/wp-content\/uploads\/2025\/10\/Profil-de-letape-entre-Le-Bourg-dOisans-et-lAlpe-dHuez-819x1024.jpg\" alt=\"Profil de l'\u00e9tape entre Le Bourg d'Oisans et l'Alpe d'Huez\" width=\"740\" height=\"925\" srcset=\"https:\/\/dicodusport.fr\/blog\/wp-content\/uploads\/2025\/10\/Profil-de-letape-entre-Le-Bourg-dOisans-et-lAlpe-dHuez-819x1024.jpg 819w, https:\/\/dicodusport.fr\/blog\/wp-content\/uploads\/2025\/10\/Profil-de-letape-entre-Le-Bourg-dOisans-et-lAlpe-dHuez-240x300.jpg 240w, https:\/\/dicodusport.fr\/blog\/wp-content\/uploads\/2025\/10\/Profil-de-letape-entre-Le-Bourg-dOisans-et-lAlpe-dHuez-768x960.jpg 768w, https:\/\/dicodusport.fr\/blog\/wp-content\/uploads\/2025\/10\/Profil-de-letape-entre-Le-Bourg-dOisans-et-lAlpe-dHuez.jpg 1080w\" sizes=\"auto, (max-width: 740px) 100vw, 740px\" \/><\/a><p id=\"caption-attachment-621120\" class=\"wp-caption-text\">Profil de l&rsquo;\u00e9tape entre Le Bourg d&rsquo;Oisans et l&rsquo;Alpe d&rsquo;Huez &#8211; Via ASO<\/p><\/div>\n<h2 style=\"text-align: justify;\">21e \u00e9tape : Thoiry &#8211; Paris Champs-\u00c9lys\u00e9es (130 km)<\/h2>\n<p style=\"text-align: justify;\">Le retour \u00e0 Paris, et le passage \u00e0 la Butte Montmartre. Le parcours est l\u00e9g\u00e8rement diff\u00e9rent de celui du Tour de France 2025, car les coureurs reviendront sur les Champs-\u00c9lys\u00e9es par l&rsquo;Arc de Triomphe. Par cons\u00e9quent, le dernier passage au sommet de Montmartre sera \u00e0 15 kilom\u00e8tres de l&rsquo;arriv\u00e9e, contre 6 en 2025. De quoi favoriser une arriv\u00e9e pour les derniers sprinteurs pr\u00e9sents \u00e0 Paris ?<\/p>\n<div class=\"vlp-link-container vlp-layout-article\"><a href=\"https:\/\/dicodusport.fr\/blog\/21eme-etape-tour-de-france-2025-wout-van-aert-simpose-a-paris-au-terme-dune-etape-de-legende-pogacar-sacre\/\" class=\"vlp-link\" title=\"21\u00e8me \u00e9tape Tour de France 2025 : Wout Van Aert s&#039;impose \u00e0 Paris au terme d&#039;une \u00e9tape de l\u00e9gende, Pogacar sacr\u00e9\"><\/a><div class=\"vlp-layout-zone-side\"><div class=\"vlp-block-4 vlp-link-image\"><img loading=\"lazy\" decoding=\"async\" style=\"max-width: 792px;\" width=\"792\" height=\"445\" src=\"https:\/\/dicodusport.fr\/blog\/wp-content\/uploads\/2025\/07\/21eme-etape-Tour-de-France-2025-Wout-Van-Aert-simpose-a-Paris-au-terme-dune-etape-de-legende-Pogacar-sacre-1.png\" class=\"attachment-800x445 size-800x445\" alt=\"21\u00e8me \u00e9tape Tour de France 2025 Wout Van Aert s&#039;impose \u00e0 Paris au terme d&#039;une \u00e9tape de l\u00e9gende, Pogacar sacr\u00e9 (1)\" srcset=\"https:\/\/dicodusport.fr\/blog\/wp-content\/uploads\/2025\/07\/21eme-etape-Tour-de-France-2025-Wout-Van-Aert-simpose-a-Paris-au-terme-dune-etape-de-legende-Pogacar-sacre-1.png 1200w, https:\/\/dicodusport.fr\/blog\/wp-content\/uploads\/2025\/07\/21eme-etape-Tour-de-France-2025-Wout-Van-Aert-simpose-a-Paris-au-terme-dune-etape-de-legende-Pogacar-sacre-1-300x169.png 300w, https:\/\/dicodusport.fr\/blog\/wp-content\/uploads\/2025\/07\/21eme-etape-Tour-de-France-2025-Wout-Van-Aert-simpose-a-Paris-au-terme-dune-etape-de-legende-Pogacar-sacre-1-1024x575.png 1024w, https:\/\/dicodusport.fr\/blog\/wp-content\/uploads\/2025\/07\/21eme-etape-Tour-de-France-2025-Wout-Van-Aert-simpose-a-Paris-au-terme-dune-etape-de-legende-Pogacar-sacre-1-768x431.png 768w\" sizes=\"auto, (max-width: 792px) 100vw, 792px\" \/><\/div><\/div><div class=\"vlp-layout-zone-main\"><div class=\"vlp-block-0 vlp-link-title\">21\u00e8me \u00e9tape Tour de France 2025 : Wout Van Aert s'impose \u00e0 Paris au terme d'une \u00e9tape de l\u00e9gende, Pogacar sacr\u00e9<\/div><div class=\"vlp-block-1 vlp-link-summary\">Wout Van Aert\u00a0(Visma Lease a Bike) a remport\u00e9 la 21\u00e8me \u00e9tape du Tour de France 2025 sur les Champs-\u00c9lys\u00e9es, dimanche.<\/div><div class=\"vlp-block-2 vlp-link-button\">Lire l'article<\/div><div class=\"vlp-block-3 vlp-link-url\">dicodusport.fr<\/div><\/div><\/div>\n","protected":false},"excerpt":{"rendered":"<p>Le Tour de France (4-26 juillet 2026) sacrera un champion au terme de ses 21 \u00e9tapes. Une \u00e9tape casse-pattes au Lioran, une arriv\u00e9e au Plateau de Salaison, mais surtout une double ration de l&rsquo;Alpe d&rsquo;Huez. Certaines \u00e9tapes seront \u00e0 ne manquer sous aucun pr\u00e9texte.<\/p>\n","protected":false},"author":88,"featured_media":621179,"comment_status":"open","ping_status":"closed","sticky":false,"template":"","format":"standard","meta":{"_acf_changed":false,"_daextam_enable_autolinks":"1","footnotes":""},"categories":[46995],"tags":[16878,574,11197,24,1262],"class_list":["post-621066","post","type-post","status-publish","format-standard","has-post-thumbnail","hentry","category-tour-de-france","tag-breve","tag-cyclisme","tag-cyclisme-sur-route","tag-sport","tag-tour-de-france"],"acf":[],"yoast_head":"<!-- This site is optimized with the Yoast SEO Premium plugin v26.7 (Yoast SEO v26.7) - https:\/\/yoast.com\/wordpress\/plugins\/seo\/ -->\n<title>Le Markstein, Plateau de Solaison, Alpe d&#039;Huez : les 9 \u00e9tapes \u00e0 ne pas manquer du Tour de France 2026<\/title>\n<meta name=\"description\" content=\"TOUR DE FRANCE 2026 - Le Tour de France (4-26 juillet 2026) sacrera un champion au terme de ses 21 \u00e9tapes. Certaines \u00e9tapes seront \u00e0 ne manquer sous aucun pr\u00e9texte.\" \/>\n<meta name=\"robots\" content=\"index, follow, max-snippet:-1, max-image-preview:large, max-video-preview:-1\" \/>\n<link rel=\"canonical\" href=\"https:\/\/dicodusport.fr\/blog\/le-markstein-plateau-de-solaison-alpe-dhuez-les-9-etapes-a-ne-pas-manquer-du-tour-de-france-2026\/\" \/>\n<meta property=\"og:locale\" content=\"fr_FR\" \/>\n<meta property=\"og:type\" content=\"article\" \/>\n<meta property=\"og:title\" content=\"Le Markstein, Plateau de Solaison, Alpe d&#039;Huez : les 9 \u00e9tapes \u00e0 ne pas manquer du Tour de France 2026\" \/>\n<meta property=\"og:description\" content=\"TOUR DE FRANCE 2026 - Le Tour de France (4-26 juillet 2026) sacrera un champion au terme de ses 21 \u00e9tapes. Certaines \u00e9tapes seront \u00e0 ne manquer sous aucun pr\u00e9texte.\" \/>\n<meta property=\"og:url\" content=\"https:\/\/dicodusport.fr\/blog\/le-markstein-plateau-de-solaison-alpe-dhuez-les-9-etapes-a-ne-pas-manquer-du-tour-de-france-2026\/\" \/>\n<meta property=\"og:site_name\" content=\"Dicodusport\" \/>\n<meta property=\"article:publisher\" content=\"https:\/\/www.facebook.com\/dicodusport\" \/>\n<meta property=\"article:published_time\" content=\"2025-10-23T15:02:28+00:00\" \/>\n<meta property=\"og:image\" content=\"https:\/\/dicodusport.fr\/blog\/wp-content\/uploads\/2025\/10\/Le-Markstein-Plateau-de-Solaison-Alpe-dHuez-les-9-etapes-a-ne-pas-manquer-du-Tour-de-France-2026.png\" \/>\n\t<meta property=\"og:image:width\" content=\"1200\" \/>\n\t<meta property=\"og:image:height\" content=\"674\" \/>\n\t<meta property=\"og:image:type\" content=\"image\/png\" \/>\n<meta name=\"author\" content=\"Paul Lalevee\" \/>\n<meta name=\"twitter:card\" content=\"summary_large_image\" \/>\n<meta name=\"twitter:title\" content=\"Le Markstein, Plateau de Solaison, Alpe d&#039;Huez : les 9 \u00e9tapes \u00e0 ne pas manquer du Tour de France 2026\" \/>\n<meta name=\"twitter:creator\" content=\"@dicodusport\" \/>\n<meta name=\"twitter:site\" content=\"@dicodusport\" \/>\n<script type=\"application\/ld+json\" class=\"yoast-schema-graph\">{\"@context\":\"https:\/\/schema.org\",\"@graph\":[{\"@type\":\"NewsArticle\",\"@id\":\"https:\/\/dicodusport.fr\/blog\/le-markstein-plateau-de-solaison-alpe-dhuez-les-9-etapes-a-ne-pas-manquer-du-tour-de-france-2026\/#article\",\"isPartOf\":{\"@id\":\"https:\/\/dicodusport.fr\/blog\/le-markstein-plateau-de-solaison-alpe-dhuez-les-9-etapes-a-ne-pas-manquer-du-tour-de-france-2026\/\"},\"author\":{\"name\":\"Paul Lalevee\",\"@id\":\"https:\/\/dicodusport.fr\/blog\/#\/schema\/person\/1eaa63dfac40b5e5c47f03a71920c1cd\"},\"headline\":\"Le Markstein, Plateau de Solaison, Alpe d&rsquo;Huez : les 9 \u00e9tapes \u00e0 ne pas manquer du Tour de France 2026\",\"datePublished\":\"2025-10-23T15:02:28+00:00\",\"mainEntityOfPage\":{\"@id\":\"https:\/\/dicodusport.fr\/blog\/le-markstein-plateau-de-solaison-alpe-dhuez-les-9-etapes-a-ne-pas-manquer-du-tour-de-france-2026\/\"},\"wordCount\":1542,\"commentCount\":0,\"publisher\":{\"@id\":\"https:\/\/dicodusport.fr\/blog\/#organization\"},\"image\":{\"@id\":\"https:\/\/dicodusport.fr\/blog\/le-markstein-plateau-de-solaison-alpe-dhuez-les-9-etapes-a-ne-pas-manquer-du-tour-de-france-2026\/#primaryimage\"},\"thumbnailUrl\":\"https:\/\/dicodusport.fr\/blog\/wp-content\/uploads\/2025\/10\/Le-Markstein-Plateau-de-Solaison-Alpe-dHuez-les-9-etapes-a-ne-pas-manquer-du-Tour-de-France-2026.png\",\"keywords\":[\"br\u00e8ve\",\"Cyclisme\",\"Cyclisme sur route\",\"sport\",\"Tour de France\"],\"articleSection\":[\"Tour de France\"],\"inLanguage\":\"fr-FR\",\"potentialAction\":[{\"@type\":\"CommentAction\",\"name\":\"Comment\",\"target\":[\"https:\/\/dicodusport.fr\/blog\/le-markstein-plateau-de-solaison-alpe-dhuez-les-9-etapes-a-ne-pas-manquer-du-tour-de-france-2026\/#respond\"]}],\"copyrightYear\":\"2025\",\"copyrightHolder\":{\"@id\":\"https:\/\/dicodusport.fr\/blog\/#organization\"}},{\"@type\":\"WebPage\",\"@id\":\"https:\/\/dicodusport.fr\/blog\/le-markstein-plateau-de-solaison-alpe-dhuez-les-9-etapes-a-ne-pas-manquer-du-tour-de-france-2026\/\",\"url\":\"https:\/\/dicodusport.fr\/blog\/le-markstein-plateau-de-solaison-alpe-dhuez-les-9-etapes-a-ne-pas-manquer-du-tour-de-france-2026\/\",\"name\":\"Le Markstein, Plateau de Solaison, Alpe d'Huez : les 9 \u00e9tapes \u00e0 ne pas manquer du Tour de France 2026\",\"isPartOf\":{\"@id\":\"https:\/\/dicodusport.fr\/blog\/#website\"},\"primaryImageOfPage\":{\"@id\":\"https:\/\/dicodusport.fr\/blog\/le-markstein-plateau-de-solaison-alpe-dhuez-les-9-etapes-a-ne-pas-manquer-du-tour-de-france-2026\/#primaryimage\"},\"image\":{\"@id\":\"https:\/\/dicodusport.fr\/blog\/le-markstein-plateau-de-solaison-alpe-dhuez-les-9-etapes-a-ne-pas-manquer-du-tour-de-france-2026\/#primaryimage\"},\"thumbnailUrl\":\"https:\/\/dicodusport.fr\/blog\/wp-content\/uploads\/2025\/10\/Le-Markstein-Plateau-de-Solaison-Alpe-dHuez-les-9-etapes-a-ne-pas-manquer-du-Tour-de-France-2026.png\",\"datePublished\":\"2025-10-23T15:02:28+00:00\",\"description\":\"TOUR DE FRANCE 2026 - Le Tour de France (4-26 juillet 2026) sacrera un champion au terme de ses 21 \u00e9tapes. Certaines \u00e9tapes seront \u00e0 ne manquer sous aucun pr\u00e9texte.\",\"breadcrumb\":{\"@id\":\"https:\/\/dicodusport.fr\/blog\/le-markstein-plateau-de-solaison-alpe-dhuez-les-9-etapes-a-ne-pas-manquer-du-tour-de-france-2026\/#breadcrumb\"},\"inLanguage\":\"fr-FR\",\"potentialAction\":[{\"@type\":\"ReadAction\",\"target\":[\"https:\/\/dicodusport.fr\/blog\/le-markstein-plateau-de-solaison-alpe-dhuez-les-9-etapes-a-ne-pas-manquer-du-tour-de-france-2026\/\"]}]},{\"@type\":\"ImageObject\",\"inLanguage\":\"fr-FR\",\"@id\":\"https:\/\/dicodusport.fr\/blog\/le-markstein-plateau-de-solaison-alpe-dhuez-les-9-etapes-a-ne-pas-manquer-du-tour-de-france-2026\/#primaryimage\",\"url\":\"https:\/\/dicodusport.fr\/blog\/wp-content\/uploads\/2025\/10\/Le-Markstein-Plateau-de-Solaison-Alpe-dHuez-les-9-etapes-a-ne-pas-manquer-du-Tour-de-France-2026.png\",\"contentUrl\":\"https:\/\/dicodusport.fr\/blog\/wp-content\/uploads\/2025\/10\/Le-Markstein-Plateau-de-Solaison-Alpe-dHuez-les-9-etapes-a-ne-pas-manquer-du-Tour-de-France-2026.png\",\"width\":1200,\"height\":674,\"caption\":\"Le Markstein, Plateau de Solaison, Alpe d'Huez les 9 \u00e9tapes \u00e0 ne pas manquer du Tour de France 2026\"},{\"@type\":\"BreadcrumbList\",\"@id\":\"https:\/\/dicodusport.fr\/blog\/le-markstein-plateau-de-solaison-alpe-dhuez-les-9-etapes-a-ne-pas-manquer-du-tour-de-france-2026\/#breadcrumb\",\"itemListElement\":[{\"@type\":\"ListItem\",\"position\":1,\"name\":\"Accueil\",\"item\":\"https:\/\/dicodusport.fr\/blog\/\"},{\"@type\":\"ListItem\",\"position\":2,\"name\":\"Le Markstein, Plateau de Solaison, Alpe d&rsquo;Huez : les 9 \u00e9tapes \u00e0 ne pas manquer du Tour de France 2026\"}]},{\"@type\":\"WebSite\",\"@id\":\"https:\/\/dicodusport.fr\/blog\/#website\",\"url\":\"https:\/\/dicodusport.fr\/blog\/\",\"name\":\"Dicodusport\",\"description\":\"L&#039;encyclop\u00e9die de l&#039;actualit\u00e9 sportive\",\"publisher\":{\"@id\":\"https:\/\/dicodusport.fr\/blog\/#organization\"},\"potentialAction\":[{\"@type\":\"SearchAction\",\"target\":{\"@type\":\"EntryPoint\",\"urlTemplate\":\"https:\/\/dicodusport.fr\/blog\/?s={search_term_string}\"},\"query-input\":{\"@type\":\"PropertyValueSpecification\",\"valueRequired\":true,\"valueName\":\"search_term_string\"}}],\"inLanguage\":\"fr-FR\"},{\"@type\":\"NewsMediaOrganization\",\"@id\":\"https:\/\/dicodusport.fr\/blog\/#organization\",\"name\":\"Dicodusport\",\"url\":\"https:\/\/dicodusport.fr\/blog\/\",\"logo\":{\"@type\":\"ImageObject\",\"inLanguage\":\"fr-FR\",\"@id\":\"https:\/\/dicodusport.fr\/blog\/#\/schema\/logo\/image\/\",\"url\":\"https:\/\/dicodusport.fr\/blog\/wp-content\/uploads\/2020\/06\/cropped-LOGO-DICODUSPORT-2020-SANS-FOND-SANS-TEXTE.png\",\"contentUrl\":\"https:\/\/dicodusport.fr\/blog\/wp-content\/uploads\/2020\/06\/cropped-LOGO-DICODUSPORT-2020-SANS-FOND-SANS-TEXTE.png\",\"width\":512,\"height\":512,\"caption\":\"Dicodusport\"},\"image\":{\"@id\":\"https:\/\/dicodusport.fr\/blog\/#\/schema\/logo\/image\/\"},\"sameAs\":[\"https:\/\/www.facebook.com\/dicodusport\",\"https:\/\/x.com\/dicodusport\",\"https:\/\/www.instagram.com\/dicodusport\/\",\"https:\/\/www.youtube.com\/channel\/UC7V2KZ5sd3htJivAbA4ZG3w\"],\"description\":\"Dicodusport est l'encyclop\u00e9die de l'actualit\u00e9 sportive.\",\"email\":\"bonjour@dicodusport.fr\",\"legalName\":\"DICODUSPORT\",\"foundingDate\":\"2018-01-14\",\"vatID\":\"FR71834470973\",\"taxID\":\"83447097300043\",\"numberOfEmployees\":{\"@type\":\"QuantitativeValue\",\"minValue\":\"1\",\"maxValue\":\"10\"}},{\"@type\":\"Person\",\"@id\":\"https:\/\/dicodusport.fr\/blog\/#\/schema\/person\/1eaa63dfac40b5e5c47f03a71920c1cd\",\"name\":\"Paul Lalevee\",\"image\":{\"@type\":\"ImageObject\",\"inLanguage\":\"fr-FR\",\"@id\":\"https:\/\/dicodusport.fr\/blog\/#\/schema\/person\/image\/\",\"url\":\"https:\/\/dicodusport.fr\/blog\/wp-content\/uploads\/2023\/10\/291154246_1690604071293245_3118259335115946499_n-150x150.jpg\",\"contentUrl\":\"https:\/\/dicodusport.fr\/blog\/wp-content\/uploads\/2023\/10\/291154246_1690604071293245_3118259335115946499_n-150x150.jpg\",\"caption\":\"Paul Lalevee\"},\"description\":\"La bulle Disney pendant le Covid, le Tour 2019, la Coupe du monde 2018. Ces trois \u00e9v\u00e9nements majeurs sont ancr\u00e9s dans ma t\u00eate de fan de sport, n\u00e9gativement ou positivement. Passionn\u00e9 de sport depuis l'enfance, j'ai d\u00e9cid\u00e9 de mettre ma passion de l'\u00e9criture au service de cette premi\u00e8re passion.\",\"url\":\"https:\/\/dicodusport.fr\/blog\/author\/paul-lalevee\/\"}]}<\/script>\n<!-- \/ Yoast SEO Premium plugin. -->","yoast_head_json":{"title":"Le Markstein, Plateau de Solaison, Alpe d'Huez : les 9 \u00e9tapes \u00e0 ne pas manquer du Tour de France 2026","description":"TOUR DE FRANCE 2026 - Le Tour de France (4-26 juillet 2026) sacrera un champion au terme de ses 21 \u00e9tapes. Certaines \u00e9tapes seront \u00e0 ne manquer sous aucun pr\u00e9texte.","robots":{"index":"index","follow":"follow","max-snippet":"max-snippet:-1","max-image-preview":"max-image-preview:large","max-video-preview":"max-video-preview:-1"},"canonical":"https:\/\/dicodusport.fr\/blog\/le-markstein-plateau-de-solaison-alpe-dhuez-les-9-etapes-a-ne-pas-manquer-du-tour-de-france-2026\/","og_locale":"fr_FR","og_type":"article","og_title":"Le Markstein, Plateau de Solaison, Alpe d'Huez : les 9 \u00e9tapes \u00e0 ne pas manquer du Tour de France 2026","og_description":"TOUR DE FRANCE 2026 - Le Tour de France (4-26 juillet 2026) sacrera un champion au terme de ses 21 \u00e9tapes. Certaines \u00e9tapes seront \u00e0 ne manquer sous aucun pr\u00e9texte.","og_url":"https:\/\/dicodusport.fr\/blog\/le-markstein-plateau-de-solaison-alpe-dhuez-les-9-etapes-a-ne-pas-manquer-du-tour-de-france-2026\/","og_site_name":"Dicodusport","article_publisher":"https:\/\/www.facebook.com\/dicodusport","article_published_time":"2025-10-23T15:02:28+00:00","og_image":[{"width":1200,"height":674,"url":"https:\/\/dicodusport.fr\/blog\/wp-content\/uploads\/2025\/10\/Le-Markstein-Plateau-de-Solaison-Alpe-dHuez-les-9-etapes-a-ne-pas-manquer-du-Tour-de-France-2026.png","type":"image\/png"}],"author":"Paul Lalevee","twitter_card":"summary_large_image","twitter_title":"Le Markstein, Plateau de Solaison, Alpe d'Huez : les 9 \u00e9tapes \u00e0 ne pas manquer du Tour de France 2026","twitter_creator":"@dicodusport","twitter_site":"@dicodusport","schema":{"@context":"https:\/\/schema.org","@graph":[{"@type":"NewsArticle","@id":"https:\/\/dicodusport.fr\/blog\/le-markstein-plateau-de-solaison-alpe-dhuez-les-9-etapes-a-ne-pas-manquer-du-tour-de-france-2026\/#article","isPartOf":{"@id":"https:\/\/dicodusport.fr\/blog\/le-markstein-plateau-de-solaison-alpe-dhuez-les-9-etapes-a-ne-pas-manquer-du-tour-de-france-2026\/"},"author":{"name":"Paul Lalevee","@id":"https:\/\/dicodusport.fr\/blog\/#\/schema\/person\/1eaa63dfac40b5e5c47f03a71920c1cd"},"headline":"Le Markstein, Plateau de Solaison, Alpe d&rsquo;Huez : les 9 \u00e9tapes \u00e0 ne pas manquer du Tour de France 2026","datePublished":"2025-10-23T15:02:28+00:00","mainEntityOfPage":{"@id":"https:\/\/dicodusport.fr\/blog\/le-markstein-plateau-de-solaison-alpe-dhuez-les-9-etapes-a-ne-pas-manquer-du-tour-de-france-2026\/"},"wordCount":1542,"commentCount":0,"publisher":{"@id":"https:\/\/dicodusport.fr\/blog\/#organization"},"image":{"@id":"https:\/\/dicodusport.fr\/blog\/le-markstein-plateau-de-solaison-alpe-dhuez-les-9-etapes-a-ne-pas-manquer-du-tour-de-france-2026\/#primaryimage"},"thumbnailUrl":"https:\/\/dicodusport.fr\/blog\/wp-content\/uploads\/2025\/10\/Le-Markstein-Plateau-de-Solaison-Alpe-dHuez-les-9-etapes-a-ne-pas-manquer-du-Tour-de-France-2026.png","keywords":["br\u00e8ve","Cyclisme","Cyclisme sur route","sport","Tour de France"],"articleSection":["Tour de France"],"inLanguage":"fr-FR","potentialAction":[{"@type":"CommentAction","name":"Comment","target":["https:\/\/dicodusport.fr\/blog\/le-markstein-plateau-de-solaison-alpe-dhuez-les-9-etapes-a-ne-pas-manquer-du-tour-de-france-2026\/#respond"]}],"copyrightYear":"2025","copyrightHolder":{"@id":"https:\/\/dicodusport.fr\/blog\/#organization"}},{"@type":"WebPage","@id":"https:\/\/dicodusport.fr\/blog\/le-markstein-plateau-de-solaison-alpe-dhuez-les-9-etapes-a-ne-pas-manquer-du-tour-de-france-2026\/","url":"https:\/\/dicodusport.fr\/blog\/le-markstein-plateau-de-solaison-alpe-dhuez-les-9-etapes-a-ne-pas-manquer-du-tour-de-france-2026\/","name":"Le Markstein, Plateau de Solaison, Alpe d'Huez : les 9 \u00e9tapes \u00e0 ne pas manquer du Tour de France 2026","isPartOf":{"@id":"https:\/\/dicodusport.fr\/blog\/#website"},"primaryImageOfPage":{"@id":"https:\/\/dicodusport.fr\/blog\/le-markstein-plateau-de-solaison-alpe-dhuez-les-9-etapes-a-ne-pas-manquer-du-tour-de-france-2026\/#primaryimage"},"image":{"@id":"https:\/\/dicodusport.fr\/blog\/le-markstein-plateau-de-solaison-alpe-dhuez-les-9-etapes-a-ne-pas-manquer-du-tour-de-france-2026\/#primaryimage"},"thumbnailUrl":"https:\/\/dicodusport.fr\/blog\/wp-content\/uploads\/2025\/10\/Le-Markstein-Plateau-de-Solaison-Alpe-dHuez-les-9-etapes-a-ne-pas-manquer-du-Tour-de-France-2026.png","datePublished":"2025-10-23T15:02:28+00:00","description":"TOUR DE FRANCE 2026 - Le Tour de France (4-26 juillet 2026) sacrera un champion au terme de ses 21 \u00e9tapes. Certaines \u00e9tapes seront \u00e0 ne manquer sous aucun pr\u00e9texte.","breadcrumb":{"@id":"https:\/\/dicodusport.fr\/blog\/le-markstein-plateau-de-solaison-alpe-dhuez-les-9-etapes-a-ne-pas-manquer-du-tour-de-france-2026\/#breadcrumb"},"inLanguage":"fr-FR","potentialAction":[{"@type":"ReadAction","target":["https:\/\/dicodusport.fr\/blog\/le-markstein-plateau-de-solaison-alpe-dhuez-les-9-etapes-a-ne-pas-manquer-du-tour-de-france-2026\/"]}]},{"@type":"ImageObject","inLanguage":"fr-FR","@id":"https:\/\/dicodusport.fr\/blog\/le-markstein-plateau-de-solaison-alpe-dhuez-les-9-etapes-a-ne-pas-manquer-du-tour-de-france-2026\/#primaryimage","url":"https:\/\/dicodusport.fr\/blog\/wp-content\/uploads\/2025\/10\/Le-Markstein-Plateau-de-Solaison-Alpe-dHuez-les-9-etapes-a-ne-pas-manquer-du-Tour-de-France-2026.png","contentUrl":"https:\/\/dicodusport.fr\/blog\/wp-content\/uploads\/2025\/10\/Le-Markstein-Plateau-de-Solaison-Alpe-dHuez-les-9-etapes-a-ne-pas-manquer-du-Tour-de-France-2026.png","width":1200,"height":674,"caption":"Le Markstein, Plateau de Solaison, Alpe d'Huez les 9 \u00e9tapes \u00e0 ne pas manquer du Tour de France 2026"},{"@type":"BreadcrumbList","@id":"https:\/\/dicodusport.fr\/blog\/le-markstein-plateau-de-solaison-alpe-dhuez-les-9-etapes-a-ne-pas-manquer-du-tour-de-france-2026\/#breadcrumb","itemListElement":[{"@type":"ListItem","position":1,"name":"Accueil","item":"https:\/\/dicodusport.fr\/blog\/"},{"@type":"ListItem","position":2,"name":"Le Markstein, Plateau de Solaison, Alpe d&rsquo;Huez : les 9 \u00e9tapes \u00e0 ne pas manquer du Tour de France 2026"}]},{"@type":"WebSite","@id":"https:\/\/dicodusport.fr\/blog\/#website","url":"https:\/\/dicodusport.fr\/blog\/","name":"Dicodusport","description":"L&#039;encyclop\u00e9die de l&#039;actualit\u00e9 sportive","publisher":{"@id":"https:\/\/dicodusport.fr\/blog\/#organization"},"potentialAction":[{"@type":"SearchAction","target":{"@type":"EntryPoint","urlTemplate":"https:\/\/dicodusport.fr\/blog\/?s={search_term_string}"},"query-input":{"@type":"PropertyValueSpecification","valueRequired":true,"valueName":"search_term_string"}}],"inLanguage":"fr-FR"},{"@type":"NewsMediaOrganization","@id":"https:\/\/dicodusport.fr\/blog\/#organization","name":"Dicodusport","url":"https:\/\/dicodusport.fr\/blog\/","logo":{"@type":"ImageObject","inLanguage":"fr-FR","@id":"https:\/\/dicodusport.fr\/blog\/#\/schema\/logo\/image\/","url":"https:\/\/dicodusport.fr\/blog\/wp-content\/uploads\/2020\/06\/cropped-LOGO-DICODUSPORT-2020-SANS-FOND-SANS-TEXTE.png","contentUrl":"https:\/\/dicodusport.fr\/blog\/wp-content\/uploads\/2020\/06\/cropped-LOGO-DICODUSPORT-2020-SANS-FOND-SANS-TEXTE.png","width":512,"height":512,"caption":"Dicodusport"},"image":{"@id":"https:\/\/dicodusport.fr\/blog\/#\/schema\/logo\/image\/"},"sameAs":["https:\/\/www.facebook.com\/dicodusport","https:\/\/x.com\/dicodusport","https:\/\/www.instagram.com\/dicodusport\/","https:\/\/www.youtube.com\/channel\/UC7V2KZ5sd3htJivAbA4ZG3w"],"description":"Dicodusport est l'encyclop\u00e9die de l'actualit\u00e9 sportive.","email":"bonjour@dicodusport.fr","legalName":"DICODUSPORT","foundingDate":"2018-01-14","vatID":"FR71834470973","taxID":"83447097300043","numberOfEmployees":{"@type":"QuantitativeValue","minValue":"1","maxValue":"10"}},{"@type":"Person","@id":"https:\/\/dicodusport.fr\/blog\/#\/schema\/person\/1eaa63dfac40b5e5c47f03a71920c1cd","name":"Paul Lalevee","image":{"@type":"ImageObject","inLanguage":"fr-FR","@id":"https:\/\/dicodusport.fr\/blog\/#\/schema\/person\/image\/","url":"https:\/\/dicodusport.fr\/blog\/wp-content\/uploads\/2023\/10\/291154246_1690604071293245_3118259335115946499_n-150x150.jpg","contentUrl":"https:\/\/dicodusport.fr\/blog\/wp-content\/uploads\/2023\/10\/291154246_1690604071293245_3118259335115946499_n-150x150.jpg","caption":"Paul Lalevee"},"description":"La bulle Disney pendant le Covid, le Tour 2019, la Coupe du monde 2018. Ces trois \u00e9v\u00e9nements majeurs sont ancr\u00e9s dans ma t\u00eate de fan de sport, n\u00e9gativement ou positivement. Passionn\u00e9 de sport depuis l'enfance, j'ai d\u00e9cid\u00e9 de mettre ma passion de l'\u00e9criture au service de cette premi\u00e8re passion.","url":"https:\/\/dicodusport.fr\/blog\/author\/paul-lalevee\/"}]}},"_links":{"self":[{"href":"https:\/\/dicodusport.fr\/blog\/wp-json\/wp\/v2\/posts\/621066","targetHints":{"allow":["GET"]}}],"collection":[{"href":"https:\/\/dicodusport.fr\/blog\/wp-json\/wp\/v2\/posts"}],"about":[{"href":"https:\/\/dicodusport.fr\/blog\/wp-json\/wp\/v2\/types\/post"}],"author":[{"embeddable":true,"href":"https:\/\/dicodusport.fr\/blog\/wp-json\/wp\/v2\/users\/88"}],"replies":[{"embeddable":true,"href":"https:\/\/dicodusport.fr\/blog\/wp-json\/wp\/v2\/comments?post=621066"}],"version-history":[{"count":5,"href":"https:\/\/dicodusport.fr\/blog\/wp-json\/wp\/v2\/posts\/621066\/revisions"}],"predecessor-version":[{"id":621180,"href":"https:\/\/dicodusport.fr\/blog\/wp-json\/wp\/v2\/posts\/621066\/revisions\/621180"}],"wp:featuredmedia":[{"embeddable":true,"href":"https:\/\/dicodusport.fr\/blog\/wp-json\/wp\/v2\/media\/621179"}],"wp:attachment":[{"href":"https:\/\/dicodusport.fr\/blog\/wp-json\/wp\/v2\/media?parent=621066"}],"wp:term":[{"taxonomy":"category","embeddable":true,"href":"https:\/\/dicodusport.fr\/blog\/wp-json\/wp\/v2\/categories?post=621066"},{"taxonomy":"post_tag","embeddable":true,"href":"https:\/\/dicodusport.fr\/blog\/wp-json\/wp\/v2\/tags?post=621066"}],"curies":[{"name":"wp","href":"https:\/\/api.w.org\/{rel}","templated":true}]}}