{"id":621078,"date":"2025-10-23T14:17:26","date_gmt":"2025-10-23T12:17:26","guid":{"rendered":"https:\/\/dicodusport.fr\/blog\/?p=621078&#038;preview=true&#038;preview_id=621078"},"modified":"2025-10-23T14:17:26","modified_gmt":"2025-10-23T12:17:26","slug":"tour-de-france-femmes-2026-denivele-kilometres-ascensions-le-parcours-en-chiffres","status":"publish","type":"post","link":"https:\/\/dicodusport.fr\/blog\/tour-de-france-femmes-2026-denivele-kilometres-ascensions-le-parcours-en-chiffres\/","title":{"rendered":"Tour de France Femmes 2026 : D\u00e9nivel\u00e9, kilom\u00e8tres, ascensions, le parcours en chiffres"},"content":{"rendered":"<p style=\"text-align: justify;\"><b><i>Retour en chiffres sur le parcours du Tour de France Femmes 2026, d\u00e9voil\u00e9 ce jeudi par la directrice de l\u2019\u00e9preuve, Marion Rousse.<\/i><\/b><\/p>\n<ul>\n<li style=\"text-align: justify;\"><strong>\u00c0 ce sujet &#8211; <a href=\"https:\/\/dicodusport.fr\/blog\/tour-de-france-femmes-2026-le-parcours-dans-le-detail-et-la-carte-du-trace\/\">Tour de France Femmes 2026 : Le parcours dans le d\u00e9tail et la carte du trac\u00e9<\/a>\u00a0<\/strong><\/li>\n<\/ul>\n<h2 style=\"text-align: justify;\">0<\/h2>\n<p style=\"text-align: justify;\">Contrairement au Tour de France 2025, aucune \u00e9tape n\u2019est v\u00e9ritablement r\u00e9serv\u00e9e aux sprinteuses. Pas une seule \u00e9tape en ligne avec moins de 1300 m\u00e8tres de d\u00e9nivel\u00e9. Cela pourrait-il d\u00e9courager certaines sp\u00e9cialistes comme <strong>Lorena Wiebes<\/strong> ? La laur\u00e9ate du maillot vert 2025 et <a href=\"https:\/\/dicodusport.fr\/blog\/4eme-etape-tour-de-france-femmes-2025-lorena-wiebes-double-la-mise-au-sprint\/\">double vainqueure d\u2019\u00e9tape<\/a>.<\/p>\n<h2 style=\"text-align: justify;\">2<\/h2>\n<p style=\"text-align: justify;\">Pour la deuxi\u00e8me fois, le Tour de France Femmes s\u2019\u00e9lancera de l\u2019\u00e9tranger. Apr\u00e8s Rotterdam en 2024, c\u2019est la Suisse et Lausanne qui accueilleront le Grand D\u00e9part en 2026. Lausanne, connue pour son <a href=\"https:\/\/dicodusport.fr\/blog\/diamond-league-lausanne-2025-programme-et-resultats\/\">Meeting Diamond League d\u2019athl\u00e9tisme<\/a>, est aussi une ville de v\u00e9lo, qui avait d\u00e9j\u00e0 re\u00e7u le Tour de France hommes pour la derni\u00e8re fois en 2022.<\/p>\n<blockquote class=\"twitter-tweet\">\n<p dir=\"ltr\" lang=\"fr\">\ud83e\udd29The official route of the <a href=\"https:\/\/twitter.com\/hashtag\/TDFF2026?src=hash&amp;ref_src=twsrc%5Etfw\">#TDFF2026<\/a> avec <a href=\"https:\/\/twitter.com\/GoZwift?ref_src=twsrc%5Etfw\">@GoZwift<\/a>!<\/p>\n<p>\ud83e\udd29 Voici le parcours officiel du <a href=\"https:\/\/twitter.com\/hashtag\/TDFF2026?src=hash&amp;ref_src=twsrc%5Etfw\">#TDFF2026<\/a> avec Zwift !<\/p>\n<p><a href=\"https:\/\/twitter.com\/hashtag\/WatchTheFemmes?src=hash&amp;ref_src=twsrc%5Etfw\">#WatchTheFemmes<\/a> <a href=\"https:\/\/t.co\/l5C65fHT01\">pic.twitter.com\/l5C65fHT01<\/a><\/p>\n<p>\u2014 Le Tour de France Femmes avec Zwift (@LeTourFemmes) <a href=\"https:\/\/twitter.com\/LeTourFemmes\/status\/1981294042555015329?ref_src=twsrc%5Etfw\">October 23, 2025<\/a><\/p><\/blockquote>\n<p style=\"text-align: justify;\"><script async src=\"https:\/\/platform.twitter.com\/widgets.js\" charset=\"utf-8\"><\/script><\/p>\n<h2 style=\"text-align: justify;\">21<\/h2>\n<p style=\"text-align: justify;\">Le contre-la-montre fait son grand retour sur les routes du Tour de France Femmes. Absent en 2025, l\u2019effort chronom\u00e9tr\u00e9 sera de retour lors de l\u2019\u00e9tape entre Gevrey-Chambertin et Dijon. Les coureuses devront se d\u00e9partager sur un parcours de 21 km. Un chrono exigeant, avec 255 m de d\u00e9nivel\u00e9 positif, dont une c\u00f4te de 1,8 km \u00e0 6,9 %.<\/p>\n<blockquote class=\"twitter-tweet\">\n<p dir=\"ltr\" lang=\"fr\">\u00c9tape 4 \/ Stage 4 &#8211; <a href=\"https:\/\/twitter.com\/hashtag\/TDFF2026?src=hash&amp;ref_src=twsrc%5Etfw\">#TDFF2026<\/a><br \/>\n\ud83d\udea9Gevrey-Chambertin &#8211; <a href=\"https:\/\/twitter.com\/dijon?ref_src=twsrc%5Etfw\">@dijon<\/a> \ud83c\udfc1 21 km \u23f1\ufe0f<\/p>\n<p>\u23f1\ufe0f Return of the ITT with a 21-kilometer exercise where specialists will have to work hard!<\/p>\n<p>\u23f1\ufe0f Retour du chrono individuel avec un exercice de 21 kilom\u00e8tres comme un clin d\u2019\u0153il \u00e0 la <a href=\"https:\/\/twitter.com\/CD_CotedOr?ref_src=twsrc%5Etfw\">@CD_CotedOr<\/a> !<\/p>\n<p>\ud83d\udc4b\u2026 <a href=\"https:\/\/t.co\/rm49f1sh6Z\">pic.twitter.com\/rm49f1sh6Z<\/a><\/p>\n<p>\u2014 Le Tour de France Femmes avec Zwift (@LeTourFemmes) <a href=\"https:\/\/twitter.com\/LeTourFemmes\/status\/1981297104266883509?ref_src=twsrc%5Etfw\">October 23, 2025<\/a><\/p><\/blockquote>\n<p style=\"text-align: justify;\"><script async src=\"https:\/\/platform.twitter.com\/widgets.js\" charset=\"utf-8\"><\/script><\/p>\n<h2 style=\"text-align: justify;\">38<\/h2>\n<p style=\"text-align: justify;\">C\u2019est le nombre d\u2019ascensions r\u00e9pertori\u00e9es sur les neuf \u00e9tapes du Tour de France Femmes 2026. La palme revient \u00e0 l\u2019\u00e9tape du Beaujolais, entre M\u00e2con et Belleville-en-Beaujolais. Une \u00e9tape qui rappellera celle du Tour hommes 2023, avec huit ascensions au programme. Sans surprise, la mont\u00e9e la plus longue sera celle du Mont Ventoux, avec 15,7 km r\u00e9pertori\u00e9s, mais plus de 20 km si l\u2019on compte la portion entre B\u00e9doin et Saint-Est\u00e8ve.<\/p>\n<h2 style=\"text-align: justify;\">1 175<\/h2>\n<p style=\"text-align: justify;\">Le kilom\u00e9trage total des neuf \u00e9tapes du <strong>Tour de France Femmes 2026<\/strong>. \u00c0 titre de comparaison, celui de 2025 \u2014 le premier avec neuf \u00e9tapes \u2014 \u00e9tait l\u00e9g\u00e8rement plus court, avec 1 168,6 km. Le cap des 170 km sera franchi lors de la 8e \u00e9tape entre Sisteron et Nice (175 km), peut-\u00eatre la derni\u00e8re opportunit\u00e9 pour les sprinteuses de briller. Trois \u00e9tapes d\u00e9passeront les 150 km, tandis que la seule \u00e9tape en ligne de moins de 100 km sera la derni\u00e8re. Mais ce ne sera pas la moins difficile, avec quatre ascensions du Col d\u2019\u00c8ze autour de Nice.<\/p>\n<h2 style=\"text-align: justify;\">1 909<\/h2>\n<p style=\"text-align: justify;\">C\u2019est l\u2019altitude du Mont Ventoux, arriv\u00e9e de la 7e \u00e9tape, qui sera le toit du Tour de France Femmes 2026. Un an apr\u00e8s <a href=\"https:\/\/dicodusport.fr\/blog\/le-francais-de-la-16eme-etape-valentin-paret-peintre-sauve-la-patrie-avec-brio\/\">la victoire de Valentin Paret-Peintre<\/a>, une Fran\u00e7aise pourra-t-elle dompter cette mont\u00e9e mythique ? On pense \u00e9videmment \u00e0 <a href=\"https:\/\/dicodusport.fr\/blog\/pauline-ferrand-prevot-10-chiffres-fous-sur-sa-carriere-xxl\/\">Pauline Ferrand-Pr\u00e9vot<\/a>, laur\u00e9ate du Tour en 2025 et double vainqueure d\u2019\u00e9tape.<\/p>\n<h2 style=\"text-align: justify;\">18 795<\/h2>\n<p style=\"text-align: justify;\">C\u2019est le d\u00e9nivel\u00e9 positif total de ce <strong>Tour de France Femmes 2026<\/strong>. La palme revient \u00e0 la 7e \u00e9tape entre La Voulte-sur-Rh\u00f4ne et le Mont Ventoux, avec 3565 m de d\u00e9nivel\u00e9 r\u00e9partis sur 144 km, dont 1580 m rien que pour gravir les pentes du Mont Chauve.<\/p>\n","protected":false},"excerpt":{"rendered":"<p>Retour en chiffres sur le parcours du Tour de France Femmes 2026, qui a \u00e9t\u00e9 d\u00e9voil\u00e9 ce jeudi par la directrice de l&rsquo;\u00e9preuve, Marion Rousse.<\/p>\n","protected":false},"author":83,"featured_media":621133,"comment_status":"open","ping_status":"closed","sticky":false,"template":"","format":"standard","meta":{"_acf_changed":false,"_daextam_enable_autolinks":"1","footnotes":""},"categories":[46995],"tags":[32415,16878,574,11197,19848],"class_list":["post-621078","post","type-post","status-publish","format-standard","has-post-thumbnail","hentry","category-tour-de-france","tag-actu","tag-breve","tag-cyclisme","tag-cyclisme-sur-route","tag-tour-de-france-femmes"],"acf":[],"yoast_head":"<!-- This site is optimized with the Yoast SEO Premium plugin v26.7 (Yoast SEO v26.7) - https:\/\/yoast.com\/wordpress\/plugins\/seo\/ -->\n<title>Tour de France Femmes 2026 : D\u00e9nivel\u00e9, kilom\u00e8tres, ascensions, le parcours en chiffres<\/title>\n<meta name=\"description\" content=\"Retour en chiffres sur le parcours du Tour de France Femmes 2026, qui a \u00e9t\u00e9 d\u00e9voil\u00e9 ce jeudi par la directrice de l&#039;\u00e9preuve, Marion Rousse.\" \/>\n<meta name=\"robots\" content=\"index, follow, max-snippet:-1, max-image-preview:large, max-video-preview:-1\" \/>\n<link rel=\"canonical\" href=\"https:\/\/dicodusport.fr\/blog\/tour-de-france-femmes-2026-denivele-kilometres-ascensions-le-parcours-en-chiffres\/\" \/>\n<meta property=\"og:locale\" content=\"fr_FR\" \/>\n<meta property=\"og:type\" content=\"article\" \/>\n<meta property=\"og:title\" content=\"Tour de France Femmes 2026 : D\u00e9nivel\u00e9, kilom\u00e8tres, ascensions, le parcours en chiffres\" \/>\n<meta property=\"og:description\" content=\"Retour en chiffres sur le parcours du Tour de France Femmes 2026, qui a \u00e9t\u00e9 d\u00e9voil\u00e9 ce jeudi par la directrice de l&#039;\u00e9preuve, Marion Rousse.\" \/>\n<meta property=\"og:url\" content=\"https:\/\/dicodusport.fr\/blog\/tour-de-france-femmes-2026-denivele-kilometres-ascensions-le-parcours-en-chiffres\/\" \/>\n<meta property=\"og:site_name\" content=\"Dicodusport\" \/>\n<meta property=\"article:publisher\" content=\"https:\/\/www.facebook.com\/dicodusport\" \/>\n<meta property=\"article:published_time\" content=\"2025-10-23T12:17:26+00:00\" \/>\n<meta property=\"og:image\" content=\"https:\/\/dicodusport.fr\/blog\/wp-content\/uploads\/2025\/10\/Tour-de-France-Femmes-2026-Denivele-kilometres-ascensions-le-parcours-en-chiffres.png\" \/>\n\t<meta property=\"og:image:width\" content=\"1200\" \/>\n\t<meta property=\"og:image:height\" content=\"674\" \/>\n\t<meta property=\"og:image:type\" content=\"image\/png\" \/>\n<meta name=\"author\" content=\"Etienne Goursaud\" \/>\n<meta name=\"twitter:card\" content=\"summary_large_image\" \/>\n<meta name=\"twitter:title\" content=\"Tour de France Femmes 2026 : D\u00e9nivel\u00e9, kilom\u00e8tres, ascensions, le parcours en chiffres\" \/>\n<meta name=\"twitter:creator\" content=\"@dicodusport\" \/>\n<meta name=\"twitter:site\" content=\"@dicodusport\" \/>\n<script type=\"application\/ld+json\" class=\"yoast-schema-graph\">{\"@context\":\"https:\/\/schema.org\",\"@graph\":[{\"@type\":\"NewsArticle\",\"@id\":\"https:\/\/dicodusport.fr\/blog\/tour-de-france-femmes-2026-denivele-kilometres-ascensions-le-parcours-en-chiffres\/#article\",\"isPartOf\":{\"@id\":\"https:\/\/dicodusport.fr\/blog\/tour-de-france-femmes-2026-denivele-kilometres-ascensions-le-parcours-en-chiffres\/\"},\"author\":{\"name\":\"Etienne Goursaud\",\"@id\":\"https:\/\/dicodusport.fr\/blog\/#\/schema\/person\/d603dd7da31fb2b46c82b9835a77ec13\"},\"headline\":\"Tour de France Femmes 2026 : D\u00e9nivel\u00e9, kilom\u00e8tres, ascensions, le parcours en chiffres\",\"datePublished\":\"2025-10-23T12:17:26+00:00\",\"mainEntityOfPage\":{\"@id\":\"https:\/\/dicodusport.fr\/blog\/tour-de-france-femmes-2026-denivele-kilometres-ascensions-le-parcours-en-chiffres\/\"},\"wordCount\":593,\"commentCount\":0,\"publisher\":{\"@id\":\"https:\/\/dicodusport.fr\/blog\/#organization\"},\"image\":{\"@id\":\"https:\/\/dicodusport.fr\/blog\/tour-de-france-femmes-2026-denivele-kilometres-ascensions-le-parcours-en-chiffres\/#primaryimage\"},\"thumbnailUrl\":\"https:\/\/dicodusport.fr\/blog\/wp-content\/uploads\/2025\/10\/Tour-de-France-Femmes-2026-Denivele-kilometres-ascensions-le-parcours-en-chiffres.png\",\"keywords\":[\"actu\",\"br\u00e8ve\",\"Cyclisme\",\"Cyclisme sur route\",\"Tour de France Femmes\"],\"articleSection\":[\"Tour de France\"],\"inLanguage\":\"fr-FR\",\"potentialAction\":[{\"@type\":\"CommentAction\",\"name\":\"Comment\",\"target\":[\"https:\/\/dicodusport.fr\/blog\/tour-de-france-femmes-2026-denivele-kilometres-ascensions-le-parcours-en-chiffres\/#respond\"]}],\"copyrightYear\":\"2025\",\"copyrightHolder\":{\"@id\":\"https:\/\/dicodusport.fr\/blog\/#organization\"}},{\"@type\":\"WebPage\",\"@id\":\"https:\/\/dicodusport.fr\/blog\/tour-de-france-femmes-2026-denivele-kilometres-ascensions-le-parcours-en-chiffres\/\",\"url\":\"https:\/\/dicodusport.fr\/blog\/tour-de-france-femmes-2026-denivele-kilometres-ascensions-le-parcours-en-chiffres\/\",\"name\":\"Tour de France Femmes 2026 : D\u00e9nivel\u00e9, kilom\u00e8tres, ascensions, le parcours en chiffres\",\"isPartOf\":{\"@id\":\"https:\/\/dicodusport.fr\/blog\/#website\"},\"primaryImageOfPage\":{\"@id\":\"https:\/\/dicodusport.fr\/blog\/tour-de-france-femmes-2026-denivele-kilometres-ascensions-le-parcours-en-chiffres\/#primaryimage\"},\"image\":{\"@id\":\"https:\/\/dicodusport.fr\/blog\/tour-de-france-femmes-2026-denivele-kilometres-ascensions-le-parcours-en-chiffres\/#primaryimage\"},\"thumbnailUrl\":\"https:\/\/dicodusport.fr\/blog\/wp-content\/uploads\/2025\/10\/Tour-de-France-Femmes-2026-Denivele-kilometres-ascensions-le-parcours-en-chiffres.png\",\"datePublished\":\"2025-10-23T12:17:26+00:00\",\"description\":\"Retour en chiffres sur le parcours du Tour de France Femmes 2026, qui a \u00e9t\u00e9 d\u00e9voil\u00e9 ce jeudi par la directrice de l'\u00e9preuve, Marion Rousse.\",\"breadcrumb\":{\"@id\":\"https:\/\/dicodusport.fr\/blog\/tour-de-france-femmes-2026-denivele-kilometres-ascensions-le-parcours-en-chiffres\/#breadcrumb\"},\"inLanguage\":\"fr-FR\",\"potentialAction\":[{\"@type\":\"ReadAction\",\"target\":[\"https:\/\/dicodusport.fr\/blog\/tour-de-france-femmes-2026-denivele-kilometres-ascensions-le-parcours-en-chiffres\/\"]}]},{\"@type\":\"ImageObject\",\"inLanguage\":\"fr-FR\",\"@id\":\"https:\/\/dicodusport.fr\/blog\/tour-de-france-femmes-2026-denivele-kilometres-ascensions-le-parcours-en-chiffres\/#primaryimage\",\"url\":\"https:\/\/dicodusport.fr\/blog\/wp-content\/uploads\/2025\/10\/Tour-de-France-Femmes-2026-Denivele-kilometres-ascensions-le-parcours-en-chiffres.png\",\"contentUrl\":\"https:\/\/dicodusport.fr\/blog\/wp-content\/uploads\/2025\/10\/Tour-de-France-Femmes-2026-Denivele-kilometres-ascensions-le-parcours-en-chiffres.png\",\"width\":1200,\"height\":674,\"caption\":\"Tour de France Femmes 2026 D\u00e9nivel\u00e9, kilom\u00e8tres, ascensions, le parcours en chiffres\"},{\"@type\":\"BreadcrumbList\",\"@id\":\"https:\/\/dicodusport.fr\/blog\/tour-de-france-femmes-2026-denivele-kilometres-ascensions-le-parcours-en-chiffres\/#breadcrumb\",\"itemListElement\":[{\"@type\":\"ListItem\",\"position\":1,\"name\":\"Accueil\",\"item\":\"https:\/\/dicodusport.fr\/blog\/\"},{\"@type\":\"ListItem\",\"position\":2,\"name\":\"Tour de France Femmes 2026 : D\u00e9nivel\u00e9, kilom\u00e8tres, ascensions, le parcours en chiffres\"}]},{\"@type\":\"WebSite\",\"@id\":\"https:\/\/dicodusport.fr\/blog\/#website\",\"url\":\"https:\/\/dicodusport.fr\/blog\/\",\"name\":\"Dicodusport\",\"description\":\"L&#039;encyclop\u00e9die de l&#039;actualit\u00e9 sportive\",\"publisher\":{\"@id\":\"https:\/\/dicodusport.fr\/blog\/#organization\"},\"potentialAction\":[{\"@type\":\"SearchAction\",\"target\":{\"@type\":\"EntryPoint\",\"urlTemplate\":\"https:\/\/dicodusport.fr\/blog\/?s={search_term_string}\"},\"query-input\":{\"@type\":\"PropertyValueSpecification\",\"valueRequired\":true,\"valueName\":\"search_term_string\"}}],\"inLanguage\":\"fr-FR\"},{\"@type\":\"NewsMediaOrganization\",\"@id\":\"https:\/\/dicodusport.fr\/blog\/#organization\",\"name\":\"Dicodusport\",\"url\":\"https:\/\/dicodusport.fr\/blog\/\",\"logo\":{\"@type\":\"ImageObject\",\"inLanguage\":\"fr-FR\",\"@id\":\"https:\/\/dicodusport.fr\/blog\/#\/schema\/logo\/image\/\",\"url\":\"https:\/\/dicodusport.fr\/blog\/wp-content\/uploads\/2020\/06\/cropped-LOGO-DICODUSPORT-2020-SANS-FOND-SANS-TEXTE.png\",\"contentUrl\":\"https:\/\/dicodusport.fr\/blog\/wp-content\/uploads\/2020\/06\/cropped-LOGO-DICODUSPORT-2020-SANS-FOND-SANS-TEXTE.png\",\"width\":512,\"height\":512,\"caption\":\"Dicodusport\"},\"image\":{\"@id\":\"https:\/\/dicodusport.fr\/blog\/#\/schema\/logo\/image\/\"},\"sameAs\":[\"https:\/\/www.facebook.com\/dicodusport\",\"https:\/\/x.com\/dicodusport\",\"https:\/\/www.instagram.com\/dicodusport\/\",\"https:\/\/www.youtube.com\/channel\/UC7V2KZ5sd3htJivAbA4ZG3w\"],\"description\":\"Dicodusport est l'encyclop\u00e9die de l'actualit\u00e9 sportive.\",\"email\":\"bonjour@dicodusport.fr\",\"legalName\":\"DICODUSPORT\",\"foundingDate\":\"2018-01-14\",\"vatID\":\"FR71834470973\",\"taxID\":\"83447097300043\",\"numberOfEmployees\":{\"@type\":\"QuantitativeValue\",\"minValue\":\"1\",\"maxValue\":\"10\"}},{\"@type\":\"Person\",\"@id\":\"https:\/\/dicodusport.fr\/blog\/#\/schema\/person\/d603dd7da31fb2b46c82b9835a77ec13\",\"name\":\"Etienne Goursaud\",\"image\":{\"@type\":\"ImageObject\",\"inLanguage\":\"fr-FR\",\"@id\":\"https:\/\/dicodusport.fr\/blog\/#\/schema\/person\/image\/\",\"url\":\"https:\/\/dicodusport.fr\/blog\/wp-content\/uploads\/2023\/12\/410122264_10231602061736049_5565839791558026645_n-150x150.jpg\",\"contentUrl\":\"https:\/\/dicodusport.fr\/blog\/wp-content\/uploads\/2023\/12\/410122264_10231602061736049_5565839791558026645_n-150x150.jpg\",\"caption\":\"Etienne Goursaud\"},\"description\":\"Journaliste et amoureux de sport. Ancien footballeur reconverti athl\u00e8te quand ses muscles le laissent tranquille. \u00c9lev\u00e9 \u00e0 la sauce des exploits de Thomas Voeckler en 2004, du dernier essai de l\u00e9gende de Eunice Barber \u00e0 la longueur lors des championnats du monde d'athl\u00e9tisme de 2003 mais aussi Zidane, Omeyer et Titou Lamaison.\",\"url\":\"https:\/\/dicodusport.fr\/blog\/author\/etienne-goursaud\/\"}]}<\/script>\n<!-- \/ Yoast SEO Premium plugin. -->","yoast_head_json":{"title":"Tour de France Femmes 2026 : D\u00e9nivel\u00e9, kilom\u00e8tres, ascensions, le parcours en chiffres","description":"Retour en chiffres sur le parcours du Tour de France Femmes 2026, qui a \u00e9t\u00e9 d\u00e9voil\u00e9 ce jeudi par la directrice de l'\u00e9preuve, Marion Rousse.","robots":{"index":"index","follow":"follow","max-snippet":"max-snippet:-1","max-image-preview":"max-image-preview:large","max-video-preview":"max-video-preview:-1"},"canonical":"https:\/\/dicodusport.fr\/blog\/tour-de-france-femmes-2026-denivele-kilometres-ascensions-le-parcours-en-chiffres\/","og_locale":"fr_FR","og_type":"article","og_title":"Tour de France Femmes 2026 : D\u00e9nivel\u00e9, kilom\u00e8tres, ascensions, le parcours en chiffres","og_description":"Retour en chiffres sur le parcours du Tour de France Femmes 2026, qui a \u00e9t\u00e9 d\u00e9voil\u00e9 ce jeudi par la directrice de l'\u00e9preuve, Marion Rousse.","og_url":"https:\/\/dicodusport.fr\/blog\/tour-de-france-femmes-2026-denivele-kilometres-ascensions-le-parcours-en-chiffres\/","og_site_name":"Dicodusport","article_publisher":"https:\/\/www.facebook.com\/dicodusport","article_published_time":"2025-10-23T12:17:26+00:00","og_image":[{"width":1200,"height":674,"url":"https:\/\/dicodusport.fr\/blog\/wp-content\/uploads\/2025\/10\/Tour-de-France-Femmes-2026-Denivele-kilometres-ascensions-le-parcours-en-chiffres.png","type":"image\/png"}],"author":"Etienne Goursaud","twitter_card":"summary_large_image","twitter_title":"Tour de France Femmes 2026 : D\u00e9nivel\u00e9, kilom\u00e8tres, ascensions, le parcours en chiffres","twitter_creator":"@dicodusport","twitter_site":"@dicodusport","schema":{"@context":"https:\/\/schema.org","@graph":[{"@type":"NewsArticle","@id":"https:\/\/dicodusport.fr\/blog\/tour-de-france-femmes-2026-denivele-kilometres-ascensions-le-parcours-en-chiffres\/#article","isPartOf":{"@id":"https:\/\/dicodusport.fr\/blog\/tour-de-france-femmes-2026-denivele-kilometres-ascensions-le-parcours-en-chiffres\/"},"author":{"name":"Etienne Goursaud","@id":"https:\/\/dicodusport.fr\/blog\/#\/schema\/person\/d603dd7da31fb2b46c82b9835a77ec13"},"headline":"Tour de France Femmes 2026 : D\u00e9nivel\u00e9, kilom\u00e8tres, ascensions, le parcours en chiffres","datePublished":"2025-10-23T12:17:26+00:00","mainEntityOfPage":{"@id":"https:\/\/dicodusport.fr\/blog\/tour-de-france-femmes-2026-denivele-kilometres-ascensions-le-parcours-en-chiffres\/"},"wordCount":593,"commentCount":0,"publisher":{"@id":"https:\/\/dicodusport.fr\/blog\/#organization"},"image":{"@id":"https:\/\/dicodusport.fr\/blog\/tour-de-france-femmes-2026-denivele-kilometres-ascensions-le-parcours-en-chiffres\/#primaryimage"},"thumbnailUrl":"https:\/\/dicodusport.fr\/blog\/wp-content\/uploads\/2025\/10\/Tour-de-France-Femmes-2026-Denivele-kilometres-ascensions-le-parcours-en-chiffres.png","keywords":["actu","br\u00e8ve","Cyclisme","Cyclisme sur route","Tour de France Femmes"],"articleSection":["Tour de France"],"inLanguage":"fr-FR","potentialAction":[{"@type":"CommentAction","name":"Comment","target":["https:\/\/dicodusport.fr\/blog\/tour-de-france-femmes-2026-denivele-kilometres-ascensions-le-parcours-en-chiffres\/#respond"]}],"copyrightYear":"2025","copyrightHolder":{"@id":"https:\/\/dicodusport.fr\/blog\/#organization"}},{"@type":"WebPage","@id":"https:\/\/dicodusport.fr\/blog\/tour-de-france-femmes-2026-denivele-kilometres-ascensions-le-parcours-en-chiffres\/","url":"https:\/\/dicodusport.fr\/blog\/tour-de-france-femmes-2026-denivele-kilometres-ascensions-le-parcours-en-chiffres\/","name":"Tour de France Femmes 2026 : D\u00e9nivel\u00e9, kilom\u00e8tres, ascensions, le parcours en chiffres","isPartOf":{"@id":"https:\/\/dicodusport.fr\/blog\/#website"},"primaryImageOfPage":{"@id":"https:\/\/dicodusport.fr\/blog\/tour-de-france-femmes-2026-denivele-kilometres-ascensions-le-parcours-en-chiffres\/#primaryimage"},"image":{"@id":"https:\/\/dicodusport.fr\/blog\/tour-de-france-femmes-2026-denivele-kilometres-ascensions-le-parcours-en-chiffres\/#primaryimage"},"thumbnailUrl":"https:\/\/dicodusport.fr\/blog\/wp-content\/uploads\/2025\/10\/Tour-de-France-Femmes-2026-Denivele-kilometres-ascensions-le-parcours-en-chiffres.png","datePublished":"2025-10-23T12:17:26+00:00","description":"Retour en chiffres sur le parcours du Tour de France Femmes 2026, qui a \u00e9t\u00e9 d\u00e9voil\u00e9 ce jeudi par la directrice de l'\u00e9preuve, Marion Rousse.","breadcrumb":{"@id":"https:\/\/dicodusport.fr\/blog\/tour-de-france-femmes-2026-denivele-kilometres-ascensions-le-parcours-en-chiffres\/#breadcrumb"},"inLanguage":"fr-FR","potentialAction":[{"@type":"ReadAction","target":["https:\/\/dicodusport.fr\/blog\/tour-de-france-femmes-2026-denivele-kilometres-ascensions-le-parcours-en-chiffres\/"]}]},{"@type":"ImageObject","inLanguage":"fr-FR","@id":"https:\/\/dicodusport.fr\/blog\/tour-de-france-femmes-2026-denivele-kilometres-ascensions-le-parcours-en-chiffres\/#primaryimage","url":"https:\/\/dicodusport.fr\/blog\/wp-content\/uploads\/2025\/10\/Tour-de-France-Femmes-2026-Denivele-kilometres-ascensions-le-parcours-en-chiffres.png","contentUrl":"https:\/\/dicodusport.fr\/blog\/wp-content\/uploads\/2025\/10\/Tour-de-France-Femmes-2026-Denivele-kilometres-ascensions-le-parcours-en-chiffres.png","width":1200,"height":674,"caption":"Tour de France Femmes 2026 D\u00e9nivel\u00e9, kilom\u00e8tres, ascensions, le parcours en chiffres"},{"@type":"BreadcrumbList","@id":"https:\/\/dicodusport.fr\/blog\/tour-de-france-femmes-2026-denivele-kilometres-ascensions-le-parcours-en-chiffres\/#breadcrumb","itemListElement":[{"@type":"ListItem","position":1,"name":"Accueil","item":"https:\/\/dicodusport.fr\/blog\/"},{"@type":"ListItem","position":2,"name":"Tour de France Femmes 2026 : D\u00e9nivel\u00e9, kilom\u00e8tres, ascensions, le parcours en chiffres"}]},{"@type":"WebSite","@id":"https:\/\/dicodusport.fr\/blog\/#website","url":"https:\/\/dicodusport.fr\/blog\/","name":"Dicodusport","description":"L&#039;encyclop\u00e9die de l&#039;actualit\u00e9 sportive","publisher":{"@id":"https:\/\/dicodusport.fr\/blog\/#organization"},"potentialAction":[{"@type":"SearchAction","target":{"@type":"EntryPoint","urlTemplate":"https:\/\/dicodusport.fr\/blog\/?s={search_term_string}"},"query-input":{"@type":"PropertyValueSpecification","valueRequired":true,"valueName":"search_term_string"}}],"inLanguage":"fr-FR"},{"@type":"NewsMediaOrganization","@id":"https:\/\/dicodusport.fr\/blog\/#organization","name":"Dicodusport","url":"https:\/\/dicodusport.fr\/blog\/","logo":{"@type":"ImageObject","inLanguage":"fr-FR","@id":"https:\/\/dicodusport.fr\/blog\/#\/schema\/logo\/image\/","url":"https:\/\/dicodusport.fr\/blog\/wp-content\/uploads\/2020\/06\/cropped-LOGO-DICODUSPORT-2020-SANS-FOND-SANS-TEXTE.png","contentUrl":"https:\/\/dicodusport.fr\/blog\/wp-content\/uploads\/2020\/06\/cropped-LOGO-DICODUSPORT-2020-SANS-FOND-SANS-TEXTE.png","width":512,"height":512,"caption":"Dicodusport"},"image":{"@id":"https:\/\/dicodusport.fr\/blog\/#\/schema\/logo\/image\/"},"sameAs":["https:\/\/www.facebook.com\/dicodusport","https:\/\/x.com\/dicodusport","https:\/\/www.instagram.com\/dicodusport\/","https:\/\/www.youtube.com\/channel\/UC7V2KZ5sd3htJivAbA4ZG3w"],"description":"Dicodusport est l'encyclop\u00e9die de l'actualit\u00e9 sportive.","email":"bonjour@dicodusport.fr","legalName":"DICODUSPORT","foundingDate":"2018-01-14","vatID":"FR71834470973","taxID":"83447097300043","numberOfEmployees":{"@type":"QuantitativeValue","minValue":"1","maxValue":"10"}},{"@type":"Person","@id":"https:\/\/dicodusport.fr\/blog\/#\/schema\/person\/d603dd7da31fb2b46c82b9835a77ec13","name":"Etienne Goursaud","image":{"@type":"ImageObject","inLanguage":"fr-FR","@id":"https:\/\/dicodusport.fr\/blog\/#\/schema\/person\/image\/","url":"https:\/\/dicodusport.fr\/blog\/wp-content\/uploads\/2023\/12\/410122264_10231602061736049_5565839791558026645_n-150x150.jpg","contentUrl":"https:\/\/dicodusport.fr\/blog\/wp-content\/uploads\/2023\/12\/410122264_10231602061736049_5565839791558026645_n-150x150.jpg","caption":"Etienne Goursaud"},"description":"Journaliste et amoureux de sport. Ancien footballeur reconverti athl\u00e8te quand ses muscles le laissent tranquille. \u00c9lev\u00e9 \u00e0 la sauce des exploits de Thomas Voeckler en 2004, du dernier essai de l\u00e9gende de Eunice Barber \u00e0 la longueur lors des championnats du monde d'athl\u00e9tisme de 2003 mais aussi Zidane, Omeyer et Titou Lamaison.","url":"https:\/\/dicodusport.fr\/blog\/author\/etienne-goursaud\/"}]}},"_links":{"self":[{"href":"https:\/\/dicodusport.fr\/blog\/wp-json\/wp\/v2\/posts\/621078","targetHints":{"allow":["GET"]}}],"collection":[{"href":"https:\/\/dicodusport.fr\/blog\/wp-json\/wp\/v2\/posts"}],"about":[{"href":"https:\/\/dicodusport.fr\/blog\/wp-json\/wp\/v2\/types\/post"}],"author":[{"embeddable":true,"href":"https:\/\/dicodusport.fr\/blog\/wp-json\/wp\/v2\/users\/83"}],"replies":[{"embeddable":true,"href":"https:\/\/dicodusport.fr\/blog\/wp-json\/wp\/v2\/comments?post=621078"}],"version-history":[{"count":5,"href":"https:\/\/dicodusport.fr\/blog\/wp-json\/wp\/v2\/posts\/621078\/revisions"}],"predecessor-version":[{"id":621134,"href":"https:\/\/dicodusport.fr\/blog\/wp-json\/wp\/v2\/posts\/621078\/revisions\/621134"}],"wp:featuredmedia":[{"embeddable":true,"href":"https:\/\/dicodusport.fr\/blog\/wp-json\/wp\/v2\/media\/621133"}],"wp:attachment":[{"href":"https:\/\/dicodusport.fr\/blog\/wp-json\/wp\/v2\/media?parent=621078"}],"wp:term":[{"taxonomy":"category","embeddable":true,"href":"https:\/\/dicodusport.fr\/blog\/wp-json\/wp\/v2\/categories?post=621078"},{"taxonomy":"post_tag","embeddable":true,"href":"https:\/\/dicodusport.fr\/blog\/wp-json\/wp\/v2\/tags?post=621078"}],"curies":[{"name":"wp","href":"https:\/\/api.w.org\/{rel}","templated":true}]}}