{"id":621369,"date":"2025-10-26T16:12:01","date_gmt":"2025-10-26T15:12:01","guid":{"rendered":"https:\/\/dicodusport.fr\/blog\/?p=621369&#038;preview=true&#038;preview_id=621369"},"modified":"2025-10-26T16:22:24","modified_gmt":"2025-10-26T15:22:24","slug":"clasico-real-madrid-fc-barcelone-compositions-chaine-tv-heure-et-cotes-liga-2025-2026","status":"publish","type":"post","link":"https:\/\/dicodusport.fr\/blog\/clasico-real-madrid-fc-barcelone-compositions-chaine-tv-heure-et-cotes-liga-2025-2026\/","title":{"rendered":"Cl\u00e1sico Real Madrid-FC Barcelone : Compositions, Cha\u00eene TV, Heure et Cotes"},"content":{"rendered":"<p style=\"text-align: justify;\"><em><strong>LIGA 2025-2026 \u2013 \u00c0 quelle heure et sur quelle cha\u00eene TV suivre le match de Liga entre le Real Madrid et le FC Barcelone ? Retrouvez \u00e9galement les compositions probables des deux \u00e9quipes.<\/strong><\/em><\/p>\n<p style=\"text-align: justify;\">C&rsquo;est l&rsquo;un des matchs les plus attendus du football europ\u00e9en. Le Cl\u00e1sico entre le <strong>Real Madrid<\/strong> et le <strong>FC Barcelone<\/strong>, comptant pour la 10\u00e8me journ\u00e9e de Liga, aura lieu ce dimanche 26 octobre \u00e0 16h15, \u00e0 l&rsquo;Estadio Santiago Bernab\u00e9u de Madrid.<\/p>\n<h2 style=\"text-align: justify;\">\u00c0 qui le Cl\u00e1sico ?<\/h2>\n<p style=\"text-align: justify;\">Le<strong> Real Madrid<\/strong> aborde ce Cl\u00e1sico en t\u00eate de Liga, avec huit victoires en neuf matchs de championnat cette saison. Mais la seule d\u00e9faite a \u00e9t\u00e9 conc\u00e9d\u00e9e lors d&rsquo;un autre choc, contre l&rsquo;Atl\u00e9tico de Madrid. Une d\u00e9route <strong>5-2<\/strong> qui n&rsquo;a cependant pas laiss\u00e9 de traces, puisque les Merengues ont depuis encha\u00een\u00e9 quatre victoires toutes comp\u00e9titions confondues, la derni\u00e8re ce mercredi en Ligue des champions contre la Juventus, ce qui les place en t\u00eate de la phase de championnat.<\/p>\n<div class=\"vlp-link-container vlp-layout-article\"><a href=\"https:\/\/dicodusport.fr\/blog\/resume-video-real-madrid-juventus-ligue-des-champions\/\" class=\"vlp-link\" title=\"R\u00e9sum\u00e9 vid\u00e9o Real Madrid-Juventus, Ligue des champions\"><\/a><div class=\"vlp-layout-zone-side\"><div class=\"vlp-block-4 vlp-link-image\"><img loading=\"lazy\" decoding=\"async\" style=\"max-width: 792px;\" width=\"792\" height=\"445\" src=\"https:\/\/dicodusport.fr\/blog\/wp-content\/uploads\/2025\/10\/Resume-video-Real-Madrid-Juventus-Ligue-des-champions.png\" class=\"attachment-800x445 size-800x445\" alt=\"\" srcset=\"https:\/\/dicodusport.fr\/blog\/wp-content\/uploads\/2025\/10\/Resume-video-Real-Madrid-Juventus-Ligue-des-champions.png 1200w, https:\/\/dicodusport.fr\/blog\/wp-content\/uploads\/2025\/10\/Resume-video-Real-Madrid-Juventus-Ligue-des-champions-300x169.png 300w, https:\/\/dicodusport.fr\/blog\/wp-content\/uploads\/2025\/10\/Resume-video-Real-Madrid-Juventus-Ligue-des-champions-1024x575.png 1024w, https:\/\/dicodusport.fr\/blog\/wp-content\/uploads\/2025\/10\/Resume-video-Real-Madrid-Juventus-Ligue-des-champions-768x431.png 768w\" sizes=\"auto, (max-width: 792px) 100vw, 792px\" \/><\/div><\/div><div class=\"vlp-layout-zone-main\"><div class=\"vlp-block-0 vlp-link-title\">R\u00e9sum\u00e9 vid\u00e9o Real Madrid-Juventus, Ligue des champions<\/div><div class=\"vlp-block-1 vlp-link-summary\">Ce mercredi, le Real Madrid affrontait la Juventus lors de la phase de groupe de Ligue des champions. Voici le r\u00e9sum\u00e9 vid\u00e9o du match.<\/div><div class=\"vlp-block-2 vlp-link-button\">Lire l'article<\/div><div class=\"vlp-block-3 vlp-link-url\">dicodusport.fr<\/div><\/div><\/div>\n<p style=\"text-align: justify;\">Le <strong>FC Barcelone<\/strong> a \u00e9galement subi une d\u00e9route en Liga, s&rsquo;inclinant <strong>4-1<\/strong> \u00e0 S\u00e9ville, qui faisait elle-m\u00eame suite \u00e0 un revers contre le PSG en Ligue des champions. N\u00e9anmoins, les Catalans sont toujours en bonne position pour la qualification apr\u00e8s un succ\u00e8s <strong>6-1<\/strong> sur l&rsquo;Olympiakos, et ne sont qu&rsquo;\u00e0 deux points de la t\u00eate en Liga. Une belle occasion de prendre la t\u00eate en cas de succ\u00e8s, d&rsquo;autant plus que les Blaugrana sont dominateurs dans les temps r\u00e9cents du Cl\u00e1sico.<\/p>\n<div class=\"vlp-link-container vlp-layout-article\"><a href=\"https:\/\/dicodusport.fr\/blog\/un-psg-remanie-fait-plier-le-fc-barcelone-a-montjuic\/\" class=\"vlp-link\" title=\"Un PSG remani\u00e9 fait plier le FC Barcelone \u00e0 Montju\u00efc\"><\/a><div class=\"vlp-layout-zone-side\"><div class=\"vlp-block-4 vlp-link-image\"><img loading=\"lazy\" decoding=\"async\" style=\"max-width: 792px;\" width=\"792\" height=\"445\" src=\"https:\/\/dicodusport.fr\/blog\/wp-content\/uploads\/2025\/10\/Un-PSG-remanie-fait-plier-le-FC-Barcelone-a-Montjuic.png\" class=\"attachment-800x445 size-800x445\" alt=\"Un PSG remani\u00e9 fait plier le FC Barcelone \u00e0 Montju\u00efc\" srcset=\"https:\/\/dicodusport.fr\/blog\/wp-content\/uploads\/2025\/10\/Un-PSG-remanie-fait-plier-le-FC-Barcelone-a-Montjuic.png 1200w, https:\/\/dicodusport.fr\/blog\/wp-content\/uploads\/2025\/10\/Un-PSG-remanie-fait-plier-le-FC-Barcelone-a-Montjuic-300x169.png 300w, https:\/\/dicodusport.fr\/blog\/wp-content\/uploads\/2025\/10\/Un-PSG-remanie-fait-plier-le-FC-Barcelone-a-Montjuic-1024x575.png 1024w, https:\/\/dicodusport.fr\/blog\/wp-content\/uploads\/2025\/10\/Un-PSG-remanie-fait-plier-le-FC-Barcelone-a-Montjuic-768x431.png 768w\" sizes=\"auto, (max-width: 792px) 100vw, 792px\" \/><\/div><\/div><div class=\"vlp-layout-zone-main\"><div class=\"vlp-block-0 vlp-link-title\">Un PSG remani\u00e9 fait plier le FC Barcelone \u00e0 Montju\u00efc<\/div><div class=\"vlp-block-1 vlp-link-summary\">Malgr\u00e9 l\u2019absence d\u2019une partie de ses cadres, le PSG a su arracher la victoire face au FC Barcelone (1-2). La premi\u00e8re demi-heure des champions d\u2019Europe a \u00e9t\u00e9 poussive, mais Mayulu et Ramos ont offert un succ\u00e8s de prestige \u00e0 Montju\u00efc.<\/div><div class=\"vlp-block-2 vlp-link-button\">Lire l'article<\/div><div class=\"vlp-block-3 vlp-link-url\">dicodusport.fr<\/div><\/div><\/div>\n<p style=\"text-align: justify;\">La saison derni\u00e8re, le Bar\u00e7a s&rsquo;\u00e9tait impos\u00e9 <strong>2-5<\/strong> au match aller \u00e0 Madrid, puis <strong>4-3<\/strong> au retour, avec en prime un succ\u00e8s <strong>3-2<\/strong> en finale de la Coupe du Roi. Mais chez les bookmakers, c&rsquo;est bien le Real qui est le favori de cette premi\u00e8re manche du Cl\u00e1sico.<\/p>\n<h2 style=\"text-align: justify;\">Liga : Le programme TV de Real Madrid &#8211; FC Barcelone<\/h2>\n<h3 style=\"text-align: justify;\">Dimanche 26 octobre 2025<\/h3>\n<p style=\"text-align: justify;\"><b>Match diffus\u00e9 sur beIN Sports 1<\/b><b>\u00a0: <\/b>D\u00e9but du match \u00e0<strong> 16h15.<\/strong><\/p>\n<h2 style=\"text-align: justify;\">Les compositions officielles de Real Madrid &#8211; FC Barcelone<\/h2>\n<h3 style=\"text-align: justify;\">La composition du Real Madrid<\/h3>\n<p style=\"text-align: justify;\">Courtois &#8211; Valverde, Militao, Huijsen, Carreras &#8211; Tchouameni, Camavinga &#8211; Vinicius, Bellingham, G\u00fcler &#8211; Mbapp\u00e9.<\/p>\n<h3 style=\"text-align: justify;\">La composition du FC Barcelone<\/h3>\n<p><span class=\"css-1jxf684 r-bcqeeo r-1ttztb7 r-qvutc0 r-poiln3\">Szczesny &#8211; Kounde, Eric Garcia, Cubarsi, Balde &#8211; de Jong, <\/span><span class=\"css-1jxf684 r-bcqeeo r-1ttztb7 r-qvutc0 r-poiln3 r-b88u0q\">Pedri<\/span><span class=\"css-1jxf684 r-bcqeeo r-1ttztb7 r-qvutc0 r-poiln3\">, Ferm\u00edn &#8211; Rashford, Ferran Torres, Lamine <\/span><span class=\"css-1jxf684 r-bcqeeo r-1ttztb7 r-qvutc0 r-poiln3 r-b88u0q\">Yamal<\/span><\/p>\n<h2 style=\"text-align: justify;\">Les cotes de\u00a0Real Madrid &#8211; FC Barcelone<\/h2>\n<table style=\"width: 840px;\">\n<tbody>\n<tr style=\"height: 16px;\">\n<td style=\"background-color: #404040; border-color: #ededed; width: 840px; text-align: left;\" colspan=\"3\"><strong><span style=\"font-size: 12px; color: #ffffff;\"><img loading=\"lazy\" decoding=\"async\" class=\"alignnone wp-image-512842\" src=\"https:\/\/dicodusport.fr\/blog\/wp-content\/uploads\/2024\/08\/Logo-Winamax.png\" alt=\"\" width=\"14\" height=\"13\" srcset=\"https:\/\/dicodusport.fr\/blog\/wp-content\/uploads\/2024\/08\/Logo-Winamax.png 290w, https:\/\/dicodusport.fr\/blog\/wp-content\/uploads\/2024\/08\/Logo-Winamax-150x150.png 150w, https:\/\/dicodusport.fr\/blog\/wp-content\/uploads\/2024\/08\/Logo-Winamax-80x80.png 80w\" sizes=\"auto, (max-width: 14px) 100vw, 14px\" \/> Dimanche 26 octobre 16h15<\/span><\/strong><\/td>\n<\/tr>\n<tr style=\"height: 24px;\">\n<td style=\"background-color: #ffffff; border-color: #ededed; vertical-align: middle; text-align: center; width: 266px;\"><span style=\"font-size: 10px;\"><span style=\"font-size: 14px;\"><strong>Real Madrid<br \/>\n<\/strong><\/span><\/span><span style=\"font-size: 10px;\"><a href=\"https:\/\/www.winamax.fr\/paris-sportifs\/match\/61624130?banid=33423\" class=\"su-button su-button-style-flat su-button-wide\" style=\"color:#fff;background-color:#0860ff;border-color:#074dcc;border-radius:5px\" target=\"_blank\" rel=\"noopener noreferrer\"><span style=\"color:#fff;padding:0px 20px;font-size:16px;line-height:32px;border-color:#5390ff;border-radius:5px;text-shadow:none\"> 1.90<\/span><\/a><\/span><\/td>\n<td style=\"background-color: #ffffff; border-color: #ededed; vertical-align: middle; text-align: center; width: 266px;\"><span style=\"font-size: 10px;\"><span style=\"font-size: 14px;\"><strong>Match nul<\/strong><\/span><br \/>\n<a href=\"https:\/\/www.winamax.fr\/paris-sportifs\/match\/61624130?banid=33423\" class=\"su-button su-button-style-flat su-button-wide\" style=\"color:#fff;background-color:#0860ff;border-color:#074dcc;border-radius:5px\" target=\"_blank\" rel=\"noopener noreferrer\"><span style=\"color:#fff;padding:0px 20px;font-size:16px;line-height:32px;border-color:#5390ff;border-radius:5px;text-shadow:none\"> 4.10<\/span><\/a><\/span><\/td>\n<td style=\"background-color: #ffffff; border-color: #ededed; vertical-align: middle; text-align: center; width: 266px;\"><span style=\"font-size: 10px;\"><span style=\"font-size: 14px;\"><strong>FC Barcelone<\/strong><\/span><br \/>\n<a href=\"https:\/\/www.winamax.fr\/paris-sportifs\/match\/61624130?banid=33423\" class=\"su-button su-button-style-flat su-button-wide\" style=\"color:#fff;background-color:#0860ff;border-color:#074dcc;border-radius:5px\" target=\"_blank\" rel=\"noopener noreferrer\"><span style=\"color:#fff;padding:0px 20px;font-size:16px;line-height:32px;border-color:#5390ff;border-radius:5px;text-shadow:none\"> 3.10<\/span><\/a><\/span><\/td>\n<\/tr>\n<\/tbody>\n<\/table>\n<p style=\"text-align: justify;\">Tentez votre chance en profitant de votre <a href=\"https:\/\/www.winamax.fr\/registration\/landing\/affiliation_Bonus100?banid=33423\">1er d\u00e9p\u00f4t doubl\u00e9 jusqu&rsquo;\u00e0 100 \u20ac<\/a> direct en paris gratuits sur Winamax !<\/p>\n","protected":false},"excerpt":{"rendered":"<p>LIGA 2025-2026 \u2013 \u00c0 quelle heure et sur quelle cha\u00eene TV suivre le match de Liga entre le Real Madrid et le FC Barcelone ? Retrouvez \u00e9galement les compositions probables des deux \u00e9quipes.<\/p>\n","protected":false},"author":59,"featured_media":621477,"comment_status":"open","ping_status":"closed","sticky":false,"template":"","format":"standard","meta":{"_acf_changed":false,"_daextam_enable_autolinks":"1","footnotes":""},"categories":[44295,2301],"tags":[16878,4203,75,8799,521],"class_list":["post-621369","post","type-post","status-publish","format-standard","has-post-thumbnail","hentry","category-chaine-tv","category-football","tag-breve","tag-fc-barcelone","tag-football","tag-programme-tv","tag-real-madrid"],"acf":[],"yoast_head":"<!-- This site is optimized with the Yoast SEO Premium plugin v26.7 (Yoast SEO v26.7) - https:\/\/yoast.com\/wordpress\/plugins\/seo\/ -->\n<title>Cl\u00e1sico Real Madrid-FC Barcelone : Compositions, Cha\u00eene TV, Heure et Cotes<\/title>\n<meta name=\"description\" content=\"LIGA 2025-2026 \u2013 \u00c0 quelle heure et sur quelle cha\u00eene TV suivre le match de Liga entre le Real Madrid et le FC Barcelone ? Retrouvez \u00e9galement les compositions probables des deux \u00e9quipes.\" \/>\n<meta name=\"robots\" content=\"index, follow, max-snippet:-1, max-image-preview:large, max-video-preview:-1\" \/>\n<link rel=\"canonical\" href=\"https:\/\/dicodusport.fr\/blog\/clasico-real-madrid-fc-barcelone-compositions-chaine-tv-heure-et-cotes-liga-2025-2026\/\" \/>\n<meta property=\"og:locale\" content=\"fr_FR\" \/>\n<meta property=\"og:type\" content=\"article\" \/>\n<meta property=\"og:title\" content=\"Cl\u00e1sico Real Madrid-FC Barcelone : Compositions, Cha\u00eene TV, Heure et Cotes\" \/>\n<meta property=\"og:description\" content=\"LIGA 2025-2026 \u2013 \u00c0 quelle heure et sur quelle cha\u00eene TV suivre le match de Liga entre le Real Madrid et le FC Barcelone ? Retrouvez \u00e9galement les compositions probables des deux \u00e9quipes.\" \/>\n<meta property=\"og:url\" content=\"https:\/\/dicodusport.fr\/blog\/clasico-real-madrid-fc-barcelone-compositions-chaine-tv-heure-et-cotes-liga-2025-2026\/\" \/>\n<meta property=\"og:site_name\" content=\"Dicodusport\" \/>\n<meta property=\"article:publisher\" content=\"https:\/\/www.facebook.com\/dicodusport\" \/>\n<meta property=\"article:author\" content=\"https:\/\/www.facebook.com\/sebastien.gente\/\" \/>\n<meta property=\"article:published_time\" content=\"2025-10-26T15:12:01+00:00\" \/>\n<meta property=\"article:modified_time\" content=\"2025-10-26T15:22:24+00:00\" \/>\n<meta property=\"og:image\" content=\"https:\/\/dicodusport.fr\/blog\/wp-content\/uploads\/2025\/10\/Clasico-Real-Madrid-FC-Barcelone-Compositions-Chaine-TV-Heure-et-Cotes.png\" \/>\n\t<meta property=\"og:image:width\" content=\"1200\" \/>\n\t<meta property=\"og:image:height\" content=\"674\" \/>\n\t<meta property=\"og:image:type\" content=\"image\/png\" \/>\n<meta name=\"author\" content=\"S\u00e9bastien Gente\" \/>\n<meta name=\"twitter:card\" content=\"summary_large_image\" \/>\n<meta name=\"twitter:title\" content=\"Cl\u00e1sico Real Madrid-FC Barcelone : Compositions, Cha\u00eene TV, Heure et Cotes\" \/>\n<meta name=\"twitter:creator\" content=\"@https:\/\/twitter.com\/globulo24\" \/>\n<meta name=\"twitter:site\" content=\"@dicodusport\" \/>\n<script type=\"application\/ld+json\" class=\"yoast-schema-graph\">{\"@context\":\"https:\/\/schema.org\",\"@graph\":[{\"@type\":\"NewsArticle\",\"@id\":\"https:\/\/dicodusport.fr\/blog\/clasico-real-madrid-fc-barcelone-compositions-chaine-tv-heure-et-cotes-liga-2025-2026\/#article\",\"isPartOf\":{\"@id\":\"https:\/\/dicodusport.fr\/blog\/clasico-real-madrid-fc-barcelone-compositions-chaine-tv-heure-et-cotes-liga-2025-2026\/\"},\"author\":{\"name\":\"S\u00e9bastien Gente\",\"@id\":\"https:\/\/dicodusport.fr\/blog\/#\/schema\/person\/627966a6cde45dbd8c5e36ac85d783da\"},\"headline\":\"Cl\u00e1sico Real Madrid-FC Barcelone : Compositions, Cha\u00eene TV, Heure et Cotes\",\"datePublished\":\"2025-10-26T15:12:01+00:00\",\"dateModified\":\"2025-10-26T15:22:24+00:00\",\"mainEntityOfPage\":{\"@id\":\"https:\/\/dicodusport.fr\/blog\/clasico-real-madrid-fc-barcelone-compositions-chaine-tv-heure-et-cotes-liga-2025-2026\/\"},\"wordCount\":679,\"commentCount\":9,\"publisher\":{\"@id\":\"https:\/\/dicodusport.fr\/blog\/#organization\"},\"image\":{\"@id\":\"https:\/\/dicodusport.fr\/blog\/clasico-real-madrid-fc-barcelone-compositions-chaine-tv-heure-et-cotes-liga-2025-2026\/#primaryimage\"},\"thumbnailUrl\":\"https:\/\/dicodusport.fr\/blog\/wp-content\/uploads\/2025\/10\/Clasico-Real-Madrid-FC-Barcelone-Compositions-Chaine-TV-Heure-et-Cotes.png\",\"keywords\":[\"br\u00e8ve\",\"FC Barcelone\",\"Football\",\"Programme TV\",\"Real Madrid\"],\"articleSection\":[\"Cha\u00eene TV\",\"Football\"],\"inLanguage\":\"fr-FR\",\"potentialAction\":[{\"@type\":\"CommentAction\",\"name\":\"Comment\",\"target\":[\"https:\/\/dicodusport.fr\/blog\/clasico-real-madrid-fc-barcelone-compositions-chaine-tv-heure-et-cotes-liga-2025-2026\/#respond\"]}],\"copyrightYear\":\"2025\",\"copyrightHolder\":{\"@id\":\"https:\/\/dicodusport.fr\/blog\/#organization\"}},{\"@type\":\"WebPage\",\"@id\":\"https:\/\/dicodusport.fr\/blog\/clasico-real-madrid-fc-barcelone-compositions-chaine-tv-heure-et-cotes-liga-2025-2026\/\",\"url\":\"https:\/\/dicodusport.fr\/blog\/clasico-real-madrid-fc-barcelone-compositions-chaine-tv-heure-et-cotes-liga-2025-2026\/\",\"name\":\"Cl\u00e1sico Real Madrid-FC Barcelone : Compositions, Cha\u00eene TV, Heure et Cotes\",\"isPartOf\":{\"@id\":\"https:\/\/dicodusport.fr\/blog\/#website\"},\"primaryImageOfPage\":{\"@id\":\"https:\/\/dicodusport.fr\/blog\/clasico-real-madrid-fc-barcelone-compositions-chaine-tv-heure-et-cotes-liga-2025-2026\/#primaryimage\"},\"image\":{\"@id\":\"https:\/\/dicodusport.fr\/blog\/clasico-real-madrid-fc-barcelone-compositions-chaine-tv-heure-et-cotes-liga-2025-2026\/#primaryimage\"},\"thumbnailUrl\":\"https:\/\/dicodusport.fr\/blog\/wp-content\/uploads\/2025\/10\/Clasico-Real-Madrid-FC-Barcelone-Compositions-Chaine-TV-Heure-et-Cotes.png\",\"datePublished\":\"2025-10-26T15:12:01+00:00\",\"dateModified\":\"2025-10-26T15:22:24+00:00\",\"description\":\"LIGA 2025-2026 \u2013 \u00c0 quelle heure et sur quelle cha\u00eene TV suivre le match de Liga entre le Real Madrid et le FC Barcelone ? Retrouvez \u00e9galement les compositions probables des deux \u00e9quipes.\",\"breadcrumb\":{\"@id\":\"https:\/\/dicodusport.fr\/blog\/clasico-real-madrid-fc-barcelone-compositions-chaine-tv-heure-et-cotes-liga-2025-2026\/#breadcrumb\"},\"inLanguage\":\"fr-FR\",\"potentialAction\":[{\"@type\":\"ReadAction\",\"target\":[\"https:\/\/dicodusport.fr\/blog\/clasico-real-madrid-fc-barcelone-compositions-chaine-tv-heure-et-cotes-liga-2025-2026\/\"]}]},{\"@type\":\"ImageObject\",\"inLanguage\":\"fr-FR\",\"@id\":\"https:\/\/dicodusport.fr\/blog\/clasico-real-madrid-fc-barcelone-compositions-chaine-tv-heure-et-cotes-liga-2025-2026\/#primaryimage\",\"url\":\"https:\/\/dicodusport.fr\/blog\/wp-content\/uploads\/2025\/10\/Clasico-Real-Madrid-FC-Barcelone-Compositions-Chaine-TV-Heure-et-Cotes.png\",\"contentUrl\":\"https:\/\/dicodusport.fr\/blog\/wp-content\/uploads\/2025\/10\/Clasico-Real-Madrid-FC-Barcelone-Compositions-Chaine-TV-Heure-et-Cotes.png\",\"width\":1200,\"height\":674,\"caption\":\"Cl\u00e1sico Real Madrid-FC Barcelone Compositions, Cha\u00eene TV, Heure et Cotes\"},{\"@type\":\"BreadcrumbList\",\"@id\":\"https:\/\/dicodusport.fr\/blog\/clasico-real-madrid-fc-barcelone-compositions-chaine-tv-heure-et-cotes-liga-2025-2026\/#breadcrumb\",\"itemListElement\":[{\"@type\":\"ListItem\",\"position\":1,\"name\":\"Accueil\",\"item\":\"https:\/\/dicodusport.fr\/blog\/\"},{\"@type\":\"ListItem\",\"position\":2,\"name\":\"Cl\u00e1sico Real Madrid-FC Barcelone : Compositions, Cha\u00eene TV, Heure et Cotes\"}]},{\"@type\":\"WebSite\",\"@id\":\"https:\/\/dicodusport.fr\/blog\/#website\",\"url\":\"https:\/\/dicodusport.fr\/blog\/\",\"name\":\"Dicodusport\",\"description\":\"L&#039;encyclop\u00e9die de l&#039;actualit\u00e9 sportive\",\"publisher\":{\"@id\":\"https:\/\/dicodusport.fr\/blog\/#organization\"},\"potentialAction\":[{\"@type\":\"SearchAction\",\"target\":{\"@type\":\"EntryPoint\",\"urlTemplate\":\"https:\/\/dicodusport.fr\/blog\/?s={search_term_string}\"},\"query-input\":{\"@type\":\"PropertyValueSpecification\",\"valueRequired\":true,\"valueName\":\"search_term_string\"}}],\"inLanguage\":\"fr-FR\"},{\"@type\":\"NewsMediaOrganization\",\"@id\":\"https:\/\/dicodusport.fr\/blog\/#organization\",\"name\":\"Dicodusport\",\"url\":\"https:\/\/dicodusport.fr\/blog\/\",\"logo\":{\"@type\":\"ImageObject\",\"inLanguage\":\"fr-FR\",\"@id\":\"https:\/\/dicodusport.fr\/blog\/#\/schema\/logo\/image\/\",\"url\":\"https:\/\/dicodusport.fr\/blog\/wp-content\/uploads\/2020\/06\/cropped-LOGO-DICODUSPORT-2020-SANS-FOND-SANS-TEXTE.png\",\"contentUrl\":\"https:\/\/dicodusport.fr\/blog\/wp-content\/uploads\/2020\/06\/cropped-LOGO-DICODUSPORT-2020-SANS-FOND-SANS-TEXTE.png\",\"width\":512,\"height\":512,\"caption\":\"Dicodusport\"},\"image\":{\"@id\":\"https:\/\/dicodusport.fr\/blog\/#\/schema\/logo\/image\/\"},\"sameAs\":[\"https:\/\/www.facebook.com\/dicodusport\",\"https:\/\/x.com\/dicodusport\",\"https:\/\/www.instagram.com\/dicodusport\/\",\"https:\/\/www.youtube.com\/channel\/UC7V2KZ5sd3htJivAbA4ZG3w\"],\"description\":\"Dicodusport est l'encyclop\u00e9die de l'actualit\u00e9 sportive.\",\"email\":\"bonjour@dicodusport.fr\",\"legalName\":\"DICODUSPORT\",\"foundingDate\":\"2018-01-14\",\"vatID\":\"FR71834470973\",\"taxID\":\"83447097300043\",\"numberOfEmployees\":{\"@type\":\"QuantitativeValue\",\"minValue\":\"1\",\"maxValue\":\"10\"}},{\"@type\":\"Person\",\"@id\":\"https:\/\/dicodusport.fr\/blog\/#\/schema\/person\/627966a6cde45dbd8c5e36ac85d783da\",\"name\":\"S\u00e9bastien Gente\",\"image\":{\"@type\":\"ImageObject\",\"inLanguage\":\"fr-FR\",\"@id\":\"https:\/\/dicodusport.fr\/blog\/#\/schema\/person\/image\/\",\"url\":\"https:\/\/dicodusport.fr\/blog\/wp-content\/uploads\/2021\/09\/1510990_10205810251400683_4124423575079401707_n-150x150.jpg\",\"contentUrl\":\"https:\/\/dicodusport.fr\/blog\/wp-content\/uploads\/2021\/09\/1510990_10205810251400683_4124423575079401707_n-150x150.jpg\",\"caption\":\"S\u00e9bastien Gente\"},\"description\":\"John Stockton, Gianni Bugno, Zinedine Zidane, Steffi Graf, Frode Andresen, St\u00e9phane Stoecklin, Davis Kamoga, Primoz Peterka, Werner Schlager et Aur\u00e9lien Rougerie. Point commun entre ces sportifs? Ils m'ont fait r\u00eaver et ont berc\u00e9 mon adolescence. Je suis un fondu de sports et j'essaie de retranscrire ma passion \u00e0 travers mes articles. Originaire du P\u00e9rigord, ma passion pour les Girondins, les Jaunards et les Jazzmen transpire dans mes \u00e9crits. \u00c0 Dicodusport depuis 2021, je d\u00e9niche les sports m\u00e9connus dans lesquels la France brille, et il y en a !\",\"sameAs\":[\"https:\/\/www.facebook.com\/sebastien.gente\/\",\"https:\/\/www.instagram.com\/sebgente\/\",\"https:\/\/www.linkedin.com\/in\/sbastien-gente-a29583169\/\",\"https:\/\/x.com\/https:\/\/twitter.com\/globulo24\",\"SebastienGente\"],\"worksFor\":\"S\u00e9bastien GENTE\",\"url\":\"https:\/\/dicodusport.fr\/blog\/author\/sebastiengente\/\"}]}<\/script>\n<!-- \/ Yoast SEO Premium plugin. -->","yoast_head_json":{"title":"Cl\u00e1sico Real Madrid-FC Barcelone : Compositions, Cha\u00eene TV, Heure et Cotes","description":"LIGA 2025-2026 \u2013 \u00c0 quelle heure et sur quelle cha\u00eene TV suivre le match de Liga entre le Real Madrid et le FC Barcelone ? Retrouvez \u00e9galement les compositions probables des deux \u00e9quipes.","robots":{"index":"index","follow":"follow","max-snippet":"max-snippet:-1","max-image-preview":"max-image-preview:large","max-video-preview":"max-video-preview:-1"},"canonical":"https:\/\/dicodusport.fr\/blog\/clasico-real-madrid-fc-barcelone-compositions-chaine-tv-heure-et-cotes-liga-2025-2026\/","og_locale":"fr_FR","og_type":"article","og_title":"Cl\u00e1sico Real Madrid-FC Barcelone : Compositions, Cha\u00eene TV, Heure et Cotes","og_description":"LIGA 2025-2026 \u2013 \u00c0 quelle heure et sur quelle cha\u00eene TV suivre le match de Liga entre le Real Madrid et le FC Barcelone ? Retrouvez \u00e9galement les compositions probables des deux \u00e9quipes.","og_url":"https:\/\/dicodusport.fr\/blog\/clasico-real-madrid-fc-barcelone-compositions-chaine-tv-heure-et-cotes-liga-2025-2026\/","og_site_name":"Dicodusport","article_publisher":"https:\/\/www.facebook.com\/dicodusport","article_author":"https:\/\/www.facebook.com\/sebastien.gente\/","article_published_time":"2025-10-26T15:12:01+00:00","article_modified_time":"2025-10-26T15:22:24+00:00","og_image":[{"width":1200,"height":674,"url":"https:\/\/dicodusport.fr\/blog\/wp-content\/uploads\/2025\/10\/Clasico-Real-Madrid-FC-Barcelone-Compositions-Chaine-TV-Heure-et-Cotes.png","type":"image\/png"}],"author":"S\u00e9bastien Gente","twitter_card":"summary_large_image","twitter_title":"Cl\u00e1sico Real Madrid-FC Barcelone : Compositions, Cha\u00eene TV, Heure et Cotes","twitter_creator":"@https:\/\/twitter.com\/globulo24","twitter_site":"@dicodusport","schema":{"@context":"https:\/\/schema.org","@graph":[{"@type":"NewsArticle","@id":"https:\/\/dicodusport.fr\/blog\/clasico-real-madrid-fc-barcelone-compositions-chaine-tv-heure-et-cotes-liga-2025-2026\/#article","isPartOf":{"@id":"https:\/\/dicodusport.fr\/blog\/clasico-real-madrid-fc-barcelone-compositions-chaine-tv-heure-et-cotes-liga-2025-2026\/"},"author":{"name":"S\u00e9bastien Gente","@id":"https:\/\/dicodusport.fr\/blog\/#\/schema\/person\/627966a6cde45dbd8c5e36ac85d783da"},"headline":"Cl\u00e1sico Real Madrid-FC Barcelone : Compositions, Cha\u00eene TV, Heure et Cotes","datePublished":"2025-10-26T15:12:01+00:00","dateModified":"2025-10-26T15:22:24+00:00","mainEntityOfPage":{"@id":"https:\/\/dicodusport.fr\/blog\/clasico-real-madrid-fc-barcelone-compositions-chaine-tv-heure-et-cotes-liga-2025-2026\/"},"wordCount":679,"commentCount":9,"publisher":{"@id":"https:\/\/dicodusport.fr\/blog\/#organization"},"image":{"@id":"https:\/\/dicodusport.fr\/blog\/clasico-real-madrid-fc-barcelone-compositions-chaine-tv-heure-et-cotes-liga-2025-2026\/#primaryimage"},"thumbnailUrl":"https:\/\/dicodusport.fr\/blog\/wp-content\/uploads\/2025\/10\/Clasico-Real-Madrid-FC-Barcelone-Compositions-Chaine-TV-Heure-et-Cotes.png","keywords":["br\u00e8ve","FC Barcelone","Football","Programme TV","Real Madrid"],"articleSection":["Cha\u00eene TV","Football"],"inLanguage":"fr-FR","potentialAction":[{"@type":"CommentAction","name":"Comment","target":["https:\/\/dicodusport.fr\/blog\/clasico-real-madrid-fc-barcelone-compositions-chaine-tv-heure-et-cotes-liga-2025-2026\/#respond"]}],"copyrightYear":"2025","copyrightHolder":{"@id":"https:\/\/dicodusport.fr\/blog\/#organization"}},{"@type":"WebPage","@id":"https:\/\/dicodusport.fr\/blog\/clasico-real-madrid-fc-barcelone-compositions-chaine-tv-heure-et-cotes-liga-2025-2026\/","url":"https:\/\/dicodusport.fr\/blog\/clasico-real-madrid-fc-barcelone-compositions-chaine-tv-heure-et-cotes-liga-2025-2026\/","name":"Cl\u00e1sico Real Madrid-FC Barcelone : Compositions, Cha\u00eene TV, Heure et Cotes","isPartOf":{"@id":"https:\/\/dicodusport.fr\/blog\/#website"},"primaryImageOfPage":{"@id":"https:\/\/dicodusport.fr\/blog\/clasico-real-madrid-fc-barcelone-compositions-chaine-tv-heure-et-cotes-liga-2025-2026\/#primaryimage"},"image":{"@id":"https:\/\/dicodusport.fr\/blog\/clasico-real-madrid-fc-barcelone-compositions-chaine-tv-heure-et-cotes-liga-2025-2026\/#primaryimage"},"thumbnailUrl":"https:\/\/dicodusport.fr\/blog\/wp-content\/uploads\/2025\/10\/Clasico-Real-Madrid-FC-Barcelone-Compositions-Chaine-TV-Heure-et-Cotes.png","datePublished":"2025-10-26T15:12:01+00:00","dateModified":"2025-10-26T15:22:24+00:00","description":"LIGA 2025-2026 \u2013 \u00c0 quelle heure et sur quelle cha\u00eene TV suivre le match de Liga entre le Real Madrid et le FC Barcelone ? Retrouvez \u00e9galement les compositions probables des deux \u00e9quipes.","breadcrumb":{"@id":"https:\/\/dicodusport.fr\/blog\/clasico-real-madrid-fc-barcelone-compositions-chaine-tv-heure-et-cotes-liga-2025-2026\/#breadcrumb"},"inLanguage":"fr-FR","potentialAction":[{"@type":"ReadAction","target":["https:\/\/dicodusport.fr\/blog\/clasico-real-madrid-fc-barcelone-compositions-chaine-tv-heure-et-cotes-liga-2025-2026\/"]}]},{"@type":"ImageObject","inLanguage":"fr-FR","@id":"https:\/\/dicodusport.fr\/blog\/clasico-real-madrid-fc-barcelone-compositions-chaine-tv-heure-et-cotes-liga-2025-2026\/#primaryimage","url":"https:\/\/dicodusport.fr\/blog\/wp-content\/uploads\/2025\/10\/Clasico-Real-Madrid-FC-Barcelone-Compositions-Chaine-TV-Heure-et-Cotes.png","contentUrl":"https:\/\/dicodusport.fr\/blog\/wp-content\/uploads\/2025\/10\/Clasico-Real-Madrid-FC-Barcelone-Compositions-Chaine-TV-Heure-et-Cotes.png","width":1200,"height":674,"caption":"Cl\u00e1sico Real Madrid-FC Barcelone Compositions, Cha\u00eene TV, Heure et Cotes"},{"@type":"BreadcrumbList","@id":"https:\/\/dicodusport.fr\/blog\/clasico-real-madrid-fc-barcelone-compositions-chaine-tv-heure-et-cotes-liga-2025-2026\/#breadcrumb","itemListElement":[{"@type":"ListItem","position":1,"name":"Accueil","item":"https:\/\/dicodusport.fr\/blog\/"},{"@type":"ListItem","position":2,"name":"Cl\u00e1sico Real Madrid-FC Barcelone : Compositions, Cha\u00eene TV, Heure et Cotes"}]},{"@type":"WebSite","@id":"https:\/\/dicodusport.fr\/blog\/#website","url":"https:\/\/dicodusport.fr\/blog\/","name":"Dicodusport","description":"L&#039;encyclop\u00e9die de l&#039;actualit\u00e9 sportive","publisher":{"@id":"https:\/\/dicodusport.fr\/blog\/#organization"},"potentialAction":[{"@type":"SearchAction","target":{"@type":"EntryPoint","urlTemplate":"https:\/\/dicodusport.fr\/blog\/?s={search_term_string}"},"query-input":{"@type":"PropertyValueSpecification","valueRequired":true,"valueName":"search_term_string"}}],"inLanguage":"fr-FR"},{"@type":"NewsMediaOrganization","@id":"https:\/\/dicodusport.fr\/blog\/#organization","name":"Dicodusport","url":"https:\/\/dicodusport.fr\/blog\/","logo":{"@type":"ImageObject","inLanguage":"fr-FR","@id":"https:\/\/dicodusport.fr\/blog\/#\/schema\/logo\/image\/","url":"https:\/\/dicodusport.fr\/blog\/wp-content\/uploads\/2020\/06\/cropped-LOGO-DICODUSPORT-2020-SANS-FOND-SANS-TEXTE.png","contentUrl":"https:\/\/dicodusport.fr\/blog\/wp-content\/uploads\/2020\/06\/cropped-LOGO-DICODUSPORT-2020-SANS-FOND-SANS-TEXTE.png","width":512,"height":512,"caption":"Dicodusport"},"image":{"@id":"https:\/\/dicodusport.fr\/blog\/#\/schema\/logo\/image\/"},"sameAs":["https:\/\/www.facebook.com\/dicodusport","https:\/\/x.com\/dicodusport","https:\/\/www.instagram.com\/dicodusport\/","https:\/\/www.youtube.com\/channel\/UC7V2KZ5sd3htJivAbA4ZG3w"],"description":"Dicodusport est l'encyclop\u00e9die de l'actualit\u00e9 sportive.","email":"bonjour@dicodusport.fr","legalName":"DICODUSPORT","foundingDate":"2018-01-14","vatID":"FR71834470973","taxID":"83447097300043","numberOfEmployees":{"@type":"QuantitativeValue","minValue":"1","maxValue":"10"}},{"@type":"Person","@id":"https:\/\/dicodusport.fr\/blog\/#\/schema\/person\/627966a6cde45dbd8c5e36ac85d783da","name":"S\u00e9bastien Gente","image":{"@type":"ImageObject","inLanguage":"fr-FR","@id":"https:\/\/dicodusport.fr\/blog\/#\/schema\/person\/image\/","url":"https:\/\/dicodusport.fr\/blog\/wp-content\/uploads\/2021\/09\/1510990_10205810251400683_4124423575079401707_n-150x150.jpg","contentUrl":"https:\/\/dicodusport.fr\/blog\/wp-content\/uploads\/2021\/09\/1510990_10205810251400683_4124423575079401707_n-150x150.jpg","caption":"S\u00e9bastien Gente"},"description":"John Stockton, Gianni Bugno, Zinedine Zidane, Steffi Graf, Frode Andresen, St\u00e9phane Stoecklin, Davis Kamoga, Primoz Peterka, Werner Schlager et Aur\u00e9lien Rougerie. Point commun entre ces sportifs? Ils m'ont fait r\u00eaver et ont berc\u00e9 mon adolescence. Je suis un fondu de sports et j'essaie de retranscrire ma passion \u00e0 travers mes articles. Originaire du P\u00e9rigord, ma passion pour les Girondins, les Jaunards et les Jazzmen transpire dans mes \u00e9crits. \u00c0 Dicodusport depuis 2021, je d\u00e9niche les sports m\u00e9connus dans lesquels la France brille, et il y en a !","sameAs":["https:\/\/www.facebook.com\/sebastien.gente\/","https:\/\/www.instagram.com\/sebgente\/","https:\/\/www.linkedin.com\/in\/sbastien-gente-a29583169\/","https:\/\/x.com\/https:\/\/twitter.com\/globulo24","SebastienGente"],"worksFor":"S\u00e9bastien GENTE","url":"https:\/\/dicodusport.fr\/blog\/author\/sebastiengente\/"}]}},"_links":{"self":[{"href":"https:\/\/dicodusport.fr\/blog\/wp-json\/wp\/v2\/posts\/621369","targetHints":{"allow":["GET"]}}],"collection":[{"href":"https:\/\/dicodusport.fr\/blog\/wp-json\/wp\/v2\/posts"}],"about":[{"href":"https:\/\/dicodusport.fr\/blog\/wp-json\/wp\/v2\/types\/post"}],"author":[{"embeddable":true,"href":"https:\/\/dicodusport.fr\/blog\/wp-json\/wp\/v2\/users\/59"}],"replies":[{"embeddable":true,"href":"https:\/\/dicodusport.fr\/blog\/wp-json\/wp\/v2\/comments?post=621369"}],"version-history":[{"count":4,"href":"https:\/\/dicodusport.fr\/blog\/wp-json\/wp\/v2\/posts\/621369\/revisions"}],"predecessor-version":[{"id":622045,"href":"https:\/\/dicodusport.fr\/blog\/wp-json\/wp\/v2\/posts\/621369\/revisions\/622045"}],"wp:featuredmedia":[{"embeddable":true,"href":"https:\/\/dicodusport.fr\/blog\/wp-json\/wp\/v2\/media\/621477"}],"wp:attachment":[{"href":"https:\/\/dicodusport.fr\/blog\/wp-json\/wp\/v2\/media?parent=621369"}],"wp:term":[{"taxonomy":"category","embeddable":true,"href":"https:\/\/dicodusport.fr\/blog\/wp-json\/wp\/v2\/categories?post=621369"},{"taxonomy":"post_tag","embeddable":true,"href":"https:\/\/dicodusport.fr\/blog\/wp-json\/wp\/v2\/tags?post=621369"}],"curies":[{"name":"wp","href":"https:\/\/api.w.org\/{rel}","templated":true}]}}