{"id":622245,"date":"2025-10-27T13:01:19","date_gmt":"2025-10-27T12:01:19","guid":{"rendered":"https:\/\/dicodusport.fr\/blog\/?p=622245&#038;preview=true&#038;preview_id=622245"},"modified":"2025-11-08T22:07:53","modified_gmt":"2025-11-08T21:07:53","slug":"benoit-cosnefroy-chez-uae-team-emirates-xrg-mais-pourquoi-faire","status":"publish","type":"post","link":"https:\/\/dicodusport.fr\/blog\/benoit-cosnefroy-chez-uae-team-emirates-xrg-mais-pourquoi-faire\/","title":{"rendered":"Beno\u00eet Cosnefroy chez UAE Team Emirates XRG, mais pourquoi faire ?"},"content":{"rendered":"<p style=\"text-align: justify;\"><strong><em>\u00c0 30 ans, Beno\u00eet Cosnefroy quitte Decathlon AG2R La Mondiale pour rejoindre UAE Team Emirates XRG, l\u2019\u00e9quipe de Tadej Pogacar. Un transfert symbolique qui illustre l\u2019attractivit\u00e9 croissante des grandes formations \u00e9trang\u00e8res et un tournant dans la carri\u00e8re du puncheur fran\u00e7ais.<\/em><\/strong><\/p>\n<p style=\"text-align: justify;\">C\u2019est un transfert qui a fait parler ces derniers jours. <a href=\"https:\/\/dicodusport.fr\/blog\/transferts-cyclisme-benoit-cosnefroy-toujours-dans-lincertitude-quant-a-son-avenir\/\">Longtemps incertain quant \u00e0 son avenir<\/a>, <strong>Beno\u00eet Cosnefroy<\/strong> (30 ans) quitte <a href=\"https:\/\/dicodusport.fr\/blog\/transferts-cyclisme-decathlon-officialise-11-departs-dont-victor-lafay\/\"><strong>Decathlon AG2R La Mondiale<\/strong><\/a>, l\u2019\u00e9quipe avec laquelle il a grandi, progress\u00e9 et forg\u00e9 un palmar\u00e8s d\u00e9j\u00e0 bien fourni, pour rejoindre <a href=\"https:\/\/dicodusport.fr\/blog\/tag\/uae-team-emirates-xrg\/\"><strong>UAE Team Emirates XRG<\/strong><\/a>, la formation de <a href=\"https:\/\/dicodusport.fr\/blog\/tadej-pogacar-une-annee-2025-au-plus-que-parfait-quels-objectifs-pour-la-suite\/\"><strong>Tadej Pogacar<\/strong><\/a>, l\u2019une des structures les plus puissantes du monde. Ce changement n\u2019est pas anodin. Il refl\u00e8te \u00e0 la fois l\u2019\u00e9volution de la carri\u00e8re d\u2019un coureur arriv\u00e9 \u00e0 maturit\u00e9 et la transformation du peloton professionnel, de plus en plus structur\u00e9 autour de quelques super-\u00e9quipes capables de dicter le tempo de la saison.<\/p>\n<ul>\n<li style=\"text-align: justify;\"><strong>\u00c0 ce sujet &#8211; <a href=\"https:\/\/dicodusport.fr\/blog\/cyclisme-mercato-2025-2026-le-tableau-des-transferts\/\">Cyclisme Mercato 2025-2026 \u2013 Le tableau des transferts<\/a><\/strong><\/li>\n<\/ul>\n<h2 style=\"text-align: justify;\">Une page tourn\u00e9e apr\u00e8s neuf saisons chez AG2R<\/h2>\n<p style=\"text-align: justify;\"><strong>Beno\u00eet Cosnefroy<\/strong> a int\u00e9gr\u00e9 la structure AG2R en 2017, quelques mois apr\u00e8s son titre de champion du monde espoirs sur route \u00e0 Bergen, en Norv\u00e8ge. Tr\u00e8s vite, il s\u2019est impos\u00e9 comme une grande figure de la formation savoyarde, sp\u00e9cialis\u00e9e dans les classiques vallonn\u00e9es, et alors organis\u00e9e autour de <strong>Romain Bardet<\/strong> sur le Tour de France. Son style offensif, son flair tactique et son punch dans les finals lui ont permis de construire un palmar\u00e8s solide : victoires sur la <a href=\"https:\/\/dicodusport.fr\/blog\/bretagne-classic-benoit-cosnefroy-simpose-devant-julian-alaphilippe\/\">Bretagne Classic en 2021<\/a> et le <a href=\"https:\/\/dicodusport.fr\/blog\/grand-prix-de-quebec-2022-benoit-cosnefroy-s-impose-en-costaud\/\">Grand Prix de Qu\u00e9bec en 2022<\/a> (deux \u00e9preuves World Tour), succ\u00e8s sur la Fl\u00e8che Braban\u00e7onne en 2024, mais aussi de multiples podiums ou places d\u2019honneur sur les Ardennaises, avec une deuxi\u00e8me place sur l\u2019Amstel Gold Race en 2022 et sur la Fl\u00e8che Wallonne en 2020.<\/p>\n<p style=\"text-align: justify;\">Le Cherbourgeois est devenu, au fil des ann\u00e9es, l\u2019un des symboles d\u2019AG2R, une \u00e9quipe historique du cyclisme fran\u00e7ais. Leader sur les courses d\u2019un jour, prot\u00e9g\u00e9 sur les classiques, <strong>Cosnefroy<\/strong> disposait d\u2019une grande libert\u00e9 de man\u0153uvre et d\u2019un statut incontest\u00e9. C\u2019est justement ce qui rend son d\u00e9part si significatif : il quitte un environnement b\u00e2ti autour de lui pour s\u2019int\u00e9grer \u00e0 une machine collective.<\/p>\n<div class=\"vlp-link-container vlp-layout-article\"><a href=\"https:\/\/dicodusport.fr\/blog\/transferts-cyclisme-cest-fait-benoit-cosnefroy-rejoint-tadej-pogacar\/\" class=\"vlp-link\" title=\"Transferts Cyclisme : C&#039;est fait, Beno\u00eet Cosnefroy rejoint Tadej Pogacar !\"><\/a><div class=\"vlp-layout-zone-side\"><div class=\"vlp-block-4 vlp-link-image\"><img loading=\"lazy\" decoding=\"async\" style=\"max-width: 792px;\" width=\"792\" height=\"445\" src=\"https:\/\/dicodusport.fr\/blog\/wp-content\/uploads\/2025\/10\/Transferts-Cyclisme-Cest-fait-Benoit-Cosnefroy-rejoint-Tadej-Pogacar-.png\" class=\"attachment-800x445 size-800x445\" alt=\"Transferts Cyclisme C&#039;est fait, Beno\u00eet Cosnefroy rejoint Tadej Pogacar !\" srcset=\"https:\/\/dicodusport.fr\/blog\/wp-content\/uploads\/2025\/10\/Transferts-Cyclisme-Cest-fait-Benoit-Cosnefroy-rejoint-Tadej-Pogacar-.png 1200w, https:\/\/dicodusport.fr\/blog\/wp-content\/uploads\/2025\/10\/Transferts-Cyclisme-Cest-fait-Benoit-Cosnefroy-rejoint-Tadej-Pogacar--300x169.png 300w, https:\/\/dicodusport.fr\/blog\/wp-content\/uploads\/2025\/10\/Transferts-Cyclisme-Cest-fait-Benoit-Cosnefroy-rejoint-Tadej-Pogacar--1024x575.png 1024w, https:\/\/dicodusport.fr\/blog\/wp-content\/uploads\/2025\/10\/Transferts-Cyclisme-Cest-fait-Benoit-Cosnefroy-rejoint-Tadej-Pogacar--768x431.png 768w\" sizes=\"auto, (max-width: 792px) 100vw, 792px\" \/><\/div><\/div><div class=\"vlp-layout-zone-main\"><div class=\"vlp-block-0 vlp-link-title\">Transferts Cyclisme : C'est fait, Beno\u00eet Cosnefroy rejoint Tadej Pogacar !<\/div><div class=\"vlp-block-1 vlp-link-summary\">TRANSFERTS CYCLISME - Ce lundi apr\u00e8s-midi, nos confr\u00e8res de Ouest-France confirment le d\u00e9part de Beno\u00eet Cosnefroy au sein de la formation UAE Team Emirates XRG.<\/div><div class=\"vlp-block-2 vlp-link-button\">Lire l'article<\/div><div class=\"vlp-block-3 vlp-link-url\">dicodusport.fr<\/div><\/div><\/div>\n<h2 style=\"text-align: justify;\">Une \u00e9quipe qui veut tout gagner<\/h2>\n<p style=\"text-align: justify;\">La formation \u00e9miratie <strong>UAE Team Emirates XRG<\/strong> est aujourd\u2019hui l\u2019\u00e9quipe la plus dominante du peloton. Ses 97 succ\u00e8s acquis en 2025 \u2014 un record explos\u00e9 sur une saison \u2014 en attestent. Autour de <strong>Tadej Pogacar<\/strong>, quadruple vainqueur du Tour de France et collectionneur de Monuments, la structure du Golfe a b\u00e2ti une armada impressionnante, pr\u00e9sente sur tous les terrains : Grands Tours, classiques flandriennes et ardennaises, courses d\u2019une semaine et semi-classiques.<\/p>\n<p style=\"text-align: justify;\">Ces derni\u00e8res saisons, UAE a clairement affich\u00e9 sa strat\u00e9gie : renforcer tous les p\u00f4les. Derri\u00e8re <strong>Pogacar<\/strong>, <strong>Isaac Del Toro<\/strong> a confirm\u00e9 en 2025 toute l\u2019\u00e9tendue de son talent. Des valeurs s\u00fbres comme <strong>Adam Yates<\/strong>, <strong>Pavel Sivakov<\/strong>, <strong>Brandon McNulty<\/strong> ou <strong>Jay Vine<\/strong> sont \u00e9galement capables de briller. L\u2019\u00e9quipe a aussi densifi\u00e9 ses forces sur les classiques flandriennes en recrutant <strong>Tim Wellens<\/strong>, <strong>Nils Politt<\/strong> ou encore <strong>Florian Vermeersch<\/strong>. L\u2019arriv\u00e9e de <strong>Beno\u00eet Cosnefroy<\/strong> s\u2019inscrit dans cette logique : multiplier les options tactiques pour rendre l\u2019\u00e9quipe impr\u00e9visible.<\/p>\n<p style=\"text-align: justify;\"><strong>Cosnefroy<\/strong>, avec son profil de puncheur exp\u00e9riment\u00e9, est un renfort id\u00e9al pour les Ardennaises et pour toutes ces courses o\u00f9 UAE veut pouvoir peser sans reposer uniquement sur Pogacar. Dans un collectif ultra-solide, il peut aussi \u00eatre une carte offensive dans des sc\u00e9narios de course complexes, l\u00e0 o\u00f9 la pr\u00e9sence d\u2019un seul leader ne suffit pas.<\/p>\n<div class=\"vlp-link-container vlp-layout-article\"><a href=\"https:\/\/dicodusport.fr\/blog\/top-10-cyclistes-francais-en-activite-avec-le-plus-grand-nombre-de-victoires\/\" class=\"vlp-link\" title=\"Top 10 des cyclistes fran\u00e7ais en activit\u00e9 avec le plus grand nombre de victoires\"><\/a><div class=\"vlp-layout-zone-side\"><div class=\"vlp-block-4 vlp-link-image\"><img loading=\"lazy\" decoding=\"async\" style=\"max-width: 792px;\" width=\"792\" height=\"445\" src=\"https:\/\/dicodusport.fr\/blog\/wp-content\/uploads\/2025\/10\/Top-10-des-cyclistes-francais-en-activite-avec-le-plus-grand-nombre-de-victoires.png\" class=\"attachment-800x445 size-800x445\" alt=\"Top 10 des cyclistes fran\u00e7ais en activit\u00e9 avec le plus grand nombre de victoires\" srcset=\"https:\/\/dicodusport.fr\/blog\/wp-content\/uploads\/2025\/10\/Top-10-des-cyclistes-francais-en-activite-avec-le-plus-grand-nombre-de-victoires.png 1200w, https:\/\/dicodusport.fr\/blog\/wp-content\/uploads\/2025\/10\/Top-10-des-cyclistes-francais-en-activite-avec-le-plus-grand-nombre-de-victoires-300x169.png 300w, https:\/\/dicodusport.fr\/blog\/wp-content\/uploads\/2025\/10\/Top-10-des-cyclistes-francais-en-activite-avec-le-plus-grand-nombre-de-victoires-1024x575.png 1024w, https:\/\/dicodusport.fr\/blog\/wp-content\/uploads\/2025\/10\/Top-10-des-cyclistes-francais-en-activite-avec-le-plus-grand-nombre-de-victoires-768x431.png 768w\" sizes=\"auto, (max-width: 792px) 100vw, 792px\" \/><\/div><\/div><div class=\"vlp-layout-zone-main\"><div class=\"vlp-block-0 vlp-link-title\">Top 10 des cyclistes fran\u00e7ais en activit\u00e9 avec le plus grand nombre de victoires<\/div><div class=\"vlp-block-1 vlp-link-summary\">CYCLISME SUR ROUTE - D\u00e9couvrez les 10 cyclistes fran\u00e7ais en activit\u00e9 qui ont le plus gagn\u00e9 dans le peloton professionnel, avec, forc\u00e9ment, des sprinteurs omnipr\u00e9sents.<\/div><div class=\"vlp-block-2 vlp-link-button\">Lire l'article<\/div><div class=\"vlp-block-3 vlp-link-url\">dicodusport.fr<\/div><\/div><\/div>\n<h2 style=\"text-align: justify;\">Un r\u00f4le moins central, mais potentiellement plus gagnant<\/h2>\n<p style=\"text-align: justify;\">Chez Decathlon AG2R La Mondiale, <strong>Cosnefroy<\/strong> avait un statut de leader clair lorsqu\u2019il \u00e9tait align\u00e9 au d\u00e9part d\u2019une course. Chez UAE, il entre dans un effectif d\u2019exception o\u00f9 la hi\u00e9rarchie est d\u00e9j\u00e0 bien \u00e9tablie. Cela signifie qu\u2019il devra accepter un r\u00f4le plus flexible : parfois en soutien, parfois en deuxi\u00e8me lame, parfois en \u00e9lectron libre.<\/p>\n<p style=\"text-align: justify;\">Mais cette nouvelle position n\u2019est pas forc\u00e9ment synonyme d\u2019effacement. Au contraire. Dans une \u00e9quipe o\u00f9 le marquage des adversaires se concentre sur <strong>Pogacar<\/strong>, <strong>Cosnefroy<\/strong> pourrait b\u00e9n\u00e9ficier de r\u00e9elles opportunit\u00e9s de victoire. Encore plus lorsque l\u2019ogre slov\u00e8ne ne sera pas pr\u00e9sent, notamment sur certaines semi-classiques vallonn\u00e9es.<\/p>\n<p style=\"text-align: justify;\">Cette configuration, fr\u00e9quente dans les grandes formations, peut transformer des outsiders en vainqueurs. Elle demande cependant une adaptation : passer d\u2019un statut de figure centrale dans une \u00e9quipe fran\u00e7aise \u00e0 celui de pi\u00e8ce strat\u00e9gique dans une armada mondiale. Un changement de culture sportive autant que de structure.<\/p>\n<div class=\"vlp-link-container vlp-layout-article\"><a href=\"https:\/\/dicodusport.fr\/blog\/grand-prix-du-morbihan-2025-le-triple-pour-benoit-cosnefroy\/\" class=\"vlp-link\" title=\"Grand Prix du Morbihan 2025 : Le tripl\u00e9 pour Beno\u00eet Cosnefroy !\"><\/a><div class=\"vlp-layout-zone-side\"><div class=\"vlp-block-4 vlp-link-image\"><img loading=\"lazy\" decoding=\"async\" style=\"max-width: 792px;\" width=\"792\" height=\"445\" src=\"https:\/\/dicodusport.fr\/blog\/wp-content\/uploads\/2025\/05\/Grand-Prix-du-Morbihan-2025-Le-triple-pour-Benoit-Cosnefroy-1.png\" class=\"attachment-800x445 size-800x445\" alt=\"Grand Prix du Morbihan 2025 Le tripl\u00e9 pour Beno\u00eet Cosnefroy\" srcset=\"https:\/\/dicodusport.fr\/blog\/wp-content\/uploads\/2025\/05\/Grand-Prix-du-Morbihan-2025-Le-triple-pour-Benoit-Cosnefroy-1.png 1200w, https:\/\/dicodusport.fr\/blog\/wp-content\/uploads\/2025\/05\/Grand-Prix-du-Morbihan-2025-Le-triple-pour-Benoit-Cosnefroy-1-300x169.png 300w, https:\/\/dicodusport.fr\/blog\/wp-content\/uploads\/2025\/05\/Grand-Prix-du-Morbihan-2025-Le-triple-pour-Benoit-Cosnefroy-1-1024x575.png 1024w, https:\/\/dicodusport.fr\/blog\/wp-content\/uploads\/2025\/05\/Grand-Prix-du-Morbihan-2025-Le-triple-pour-Benoit-Cosnefroy-1-768x431.png 768w\" sizes=\"auto, (max-width: 792px) 100vw, 792px\" \/><\/div><\/div><div class=\"vlp-layout-zone-main\"><div class=\"vlp-block-0 vlp-link-title\">Grand Prix du Morbihan 2025 : Le tripl\u00e9 pour Beno\u00eet Cosnefroy !<\/div><div class=\"vlp-block-1 vlp-link-summary\">Apr\u00e8s 2019 et 2024, Beno\u00eet Cosnefroy (Decathlon - AG2R La Mondiale) r\u00e9cidive sur la classique bretonne du Grand Prix du Morbihan.<\/div><div class=\"vlp-block-2 vlp-link-button\">Lire l'article<\/div><div class=\"vlp-block-3 vlp-link-url\">dicodusport.fr<\/div><\/div><\/div>\n<h2 style=\"text-align: justify;\">La nouvelle trajectoire des coureurs fran\u00e7ais<\/h2>\n<p style=\"text-align: justify;\">Le choix de <strong>Beno\u00eet Cosnefroy<\/strong> s\u2019inscrit dans une tendance de fond. Ces derni\u00e8res ann\u00e9es, de plus en plus de coureurs fran\u00e7ais quittent les \u00e9quipes tricolores pour rejoindre les grandes formations \u00e9trang\u00e8res. <a href=\"https:\/\/dicodusport.fr\/blog\/paris-tours-2025-victoire-de-matteo-trentin-christophe-laporte-2eme\/\"><strong>Christophe Laporte<\/strong><\/a> en est l\u2019un des exemples les plus marquants. Parti de Cofidis pour la Visma Lease a Bike des <strong>Jonas Vingegaard<\/strong> et <strong>Wout Van Aert<\/strong> en 2022, il a franchi un cap en quelques mois, s\u2019imposant sur Gand-Wevelgem et \u00c0 Travers la Flandre en 2023, sur Paris-Tours l\u2019ann\u00e9e suivante, sans oublier son titre de champion d\u2019Europe de la course en ligne.<\/p>\n<p style=\"text-align: justify;\">D\u2019autres ont suivi cette voie. Apr\u00e8s la disparition de la structure B&amp;B Hotels fin 2023, <strong>Axel Laurance<\/strong> a rejoint Alpecin-Deceuninck, avant d\u2019atterrir chez INEOS Grenadiers en 2025. <a href=\"https:\/\/dicodusport.fr\/blog\/transferts-cyclisme-louis-barre-va-changer-dequipe-en-2026\/\"><strong>Louis Barr\u00e9<\/strong><\/a> a lui quitt\u00e9 Ark\u00e9a pour Intermarch\u00e9-Wanty, franchissant \u00e9galement un cap en 2025. En 2026, <strong>Cosnefroy<\/strong> ne sera pas le seul \u00e0 faire le grand saut \u00e0 l\u2019\u00e9tranger : son futur ex-co\u00e9quipier <a href=\"https:\/\/dicodusport.fr\/blog\/transferts-cyclisme-dorian-godon-signe-chez-une-grosse-equipe-etrangere\/\"><strong>Dorian Godon<\/strong><\/a>, ainsi que <a href=\"https:\/\/dicodusport.fr\/blog\/tag\/kevin-vauquelin\/\"><strong>K\u00e9vin Vauquelin<\/strong><\/a> (Ark\u00e9a-B&amp;B Hotels), meilleur Fran\u00e7ais du dernier Tour de France, porteront les couleurs d\u2019INEOS Grenadiers.<\/p>\n<p style=\"text-align: justify;\">Cette tendance traduit un changement profond. Les talents fran\u00e7ais ne se limitent plus aux structures hexagonales, souvent plus modestes en moyens humains et financiers que les super-\u00e9quipes \u00e9trang\u00e8res. Ces grandes formations offrent des effectifs mieux structur\u00e9s, une logistique et un suivi ultra-optimis\u00e9s, une expertise en performance tr\u00e8s d\u00e9velopp\u00e9e, et surtout la possibilit\u00e9 de se frotter aux meilleurs dans des conditions id\u00e9ales. Ce qui s\u00e9duit les coureurs en qu\u00eate d\u2019un nouveau cap dans leur carri\u00e8re.<\/p>\n<div class=\"vlp-link-container vlp-layout-article\"><a href=\"https:\/\/dicodusport.fr\/blog\/louis-barre-mon-objectif-numero-1-en-2026-les-classiques-ardennaises\/\" class=\"vlp-link\" title=\"Louis Barr\u00e9 : &quot;Mon objectif num\u00e9ro 1 en 2026 ? Les classiques ardennaises&quot;\"><\/a><div class=\"vlp-layout-zone-side\"><div class=\"vlp-block-4 vlp-link-image\"><img loading=\"lazy\" decoding=\"async\" style=\"max-width: 792px;\" width=\"792\" height=\"445\" src=\"https:\/\/dicodusport.fr\/blog\/wp-content\/uploads\/2025\/10\/Louis-Barre-Mon-objectif-numero-1-en-2026-Les-classiques-ardennaises.png\" class=\"attachment-800x445 size-800x445\" alt=\"Louis Barr\u00e9 Mon objectif num\u00e9ro 1 en 2026 Les classiques ardennaises\" srcset=\"https:\/\/dicodusport.fr\/blog\/wp-content\/uploads\/2025\/10\/Louis-Barre-Mon-objectif-numero-1-en-2026-Les-classiques-ardennaises.png 1200w, https:\/\/dicodusport.fr\/blog\/wp-content\/uploads\/2025\/10\/Louis-Barre-Mon-objectif-numero-1-en-2026-Les-classiques-ardennaises-300x169.png 300w, https:\/\/dicodusport.fr\/blog\/wp-content\/uploads\/2025\/10\/Louis-Barre-Mon-objectif-numero-1-en-2026-Les-classiques-ardennaises-1024x575.png 1024w, https:\/\/dicodusport.fr\/blog\/wp-content\/uploads\/2025\/10\/Louis-Barre-Mon-objectif-numero-1-en-2026-Les-classiques-ardennaises-768x431.png 768w\" sizes=\"auto, (max-width: 792px) 100vw, 792px\" \/><\/div><\/div><div class=\"vlp-layout-zone-main\"><div class=\"vlp-block-0 vlp-link-title\">Louis Barr\u00e9 : \"Mon objectif num\u00e9ro 1 en 2026 ? Les classiques ardennaises\"<\/div><div class=\"vlp-block-1 vlp-link-summary\">Louis Barr\u00e9 est l'une des surprises fran\u00e7aises de l'ann\u00e9e. Sixi\u00e8me de l'Amstel Gold Race, le puncheur fran\u00e7ais a r\u00e9pondu \u00e0 nos questions, \u00e0 quelques jours de sa derni\u00e8re course de la saison, la Japan Cup. Il revient notamment sur son ann\u00e9e 2025, ses objectifs pour 2026, mais aussi sur la fusion \u00e0 venir entre Intermarch\u00e9-Wanty et Lotto.<\/div><div class=\"vlp-block-2 vlp-link-button\">Lire l'article<\/div><div class=\"vlp-block-3 vlp-link-url\">dicodusport.fr<\/div><\/div><\/div>\n<h2 style=\"text-align: justify;\">Un choix qui dit beaucoup du cyclisme moderne<\/h2>\n<p style=\"text-align: justify;\">L\u2019arriv\u00e9e de <strong>Cosnefroy<\/strong> chez <strong>UAE Team Emirates XRG<\/strong> est donc plus qu\u2019un simple transfert. Elle illustre la recomposition progressive du peloton mondial autour de quelques blocs dominants capables d\u2019imposer leur loi sur la plupart des grandes courses. Pour les \u00e9quipes fran\u00e7aises, cette \u00e9volution pose une question strat\u00e9gique majeure : comment conserver leurs leaders et rester comp\u00e9titives dans un march\u00e9 o\u00f9 les super-\u00e9quipes deviennent incontournables ?<\/p>\n<p style=\"text-align: justify;\">Pour <strong>Cosnefroy<\/strong>, ce transfert repr\u00e9sente un pari clair et mesur\u00e9. Il renonce \u00e0 un statut de leader unique ou presque, pour int\u00e9grer une structure o\u00f9 il aura les moyens de viser plus haut, m\u00eame en partageant les responsabilit\u00e9s. Son exp\u00e9rience et son profil pourraient s\u2019av\u00e9rer pr\u00e9cieux dans une \u00e9quipe qui, plus que toute autre, sait capitaliser sur la force du collectif.<\/p>\n<h2 style=\"text-align: justify;\">Un printemps d\u00e9cisif en perspective<\/h2>\n<p style=\"text-align: justify;\">La saison 2026 des classiques s\u2019annonce comme un tournant dans la carri\u00e8re du Normand. Elle dira s\u2019il parvient \u00e0 se fondre dans un collectif plus vaste tout en gardant une identit\u00e9 de coureur capable de gagner. Sur les Ardennaises, il pourrait \u00eatre une carte offensive cr\u00e9dible derri\u00e8re <strong>Pogacar<\/strong>. Sur certaines courses d\u2019un jour, il pourrait m\u00eame retrouver un statut de leader d\u00e9sign\u00e9.<\/p>\n<p style=\"text-align: justify;\">Quoi qu\u2019il advienne, ce transfert marque un moment charni\u00e8re. Pour <strong>Cosnefroy<\/strong>, pour AG2R qui s\u2019internationalise, et plus largement pour le cyclisme fran\u00e7ais, dans un monde professionnel o\u00f9 la domination de quelques grandes \u00e9quipes semble appel\u00e9e \u00e0 durer.<\/p>\n","protected":false},"excerpt":{"rendered":"<p>Beno\u00eet Cosnefroy rejoint UAE Team Emirates XRG, tournant majeur pour le puncheur fran\u00e7ais et symbole de l\u2019attrait des grandes \u00e9quipes \u00e9trang\u00e8res.<\/p>\n","protected":false},"author":4,"featured_media":622281,"comment_status":"open","ping_status":"closed","sticky":false,"template":"","format":"standard","meta":{"_acf_changed":false,"_daextam_enable_autolinks":"1","footnotes":""},"categories":[46994],"tags":[8140,16878,574,11197,24,44188],"class_list":["post-622245","post","type-post","status-publish","format-standard","has-post-thumbnail","hentry","category-cyclisme-sur-route","tag-benoit-cosnefroy","tag-breve","tag-cyclisme","tag-cyclisme-sur-route","tag-sport","tag-uae-team-emirates-xrg"],"acf":[],"yoast_head":"<!-- This site is optimized with the Yoast SEO Premium plugin v26.7 (Yoast SEO v26.7) - https:\/\/yoast.com\/wordpress\/plugins\/seo\/ -->\n<title>Beno\u00eet Cosnefroy chez UAE Team Emirates XRG, mais pourquoi faire ?<\/title>\n<meta name=\"description\" content=\"Beno\u00eet Cosnefroy rejoint UAE Team Emirates XRG, tournant majeur pour le puncheur fran\u00e7ais et symbole de l\u2019attrait des grandes \u00e9quipes \u00e9trang\u00e8res.\" \/>\n<meta name=\"robots\" content=\"index, follow, max-snippet:-1, max-image-preview:large, max-video-preview:-1\" \/>\n<link rel=\"canonical\" href=\"https:\/\/dicodusport.fr\/blog\/benoit-cosnefroy-chez-uae-team-emirates-xrg-mais-pourquoi-faire\/\" \/>\n<meta property=\"og:locale\" content=\"fr_FR\" \/>\n<meta property=\"og:type\" content=\"article\" \/>\n<meta property=\"og:title\" content=\"Beno\u00eet Cosnefroy chez UAE Team Emirates XRG, mais pourquoi faire ?\" \/>\n<meta property=\"og:description\" content=\"Beno\u00eet Cosnefroy rejoint UAE Team Emirates XRG, tournant majeur pour le puncheur fran\u00e7ais et symbole de l\u2019attrait des grandes \u00e9quipes \u00e9trang\u00e8res.\" \/>\n<meta property=\"og:url\" content=\"https:\/\/dicodusport.fr\/blog\/benoit-cosnefroy-chez-uae-team-emirates-xrg-mais-pourquoi-faire\/\" \/>\n<meta property=\"og:site_name\" content=\"Dicodusport\" \/>\n<meta property=\"article:publisher\" content=\"https:\/\/www.facebook.com\/dicodusport\" \/>\n<meta property=\"article:author\" content=\"https:\/\/www.facebook.com\/florent.ostermann\" \/>\n<meta property=\"article:published_time\" content=\"2025-10-27T12:01:19+00:00\" \/>\n<meta property=\"article:modified_time\" content=\"2025-11-08T21:07:53+00:00\" \/>\n<meta property=\"og:image\" content=\"https:\/\/dicodusport.fr\/blog\/wp-content\/uploads\/2025\/10\/Benoit-Cosnefroy-chez-UAE-Team-Emirates-XRG-mais-pourquoi-faire-.png\" \/>\n\t<meta property=\"og:image:width\" content=\"1200\" \/>\n\t<meta property=\"og:image:height\" content=\"674\" \/>\n\t<meta property=\"og:image:type\" content=\"image\/png\" \/>\n<meta name=\"author\" content=\"Flo Ostermann\" \/>\n<meta name=\"twitter:card\" content=\"summary_large_image\" \/>\n<meta name=\"twitter:title\" content=\"Beno\u00eet Cosnefroy chez UAE Team Emirates XRG, mais pourquoi faire ?\" \/>\n<meta name=\"twitter:creator\" content=\"@https:\/\/twitter.com\/FlOstermann\" \/>\n<meta name=\"twitter:site\" content=\"@dicodusport\" \/>\n<script type=\"application\/ld+json\" class=\"yoast-schema-graph\">{\"@context\":\"https:\/\/schema.org\",\"@graph\":[{\"@type\":\"NewsArticle\",\"@id\":\"https:\/\/dicodusport.fr\/blog\/benoit-cosnefroy-chez-uae-team-emirates-xrg-mais-pourquoi-faire\/#article\",\"isPartOf\":{\"@id\":\"https:\/\/dicodusport.fr\/blog\/benoit-cosnefroy-chez-uae-team-emirates-xrg-mais-pourquoi-faire\/\"},\"author\":{\"name\":\"Flo Ostermann\",\"@id\":\"https:\/\/dicodusport.fr\/blog\/#\/schema\/person\/cb02af4c173ce4a653b55e9baf388d4a\"},\"headline\":\"Beno\u00eet Cosnefroy chez UAE Team Emirates XRG, mais pourquoi faire ?\",\"datePublished\":\"2025-10-27T12:01:19+00:00\",\"dateModified\":\"2025-11-08T21:07:53+00:00\",\"mainEntityOfPage\":{\"@id\":\"https:\/\/dicodusport.fr\/blog\/benoit-cosnefroy-chez-uae-team-emirates-xrg-mais-pourquoi-faire\/\"},\"wordCount\":1748,\"commentCount\":0,\"publisher\":{\"@id\":\"https:\/\/dicodusport.fr\/blog\/#organization\"},\"image\":{\"@id\":\"https:\/\/dicodusport.fr\/blog\/benoit-cosnefroy-chez-uae-team-emirates-xrg-mais-pourquoi-faire\/#primaryimage\"},\"thumbnailUrl\":\"https:\/\/dicodusport.fr\/blog\/wp-content\/uploads\/2025\/10\/Benoit-Cosnefroy-chez-UAE-Team-Emirates-XRG-mais-pourquoi-faire-.png\",\"keywords\":[\"Beno\u00eet Cosnefroy\",\"br\u00e8ve\",\"Cyclisme\",\"Cyclisme sur route\",\"sport\",\"UAE Team Emirates - XRG\"],\"articleSection\":[\"Cyclisme sur route\"],\"inLanguage\":\"fr-FR\",\"potentialAction\":[{\"@type\":\"CommentAction\",\"name\":\"Comment\",\"target\":[\"https:\/\/dicodusport.fr\/blog\/benoit-cosnefroy-chez-uae-team-emirates-xrg-mais-pourquoi-faire\/#respond\"]}],\"copyrightYear\":\"2025\",\"copyrightHolder\":{\"@id\":\"https:\/\/dicodusport.fr\/blog\/#organization\"}},{\"@type\":\"WebPage\",\"@id\":\"https:\/\/dicodusport.fr\/blog\/benoit-cosnefroy-chez-uae-team-emirates-xrg-mais-pourquoi-faire\/\",\"url\":\"https:\/\/dicodusport.fr\/blog\/benoit-cosnefroy-chez-uae-team-emirates-xrg-mais-pourquoi-faire\/\",\"name\":\"Beno\u00eet Cosnefroy chez UAE Team Emirates XRG, mais pourquoi faire ?\",\"isPartOf\":{\"@id\":\"https:\/\/dicodusport.fr\/blog\/#website\"},\"primaryImageOfPage\":{\"@id\":\"https:\/\/dicodusport.fr\/blog\/benoit-cosnefroy-chez-uae-team-emirates-xrg-mais-pourquoi-faire\/#primaryimage\"},\"image\":{\"@id\":\"https:\/\/dicodusport.fr\/blog\/benoit-cosnefroy-chez-uae-team-emirates-xrg-mais-pourquoi-faire\/#primaryimage\"},\"thumbnailUrl\":\"https:\/\/dicodusport.fr\/blog\/wp-content\/uploads\/2025\/10\/Benoit-Cosnefroy-chez-UAE-Team-Emirates-XRG-mais-pourquoi-faire-.png\",\"datePublished\":\"2025-10-27T12:01:19+00:00\",\"dateModified\":\"2025-11-08T21:07:53+00:00\",\"description\":\"Beno\u00eet Cosnefroy rejoint UAE Team Emirates XRG, tournant majeur pour le puncheur fran\u00e7ais et symbole de l\u2019attrait des grandes \u00e9quipes \u00e9trang\u00e8res.\",\"breadcrumb\":{\"@id\":\"https:\/\/dicodusport.fr\/blog\/benoit-cosnefroy-chez-uae-team-emirates-xrg-mais-pourquoi-faire\/#breadcrumb\"},\"inLanguage\":\"fr-FR\",\"potentialAction\":[{\"@type\":\"ReadAction\",\"target\":[\"https:\/\/dicodusport.fr\/blog\/benoit-cosnefroy-chez-uae-team-emirates-xrg-mais-pourquoi-faire\/\"]}]},{\"@type\":\"ImageObject\",\"inLanguage\":\"fr-FR\",\"@id\":\"https:\/\/dicodusport.fr\/blog\/benoit-cosnefroy-chez-uae-team-emirates-xrg-mais-pourquoi-faire\/#primaryimage\",\"url\":\"https:\/\/dicodusport.fr\/blog\/wp-content\/uploads\/2025\/10\/Benoit-Cosnefroy-chez-UAE-Team-Emirates-XRG-mais-pourquoi-faire-.png\",\"contentUrl\":\"https:\/\/dicodusport.fr\/blog\/wp-content\/uploads\/2025\/10\/Benoit-Cosnefroy-chez-UAE-Team-Emirates-XRG-mais-pourquoi-faire-.png\",\"width\":1200,\"height\":674,\"caption\":\"Beno\u00eet Cosnefroy chez UAE Team Emirates XRG, mais pourquoi faire\"},{\"@type\":\"BreadcrumbList\",\"@id\":\"https:\/\/dicodusport.fr\/blog\/benoit-cosnefroy-chez-uae-team-emirates-xrg-mais-pourquoi-faire\/#breadcrumb\",\"itemListElement\":[{\"@type\":\"ListItem\",\"position\":1,\"name\":\"Accueil\",\"item\":\"https:\/\/dicodusport.fr\/blog\/\"},{\"@type\":\"ListItem\",\"position\":2,\"name\":\"Beno\u00eet Cosnefroy chez UAE Team Emirates XRG, mais pourquoi faire ?\"}]},{\"@type\":\"WebSite\",\"@id\":\"https:\/\/dicodusport.fr\/blog\/#website\",\"url\":\"https:\/\/dicodusport.fr\/blog\/\",\"name\":\"Dicodusport\",\"description\":\"L&#039;encyclop\u00e9die de l&#039;actualit\u00e9 sportive\",\"publisher\":{\"@id\":\"https:\/\/dicodusport.fr\/blog\/#organization\"},\"potentialAction\":[{\"@type\":\"SearchAction\",\"target\":{\"@type\":\"EntryPoint\",\"urlTemplate\":\"https:\/\/dicodusport.fr\/blog\/?s={search_term_string}\"},\"query-input\":{\"@type\":\"PropertyValueSpecification\",\"valueRequired\":true,\"valueName\":\"search_term_string\"}}],\"inLanguage\":\"fr-FR\"},{\"@type\":\"NewsMediaOrganization\",\"@id\":\"https:\/\/dicodusport.fr\/blog\/#organization\",\"name\":\"Dicodusport\",\"url\":\"https:\/\/dicodusport.fr\/blog\/\",\"logo\":{\"@type\":\"ImageObject\",\"inLanguage\":\"fr-FR\",\"@id\":\"https:\/\/dicodusport.fr\/blog\/#\/schema\/logo\/image\/\",\"url\":\"https:\/\/dicodusport.fr\/blog\/wp-content\/uploads\/2020\/06\/cropped-LOGO-DICODUSPORT-2020-SANS-FOND-SANS-TEXTE.png\",\"contentUrl\":\"https:\/\/dicodusport.fr\/blog\/wp-content\/uploads\/2020\/06\/cropped-LOGO-DICODUSPORT-2020-SANS-FOND-SANS-TEXTE.png\",\"width\":512,\"height\":512,\"caption\":\"Dicodusport\"},\"image\":{\"@id\":\"https:\/\/dicodusport.fr\/blog\/#\/schema\/logo\/image\/\"},\"sameAs\":[\"https:\/\/www.facebook.com\/dicodusport\",\"https:\/\/x.com\/dicodusport\",\"https:\/\/www.instagram.com\/dicodusport\/\",\"https:\/\/www.youtube.com\/channel\/UC7V2KZ5sd3htJivAbA4ZG3w\"],\"description\":\"Dicodusport est l'encyclop\u00e9die de l'actualit\u00e9 sportive.\",\"email\":\"bonjour@dicodusport.fr\",\"legalName\":\"DICODUSPORT\",\"foundingDate\":\"2018-01-14\",\"vatID\":\"FR71834470973\",\"taxID\":\"83447097300043\",\"numberOfEmployees\":{\"@type\":\"QuantitativeValue\",\"minValue\":\"1\",\"maxValue\":\"10\"}},{\"@type\":\"Person\",\"@id\":\"https:\/\/dicodusport.fr\/blog\/#\/schema\/person\/cb02af4c173ce4a653b55e9baf388d4a\",\"name\":\"Flo Ostermann\",\"image\":{\"@type\":\"ImageObject\",\"inLanguage\":\"fr-FR\",\"@id\":\"https:\/\/dicodusport.fr\/blog\/#\/schema\/person\/image\/\",\"url\":\"https:\/\/dicodusport.fr\/blog\/wp-content\/uploads\/2021\/05\/Flo-Ostermann-150x150.jpg\",\"contentUrl\":\"https:\/\/dicodusport.fr\/blog\/wp-content\/uploads\/2021\/05\/Flo-Ostermann-150x150.jpg\",\"caption\":\"Flo Ostermann\"},\"description\":\"Journaliste\/R\u00e9dacteur depuis septembre 2015 - Mes premiers souvenirs dans le sport ? Les envol\u00e9es du Stade Toulousain et les duels Villeneuve-Schumacher et H\u00e4kkinen-Schumacher \u00e0 la fin des ann\u00e9es 90, la Coupe du monde de football en 1998, l\u2019exploit du XV de France face aux All Blacks en 1999, mais aussi Richard C\u0153ur de Lion qui vole sur les montagnes du Tour de France. Bien parti pour devenir professeur d\u2019EPS, les \u00e9v\u00e9nements de la vie (et la flemme d\u2019animer des s\u00e9ances de 3x500 m\u00e8tres toute ma vie) m\u2019ont conduit \u00e0 revoir mes plans. Me voil\u00e0 depuis fin 2017 sur Dicodusport, m\u00e9dia gr\u00e2ce (et pour) lequel je partage ma passion : le sport dans tous ses \u00e9tats. Le tout accompagn\u00e9 par les fous furieux et folles furieuses cit\u00e9s sur cette page !\",\"sameAs\":[\"https:\/\/www.facebook.com\/florent.ostermann\",\"https:\/\/x.com\/https:\/\/twitter.com\/FlOstermann\",\"admin\"],\"url\":\"https:\/\/dicodusport.fr\/blog\/author\/flo\/\"}]}<\/script>\n<!-- \/ Yoast SEO Premium plugin. -->","yoast_head_json":{"title":"Beno\u00eet Cosnefroy chez UAE Team Emirates XRG, mais pourquoi faire ?","description":"Beno\u00eet Cosnefroy rejoint UAE Team Emirates XRG, tournant majeur pour le puncheur fran\u00e7ais et symbole de l\u2019attrait des grandes \u00e9quipes \u00e9trang\u00e8res.","robots":{"index":"index","follow":"follow","max-snippet":"max-snippet:-1","max-image-preview":"max-image-preview:large","max-video-preview":"max-video-preview:-1"},"canonical":"https:\/\/dicodusport.fr\/blog\/benoit-cosnefroy-chez-uae-team-emirates-xrg-mais-pourquoi-faire\/","og_locale":"fr_FR","og_type":"article","og_title":"Beno\u00eet Cosnefroy chez UAE Team Emirates XRG, mais pourquoi faire ?","og_description":"Beno\u00eet Cosnefroy rejoint UAE Team Emirates XRG, tournant majeur pour le puncheur fran\u00e7ais et symbole de l\u2019attrait des grandes \u00e9quipes \u00e9trang\u00e8res.","og_url":"https:\/\/dicodusport.fr\/blog\/benoit-cosnefroy-chez-uae-team-emirates-xrg-mais-pourquoi-faire\/","og_site_name":"Dicodusport","article_publisher":"https:\/\/www.facebook.com\/dicodusport","article_author":"https:\/\/www.facebook.com\/florent.ostermann","article_published_time":"2025-10-27T12:01:19+00:00","article_modified_time":"2025-11-08T21:07:53+00:00","og_image":[{"width":1200,"height":674,"url":"https:\/\/dicodusport.fr\/blog\/wp-content\/uploads\/2025\/10\/Benoit-Cosnefroy-chez-UAE-Team-Emirates-XRG-mais-pourquoi-faire-.png","type":"image\/png"}],"author":"Flo Ostermann","twitter_card":"summary_large_image","twitter_title":"Beno\u00eet Cosnefroy chez UAE Team Emirates XRG, mais pourquoi faire ?","twitter_creator":"@https:\/\/twitter.com\/FlOstermann","twitter_site":"@dicodusport","schema":{"@context":"https:\/\/schema.org","@graph":[{"@type":"NewsArticle","@id":"https:\/\/dicodusport.fr\/blog\/benoit-cosnefroy-chez-uae-team-emirates-xrg-mais-pourquoi-faire\/#article","isPartOf":{"@id":"https:\/\/dicodusport.fr\/blog\/benoit-cosnefroy-chez-uae-team-emirates-xrg-mais-pourquoi-faire\/"},"author":{"name":"Flo Ostermann","@id":"https:\/\/dicodusport.fr\/blog\/#\/schema\/person\/cb02af4c173ce4a653b55e9baf388d4a"},"headline":"Beno\u00eet Cosnefroy chez UAE Team Emirates XRG, mais pourquoi faire ?","datePublished":"2025-10-27T12:01:19+00:00","dateModified":"2025-11-08T21:07:53+00:00","mainEntityOfPage":{"@id":"https:\/\/dicodusport.fr\/blog\/benoit-cosnefroy-chez-uae-team-emirates-xrg-mais-pourquoi-faire\/"},"wordCount":1748,"commentCount":0,"publisher":{"@id":"https:\/\/dicodusport.fr\/blog\/#organization"},"image":{"@id":"https:\/\/dicodusport.fr\/blog\/benoit-cosnefroy-chez-uae-team-emirates-xrg-mais-pourquoi-faire\/#primaryimage"},"thumbnailUrl":"https:\/\/dicodusport.fr\/blog\/wp-content\/uploads\/2025\/10\/Benoit-Cosnefroy-chez-UAE-Team-Emirates-XRG-mais-pourquoi-faire-.png","keywords":["Beno\u00eet Cosnefroy","br\u00e8ve","Cyclisme","Cyclisme sur route","sport","UAE Team Emirates - XRG"],"articleSection":["Cyclisme sur route"],"inLanguage":"fr-FR","potentialAction":[{"@type":"CommentAction","name":"Comment","target":["https:\/\/dicodusport.fr\/blog\/benoit-cosnefroy-chez-uae-team-emirates-xrg-mais-pourquoi-faire\/#respond"]}],"copyrightYear":"2025","copyrightHolder":{"@id":"https:\/\/dicodusport.fr\/blog\/#organization"}},{"@type":"WebPage","@id":"https:\/\/dicodusport.fr\/blog\/benoit-cosnefroy-chez-uae-team-emirates-xrg-mais-pourquoi-faire\/","url":"https:\/\/dicodusport.fr\/blog\/benoit-cosnefroy-chez-uae-team-emirates-xrg-mais-pourquoi-faire\/","name":"Beno\u00eet Cosnefroy chez UAE Team Emirates XRG, mais pourquoi faire ?","isPartOf":{"@id":"https:\/\/dicodusport.fr\/blog\/#website"},"primaryImageOfPage":{"@id":"https:\/\/dicodusport.fr\/blog\/benoit-cosnefroy-chez-uae-team-emirates-xrg-mais-pourquoi-faire\/#primaryimage"},"image":{"@id":"https:\/\/dicodusport.fr\/blog\/benoit-cosnefroy-chez-uae-team-emirates-xrg-mais-pourquoi-faire\/#primaryimage"},"thumbnailUrl":"https:\/\/dicodusport.fr\/blog\/wp-content\/uploads\/2025\/10\/Benoit-Cosnefroy-chez-UAE-Team-Emirates-XRG-mais-pourquoi-faire-.png","datePublished":"2025-10-27T12:01:19+00:00","dateModified":"2025-11-08T21:07:53+00:00","description":"Beno\u00eet Cosnefroy rejoint UAE Team Emirates XRG, tournant majeur pour le puncheur fran\u00e7ais et symbole de l\u2019attrait des grandes \u00e9quipes \u00e9trang\u00e8res.","breadcrumb":{"@id":"https:\/\/dicodusport.fr\/blog\/benoit-cosnefroy-chez-uae-team-emirates-xrg-mais-pourquoi-faire\/#breadcrumb"},"inLanguage":"fr-FR","potentialAction":[{"@type":"ReadAction","target":["https:\/\/dicodusport.fr\/blog\/benoit-cosnefroy-chez-uae-team-emirates-xrg-mais-pourquoi-faire\/"]}]},{"@type":"ImageObject","inLanguage":"fr-FR","@id":"https:\/\/dicodusport.fr\/blog\/benoit-cosnefroy-chez-uae-team-emirates-xrg-mais-pourquoi-faire\/#primaryimage","url":"https:\/\/dicodusport.fr\/blog\/wp-content\/uploads\/2025\/10\/Benoit-Cosnefroy-chez-UAE-Team-Emirates-XRG-mais-pourquoi-faire-.png","contentUrl":"https:\/\/dicodusport.fr\/blog\/wp-content\/uploads\/2025\/10\/Benoit-Cosnefroy-chez-UAE-Team-Emirates-XRG-mais-pourquoi-faire-.png","width":1200,"height":674,"caption":"Beno\u00eet Cosnefroy chez UAE Team Emirates XRG, mais pourquoi faire"},{"@type":"BreadcrumbList","@id":"https:\/\/dicodusport.fr\/blog\/benoit-cosnefroy-chez-uae-team-emirates-xrg-mais-pourquoi-faire\/#breadcrumb","itemListElement":[{"@type":"ListItem","position":1,"name":"Accueil","item":"https:\/\/dicodusport.fr\/blog\/"},{"@type":"ListItem","position":2,"name":"Beno\u00eet Cosnefroy chez UAE Team Emirates XRG, mais pourquoi faire ?"}]},{"@type":"WebSite","@id":"https:\/\/dicodusport.fr\/blog\/#website","url":"https:\/\/dicodusport.fr\/blog\/","name":"Dicodusport","description":"L&#039;encyclop\u00e9die de l&#039;actualit\u00e9 sportive","publisher":{"@id":"https:\/\/dicodusport.fr\/blog\/#organization"},"potentialAction":[{"@type":"SearchAction","target":{"@type":"EntryPoint","urlTemplate":"https:\/\/dicodusport.fr\/blog\/?s={search_term_string}"},"query-input":{"@type":"PropertyValueSpecification","valueRequired":true,"valueName":"search_term_string"}}],"inLanguage":"fr-FR"},{"@type":"NewsMediaOrganization","@id":"https:\/\/dicodusport.fr\/blog\/#organization","name":"Dicodusport","url":"https:\/\/dicodusport.fr\/blog\/","logo":{"@type":"ImageObject","inLanguage":"fr-FR","@id":"https:\/\/dicodusport.fr\/blog\/#\/schema\/logo\/image\/","url":"https:\/\/dicodusport.fr\/blog\/wp-content\/uploads\/2020\/06\/cropped-LOGO-DICODUSPORT-2020-SANS-FOND-SANS-TEXTE.png","contentUrl":"https:\/\/dicodusport.fr\/blog\/wp-content\/uploads\/2020\/06\/cropped-LOGO-DICODUSPORT-2020-SANS-FOND-SANS-TEXTE.png","width":512,"height":512,"caption":"Dicodusport"},"image":{"@id":"https:\/\/dicodusport.fr\/blog\/#\/schema\/logo\/image\/"},"sameAs":["https:\/\/www.facebook.com\/dicodusport","https:\/\/x.com\/dicodusport","https:\/\/www.instagram.com\/dicodusport\/","https:\/\/www.youtube.com\/channel\/UC7V2KZ5sd3htJivAbA4ZG3w"],"description":"Dicodusport est l'encyclop\u00e9die de l'actualit\u00e9 sportive.","email":"bonjour@dicodusport.fr","legalName":"DICODUSPORT","foundingDate":"2018-01-14","vatID":"FR71834470973","taxID":"83447097300043","numberOfEmployees":{"@type":"QuantitativeValue","minValue":"1","maxValue":"10"}},{"@type":"Person","@id":"https:\/\/dicodusport.fr\/blog\/#\/schema\/person\/cb02af4c173ce4a653b55e9baf388d4a","name":"Flo Ostermann","image":{"@type":"ImageObject","inLanguage":"fr-FR","@id":"https:\/\/dicodusport.fr\/blog\/#\/schema\/person\/image\/","url":"https:\/\/dicodusport.fr\/blog\/wp-content\/uploads\/2021\/05\/Flo-Ostermann-150x150.jpg","contentUrl":"https:\/\/dicodusport.fr\/blog\/wp-content\/uploads\/2021\/05\/Flo-Ostermann-150x150.jpg","caption":"Flo Ostermann"},"description":"Journaliste\/R\u00e9dacteur depuis septembre 2015 - Mes premiers souvenirs dans le sport ? Les envol\u00e9es du Stade Toulousain et les duels Villeneuve-Schumacher et H\u00e4kkinen-Schumacher \u00e0 la fin des ann\u00e9es 90, la Coupe du monde de football en 1998, l\u2019exploit du XV de France face aux All Blacks en 1999, mais aussi Richard C\u0153ur de Lion qui vole sur les montagnes du Tour de France. Bien parti pour devenir professeur d\u2019EPS, les \u00e9v\u00e9nements de la vie (et la flemme d\u2019animer des s\u00e9ances de 3x500 m\u00e8tres toute ma vie) m\u2019ont conduit \u00e0 revoir mes plans. Me voil\u00e0 depuis fin 2017 sur Dicodusport, m\u00e9dia gr\u00e2ce (et pour) lequel je partage ma passion : le sport dans tous ses \u00e9tats. Le tout accompagn\u00e9 par les fous furieux et folles furieuses cit\u00e9s sur cette page !","sameAs":["https:\/\/www.facebook.com\/florent.ostermann","https:\/\/x.com\/https:\/\/twitter.com\/FlOstermann","admin"],"url":"https:\/\/dicodusport.fr\/blog\/author\/flo\/"}]}},"_links":{"self":[{"href":"https:\/\/dicodusport.fr\/blog\/wp-json\/wp\/v2\/posts\/622245","targetHints":{"allow":["GET"]}}],"collection":[{"href":"https:\/\/dicodusport.fr\/blog\/wp-json\/wp\/v2\/posts"}],"about":[{"href":"https:\/\/dicodusport.fr\/blog\/wp-json\/wp\/v2\/types\/post"}],"author":[{"embeddable":true,"href":"https:\/\/dicodusport.fr\/blog\/wp-json\/wp\/v2\/users\/4"}],"replies":[{"embeddable":true,"href":"https:\/\/dicodusport.fr\/blog\/wp-json\/wp\/v2\/comments?post=622245"}],"version-history":[{"count":5,"href":"https:\/\/dicodusport.fr\/blog\/wp-json\/wp\/v2\/posts\/622245\/revisions"}],"predecessor-version":[{"id":624724,"href":"https:\/\/dicodusport.fr\/blog\/wp-json\/wp\/v2\/posts\/622245\/revisions\/624724"}],"wp:featuredmedia":[{"embeddable":true,"href":"https:\/\/dicodusport.fr\/blog\/wp-json\/wp\/v2\/media\/622281"}],"wp:attachment":[{"href":"https:\/\/dicodusport.fr\/blog\/wp-json\/wp\/v2\/media?parent=622245"}],"wp:term":[{"taxonomy":"category","embeddable":true,"href":"https:\/\/dicodusport.fr\/blog\/wp-json\/wp\/v2\/categories?post=622245"},{"taxonomy":"post_tag","embeddable":true,"href":"https:\/\/dicodusport.fr\/blog\/wp-json\/wp\/v2\/tags?post=622245"}],"curies":[{"name":"wp","href":"https:\/\/api.w.org\/{rel}","templated":true}]}}