{"id":622410,"date":"2025-10-28T16:36:16","date_gmt":"2025-10-28T15:36:16","guid":{"rendered":"https:\/\/dicodusport.fr\/blog\/?p=622410&#038;preview=true&#038;preview_id=622410"},"modified":"2025-10-28T16:42:19","modified_gmt":"2025-10-28T15:42:19","slug":"qui-est-sauveur-cristofini-la-pepite-de-la-natation-francaise-plus-rapide-que-leon-marchand-a-15-ans","status":"publish","type":"post","link":"https:\/\/dicodusport.fr\/blog\/qui-est-sauveur-cristofini-la-pepite-de-la-natation-francaise-plus-rapide-que-leon-marchand-a-15-ans\/","title":{"rendered":"Qui est Sauveur Cristofini, la p\u00e9pite de la natation fran\u00e7aise plus rapide que L\u00e9on Marchand \u00e0 15 ans ?"},"content":{"rendered":"<p style=\"text-align: justify;\"><strong><em>NATATION \u2013 \u00c0 15 ans, Sauveur Cristofini affole les chronos et nage d\u00e9j\u00e0 plus vite que L\u00e9on Marchand au m\u00eame \u00e2ge. Portrait d\u2019un prodige promis \u00e0 un avenir en or.<\/em><\/strong><\/p>\n<p style=\"text-align: justify;\">\u00c0 15 ans, <strong>Sauveur Cristofini<\/strong> est en train de bousculer les rep\u00e8res de la natation fran\u00e7aise. Originaire de <b>Marseille<\/b>, ce jeune nageur s\u2019impose d\u00e9j\u00e0 comme un ph\u00e9nom\u00e8ne, avec des chronos plus rapides que ceux de <strong>L\u00e9on Marchand<\/strong> au m\u00eame \u00e2ge. Talent pr\u00e9coce, mental solide, trajectoire ma\u00eetris\u00e9e\u00a0: tout porte \u00e0 croire que la France tient l\u00e0 une (nouvelle) p\u00e9pite.<\/p>\n<h2 style=\"text-align: justify;\">Des d\u00e9buts marqu\u00e9s par une progression fulgurante<\/h2>\n<p style=\"text-align: justify;\">N\u00e9 en 2009 \u00e0 Marseille, <strong>Sauveur Cristofini<\/strong> d\u00e9couvre la natation tr\u00e8s t\u00f4t. Ce qui frappe rapidement ses entra\u00eeneurs, c\u2019est sa facilit\u00e9 dans l\u2019eau. L\u2019encadrement du <strong>SC Thionville<\/strong>, son club formateur, voit en lui quelque chose de <em>\u00ab\u00a0diff\u00e9rent\u00a0\u00bb<\/em>, <em>\u00ab\u00a0une aisance et une capacit\u00e9 \u00e0 r\u00e9p\u00e9ter les efforts qu\u2019on ne voit pas souvent \u00e0 cet \u00e2ge\u00a0\u00bb<\/em>.<\/p>\n<p style=\"text-align: justify;\">D\u00e8s ses premi\u00e8res courses r\u00e9gionales, <strong>Cristofini<\/strong> \u00e9crase les chronos et s\u2019impose comme un talent \u00e0 part. Sa technique est d\u00e9j\u00e0 tr\u00e8s aboutie, sa glisse naturelle et sa capacit\u00e9 \u00e0 maintenir une intensit\u00e9 \u00e9lev\u00e9e impressionne les observateurs. <em>\u00ab\u00a0D\u00e8s ses premi\u00e8res comp\u00e9titions, il a parfaitement g\u00e9r\u00e9 la pression. C\u2019est un enfant qui arrive \u00e0 transformer cette pression en \u00e9nergie. Il ne se laisse pas du tout diminuer\u00a0\u00bb<\/em>, d\u00e9clarait en juillet dernier son p\u00e8re, <strong>Gilles Cristofini<\/strong>, dans les colonnes de <a href=\"https:\/\/www.laprovence.com\/article\/sports\/3538414285355414\/natation-le-marseillais-sauveur-cristofini-ne-manque-ni-de-talent-ni-dambitions\"><em>La Provence<\/em><\/a>. Tr\u00e8s vite, son nom circule dans les bassins fran\u00e7ais comme celui d\u2019un jeune \u00e0 suivre.<\/p>\n<h2 style=\"text-align: justify;\">Des chronos qui interpellent\u00a0: plus vite que L\u00e9on Marchand<\/h2>\n<p style=\"text-align: justify;\">L\u2019explosion m\u00e9diatique intervient lors des Championnats de France en petit bassin, la semaine pass\u00e9e, \u00e0 Taverny (Val-d\u2019Oise). D\u00e8s le 400\u00a0m nage libre, jeudi, <strong>Cristofini<\/strong> avait donn\u00e9 le ton en bouclant la distance en 3:39.69, effa\u00e7ant des tablettes la meilleure performance fran\u00e7aise U17 d\u00e9tenue jusqu\u2019alors par <strong>Yannick Agnel<\/strong>. Deux jours plus tard, il r\u00e9cidive sur 200 m nage libre, avec un chrono impressionnant de 1:43.61, confirmant sa mont\u00e9e en puissance.<\/p>\n<p style=\"text-align: justify;\">Mais le meilleur \u00e9tait encore \u00e0 venir. Pour sa derni\u00e8re course de la semaine, align\u00e9 sur 200\u00a0m 4\u00a0nages, le prot\u00e9g\u00e9 de <strong>Philippe Lucas<\/strong>, avec qui il s\u2019entra\u00eene \u00e0 Martigues, frappe un grand coup d\u00e8s les s\u00e9ries : 1:59.97, soit la meilleure performance fran\u00e7aise U16, en dessous du chrono r\u00e9alis\u00e9 par <strong>L\u00e9on Marchand<\/strong> en 2018 (2:00.66).<\/p>\n<p style=\"text-align: justify;\">D\u00e9sormais licenci\u00e9 \u00e0 <strong>Ajaccio<\/strong>, en hommage \u00e0 ses origines corses, <strong>Cristofini<\/strong> sublime sa performance en finale B le soir m\u00eame en stoppant le chrono \u00e0 1:57.86. Il efface ainsi la MPF U17 de <strong>L\u00e9on Marchand<\/strong> (1:58.07), s\u2019affirmant un peu plus comme le nouveau visage de la natation fran\u00e7aise.<\/p>\n<div class=\"vlp-link-container vlp-layout-article\"><a href=\"https:\/\/dicodusport.fr\/blog\/natation-grousset-et-gastaldello-au-rendez-vous-cristofino-impressionne-le-resume-des-championnats-de-france-en-petit-bassin\/\" class=\"vlp-link\" title=\"Natation : Grousset et Gastaldello au rendez-vous, Cristofino impressionne, le r\u00e9sum\u00e9 des Championnats de France en petit bassin\"><\/a><div class=\"vlp-layout-zone-side\"><div class=\"vlp-block-4 vlp-link-image\"><img loading=\"lazy\" decoding=\"async\" style=\"max-width: 792px;\" width=\"792\" height=\"445\" src=\"https:\/\/dicodusport.fr\/blog\/wp-content\/uploads\/2025\/10\/Natation-Grousset-et-Gastaldello-au-rendez-vous-Cristofino-impressionne-le-resume-des-Championnats-de-France-en-petit-bassin.png\" class=\"attachment-800x445 size-800x445\" alt=\"Natation Grousset et Gastaldello au rendez-vous, Cristofino impressionne, le r\u00e9sum\u00e9 des Championnats de France en petit bassin\" srcset=\"https:\/\/dicodusport.fr\/blog\/wp-content\/uploads\/2025\/10\/Natation-Grousset-et-Gastaldello-au-rendez-vous-Cristofino-impressionne-le-resume-des-Championnats-de-France-en-petit-bassin.png 1200w, https:\/\/dicodusport.fr\/blog\/wp-content\/uploads\/2025\/10\/Natation-Grousset-et-Gastaldello-au-rendez-vous-Cristofino-impressionne-le-resume-des-Championnats-de-France-en-petit-bassin-300x169.png 300w, https:\/\/dicodusport.fr\/blog\/wp-content\/uploads\/2025\/10\/Natation-Grousset-et-Gastaldello-au-rendez-vous-Cristofino-impressionne-le-resume-des-Championnats-de-France-en-petit-bassin-1024x575.png 1024w, https:\/\/dicodusport.fr\/blog\/wp-content\/uploads\/2025\/10\/Natation-Grousset-et-Gastaldello-au-rendez-vous-Cristofino-impressionne-le-resume-des-Championnats-de-France-en-petit-bassin-768x431.png 768w\" sizes=\"auto, (max-width: 792px) 100vw, 792px\" \/><\/div><\/div><div class=\"vlp-layout-zone-main\"><div class=\"vlp-block-0 vlp-link-title\">Natation : Grousset et Gastaldello au rendez-vous, Cristofino impressionne, le r\u00e9sum\u00e9 des Championnats de France en petit bassin<\/div><div class=\"vlp-block-1 vlp-link-summary\">Les belles performances se sont encha\u00een\u00e9es du c\u00f4t\u00e9 de Val-Parisis, avec notamment le week-end parfait de Maxime Grousset, et la r\u00e9v\u00e9lation de Sauveur Cristofini.\u00a0<\/div><div class=\"vlp-block-2 vlp-link-button\">Lire l'article<\/div><div class=\"vlp-block-3 vlp-link-url\">dicodusport.fr<\/div><\/div><\/div>\n<h2 style=\"text-align: justify;\">Une maturit\u00e9 rare chez un adolescent<\/h2>\n<p style=\"text-align: justify;\">Au-del\u00e0 de ces records, le Marseillais d\u2019origine affiche une r\u00e9gularit\u00e9 impressionnante. Il d\u00e9tient d\u00e9j\u00e0 plusieurs meilleures performances fran\u00e7aises dans sa cat\u00e9gorie d\u2019\u00e2ge, toutes distances confondues. Ses temps t\u00e9moignent d\u2019une progression lin\u00e9aire et ma\u00eetris\u00e9e. Pour les sp\u00e9cialistes, il ne s\u2019agit plus simplement d\u2019un jeune prometteur, mais d\u2019un espoir s\u00e9rieux du haut niveau international.<\/p>\n<p style=\"text-align: justify;\">Ce qui distingue \u00e9galement <strong>Sauveur Cristofini<\/strong>, c\u2019est son approche tr\u00e8s professionnelle de la comp\u00e9tition. \u00c0 seulement 15 ans, il suit une planification rigoureuse, partage son temps entre le lyc\u00e9e et l\u2019entra\u00eenement, et b\u00e9n\u00e9ficie d\u2019un encadrement solide au sein du <em>Team Lucas<\/em>, la structure dirig\u00e9e par <strong>Philippe Lucas<\/strong> \u00e0 Martigues. Cette stabilit\u00e9 mentale, rare \u00e0 cet \u00e2ge, est souvent cit\u00e9e comme une des cl\u00e9s de sa r\u00e9ussite.<\/p>\n<p style=\"text-align: justify;\">Loin de se laisser griser par les comparaisons avec <strong>Marchand<\/strong>, il garde la t\u00eate froide. Son objectif est clair\u00a0: progresser \u00e9tape par \u00e9tape.<\/p>\n<h2 style=\"text-align: justify;\">La comparaison avec L\u00e9on Marchand\u00a0: une pression ou une opportunit\u00e9\u00a0?<\/h2>\n<p style=\"text-align: justify;\">\u00catre compar\u00e9 au nageur fran\u00e7ais le plus brillant de sa g\u00e9n\u00e9ration n\u2019est pas anodin. <strong>L\u00e9on Marchand<\/strong>, quadruple champion olympique, septuple champion du monde et recordman du monde des <a href=\"https:\/\/dicodusport.fr\/blog\/mondiaux-natation-2025-leon-marchand-explose-le-record-du-monde-du-200-m-quatre-nages-en-demi-finales\/\">200\u00a0m 4\u00a0nages<\/a> et <a href=\"https:\/\/dicodusport.fr\/blog\/mondiaux-de-natation-2023-record-du-monde-et-titre-mondial-pour-leon-marchand-sur-400m-4-nages\/\">400\u00a0m 4\u00a0nages<\/a>, a mis la barre tr\u00e8s haut.<\/p>\n<p style=\"text-align: justify;\">Pour <strong>Cristofini<\/strong>, ces comparaisons sont \u00e0 la fois un moteur et une source de prudence. <em>\u00ab\u00a0Il ne faut pas sauter les \u00e9tapes. S\u2019il continue comme \u00e7a, dans un an et demi, il peut faire tr\u00e8s mal. C\u2019est surtout un gar\u00e7on travailleur et \u00e0 l\u2019\u00e9coute\u00a0\u00bb<\/em>, r\u00e9sumait ce week-end son entra\u00eeneur <strong>Philippe Lucas<\/strong> sur les ondes de <a href=\"https:\/\/rmcsport.bfmtv.com\/natation\/plus-rapide-que-leon-marchand-a-15-ans-la-natation-francaise-impressionnee-par-sauveur-cristofini_AV-202510280575.html\"><em>RMC Sport<\/em><\/a>. Sur sa lanc\u00e9e, il va vivre sa premi\u00e8re exp\u00e9rience en \u00e9quipe de France seniors, \u00e0 l&rsquo;occasion des Championnats d&rsquo;Europe petit bassin (2-7 d\u00e9cembre \u00e0 Lublin en Pologne). Un premier pas chez les grands, synonyme d&rsquo;apprentissage acc\u00e9l\u00e9r\u00e9.<\/p>\n<blockquote class=\"twitter-tweet\">\n<p dir=\"ltr\" lang=\"fr\">\ud83c\uddeb\ud83c\uddf7 L\u2019\u00e9quipe de France qui nous fera vibrer du 2 au 7 d\u00e9cembre \u00e0 Lublin pour les championnats d\u2019Europe 25m.<br \/>\n\ud83d\udd25 Let\u2019s gooooooo !! <a href=\"https:\/\/twitter.com\/hashtag\/Natation?src=hash&amp;ref_src=twsrc%5Etfw\">#Natation<\/a> <a href=\"https:\/\/twitter.com\/hashtag\/TeamFrance?src=hash&amp;ref_src=twsrc%5Etfw\">#TeamFrance<\/a> <a href=\"https:\/\/twitter.com\/hashtag\/TeamFFN?src=hash&amp;ref_src=twsrc%5Etfw\">#TeamFFN<\/a> <a href=\"https:\/\/twitter.com\/hashtag\/Lublin2025?src=hash&amp;ref_src=twsrc%5Etfw\">#Lublin2025<\/a> <a href=\"https:\/\/t.co\/WCwC9jbAV5\">pic.twitter.com\/WCwC9jbAV5<\/a><\/p>\n<p>\u2014 FFN (@FFNatation) <a href=\"https:\/\/twitter.com\/FFNatation\/status\/1983103548398485972?ref_src=twsrc%5Etfw\">October 28, 2025<\/a><\/p><\/blockquote>\n<p><script async src=\"https:\/\/platform.twitter.com\/widgets.js\" charset=\"utf-8\"><\/script><\/p>\n<h2 style=\"text-align: justify;\">Des d\u00e9fis \u00e0 venir, un nom \u00e0 retenir<\/h2>\n<p style=\"text-align: justify;\">L\u2019ascension d\u2019un jeune nageur vers l\u2019\u00e9lite est un chemin exigeant. Le passage des cat\u00e9gories jeunes aux seniors constitue souvent un tournant. Le volume d\u2019entra\u00eenement augmente, la concurrence s\u2019intensifie et la pression m\u00e9diatique peut peser lourd.<\/p>\n<p style=\"text-align: justify;\"><strong>Cristofini<\/strong> devra donc continuer \u00e0 se construire, physiquement et mentalement, tout en pr\u00e9servant la fra\u00eecheur qui fait sa force actuelle. Son entourage mise sur une mont\u00e9e en puissance progressive, avec pour horizon les grandes comp\u00e9titions internationales juniors, puis seniors. <em>\u00ab\u00a0La natation est devenue une passion, mon objectif est clair\u00a0: int\u00e9grer l\u2019\u00e9quipe de France A et repr\u00e9senter mon pays aux Jeux Olympiques\u00a0\u00bb<\/em>, affirmait-il r\u00e9cemment sur son site internet. Le ton est donn\u00e9.<\/p>\n<p style=\"text-align: justify;\">Ainsi, en quelques mois, <strong>Sauveur Cristofini<\/strong> est pass\u00e9 de promesse r\u00e9gionale \u00e0 v\u00e9ritable r\u00e9v\u00e9lation nationale. Ses chronos affolent les compteurs, son mental impressionne et sa trajectoire inspire. Sans br\u00fbler les \u00e9tapes, il avance dans l\u2019eau comme il nage\u00a0: avec efficacit\u00e9 et assurance. Si rien n\u2019est jamais garanti dans le sport de haut niveau, la <strong>France<\/strong> semble tenir l\u00e0 un talent rare. Un nom \u00e0 retenir pour les ann\u00e9es \u00e0 venir.<\/p>\n","protected":false},"excerpt":{"rendered":"<p>\u00c0 15 ans, Sauveur Cristofini affole les chronos et nage d\u00e9j\u00e0 plus vite que L\u00e9on Marchand au m\u00eame \u00e2ge. Portrait d\u2019un prodige promis \u00e0 un avenir en or.<\/p>\n","protected":false},"author":4,"featured_media":622424,"comment_status":"open","ping_status":"closed","sticky":false,"template":"","format":"standard","meta":{"_acf_changed":false,"_daextam_enable_autolinks":"1","footnotes":""},"categories":[2306],"tags":[16878,69,24],"class_list":["post-622410","post","type-post","status-publish","format-standard","has-post-thumbnail","hentry","category-natation","tag-breve","tag-natation","tag-sport"],"acf":[],"yoast_head":"<!-- This site is optimized with the Yoast SEO Premium plugin v26.7 (Yoast SEO v26.7) - https:\/\/yoast.com\/wordpress\/plugins\/seo\/ -->\n<title>Qui est Sauveur Cristofini, la p\u00e9pite de la natation fran\u00e7aise plus rapide que L\u00e9on Marchand \u00e0 15 ans ?<\/title>\n<meta name=\"description\" content=\"D\u00e9couvrez Sauveur Cristofini, ce prodige de la natation qui impressionne avec des performances sup\u00e9rieures \u00e0 L\u00e9on Marchand.\" \/>\n<meta name=\"robots\" content=\"index, follow, max-snippet:-1, max-image-preview:large, max-video-preview:-1\" \/>\n<link rel=\"canonical\" href=\"https:\/\/dicodusport.fr\/blog\/qui-est-sauveur-cristofini-la-pepite-de-la-natation-francaise-plus-rapide-que-leon-marchand-a-15-ans\/\" \/>\n<meta property=\"og:locale\" content=\"fr_FR\" \/>\n<meta property=\"og:type\" content=\"article\" \/>\n<meta property=\"og:title\" content=\"Qui est Sauveur Cristofini, la p\u00e9pite de la natation fran\u00e7aise plus rapide que L\u00e9on Marchand \u00e0 15 ans ?\" \/>\n<meta property=\"og:description\" content=\"D\u00e9couvrez Sauveur Cristofini, ce prodige de la natation qui impressionne avec des performances sup\u00e9rieures \u00e0 L\u00e9on Marchand.\" \/>\n<meta property=\"og:url\" content=\"https:\/\/dicodusport.fr\/blog\/qui-est-sauveur-cristofini-la-pepite-de-la-natation-francaise-plus-rapide-que-leon-marchand-a-15-ans\/\" \/>\n<meta property=\"og:site_name\" content=\"Dicodusport\" \/>\n<meta property=\"article:publisher\" content=\"https:\/\/www.facebook.com\/dicodusport\" \/>\n<meta property=\"article:author\" content=\"https:\/\/www.facebook.com\/florent.ostermann\" \/>\n<meta property=\"article:published_time\" content=\"2025-10-28T15:36:16+00:00\" \/>\n<meta property=\"article:modified_time\" content=\"2025-10-28T15:42:19+00:00\" \/>\n<meta property=\"og:image\" content=\"https:\/\/dicodusport.fr\/blog\/wp-content\/uploads\/2025\/10\/Qui-est-Sauveur-Cristofini-la-pepite-de-la-natation-francaise-plus-rapide-que-Leon-Marchand-a-15-ans-.png\" \/>\n\t<meta property=\"og:image:width\" content=\"1200\" \/>\n\t<meta property=\"og:image:height\" content=\"674\" \/>\n\t<meta property=\"og:image:type\" content=\"image\/png\" \/>\n<meta name=\"author\" content=\"Flo Ostermann\" \/>\n<meta name=\"twitter:card\" content=\"summary_large_image\" \/>\n<meta name=\"twitter:title\" content=\"Qui est Sauveur Cristofini, la p\u00e9pite de la natation fran\u00e7aise plus rapide que L\u00e9on Marchand \u00e0 15 ans ?\" \/>\n<meta name=\"twitter:creator\" content=\"@https:\/\/twitter.com\/FlOstermann\" \/>\n<meta name=\"twitter:site\" content=\"@dicodusport\" \/>\n<script type=\"application\/ld+json\" class=\"yoast-schema-graph\">{\"@context\":\"https:\/\/schema.org\",\"@graph\":[{\"@type\":\"NewsArticle\",\"@id\":\"https:\/\/dicodusport.fr\/blog\/qui-est-sauveur-cristofini-la-pepite-de-la-natation-francaise-plus-rapide-que-leon-marchand-a-15-ans\/#article\",\"isPartOf\":{\"@id\":\"https:\/\/dicodusport.fr\/blog\/qui-est-sauveur-cristofini-la-pepite-de-la-natation-francaise-plus-rapide-que-leon-marchand-a-15-ans\/\"},\"author\":{\"name\":\"Flo Ostermann\",\"@id\":\"https:\/\/dicodusport.fr\/blog\/#\/schema\/person\/cb02af4c173ce4a653b55e9baf388d4a\"},\"headline\":\"Qui est Sauveur Cristofini, la p\u00e9pite de la natation fran\u00e7aise plus rapide que L\u00e9on Marchand \u00e0 15 ans ?\",\"datePublished\":\"2025-10-28T15:36:16+00:00\",\"dateModified\":\"2025-10-28T15:42:19+00:00\",\"mainEntityOfPage\":{\"@id\":\"https:\/\/dicodusport.fr\/blog\/qui-est-sauveur-cristofini-la-pepite-de-la-natation-francaise-plus-rapide-que-leon-marchand-a-15-ans\/\"},\"wordCount\":1164,\"commentCount\":0,\"publisher\":{\"@id\":\"https:\/\/dicodusport.fr\/blog\/#organization\"},\"image\":{\"@id\":\"https:\/\/dicodusport.fr\/blog\/qui-est-sauveur-cristofini-la-pepite-de-la-natation-francaise-plus-rapide-que-leon-marchand-a-15-ans\/#primaryimage\"},\"thumbnailUrl\":\"https:\/\/dicodusport.fr\/blog\/wp-content\/uploads\/2025\/10\/Qui-est-Sauveur-Cristofini-la-pepite-de-la-natation-francaise-plus-rapide-que-Leon-Marchand-a-15-ans-.png\",\"keywords\":[\"br\u00e8ve\",\"natation\",\"sport\"],\"articleSection\":[\"Natation\"],\"inLanguage\":\"fr-FR\",\"potentialAction\":[{\"@type\":\"CommentAction\",\"name\":\"Comment\",\"target\":[\"https:\/\/dicodusport.fr\/blog\/qui-est-sauveur-cristofini-la-pepite-de-la-natation-francaise-plus-rapide-que-leon-marchand-a-15-ans\/#respond\"]}],\"copyrightYear\":\"2025\",\"copyrightHolder\":{\"@id\":\"https:\/\/dicodusport.fr\/blog\/#organization\"}},{\"@type\":\"WebPage\",\"@id\":\"https:\/\/dicodusport.fr\/blog\/qui-est-sauveur-cristofini-la-pepite-de-la-natation-francaise-plus-rapide-que-leon-marchand-a-15-ans\/\",\"url\":\"https:\/\/dicodusport.fr\/blog\/qui-est-sauveur-cristofini-la-pepite-de-la-natation-francaise-plus-rapide-que-leon-marchand-a-15-ans\/\",\"name\":\"Qui est Sauveur Cristofini, la p\u00e9pite de la natation fran\u00e7aise plus rapide que L\u00e9on Marchand \u00e0 15 ans ?\",\"isPartOf\":{\"@id\":\"https:\/\/dicodusport.fr\/blog\/#website\"},\"primaryImageOfPage\":{\"@id\":\"https:\/\/dicodusport.fr\/blog\/qui-est-sauveur-cristofini-la-pepite-de-la-natation-francaise-plus-rapide-que-leon-marchand-a-15-ans\/#primaryimage\"},\"image\":{\"@id\":\"https:\/\/dicodusport.fr\/blog\/qui-est-sauveur-cristofini-la-pepite-de-la-natation-francaise-plus-rapide-que-leon-marchand-a-15-ans\/#primaryimage\"},\"thumbnailUrl\":\"https:\/\/dicodusport.fr\/blog\/wp-content\/uploads\/2025\/10\/Qui-est-Sauveur-Cristofini-la-pepite-de-la-natation-francaise-plus-rapide-que-Leon-Marchand-a-15-ans-.png\",\"datePublished\":\"2025-10-28T15:36:16+00:00\",\"dateModified\":\"2025-10-28T15:42:19+00:00\",\"description\":\"D\u00e9couvrez Sauveur Cristofini, ce prodige de la natation qui impressionne avec des performances sup\u00e9rieures \u00e0 L\u00e9on Marchand.\",\"breadcrumb\":{\"@id\":\"https:\/\/dicodusport.fr\/blog\/qui-est-sauveur-cristofini-la-pepite-de-la-natation-francaise-plus-rapide-que-leon-marchand-a-15-ans\/#breadcrumb\"},\"inLanguage\":\"fr-FR\",\"potentialAction\":[{\"@type\":\"ReadAction\",\"target\":[\"https:\/\/dicodusport.fr\/blog\/qui-est-sauveur-cristofini-la-pepite-de-la-natation-francaise-plus-rapide-que-leon-marchand-a-15-ans\/\"]}]},{\"@type\":\"ImageObject\",\"inLanguage\":\"fr-FR\",\"@id\":\"https:\/\/dicodusport.fr\/blog\/qui-est-sauveur-cristofini-la-pepite-de-la-natation-francaise-plus-rapide-que-leon-marchand-a-15-ans\/#primaryimage\",\"url\":\"https:\/\/dicodusport.fr\/blog\/wp-content\/uploads\/2025\/10\/Qui-est-Sauveur-Cristofini-la-pepite-de-la-natation-francaise-plus-rapide-que-Leon-Marchand-a-15-ans-.png\",\"contentUrl\":\"https:\/\/dicodusport.fr\/blog\/wp-content\/uploads\/2025\/10\/Qui-est-Sauveur-Cristofini-la-pepite-de-la-natation-francaise-plus-rapide-que-Leon-Marchand-a-15-ans-.png\",\"width\":1200,\"height\":674,\"caption\":\"Qui est Sauveur Cristofini, la p\u00e9pite de la natation fran\u00e7aise plus rapide que L\u00e9on Marchand \u00e0 15 ans\"},{\"@type\":\"BreadcrumbList\",\"@id\":\"https:\/\/dicodusport.fr\/blog\/qui-est-sauveur-cristofini-la-pepite-de-la-natation-francaise-plus-rapide-que-leon-marchand-a-15-ans\/#breadcrumb\",\"itemListElement\":[{\"@type\":\"ListItem\",\"position\":1,\"name\":\"Accueil\",\"item\":\"https:\/\/dicodusport.fr\/blog\/\"},{\"@type\":\"ListItem\",\"position\":2,\"name\":\"Qui est Sauveur Cristofini, la p\u00e9pite de la natation fran\u00e7aise plus rapide que L\u00e9on Marchand \u00e0 15 ans ?\"}]},{\"@type\":\"WebSite\",\"@id\":\"https:\/\/dicodusport.fr\/blog\/#website\",\"url\":\"https:\/\/dicodusport.fr\/blog\/\",\"name\":\"Dicodusport\",\"description\":\"L&#039;encyclop\u00e9die de l&#039;actualit\u00e9 sportive\",\"publisher\":{\"@id\":\"https:\/\/dicodusport.fr\/blog\/#organization\"},\"potentialAction\":[{\"@type\":\"SearchAction\",\"target\":{\"@type\":\"EntryPoint\",\"urlTemplate\":\"https:\/\/dicodusport.fr\/blog\/?s={search_term_string}\"},\"query-input\":{\"@type\":\"PropertyValueSpecification\",\"valueRequired\":true,\"valueName\":\"search_term_string\"}}],\"inLanguage\":\"fr-FR\"},{\"@type\":\"NewsMediaOrganization\",\"@id\":\"https:\/\/dicodusport.fr\/blog\/#organization\",\"name\":\"Dicodusport\",\"url\":\"https:\/\/dicodusport.fr\/blog\/\",\"logo\":{\"@type\":\"ImageObject\",\"inLanguage\":\"fr-FR\",\"@id\":\"https:\/\/dicodusport.fr\/blog\/#\/schema\/logo\/image\/\",\"url\":\"https:\/\/dicodusport.fr\/blog\/wp-content\/uploads\/2020\/06\/cropped-LOGO-DICODUSPORT-2020-SANS-FOND-SANS-TEXTE.png\",\"contentUrl\":\"https:\/\/dicodusport.fr\/blog\/wp-content\/uploads\/2020\/06\/cropped-LOGO-DICODUSPORT-2020-SANS-FOND-SANS-TEXTE.png\",\"width\":512,\"height\":512,\"caption\":\"Dicodusport\"},\"image\":{\"@id\":\"https:\/\/dicodusport.fr\/blog\/#\/schema\/logo\/image\/\"},\"sameAs\":[\"https:\/\/www.facebook.com\/dicodusport\",\"https:\/\/x.com\/dicodusport\",\"https:\/\/www.instagram.com\/dicodusport\/\",\"https:\/\/www.youtube.com\/channel\/UC7V2KZ5sd3htJivAbA4ZG3w\"],\"description\":\"Dicodusport est l'encyclop\u00e9die de l'actualit\u00e9 sportive.\",\"email\":\"bonjour@dicodusport.fr\",\"legalName\":\"DICODUSPORT\",\"foundingDate\":\"2018-01-14\",\"vatID\":\"FR71834470973\",\"taxID\":\"83447097300043\",\"numberOfEmployees\":{\"@type\":\"QuantitativeValue\",\"minValue\":\"1\",\"maxValue\":\"10\"}},{\"@type\":\"Person\",\"@id\":\"https:\/\/dicodusport.fr\/blog\/#\/schema\/person\/cb02af4c173ce4a653b55e9baf388d4a\",\"name\":\"Flo Ostermann\",\"image\":{\"@type\":\"ImageObject\",\"inLanguage\":\"fr-FR\",\"@id\":\"https:\/\/dicodusport.fr\/blog\/#\/schema\/person\/image\/\",\"url\":\"https:\/\/dicodusport.fr\/blog\/wp-content\/uploads\/2021\/05\/Flo-Ostermann-150x150.jpg\",\"contentUrl\":\"https:\/\/dicodusport.fr\/blog\/wp-content\/uploads\/2021\/05\/Flo-Ostermann-150x150.jpg\",\"caption\":\"Flo Ostermann\"},\"description\":\"Journaliste\/R\u00e9dacteur depuis septembre 2015 - Mes premiers souvenirs dans le sport ? Les envol\u00e9es du Stade Toulousain et les duels Villeneuve-Schumacher et H\u00e4kkinen-Schumacher \u00e0 la fin des ann\u00e9es 90, la Coupe du monde de football en 1998, l\u2019exploit du XV de France face aux All Blacks en 1999, mais aussi Richard C\u0153ur de Lion qui vole sur les montagnes du Tour de France. Bien parti pour devenir professeur d\u2019EPS, les \u00e9v\u00e9nements de la vie (et la flemme d\u2019animer des s\u00e9ances de 3x500 m\u00e8tres toute ma vie) m\u2019ont conduit \u00e0 revoir mes plans. Me voil\u00e0 depuis fin 2017 sur Dicodusport, m\u00e9dia gr\u00e2ce (et pour) lequel je partage ma passion : le sport dans tous ses \u00e9tats. Le tout accompagn\u00e9 par les fous furieux et folles furieuses cit\u00e9s sur cette page !\",\"sameAs\":[\"https:\/\/www.facebook.com\/florent.ostermann\",\"https:\/\/x.com\/https:\/\/twitter.com\/FlOstermann\",\"admin\"],\"url\":\"https:\/\/dicodusport.fr\/blog\/author\/flo\/\"}]}<\/script>\n<!-- \/ Yoast SEO Premium plugin. -->","yoast_head_json":{"title":"Qui est Sauveur Cristofini, la p\u00e9pite de la natation fran\u00e7aise plus rapide que L\u00e9on Marchand \u00e0 15 ans ?","description":"D\u00e9couvrez Sauveur Cristofini, ce prodige de la natation qui impressionne avec des performances sup\u00e9rieures \u00e0 L\u00e9on Marchand.","robots":{"index":"index","follow":"follow","max-snippet":"max-snippet:-1","max-image-preview":"max-image-preview:large","max-video-preview":"max-video-preview:-1"},"canonical":"https:\/\/dicodusport.fr\/blog\/qui-est-sauveur-cristofini-la-pepite-de-la-natation-francaise-plus-rapide-que-leon-marchand-a-15-ans\/","og_locale":"fr_FR","og_type":"article","og_title":"Qui est Sauveur Cristofini, la p\u00e9pite de la natation fran\u00e7aise plus rapide que L\u00e9on Marchand \u00e0 15 ans ?","og_description":"D\u00e9couvrez Sauveur Cristofini, ce prodige de la natation qui impressionne avec des performances sup\u00e9rieures \u00e0 L\u00e9on Marchand.","og_url":"https:\/\/dicodusport.fr\/blog\/qui-est-sauveur-cristofini-la-pepite-de-la-natation-francaise-plus-rapide-que-leon-marchand-a-15-ans\/","og_site_name":"Dicodusport","article_publisher":"https:\/\/www.facebook.com\/dicodusport","article_author":"https:\/\/www.facebook.com\/florent.ostermann","article_published_time":"2025-10-28T15:36:16+00:00","article_modified_time":"2025-10-28T15:42:19+00:00","og_image":[{"width":1200,"height":674,"url":"https:\/\/dicodusport.fr\/blog\/wp-content\/uploads\/2025\/10\/Qui-est-Sauveur-Cristofini-la-pepite-de-la-natation-francaise-plus-rapide-que-Leon-Marchand-a-15-ans-.png","type":"image\/png"}],"author":"Flo Ostermann","twitter_card":"summary_large_image","twitter_title":"Qui est Sauveur Cristofini, la p\u00e9pite de la natation fran\u00e7aise plus rapide que L\u00e9on Marchand \u00e0 15 ans ?","twitter_creator":"@https:\/\/twitter.com\/FlOstermann","twitter_site":"@dicodusport","schema":{"@context":"https:\/\/schema.org","@graph":[{"@type":"NewsArticle","@id":"https:\/\/dicodusport.fr\/blog\/qui-est-sauveur-cristofini-la-pepite-de-la-natation-francaise-plus-rapide-que-leon-marchand-a-15-ans\/#article","isPartOf":{"@id":"https:\/\/dicodusport.fr\/blog\/qui-est-sauveur-cristofini-la-pepite-de-la-natation-francaise-plus-rapide-que-leon-marchand-a-15-ans\/"},"author":{"name":"Flo Ostermann","@id":"https:\/\/dicodusport.fr\/blog\/#\/schema\/person\/cb02af4c173ce4a653b55e9baf388d4a"},"headline":"Qui est Sauveur Cristofini, la p\u00e9pite de la natation fran\u00e7aise plus rapide que L\u00e9on Marchand \u00e0 15 ans ?","datePublished":"2025-10-28T15:36:16+00:00","dateModified":"2025-10-28T15:42:19+00:00","mainEntityOfPage":{"@id":"https:\/\/dicodusport.fr\/blog\/qui-est-sauveur-cristofini-la-pepite-de-la-natation-francaise-plus-rapide-que-leon-marchand-a-15-ans\/"},"wordCount":1164,"commentCount":0,"publisher":{"@id":"https:\/\/dicodusport.fr\/blog\/#organization"},"image":{"@id":"https:\/\/dicodusport.fr\/blog\/qui-est-sauveur-cristofini-la-pepite-de-la-natation-francaise-plus-rapide-que-leon-marchand-a-15-ans\/#primaryimage"},"thumbnailUrl":"https:\/\/dicodusport.fr\/blog\/wp-content\/uploads\/2025\/10\/Qui-est-Sauveur-Cristofini-la-pepite-de-la-natation-francaise-plus-rapide-que-Leon-Marchand-a-15-ans-.png","keywords":["br\u00e8ve","natation","sport"],"articleSection":["Natation"],"inLanguage":"fr-FR","potentialAction":[{"@type":"CommentAction","name":"Comment","target":["https:\/\/dicodusport.fr\/blog\/qui-est-sauveur-cristofini-la-pepite-de-la-natation-francaise-plus-rapide-que-leon-marchand-a-15-ans\/#respond"]}],"copyrightYear":"2025","copyrightHolder":{"@id":"https:\/\/dicodusport.fr\/blog\/#organization"}},{"@type":"WebPage","@id":"https:\/\/dicodusport.fr\/blog\/qui-est-sauveur-cristofini-la-pepite-de-la-natation-francaise-plus-rapide-que-leon-marchand-a-15-ans\/","url":"https:\/\/dicodusport.fr\/blog\/qui-est-sauveur-cristofini-la-pepite-de-la-natation-francaise-plus-rapide-que-leon-marchand-a-15-ans\/","name":"Qui est Sauveur Cristofini, la p\u00e9pite de la natation fran\u00e7aise plus rapide que L\u00e9on Marchand \u00e0 15 ans ?","isPartOf":{"@id":"https:\/\/dicodusport.fr\/blog\/#website"},"primaryImageOfPage":{"@id":"https:\/\/dicodusport.fr\/blog\/qui-est-sauveur-cristofini-la-pepite-de-la-natation-francaise-plus-rapide-que-leon-marchand-a-15-ans\/#primaryimage"},"image":{"@id":"https:\/\/dicodusport.fr\/blog\/qui-est-sauveur-cristofini-la-pepite-de-la-natation-francaise-plus-rapide-que-leon-marchand-a-15-ans\/#primaryimage"},"thumbnailUrl":"https:\/\/dicodusport.fr\/blog\/wp-content\/uploads\/2025\/10\/Qui-est-Sauveur-Cristofini-la-pepite-de-la-natation-francaise-plus-rapide-que-Leon-Marchand-a-15-ans-.png","datePublished":"2025-10-28T15:36:16+00:00","dateModified":"2025-10-28T15:42:19+00:00","description":"D\u00e9couvrez Sauveur Cristofini, ce prodige de la natation qui impressionne avec des performances sup\u00e9rieures \u00e0 L\u00e9on Marchand.","breadcrumb":{"@id":"https:\/\/dicodusport.fr\/blog\/qui-est-sauveur-cristofini-la-pepite-de-la-natation-francaise-plus-rapide-que-leon-marchand-a-15-ans\/#breadcrumb"},"inLanguage":"fr-FR","potentialAction":[{"@type":"ReadAction","target":["https:\/\/dicodusport.fr\/blog\/qui-est-sauveur-cristofini-la-pepite-de-la-natation-francaise-plus-rapide-que-leon-marchand-a-15-ans\/"]}]},{"@type":"ImageObject","inLanguage":"fr-FR","@id":"https:\/\/dicodusport.fr\/blog\/qui-est-sauveur-cristofini-la-pepite-de-la-natation-francaise-plus-rapide-que-leon-marchand-a-15-ans\/#primaryimage","url":"https:\/\/dicodusport.fr\/blog\/wp-content\/uploads\/2025\/10\/Qui-est-Sauveur-Cristofini-la-pepite-de-la-natation-francaise-plus-rapide-que-Leon-Marchand-a-15-ans-.png","contentUrl":"https:\/\/dicodusport.fr\/blog\/wp-content\/uploads\/2025\/10\/Qui-est-Sauveur-Cristofini-la-pepite-de-la-natation-francaise-plus-rapide-que-Leon-Marchand-a-15-ans-.png","width":1200,"height":674,"caption":"Qui est Sauveur Cristofini, la p\u00e9pite de la natation fran\u00e7aise plus rapide que L\u00e9on Marchand \u00e0 15 ans"},{"@type":"BreadcrumbList","@id":"https:\/\/dicodusport.fr\/blog\/qui-est-sauveur-cristofini-la-pepite-de-la-natation-francaise-plus-rapide-que-leon-marchand-a-15-ans\/#breadcrumb","itemListElement":[{"@type":"ListItem","position":1,"name":"Accueil","item":"https:\/\/dicodusport.fr\/blog\/"},{"@type":"ListItem","position":2,"name":"Qui est Sauveur Cristofini, la p\u00e9pite de la natation fran\u00e7aise plus rapide que L\u00e9on Marchand \u00e0 15 ans ?"}]},{"@type":"WebSite","@id":"https:\/\/dicodusport.fr\/blog\/#website","url":"https:\/\/dicodusport.fr\/blog\/","name":"Dicodusport","description":"L&#039;encyclop\u00e9die de l&#039;actualit\u00e9 sportive","publisher":{"@id":"https:\/\/dicodusport.fr\/blog\/#organization"},"potentialAction":[{"@type":"SearchAction","target":{"@type":"EntryPoint","urlTemplate":"https:\/\/dicodusport.fr\/blog\/?s={search_term_string}"},"query-input":{"@type":"PropertyValueSpecification","valueRequired":true,"valueName":"search_term_string"}}],"inLanguage":"fr-FR"},{"@type":"NewsMediaOrganization","@id":"https:\/\/dicodusport.fr\/blog\/#organization","name":"Dicodusport","url":"https:\/\/dicodusport.fr\/blog\/","logo":{"@type":"ImageObject","inLanguage":"fr-FR","@id":"https:\/\/dicodusport.fr\/blog\/#\/schema\/logo\/image\/","url":"https:\/\/dicodusport.fr\/blog\/wp-content\/uploads\/2020\/06\/cropped-LOGO-DICODUSPORT-2020-SANS-FOND-SANS-TEXTE.png","contentUrl":"https:\/\/dicodusport.fr\/blog\/wp-content\/uploads\/2020\/06\/cropped-LOGO-DICODUSPORT-2020-SANS-FOND-SANS-TEXTE.png","width":512,"height":512,"caption":"Dicodusport"},"image":{"@id":"https:\/\/dicodusport.fr\/blog\/#\/schema\/logo\/image\/"},"sameAs":["https:\/\/www.facebook.com\/dicodusport","https:\/\/x.com\/dicodusport","https:\/\/www.instagram.com\/dicodusport\/","https:\/\/www.youtube.com\/channel\/UC7V2KZ5sd3htJivAbA4ZG3w"],"description":"Dicodusport est l'encyclop\u00e9die de l'actualit\u00e9 sportive.","email":"bonjour@dicodusport.fr","legalName":"DICODUSPORT","foundingDate":"2018-01-14","vatID":"FR71834470973","taxID":"83447097300043","numberOfEmployees":{"@type":"QuantitativeValue","minValue":"1","maxValue":"10"}},{"@type":"Person","@id":"https:\/\/dicodusport.fr\/blog\/#\/schema\/person\/cb02af4c173ce4a653b55e9baf388d4a","name":"Flo Ostermann","image":{"@type":"ImageObject","inLanguage":"fr-FR","@id":"https:\/\/dicodusport.fr\/blog\/#\/schema\/person\/image\/","url":"https:\/\/dicodusport.fr\/blog\/wp-content\/uploads\/2021\/05\/Flo-Ostermann-150x150.jpg","contentUrl":"https:\/\/dicodusport.fr\/blog\/wp-content\/uploads\/2021\/05\/Flo-Ostermann-150x150.jpg","caption":"Flo Ostermann"},"description":"Journaliste\/R\u00e9dacteur depuis septembre 2015 - Mes premiers souvenirs dans le sport ? Les envol\u00e9es du Stade Toulousain et les duels Villeneuve-Schumacher et H\u00e4kkinen-Schumacher \u00e0 la fin des ann\u00e9es 90, la Coupe du monde de football en 1998, l\u2019exploit du XV de France face aux All Blacks en 1999, mais aussi Richard C\u0153ur de Lion qui vole sur les montagnes du Tour de France. Bien parti pour devenir professeur d\u2019EPS, les \u00e9v\u00e9nements de la vie (et la flemme d\u2019animer des s\u00e9ances de 3x500 m\u00e8tres toute ma vie) m\u2019ont conduit \u00e0 revoir mes plans. Me voil\u00e0 depuis fin 2017 sur Dicodusport, m\u00e9dia gr\u00e2ce (et pour) lequel je partage ma passion : le sport dans tous ses \u00e9tats. Le tout accompagn\u00e9 par les fous furieux et folles furieuses cit\u00e9s sur cette page !","sameAs":["https:\/\/www.facebook.com\/florent.ostermann","https:\/\/x.com\/https:\/\/twitter.com\/FlOstermann","admin"],"url":"https:\/\/dicodusport.fr\/blog\/author\/flo\/"}]}},"_links":{"self":[{"href":"https:\/\/dicodusport.fr\/blog\/wp-json\/wp\/v2\/posts\/622410","targetHints":{"allow":["GET"]}}],"collection":[{"href":"https:\/\/dicodusport.fr\/blog\/wp-json\/wp\/v2\/posts"}],"about":[{"href":"https:\/\/dicodusport.fr\/blog\/wp-json\/wp\/v2\/types\/post"}],"author":[{"embeddable":true,"href":"https:\/\/dicodusport.fr\/blog\/wp-json\/wp\/v2\/users\/4"}],"replies":[{"embeddable":true,"href":"https:\/\/dicodusport.fr\/blog\/wp-json\/wp\/v2\/comments?post=622410"}],"version-history":[{"count":6,"href":"https:\/\/dicodusport.fr\/blog\/wp-json\/wp\/v2\/posts\/622410\/revisions"}],"predecessor-version":[{"id":622429,"href":"https:\/\/dicodusport.fr\/blog\/wp-json\/wp\/v2\/posts\/622410\/revisions\/622429"}],"wp:featuredmedia":[{"embeddable":true,"href":"https:\/\/dicodusport.fr\/blog\/wp-json\/wp\/v2\/media\/622424"}],"wp:attachment":[{"href":"https:\/\/dicodusport.fr\/blog\/wp-json\/wp\/v2\/media?parent=622410"}],"wp:term":[{"taxonomy":"category","embeddable":true,"href":"https:\/\/dicodusport.fr\/blog\/wp-json\/wp\/v2\/categories?post=622410"},{"taxonomy":"post_tag","embeddable":true,"href":"https:\/\/dicodusport.fr\/blog\/wp-json\/wp\/v2\/tags?post=622410"}],"curies":[{"name":"wp","href":"https:\/\/api.w.org\/{rel}","templated":true}]}}