{"id":62252,"date":"2020-03-05T18:35:38","date_gmt":"2020-03-05T17:35:38","guid":{"rendered":"http:\/\/dicodusport.fr\/blog\/?p=62252&#038;preview=true&#038;preview_id=62252"},"modified":"2020-03-05T20:08:03","modified_gmt":"2020-03-05T19:08:03","slug":"nove-mesto-le-recital-de-denise-herrmann-sur-le-sprint-anais-bescond-sur-le-podium","status":"publish","type":"post","link":"https:\/\/dicodusport.fr\/blog\/nove-mesto-le-recital-de-denise-herrmann-sur-le-sprint-anais-bescond-sur-le-podium\/","title":{"rendered":"Nove Mesto : le r\u00e9cital de Denise Herrmann sur le sprint, Ana\u00efs Bescond sur le podium"},"content":{"rendered":"<p style=\"text-align: justify;\"><strong><em><a href=\"https:\/\/dicodusport.fr\/blog\/biathlon-coupe-du-monde-programme-complet-nove-mesto\/\" target=\"_blank\" rel=\"noopener noreferrer\">Biathlon &#8211; Nove Mesto<\/a> &#8211; Denise Herrmann, partie avec le dossard 3, a fait une d\u00e9monstration dans un stade vide et s&rsquo;impose devant la Fran\u00e7aise Ana\u00efs Bescond.<\/em><\/strong><\/p>\n<p style=\"text-align: justify;\">L&rsquo;Allemande ne pouvait pas faire mieux ! Parfaite sur le pas de tir avec un 10\/10 et meilleur temps de ski sur la piste, <strong>Denise Herrmann<\/strong> a survol\u00e9 ce sprint en R\u00e9publique Tch\u00e8que. Si poursuite il y avait eu, elle aurait eu une belle marge. <strong>Ana\u00efs Bescond<\/strong> a aussi r\u00e9ussi un sans-faute qui lui permet d&rsquo;aller chercher un nouveau podium. Sur un parcours qui correspond bien \u00e0 ses qualit\u00e9s, elle prend la deuxi\u00e8me place \u00e0 27 secondes de la vainqueur du jour.<\/p>\n<h2>Wierer l\u00e2che du leste<\/h2>\n<p style=\"text-align: justify;\">\u00c0 domicile, <strong>Marketa Davidova<\/strong> prend la troisi\u00e8me place avec une faute aujourd&rsquo;hui. La Norv\u00e9gienne <strong>Tiril Eckhoff<\/strong> et la Su\u00e9doise <strong>Hanna Oeberg<\/strong> se contentent de la 5\u00e8me et 6\u00e8me place, avec respectivement 2 et 1 erreurs au tir. Mais les deux Nordiques grappillent des points sur <strong>Dorothea Wierer<\/strong>. La leader du <a href=\"https:\/\/dicodusport.fr\/blog\/biathlon-classement-general-coupe-du-monde-femmes-2019-2020\/\" target=\"_blank\" rel=\"noopener noreferrer\">classement g\u00e9n\u00e9ral de la Coupe du monde<\/a> se classe seulement 24\u00e8me, avec trois erreurs face aux cibles.<\/p>\n<p style=\"text-align: justify;\">Julia Simon, deux fautes, Justine Braisaz et C\u00e9lia Aymonier, 3 fautes, et Chlo\u00e9 Chevalier, 4 fautes, prennent des places d&rsquo;honneur avec notamment une dixi\u00e8me place pour la num\u00e9ro 1 fran\u00e7aise.<\/p>\n<blockquote class=\"twitter-tweet\">\n<p dir=\"ltr\" lang=\"fr\">SUPERBE course d&rsquo;Ana\u00efs Bescond qui d\u00e9croche la seconde place provisoire ! &#x1f1eb;&#x1f1f7;&#x1f44f;<a href=\"https:\/\/twitter.com\/hashtag\/lequipeBIATHLON?src=hash&amp;ref_src=twsrc%5Etfw\">#lequipeBIATHLON<\/a> <a href=\"https:\/\/t.co\/0BzIZVS9Vc\">pic.twitter.com\/0BzIZVS9Vc<\/a><\/p>\n<p>\u2014 la chaine L&rsquo;\u00c9quipe (@lachainelequipe) <a href=\"https:\/\/twitter.com\/lachainelequipe\/status\/1235613362429366277?ref_src=twsrc%5Etfw\">March 5, 2020<\/a><\/p><\/blockquote>\n<p style=\"text-align: justify;\"><script async src=\"https:\/\/platform.twitter.com\/widgets.js\" charset=\"utf-8\"><\/script><\/p>\n<p style=\"text-align: justify;\"><strong><em>Dicodusport<br \/>\n<a href=\"https:\/\/www.facebook.com\/dicodusport\/\" target=\"_blank\" rel=\"noopener noreferrer\"><img loading=\"lazy\" decoding=\"async\" class=\"alignnone wp-image-2909\" src=\"http:\/\/dicodusport.fr\/blog\/wp-content\/uploads\/2017\/07\/logo-facebook-150x150.png\" alt=\"\" width=\"40\" height=\"40\" \/><\/a><a href=\"https:\/\/twitter.com\/dicodusport\" target=\"_blank\" rel=\"noopener noreferrer\"><img loading=\"lazy\" decoding=\"async\" class=\"alignnone wp-image-2908\" src=\"http:\/\/dicodusport.fr\/blog\/wp-content\/uploads\/2017\/07\/logo-twitter-150x150.png\" alt=\"\" width=\"39\" height=\"39\" \/><\/a><\/em><\/strong><\/p>\n","protected":false},"excerpt":{"rendered":"<p>Nove Mesto &#8211; Denise Herrmann, partie avec le dossard 3, a fait une d\u00e9monstration dans un stade vide et s&rsquo;impose devant la Fran\u00e7aise Ana\u00efs Bescond.<\/p>\n","protected":false},"author":1,"featured_media":62253,"comment_status":"open","ping_status":"closed","sticky":false,"template":"","format":"standard","meta":{"_acf_changed":false,"_daextam_enable_autolinks":"","footnotes":""},"categories":[2426],"tags":[2427,6928,24,6937],"class_list":["post-62252","post","type-post","status-publish","format-standard","has-post-thumbnail","hentry","category-biathlon","tag-biathlon","tag-nove-mesto","tag-sport","tag-sprint-femmes"],"acf":[],"yoast_head":"<!-- This site is optimized with the Yoast SEO Premium plugin v26.7 (Yoast SEO v26.7) - https:\/\/yoast.com\/wordpress\/plugins\/seo\/ -->\n<title>Nove Mesto : le r\u00e9cital de Denise Herrmann sur le sprint, Ana\u00efs Bescond sur le podium<\/title>\n<meta name=\"description\" content=\"Nove Mesto - Denise Herrmann, partie avec le dossard 3, a fait une d\u00e9monstration dans un stade vide et s&#039;impose devant la Fran\u00e7aise Ana\u00efs Bescond.\" \/>\n<meta name=\"robots\" content=\"index, follow, max-snippet:-1, max-image-preview:large, max-video-preview:-1\" \/>\n<link rel=\"canonical\" href=\"https:\/\/dicodusport.fr\/blog\/nove-mesto-le-recital-de-denise-herrmann-sur-le-sprint-anais-bescond-sur-le-podium\/\" \/>\n<meta property=\"og:locale\" content=\"fr_FR\" \/>\n<meta property=\"og:type\" content=\"article\" \/>\n<meta property=\"og:title\" content=\"Nove Mesto : le r\u00e9cital de Denise Herrmann sur le sprint, Ana\u00efs Bescond sur le podium\" \/>\n<meta property=\"og:description\" content=\"Nove Mesto - Denise Herrmann, partie avec le dossard 3, a fait une d\u00e9monstration dans un stade vide et s&#039;impose devant la Fran\u00e7aise Ana\u00efs Bescond.\" \/>\n<meta property=\"og:url\" content=\"https:\/\/dicodusport.fr\/blog\/nove-mesto-le-recital-de-denise-herrmann-sur-le-sprint-anais-bescond-sur-le-podium\/\" \/>\n<meta property=\"og:site_name\" content=\"Dicodusport\" \/>\n<meta property=\"article:publisher\" content=\"https:\/\/www.facebook.com\/dicodusport\" \/>\n<meta property=\"article:author\" content=\"https:\/\/www.facebook.com\/dicodusport\" \/>\n<meta property=\"article:published_time\" content=\"2020-03-05T17:35:38+00:00\" \/>\n<meta property=\"article:modified_time\" content=\"2020-03-05T19:08:03+00:00\" \/>\n<meta property=\"og:image\" content=\"https:\/\/dicodusport.fr\/blog\/wp-content\/uploads\/2020\/03\/Anais-Bescond.png\" \/>\n\t<meta property=\"og:image:width\" content=\"800\" \/>\n\t<meta property=\"og:image:height\" content=\"445\" \/>\n\t<meta property=\"og:image:type\" content=\"image\/png\" \/>\n<meta name=\"author\" content=\"Nicolas Jacquemard\" \/>\n<meta name=\"twitter:card\" content=\"summary_large_image\" \/>\n<meta name=\"twitter:title\" content=\"Nove Mesto : le r\u00e9cital de Denise Herrmann sur le sprint, Ana\u00efs Bescond sur le podium\" \/>\n<meta name=\"twitter:creator\" content=\"@https:\/\/twitter.com\/Nico_Jacquemard\" \/>\n<meta name=\"twitter:site\" content=\"@dicodusport\" \/>\n<script type=\"application\/ld+json\" class=\"yoast-schema-graph\">{\"@context\":\"https:\/\/schema.org\",\"@graph\":[{\"@type\":\"NewsArticle\",\"@id\":\"https:\/\/dicodusport.fr\/blog\/nove-mesto-le-recital-de-denise-herrmann-sur-le-sprint-anais-bescond-sur-le-podium\/#article\",\"isPartOf\":{\"@id\":\"https:\/\/dicodusport.fr\/blog\/nove-mesto-le-recital-de-denise-herrmann-sur-le-sprint-anais-bescond-sur-le-podium\/\"},\"author\":{\"name\":\"Nicolas Jacquemard\",\"@id\":\"https:\/\/dicodusport.fr\/blog\/#\/schema\/person\/55dcb50ad410894e431ed812bbb70191\"},\"headline\":\"Nove Mesto : le r\u00e9cital de Denise Herrmann sur le sprint, Ana\u00efs Bescond sur le podium\",\"datePublished\":\"2020-03-05T17:35:38+00:00\",\"dateModified\":\"2020-03-05T19:08:03+00:00\",\"mainEntityOfPage\":{\"@id\":\"https:\/\/dicodusport.fr\/blog\/nove-mesto-le-recital-de-denise-herrmann-sur-le-sprint-anais-bescond-sur-le-podium\/\"},\"wordCount\":274,\"commentCount\":0,\"publisher\":{\"@id\":\"https:\/\/dicodusport.fr\/blog\/#organization\"},\"image\":{\"@id\":\"https:\/\/dicodusport.fr\/blog\/nove-mesto-le-recital-de-denise-herrmann-sur-le-sprint-anais-bescond-sur-le-podium\/#primaryimage\"},\"thumbnailUrl\":\"https:\/\/dicodusport.fr\/blog\/wp-content\/uploads\/2020\/03\/Anais-Bescond.png\",\"keywords\":[\"Biathlon\",\"Nove Mesto\",\"sport\",\"Sprint femmes\"],\"articleSection\":[\"Biathlon\"],\"inLanguage\":\"fr-FR\",\"potentialAction\":[{\"@type\":\"CommentAction\",\"name\":\"Comment\",\"target\":[\"https:\/\/dicodusport.fr\/blog\/nove-mesto-le-recital-de-denise-herrmann-sur-le-sprint-anais-bescond-sur-le-podium\/#respond\"]}],\"copyrightYear\":\"2020\",\"copyrightHolder\":{\"@id\":\"https:\/\/dicodusport.fr\/blog\/#organization\"}},{\"@type\":\"WebPage\",\"@id\":\"https:\/\/dicodusport.fr\/blog\/nove-mesto-le-recital-de-denise-herrmann-sur-le-sprint-anais-bescond-sur-le-podium\/\",\"url\":\"https:\/\/dicodusport.fr\/blog\/nove-mesto-le-recital-de-denise-herrmann-sur-le-sprint-anais-bescond-sur-le-podium\/\",\"name\":\"Nove Mesto : le r\u00e9cital de Denise Herrmann sur le sprint, Ana\u00efs Bescond sur le podium\",\"isPartOf\":{\"@id\":\"https:\/\/dicodusport.fr\/blog\/#website\"},\"primaryImageOfPage\":{\"@id\":\"https:\/\/dicodusport.fr\/blog\/nove-mesto-le-recital-de-denise-herrmann-sur-le-sprint-anais-bescond-sur-le-podium\/#primaryimage\"},\"image\":{\"@id\":\"https:\/\/dicodusport.fr\/blog\/nove-mesto-le-recital-de-denise-herrmann-sur-le-sprint-anais-bescond-sur-le-podium\/#primaryimage\"},\"thumbnailUrl\":\"https:\/\/dicodusport.fr\/blog\/wp-content\/uploads\/2020\/03\/Anais-Bescond.png\",\"datePublished\":\"2020-03-05T17:35:38+00:00\",\"dateModified\":\"2020-03-05T19:08:03+00:00\",\"description\":\"Nove Mesto - Denise Herrmann, partie avec le dossard 3, a fait une d\u00e9monstration dans un stade vide et s'impose devant la Fran\u00e7aise Ana\u00efs Bescond.\",\"breadcrumb\":{\"@id\":\"https:\/\/dicodusport.fr\/blog\/nove-mesto-le-recital-de-denise-herrmann-sur-le-sprint-anais-bescond-sur-le-podium\/#breadcrumb\"},\"inLanguage\":\"fr-FR\",\"potentialAction\":[{\"@type\":\"ReadAction\",\"target\":[\"https:\/\/dicodusport.fr\/blog\/nove-mesto-le-recital-de-denise-herrmann-sur-le-sprint-anais-bescond-sur-le-podium\/\"]}]},{\"@type\":\"ImageObject\",\"inLanguage\":\"fr-FR\",\"@id\":\"https:\/\/dicodusport.fr\/blog\/nove-mesto-le-recital-de-denise-herrmann-sur-le-sprint-anais-bescond-sur-le-podium\/#primaryimage\",\"url\":\"https:\/\/dicodusport.fr\/blog\/wp-content\/uploads\/2020\/03\/Anais-Bescond.png\",\"contentUrl\":\"https:\/\/dicodusport.fr\/blog\/wp-content\/uploads\/2020\/03\/Anais-Bescond.png\",\"width\":800,\"height\":445},{\"@type\":\"BreadcrumbList\",\"@id\":\"https:\/\/dicodusport.fr\/blog\/nove-mesto-le-recital-de-denise-herrmann-sur-le-sprint-anais-bescond-sur-le-podium\/#breadcrumb\",\"itemListElement\":[{\"@type\":\"ListItem\",\"position\":1,\"name\":\"Accueil\",\"item\":\"https:\/\/dicodusport.fr\/blog\/\"},{\"@type\":\"ListItem\",\"position\":2,\"name\":\"Nove Mesto : le r\u00e9cital de Denise Herrmann sur le sprint, Ana\u00efs Bescond sur le podium\"}]},{\"@type\":\"WebSite\",\"@id\":\"https:\/\/dicodusport.fr\/blog\/#website\",\"url\":\"https:\/\/dicodusport.fr\/blog\/\",\"name\":\"Dicodusport\",\"description\":\"L&#039;encyclop\u00e9die de l&#039;actualit\u00e9 sportive\",\"publisher\":{\"@id\":\"https:\/\/dicodusport.fr\/blog\/#organization\"},\"potentialAction\":[{\"@type\":\"SearchAction\",\"target\":{\"@type\":\"EntryPoint\",\"urlTemplate\":\"https:\/\/dicodusport.fr\/blog\/?s={search_term_string}\"},\"query-input\":{\"@type\":\"PropertyValueSpecification\",\"valueRequired\":true,\"valueName\":\"search_term_string\"}}],\"inLanguage\":\"fr-FR\"},{\"@type\":\"NewsMediaOrganization\",\"@id\":\"https:\/\/dicodusport.fr\/blog\/#organization\",\"name\":\"Dicodusport\",\"url\":\"https:\/\/dicodusport.fr\/blog\/\",\"logo\":{\"@type\":\"ImageObject\",\"inLanguage\":\"fr-FR\",\"@id\":\"https:\/\/dicodusport.fr\/blog\/#\/schema\/logo\/image\/\",\"url\":\"https:\/\/dicodusport.fr\/blog\/wp-content\/uploads\/2020\/06\/cropped-LOGO-DICODUSPORT-2020-SANS-FOND-SANS-TEXTE.png\",\"contentUrl\":\"https:\/\/dicodusport.fr\/blog\/wp-content\/uploads\/2020\/06\/cropped-LOGO-DICODUSPORT-2020-SANS-FOND-SANS-TEXTE.png\",\"width\":512,\"height\":512,\"caption\":\"Dicodusport\"},\"image\":{\"@id\":\"https:\/\/dicodusport.fr\/blog\/#\/schema\/logo\/image\/\"},\"sameAs\":[\"https:\/\/www.facebook.com\/dicodusport\",\"https:\/\/x.com\/dicodusport\",\"https:\/\/www.instagram.com\/dicodusport\/\",\"https:\/\/www.youtube.com\/channel\/UC7V2KZ5sd3htJivAbA4ZG3w\"],\"description\":\"Dicodusport est l'encyclop\u00e9die de l'actualit\u00e9 sportive.\",\"email\":\"bonjour@dicodusport.fr\",\"legalName\":\"DICODUSPORT\",\"foundingDate\":\"2018-01-14\",\"vatID\":\"FR71834470973\",\"taxID\":\"83447097300043\",\"numberOfEmployees\":{\"@type\":\"QuantitativeValue\",\"minValue\":\"1\",\"maxValue\":\"10\"}},{\"@type\":\"Person\",\"@id\":\"https:\/\/dicodusport.fr\/blog\/#\/schema\/person\/55dcb50ad410894e431ed812bbb70191\",\"name\":\"Nicolas Jacquemard\",\"image\":{\"@type\":\"ImageObject\",\"inLanguage\":\"fr-FR\",\"@id\":\"https:\/\/dicodusport.fr\/blog\/#\/schema\/person\/image\/\",\"url\":\"https:\/\/dicodusport.fr\/blog\/wp-content\/uploads\/2021\/05\/Nicolas-Jacquemard-150x150.jpeg\",\"contentUrl\":\"https:\/\/dicodusport.fr\/blog\/wp-content\/uploads\/2021\/05\/Nicolas-Jacquemard-150x150.jpeg\",\"caption\":\"Nicolas Jacquemard\"},\"description\":\"Passionn\u00e9 de sport et entrepreneur depuis mes 18 ans, la cr\u00e9ation de Dicodusport m'a sembl\u00e9 \u00e9vidente pour participer \u00e0 la m\u00e9diatisation d'un plus grand nombre de sports. Le chemin est long mais avec une \u00e9quipe des plus motiv\u00e9es et les Jeux Olympiques de Paris 2024 en point de mire, nous y arriverons ! Journaliste dans le monde du sport depuis plus de 5 ans, je traite aussi bien de football, de rugby, de biathlon que de cyclisme.\",\"sameAs\":[\"https:\/\/www.facebook.com\/dicodusport\",\"https:\/\/x.com\/https:\/\/twitter.com\/Nico_Jacquemard\"],\"url\":\"https:\/\/dicodusport.fr\/blog\/author\/dicodusport\/\"}]}<\/script>\n<!-- \/ Yoast SEO Premium plugin. -->","yoast_head_json":{"title":"Nove Mesto : le r\u00e9cital de Denise Herrmann sur le sprint, Ana\u00efs Bescond sur le podium","description":"Nove Mesto - Denise Herrmann, partie avec le dossard 3, a fait une d\u00e9monstration dans un stade vide et s'impose devant la Fran\u00e7aise Ana\u00efs Bescond.","robots":{"index":"index","follow":"follow","max-snippet":"max-snippet:-1","max-image-preview":"max-image-preview:large","max-video-preview":"max-video-preview:-1"},"canonical":"https:\/\/dicodusport.fr\/blog\/nove-mesto-le-recital-de-denise-herrmann-sur-le-sprint-anais-bescond-sur-le-podium\/","og_locale":"fr_FR","og_type":"article","og_title":"Nove Mesto : le r\u00e9cital de Denise Herrmann sur le sprint, Ana\u00efs Bescond sur le podium","og_description":"Nove Mesto - Denise Herrmann, partie avec le dossard 3, a fait une d\u00e9monstration dans un stade vide et s'impose devant la Fran\u00e7aise Ana\u00efs Bescond.","og_url":"https:\/\/dicodusport.fr\/blog\/nove-mesto-le-recital-de-denise-herrmann-sur-le-sprint-anais-bescond-sur-le-podium\/","og_site_name":"Dicodusport","article_publisher":"https:\/\/www.facebook.com\/dicodusport","article_author":"https:\/\/www.facebook.com\/dicodusport","article_published_time":"2020-03-05T17:35:38+00:00","article_modified_time":"2020-03-05T19:08:03+00:00","og_image":[{"width":800,"height":445,"url":"https:\/\/dicodusport.fr\/blog\/wp-content\/uploads\/2020\/03\/Anais-Bescond.png","type":"image\/png"}],"author":"Nicolas Jacquemard","twitter_card":"summary_large_image","twitter_title":"Nove Mesto : le r\u00e9cital de Denise Herrmann sur le sprint, Ana\u00efs Bescond sur le podium","twitter_creator":"@https:\/\/twitter.com\/Nico_Jacquemard","twitter_site":"@dicodusport","schema":{"@context":"https:\/\/schema.org","@graph":[{"@type":"NewsArticle","@id":"https:\/\/dicodusport.fr\/blog\/nove-mesto-le-recital-de-denise-herrmann-sur-le-sprint-anais-bescond-sur-le-podium\/#article","isPartOf":{"@id":"https:\/\/dicodusport.fr\/blog\/nove-mesto-le-recital-de-denise-herrmann-sur-le-sprint-anais-bescond-sur-le-podium\/"},"author":{"name":"Nicolas Jacquemard","@id":"https:\/\/dicodusport.fr\/blog\/#\/schema\/person\/55dcb50ad410894e431ed812bbb70191"},"headline":"Nove Mesto : le r\u00e9cital de Denise Herrmann sur le sprint, Ana\u00efs Bescond sur le podium","datePublished":"2020-03-05T17:35:38+00:00","dateModified":"2020-03-05T19:08:03+00:00","mainEntityOfPage":{"@id":"https:\/\/dicodusport.fr\/blog\/nove-mesto-le-recital-de-denise-herrmann-sur-le-sprint-anais-bescond-sur-le-podium\/"},"wordCount":274,"commentCount":0,"publisher":{"@id":"https:\/\/dicodusport.fr\/blog\/#organization"},"image":{"@id":"https:\/\/dicodusport.fr\/blog\/nove-mesto-le-recital-de-denise-herrmann-sur-le-sprint-anais-bescond-sur-le-podium\/#primaryimage"},"thumbnailUrl":"https:\/\/dicodusport.fr\/blog\/wp-content\/uploads\/2020\/03\/Anais-Bescond.png","keywords":["Biathlon","Nove Mesto","sport","Sprint femmes"],"articleSection":["Biathlon"],"inLanguage":"fr-FR","potentialAction":[{"@type":"CommentAction","name":"Comment","target":["https:\/\/dicodusport.fr\/blog\/nove-mesto-le-recital-de-denise-herrmann-sur-le-sprint-anais-bescond-sur-le-podium\/#respond"]}],"copyrightYear":"2020","copyrightHolder":{"@id":"https:\/\/dicodusport.fr\/blog\/#organization"}},{"@type":"WebPage","@id":"https:\/\/dicodusport.fr\/blog\/nove-mesto-le-recital-de-denise-herrmann-sur-le-sprint-anais-bescond-sur-le-podium\/","url":"https:\/\/dicodusport.fr\/blog\/nove-mesto-le-recital-de-denise-herrmann-sur-le-sprint-anais-bescond-sur-le-podium\/","name":"Nove Mesto : le r\u00e9cital de Denise Herrmann sur le sprint, Ana\u00efs Bescond sur le podium","isPartOf":{"@id":"https:\/\/dicodusport.fr\/blog\/#website"},"primaryImageOfPage":{"@id":"https:\/\/dicodusport.fr\/blog\/nove-mesto-le-recital-de-denise-herrmann-sur-le-sprint-anais-bescond-sur-le-podium\/#primaryimage"},"image":{"@id":"https:\/\/dicodusport.fr\/blog\/nove-mesto-le-recital-de-denise-herrmann-sur-le-sprint-anais-bescond-sur-le-podium\/#primaryimage"},"thumbnailUrl":"https:\/\/dicodusport.fr\/blog\/wp-content\/uploads\/2020\/03\/Anais-Bescond.png","datePublished":"2020-03-05T17:35:38+00:00","dateModified":"2020-03-05T19:08:03+00:00","description":"Nove Mesto - Denise Herrmann, partie avec le dossard 3, a fait une d\u00e9monstration dans un stade vide et s'impose devant la Fran\u00e7aise Ana\u00efs Bescond.","breadcrumb":{"@id":"https:\/\/dicodusport.fr\/blog\/nove-mesto-le-recital-de-denise-herrmann-sur-le-sprint-anais-bescond-sur-le-podium\/#breadcrumb"},"inLanguage":"fr-FR","potentialAction":[{"@type":"ReadAction","target":["https:\/\/dicodusport.fr\/blog\/nove-mesto-le-recital-de-denise-herrmann-sur-le-sprint-anais-bescond-sur-le-podium\/"]}]},{"@type":"ImageObject","inLanguage":"fr-FR","@id":"https:\/\/dicodusport.fr\/blog\/nove-mesto-le-recital-de-denise-herrmann-sur-le-sprint-anais-bescond-sur-le-podium\/#primaryimage","url":"https:\/\/dicodusport.fr\/blog\/wp-content\/uploads\/2020\/03\/Anais-Bescond.png","contentUrl":"https:\/\/dicodusport.fr\/blog\/wp-content\/uploads\/2020\/03\/Anais-Bescond.png","width":800,"height":445},{"@type":"BreadcrumbList","@id":"https:\/\/dicodusport.fr\/blog\/nove-mesto-le-recital-de-denise-herrmann-sur-le-sprint-anais-bescond-sur-le-podium\/#breadcrumb","itemListElement":[{"@type":"ListItem","position":1,"name":"Accueil","item":"https:\/\/dicodusport.fr\/blog\/"},{"@type":"ListItem","position":2,"name":"Nove Mesto : le r\u00e9cital de Denise Herrmann sur le sprint, Ana\u00efs Bescond sur le podium"}]},{"@type":"WebSite","@id":"https:\/\/dicodusport.fr\/blog\/#website","url":"https:\/\/dicodusport.fr\/blog\/","name":"Dicodusport","description":"L&#039;encyclop\u00e9die de l&#039;actualit\u00e9 sportive","publisher":{"@id":"https:\/\/dicodusport.fr\/blog\/#organization"},"potentialAction":[{"@type":"SearchAction","target":{"@type":"EntryPoint","urlTemplate":"https:\/\/dicodusport.fr\/blog\/?s={search_term_string}"},"query-input":{"@type":"PropertyValueSpecification","valueRequired":true,"valueName":"search_term_string"}}],"inLanguage":"fr-FR"},{"@type":"NewsMediaOrganization","@id":"https:\/\/dicodusport.fr\/blog\/#organization","name":"Dicodusport","url":"https:\/\/dicodusport.fr\/blog\/","logo":{"@type":"ImageObject","inLanguage":"fr-FR","@id":"https:\/\/dicodusport.fr\/blog\/#\/schema\/logo\/image\/","url":"https:\/\/dicodusport.fr\/blog\/wp-content\/uploads\/2020\/06\/cropped-LOGO-DICODUSPORT-2020-SANS-FOND-SANS-TEXTE.png","contentUrl":"https:\/\/dicodusport.fr\/blog\/wp-content\/uploads\/2020\/06\/cropped-LOGO-DICODUSPORT-2020-SANS-FOND-SANS-TEXTE.png","width":512,"height":512,"caption":"Dicodusport"},"image":{"@id":"https:\/\/dicodusport.fr\/blog\/#\/schema\/logo\/image\/"},"sameAs":["https:\/\/www.facebook.com\/dicodusport","https:\/\/x.com\/dicodusport","https:\/\/www.instagram.com\/dicodusport\/","https:\/\/www.youtube.com\/channel\/UC7V2KZ5sd3htJivAbA4ZG3w"],"description":"Dicodusport est l'encyclop\u00e9die de l'actualit\u00e9 sportive.","email":"bonjour@dicodusport.fr","legalName":"DICODUSPORT","foundingDate":"2018-01-14","vatID":"FR71834470973","taxID":"83447097300043","numberOfEmployees":{"@type":"QuantitativeValue","minValue":"1","maxValue":"10"}},{"@type":"Person","@id":"https:\/\/dicodusport.fr\/blog\/#\/schema\/person\/55dcb50ad410894e431ed812bbb70191","name":"Nicolas Jacquemard","image":{"@type":"ImageObject","inLanguage":"fr-FR","@id":"https:\/\/dicodusport.fr\/blog\/#\/schema\/person\/image\/","url":"https:\/\/dicodusport.fr\/blog\/wp-content\/uploads\/2021\/05\/Nicolas-Jacquemard-150x150.jpeg","contentUrl":"https:\/\/dicodusport.fr\/blog\/wp-content\/uploads\/2021\/05\/Nicolas-Jacquemard-150x150.jpeg","caption":"Nicolas Jacquemard"},"description":"Passionn\u00e9 de sport et entrepreneur depuis mes 18 ans, la cr\u00e9ation de Dicodusport m'a sembl\u00e9 \u00e9vidente pour participer \u00e0 la m\u00e9diatisation d'un plus grand nombre de sports. Le chemin est long mais avec une \u00e9quipe des plus motiv\u00e9es et les Jeux Olympiques de Paris 2024 en point de mire, nous y arriverons ! Journaliste dans le monde du sport depuis plus de 5 ans, je traite aussi bien de football, de rugby, de biathlon que de cyclisme.","sameAs":["https:\/\/www.facebook.com\/dicodusport","https:\/\/x.com\/https:\/\/twitter.com\/Nico_Jacquemard"],"url":"https:\/\/dicodusport.fr\/blog\/author\/dicodusport\/"}]}},"_links":{"self":[{"href":"https:\/\/dicodusport.fr\/blog\/wp-json\/wp\/v2\/posts\/62252","targetHints":{"allow":["GET"]}}],"collection":[{"href":"https:\/\/dicodusport.fr\/blog\/wp-json\/wp\/v2\/posts"}],"about":[{"href":"https:\/\/dicodusport.fr\/blog\/wp-json\/wp\/v2\/types\/post"}],"author":[{"embeddable":true,"href":"https:\/\/dicodusport.fr\/blog\/wp-json\/wp\/v2\/users\/1"}],"replies":[{"embeddable":true,"href":"https:\/\/dicodusport.fr\/blog\/wp-json\/wp\/v2\/comments?post=62252"}],"version-history":[{"count":0,"href":"https:\/\/dicodusport.fr\/blog\/wp-json\/wp\/v2\/posts\/62252\/revisions"}],"wp:featuredmedia":[{"embeddable":true,"href":"https:\/\/dicodusport.fr\/blog\/wp-json\/wp\/v2\/media\/62253"}],"wp:attachment":[{"href":"https:\/\/dicodusport.fr\/blog\/wp-json\/wp\/v2\/media?parent=62252"}],"wp:term":[{"taxonomy":"category","embeddable":true,"href":"https:\/\/dicodusport.fr\/blog\/wp-json\/wp\/v2\/categories?post=62252"},{"taxonomy":"post_tag","embeddable":true,"href":"https:\/\/dicodusport.fr\/blog\/wp-json\/wp\/v2\/tags?post=62252"}],"curies":[{"name":"wp","href":"https:\/\/api.w.org\/{rel}","templated":true}]}}