{"id":622592,"date":"2025-10-29T16:08:42","date_gmt":"2025-10-29T15:08:42","guid":{"rendered":"https:\/\/dicodusport.fr\/blog\/?p=622592&#038;preview=true&#038;preview_id=622592"},"modified":"2026-01-30T15:07:34","modified_gmt":"2026-01-30T14:07:34","slug":"transferts-ol-lyon-veut-signer-endrick","status":"publish","type":"post","link":"https:\/\/dicodusport.fr\/blog\/transferts-ol-lyon-veut-signer-endrick\/","title":{"rendered":"Transferts OL : Lyon veut signer Endrick"},"content":{"rendered":"<p style=\"text-align: justify;\"><strong><em>TRANSFERTS FOOTBALL &#8211; Lyon cherche \u00e0 obtenir le pr\u00eat du jeune Br\u00e9silien Endrick (Real Madrid). Les discussions sont ouvertes avec l&rsquo;attaquant de 19 ans.<\/em><\/strong><\/p>\n<ul style=\"text-align: justify;\">\n<li style=\"text-align: justify;\"><strong>\u00c0 ce sujet &#8211; <a href=\"https:\/\/dicodusport.fr\/blog\/mercato-ol-2025-2026-le-tableau-complet-des-transferts-arrivees-et-departs\/\">Mercato OL 2025-2026 : Le tableau complet des transferts, arriv\u00e9es et d\u00e9parts<\/a><\/strong><\/li>\n<\/ul>\n<p style=\"text-align: justify;\">Apr\u00e8s la grave blessure de <strong>Malick Fofana<\/strong> lors du <a href=\"https:\/\/dicodusport.fr\/blog\/ligue-1-2025-2026-j9-un-lyon-courageux-finit-par-dompter-un-strasbourg-reduit-a-dix\/\">succ\u00e8s de l\u2019OL contre Strasbourg (2-1)<\/a> en cl\u00f4ture de la 9<sup>e<\/sup> journ\u00e9e de Ligue\u00a01, les dirigeants lyonnais s\u2019activent sur le march\u00e9 des transferts. L\u2019objectif\u00a0: compenser l\u2019absence du Belge, \u00e9loign\u00e9 des terrains pour au moins trois mois. Selon les informations de l\u2019insider <strong>Fabrizio Romano<\/strong>, l\u2019OL vise le jeune attaquant br\u00e9silien du <strong>Real\u00a0Madrid<\/strong>, <strong>Endrick<\/strong>. Des discussions seraient d\u00e9j\u00e0 en cours pour un pr\u00eat d\u00e8s le mois de janvier.<\/p>\n<blockquote class=\"twitter-tweet\">\n<p dir=\"ltr\" lang=\"en\">\ud83d\udea8\u2764\ufe0f\ud83d\udc99 Understand Olympique Lyon have started talks to sign Endrick on loan in January!<\/p>\n<p>Talks already underway with an official approach to sign the Brazilian striker on loan from Real Madrid.<\/p>\n<p>OL presented their plan to Endrick who\u2019s open to talk + assessing all options \ud83c\uddeb\ud83c\uddf7\ud83c\udde7\ud83c\uddf7 <a href=\"https:\/\/t.co\/dq2RIH34b8\">pic.twitter.com\/dq2RIH34b8<\/a><\/p>\n<p>\u2014 Fabrizio Romano (@FabrizioRomano) <a href=\"https:\/\/twitter.com\/FabrizioRomano\/status\/1983539813937721450?ref_src=twsrc%5Etfw\">29\u00a0octobre\u00a02025<\/a><\/p><\/blockquote>\n<p><script async src=\"https:\/\/platform.twitter.com\/widgets.js\" charset=\"utf-8\"><\/script><\/p>\n<h2 style=\"text-align: justify;\">Barr\u00e9 au Real\u00a0Madrid cette saison<\/h2>\n<p style=\"text-align: justify;\">Frein\u00e9 par une forte concurrence en attaque au Real\u00a0Madrid, <strong>Endrick<\/strong> (19\u00a0ans, 14\u00a0s\u00e9lections avec le Br\u00e9sil) n\u2019a encore disput\u00e9 aucun match cette saison avec les Merengues. Apr\u00e8s une premi\u00e8re ann\u00e9e prometteuse en Espagne (37\u00a0matchs jou\u00e9s), lui qui avait \u00e9t\u00e9 transf\u00e9r\u00e9 depuis Palmeiras pour 47,5\u00a0millions d\u2019euros, l\u2019id\u00e9e d\u2019un pr\u00eat pourrait lui permettre de retrouver du temps de jeu et de la confiance.<\/p>\n<p style=\"text-align: justify;\">L\u2019<strong>OL<\/strong> pourrait lui offrir ce cadre id\u00e9al, \u00e0 l\u2019image de la progression de <strong>Malick\u00a0Fofana<\/strong> la saison pass\u00e9e, r\u00e9v\u00e9lation de l\u2019exercice\u00a02024-2025. Reste \u00e0 voir si le Real\u00a0Madrid acceptera de lib\u00e9rer son jeune talent, \u00e9galement cit\u00e9 du c\u00f4t\u00e9 de l\u2019<strong>Olympique\u00a0de\u00a0Marseille<\/strong>. Dossier \u00e0 suivre de pr\u00e8s \u00e0 l\u2019approche du mercato hivernal, qui ouvrira d\u00e9but janvier.<\/p>\n<h3 style=\"text-align: justify;\">\u00c0 lire aussi<\/h3>\n<div class=\"vlp-link-container vlp-layout-article\"><a href=\"https:\/\/dicodusport.fr\/blog\/ligue-1-2025-2026-j9-un-lyon-courageux-finit-par-dompter-un-strasbourg-reduit-a-dix\/\" class=\"vlp-link\" title=\"Ligue 1 2025-2026 (J9) : Un Lyon courageux finit par dompter un Strasbourg r\u00e9duit \u00e0 dix\"><\/a><div class=\"vlp-layout-zone-side\"><div class=\"vlp-block-4 vlp-link-image\"><img loading=\"lazy\" decoding=\"async\" style=\"max-width: 792px;\" width=\"792\" height=\"445\" src=\"https:\/\/dicodusport.fr\/blog\/wp-content\/uploads\/2025\/10\/Ligue-1-2025-2026-J9-Un-Lyon-courageux-finit-par-dompter-un-Strasbourg-reduit-a-dix.png\" class=\"attachment-800x445 size-800x445\" alt=\"Ligue 1 2025-2026 (J9) Un Lyon courageux finit par dompter un Strasbourg r\u00e9duit \u00e0 dix\" srcset=\"https:\/\/dicodusport.fr\/blog\/wp-content\/uploads\/2025\/10\/Ligue-1-2025-2026-J9-Un-Lyon-courageux-finit-par-dompter-un-Strasbourg-reduit-a-dix.png 1200w, https:\/\/dicodusport.fr\/blog\/wp-content\/uploads\/2025\/10\/Ligue-1-2025-2026-J9-Un-Lyon-courageux-finit-par-dompter-un-Strasbourg-reduit-a-dix-300x169.png 300w, https:\/\/dicodusport.fr\/blog\/wp-content\/uploads\/2025\/10\/Ligue-1-2025-2026-J9-Un-Lyon-courageux-finit-par-dompter-un-Strasbourg-reduit-a-dix-1024x575.png 1024w, https:\/\/dicodusport.fr\/blog\/wp-content\/uploads\/2025\/10\/Ligue-1-2025-2026-J9-Un-Lyon-courageux-finit-par-dompter-un-Strasbourg-reduit-a-dix-768x431.png 768w\" sizes=\"auto, (max-width: 792px) 100vw, 792px\" \/><\/div><\/div><div class=\"vlp-layout-zone-main\"><div class=\"vlp-block-0 vlp-link-title\">Ligue 1 2025-2026 (J9) : Un Lyon courageux finit par dompter un Strasbourg r\u00e9duit \u00e0 dix<\/div><div class=\"vlp-block-1 vlp-link-summary\">LIGUE 1 2025-2026 - Dans une rencontre accroch\u00e9e, Lyon s\u2019impose 2-1 face \u00e0 Strasbourg gr\u00e2ce \u00e0 un bijou d\u2019Afonso Moreira.\u00a0<\/div><div class=\"vlp-block-2 vlp-link-button\">Lire l'article<\/div><div class=\"vlp-block-3 vlp-link-url\">dicodusport.fr<\/div><\/div><\/div>\n","protected":false},"excerpt":{"rendered":"<p>TRANSFERTS FOOTBALL &#8211; Lyon cherche \u00e0 obtenir le pr\u00eat du jeune Br\u00e9silien Endrick (Real Madrid). Les discussions sont ouvertes avec l&rsquo;attaquant de 19 ans.<\/p>\n","protected":false},"author":83,"featured_media":622594,"comment_status":"open","ping_status":"closed","sticky":false,"template":"","format":"standard","meta":{"_acf_changed":false,"_daextam_enable_autolinks":"1","footnotes":""},"categories":[47045],"tags":[16878,14093,1146,47189],"class_list":["post-622592","post","type-post","status-publish","format-standard","has-post-thumbnail","hentry","category-ligue-1","tag-breve","tag-mercato-football","tag-olympique-lyonnais","tag-transferts-football"],"acf":[],"yoast_head":"<!-- This site is optimized with the Yoast SEO Premium plugin v26.7 (Yoast SEO v26.7) - https:\/\/yoast.com\/wordpress\/plugins\/seo\/ -->\n<title>Transferts OL : Lyon veut signer Endrick<\/title>\n<meta name=\"description\" content=\"TRANSFERTS FOOTBALL - Lyon cherche \u00e0 obtenir le pr\u00eat du jeune Br\u00e9silien Endrick (Real Madrid). Les discussions sont ouvertes avec l&#039;attaquant de 19 ans.\" \/>\n<meta name=\"robots\" content=\"index, follow, max-snippet:-1, max-image-preview:large, max-video-preview:-1\" \/>\n<link rel=\"canonical\" href=\"https:\/\/dicodusport.fr\/blog\/transferts-ol-lyon-veut-signer-endrick\/\" \/>\n<meta property=\"og:locale\" content=\"fr_FR\" \/>\n<meta property=\"og:type\" content=\"article\" \/>\n<meta property=\"og:title\" content=\"Transferts OL : Lyon veut signer Endrick\" \/>\n<meta property=\"og:description\" content=\"TRANSFERTS FOOTBALL - Lyon cherche \u00e0 obtenir le pr\u00eat du jeune Br\u00e9silien Endrick (Real Madrid). Les discussions sont ouvertes avec l&#039;attaquant de 19 ans.\" \/>\n<meta property=\"og:url\" content=\"https:\/\/dicodusport.fr\/blog\/transferts-ol-lyon-veut-signer-endrick\/\" \/>\n<meta property=\"og:site_name\" content=\"Dicodusport\" \/>\n<meta property=\"article:publisher\" content=\"https:\/\/www.facebook.com\/dicodusport\" \/>\n<meta property=\"article:published_time\" content=\"2025-10-29T15:08:42+00:00\" \/>\n<meta property=\"article:modified_time\" content=\"2026-01-30T14:07:34+00:00\" \/>\n<meta property=\"og:image\" content=\"https:\/\/dicodusport.fr\/blog\/wp-content\/uploads\/2025\/10\/Transferts-Lyon-Une-pepite-du-Real-Madrid-dans-le-viseur.png\" \/>\n\t<meta property=\"og:image:width\" content=\"1200\" \/>\n\t<meta property=\"og:image:height\" content=\"674\" \/>\n\t<meta property=\"og:image:type\" content=\"image\/png\" \/>\n<meta name=\"author\" content=\"Etienne Goursaud\" \/>\n<meta name=\"twitter:card\" content=\"summary_large_image\" \/>\n<meta name=\"twitter:title\" content=\"Transferts OL : Lyon veut signer Endrick\" \/>\n<meta name=\"twitter:creator\" content=\"@dicodusport\" \/>\n<meta name=\"twitter:site\" content=\"@dicodusport\" \/>\n<script type=\"application\/ld+json\" class=\"yoast-schema-graph\">{\"@context\":\"https:\/\/schema.org\",\"@graph\":[{\"@type\":\"NewsArticle\",\"@id\":\"https:\/\/dicodusport.fr\/blog\/transferts-ol-lyon-veut-signer-endrick\/#article\",\"isPartOf\":{\"@id\":\"https:\/\/dicodusport.fr\/blog\/transferts-ol-lyon-veut-signer-endrick\/\"},\"author\":{\"name\":\"Etienne Goursaud\",\"@id\":\"https:\/\/dicodusport.fr\/blog\/#\/schema\/person\/d603dd7da31fb2b46c82b9835a77ec13\"},\"headline\":\"Transferts OL : Lyon veut signer Endrick\",\"datePublished\":\"2025-10-29T15:08:42+00:00\",\"dateModified\":\"2026-01-30T14:07:34+00:00\",\"mainEntityOfPage\":{\"@id\":\"https:\/\/dicodusport.fr\/blog\/transferts-ol-lyon-veut-signer-endrick\/\"},\"wordCount\":430,\"commentCount\":0,\"publisher\":{\"@id\":\"https:\/\/dicodusport.fr\/blog\/#organization\"},\"image\":{\"@id\":\"https:\/\/dicodusport.fr\/blog\/transferts-ol-lyon-veut-signer-endrick\/#primaryimage\"},\"thumbnailUrl\":\"https:\/\/dicodusport.fr\/blog\/wp-content\/uploads\/2025\/10\/Transferts-Lyon-Une-pepite-du-Real-Madrid-dans-le-viseur.png\",\"keywords\":[\"br\u00e8ve\",\"Mercato football\",\"Olympique lyonnais\",\"Transferts football\"],\"articleSection\":[\"Ligue 1\"],\"inLanguage\":\"fr-FR\",\"potentialAction\":[{\"@type\":\"CommentAction\",\"name\":\"Comment\",\"target\":[\"https:\/\/dicodusport.fr\/blog\/transferts-ol-lyon-veut-signer-endrick\/#respond\"]}],\"copyrightYear\":\"2025\",\"copyrightHolder\":{\"@id\":\"https:\/\/dicodusport.fr\/blog\/#organization\"}},{\"@type\":\"WebPage\",\"@id\":\"https:\/\/dicodusport.fr\/blog\/transferts-ol-lyon-veut-signer-endrick\/\",\"url\":\"https:\/\/dicodusport.fr\/blog\/transferts-ol-lyon-veut-signer-endrick\/\",\"name\":\"Transferts OL : Lyon veut signer Endrick\",\"isPartOf\":{\"@id\":\"https:\/\/dicodusport.fr\/blog\/#website\"},\"primaryImageOfPage\":{\"@id\":\"https:\/\/dicodusport.fr\/blog\/transferts-ol-lyon-veut-signer-endrick\/#primaryimage\"},\"image\":{\"@id\":\"https:\/\/dicodusport.fr\/blog\/transferts-ol-lyon-veut-signer-endrick\/#primaryimage\"},\"thumbnailUrl\":\"https:\/\/dicodusport.fr\/blog\/wp-content\/uploads\/2025\/10\/Transferts-Lyon-Une-pepite-du-Real-Madrid-dans-le-viseur.png\",\"datePublished\":\"2025-10-29T15:08:42+00:00\",\"dateModified\":\"2026-01-30T14:07:34+00:00\",\"description\":\"TRANSFERTS FOOTBALL - Lyon cherche \u00e0 obtenir le pr\u00eat du jeune Br\u00e9silien Endrick (Real Madrid). Les discussions sont ouvertes avec l'attaquant de 19 ans.\",\"breadcrumb\":{\"@id\":\"https:\/\/dicodusport.fr\/blog\/transferts-ol-lyon-veut-signer-endrick\/#breadcrumb\"},\"inLanguage\":\"fr-FR\",\"potentialAction\":[{\"@type\":\"ReadAction\",\"target\":[\"https:\/\/dicodusport.fr\/blog\/transferts-ol-lyon-veut-signer-endrick\/\"]}]},{\"@type\":\"ImageObject\",\"inLanguage\":\"fr-FR\",\"@id\":\"https:\/\/dicodusport.fr\/blog\/transferts-ol-lyon-veut-signer-endrick\/#primaryimage\",\"url\":\"https:\/\/dicodusport.fr\/blog\/wp-content\/uploads\/2025\/10\/Transferts-Lyon-Une-pepite-du-Real-Madrid-dans-le-viseur.png\",\"contentUrl\":\"https:\/\/dicodusport.fr\/blog\/wp-content\/uploads\/2025\/10\/Transferts-Lyon-Une-pepite-du-Real-Madrid-dans-le-viseur.png\",\"width\":1200,\"height\":674,\"caption\":\"Transferts OL Lyon veut signer Endrick\"},{\"@type\":\"BreadcrumbList\",\"@id\":\"https:\/\/dicodusport.fr\/blog\/transferts-ol-lyon-veut-signer-endrick\/#breadcrumb\",\"itemListElement\":[{\"@type\":\"ListItem\",\"position\":1,\"name\":\"Accueil\",\"item\":\"https:\/\/dicodusport.fr\/blog\/\"},{\"@type\":\"ListItem\",\"position\":2,\"name\":\"Transferts OL : Lyon veut signer Endrick\"}]},{\"@type\":\"WebSite\",\"@id\":\"https:\/\/dicodusport.fr\/blog\/#website\",\"url\":\"https:\/\/dicodusport.fr\/blog\/\",\"name\":\"Dicodusport\",\"description\":\"L&#039;encyclop\u00e9die de l&#039;actualit\u00e9 sportive\",\"publisher\":{\"@id\":\"https:\/\/dicodusport.fr\/blog\/#organization\"},\"potentialAction\":[{\"@type\":\"SearchAction\",\"target\":{\"@type\":\"EntryPoint\",\"urlTemplate\":\"https:\/\/dicodusport.fr\/blog\/?s={search_term_string}\"},\"query-input\":{\"@type\":\"PropertyValueSpecification\",\"valueRequired\":true,\"valueName\":\"search_term_string\"}}],\"inLanguage\":\"fr-FR\"},{\"@type\":\"NewsMediaOrganization\",\"@id\":\"https:\/\/dicodusport.fr\/blog\/#organization\",\"name\":\"Dicodusport\",\"url\":\"https:\/\/dicodusport.fr\/blog\/\",\"logo\":{\"@type\":\"ImageObject\",\"inLanguage\":\"fr-FR\",\"@id\":\"https:\/\/dicodusport.fr\/blog\/#\/schema\/logo\/image\/\",\"url\":\"https:\/\/dicodusport.fr\/blog\/wp-content\/uploads\/2020\/06\/cropped-LOGO-DICODUSPORT-2020-SANS-FOND-SANS-TEXTE.png\",\"contentUrl\":\"https:\/\/dicodusport.fr\/blog\/wp-content\/uploads\/2020\/06\/cropped-LOGO-DICODUSPORT-2020-SANS-FOND-SANS-TEXTE.png\",\"width\":512,\"height\":512,\"caption\":\"Dicodusport\"},\"image\":{\"@id\":\"https:\/\/dicodusport.fr\/blog\/#\/schema\/logo\/image\/\"},\"sameAs\":[\"https:\/\/www.facebook.com\/dicodusport\",\"https:\/\/x.com\/dicodusport\",\"https:\/\/www.instagram.com\/dicodusport\/\",\"https:\/\/www.youtube.com\/channel\/UC7V2KZ5sd3htJivAbA4ZG3w\"],\"description\":\"Dicodusport est l'encyclop\u00e9die de l'actualit\u00e9 sportive.\",\"email\":\"bonjour@dicodusport.fr\",\"legalName\":\"DICODUSPORT\",\"foundingDate\":\"2018-01-14\",\"vatID\":\"FR71834470973\",\"taxID\":\"83447097300043\",\"numberOfEmployees\":{\"@type\":\"QuantitativeValue\",\"minValue\":\"1\",\"maxValue\":\"10\"}},{\"@type\":\"Person\",\"@id\":\"https:\/\/dicodusport.fr\/blog\/#\/schema\/person\/d603dd7da31fb2b46c82b9835a77ec13\",\"name\":\"Etienne Goursaud\",\"image\":{\"@type\":\"ImageObject\",\"inLanguage\":\"fr-FR\",\"@id\":\"https:\/\/dicodusport.fr\/blog\/#\/schema\/person\/image\/\",\"url\":\"https:\/\/dicodusport.fr\/blog\/wp-content\/uploads\/2023\/12\/410122264_10231602061736049_5565839791558026645_n-150x150.jpg\",\"contentUrl\":\"https:\/\/dicodusport.fr\/blog\/wp-content\/uploads\/2023\/12\/410122264_10231602061736049_5565839791558026645_n-150x150.jpg\",\"caption\":\"Etienne Goursaud\"},\"description\":\"Journaliste et amoureux de sport. Ancien footballeur reconverti athl\u00e8te quand ses muscles le laissent tranquille. \u00c9lev\u00e9 \u00e0 la sauce des exploits de Thomas Voeckler en 2004, du dernier essai de l\u00e9gende de Eunice Barber \u00e0 la longueur lors des championnats du monde d'athl\u00e9tisme de 2003 mais aussi Zidane, Omeyer et Titou Lamaison.\",\"url\":\"https:\/\/dicodusport.fr\/blog\/author\/etienne-goursaud\/\"}]}<\/script>\n<!-- \/ Yoast SEO Premium plugin. -->","yoast_head_json":{"title":"Transferts OL : Lyon veut signer Endrick","description":"TRANSFERTS FOOTBALL - Lyon cherche \u00e0 obtenir le pr\u00eat du jeune Br\u00e9silien Endrick (Real Madrid). Les discussions sont ouvertes avec l'attaquant de 19 ans.","robots":{"index":"index","follow":"follow","max-snippet":"max-snippet:-1","max-image-preview":"max-image-preview:large","max-video-preview":"max-video-preview:-1"},"canonical":"https:\/\/dicodusport.fr\/blog\/transferts-ol-lyon-veut-signer-endrick\/","og_locale":"fr_FR","og_type":"article","og_title":"Transferts OL : Lyon veut signer Endrick","og_description":"TRANSFERTS FOOTBALL - Lyon cherche \u00e0 obtenir le pr\u00eat du jeune Br\u00e9silien Endrick (Real Madrid). Les discussions sont ouvertes avec l'attaquant de 19 ans.","og_url":"https:\/\/dicodusport.fr\/blog\/transferts-ol-lyon-veut-signer-endrick\/","og_site_name":"Dicodusport","article_publisher":"https:\/\/www.facebook.com\/dicodusport","article_published_time":"2025-10-29T15:08:42+00:00","article_modified_time":"2026-01-30T14:07:34+00:00","og_image":[{"width":1200,"height":674,"url":"https:\/\/dicodusport.fr\/blog\/wp-content\/uploads\/2025\/10\/Transferts-Lyon-Une-pepite-du-Real-Madrid-dans-le-viseur.png","type":"image\/png"}],"author":"Etienne Goursaud","twitter_card":"summary_large_image","twitter_title":"Transferts OL : Lyon veut signer Endrick","twitter_creator":"@dicodusport","twitter_site":"@dicodusport","schema":{"@context":"https:\/\/schema.org","@graph":[{"@type":"NewsArticle","@id":"https:\/\/dicodusport.fr\/blog\/transferts-ol-lyon-veut-signer-endrick\/#article","isPartOf":{"@id":"https:\/\/dicodusport.fr\/blog\/transferts-ol-lyon-veut-signer-endrick\/"},"author":{"name":"Etienne Goursaud","@id":"https:\/\/dicodusport.fr\/blog\/#\/schema\/person\/d603dd7da31fb2b46c82b9835a77ec13"},"headline":"Transferts OL : Lyon veut signer Endrick","datePublished":"2025-10-29T15:08:42+00:00","dateModified":"2026-01-30T14:07:34+00:00","mainEntityOfPage":{"@id":"https:\/\/dicodusport.fr\/blog\/transferts-ol-lyon-veut-signer-endrick\/"},"wordCount":430,"commentCount":0,"publisher":{"@id":"https:\/\/dicodusport.fr\/blog\/#organization"},"image":{"@id":"https:\/\/dicodusport.fr\/blog\/transferts-ol-lyon-veut-signer-endrick\/#primaryimage"},"thumbnailUrl":"https:\/\/dicodusport.fr\/blog\/wp-content\/uploads\/2025\/10\/Transferts-Lyon-Une-pepite-du-Real-Madrid-dans-le-viseur.png","keywords":["br\u00e8ve","Mercato football","Olympique lyonnais","Transferts football"],"articleSection":["Ligue 1"],"inLanguage":"fr-FR","potentialAction":[{"@type":"CommentAction","name":"Comment","target":["https:\/\/dicodusport.fr\/blog\/transferts-ol-lyon-veut-signer-endrick\/#respond"]}],"copyrightYear":"2025","copyrightHolder":{"@id":"https:\/\/dicodusport.fr\/blog\/#organization"}},{"@type":"WebPage","@id":"https:\/\/dicodusport.fr\/blog\/transferts-ol-lyon-veut-signer-endrick\/","url":"https:\/\/dicodusport.fr\/blog\/transferts-ol-lyon-veut-signer-endrick\/","name":"Transferts OL : Lyon veut signer Endrick","isPartOf":{"@id":"https:\/\/dicodusport.fr\/blog\/#website"},"primaryImageOfPage":{"@id":"https:\/\/dicodusport.fr\/blog\/transferts-ol-lyon-veut-signer-endrick\/#primaryimage"},"image":{"@id":"https:\/\/dicodusport.fr\/blog\/transferts-ol-lyon-veut-signer-endrick\/#primaryimage"},"thumbnailUrl":"https:\/\/dicodusport.fr\/blog\/wp-content\/uploads\/2025\/10\/Transferts-Lyon-Une-pepite-du-Real-Madrid-dans-le-viseur.png","datePublished":"2025-10-29T15:08:42+00:00","dateModified":"2026-01-30T14:07:34+00:00","description":"TRANSFERTS FOOTBALL - Lyon cherche \u00e0 obtenir le pr\u00eat du jeune Br\u00e9silien Endrick (Real Madrid). Les discussions sont ouvertes avec l'attaquant de 19 ans.","breadcrumb":{"@id":"https:\/\/dicodusport.fr\/blog\/transferts-ol-lyon-veut-signer-endrick\/#breadcrumb"},"inLanguage":"fr-FR","potentialAction":[{"@type":"ReadAction","target":["https:\/\/dicodusport.fr\/blog\/transferts-ol-lyon-veut-signer-endrick\/"]}]},{"@type":"ImageObject","inLanguage":"fr-FR","@id":"https:\/\/dicodusport.fr\/blog\/transferts-ol-lyon-veut-signer-endrick\/#primaryimage","url":"https:\/\/dicodusport.fr\/blog\/wp-content\/uploads\/2025\/10\/Transferts-Lyon-Une-pepite-du-Real-Madrid-dans-le-viseur.png","contentUrl":"https:\/\/dicodusport.fr\/blog\/wp-content\/uploads\/2025\/10\/Transferts-Lyon-Une-pepite-du-Real-Madrid-dans-le-viseur.png","width":1200,"height":674,"caption":"Transferts OL Lyon veut signer Endrick"},{"@type":"BreadcrumbList","@id":"https:\/\/dicodusport.fr\/blog\/transferts-ol-lyon-veut-signer-endrick\/#breadcrumb","itemListElement":[{"@type":"ListItem","position":1,"name":"Accueil","item":"https:\/\/dicodusport.fr\/blog\/"},{"@type":"ListItem","position":2,"name":"Transferts OL : Lyon veut signer Endrick"}]},{"@type":"WebSite","@id":"https:\/\/dicodusport.fr\/blog\/#website","url":"https:\/\/dicodusport.fr\/blog\/","name":"Dicodusport","description":"L&#039;encyclop\u00e9die de l&#039;actualit\u00e9 sportive","publisher":{"@id":"https:\/\/dicodusport.fr\/blog\/#organization"},"potentialAction":[{"@type":"SearchAction","target":{"@type":"EntryPoint","urlTemplate":"https:\/\/dicodusport.fr\/blog\/?s={search_term_string}"},"query-input":{"@type":"PropertyValueSpecification","valueRequired":true,"valueName":"search_term_string"}}],"inLanguage":"fr-FR"},{"@type":"NewsMediaOrganization","@id":"https:\/\/dicodusport.fr\/blog\/#organization","name":"Dicodusport","url":"https:\/\/dicodusport.fr\/blog\/","logo":{"@type":"ImageObject","inLanguage":"fr-FR","@id":"https:\/\/dicodusport.fr\/blog\/#\/schema\/logo\/image\/","url":"https:\/\/dicodusport.fr\/blog\/wp-content\/uploads\/2020\/06\/cropped-LOGO-DICODUSPORT-2020-SANS-FOND-SANS-TEXTE.png","contentUrl":"https:\/\/dicodusport.fr\/blog\/wp-content\/uploads\/2020\/06\/cropped-LOGO-DICODUSPORT-2020-SANS-FOND-SANS-TEXTE.png","width":512,"height":512,"caption":"Dicodusport"},"image":{"@id":"https:\/\/dicodusport.fr\/blog\/#\/schema\/logo\/image\/"},"sameAs":["https:\/\/www.facebook.com\/dicodusport","https:\/\/x.com\/dicodusport","https:\/\/www.instagram.com\/dicodusport\/","https:\/\/www.youtube.com\/channel\/UC7V2KZ5sd3htJivAbA4ZG3w"],"description":"Dicodusport est l'encyclop\u00e9die de l'actualit\u00e9 sportive.","email":"bonjour@dicodusport.fr","legalName":"DICODUSPORT","foundingDate":"2018-01-14","vatID":"FR71834470973","taxID":"83447097300043","numberOfEmployees":{"@type":"QuantitativeValue","minValue":"1","maxValue":"10"}},{"@type":"Person","@id":"https:\/\/dicodusport.fr\/blog\/#\/schema\/person\/d603dd7da31fb2b46c82b9835a77ec13","name":"Etienne Goursaud","image":{"@type":"ImageObject","inLanguage":"fr-FR","@id":"https:\/\/dicodusport.fr\/blog\/#\/schema\/person\/image\/","url":"https:\/\/dicodusport.fr\/blog\/wp-content\/uploads\/2023\/12\/410122264_10231602061736049_5565839791558026645_n-150x150.jpg","contentUrl":"https:\/\/dicodusport.fr\/blog\/wp-content\/uploads\/2023\/12\/410122264_10231602061736049_5565839791558026645_n-150x150.jpg","caption":"Etienne Goursaud"},"description":"Journaliste et amoureux de sport. Ancien footballeur reconverti athl\u00e8te quand ses muscles le laissent tranquille. \u00c9lev\u00e9 \u00e0 la sauce des exploits de Thomas Voeckler en 2004, du dernier essai de l\u00e9gende de Eunice Barber \u00e0 la longueur lors des championnats du monde d'athl\u00e9tisme de 2003 mais aussi Zidane, Omeyer et Titou Lamaison.","url":"https:\/\/dicodusport.fr\/blog\/author\/etienne-goursaud\/"}]}},"_links":{"self":[{"href":"https:\/\/dicodusport.fr\/blog\/wp-json\/wp\/v2\/posts\/622592","targetHints":{"allow":["GET"]}}],"collection":[{"href":"https:\/\/dicodusport.fr\/blog\/wp-json\/wp\/v2\/posts"}],"about":[{"href":"https:\/\/dicodusport.fr\/blog\/wp-json\/wp\/v2\/types\/post"}],"author":[{"embeddable":true,"href":"https:\/\/dicodusport.fr\/blog\/wp-json\/wp\/v2\/users\/83"}],"replies":[{"embeddable":true,"href":"https:\/\/dicodusport.fr\/blog\/wp-json\/wp\/v2\/comments?post=622592"}],"version-history":[{"count":5,"href":"https:\/\/dicodusport.fr\/blog\/wp-json\/wp\/v2\/posts\/622592\/revisions"}],"predecessor-version":[{"id":622616,"href":"https:\/\/dicodusport.fr\/blog\/wp-json\/wp\/v2\/posts\/622592\/revisions\/622616"}],"wp:featuredmedia":[{"embeddable":true,"href":"https:\/\/dicodusport.fr\/blog\/wp-json\/wp\/v2\/media\/622594"}],"wp:attachment":[{"href":"https:\/\/dicodusport.fr\/blog\/wp-json\/wp\/v2\/media?parent=622592"}],"wp:term":[{"taxonomy":"category","embeddable":true,"href":"https:\/\/dicodusport.fr\/blog\/wp-json\/wp\/v2\/categories?post=622592"},{"taxonomy":"post_tag","embeddable":true,"href":"https:\/\/dicodusport.fr\/blog\/wp-json\/wp\/v2\/tags?post=622592"}],"curies":[{"name":"wp","href":"https:\/\/api.w.org\/{rel}","templated":true}]}}