{"id":623442,"date":"2025-11-02T13:27:47","date_gmt":"2025-11-02T12:27:47","guid":{"rendered":"https:\/\/dicodusport.fr\/blog\/?p=623442&#038;preview=true&#038;preview_id=623442"},"modified":"2025-11-02T13:27:47","modified_gmt":"2025-11-02T12:27:47","slug":"tennis-alize-cornet-prend-en-main-lequipe-de-france-femmes","status":"publish","type":"post","link":"https:\/\/dicodusport.fr\/blog\/tennis-alize-cornet-prend-en-main-lequipe-de-france-femmes\/","title":{"rendered":"Tennis : Aliz\u00e9 Cornet prend en main l&rsquo;\u00e9quipe de France femmes"},"content":{"rendered":"<p style=\"text-align: justify;\"><strong><em>TENNIS &#8211; Aliz\u00e9 Cornet est nomm\u00e9e \u00e0 la t\u00eate de l&rsquo;\u00e9quipe de France femmes par la F\u00e9d\u00e9ration Fran\u00e7aise de Tennis.<\/em><\/strong><\/p>\n<p style=\"text-align: justify;\"><strong>Aliz\u00e9 Cornet<\/strong> reprend l&rsquo;\u00e9quipe de France femmes ! C&rsquo;est le communiqu\u00e9 de ce dimanche midi par la F\u00e9d\u00e9ration Fran\u00e7aise de Tennis. Qui propulse la joueuse \u00e0 la t\u00eate de la s\u00e9lection, en l&rsquo;esp\u00e8ce \u00ab\u00a0<strong>manager des \u00e9quipes de France f\u00e9minines de tennis et capitaine de l&rsquo;\u00e9quipe de France de Billie Jean King Cup<\/strong>\u00ab\u00a0. Cela sonne comme une seconde retraite pour la Tricolore, qui avait <a href=\"https:\/\/dicodusport.fr\/blog\/tennis-surprise-alize-cornet-annonce-son-retour-au-jeu\/\">repris le chemin de la comp\u00e9tition \u00e0 la surprise g\u00e9n\u00e9rale le tennis d\u00e9but 2025.<\/a> Apr\u00e8s une premi\u00e8re retraite, \u00e0 l&rsquo;issue de Roland-Garros 2024. La FFT \u00e9voque bien le mot \u00ab\u00a0ancienne joueuse\u00a0\u00bb, alors qu&rsquo;elle n&rsquo;a pas fait d&rsquo;annonce officielle sur sa retraite.<\/p>\n<blockquote class=\"twitter-tweet\">\n<p dir=\"ltr\" lang=\"fr\">Aliz\u00e9 Cornet est nomm\u00e9e manager des \u00e9quipes de France f\u00e9minines de tennis et capitaine de l\u2019\u00e9quipe de France de Billie Jean King Cup.<\/p>\n<p>\u271a <a href=\"https:\/\/t.co\/DtnCHAHuQo\">https:\/\/t.co\/DtnCHAHuQo<\/a> <a href=\"https:\/\/t.co\/gwJE92spKq\">pic.twitter.com\/gwJE92spKq<\/a><\/p>\n<p>\u2014 FFT (@FFTennis) <a href=\"https:\/\/twitter.com\/FFTennis\/status\/1984956135003107450?ref_src=twsrc%5Etfw\">November 2, 2025<\/a><\/p><\/blockquote>\n<p style=\"text-align: justify;\"><script async src=\"https:\/\/platform.twitter.com\/widgets.js\" charset=\"utf-8\"><\/script><\/p>\n<h2 style=\"text-align: justify;\">Objectif : remont\u00e9e dans l&rsquo;\u00e9lite mondiale<\/h2>\n<p style=\"text-align: justify;\">Elle succ\u00e8de \u00e0 <strong>Julien Benneteau<\/strong>, qui \u00e9tait en poste depuis 2019. Alors que la piste<strong> Am\u00e9lie Mauresmo<\/strong> se faisait pressante dans les derni\u00e8res semaines, favorite en d\u00e9but de mois d&rsquo;octobre, c&rsquo;est finalement sa cadette qui prend le poste. \u00ab\u00a0<em>Apr\u00e8s avoir \u00e9tudi\u00e9 plusieurs candidatures, la FFT a \u00e9t\u00e9 convaincue par le parcours d\u2019ancienne joueuse d&rsquo;Aliz\u00e9 Cornet, son investissement dans le tennis fran\u00e7ais, son profil, sa motivation et sa disponibilit\u00e9<\/em>\u00ab\u00a0, explique la FFT dans son communiqu\u00e9.<\/p>\n<p style=\"text-align: justify;\">Elle aura pour mission d&rsquo;aider les Bleues \u00e0 retrouver l&rsquo;\u00e9lite mondiale en Billie Jean King Cup, qu&rsquo;elles ont quitt\u00e9 <a href=\"https:\/\/dicodusport.fr\/blog\/playoffs-billie-jean-king-cup-2024-battue-par-la-colombie-la-france-sort-du-groupe-mondial\/\">en 2024<\/a>. Et pourra s&rsquo;appuyer sur une g\u00e9n\u00e9ration \u00e9mergente et <a href=\"https:\/\/dicodusport.fr\/blog\/us-open-2025-le-timide-rebond-du-tennis-feminin-francais\/\">un certain rebond dans le tennis f\u00e9minin fran\u00e7ais<\/a>. \u00c0 l&rsquo;image de joueuses comme <strong>Lois Boisson<\/strong> ou <strong>Elsa Jacquemot<\/strong>, install\u00e9es dans le Top 60 au classement WTA et en net progr\u00e8s en 2025.<\/p>\n<h3 style=\"text-align: justify;\">\u00c0 lire aussi<\/h3>\n<div class=\"vlp-link-container vlp-layout-article\"><a href=\"https:\/\/dicodusport.fr\/blog\/tennis-le-plus-dur-commence-maintenant-pour-lois-boisson\/\" class=\"vlp-link\" title=\"Tennis : Le plus dur commence maintenant pour Lois Boisson\"><\/a><div class=\"vlp-layout-zone-side\"><div class=\"vlp-block-4 vlp-link-image\"><img loading=\"lazy\" decoding=\"async\" style=\"max-width: 792px;\" width=\"792\" height=\"445\" src=\"https:\/\/dicodusport.fr\/blog\/wp-content\/uploads\/2025\/08\/Tennis-Le-plus-dur-commence-maintenant-pour-Lois-Boisson.png\" class=\"attachment-800x445 size-800x445\" alt=\"Tennis - Le plus dur commence maintenant pour Lois Boisson\" srcset=\"https:\/\/dicodusport.fr\/blog\/wp-content\/uploads\/2025\/08\/Tennis-Le-plus-dur-commence-maintenant-pour-Lois-Boisson.png 1200w, https:\/\/dicodusport.fr\/blog\/wp-content\/uploads\/2025\/08\/Tennis-Le-plus-dur-commence-maintenant-pour-Lois-Boisson-300x169.png 300w, https:\/\/dicodusport.fr\/blog\/wp-content\/uploads\/2025\/08\/Tennis-Le-plus-dur-commence-maintenant-pour-Lois-Boisson-1024x575.png 1024w, https:\/\/dicodusport.fr\/blog\/wp-content\/uploads\/2025\/08\/Tennis-Le-plus-dur-commence-maintenant-pour-Lois-Boisson-768x431.png 768w\" sizes=\"auto, (max-width: 792px) 100vw, 792px\" \/><\/div><\/div><div class=\"vlp-layout-zone-main\"><div class=\"vlp-block-0 vlp-link-title\">Tennis : Le plus dur commence maintenant pour Lois Boisson<\/div><div class=\"vlp-block-1 vlp-link-summary\">TENNIS - Battue au premier tour de l'US Open, Lois Boisson boucle une saison contrast\u00e9e sur dur ext\u00e9rieur. Un Grand Chelem am\u00e9ricain qu'elle n'a pas abord\u00e9 dans des conditions optimales. Tant physiquement que psychologiquement. On fait le point sur ses perspectives, avec une fin de saison qui se rapproche. Mais aucun point WTA \u00e0 d\u00e9fendre jusqu'\u00e0 mars 2025.<\/div><div class=\"vlp-block-2 vlp-link-button\">Lire l'article<\/div><div class=\"vlp-block-3 vlp-link-url\">dicodusport.fr<\/div><\/div><\/div>\n","protected":false},"excerpt":{"rendered":"<p>TENNIS &#8211; Aliz\u00e9 Cornet est nomm\u00e9e \u00e0 la t\u00eate de l&rsquo;\u00e9quipe de France femmes par la F\u00e9d\u00e9ration Fran\u00e7aise de Tennis.<\/p>\n","protected":false},"author":83,"featured_media":623445,"comment_status":"open","ping_status":"closed","sticky":false,"template":"","format":"standard","meta":{"_acf_changed":false,"_daextam_enable_autolinks":"1","footnotes":""},"categories":[2302],"tags":[4785,15987,16878],"class_list":["post-623442","post","type-post","status-publish","format-standard","has-post-thumbnail","hentry","category-tennis","tag-alize-cornet","tag-billie-jean-king-cup","tag-breve"],"acf":[],"yoast_head":"<!-- This site is optimized with the Yoast SEO Premium plugin v26.7 (Yoast SEO v26.7) - https:\/\/yoast.com\/wordpress\/plugins\/seo\/ -->\n<title>Tennis : Aliz\u00e9 Cornet prend en main l&#039;\u00e9quipe de France femmes<\/title>\n<meta name=\"description\" content=\"TENNIS - Aliz\u00e9 Cornet est nomm\u00e9e \u00e0 la t\u00eate de l&#039;\u00e9quipe de France femmes par la F\u00e9d\u00e9ration Fran\u00e7aise de Tennis.\" \/>\n<meta name=\"robots\" content=\"index, follow, max-snippet:-1, max-image-preview:large, max-video-preview:-1\" \/>\n<link rel=\"canonical\" href=\"https:\/\/dicodusport.fr\/blog\/tennis-alize-cornet-prend-en-main-lequipe-de-france-femmes\/\" \/>\n<meta property=\"og:locale\" content=\"fr_FR\" \/>\n<meta property=\"og:type\" content=\"article\" \/>\n<meta property=\"og:title\" content=\"Tennis : Aliz\u00e9 Cornet prend en main l&#039;\u00e9quipe de France femmes\" \/>\n<meta property=\"og:description\" content=\"TENNIS - Aliz\u00e9 Cornet est nomm\u00e9e \u00e0 la t\u00eate de l&#039;\u00e9quipe de France femmes par la F\u00e9d\u00e9ration Fran\u00e7aise de Tennis.\" \/>\n<meta property=\"og:url\" content=\"https:\/\/dicodusport.fr\/blog\/tennis-alize-cornet-prend-en-main-lequipe-de-france-femmes\/\" \/>\n<meta property=\"og:site_name\" content=\"Dicodusport\" \/>\n<meta property=\"article:publisher\" content=\"https:\/\/www.facebook.com\/dicodusport\" \/>\n<meta property=\"article:published_time\" content=\"2025-11-02T12:27:47+00:00\" \/>\n<meta property=\"og:image\" content=\"https:\/\/dicodusport.fr\/blog\/wp-content\/uploads\/2025\/11\/Tennis-Alize-Cornet-prend-en-main-lequipe-de-France-femmes-.png\" \/>\n\t<meta property=\"og:image:width\" content=\"1200\" \/>\n\t<meta property=\"og:image:height\" content=\"674\" \/>\n\t<meta property=\"og:image:type\" content=\"image\/png\" \/>\n<meta name=\"author\" content=\"Etienne Goursaud\" \/>\n<meta name=\"twitter:card\" content=\"summary_large_image\" \/>\n<meta name=\"twitter:title\" content=\"Tennis : Aliz\u00e9 Cornet prend en main l&#039;\u00e9quipe de France femmes\" \/>\n<meta name=\"twitter:creator\" content=\"@dicodusport\" \/>\n<meta name=\"twitter:site\" content=\"@dicodusport\" \/>\n<script type=\"application\/ld+json\" class=\"yoast-schema-graph\">{\"@context\":\"https:\/\/schema.org\",\"@graph\":[{\"@type\":\"NewsArticle\",\"@id\":\"https:\/\/dicodusport.fr\/blog\/tennis-alize-cornet-prend-en-main-lequipe-de-france-femmes\/#article\",\"isPartOf\":{\"@id\":\"https:\/\/dicodusport.fr\/blog\/tennis-alize-cornet-prend-en-main-lequipe-de-france-femmes\/\"},\"author\":{\"name\":\"Etienne Goursaud\",\"@id\":\"https:\/\/dicodusport.fr\/blog\/#\/schema\/person\/d603dd7da31fb2b46c82b9835a77ec13\"},\"headline\":\"Tennis : Aliz\u00e9 Cornet prend en main l&rsquo;\u00e9quipe de France femmes\",\"datePublished\":\"2025-11-02T12:27:47+00:00\",\"mainEntityOfPage\":{\"@id\":\"https:\/\/dicodusport.fr\/blog\/tennis-alize-cornet-prend-en-main-lequipe-de-france-femmes\/\"},\"wordCount\":452,\"commentCount\":0,\"publisher\":{\"@id\":\"https:\/\/dicodusport.fr\/blog\/#organization\"},\"image\":{\"@id\":\"https:\/\/dicodusport.fr\/blog\/tennis-alize-cornet-prend-en-main-lequipe-de-france-femmes\/#primaryimage\"},\"thumbnailUrl\":\"https:\/\/dicodusport.fr\/blog\/wp-content\/uploads\/2025\/11\/Tennis-Alize-Cornet-prend-en-main-lequipe-de-France-femmes-.png\",\"keywords\":[\"Aliz\u00e9 Cornet\",\"Billie Jean King Cup\",\"br\u00e8ve\"],\"articleSection\":[\"Tennis\"],\"inLanguage\":\"fr-FR\",\"potentialAction\":[{\"@type\":\"CommentAction\",\"name\":\"Comment\",\"target\":[\"https:\/\/dicodusport.fr\/blog\/tennis-alize-cornet-prend-en-main-lequipe-de-france-femmes\/#respond\"]}],\"copyrightYear\":\"2025\",\"copyrightHolder\":{\"@id\":\"https:\/\/dicodusport.fr\/blog\/#organization\"}},{\"@type\":\"WebPage\",\"@id\":\"https:\/\/dicodusport.fr\/blog\/tennis-alize-cornet-prend-en-main-lequipe-de-france-femmes\/\",\"url\":\"https:\/\/dicodusport.fr\/blog\/tennis-alize-cornet-prend-en-main-lequipe-de-france-femmes\/\",\"name\":\"Tennis : Aliz\u00e9 Cornet prend en main l'\u00e9quipe de France femmes\",\"isPartOf\":{\"@id\":\"https:\/\/dicodusport.fr\/blog\/#website\"},\"primaryImageOfPage\":{\"@id\":\"https:\/\/dicodusport.fr\/blog\/tennis-alize-cornet-prend-en-main-lequipe-de-france-femmes\/#primaryimage\"},\"image\":{\"@id\":\"https:\/\/dicodusport.fr\/blog\/tennis-alize-cornet-prend-en-main-lequipe-de-france-femmes\/#primaryimage\"},\"thumbnailUrl\":\"https:\/\/dicodusport.fr\/blog\/wp-content\/uploads\/2025\/11\/Tennis-Alize-Cornet-prend-en-main-lequipe-de-France-femmes-.png\",\"datePublished\":\"2025-11-02T12:27:47+00:00\",\"description\":\"TENNIS - Aliz\u00e9 Cornet est nomm\u00e9e \u00e0 la t\u00eate de l'\u00e9quipe de France femmes par la F\u00e9d\u00e9ration Fran\u00e7aise de Tennis.\",\"breadcrumb\":{\"@id\":\"https:\/\/dicodusport.fr\/blog\/tennis-alize-cornet-prend-en-main-lequipe-de-france-femmes\/#breadcrumb\"},\"inLanguage\":\"fr-FR\",\"potentialAction\":[{\"@type\":\"ReadAction\",\"target\":[\"https:\/\/dicodusport.fr\/blog\/tennis-alize-cornet-prend-en-main-lequipe-de-france-femmes\/\"]}]},{\"@type\":\"ImageObject\",\"inLanguage\":\"fr-FR\",\"@id\":\"https:\/\/dicodusport.fr\/blog\/tennis-alize-cornet-prend-en-main-lequipe-de-france-femmes\/#primaryimage\",\"url\":\"https:\/\/dicodusport.fr\/blog\/wp-content\/uploads\/2025\/11\/Tennis-Alize-Cornet-prend-en-main-lequipe-de-France-femmes-.png\",\"contentUrl\":\"https:\/\/dicodusport.fr\/blog\/wp-content\/uploads\/2025\/11\/Tennis-Alize-Cornet-prend-en-main-lequipe-de-France-femmes-.png\",\"width\":1200,\"height\":674,\"caption\":\"Tennis : Aliz\u00e9 Cornet prend en main l'\u00e9quipe de France femmes\"},{\"@type\":\"BreadcrumbList\",\"@id\":\"https:\/\/dicodusport.fr\/blog\/tennis-alize-cornet-prend-en-main-lequipe-de-france-femmes\/#breadcrumb\",\"itemListElement\":[{\"@type\":\"ListItem\",\"position\":1,\"name\":\"Accueil\",\"item\":\"https:\/\/dicodusport.fr\/blog\/\"},{\"@type\":\"ListItem\",\"position\":2,\"name\":\"Tennis : Aliz\u00e9 Cornet prend en main l&rsquo;\u00e9quipe de France femmes\"}]},{\"@type\":\"WebSite\",\"@id\":\"https:\/\/dicodusport.fr\/blog\/#website\",\"url\":\"https:\/\/dicodusport.fr\/blog\/\",\"name\":\"Dicodusport\",\"description\":\"L&#039;encyclop\u00e9die de l&#039;actualit\u00e9 sportive\",\"publisher\":{\"@id\":\"https:\/\/dicodusport.fr\/blog\/#organization\"},\"potentialAction\":[{\"@type\":\"SearchAction\",\"target\":{\"@type\":\"EntryPoint\",\"urlTemplate\":\"https:\/\/dicodusport.fr\/blog\/?s={search_term_string}\"},\"query-input\":{\"@type\":\"PropertyValueSpecification\",\"valueRequired\":true,\"valueName\":\"search_term_string\"}}],\"inLanguage\":\"fr-FR\"},{\"@type\":\"NewsMediaOrganization\",\"@id\":\"https:\/\/dicodusport.fr\/blog\/#organization\",\"name\":\"Dicodusport\",\"url\":\"https:\/\/dicodusport.fr\/blog\/\",\"logo\":{\"@type\":\"ImageObject\",\"inLanguage\":\"fr-FR\",\"@id\":\"https:\/\/dicodusport.fr\/blog\/#\/schema\/logo\/image\/\",\"url\":\"https:\/\/dicodusport.fr\/blog\/wp-content\/uploads\/2020\/06\/cropped-LOGO-DICODUSPORT-2020-SANS-FOND-SANS-TEXTE.png\",\"contentUrl\":\"https:\/\/dicodusport.fr\/blog\/wp-content\/uploads\/2020\/06\/cropped-LOGO-DICODUSPORT-2020-SANS-FOND-SANS-TEXTE.png\",\"width\":512,\"height\":512,\"caption\":\"Dicodusport\"},\"image\":{\"@id\":\"https:\/\/dicodusport.fr\/blog\/#\/schema\/logo\/image\/\"},\"sameAs\":[\"https:\/\/www.facebook.com\/dicodusport\",\"https:\/\/x.com\/dicodusport\",\"https:\/\/www.instagram.com\/dicodusport\/\",\"https:\/\/www.youtube.com\/channel\/UC7V2KZ5sd3htJivAbA4ZG3w\"],\"description\":\"Dicodusport est l'encyclop\u00e9die de l'actualit\u00e9 sportive.\",\"email\":\"bonjour@dicodusport.fr\",\"legalName\":\"DICODUSPORT\",\"foundingDate\":\"2018-01-14\",\"vatID\":\"FR71834470973\",\"taxID\":\"83447097300043\",\"numberOfEmployees\":{\"@type\":\"QuantitativeValue\",\"minValue\":\"1\",\"maxValue\":\"10\"}},{\"@type\":\"Person\",\"@id\":\"https:\/\/dicodusport.fr\/blog\/#\/schema\/person\/d603dd7da31fb2b46c82b9835a77ec13\",\"name\":\"Etienne Goursaud\",\"image\":{\"@type\":\"ImageObject\",\"inLanguage\":\"fr-FR\",\"@id\":\"https:\/\/dicodusport.fr\/blog\/#\/schema\/person\/image\/\",\"url\":\"https:\/\/dicodusport.fr\/blog\/wp-content\/uploads\/2023\/12\/410122264_10231602061736049_5565839791558026645_n-150x150.jpg\",\"contentUrl\":\"https:\/\/dicodusport.fr\/blog\/wp-content\/uploads\/2023\/12\/410122264_10231602061736049_5565839791558026645_n-150x150.jpg\",\"caption\":\"Etienne Goursaud\"},\"description\":\"Journaliste et amoureux de sport. Ancien footballeur reconverti athl\u00e8te quand ses muscles le laissent tranquille. \u00c9lev\u00e9 \u00e0 la sauce des exploits de Thomas Voeckler en 2004, du dernier essai de l\u00e9gende de Eunice Barber \u00e0 la longueur lors des championnats du monde d'athl\u00e9tisme de 2003 mais aussi Zidane, Omeyer et Titou Lamaison.\",\"url\":\"https:\/\/dicodusport.fr\/blog\/author\/etienne-goursaud\/\"}]}<\/script>\n<!-- \/ Yoast SEO Premium plugin. -->","yoast_head_json":{"title":"Tennis : Aliz\u00e9 Cornet prend en main l'\u00e9quipe de France femmes","description":"TENNIS - Aliz\u00e9 Cornet est nomm\u00e9e \u00e0 la t\u00eate de l'\u00e9quipe de France femmes par la F\u00e9d\u00e9ration Fran\u00e7aise de Tennis.","robots":{"index":"index","follow":"follow","max-snippet":"max-snippet:-1","max-image-preview":"max-image-preview:large","max-video-preview":"max-video-preview:-1"},"canonical":"https:\/\/dicodusport.fr\/blog\/tennis-alize-cornet-prend-en-main-lequipe-de-france-femmes\/","og_locale":"fr_FR","og_type":"article","og_title":"Tennis : Aliz\u00e9 Cornet prend en main l'\u00e9quipe de France femmes","og_description":"TENNIS - Aliz\u00e9 Cornet est nomm\u00e9e \u00e0 la t\u00eate de l'\u00e9quipe de France femmes par la F\u00e9d\u00e9ration Fran\u00e7aise de Tennis.","og_url":"https:\/\/dicodusport.fr\/blog\/tennis-alize-cornet-prend-en-main-lequipe-de-france-femmes\/","og_site_name":"Dicodusport","article_publisher":"https:\/\/www.facebook.com\/dicodusport","article_published_time":"2025-11-02T12:27:47+00:00","og_image":[{"width":1200,"height":674,"url":"https:\/\/dicodusport.fr\/blog\/wp-content\/uploads\/2025\/11\/Tennis-Alize-Cornet-prend-en-main-lequipe-de-France-femmes-.png","type":"image\/png"}],"author":"Etienne Goursaud","twitter_card":"summary_large_image","twitter_title":"Tennis : Aliz\u00e9 Cornet prend en main l'\u00e9quipe de France femmes","twitter_creator":"@dicodusport","twitter_site":"@dicodusport","schema":{"@context":"https:\/\/schema.org","@graph":[{"@type":"NewsArticle","@id":"https:\/\/dicodusport.fr\/blog\/tennis-alize-cornet-prend-en-main-lequipe-de-france-femmes\/#article","isPartOf":{"@id":"https:\/\/dicodusport.fr\/blog\/tennis-alize-cornet-prend-en-main-lequipe-de-france-femmes\/"},"author":{"name":"Etienne Goursaud","@id":"https:\/\/dicodusport.fr\/blog\/#\/schema\/person\/d603dd7da31fb2b46c82b9835a77ec13"},"headline":"Tennis : Aliz\u00e9 Cornet prend en main l&rsquo;\u00e9quipe de France femmes","datePublished":"2025-11-02T12:27:47+00:00","mainEntityOfPage":{"@id":"https:\/\/dicodusport.fr\/blog\/tennis-alize-cornet-prend-en-main-lequipe-de-france-femmes\/"},"wordCount":452,"commentCount":0,"publisher":{"@id":"https:\/\/dicodusport.fr\/blog\/#organization"},"image":{"@id":"https:\/\/dicodusport.fr\/blog\/tennis-alize-cornet-prend-en-main-lequipe-de-france-femmes\/#primaryimage"},"thumbnailUrl":"https:\/\/dicodusport.fr\/blog\/wp-content\/uploads\/2025\/11\/Tennis-Alize-Cornet-prend-en-main-lequipe-de-France-femmes-.png","keywords":["Aliz\u00e9 Cornet","Billie Jean King Cup","br\u00e8ve"],"articleSection":["Tennis"],"inLanguage":"fr-FR","potentialAction":[{"@type":"CommentAction","name":"Comment","target":["https:\/\/dicodusport.fr\/blog\/tennis-alize-cornet-prend-en-main-lequipe-de-france-femmes\/#respond"]}],"copyrightYear":"2025","copyrightHolder":{"@id":"https:\/\/dicodusport.fr\/blog\/#organization"}},{"@type":"WebPage","@id":"https:\/\/dicodusport.fr\/blog\/tennis-alize-cornet-prend-en-main-lequipe-de-france-femmes\/","url":"https:\/\/dicodusport.fr\/blog\/tennis-alize-cornet-prend-en-main-lequipe-de-france-femmes\/","name":"Tennis : Aliz\u00e9 Cornet prend en main l'\u00e9quipe de France femmes","isPartOf":{"@id":"https:\/\/dicodusport.fr\/blog\/#website"},"primaryImageOfPage":{"@id":"https:\/\/dicodusport.fr\/blog\/tennis-alize-cornet-prend-en-main-lequipe-de-france-femmes\/#primaryimage"},"image":{"@id":"https:\/\/dicodusport.fr\/blog\/tennis-alize-cornet-prend-en-main-lequipe-de-france-femmes\/#primaryimage"},"thumbnailUrl":"https:\/\/dicodusport.fr\/blog\/wp-content\/uploads\/2025\/11\/Tennis-Alize-Cornet-prend-en-main-lequipe-de-France-femmes-.png","datePublished":"2025-11-02T12:27:47+00:00","description":"TENNIS - Aliz\u00e9 Cornet est nomm\u00e9e \u00e0 la t\u00eate de l'\u00e9quipe de France femmes par la F\u00e9d\u00e9ration Fran\u00e7aise de Tennis.","breadcrumb":{"@id":"https:\/\/dicodusport.fr\/blog\/tennis-alize-cornet-prend-en-main-lequipe-de-france-femmes\/#breadcrumb"},"inLanguage":"fr-FR","potentialAction":[{"@type":"ReadAction","target":["https:\/\/dicodusport.fr\/blog\/tennis-alize-cornet-prend-en-main-lequipe-de-france-femmes\/"]}]},{"@type":"ImageObject","inLanguage":"fr-FR","@id":"https:\/\/dicodusport.fr\/blog\/tennis-alize-cornet-prend-en-main-lequipe-de-france-femmes\/#primaryimage","url":"https:\/\/dicodusport.fr\/blog\/wp-content\/uploads\/2025\/11\/Tennis-Alize-Cornet-prend-en-main-lequipe-de-France-femmes-.png","contentUrl":"https:\/\/dicodusport.fr\/blog\/wp-content\/uploads\/2025\/11\/Tennis-Alize-Cornet-prend-en-main-lequipe-de-France-femmes-.png","width":1200,"height":674,"caption":"Tennis : Aliz\u00e9 Cornet prend en main l'\u00e9quipe de France femmes"},{"@type":"BreadcrumbList","@id":"https:\/\/dicodusport.fr\/blog\/tennis-alize-cornet-prend-en-main-lequipe-de-france-femmes\/#breadcrumb","itemListElement":[{"@type":"ListItem","position":1,"name":"Accueil","item":"https:\/\/dicodusport.fr\/blog\/"},{"@type":"ListItem","position":2,"name":"Tennis : Aliz\u00e9 Cornet prend en main l&rsquo;\u00e9quipe de France femmes"}]},{"@type":"WebSite","@id":"https:\/\/dicodusport.fr\/blog\/#website","url":"https:\/\/dicodusport.fr\/blog\/","name":"Dicodusport","description":"L&#039;encyclop\u00e9die de l&#039;actualit\u00e9 sportive","publisher":{"@id":"https:\/\/dicodusport.fr\/blog\/#organization"},"potentialAction":[{"@type":"SearchAction","target":{"@type":"EntryPoint","urlTemplate":"https:\/\/dicodusport.fr\/blog\/?s={search_term_string}"},"query-input":{"@type":"PropertyValueSpecification","valueRequired":true,"valueName":"search_term_string"}}],"inLanguage":"fr-FR"},{"@type":"NewsMediaOrganization","@id":"https:\/\/dicodusport.fr\/blog\/#organization","name":"Dicodusport","url":"https:\/\/dicodusport.fr\/blog\/","logo":{"@type":"ImageObject","inLanguage":"fr-FR","@id":"https:\/\/dicodusport.fr\/blog\/#\/schema\/logo\/image\/","url":"https:\/\/dicodusport.fr\/blog\/wp-content\/uploads\/2020\/06\/cropped-LOGO-DICODUSPORT-2020-SANS-FOND-SANS-TEXTE.png","contentUrl":"https:\/\/dicodusport.fr\/blog\/wp-content\/uploads\/2020\/06\/cropped-LOGO-DICODUSPORT-2020-SANS-FOND-SANS-TEXTE.png","width":512,"height":512,"caption":"Dicodusport"},"image":{"@id":"https:\/\/dicodusport.fr\/blog\/#\/schema\/logo\/image\/"},"sameAs":["https:\/\/www.facebook.com\/dicodusport","https:\/\/x.com\/dicodusport","https:\/\/www.instagram.com\/dicodusport\/","https:\/\/www.youtube.com\/channel\/UC7V2KZ5sd3htJivAbA4ZG3w"],"description":"Dicodusport est l'encyclop\u00e9die de l'actualit\u00e9 sportive.","email":"bonjour@dicodusport.fr","legalName":"DICODUSPORT","foundingDate":"2018-01-14","vatID":"FR71834470973","taxID":"83447097300043","numberOfEmployees":{"@type":"QuantitativeValue","minValue":"1","maxValue":"10"}},{"@type":"Person","@id":"https:\/\/dicodusport.fr\/blog\/#\/schema\/person\/d603dd7da31fb2b46c82b9835a77ec13","name":"Etienne Goursaud","image":{"@type":"ImageObject","inLanguage":"fr-FR","@id":"https:\/\/dicodusport.fr\/blog\/#\/schema\/person\/image\/","url":"https:\/\/dicodusport.fr\/blog\/wp-content\/uploads\/2023\/12\/410122264_10231602061736049_5565839791558026645_n-150x150.jpg","contentUrl":"https:\/\/dicodusport.fr\/blog\/wp-content\/uploads\/2023\/12\/410122264_10231602061736049_5565839791558026645_n-150x150.jpg","caption":"Etienne Goursaud"},"description":"Journaliste et amoureux de sport. Ancien footballeur reconverti athl\u00e8te quand ses muscles le laissent tranquille. \u00c9lev\u00e9 \u00e0 la sauce des exploits de Thomas Voeckler en 2004, du dernier essai de l\u00e9gende de Eunice Barber \u00e0 la longueur lors des championnats du monde d'athl\u00e9tisme de 2003 mais aussi Zidane, Omeyer et Titou Lamaison.","url":"https:\/\/dicodusport.fr\/blog\/author\/etienne-goursaud\/"}]}},"_links":{"self":[{"href":"https:\/\/dicodusport.fr\/blog\/wp-json\/wp\/v2\/posts\/623442","targetHints":{"allow":["GET"]}}],"collection":[{"href":"https:\/\/dicodusport.fr\/blog\/wp-json\/wp\/v2\/posts"}],"about":[{"href":"https:\/\/dicodusport.fr\/blog\/wp-json\/wp\/v2\/types\/post"}],"author":[{"embeddable":true,"href":"https:\/\/dicodusport.fr\/blog\/wp-json\/wp\/v2\/users\/83"}],"replies":[{"embeddable":true,"href":"https:\/\/dicodusport.fr\/blog\/wp-json\/wp\/v2\/comments?post=623442"}],"version-history":[{"count":2,"href":"https:\/\/dicodusport.fr\/blog\/wp-json\/wp\/v2\/posts\/623442\/revisions"}],"predecessor-version":[{"id":623448,"href":"https:\/\/dicodusport.fr\/blog\/wp-json\/wp\/v2\/posts\/623442\/revisions\/623448"}],"wp:featuredmedia":[{"embeddable":true,"href":"https:\/\/dicodusport.fr\/blog\/wp-json\/wp\/v2\/media\/623445"}],"wp:attachment":[{"href":"https:\/\/dicodusport.fr\/blog\/wp-json\/wp\/v2\/media?parent=623442"}],"wp:term":[{"taxonomy":"category","embeddable":true,"href":"https:\/\/dicodusport.fr\/blog\/wp-json\/wp\/v2\/categories?post=623442"},{"taxonomy":"post_tag","embeddable":true,"href":"https:\/\/dicodusport.fr\/blog\/wp-json\/wp\/v2\/tags?post=623442"}],"curies":[{"name":"wp","href":"https:\/\/api.w.org\/{rel}","templated":true}]}}