{"id":623542,"date":"2025-11-16T20:26:52","date_gmt":"2025-11-16T19:26:52","guid":{"rendered":"https:\/\/dicodusport.fr\/blog\/?p=623542&#038;preview=true&#038;preview_id=623542"},"modified":"2025-11-16T20:27:00","modified_gmt":"2025-11-16T19:27:00","slug":"judo-grand-prix-de-zagreb-2025-programme-et-resultats","status":"publish","type":"post","link":"https:\/\/dicodusport.fr\/blog\/judo-grand-prix-de-zagreb-2025-programme-et-resultats\/","title":{"rendered":"Judo &#8211; Grand Prix de Zagreb 2025 : Programme et r\u00e9sultats"},"content":{"rendered":"<h4 style=\"text-align: justify;\"><em>JUDO &#8211; Le Grand Prix de Zagreb se d\u00e9roule du vendredi 14 au dimanche 16 novembre. Programme et r\u00e9sultats de la comp\u00e9tition.<\/em><\/h4>\n<ul>\n<li style=\"text-align: justify;\"><strong>\u00c0 ce sujet &#8211; <a href=\"https:\/\/dicodusport.fr\/blog\/judo-grand-prix-de-zagreb-2025-la-selection-francaise\/\" target=\"_blank\" rel=\"noopener\">La s\u00e9lection fran\u00e7aise pour le Grand Prix de Zagreb 2025<\/a><\/strong><\/li>\n<\/ul>\n<h3>Vendredi 14 novembre<\/h3>\n<p><strong>11h : \u00e9liminatoires<\/strong><br \/>\n<strong>17h : finales\u00a0<\/strong><\/p>\n<p><strong>Femmes<\/strong><br \/>\n<a href=\"https:\/\/judobase.ijf.org\/#\/competition\/profile\/2885\/contest_sheets\/8\" target=\"_blank\" rel=\"noopener\">-48 kg<\/a>, <a href=\"https:\/\/judobase.ijf.org\/#\/competition\/profile\/2885\/contest_sheets\/9\" target=\"_blank\" rel=\"noopener\">-52 kg<\/a>, <a href=\"https:\/\/judobase.ijf.org\/#\/competition\/profile\/2885\/contest_sheets\/10\" target=\"_blank\" rel=\"noopener\">-57 kg<\/a><\/p>\n<p><strong>Hommes<\/strong><br \/>\n<a href=\"https:\/\/judobase.ijf.org\/#\/competition\/profile\/2885\/contest_sheets\/1\" target=\"_blank\" rel=\"noopener\">-60 kg<\/a>, <a href=\"https:\/\/judobase.ijf.org\/#\/competition\/profile\/2885\/contest_sheets\/2\" target=\"_blank\" rel=\"noopener\">-66 kg<\/a><\/p>\n<hr \/>\n<h3 style=\"text-align: justify;\">Samedi 15 novembre<\/h3>\n<p style=\"text-align: justify;\"><strong>10h : \u00e9liminatoires<\/strong><br \/>\n<strong>17h : finales\u00a0<\/strong><\/p>\n<p style=\"text-align: justify;\"><strong>Femmes<\/strong><br \/>\n<a href=\"https:\/\/judobase.ijf.org\/#\/competition\/profile\/2885\/contest_sheets\/11\" target=\"_blank\" rel=\"noopener\">-63 kg<\/a>, <a href=\"https:\/\/judobase.ijf.org\/#\/competition\/profile\/2885\/contest_sheets\/12\" target=\"_blank\" rel=\"noopener\">-70 kg<\/a><\/p>\n<p style=\"text-align: justify;\"><strong>Hommes<\/strong><br \/>\n<a href=\"https:\/\/judobase.ijf.org\/#\/competition\/profile\/2885\/contest_sheets\/3\" target=\"_blank\" rel=\"noopener\">-73 kg<\/a>, <a href=\"https:\/\/judobase.ijf.org\/#\/competition\/profile\/2885\/contest_sheets\/4\" target=\"_blank\" rel=\"noopener\">-81 kg<\/a><\/p>\n<hr \/>\n<h3>Dimanche 16 novembre<\/h3>\n<p style=\"text-align: justify;\"><strong>10h30 : \u00e9liminatoires<\/strong><br \/>\n<strong>17h : finales<\/strong><\/p>\n<p style=\"text-align: justify;\"><strong>Femmes<\/strong><br \/>\n<a href=\"https:\/\/judobase.ijf.org\/#\/competition\/profile\/2885\/contest_sheets\/13\" target=\"_blank\" rel=\"noopener\">-78 kg<\/a>, <a href=\"https:\/\/judobase.ijf.org\/#\/competition\/profile\/2885\/contest_sheets\/14\" target=\"_blank\" rel=\"noopener\">+78 kg<\/a><\/p>\n<p style=\"text-align: justify;\"><strong>Hommes<\/strong><br \/>\n<a href=\"https:\/\/judobase.ijf.org\/#\/competition\/profile\/2885\/contest_sheets\/5\" target=\"_blank\" rel=\"noopener\">-90 kg<\/a>, <a href=\"https:\/\/judobase.ijf.org\/#\/competition\/profile\/2885\/contest_sheets\/6\" target=\"_blank\" rel=\"noopener\">-100 kg<\/a>, <a href=\"https:\/\/judobase.ijf.org\/#\/competition\/profile\/2885\/contest_sheets\/7\" target=\"_blank\" rel=\"noopener\">+100 kg<\/a><\/p>\n<hr \/>\n<p style=\"text-align: justify;\">Tous les combats sont \u00e0 suivre sur <strong><a href=\"https:\/\/judotv.com\/competitions\/gs_kaz2025\/live\" target=\"_blank\" rel=\"noopener\">Judo TV<\/a><\/strong> (compte payant en France).<\/p>\n<p style=\"text-align: justify;\">Les finales sont \u00e0 suivre en int\u00e9gralit\u00e9 sur <strong>RMC Sport 1<\/strong>.<\/p>\n<p>&nbsp;<\/p>\n<h2>Les m\u00e9daill\u00e9es f\u00e9minines<\/h2>\n<div class=\"su-table su-table-alternate\">\n<table style=\"width: 724px;border-collapse: collapse\">\n<tbody>\n<tr>\n<td style=\"text-align: center;border-color: #d9d9d9;border-style: solid;width: 91px;vertical-align: middle\"><strong>Cat\u00e9gorie<\/strong><\/td>\n<td style=\"text-align: center;border-color: #d9d9d9;border-style: solid;width: 211px;vertical-align: middle;background-color: #ffffff\"><strong>\ud83e\udd47 Or<\/strong><\/td>\n<td style=\"text-align: center;border-color: #d9d9d9;border-style: solid;width: 211px;vertical-align: middle;background-color: #ffffff\"><strong>\ud83e\udd48 Argent<\/strong><\/td>\n<td style=\"text-align: center;border-color: #d9d9d9;border-style: solid;width: 211px;vertical-align: middle;background-color: #ffffff\"><strong>\ud83e\udd49 Bronze<\/strong><\/td>\n<\/tr>\n<tr>\n<td style=\"text-align: center;border-color: #d9d9d9;border-style: solid;width: 91px;vertical-align: middle\"><strong>-48 kg<\/strong><\/td>\n<td style=\"text-align: center;border-color: #d9d9d9;border-style: solid;width: 211px;vertical-align: middle\">\ud83c\uddea\ud83c\uddf8\u00a0<strong>Eva Perez Soler<\/strong><\/td>\n<td style=\"text-align: center;border-color: #d9d9d9;border-style: solid;width: 211px;vertical-align: middle\">\ud83c\uddeb\ud83c\uddf7 Laura Espadinha<\/td>\n<td style=\"text-align: center;border-color: #d9d9d9;border-style: solid;width: 211px;vertical-align: middle\">\ud83c\uddf7\ud83c\uddf8 Andrea Stojadinov<br \/>\n\ud83c\udde7\ud83c\uddea Lo\u00efs Petit<\/td>\n<\/tr>\n<tr>\n<td style=\"text-align: center;border-color: #d9d9d9;border-style: solid;width: 91px;vertical-align: middle\"><strong>-52 kg<\/strong><\/td>\n<td style=\"text-align: center;border-color: #d9d9d9;border-style: solid;width: 211px;vertical-align: middle\">\ud83c\uddfd\ud83c\uddf0 <strong>Distria Krasniqi<\/strong><\/td>\n<td style=\"text-align: center;border-color: #d9d9d9;border-style: solid;width: 211px;vertical-align: middle\"><span id=\"copy-emoji\" class=\"efont\">\ud83c\udded\ud83c\uddfa Reka Pupp<\/span><\/td>\n<td style=\"text-align: center;border-color: #d9d9d9;border-style: solid;width: 211px;vertical-align: middle\"><span id=\"copy-emoji\" class=\"efont\">\ud83c\udded\ud83c\uddfa Roza Gyertyas<br \/>\n\ud83c\uddee\ud83c\uddf9 Gaia Stella<\/span><\/td>\n<\/tr>\n<tr>\n<td style=\"text-align: center;border-color: #d9d9d9;border-style: solid;width: 91px;vertical-align: middle\"><strong>-57 kg<\/strong><\/td>\n<td style=\"text-align: center;border-color: #d9d9d9;border-style: solid;width: 211px;vertical-align: middle\">\ud83c\uddf7\ud83c\uddf8 <strong>Marica Perisic<\/strong><\/td>\n<td style=\"text-align: center;border-color: #d9d9d9;border-style: solid;width: 211px;vertical-align: middle\">\ud83c\udded\ud83c\uddf7 Ana Viktorija Puljiz<\/td>\n<td style=\"text-align: center;border-color: #d9d9d9;border-style: solid;width: 211px;vertical-align: middle\">\ud83c\uddf8\ud83c\uddee Nika Tomc<br \/>\n\ud83c\udde8\ud83c\udded Binta Ndiaye<\/td>\n<\/tr>\n<tr>\n<td style=\"text-align: center;border-color: #d9d9d9;border-style: solid;width: 91px;vertical-align: middle\"><strong>-63 kg<\/strong><\/td>\n<td style=\"text-align: center;border-color: #d9d9d9;border-style: solid;width: 211px;vertical-align: middle\"><span id=\"copy-emoji\" class=\"efont\">\ud83c\uddee\ud83c\uddf1<\/span>\u00a0<strong>Gili Sharir<\/strong><\/td>\n<td style=\"text-align: center;border-color: #d9d9d9;border-style: solid;width: 211px;vertical-align: middle\">\ud83c\uddf5\ud83c\uddf1 Angelika Szymanska<\/td>\n<td style=\"text-align: center;border-color: #d9d9d9;border-style: solid;width: 211px;vertical-align: middle\">\ud83c\uddec\ud83c\udde7 Lucy Renshall<br \/>\n\ud83c\udded\ud83c\uddf7 Iva Oberan<\/td>\n<\/tr>\n<tr>\n<td style=\"text-align: center;border-color: #d9d9d9;border-style: solid;width: 91px;vertical-align: middle\"><strong>-70 kg<\/strong><\/td>\n<td style=\"text-align: center;border-color: #d9d9d9;border-style: solid;width: 211px;vertical-align: middle\">\ud83c\uddef\ud83c\uddf5 <strong>Shiho Tanaka<\/strong><\/td>\n<td style=\"text-align: center;border-color: #d9d9d9;border-style: solid;width: 211px;vertical-align: middle\">\ud83c\uddeb\ud83c\uddf7 Cl\u00e9mence \u00c9m\u00e9<\/td>\n<td style=\"text-align: center;border-color: #d9d9d9;border-style: solid;width: 211px;vertical-align: middle\"><span id=\"copy-emoji\" class=\"efont\">\ud83c\uddf7\ud83c\uddf8 Aleksandra Andric<br \/>\n\ud83c\uddee\ud83c\uddf9<\/span> Irene Pedrotti<\/td>\n<\/tr>\n<tr>\n<td style=\"text-align: center;border-color: #d9d9d9;border-style: solid;width: 91px;vertical-align: middle\"><strong>-78 kg<\/strong><\/td>\n<td style=\"text-align: center;border-color: #d9d9d9;border-style: solid;width: 211px;vertical-align: middle\">\ud83c\udde6\ud83c\uddea <strong>Yelyzaveta Lytvynenko<\/strong><\/td>\n<td style=\"text-align: center;border-color: #d9d9d9;border-style: solid;width: 211px;vertical-align: middle\">\ud83c\uddec\ud83c\uddf3 Marie Branser<\/td>\n<td style=\"text-align: center;border-color: #d9d9d9;border-style: solid;width: 211px;vertical-align: middle\">\ud83c\uddf7\ud83c\uddf4 Maidelines Gorguet-Veranes<br \/>\n\ud83c\uddeb\ud83c\uddf7 Lila Mazzarino<\/td>\n<\/tr>\n<tr>\n<td style=\"text-align: center;border-color: #d9d9d9;border-style: solid;width: 91px;vertical-align: middle\"><strong>+78 kg<\/strong><\/td>\n<td style=\"text-align: center;border-color: #d9d9d9;border-style: solid;width: 211px;vertical-align: middle\">\ud83c\uddeb\ud83c\uddf7\u00a0<strong>Celia Cancan<\/strong><\/td>\n<td style=\"text-align: center;border-color: #d9d9d9;border-style: solid;width: 211px;vertical-align: middle\">\ud83c\uddeb\ud83c\uddf7 L\u00e9onie Minkada-Caquineau<\/td>\n<td style=\"text-align: center;border-color: #d9d9d9;border-style: solid;width: 211px;vertical-align: middle\"><span id=\"copy-emoji\" class=\"efont\">\ud83c\uddf3\ud83c\uddf1 <\/span>Paulien Sweers<br \/>\n\ud83c\udded\ud83c\uddf7 Helena Vukovic<\/td>\n<\/tr>\n<\/tbody>\n<\/table>\n<\/div>\n<p>&nbsp;<\/p>\n<h2>Les m\u00e9daill\u00e9s masculins<\/h2>\n<div class=\"su-table su-table-alternate\"><\/div>\n<table style=\"width: 724px; border-collapse: collapse;\">\n<tbody>\n<tr>\n<td style=\"text-align: center; border-color: #d9d9d9; border-style: solid; width: 91px; vertical-align: middle;\"><strong>Cat\u00e9gorie<\/strong><\/td>\n<td style=\"text-align: center; border-color: #d9d9d9; border-style: solid; width: 211px; vertical-align: middle; background-color: #ffffff;\">\ud83e\udd47<strong>Or<\/strong><\/td>\n<td style=\"text-align: center; border-color: #d9d9d9; border-style: solid; width: 211px; vertical-align: middle; background-color: #ffffff;\">\ud83e\udd48 <strong>Argent<\/strong><\/td>\n<td style=\"text-align: center; border-color: #d9d9d9; border-style: solid; width: 211px; vertical-align: middle; background-color: #ffffff;\">\ud83e\udd49 <strong>Bronze<\/strong><\/td>\n<\/tr>\n<tr>\n<td style=\"text-align: center; border-color: #d9d9d9; border-style: solid; width: 91px; vertical-align: middle;\"><strong>-60 kg<\/strong><\/td>\n<td style=\"text-align: center; border-color: #d9d9d9; border-style: solid; width: 211px; vertical-align: middle;\">\ud83c\uddeb\ud83c\uddf7\u00a0<strong>Enzo Jean<\/strong><\/td>\n<td style=\"text-align: center; border-color: #d9d9d9; border-style: solid; width: 211px; vertical-align: middle;\">\ud83c\uddeb\ud83c\uddf7 Romain Valadier-Picard<\/td>\n<td style=\"text-align: center; border-color: #d9d9d9; border-style: solid; width: 211px; vertical-align: middle;\">\ud83c\udde6\ud83c\uddff Huseyn Allahyarov<br \/>\n\ud83c\uddea\ud83c\uddf8 Luis Barroso Lopez<\/td>\n<\/tr>\n<tr>\n<td style=\"text-align: center; border-color: #d9d9d9; border-style: solid; width: 91px; vertical-align: middle;\"><strong>-66 kg<\/strong><\/td>\n<td style=\"text-align: center; border-color: #d9d9d9; border-style: solid; width: 211px; vertical-align: middle;\">\ud83c\uddea\ud83c\uddf8\u00a0<strong>David Garcia Torne<\/strong><\/td>\n<td style=\"text-align: center; border-color: #d9d9d9; border-style: solid; width: 211px; vertical-align: middle;\">\ud83c\uddee\ud83c\uddf9 Elios Manzi<\/td>\n<td style=\"text-align: center; border-color: #d9d9d9; border-style: solid; width: 211px; vertical-align: middle;\"><span id=\"copy-emoji\" class=\"efont\">\ud83c\udded\ud83c\uddfa Bence Pongracz<br \/>\n\ud83c\udde7\ud83c\uddec Boyan Yotov<\/span><\/td>\n<\/tr>\n<tr>\n<td style=\"text-align: center; border-color: #d9d9d9; border-style: solid; width: 91px; vertical-align: middle;\"><strong>-73 kg<\/strong><\/td>\n<td style=\"text-align: center; border-color: #d9d9d9; border-style: solid; width: 211px; vertical-align: middle;\">\ud83c\uddee\ud83c\uddf9\u00a0<strong>Giovanni Esposito<\/strong><\/td>\n<td style=\"text-align: center; border-color: #d9d9d9; border-style: solid; width: 211px; vertical-align: middle;\">\ud83c\uddea\ud83c\uddf8 Anton Shuhalieiev<\/td>\n<td style=\"text-align: center; border-color: #d9d9d9; border-style: solid; width: 211px; vertical-align: middle;\"><span id=\"copy-emoji\" class=\"efont\">\ud83c\udde7\ud83c\uddec Victor Skerlev<\/span><br \/>\n\ud83c\uddeb\ud83c\uddf7 Peter Jean<\/td>\n<\/tr>\n<tr>\n<td style=\"text-align: center; border-color: #d9d9d9; border-style: solid; width: 91px; vertical-align: middle;\"><strong>-81 kg<\/strong><\/td>\n<td style=\"text-align: center; border-color: #d9d9d9; border-style: solid; width: 211px; vertical-align: middle;\">\ud83c\uddeb\ud83c\uddf7\u00a0<strong>Arnaud Aregba<\/strong><\/td>\n<td style=\"text-align: center; border-color: #d9d9d9; border-style: solid; width: 211px; vertical-align: middle;\">\ud83c\udde6\ud83c\uddf9 Bernd Fasching<\/td>\n<td style=\"text-align: center; border-color: #d9d9d9; border-style: solid; width: 211px; vertical-align: middle;\">\ud83c\uddef\ud83c\uddf5 Naoto Izawa<br \/>\n\ud83c\uddee\ud83c\uddf9 Antonio Esposito<\/td>\n<\/tr>\n<tr>\n<td style=\"text-align: center; border-color: #d9d9d9; border-style: solid; width: 91px; vertical-align: middle;\"><strong>-90 kg<\/strong><\/td>\n<td style=\"text-align: center; border-color: #d9d9d9; border-style: solid; width: 211px; vertical-align: middle;\"><span id=\"copy-emoji\" class=\"efont\">\ud83c\udde7\ud83c\uddec<\/span>\u00a0<strong>Ivaylo Ivanov<\/strong><\/td>\n<td style=\"text-align: center; border-color: #d9d9d9; border-style: solid; width: 211px; vertical-align: middle;\">\ud83c\uddec\ud83c\uddea Luka Maisuradze<\/td>\n<td style=\"text-align: center; border-color: #d9d9d9; border-style: solid; width: 211px; vertical-align: middle;\">\ud83c\udde6\ud83c\uddff Vugar Talibov<br \/>\n\ud83c\uddf7\ud83c\uddf8 Miljan Radulj<\/td>\n<\/tr>\n<tr>\n<td style=\"text-align: center; border-color: #d9d9d9; border-style: solid; width: 91px; vertical-align: middle;\"><strong>-100 kg<\/strong><\/td>\n<td style=\"text-align: center; border-color: #d9d9d9; border-style: solid; width: 211px; vertical-align: middle;\">\ud83c\uddea\ud83c\uddf8\u00a0<strong>Nikoloz Sherazadishvili<\/strong><\/td>\n<td style=\"text-align: center; border-color: #d9d9d9; border-style: solid; width: 211px; vertical-align: middle;\"><span id=\"copy-emoji\" class=\"efont\">\ud83c\uddfa\ud83c\udde6<\/span> Oleksii Yershov<\/td>\n<td style=\"width: 211px; text-align: center;\">\ud83c\uddf7\ud83c\uddf8 Darko Brasnjovic<br \/>\n\ud83c\uddf5\ud83c\uddf1 Piotr Kuczera<\/td>\n<\/tr>\n<tr>\n<td style=\"text-align: center; border-color: #d9d9d9; border-style: solid; width: 91px; vertical-align: middle;\"><strong>+100 kg<\/strong><\/td>\n<td style=\"text-align: center; border-color: #d9d9d9; border-style: solid; width: 211px; vertical-align: middle;\">\ud83c\udde6\ud83c\uddff\u00a0<strong>Kanan Nasibov<\/strong><\/td>\n<td style=\"width: 211px; text-align: center; vertical-align: middle;\"><span id=\"copy-emoji\" class=\"efont\">\ud83c\uddf3\ud83c\uddf1<\/span> Jur Spijkers<\/td>\n<td style=\"width: 211px; text-align: center; vertical-align: middle;\"><span id=\"copy-emoji\" class=\"efont\">\ud83c\uddec\ud83c\uddea<\/span> Saba Inaneishvili<br \/>\n\ud83c\udde6\ud83c\uddf9 Stephan Hegyi<\/td>\n<\/tr>\n<\/tbody>\n<\/table>\n<p>&nbsp;<\/p>\n","protected":false},"excerpt":{"rendered":"<p>JUDO &#8211; Le Grand Prix de Zagreb se d\u00e9roule du vendredi 14 au dimanche 16 novembre. Programme et r\u00e9sultats de la comp\u00e9tition.<\/p>\n","protected":false},"author":12,"featured_media":625459,"comment_status":"open","ping_status":"closed","sticky":false,"template":"","format":"standard","meta":{"_acf_changed":false,"_daextam_enable_autolinks":"1","footnotes":""},"categories":[8651],"tags":[16878,68],"class_list":["post-623542","post","type-post","status-publish","format-standard","has-post-thumbnail","hentry","category-judo","tag-breve","tag-judo"],"acf":[],"yoast_head":"<!-- This site is optimized with the Yoast SEO Premium plugin v26.7 (Yoast SEO v26.7) - https:\/\/yoast.com\/wordpress\/plugins\/seo\/ -->\n<title>Judo - Grand Prix de Zagreb 2025 : Programme et r\u00e9sultats<\/title>\n<meta name=\"description\" content=\"JUDO - Le Grand Prix de Zagreb se d\u00e9roule du vendredi 14 au dimanche 16 novembre. Programme et r\u00e9sultats de la comp\u00e9tition.\" \/>\n<meta name=\"robots\" content=\"index, follow, max-snippet:-1, max-image-preview:large, max-video-preview:-1\" \/>\n<link rel=\"canonical\" href=\"https:\/\/dicodusport.fr\/blog\/judo-grand-prix-de-zagreb-2025-programme-et-resultats\/\" \/>\n<meta property=\"og:locale\" content=\"fr_FR\" \/>\n<meta property=\"og:type\" content=\"article\" \/>\n<meta property=\"og:title\" content=\"Judo - Grand Prix de Zagreb 2025 : Programme et r\u00e9sultats\" \/>\n<meta property=\"og:description\" content=\"JUDO - Le Grand Prix de Zagreb se d\u00e9roule du vendredi 14 au dimanche 16 novembre. Programme et r\u00e9sultats de la comp\u00e9tition.\" \/>\n<meta property=\"og:url\" content=\"https:\/\/dicodusport.fr\/blog\/judo-grand-prix-de-zagreb-2025-programme-et-resultats\/\" \/>\n<meta property=\"og:site_name\" content=\"Dicodusport\" \/>\n<meta property=\"article:publisher\" content=\"https:\/\/www.facebook.com\/dicodusport\" \/>\n<meta property=\"article:published_time\" content=\"2025-11-16T19:26:52+00:00\" \/>\n<meta property=\"article:modified_time\" content=\"2025-11-16T19:27:00+00:00\" \/>\n<meta property=\"og:image\" content=\"https:\/\/dicodusport.fr\/blog\/wp-content\/uploads\/2025\/11\/Judo-Grand-Prix-de-Zagreb-2025-Programme-et-resultats.png\" \/>\n\t<meta property=\"og:image:width\" content=\"1200\" \/>\n\t<meta property=\"og:image:height\" content=\"674\" \/>\n\t<meta property=\"og:image:type\" content=\"image\/png\" \/>\n<meta name=\"author\" content=\"Arlette Yeye\" \/>\n<meta name=\"twitter:card\" content=\"summary_large_image\" \/>\n<meta name=\"twitter:creator\" content=\"@https:\/\/twitter.com\/Shiclette94\" \/>\n<meta name=\"twitter:site\" content=\"@dicodusport\" \/>\n<script type=\"application\/ld+json\" class=\"yoast-schema-graph\">{\"@context\":\"https:\/\/schema.org\",\"@graph\":[{\"@type\":\"NewsArticle\",\"@id\":\"https:\/\/dicodusport.fr\/blog\/judo-grand-prix-de-zagreb-2025-programme-et-resultats\/#article\",\"isPartOf\":{\"@id\":\"https:\/\/dicodusport.fr\/blog\/judo-grand-prix-de-zagreb-2025-programme-et-resultats\/\"},\"author\":{\"name\":\"Arlette Yeye\",\"@id\":\"https:\/\/dicodusport.fr\/blog\/#\/schema\/person\/cce96fa88785bd8573e3d43078ac8c79\"},\"headline\":\"Judo &#8211; Grand Prix de Zagreb 2025 : Programme et r\u00e9sultats\",\"datePublished\":\"2025-11-16T19:26:52+00:00\",\"dateModified\":\"2025-11-16T19:27:00+00:00\",\"mainEntityOfPage\":{\"@id\":\"https:\/\/dicodusport.fr\/blog\/judo-grand-prix-de-zagreb-2025-programme-et-resultats\/\"},\"wordCount\":294,\"commentCount\":0,\"publisher\":{\"@id\":\"https:\/\/dicodusport.fr\/blog\/#organization\"},\"image\":{\"@id\":\"https:\/\/dicodusport.fr\/blog\/judo-grand-prix-de-zagreb-2025-programme-et-resultats\/#primaryimage\"},\"thumbnailUrl\":\"https:\/\/dicodusport.fr\/blog\/wp-content\/uploads\/2025\/11\/Judo-Grand-Prix-de-Zagreb-2025-Programme-et-resultats.png\",\"keywords\":[\"br\u00e8ve\",\"Judo\"],\"articleSection\":[\"Judo\"],\"inLanguage\":\"fr-FR\",\"potentialAction\":[{\"@type\":\"CommentAction\",\"name\":\"Comment\",\"target\":[\"https:\/\/dicodusport.fr\/blog\/judo-grand-prix-de-zagreb-2025-programme-et-resultats\/#respond\"]}],\"copyrightYear\":\"2025\",\"copyrightHolder\":{\"@id\":\"https:\/\/dicodusport.fr\/blog\/#organization\"}},{\"@type\":\"WebPage\",\"@id\":\"https:\/\/dicodusport.fr\/blog\/judo-grand-prix-de-zagreb-2025-programme-et-resultats\/\",\"url\":\"https:\/\/dicodusport.fr\/blog\/judo-grand-prix-de-zagreb-2025-programme-et-resultats\/\",\"name\":\"Judo - Grand Prix de Zagreb 2025 : Programme et r\u00e9sultats\",\"isPartOf\":{\"@id\":\"https:\/\/dicodusport.fr\/blog\/#website\"},\"primaryImageOfPage\":{\"@id\":\"https:\/\/dicodusport.fr\/blog\/judo-grand-prix-de-zagreb-2025-programme-et-resultats\/#primaryimage\"},\"image\":{\"@id\":\"https:\/\/dicodusport.fr\/blog\/judo-grand-prix-de-zagreb-2025-programme-et-resultats\/#primaryimage\"},\"thumbnailUrl\":\"https:\/\/dicodusport.fr\/blog\/wp-content\/uploads\/2025\/11\/Judo-Grand-Prix-de-Zagreb-2025-Programme-et-resultats.png\",\"datePublished\":\"2025-11-16T19:26:52+00:00\",\"dateModified\":\"2025-11-16T19:27:00+00:00\",\"description\":\"JUDO - Le Grand Prix de Zagreb se d\u00e9roule du vendredi 14 au dimanche 16 novembre. Programme et r\u00e9sultats de la comp\u00e9tition.\",\"breadcrumb\":{\"@id\":\"https:\/\/dicodusport.fr\/blog\/judo-grand-prix-de-zagreb-2025-programme-et-resultats\/#breadcrumb\"},\"inLanguage\":\"fr-FR\",\"potentialAction\":[{\"@type\":\"ReadAction\",\"target\":[\"https:\/\/dicodusport.fr\/blog\/judo-grand-prix-de-zagreb-2025-programme-et-resultats\/\"]}]},{\"@type\":\"ImageObject\",\"inLanguage\":\"fr-FR\",\"@id\":\"https:\/\/dicodusport.fr\/blog\/judo-grand-prix-de-zagreb-2025-programme-et-resultats\/#primaryimage\",\"url\":\"https:\/\/dicodusport.fr\/blog\/wp-content\/uploads\/2025\/11\/Judo-Grand-Prix-de-Zagreb-2025-Programme-et-resultats.png\",\"contentUrl\":\"https:\/\/dicodusport.fr\/blog\/wp-content\/uploads\/2025\/11\/Judo-Grand-Prix-de-Zagreb-2025-Programme-et-resultats.png\",\"width\":1200,\"height\":674,\"caption\":\"Judo - Grand Prix de Zagreb 2025 Programme et r\u00e9sultats\"},{\"@type\":\"BreadcrumbList\",\"@id\":\"https:\/\/dicodusport.fr\/blog\/judo-grand-prix-de-zagreb-2025-programme-et-resultats\/#breadcrumb\",\"itemListElement\":[{\"@type\":\"ListItem\",\"position\":1,\"name\":\"Accueil\",\"item\":\"https:\/\/dicodusport.fr\/blog\/\"},{\"@type\":\"ListItem\",\"position\":2,\"name\":\"Judo &#8211; Grand Prix de Zagreb 2025 : Programme et r\u00e9sultats\"}]},{\"@type\":\"WebSite\",\"@id\":\"https:\/\/dicodusport.fr\/blog\/#website\",\"url\":\"https:\/\/dicodusport.fr\/blog\/\",\"name\":\"Dicodusport\",\"description\":\"L&#039;encyclop\u00e9die de l&#039;actualit\u00e9 sportive\",\"publisher\":{\"@id\":\"https:\/\/dicodusport.fr\/blog\/#organization\"},\"potentialAction\":[{\"@type\":\"SearchAction\",\"target\":{\"@type\":\"EntryPoint\",\"urlTemplate\":\"https:\/\/dicodusport.fr\/blog\/?s={search_term_string}\"},\"query-input\":{\"@type\":\"PropertyValueSpecification\",\"valueRequired\":true,\"valueName\":\"search_term_string\"}}],\"inLanguage\":\"fr-FR\"},{\"@type\":\"NewsMediaOrganization\",\"@id\":\"https:\/\/dicodusport.fr\/blog\/#organization\",\"name\":\"Dicodusport\",\"url\":\"https:\/\/dicodusport.fr\/blog\/\",\"logo\":{\"@type\":\"ImageObject\",\"inLanguage\":\"fr-FR\",\"@id\":\"https:\/\/dicodusport.fr\/blog\/#\/schema\/logo\/image\/\",\"url\":\"https:\/\/dicodusport.fr\/blog\/wp-content\/uploads\/2020\/06\/cropped-LOGO-DICODUSPORT-2020-SANS-FOND-SANS-TEXTE.png\",\"contentUrl\":\"https:\/\/dicodusport.fr\/blog\/wp-content\/uploads\/2020\/06\/cropped-LOGO-DICODUSPORT-2020-SANS-FOND-SANS-TEXTE.png\",\"width\":512,\"height\":512,\"caption\":\"Dicodusport\"},\"image\":{\"@id\":\"https:\/\/dicodusport.fr\/blog\/#\/schema\/logo\/image\/\"},\"sameAs\":[\"https:\/\/www.facebook.com\/dicodusport\",\"https:\/\/x.com\/dicodusport\",\"https:\/\/www.instagram.com\/dicodusport\/\",\"https:\/\/www.youtube.com\/channel\/UC7V2KZ5sd3htJivAbA4ZG3w\"],\"description\":\"Dicodusport est l'encyclop\u00e9die de l'actualit\u00e9 sportive.\",\"email\":\"bonjour@dicodusport.fr\",\"legalName\":\"DICODUSPORT\",\"foundingDate\":\"2018-01-14\",\"vatID\":\"FR71834470973\",\"taxID\":\"83447097300043\",\"numberOfEmployees\":{\"@type\":\"QuantitativeValue\",\"minValue\":\"1\",\"maxValue\":\"10\"}},{\"@type\":\"Person\",\"@id\":\"https:\/\/dicodusport.fr\/blog\/#\/schema\/person\/cce96fa88785bd8573e3d43078ac8c79\",\"name\":\"Arlette Yeye\",\"image\":{\"@type\":\"ImageObject\",\"inLanguage\":\"fr-FR\",\"@id\":\"https:\/\/dicodusport.fr\/blog\/#\/schema\/person\/image\/\",\"url\":\"https:\/\/secure.gravatar.com\/avatar\/dca4a6239e6d708e46c45d60e160de6c?s=96&d=wp_user_avatar&r=g\",\"contentUrl\":\"https:\/\/secure.gravatar.com\/avatar\/dca4a6239e6d708e46c45d60e160de6c?s=96&d=wp_user_avatar&r=g\",\"caption\":\"Arlette Yeye\"},\"description\":\"Journaliste\/r\u00e9dactrice depuis septembre 2015 - Supportrice de Chelsea, j'ai pour sports de pr\u00e9dilection le handball, l'athl\u00e9tisme et le tennis. Si je tweete plus vite que mon ombre, vous pouvez aussi me retrouver les week-ends sur les playgrounds de Bruxelles pour un petit foot ou basket entre potes. Parcourir la France, l'Europe et plus si affinit\u00e9s pour suivre mes sportifs pr\u00e9f\u00e9r\u00e9s ? Mon kif ! Et c'est avec plaisir que je partage les r\u00e9sultats des sports populaires mais \u00e9galement plus confidentiels pour Dicodusport.\",\"sameAs\":[\"https:\/\/x.com\/https:\/\/twitter.com\/Shiclette94\"],\"url\":\"https:\/\/dicodusport.fr\/blog\/author\/arlette\/\"}]}<\/script>\n<!-- \/ Yoast SEO Premium plugin. -->","yoast_head_json":{"title":"Judo - Grand Prix de Zagreb 2025 : Programme et r\u00e9sultats","description":"JUDO - Le Grand Prix de Zagreb se d\u00e9roule du vendredi 14 au dimanche 16 novembre. Programme et r\u00e9sultats de la comp\u00e9tition.","robots":{"index":"index","follow":"follow","max-snippet":"max-snippet:-1","max-image-preview":"max-image-preview:large","max-video-preview":"max-video-preview:-1"},"canonical":"https:\/\/dicodusport.fr\/blog\/judo-grand-prix-de-zagreb-2025-programme-et-resultats\/","og_locale":"fr_FR","og_type":"article","og_title":"Judo - Grand Prix de Zagreb 2025 : Programme et r\u00e9sultats","og_description":"JUDO - Le Grand Prix de Zagreb se d\u00e9roule du vendredi 14 au dimanche 16 novembre. Programme et r\u00e9sultats de la comp\u00e9tition.","og_url":"https:\/\/dicodusport.fr\/blog\/judo-grand-prix-de-zagreb-2025-programme-et-resultats\/","og_site_name":"Dicodusport","article_publisher":"https:\/\/www.facebook.com\/dicodusport","article_published_time":"2025-11-16T19:26:52+00:00","article_modified_time":"2025-11-16T19:27:00+00:00","og_image":[{"width":1200,"height":674,"url":"https:\/\/dicodusport.fr\/blog\/wp-content\/uploads\/2025\/11\/Judo-Grand-Prix-de-Zagreb-2025-Programme-et-resultats.png","type":"image\/png"}],"author":"Arlette Yeye","twitter_card":"summary_large_image","twitter_creator":"@https:\/\/twitter.com\/Shiclette94","twitter_site":"@dicodusport","schema":{"@context":"https:\/\/schema.org","@graph":[{"@type":"NewsArticle","@id":"https:\/\/dicodusport.fr\/blog\/judo-grand-prix-de-zagreb-2025-programme-et-resultats\/#article","isPartOf":{"@id":"https:\/\/dicodusport.fr\/blog\/judo-grand-prix-de-zagreb-2025-programme-et-resultats\/"},"author":{"name":"Arlette Yeye","@id":"https:\/\/dicodusport.fr\/blog\/#\/schema\/person\/cce96fa88785bd8573e3d43078ac8c79"},"headline":"Judo &#8211; Grand Prix de Zagreb 2025 : Programme et r\u00e9sultats","datePublished":"2025-11-16T19:26:52+00:00","dateModified":"2025-11-16T19:27:00+00:00","mainEntityOfPage":{"@id":"https:\/\/dicodusport.fr\/blog\/judo-grand-prix-de-zagreb-2025-programme-et-resultats\/"},"wordCount":294,"commentCount":0,"publisher":{"@id":"https:\/\/dicodusport.fr\/blog\/#organization"},"image":{"@id":"https:\/\/dicodusport.fr\/blog\/judo-grand-prix-de-zagreb-2025-programme-et-resultats\/#primaryimage"},"thumbnailUrl":"https:\/\/dicodusport.fr\/blog\/wp-content\/uploads\/2025\/11\/Judo-Grand-Prix-de-Zagreb-2025-Programme-et-resultats.png","keywords":["br\u00e8ve","Judo"],"articleSection":["Judo"],"inLanguage":"fr-FR","potentialAction":[{"@type":"CommentAction","name":"Comment","target":["https:\/\/dicodusport.fr\/blog\/judo-grand-prix-de-zagreb-2025-programme-et-resultats\/#respond"]}],"copyrightYear":"2025","copyrightHolder":{"@id":"https:\/\/dicodusport.fr\/blog\/#organization"}},{"@type":"WebPage","@id":"https:\/\/dicodusport.fr\/blog\/judo-grand-prix-de-zagreb-2025-programme-et-resultats\/","url":"https:\/\/dicodusport.fr\/blog\/judo-grand-prix-de-zagreb-2025-programme-et-resultats\/","name":"Judo - Grand Prix de Zagreb 2025 : Programme et r\u00e9sultats","isPartOf":{"@id":"https:\/\/dicodusport.fr\/blog\/#website"},"primaryImageOfPage":{"@id":"https:\/\/dicodusport.fr\/blog\/judo-grand-prix-de-zagreb-2025-programme-et-resultats\/#primaryimage"},"image":{"@id":"https:\/\/dicodusport.fr\/blog\/judo-grand-prix-de-zagreb-2025-programme-et-resultats\/#primaryimage"},"thumbnailUrl":"https:\/\/dicodusport.fr\/blog\/wp-content\/uploads\/2025\/11\/Judo-Grand-Prix-de-Zagreb-2025-Programme-et-resultats.png","datePublished":"2025-11-16T19:26:52+00:00","dateModified":"2025-11-16T19:27:00+00:00","description":"JUDO - Le Grand Prix de Zagreb se d\u00e9roule du vendredi 14 au dimanche 16 novembre. Programme et r\u00e9sultats de la comp\u00e9tition.","breadcrumb":{"@id":"https:\/\/dicodusport.fr\/blog\/judo-grand-prix-de-zagreb-2025-programme-et-resultats\/#breadcrumb"},"inLanguage":"fr-FR","potentialAction":[{"@type":"ReadAction","target":["https:\/\/dicodusport.fr\/blog\/judo-grand-prix-de-zagreb-2025-programme-et-resultats\/"]}]},{"@type":"ImageObject","inLanguage":"fr-FR","@id":"https:\/\/dicodusport.fr\/blog\/judo-grand-prix-de-zagreb-2025-programme-et-resultats\/#primaryimage","url":"https:\/\/dicodusport.fr\/blog\/wp-content\/uploads\/2025\/11\/Judo-Grand-Prix-de-Zagreb-2025-Programme-et-resultats.png","contentUrl":"https:\/\/dicodusport.fr\/blog\/wp-content\/uploads\/2025\/11\/Judo-Grand-Prix-de-Zagreb-2025-Programme-et-resultats.png","width":1200,"height":674,"caption":"Judo - Grand Prix de Zagreb 2025 Programme et r\u00e9sultats"},{"@type":"BreadcrumbList","@id":"https:\/\/dicodusport.fr\/blog\/judo-grand-prix-de-zagreb-2025-programme-et-resultats\/#breadcrumb","itemListElement":[{"@type":"ListItem","position":1,"name":"Accueil","item":"https:\/\/dicodusport.fr\/blog\/"},{"@type":"ListItem","position":2,"name":"Judo &#8211; Grand Prix de Zagreb 2025 : Programme et r\u00e9sultats"}]},{"@type":"WebSite","@id":"https:\/\/dicodusport.fr\/blog\/#website","url":"https:\/\/dicodusport.fr\/blog\/","name":"Dicodusport","description":"L&#039;encyclop\u00e9die de l&#039;actualit\u00e9 sportive","publisher":{"@id":"https:\/\/dicodusport.fr\/blog\/#organization"},"potentialAction":[{"@type":"SearchAction","target":{"@type":"EntryPoint","urlTemplate":"https:\/\/dicodusport.fr\/blog\/?s={search_term_string}"},"query-input":{"@type":"PropertyValueSpecification","valueRequired":true,"valueName":"search_term_string"}}],"inLanguage":"fr-FR"},{"@type":"NewsMediaOrganization","@id":"https:\/\/dicodusport.fr\/blog\/#organization","name":"Dicodusport","url":"https:\/\/dicodusport.fr\/blog\/","logo":{"@type":"ImageObject","inLanguage":"fr-FR","@id":"https:\/\/dicodusport.fr\/blog\/#\/schema\/logo\/image\/","url":"https:\/\/dicodusport.fr\/blog\/wp-content\/uploads\/2020\/06\/cropped-LOGO-DICODUSPORT-2020-SANS-FOND-SANS-TEXTE.png","contentUrl":"https:\/\/dicodusport.fr\/blog\/wp-content\/uploads\/2020\/06\/cropped-LOGO-DICODUSPORT-2020-SANS-FOND-SANS-TEXTE.png","width":512,"height":512,"caption":"Dicodusport"},"image":{"@id":"https:\/\/dicodusport.fr\/blog\/#\/schema\/logo\/image\/"},"sameAs":["https:\/\/www.facebook.com\/dicodusport","https:\/\/x.com\/dicodusport","https:\/\/www.instagram.com\/dicodusport\/","https:\/\/www.youtube.com\/channel\/UC7V2KZ5sd3htJivAbA4ZG3w"],"description":"Dicodusport est l'encyclop\u00e9die de l'actualit\u00e9 sportive.","email":"bonjour@dicodusport.fr","legalName":"DICODUSPORT","foundingDate":"2018-01-14","vatID":"FR71834470973","taxID":"83447097300043","numberOfEmployees":{"@type":"QuantitativeValue","minValue":"1","maxValue":"10"}},{"@type":"Person","@id":"https:\/\/dicodusport.fr\/blog\/#\/schema\/person\/cce96fa88785bd8573e3d43078ac8c79","name":"Arlette Yeye","image":{"@type":"ImageObject","inLanguage":"fr-FR","@id":"https:\/\/dicodusport.fr\/blog\/#\/schema\/person\/image\/","url":"https:\/\/secure.gravatar.com\/avatar\/dca4a6239e6d708e46c45d60e160de6c?s=96&d=wp_user_avatar&r=g","contentUrl":"https:\/\/secure.gravatar.com\/avatar\/dca4a6239e6d708e46c45d60e160de6c?s=96&d=wp_user_avatar&r=g","caption":"Arlette Yeye"},"description":"Journaliste\/r\u00e9dactrice depuis septembre 2015 - Supportrice de Chelsea, j'ai pour sports de pr\u00e9dilection le handball, l'athl\u00e9tisme et le tennis. Si je tweete plus vite que mon ombre, vous pouvez aussi me retrouver les week-ends sur les playgrounds de Bruxelles pour un petit foot ou basket entre potes. Parcourir la France, l'Europe et plus si affinit\u00e9s pour suivre mes sportifs pr\u00e9f\u00e9r\u00e9s ? Mon kif ! Et c'est avec plaisir que je partage les r\u00e9sultats des sports populaires mais \u00e9galement plus confidentiels pour Dicodusport.","sameAs":["https:\/\/x.com\/https:\/\/twitter.com\/Shiclette94"],"url":"https:\/\/dicodusport.fr\/blog\/author\/arlette\/"}]}},"_links":{"self":[{"href":"https:\/\/dicodusport.fr\/blog\/wp-json\/wp\/v2\/posts\/623542","targetHints":{"allow":["GET"]}}],"collection":[{"href":"https:\/\/dicodusport.fr\/blog\/wp-json\/wp\/v2\/posts"}],"about":[{"href":"https:\/\/dicodusport.fr\/blog\/wp-json\/wp\/v2\/types\/post"}],"author":[{"embeddable":true,"href":"https:\/\/dicodusport.fr\/blog\/wp-json\/wp\/v2\/users\/12"}],"replies":[{"embeddable":true,"href":"https:\/\/dicodusport.fr\/blog\/wp-json\/wp\/v2\/comments?post=623542"}],"version-history":[{"count":5,"href":"https:\/\/dicodusport.fr\/blog\/wp-json\/wp\/v2\/posts\/623542\/revisions"}],"predecessor-version":[{"id":626211,"href":"https:\/\/dicodusport.fr\/blog\/wp-json\/wp\/v2\/posts\/623542\/revisions\/626211"}],"wp:featuredmedia":[{"embeddable":true,"href":"https:\/\/dicodusport.fr\/blog\/wp-json\/wp\/v2\/media\/625459"}],"wp:attachment":[{"href":"https:\/\/dicodusport.fr\/blog\/wp-json\/wp\/v2\/media?parent=623542"}],"wp:term":[{"taxonomy":"category","embeddable":true,"href":"https:\/\/dicodusport.fr\/blog\/wp-json\/wp\/v2\/categories?post=623542"},{"taxonomy":"post_tag","embeddable":true,"href":"https:\/\/dicodusport.fr\/blog\/wp-json\/wp\/v2\/tags?post=623542"}],"curies":[{"name":"wp","href":"https:\/\/api.w.org\/{rel}","templated":true}]}}