{"id":623756,"date":"2025-11-09T08:21:17","date_gmt":"2025-11-09T07:21:17","guid":{"rendered":"https:\/\/dicodusport.fr\/blog\/?p=623756&#038;preview=true&#038;preview_id=623756"},"modified":"2025-11-09T08:21:12","modified_gmt":"2025-11-09T07:21:12","slug":"rallye-du-japon-2025-programme-complet-horaires-et-resultats-a-jour","status":"publish","type":"post","link":"https:\/\/dicodusport.fr\/blog\/rallye-du-japon-2025-programme-complet-horaires-et-resultats-a-jour\/","title":{"rendered":"Rallye du Japon 2025 : Les r\u00e9sultats complets"},"content":{"rendered":"<p style=\"text-align: justify;\"><strong><em>D\u00e9couvrez le programme TV complet, les horaires et les r\u00e9sultats en direct des sp\u00e9ciales du Rallye du Japon, 13\u00e8me manche du championnat des rallyes 2025, qui se dispute du jeudi 6 au dimanche 9 novembre 2025.<\/em><\/strong><\/p>\n<ul>\n<li style=\"text-align: justify;\"><strong>\u00c0 ce sujet &#8211; <a href=\"https:\/\/dicodusport.fr\/blog\/rallye-wrc-2025-le-calendrier-complet\/\">Rallye WRC 2025 \u2013 Le calendrier complet<\/a><\/strong><\/li>\n<\/ul>\n<h2 style=\"text-align: justify;\">Rallye du Japon 2025 : une \u00e9preuve cl\u00e9 de la fin de saison WRC<\/h2>\n<p style=\"text-align: justify;\">Le <strong>Rallye du Japon 2025<\/strong>, officiellement baptis\u00e9 <em>FORUM8 Rally Japan<\/em>, se tient du <strong>6 au 9 novembre 2025<\/strong> dans les pr\u00e9fectures d\u2019<strong>Aichi<\/strong> et de <strong>Gifu<\/strong>, avec un quartier g\u00e9n\u00e9ral \u00e0 Toyota City. Cette \u00e9preuve constituera la 13\u1d49 manche du Championnat du monde des rallyes (WRC), avant la finale pr\u00e9vue en Arabie Saoudite.<\/p>\n<p style=\"text-align: justify;\">Disput\u00e9e int\u00e9gralement sur asphalte, la manche japonaise est reconnue comme l\u2019une des plus techniques et exigeantes du calendrier. Ses routes de montagne \u00e9troites, sinueuses et bord\u00e9es de murets exigent une pr\u00e9cision extr\u00eame et une concentration de chaque instant. Le grip y est changeant et la moindre erreur peut co\u00fbter tr\u00e8s cher, ce qui en fait un d\u00e9fi redoutable pour les pilotes comme pour les copilotes.<\/p>\n<h2 style=\"text-align: justify;\">Un parcours s\u00e9lectif et une atmosph\u00e8re unique<\/h2>\n<p style=\"text-align: justify;\">Le parcours 2025 comptera <strong>20 sp\u00e9ciales chronom\u00e9tr\u00e9es<\/strong> r\u00e9parties sur 11 zones, pour un total d\u2019environ <strong>305 kilom\u00e8tres de secteurs comp\u00e9titifs<\/strong>. Le d\u00e9part et l\u2019arriv\u00e9e seront donn\u00e9s depuis <strong>Toyota City<\/strong>, avec une super-sp\u00e9ciale d\u2019ouverture au <strong>Kuragaike Park<\/strong>. Parmi les nouveaut\u00e9s, une nouvelle sp\u00e9ciale baptis\u00e9e <em>Obara<\/em> fait son apparition, ajoutant encore un peu de vari\u00e9t\u00e9 au trac\u00e9.<\/p>\n<p style=\"text-align: justify;\">Bien qu\u2019il n\u2019en soit pas la manche finale, le <strong>Rallye du Japon<\/strong> jouera un r\u00f4le crucial dans la course au titre mondial, les \u00e9carts \u00e9tant souvent minimes \u00e0 ce stade de la saison. Par ailleurs, l\u2019\u00e9v\u00e9nement incarne parfaitement l\u2019esprit du WRC au Japon : une organisation impeccable, un public passionn\u00e9 et une implication forte de Toyota, \u00e0 domicile.<\/p>\n<p style=\"text-align: justify;\">Sous le th\u00e8me <em>Experience Rallying<\/em>, l\u2019\u00e9dition 2025 mettra l\u2019accent sur l\u2019exp\u00e9rience spectateur et la durabilit\u00e9 environnementale, avec des initiatives visant \u00e0 r\u00e9duire l\u2019impact \u00e9cologique de l\u2019\u00e9preuve.<\/p>\n<p style=\"text-align: justify;\">En r\u00e9sum\u00e9, le <strong>Rallye du Japon 2025<\/strong> s\u2019annonce comme une manche cl\u00e9 du championnat : un rendez-vous hautement technique, spectaculaire et d\u00e9cisif, sur les routes exigeantes et embl\u00e9matiques du pays du Soleil-Levant.<\/p>\n<h2 style=\"text-align: justify;\">Rallye du Japon 2025 &#8211; Programme des sp\u00e9ciales, cha\u00eene TV, horaires et r\u00e9sultats<\/h2>\n<p style=\"text-align: justify;\"><span style=\"font-size: 14px;\"><em><strong>La plupart des sp\u00e9ciales sont retransmises sur Canal+ Sport et Canal+ Sport 360.<\/strong><\/em><\/span><\/p>\n<table style=\"width: 1171.48px; border-collapse: collapse;\">\n<tbody>\n<tr>\n<td style=\"background-color: #fc4c02; width: 1336.15px; text-align: center; vertical-align: middle;\" colspan=\"5\"><span style=\"color: #ffffff;\"><strong>JEUDI 6 NOVEMBRE 2025<\/strong><\/span><span style=\"color: #ffffff;\"><strong><br \/>\n<\/strong><\/span><\/td>\n<\/tr>\n<tr>\n<td style=\"text-align: center; vertical-align: middle; width: 84px; background-color: #000000;\"><span style=\"color: #ffffff; font-size: 0.9em;\"><strong>Horaire<\/strong><\/span><\/td>\n<td style=\"text-align: center; vertical-align: middle; width: 748.146px; background-color: #000000;\" colspan=\"2\"><span style=\"color: #ffffff;\"><span style=\"font-size: 0.9em;\"><b>Sp\u00e9ciale<\/b><\/span><\/span><\/td>\n<td style=\"text-align: center; vertical-align: middle; width: 252px; background-color: #000000;\"><span style=\"color: #ffffff; font-size: 0.9em;\"><strong>Vainqueurs<\/strong><\/span><\/td>\n<td style=\"text-align: center; vertical-align: middle; width: 252px; background-color: #000000;\"><span style=\"color: #ffffff; font-size: 0.9em;\"><strong>Leaders<\/strong><\/span><\/td>\n<\/tr>\n<tr>\n<td style=\"text-align: center; vertical-align: middle; width: 84px; font-size: 0.9em;\"><strong>D\u00e8s 1h01<\/strong><\/td>\n<td style=\"text-align: center; vertical-align: middle; width: 748.146px; font-size: 0.9em;\" colspan=\"2\"><strong>Shakedown \u2013 2,75 km<br \/>\n<a href=\"https:\/\/www.wrc.com\/en\/events\/wrc-forum8-rally-japan-2025\/results-wrc-forum8-rally-japan-2025?page=results&amp;tab=stage-times\"><span style=\"font-size: 0.9em;\"><span style=\"font-size: 10.368px;\"><i>Classement<\/i><\/span><\/span><\/a><br \/>\n<\/strong><\/td>\n<td style=\"text-align: center; vertical-align: middle; width: 252px;\"><span style=\"font-size: 0.9em;\"><strong>\ud83c\uddec\ud83c\udde7 Elfyn EVANS \/ \ud83c\uddec\ud83c\udde7 Scott MARTIN<br \/>\n<\/strong><span style=\"font-size: 0.8em;\">TOYOTA<\/span><\/span><\/td>\n<td style=\"text-align: center; vertical-align: middle; width: 252px;\">&#8211;<\/td>\n<\/tr>\n<tr>\n<td style=\"text-align: center; vertical-align: middle; width: 84px; font-size: 0.9em;\"><strong>8h05<\/strong><\/td>\n<td style=\"text-align: center; vertical-align: middle; width: 748.146px;\" colspan=\"2\"><strong><span style=\"font-size: 0.9em;\">ES1 : Kuragaike Park SSS \u2013 2,75 km<br \/>\n<\/span><a href=\"https:\/\/www.wrc.com\/en\/events\/wrc-forum8-rally-japan-2025\/results-wrc-forum8-rally-japan-2025?page=results&amp;tab=stage-times\/#es1\"><span style=\"font-size: 0.9em;\"><span style=\"font-size: 10.368px;\"><i>Classement<\/i><\/span><\/span><\/a><br \/>\n<\/strong><\/td>\n<td style=\"text-align: center; vertical-align: middle; width: 252px;\"><span style=\"font-size: 0.9em;\"><strong>\ud83c\uddeb\ud83c\uddee Kalle ROVANPER\u00c4 \/ \ud83c\uddeb\ud83c\uddee Jonne HALTTUNEN<\/strong><br \/>\n<span style=\"font-size: 0.8em;\">TOYOTA<\/span><\/span><\/td>\n<td style=\"text-align: center; vertical-align: middle; width: 252px;\"><span style=\"font-size: 0.9em;\"><strong>\ud83c\uddeb\ud83c\uddee Kalle ROVANPER\u00c4 \/ \ud83c\uddeb\ud83c\uddee Jonne HALTTUNEN<\/strong><br \/>\n<span style=\"font-size: 0.8em;\">TOYOTA<\/span><\/span><\/td>\n<\/tr>\n<tr>\n<td style=\"text-align: center; vertical-align: middle; width: 84px; font-size: 0.9em;\"><strong>23h11<\/strong><\/td>\n<td style=\"text-align: center; vertical-align: middle; width: 748.146px; font-size: 0.9em;\" colspan=\"2\"><strong>ES2 : Inabu \/ Shitara 1 \u2013 17,08 km<br \/>\n<a href=\"https:\/\/www.wrc.com\/en\/events\/wrc-forum8-rally-japan-2025\/results-wrc-forum8-rally-japan-2025?page=results&amp;tab=stage-times\/#es2\"><span style=\"font-size: 0.9em;\"><span style=\"font-size: 10.368px;\"><i>Classement<\/i><\/span><\/span><\/a><br \/>\n<\/strong><\/td>\n<td style=\"text-align: center; vertical-align: middle; width: 252px;\"><span style=\"font-size: 0.9em;\"><strong>\ud83c\uddeb\ud83c\uddf7 S\u00e9bastien OGIER \/ \ud83c\uddeb\ud83c\uddf7 Vincent LANDAIS<\/strong><br \/>\n<span style=\"font-size: 0.8em;\">TOYOTA<\/span><\/span><\/td>\n<td style=\"text-align: center; vertical-align: middle; width: 252px;\"><span style=\"font-size: 0.9em;\"><strong>\ud83c\uddeb\ud83c\uddf7 S\u00e9bastien OGIER \/ \ud83c\uddeb\ud83c\uddf7 Vincent LANDAIS<\/strong><br \/>\n<span style=\"font-size: 0.8em;\">TOYOTA<\/span><\/span><\/td>\n<\/tr>\n<tr>\n<td style=\"background-color: #fc4c02; width: 1336.15px; text-align: center; vertical-align: middle;\" colspan=\"5\"><span style=\"color: #ffffff;\"><strong>VENDREDI 7 NOVEMBRE 2025<\/strong><\/span><span style=\"color: #ffffff;\"><strong><br \/>\n<\/strong><\/span><\/td>\n<\/tr>\n<tr>\n<td style=\"text-align: center; vertical-align: middle; width: 84px; background-color: #000000;\"><span style=\"color: #ffffff; font-size: 0.9em;\"><strong>Horaire<\/strong><\/span><\/td>\n<td style=\"text-align: center; vertical-align: middle; width: 748.146px; background-color: #000000;\" colspan=\"2\"><span style=\"color: #ffffff;\"><span style=\"font-size: 0.9em;\"><b>Sp\u00e9ciale<\/b><\/span><\/span><\/td>\n<td style=\"text-align: center; vertical-align: middle; width: 252px; background-color: #000000;\"><span style=\"color: #ffffff; font-size: 0.9em;\"><strong>Vainqueurs<\/strong><\/span><\/td>\n<td style=\"text-align: center; vertical-align: middle; width: 252px; background-color: #000000;\"><span style=\"color: #ffffff; font-size: 0.9em;\"><strong>Leaders<\/strong><\/span><\/td>\n<\/tr>\n<tr>\n<td style=\"text-align: center; vertical-align: middle; width: 84px; font-size: 0.9em;\"><strong>0h24<\/strong><\/td>\n<td style=\"text-align: center; vertical-align: middle; width: 748.146px; font-size: 0.9em;\" colspan=\"2\"><strong>ES3 : Shinshiro 1 \u2013 17,41 km<br \/>\n<a href=\"https:\/\/www.wrc.com\/en\/events\/wrc-forum8-rally-japan-2025\/results-wrc-forum8-rally-japan-2025?page=results&amp;tab=stage-times\/#es3\"><span style=\"font-size: 0.9em;\"><span style=\"font-size: 10.368px;\"><i>Classement<\/i><\/span><\/span><\/a><br \/>\n<\/strong><\/td>\n<td style=\"text-align: center; vertical-align: middle; width: 252px;\"><span style=\"font-size: 0.9em;\"><strong>\ud83c\uddef\ud83c\uddf5 Takamoto KATSUTA \/ \ud83c\uddee\ud83c\uddea Aaron JOHNSTON<br \/>\n<\/strong><span style=\"font-size: 0.8em;\">TOYOTA<\/span><\/span><\/td>\n<td style=\"text-align: center; vertical-align: middle; width: 252px;\"><span style=\"font-size: 0.9em;\"><strong>\ud83c\uddef\ud83c\uddf5 Takamoto KATSUTA \/ \ud83c\uddee\ud83c\uddea Aaron JOHNSTON<br \/>\n<\/strong><span style=\"font-size: 0.8em;\">TOYOTA<\/span><\/span><\/td>\n<\/tr>\n<tr>\n<td style=\"text-align: center; vertical-align: middle; width: 84px; font-size: 0.9em;\"><strong>1h57<\/strong><\/td>\n<td style=\"text-align: center; vertical-align: middle; width: 748.146px; font-size: 0.9em;\" colspan=\"2\"><strong>ES4 : Isegami\u2019s Tunnel 1 \u2013 19,66 km<br \/>\n<a href=\"https:\/\/www.wrc.com\/en\/events\/wrc-forum8-rally-japan-2025\/results-wrc-forum8-rally-japan-2025?page=results&amp;tab=stage-times\/#es4\"><span style=\"font-size: 0.9em;\"><span style=\"font-size: 10.368px;\"><i>Classement<\/i><\/span><\/span><\/a><br \/>\n<\/strong><\/td>\n<td style=\"text-align: center; vertical-align: middle; width: 252px;\"><span style=\"font-size: 0.9em;\"><strong>\ud83c\uddec\ud83c\udde7 Elfyn EVANS \/ \ud83c\uddec\ud83c\udde7 Scott MARTIN<br \/>\n<\/strong><span style=\"font-size: 0.8em;\">TOYOTA<\/span><\/span><\/td>\n<td style=\"text-align: center; vertical-align: middle; width: 252px;\"><span style=\"font-size: 0.9em;\"><strong>\ud83c\uddeb\ud83c\uddf7 S\u00e9bastien OGIER \/ \ud83c\uddeb\ud83c\uddf7 Vincent LANDAIS<\/strong><br \/>\n<span style=\"font-size: 0.8em;\">TOYOTA<\/span><\/span><\/td>\n<\/tr>\n<tr>\n<td style=\"text-align: center; vertical-align: middle; width: 84px; font-size: 0.9em;\"><strong>5h40<\/strong><\/td>\n<td style=\"text-align: center; vertical-align: middle; width: 748.146px; font-size: 0.9em;\" colspan=\"2\"><strong>ES5 : Isegami\u2019s Tunnel 2 \u2013 19,66 km<br \/>\n<a href=\"https:\/\/www.wrc.com\/en\/events\/wrc-forum8-rally-japan-2025\/results-wrc-forum8-rally-japan-2025?page=results&amp;tab=stage-times\/#es5\"><span style=\"font-size: 0.9em;\"><span style=\"font-size: 10.368px;\"><i>Classement<\/i><\/span><\/span><\/a><br \/>\n<\/strong><\/td>\n<td style=\"text-align: center; vertical-align: middle; width: 252px;\"><span style=\"font-size: 0.9em;\"><strong>\ud83c\uddeb\ud83c\uddf7 S\u00e9bastien OGIER \/ \ud83c\uddeb\ud83c\uddf7 Vincent LANDAIS<\/strong><br \/>\n<span style=\"font-size: 0.8em;\">TOYOTA<\/span><\/span><\/td>\n<td style=\"text-align: center; vertical-align: middle; width: 252px;\"><span style=\"font-size: 0.9em;\"><strong>\ud83c\uddeb\ud83c\uddf7 S\u00e9bastien OGIER \/ \ud83c\uddeb\ud83c\uddf7 Vincent LANDAIS<\/strong><br \/>\n<span style=\"font-size: 0.8em;\">TOYOTA<\/span><\/span><\/td>\n<\/tr>\n<tr>\n<td style=\"text-align: center; vertical-align: middle; width: 84px; font-size: 0.9em;\"><strong>7h03<\/strong><\/td>\n<td style=\"text-align: center; vertical-align: middle; width: 748.146px; font-size: 0.9em;\" colspan=\"2\"><strong>ES6 : Inabu \/ Shitara 2 \u2013 17,08 km<br \/>\n<a href=\"https:\/\/www.wrc.com\/en\/events\/wrc-forum8-rally-japan-2025\/results-wrc-forum8-rally-japan-2025?page=results&amp;tab=stage-times\/#es6\"><span style=\"font-size: 0.9em;\"><span style=\"font-size: 10.368px;\"><i>Classement<\/i><\/span><\/span><\/a><br \/>\n<\/strong><\/td>\n<td style=\"text-align: center; vertical-align: middle; width: 252px;\"><span style=\"font-size: 0.9em;\"><strong>\ud83c\uddeb\ud83c\uddf7 S\u00e9bastien OGIER \/ \ud83c\uddeb\ud83c\uddf7 Vincent LANDAIS<\/strong><br \/>\n<span style=\"font-size: 0.8em;\">TOYOTA<\/span><\/span><\/td>\n<td style=\"text-align: center; vertical-align: middle; width: 252px;\"><span style=\"font-size: 0.9em;\"><strong>\ud83c\uddeb\ud83c\uddf7 S\u00e9bastien OGIER \/ \ud83c\uddeb\ud83c\uddf7 Vincent LANDAIS<\/strong><br \/>\n<span style=\"font-size: 0.8em;\">TOYOTA<\/span><\/span><\/td>\n<\/tr>\n<tr>\n<td style=\"text-align: center; vertical-align: middle; width: 84px; font-size: 0.9em;\"><strong>8h16<\/strong><\/td>\n<td style=\"text-align: center; vertical-align: middle; width: 748.146px; font-size: 0.9em;\" colspan=\"2\"><strong>ES7 : Shinshiro 2 \u2013 17,41 km<br \/>\n<a href=\"https:\/\/www.wrc.com\/en\/events\/wrc-forum8-rally-japan-2025\/results-wrc-forum8-rally-japan-2025?page=results&amp;tab=stage-times\/#es7\"><span style=\"font-size: 0.9em;\"><span style=\"font-size: 10.368px;\"><i>Classement<\/i><\/span><\/span><\/a><br \/>\n<\/strong><\/td>\n<td style=\"text-align: center; vertical-align: middle; width: 252px;\"><span style=\"font-size: 0.9em;\"><strong>\ud83c\uddec\ud83c\udde7 Elfyn EVANS \/ \ud83c\uddec\ud83c\udde7 Scott MARTIN<br \/>\n<\/strong><span style=\"font-size: 0.8em;\">TOYOTA<\/span><\/span><\/td>\n<td style=\"text-align: center; vertical-align: middle; width: 252px;\"><span style=\"font-size: 0.9em;\"><strong>\ud83c\uddeb\ud83c\uddf7 S\u00e9bastien OGIER \/ \ud83c\uddeb\ud83c\uddf7 Vincent LANDAIS<\/strong><br \/>\n<span style=\"font-size: 0.8em;\">TOYOTA<\/span><\/span><\/td>\n<\/tr>\n<tr>\n<td style=\"text-align: center; vertical-align: middle; width: 84px; font-size: 0.9em;\"><strong>23h23<\/strong><\/td>\n<td style=\"text-align: center; vertical-align: middle; width: 748.146px; font-size: 0.9em;\" colspan=\"2\"><strong>ES8 : Obara 1 \u2013 16,44 km<br \/>\n<a href=\"https:\/\/www.wrc.com\/en\/events\/wrc-forum8-rally-japan-2025\/results-wrc-forum8-rally-japan-2025?page=results&amp;tab=stage-times\/#es8\"><span style=\"font-size: 0.9em;\"><span style=\"font-size: 10.368px;\"><i>Classement<\/i><\/span><\/span><\/a><br \/>\n<\/strong><\/td>\n<td style=\"text-align: center; vertical-align: middle; width: 252px;\"><span style=\"font-size: 0.9em;\"><strong>\ud83c\uddeb\ud83c\uddf7 Adrien FOURMAUX \/ \ud83c\uddeb\ud83c\uddf7 Alexandre CORIA<\/strong><br \/>\n<span style=\"font-size: 0.8em;\">HYUNDAI<\/span><\/span><\/td>\n<td style=\"text-align: center; vertical-align: middle; width: 252px;\"><span style=\"font-size: 0.9em;\"><strong>\ud83c\uddeb\ud83c\uddf7 S\u00e9bastien OGIER \/ \ud83c\uddeb\ud83c\uddf7 Vincent LANDAIS<\/strong><br \/>\n<span style=\"font-size: 0.8em;\">TOYOTA<\/span><\/span><\/td>\n<\/tr>\n<tr>\n<td style=\"background-color: #fc4c02; width: 1336.15px; text-align: center; vertical-align: middle;\" colspan=\"5\"><span style=\"color: #ffffff;\"><strong>SAMEDI 8 NOVEMBRE 2025<\/strong><\/span><\/td>\n<\/tr>\n<tr>\n<td style=\"text-align: center; vertical-align: middle; width: 84px; background-color: #000000;\"><span style=\"color: #ffffff; font-size: 0.9em;\"><strong>Horaire<\/strong><\/span><\/td>\n<td style=\"text-align: center; vertical-align: middle; width: 748.146px; background-color: #000000;\" colspan=\"2\"><span style=\"color: #ffffff;\"><span style=\"font-size: 0.9em;\"><b>Sp\u00e9ciale<\/b><\/span><\/span><\/td>\n<td style=\"text-align: center; vertical-align: middle; width: 252px; background-color: #000000;\"><span style=\"color: #ffffff; font-size: 0.9em;\"><strong>Vainqueurs<\/strong><\/span><\/td>\n<td style=\"text-align: center; vertical-align: middle; width: 252px; background-color: #000000;\"><span style=\"color: #ffffff; font-size: 0.9em;\"><strong>Leaders<\/strong><\/span><\/td>\n<\/tr>\n<tr>\n<td style=\"text-align: center; vertical-align: middle; width: 84px; font-size: 0.9em;\"><strong>0h34<\/strong><\/td>\n<td style=\"text-align: center; vertical-align: middle; width: 748.146px; font-size: 0.9em;\" colspan=\"2\"><strong>ES9 : Ena 1 \u2013 21,25 km<br \/>\n<a href=\"https:\/\/www.wrc.com\/en\/events\/wrc-forum8-rally-japan-2025\/results-wrc-forum8-rally-japan-2025?page=results&amp;tab=stage-times\/#es9\"><span style=\"font-size: 0.9em;\"><span style=\"font-size: 10.368px;\"><i>Classement<\/i><\/span><\/span><\/a><br \/>\n<\/strong><\/td>\n<td style=\"text-align: center; vertical-align: middle; width: 252px;\"><span style=\"font-size: 0.9em;\"><strong>\ud83c\uddeb\ud83c\uddf7 Adrien FOURMAUX \/ \ud83c\uddeb\ud83c\uddf7 Alexandre CORIA<\/strong><br \/>\n<span style=\"font-size: 0.8em;\">HYUNDAI<\/span><\/span><\/td>\n<td style=\"text-align: center; vertical-align: middle; width: 252px;\"><span style=\"font-size: 0.9em;\"><strong>\ud83c\uddeb\ud83c\uddf7 S\u00e9bastien OGIER \/ \ud83c\uddeb\ud83c\uddf7 Vincent LANDAIS<\/strong><br \/>\n<span style=\"font-size: 0.8em;\">TOYOTA<\/span><\/span><\/td>\n<\/tr>\n<tr>\n<td style=\"text-align: center; vertical-align: middle; width: 84px; font-size: 0.9em;\"><strong>2h05<\/strong><\/td>\n<td style=\"text-align: center; vertical-align: middle; width: 748.146px; font-size: 0.9em;\" colspan=\"2\"><strong>ES10 : Mt. Kasagi 1 \u2013 21,74 km<br \/>\n<a href=\"https:\/\/www.wrc.com\/en\/events\/wrc-forum8-rally-japan-2025\/results-wrc-forum8-rally-japan-2025?page=results&amp;tab=stage-times\/#es10\"><span style=\"font-size: 0.9em;\"><span style=\"font-size: 10.368px;\"><i>Classement<\/i><\/span><\/span><\/a><br \/>\n<\/strong><\/td>\n<td style=\"text-align: center; vertical-align: middle; width: 252px;\"><span style=\"font-size: 0.9em;\"><strong>\ud83c\uddec\ud83c\udde7 Elfyn EVANS \/ \ud83c\uddec\ud83c\udde7 Scott MARTIN<br \/>\n<\/strong><span style=\"font-size: 0.8em;\">TOYOTA<\/span><\/span><\/td>\n<td style=\"text-align: center; vertical-align: middle; width: 252px;\"><span style=\"font-size: 0.9em;\"><strong>\ud83c\uddeb\ud83c\uddf7 S\u00e9bastien OGIER \/ \ud83c\uddeb\ud83c\uddf7 Vincent LANDAIS<\/strong><br \/>\n<span style=\"font-size: 0.8em;\">TOYOTA<\/span><\/span><\/td>\n<\/tr>\n<tr>\n<td style=\"text-align: center; vertical-align: middle; width: 84px; font-size: 0.9em;\"><strong>4h35<\/strong><\/td>\n<td style=\"text-align: center; vertical-align: middle; width: 748.146px; font-size: 0.9em;\" colspan=\"2\"><strong>ES11 : Mt. Kasagi 2 \u2013 21,74 km<br \/>\n<a href=\"https:\/\/www.wrc.com\/en\/events\/wrc-forum8-rally-japan-2025\/results-wrc-forum8-rally-japan-2025?page=results&amp;tab=stage-times\/#es11\"><span style=\"font-size: 0.9em;\"><span style=\"font-size: 10.368px;\"><i>Classement<\/i><\/span><\/span><\/a><br \/>\n<\/strong><\/td>\n<td style=\"text-align: center; vertical-align: middle; width: 252px;\"><span style=\"font-size: 0.9em;\"><strong>\ud83c\uddec\ud83c\udde7 Elfyn EVANS \/ \ud83c\uddec\ud83c\udde7 Scott MARTIN<br \/>\n<\/strong><span style=\"font-size: 0.8em;\">TOYOTA<\/span><\/span><\/td>\n<td style=\"text-align: center; vertical-align: middle; width: 252px;\"><span style=\"font-size: 0.9em;\"><strong>\ud83c\uddeb\ud83c\uddf7 S\u00e9bastien OGIER \/ \ud83c\uddeb\ud83c\uddf7 Vincent LANDAIS<\/strong><br \/>\n<span style=\"font-size: 0.8em;\">TOYOTA<\/span><\/span><\/td>\n<\/tr>\n<tr>\n<td style=\"text-align: center; vertical-align: middle; width: 84px; font-size: 0.9em;\"><strong>6h08<\/strong><\/td>\n<td style=\"text-align: center; vertical-align: middle; width: 748.146px; font-size: 0.9em;\" colspan=\"2\"><strong> ES12 : Ena 2 \u2013 21,25 km<br \/>\n<a href=\"https:\/\/www.wrc.com\/en\/events\/wrc-forum8-rally-japan-2025\/results-wrc-forum8-rally-japan-2025?page=results&amp;tab=stage-times\/#es12\"><span style=\"font-size: 0.9em;\"><span style=\"font-size: 10.368px;\"><i>Classement<\/i><\/span><\/span><\/a><br \/>\n<\/strong><\/td>\n<td style=\"text-align: center; vertical-align: middle; width: 252px;\"><span style=\"font-size: 0.9em;\"><strong>\ud83c\uddeb\ud83c\uddf7 S\u00e9bastien OGIER \/ \ud83c\uddeb\ud83c\uddf7 Vincent LANDAIS<\/strong><br \/>\n<span style=\"font-size: 0.8em;\">TOYOTA<\/span><\/span><\/td>\n<td style=\"text-align: center; vertical-align: middle; width: 252px;\"><span style=\"font-size: 0.9em;\"><strong>\ud83c\uddeb\ud83c\uddf7 S\u00e9bastien OGIER \/ \ud83c\uddeb\ud83c\uddf7 Vincent LANDAIS<\/strong><br \/>\n<span style=\"font-size: 0.8em;\">TOYOTA<\/span><\/span><\/td>\n<\/tr>\n<tr>\n<td style=\"text-align: center; vertical-align: middle; width: 84px; font-size: 0.9em;\"><strong>7h21<\/strong><\/td>\n<td style=\"text-align: center; vertical-align: middle; width: 748.146px; font-size: 0.9em;\" colspan=\"2\"><strong>ES13 : Obara 2 \u2013 16,44 km<br \/>\n<a href=\"https:\/\/www.wrc.com\/en\/events\/wrc-forum8-rally-japan-2025\/results-wrc-forum8-rally-japan-2025?page=results&amp;tab=stage-times\/#es13\"><span style=\"font-size: 0.9em;\"><span style=\"font-size: 10.368px;\"><i>Classement<\/i><\/span><\/span><\/a><br \/>\n<\/strong><\/td>\n<td style=\"text-align: center; vertical-align: middle; width: 252px;\"><span style=\"font-size: 0.9em;\"><strong>\ud83c\uddeb\ud83c\uddf7 S\u00e9bastien OGIER \/ \ud83c\uddeb\ud83c\uddf7 Vincent LANDAIS<\/strong><br \/>\n<span style=\"font-size: 0.8em;\">TOYOTA<\/span><\/span><\/td>\n<td style=\"text-align: center; vertical-align: middle; width: 252px;\"><span style=\"font-size: 0.9em;\"><strong>\ud83c\uddeb\ud83c\uddf7 S\u00e9bastien OGIER \/ \ud83c\uddeb\ud83c\uddf7 Vincent LANDAIS<\/strong><br \/>\n<span style=\"font-size: 0.8em;\">TOYOTA<\/span><\/span><\/td>\n<\/tr>\n<tr>\n<td style=\"text-align: center; vertical-align: middle; width: 84px; font-size: 0.9em;\"><strong>9h35<\/strong><\/td>\n<td style=\"text-align: center; vertical-align: middle; width: 748.146px; font-size: 0.9em;\" colspan=\"2\"><strong>ES14 : Toyota City SSS \u2013 3,05 km<br \/>\n<a href=\"https:\/\/www.wrc.com\/en\/events\/wrc-forum8-rally-japan-2025\/results-wrc-forum8-rally-japan-2025?page=results&amp;tab=stage-times\/#es14\"><span style=\"font-size: 0.9em;\"><span style=\"font-size: 10.368px;\"><i>Classement<\/i><\/span><\/span><\/a><br \/>\n<\/strong><\/td>\n<td style=\"text-align: center; vertical-align: middle; width: 252px;\"><span style=\"font-size: 0.9em;\"><strong>\ud83c\uddeb\ud83c\uddf7 S\u00e9bastien OGIER \/ \ud83c\uddeb\ud83c\uddf7 Vincent LANDAIS<\/strong><br \/>\n<span style=\"font-size: 0.8em;\">TOYOTA<\/span><\/span><\/td>\n<td style=\"text-align: center; vertical-align: middle; width: 252px;\"><span style=\"font-size: 0.9em;\"><strong>\ud83c\uddeb\ud83c\uddf7 S\u00e9bastien OGIER \/ \ud83c\uddeb\ud83c\uddf7 Vincent LANDAIS<\/strong><br \/>\n<span style=\"font-size: 0.8em;\">TOYOTA<\/span><\/span><\/td>\n<\/tr>\n<tr>\n<td style=\"background-color: #fc4c02; width: 1336.15px; text-align: center; vertical-align: middle;\" colspan=\"5\"><span style=\"color: #ffffff;\"><strong>DIMANCHE 9 NOVEMBRE 2025<\/strong><\/span><\/td>\n<\/tr>\n<tr>\n<td style=\"text-align: center; vertical-align: middle; width: 84px; background-color: #000000;\"><span style=\"color: #ffffff; font-size: 0.9em;\"><strong>Horaire<\/strong><\/span><\/td>\n<td style=\"text-align: center; vertical-align: middle; width: 748.146px; background-color: #000000;\" colspan=\"2\"><span style=\"color: #ffffff;\"><span style=\"font-size: 0.9em;\"><b>Sp\u00e9ciale<\/b><\/span><\/span><\/td>\n<td style=\"text-align: center; vertical-align: middle; width: 252px; background-color: #000000;\"><span style=\"color: #ffffff; font-size: 0.9em;\"><strong>Vainqueurs<\/strong><\/span><\/td>\n<td style=\"text-align: center; vertical-align: middle; width: 252px; background-color: #000000;\"><span style=\"color: #ffffff; font-size: 0.9em;\"><strong>Leaders<\/strong><\/span><\/td>\n<\/tr>\n<tr>\n<td style=\"text-align: center; vertical-align: middle; width: 84px; font-size: 0.9em;\"><strong>0h39<\/strong><\/td>\n<td style=\"text-align: center; vertical-align: middle; font-size: 0.9em; width: 748.146px;\" colspan=\"2\"><strong>ES15 : Nukata 1 \u2013 20,23 km<br \/>\n<a href=\"https:\/\/www.wrc.com\/en\/events\/wrc-forum8-rally-japan-2025\/results-wrc-forum8-rally-japan-2025?page=results&amp;tab=stage-times\/#es15\"><span style=\"font-size: 0.9em;\"><span style=\"font-size: 10.368px;\"><i>Classement<\/i><\/span><\/span><\/a><br \/>\n<\/strong><\/td>\n<td style=\"text-align: center; vertical-align: middle; width: 252px;\"><span style=\"font-size: 0.9em;\"><strong>\ud83c\uddea\ud83c\uddea Ott T\u00c4NAK \/ \ud83c\uddea\ud83c\uddea Martin J\u00c4RVEOJA<\/strong><br \/>\n<span style=\"font-size: 0.8em;\">HYUNDAI<\/span><\/span><\/td>\n<td style=\"text-align: center; vertical-align: middle; width: 252px;\"><span style=\"font-size: 0.9em;\"><strong>\ud83c\uddeb\ud83c\uddf7 S\u00e9bastien OGIER \/ \ud83c\uddeb\ud83c\uddf7 Vincent LANDAIS<\/strong><br \/>\n<span style=\"font-size: 0.8em;\">TOYOTA<\/span><\/span><\/td>\n<\/tr>\n<tr>\n<td style=\"text-align: center; vertical-align: middle; width: 84px; font-size: 0.9em;\"><strong>1h35<\/strong><\/td>\n<td style=\"text-align: center; vertical-align: middle; font-size: 0.9em; width: 748.146px;\" colspan=\"2\"><strong>ES16 : Lake Mikawako 1 \u2013 13,98 km<br \/>\n<a href=\"https:\/\/www.wrc.com\/en\/events\/wrc-forum8-rally-japan-2025\/results-wrc-forum8-rally-japan-2025?page=results&amp;tab=stage-times\/#es16\"><span style=\"font-size: 0.9em;\"><span style=\"font-size: 10.368px;\"><i>Classement<\/i><\/span><\/span><\/a><br \/>\n<\/strong><\/td>\n<td style=\"text-align: center; vertical-align: middle; width: 252px;\"><span style=\"font-size: 0.9em;\"><strong>\ud83c\uddeb\ud83c\uddf7 S\u00e9bastien OGIER \/ \ud83c\uddeb\ud83c\uddf7 Vincent LANDAIS<\/strong><br \/>\n<span style=\"font-size: 0.8em;\">TOYOTA<\/span><\/span><\/td>\n<td style=\"text-align: center; vertical-align: middle; width: 252px;\"><span style=\"font-size: 0.9em;\"><strong>\ud83c\uddeb\ud83c\uddf7 S\u00e9bastien OGIER \/ \ud83c\uddeb\ud83c\uddf7 Vincent LANDAIS<\/strong><br \/>\n<span style=\"font-size: 0.8em;\">TOYOTA<\/span><\/span><\/td>\n<\/tr>\n<tr>\n<td style=\"text-align: center; vertical-align: middle; width: 84px; font-size: 0.9em;\"><strong>2h53<\/strong><\/td>\n<td style=\"text-align: center; vertical-align: middle; width: 748.146px; font-size: 0.9em;\" colspan=\"2\"><strong>ES17 : Okazaki SSS 1 \u2013 1,98 km<br \/>\n<a href=\"https:\/\/www.wrc.com\/en\/events\/wrc-forum8-rally-japan-2025\/results-wrc-forum8-rally-japan-2025?page=results&amp;tab=stage-times\/#es17\"><span style=\"font-size: 0.9em;\"><span style=\"font-size: 10.368px;\"><i>Classement<\/i><\/span><\/span><\/a><br \/>\n<\/strong><\/td>\n<td style=\"text-align: center; vertical-align: middle; width: 252px;\"><span style=\"font-size: 0.9em;\"><strong>\ud83c\uddef\ud83c\uddf5 Takamoto KATSUTA \/ \ud83c\uddee\ud83c\uddea Aaron JOHNSTON<br \/>\n<\/strong><span style=\"font-size: 0.8em;\">TOYOTA<\/span><\/span><\/td>\n<td style=\"text-align: center; vertical-align: middle; width: 252px;\"><span style=\"font-size: 0.9em;\"><strong> S\u00e9bastien OGIER \/ \ud83c\uddeb\ud83c\uddf7 Vincent LANDAIS<\/strong><br \/>\n<span style=\"font-size: 0.8em;\">TOYOTA<\/span><\/span><\/td>\n<\/tr>\n<tr>\n<td style=\"text-align: center; vertical-align: middle; width: 84px; font-size: 0.9em;\"><strong>3h04<\/strong><\/td>\n<td style=\"text-align: center; vertical-align: middle; width: 748.146px; font-size: 0.9em;\" colspan=\"2\"><strong>ES18 : Okazaki SSS 2 \u2013 1,98 km<br \/>\n<a href=\"https:\/\/www.wrc.com\/en\/events\/wrc-forum8-rally-japan-2025\/results-wrc-forum8-rally-japan-2025?page=results&amp;tab=stage-times\/#es18\"><span style=\"font-size: 0.9em;\"><span style=\"font-size: 10.368px;\"><i>Classement<\/i><\/span><\/span><\/a><br \/>\n<\/strong><\/td>\n<td style=\"text-align: center; vertical-align: middle; width: 252px;\"><span style=\"font-size: 0.9em;\"><strong>\ud83c\uddef\ud83c\uddf5 Takamoto KATSUTA \/ \ud83c\uddee\ud83c\uddea Aaron JOHNSTON<br \/>\n<\/strong><span style=\"font-size: 0.8em;\">TOYOTA<\/span><\/span><\/td>\n<td style=\"text-align: center; vertical-align: middle; width: 252px;\"><span style=\"font-size: 0.9em;\"><strong>S\u00e9bastien OGIER \/ \ud83c\uddeb\ud83c\uddf7 Vincent LANDAIS<\/strong><br \/>\n<span style=\"font-size: 0.8em;\">TOYOTA<\/span><\/span><\/td>\n<\/tr>\n<tr>\n<td style=\"text-align: center; vertical-align: middle; width: 84px; font-size: 0.9em;\"><strong>4h33<\/strong><\/td>\n<td style=\"text-align: center; vertical-align: middle; font-size: 0.9em; width: 748.146px;\" colspan=\"2\"><strong>ES19 : Nukata 2 \u2013 20,23 km<br \/>\n<a href=\"https:\/\/www.wrc.com\/en\/events\/wrc-forum8-rally-japan-2025\/results-wrc-forum8-rally-japan-2025?page=results&amp;tab=stage-times\/#es19\"><span style=\"font-size: 0.9em;\"><span style=\"font-size: 10.368px;\"><i>Classement<\/i><\/span><\/span><\/a><br \/>\n<\/strong><\/td>\n<td style=\"text-align: center; vertical-align: middle; width: 252px;\"><span style=\"font-size: 0.9em;\"><strong>\ud83c\uddef\ud83c\uddf5 Takamoto KATSUTA \/ \ud83c\uddee\ud83c\uddea Aaron JOHNSTON<br \/>\n<\/strong><span style=\"font-size: 0.8em;\">TOYOTA<\/span><\/span><\/td>\n<td style=\"text-align: center; vertical-align: middle; width: 252px;\"><span style=\"font-size: 0.9em;\"><strong>S\u00e9bastien OGIER \/ \ud83c\uddeb\ud83c\uddf7 Vincent LANDAIS<\/strong><br \/>\n<span style=\"font-size: 0.8em;\">TOYOTA<\/span><\/span><\/td>\n<\/tr>\n<tr>\n<td style=\"text-align: center; vertical-align: middle; width: 84px; font-size: 0.9em;\"><strong>6h15<\/strong><\/td>\n<td style=\"text-align: center; vertical-align: middle; width: 748.146px; font-size: 0.9em;\" colspan=\"2\"><strong>ES20 &#8211; Power Stage : Lake Mikawako 2 \u2013 13,98 km<br \/>\n<a href=\"https:\/\/www.wrc.com\/en\/events\/wrc-forum8-rally-japan-2025\/results-wrc-forum8-rally-japan-2025?page=results&amp;tab=stage-times\/#es20\"><span style=\"font-size: 0.9em;\"><span style=\"font-size: 10.368px;\"><i>Classement<\/i><\/span><\/span><\/a><br \/>\n<\/strong><\/td>\n<td style=\"text-align: center; vertical-align: middle; width: 252px;\"><span style=\"font-size: 0.9em;\"><strong>S\u00e9bastien OGIER \/ \ud83c\uddeb\ud83c\uddf7 Vincent LANDAIS<\/strong><br \/>\n<span style=\"font-size: 0.8em;\">TOYOTA<\/span><\/span><\/td>\n<td style=\"text-align: center; vertical-align: middle; width: 252px;\"><span style=\"font-size: 0.9em;\"><strong>S\u00e9bastien OGIER \/ \ud83c\uddeb\ud83c\uddf7 Vincent LANDAIS<\/strong><br \/>\n<span style=\"font-size: 0.8em;\">TOYOTA<\/span><\/span><\/td>\n<\/tr>\n<\/tbody>\n<\/table>\n<h2 style=\"text-align: justify;\">Le classement g\u00e9n\u00e9ral du Japon 2025<\/h2>\n<div class=\"vlp-link-container vlp-layout-article\"><a href=\"https:\/\/dicodusport.fr\/blog\/rallye-du-japon-2025-classement-general-en-direct\/\" class=\"vlp-link\" title=\"Rallye du Japon 2025 - Classement g\u00e9n\u00e9ral en direct\"><\/a><div class=\"vlp-layout-zone-side\"><div class=\"vlp-block-4 vlp-link-image\"><img loading=\"lazy\" decoding=\"async\" style=\"max-width: 792px;\" width=\"792\" height=\"445\" src=\"https:\/\/dicodusport.fr\/blog\/wp-content\/uploads\/2025\/11\/Rallye-du-Japon-2025-Classement-general-en-direct.png\" class=\"attachment-800x445 size-800x445\" alt=\"\" srcset=\"https:\/\/dicodusport.fr\/blog\/wp-content\/uploads\/2025\/11\/Rallye-du-Japon-2025-Classement-general-en-direct.png 1200w, https:\/\/dicodusport.fr\/blog\/wp-content\/uploads\/2025\/11\/Rallye-du-Japon-2025-Classement-general-en-direct-300x169.png 300w, https:\/\/dicodusport.fr\/blog\/wp-content\/uploads\/2025\/11\/Rallye-du-Japon-2025-Classement-general-en-direct-1024x575.png 1024w, https:\/\/dicodusport.fr\/blog\/wp-content\/uploads\/2025\/11\/Rallye-du-Japon-2025-Classement-general-en-direct-768x431.png 768w\" sizes=\"auto, (max-width: 792px) 100vw, 792px\" \/><\/div><\/div><div class=\"vlp-layout-zone-main\"><div class=\"vlp-block-0 vlp-link-title\">Rallye du Japon 2025 - Classement g\u00e9n\u00e9ral en direct<\/div><div class=\"vlp-block-1 vlp-link-summary\">D\u00e9couvrez le classement g\u00e9n\u00e9ral et les r\u00e9sultats complets du Rallye du Japon 2025, 13\u1d49 manche du WRC, du 6 au 9 novembre.<\/div><div class=\"vlp-block-2 vlp-link-button\">Lire l'article<\/div><div class=\"vlp-block-3 vlp-link-url\">dicodusport.fr<\/div><\/div><\/div>\n<ul>\n<li><strong>\u00c0 ce sujet &#8211; <a href=\"https:\/\/dicodusport.fr\/blog\/rallyes-wrc-2025-classement-general-des-pilotes\/\">Rallyes WRC 2025 \u2013 Classement g\u00e9n\u00e9ral des pilotes<\/a><\/strong><\/li>\n<\/ul>\n<h2 style=\"text-align: justify;\">Le palmar\u00e8s de la saison 2025<\/h2>\n<p style=\"text-align: justify;\"><strong>Rallye Monte Carlo : <\/strong>S\u00e9bastien Ogier (Toyota) \u2013 <a href=\"https:\/\/dicodusport.fr\/blog\/rallye-monte-carlo-2025-le-classement-general-en-direct\/\"><em>Classement final<\/em><\/a><strong><br \/>\nRallye de Su\u00e8de :<\/strong> Elfyn Evans (Toyota) \u2013 <a href=\"https:\/\/dicodusport.fr\/blog\/rallye-de-suede-2025-le-classement-general-en-direct\/\"><em>Classement final<\/em><\/a><br \/>\n<strong>Rallye du Kenya :<\/strong> Elfyn Evans (Toyota) \u2013 <a href=\"https:\/\/dicodusport.fr\/blog\/rallye-du-kenya-2025-le-classement-general-en-direct\/\"><em>Classement final<\/em><\/a><br \/>\n<strong>Rallye des Iles Canaries :<\/strong> Kalle Rovanper\u00e4 (Toyota) \u2013 <a href=\"https:\/\/dicodusport.fr\/blog\/rallye-des-iles-canaries-2025-le-classement-general-en-direct\/\"><em>Classement final<\/em><\/a><br \/>\n<strong>Rallye du Portugal :<\/strong> S\u00e9bastien Ogier (Toyota) \u2013 <a href=\"https:\/\/dicodusport.fr\/blog\/rallye-du-portugal-2025-classement-general-en-direct\/\"><em>Classement final<\/em><\/a><br \/>\n<strong>Rallye de Sardaigne :<\/strong> S\u00e9bastien Ogier (Toyota) \u2013 <a href=\"https:\/\/dicodusport.fr\/blog\/rallye-de-sardaigne-2025-classement-general-en-direct\/\"><em>Classement final<\/em><\/a><br \/>\n<strong>Rallye de l&rsquo;Acropole :<\/strong> Ott T\u00e4nak (Hyundai) \u2013 <a href=\"https:\/\/dicodusport.fr\/blog\/rallye-acropole-2025-classement-general-en-direct\/\"><em>Classement final<\/em><\/a><br \/>\n<strong>Rallye d&rsquo;Estonie :<\/strong> Oliver Solberg (Toyota) \u2013 <a href=\"https:\/\/dicodusport.fr\/blog\/rallye-destonie-2025-classement-general-en-direct\/\"><em>Classement final<\/em><\/a><br \/>\n<strong>Rallye de Finlande :<\/strong> Kalle Rovanper\u00e4 (Toyota) \u2013 <a href=\"https:\/\/dicodusport.fr\/blog\/rallye-de-finlande-2025-classement-general-en-direct\/\"><em>Classement final<\/em><\/a><br \/>\n<strong>Rallye du Paraguay :<\/strong> S\u00e9bastien Ogier (Toyota) \u2013 <a href=\"https:\/\/dicodusport.fr\/blog\/rallye-du-paraguay-2025-classement-general-en-direct\/\"><em>Classement final<\/em><\/a><br \/>\n<strong>Rallye du Chili :<\/strong> S\u00e9bastien Ogier (Toyota) \u2013 <a href=\"https:\/\/dicodusport.fr\/blog\/rallye-du-chili-2025-classement-general-en-direct\/\"><em>Classement final<\/em><\/a><br \/>\n<strong>Rallye d&rsquo;Europe Centrale :<\/strong> Kalle Rovanper\u00e4 (Toyota) \u2013 <a href=\"https:\/\/dicodusport.fr\/blog\/rallye-deurope-centrale-2025-classement-general-en-direct\/\"><em>Classement final<\/em><\/a><\/p>\n","protected":false},"excerpt":{"rendered":"<p>D\u00e9couvrez le programme TV complet, les horaires et les r\u00e9sultats en direct des sp\u00e9ciales du Rallye du Japon, 13\u00e8me manche du championnat des rallyes 2025, qui se dispute du jeudi 6 au dimanche 9 novembre 2025.<\/p>\n","protected":false},"author":4,"featured_media":623778,"comment_status":"open","ping_status":"closed","sticky":false,"template":"","format":"standard","meta":{"_acf_changed":false,"_daextam_enable_autolinks":"1","footnotes":""},"categories":[47088],"tags":[16878,3861,2235],"class_list":["post-623756","post","type-post","status-publish","format-standard","has-post-thumbnail","hentry","category-rallye-wrc","tag-breve","tag-rallye-wrc","tag-wrc"],"acf":[],"yoast_head":"<!-- This site is optimized with the Yoast SEO Premium plugin v26.7 (Yoast SEO v26.7) - https:\/\/yoast.com\/wordpress\/plugins\/seo\/ -->\n<title>Rallye du Japon 2025 : Les r\u00e9sultats complets<\/title>\n<meta name=\"description\" content=\"D\u00e9couvrez le programme TV complet, les horaires et les r\u00e9sultats en direct des sp\u00e9ciales du Rallye du Japon 2025.\" \/>\n<meta name=\"robots\" content=\"index, follow, max-snippet:-1, max-image-preview:large, max-video-preview:-1\" \/>\n<link rel=\"canonical\" href=\"https:\/\/dicodusport.fr\/blog\/rallye-du-japon-2025-programme-complet-horaires-et-resultats-a-jour\/\" \/>\n<meta property=\"og:locale\" content=\"fr_FR\" \/>\n<meta property=\"og:type\" content=\"article\" \/>\n<meta property=\"og:title\" content=\"Rallye du Japon 2025 : Les r\u00e9sultats complets\" \/>\n<meta property=\"og:description\" content=\"D\u00e9couvrez le programme TV complet, les horaires et les r\u00e9sultats en direct des sp\u00e9ciales du Rallye du Japon 2025.\" \/>\n<meta property=\"og:url\" content=\"https:\/\/dicodusport.fr\/blog\/rallye-du-japon-2025-programme-complet-horaires-et-resultats-a-jour\/\" \/>\n<meta property=\"og:site_name\" content=\"Dicodusport\" \/>\n<meta property=\"article:publisher\" content=\"https:\/\/www.facebook.com\/dicodusport\" \/>\n<meta property=\"article:author\" content=\"https:\/\/www.facebook.com\/florent.ostermann\" \/>\n<meta property=\"article:published_time\" content=\"2025-11-09T07:21:17+00:00\" \/>\n<meta property=\"og:image\" content=\"https:\/\/dicodusport.fr\/blog\/wp-content\/uploads\/2025\/11\/Rallye-du-Japon-2025-Programme-complet-Horaires-et-Resultats-a-jour.png\" \/>\n\t<meta property=\"og:image:width\" content=\"1200\" \/>\n\t<meta property=\"og:image:height\" content=\"674\" \/>\n\t<meta property=\"og:image:type\" content=\"image\/png\" \/>\n<meta name=\"author\" content=\"Flo Ostermann\" \/>\n<meta name=\"twitter:card\" content=\"summary_large_image\" \/>\n<meta name=\"twitter:title\" content=\"Rallye du Japon 2025 : Les r\u00e9sultats complets\" \/>\n<meta name=\"twitter:creator\" content=\"@https:\/\/twitter.com\/FlOstermann\" \/>\n<meta name=\"twitter:site\" content=\"@dicodusport\" \/>\n<script type=\"application\/ld+json\" class=\"yoast-schema-graph\">{\"@context\":\"https:\/\/schema.org\",\"@graph\":[{\"@type\":\"NewsArticle\",\"@id\":\"https:\/\/dicodusport.fr\/blog\/rallye-du-japon-2025-programme-complet-horaires-et-resultats-a-jour\/#article\",\"isPartOf\":{\"@id\":\"https:\/\/dicodusport.fr\/blog\/rallye-du-japon-2025-programme-complet-horaires-et-resultats-a-jour\/\"},\"author\":{\"name\":\"Flo Ostermann\",\"@id\":\"https:\/\/dicodusport.fr\/blog\/#\/schema\/person\/cb02af4c173ce4a653b55e9baf388d4a\"},\"headline\":\"Rallye du Japon 2025 : Les r\u00e9sultats complets\",\"datePublished\":\"2025-11-09T07:21:17+00:00\",\"mainEntityOfPage\":{\"@id\":\"https:\/\/dicodusport.fr\/blog\/rallye-du-japon-2025-programme-complet-horaires-et-resultats-a-jour\/\"},\"wordCount\":1017,\"commentCount\":0,\"publisher\":{\"@id\":\"https:\/\/dicodusport.fr\/blog\/#organization\"},\"image\":{\"@id\":\"https:\/\/dicodusport.fr\/blog\/rallye-du-japon-2025-programme-complet-horaires-et-resultats-a-jour\/#primaryimage\"},\"thumbnailUrl\":\"https:\/\/dicodusport.fr\/blog\/wp-content\/uploads\/2025\/11\/Rallye-du-Japon-2025-Programme-complet-Horaires-et-Resultats-a-jour.png\",\"keywords\":[\"br\u00e8ve\",\"Rallye WRC\",\"WRC\"],\"articleSection\":[\"Rallye WRC\"],\"inLanguage\":\"fr-FR\",\"potentialAction\":[{\"@type\":\"CommentAction\",\"name\":\"Comment\",\"target\":[\"https:\/\/dicodusport.fr\/blog\/rallye-du-japon-2025-programme-complet-horaires-et-resultats-a-jour\/#respond\"]}],\"copyrightYear\":\"2025\",\"copyrightHolder\":{\"@id\":\"https:\/\/dicodusport.fr\/blog\/#organization\"}},{\"@type\":\"WebPage\",\"@id\":\"https:\/\/dicodusport.fr\/blog\/rallye-du-japon-2025-programme-complet-horaires-et-resultats-a-jour\/\",\"url\":\"https:\/\/dicodusport.fr\/blog\/rallye-du-japon-2025-programme-complet-horaires-et-resultats-a-jour\/\",\"name\":\"Rallye du Japon 2025 : Les r\u00e9sultats complets\",\"isPartOf\":{\"@id\":\"https:\/\/dicodusport.fr\/blog\/#website\"},\"primaryImageOfPage\":{\"@id\":\"https:\/\/dicodusport.fr\/blog\/rallye-du-japon-2025-programme-complet-horaires-et-resultats-a-jour\/#primaryimage\"},\"image\":{\"@id\":\"https:\/\/dicodusport.fr\/blog\/rallye-du-japon-2025-programme-complet-horaires-et-resultats-a-jour\/#primaryimage\"},\"thumbnailUrl\":\"https:\/\/dicodusport.fr\/blog\/wp-content\/uploads\/2025\/11\/Rallye-du-Japon-2025-Programme-complet-Horaires-et-Resultats-a-jour.png\",\"datePublished\":\"2025-11-09T07:21:17+00:00\",\"description\":\"D\u00e9couvrez le programme TV complet, les horaires et les r\u00e9sultats en direct des sp\u00e9ciales du Rallye du Japon 2025.\",\"breadcrumb\":{\"@id\":\"https:\/\/dicodusport.fr\/blog\/rallye-du-japon-2025-programme-complet-horaires-et-resultats-a-jour\/#breadcrumb\"},\"inLanguage\":\"fr-FR\",\"potentialAction\":[{\"@type\":\"ReadAction\",\"target\":[\"https:\/\/dicodusport.fr\/blog\/rallye-du-japon-2025-programme-complet-horaires-et-resultats-a-jour\/\"]}]},{\"@type\":\"ImageObject\",\"inLanguage\":\"fr-FR\",\"@id\":\"https:\/\/dicodusport.fr\/blog\/rallye-du-japon-2025-programme-complet-horaires-et-resultats-a-jour\/#primaryimage\",\"url\":\"https:\/\/dicodusport.fr\/blog\/wp-content\/uploads\/2025\/11\/Rallye-du-Japon-2025-Programme-complet-Horaires-et-Resultats-a-jour.png\",\"contentUrl\":\"https:\/\/dicodusport.fr\/blog\/wp-content\/uploads\/2025\/11\/Rallye-du-Japon-2025-Programme-complet-Horaires-et-Resultats-a-jour.png\",\"width\":1200,\"height\":674,\"caption\":\"Rallye du Japon 2025 Programme complet, Horaires et R\u00e9sultats \u00e0 jour\"},{\"@type\":\"BreadcrumbList\",\"@id\":\"https:\/\/dicodusport.fr\/blog\/rallye-du-japon-2025-programme-complet-horaires-et-resultats-a-jour\/#breadcrumb\",\"itemListElement\":[{\"@type\":\"ListItem\",\"position\":1,\"name\":\"Accueil\",\"item\":\"https:\/\/dicodusport.fr\/blog\/\"},{\"@type\":\"ListItem\",\"position\":2,\"name\":\"Rallye du Japon 2025 : Les r\u00e9sultats complets\"}]},{\"@type\":\"WebSite\",\"@id\":\"https:\/\/dicodusport.fr\/blog\/#website\",\"url\":\"https:\/\/dicodusport.fr\/blog\/\",\"name\":\"Dicodusport\",\"description\":\"L&#039;encyclop\u00e9die de l&#039;actualit\u00e9 sportive\",\"publisher\":{\"@id\":\"https:\/\/dicodusport.fr\/blog\/#organization\"},\"potentialAction\":[{\"@type\":\"SearchAction\",\"target\":{\"@type\":\"EntryPoint\",\"urlTemplate\":\"https:\/\/dicodusport.fr\/blog\/?s={search_term_string}\"},\"query-input\":{\"@type\":\"PropertyValueSpecification\",\"valueRequired\":true,\"valueName\":\"search_term_string\"}}],\"inLanguage\":\"fr-FR\"},{\"@type\":\"NewsMediaOrganization\",\"@id\":\"https:\/\/dicodusport.fr\/blog\/#organization\",\"name\":\"Dicodusport\",\"url\":\"https:\/\/dicodusport.fr\/blog\/\",\"logo\":{\"@type\":\"ImageObject\",\"inLanguage\":\"fr-FR\",\"@id\":\"https:\/\/dicodusport.fr\/blog\/#\/schema\/logo\/image\/\",\"url\":\"https:\/\/dicodusport.fr\/blog\/wp-content\/uploads\/2020\/06\/cropped-LOGO-DICODUSPORT-2020-SANS-FOND-SANS-TEXTE.png\",\"contentUrl\":\"https:\/\/dicodusport.fr\/blog\/wp-content\/uploads\/2020\/06\/cropped-LOGO-DICODUSPORT-2020-SANS-FOND-SANS-TEXTE.png\",\"width\":512,\"height\":512,\"caption\":\"Dicodusport\"},\"image\":{\"@id\":\"https:\/\/dicodusport.fr\/blog\/#\/schema\/logo\/image\/\"},\"sameAs\":[\"https:\/\/www.facebook.com\/dicodusport\",\"https:\/\/x.com\/dicodusport\",\"https:\/\/www.instagram.com\/dicodusport\/\",\"https:\/\/www.youtube.com\/channel\/UC7V2KZ5sd3htJivAbA4ZG3w\"],\"description\":\"Dicodusport est l'encyclop\u00e9die de l'actualit\u00e9 sportive.\",\"email\":\"bonjour@dicodusport.fr\",\"legalName\":\"DICODUSPORT\",\"foundingDate\":\"2018-01-14\",\"vatID\":\"FR71834470973\",\"taxID\":\"83447097300043\",\"numberOfEmployees\":{\"@type\":\"QuantitativeValue\",\"minValue\":\"1\",\"maxValue\":\"10\"}},{\"@type\":\"Person\",\"@id\":\"https:\/\/dicodusport.fr\/blog\/#\/schema\/person\/cb02af4c173ce4a653b55e9baf388d4a\",\"name\":\"Flo Ostermann\",\"image\":{\"@type\":\"ImageObject\",\"inLanguage\":\"fr-FR\",\"@id\":\"https:\/\/dicodusport.fr\/blog\/#\/schema\/person\/image\/\",\"url\":\"https:\/\/dicodusport.fr\/blog\/wp-content\/uploads\/2021\/05\/Flo-Ostermann-150x150.jpg\",\"contentUrl\":\"https:\/\/dicodusport.fr\/blog\/wp-content\/uploads\/2021\/05\/Flo-Ostermann-150x150.jpg\",\"caption\":\"Flo Ostermann\"},\"description\":\"Journaliste\/R\u00e9dacteur depuis septembre 2015 - Mes premiers souvenirs dans le sport ? Les envol\u00e9es du Stade Toulousain et les duels Villeneuve-Schumacher et H\u00e4kkinen-Schumacher \u00e0 la fin des ann\u00e9es 90, la Coupe du monde de football en 1998, l\u2019exploit du XV de France face aux All Blacks en 1999, mais aussi Richard C\u0153ur de Lion qui vole sur les montagnes du Tour de France. Bien parti pour devenir professeur d\u2019EPS, les \u00e9v\u00e9nements de la vie (et la flemme d\u2019animer des s\u00e9ances de 3x500 m\u00e8tres toute ma vie) m\u2019ont conduit \u00e0 revoir mes plans. Me voil\u00e0 depuis fin 2017 sur Dicodusport, m\u00e9dia gr\u00e2ce (et pour) lequel je partage ma passion : le sport dans tous ses \u00e9tats. Le tout accompagn\u00e9 par les fous furieux et folles furieuses cit\u00e9s sur cette page !\",\"sameAs\":[\"https:\/\/www.facebook.com\/florent.ostermann\",\"https:\/\/x.com\/https:\/\/twitter.com\/FlOstermann\",\"admin\"],\"url\":\"https:\/\/dicodusport.fr\/blog\/author\/flo\/\"}]}<\/script>\n<!-- \/ Yoast SEO Premium plugin. -->","yoast_head_json":{"title":"Rallye du Japon 2025 : Les r\u00e9sultats complets","description":"D\u00e9couvrez le programme TV complet, les horaires et les r\u00e9sultats en direct des sp\u00e9ciales du Rallye du Japon 2025.","robots":{"index":"index","follow":"follow","max-snippet":"max-snippet:-1","max-image-preview":"max-image-preview:large","max-video-preview":"max-video-preview:-1"},"canonical":"https:\/\/dicodusport.fr\/blog\/rallye-du-japon-2025-programme-complet-horaires-et-resultats-a-jour\/","og_locale":"fr_FR","og_type":"article","og_title":"Rallye du Japon 2025 : Les r\u00e9sultats complets","og_description":"D\u00e9couvrez le programme TV complet, les horaires et les r\u00e9sultats en direct des sp\u00e9ciales du Rallye du Japon 2025.","og_url":"https:\/\/dicodusport.fr\/blog\/rallye-du-japon-2025-programme-complet-horaires-et-resultats-a-jour\/","og_site_name":"Dicodusport","article_publisher":"https:\/\/www.facebook.com\/dicodusport","article_author":"https:\/\/www.facebook.com\/florent.ostermann","article_published_time":"2025-11-09T07:21:17+00:00","og_image":[{"width":1200,"height":674,"url":"https:\/\/dicodusport.fr\/blog\/wp-content\/uploads\/2025\/11\/Rallye-du-Japon-2025-Programme-complet-Horaires-et-Resultats-a-jour.png","type":"image\/png"}],"author":"Flo Ostermann","twitter_card":"summary_large_image","twitter_title":"Rallye du Japon 2025 : Les r\u00e9sultats complets","twitter_creator":"@https:\/\/twitter.com\/FlOstermann","twitter_site":"@dicodusport","schema":{"@context":"https:\/\/schema.org","@graph":[{"@type":"NewsArticle","@id":"https:\/\/dicodusport.fr\/blog\/rallye-du-japon-2025-programme-complet-horaires-et-resultats-a-jour\/#article","isPartOf":{"@id":"https:\/\/dicodusport.fr\/blog\/rallye-du-japon-2025-programme-complet-horaires-et-resultats-a-jour\/"},"author":{"name":"Flo Ostermann","@id":"https:\/\/dicodusport.fr\/blog\/#\/schema\/person\/cb02af4c173ce4a653b55e9baf388d4a"},"headline":"Rallye du Japon 2025 : Les r\u00e9sultats complets","datePublished":"2025-11-09T07:21:17+00:00","mainEntityOfPage":{"@id":"https:\/\/dicodusport.fr\/blog\/rallye-du-japon-2025-programme-complet-horaires-et-resultats-a-jour\/"},"wordCount":1017,"commentCount":0,"publisher":{"@id":"https:\/\/dicodusport.fr\/blog\/#organization"},"image":{"@id":"https:\/\/dicodusport.fr\/blog\/rallye-du-japon-2025-programme-complet-horaires-et-resultats-a-jour\/#primaryimage"},"thumbnailUrl":"https:\/\/dicodusport.fr\/blog\/wp-content\/uploads\/2025\/11\/Rallye-du-Japon-2025-Programme-complet-Horaires-et-Resultats-a-jour.png","keywords":["br\u00e8ve","Rallye WRC","WRC"],"articleSection":["Rallye WRC"],"inLanguage":"fr-FR","potentialAction":[{"@type":"CommentAction","name":"Comment","target":["https:\/\/dicodusport.fr\/blog\/rallye-du-japon-2025-programme-complet-horaires-et-resultats-a-jour\/#respond"]}],"copyrightYear":"2025","copyrightHolder":{"@id":"https:\/\/dicodusport.fr\/blog\/#organization"}},{"@type":"WebPage","@id":"https:\/\/dicodusport.fr\/blog\/rallye-du-japon-2025-programme-complet-horaires-et-resultats-a-jour\/","url":"https:\/\/dicodusport.fr\/blog\/rallye-du-japon-2025-programme-complet-horaires-et-resultats-a-jour\/","name":"Rallye du Japon 2025 : Les r\u00e9sultats complets","isPartOf":{"@id":"https:\/\/dicodusport.fr\/blog\/#website"},"primaryImageOfPage":{"@id":"https:\/\/dicodusport.fr\/blog\/rallye-du-japon-2025-programme-complet-horaires-et-resultats-a-jour\/#primaryimage"},"image":{"@id":"https:\/\/dicodusport.fr\/blog\/rallye-du-japon-2025-programme-complet-horaires-et-resultats-a-jour\/#primaryimage"},"thumbnailUrl":"https:\/\/dicodusport.fr\/blog\/wp-content\/uploads\/2025\/11\/Rallye-du-Japon-2025-Programme-complet-Horaires-et-Resultats-a-jour.png","datePublished":"2025-11-09T07:21:17+00:00","description":"D\u00e9couvrez le programme TV complet, les horaires et les r\u00e9sultats en direct des sp\u00e9ciales du Rallye du Japon 2025.","breadcrumb":{"@id":"https:\/\/dicodusport.fr\/blog\/rallye-du-japon-2025-programme-complet-horaires-et-resultats-a-jour\/#breadcrumb"},"inLanguage":"fr-FR","potentialAction":[{"@type":"ReadAction","target":["https:\/\/dicodusport.fr\/blog\/rallye-du-japon-2025-programme-complet-horaires-et-resultats-a-jour\/"]}]},{"@type":"ImageObject","inLanguage":"fr-FR","@id":"https:\/\/dicodusport.fr\/blog\/rallye-du-japon-2025-programme-complet-horaires-et-resultats-a-jour\/#primaryimage","url":"https:\/\/dicodusport.fr\/blog\/wp-content\/uploads\/2025\/11\/Rallye-du-Japon-2025-Programme-complet-Horaires-et-Resultats-a-jour.png","contentUrl":"https:\/\/dicodusport.fr\/blog\/wp-content\/uploads\/2025\/11\/Rallye-du-Japon-2025-Programme-complet-Horaires-et-Resultats-a-jour.png","width":1200,"height":674,"caption":"Rallye du Japon 2025 Programme complet, Horaires et R\u00e9sultats \u00e0 jour"},{"@type":"BreadcrumbList","@id":"https:\/\/dicodusport.fr\/blog\/rallye-du-japon-2025-programme-complet-horaires-et-resultats-a-jour\/#breadcrumb","itemListElement":[{"@type":"ListItem","position":1,"name":"Accueil","item":"https:\/\/dicodusport.fr\/blog\/"},{"@type":"ListItem","position":2,"name":"Rallye du Japon 2025 : Les r\u00e9sultats complets"}]},{"@type":"WebSite","@id":"https:\/\/dicodusport.fr\/blog\/#website","url":"https:\/\/dicodusport.fr\/blog\/","name":"Dicodusport","description":"L&#039;encyclop\u00e9die de l&#039;actualit\u00e9 sportive","publisher":{"@id":"https:\/\/dicodusport.fr\/blog\/#organization"},"potentialAction":[{"@type":"SearchAction","target":{"@type":"EntryPoint","urlTemplate":"https:\/\/dicodusport.fr\/blog\/?s={search_term_string}"},"query-input":{"@type":"PropertyValueSpecification","valueRequired":true,"valueName":"search_term_string"}}],"inLanguage":"fr-FR"},{"@type":"NewsMediaOrganization","@id":"https:\/\/dicodusport.fr\/blog\/#organization","name":"Dicodusport","url":"https:\/\/dicodusport.fr\/blog\/","logo":{"@type":"ImageObject","inLanguage":"fr-FR","@id":"https:\/\/dicodusport.fr\/blog\/#\/schema\/logo\/image\/","url":"https:\/\/dicodusport.fr\/blog\/wp-content\/uploads\/2020\/06\/cropped-LOGO-DICODUSPORT-2020-SANS-FOND-SANS-TEXTE.png","contentUrl":"https:\/\/dicodusport.fr\/blog\/wp-content\/uploads\/2020\/06\/cropped-LOGO-DICODUSPORT-2020-SANS-FOND-SANS-TEXTE.png","width":512,"height":512,"caption":"Dicodusport"},"image":{"@id":"https:\/\/dicodusport.fr\/blog\/#\/schema\/logo\/image\/"},"sameAs":["https:\/\/www.facebook.com\/dicodusport","https:\/\/x.com\/dicodusport","https:\/\/www.instagram.com\/dicodusport\/","https:\/\/www.youtube.com\/channel\/UC7V2KZ5sd3htJivAbA4ZG3w"],"description":"Dicodusport est l'encyclop\u00e9die de l'actualit\u00e9 sportive.","email":"bonjour@dicodusport.fr","legalName":"DICODUSPORT","foundingDate":"2018-01-14","vatID":"FR71834470973","taxID":"83447097300043","numberOfEmployees":{"@type":"QuantitativeValue","minValue":"1","maxValue":"10"}},{"@type":"Person","@id":"https:\/\/dicodusport.fr\/blog\/#\/schema\/person\/cb02af4c173ce4a653b55e9baf388d4a","name":"Flo Ostermann","image":{"@type":"ImageObject","inLanguage":"fr-FR","@id":"https:\/\/dicodusport.fr\/blog\/#\/schema\/person\/image\/","url":"https:\/\/dicodusport.fr\/blog\/wp-content\/uploads\/2021\/05\/Flo-Ostermann-150x150.jpg","contentUrl":"https:\/\/dicodusport.fr\/blog\/wp-content\/uploads\/2021\/05\/Flo-Ostermann-150x150.jpg","caption":"Flo Ostermann"},"description":"Journaliste\/R\u00e9dacteur depuis septembre 2015 - Mes premiers souvenirs dans le sport ? Les envol\u00e9es du Stade Toulousain et les duels Villeneuve-Schumacher et H\u00e4kkinen-Schumacher \u00e0 la fin des ann\u00e9es 90, la Coupe du monde de football en 1998, l\u2019exploit du XV de France face aux All Blacks en 1999, mais aussi Richard C\u0153ur de Lion qui vole sur les montagnes du Tour de France. Bien parti pour devenir professeur d\u2019EPS, les \u00e9v\u00e9nements de la vie (et la flemme d\u2019animer des s\u00e9ances de 3x500 m\u00e8tres toute ma vie) m\u2019ont conduit \u00e0 revoir mes plans. Me voil\u00e0 depuis fin 2017 sur Dicodusport, m\u00e9dia gr\u00e2ce (et pour) lequel je partage ma passion : le sport dans tous ses \u00e9tats. Le tout accompagn\u00e9 par les fous furieux et folles furieuses cit\u00e9s sur cette page !","sameAs":["https:\/\/www.facebook.com\/florent.ostermann","https:\/\/x.com\/https:\/\/twitter.com\/FlOstermann","admin"],"url":"https:\/\/dicodusport.fr\/blog\/author\/flo\/"}]}},"_links":{"self":[{"href":"https:\/\/dicodusport.fr\/blog\/wp-json\/wp\/v2\/posts\/623756","targetHints":{"allow":["GET"]}}],"collection":[{"href":"https:\/\/dicodusport.fr\/blog\/wp-json\/wp\/v2\/posts"}],"about":[{"href":"https:\/\/dicodusport.fr\/blog\/wp-json\/wp\/v2\/types\/post"}],"author":[{"embeddable":true,"href":"https:\/\/dicodusport.fr\/blog\/wp-json\/wp\/v2\/users\/4"}],"replies":[{"embeddable":true,"href":"https:\/\/dicodusport.fr\/blog\/wp-json\/wp\/v2\/comments?post=623756"}],"version-history":[{"count":6,"href":"https:\/\/dicodusport.fr\/blog\/wp-json\/wp\/v2\/posts\/623756\/revisions"}],"predecessor-version":[{"id":624785,"href":"https:\/\/dicodusport.fr\/blog\/wp-json\/wp\/v2\/posts\/623756\/revisions\/624785"}],"wp:featuredmedia":[{"embeddable":true,"href":"https:\/\/dicodusport.fr\/blog\/wp-json\/wp\/v2\/media\/623778"}],"wp:attachment":[{"href":"https:\/\/dicodusport.fr\/blog\/wp-json\/wp\/v2\/media?parent=623756"}],"wp:term":[{"taxonomy":"category","embeddable":true,"href":"https:\/\/dicodusport.fr\/blog\/wp-json\/wp\/v2\/categories?post=623756"},{"taxonomy":"post_tag","embeddable":true,"href":"https:\/\/dicodusport.fr\/blog\/wp-json\/wp\/v2\/tags?post=623756"}],"curies":[{"name":"wp","href":"https:\/\/api.w.org\/{rel}","templated":true}]}}