{"id":623857,"date":"2025-11-05T14:00:33","date_gmt":"2025-11-05T13:00:33","guid":{"rendered":"https:\/\/dicodusport.fr\/blog\/?p=623857&#038;preview=true&#038;preview_id=623857"},"modified":"2025-11-05T12:47:50","modified_gmt":"2025-11-05T11:47:50","slug":"ligue-2-apres-un-ete-agite-lusl-dunkerque-monte-en-puissance","status":"publish","type":"post","link":"https:\/\/dicodusport.fr\/blog\/ligue-2-apres-un-ete-agite-lusl-dunkerque-monte-en-puissance\/","title":{"rendered":"Ligue 2\u00a0: Apr\u00e8s un \u00e9t\u00e9 agit\u00e9, l\u2019USL Dunkerque monte en puissance"},"content":{"rendered":"<p style=\"text-align: justify;\"><strong><em>LIGUE 2 2025\/2026 \u2013 Belle surprise du championnat la saison derni\u00e8re, l\u2019USL Dunkerque a retrouv\u00e9 des couleurs ces derniers jours suite \u00e0 une entame d\u00e9licate. Forts d\u2019une s\u00e9rie de trois victoires cons\u00e9cutives, les Maritimes semblent \u00e0 nouveau pr\u00eats \u00e0 jouer le r\u00f4le de trouble-f\u00eates au milieu des cadors.<\/em><\/strong><\/p>\n<ul style=\"text-align: justify;\">\n<li><strong>\u00c0 ce sujet &#8211; <a href=\"https:\/\/dicodusport.fr\/blog\/classement-ligue-2-2025-2026\/\">Classement Ligue 2 2025-2026<\/a><\/strong><\/li>\n<\/ul>\n<p style=\"text-align: justify;\">Et si l\u2019<strong>USL Dunkerque<\/strong> \u00e9tait, cette saison encore, un poil \u00e0 gratter capable de s\u2019immiscer dans la lutte pour les barrages de <strong>Ligue 2<\/strong> ? Ce qui semblait \u00eatre un doux r\u00eave apr\u00e8s dix journ\u00e9es est en train de devenir r\u00e9alit\u00e9. Et cela repr\u00e9sente d\u00e9j\u00e0 un premier exploit, tant le club maritime a \u00e9t\u00e9 secou\u00e9 ces derniers mois.<\/p>\n<h2 style=\"text-align: justify;\">17 d\u00e9parts, un changement de coach en juillet&#8230; un \u00e9t\u00e9 agit\u00e9 \u00e0 Dunkerque<\/h2>\n<p style=\"text-align: justify;\">Quatri\u00e8me du championnat en mai dernier, l\u2019USLD avait ensuite terrass\u00e9 Guingamp en demi-finale des barrages avant de c\u00e9der en finale face \u00e0 Metz. Le tout en s\u2019offrant une <a href=\"https:\/\/dicodusport.fr\/blog\/dunkerque-psg-paris-chahute-mais-paris-qualifie-pour-la-finale-de-la-coupe-de-france\/\">\u00e9pop\u00e9e historique jusqu\u2019en demi-finale de la Coupe de France<\/a>. Naturellement, au lendemain d\u2019une si belle saison, le club nordiste a connu des mouvements d\u2019ampleur sur le march\u00e9 des transferts. Ce ne sont pas moins de <strong>17 joueurs<\/strong> qui ont quitt\u00e9 le club, dont plusieurs cadres de cette belle aventure (Ugo Raghouber, Adri\u00e1n Ortol\u00e1, Ga\u00ebtan Courtet, Maxence Rivera, Naatan Skytt\u00e4\u2026) ainsi que l\u2019entra\u00eeneur <strong>Luis Castro<\/strong>, parti diriger le FC Nantes.<\/p>\n<p style=\"text-align: justify;\">Pour lui succ\u00e9der, les dirigeants dunkerquois avaient choisi l\u2019ancien coach du Legia Varsovie, <strong>Gon\u00e7alo Feia<\/strong>. Mais au bout de seulement treize jours, les deux parties ont mis fin \u00e0 leur collaboration. Dans l\u2019urgence, l\u2019USLD s\u2019est alors tourn\u00e9e vers l\u2019ancien entra\u00eeneur de la r\u00e9serve du FC Barcelone, <strong>Albert S\u00e1nchez<\/strong>. Le technicien espagnol a d\u00fb composer avec une pr\u00e9paration tronqu\u00e9e et un effectif largement renouvel\u00e9, ce qui a entra\u00een\u00e9 un d\u00e9but de saison difficile sur le plan comptable, avec seulement <strong>dix points pris lors des dix premi\u00e8res journ\u00e9es<\/strong>.<\/p>\n<blockquote class=\"twitter-tweet\">\n<p dir=\"ltr\" lang=\"fr\">L\u2019USL Dunkerque est fi\u00e8re d\u2019annoncer la nomination d\u2019Albert S\u00e1nchez au poste d\u2019entra\u00eeneur principal de l\u2019\u00e9quipe professionnelle.<\/p>\n<p>\u00c2g\u00e9 de 38 ans, le technicien espagnol poss\u00e8de une solide exp\u00e9rience, notamment acquise \u00e0 la t\u00eate de l\u2019\u00e9quipe r\u00e9serve du FC Barcelone. Il s\u2019est engag\u00e9\u2026 <a href=\"https:\/\/t.co\/D9viCxQPTv\">pic.twitter.com\/D9viCxQPTv<\/a><br \/>\n\u2014 USL DUNKERQUE \ud83d\udc2c (@usldunkerque) <a href=\"https:\/\/twitter.com\/usldunkerque\/status\/1950490893716529605?ref_src=twsrc%5Etfw\">July 30, 2025<\/a><\/p><\/blockquote>\n<p><script async src=\"https:\/\/platform.twitter.com\/widgets.js\" charset=\"utf-8\"><\/script><\/p>\n<h2 style=\"text-align: justify;\">Les ajustements estivaux portent progressivement leurs fruits<\/h2>\n<p style=\"text-align: justify;\">Malgr\u00e9 tout, il y avait des raisons d\u2019esp\u00e9rer. Comme la saison pr\u00e9c\u00e9dente, le club maritime garde une vraie volont\u00e9 de produire du jeu et s\u2019appuie sur une certaine continuit\u00e9, notamment en d\u00e9fense. La charni\u00e8re exp\u00e9riment\u00e9e <strong>Opa Sangant\u00e9 \u2013 Vincent Sasso<\/strong> est toujours l\u00e0, entour\u00e9e du solide trio <strong>Alec Georgen \u2013 Felipe Abner \u2013 Geoffrey Kondo<\/strong> pour les postes de lat\u00e9raux. Ces joueurs ont progressivement trouv\u00e9 leurs rep\u00e8res autour du jeune gardien <strong>Mathys Niflore<\/strong>, 18 ans, pr\u00eat\u00e9 par Toulouse, qui s\u2019est impos\u00e9 comme titulaire \u00e0 la mi-septembre en d\u00e9logeant le d\u00e9cevant <strong>Marcos Lavin<\/strong>.<\/p>\n<p style=\"text-align: justify;\">Au milieu de terrain, <strong>Diong<\/strong> et <strong>Eguaras<\/strong> peinent encore \u00e0 faire oublier Raghouber, mais peuvent compter sur la doublette <strong>Anto Sekongo \u2013 Enzo Bardeli<\/strong> pour stabiliser le jeu. V\u00e9ritables d\u00e9positaires du jeu dunkerquois, les deux hommes sont impliqu\u00e9s sur 67 % des buts de leur \u00e9quipe, cumulant <strong>10 r\u00e9alisations et 6 passes d\u00e9cisives<\/strong> !<\/p>\n<blockquote class=\"twitter-tweet\">\n<p dir=\"ltr\" lang=\"fr\">Bardeli voit double \ud83d\udd25 <a href=\"https:\/\/t.co\/difIIcrA9C\">pic.twitter.com\/difIIcrA9C<\/a><\/p>\n<p>\u2014 Ligue 2 BKT (@Ligue2BKT) <a href=\"https:\/\/twitter.com\/Ligue2BKT\/status\/1982885007585607743?ref_src=twsrc%5Etfw\">October 27, 2025<\/a><\/p><\/blockquote>\n<p><script async src=\"https:\/\/platform.twitter.com\/widgets.js\" charset=\"utf-8\"><\/script><\/p>\n<p style=\"text-align: justify;\">Devant, l\u2019attaque semble enfin trouver son rythme. Le nouveau buteur <strong>Thomas Robinet<\/strong> a inscrit <strong>3 buts lors de ses 5 derniers matchs<\/strong>, tandis que <strong>Aristide Zossou<\/strong> et <strong>Marco Essimi<\/strong> (5 buts et 3 passes d\u00e9cisives) se montrent efficaces sur les ailes. Le retour de la p\u00e9pite <strong>Gessime Yassine<\/strong> devrait encore renforcer un secteur offensif prometteur.<\/p>\n<h2 style=\"text-align: justify;\">Trois victoires convaincantes en huit jours<\/h2>\n<p style=\"text-align: justify;\">Malgr\u00e9 des moyens limit\u00e9s et un \u00e9t\u00e9 mouvement\u00e9, l\u2019USLD a tenu le cap. En huit jours, les hommes d\u2019Albert S\u00e1nchez ont encha\u00een\u00e9 trois victoires probantes, propulsant le club \u00e0 la <strong>7<sup>e<\/sup> place<\/strong> du classement. Dunkerque a <strong>corrig\u00e9 deux membres du Top 4<\/strong> (3-0 \u00e0 Pau, puis face au Red Star), avant de s\u2019offrir une <strong>victoire de prestige \u00e0 Auguste-Delaune face au Stade de Reims (2-<br \/>\n<\/strong><\/p>\n","protected":false},"excerpt":{"rendered":"<p>LIGUE 2 2025\/2026 \u2013 Belle surprise du championnat la saison derni\u00e8re, l\u2019USL Dunkerque a retrouv\u00e9 des couleurs ces derniers jours suite \u00e0 une entame d\u00e9licate. Forts d\u2019une s\u00e9rie de trois victoires cons\u00e9cutives, les Maritimes semblent \u00e0 nouveau pr\u00eats \u00e0 jouer le r\u00f4le de trouble-f\u00eates au milieu des cadors.<\/p>\n","protected":false},"author":55,"featured_media":623859,"comment_status":"open","ping_status":"closed","sticky":false,"template":"","format":"standard","meta":{"_acf_changed":false,"_daextam_enable_autolinks":"1","footnotes":""},"categories":[2301],"tags":[32415,16878,16502,231],"class_list":["post-623857","post","type-post","status-publish","format-standard","has-post-thumbnail","hentry","category-football","tag-actu","tag-breve","tag-dunkerque","tag-ligue-2"],"acf":[],"yoast_head":"<!-- This site is optimized with the Yoast SEO Premium plugin v26.7 (Yoast SEO v26.7) - https:\/\/yoast.com\/wordpress\/plugins\/seo\/ -->\n<title>Ligue 2\u00a0: Apr\u00e8s un \u00e9t\u00e9 agit\u00e9, l\u2019USL Dunkerque monte en puissance<\/title>\n<meta name=\"description\" content=\"LIGUE 2 2025\/2026 \u2013 Belle surprise du dernier championnat, l\u2019USL Dunkerque a retrouv\u00e9 des couleurs suite \u00e0 une entame d\u00e9licate.\" \/>\n<meta name=\"robots\" content=\"index, follow, max-snippet:-1, max-image-preview:large, max-video-preview:-1\" \/>\n<link rel=\"canonical\" href=\"https:\/\/dicodusport.fr\/blog\/ligue-2-apres-un-ete-agite-lusl-dunkerque-monte-en-puissance\/\" \/>\n<meta property=\"og:locale\" content=\"fr_FR\" \/>\n<meta property=\"og:type\" content=\"article\" \/>\n<meta property=\"og:title\" content=\"Ligue 2\u00a0: Apr\u00e8s un \u00e9t\u00e9 agit\u00e9, l\u2019USL Dunkerque monte en puissance\" \/>\n<meta property=\"og:description\" content=\"LIGUE 2 2025\/2026 \u2013 Belle surprise du dernier championnat, l\u2019USL Dunkerque a retrouv\u00e9 des couleurs suite \u00e0 une entame d\u00e9licate.\" \/>\n<meta property=\"og:url\" content=\"https:\/\/dicodusport.fr\/blog\/ligue-2-apres-un-ete-agite-lusl-dunkerque-monte-en-puissance\/\" \/>\n<meta property=\"og:site_name\" content=\"Dicodusport\" \/>\n<meta property=\"article:publisher\" content=\"https:\/\/www.facebook.com\/dicodusport\" \/>\n<meta property=\"article:published_time\" content=\"2025-11-05T13:00:33+00:00\" \/>\n<meta property=\"og:image\" content=\"https:\/\/dicodusport.fr\/blog\/wp-content\/uploads\/2025\/11\/Ligue-2-Apres-un-ete-agite-lUSL-Dunkerque-monte-en-puissance.png\" \/>\n\t<meta property=\"og:image:width\" content=\"1200\" \/>\n\t<meta property=\"og:image:height\" content=\"674\" \/>\n\t<meta property=\"og:image:type\" content=\"image\/png\" \/>\n<meta name=\"author\" content=\"Maxime Cazenave\" \/>\n<meta name=\"twitter:card\" content=\"summary_large_image\" \/>\n<meta name=\"twitter:title\" content=\"Ligue 2\u00a0: Apr\u00e8s un \u00e9t\u00e9 agit\u00e9, l\u2019USL Dunkerque monte en puissance\" \/>\n<meta name=\"twitter:creator\" content=\"@https:\/\/twitter.com\/Maxime_Caze\" \/>\n<meta name=\"twitter:site\" content=\"@dicodusport\" \/>\n<script type=\"application\/ld+json\" class=\"yoast-schema-graph\">{\"@context\":\"https:\/\/schema.org\",\"@graph\":[{\"@type\":\"NewsArticle\",\"@id\":\"https:\/\/dicodusport.fr\/blog\/ligue-2-apres-un-ete-agite-lusl-dunkerque-monte-en-puissance\/#article\",\"isPartOf\":{\"@id\":\"https:\/\/dicodusport.fr\/blog\/ligue-2-apres-un-ete-agite-lusl-dunkerque-monte-en-puissance\/\"},\"author\":{\"name\":\"Maxime Cazenave\",\"@id\":\"https:\/\/dicodusport.fr\/blog\/#\/schema\/person\/37def232098a7a5cbab3974a3690abb0\"},\"headline\":\"Ligue 2\u00a0: Apr\u00e8s un \u00e9t\u00e9 agit\u00e9, l\u2019USL Dunkerque monte en puissance\",\"datePublished\":\"2025-11-05T13:00:33+00:00\",\"mainEntityOfPage\":{\"@id\":\"https:\/\/dicodusport.fr\/blog\/ligue-2-apres-un-ete-agite-lusl-dunkerque-monte-en-puissance\/\"},\"wordCount\":716,\"commentCount\":0,\"publisher\":{\"@id\":\"https:\/\/dicodusport.fr\/blog\/#organization\"},\"image\":{\"@id\":\"https:\/\/dicodusport.fr\/blog\/ligue-2-apres-un-ete-agite-lusl-dunkerque-monte-en-puissance\/#primaryimage\"},\"thumbnailUrl\":\"https:\/\/dicodusport.fr\/blog\/wp-content\/uploads\/2025\/11\/Ligue-2-Apres-un-ete-agite-lUSL-Dunkerque-monte-en-puissance.png\",\"keywords\":[\"actu\",\"br\u00e8ve\",\"Dunkerque\",\"ligue 2\"],\"articleSection\":[\"Football\"],\"inLanguage\":\"fr-FR\",\"potentialAction\":[{\"@type\":\"CommentAction\",\"name\":\"Comment\",\"target\":[\"https:\/\/dicodusport.fr\/blog\/ligue-2-apres-un-ete-agite-lusl-dunkerque-monte-en-puissance\/#respond\"]}],\"copyrightYear\":\"2025\",\"copyrightHolder\":{\"@id\":\"https:\/\/dicodusport.fr\/blog\/#organization\"}},{\"@type\":\"WebPage\",\"@id\":\"https:\/\/dicodusport.fr\/blog\/ligue-2-apres-un-ete-agite-lusl-dunkerque-monte-en-puissance\/\",\"url\":\"https:\/\/dicodusport.fr\/blog\/ligue-2-apres-un-ete-agite-lusl-dunkerque-monte-en-puissance\/\",\"name\":\"Ligue 2\u00a0: Apr\u00e8s un \u00e9t\u00e9 agit\u00e9, l\u2019USL Dunkerque monte en puissance\",\"isPartOf\":{\"@id\":\"https:\/\/dicodusport.fr\/blog\/#website\"},\"primaryImageOfPage\":{\"@id\":\"https:\/\/dicodusport.fr\/blog\/ligue-2-apres-un-ete-agite-lusl-dunkerque-monte-en-puissance\/#primaryimage\"},\"image\":{\"@id\":\"https:\/\/dicodusport.fr\/blog\/ligue-2-apres-un-ete-agite-lusl-dunkerque-monte-en-puissance\/#primaryimage\"},\"thumbnailUrl\":\"https:\/\/dicodusport.fr\/blog\/wp-content\/uploads\/2025\/11\/Ligue-2-Apres-un-ete-agite-lUSL-Dunkerque-monte-en-puissance.png\",\"datePublished\":\"2025-11-05T13:00:33+00:00\",\"description\":\"LIGUE 2 2025\/2026 \u2013 Belle surprise du dernier championnat, l\u2019USL Dunkerque a retrouv\u00e9 des couleurs suite \u00e0 une entame d\u00e9licate.\",\"breadcrumb\":{\"@id\":\"https:\/\/dicodusport.fr\/blog\/ligue-2-apres-un-ete-agite-lusl-dunkerque-monte-en-puissance\/#breadcrumb\"},\"inLanguage\":\"fr-FR\",\"potentialAction\":[{\"@type\":\"ReadAction\",\"target\":[\"https:\/\/dicodusport.fr\/blog\/ligue-2-apres-un-ete-agite-lusl-dunkerque-monte-en-puissance\/\"]}]},{\"@type\":\"ImageObject\",\"inLanguage\":\"fr-FR\",\"@id\":\"https:\/\/dicodusport.fr\/blog\/ligue-2-apres-un-ete-agite-lusl-dunkerque-monte-en-puissance\/#primaryimage\",\"url\":\"https:\/\/dicodusport.fr\/blog\/wp-content\/uploads\/2025\/11\/Ligue-2-Apres-un-ete-agite-lUSL-Dunkerque-monte-en-puissance.png\",\"contentUrl\":\"https:\/\/dicodusport.fr\/blog\/wp-content\/uploads\/2025\/11\/Ligue-2-Apres-un-ete-agite-lUSL-Dunkerque-monte-en-puissance.png\",\"width\":1200,\"height\":674,\"caption\":\"Ligue 2\u00a0: Apr\u00e8s un \u00e9t\u00e9 agit\u00e9, l\u2019USL Dunkerque monte en puissance\"},{\"@type\":\"BreadcrumbList\",\"@id\":\"https:\/\/dicodusport.fr\/blog\/ligue-2-apres-un-ete-agite-lusl-dunkerque-monte-en-puissance\/#breadcrumb\",\"itemListElement\":[{\"@type\":\"ListItem\",\"position\":1,\"name\":\"Accueil\",\"item\":\"https:\/\/dicodusport.fr\/blog\/\"},{\"@type\":\"ListItem\",\"position\":2,\"name\":\"Ligue 2\u00a0: Apr\u00e8s un \u00e9t\u00e9 agit\u00e9, l\u2019USL Dunkerque monte en puissance\"}]},{\"@type\":\"WebSite\",\"@id\":\"https:\/\/dicodusport.fr\/blog\/#website\",\"url\":\"https:\/\/dicodusport.fr\/blog\/\",\"name\":\"Dicodusport\",\"description\":\"L&#039;encyclop\u00e9die de l&#039;actualit\u00e9 sportive\",\"publisher\":{\"@id\":\"https:\/\/dicodusport.fr\/blog\/#organization\"},\"potentialAction\":[{\"@type\":\"SearchAction\",\"target\":{\"@type\":\"EntryPoint\",\"urlTemplate\":\"https:\/\/dicodusport.fr\/blog\/?s={search_term_string}\"},\"query-input\":{\"@type\":\"PropertyValueSpecification\",\"valueRequired\":true,\"valueName\":\"search_term_string\"}}],\"inLanguage\":\"fr-FR\"},{\"@type\":\"NewsMediaOrganization\",\"@id\":\"https:\/\/dicodusport.fr\/blog\/#organization\",\"name\":\"Dicodusport\",\"url\":\"https:\/\/dicodusport.fr\/blog\/\",\"logo\":{\"@type\":\"ImageObject\",\"inLanguage\":\"fr-FR\",\"@id\":\"https:\/\/dicodusport.fr\/blog\/#\/schema\/logo\/image\/\",\"url\":\"https:\/\/dicodusport.fr\/blog\/wp-content\/uploads\/2020\/06\/cropped-LOGO-DICODUSPORT-2020-SANS-FOND-SANS-TEXTE.png\",\"contentUrl\":\"https:\/\/dicodusport.fr\/blog\/wp-content\/uploads\/2020\/06\/cropped-LOGO-DICODUSPORT-2020-SANS-FOND-SANS-TEXTE.png\",\"width\":512,\"height\":512,\"caption\":\"Dicodusport\"},\"image\":{\"@id\":\"https:\/\/dicodusport.fr\/blog\/#\/schema\/logo\/image\/\"},\"sameAs\":[\"https:\/\/www.facebook.com\/dicodusport\",\"https:\/\/x.com\/dicodusport\",\"https:\/\/www.instagram.com\/dicodusport\/\",\"https:\/\/www.youtube.com\/channel\/UC7V2KZ5sd3htJivAbA4ZG3w\"],\"description\":\"Dicodusport est l'encyclop\u00e9die de l'actualit\u00e9 sportive.\",\"email\":\"bonjour@dicodusport.fr\",\"legalName\":\"DICODUSPORT\",\"foundingDate\":\"2018-01-14\",\"vatID\":\"FR71834470973\",\"taxID\":\"83447097300043\",\"numberOfEmployees\":{\"@type\":\"QuantitativeValue\",\"minValue\":\"1\",\"maxValue\":\"10\"}},{\"@type\":\"Person\",\"@id\":\"https:\/\/dicodusport.fr\/blog\/#\/schema\/person\/37def232098a7a5cbab3974a3690abb0\",\"name\":\"Maxime Cazenave\",\"image\":{\"@type\":\"ImageObject\",\"inLanguage\":\"fr-FR\",\"@id\":\"https:\/\/dicodusport.fr\/blog\/#\/schema\/person\/image\/\",\"url\":\"https:\/\/dicodusport.fr\/blog\/wp-content\/uploads\/2021\/05\/Maxime-Cazenave-150x150.jpg\",\"contentUrl\":\"https:\/\/dicodusport.fr\/blog\/wp-content\/uploads\/2021\/05\/Maxime-Cazenave-150x150.jpg\",\"caption\":\"Maxime Cazenave\"},\"description\":\"Journaliste\/R\u00e9dacteur depuis 2012 - Berc\u00e9 par l\u2019amour des Girondins de Bordeaux, les \u00e9checs de Christophe Moreau sur le Tour de France sous l'\u00e8re Lance Armstrong et le fade-away l\u00e9tal de Dirk Nowitzki, ma passion d\u00e9vorante pour le sport a toujours \u00e9t\u00e9 un pan incontournable de ma vie. Transmettre ma passion \u00e0 l\u2019\u00e9crit a \u00e9t\u00e9 une transition naturelle. Suiveur assidu de basket et de hockey sur glace, je garde toujours un peu de place pour suivre le cyclisme, le football et le maximum de performances fran\u00e7aises.\",\"sameAs\":[\"https:\/\/x.com\/https:\/\/twitter.com\/Maxime_Caze\"],\"url\":\"https:\/\/dicodusport.fr\/blog\/author\/maximec\/\"}]}<\/script>\n<!-- \/ Yoast SEO Premium plugin. -->","yoast_head_json":{"title":"Ligue 2\u00a0: Apr\u00e8s un \u00e9t\u00e9 agit\u00e9, l\u2019USL Dunkerque monte en puissance","description":"LIGUE 2 2025\/2026 \u2013 Belle surprise du dernier championnat, l\u2019USL Dunkerque a retrouv\u00e9 des couleurs suite \u00e0 une entame d\u00e9licate.","robots":{"index":"index","follow":"follow","max-snippet":"max-snippet:-1","max-image-preview":"max-image-preview:large","max-video-preview":"max-video-preview:-1"},"canonical":"https:\/\/dicodusport.fr\/blog\/ligue-2-apres-un-ete-agite-lusl-dunkerque-monte-en-puissance\/","og_locale":"fr_FR","og_type":"article","og_title":"Ligue 2\u00a0: Apr\u00e8s un \u00e9t\u00e9 agit\u00e9, l\u2019USL Dunkerque monte en puissance","og_description":"LIGUE 2 2025\/2026 \u2013 Belle surprise du dernier championnat, l\u2019USL Dunkerque a retrouv\u00e9 des couleurs suite \u00e0 une entame d\u00e9licate.","og_url":"https:\/\/dicodusport.fr\/blog\/ligue-2-apres-un-ete-agite-lusl-dunkerque-monte-en-puissance\/","og_site_name":"Dicodusport","article_publisher":"https:\/\/www.facebook.com\/dicodusport","article_published_time":"2025-11-05T13:00:33+00:00","og_image":[{"width":1200,"height":674,"url":"https:\/\/dicodusport.fr\/blog\/wp-content\/uploads\/2025\/11\/Ligue-2-Apres-un-ete-agite-lUSL-Dunkerque-monte-en-puissance.png","type":"image\/png"}],"author":"Maxime Cazenave","twitter_card":"summary_large_image","twitter_title":"Ligue 2\u00a0: Apr\u00e8s un \u00e9t\u00e9 agit\u00e9, l\u2019USL Dunkerque monte en puissance","twitter_creator":"@https:\/\/twitter.com\/Maxime_Caze","twitter_site":"@dicodusport","schema":{"@context":"https:\/\/schema.org","@graph":[{"@type":"NewsArticle","@id":"https:\/\/dicodusport.fr\/blog\/ligue-2-apres-un-ete-agite-lusl-dunkerque-monte-en-puissance\/#article","isPartOf":{"@id":"https:\/\/dicodusport.fr\/blog\/ligue-2-apres-un-ete-agite-lusl-dunkerque-monte-en-puissance\/"},"author":{"name":"Maxime Cazenave","@id":"https:\/\/dicodusport.fr\/blog\/#\/schema\/person\/37def232098a7a5cbab3974a3690abb0"},"headline":"Ligue 2\u00a0: Apr\u00e8s un \u00e9t\u00e9 agit\u00e9, l\u2019USL Dunkerque monte en puissance","datePublished":"2025-11-05T13:00:33+00:00","mainEntityOfPage":{"@id":"https:\/\/dicodusport.fr\/blog\/ligue-2-apres-un-ete-agite-lusl-dunkerque-monte-en-puissance\/"},"wordCount":716,"commentCount":0,"publisher":{"@id":"https:\/\/dicodusport.fr\/blog\/#organization"},"image":{"@id":"https:\/\/dicodusport.fr\/blog\/ligue-2-apres-un-ete-agite-lusl-dunkerque-monte-en-puissance\/#primaryimage"},"thumbnailUrl":"https:\/\/dicodusport.fr\/blog\/wp-content\/uploads\/2025\/11\/Ligue-2-Apres-un-ete-agite-lUSL-Dunkerque-monte-en-puissance.png","keywords":["actu","br\u00e8ve","Dunkerque","ligue 2"],"articleSection":["Football"],"inLanguage":"fr-FR","potentialAction":[{"@type":"CommentAction","name":"Comment","target":["https:\/\/dicodusport.fr\/blog\/ligue-2-apres-un-ete-agite-lusl-dunkerque-monte-en-puissance\/#respond"]}],"copyrightYear":"2025","copyrightHolder":{"@id":"https:\/\/dicodusport.fr\/blog\/#organization"}},{"@type":"WebPage","@id":"https:\/\/dicodusport.fr\/blog\/ligue-2-apres-un-ete-agite-lusl-dunkerque-monte-en-puissance\/","url":"https:\/\/dicodusport.fr\/blog\/ligue-2-apres-un-ete-agite-lusl-dunkerque-monte-en-puissance\/","name":"Ligue 2\u00a0: Apr\u00e8s un \u00e9t\u00e9 agit\u00e9, l\u2019USL Dunkerque monte en puissance","isPartOf":{"@id":"https:\/\/dicodusport.fr\/blog\/#website"},"primaryImageOfPage":{"@id":"https:\/\/dicodusport.fr\/blog\/ligue-2-apres-un-ete-agite-lusl-dunkerque-monte-en-puissance\/#primaryimage"},"image":{"@id":"https:\/\/dicodusport.fr\/blog\/ligue-2-apres-un-ete-agite-lusl-dunkerque-monte-en-puissance\/#primaryimage"},"thumbnailUrl":"https:\/\/dicodusport.fr\/blog\/wp-content\/uploads\/2025\/11\/Ligue-2-Apres-un-ete-agite-lUSL-Dunkerque-monte-en-puissance.png","datePublished":"2025-11-05T13:00:33+00:00","description":"LIGUE 2 2025\/2026 \u2013 Belle surprise du dernier championnat, l\u2019USL Dunkerque a retrouv\u00e9 des couleurs suite \u00e0 une entame d\u00e9licate.","breadcrumb":{"@id":"https:\/\/dicodusport.fr\/blog\/ligue-2-apres-un-ete-agite-lusl-dunkerque-monte-en-puissance\/#breadcrumb"},"inLanguage":"fr-FR","potentialAction":[{"@type":"ReadAction","target":["https:\/\/dicodusport.fr\/blog\/ligue-2-apres-un-ete-agite-lusl-dunkerque-monte-en-puissance\/"]}]},{"@type":"ImageObject","inLanguage":"fr-FR","@id":"https:\/\/dicodusport.fr\/blog\/ligue-2-apres-un-ete-agite-lusl-dunkerque-monte-en-puissance\/#primaryimage","url":"https:\/\/dicodusport.fr\/blog\/wp-content\/uploads\/2025\/11\/Ligue-2-Apres-un-ete-agite-lUSL-Dunkerque-monte-en-puissance.png","contentUrl":"https:\/\/dicodusport.fr\/blog\/wp-content\/uploads\/2025\/11\/Ligue-2-Apres-un-ete-agite-lUSL-Dunkerque-monte-en-puissance.png","width":1200,"height":674,"caption":"Ligue 2\u00a0: Apr\u00e8s un \u00e9t\u00e9 agit\u00e9, l\u2019USL Dunkerque monte en puissance"},{"@type":"BreadcrumbList","@id":"https:\/\/dicodusport.fr\/blog\/ligue-2-apres-un-ete-agite-lusl-dunkerque-monte-en-puissance\/#breadcrumb","itemListElement":[{"@type":"ListItem","position":1,"name":"Accueil","item":"https:\/\/dicodusport.fr\/blog\/"},{"@type":"ListItem","position":2,"name":"Ligue 2\u00a0: Apr\u00e8s un \u00e9t\u00e9 agit\u00e9, l\u2019USL Dunkerque monte en puissance"}]},{"@type":"WebSite","@id":"https:\/\/dicodusport.fr\/blog\/#website","url":"https:\/\/dicodusport.fr\/blog\/","name":"Dicodusport","description":"L&#039;encyclop\u00e9die de l&#039;actualit\u00e9 sportive","publisher":{"@id":"https:\/\/dicodusport.fr\/blog\/#organization"},"potentialAction":[{"@type":"SearchAction","target":{"@type":"EntryPoint","urlTemplate":"https:\/\/dicodusport.fr\/blog\/?s={search_term_string}"},"query-input":{"@type":"PropertyValueSpecification","valueRequired":true,"valueName":"search_term_string"}}],"inLanguage":"fr-FR"},{"@type":"NewsMediaOrganization","@id":"https:\/\/dicodusport.fr\/blog\/#organization","name":"Dicodusport","url":"https:\/\/dicodusport.fr\/blog\/","logo":{"@type":"ImageObject","inLanguage":"fr-FR","@id":"https:\/\/dicodusport.fr\/blog\/#\/schema\/logo\/image\/","url":"https:\/\/dicodusport.fr\/blog\/wp-content\/uploads\/2020\/06\/cropped-LOGO-DICODUSPORT-2020-SANS-FOND-SANS-TEXTE.png","contentUrl":"https:\/\/dicodusport.fr\/blog\/wp-content\/uploads\/2020\/06\/cropped-LOGO-DICODUSPORT-2020-SANS-FOND-SANS-TEXTE.png","width":512,"height":512,"caption":"Dicodusport"},"image":{"@id":"https:\/\/dicodusport.fr\/blog\/#\/schema\/logo\/image\/"},"sameAs":["https:\/\/www.facebook.com\/dicodusport","https:\/\/x.com\/dicodusport","https:\/\/www.instagram.com\/dicodusport\/","https:\/\/www.youtube.com\/channel\/UC7V2KZ5sd3htJivAbA4ZG3w"],"description":"Dicodusport est l'encyclop\u00e9die de l'actualit\u00e9 sportive.","email":"bonjour@dicodusport.fr","legalName":"DICODUSPORT","foundingDate":"2018-01-14","vatID":"FR71834470973","taxID":"83447097300043","numberOfEmployees":{"@type":"QuantitativeValue","minValue":"1","maxValue":"10"}},{"@type":"Person","@id":"https:\/\/dicodusport.fr\/blog\/#\/schema\/person\/37def232098a7a5cbab3974a3690abb0","name":"Maxime Cazenave","image":{"@type":"ImageObject","inLanguage":"fr-FR","@id":"https:\/\/dicodusport.fr\/blog\/#\/schema\/person\/image\/","url":"https:\/\/dicodusport.fr\/blog\/wp-content\/uploads\/2021\/05\/Maxime-Cazenave-150x150.jpg","contentUrl":"https:\/\/dicodusport.fr\/blog\/wp-content\/uploads\/2021\/05\/Maxime-Cazenave-150x150.jpg","caption":"Maxime Cazenave"},"description":"Journaliste\/R\u00e9dacteur depuis 2012 - Berc\u00e9 par l\u2019amour des Girondins de Bordeaux, les \u00e9checs de Christophe Moreau sur le Tour de France sous l'\u00e8re Lance Armstrong et le fade-away l\u00e9tal de Dirk Nowitzki, ma passion d\u00e9vorante pour le sport a toujours \u00e9t\u00e9 un pan incontournable de ma vie. Transmettre ma passion \u00e0 l\u2019\u00e9crit a \u00e9t\u00e9 une transition naturelle. Suiveur assidu de basket et de hockey sur glace, je garde toujours un peu de place pour suivre le cyclisme, le football et le maximum de performances fran\u00e7aises.","sameAs":["https:\/\/x.com\/https:\/\/twitter.com\/Maxime_Caze"],"url":"https:\/\/dicodusport.fr\/blog\/author\/maximec\/"}]}},"_links":{"self":[{"href":"https:\/\/dicodusport.fr\/blog\/wp-json\/wp\/v2\/posts\/623857","targetHints":{"allow":["GET"]}}],"collection":[{"href":"https:\/\/dicodusport.fr\/blog\/wp-json\/wp\/v2\/posts"}],"about":[{"href":"https:\/\/dicodusport.fr\/blog\/wp-json\/wp\/v2\/types\/post"}],"author":[{"embeddable":true,"href":"https:\/\/dicodusport.fr\/blog\/wp-json\/wp\/v2\/users\/55"}],"replies":[{"embeddable":true,"href":"https:\/\/dicodusport.fr\/blog\/wp-json\/wp\/v2\/comments?post=623857"}],"version-history":[{"count":5,"href":"https:\/\/dicodusport.fr\/blog\/wp-json\/wp\/v2\/posts\/623857\/revisions"}],"predecessor-version":[{"id":623882,"href":"https:\/\/dicodusport.fr\/blog\/wp-json\/wp\/v2\/posts\/623857\/revisions\/623882"}],"wp:featuredmedia":[{"embeddable":true,"href":"https:\/\/dicodusport.fr\/blog\/wp-json\/wp\/v2\/media\/623859"}],"wp:attachment":[{"href":"https:\/\/dicodusport.fr\/blog\/wp-json\/wp\/v2\/media?parent=623857"}],"wp:term":[{"taxonomy":"category","embeddable":true,"href":"https:\/\/dicodusport.fr\/blog\/wp-json\/wp\/v2\/categories?post=623857"},{"taxonomy":"post_tag","embeddable":true,"href":"https:\/\/dicodusport.fr\/blog\/wp-json\/wp\/v2\/tags?post=623857"}],"curies":[{"name":"wp","href":"https:\/\/api.w.org\/{rel}","templated":true}]}}