{"id":624174,"date":"2025-11-07T16:16:32","date_gmt":"2025-11-07T15:16:32","guid":{"rendered":"https:\/\/dicodusport.fr\/blog\/?p=624174&#038;preview=true&#038;preview_id=624174"},"modified":"2025-11-07T16:17:59","modified_gmt":"2025-11-07T15:17:59","slug":"championnats-deurope-de-cyclo-cross-2025-les-forces-en-presence-a-la-loupe","status":"publish","type":"post","link":"https:\/\/dicodusport.fr\/blog\/championnats-deurope-de-cyclo-cross-2025-les-forces-en-presence-a-la-loupe\/","title":{"rendered":"Championnats d&rsquo;Europe de cyclo-cross 2025 : Les forces en pr\u00e9sence \u00e0 la loupe"},"content":{"rendered":"<p style=\"text-align: justify;\"><em><strong>Entre la domination de Lucinda Brand et l\u2019ambition de Thibau Nys, les Championnats d\u2019Europe de cyclo-cross \u00e0 Middelkerke s\u2019annoncent explosifs sur le sable.\u00a0<\/strong><\/em><\/p>\n<h2 style=\"text-align: justify;\">Brand seule au monde ?<\/h2>\n<p style=\"text-align: justify;\">Il n\u2019est donc pas surprenant que la grande favorite soit <strong>Lucinda Brand<\/strong>. \u00c0 36 ans, la N\u00e9erlandaise incarne la r\u00e9gularit\u00e9 \u00e0 la perfection, et la leader des Lions de Baloise Trek l\u2019a encore prouv\u00e9 le week-end dernier. Que ce soit \u00e0 Koppenberg ou \u00e0 Lokeren, elle a survol\u00e9 la concurrence sur deux parcours pourtant tr\u00e8s diff\u00e9rents. En plus, Brand adore le sable \u2014 autant dire que rien ne semble pouvoir l\u2019arr\u00eater samedi. Pour rappel, elle avait \u00e9t\u00e9 sacr\u00e9e championne du monde en 2021 sur le sable d\u2019Ostende, un parcours qui ressemblait d\u00e9j\u00e0 beaucoup \u00e0 celui de Middelkerke, pour d\u00e9crocher son unique titre mondial.<\/p>\n<p style=\"text-align: justify;\">Malgr\u00e9 plusieurs absences, les <strong>Pays-Bas<\/strong> pr\u00e9senteront une \u00e9quipe comp\u00e9titive avec <strong>Aniek van Alphen<\/strong>, d\u00e9j\u00e0 six fois dans le top 4 cette saison, <strong>Inge van der Heijden<\/strong> et <strong>Manon Bakker<\/strong>.<\/p>\n<p style=\"text-align: justify;\">La seule \u00e0 avoir battu Brand lors de ses cinq premi\u00e8res courses de cyclo-cross cet hiver n\u2019est autre qu\u2019une Italienne : <strong>Sara Casasola<\/strong> ! La coureuse de Crelan-Corendon avait profit\u00e9 d\u2019une chute de Brand dans le dernier tour du Druivencross pour s\u2019imposer. Elle a depuis admis avoir travaill\u00e9 ses points faibles cet \u00e9t\u00e9 \u2014 reste \u00e0 voir si le sable en faisait partie.<\/p>\n<p style=\"text-align: justify;\">Parmi les jeunes, <strong>C\u00e9lia Gery<\/strong>, 19 ans, <a href=\"https:\/\/dicodusport.fr\/blog\/koppenbergcross-2025-aubin-sparfel-remporte-la-course-espoirs-celia-gery-2eme-sur-lepreuve-feminine\/\">la Fran\u00e7aise qui avait tenu t\u00eate \u00e0 Lucinda Brand jusqu\u2019au dernier m\u00e8tre lors du Koppenbergcross<\/a>, \u00e9voluera dans la cat\u00e9gorie U23, tout comme <strong>Leonie Bentveld<\/strong> (21 ans), troisi\u00e8me du cross de Heerde.<\/p>\n<div class=\"vlp-link-container vlp-layout-article\"><a href=\"https:\/\/dicodusport.fr\/blog\/celia-gery-un-diamant-aux-multiples-facettes\/\" class=\"vlp-link\" title=\"C\u00e9lia G\u00e9ry, un diamant aux multiples facettes\"><\/a><div class=\"vlp-layout-zone-side\"><div class=\"vlp-block-4 vlp-link-image\"><img loading=\"lazy\" decoding=\"async\" style=\"max-width: 792px;\" width=\"792\" height=\"445\" src=\"https:\/\/dicodusport.fr\/blog\/wp-content\/uploads\/2025\/09\/Cyclisme-Celia-Gery-un-diamant-aux-multiples-facettes.png\" class=\"attachment-800x445 size-800x445\" alt=\"Cyclisme - C\u00e9lia G\u00e9ry, un diamant aux multiples facettes\" srcset=\"https:\/\/dicodusport.fr\/blog\/wp-content\/uploads\/2025\/09\/Cyclisme-Celia-Gery-un-diamant-aux-multiples-facettes.png 1200w, https:\/\/dicodusport.fr\/blog\/wp-content\/uploads\/2025\/09\/Cyclisme-Celia-Gery-un-diamant-aux-multiples-facettes-300x169.png 300w, https:\/\/dicodusport.fr\/blog\/wp-content\/uploads\/2025\/09\/Cyclisme-Celia-Gery-un-diamant-aux-multiples-facettes-1024x575.png 1024w, https:\/\/dicodusport.fr\/blog\/wp-content\/uploads\/2025\/09\/Cyclisme-Celia-Gery-un-diamant-aux-multiples-facettes-768x431.png 768w\" sizes=\"auto, (max-width: 792px) 100vw, 792px\" \/><\/div><\/div><div class=\"vlp-layout-zone-main\"><div class=\"vlp-block-0 vlp-link-title\">C\u00e9lia G\u00e9ry, un diamant aux multiples facettes<\/div><div class=\"vlp-block-1 vlp-link-summary\">Sacr\u00e9e championne du monde espoirs de la course en ligne, C\u00e9lia G\u00e9ry confirme tout le bien que l'on dit d'elle depuis plus d'un an. Quelles sont les limites de la coureuse de la FDJ-Suez ? Quels formats de course peuvent lui convenir ? On fait le point.<\/div><div class=\"vlp-block-2 vlp-link-button\">Lire l'article<\/div><div class=\"vlp-block-3 vlp-link-url\">dicodusport.fr<\/div><\/div><\/div>\n<p style=\"text-align: justify;\">M\u00eame sans Gery, la <strong>France<\/strong> alignera une belle \u00e9quipe avec <strong>H\u00e9l\u00e8ne Clauzel<\/strong> et la championne de France <strong>Amandine Fouquenet<\/strong>, toutes deux capables d\u2019aller chercher une m\u00e9daille.<\/p>\n<p style=\"text-align: justify;\">Enfin, dans le clan belge, tous les regards seront tourn\u00e9s vers <strong>Marion Norbert Riberolle<\/strong>. La championne de Belgique r\u00e9alise un excellent d\u00e9but de saison de cyclo-cross, avec un succ\u00e8s sur le Superprestige de Ruddervoorde et des podiums sur le X\u00b2O Badkamers Trofee Rapencross et le Robotland Cyclo-cross d\u2019Essen. En forme, Marion a clairement les moyens de viser le podium.<\/p>\n<h2 style=\"text-align: justify;\">Nys favori pour conserver son titre, pl\u00e9thore d\u2019outsiders<\/h2>\n<p style=\"text-align: justify;\">Chez les hommes, <strong>Thibau Nys<\/strong> peut-il dompter le sable de Middelkerke ? Apr\u00e8s sa d\u00e9monstration au <strong>Koppenbergcross<\/strong>, il semblait \u00eatre le grand favori de ces Championnats d\u2019Europe, mais sa prestation d\u00e9cevante \u00e0 Lokeren a rappel\u00e9 qu\u2019il pouvait aussi conna\u00eetre des passages \u00e0 vide. R\u00e9sultat : la course masculine s\u2019annonce plus ouverte que jamais. Nys reste le favori logique, mais une dizaine de coureurs peuvent esp\u00e9rer le titre, surtout en l\u2019absence des cadors de la discipline \u2014 <a href=\"https:\/\/dicodusport.fr\/blog\/tag\/mathieu-van-der-poel\/\"><strong>Mathieu van der Poel<\/strong><\/a>, <strong>Wout van Aert<\/strong> et <strong>Tom Pidcock<\/strong>.<\/p>\n<p style=\"text-align: justify;\">Le retour du jeune champion d\u2019Europe en titre le week-end dernier a \u00e9t\u00e9 marqu\u00e9 par un abandon \u00e0 Lokeren, au lendemain d\u2019une prestation magistrale \u00e0 Koppenberg. Victime de malchance, il n\u2019a pas pu d\u00e9fendre ses chances, exprimant ensuite une frustration \u00e9vidente.<\/p>\n<p style=\"text-align: justify;\">Nys redoute \u00e9galement les passages sablonneux de Middelkerke, un terrain avec lequel il entretient une relation amour-haine. Ironie du sort, il a pourtant \u00e9t\u00e9 trois fois champion de Belgique junior sur sable, \u00e0 Koksijde, Ostende et Anvers. Dans un bon jour, tant physiquement que mentalement, il est intouchable, mais le fils de Sven Nys doit encore progresser sur le plan psychologique.<\/p>\n<div class=\"vlp-link-container vlp-layout-article\"><a href=\"https:\/\/dicodusport.fr\/blog\/ce-quil-faut-savoir-sur-le-circuit-des-championnats-deurope-de-cyclo-cross-2025\/\" class=\"vlp-link\" title=\"Ce qu&#039;il faut savoir sur le circuit des championnats d&#039;Europe de cyclo-cross 2025\"><\/a><div class=\"vlp-layout-zone-side\"><div class=\"vlp-block-4 vlp-link-image\"><img loading=\"lazy\" decoding=\"async\" style=\"max-width: 792px;\" width=\"792\" height=\"445\" src=\"https:\/\/dicodusport.fr\/blog\/wp-content\/uploads\/2025\/11\/Ce-quil-faut-savoir-sur-le-circuit-des-championnats-dEurope-de-cyclo-cross-2025.png\" class=\"attachment-800x445 size-800x445\" alt=\"Ce qu&#039;il faut savoir sur le circuit des championnats d&#039;Europe de cyclo-cross 2025\" srcset=\"https:\/\/dicodusport.fr\/blog\/wp-content\/uploads\/2025\/11\/Ce-quil-faut-savoir-sur-le-circuit-des-championnats-dEurope-de-cyclo-cross-2025.png 1200w, https:\/\/dicodusport.fr\/blog\/wp-content\/uploads\/2025\/11\/Ce-quil-faut-savoir-sur-le-circuit-des-championnats-dEurope-de-cyclo-cross-2025-300x169.png 300w, https:\/\/dicodusport.fr\/blog\/wp-content\/uploads\/2025\/11\/Ce-quil-faut-savoir-sur-le-circuit-des-championnats-dEurope-de-cyclo-cross-2025-1024x575.png 1024w, https:\/\/dicodusport.fr\/blog\/wp-content\/uploads\/2025\/11\/Ce-quil-faut-savoir-sur-le-circuit-des-championnats-dEurope-de-cyclo-cross-2025-768x431.png 768w\" sizes=\"auto, (max-width: 792px) 100vw, 792px\" \/><\/div><\/div><div class=\"vlp-layout-zone-main\"><div class=\"vlp-block-0 vlp-link-title\">Ce qu'il faut savoir sur le circuit des championnats d'Europe de cyclo-cross 2025<\/div><div class=\"vlp-block-1 vlp-link-summary\">Avis aux sp\u00e9cialistes du sable ! Ce week-end, ils auront une occasion unique de remporter le titre europ\u00e9en de cyclo-cross sur la plage de Middelkerke sur la mer du Nord, \u00e0 l'ouest d'Ostende, en Belgique. Ce qu'il faut savoir sur le circuit.<\/div><div class=\"vlp-block-2 vlp-link-button\">Lire l'article<\/div><div class=\"vlp-block-3 vlp-link-url\">dicodusport.fr<\/div><\/div><\/div>\n<p style=\"text-align: justify;\">La <strong>s\u00e9lection belge<\/strong> disposera n\u00e9anmoins d\u2019autres atouts. \u00c0 commencer par <strong>Laurens Sweeck<\/strong>, qui n\u2019a pas connu un d\u00e9but de saison id\u00e9al mais a fait de ce championnat son grand objectif. Sweeck aime le sable et pourrait en tirer profit, m\u00eame si ses derni\u00e8res performances ont manqu\u00e9 d\u2019\u00e9clat. Les techniciens <strong>Joran Wyseure<\/strong> et <strong>Niels Vandeputte<\/strong> pourraient aussi briller sur ce type de parcours. Et que dire de <strong>Michael Vanthourenhout<\/strong> ? Double champion d\u2019Europe et vainqueur des deux premi\u00e8res manches de la saison, il reste une valeur s\u00fbre, m\u00eame si le sable n\u2019est pas son terrain de pr\u00e9dilection.<\/p>\n<p style=\"text-align: justify;\">Les Belges devront toutefois se m\u00e9fier des rivaux n\u00e9erlandais <strong>Joris Nieuwenhuis<\/strong> et <strong>Pim Ronhaar<\/strong>. Le premier s\u2019est d\u00e9j\u00e0 impos\u00e9 sur le sable \u00e0 Heerde et a confirm\u00e9 sa forme \u00e0 Lokeren, tandis que Ronhaar, coureur offensif, garde de bons souvenirs sur ce terrain, lui qui avait d\u00e9croch\u00e9 le titre mondial espoirs il y a quatre ans \u00e0 Ostende.<\/p>\n<p style=\"text-align: justify;\">Du c\u00f4t\u00e9 des autres nations, attention au Britannique <strong>Cameron Mason<\/strong>, vice-champion d\u2019Europe il y a deux ans et principal rival de Nys \u00e0 Koppenberg. L\u2019Espagnol <strong>Felipe Orts<\/strong> avait, lui, brill\u00e9 l\u2019an pass\u00e9 en battant Nys sur ses terres. Reste \u00e0 savoir s\u2019ils sauront r\u00e9\u00e9diter leurs exploits sur le sable belge. Enfin, le Suisse <strong>Kevin Kuhn<\/strong> pourrait aussi se m\u00ealer \u00e0 la bagarre dans les premiers tours.<\/p>\n<p style=\"text-align: justify;\">Quant aux <strong>Bleus<\/strong>, ils viseront avant tout une place d\u2019honneur, avec l\u2019ambition d\u2019accrocher le top 10 et de rester au contact le plus longtemps possible.<\/p>\n","protected":false},"excerpt":{"rendered":"<p>Entre la domination de Lucinda Brand et l\u2019ambition de Thibau Nys, les Championnats d\u2019Europe de cyclo-cross \u00e0 Middelkerke s\u2019annoncent explosifs sur le sable.\u00a0<\/p>\n","protected":false},"author":48,"featured_media":624301,"comment_status":"open","ping_status":"closed","sticky":false,"template":"","format":"standard","meta":{"_acf_changed":false,"_daextam_enable_autolinks":"1","footnotes":""},"categories":[9611],"tags":[32415,16878,12436,6666],"class_list":["post-624174","post","type-post","status-publish","format-standard","has-post-thumbnail","hentry","category-cyclo-cross","tag-actu","tag-breve","tag-championnats-deurope-de-cyclo-cross","tag-cyclo-cross"],"acf":[],"yoast_head":"<!-- This site is optimized with the Yoast SEO Premium plugin v26.7 (Yoast SEO v26.7) - https:\/\/yoast.com\/wordpress\/plugins\/seo\/ -->\n<title>Championnats d&#039;Europe de cyclo-cross 2025 : Les forces en pr\u00e9sence \u00e0 la loupe<\/title>\n<meta name=\"description\" content=\"Entre la domination de Lucinda Brand et l\u2019ambition de Thibau Nys, les Championnats d\u2019Europe de cyclo-cross \u00e0 Middelkerke s\u2019annoncent explosifs sur le sable.\u00a0\" \/>\n<meta name=\"robots\" content=\"index, follow, max-snippet:-1, max-image-preview:large, max-video-preview:-1\" \/>\n<link rel=\"canonical\" href=\"https:\/\/dicodusport.fr\/blog\/championnats-deurope-de-cyclo-cross-2025-les-forces-en-presence-a-la-loupe\/\" \/>\n<meta property=\"og:locale\" content=\"fr_FR\" \/>\n<meta property=\"og:type\" content=\"article\" \/>\n<meta property=\"og:title\" content=\"Championnats d&#039;Europe de cyclo-cross 2025 : Les forces en pr\u00e9sence \u00e0 la loupe\" \/>\n<meta property=\"og:description\" content=\"Entre la domination de Lucinda Brand et l\u2019ambition de Thibau Nys, les Championnats d\u2019Europe de cyclo-cross \u00e0 Middelkerke s\u2019annoncent explosifs sur le sable.\u00a0\" \/>\n<meta property=\"og:url\" content=\"https:\/\/dicodusport.fr\/blog\/championnats-deurope-de-cyclo-cross-2025-les-forces-en-presence-a-la-loupe\/\" \/>\n<meta property=\"og:site_name\" content=\"Dicodusport\" \/>\n<meta property=\"article:publisher\" content=\"https:\/\/www.facebook.com\/dicodusport\" \/>\n<meta property=\"article:author\" content=\"https:\/\/www.facebook.com\/groups\/LesRoisDuPeloton\" \/>\n<meta property=\"article:published_time\" content=\"2025-11-07T15:16:32+00:00\" \/>\n<meta property=\"article:modified_time\" content=\"2025-11-07T15:17:59+00:00\" \/>\n<meta property=\"og:image\" content=\"https:\/\/dicodusport.fr\/blog\/wp-content\/uploads\/2025\/11\/Championnats-dEurope-de-cyclo-cross-2025-Les-forces-en-presence-a-la-loupe.png\" \/>\n\t<meta property=\"og:image:width\" content=\"1200\" \/>\n\t<meta property=\"og:image:height\" content=\"674\" \/>\n\t<meta property=\"og:image:type\" content=\"image\/png\" \/>\n<meta name=\"author\" content=\"Emilien Descampiaux\" \/>\n<meta name=\"twitter:card\" content=\"summary_large_image\" \/>\n<meta name=\"twitter:title\" content=\"Championnats d&#039;Europe de cyclo-cross 2025 : Les forces en pr\u00e9sence \u00e0 la loupe\" \/>\n<meta name=\"twitter:creator\" content=\"@https:\/\/twitter.com\/LRoisDuPeloton\" \/>\n<meta name=\"twitter:site\" content=\"@dicodusport\" \/>\n<script type=\"application\/ld+json\" class=\"yoast-schema-graph\">{\"@context\":\"https:\/\/schema.org\",\"@graph\":[{\"@type\":\"NewsArticle\",\"@id\":\"https:\/\/dicodusport.fr\/blog\/championnats-deurope-de-cyclo-cross-2025-les-forces-en-presence-a-la-loupe\/#article\",\"isPartOf\":{\"@id\":\"https:\/\/dicodusport.fr\/blog\/championnats-deurope-de-cyclo-cross-2025-les-forces-en-presence-a-la-loupe\/\"},\"author\":{\"name\":\"Emilien Descampiaux\",\"@id\":\"https:\/\/dicodusport.fr\/blog\/#\/schema\/person\/6db4bae06b171592211be385b32876a7\"},\"headline\":\"Championnats d&rsquo;Europe de cyclo-cross 2025 : Les forces en pr\u00e9sence \u00e0 la loupe\",\"datePublished\":\"2025-11-07T15:16:32+00:00\",\"dateModified\":\"2025-11-07T15:17:59+00:00\",\"mainEntityOfPage\":{\"@id\":\"https:\/\/dicodusport.fr\/blog\/championnats-deurope-de-cyclo-cross-2025-les-forces-en-presence-a-la-loupe\/\"},\"wordCount\":1051,\"commentCount\":0,\"publisher\":{\"@id\":\"https:\/\/dicodusport.fr\/blog\/#organization\"},\"image\":{\"@id\":\"https:\/\/dicodusport.fr\/blog\/championnats-deurope-de-cyclo-cross-2025-les-forces-en-presence-a-la-loupe\/#primaryimage\"},\"thumbnailUrl\":\"https:\/\/dicodusport.fr\/blog\/wp-content\/uploads\/2025\/11\/Championnats-dEurope-de-cyclo-cross-2025-Les-forces-en-presence-a-la-loupe.png\",\"keywords\":[\"actu\",\"br\u00e8ve\",\"Championnats d'Europe de cyclo-cross\",\"Cyclo-cross\"],\"articleSection\":[\"Cyclo-cross\"],\"inLanguage\":\"fr-FR\",\"potentialAction\":[{\"@type\":\"CommentAction\",\"name\":\"Comment\",\"target\":[\"https:\/\/dicodusport.fr\/blog\/championnats-deurope-de-cyclo-cross-2025-les-forces-en-presence-a-la-loupe\/#respond\"]}],\"copyrightYear\":\"2025\",\"copyrightHolder\":{\"@id\":\"https:\/\/dicodusport.fr\/blog\/#organization\"}},{\"@type\":\"WebPage\",\"@id\":\"https:\/\/dicodusport.fr\/blog\/championnats-deurope-de-cyclo-cross-2025-les-forces-en-presence-a-la-loupe\/\",\"url\":\"https:\/\/dicodusport.fr\/blog\/championnats-deurope-de-cyclo-cross-2025-les-forces-en-presence-a-la-loupe\/\",\"name\":\"Championnats d'Europe de cyclo-cross 2025 : Les forces en pr\u00e9sence \u00e0 la loupe\",\"isPartOf\":{\"@id\":\"https:\/\/dicodusport.fr\/blog\/#website\"},\"primaryImageOfPage\":{\"@id\":\"https:\/\/dicodusport.fr\/blog\/championnats-deurope-de-cyclo-cross-2025-les-forces-en-presence-a-la-loupe\/#primaryimage\"},\"image\":{\"@id\":\"https:\/\/dicodusport.fr\/blog\/championnats-deurope-de-cyclo-cross-2025-les-forces-en-presence-a-la-loupe\/#primaryimage\"},\"thumbnailUrl\":\"https:\/\/dicodusport.fr\/blog\/wp-content\/uploads\/2025\/11\/Championnats-dEurope-de-cyclo-cross-2025-Les-forces-en-presence-a-la-loupe.png\",\"datePublished\":\"2025-11-07T15:16:32+00:00\",\"dateModified\":\"2025-11-07T15:17:59+00:00\",\"description\":\"Entre la domination de Lucinda Brand et l\u2019ambition de Thibau Nys, les Championnats d\u2019Europe de cyclo-cross \u00e0 Middelkerke s\u2019annoncent explosifs sur le sable.\u00a0\",\"breadcrumb\":{\"@id\":\"https:\/\/dicodusport.fr\/blog\/championnats-deurope-de-cyclo-cross-2025-les-forces-en-presence-a-la-loupe\/#breadcrumb\"},\"inLanguage\":\"fr-FR\",\"potentialAction\":[{\"@type\":\"ReadAction\",\"target\":[\"https:\/\/dicodusport.fr\/blog\/championnats-deurope-de-cyclo-cross-2025-les-forces-en-presence-a-la-loupe\/\"]}]},{\"@type\":\"ImageObject\",\"inLanguage\":\"fr-FR\",\"@id\":\"https:\/\/dicodusport.fr\/blog\/championnats-deurope-de-cyclo-cross-2025-les-forces-en-presence-a-la-loupe\/#primaryimage\",\"url\":\"https:\/\/dicodusport.fr\/blog\/wp-content\/uploads\/2025\/11\/Championnats-dEurope-de-cyclo-cross-2025-Les-forces-en-presence-a-la-loupe.png\",\"contentUrl\":\"https:\/\/dicodusport.fr\/blog\/wp-content\/uploads\/2025\/11\/Championnats-dEurope-de-cyclo-cross-2025-Les-forces-en-presence-a-la-loupe.png\",\"width\":1200,\"height\":674,\"caption\":\"Championnats d'Europe de cyclo-cross 2025 Les forces en pr\u00e9sence \u00e0 la loupe\"},{\"@type\":\"BreadcrumbList\",\"@id\":\"https:\/\/dicodusport.fr\/blog\/championnats-deurope-de-cyclo-cross-2025-les-forces-en-presence-a-la-loupe\/#breadcrumb\",\"itemListElement\":[{\"@type\":\"ListItem\",\"position\":1,\"name\":\"Accueil\",\"item\":\"https:\/\/dicodusport.fr\/blog\/\"},{\"@type\":\"ListItem\",\"position\":2,\"name\":\"Championnats d&rsquo;Europe de cyclo-cross 2025 : Les forces en pr\u00e9sence \u00e0 la loupe\"}]},{\"@type\":\"WebSite\",\"@id\":\"https:\/\/dicodusport.fr\/blog\/#website\",\"url\":\"https:\/\/dicodusport.fr\/blog\/\",\"name\":\"Dicodusport\",\"description\":\"L&#039;encyclop\u00e9die de l&#039;actualit\u00e9 sportive\",\"publisher\":{\"@id\":\"https:\/\/dicodusport.fr\/blog\/#organization\"},\"potentialAction\":[{\"@type\":\"SearchAction\",\"target\":{\"@type\":\"EntryPoint\",\"urlTemplate\":\"https:\/\/dicodusport.fr\/blog\/?s={search_term_string}\"},\"query-input\":{\"@type\":\"PropertyValueSpecification\",\"valueRequired\":true,\"valueName\":\"search_term_string\"}}],\"inLanguage\":\"fr-FR\"},{\"@type\":\"NewsMediaOrganization\",\"@id\":\"https:\/\/dicodusport.fr\/blog\/#organization\",\"name\":\"Dicodusport\",\"url\":\"https:\/\/dicodusport.fr\/blog\/\",\"logo\":{\"@type\":\"ImageObject\",\"inLanguage\":\"fr-FR\",\"@id\":\"https:\/\/dicodusport.fr\/blog\/#\/schema\/logo\/image\/\",\"url\":\"https:\/\/dicodusport.fr\/blog\/wp-content\/uploads\/2020\/06\/cropped-LOGO-DICODUSPORT-2020-SANS-FOND-SANS-TEXTE.png\",\"contentUrl\":\"https:\/\/dicodusport.fr\/blog\/wp-content\/uploads\/2020\/06\/cropped-LOGO-DICODUSPORT-2020-SANS-FOND-SANS-TEXTE.png\",\"width\":512,\"height\":512,\"caption\":\"Dicodusport\"},\"image\":{\"@id\":\"https:\/\/dicodusport.fr\/blog\/#\/schema\/logo\/image\/\"},\"sameAs\":[\"https:\/\/www.facebook.com\/dicodusport\",\"https:\/\/x.com\/dicodusport\",\"https:\/\/www.instagram.com\/dicodusport\/\",\"https:\/\/www.youtube.com\/channel\/UC7V2KZ5sd3htJivAbA4ZG3w\"],\"description\":\"Dicodusport est l'encyclop\u00e9die de l'actualit\u00e9 sportive.\",\"email\":\"bonjour@dicodusport.fr\",\"legalName\":\"DICODUSPORT\",\"foundingDate\":\"2018-01-14\",\"vatID\":\"FR71834470973\",\"taxID\":\"83447097300043\",\"numberOfEmployees\":{\"@type\":\"QuantitativeValue\",\"minValue\":\"1\",\"maxValue\":\"10\"}},{\"@type\":\"Person\",\"@id\":\"https:\/\/dicodusport.fr\/blog\/#\/schema\/person\/6db4bae06b171592211be385b32876a7\",\"name\":\"Emilien Descampiaux\",\"image\":{\"@type\":\"ImageObject\",\"inLanguage\":\"fr-FR\",\"@id\":\"https:\/\/dicodusport.fr\/blog\/#\/schema\/person\/image\/\",\"url\":\"https:\/\/dicodusport.fr\/blog\/wp-content\/uploads\/2021\/05\/Emilien-Descampiaux-150x150.jpg\",\"contentUrl\":\"https:\/\/dicodusport.fr\/blog\/wp-content\/uploads\/2021\/05\/Emilien-Descampiaux-150x150.jpg\",\"caption\":\"Emilien Descampiaux\"},\"description\":\"Journaliste\/r\u00e9dacteur depuis 2014 - Fan de la classe de Frank Vandenbroucke, je vis cyclisme (et de ses paysages) depuis plus de 20 ans. Je suis tr\u00e8s impliqu\u00e9 sur mes diff\u00e9rents r\u00e9seaux sociaux pour partager ma passion sur le monde et l'Histoire de la bicyclette avec ma voix sur les images en noir et blanc du succ\u00e8s de Rik Van Steenbergen lors du Ronde sur le V\u00e9lodrome de Gand.\",\"sameAs\":[\"https:\/\/www.facebook.com\/groups\/LesRoisDuPeloton\",\"https:\/\/x.com\/https:\/\/twitter.com\/LRoisDuPeloton\"],\"url\":\"https:\/\/dicodusport.fr\/blog\/author\/emiliend\/\"}]}<\/script>\n<!-- \/ Yoast SEO Premium plugin. -->","yoast_head_json":{"title":"Championnats d'Europe de cyclo-cross 2025 : Les forces en pr\u00e9sence \u00e0 la loupe","description":"Entre la domination de Lucinda Brand et l\u2019ambition de Thibau Nys, les Championnats d\u2019Europe de cyclo-cross \u00e0 Middelkerke s\u2019annoncent explosifs sur le sable.\u00a0","robots":{"index":"index","follow":"follow","max-snippet":"max-snippet:-1","max-image-preview":"max-image-preview:large","max-video-preview":"max-video-preview:-1"},"canonical":"https:\/\/dicodusport.fr\/blog\/championnats-deurope-de-cyclo-cross-2025-les-forces-en-presence-a-la-loupe\/","og_locale":"fr_FR","og_type":"article","og_title":"Championnats d'Europe de cyclo-cross 2025 : Les forces en pr\u00e9sence \u00e0 la loupe","og_description":"Entre la domination de Lucinda Brand et l\u2019ambition de Thibau Nys, les Championnats d\u2019Europe de cyclo-cross \u00e0 Middelkerke s\u2019annoncent explosifs sur le sable.\u00a0","og_url":"https:\/\/dicodusport.fr\/blog\/championnats-deurope-de-cyclo-cross-2025-les-forces-en-presence-a-la-loupe\/","og_site_name":"Dicodusport","article_publisher":"https:\/\/www.facebook.com\/dicodusport","article_author":"https:\/\/www.facebook.com\/groups\/LesRoisDuPeloton","article_published_time":"2025-11-07T15:16:32+00:00","article_modified_time":"2025-11-07T15:17:59+00:00","og_image":[{"width":1200,"height":674,"url":"https:\/\/dicodusport.fr\/blog\/wp-content\/uploads\/2025\/11\/Championnats-dEurope-de-cyclo-cross-2025-Les-forces-en-presence-a-la-loupe.png","type":"image\/png"}],"author":"Emilien Descampiaux","twitter_card":"summary_large_image","twitter_title":"Championnats d'Europe de cyclo-cross 2025 : Les forces en pr\u00e9sence \u00e0 la loupe","twitter_creator":"@https:\/\/twitter.com\/LRoisDuPeloton","twitter_site":"@dicodusport","schema":{"@context":"https:\/\/schema.org","@graph":[{"@type":"NewsArticle","@id":"https:\/\/dicodusport.fr\/blog\/championnats-deurope-de-cyclo-cross-2025-les-forces-en-presence-a-la-loupe\/#article","isPartOf":{"@id":"https:\/\/dicodusport.fr\/blog\/championnats-deurope-de-cyclo-cross-2025-les-forces-en-presence-a-la-loupe\/"},"author":{"name":"Emilien Descampiaux","@id":"https:\/\/dicodusport.fr\/blog\/#\/schema\/person\/6db4bae06b171592211be385b32876a7"},"headline":"Championnats d&rsquo;Europe de cyclo-cross 2025 : Les forces en pr\u00e9sence \u00e0 la loupe","datePublished":"2025-11-07T15:16:32+00:00","dateModified":"2025-11-07T15:17:59+00:00","mainEntityOfPage":{"@id":"https:\/\/dicodusport.fr\/blog\/championnats-deurope-de-cyclo-cross-2025-les-forces-en-presence-a-la-loupe\/"},"wordCount":1051,"commentCount":0,"publisher":{"@id":"https:\/\/dicodusport.fr\/blog\/#organization"},"image":{"@id":"https:\/\/dicodusport.fr\/blog\/championnats-deurope-de-cyclo-cross-2025-les-forces-en-presence-a-la-loupe\/#primaryimage"},"thumbnailUrl":"https:\/\/dicodusport.fr\/blog\/wp-content\/uploads\/2025\/11\/Championnats-dEurope-de-cyclo-cross-2025-Les-forces-en-presence-a-la-loupe.png","keywords":["actu","br\u00e8ve","Championnats d'Europe de cyclo-cross","Cyclo-cross"],"articleSection":["Cyclo-cross"],"inLanguage":"fr-FR","potentialAction":[{"@type":"CommentAction","name":"Comment","target":["https:\/\/dicodusport.fr\/blog\/championnats-deurope-de-cyclo-cross-2025-les-forces-en-presence-a-la-loupe\/#respond"]}],"copyrightYear":"2025","copyrightHolder":{"@id":"https:\/\/dicodusport.fr\/blog\/#organization"}},{"@type":"WebPage","@id":"https:\/\/dicodusport.fr\/blog\/championnats-deurope-de-cyclo-cross-2025-les-forces-en-presence-a-la-loupe\/","url":"https:\/\/dicodusport.fr\/blog\/championnats-deurope-de-cyclo-cross-2025-les-forces-en-presence-a-la-loupe\/","name":"Championnats d'Europe de cyclo-cross 2025 : Les forces en pr\u00e9sence \u00e0 la loupe","isPartOf":{"@id":"https:\/\/dicodusport.fr\/blog\/#website"},"primaryImageOfPage":{"@id":"https:\/\/dicodusport.fr\/blog\/championnats-deurope-de-cyclo-cross-2025-les-forces-en-presence-a-la-loupe\/#primaryimage"},"image":{"@id":"https:\/\/dicodusport.fr\/blog\/championnats-deurope-de-cyclo-cross-2025-les-forces-en-presence-a-la-loupe\/#primaryimage"},"thumbnailUrl":"https:\/\/dicodusport.fr\/blog\/wp-content\/uploads\/2025\/11\/Championnats-dEurope-de-cyclo-cross-2025-Les-forces-en-presence-a-la-loupe.png","datePublished":"2025-11-07T15:16:32+00:00","dateModified":"2025-11-07T15:17:59+00:00","description":"Entre la domination de Lucinda Brand et l\u2019ambition de Thibau Nys, les Championnats d\u2019Europe de cyclo-cross \u00e0 Middelkerke s\u2019annoncent explosifs sur le sable.\u00a0","breadcrumb":{"@id":"https:\/\/dicodusport.fr\/blog\/championnats-deurope-de-cyclo-cross-2025-les-forces-en-presence-a-la-loupe\/#breadcrumb"},"inLanguage":"fr-FR","potentialAction":[{"@type":"ReadAction","target":["https:\/\/dicodusport.fr\/blog\/championnats-deurope-de-cyclo-cross-2025-les-forces-en-presence-a-la-loupe\/"]}]},{"@type":"ImageObject","inLanguage":"fr-FR","@id":"https:\/\/dicodusport.fr\/blog\/championnats-deurope-de-cyclo-cross-2025-les-forces-en-presence-a-la-loupe\/#primaryimage","url":"https:\/\/dicodusport.fr\/blog\/wp-content\/uploads\/2025\/11\/Championnats-dEurope-de-cyclo-cross-2025-Les-forces-en-presence-a-la-loupe.png","contentUrl":"https:\/\/dicodusport.fr\/blog\/wp-content\/uploads\/2025\/11\/Championnats-dEurope-de-cyclo-cross-2025-Les-forces-en-presence-a-la-loupe.png","width":1200,"height":674,"caption":"Championnats d'Europe de cyclo-cross 2025 Les forces en pr\u00e9sence \u00e0 la loupe"},{"@type":"BreadcrumbList","@id":"https:\/\/dicodusport.fr\/blog\/championnats-deurope-de-cyclo-cross-2025-les-forces-en-presence-a-la-loupe\/#breadcrumb","itemListElement":[{"@type":"ListItem","position":1,"name":"Accueil","item":"https:\/\/dicodusport.fr\/blog\/"},{"@type":"ListItem","position":2,"name":"Championnats d&rsquo;Europe de cyclo-cross 2025 : Les forces en pr\u00e9sence \u00e0 la loupe"}]},{"@type":"WebSite","@id":"https:\/\/dicodusport.fr\/blog\/#website","url":"https:\/\/dicodusport.fr\/blog\/","name":"Dicodusport","description":"L&#039;encyclop\u00e9die de l&#039;actualit\u00e9 sportive","publisher":{"@id":"https:\/\/dicodusport.fr\/blog\/#organization"},"potentialAction":[{"@type":"SearchAction","target":{"@type":"EntryPoint","urlTemplate":"https:\/\/dicodusport.fr\/blog\/?s={search_term_string}"},"query-input":{"@type":"PropertyValueSpecification","valueRequired":true,"valueName":"search_term_string"}}],"inLanguage":"fr-FR"},{"@type":"NewsMediaOrganization","@id":"https:\/\/dicodusport.fr\/blog\/#organization","name":"Dicodusport","url":"https:\/\/dicodusport.fr\/blog\/","logo":{"@type":"ImageObject","inLanguage":"fr-FR","@id":"https:\/\/dicodusport.fr\/blog\/#\/schema\/logo\/image\/","url":"https:\/\/dicodusport.fr\/blog\/wp-content\/uploads\/2020\/06\/cropped-LOGO-DICODUSPORT-2020-SANS-FOND-SANS-TEXTE.png","contentUrl":"https:\/\/dicodusport.fr\/blog\/wp-content\/uploads\/2020\/06\/cropped-LOGO-DICODUSPORT-2020-SANS-FOND-SANS-TEXTE.png","width":512,"height":512,"caption":"Dicodusport"},"image":{"@id":"https:\/\/dicodusport.fr\/blog\/#\/schema\/logo\/image\/"},"sameAs":["https:\/\/www.facebook.com\/dicodusport","https:\/\/x.com\/dicodusport","https:\/\/www.instagram.com\/dicodusport\/","https:\/\/www.youtube.com\/channel\/UC7V2KZ5sd3htJivAbA4ZG3w"],"description":"Dicodusport est l'encyclop\u00e9die de l'actualit\u00e9 sportive.","email":"bonjour@dicodusport.fr","legalName":"DICODUSPORT","foundingDate":"2018-01-14","vatID":"FR71834470973","taxID":"83447097300043","numberOfEmployees":{"@type":"QuantitativeValue","minValue":"1","maxValue":"10"}},{"@type":"Person","@id":"https:\/\/dicodusport.fr\/blog\/#\/schema\/person\/6db4bae06b171592211be385b32876a7","name":"Emilien Descampiaux","image":{"@type":"ImageObject","inLanguage":"fr-FR","@id":"https:\/\/dicodusport.fr\/blog\/#\/schema\/person\/image\/","url":"https:\/\/dicodusport.fr\/blog\/wp-content\/uploads\/2021\/05\/Emilien-Descampiaux-150x150.jpg","contentUrl":"https:\/\/dicodusport.fr\/blog\/wp-content\/uploads\/2021\/05\/Emilien-Descampiaux-150x150.jpg","caption":"Emilien Descampiaux"},"description":"Journaliste\/r\u00e9dacteur depuis 2014 - Fan de la classe de Frank Vandenbroucke, je vis cyclisme (et de ses paysages) depuis plus de 20 ans. Je suis tr\u00e8s impliqu\u00e9 sur mes diff\u00e9rents r\u00e9seaux sociaux pour partager ma passion sur le monde et l'Histoire de la bicyclette avec ma voix sur les images en noir et blanc du succ\u00e8s de Rik Van Steenbergen lors du Ronde sur le V\u00e9lodrome de Gand.","sameAs":["https:\/\/www.facebook.com\/groups\/LesRoisDuPeloton","https:\/\/x.com\/https:\/\/twitter.com\/LRoisDuPeloton"],"url":"https:\/\/dicodusport.fr\/blog\/author\/emiliend\/"}]}},"_links":{"self":[{"href":"https:\/\/dicodusport.fr\/blog\/wp-json\/wp\/v2\/posts\/624174","targetHints":{"allow":["GET"]}}],"collection":[{"href":"https:\/\/dicodusport.fr\/blog\/wp-json\/wp\/v2\/posts"}],"about":[{"href":"https:\/\/dicodusport.fr\/blog\/wp-json\/wp\/v2\/types\/post"}],"author":[{"embeddable":true,"href":"https:\/\/dicodusport.fr\/blog\/wp-json\/wp\/v2\/users\/48"}],"replies":[{"embeddable":true,"href":"https:\/\/dicodusport.fr\/blog\/wp-json\/wp\/v2\/comments?post=624174"}],"version-history":[{"count":7,"href":"https:\/\/dicodusport.fr\/blog\/wp-json\/wp\/v2\/posts\/624174\/revisions"}],"predecessor-version":[{"id":624329,"href":"https:\/\/dicodusport.fr\/blog\/wp-json\/wp\/v2\/posts\/624174\/revisions\/624329"}],"wp:featuredmedia":[{"embeddable":true,"href":"https:\/\/dicodusport.fr\/blog\/wp-json\/wp\/v2\/media\/624301"}],"wp:attachment":[{"href":"https:\/\/dicodusport.fr\/blog\/wp-json\/wp\/v2\/media?parent=624174"}],"wp:term":[{"taxonomy":"category","embeddable":true,"href":"https:\/\/dicodusport.fr\/blog\/wp-json\/wp\/v2\/categories?post=624174"},{"taxonomy":"post_tag","embeddable":true,"href":"https:\/\/dicodusport.fr\/blog\/wp-json\/wp\/v2\/tags?post=624174"}],"curies":[{"name":"wp","href":"https:\/\/api.w.org\/{rel}","templated":true}]}}