{"id":624353,"date":"2025-11-08T12:39:31","date_gmt":"2025-11-08T11:39:31","guid":{"rendered":"https:\/\/dicodusport.fr\/blog\/?p=624353&#038;preview=true&#038;preview_id=624353"},"modified":"2025-11-15T11:33:18","modified_gmt":"2025-11-15T10:33:18","slug":"motogp-la-grille-de-depart-du-grand-prix-du-portugal-2025","status":"publish","type":"post","link":"https:\/\/dicodusport.fr\/blog\/motogp-la-grille-de-depart-du-grand-prix-du-portugal-2025\/","title":{"rendered":"MotoGP &#8211; La grille de d\u00e9part du Grand Prix du Portugal 2025"},"content":{"rendered":"<p style=\"text-align: justify;\"><strong><em>Retrouvez la grille de d\u00e9part du Grand Prix du Portugal 2025 de MotoGP <\/em><em>sur le circuit de Portim\u00e3o,<\/em><em> apr\u00e8s les qualifications de ce samedi 8 novembre 2025.<\/em><\/strong><\/p>\n<ul>\n<li style=\"text-align: justify;\"><span style=\"font-size: 16px;\"><strong>\u00c0 ce sujet &#8211; <a href=\"https:\/\/dicodusport.fr\/blog\/gp-du-portugal-motogp-2025-horaires-programme-tv-et-resultats-mis-a-jour\/\">GP du Portugal MotoGP 2025 : Horaires, Programme TV et R\u00e9sultats mis \u00e0 jour<\/a><\/strong><\/span><\/li>\n<\/ul>\n<p style=\"text-align: justify;\">Le <strong>MotoGP<\/strong> fait escale ce week-end \u00e0 Portim\u00e3o pour le <strong>Grand Prix du Portugal 2025<\/strong>, 21<sup>e<\/sup> et avant-derni\u00e8re manche de la saison. Sur le spectaculaire trac\u00e9 vallonn\u00e9 de l\u2019<strong>Aut\u00f3dromo Internacional do Algarve<\/strong>, les pilotes de la cat\u00e9gorie reine s\u2019appr\u00eatent \u00e0 disputer les qualifications ce <strong>samedi 8 novembre<\/strong>, entre <strong>11h50 et 12h30<\/strong> (heure fran\u00e7aise), avant la course Sprint pr\u00e9vue dans l\u2019apr\u00e8s-midi.<\/p>\n<h2 style=\"text-align: justify;\">\u00c1lex M\u00e1rquez et Pedro Acosta en forme<\/h2>\n<p style=\"text-align: justify;\">Les s\u00e9ances d\u2019essais du vendredi ont donn\u00e9 le ton d\u2019un week-end prometteur. <strong>\u00c1lex M\u00e1rquez<\/strong> (Gresini Ducati) s\u2019est montr\u00e9 le plus rapide, confirmant sa bonne forme actuelle et sa ma\u00eetrise du trac\u00e9 portugais. Derri\u00e8re lui, <strong>Francesco Bagnaia<\/strong> (Ducati Lenovo) a tenu le rythme, tandis que <strong>Pedro Acosta<\/strong> (GasGas Tech3 KTM) et <strong>Marco Bezzecchi<\/strong> (Aprilia) se sont \u00e9galement distingu\u00e9s par leur constance et leur agressivit\u00e9. Autant de pr\u00e9tendants capables de bouleverser la hi\u00e9rarchie en qualifications.<\/p>\n<p style=\"text-align: justify;\">Sur ce circuit r\u00e9put\u00e9 pour ses encha\u00eenements rapides et ses d\u00e9nivel\u00e9s spectaculaires, chaque dixi\u00e8me de seconde comptera. Le choix des pneumatiques et le timing pour lancer un tour rapide seront d\u00e9terminants, d\u2019autant que la m\u00e9t\u00e9o s\u2019annonce cl\u00e9mente et ne devrait pas jouer les trouble-f\u00eates. Dans ces conditions optimales, les pilotes pourront exploiter tout le potentiel de leurs machines.<\/p>\n<p style=\"text-align: justify;\">Ces qualifications s\u2019annoncent donc d\u00e9cisives, non seulement pour la grille de d\u00e9part de la <em>course Sprint<\/em>, mais aussi pour la course principale de dimanche. La lutte pour la pole position promet d\u2019\u00eatre serr\u00e9e entre les cadors du championnat et les outsiders d\u00e9cid\u00e9s \u00e0 briller sur les collines de l\u2019Algarve.<\/p>\n<p style=\"text-align: justify;\"><strong>D\u00e9but de la Q1 \u00e0 11h50 d\u00e9but de la Q2 \u00e0 12h15.<\/strong><\/p>\n<p style=\"text-align: justify;\"><span style=\"font-size: 14px;\"><strong><em>Pour rappel, la grille de d\u00e9part est valable pour la course sprint du samedi, ainsi que pour le Grand Prix du dimanche.\u00a0<\/em><\/strong><\/span><\/p>\n<hr \/>\n<h2 style=\"text-align: center;\">Grille de d\u00e9part du Grand Prix du Portugal de MotoGP 2025<br \/>\n<span style=\"font-size: 14px;\">Grille officielle mise \u00e0 jour \u00e0 l&rsquo;issue des qualifications.<\/span><\/h2>\n<hr \/>\n<table style=\"width: 800px; border-collapse: collapse;\">\n<tbody>\n<tr>\n<td style=\"vertical-align: top; text-align: center; border-style: none; width: 266.66px; height: 120px; background-color: #ffffff;\"><span style=\"font-size: 0.9em;\"><strong><img loading=\"lazy\" decoding=\"async\" class=\"alignnone wp-image-559855\" src=\"https:\/\/dicodusport.fr\/blog\/wp-content\/uploads\/2024\/01\/Aprilia-Racing-2025.webp\" alt=\"\" width=\"45\" height=\"30\" \/><br \/>\n1. \ud83c\uddee\ud83c\uddf9 MARCO BEZZECCHI<br \/>\n<\/strong><span style=\"font-size: 0.8em;\">APRILIA RACING<\/span><\/span><\/td>\n<td style=\"vertical-align: middle; text-align: center; border-style: none; width: 266.66px; height: 100px; background-color: #ffffff;\"><span style=\"font-size: 0.9em;\"><strong><img loading=\"lazy\" decoding=\"async\" class=\"alignnone wp-image-559860\" src=\"https:\/\/dicodusport.fr\/blog\/wp-content\/uploads\/2024\/01\/Red-Bull-KTM-Factory-Racing-2025.webp\" alt=\"\" width=\"45\" height=\"30\" \/><br \/>\n2. \ud83c\uddea\ud83c\uddf8 PEDRO ACOSTA<br style=\"font-size: 14.4px;\" \/><\/strong><span style=\"font-size: 0.8em;\">RED BULL KTM FACTORY RACING<\/span><\/span><\/td>\n<td style=\"vertical-align: bottom; text-align: center; border-style: none; width: 266.66px; height: 100px; background-color: #ffffff;\"><span style=\"font-size: 0.9em;\"><strong><img loading=\"lazy\" decoding=\"async\" class=\"alignnone wp-image-559865\" src=\"https:\/\/dicodusport.fr\/blog\/wp-content\/uploads\/2024\/01\/Monster-Energy-Yamaha-2025.webp\" alt=\"\" width=\"45\" height=\"30\" \/><br \/>\n3. \ud83c\uddeb\ud83c\uddf7 FABIO QUARTARARO<strong style=\"font-size: 14.4px;\"><br style=\"font-size: 14.4px;\" \/><\/strong><\/strong><span style=\"font-size: 0.8em;\">MONSTER ENERGY YAMAHA<\/span><\/span><\/td>\n<\/tr>\n<tr>\n<td style=\"text-align: center; border-style: none; vertical-align: top; width: 266.66px; height: 120px; background-color: #ffffff;\"><span style=\"font-size: 0.9em;\"><strong><img loading=\"lazy\" decoding=\"async\" class=\"alignnone wp-image-559856\" src=\"https:\/\/dicodusport.fr\/blog\/wp-content\/uploads\/2024\/01\/Ducati-Lenovo-Team-2025.webp\" alt=\"\" width=\"45\" height=\"30\" \/><br \/>\n4. \ud83c\uddee\ud83c\uddf9 FRANCESCO BAGNAIA<br \/>\n<\/strong><span style=\"font-size: 0.8em;\">DUCATI LENOVO TEAM<\/span><\/span><\/td>\n<td style=\"text-align: center; border-style: none; vertical-align: middle; width: 266.66px; height: 100px; background-color: #ffffff;\"><span style=\"font-size: 0.9em;\"><strong><img loading=\"lazy\" decoding=\"async\" class=\"alignnone wp-image-559857\" src=\"https:\/\/dicodusport.fr\/blog\/wp-content\/uploads\/2024\/01\/BK8-Gresini-Racing-2025.webp\" alt=\"\" width=\"45\" height=\"30\" \/><br \/>\n5. \ud83c\uddea\ud83c\uddf8 ALEX MARQUEZ<br \/>\n<\/strong><span style=\"font-size: 0.8em;\">BK8 GRESINI RACING<\/span><\/span><\/td>\n<td style=\"text-align: center; border-style: none; vertical-align: bottom; width: 266.66px; height: 100px; background-color: #ffffff;\"><span style=\"font-size: 0.9em;\"><strong><img loading=\"lazy\" decoding=\"async\" class=\"alignnone wp-image-559861\" src=\"https:\/\/dicodusport.fr\/blog\/wp-content\/uploads\/2024\/01\/LCR-Honda-2025.webp\" alt=\"\" width=\"45\" height=\"30\" \/><br \/>\n6. \ud83c\uddeb\ud83c\uddf7 JOHANN ZARCO<br \/>\n<\/strong><span style=\"font-size: 0.8em;\">LCR HONDA<\/span><\/span><\/td>\n<\/tr>\n<tr>\n<td style=\"text-align: center; border-style: none; vertical-align: top; width: 266.66px; height: 120px; background-color: #ffffff;\"><span style=\"font-size: 0.9em;\"><strong><img loading=\"lazy\" decoding=\"async\" class=\"alignnone wp-image-559858\" src=\"https:\/\/dicodusport.fr\/blog\/wp-content\/uploads\/2024\/01\/Honda-HRC-Castrol-2025.webp\" alt=\"\" width=\"45\" height=\"30\" \/><br \/>\n7. \ud83c\uddea\ud83c\uddf8 JOAN MIR<br \/>\n<\/strong><span style=\"font-size: 0.8em;\">REPSOL HONDA TEAM<\/span><\/span><\/td>\n<td style=\"text-align: center; border-style: none; vertical-align: middle; width: 266.66px; height: 100px; background-color: #ffffff;\"><span style=\"font-size: 0.9em;\"><strong><img loading=\"lazy\" decoding=\"async\" class=\"alignnone wp-image-559859\" src=\"https:\/\/dicodusport.fr\/blog\/wp-content\/uploads\/2024\/01\/Prima-Pramac-Yamaha-2025.webp\" alt=\"\" width=\"45\" height=\"30\" \/><br \/>\n8. \ud83c\udde6\ud83c\uddfa JACK MILLER<br \/>\n<\/strong><span style=\"font-size: 0.8em;\">PRIMA PRAMAC RACING<\/span><\/span><\/td>\n<td style=\"text-align: center; border-style: none; vertical-align: bottom; width: 266.66px; height: 100px; background-color: #ffffff;\"><span style=\"font-size: 0.9em;\"><strong><img loading=\"lazy\" decoding=\"async\" class=\"alignnone wp-image-559862\" src=\"https:\/\/dicodusport.fr\/blog\/wp-content\/uploads\/2024\/01\/Pertamina-Enduro-VR46-Racing-Team-2025.webp\" alt=\"\" width=\"45\" height=\"30\" \/><br \/>\n9. \ud83c\uddee\ud83c\uddf9 FABIO DI GIANNANTONIO<br \/>\n<\/strong><span style=\"font-size: 0.8em;\">PERTAMINA ENDURO VR46 RACING TEAM<\/span><\/span><\/td>\n<\/tr>\n<tr>\n<td style=\"text-align: center; border-style: none; vertical-align: top; width: 266.66px; height: 120px; background-color: #ffffff;\"><span style=\"font-size: 0.9em;\"><strong><img loading=\"lazy\" decoding=\"async\" class=\"alignnone wp-image-559863\" src=\"https:\/\/dicodusport.fr\/blog\/wp-content\/uploads\/2024\/01\/Red-Bull-KTM-Tech3-2025.webp\" alt=\"\" width=\"45\" height=\"30\" \/><br \/>\n10. \ud83c\uddea\ud83c\uddf8 POL ESPARGARO<br \/>\n<\/strong><span style=\"font-size: 0.8em;\">RED BULL KTM TECH3<\/span><\/span><\/td>\n<td style=\"text-align: center; border-style: none; vertical-align: middle; width: 266.66px; height: 100px; background-color: #ffffff;\"><span style=\"font-size: 0.9em;\"><strong><img loading=\"lazy\" decoding=\"async\" class=\"alignnone wp-image-559857\" src=\"https:\/\/dicodusport.fr\/blog\/wp-content\/uploads\/2024\/01\/BK8-Gresini-Racing-2025.webp\" alt=\"\" width=\"45\" height=\"30\" \/><br \/>\n11. \ud83c\uddea\ud83c\uddf8 FERMIN ALDEGUER<br \/>\n<\/strong><span style=\"font-size: 0.8em;\">BK8 GRESINI RACING<\/span><\/span><\/td>\n<td style=\"text-align: center; border-style: none; vertical-align: bottom; width: 266.66px; height: 100px; background-color: #ffffff;\"><span style=\"font-size: 0.9em;\"><strong><img loading=\"lazy\" decoding=\"async\" class=\"alignnone wp-image-559864\" src=\"https:\/\/dicodusport.fr\/blog\/wp-content\/uploads\/2024\/01\/Trackhouse-MotoGP-Team-2025.webp\" alt=\"\" width=\"45\" height=\"30\" \/><br \/>\n12. \ud83c\uddef\ud83c\uddf5 AI OGURA<br \/>\n<\/strong><span style=\"font-size: 0.8em;\">TRACKHOUSE MOTOGP TEAM<\/span><\/span><\/td>\n<\/tr>\n<tr>\n<td style=\"text-align: center; border-style: none; vertical-align: top; width: 266.66px; height: 120px; background-color: #ffffff;\"><span style=\"font-size: 0.9em;\"><strong><img loading=\"lazy\" decoding=\"async\" class=\"alignnone wp-image-559858\" src=\"https:\/\/dicodusport.fr\/blog\/wp-content\/uploads\/2024\/01\/Honda-HRC-Castrol-2025.webp\" alt=\"\" width=\"45\" height=\"30\" \/><br \/>\n13. \ud83c\uddee\ud83c\uddf9 LUCA MARINI<br \/>\n<\/strong><span style=\"font-size: 0.8em;\">REPSOL HONDA TEAM<\/span><\/span><\/td>\n<td style=\"text-align: center; border-style: none; vertical-align: middle; width: 266.66px; height: 100px; background-color: #ffffff;\"><span style=\"font-size: 0.9em;\"><strong><img loading=\"lazy\" decoding=\"async\" class=\"alignnone wp-image-559860\" src=\"https:\/\/dicodusport.fr\/blog\/wp-content\/uploads\/2024\/01\/Red-Bull-KTM-Factory-Racing-2025.webp\" alt=\"\" width=\"45\" height=\"30\" \/><br \/>\n14. \ud83c\uddff\ud83c\udde6 BRAD BINDER<br \/>\n<\/strong><span style=\"font-size: 0.8em;\">RED BULL KTM FACTORY RACING<\/span><\/span><\/td>\n<td style=\"text-align: center; border-style: none; vertical-align: bottom; width: 266.66px; height: 100px; background-color: #ffffff;\"><span style=\"font-size: 0.9em;\"><strong><img loading=\"lazy\" decoding=\"async\" class=\"alignnone wp-image-559862\" src=\"https:\/\/dicodusport.fr\/blog\/wp-content\/uploads\/2024\/01\/Pertamina-Enduro-VR46-Racing-Team-2025.webp\" alt=\"\" width=\"45\" height=\"30\" \/><br \/>\n15. \ud83c\uddee\ud83c\uddf9 FRANCO MORBIDELLI<br \/>\n<\/strong><span style=\"font-size: 0.8em;\">PERTAMINA ENDURO VR46 RACING TEAM<\/span><\/span><\/td>\n<\/tr>\n<tr>\n<td style=\"text-align: center; border-style: none; vertical-align: top; width: 266.66px; height: 120px; background-color: #ffffff;\"><span style=\"font-size: 0.9em;\"><strong><img loading=\"lazy\" decoding=\"async\" class=\"alignnone wp-image-559863\" src=\"https:\/\/dicodusport.fr\/blog\/wp-content\/uploads\/2024\/01\/Red-Bull-KTM-Tech3-2025.webp\" alt=\"\" width=\"45\" height=\"30\" \/><br \/>\n16. \ud83c\uddee\ud83c\uddf9 ENEA BASTIANINI<br \/>\n<\/strong><span style=\"font-size: 0.8em;\">RED BULL KTM TECH3<\/span><\/span><\/td>\n<td style=\"text-align: center; border-style: none; vertical-align: middle; width: 266.66px; height: 100px; background-color: #ffffff;\"><strong><span style=\"font-size: 0.9em;\"><img loading=\"lazy\" decoding=\"async\" class=\"alignnone wp-image-559865\" src=\"https:\/\/dicodusport.fr\/blog\/wp-content\/uploads\/2024\/01\/Monster-Energy-Yamaha-2025.webp\" alt=\"\" width=\"45\" height=\"30\" \/><br \/>\n17. \ud83c\uddea\ud83c\uddf8 ALEX RINS<br \/>\n<\/span><\/strong><span style=\"font-size: 0.9em;\"><span style=\"font-size: 0.8em;\">MONSTER ENERGY YAMAHA<\/span><\/span><\/td>\n<td style=\"text-align: center; border-style: none; vertical-align: bottom; width: 266.66px; height: 100px; background-color: #ffffff;\"><span style=\"font-size: 0.9em;\"><strong><img loading=\"lazy\" decoding=\"async\" class=\"alignnone wp-image-559856\" src=\"https:\/\/dicodusport.fr\/blog\/wp-content\/uploads\/2024\/01\/Ducati-Lenovo-Team-2025.webp\" alt=\"\" width=\"45\" height=\"30\" \/><br \/>\n18. \ud83c\uddee\ud83c\uddf9 NICOLO BULEGA<br \/>\n<\/strong><span style=\"font-size: 0.8em;\">DUCATI LENOVO TEAM<\/span><\/span><\/td>\n<\/tr>\n<tr>\n<td style=\"text-align: center; border-style: none; vertical-align: top; width: 266.66px; height: 120px; background-color: #ffffff;\"><span style=\"font-size: 0.9em;\"><strong><img loading=\"lazy\" decoding=\"async\" class=\"alignnone wp-image-559859\" src=\"https:\/\/dicodusport.fr\/blog\/wp-content\/uploads\/2024\/01\/Prima-Pramac-Yamaha-2025.webp\" alt=\"\" width=\"45\" height=\"30\" \/><br \/>\n19. \ud83c\uddf5\ud83c\uddf9 MIGUEL OLIVEIRA<br \/>\n<\/strong><span style=\"font-size: 0.8em;\">PRIMA PRAMAC RACING<\/span><\/span><\/td>\n<td style=\"text-align: center; border-style: none; vertical-align: middle; width: 266.66px; height: 100px; background-color: #ffffff;\"><span style=\"font-size: 0.9em;\"><strong><img loading=\"lazy\" decoding=\"async\" class=\"alignnone wp-image-559855\" src=\"https:\/\/dicodusport.fr\/blog\/wp-content\/uploads\/2024\/01\/Aprilia-Racing-2025.webp\" alt=\"\" width=\"45\" height=\"30\" \/><br \/>\n20. \ud83c\uddee\ud83c\uddf9 LORENZO SAVADORI<br \/>\n<\/strong><span style=\"font-size: 0.8em;\">APRILIA RACING<\/span><\/span><\/td>\n<td style=\"text-align: center; border-style: none; vertical-align: bottom; width: 266.66px; height: 100px; background-color: #ffffff;\"><span style=\"font-size: 0.9em;\"><strong><img loading=\"lazy\" decoding=\"async\" class=\"alignnone wp-image-559861\" src=\"https:\/\/dicodusport.fr\/blog\/wp-content\/uploads\/2024\/01\/LCR-Honda-2025.webp\" alt=\"\" width=\"45\" height=\"30\" \/><br \/>\n21. \ud83c\uddf9\ud83c\udded SOMKIAT CHANTRA<br \/>\n<\/strong><span style=\"font-size: 0.8em;\">LCR HONDA<\/span><\/span><\/td>\n<\/tr>\n<tr>\n<td style=\"text-align: center; border-style: none; vertical-align: top; width: 266.66px; height: 120px; background-color: #ffffff;\"><span style=\"font-size: 0.9em;\"><strong><img loading=\"lazy\" decoding=\"async\" class=\"alignnone wp-image-559864\" src=\"https:\/\/dicodusport.fr\/blog\/wp-content\/uploads\/2024\/01\/Trackhouse-MotoGP-Team-2025.webp\" alt=\"\" width=\"45\" height=\"30\" \/><br \/>\n22. \ud83c\uddea\ud83c\uddf8 RAUL FERNANDEZ<br \/>\n<\/strong><span style=\"font-size: 0.8em;\">TRACKHOUSE MOTOGP TEAM<\/span><\/span><\/td>\n<td style=\"text-align: center; border-style: none; vertical-align: middle; width: 266.66px; height: 100px; background-color: #ffffff;\">&nbsp;<\/p>\n<p>&nbsp;<\/td>\n<td style=\"text-align: center; border-style: none; vertical-align: bottom; width: 266.66px; height: 100px; background-color: #ffffff;\"><\/td>\n<\/tr>\n<\/tbody>\n<\/table>\n<hr \/>\n<h2 style=\"text-align: justify;\">\u00c0 lire aussi<\/h2>\n<ul>\n<li style=\"text-align: justify;\"><strong><a href=\"https:\/\/dicodusport.fr\/blog\/motogp-2025-le-calendrier-complet\/\" rel=\"\">Calendrier MotoGP 2025 : Dates et horaires des Grands Prix<\/a><\/strong><\/li>\n<li style=\"text-align: justify;\"><strong><a href=\"https:\/\/dicodusport.fr\/blog\/classement-motogp-2025-le-point-sur-le-championnat-du-monde-des-pilotes\/\">MotoGP 2025 : Le classement du championnat du monde des pilotes<\/a><\/strong><\/li>\n<\/ul>\n","protected":false},"excerpt":{"rendered":"<p>Retrouvez la grille de d\u00e9part du Grand Prix du Portugal 2025 de MotoGP sur le circuit de Portim\u00e3o, apr\u00e8s les qualifications de ce samedi 8 novembre 2025.<\/p>\n","protected":false},"author":4,"featured_media":624358,"comment_status":"open","ping_status":"closed","sticky":false,"template":"","format":"standard","meta":{"_acf_changed":false,"_daextam_enable_autolinks":"1","footnotes":""},"categories":[47087],"tags":[16878,15944,10938,15983],"class_list":["post-624353","post","type-post","status-publish","format-standard","has-post-thumbnail","hentry","category-motogp","tag-breve","tag-grand-prix-du-portugal-motogp","tag-motogp","tag-motogp-portugal"],"acf":[],"yoast_head":"<!-- This site is optimized with the Yoast SEO Premium plugin v26.7 (Yoast SEO v26.7) - https:\/\/yoast.com\/wordpress\/plugins\/seo\/ -->\n<title>MotoGP - La grille de d\u00e9part du Grand Prix du Portugal 2025<\/title>\n<meta name=\"description\" content=\"Retrouvez la grille de d\u00e9part du Grand Prix du Portugal 2025 de MotoGP sur le circuit de Portim\u00e3o, apr\u00e8s les qualifications de ce samedi 8 novembre 2025.\" \/>\n<meta name=\"robots\" content=\"index, follow, max-snippet:-1, max-image-preview:large, max-video-preview:-1\" \/>\n<link rel=\"canonical\" href=\"https:\/\/dicodusport.fr\/blog\/motogp-la-grille-de-depart-du-grand-prix-du-portugal-2025\/\" \/>\n<meta property=\"og:locale\" content=\"fr_FR\" \/>\n<meta property=\"og:type\" content=\"article\" \/>\n<meta property=\"og:title\" content=\"MotoGP - La grille de d\u00e9part du Grand Prix du Portugal 2025\" \/>\n<meta property=\"og:description\" content=\"Retrouvez la grille de d\u00e9part du Grand Prix du Portugal 2025 de MotoGP sur le circuit de Portim\u00e3o, apr\u00e8s les qualifications de ce samedi 8 novembre 2025.\" \/>\n<meta property=\"og:url\" content=\"https:\/\/dicodusport.fr\/blog\/motogp-la-grille-de-depart-du-grand-prix-du-portugal-2025\/\" \/>\n<meta property=\"og:site_name\" content=\"Dicodusport\" \/>\n<meta property=\"article:publisher\" content=\"https:\/\/www.facebook.com\/dicodusport\" \/>\n<meta property=\"article:author\" content=\"https:\/\/www.facebook.com\/florent.ostermann\" \/>\n<meta property=\"article:published_time\" content=\"2025-11-08T11:39:31+00:00\" \/>\n<meta property=\"article:modified_time\" content=\"2025-11-15T10:33:18+00:00\" \/>\n<meta property=\"og:image\" content=\"https:\/\/dicodusport.fr\/blog\/wp-content\/uploads\/2025\/11\/MotoGP-La-grille-de-depart-du-Grand-Prix-du-Portugal-2025.png\" \/>\n\t<meta property=\"og:image:width\" content=\"1200\" \/>\n\t<meta property=\"og:image:height\" content=\"674\" \/>\n\t<meta property=\"og:image:type\" content=\"image\/png\" \/>\n<meta name=\"author\" content=\"Flo Ostermann\" \/>\n<meta name=\"twitter:card\" content=\"summary_large_image\" \/>\n<meta name=\"twitter:creator\" content=\"@https:\/\/twitter.com\/FlOstermann\" \/>\n<meta name=\"twitter:site\" content=\"@dicodusport\" \/>\n<script type=\"application\/ld+json\" class=\"yoast-schema-graph\">{\"@context\":\"https:\/\/schema.org\",\"@graph\":[{\"@type\":\"NewsArticle\",\"@id\":\"https:\/\/dicodusport.fr\/blog\/motogp-la-grille-de-depart-du-grand-prix-du-portugal-2025\/#article\",\"isPartOf\":{\"@id\":\"https:\/\/dicodusport.fr\/blog\/motogp-la-grille-de-depart-du-grand-prix-du-portugal-2025\/\"},\"author\":{\"name\":\"Flo Ostermann\",\"@id\":\"https:\/\/dicodusport.fr\/blog\/#\/schema\/person\/cb02af4c173ce4a653b55e9baf388d4a\"},\"headline\":\"MotoGP &#8211; La grille de d\u00e9part du Grand Prix du Portugal 2025\",\"datePublished\":\"2025-11-08T11:39:31+00:00\",\"dateModified\":\"2025-11-15T10:33:18+00:00\",\"mainEntityOfPage\":{\"@id\":\"https:\/\/dicodusport.fr\/blog\/motogp-la-grille-de-depart-du-grand-prix-du-portugal-2025\/\"},\"wordCount\":530,\"commentCount\":0,\"publisher\":{\"@id\":\"https:\/\/dicodusport.fr\/blog\/#organization\"},\"image\":{\"@id\":\"https:\/\/dicodusport.fr\/blog\/motogp-la-grille-de-depart-du-grand-prix-du-portugal-2025\/#primaryimage\"},\"thumbnailUrl\":\"https:\/\/dicodusport.fr\/blog\/wp-content\/uploads\/2025\/11\/MotoGP-La-grille-de-depart-du-Grand-Prix-du-Portugal-2025.png\",\"keywords\":[\"br\u00e8ve\",\"Grand Prix du Portugal MotoGP\",\"MotoGP\",\"MotoGP Portugal\"],\"articleSection\":[\"MotoGP\"],\"inLanguage\":\"fr-FR\",\"potentialAction\":[{\"@type\":\"CommentAction\",\"name\":\"Comment\",\"target\":[\"https:\/\/dicodusport.fr\/blog\/motogp-la-grille-de-depart-du-grand-prix-du-portugal-2025\/#respond\"]}],\"copyrightYear\":\"2025\",\"copyrightHolder\":{\"@id\":\"https:\/\/dicodusport.fr\/blog\/#organization\"}},{\"@type\":\"WebPage\",\"@id\":\"https:\/\/dicodusport.fr\/blog\/motogp-la-grille-de-depart-du-grand-prix-du-portugal-2025\/\",\"url\":\"https:\/\/dicodusport.fr\/blog\/motogp-la-grille-de-depart-du-grand-prix-du-portugal-2025\/\",\"name\":\"MotoGP - La grille de d\u00e9part du Grand Prix du Portugal 2025\",\"isPartOf\":{\"@id\":\"https:\/\/dicodusport.fr\/blog\/#website\"},\"primaryImageOfPage\":{\"@id\":\"https:\/\/dicodusport.fr\/blog\/motogp-la-grille-de-depart-du-grand-prix-du-portugal-2025\/#primaryimage\"},\"image\":{\"@id\":\"https:\/\/dicodusport.fr\/blog\/motogp-la-grille-de-depart-du-grand-prix-du-portugal-2025\/#primaryimage\"},\"thumbnailUrl\":\"https:\/\/dicodusport.fr\/blog\/wp-content\/uploads\/2025\/11\/MotoGP-La-grille-de-depart-du-Grand-Prix-du-Portugal-2025.png\",\"datePublished\":\"2025-11-08T11:39:31+00:00\",\"dateModified\":\"2025-11-15T10:33:18+00:00\",\"description\":\"Retrouvez la grille de d\u00e9part du Grand Prix du Portugal 2025 de MotoGP sur le circuit de Portim\u00e3o, apr\u00e8s les qualifications de ce samedi 8 novembre 2025.\",\"breadcrumb\":{\"@id\":\"https:\/\/dicodusport.fr\/blog\/motogp-la-grille-de-depart-du-grand-prix-du-portugal-2025\/#breadcrumb\"},\"inLanguage\":\"fr-FR\",\"potentialAction\":[{\"@type\":\"ReadAction\",\"target\":[\"https:\/\/dicodusport.fr\/blog\/motogp-la-grille-de-depart-du-grand-prix-du-portugal-2025\/\"]}]},{\"@type\":\"ImageObject\",\"inLanguage\":\"fr-FR\",\"@id\":\"https:\/\/dicodusport.fr\/blog\/motogp-la-grille-de-depart-du-grand-prix-du-portugal-2025\/#primaryimage\",\"url\":\"https:\/\/dicodusport.fr\/blog\/wp-content\/uploads\/2025\/11\/MotoGP-La-grille-de-depart-du-Grand-Prix-du-Portugal-2025.png\",\"contentUrl\":\"https:\/\/dicodusport.fr\/blog\/wp-content\/uploads\/2025\/11\/MotoGP-La-grille-de-depart-du-Grand-Prix-du-Portugal-2025.png\",\"width\":1200,\"height\":674,\"caption\":\"MotoGP - La grille de d\u00e9part du Grand Prix du Portugal 2025\"},{\"@type\":\"BreadcrumbList\",\"@id\":\"https:\/\/dicodusport.fr\/blog\/motogp-la-grille-de-depart-du-grand-prix-du-portugal-2025\/#breadcrumb\",\"itemListElement\":[{\"@type\":\"ListItem\",\"position\":1,\"name\":\"Accueil\",\"item\":\"https:\/\/dicodusport.fr\/blog\/\"},{\"@type\":\"ListItem\",\"position\":2,\"name\":\"MotoGP &#8211; La grille de d\u00e9part du Grand Prix du Portugal 2025\"}]},{\"@type\":\"WebSite\",\"@id\":\"https:\/\/dicodusport.fr\/blog\/#website\",\"url\":\"https:\/\/dicodusport.fr\/blog\/\",\"name\":\"Dicodusport\",\"description\":\"L&#039;encyclop\u00e9die de l&#039;actualit\u00e9 sportive\",\"publisher\":{\"@id\":\"https:\/\/dicodusport.fr\/blog\/#organization\"},\"potentialAction\":[{\"@type\":\"SearchAction\",\"target\":{\"@type\":\"EntryPoint\",\"urlTemplate\":\"https:\/\/dicodusport.fr\/blog\/?s={search_term_string}\"},\"query-input\":{\"@type\":\"PropertyValueSpecification\",\"valueRequired\":true,\"valueName\":\"search_term_string\"}}],\"inLanguage\":\"fr-FR\"},{\"@type\":\"NewsMediaOrganization\",\"@id\":\"https:\/\/dicodusport.fr\/blog\/#organization\",\"name\":\"Dicodusport\",\"url\":\"https:\/\/dicodusport.fr\/blog\/\",\"logo\":{\"@type\":\"ImageObject\",\"inLanguage\":\"fr-FR\",\"@id\":\"https:\/\/dicodusport.fr\/blog\/#\/schema\/logo\/image\/\",\"url\":\"https:\/\/dicodusport.fr\/blog\/wp-content\/uploads\/2020\/06\/cropped-LOGO-DICODUSPORT-2020-SANS-FOND-SANS-TEXTE.png\",\"contentUrl\":\"https:\/\/dicodusport.fr\/blog\/wp-content\/uploads\/2020\/06\/cropped-LOGO-DICODUSPORT-2020-SANS-FOND-SANS-TEXTE.png\",\"width\":512,\"height\":512,\"caption\":\"Dicodusport\"},\"image\":{\"@id\":\"https:\/\/dicodusport.fr\/blog\/#\/schema\/logo\/image\/\"},\"sameAs\":[\"https:\/\/www.facebook.com\/dicodusport\",\"https:\/\/x.com\/dicodusport\",\"https:\/\/www.instagram.com\/dicodusport\/\",\"https:\/\/www.youtube.com\/channel\/UC7V2KZ5sd3htJivAbA4ZG3w\"],\"description\":\"Dicodusport est l'encyclop\u00e9die de l'actualit\u00e9 sportive.\",\"email\":\"bonjour@dicodusport.fr\",\"legalName\":\"DICODUSPORT\",\"foundingDate\":\"2018-01-14\",\"vatID\":\"FR71834470973\",\"taxID\":\"83447097300043\",\"numberOfEmployees\":{\"@type\":\"QuantitativeValue\",\"minValue\":\"1\",\"maxValue\":\"10\"}},{\"@type\":\"Person\",\"@id\":\"https:\/\/dicodusport.fr\/blog\/#\/schema\/person\/cb02af4c173ce4a653b55e9baf388d4a\",\"name\":\"Flo Ostermann\",\"image\":{\"@type\":\"ImageObject\",\"inLanguage\":\"fr-FR\",\"@id\":\"https:\/\/dicodusport.fr\/blog\/#\/schema\/person\/image\/\",\"url\":\"https:\/\/dicodusport.fr\/blog\/wp-content\/uploads\/2021\/05\/Flo-Ostermann-150x150.jpg\",\"contentUrl\":\"https:\/\/dicodusport.fr\/blog\/wp-content\/uploads\/2021\/05\/Flo-Ostermann-150x150.jpg\",\"caption\":\"Flo Ostermann\"},\"description\":\"Journaliste\/R\u00e9dacteur depuis septembre 2015 - Mes premiers souvenirs dans le sport ? Les envol\u00e9es du Stade Toulousain et les duels Villeneuve-Schumacher et H\u00e4kkinen-Schumacher \u00e0 la fin des ann\u00e9es 90, la Coupe du monde de football en 1998, l\u2019exploit du XV de France face aux All Blacks en 1999, mais aussi Richard C\u0153ur de Lion qui vole sur les montagnes du Tour de France. Bien parti pour devenir professeur d\u2019EPS, les \u00e9v\u00e9nements de la vie (et la flemme d\u2019animer des s\u00e9ances de 3x500 m\u00e8tres toute ma vie) m\u2019ont conduit \u00e0 revoir mes plans. Me voil\u00e0 depuis fin 2017 sur Dicodusport, m\u00e9dia gr\u00e2ce (et pour) lequel je partage ma passion : le sport dans tous ses \u00e9tats. Le tout accompagn\u00e9 par les fous furieux et folles furieuses cit\u00e9s sur cette page !\",\"sameAs\":[\"https:\/\/www.facebook.com\/florent.ostermann\",\"https:\/\/x.com\/https:\/\/twitter.com\/FlOstermann\",\"admin\"],\"url\":\"https:\/\/dicodusport.fr\/blog\/author\/flo\/\"}]}<\/script>\n<!-- \/ Yoast SEO Premium plugin. -->","yoast_head_json":{"title":"MotoGP - La grille de d\u00e9part du Grand Prix du Portugal 2025","description":"Retrouvez la grille de d\u00e9part du Grand Prix du Portugal 2025 de MotoGP sur le circuit de Portim\u00e3o, apr\u00e8s les qualifications de ce samedi 8 novembre 2025.","robots":{"index":"index","follow":"follow","max-snippet":"max-snippet:-1","max-image-preview":"max-image-preview:large","max-video-preview":"max-video-preview:-1"},"canonical":"https:\/\/dicodusport.fr\/blog\/motogp-la-grille-de-depart-du-grand-prix-du-portugal-2025\/","og_locale":"fr_FR","og_type":"article","og_title":"MotoGP - La grille de d\u00e9part du Grand Prix du Portugal 2025","og_description":"Retrouvez la grille de d\u00e9part du Grand Prix du Portugal 2025 de MotoGP sur le circuit de Portim\u00e3o, apr\u00e8s les qualifications de ce samedi 8 novembre 2025.","og_url":"https:\/\/dicodusport.fr\/blog\/motogp-la-grille-de-depart-du-grand-prix-du-portugal-2025\/","og_site_name":"Dicodusport","article_publisher":"https:\/\/www.facebook.com\/dicodusport","article_author":"https:\/\/www.facebook.com\/florent.ostermann","article_published_time":"2025-11-08T11:39:31+00:00","article_modified_time":"2025-11-15T10:33:18+00:00","og_image":[{"width":1200,"height":674,"url":"https:\/\/dicodusport.fr\/blog\/wp-content\/uploads\/2025\/11\/MotoGP-La-grille-de-depart-du-Grand-Prix-du-Portugal-2025.png","type":"image\/png"}],"author":"Flo Ostermann","twitter_card":"summary_large_image","twitter_creator":"@https:\/\/twitter.com\/FlOstermann","twitter_site":"@dicodusport","schema":{"@context":"https:\/\/schema.org","@graph":[{"@type":"NewsArticle","@id":"https:\/\/dicodusport.fr\/blog\/motogp-la-grille-de-depart-du-grand-prix-du-portugal-2025\/#article","isPartOf":{"@id":"https:\/\/dicodusport.fr\/blog\/motogp-la-grille-de-depart-du-grand-prix-du-portugal-2025\/"},"author":{"name":"Flo Ostermann","@id":"https:\/\/dicodusport.fr\/blog\/#\/schema\/person\/cb02af4c173ce4a653b55e9baf388d4a"},"headline":"MotoGP &#8211; La grille de d\u00e9part du Grand Prix du Portugal 2025","datePublished":"2025-11-08T11:39:31+00:00","dateModified":"2025-11-15T10:33:18+00:00","mainEntityOfPage":{"@id":"https:\/\/dicodusport.fr\/blog\/motogp-la-grille-de-depart-du-grand-prix-du-portugal-2025\/"},"wordCount":530,"commentCount":0,"publisher":{"@id":"https:\/\/dicodusport.fr\/blog\/#organization"},"image":{"@id":"https:\/\/dicodusport.fr\/blog\/motogp-la-grille-de-depart-du-grand-prix-du-portugal-2025\/#primaryimage"},"thumbnailUrl":"https:\/\/dicodusport.fr\/blog\/wp-content\/uploads\/2025\/11\/MotoGP-La-grille-de-depart-du-Grand-Prix-du-Portugal-2025.png","keywords":["br\u00e8ve","Grand Prix du Portugal MotoGP","MotoGP","MotoGP Portugal"],"articleSection":["MotoGP"],"inLanguage":"fr-FR","potentialAction":[{"@type":"CommentAction","name":"Comment","target":["https:\/\/dicodusport.fr\/blog\/motogp-la-grille-de-depart-du-grand-prix-du-portugal-2025\/#respond"]}],"copyrightYear":"2025","copyrightHolder":{"@id":"https:\/\/dicodusport.fr\/blog\/#organization"}},{"@type":"WebPage","@id":"https:\/\/dicodusport.fr\/blog\/motogp-la-grille-de-depart-du-grand-prix-du-portugal-2025\/","url":"https:\/\/dicodusport.fr\/blog\/motogp-la-grille-de-depart-du-grand-prix-du-portugal-2025\/","name":"MotoGP - La grille de d\u00e9part du Grand Prix du Portugal 2025","isPartOf":{"@id":"https:\/\/dicodusport.fr\/blog\/#website"},"primaryImageOfPage":{"@id":"https:\/\/dicodusport.fr\/blog\/motogp-la-grille-de-depart-du-grand-prix-du-portugal-2025\/#primaryimage"},"image":{"@id":"https:\/\/dicodusport.fr\/blog\/motogp-la-grille-de-depart-du-grand-prix-du-portugal-2025\/#primaryimage"},"thumbnailUrl":"https:\/\/dicodusport.fr\/blog\/wp-content\/uploads\/2025\/11\/MotoGP-La-grille-de-depart-du-Grand-Prix-du-Portugal-2025.png","datePublished":"2025-11-08T11:39:31+00:00","dateModified":"2025-11-15T10:33:18+00:00","description":"Retrouvez la grille de d\u00e9part du Grand Prix du Portugal 2025 de MotoGP sur le circuit de Portim\u00e3o, apr\u00e8s les qualifications de ce samedi 8 novembre 2025.","breadcrumb":{"@id":"https:\/\/dicodusport.fr\/blog\/motogp-la-grille-de-depart-du-grand-prix-du-portugal-2025\/#breadcrumb"},"inLanguage":"fr-FR","potentialAction":[{"@type":"ReadAction","target":["https:\/\/dicodusport.fr\/blog\/motogp-la-grille-de-depart-du-grand-prix-du-portugal-2025\/"]}]},{"@type":"ImageObject","inLanguage":"fr-FR","@id":"https:\/\/dicodusport.fr\/blog\/motogp-la-grille-de-depart-du-grand-prix-du-portugal-2025\/#primaryimage","url":"https:\/\/dicodusport.fr\/blog\/wp-content\/uploads\/2025\/11\/MotoGP-La-grille-de-depart-du-Grand-Prix-du-Portugal-2025.png","contentUrl":"https:\/\/dicodusport.fr\/blog\/wp-content\/uploads\/2025\/11\/MotoGP-La-grille-de-depart-du-Grand-Prix-du-Portugal-2025.png","width":1200,"height":674,"caption":"MotoGP - La grille de d\u00e9part du Grand Prix du Portugal 2025"},{"@type":"BreadcrumbList","@id":"https:\/\/dicodusport.fr\/blog\/motogp-la-grille-de-depart-du-grand-prix-du-portugal-2025\/#breadcrumb","itemListElement":[{"@type":"ListItem","position":1,"name":"Accueil","item":"https:\/\/dicodusport.fr\/blog\/"},{"@type":"ListItem","position":2,"name":"MotoGP &#8211; La grille de d\u00e9part du Grand Prix du Portugal 2025"}]},{"@type":"WebSite","@id":"https:\/\/dicodusport.fr\/blog\/#website","url":"https:\/\/dicodusport.fr\/blog\/","name":"Dicodusport","description":"L&#039;encyclop\u00e9die de l&#039;actualit\u00e9 sportive","publisher":{"@id":"https:\/\/dicodusport.fr\/blog\/#organization"},"potentialAction":[{"@type":"SearchAction","target":{"@type":"EntryPoint","urlTemplate":"https:\/\/dicodusport.fr\/blog\/?s={search_term_string}"},"query-input":{"@type":"PropertyValueSpecification","valueRequired":true,"valueName":"search_term_string"}}],"inLanguage":"fr-FR"},{"@type":"NewsMediaOrganization","@id":"https:\/\/dicodusport.fr\/blog\/#organization","name":"Dicodusport","url":"https:\/\/dicodusport.fr\/blog\/","logo":{"@type":"ImageObject","inLanguage":"fr-FR","@id":"https:\/\/dicodusport.fr\/blog\/#\/schema\/logo\/image\/","url":"https:\/\/dicodusport.fr\/blog\/wp-content\/uploads\/2020\/06\/cropped-LOGO-DICODUSPORT-2020-SANS-FOND-SANS-TEXTE.png","contentUrl":"https:\/\/dicodusport.fr\/blog\/wp-content\/uploads\/2020\/06\/cropped-LOGO-DICODUSPORT-2020-SANS-FOND-SANS-TEXTE.png","width":512,"height":512,"caption":"Dicodusport"},"image":{"@id":"https:\/\/dicodusport.fr\/blog\/#\/schema\/logo\/image\/"},"sameAs":["https:\/\/www.facebook.com\/dicodusport","https:\/\/x.com\/dicodusport","https:\/\/www.instagram.com\/dicodusport\/","https:\/\/www.youtube.com\/channel\/UC7V2KZ5sd3htJivAbA4ZG3w"],"description":"Dicodusport est l'encyclop\u00e9die de l'actualit\u00e9 sportive.","email":"bonjour@dicodusport.fr","legalName":"DICODUSPORT","foundingDate":"2018-01-14","vatID":"FR71834470973","taxID":"83447097300043","numberOfEmployees":{"@type":"QuantitativeValue","minValue":"1","maxValue":"10"}},{"@type":"Person","@id":"https:\/\/dicodusport.fr\/blog\/#\/schema\/person\/cb02af4c173ce4a653b55e9baf388d4a","name":"Flo Ostermann","image":{"@type":"ImageObject","inLanguage":"fr-FR","@id":"https:\/\/dicodusport.fr\/blog\/#\/schema\/person\/image\/","url":"https:\/\/dicodusport.fr\/blog\/wp-content\/uploads\/2021\/05\/Flo-Ostermann-150x150.jpg","contentUrl":"https:\/\/dicodusport.fr\/blog\/wp-content\/uploads\/2021\/05\/Flo-Ostermann-150x150.jpg","caption":"Flo Ostermann"},"description":"Journaliste\/R\u00e9dacteur depuis septembre 2015 - Mes premiers souvenirs dans le sport ? Les envol\u00e9es du Stade Toulousain et les duels Villeneuve-Schumacher et H\u00e4kkinen-Schumacher \u00e0 la fin des ann\u00e9es 90, la Coupe du monde de football en 1998, l\u2019exploit du XV de France face aux All Blacks en 1999, mais aussi Richard C\u0153ur de Lion qui vole sur les montagnes du Tour de France. Bien parti pour devenir professeur d\u2019EPS, les \u00e9v\u00e9nements de la vie (et la flemme d\u2019animer des s\u00e9ances de 3x500 m\u00e8tres toute ma vie) m\u2019ont conduit \u00e0 revoir mes plans. Me voil\u00e0 depuis fin 2017 sur Dicodusport, m\u00e9dia gr\u00e2ce (et pour) lequel je partage ma passion : le sport dans tous ses \u00e9tats. Le tout accompagn\u00e9 par les fous furieux et folles furieuses cit\u00e9s sur cette page !","sameAs":["https:\/\/www.facebook.com\/florent.ostermann","https:\/\/x.com\/https:\/\/twitter.com\/FlOstermann","admin"],"url":"https:\/\/dicodusport.fr\/blog\/author\/flo\/"}]}},"_links":{"self":[{"href":"https:\/\/dicodusport.fr\/blog\/wp-json\/wp\/v2\/posts\/624353","targetHints":{"allow":["GET"]}}],"collection":[{"href":"https:\/\/dicodusport.fr\/blog\/wp-json\/wp\/v2\/posts"}],"about":[{"href":"https:\/\/dicodusport.fr\/blog\/wp-json\/wp\/v2\/types\/post"}],"author":[{"embeddable":true,"href":"https:\/\/dicodusport.fr\/blog\/wp-json\/wp\/v2\/users\/4"}],"replies":[{"embeddable":true,"href":"https:\/\/dicodusport.fr\/blog\/wp-json\/wp\/v2\/comments?post=624353"}],"version-history":[{"count":5,"href":"https:\/\/dicodusport.fr\/blog\/wp-json\/wp\/v2\/posts\/624353\/revisions"}],"predecessor-version":[{"id":625771,"href":"https:\/\/dicodusport.fr\/blog\/wp-json\/wp\/v2\/posts\/624353\/revisions\/625771"}],"wp:featuredmedia":[{"embeddable":true,"href":"https:\/\/dicodusport.fr\/blog\/wp-json\/wp\/v2\/media\/624358"}],"wp:attachment":[{"href":"https:\/\/dicodusport.fr\/blog\/wp-json\/wp\/v2\/media?parent=624353"}],"wp:term":[{"taxonomy":"category","embeddable":true,"href":"https:\/\/dicodusport.fr\/blog\/wp-json\/wp\/v2\/categories?post=624353"},{"taxonomy":"post_tag","embeddable":true,"href":"https:\/\/dicodusport.fr\/blog\/wp-json\/wp\/v2\/tags?post=624353"}],"curies":[{"name":"wp","href":"https:\/\/api.w.org\/{rel}","templated":true}]}}