{"id":624821,"date":"2025-11-09T13:57:18","date_gmt":"2025-11-09T12:57:18","guid":{"rendered":"https:\/\/dicodusport.fr\/blog\/?p=624821&#038;preview=true&#038;preview_id=624821"},"modified":"2025-11-09T14:37:03","modified_gmt":"2025-11-09T13:37:03","slug":"championnats-deurope-de-cyclo-cross-2025-celia-gery-et-amandine-muller-sur-le-podium-en-u23-leonie-bentveld-sacree","status":"publish","type":"post","link":"https:\/\/dicodusport.fr\/blog\/championnats-deurope-de-cyclo-cross-2025-celia-gery-et-amandine-muller-sur-le-podium-en-u23-leonie-bentveld-sacree\/","title":{"rendered":"Championnats d&rsquo;Europe de cyclo-cross 2025 : C\u00e9lia G\u00e9ry et Amandine Muller sur le podium en U23, Leonie Bentveld sacr\u00e9e"},"content":{"rendered":"<p style=\"text-align: justify;\"><strong><em>CHAMPIONNATS D&rsquo;EUROPE DE CYCLO-CROSS 2025 \u2013 Leonie Bentveld est devenue championne d\u2019Europe dans la cat\u00e9gorie espoirs \u00e0 Middelkerke, dimanche. La Fran\u00e7aise C\u00e9lia G\u00e9ry a pris la deuxi\u00e8me place, devant sa compatriote Amandine Muller.<\/em><\/strong><\/p>\n<p style=\"text-align: justify;\">Apr\u00e8s une excellente saison sur route, couronn\u00e9e par le titre mondial espoirs au Rwanda, <a href=\"https:\/\/dicodusport.fr\/blog\/celia-gery-un-diamant-aux-multiples-facettes\/\"><strong>C\u00e9lia G\u00e9ry<\/strong><\/a> faisait figure de favorite pour un deuxi\u00e8me sacre europ\u00e9en cons\u00e9cutif sur le circuit sableux de Middelkerke, notamment gr\u00e2ce \u00e0 sa belle deuxi\u00e8me place au Koppenbergcross chez les professionnelles le week-end dernier.<\/p>\n<p style=\"text-align: justify;\">Sa principale rivale, la N\u00e9erlandaise <strong>Leonie Bentveld<\/strong>, avait, elle aussi, affich\u00e9 une excellente forme. M\u00e9daill\u00e9e de bronze l\u2019an pass\u00e9 aux Championnats d\u2019Europe, elle s\u2019\u00e9tait d\u00e9j\u00e0 distingu\u00e9e chez les \u00e9lites cette saison, avec notamment une troisi\u00e8me place sur l\u2019Exact Cross de Heerderstrand.<\/p>\n<h2 style=\"text-align: justify;\">Bentveld s&rsquo;envole, G\u00e9ry s&rsquo;enlise<\/h2>\n<p style=\"text-align: justify;\">Rapidement, <strong>Bentveld<\/strong> et <strong>G\u00e9ry<\/strong> ont pris les commandes de la course. Mais la Batave a profit\u00e9 d\u2019une erreur dans le sable de la tenante du titre pour creuser un \u00e9cart de 22 secondes au terme du premier des six tours du circuit. Lors du deuxi\u00e8me tour, la surprenante Belge <strong>Shanyl De Schoesitter<\/strong> est revenue sur <strong>G\u00e9ry<\/strong>, toujours en difficult\u00e9 sur le sable, tandis que <strong>Bentveld<\/strong> accentuait son avance, port\u00e9e \u00e0 35 secondes. N\u00e9anmoins, <strong>G\u00e9ry<\/strong> a laiss\u00e9 parler ses qualit\u00e9s d\u2019escaladeuse dans les dunes pour distancer la Belge.<\/p>\n<blockquote class=\"twitter-tweet\">\n<p dir=\"ltr\" lang=\"fr\">C\u00e9lia G\u00e9ry a chut\u00e9 en d\u00e9but de course chez les espoirs f\u00e9minines <a href=\"https:\/\/twitter.com\/hashtag\/EuroCross25?src=hash&amp;ref_src=twsrc%5Etfw\">#EuroCross25<\/a> laissant Leonie Bentveld seul en t\u00eate de la course avec 22&Prime; d&rsquo;avance au terme du premier tour. <a href=\"https:\/\/t.co\/9ZGslDLOJB\">pic.twitter.com\/9ZGslDLOJB<\/a><\/p>\n<p>\u2014 \ud83d\udeb4 Les Rois du Peloton \ud83d\udeb2 (@LRoisDuPeloton) <a href=\"https:\/\/twitter.com\/LRoisDuPeloton\/status\/1987494860027261202?ref_src=twsrc%5Etfw\">November 9, 2025<\/a><\/p><\/blockquote>\n<p><script async src=\"https:\/\/platform.twitter.com\/widgets.js\" charset=\"utf-8\"><\/script><\/p>\n<p style=\"text-align: justify;\">Progressivement, <strong>G\u00e9ry<\/strong> a trouv\u00e9 son rythme, mais <strong>Bentveld<\/strong> a poursuivi son cavalier seul, comptant jusqu\u2019\u00e0 46 secondes d\u2019avance sur la Fran\u00e7aise. Derri\u00e8re, \u00e0 1:23, la N\u00e9erlandaise <strong>Bloeme Kalis<\/strong> a rejoint <strong>De Schoesitter<\/strong>. Dans l\u2019avant-dernier tour, <strong>Amandine Muller<\/strong> a fourni un gros effort pour d\u00e9passer le duo et s\u2019emparer de la troisi\u00e8me place. Elle est m\u00eame parvenue \u00e0 se rapprocher de <strong>G\u00e9ry<\/strong>, mais les deux Fran\u00e7aises restaient \u00e0 plus d\u20191:40 de la t\u00eate de course.<\/p>\n<p style=\"text-align: justify;\">Finalement, <strong>Leonie Bentveld<\/strong> s\u2019est impos\u00e9e avec autorit\u00e9, menant la course quasiment de bout en bout. <strong>C\u00e9lia G\u00e9ry<\/strong> prend la deuxi\u00e8me place \u00e0 1:13, tandis qu\u2019<strong>Amandine Muller<\/strong> compl\u00e8te le podium avec le bronze, juste devant <strong>Shanyl De Schoesitter<\/strong>.<\/p>\n","protected":false},"excerpt":{"rendered":"<p>Leonie Bentveld est devenue championne d&rsquo;Europe dans la cat\u00e9gorie espoirs \u00e0 Middelkerke, dimanche. La Fran\u00e7aise C\u00e9lia G\u00e9ry a pris la deuxi\u00e8me place devant sa compatriote Amandine Muller.\u00a0<\/p>\n","protected":false},"author":48,"featured_media":624889,"comment_status":"open","ping_status":"closed","sticky":false,"template":"","format":"standard","meta":{"_acf_changed":false,"_daextam_enable_autolinks":"1","footnotes":""},"categories":[9611],"tags":[32415,16878,12436,6666],"class_list":["post-624821","post","type-post","status-publish","format-standard","has-post-thumbnail","hentry","category-cyclo-cross","tag-actu","tag-breve","tag-championnats-deurope-de-cyclo-cross","tag-cyclo-cross"],"acf":[],"yoast_head":"<!-- This site is optimized with the Yoast SEO Premium plugin v26.7 (Yoast SEO v26.7) - https:\/\/yoast.com\/wordpress\/plugins\/seo\/ -->\n<title>Championnats d&#039;Europe de cyclo-cross 2025 : C\u00e9lia G\u00e9ry et Amandine Muller sur le podium en U23, Leonie Bentveld sacr\u00e9e<\/title>\n<meta name=\"description\" content=\"Leonie Bentveld est devenue championne d&#039;Europe dans la cat\u00e9gorie espoirs \u00e0 Middelkerke, dimanche. La Fran\u00e7aise C\u00e9lia G\u00e9ry a pris la deuxi\u00e8me place.\u00a0\" \/>\n<meta name=\"robots\" content=\"index, follow, max-snippet:-1, max-image-preview:large, max-video-preview:-1\" \/>\n<link rel=\"canonical\" href=\"https:\/\/dicodusport.fr\/blog\/championnats-deurope-de-cyclo-cross-2025-celia-gery-et-amandine-muller-sur-le-podium-en-u23-leonie-bentveld-sacree\/\" \/>\n<meta property=\"og:locale\" content=\"fr_FR\" \/>\n<meta property=\"og:type\" content=\"article\" \/>\n<meta property=\"og:title\" content=\"Championnats d&#039;Europe de cyclo-cross 2025 : C\u00e9lia G\u00e9ry et Amandine Muller sur le podium en U23, Leonie Bentveld sacr\u00e9e\" \/>\n<meta property=\"og:description\" content=\"Leonie Bentveld est devenue championne d&#039;Europe dans la cat\u00e9gorie espoirs \u00e0 Middelkerke, dimanche. La Fran\u00e7aise C\u00e9lia G\u00e9ry a pris la deuxi\u00e8me place.\u00a0\" \/>\n<meta property=\"og:url\" content=\"https:\/\/dicodusport.fr\/blog\/championnats-deurope-de-cyclo-cross-2025-celia-gery-et-amandine-muller-sur-le-podium-en-u23-leonie-bentveld-sacree\/\" \/>\n<meta property=\"og:site_name\" content=\"Dicodusport\" \/>\n<meta property=\"article:publisher\" content=\"https:\/\/www.facebook.com\/dicodusport\" \/>\n<meta property=\"article:author\" content=\"https:\/\/www.facebook.com\/groups\/LesRoisDuPeloton\" \/>\n<meta property=\"article:published_time\" content=\"2025-11-09T12:57:18+00:00\" \/>\n<meta property=\"article:modified_time\" content=\"2025-11-09T13:37:03+00:00\" \/>\n<meta property=\"og:image\" content=\"https:\/\/dicodusport.fr\/blog\/wp-content\/uploads\/2025\/11\/Championnats-dEurope-de-cyclo-cross-2025-Celia-Gery-et-Amandine-Muller-sur-le-podium-en-U23-Leonie-Bentveld-sacree-1.png\" \/>\n\t<meta property=\"og:image:width\" content=\"1200\" \/>\n\t<meta property=\"og:image:height\" content=\"674\" \/>\n\t<meta property=\"og:image:type\" content=\"image\/png\" \/>\n<meta name=\"author\" content=\"Emilien Descampiaux\" \/>\n<meta name=\"twitter:card\" content=\"summary_large_image\" \/>\n<meta name=\"twitter:title\" content=\"Championnats d&#039;Europe de cyclo-cross 2025 : C\u00e9lia G\u00e9ry et Amandine Muller sur le podium en U23, Leonie Bentveld sacr\u00e9e\" \/>\n<meta name=\"twitter:creator\" content=\"@https:\/\/twitter.com\/LRoisDuPeloton\" \/>\n<meta name=\"twitter:site\" content=\"@dicodusport\" \/>\n<script type=\"application\/ld+json\" class=\"yoast-schema-graph\">{\"@context\":\"https:\/\/schema.org\",\"@graph\":[{\"@type\":\"NewsArticle\",\"@id\":\"https:\/\/dicodusport.fr\/blog\/championnats-deurope-de-cyclo-cross-2025-celia-gery-et-amandine-muller-sur-le-podium-en-u23-leonie-bentveld-sacree\/#article\",\"isPartOf\":{\"@id\":\"https:\/\/dicodusport.fr\/blog\/championnats-deurope-de-cyclo-cross-2025-celia-gery-et-amandine-muller-sur-le-podium-en-u23-leonie-bentveld-sacree\/\"},\"author\":{\"name\":\"Emilien Descampiaux\",\"@id\":\"https:\/\/dicodusport.fr\/blog\/#\/schema\/person\/6db4bae06b171592211be385b32876a7\"},\"headline\":\"Championnats d&rsquo;Europe de cyclo-cross 2025 : C\u00e9lia G\u00e9ry et Amandine Muller sur le podium en U23, Leonie Bentveld sacr\u00e9e\",\"datePublished\":\"2025-11-09T12:57:18+00:00\",\"dateModified\":\"2025-11-09T13:37:03+00:00\",\"mainEntityOfPage\":{\"@id\":\"https:\/\/dicodusport.fr\/blog\/championnats-deurope-de-cyclo-cross-2025-celia-gery-et-amandine-muller-sur-le-podium-en-u23-leonie-bentveld-sacree\/\"},\"wordCount\":433,\"commentCount\":0,\"publisher\":{\"@id\":\"https:\/\/dicodusport.fr\/blog\/#organization\"},\"image\":{\"@id\":\"https:\/\/dicodusport.fr\/blog\/championnats-deurope-de-cyclo-cross-2025-celia-gery-et-amandine-muller-sur-le-podium-en-u23-leonie-bentveld-sacree\/#primaryimage\"},\"thumbnailUrl\":\"https:\/\/dicodusport.fr\/blog\/wp-content\/uploads\/2025\/11\/Championnats-dEurope-de-cyclo-cross-2025-Celia-Gery-et-Amandine-Muller-sur-le-podium-en-U23-Leonie-Bentveld-sacree-1.png\",\"keywords\":[\"actu\",\"br\u00e8ve\",\"Championnats d'Europe de cyclo-cross\",\"Cyclo-cross\"],\"articleSection\":[\"Cyclo-cross\"],\"inLanguage\":\"fr-FR\",\"potentialAction\":[{\"@type\":\"CommentAction\",\"name\":\"Comment\",\"target\":[\"https:\/\/dicodusport.fr\/blog\/championnats-deurope-de-cyclo-cross-2025-celia-gery-et-amandine-muller-sur-le-podium-en-u23-leonie-bentveld-sacree\/#respond\"]}],\"copyrightYear\":\"2025\",\"copyrightHolder\":{\"@id\":\"https:\/\/dicodusport.fr\/blog\/#organization\"}},{\"@type\":\"WebPage\",\"@id\":\"https:\/\/dicodusport.fr\/blog\/championnats-deurope-de-cyclo-cross-2025-celia-gery-et-amandine-muller-sur-le-podium-en-u23-leonie-bentveld-sacree\/\",\"url\":\"https:\/\/dicodusport.fr\/blog\/championnats-deurope-de-cyclo-cross-2025-celia-gery-et-amandine-muller-sur-le-podium-en-u23-leonie-bentveld-sacree\/\",\"name\":\"Championnats d'Europe de cyclo-cross 2025 : C\u00e9lia G\u00e9ry et Amandine Muller sur le podium en U23, Leonie Bentveld sacr\u00e9e\",\"isPartOf\":{\"@id\":\"https:\/\/dicodusport.fr\/blog\/#website\"},\"primaryImageOfPage\":{\"@id\":\"https:\/\/dicodusport.fr\/blog\/championnats-deurope-de-cyclo-cross-2025-celia-gery-et-amandine-muller-sur-le-podium-en-u23-leonie-bentveld-sacree\/#primaryimage\"},\"image\":{\"@id\":\"https:\/\/dicodusport.fr\/blog\/championnats-deurope-de-cyclo-cross-2025-celia-gery-et-amandine-muller-sur-le-podium-en-u23-leonie-bentveld-sacree\/#primaryimage\"},\"thumbnailUrl\":\"https:\/\/dicodusport.fr\/blog\/wp-content\/uploads\/2025\/11\/Championnats-dEurope-de-cyclo-cross-2025-Celia-Gery-et-Amandine-Muller-sur-le-podium-en-U23-Leonie-Bentveld-sacree-1.png\",\"datePublished\":\"2025-11-09T12:57:18+00:00\",\"dateModified\":\"2025-11-09T13:37:03+00:00\",\"description\":\"Leonie Bentveld est devenue championne d'Europe dans la cat\u00e9gorie espoirs \u00e0 Middelkerke, dimanche. La Fran\u00e7aise C\u00e9lia G\u00e9ry a pris la deuxi\u00e8me place.\u00a0\",\"breadcrumb\":{\"@id\":\"https:\/\/dicodusport.fr\/blog\/championnats-deurope-de-cyclo-cross-2025-celia-gery-et-amandine-muller-sur-le-podium-en-u23-leonie-bentveld-sacree\/#breadcrumb\"},\"inLanguage\":\"fr-FR\",\"potentialAction\":[{\"@type\":\"ReadAction\",\"target\":[\"https:\/\/dicodusport.fr\/blog\/championnats-deurope-de-cyclo-cross-2025-celia-gery-et-amandine-muller-sur-le-podium-en-u23-leonie-bentveld-sacree\/\"]}]},{\"@type\":\"ImageObject\",\"inLanguage\":\"fr-FR\",\"@id\":\"https:\/\/dicodusport.fr\/blog\/championnats-deurope-de-cyclo-cross-2025-celia-gery-et-amandine-muller-sur-le-podium-en-u23-leonie-bentveld-sacree\/#primaryimage\",\"url\":\"https:\/\/dicodusport.fr\/blog\/wp-content\/uploads\/2025\/11\/Championnats-dEurope-de-cyclo-cross-2025-Celia-Gery-et-Amandine-Muller-sur-le-podium-en-U23-Leonie-Bentveld-sacree-1.png\",\"contentUrl\":\"https:\/\/dicodusport.fr\/blog\/wp-content\/uploads\/2025\/11\/Championnats-dEurope-de-cyclo-cross-2025-Celia-Gery-et-Amandine-Muller-sur-le-podium-en-U23-Leonie-Bentveld-sacree-1.png\",\"width\":1200,\"height\":674,\"caption\":\"Championnats d'Europe de cyclo-cross 2025 C\u00e9lia G\u00e9ry et Amandine Muller sur le podium en U23, Leonie Bentveld sacr\u00e9e (1)\"},{\"@type\":\"BreadcrumbList\",\"@id\":\"https:\/\/dicodusport.fr\/blog\/championnats-deurope-de-cyclo-cross-2025-celia-gery-et-amandine-muller-sur-le-podium-en-u23-leonie-bentveld-sacree\/#breadcrumb\",\"itemListElement\":[{\"@type\":\"ListItem\",\"position\":1,\"name\":\"Accueil\",\"item\":\"https:\/\/dicodusport.fr\/blog\/\"},{\"@type\":\"ListItem\",\"position\":2,\"name\":\"Championnats d&rsquo;Europe de cyclo-cross 2025 : C\u00e9lia G\u00e9ry et Amandine Muller sur le podium en U23, Leonie Bentveld sacr\u00e9e\"}]},{\"@type\":\"WebSite\",\"@id\":\"https:\/\/dicodusport.fr\/blog\/#website\",\"url\":\"https:\/\/dicodusport.fr\/blog\/\",\"name\":\"Dicodusport\",\"description\":\"L&#039;encyclop\u00e9die de l&#039;actualit\u00e9 sportive\",\"publisher\":{\"@id\":\"https:\/\/dicodusport.fr\/blog\/#organization\"},\"potentialAction\":[{\"@type\":\"SearchAction\",\"target\":{\"@type\":\"EntryPoint\",\"urlTemplate\":\"https:\/\/dicodusport.fr\/blog\/?s={search_term_string}\"},\"query-input\":{\"@type\":\"PropertyValueSpecification\",\"valueRequired\":true,\"valueName\":\"search_term_string\"}}],\"inLanguage\":\"fr-FR\"},{\"@type\":\"NewsMediaOrganization\",\"@id\":\"https:\/\/dicodusport.fr\/blog\/#organization\",\"name\":\"Dicodusport\",\"url\":\"https:\/\/dicodusport.fr\/blog\/\",\"logo\":{\"@type\":\"ImageObject\",\"inLanguage\":\"fr-FR\",\"@id\":\"https:\/\/dicodusport.fr\/blog\/#\/schema\/logo\/image\/\",\"url\":\"https:\/\/dicodusport.fr\/blog\/wp-content\/uploads\/2020\/06\/cropped-LOGO-DICODUSPORT-2020-SANS-FOND-SANS-TEXTE.png\",\"contentUrl\":\"https:\/\/dicodusport.fr\/blog\/wp-content\/uploads\/2020\/06\/cropped-LOGO-DICODUSPORT-2020-SANS-FOND-SANS-TEXTE.png\",\"width\":512,\"height\":512,\"caption\":\"Dicodusport\"},\"image\":{\"@id\":\"https:\/\/dicodusport.fr\/blog\/#\/schema\/logo\/image\/\"},\"sameAs\":[\"https:\/\/www.facebook.com\/dicodusport\",\"https:\/\/x.com\/dicodusport\",\"https:\/\/www.instagram.com\/dicodusport\/\",\"https:\/\/www.youtube.com\/channel\/UC7V2KZ5sd3htJivAbA4ZG3w\"],\"description\":\"Dicodusport est l'encyclop\u00e9die de l'actualit\u00e9 sportive.\",\"email\":\"bonjour@dicodusport.fr\",\"legalName\":\"DICODUSPORT\",\"foundingDate\":\"2018-01-14\",\"vatID\":\"FR71834470973\",\"taxID\":\"83447097300043\",\"numberOfEmployees\":{\"@type\":\"QuantitativeValue\",\"minValue\":\"1\",\"maxValue\":\"10\"}},{\"@type\":\"Person\",\"@id\":\"https:\/\/dicodusport.fr\/blog\/#\/schema\/person\/6db4bae06b171592211be385b32876a7\",\"name\":\"Emilien Descampiaux\",\"image\":{\"@type\":\"ImageObject\",\"inLanguage\":\"fr-FR\",\"@id\":\"https:\/\/dicodusport.fr\/blog\/#\/schema\/person\/image\/\",\"url\":\"https:\/\/dicodusport.fr\/blog\/wp-content\/uploads\/2021\/05\/Emilien-Descampiaux-150x150.jpg\",\"contentUrl\":\"https:\/\/dicodusport.fr\/blog\/wp-content\/uploads\/2021\/05\/Emilien-Descampiaux-150x150.jpg\",\"caption\":\"Emilien Descampiaux\"},\"description\":\"Journaliste\/r\u00e9dacteur depuis 2014 - Fan de la classe de Frank Vandenbroucke, je vis cyclisme (et de ses paysages) depuis plus de 20 ans. Je suis tr\u00e8s impliqu\u00e9 sur mes diff\u00e9rents r\u00e9seaux sociaux pour partager ma passion sur le monde et l'Histoire de la bicyclette avec ma voix sur les images en noir et blanc du succ\u00e8s de Rik Van Steenbergen lors du Ronde sur le V\u00e9lodrome de Gand.\",\"sameAs\":[\"https:\/\/www.facebook.com\/groups\/LesRoisDuPeloton\",\"https:\/\/x.com\/https:\/\/twitter.com\/LRoisDuPeloton\"],\"url\":\"https:\/\/dicodusport.fr\/blog\/author\/emiliend\/\"}]}<\/script>\n<!-- \/ Yoast SEO Premium plugin. -->","yoast_head_json":{"title":"Championnats d'Europe de cyclo-cross 2025 : C\u00e9lia G\u00e9ry et Amandine Muller sur le podium en U23, Leonie Bentveld sacr\u00e9e","description":"Leonie Bentveld est devenue championne d'Europe dans la cat\u00e9gorie espoirs \u00e0 Middelkerke, dimanche. La Fran\u00e7aise C\u00e9lia G\u00e9ry a pris la deuxi\u00e8me place.\u00a0","robots":{"index":"index","follow":"follow","max-snippet":"max-snippet:-1","max-image-preview":"max-image-preview:large","max-video-preview":"max-video-preview:-1"},"canonical":"https:\/\/dicodusport.fr\/blog\/championnats-deurope-de-cyclo-cross-2025-celia-gery-et-amandine-muller-sur-le-podium-en-u23-leonie-bentveld-sacree\/","og_locale":"fr_FR","og_type":"article","og_title":"Championnats d'Europe de cyclo-cross 2025 : C\u00e9lia G\u00e9ry et Amandine Muller sur le podium en U23, Leonie Bentveld sacr\u00e9e","og_description":"Leonie Bentveld est devenue championne d'Europe dans la cat\u00e9gorie espoirs \u00e0 Middelkerke, dimanche. La Fran\u00e7aise C\u00e9lia G\u00e9ry a pris la deuxi\u00e8me place.\u00a0","og_url":"https:\/\/dicodusport.fr\/blog\/championnats-deurope-de-cyclo-cross-2025-celia-gery-et-amandine-muller-sur-le-podium-en-u23-leonie-bentveld-sacree\/","og_site_name":"Dicodusport","article_publisher":"https:\/\/www.facebook.com\/dicodusport","article_author":"https:\/\/www.facebook.com\/groups\/LesRoisDuPeloton","article_published_time":"2025-11-09T12:57:18+00:00","article_modified_time":"2025-11-09T13:37:03+00:00","og_image":[{"width":1200,"height":674,"url":"https:\/\/dicodusport.fr\/blog\/wp-content\/uploads\/2025\/11\/Championnats-dEurope-de-cyclo-cross-2025-Celia-Gery-et-Amandine-Muller-sur-le-podium-en-U23-Leonie-Bentveld-sacree-1.png","type":"image\/png"}],"author":"Emilien Descampiaux","twitter_card":"summary_large_image","twitter_title":"Championnats d'Europe de cyclo-cross 2025 : C\u00e9lia G\u00e9ry et Amandine Muller sur le podium en U23, Leonie Bentveld sacr\u00e9e","twitter_creator":"@https:\/\/twitter.com\/LRoisDuPeloton","twitter_site":"@dicodusport","schema":{"@context":"https:\/\/schema.org","@graph":[{"@type":"NewsArticle","@id":"https:\/\/dicodusport.fr\/blog\/championnats-deurope-de-cyclo-cross-2025-celia-gery-et-amandine-muller-sur-le-podium-en-u23-leonie-bentveld-sacree\/#article","isPartOf":{"@id":"https:\/\/dicodusport.fr\/blog\/championnats-deurope-de-cyclo-cross-2025-celia-gery-et-amandine-muller-sur-le-podium-en-u23-leonie-bentveld-sacree\/"},"author":{"name":"Emilien Descampiaux","@id":"https:\/\/dicodusport.fr\/blog\/#\/schema\/person\/6db4bae06b171592211be385b32876a7"},"headline":"Championnats d&rsquo;Europe de cyclo-cross 2025 : C\u00e9lia G\u00e9ry et Amandine Muller sur le podium en U23, Leonie Bentveld sacr\u00e9e","datePublished":"2025-11-09T12:57:18+00:00","dateModified":"2025-11-09T13:37:03+00:00","mainEntityOfPage":{"@id":"https:\/\/dicodusport.fr\/blog\/championnats-deurope-de-cyclo-cross-2025-celia-gery-et-amandine-muller-sur-le-podium-en-u23-leonie-bentveld-sacree\/"},"wordCount":433,"commentCount":0,"publisher":{"@id":"https:\/\/dicodusport.fr\/blog\/#organization"},"image":{"@id":"https:\/\/dicodusport.fr\/blog\/championnats-deurope-de-cyclo-cross-2025-celia-gery-et-amandine-muller-sur-le-podium-en-u23-leonie-bentveld-sacree\/#primaryimage"},"thumbnailUrl":"https:\/\/dicodusport.fr\/blog\/wp-content\/uploads\/2025\/11\/Championnats-dEurope-de-cyclo-cross-2025-Celia-Gery-et-Amandine-Muller-sur-le-podium-en-U23-Leonie-Bentveld-sacree-1.png","keywords":["actu","br\u00e8ve","Championnats d'Europe de cyclo-cross","Cyclo-cross"],"articleSection":["Cyclo-cross"],"inLanguage":"fr-FR","potentialAction":[{"@type":"CommentAction","name":"Comment","target":["https:\/\/dicodusport.fr\/blog\/championnats-deurope-de-cyclo-cross-2025-celia-gery-et-amandine-muller-sur-le-podium-en-u23-leonie-bentveld-sacree\/#respond"]}],"copyrightYear":"2025","copyrightHolder":{"@id":"https:\/\/dicodusport.fr\/blog\/#organization"}},{"@type":"WebPage","@id":"https:\/\/dicodusport.fr\/blog\/championnats-deurope-de-cyclo-cross-2025-celia-gery-et-amandine-muller-sur-le-podium-en-u23-leonie-bentveld-sacree\/","url":"https:\/\/dicodusport.fr\/blog\/championnats-deurope-de-cyclo-cross-2025-celia-gery-et-amandine-muller-sur-le-podium-en-u23-leonie-bentveld-sacree\/","name":"Championnats d'Europe de cyclo-cross 2025 : C\u00e9lia G\u00e9ry et Amandine Muller sur le podium en U23, Leonie Bentveld sacr\u00e9e","isPartOf":{"@id":"https:\/\/dicodusport.fr\/blog\/#website"},"primaryImageOfPage":{"@id":"https:\/\/dicodusport.fr\/blog\/championnats-deurope-de-cyclo-cross-2025-celia-gery-et-amandine-muller-sur-le-podium-en-u23-leonie-bentveld-sacree\/#primaryimage"},"image":{"@id":"https:\/\/dicodusport.fr\/blog\/championnats-deurope-de-cyclo-cross-2025-celia-gery-et-amandine-muller-sur-le-podium-en-u23-leonie-bentveld-sacree\/#primaryimage"},"thumbnailUrl":"https:\/\/dicodusport.fr\/blog\/wp-content\/uploads\/2025\/11\/Championnats-dEurope-de-cyclo-cross-2025-Celia-Gery-et-Amandine-Muller-sur-le-podium-en-U23-Leonie-Bentveld-sacree-1.png","datePublished":"2025-11-09T12:57:18+00:00","dateModified":"2025-11-09T13:37:03+00:00","description":"Leonie Bentveld est devenue championne d'Europe dans la cat\u00e9gorie espoirs \u00e0 Middelkerke, dimanche. La Fran\u00e7aise C\u00e9lia G\u00e9ry a pris la deuxi\u00e8me place.\u00a0","breadcrumb":{"@id":"https:\/\/dicodusport.fr\/blog\/championnats-deurope-de-cyclo-cross-2025-celia-gery-et-amandine-muller-sur-le-podium-en-u23-leonie-bentveld-sacree\/#breadcrumb"},"inLanguage":"fr-FR","potentialAction":[{"@type":"ReadAction","target":["https:\/\/dicodusport.fr\/blog\/championnats-deurope-de-cyclo-cross-2025-celia-gery-et-amandine-muller-sur-le-podium-en-u23-leonie-bentveld-sacree\/"]}]},{"@type":"ImageObject","inLanguage":"fr-FR","@id":"https:\/\/dicodusport.fr\/blog\/championnats-deurope-de-cyclo-cross-2025-celia-gery-et-amandine-muller-sur-le-podium-en-u23-leonie-bentveld-sacree\/#primaryimage","url":"https:\/\/dicodusport.fr\/blog\/wp-content\/uploads\/2025\/11\/Championnats-dEurope-de-cyclo-cross-2025-Celia-Gery-et-Amandine-Muller-sur-le-podium-en-U23-Leonie-Bentveld-sacree-1.png","contentUrl":"https:\/\/dicodusport.fr\/blog\/wp-content\/uploads\/2025\/11\/Championnats-dEurope-de-cyclo-cross-2025-Celia-Gery-et-Amandine-Muller-sur-le-podium-en-U23-Leonie-Bentveld-sacree-1.png","width":1200,"height":674,"caption":"Championnats d'Europe de cyclo-cross 2025 C\u00e9lia G\u00e9ry et Amandine Muller sur le podium en U23, Leonie Bentveld sacr\u00e9e (1)"},{"@type":"BreadcrumbList","@id":"https:\/\/dicodusport.fr\/blog\/championnats-deurope-de-cyclo-cross-2025-celia-gery-et-amandine-muller-sur-le-podium-en-u23-leonie-bentveld-sacree\/#breadcrumb","itemListElement":[{"@type":"ListItem","position":1,"name":"Accueil","item":"https:\/\/dicodusport.fr\/blog\/"},{"@type":"ListItem","position":2,"name":"Championnats d&rsquo;Europe de cyclo-cross 2025 : C\u00e9lia G\u00e9ry et Amandine Muller sur le podium en U23, Leonie Bentveld sacr\u00e9e"}]},{"@type":"WebSite","@id":"https:\/\/dicodusport.fr\/blog\/#website","url":"https:\/\/dicodusport.fr\/blog\/","name":"Dicodusport","description":"L&#039;encyclop\u00e9die de l&#039;actualit\u00e9 sportive","publisher":{"@id":"https:\/\/dicodusport.fr\/blog\/#organization"},"potentialAction":[{"@type":"SearchAction","target":{"@type":"EntryPoint","urlTemplate":"https:\/\/dicodusport.fr\/blog\/?s={search_term_string}"},"query-input":{"@type":"PropertyValueSpecification","valueRequired":true,"valueName":"search_term_string"}}],"inLanguage":"fr-FR"},{"@type":"NewsMediaOrganization","@id":"https:\/\/dicodusport.fr\/blog\/#organization","name":"Dicodusport","url":"https:\/\/dicodusport.fr\/blog\/","logo":{"@type":"ImageObject","inLanguage":"fr-FR","@id":"https:\/\/dicodusport.fr\/blog\/#\/schema\/logo\/image\/","url":"https:\/\/dicodusport.fr\/blog\/wp-content\/uploads\/2020\/06\/cropped-LOGO-DICODUSPORT-2020-SANS-FOND-SANS-TEXTE.png","contentUrl":"https:\/\/dicodusport.fr\/blog\/wp-content\/uploads\/2020\/06\/cropped-LOGO-DICODUSPORT-2020-SANS-FOND-SANS-TEXTE.png","width":512,"height":512,"caption":"Dicodusport"},"image":{"@id":"https:\/\/dicodusport.fr\/blog\/#\/schema\/logo\/image\/"},"sameAs":["https:\/\/www.facebook.com\/dicodusport","https:\/\/x.com\/dicodusport","https:\/\/www.instagram.com\/dicodusport\/","https:\/\/www.youtube.com\/channel\/UC7V2KZ5sd3htJivAbA4ZG3w"],"description":"Dicodusport est l'encyclop\u00e9die de l'actualit\u00e9 sportive.","email":"bonjour@dicodusport.fr","legalName":"DICODUSPORT","foundingDate":"2018-01-14","vatID":"FR71834470973","taxID":"83447097300043","numberOfEmployees":{"@type":"QuantitativeValue","minValue":"1","maxValue":"10"}},{"@type":"Person","@id":"https:\/\/dicodusport.fr\/blog\/#\/schema\/person\/6db4bae06b171592211be385b32876a7","name":"Emilien Descampiaux","image":{"@type":"ImageObject","inLanguage":"fr-FR","@id":"https:\/\/dicodusport.fr\/blog\/#\/schema\/person\/image\/","url":"https:\/\/dicodusport.fr\/blog\/wp-content\/uploads\/2021\/05\/Emilien-Descampiaux-150x150.jpg","contentUrl":"https:\/\/dicodusport.fr\/blog\/wp-content\/uploads\/2021\/05\/Emilien-Descampiaux-150x150.jpg","caption":"Emilien Descampiaux"},"description":"Journaliste\/r\u00e9dacteur depuis 2014 - Fan de la classe de Frank Vandenbroucke, je vis cyclisme (et de ses paysages) depuis plus de 20 ans. Je suis tr\u00e8s impliqu\u00e9 sur mes diff\u00e9rents r\u00e9seaux sociaux pour partager ma passion sur le monde et l'Histoire de la bicyclette avec ma voix sur les images en noir et blanc du succ\u00e8s de Rik Van Steenbergen lors du Ronde sur le V\u00e9lodrome de Gand.","sameAs":["https:\/\/www.facebook.com\/groups\/LesRoisDuPeloton","https:\/\/x.com\/https:\/\/twitter.com\/LRoisDuPeloton"],"url":"https:\/\/dicodusport.fr\/blog\/author\/emiliend\/"}]}},"_links":{"self":[{"href":"https:\/\/dicodusport.fr\/blog\/wp-json\/wp\/v2\/posts\/624821","targetHints":{"allow":["GET"]}}],"collection":[{"href":"https:\/\/dicodusport.fr\/blog\/wp-json\/wp\/v2\/posts"}],"about":[{"href":"https:\/\/dicodusport.fr\/blog\/wp-json\/wp\/v2\/types\/post"}],"author":[{"embeddable":true,"href":"https:\/\/dicodusport.fr\/blog\/wp-json\/wp\/v2\/users\/48"}],"replies":[{"embeddable":true,"href":"https:\/\/dicodusport.fr\/blog\/wp-json\/wp\/v2\/comments?post=624821"}],"version-history":[{"count":5,"href":"https:\/\/dicodusport.fr\/blog\/wp-json\/wp\/v2\/posts\/624821\/revisions"}],"predecessor-version":[{"id":624875,"href":"https:\/\/dicodusport.fr\/blog\/wp-json\/wp\/v2\/posts\/624821\/revisions\/624875"}],"wp:featuredmedia":[{"embeddable":true,"href":"https:\/\/dicodusport.fr\/blog\/wp-json\/wp\/v2\/media\/624889"}],"wp:attachment":[{"href":"https:\/\/dicodusport.fr\/blog\/wp-json\/wp\/v2\/media?parent=624821"}],"wp:term":[{"taxonomy":"category","embeddable":true,"href":"https:\/\/dicodusport.fr\/blog\/wp-json\/wp\/v2\/categories?post=624821"},{"taxonomy":"post_tag","embeddable":true,"href":"https:\/\/dicodusport.fr\/blog\/wp-json\/wp\/v2\/tags?post=624821"}],"curies":[{"name":"wp","href":"https:\/\/api.w.org\/{rel}","templated":true}]}}