{"id":624839,"date":"2025-11-09T14:47:47","date_gmt":"2025-11-09T13:47:47","guid":{"rendered":"https:\/\/dicodusport.fr\/blog\/?p=624839&#038;preview=true&#038;preview_id=624839"},"modified":"2025-11-09T14:48:48","modified_gmt":"2025-11-09T13:48:48","slug":"motogp-classement-et-resultats-du-grand-prix-du-portugal-2025","status":"publish","type":"post","link":"https:\/\/dicodusport.fr\/blog\/motogp-classement-et-resultats-du-grand-prix-du-portugal-2025\/","title":{"rendered":"MotoGP : Classement et r\u00e9sultats du Grand Prix du Portugal 2025"},"content":{"rendered":"<p style=\"text-align: justify;\"><strong><i>Retrouvez le classement complet et les r\u00e9sultats du Grand Prix du Portugal 2025 de MotoGP sur le circuit de Portim\u00e3o,<\/i><i> qui a eu lieu ce dimanche 9 novembre 2025.<\/i><\/strong><\/p>\n<ul>\n<li style=\"text-align: justify;\"><span style=\"font-size: 16px;\"><strong>\u00c0 ce sujet &#8211; <a href=\"https:\/\/dicodusport.fr\/blog\/gp-du-portugal-motogp-2025-horaires-programme-tv-et-resultats-mis-a-jour\/\">GP du Portugal MotoGP 2025 : Les r\u00e9sultats complets<\/a><\/strong><\/span><\/li>\n<\/ul>\n<p style=\"text-align: justify;\">Ce <strong>dimanche 9 novembre<\/strong> marque la 21\u1d49 manche du Championnat du Monde MotoGP 2025, avec le <strong>Grand Prix du Portugal<\/strong>, disput\u00e9 sur le spectaculaire <strong>Aut\u00f3dromo Internacional do Algarve \u00e0 Portim\u00e3o<\/strong>. Officiellement baptis\u00e9 <strong>Qatar Airways Grand Prix of Portugal<\/strong>, l\u2019\u00e9v\u00e9nement cl\u00f4ture une saison palpitante sur l\u2019un des circuits les plus techniques et les plus impressionnants du calendrier.<\/p>\n<p style=\"text-align: justify;\">Le trac\u00e9 de <strong>4,592 kilom\u00e8tres<\/strong>, surnomm\u00e9 <em>les montagnes russes de l\u2019Algarve<\/em>, est c\u00e9l\u00e8bre pour ses d\u00e9nivel\u00e9s vertigineux, ses virages aveugles et ses longues courbes rapides. V\u00e9ritable test d\u2019\u00e9quilibre et de pr\u00e9cision, il met \u00e0 rude \u00e9preuve les pilotes comme les pneumatiques \u2014 un d\u00e9fi soulign\u00e9 par Michelin, qui a reconduit une allocation sp\u00e9cifique pour cette \u00e9preuve exigeante.<\/p>\n<h2 style=\"text-align: justify;\">MotoGP 2025 &#8211; Classement du Grand Prix du Portugal 2025<\/h2>\n<p style=\"text-align: justify;\"><span style=\"font-size: 14px;\"><em><strong>Classement officiel mis \u00e0 jour \u00e0 l&rsquo;issue de la course.<\/strong><\/em><\/span><\/p>\n<div class=\"su-table su-table-alternate\">\n<table style=\"width: 800px;border-collapse: collapse\" border=\"1\">\n<tbody>\n<tr style=\"height: 24px\">\n<td style=\"border-color: #ebebeb;height: 24px;text-align: center;width: 80px;vertical-align: middle\">\ud83c\udfc6<\/td>\n<td style=\"border-color: #ebebeb;height: 24px;text-align: center;width: 500px;vertical-align: middle\"><span style=\"font-size: 0.9em\"><strong>PILOTES<\/strong><\/span><\/td>\n<td style=\"border-color: #ebebeb;height: 24px;text-align: center;width: 220px;vertical-align: middle\"><span style=\"font-size: 0.9em\"><strong>TEMPS<br \/>\n<\/strong><\/span><\/td>\n<\/tr>\n<tr>\n<td style=\"border-color: #ebebeb;text-align: center;width: 80px;vertical-align: middle\"><strong><span class=\"su-label su-label-type-warning\">1.<\/span><\/strong><\/td>\n<td style=\"border-color: #ebebeb;text-align: center;width: 500px;vertical-align: middle\"><span style=\"font-size: 0.9em\"><strong><img loading=\"lazy\" decoding=\"async\" class=\"alignnone wp-image-559855\" src=\"https:\/\/dicodusport.fr\/blog\/wp-content\/uploads\/2024\/01\/Aprilia-Racing-2025.webp\" alt=\"\" width=\"45\" height=\"30\" \/><br \/>\n\ud83c\uddee\ud83c\uddf9 MARCO BEZZECCHI<br \/>\n<\/strong><span style=\"font-size: 0.8em\">APRILIA RACING<\/span><\/span><\/td>\n<td style=\"border-color: #ebebeb;text-align: center;width: 220px;vertical-align: middle\"><span style=\"font-size: 0.9em\"><strong>41m13.616s<\/strong><\/span><\/td>\n<\/tr>\n<tr>\n<td style=\"border-color: #ebebeb;text-align: center;width: 80px;vertical-align: middle\"><span style=\"font-size: 0.9em\">2.<\/span><\/td>\n<td style=\"border-color: #ebebeb;text-align: center;width: 500px;vertical-align: middle\"><span style=\"font-size: 0.9em\"><strong><img loading=\"lazy\" decoding=\"async\" class=\"alignnone wp-image-559857\" src=\"https:\/\/dicodusport.fr\/blog\/wp-content\/uploads\/2024\/01\/BK8-Gresini-Racing-2025.webp\" alt=\"\" width=\"45\" height=\"30\" \/><br \/>\n\ud83c\uddea\ud83c\uddf8 ALEX MARQUEZ<br \/>\n<\/strong><span style=\"font-size: 0.8em\">BK8 GRESINI RACING<\/span><\/span><\/td>\n<td style=\"border-color: #ebebeb;text-align: center;width: 220px;vertical-align: middle\"><span style=\"font-size: 0.9em\"><strong>+2.583s<\/strong><\/span><\/td>\n<\/tr>\n<tr style=\"height: 24px\">\n<td style=\"border-color: #ebebeb;height: 24px;text-align: center;width: 80px;vertical-align: middle\"><span style=\"font-size: 0.9em\">3.<\/span><\/td>\n<td style=\"border-color: #ebebeb;height: 24px;text-align: center;width: 500px;vertical-align: middle\"><strong style=\"font-size: 14.4px\"><img loading=\"lazy\" decoding=\"async\" class=\"alignnone wp-image-559860\" src=\"https:\/\/dicodusport.fr\/blog\/wp-content\/uploads\/2024\/01\/Red-Bull-KTM-Factory-Racing-2025.webp\" alt=\"\" width=\"45\" height=\"30\" \/><br \/>\n\ud83c\uddea\ud83c\uddf8 PEDRO ACOSTA<br \/>\n<\/strong><span style=\"font-size: 0.9em\"><span style=\"font-size: 0.8em\">RED BULL KTM FACTORY RACING<\/span><\/span><\/td>\n<td style=\"border-color: #ebebeb;text-align: center;width: 220px;vertical-align: middle\"><span style=\"font-size: 0.9em\"><strong>+3.188s<\/strong><\/span><\/td>\n<\/tr>\n<tr>\n<td style=\"border-color: #ebebeb;text-align: center;width: 80px;vertical-align: middle\"><span style=\"font-size: 0.9em\">4.<\/span><\/td>\n<td style=\"border-color: #ebebeb;height: 24px;text-align: center;width: 500px;vertical-align: middle\"><span style=\"font-size: 0.9em\"><strong><img loading=\"lazy\" decoding=\"async\" class=\"alignnone wp-image-559857\" src=\"https:\/\/dicodusport.fr\/blog\/wp-content\/uploads\/2024\/01\/BK8-Gresini-Racing-2025.webp\" alt=\"\" width=\"45\" height=\"30\" \/><br \/>\n\ud83c\uddea\ud83c\uddf8 FERMIN ALDEGUER<br \/>\n<\/strong><span style=\"font-size: 0.8em\">BK8 GRESINI RACING<\/span><\/span><\/td>\n<td style=\"border-color: #ebebeb;text-align: center;width: 220px;vertical-align: middle\"><span style=\"font-size: 0.9em\"><strong>+12.860s<\/strong><\/span><\/td>\n<\/tr>\n<tr style=\"height: 24px\">\n<td style=\"border-color: #ebebeb;height: 24px;text-align: center;width: 80px;vertical-align: middle\"><span style=\"font-size: 0.9em\">5.<\/span><\/td>\n<td style=\"border-color: #ebebeb;text-align: center;width: 500px;vertical-align: middle\"><span style=\"font-size: 0.9em\"><strong><img loading=\"lazy\" decoding=\"async\" class=\"alignnone wp-image-559860\" src=\"https:\/\/dicodusport.fr\/blog\/wp-content\/uploads\/2024\/01\/Red-Bull-KTM-Factory-Racing-2025.webp\" alt=\"\" width=\"45\" height=\"30\" \/><br \/>\n\ud83c\uddff\ud83c\udde6 BRAD BINDER<br \/>\n<\/strong><span style=\"font-size: 0.8em\">RED BULL KTM FACTORY RACING<\/span><\/span><\/td>\n<td style=\"border-color: #ebebeb;text-align: center;width: 220px;vertical-align: middle\"><span style=\"font-size: 0.9em\"><strong>+16.327s<\/strong><\/span><\/td>\n<\/tr>\n<tr>\n<td style=\"border-color: #ebebeb;text-align: center;width: 80px;vertical-align: middle\"><span style=\"font-size: 0.9em\">6.<\/span><\/td>\n<td style=\"border-color: #ebebeb;text-align: center;width: 500px;vertical-align: middle\"><span style=\"font-size: 0.9em\"><strong><img loading=\"lazy\" decoding=\"async\" class=\"alignnone wp-image-559865\" src=\"https:\/\/dicodusport.fr\/blog\/wp-content\/uploads\/2024\/01\/Monster-Energy-Yamaha-2025.webp\" alt=\"\" width=\"45\" height=\"30\" \/><br \/>\n\ud83c\uddeb\ud83c\uddf7 FABIO QUARTARARO<br \/>\n<\/strong><span style=\"font-size: 0.8em\">MONSTER ENERGY YAMAHA<\/span><\/span><\/td>\n<td style=\"border-color: #ebebeb;text-align: center;width: 220px;vertical-align: middle\"><span style=\"font-size: 0.9em\"><strong>+18.442s<\/strong><\/span><\/td>\n<\/tr>\n<tr>\n<td style=\"border-color: #ebebeb;text-align: center;width: 80px;vertical-align: middle\"><span style=\"font-size: 0.9em\">7.<\/span><\/td>\n<td style=\"border-color: #ebebeb;text-align: center;width: 500px;vertical-align: middle\"><span style=\"font-size: 0.9em\"><strong><img loading=\"lazy\" decoding=\"async\" class=\"alignnone wp-image-559864\" src=\"https:\/\/dicodusport.fr\/blog\/wp-content\/uploads\/2024\/01\/Trackhouse-MotoGP-Team-2025.webp\" alt=\"\" width=\"45\" height=\"30\" \/><br \/>\n\ud83c\uddef\ud83c\uddf5 AI OGURA<br \/>\n<\/strong><span style=\"font-size: 0.8em\">TRACKHOUSE MOTOGP TEAM<\/span><\/span><\/td>\n<td style=\"border-color: #ebebeb;text-align: center;width: 220px;vertical-align: middle\"><span style=\"font-size: 0.9em\"><strong>+19.255s<\/strong><\/span><\/td>\n<\/tr>\n<tr>\n<td style=\"border-color: #ebebeb;text-align: center;width: 80px;vertical-align: middle\"><span style=\"font-size: 0.9em\">8.<\/span><\/td>\n<td style=\"border-color: #ebebeb;height: 24px;text-align: center;width: 500px;vertical-align: middle\"><span style=\"font-size: 0.9em\"><strong><img loading=\"lazy\" decoding=\"async\" class=\"alignnone wp-image-559862\" src=\"https:\/\/dicodusport.fr\/blog\/wp-content\/uploads\/2024\/01\/Pertamina-Enduro-VR46-Racing-Team-2025.webp\" alt=\"\" width=\"45\" height=\"30\" \/><br \/>\n\ud83c\uddee\ud83c\uddf9 FABIO DI GIANNANTONIO<br \/>\n<\/strong><span style=\"font-size: 0.8em\">PERTAMINA ENDURO VR46 RACING TEAM<\/span><\/span><\/td>\n<td style=\"border-color: #ebebeb;text-align: center;width: 220px;vertical-align: middle\"><span style=\"font-size: 0.9em\"><strong>+20.612s<\/strong><\/span><\/td>\n<\/tr>\n<tr>\n<td style=\"border-color: #ebebeb;text-align: center;width: 80px;vertical-align: middle\"><span style=\"font-size: 0.9em\">9.<\/span><\/td>\n<td style=\"border-color: #ebebeb;text-align: center;width: 500px;vertical-align: middle\"><span style=\"font-size: 0.9em\"><strong><img loading=\"lazy\" decoding=\"async\" class=\"alignnone wp-image-559861\" src=\"https:\/\/dicodusport.fr\/blog\/wp-content\/uploads\/2024\/01\/LCR-Honda-2025.webp\" alt=\"\" width=\"45\" height=\"30\" \/><br \/>\n\ud83c\uddeb\ud83c\uddf7 JOHANN ZARCO<br \/>\n<\/strong><span style=\"font-size: 0.8em\">LCR HONDA<\/span><\/span><\/td>\n<td style=\"border-color: #ebebeb;text-align: center;width: 220px;vertical-align: middle\"><span style=\"font-size: 0.9em\"><strong>+21.040s<\/strong><\/span><\/td>\n<\/tr>\n<tr>\n<td style=\"border-color: #ebebeb;text-align: center;width: 80px;vertical-align: middle\"><span style=\"font-size: 0.9em\">10.<\/span><\/td>\n<td style=\"border-color: #ebebeb;text-align: center;width: 500px;vertical-align: middle\"><span style=\"font-size: 0.9em\"><strong><img loading=\"lazy\" decoding=\"async\" class=\"alignnone wp-image-559863\" src=\"https:\/\/dicodusport.fr\/blog\/wp-content\/uploads\/2024\/01\/Red-Bull-KTM-Tech3-2025.webp\" alt=\"\" width=\"45\" height=\"30\" \/><br \/>\n\ud83c\uddea\ud83c\uddf8 POL ESPARGARO<br \/>\n<\/strong><span style=\"font-size: 0.8em\">RED BULL KTM TECH3<\/span><\/span><\/td>\n<td style=\"border-color: #ebebeb;text-align: center;width: 220px;vertical-align: middle\"><span style=\"font-size: 0.9em\"><strong>+26.517s<\/strong><\/span><\/td>\n<\/tr>\n<tr>\n<td style=\"border-color: #ebebeb;text-align: center;width: 80px;vertical-align: middle\"><span style=\"font-size: 0.9em\">11<\/span><span style=\"font-size: 0.9em\">.<\/span><\/td>\n<td style=\"border-color: #ebebeb;text-align: center;width: 500px;vertical-align: middle\"><span style=\"font-size: 0.9em\"><strong><img loading=\"lazy\" decoding=\"async\" class=\"alignnone wp-image-559858\" src=\"https:\/\/dicodusport.fr\/blog\/wp-content\/uploads\/2024\/01\/Honda-HRC-Castrol-2025.webp\" alt=\"\" width=\"45\" height=\"30\" \/><br \/>\n\ud83c\uddee\ud83c\uddf9 LUCA MARINI<br \/>\n<\/strong><span style=\"font-size: 0.8em\">REPSOL HONDA TEAM<\/span><\/span><\/td>\n<td style=\"border-color: #ebebeb;text-align: center;width: 220px;vertical-align: middle\"><span style=\"font-size: 0.9em\"><strong>+28.226s<\/strong><\/span><\/td>\n<\/tr>\n<tr>\n<td style=\"border-color: #ebebeb;text-align: center;width: 80px;vertical-align: middle\"><span style=\"font-size: 0.9em\">12.<\/span><\/td>\n<td style=\"border-color: #ebebeb;height: 24px;text-align: center;width: 500px;vertical-align: middle\"><strong><span style=\"font-size: 0.9em\"><img loading=\"lazy\" decoding=\"async\" class=\"alignnone wp-image-559859\" src=\"https:\/\/dicodusport.fr\/blog\/wp-content\/uploads\/2024\/01\/Prima-Pramac-Yamaha-2025.webp\" alt=\"\" width=\"45\" height=\"30\" \/><br \/>\n\ud83c\udde6\ud83c\uddfa JACK MILLER<br \/>\n<\/span><\/strong><span style=\"font-size: 0.9em\"><span style=\"font-size: 0.8em\">PRIMA PRAMAC RACING<\/span><\/span><\/td>\n<td style=\"border-color: #ebebeb;text-align: center;width: 220px;vertical-align: middle\"><span style=\"font-size: 0.9em\"><strong>+29.717s<\/strong><\/span><\/td>\n<\/tr>\n<tr>\n<td style=\"border-color: #ebebeb;text-align: center;width: 80px;vertical-align: middle\"><span style=\"font-size: 0.9em\">13.<\/span><\/td>\n<td style=\"border-color: #ebebeb;text-align: center;width: 500px;vertical-align: middle\"><span style=\"font-size: 0.9em\"><strong><img loading=\"lazy\" decoding=\"async\" class=\"alignnone wp-image-559865\" src=\"https:\/\/dicodusport.fr\/blog\/wp-content\/uploads\/2024\/01\/Monster-Energy-Yamaha-2025.webp\" alt=\"\" width=\"45\" height=\"30\" \/><br \/>\n\ud83c\uddea\ud83c\uddf8 ALEX RINS<br \/>\n<\/strong><span style=\"font-size: 0.8em\">MONSTER ENERGY YAMAHA<\/span><\/span><\/td>\n<td style=\"border-color: #ebebeb;text-align: center;width: 220px;vertical-align: middle\"><span style=\"font-size: 0.9em\"><strong>+30.372s<\/strong><\/span><\/td>\n<\/tr>\n<tr>\n<td style=\"border-color: #ebebeb;text-align: center;width: 80px;vertical-align: middle\"><span style=\"font-size: 0.9em\">14.<\/span><\/td>\n<td style=\"border-color: #ebebeb;text-align: center;width: 500px;vertical-align: middle\"><span style=\"font-size: 0.9em\"><strong><img loading=\"lazy\" decoding=\"async\" class=\"alignnone wp-image-559859\" src=\"https:\/\/dicodusport.fr\/blog\/wp-content\/uploads\/2024\/01\/Prima-Pramac-Yamaha-2025.webp\" alt=\"\" width=\"45\" height=\"30\" \/><br \/>\n\ud83c\uddf5\ud83c\uddf9 MIGUEL OLIVEIRA<br \/>\n<\/strong><span style=\"font-size: 0.8em\">PRIMA PRAMAC RACING<\/span><\/span><\/td>\n<td style=\"border-color: #ebebeb;text-align: center;width: 220px;vertical-align: middle\"><span style=\"font-size: 0.9em\"><strong>+31.621s<\/strong><\/span><\/td>\n<\/tr>\n<tr>\n<td style=\"border-color: #ebebeb;text-align: center;width: 80px;vertical-align: middle\"><span style=\"font-size: 0.9em\">15.<\/span><\/td>\n<td style=\"border-color: #ebebeb;height: 24px;text-align: center;width: 500px;vertical-align: middle\"><span style=\"font-size: 0.9em\"><strong><img loading=\"lazy\" decoding=\"async\" class=\"alignnone wp-image-559856\" src=\"https:\/\/dicodusport.fr\/blog\/wp-content\/uploads\/2024\/01\/Ducati-Lenovo-Team-2025.webp\" alt=\"\" width=\"45\" height=\"30\" \/><br \/>\n<span style=\"font-size: 1.0em\">\ud83c\uddee\ud83c\uddf9<\/span> NICOLO BULEGA<br \/>\n<\/strong><span style=\"font-size: 0.8em\">DUCATI LENOVO TEAM<\/span><\/span><\/td>\n<td style=\"border-color: #ebebeb;text-align: center;width: 220px;vertical-align: middle\"><span style=\"font-size: 0.9em\"><strong>+32.072s<\/strong><\/span><\/td>\n<\/tr>\n<tr>\n<td style=\"border-color: #ebebeb;text-align: center;width: 80px;vertical-align: middle\"><span style=\"font-size: 0.9em\">16<\/span><span style=\"font-size: 0.9em\">.<\/span><\/td>\n<td style=\"border-color: #ebebeb;text-align: center;width: 500px;vertical-align: middle\"><span style=\"font-size: 0.9em\"><strong><img loading=\"lazy\" decoding=\"async\" class=\"alignnone wp-image-559855\" src=\"https:\/\/dicodusport.fr\/blog\/wp-content\/uploads\/2024\/01\/Aprilia-Racing-2025.webp\" alt=\"\" width=\"45\" height=\"30\" \/><br \/>\n<span style=\"font-size: 1.0em\">\ud83c\uddee\ud83c\uddf9 LORENZO SAVADORI<\/span><br \/>\n<\/strong><span style=\"font-size: 0.8em\">APRILIA RACING<\/span><\/span><\/td>\n<td style=\"border-color: #ebebeb;text-align: center;width: 220px;vertical-align: middle\"><span style=\"font-size: 0.9em\"><strong>+39.869s<\/strong><\/span><\/td>\n<\/tr>\n<tr>\n<td style=\"border-color: #ebebeb;text-align: center;width: 80px;vertical-align: middle\"><span style=\"font-size: 0.9em\">17.<\/span><\/td>\n<td style=\"border-color: #ebebeb;height: 24px;text-align: center;width: 500px;vertical-align: middle\"><span style=\"font-size: 0.9em\"><strong><img loading=\"lazy\" decoding=\"async\" class=\"alignnone wp-image-559861\" src=\"https:\/\/dicodusport.fr\/blog\/wp-content\/uploads\/2024\/01\/LCR-Honda-2025.webp\" alt=\"\" width=\"45\" height=\"30\" \/><br \/>\n\ud83c\uddf9\ud83c\udded SOMKIAT CHANTRA<br \/>\n<\/strong><span style=\"font-size: 0.8em\">LCR HONDA<\/span><\/span><\/td>\n<td style=\"border-color: #ebebeb;text-align: center;width: 220px;vertical-align: middle\"><span style=\"font-size: 0.9em\"><strong>+1m01.999s<\/strong><\/span><\/td>\n<\/tr>\n<tr>\n<td style=\"border-color: #ebebeb;text-align: center;width: 80px;vertical-align: middle\"><span style=\"font-size: 0.9em\">18.<\/span><\/td>\n<td style=\"border-color: #ebebeb;text-align: center;width: 500px;vertical-align: middle\"><span style=\"font-size: 0.9em\"><strong><img loading=\"lazy\" decoding=\"async\" class=\"alignnone wp-image-559863\" src=\"https:\/\/dicodusport.fr\/blog\/wp-content\/uploads\/2024\/01\/Red-Bull-KTM-Tech3-2025.webp\" alt=\"\" width=\"45\" height=\"30\" \/><br \/>\n\ud83c\uddee\ud83c\uddf9 ENEA BASTIANINI<br \/>\n<\/strong><span style=\"font-size: 0.8em\">RED BULL KTM TECH3<\/span><\/span><\/td>\n<td style=\"border-color: #ebebeb;text-align: center;width: 220px;vertical-align: middle\"><span style=\"font-size: 0.9em\"><strong>+1m02.099s<\/strong><\/span><\/td>\n<\/tr>\n<tr>\n<td style=\"border-color: #ebebeb;text-align: center;width: 80px;vertical-align: middle\"><span style=\"font-size: 0.9em\">19.<\/span><\/td>\n<td style=\"border-color: #ebebeb;text-align: center;width: 500px;vertical-align: middle\"><span style=\"font-size: 0.9em\"><strong><img loading=\"lazy\" decoding=\"async\" class=\"alignnone wp-image-559856\" src=\"https:\/\/dicodusport.fr\/blog\/wp-content\/uploads\/2024\/01\/Ducati-Lenovo-Team-2025.webp\" alt=\"\" width=\"45\" height=\"30\" \/><br \/>\n\ud83c\uddee\ud83c\uddf9 FRANCESCO BAGNAIA<br \/>\n<\/strong><span style=\"font-size: 0.8em\">DUCATI LENOVO TEAM<\/span><\/span><\/td>\n<td style=\"border-color: #ebebeb;text-align: center;width: 220px;vertical-align: middle\"><span style=\"font-size: 0.9em\"><strong>DNF<\/strong><\/span><\/td>\n<\/tr>\n<tr>\n<td style=\"border-color: #ebebeb;text-align: center;width: 80px;vertical-align: middle\"><span style=\"font-size: 0.9em\">20<\/span><span style=\"font-size: 0.9em\">.<\/span><\/td>\n<td style=\"border-color: #ebebeb;text-align: center;width: 500px;vertical-align: middle\"><span style=\"font-size: 0.9em\"><strong><img loading=\"lazy\" decoding=\"async\" class=\"alignnone wp-image-559858\" src=\"https:\/\/dicodusport.fr\/blog\/wp-content\/uploads\/2024\/01\/Honda-HRC-Castrol-2025.webp\" alt=\"\" width=\"45\" height=\"30\" \/><br \/>\n\ud83c\uddea\ud83c\uddf8 JOAN MIR<br \/>\n<\/strong><span style=\"font-size: 0.8em\">REPSOL HONDA TEAM<\/span><\/span><\/td>\n<td style=\"border-color: #ebebeb;text-align: center;width: 220px;vertical-align: middle\"><span style=\"font-size: 0.9em\"><strong>DNF<\/strong><\/span><\/td>\n<\/tr>\n<tr>\n<td style=\"border-color: #ebebeb;text-align: center;width: 80px;vertical-align: middle\"><span style=\"font-size: 0.9em\">21.<\/span><\/td>\n<td style=\"border-color: #ebebeb;text-align: center;width: 500px;vertical-align: middle\"><span style=\"font-size: 0.9em\"><strong><img loading=\"lazy\" decoding=\"async\" class=\"alignnone wp-image-559862\" src=\"https:\/\/dicodusport.fr\/blog\/wp-content\/uploads\/2024\/01\/Pertamina-Enduro-VR46-Racing-Team-2025.webp\" alt=\"\" width=\"45\" height=\"30\" \/><br \/>\n\ud83c\uddee\ud83c\uddf9 FRANCO MORBIDELLI<br \/>\n<\/strong><span style=\"font-size: 0.8em\">PERTAMINA ENDURO VR46 RACING TEAM<\/span><\/span><\/td>\n<td style=\"border-color: #ebebeb;text-align: center;width: 220px;vertical-align: middle\"><span style=\"font-size: 0.9em\"><strong>DNF<\/strong><\/span><\/td>\n<\/tr>\n<\/tbody>\n<\/table>\n<\/div>\n<ul>\n<li style=\"text-align: justify;\"><strong>\u00c0 ce sujet &#8211; <a href=\"https:\/\/dicodusport.fr\/blog\/motogp-2025-le-calendrier-complet\/\" rel=\"\">Calendrier MotoGP 2025 : Dates et horaires des Grands Prix<\/a><\/strong><\/li>\n<\/ul>\n<div class=\"vlp-link-container vlp-layout-article\"><a href=\"https:\/\/dicodusport.fr\/blog\/classement-motogp-2025-le-point-sur-le-championnat-du-monde-des-pilotes\/\" class=\"vlp-link\" title=\"MotoGP 2025 : Le classement du championnat du monde des pilotes\"><\/a><div class=\"vlp-layout-zone-side\"><div class=\"vlp-block-4 vlp-link-image\"><img loading=\"lazy\" decoding=\"async\" style=\"max-width: 792px;\" width=\"792\" height=\"445\" src=\"https:\/\/dicodusport.fr\/blog\/wp-content\/uploads\/2025\/02\/Classement-MotoGP-2025-Le-point-sur-le-championnat-du-monde-des-pilotes.png\" class=\"attachment-800x445 size-800x445\" alt=\"Classement MotoGP 2025 Le point sur le championnat du monde des pilotes\" srcset=\"https:\/\/dicodusport.fr\/blog\/wp-content\/uploads\/2025\/02\/Classement-MotoGP-2025-Le-point-sur-le-championnat-du-monde-des-pilotes.png 1200w, https:\/\/dicodusport.fr\/blog\/wp-content\/uploads\/2025\/02\/Classement-MotoGP-2025-Le-point-sur-le-championnat-du-monde-des-pilotes-300x169.png 300w, https:\/\/dicodusport.fr\/blog\/wp-content\/uploads\/2025\/02\/Classement-MotoGP-2025-Le-point-sur-le-championnat-du-monde-des-pilotes-1024x575.png 1024w, https:\/\/dicodusport.fr\/blog\/wp-content\/uploads\/2025\/02\/Classement-MotoGP-2025-Le-point-sur-le-championnat-du-monde-des-pilotes-768x431.png 768w\" sizes=\"auto, (max-width: 792px) 100vw, 792px\" \/><\/div><\/div><div class=\"vlp-layout-zone-main\"><div class=\"vlp-block-0 vlp-link-title\">MotoGP 2025 : Le classement du championnat du monde des pilotes<\/div><div class=\"vlp-block-1 vlp-link-summary\">D\u00e9couvrez le classement g\u00e9n\u00e9ral du MotoGP 2025 mis \u00e0 jour ! Points, \u00e9carts et leaders du championnat du monde des pilotes.<\/div><div class=\"vlp-block-2 vlp-link-button\">Lire l'article<\/div><div class=\"vlp-block-3 vlp-link-url\">dicodusport.fr<\/div><\/div><\/div>\n","protected":false},"excerpt":{"rendered":"<p>Retrouvez le classement complet et les r\u00e9sultats du Grand Prix du Portugal 2025 de MotoGP sur le circuit de Portim\u00e3o, qui a eu lieu ce dimanche 9 novembre 2025.<\/p>\n","protected":false},"author":4,"featured_media":624849,"comment_status":"open","ping_status":"closed","sticky":false,"template":"","format":"standard","meta":{"_acf_changed":false,"_daextam_enable_autolinks":"1","footnotes":""},"categories":[47087],"tags":[16878,15944,10938,15983],"class_list":["post-624839","post","type-post","status-publish","format-standard","has-post-thumbnail","hentry","category-motogp","tag-breve","tag-grand-prix-du-portugal-motogp","tag-motogp","tag-motogp-portugal"],"acf":[],"yoast_head":"<!-- This site is optimized with the Yoast SEO Premium plugin v26.7 (Yoast SEO v26.7) - https:\/\/yoast.com\/wordpress\/plugins\/seo\/ -->\n<title>MotoGP : Classement et r\u00e9sultats du Grand Prix du Portugal 2025<\/title>\n<meta name=\"description\" content=\"Retrouvez le classement complet et les r\u00e9sultats du Grand Prix du Portugal 2025 de MotoGP sur le circuit de Portim\u00e3o, qui a eu lieu ce dimanche 9 novembre 2025.\" \/>\n<meta name=\"robots\" content=\"index, follow, max-snippet:-1, max-image-preview:large, max-video-preview:-1\" \/>\n<link rel=\"canonical\" href=\"https:\/\/dicodusport.fr\/blog\/motogp-classement-et-resultats-du-grand-prix-du-portugal-2025\/\" \/>\n<meta property=\"og:locale\" content=\"fr_FR\" \/>\n<meta property=\"og:type\" content=\"article\" \/>\n<meta property=\"og:title\" content=\"Qui a remport\u00e9 le Grand Prix du Portugal de MotoGP ? Classement et r\u00e9sultats\" \/>\n<meta property=\"og:description\" content=\"Retrouvez le classement complet et les r\u00e9sultats du Grand Prix du Portugal 2025 de MotoGP sur le circuit de Portim\u00e3o, qui a eu lieu ce dimanche 9 novembre 2025.\" \/>\n<meta property=\"og:url\" content=\"https:\/\/dicodusport.fr\/blog\/motogp-classement-et-resultats-du-grand-prix-du-portugal-2025\/\" \/>\n<meta property=\"og:site_name\" content=\"Dicodusport\" \/>\n<meta property=\"article:publisher\" content=\"https:\/\/www.facebook.com\/dicodusport\" \/>\n<meta property=\"article:author\" content=\"https:\/\/www.facebook.com\/florent.ostermann\" \/>\n<meta property=\"article:published_time\" content=\"2025-11-09T13:47:47+00:00\" \/>\n<meta property=\"article:modified_time\" content=\"2025-11-09T13:48:48+00:00\" \/>\n<meta property=\"og:image\" content=\"https:\/\/dicodusport.fr\/blog\/wp-content\/uploads\/2025\/11\/MotoGP-Classement-et-resultats-du-Grand-Prix-du-Portugal-2025.png\" \/>\n\t<meta property=\"og:image:width\" content=\"1200\" \/>\n\t<meta property=\"og:image:height\" content=\"674\" \/>\n\t<meta property=\"og:image:type\" content=\"image\/png\" \/>\n<meta name=\"author\" content=\"Flo Ostermann\" \/>\n<meta name=\"twitter:card\" content=\"summary_large_image\" \/>\n<meta name=\"twitter:title\" content=\"Qui a remport\u00e9 le Grand Prix du Portugal de MotoGP ? Classement et r\u00e9sultats\" \/>\n<meta name=\"twitter:creator\" content=\"@https:\/\/twitter.com\/FlOstermann\" \/>\n<meta name=\"twitter:site\" content=\"@dicodusport\" \/>\n<script type=\"application\/ld+json\" class=\"yoast-schema-graph\">{\"@context\":\"https:\/\/schema.org\",\"@graph\":[{\"@type\":\"NewsArticle\",\"@id\":\"https:\/\/dicodusport.fr\/blog\/motogp-classement-et-resultats-du-grand-prix-du-portugal-2025\/#article\",\"isPartOf\":{\"@id\":\"https:\/\/dicodusport.fr\/blog\/motogp-classement-et-resultats-du-grand-prix-du-portugal-2025\/\"},\"author\":{\"name\":\"Flo Ostermann\",\"@id\":\"https:\/\/dicodusport.fr\/blog\/#\/schema\/person\/cb02af4c173ce4a653b55e9baf388d4a\"},\"headline\":\"MotoGP : Classement et r\u00e9sultats du Grand Prix du Portugal 2025\",\"datePublished\":\"2025-11-09T13:47:47+00:00\",\"dateModified\":\"2025-11-09T13:48:48+00:00\",\"mainEntityOfPage\":{\"@id\":\"https:\/\/dicodusport.fr\/blog\/motogp-classement-et-resultats-du-grand-prix-du-portugal-2025\/\"},\"wordCount\":438,\"commentCount\":0,\"publisher\":{\"@id\":\"https:\/\/dicodusport.fr\/blog\/#organization\"},\"image\":{\"@id\":\"https:\/\/dicodusport.fr\/blog\/motogp-classement-et-resultats-du-grand-prix-du-portugal-2025\/#primaryimage\"},\"thumbnailUrl\":\"https:\/\/dicodusport.fr\/blog\/wp-content\/uploads\/2025\/11\/MotoGP-Classement-et-resultats-du-Grand-Prix-du-Portugal-2025.png\",\"keywords\":[\"br\u00e8ve\",\"Grand Prix du Portugal MotoGP\",\"MotoGP\",\"MotoGP Portugal\"],\"articleSection\":[\"MotoGP\"],\"inLanguage\":\"fr-FR\",\"potentialAction\":[{\"@type\":\"CommentAction\",\"name\":\"Comment\",\"target\":[\"https:\/\/dicodusport.fr\/blog\/motogp-classement-et-resultats-du-grand-prix-du-portugal-2025\/#respond\"]}],\"copyrightYear\":\"2025\",\"copyrightHolder\":{\"@id\":\"https:\/\/dicodusport.fr\/blog\/#organization\"}},{\"@type\":\"WebPage\",\"@id\":\"https:\/\/dicodusport.fr\/blog\/motogp-classement-et-resultats-du-grand-prix-du-portugal-2025\/\",\"url\":\"https:\/\/dicodusport.fr\/blog\/motogp-classement-et-resultats-du-grand-prix-du-portugal-2025\/\",\"name\":\"MotoGP : Classement et r\u00e9sultats du Grand Prix du Portugal 2025\",\"isPartOf\":{\"@id\":\"https:\/\/dicodusport.fr\/blog\/#website\"},\"primaryImageOfPage\":{\"@id\":\"https:\/\/dicodusport.fr\/blog\/motogp-classement-et-resultats-du-grand-prix-du-portugal-2025\/#primaryimage\"},\"image\":{\"@id\":\"https:\/\/dicodusport.fr\/blog\/motogp-classement-et-resultats-du-grand-prix-du-portugal-2025\/#primaryimage\"},\"thumbnailUrl\":\"https:\/\/dicodusport.fr\/blog\/wp-content\/uploads\/2025\/11\/MotoGP-Classement-et-resultats-du-Grand-Prix-du-Portugal-2025.png\",\"datePublished\":\"2025-11-09T13:47:47+00:00\",\"dateModified\":\"2025-11-09T13:48:48+00:00\",\"description\":\"Retrouvez le classement complet et les r\u00e9sultats du Grand Prix du Portugal 2025 de MotoGP sur le circuit de Portim\u00e3o, qui a eu lieu ce dimanche 9 novembre 2025.\",\"breadcrumb\":{\"@id\":\"https:\/\/dicodusport.fr\/blog\/motogp-classement-et-resultats-du-grand-prix-du-portugal-2025\/#breadcrumb\"},\"inLanguage\":\"fr-FR\",\"potentialAction\":[{\"@type\":\"ReadAction\",\"target\":[\"https:\/\/dicodusport.fr\/blog\/motogp-classement-et-resultats-du-grand-prix-du-portugal-2025\/\"]}]},{\"@type\":\"ImageObject\",\"inLanguage\":\"fr-FR\",\"@id\":\"https:\/\/dicodusport.fr\/blog\/motogp-classement-et-resultats-du-grand-prix-du-portugal-2025\/#primaryimage\",\"url\":\"https:\/\/dicodusport.fr\/blog\/wp-content\/uploads\/2025\/11\/MotoGP-Classement-et-resultats-du-Grand-Prix-du-Portugal-2025.png\",\"contentUrl\":\"https:\/\/dicodusport.fr\/blog\/wp-content\/uploads\/2025\/11\/MotoGP-Classement-et-resultats-du-Grand-Prix-du-Portugal-2025.png\",\"width\":1200,\"height\":674,\"caption\":\"MotoGP Classement et r\u00e9sultats du Grand Prix du Portugal 2025\"},{\"@type\":\"BreadcrumbList\",\"@id\":\"https:\/\/dicodusport.fr\/blog\/motogp-classement-et-resultats-du-grand-prix-du-portugal-2025\/#breadcrumb\",\"itemListElement\":[{\"@type\":\"ListItem\",\"position\":1,\"name\":\"Accueil\",\"item\":\"https:\/\/dicodusport.fr\/blog\/\"},{\"@type\":\"ListItem\",\"position\":2,\"name\":\"MotoGP : Classement et r\u00e9sultats du Grand Prix du Portugal 2025\"}]},{\"@type\":\"WebSite\",\"@id\":\"https:\/\/dicodusport.fr\/blog\/#website\",\"url\":\"https:\/\/dicodusport.fr\/blog\/\",\"name\":\"Dicodusport\",\"description\":\"L&#039;encyclop\u00e9die de l&#039;actualit\u00e9 sportive\",\"publisher\":{\"@id\":\"https:\/\/dicodusport.fr\/blog\/#organization\"},\"potentialAction\":[{\"@type\":\"SearchAction\",\"target\":{\"@type\":\"EntryPoint\",\"urlTemplate\":\"https:\/\/dicodusport.fr\/blog\/?s={search_term_string}\"},\"query-input\":{\"@type\":\"PropertyValueSpecification\",\"valueRequired\":true,\"valueName\":\"search_term_string\"}}],\"inLanguage\":\"fr-FR\"},{\"@type\":\"NewsMediaOrganization\",\"@id\":\"https:\/\/dicodusport.fr\/blog\/#organization\",\"name\":\"Dicodusport\",\"url\":\"https:\/\/dicodusport.fr\/blog\/\",\"logo\":{\"@type\":\"ImageObject\",\"inLanguage\":\"fr-FR\",\"@id\":\"https:\/\/dicodusport.fr\/blog\/#\/schema\/logo\/image\/\",\"url\":\"https:\/\/dicodusport.fr\/blog\/wp-content\/uploads\/2020\/06\/cropped-LOGO-DICODUSPORT-2020-SANS-FOND-SANS-TEXTE.png\",\"contentUrl\":\"https:\/\/dicodusport.fr\/blog\/wp-content\/uploads\/2020\/06\/cropped-LOGO-DICODUSPORT-2020-SANS-FOND-SANS-TEXTE.png\",\"width\":512,\"height\":512,\"caption\":\"Dicodusport\"},\"image\":{\"@id\":\"https:\/\/dicodusport.fr\/blog\/#\/schema\/logo\/image\/\"},\"sameAs\":[\"https:\/\/www.facebook.com\/dicodusport\",\"https:\/\/x.com\/dicodusport\",\"https:\/\/www.instagram.com\/dicodusport\/\",\"https:\/\/www.youtube.com\/channel\/UC7V2KZ5sd3htJivAbA4ZG3w\"],\"description\":\"Dicodusport est l'encyclop\u00e9die de l'actualit\u00e9 sportive.\",\"email\":\"bonjour@dicodusport.fr\",\"legalName\":\"DICODUSPORT\",\"foundingDate\":\"2018-01-14\",\"vatID\":\"FR71834470973\",\"taxID\":\"83447097300043\",\"numberOfEmployees\":{\"@type\":\"QuantitativeValue\",\"minValue\":\"1\",\"maxValue\":\"10\"}},{\"@type\":\"Person\",\"@id\":\"https:\/\/dicodusport.fr\/blog\/#\/schema\/person\/cb02af4c173ce4a653b55e9baf388d4a\",\"name\":\"Flo Ostermann\",\"image\":{\"@type\":\"ImageObject\",\"inLanguage\":\"fr-FR\",\"@id\":\"https:\/\/dicodusport.fr\/blog\/#\/schema\/person\/image\/\",\"url\":\"https:\/\/dicodusport.fr\/blog\/wp-content\/uploads\/2021\/05\/Flo-Ostermann-150x150.jpg\",\"contentUrl\":\"https:\/\/dicodusport.fr\/blog\/wp-content\/uploads\/2021\/05\/Flo-Ostermann-150x150.jpg\",\"caption\":\"Flo Ostermann\"},\"description\":\"Journaliste\/R\u00e9dacteur depuis septembre 2015 - Mes premiers souvenirs dans le sport ? Les envol\u00e9es du Stade Toulousain et les duels Villeneuve-Schumacher et H\u00e4kkinen-Schumacher \u00e0 la fin des ann\u00e9es 90, la Coupe du monde de football en 1998, l\u2019exploit du XV de France face aux All Blacks en 1999, mais aussi Richard C\u0153ur de Lion qui vole sur les montagnes du Tour de France. Bien parti pour devenir professeur d\u2019EPS, les \u00e9v\u00e9nements de la vie (et la flemme d\u2019animer des s\u00e9ances de 3x500 m\u00e8tres toute ma vie) m\u2019ont conduit \u00e0 revoir mes plans. Me voil\u00e0 depuis fin 2017 sur Dicodusport, m\u00e9dia gr\u00e2ce (et pour) lequel je partage ma passion : le sport dans tous ses \u00e9tats. Le tout accompagn\u00e9 par les fous furieux et folles furieuses cit\u00e9s sur cette page !\",\"sameAs\":[\"https:\/\/www.facebook.com\/florent.ostermann\",\"https:\/\/x.com\/https:\/\/twitter.com\/FlOstermann\",\"admin\"],\"url\":\"https:\/\/dicodusport.fr\/blog\/author\/flo\/\"}]}<\/script>\n<!-- \/ Yoast SEO Premium plugin. -->","yoast_head_json":{"title":"MotoGP : Classement et r\u00e9sultats du Grand Prix du Portugal 2025","description":"Retrouvez le classement complet et les r\u00e9sultats du Grand Prix du Portugal 2025 de MotoGP sur le circuit de Portim\u00e3o, qui a eu lieu ce dimanche 9 novembre 2025.","robots":{"index":"index","follow":"follow","max-snippet":"max-snippet:-1","max-image-preview":"max-image-preview:large","max-video-preview":"max-video-preview:-1"},"canonical":"https:\/\/dicodusport.fr\/blog\/motogp-classement-et-resultats-du-grand-prix-du-portugal-2025\/","og_locale":"fr_FR","og_type":"article","og_title":"Qui a remport\u00e9 le Grand Prix du Portugal de MotoGP ? Classement et r\u00e9sultats","og_description":"Retrouvez le classement complet et les r\u00e9sultats du Grand Prix du Portugal 2025 de MotoGP sur le circuit de Portim\u00e3o, qui a eu lieu ce dimanche 9 novembre 2025.","og_url":"https:\/\/dicodusport.fr\/blog\/motogp-classement-et-resultats-du-grand-prix-du-portugal-2025\/","og_site_name":"Dicodusport","article_publisher":"https:\/\/www.facebook.com\/dicodusport","article_author":"https:\/\/www.facebook.com\/florent.ostermann","article_published_time":"2025-11-09T13:47:47+00:00","article_modified_time":"2025-11-09T13:48:48+00:00","og_image":[{"width":1200,"height":674,"url":"https:\/\/dicodusport.fr\/blog\/wp-content\/uploads\/2025\/11\/MotoGP-Classement-et-resultats-du-Grand-Prix-du-Portugal-2025.png","type":"image\/png"}],"author":"Flo Ostermann","twitter_card":"summary_large_image","twitter_title":"Qui a remport\u00e9 le Grand Prix du Portugal de MotoGP ? Classement et r\u00e9sultats","twitter_creator":"@https:\/\/twitter.com\/FlOstermann","twitter_site":"@dicodusport","schema":{"@context":"https:\/\/schema.org","@graph":[{"@type":"NewsArticle","@id":"https:\/\/dicodusport.fr\/blog\/motogp-classement-et-resultats-du-grand-prix-du-portugal-2025\/#article","isPartOf":{"@id":"https:\/\/dicodusport.fr\/blog\/motogp-classement-et-resultats-du-grand-prix-du-portugal-2025\/"},"author":{"name":"Flo Ostermann","@id":"https:\/\/dicodusport.fr\/blog\/#\/schema\/person\/cb02af4c173ce4a653b55e9baf388d4a"},"headline":"MotoGP : Classement et r\u00e9sultats du Grand Prix du Portugal 2025","datePublished":"2025-11-09T13:47:47+00:00","dateModified":"2025-11-09T13:48:48+00:00","mainEntityOfPage":{"@id":"https:\/\/dicodusport.fr\/blog\/motogp-classement-et-resultats-du-grand-prix-du-portugal-2025\/"},"wordCount":438,"commentCount":0,"publisher":{"@id":"https:\/\/dicodusport.fr\/blog\/#organization"},"image":{"@id":"https:\/\/dicodusport.fr\/blog\/motogp-classement-et-resultats-du-grand-prix-du-portugal-2025\/#primaryimage"},"thumbnailUrl":"https:\/\/dicodusport.fr\/blog\/wp-content\/uploads\/2025\/11\/MotoGP-Classement-et-resultats-du-Grand-Prix-du-Portugal-2025.png","keywords":["br\u00e8ve","Grand Prix du Portugal MotoGP","MotoGP","MotoGP Portugal"],"articleSection":["MotoGP"],"inLanguage":"fr-FR","potentialAction":[{"@type":"CommentAction","name":"Comment","target":["https:\/\/dicodusport.fr\/blog\/motogp-classement-et-resultats-du-grand-prix-du-portugal-2025\/#respond"]}],"copyrightYear":"2025","copyrightHolder":{"@id":"https:\/\/dicodusport.fr\/blog\/#organization"}},{"@type":"WebPage","@id":"https:\/\/dicodusport.fr\/blog\/motogp-classement-et-resultats-du-grand-prix-du-portugal-2025\/","url":"https:\/\/dicodusport.fr\/blog\/motogp-classement-et-resultats-du-grand-prix-du-portugal-2025\/","name":"MotoGP : Classement et r\u00e9sultats du Grand Prix du Portugal 2025","isPartOf":{"@id":"https:\/\/dicodusport.fr\/blog\/#website"},"primaryImageOfPage":{"@id":"https:\/\/dicodusport.fr\/blog\/motogp-classement-et-resultats-du-grand-prix-du-portugal-2025\/#primaryimage"},"image":{"@id":"https:\/\/dicodusport.fr\/blog\/motogp-classement-et-resultats-du-grand-prix-du-portugal-2025\/#primaryimage"},"thumbnailUrl":"https:\/\/dicodusport.fr\/blog\/wp-content\/uploads\/2025\/11\/MotoGP-Classement-et-resultats-du-Grand-Prix-du-Portugal-2025.png","datePublished":"2025-11-09T13:47:47+00:00","dateModified":"2025-11-09T13:48:48+00:00","description":"Retrouvez le classement complet et les r\u00e9sultats du Grand Prix du Portugal 2025 de MotoGP sur le circuit de Portim\u00e3o, qui a eu lieu ce dimanche 9 novembre 2025.","breadcrumb":{"@id":"https:\/\/dicodusport.fr\/blog\/motogp-classement-et-resultats-du-grand-prix-du-portugal-2025\/#breadcrumb"},"inLanguage":"fr-FR","potentialAction":[{"@type":"ReadAction","target":["https:\/\/dicodusport.fr\/blog\/motogp-classement-et-resultats-du-grand-prix-du-portugal-2025\/"]}]},{"@type":"ImageObject","inLanguage":"fr-FR","@id":"https:\/\/dicodusport.fr\/blog\/motogp-classement-et-resultats-du-grand-prix-du-portugal-2025\/#primaryimage","url":"https:\/\/dicodusport.fr\/blog\/wp-content\/uploads\/2025\/11\/MotoGP-Classement-et-resultats-du-Grand-Prix-du-Portugal-2025.png","contentUrl":"https:\/\/dicodusport.fr\/blog\/wp-content\/uploads\/2025\/11\/MotoGP-Classement-et-resultats-du-Grand-Prix-du-Portugal-2025.png","width":1200,"height":674,"caption":"MotoGP Classement et r\u00e9sultats du Grand Prix du Portugal 2025"},{"@type":"BreadcrumbList","@id":"https:\/\/dicodusport.fr\/blog\/motogp-classement-et-resultats-du-grand-prix-du-portugal-2025\/#breadcrumb","itemListElement":[{"@type":"ListItem","position":1,"name":"Accueil","item":"https:\/\/dicodusport.fr\/blog\/"},{"@type":"ListItem","position":2,"name":"MotoGP : Classement et r\u00e9sultats du Grand Prix du Portugal 2025"}]},{"@type":"WebSite","@id":"https:\/\/dicodusport.fr\/blog\/#website","url":"https:\/\/dicodusport.fr\/blog\/","name":"Dicodusport","description":"L&#039;encyclop\u00e9die de l&#039;actualit\u00e9 sportive","publisher":{"@id":"https:\/\/dicodusport.fr\/blog\/#organization"},"potentialAction":[{"@type":"SearchAction","target":{"@type":"EntryPoint","urlTemplate":"https:\/\/dicodusport.fr\/blog\/?s={search_term_string}"},"query-input":{"@type":"PropertyValueSpecification","valueRequired":true,"valueName":"search_term_string"}}],"inLanguage":"fr-FR"},{"@type":"NewsMediaOrganization","@id":"https:\/\/dicodusport.fr\/blog\/#organization","name":"Dicodusport","url":"https:\/\/dicodusport.fr\/blog\/","logo":{"@type":"ImageObject","inLanguage":"fr-FR","@id":"https:\/\/dicodusport.fr\/blog\/#\/schema\/logo\/image\/","url":"https:\/\/dicodusport.fr\/blog\/wp-content\/uploads\/2020\/06\/cropped-LOGO-DICODUSPORT-2020-SANS-FOND-SANS-TEXTE.png","contentUrl":"https:\/\/dicodusport.fr\/blog\/wp-content\/uploads\/2020\/06\/cropped-LOGO-DICODUSPORT-2020-SANS-FOND-SANS-TEXTE.png","width":512,"height":512,"caption":"Dicodusport"},"image":{"@id":"https:\/\/dicodusport.fr\/blog\/#\/schema\/logo\/image\/"},"sameAs":["https:\/\/www.facebook.com\/dicodusport","https:\/\/x.com\/dicodusport","https:\/\/www.instagram.com\/dicodusport\/","https:\/\/www.youtube.com\/channel\/UC7V2KZ5sd3htJivAbA4ZG3w"],"description":"Dicodusport est l'encyclop\u00e9die de l'actualit\u00e9 sportive.","email":"bonjour@dicodusport.fr","legalName":"DICODUSPORT","foundingDate":"2018-01-14","vatID":"FR71834470973","taxID":"83447097300043","numberOfEmployees":{"@type":"QuantitativeValue","minValue":"1","maxValue":"10"}},{"@type":"Person","@id":"https:\/\/dicodusport.fr\/blog\/#\/schema\/person\/cb02af4c173ce4a653b55e9baf388d4a","name":"Flo Ostermann","image":{"@type":"ImageObject","inLanguage":"fr-FR","@id":"https:\/\/dicodusport.fr\/blog\/#\/schema\/person\/image\/","url":"https:\/\/dicodusport.fr\/blog\/wp-content\/uploads\/2021\/05\/Flo-Ostermann-150x150.jpg","contentUrl":"https:\/\/dicodusport.fr\/blog\/wp-content\/uploads\/2021\/05\/Flo-Ostermann-150x150.jpg","caption":"Flo Ostermann"},"description":"Journaliste\/R\u00e9dacteur depuis septembre 2015 - Mes premiers souvenirs dans le sport ? Les envol\u00e9es du Stade Toulousain et les duels Villeneuve-Schumacher et H\u00e4kkinen-Schumacher \u00e0 la fin des ann\u00e9es 90, la Coupe du monde de football en 1998, l\u2019exploit du XV de France face aux All Blacks en 1999, mais aussi Richard C\u0153ur de Lion qui vole sur les montagnes du Tour de France. Bien parti pour devenir professeur d\u2019EPS, les \u00e9v\u00e9nements de la vie (et la flemme d\u2019animer des s\u00e9ances de 3x500 m\u00e8tres toute ma vie) m\u2019ont conduit \u00e0 revoir mes plans. Me voil\u00e0 depuis fin 2017 sur Dicodusport, m\u00e9dia gr\u00e2ce (et pour) lequel je partage ma passion : le sport dans tous ses \u00e9tats. Le tout accompagn\u00e9 par les fous furieux et folles furieuses cit\u00e9s sur cette page !","sameAs":["https:\/\/www.facebook.com\/florent.ostermann","https:\/\/x.com\/https:\/\/twitter.com\/FlOstermann","admin"],"url":"https:\/\/dicodusport.fr\/blog\/author\/flo\/"}]}},"_links":{"self":[{"href":"https:\/\/dicodusport.fr\/blog\/wp-json\/wp\/v2\/posts\/624839","targetHints":{"allow":["GET"]}}],"collection":[{"href":"https:\/\/dicodusport.fr\/blog\/wp-json\/wp\/v2\/posts"}],"about":[{"href":"https:\/\/dicodusport.fr\/blog\/wp-json\/wp\/v2\/types\/post"}],"author":[{"embeddable":true,"href":"https:\/\/dicodusport.fr\/blog\/wp-json\/wp\/v2\/users\/4"}],"replies":[{"embeddable":true,"href":"https:\/\/dicodusport.fr\/blog\/wp-json\/wp\/v2\/comments?post=624839"}],"version-history":[{"count":5,"href":"https:\/\/dicodusport.fr\/blog\/wp-json\/wp\/v2\/posts\/624839\/revisions"}],"predecessor-version":[{"id":624899,"href":"https:\/\/dicodusport.fr\/blog\/wp-json\/wp\/v2\/posts\/624839\/revisions\/624899"}],"wp:featuredmedia":[{"embeddable":true,"href":"https:\/\/dicodusport.fr\/blog\/wp-json\/wp\/v2\/media\/624849"}],"wp:attachment":[{"href":"https:\/\/dicodusport.fr\/blog\/wp-json\/wp\/v2\/media?parent=624839"}],"wp:term":[{"taxonomy":"category","embeddable":true,"href":"https:\/\/dicodusport.fr\/blog\/wp-json\/wp\/v2\/categories?post=624839"},{"taxonomy":"post_tag","embeddable":true,"href":"https:\/\/dicodusport.fr\/blog\/wp-json\/wp\/v2\/tags?post=624839"}],"curies":[{"name":"wp","href":"https:\/\/api.w.org\/{rel}","templated":true}]}}