{"id":624854,"date":"2025-11-09T14:44:36","date_gmt":"2025-11-09T13:44:36","guid":{"rendered":"https:\/\/dicodusport.fr\/blog\/?p=624854&#038;preview=true&#038;preview_id=624854"},"modified":"2025-11-09T14:44:36","modified_gmt":"2025-11-09T13:44:36","slug":"motogp-portugal-2025-imperial-marco-bezzecchi-survole-le-grand-prix","status":"publish","type":"post","link":"https:\/\/dicodusport.fr\/blog\/motogp-portugal-2025-imperial-marco-bezzecchi-survole-le-grand-prix\/","title":{"rendered":"MotoGP Portugal 2025 : Imp\u00e9rial, Marco Bezzecchi survole le Grand Prix"},"content":{"rendered":"<p style=\"text-align: justify;\"><b><i>GRAND PRIX MOTOGP DU PORTUGAL 2025 &#8211; Sans trembler, Marco Bezzecchi a men\u00e9 de bout en bout et rafle le Grand Prix, s\u00e9curisant quasiment sa troisi\u00e8me place au championnat du monde.<\/i><\/b><\/p>\n<ul style=\"text-align: justify;\">\n<li style=\"text-align: justify;\"><span style=\"font-size: 16px;\"><strong>\u00c0 ce sujet &#8211; <a href=\"https:\/\/dicodusport.fr\/blog\/gp-du-portugal-motogp-2025-horaires-programme-tv-et-resultats-mis-a-jour\/\">GP du Portugal MotoGP 2025 : Les r\u00e9sultats complets<\/a><\/strong><\/span><\/li>\n<\/ul>\n<p style=\"text-align: justify;\">Le Grand Prix du Portugal refermait aujourd&rsquo;hui l&rsquo;avant-dernier weekend de la saison de MotoGP. Deux favoris, <strong>Marco Bezzecchi<\/strong> (Aprilia Racing), le poleman, d\u00e9sireux de conserver sa troisi\u00e8me place au Championnat du monde, et <strong>Alex Marquez<\/strong> (BK8 Gresini Racing), laur\u00e9at de la course sprint hier. C\u00f4t\u00e9 fran\u00e7ais, <strong>Fabio Quartararo<\/strong> (Monster Energy Yamaha), en premi\u00e8re ligne, esp\u00e9rait un podium, tout comme <strong>Johann Zarco<\/strong> (LCR-Honda), sixi\u00e8me sur la grille.<\/p>\n<ul style=\"text-align: justify;\">\n<li><strong><span style=\"font-size: 16px;\">\u00c0 ce sujet &#8211;<\/span> <a href=\"https:\/\/dicodusport.fr\/blog\/motogp-2025-le-calendrier-complet\/\" rel=\"\">Calendrier MotoGP 2025 : Dates et horaires des Grands Prix<\/a><\/strong><\/li>\n<\/ul>\n<h2 style=\"text-align: justify;\">Bezzecchi en patron<\/h2>\n<p style=\"text-align: justify;\"><strong>Bezzecchi<\/strong> signait le <em>holeshot<\/em> devant Pedro Acosta (Red Bull KTM Factory Racing), mais <strong>Alex Marquez<\/strong> jaillissait et venait prendre la troisi\u00e8me place au nez et \u00e0 la barbe de <strong>Quartararo<\/strong>. <strong>Zarco<\/strong>, lui, conservait sa sixi\u00e8me place pendant que <strong>Franco Morbidelli<\/strong> (Pertamina Enduro VR46 Racing Team) partait \u00e0 la faute. Au bout d&rsquo;un tour, <strong>Marquez<\/strong>, intenable, croquait <strong>Acosta<\/strong> et se lan\u00e7ait \u00e0 la poursuite de son rival italien.<\/p>\n<blockquote class=\"twitter-tweet\">\n<p dir=\"ltr\" lang=\"en\">\ud83d\udea5 LIGHTS OUT in <a href=\"https:\/\/twitter.com\/hashtag\/MotoGP?src=hash&amp;ref_src=twsrc%5Etfw\">#MotoGP<\/a> \ud83d\udea5<\/p>\n<p>Bez nails the start as <a href=\"https:\/\/twitter.com\/alexmarquez73?ref_src=twsrc%5Etfw\">@alexmarquez73<\/a> is already up into 3rd \ud83d\ude80<a href=\"https:\/\/twitter.com\/hashtag\/PortugueseGP?src=hash&amp;ref_src=twsrc%5Etfw\">#PortugueseGP<\/a> \ud83c\uddf5\ud83c\uddf9 <a href=\"https:\/\/t.co\/eFfpUgBdop\">pic.twitter.com\/eFfpUgBdop<\/a><\/p>\n<p>\u2014 MotoGP\u2122\ud83c\udfc1 (@MotoGP) <a href=\"https:\/\/twitter.com\/MotoGP\/status\/1987506620335534470?ref_src=twsrc%5Etfw\">November 9, 2025<\/a><\/p><\/blockquote>\n<p style=\"text-align: justify;\"><script async src=\"https:\/\/platform.twitter.com\/widgets.js\" charset=\"utf-8\"><\/script><br \/>\n<strong>Quartararo<\/strong>, lui, se faisait passer par<strong> Francesco Bagnaia<\/strong> (Ducati Lenovo Team). Devant, <strong>Marquez<\/strong>, flanqu\u00e9 d&rsquo;<strong>Acosta<\/strong>, revenait sans coup f\u00e9rir sur <strong>Bezzecchi<\/strong>. Mais \u00ab\u00a0El tiburon de Mazarr\u00f3n\u00a0\u00bb d\u00e9crochait lentement, mais s\u00fbrement, du duo de t\u00eate, qui semblait parti pour se jouer la victoire. N\u00e9anmoins, l&rsquo;Italien faisait l&rsquo;effort pour emp\u00eacher <strong>Marquez<\/strong> de venir sentir ses \u00e9chappements, mais l&rsquo;on se demandait s&rsquo;il tiendrait jusqu&rsquo;au bout. Au 11\u00e8me tour, <strong>Bagnaia<\/strong> r\u00e9veillait l&rsquo;audience en chutant lourdement tout seul.<\/p>\n<blockquote class=\"twitter-tweet\">\n<p dir=\"ltr\" lang=\"en\">Another Sunday crash from <a href=\"https:\/\/twitter.com\/PeccoBagnaia?ref_src=twsrc%5Etfw\">@PeccoBagnaia<\/a> \ud83d\udca5\ud83d\ude31<\/p>\n<p>This may put a massive dent on his chances to finish 3rd in the Championship \u26a0\ufe0f <a href=\"https:\/\/twitter.com\/hashtag\/PortugueseGP?src=hash&amp;ref_src=twsrc%5Etfw\">#PortugueseGP<\/a> \ud83c\uddf5\ud83c\uddf9 <a href=\"https:\/\/t.co\/jdZ021RtjD\">pic.twitter.com\/jdZ021RtjD<\/a><\/p>\n<p>\u2014 MotoGP\u2122\ud83c\udfc1 (@MotoGP) <a href=\"https:\/\/twitter.com\/MotoGP\/status\/1987511288168104099?ref_src=twsrc%5Etfw\">November 9, 2025<\/a><\/p><\/blockquote>\n<p style=\"text-align: justify;\"><script async src=\"https:\/\/platform.twitter.com\/widgets.js\" charset=\"utf-8\"><\/script><\/p>\n<p style=\"text-align: justify;\">Doubl\u00e9 par <strong>Fermin Aldeguer<\/strong> (BK8 Gresini Racing), <strong>Quartararo<\/strong> restait donc 5\u00e8me, mais sous la menace de <strong>Brad Binder<\/strong> (Red Bull KTM Factory Racing), qui avait gain de cause au 14\u00e8me tour. Devant, <strong>Bezzecchi<\/strong> acc\u00e9l\u00e9rait brusquement et creusait un \u00e9cart de plus de deux secondes, semblant filer vers la victoire. Les positions paraissaient alors fig\u00e9es, et l&rsquo;incertitude demeurait sur la sixi\u00e8me place, puisque <strong>Quartararo<\/strong> \u00e9tait sous la menace de <strong>Zarco<\/strong> et d&rsquo;<strong>Ai Ogura<\/strong> (Trackhouse MotoGP Team), qui allait croquer le Fran\u00e7ais peu avant la fin.<\/p>\n<ul style=\"text-align: justify;\">\n<li><strong><span style=\"font-size: 16px;\">\u00c0 ce sujet &#8211;<\/span> <a href=\"https:\/\/dicodusport.fr\/blog\/motogp-classement-et-resultats-du-grand-prix-du-portugal-2025\/\">MotoGP : Classement et r\u00e9sultats du Grand Prix du Portugal 2025<\/a><\/strong><\/li>\n<\/ul>\n<p style=\"text-align: justify;\">Aucun probl\u00e8me pour <strong>Marco Bezzecchi<\/strong>, qui allait s&rsquo;imposer sans coup f\u00e9rir devant <strong>Marquez<\/strong> et <strong>Acosta<\/strong>. L&rsquo;Italien devrait assurer la troisi\u00e8me place lors de la derni\u00e8re manche \u00e0 Valence, r\u00e9compense d&rsquo;une belle saison. Les deux Bleus font Top 10, un moindre mal au vu de leurs places sur la grille, mais on sent qu&rsquo;il est temps que la saison se termine. Ce qui sera le cas le weekend prochain&#8230;<\/p>\n<ul>\n<li style=\"text-align: justify;\"><strong><span style=\"font-size: 16px;\">\u00c0 ce sujet &#8211;<\/span> <a href=\"https:\/\/dicodusport.fr\/blog\/classement-motogp-2025-le-point-sur-le-championnat-du-monde-des-pilotes\/\">MotoGP 2025 : Le classement du championnat du monde des pilotes<\/a><\/strong><\/li>\n<\/ul>\n","protected":false},"excerpt":{"rendered":"<p>GRAND PRIX MOTOGP DU PORTUGAL 2025 &#8211; Sans trembler, Marco Bezzecchi a men\u00e9 de bout en bout et rafle le Grand Prix, s\u00e9curisant quasiment sa troisi\u00e8me place au championnat du monde.<\/p>\n","protected":false},"author":59,"featured_media":624891,"comment_status":"open","ping_status":"closed","sticky":false,"template":"","format":"standard","meta":{"_acf_changed":false,"_daextam_enable_autolinks":"1","footnotes":""},"categories":[47087],"tags":[16878,15944,10938,15983],"class_list":["post-624854","post","type-post","status-publish","format-standard","has-post-thumbnail","hentry","category-motogp","tag-breve","tag-grand-prix-du-portugal-motogp","tag-motogp","tag-motogp-portugal"],"acf":[],"yoast_head":"<!-- This site is optimized with the Yoast SEO Premium plugin v26.7 (Yoast SEO v26.7) - https:\/\/yoast.com\/wordpress\/plugins\/seo\/ -->\n<title>MotoGP Portugal 2025 : Imp\u00e9rial, Marco Bezzecchi survole le Grand Prix<\/title>\n<meta name=\"description\" content=\"GRAND PRIX MOTOGP DU PORTUGAL 2025 - Sans trembler, Marco Bezzecchi a men\u00e9 de bout en bout et rafle le Grand Prix.\" \/>\n<meta name=\"robots\" content=\"index, follow, max-snippet:-1, max-image-preview:large, max-video-preview:-1\" \/>\n<link rel=\"canonical\" href=\"https:\/\/dicodusport.fr\/blog\/motogp-portugal-2025-imperial-marco-bezzecchi-survole-le-grand-prix\/\" \/>\n<meta property=\"og:locale\" content=\"fr_FR\" \/>\n<meta property=\"og:type\" content=\"article\" \/>\n<meta property=\"og:title\" content=\"MotoGP Portugal 2025 : Imp\u00e9rial, Marco Bezzecchi survole le Grand Prix\" \/>\n<meta property=\"og:description\" content=\"GRAND PRIX MOTOGP DU PORTUGAL 2025 - Sans trembler, Marco Bezzecchi a men\u00e9 de bout en bout et rafle le Grand Prix.\" \/>\n<meta property=\"og:url\" content=\"https:\/\/dicodusport.fr\/blog\/motogp-portugal-2025-imperial-marco-bezzecchi-survole-le-grand-prix\/\" \/>\n<meta property=\"og:site_name\" content=\"Dicodusport\" \/>\n<meta property=\"article:publisher\" content=\"https:\/\/www.facebook.com\/dicodusport\" \/>\n<meta property=\"article:author\" content=\"https:\/\/www.facebook.com\/sebastien.gente\/\" \/>\n<meta property=\"article:published_time\" content=\"2025-11-09T13:44:36+00:00\" \/>\n<meta property=\"og:image\" content=\"https:\/\/dicodusport.fr\/blog\/wp-content\/uploads\/2025\/11\/MotoGP-Portugal-2025-Imperial-Marco-Bezzecchi-survole-le-Grand-Prix.png\" \/>\n\t<meta property=\"og:image:width\" content=\"1200\" \/>\n\t<meta property=\"og:image:height\" content=\"674\" \/>\n\t<meta property=\"og:image:type\" content=\"image\/png\" \/>\n<meta name=\"author\" content=\"S\u00e9bastien Gente\" \/>\n<meta name=\"twitter:card\" content=\"summary_large_image\" \/>\n<meta name=\"twitter:creator\" content=\"@https:\/\/twitter.com\/globulo24\" \/>\n<meta name=\"twitter:site\" content=\"@dicodusport\" \/>\n<script type=\"application\/ld+json\" class=\"yoast-schema-graph\">{\"@context\":\"https:\/\/schema.org\",\"@graph\":[{\"@type\":\"NewsArticle\",\"@id\":\"https:\/\/dicodusport.fr\/blog\/motogp-portugal-2025-imperial-marco-bezzecchi-survole-le-grand-prix\/#article\",\"isPartOf\":{\"@id\":\"https:\/\/dicodusport.fr\/blog\/motogp-portugal-2025-imperial-marco-bezzecchi-survole-le-grand-prix\/\"},\"author\":{\"name\":\"S\u00e9bastien Gente\",\"@id\":\"https:\/\/dicodusport.fr\/blog\/#\/schema\/person\/627966a6cde45dbd8c5e36ac85d783da\"},\"headline\":\"MotoGP Portugal 2025 : Imp\u00e9rial, Marco Bezzecchi survole le Grand Prix\",\"datePublished\":\"2025-11-09T13:44:36+00:00\",\"mainEntityOfPage\":{\"@id\":\"https:\/\/dicodusport.fr\/blog\/motogp-portugal-2025-imperial-marco-bezzecchi-survole-le-grand-prix\/\"},\"wordCount\":542,\"commentCount\":0,\"publisher\":{\"@id\":\"https:\/\/dicodusport.fr\/blog\/#organization\"},\"image\":{\"@id\":\"https:\/\/dicodusport.fr\/blog\/motogp-portugal-2025-imperial-marco-bezzecchi-survole-le-grand-prix\/#primaryimage\"},\"thumbnailUrl\":\"https:\/\/dicodusport.fr\/blog\/wp-content\/uploads\/2025\/11\/MotoGP-Portugal-2025-Imperial-Marco-Bezzecchi-survole-le-Grand-Prix.png\",\"keywords\":[\"br\u00e8ve\",\"Grand Prix du Portugal MotoGP\",\"MotoGP\",\"MotoGP Portugal\"],\"articleSection\":[\"MotoGP\"],\"inLanguage\":\"fr-FR\",\"potentialAction\":[{\"@type\":\"CommentAction\",\"name\":\"Comment\",\"target\":[\"https:\/\/dicodusport.fr\/blog\/motogp-portugal-2025-imperial-marco-bezzecchi-survole-le-grand-prix\/#respond\"]}],\"copyrightYear\":\"2025\",\"copyrightHolder\":{\"@id\":\"https:\/\/dicodusport.fr\/blog\/#organization\"}},{\"@type\":\"WebPage\",\"@id\":\"https:\/\/dicodusport.fr\/blog\/motogp-portugal-2025-imperial-marco-bezzecchi-survole-le-grand-prix\/\",\"url\":\"https:\/\/dicodusport.fr\/blog\/motogp-portugal-2025-imperial-marco-bezzecchi-survole-le-grand-prix\/\",\"name\":\"MotoGP Portugal 2025 : Imp\u00e9rial, Marco Bezzecchi survole le Grand Prix\",\"isPartOf\":{\"@id\":\"https:\/\/dicodusport.fr\/blog\/#website\"},\"primaryImageOfPage\":{\"@id\":\"https:\/\/dicodusport.fr\/blog\/motogp-portugal-2025-imperial-marco-bezzecchi-survole-le-grand-prix\/#primaryimage\"},\"image\":{\"@id\":\"https:\/\/dicodusport.fr\/blog\/motogp-portugal-2025-imperial-marco-bezzecchi-survole-le-grand-prix\/#primaryimage\"},\"thumbnailUrl\":\"https:\/\/dicodusport.fr\/blog\/wp-content\/uploads\/2025\/11\/MotoGP-Portugal-2025-Imperial-Marco-Bezzecchi-survole-le-Grand-Prix.png\",\"datePublished\":\"2025-11-09T13:44:36+00:00\",\"description\":\"GRAND PRIX MOTOGP DU PORTUGAL 2025 - Sans trembler, Marco Bezzecchi a men\u00e9 de bout en bout et rafle le Grand Prix.\",\"breadcrumb\":{\"@id\":\"https:\/\/dicodusport.fr\/blog\/motogp-portugal-2025-imperial-marco-bezzecchi-survole-le-grand-prix\/#breadcrumb\"},\"inLanguage\":\"fr-FR\",\"potentialAction\":[{\"@type\":\"ReadAction\",\"target\":[\"https:\/\/dicodusport.fr\/blog\/motogp-portugal-2025-imperial-marco-bezzecchi-survole-le-grand-prix\/\"]}]},{\"@type\":\"ImageObject\",\"inLanguage\":\"fr-FR\",\"@id\":\"https:\/\/dicodusport.fr\/blog\/motogp-portugal-2025-imperial-marco-bezzecchi-survole-le-grand-prix\/#primaryimage\",\"url\":\"https:\/\/dicodusport.fr\/blog\/wp-content\/uploads\/2025\/11\/MotoGP-Portugal-2025-Imperial-Marco-Bezzecchi-survole-le-Grand-Prix.png\",\"contentUrl\":\"https:\/\/dicodusport.fr\/blog\/wp-content\/uploads\/2025\/11\/MotoGP-Portugal-2025-Imperial-Marco-Bezzecchi-survole-le-Grand-Prix.png\",\"width\":1200,\"height\":674,\"caption\":\"MotoGP Portugal 2025 Imp\u00e9rial, Marco Bezzecchi survole le Grand Prix\"},{\"@type\":\"BreadcrumbList\",\"@id\":\"https:\/\/dicodusport.fr\/blog\/motogp-portugal-2025-imperial-marco-bezzecchi-survole-le-grand-prix\/#breadcrumb\",\"itemListElement\":[{\"@type\":\"ListItem\",\"position\":1,\"name\":\"Accueil\",\"item\":\"https:\/\/dicodusport.fr\/blog\/\"},{\"@type\":\"ListItem\",\"position\":2,\"name\":\"MotoGP Portugal 2025 : Imp\u00e9rial, Marco Bezzecchi survole le Grand Prix\"}]},{\"@type\":\"WebSite\",\"@id\":\"https:\/\/dicodusport.fr\/blog\/#website\",\"url\":\"https:\/\/dicodusport.fr\/blog\/\",\"name\":\"Dicodusport\",\"description\":\"L&#039;encyclop\u00e9die de l&#039;actualit\u00e9 sportive\",\"publisher\":{\"@id\":\"https:\/\/dicodusport.fr\/blog\/#organization\"},\"potentialAction\":[{\"@type\":\"SearchAction\",\"target\":{\"@type\":\"EntryPoint\",\"urlTemplate\":\"https:\/\/dicodusport.fr\/blog\/?s={search_term_string}\"},\"query-input\":{\"@type\":\"PropertyValueSpecification\",\"valueRequired\":true,\"valueName\":\"search_term_string\"}}],\"inLanguage\":\"fr-FR\"},{\"@type\":\"NewsMediaOrganization\",\"@id\":\"https:\/\/dicodusport.fr\/blog\/#organization\",\"name\":\"Dicodusport\",\"url\":\"https:\/\/dicodusport.fr\/blog\/\",\"logo\":{\"@type\":\"ImageObject\",\"inLanguage\":\"fr-FR\",\"@id\":\"https:\/\/dicodusport.fr\/blog\/#\/schema\/logo\/image\/\",\"url\":\"https:\/\/dicodusport.fr\/blog\/wp-content\/uploads\/2020\/06\/cropped-LOGO-DICODUSPORT-2020-SANS-FOND-SANS-TEXTE.png\",\"contentUrl\":\"https:\/\/dicodusport.fr\/blog\/wp-content\/uploads\/2020\/06\/cropped-LOGO-DICODUSPORT-2020-SANS-FOND-SANS-TEXTE.png\",\"width\":512,\"height\":512,\"caption\":\"Dicodusport\"},\"image\":{\"@id\":\"https:\/\/dicodusport.fr\/blog\/#\/schema\/logo\/image\/\"},\"sameAs\":[\"https:\/\/www.facebook.com\/dicodusport\",\"https:\/\/x.com\/dicodusport\",\"https:\/\/www.instagram.com\/dicodusport\/\",\"https:\/\/www.youtube.com\/channel\/UC7V2KZ5sd3htJivAbA4ZG3w\"],\"description\":\"Dicodusport est l'encyclop\u00e9die de l'actualit\u00e9 sportive.\",\"email\":\"bonjour@dicodusport.fr\",\"legalName\":\"DICODUSPORT\",\"foundingDate\":\"2018-01-14\",\"vatID\":\"FR71834470973\",\"taxID\":\"83447097300043\",\"numberOfEmployees\":{\"@type\":\"QuantitativeValue\",\"minValue\":\"1\",\"maxValue\":\"10\"}},{\"@type\":\"Person\",\"@id\":\"https:\/\/dicodusport.fr\/blog\/#\/schema\/person\/627966a6cde45dbd8c5e36ac85d783da\",\"name\":\"S\u00e9bastien Gente\",\"image\":{\"@type\":\"ImageObject\",\"inLanguage\":\"fr-FR\",\"@id\":\"https:\/\/dicodusport.fr\/blog\/#\/schema\/person\/image\/\",\"url\":\"https:\/\/dicodusport.fr\/blog\/wp-content\/uploads\/2021\/09\/1510990_10205810251400683_4124423575079401707_n-150x150.jpg\",\"contentUrl\":\"https:\/\/dicodusport.fr\/blog\/wp-content\/uploads\/2021\/09\/1510990_10205810251400683_4124423575079401707_n-150x150.jpg\",\"caption\":\"S\u00e9bastien Gente\"},\"description\":\"John Stockton, Gianni Bugno, Zinedine Zidane, Steffi Graf, Frode Andresen, St\u00e9phane Stoecklin, Davis Kamoga, Primoz Peterka, Werner Schlager et Aur\u00e9lien Rougerie. Point commun entre ces sportifs? Ils m'ont fait r\u00eaver et ont berc\u00e9 mon adolescence. Je suis un fondu de sports et j'essaie de retranscrire ma passion \u00e0 travers mes articles. Originaire du P\u00e9rigord, ma passion pour les Girondins, les Jaunards et les Jazzmen transpire dans mes \u00e9crits. \u00c0 Dicodusport depuis 2021, je d\u00e9niche les sports m\u00e9connus dans lesquels la France brille, et il y en a !\",\"sameAs\":[\"https:\/\/www.facebook.com\/sebastien.gente\/\",\"https:\/\/www.instagram.com\/sebgente\/\",\"https:\/\/www.linkedin.com\/in\/sbastien-gente-a29583169\/\",\"https:\/\/x.com\/https:\/\/twitter.com\/globulo24\",\"SebastienGente\"],\"worksFor\":\"S\u00e9bastien GENTE\",\"url\":\"https:\/\/dicodusport.fr\/blog\/author\/sebastiengente\/\"}]}<\/script>\n<!-- \/ Yoast SEO Premium plugin. -->","yoast_head_json":{"title":"MotoGP Portugal 2025 : Imp\u00e9rial, Marco Bezzecchi survole le Grand Prix","description":"GRAND PRIX MOTOGP DU PORTUGAL 2025 - Sans trembler, Marco Bezzecchi a men\u00e9 de bout en bout et rafle le Grand Prix.","robots":{"index":"index","follow":"follow","max-snippet":"max-snippet:-1","max-image-preview":"max-image-preview:large","max-video-preview":"max-video-preview:-1"},"canonical":"https:\/\/dicodusport.fr\/blog\/motogp-portugal-2025-imperial-marco-bezzecchi-survole-le-grand-prix\/","og_locale":"fr_FR","og_type":"article","og_title":"MotoGP Portugal 2025 : Imp\u00e9rial, Marco Bezzecchi survole le Grand Prix","og_description":"GRAND PRIX MOTOGP DU PORTUGAL 2025 - Sans trembler, Marco Bezzecchi a men\u00e9 de bout en bout et rafle le Grand Prix.","og_url":"https:\/\/dicodusport.fr\/blog\/motogp-portugal-2025-imperial-marco-bezzecchi-survole-le-grand-prix\/","og_site_name":"Dicodusport","article_publisher":"https:\/\/www.facebook.com\/dicodusport","article_author":"https:\/\/www.facebook.com\/sebastien.gente\/","article_published_time":"2025-11-09T13:44:36+00:00","og_image":[{"width":1200,"height":674,"url":"https:\/\/dicodusport.fr\/blog\/wp-content\/uploads\/2025\/11\/MotoGP-Portugal-2025-Imperial-Marco-Bezzecchi-survole-le-Grand-Prix.png","type":"image\/png"}],"author":"S\u00e9bastien Gente","twitter_card":"summary_large_image","twitter_creator":"@https:\/\/twitter.com\/globulo24","twitter_site":"@dicodusport","schema":{"@context":"https:\/\/schema.org","@graph":[{"@type":"NewsArticle","@id":"https:\/\/dicodusport.fr\/blog\/motogp-portugal-2025-imperial-marco-bezzecchi-survole-le-grand-prix\/#article","isPartOf":{"@id":"https:\/\/dicodusport.fr\/blog\/motogp-portugal-2025-imperial-marco-bezzecchi-survole-le-grand-prix\/"},"author":{"name":"S\u00e9bastien Gente","@id":"https:\/\/dicodusport.fr\/blog\/#\/schema\/person\/627966a6cde45dbd8c5e36ac85d783da"},"headline":"MotoGP Portugal 2025 : Imp\u00e9rial, Marco Bezzecchi survole le Grand Prix","datePublished":"2025-11-09T13:44:36+00:00","mainEntityOfPage":{"@id":"https:\/\/dicodusport.fr\/blog\/motogp-portugal-2025-imperial-marco-bezzecchi-survole-le-grand-prix\/"},"wordCount":542,"commentCount":0,"publisher":{"@id":"https:\/\/dicodusport.fr\/blog\/#organization"},"image":{"@id":"https:\/\/dicodusport.fr\/blog\/motogp-portugal-2025-imperial-marco-bezzecchi-survole-le-grand-prix\/#primaryimage"},"thumbnailUrl":"https:\/\/dicodusport.fr\/blog\/wp-content\/uploads\/2025\/11\/MotoGP-Portugal-2025-Imperial-Marco-Bezzecchi-survole-le-Grand-Prix.png","keywords":["br\u00e8ve","Grand Prix du Portugal MotoGP","MotoGP","MotoGP Portugal"],"articleSection":["MotoGP"],"inLanguage":"fr-FR","potentialAction":[{"@type":"CommentAction","name":"Comment","target":["https:\/\/dicodusport.fr\/blog\/motogp-portugal-2025-imperial-marco-bezzecchi-survole-le-grand-prix\/#respond"]}],"copyrightYear":"2025","copyrightHolder":{"@id":"https:\/\/dicodusport.fr\/blog\/#organization"}},{"@type":"WebPage","@id":"https:\/\/dicodusport.fr\/blog\/motogp-portugal-2025-imperial-marco-bezzecchi-survole-le-grand-prix\/","url":"https:\/\/dicodusport.fr\/blog\/motogp-portugal-2025-imperial-marco-bezzecchi-survole-le-grand-prix\/","name":"MotoGP Portugal 2025 : Imp\u00e9rial, Marco Bezzecchi survole le Grand Prix","isPartOf":{"@id":"https:\/\/dicodusport.fr\/blog\/#website"},"primaryImageOfPage":{"@id":"https:\/\/dicodusport.fr\/blog\/motogp-portugal-2025-imperial-marco-bezzecchi-survole-le-grand-prix\/#primaryimage"},"image":{"@id":"https:\/\/dicodusport.fr\/blog\/motogp-portugal-2025-imperial-marco-bezzecchi-survole-le-grand-prix\/#primaryimage"},"thumbnailUrl":"https:\/\/dicodusport.fr\/blog\/wp-content\/uploads\/2025\/11\/MotoGP-Portugal-2025-Imperial-Marco-Bezzecchi-survole-le-Grand-Prix.png","datePublished":"2025-11-09T13:44:36+00:00","description":"GRAND PRIX MOTOGP DU PORTUGAL 2025 - Sans trembler, Marco Bezzecchi a men\u00e9 de bout en bout et rafle le Grand Prix.","breadcrumb":{"@id":"https:\/\/dicodusport.fr\/blog\/motogp-portugal-2025-imperial-marco-bezzecchi-survole-le-grand-prix\/#breadcrumb"},"inLanguage":"fr-FR","potentialAction":[{"@type":"ReadAction","target":["https:\/\/dicodusport.fr\/blog\/motogp-portugal-2025-imperial-marco-bezzecchi-survole-le-grand-prix\/"]}]},{"@type":"ImageObject","inLanguage":"fr-FR","@id":"https:\/\/dicodusport.fr\/blog\/motogp-portugal-2025-imperial-marco-bezzecchi-survole-le-grand-prix\/#primaryimage","url":"https:\/\/dicodusport.fr\/blog\/wp-content\/uploads\/2025\/11\/MotoGP-Portugal-2025-Imperial-Marco-Bezzecchi-survole-le-Grand-Prix.png","contentUrl":"https:\/\/dicodusport.fr\/blog\/wp-content\/uploads\/2025\/11\/MotoGP-Portugal-2025-Imperial-Marco-Bezzecchi-survole-le-Grand-Prix.png","width":1200,"height":674,"caption":"MotoGP Portugal 2025 Imp\u00e9rial, Marco Bezzecchi survole le Grand Prix"},{"@type":"BreadcrumbList","@id":"https:\/\/dicodusport.fr\/blog\/motogp-portugal-2025-imperial-marco-bezzecchi-survole-le-grand-prix\/#breadcrumb","itemListElement":[{"@type":"ListItem","position":1,"name":"Accueil","item":"https:\/\/dicodusport.fr\/blog\/"},{"@type":"ListItem","position":2,"name":"MotoGP Portugal 2025 : Imp\u00e9rial, Marco Bezzecchi survole le Grand Prix"}]},{"@type":"WebSite","@id":"https:\/\/dicodusport.fr\/blog\/#website","url":"https:\/\/dicodusport.fr\/blog\/","name":"Dicodusport","description":"L&#039;encyclop\u00e9die de l&#039;actualit\u00e9 sportive","publisher":{"@id":"https:\/\/dicodusport.fr\/blog\/#organization"},"potentialAction":[{"@type":"SearchAction","target":{"@type":"EntryPoint","urlTemplate":"https:\/\/dicodusport.fr\/blog\/?s={search_term_string}"},"query-input":{"@type":"PropertyValueSpecification","valueRequired":true,"valueName":"search_term_string"}}],"inLanguage":"fr-FR"},{"@type":"NewsMediaOrganization","@id":"https:\/\/dicodusport.fr\/blog\/#organization","name":"Dicodusport","url":"https:\/\/dicodusport.fr\/blog\/","logo":{"@type":"ImageObject","inLanguage":"fr-FR","@id":"https:\/\/dicodusport.fr\/blog\/#\/schema\/logo\/image\/","url":"https:\/\/dicodusport.fr\/blog\/wp-content\/uploads\/2020\/06\/cropped-LOGO-DICODUSPORT-2020-SANS-FOND-SANS-TEXTE.png","contentUrl":"https:\/\/dicodusport.fr\/blog\/wp-content\/uploads\/2020\/06\/cropped-LOGO-DICODUSPORT-2020-SANS-FOND-SANS-TEXTE.png","width":512,"height":512,"caption":"Dicodusport"},"image":{"@id":"https:\/\/dicodusport.fr\/blog\/#\/schema\/logo\/image\/"},"sameAs":["https:\/\/www.facebook.com\/dicodusport","https:\/\/x.com\/dicodusport","https:\/\/www.instagram.com\/dicodusport\/","https:\/\/www.youtube.com\/channel\/UC7V2KZ5sd3htJivAbA4ZG3w"],"description":"Dicodusport est l'encyclop\u00e9die de l'actualit\u00e9 sportive.","email":"bonjour@dicodusport.fr","legalName":"DICODUSPORT","foundingDate":"2018-01-14","vatID":"FR71834470973","taxID":"83447097300043","numberOfEmployees":{"@type":"QuantitativeValue","minValue":"1","maxValue":"10"}},{"@type":"Person","@id":"https:\/\/dicodusport.fr\/blog\/#\/schema\/person\/627966a6cde45dbd8c5e36ac85d783da","name":"S\u00e9bastien Gente","image":{"@type":"ImageObject","inLanguage":"fr-FR","@id":"https:\/\/dicodusport.fr\/blog\/#\/schema\/person\/image\/","url":"https:\/\/dicodusport.fr\/blog\/wp-content\/uploads\/2021\/09\/1510990_10205810251400683_4124423575079401707_n-150x150.jpg","contentUrl":"https:\/\/dicodusport.fr\/blog\/wp-content\/uploads\/2021\/09\/1510990_10205810251400683_4124423575079401707_n-150x150.jpg","caption":"S\u00e9bastien Gente"},"description":"John Stockton, Gianni Bugno, Zinedine Zidane, Steffi Graf, Frode Andresen, St\u00e9phane Stoecklin, Davis Kamoga, Primoz Peterka, Werner Schlager et Aur\u00e9lien Rougerie. Point commun entre ces sportifs? Ils m'ont fait r\u00eaver et ont berc\u00e9 mon adolescence. Je suis un fondu de sports et j'essaie de retranscrire ma passion \u00e0 travers mes articles. Originaire du P\u00e9rigord, ma passion pour les Girondins, les Jaunards et les Jazzmen transpire dans mes \u00e9crits. \u00c0 Dicodusport depuis 2021, je d\u00e9niche les sports m\u00e9connus dans lesquels la France brille, et il y en a !","sameAs":["https:\/\/www.facebook.com\/sebastien.gente\/","https:\/\/www.instagram.com\/sebgente\/","https:\/\/www.linkedin.com\/in\/sbastien-gente-a29583169\/","https:\/\/x.com\/https:\/\/twitter.com\/globulo24","SebastienGente"],"worksFor":"S\u00e9bastien GENTE","url":"https:\/\/dicodusport.fr\/blog\/author\/sebastiengente\/"}]}},"_links":{"self":[{"href":"https:\/\/dicodusport.fr\/blog\/wp-json\/wp\/v2\/posts\/624854","targetHints":{"allow":["GET"]}}],"collection":[{"href":"https:\/\/dicodusport.fr\/blog\/wp-json\/wp\/v2\/posts"}],"about":[{"href":"https:\/\/dicodusport.fr\/blog\/wp-json\/wp\/v2\/types\/post"}],"author":[{"embeddable":true,"href":"https:\/\/dicodusport.fr\/blog\/wp-json\/wp\/v2\/users\/59"}],"replies":[{"embeddable":true,"href":"https:\/\/dicodusport.fr\/blog\/wp-json\/wp\/v2\/comments?post=624854"}],"version-history":[{"count":1,"href":"https:\/\/dicodusport.fr\/blog\/wp-json\/wp\/v2\/posts\/624854\/revisions"}],"predecessor-version":[{"id":624897,"href":"https:\/\/dicodusport.fr\/blog\/wp-json\/wp\/v2\/posts\/624854\/revisions\/624897"}],"wp:featuredmedia":[{"embeddable":true,"href":"https:\/\/dicodusport.fr\/blog\/wp-json\/wp\/v2\/media\/624891"}],"wp:attachment":[{"href":"https:\/\/dicodusport.fr\/blog\/wp-json\/wp\/v2\/media?parent=624854"}],"wp:term":[{"taxonomy":"category","embeddable":true,"href":"https:\/\/dicodusport.fr\/blog\/wp-json\/wp\/v2\/categories?post=624854"},{"taxonomy":"post_tag","embeddable":true,"href":"https:\/\/dicodusport.fr\/blog\/wp-json\/wp\/v2\/tags?post=624854"}],"curies":[{"name":"wp","href":"https:\/\/api.w.org\/{rel}","templated":true}]}}