{"id":625045,"date":"2025-11-10T14:26:51","date_gmt":"2025-11-10T13:26:51","guid":{"rendered":"https:\/\/dicodusport.fr\/blog\/?p=625045&#038;preview=true&#038;preview_id=625045"},"modified":"2025-11-10T14:26:51","modified_gmt":"2025-11-10T13:26:51","slug":"mondiaux-tir-sportif-2025-les-bleus-sacres-par-equipes-a-la-carabine-50-metres-3-positions","status":"publish","type":"post","link":"https:\/\/dicodusport.fr\/blog\/mondiaux-tir-sportif-2025-les-bleus-sacres-par-equipes-a-la-carabine-50-metres-3-positions\/","title":{"rendered":"Mondiaux tir sportif 2025 : Les Bleus sacr\u00e9s par \u00e9quipes \u00e0 la carabine 50 m\u00e8tres 3 positions !"},"content":{"rendered":"<p style=\"text-align: justify;\"><strong><em>CHAMPIONNATS DU MONDE DE TIR SPORTIF RIFLE\/PISTOL 2025 &#8211; Deuxi\u00e8me m\u00e9daille pour les Bleus, la deuxi\u00e8me en or, sur l&rsquo;\u00e9preuve de carabine 50 m\u00e8tres 3 positions par \u00e9quipes.<\/em><\/strong><\/p>\n<p style=\"text-align: justify;\">Hier, <strong>Cl\u00e9ment Bessaguet<\/strong> avait r\u00e9ussi son pari de devenir champion du monde sur l&rsquo;\u00e9preuve du pistolet \u00e0 feu rapide \u00e0 25 m\u00e8tres. Une belle r\u00e9compense qui avait \u00e9galement eu le m\u00e9rite d&rsquo;ouvrir le compteur de l&rsquo;\u00e9quipe de France au Caire. De quoi esp\u00e9rer une suite victorieuse.<\/p>\n<div class=\"vlp-link-container vlp-layout-article\"><a href=\"https:\/\/dicodusport.fr\/blog\/mondiaux-tir-sportif-2025-clement-bessaguet-champion-du-monde-du-pistolet-a-feu-rapide-25-metres\/\" class=\"vlp-link\" title=\"Mondiaux tir sportif 2025 : Cl\u00e9ment Bessaguet champion du monde du pistolet \u00e0 feu rapide 25 m\u00e8tres !\"><\/a><div class=\"vlp-layout-zone-side\"><div class=\"vlp-block-4 vlp-link-image\"><img loading=\"lazy\" decoding=\"async\" style=\"max-width: 792px;\" width=\"792\" height=\"445\" src=\"https:\/\/dicodusport.fr\/blog\/wp-content\/uploads\/2025\/11\/Mondiaux-tir-sportif-2025-Clement-Bessaguet-champion-du-monde-du-pistolet-a-feu-rapide-25-metres-.png\" class=\"attachment-800x445 size-800x445\" alt=\"Mondiaux tir sportif 2025 Cl\u00e9ment Bessaguet champion du monde du pistolet \u00e0 feu rapide 25 m\u00e8tres !\" srcset=\"https:\/\/dicodusport.fr\/blog\/wp-content\/uploads\/2025\/11\/Mondiaux-tir-sportif-2025-Clement-Bessaguet-champion-du-monde-du-pistolet-a-feu-rapide-25-metres-.png 1200w, https:\/\/dicodusport.fr\/blog\/wp-content\/uploads\/2025\/11\/Mondiaux-tir-sportif-2025-Clement-Bessaguet-champion-du-monde-du-pistolet-a-feu-rapide-25-metres--300x169.png 300w, https:\/\/dicodusport.fr\/blog\/wp-content\/uploads\/2025\/11\/Mondiaux-tir-sportif-2025-Clement-Bessaguet-champion-du-monde-du-pistolet-a-feu-rapide-25-metres--1024x575.png 1024w, https:\/\/dicodusport.fr\/blog\/wp-content\/uploads\/2025\/11\/Mondiaux-tir-sportif-2025-Clement-Bessaguet-champion-du-monde-du-pistolet-a-feu-rapide-25-metres--768x431.png 768w\" sizes=\"auto, (max-width: 792px) 100vw, 792px\" \/><\/div><\/div><div class=\"vlp-layout-zone-main\"><div class=\"vlp-block-0 vlp-link-title\">Mondiaux tir sportif 2025 : Cl\u00e9ment Bessaguet champion du monde du pistolet \u00e0 feu rapide 25 m\u00e8tres !<\/div><div class=\"vlp-block-1 vlp-link-summary\">CHAMPIONNATS DU MONDE DE TIR SPORTIF RIFLE\/PISTOL 2025 - Apr\u00e8s deux m\u00e9dailles d'argent, Cl\u00e9ment Bessaguet d\u00e9croche enfin le Graal : le titre mondial.<\/div><div class=\"vlp-block-2 vlp-link-button\">Lire l'article<\/div><div class=\"vlp-block-3 vlp-link-url\">dicodusport.fr<\/div><\/div><\/div>\n<h2 style=\"text-align: justify;\">Un trio en or<\/h2>\n<p style=\"text-align: justify;\">Malheureusement, sur le pistolet \u00e0 10 m\u00e8tres, aucune Fran\u00e7aise n&rsquo;a franchi le cap des qualifications. La vice-championne olympique de Londres <strong>C\u00e9line Goberville<\/strong>, <strong>Annabelle Pioch<\/strong> et <a href=\"https:\/\/dicodusport.fr\/blog\/tir-jo-2024-largent-pour-camille-jedrzejewski-sur-le-tir-au-pistolet-a-25-m\/\">la vice-championne olympique en titre<\/a> <strong>Camille Jedrzejewski<\/strong> ont rat\u00e9 leur coup, alors que sur le papier, elles avaient une belle chance en individuel et par \u00e9quipes. Heureusement, la lumi\u00e8re est venue de l&rsquo;\u00e9quipe de carabine \u00e0 50 m\u00e8tres 3 positions.<\/p>\n<p style=\"text-align: justify;\">En 2022, <strong>Brian Baudouin<\/strong> et <strong>Lucas Kryzs<\/strong> avaient rafl\u00e9 l&rsquo;argent dans cette \u00e9preuve avec <strong>Michael d&rsquo;Halluin<\/strong>. Cette fois, ils \u00e9taient accompagn\u00e9s du <a href=\"https:\/\/dicodusport.fr\/blog\/tir-le-double-pour-romain-aufrere-sacre-champion-du-monde-juniors-a-la-carabine-50-metres\/\">champion du monde juniors<\/a> <strong>Romain Aufr\u00e8re<\/strong>, une association gagnante. Une partition impeccable, puisque sur 18 salves au total, jamais ils ne sont descendus en dessous de 95. Apr\u00e8s une magnifique bataille, ils ont fini par prendre le meilleur sur la Norv\u00e8ge, pour trois petits points. Une magnifique victoire qui embellit d\u00e9j\u00e0 la performance de la France : les Mondiaux semblent d\u00e9j\u00e0 r\u00e9ussis. Avec encore six jours de comp\u00e9tition \u00e0 venir&#8230;<\/p>\n<blockquote class=\"instagram-media\" style=\"background: #FFF; border: 0; border-radius: 3px; box-shadow: 0 0 1px 0 rgba(0,0,0,0.5),0 1px 10px 0 rgba(0,0,0,0.15); margin: 1px; max-width: 540px; min-width: 326px; padding: 0; width: calc(100% - 2px);\" data-instgrm-captioned=\"\" data-instgrm-permalink=\"https:\/\/www.instagram.com\/p\/DQ4BLHCCJWM\/?utm_source=ig_embed&amp;utm_campaign=loading\" data-instgrm-version=\"14\">\n<div style=\"padding: 16px;\">\n<p>&nbsp;<\/p>\n<div style=\"display: flex; flex-direction: row; align-items: center;\">\n<div style=\"background-color: #f4f4f4; border-radius: 50%; flex-grow: 0; height: 40px; margin-right: 14px; width: 40px;\"><\/div>\n<div style=\"display: flex; flex-direction: column; flex-grow: 1; justify-content: center;\">\n<div style=\"background-color: #f4f4f4; border-radius: 4px; flex-grow: 0; height: 14px; margin-bottom: 6px; width: 100px;\"><\/div>\n<div style=\"background-color: #f4f4f4; border-radius: 4px; flex-grow: 0; height: 14px; width: 60px;\"><\/div>\n<\/div>\n<\/div>\n<div style=\"padding: 19% 0;\"><\/div>\n<div style=\"display: block; height: 50px; margin: 0 auto 12px; width: 50px;\"><\/div>\n<div style=\"padding-top: 8px;\">\n<div style=\"color: #3897f0; font-family: Arial,sans-serif; font-size: 14px; font-style: normal; font-weight: 550; line-height: 18px;\">Voir cette publication sur Instagram<\/div>\n<\/div>\n<div style=\"padding: 12.5% 0;\"><\/div>\n<div style=\"display: flex; flex-direction: row; margin-bottom: 14px; align-items: center;\">\n<div>\n<div style=\"background-color: #f4f4f4; border-radius: 50%; height: 12.5px; width: 12.5px; transform: translateX(0px) translateY(7px);\"><\/div>\n<div style=\"background-color: #f4f4f4; height: 12.5px; transform: rotate(-45deg) translateX(3px) translateY(1px); width: 12.5px; flex-grow: 0; margin-right: 14px; margin-left: 2px;\"><\/div>\n<div style=\"background-color: #f4f4f4; border-radius: 50%; height: 12.5px; width: 12.5px; transform: translateX(9px) translateY(-18px);\"><\/div>\n<\/div>\n<div style=\"margin-left: 8px;\">\n<div style=\"background-color: #f4f4f4; border-radius: 50%; flex-grow: 0; height: 20px; width: 20px;\"><\/div>\n<div style=\"width: 0; height: 0; border-top: 2px solid transparent; border-left: 6px solid #f4f4f4; border-bottom: 2px solid transparent; transform: translateX(16px) translateY(-4px) rotate(30deg);\"><\/div>\n<\/div>\n<div style=\"margin-left: auto;\">\n<div style=\"width: 0px; border-top: 8px solid #F4F4F4; border-right: 8px solid transparent; transform: translateY(16px);\"><\/div>\n<div style=\"background-color: #f4f4f4; flex-grow: 0; height: 12px; width: 16px; transform: translateY(-4px);\"><\/div>\n<div style=\"width: 0; height: 0; border-top: 8px solid #F4F4F4; border-left: 8px solid transparent; transform: translateY(-4px) translateX(8px);\"><\/div>\n<\/div>\n<\/div>\n<div style=\"display: flex; flex-direction: column; flex-grow: 1; justify-content: center; margin-bottom: 24px;\">\n<div style=\"background-color: #f4f4f4; border-radius: 4px; flex-grow: 0; height: 14px; margin-bottom: 6px; width: 224px;\"><\/div>\n<div style=\"background-color: #f4f4f4; border-radius: 4px; flex-grow: 0; height: 14px; width: 144px;\"><\/div>\n<\/div>\n<p>&nbsp;<\/p>\n<p style=\"color: #c9c8cd; font-family: Arial,sans-serif; font-size: 14px; line-height: 17px; margin-bottom: 0; margin-top: 8px; overflow: hidden; padding: 8px 0 7px; text-align: center; text-overflow: ellipsis; white-space: nowrap;\"><a style=\"color: #c9c8cd; font-family: Arial,sans-serif; font-size: 14px; font-style: normal; font-weight: normal; line-height: 17px; text-decoration: none;\" href=\"https:\/\/www.instagram.com\/p\/DQ4BLHCCJWM\/?utm_source=ig_embed&amp;utm_campaign=loading\" target=\"_blank\" rel=\"noopener\">Une publication partag\u00e9e par Equipe de France (@equipefra)<\/a><\/p>\n<\/div>\n<\/blockquote>\n<p style=\"text-align: justify;\"><script async src=\"\/\/www.instagram.com\/embed.js\"><\/script><\/p>\n","protected":false},"excerpt":{"rendered":"<p>CHAMPIONNATS DU MONDE DE TIR SPORTIF RIFLE\/PISTOL 2025 &#8211; Deuxi\u00e8me m\u00e9daille pour les Bleus, la deuxi\u00e8me en or, sur l&rsquo;\u00e9preuve de carabine 50 m\u00e8tres 3 positions par \u00e9quipes.<\/p>\n","protected":false},"author":59,"featured_media":625046,"comment_status":"open","ping_status":"closed","sticky":false,"template":"","format":"standard","meta":{"_acf_changed":false,"_daextam_enable_autolinks":"1","footnotes":""},"categories":[16898],"tags":[16878,19599,24],"class_list":["post-625045","post","type-post","status-publish","format-standard","has-post-thumbnail","hentry","category-tir","tag-breve","tag-championnats-du-monde-de-tir-sportif","tag-sport"],"acf":[],"yoast_head":"<!-- This site is optimized with the Yoast SEO Premium plugin v26.7 (Yoast SEO v26.7) - https:\/\/yoast.com\/wordpress\/plugins\/seo\/ -->\n<title>Mondiaux tir sportif 2025 : Les Bleus sacr\u00e9s par \u00e9quipes \u00e0 la carabine 50 m\u00e8tres 3 positions !<\/title>\n<meta name=\"description\" content=\"CHAMPIONNATS DU MONDE DE TIR SPORTIF RIFLE\/PISTOL 2025 - Deuxi\u00e8me m\u00e9daille en or sur l&#039;\u00e9preuve de carabine 50 m\u00e8tres 3 positions par \u00e9quipes.\" \/>\n<meta name=\"robots\" content=\"index, follow, max-snippet:-1, max-image-preview:large, max-video-preview:-1\" \/>\n<link rel=\"canonical\" href=\"https:\/\/dicodusport.fr\/blog\/mondiaux-tir-sportif-2025-les-bleus-sacres-par-equipes-a-la-carabine-50-metres-3-positions\/\" \/>\n<meta property=\"og:locale\" content=\"fr_FR\" \/>\n<meta property=\"og:type\" content=\"article\" \/>\n<meta property=\"og:title\" content=\"Mondiaux tir sportif 2025 : Les Bleus sacr\u00e9s par \u00e9quipes \u00e0 la carabine 50 m\u00e8tres 3 positions !\" \/>\n<meta property=\"og:description\" content=\"CHAMPIONNATS DU MONDE DE TIR SPORTIF RIFLE\/PISTOL 2025 - Deuxi\u00e8me m\u00e9daille en or sur l&#039;\u00e9preuve de carabine 50 m\u00e8tres 3 positions par \u00e9quipes.\" \/>\n<meta property=\"og:url\" content=\"https:\/\/dicodusport.fr\/blog\/mondiaux-tir-sportif-2025-les-bleus-sacres-par-equipes-a-la-carabine-50-metres-3-positions\/\" \/>\n<meta property=\"og:site_name\" content=\"Dicodusport\" \/>\n<meta property=\"article:publisher\" content=\"https:\/\/www.facebook.com\/dicodusport\" \/>\n<meta property=\"article:author\" content=\"https:\/\/www.facebook.com\/sebastien.gente\/\" \/>\n<meta property=\"article:published_time\" content=\"2025-11-10T13:26:51+00:00\" \/>\n<meta property=\"og:image\" content=\"https:\/\/dicodusport.fr\/blog\/wp-content\/uploads\/2025\/11\/Mondiaux-tir-sportif-2025-Les-Bleus-sacres-par-equipes-a-la-carabine-50-metres-3-positions-.png\" \/>\n\t<meta property=\"og:image:width\" content=\"1200\" \/>\n\t<meta property=\"og:image:height\" content=\"674\" \/>\n\t<meta property=\"og:image:type\" content=\"image\/png\" \/>\n<meta name=\"author\" content=\"S\u00e9bastien Gente\" \/>\n<meta name=\"twitter:card\" content=\"summary_large_image\" \/>\n<meta name=\"twitter:title\" content=\"Mondiaux tir sportif 2025 : Les Bleus sacr\u00e9s par \u00e9quipes \u00e0 la carabine 50 m\u00e8tres 3 positions !\" \/>\n<meta name=\"twitter:creator\" content=\"@https:\/\/twitter.com\/globulo24\" \/>\n<meta name=\"twitter:site\" content=\"@dicodusport\" \/>\n<script type=\"application\/ld+json\" class=\"yoast-schema-graph\">{\"@context\":\"https:\/\/schema.org\",\"@graph\":[{\"@type\":\"NewsArticle\",\"@id\":\"https:\/\/dicodusport.fr\/blog\/mondiaux-tir-sportif-2025-les-bleus-sacres-par-equipes-a-la-carabine-50-metres-3-positions\/#article\",\"isPartOf\":{\"@id\":\"https:\/\/dicodusport.fr\/blog\/mondiaux-tir-sportif-2025-les-bleus-sacres-par-equipes-a-la-carabine-50-metres-3-positions\/\"},\"author\":{\"name\":\"S\u00e9bastien Gente\",\"@id\":\"https:\/\/dicodusport.fr\/blog\/#\/schema\/person\/627966a6cde45dbd8c5e36ac85d783da\"},\"headline\":\"Mondiaux tir sportif 2025 : Les Bleus sacr\u00e9s par \u00e9quipes \u00e0 la carabine 50 m\u00e8tres 3 positions !\",\"datePublished\":\"2025-11-10T13:26:51+00:00\",\"mainEntityOfPage\":{\"@id\":\"https:\/\/dicodusport.fr\/blog\/mondiaux-tir-sportif-2025-les-bleus-sacres-par-equipes-a-la-carabine-50-metres-3-positions\/\"},\"wordCount\":378,\"commentCount\":0,\"publisher\":{\"@id\":\"https:\/\/dicodusport.fr\/blog\/#organization\"},\"image\":{\"@id\":\"https:\/\/dicodusport.fr\/blog\/mondiaux-tir-sportif-2025-les-bleus-sacres-par-equipes-a-la-carabine-50-metres-3-positions\/#primaryimage\"},\"thumbnailUrl\":\"https:\/\/dicodusport.fr\/blog\/wp-content\/uploads\/2025\/11\/Mondiaux-tir-sportif-2025-Les-Bleus-sacres-par-equipes-a-la-carabine-50-metres-3-positions-.png\",\"keywords\":[\"br\u00e8ve\",\"Championnats du monde de tir sportif\",\"sport\"],\"articleSection\":[\"Tir\"],\"inLanguage\":\"fr-FR\",\"potentialAction\":[{\"@type\":\"CommentAction\",\"name\":\"Comment\",\"target\":[\"https:\/\/dicodusport.fr\/blog\/mondiaux-tir-sportif-2025-les-bleus-sacres-par-equipes-a-la-carabine-50-metres-3-positions\/#respond\"]}],\"copyrightYear\":\"2025\",\"copyrightHolder\":{\"@id\":\"https:\/\/dicodusport.fr\/blog\/#organization\"}},{\"@type\":\"WebPage\",\"@id\":\"https:\/\/dicodusport.fr\/blog\/mondiaux-tir-sportif-2025-les-bleus-sacres-par-equipes-a-la-carabine-50-metres-3-positions\/\",\"url\":\"https:\/\/dicodusport.fr\/blog\/mondiaux-tir-sportif-2025-les-bleus-sacres-par-equipes-a-la-carabine-50-metres-3-positions\/\",\"name\":\"Mondiaux tir sportif 2025 : Les Bleus sacr\u00e9s par \u00e9quipes \u00e0 la carabine 50 m\u00e8tres 3 positions !\",\"isPartOf\":{\"@id\":\"https:\/\/dicodusport.fr\/blog\/#website\"},\"primaryImageOfPage\":{\"@id\":\"https:\/\/dicodusport.fr\/blog\/mondiaux-tir-sportif-2025-les-bleus-sacres-par-equipes-a-la-carabine-50-metres-3-positions\/#primaryimage\"},\"image\":{\"@id\":\"https:\/\/dicodusport.fr\/blog\/mondiaux-tir-sportif-2025-les-bleus-sacres-par-equipes-a-la-carabine-50-metres-3-positions\/#primaryimage\"},\"thumbnailUrl\":\"https:\/\/dicodusport.fr\/blog\/wp-content\/uploads\/2025\/11\/Mondiaux-tir-sportif-2025-Les-Bleus-sacres-par-equipes-a-la-carabine-50-metres-3-positions-.png\",\"datePublished\":\"2025-11-10T13:26:51+00:00\",\"description\":\"CHAMPIONNATS DU MONDE DE TIR SPORTIF RIFLE\/PISTOL 2025 - Deuxi\u00e8me m\u00e9daille en or sur l'\u00e9preuve de carabine 50 m\u00e8tres 3 positions par \u00e9quipes.\",\"breadcrumb\":{\"@id\":\"https:\/\/dicodusport.fr\/blog\/mondiaux-tir-sportif-2025-les-bleus-sacres-par-equipes-a-la-carabine-50-metres-3-positions\/#breadcrumb\"},\"inLanguage\":\"fr-FR\",\"potentialAction\":[{\"@type\":\"ReadAction\",\"target\":[\"https:\/\/dicodusport.fr\/blog\/mondiaux-tir-sportif-2025-les-bleus-sacres-par-equipes-a-la-carabine-50-metres-3-positions\/\"]}]},{\"@type\":\"ImageObject\",\"inLanguage\":\"fr-FR\",\"@id\":\"https:\/\/dicodusport.fr\/blog\/mondiaux-tir-sportif-2025-les-bleus-sacres-par-equipes-a-la-carabine-50-metres-3-positions\/#primaryimage\",\"url\":\"https:\/\/dicodusport.fr\/blog\/wp-content\/uploads\/2025\/11\/Mondiaux-tir-sportif-2025-Les-Bleus-sacres-par-equipes-a-la-carabine-50-metres-3-positions-.png\",\"contentUrl\":\"https:\/\/dicodusport.fr\/blog\/wp-content\/uploads\/2025\/11\/Mondiaux-tir-sportif-2025-Les-Bleus-sacres-par-equipes-a-la-carabine-50-metres-3-positions-.png\",\"width\":1200,\"height\":674,\"caption\":\"Mondiaux tir sportif 2025 Les Bleus sacr\u00e9s par \u00e9quipes \u00e0 la carabine 50 m\u00e8tres 3 positions !\"},{\"@type\":\"BreadcrumbList\",\"@id\":\"https:\/\/dicodusport.fr\/blog\/mondiaux-tir-sportif-2025-les-bleus-sacres-par-equipes-a-la-carabine-50-metres-3-positions\/#breadcrumb\",\"itemListElement\":[{\"@type\":\"ListItem\",\"position\":1,\"name\":\"Accueil\",\"item\":\"https:\/\/dicodusport.fr\/blog\/\"},{\"@type\":\"ListItem\",\"position\":2,\"name\":\"Mondiaux tir sportif 2025 : Les Bleus sacr\u00e9s par \u00e9quipes \u00e0 la carabine 50 m\u00e8tres 3 positions !\"}]},{\"@type\":\"WebSite\",\"@id\":\"https:\/\/dicodusport.fr\/blog\/#website\",\"url\":\"https:\/\/dicodusport.fr\/blog\/\",\"name\":\"Dicodusport\",\"description\":\"L&#039;encyclop\u00e9die de l&#039;actualit\u00e9 sportive\",\"publisher\":{\"@id\":\"https:\/\/dicodusport.fr\/blog\/#organization\"},\"potentialAction\":[{\"@type\":\"SearchAction\",\"target\":{\"@type\":\"EntryPoint\",\"urlTemplate\":\"https:\/\/dicodusport.fr\/blog\/?s={search_term_string}\"},\"query-input\":{\"@type\":\"PropertyValueSpecification\",\"valueRequired\":true,\"valueName\":\"search_term_string\"}}],\"inLanguage\":\"fr-FR\"},{\"@type\":\"NewsMediaOrganization\",\"@id\":\"https:\/\/dicodusport.fr\/blog\/#organization\",\"name\":\"Dicodusport\",\"url\":\"https:\/\/dicodusport.fr\/blog\/\",\"logo\":{\"@type\":\"ImageObject\",\"inLanguage\":\"fr-FR\",\"@id\":\"https:\/\/dicodusport.fr\/blog\/#\/schema\/logo\/image\/\",\"url\":\"https:\/\/dicodusport.fr\/blog\/wp-content\/uploads\/2020\/06\/cropped-LOGO-DICODUSPORT-2020-SANS-FOND-SANS-TEXTE.png\",\"contentUrl\":\"https:\/\/dicodusport.fr\/blog\/wp-content\/uploads\/2020\/06\/cropped-LOGO-DICODUSPORT-2020-SANS-FOND-SANS-TEXTE.png\",\"width\":512,\"height\":512,\"caption\":\"Dicodusport\"},\"image\":{\"@id\":\"https:\/\/dicodusport.fr\/blog\/#\/schema\/logo\/image\/\"},\"sameAs\":[\"https:\/\/www.facebook.com\/dicodusport\",\"https:\/\/x.com\/dicodusport\",\"https:\/\/www.instagram.com\/dicodusport\/\",\"https:\/\/www.youtube.com\/channel\/UC7V2KZ5sd3htJivAbA4ZG3w\"],\"description\":\"Dicodusport est l'encyclop\u00e9die de l'actualit\u00e9 sportive.\",\"email\":\"bonjour@dicodusport.fr\",\"legalName\":\"DICODUSPORT\",\"foundingDate\":\"2018-01-14\",\"vatID\":\"FR71834470973\",\"taxID\":\"83447097300043\",\"numberOfEmployees\":{\"@type\":\"QuantitativeValue\",\"minValue\":\"1\",\"maxValue\":\"10\"}},{\"@type\":\"Person\",\"@id\":\"https:\/\/dicodusport.fr\/blog\/#\/schema\/person\/627966a6cde45dbd8c5e36ac85d783da\",\"name\":\"S\u00e9bastien Gente\",\"image\":{\"@type\":\"ImageObject\",\"inLanguage\":\"fr-FR\",\"@id\":\"https:\/\/dicodusport.fr\/blog\/#\/schema\/person\/image\/\",\"url\":\"https:\/\/dicodusport.fr\/blog\/wp-content\/uploads\/2021\/09\/1510990_10205810251400683_4124423575079401707_n-150x150.jpg\",\"contentUrl\":\"https:\/\/dicodusport.fr\/blog\/wp-content\/uploads\/2021\/09\/1510990_10205810251400683_4124423575079401707_n-150x150.jpg\",\"caption\":\"S\u00e9bastien Gente\"},\"description\":\"John Stockton, Gianni Bugno, Zinedine Zidane, Steffi Graf, Frode Andresen, St\u00e9phane Stoecklin, Davis Kamoga, Primoz Peterka, Werner Schlager et Aur\u00e9lien Rougerie. Point commun entre ces sportifs? Ils m'ont fait r\u00eaver et ont berc\u00e9 mon adolescence. Je suis un fondu de sports et j'essaie de retranscrire ma passion \u00e0 travers mes articles. Originaire du P\u00e9rigord, ma passion pour les Girondins, les Jaunards et les Jazzmen transpire dans mes \u00e9crits. \u00c0 Dicodusport depuis 2021, je d\u00e9niche les sports m\u00e9connus dans lesquels la France brille, et il y en a !\",\"sameAs\":[\"https:\/\/www.facebook.com\/sebastien.gente\/\",\"https:\/\/www.instagram.com\/sebgente\/\",\"https:\/\/www.linkedin.com\/in\/sbastien-gente-a29583169\/\",\"https:\/\/x.com\/https:\/\/twitter.com\/globulo24\",\"SebastienGente\"],\"worksFor\":\"S\u00e9bastien GENTE\",\"url\":\"https:\/\/dicodusport.fr\/blog\/author\/sebastiengente\/\"}]}<\/script>\n<!-- \/ Yoast SEO Premium plugin. -->","yoast_head_json":{"title":"Mondiaux tir sportif 2025 : Les Bleus sacr\u00e9s par \u00e9quipes \u00e0 la carabine 50 m\u00e8tres 3 positions !","description":"CHAMPIONNATS DU MONDE DE TIR SPORTIF RIFLE\/PISTOL 2025 - Deuxi\u00e8me m\u00e9daille en or sur l'\u00e9preuve de carabine 50 m\u00e8tres 3 positions par \u00e9quipes.","robots":{"index":"index","follow":"follow","max-snippet":"max-snippet:-1","max-image-preview":"max-image-preview:large","max-video-preview":"max-video-preview:-1"},"canonical":"https:\/\/dicodusport.fr\/blog\/mondiaux-tir-sportif-2025-les-bleus-sacres-par-equipes-a-la-carabine-50-metres-3-positions\/","og_locale":"fr_FR","og_type":"article","og_title":"Mondiaux tir sportif 2025 : Les Bleus sacr\u00e9s par \u00e9quipes \u00e0 la carabine 50 m\u00e8tres 3 positions !","og_description":"CHAMPIONNATS DU MONDE DE TIR SPORTIF RIFLE\/PISTOL 2025 - Deuxi\u00e8me m\u00e9daille en or sur l'\u00e9preuve de carabine 50 m\u00e8tres 3 positions par \u00e9quipes.","og_url":"https:\/\/dicodusport.fr\/blog\/mondiaux-tir-sportif-2025-les-bleus-sacres-par-equipes-a-la-carabine-50-metres-3-positions\/","og_site_name":"Dicodusport","article_publisher":"https:\/\/www.facebook.com\/dicodusport","article_author":"https:\/\/www.facebook.com\/sebastien.gente\/","article_published_time":"2025-11-10T13:26:51+00:00","og_image":[{"width":1200,"height":674,"url":"https:\/\/dicodusport.fr\/blog\/wp-content\/uploads\/2025\/11\/Mondiaux-tir-sportif-2025-Les-Bleus-sacres-par-equipes-a-la-carabine-50-metres-3-positions-.png","type":"image\/png"}],"author":"S\u00e9bastien Gente","twitter_card":"summary_large_image","twitter_title":"Mondiaux tir sportif 2025 : Les Bleus sacr\u00e9s par \u00e9quipes \u00e0 la carabine 50 m\u00e8tres 3 positions !","twitter_creator":"@https:\/\/twitter.com\/globulo24","twitter_site":"@dicodusport","schema":{"@context":"https:\/\/schema.org","@graph":[{"@type":"NewsArticle","@id":"https:\/\/dicodusport.fr\/blog\/mondiaux-tir-sportif-2025-les-bleus-sacres-par-equipes-a-la-carabine-50-metres-3-positions\/#article","isPartOf":{"@id":"https:\/\/dicodusport.fr\/blog\/mondiaux-tir-sportif-2025-les-bleus-sacres-par-equipes-a-la-carabine-50-metres-3-positions\/"},"author":{"name":"S\u00e9bastien Gente","@id":"https:\/\/dicodusport.fr\/blog\/#\/schema\/person\/627966a6cde45dbd8c5e36ac85d783da"},"headline":"Mondiaux tir sportif 2025 : Les Bleus sacr\u00e9s par \u00e9quipes \u00e0 la carabine 50 m\u00e8tres 3 positions !","datePublished":"2025-11-10T13:26:51+00:00","mainEntityOfPage":{"@id":"https:\/\/dicodusport.fr\/blog\/mondiaux-tir-sportif-2025-les-bleus-sacres-par-equipes-a-la-carabine-50-metres-3-positions\/"},"wordCount":378,"commentCount":0,"publisher":{"@id":"https:\/\/dicodusport.fr\/blog\/#organization"},"image":{"@id":"https:\/\/dicodusport.fr\/blog\/mondiaux-tir-sportif-2025-les-bleus-sacres-par-equipes-a-la-carabine-50-metres-3-positions\/#primaryimage"},"thumbnailUrl":"https:\/\/dicodusport.fr\/blog\/wp-content\/uploads\/2025\/11\/Mondiaux-tir-sportif-2025-Les-Bleus-sacres-par-equipes-a-la-carabine-50-metres-3-positions-.png","keywords":["br\u00e8ve","Championnats du monde de tir sportif","sport"],"articleSection":["Tir"],"inLanguage":"fr-FR","potentialAction":[{"@type":"CommentAction","name":"Comment","target":["https:\/\/dicodusport.fr\/blog\/mondiaux-tir-sportif-2025-les-bleus-sacres-par-equipes-a-la-carabine-50-metres-3-positions\/#respond"]}],"copyrightYear":"2025","copyrightHolder":{"@id":"https:\/\/dicodusport.fr\/blog\/#organization"}},{"@type":"WebPage","@id":"https:\/\/dicodusport.fr\/blog\/mondiaux-tir-sportif-2025-les-bleus-sacres-par-equipes-a-la-carabine-50-metres-3-positions\/","url":"https:\/\/dicodusport.fr\/blog\/mondiaux-tir-sportif-2025-les-bleus-sacres-par-equipes-a-la-carabine-50-metres-3-positions\/","name":"Mondiaux tir sportif 2025 : Les Bleus sacr\u00e9s par \u00e9quipes \u00e0 la carabine 50 m\u00e8tres 3 positions !","isPartOf":{"@id":"https:\/\/dicodusport.fr\/blog\/#website"},"primaryImageOfPage":{"@id":"https:\/\/dicodusport.fr\/blog\/mondiaux-tir-sportif-2025-les-bleus-sacres-par-equipes-a-la-carabine-50-metres-3-positions\/#primaryimage"},"image":{"@id":"https:\/\/dicodusport.fr\/blog\/mondiaux-tir-sportif-2025-les-bleus-sacres-par-equipes-a-la-carabine-50-metres-3-positions\/#primaryimage"},"thumbnailUrl":"https:\/\/dicodusport.fr\/blog\/wp-content\/uploads\/2025\/11\/Mondiaux-tir-sportif-2025-Les-Bleus-sacres-par-equipes-a-la-carabine-50-metres-3-positions-.png","datePublished":"2025-11-10T13:26:51+00:00","description":"CHAMPIONNATS DU MONDE DE TIR SPORTIF RIFLE\/PISTOL 2025 - Deuxi\u00e8me m\u00e9daille en or sur l'\u00e9preuve de carabine 50 m\u00e8tres 3 positions par \u00e9quipes.","breadcrumb":{"@id":"https:\/\/dicodusport.fr\/blog\/mondiaux-tir-sportif-2025-les-bleus-sacres-par-equipes-a-la-carabine-50-metres-3-positions\/#breadcrumb"},"inLanguage":"fr-FR","potentialAction":[{"@type":"ReadAction","target":["https:\/\/dicodusport.fr\/blog\/mondiaux-tir-sportif-2025-les-bleus-sacres-par-equipes-a-la-carabine-50-metres-3-positions\/"]}]},{"@type":"ImageObject","inLanguage":"fr-FR","@id":"https:\/\/dicodusport.fr\/blog\/mondiaux-tir-sportif-2025-les-bleus-sacres-par-equipes-a-la-carabine-50-metres-3-positions\/#primaryimage","url":"https:\/\/dicodusport.fr\/blog\/wp-content\/uploads\/2025\/11\/Mondiaux-tir-sportif-2025-Les-Bleus-sacres-par-equipes-a-la-carabine-50-metres-3-positions-.png","contentUrl":"https:\/\/dicodusport.fr\/blog\/wp-content\/uploads\/2025\/11\/Mondiaux-tir-sportif-2025-Les-Bleus-sacres-par-equipes-a-la-carabine-50-metres-3-positions-.png","width":1200,"height":674,"caption":"Mondiaux tir sportif 2025 Les Bleus sacr\u00e9s par \u00e9quipes \u00e0 la carabine 50 m\u00e8tres 3 positions !"},{"@type":"BreadcrumbList","@id":"https:\/\/dicodusport.fr\/blog\/mondiaux-tir-sportif-2025-les-bleus-sacres-par-equipes-a-la-carabine-50-metres-3-positions\/#breadcrumb","itemListElement":[{"@type":"ListItem","position":1,"name":"Accueil","item":"https:\/\/dicodusport.fr\/blog\/"},{"@type":"ListItem","position":2,"name":"Mondiaux tir sportif 2025 : Les Bleus sacr\u00e9s par \u00e9quipes \u00e0 la carabine 50 m\u00e8tres 3 positions !"}]},{"@type":"WebSite","@id":"https:\/\/dicodusport.fr\/blog\/#website","url":"https:\/\/dicodusport.fr\/blog\/","name":"Dicodusport","description":"L&#039;encyclop\u00e9die de l&#039;actualit\u00e9 sportive","publisher":{"@id":"https:\/\/dicodusport.fr\/blog\/#organization"},"potentialAction":[{"@type":"SearchAction","target":{"@type":"EntryPoint","urlTemplate":"https:\/\/dicodusport.fr\/blog\/?s={search_term_string}"},"query-input":{"@type":"PropertyValueSpecification","valueRequired":true,"valueName":"search_term_string"}}],"inLanguage":"fr-FR"},{"@type":"NewsMediaOrganization","@id":"https:\/\/dicodusport.fr\/blog\/#organization","name":"Dicodusport","url":"https:\/\/dicodusport.fr\/blog\/","logo":{"@type":"ImageObject","inLanguage":"fr-FR","@id":"https:\/\/dicodusport.fr\/blog\/#\/schema\/logo\/image\/","url":"https:\/\/dicodusport.fr\/blog\/wp-content\/uploads\/2020\/06\/cropped-LOGO-DICODUSPORT-2020-SANS-FOND-SANS-TEXTE.png","contentUrl":"https:\/\/dicodusport.fr\/blog\/wp-content\/uploads\/2020\/06\/cropped-LOGO-DICODUSPORT-2020-SANS-FOND-SANS-TEXTE.png","width":512,"height":512,"caption":"Dicodusport"},"image":{"@id":"https:\/\/dicodusport.fr\/blog\/#\/schema\/logo\/image\/"},"sameAs":["https:\/\/www.facebook.com\/dicodusport","https:\/\/x.com\/dicodusport","https:\/\/www.instagram.com\/dicodusport\/","https:\/\/www.youtube.com\/channel\/UC7V2KZ5sd3htJivAbA4ZG3w"],"description":"Dicodusport est l'encyclop\u00e9die de l'actualit\u00e9 sportive.","email":"bonjour@dicodusport.fr","legalName":"DICODUSPORT","foundingDate":"2018-01-14","vatID":"FR71834470973","taxID":"83447097300043","numberOfEmployees":{"@type":"QuantitativeValue","minValue":"1","maxValue":"10"}},{"@type":"Person","@id":"https:\/\/dicodusport.fr\/blog\/#\/schema\/person\/627966a6cde45dbd8c5e36ac85d783da","name":"S\u00e9bastien Gente","image":{"@type":"ImageObject","inLanguage":"fr-FR","@id":"https:\/\/dicodusport.fr\/blog\/#\/schema\/person\/image\/","url":"https:\/\/dicodusport.fr\/blog\/wp-content\/uploads\/2021\/09\/1510990_10205810251400683_4124423575079401707_n-150x150.jpg","contentUrl":"https:\/\/dicodusport.fr\/blog\/wp-content\/uploads\/2021\/09\/1510990_10205810251400683_4124423575079401707_n-150x150.jpg","caption":"S\u00e9bastien Gente"},"description":"John Stockton, Gianni Bugno, Zinedine Zidane, Steffi Graf, Frode Andresen, St\u00e9phane Stoecklin, Davis Kamoga, Primoz Peterka, Werner Schlager et Aur\u00e9lien Rougerie. Point commun entre ces sportifs? Ils m'ont fait r\u00eaver et ont berc\u00e9 mon adolescence. Je suis un fondu de sports et j'essaie de retranscrire ma passion \u00e0 travers mes articles. Originaire du P\u00e9rigord, ma passion pour les Girondins, les Jaunards et les Jazzmen transpire dans mes \u00e9crits. \u00c0 Dicodusport depuis 2021, je d\u00e9niche les sports m\u00e9connus dans lesquels la France brille, et il y en a !","sameAs":["https:\/\/www.facebook.com\/sebastien.gente\/","https:\/\/www.instagram.com\/sebgente\/","https:\/\/www.linkedin.com\/in\/sbastien-gente-a29583169\/","https:\/\/x.com\/https:\/\/twitter.com\/globulo24","SebastienGente"],"worksFor":"S\u00e9bastien GENTE","url":"https:\/\/dicodusport.fr\/blog\/author\/sebastiengente\/"}]}},"_links":{"self":[{"href":"https:\/\/dicodusport.fr\/blog\/wp-json\/wp\/v2\/posts\/625045","targetHints":{"allow":["GET"]}}],"collection":[{"href":"https:\/\/dicodusport.fr\/blog\/wp-json\/wp\/v2\/posts"}],"about":[{"href":"https:\/\/dicodusport.fr\/blog\/wp-json\/wp\/v2\/types\/post"}],"author":[{"embeddable":true,"href":"https:\/\/dicodusport.fr\/blog\/wp-json\/wp\/v2\/users\/59"}],"replies":[{"embeddable":true,"href":"https:\/\/dicodusport.fr\/blog\/wp-json\/wp\/v2\/comments?post=625045"}],"version-history":[{"count":1,"href":"https:\/\/dicodusport.fr\/blog\/wp-json\/wp\/v2\/posts\/625045\/revisions"}],"predecessor-version":[{"id":625047,"href":"https:\/\/dicodusport.fr\/blog\/wp-json\/wp\/v2\/posts\/625045\/revisions\/625047"}],"wp:featuredmedia":[{"embeddable":true,"href":"https:\/\/dicodusport.fr\/blog\/wp-json\/wp\/v2\/media\/625046"}],"wp:attachment":[{"href":"https:\/\/dicodusport.fr\/blog\/wp-json\/wp\/v2\/media?parent=625045"}],"wp:term":[{"taxonomy":"category","embeddable":true,"href":"https:\/\/dicodusport.fr\/blog\/wp-json\/wp\/v2\/categories?post=625045"},{"taxonomy":"post_tag","embeddable":true,"href":"https:\/\/dicodusport.fr\/blog\/wp-json\/wp\/v2\/tags?post=625045"}],"curies":[{"name":"wp","href":"https:\/\/api.w.org\/{rel}","templated":true}]}}