{"id":625127,"date":"2025-11-12T11:15:33","date_gmt":"2025-11-12T10:15:33","guid":{"rendered":"https:\/\/dicodusport.fr\/blog\/?p=625127&#038;preview=true&#038;preview_id=625127"},"modified":"2025-11-12T11:16:05","modified_gmt":"2025-11-12T10:16:05","slug":"vauquelin-godon-cosnefroy-pourquoi-les-coureurs-francais-quittent-lhexagone","status":"publish","type":"post","link":"https:\/\/dicodusport.fr\/blog\/vauquelin-godon-cosnefroy-pourquoi-les-coureurs-francais-quittent-lhexagone\/","title":{"rendered":"Vauquelin, Godon, Cosnefroy\u2026 pourquoi les coureurs fran\u00e7ais quittent l\u2019Hexagone ?"},"content":{"rendered":"<p style=\"text-align: justify;\"><strong><em>CYCLISME SUR ROUTE \u2013 \u00c0 l\u2019heure de la transformation du cyclisme fran\u00e7ais, les meilleurs coureurs tricolores c\u00e8dent \u00e0 l\u2019appel des \u00e9quipes WorldTour \u00e9trang\u00e8res. Mais pour quel r\u00f4le exactement ?<\/em><\/strong><\/p>\n<p style=\"text-align: justify;\">Le march\u00e9 des transferts n\u2019est pas encore clos, et le record est d\u00e9j\u00e0 battu. Pour la saison 2026, pas moins de 21 Fran\u00e7ais \u00e9volueront au sein d\u2019\u00e9quipes WorldTour hors de l\u2019Hexagone, dont huit nouveaux venus.<\/p>\n<ul>\n<li style=\"text-align: justify;\"><strong>\u00c0 ce sujet \u2013 <a href=\"https:\/\/dicodusport.fr\/blog\/cyclisme-mercato-2025-2026-le-tableau-des-transferts\/\">Cyclisme Mercato 2025-2026 : le tableau des transferts<\/a><\/strong><\/li>\n<\/ul>\n<h2 style=\"text-align: justify;\">Vauquelin, Godon et Cosnefroy font leurs valises<\/h2>\n<p style=\"text-align: justify;\">La tendance est claire : c\u2019est d\u00e9sormais l\u2019\u00e9lite du cyclisme fran\u00e7ais qui s\u2019exporte. En 2025, <a href=\"https:\/\/dicodusport.fr\/blog\/tag\/lenny-martinez\/\"><strong>Lenny Martinez<\/strong><\/a> (Bahrain Victorious) avait d\u00e9j\u00e0 ouvert la voie, rejoignant une liste o\u00f9 figuraient d\u00e9j\u00e0 <strong>Christophe Laporte<\/strong>, pionnier avec son d\u00e9part chez Visma Lease a Bike en 2022, mais aussi <strong>Axel Zingle<\/strong>, <strong>Axel Laurance<\/strong> ou encore <a href=\"https:\/\/dicodusport.fr\/blog\/tag\/paul-magnier\/\"><strong>Paul Magnier<\/strong><\/a>. Ce dernier, devenu l\u2019un des meilleurs sprinteurs du monde \u00e0 seulement 21 ans, a d\u2019ailleurs r\u00e9alis\u00e9, jusqu&rsquo;\u00e0 pr\u00e9sent, toute sa carri\u00e8re professionnelle \u00e0 l\u2019\u00e9tranger.<\/p>\n<p style=\"text-align: justify;\">Ce contingent d\u00e9j\u00e0 fourni va encore s\u2019\u00e9toffer en 2026 avec de v\u00e9ritables s\u00e9ismes dans le peloton tricolore. <a href=\"https:\/\/dicodusport.fr\/blog\/transferts-cyclisme-dorian-godon-signe-chez-une-grosse-equipe-etrangere\/\"><strong>INEOS Grenadiers<\/strong> a enr\u00f4l\u00e9 le champion de France <strong>Dorian Godon<\/strong><\/a> ainsi que le 7<sup>e<\/sup> du dernier Tour de France, <a href=\"https:\/\/dicodusport.fr\/blog\/transferts-cyclisme-kevin-vauquelin-signe-dans-une-equipe-etrangere\/\"><strong>K\u00e9vin Vauquelin<\/strong><\/a>. <a href=\"https:\/\/dicodusport.fr\/blog\/bruno-armirail-visma-lease-a-bike-est-venu-me-chercher\/\"><strong>Bruno Armirail<\/strong> rejoindra pour sa part Visma Lease a Bike<\/a>, tandis que <strong>Beno\u00eet Cosnefroy<\/strong> a cr\u00e9\u00e9 la surprise <a href=\"https:\/\/dicodusport.fr\/blog\/je-nai-pas-hesite-une-demi-seconde-benoit-cosnefroy-savoure-sa-signature-chez-uae-team-emirates-xrg\/\">en signant chez les ogres de <strong>UAE Team Emirates \u2013 XRG<\/strong><\/a>.<\/p>\n<div class=\"vlp-link-container vlp-layout-article\"><a href=\"https:\/\/dicodusport.fr\/blog\/benoit-cosnefroy-chez-uae-team-emirates-xrg-mais-pourquoi-faire\/\" class=\"vlp-link\" title=\"Beno\u00eet Cosnefroy chez UAE Team Emirates XRG, mais pourquoi faire ?\"><\/a><div class=\"vlp-layout-zone-side\"><div class=\"vlp-block-4 vlp-link-image\"><img loading=\"lazy\" decoding=\"async\" style=\"max-width: 792px;\" width=\"792\" height=\"445\" src=\"https:\/\/dicodusport.fr\/blog\/wp-content\/uploads\/2025\/10\/Benoit-Cosnefroy-chez-UAE-Team-Emirates-XRG-mais-pourquoi-faire-.png\" class=\"attachment-800x445 size-800x445\" alt=\"Beno\u00eet Cosnefroy chez UAE Team Emirates XRG, mais pourquoi faire\" srcset=\"https:\/\/dicodusport.fr\/blog\/wp-content\/uploads\/2025\/10\/Benoit-Cosnefroy-chez-UAE-Team-Emirates-XRG-mais-pourquoi-faire-.png 1200w, https:\/\/dicodusport.fr\/blog\/wp-content\/uploads\/2025\/10\/Benoit-Cosnefroy-chez-UAE-Team-Emirates-XRG-mais-pourquoi-faire--300x169.png 300w, https:\/\/dicodusport.fr\/blog\/wp-content\/uploads\/2025\/10\/Benoit-Cosnefroy-chez-UAE-Team-Emirates-XRG-mais-pourquoi-faire--1024x575.png 1024w, https:\/\/dicodusport.fr\/blog\/wp-content\/uploads\/2025\/10\/Benoit-Cosnefroy-chez-UAE-Team-Emirates-XRG-mais-pourquoi-faire--768x431.png 768w\" sizes=\"auto, (max-width: 792px) 100vw, 792px\" \/><\/div><\/div><div class=\"vlp-layout-zone-main\"><div class=\"vlp-block-0 vlp-link-title\">Beno\u00eet Cosnefroy chez UAE Team Emirates XRG, mais pourquoi faire ?<\/div><div class=\"vlp-block-1 vlp-link-summary\">Beno\u00eet Cosnefroy rejoint UAE Team Emirates XRG, tournant majeur pour le puncheur fran\u00e7ais et symbole de l\u2019attrait des grandes \u00e9quipes \u00e9trang\u00e8res.<\/div><div class=\"vlp-block-2 vlp-link-button\">Lire l'article<\/div><div class=\"vlp-block-3 vlp-link-url\">dicodusport.fr<\/div><\/div><\/div>\n<h2 style=\"text-align: justify;\">Le cyclisme fran\u00e7ais en perte de vitesse ?<\/h2>\n<p style=\"text-align: justify;\">Comment expliquer un tel exode ? D\u00e9sormais, seuls <strong>Romain Gr\u00e9goire<\/strong> et <a href=\"https:\/\/dicodusport.fr\/blog\/quel-paul-seixas-verra-t-on-en-2026\/\"><strong>Paul Seixas<\/strong><\/a> font figure de locomotives au sein d\u2019\u00e9quipes fran\u00e7aises. La disparition d\u2019<strong>Ark\u00e9a-B&amp;B H\u00f4tels<\/strong> a laiss\u00e9 nombre de coureurs sans point de chute, les poussant \u00e0 s\u2019expatrier. <strong>K\u00e9vin Vauquelin<\/strong>, notamment, avait anticip\u00e9 cette situation depuis plusieurs mois.<\/p>\n<p style=\"text-align: justify;\">S\u2019ajoutent \u00e0 cela des raisons structurelles : l\u2019internationalisation de <strong>Decathlon CMA CGM<\/strong>, qui s\u2019est s\u00e9par\u00e9e de plusieurs talents fran\u00e7ais, ou encore les restrictions budg\u00e9taires de <strong>Groupama-FDJ<\/strong>, qui limitent les opportunit\u00e9s pour les leaders tricolores. Quant \u00e0 <strong>Cofidis<\/strong>, rel\u00e9gu\u00e9e en deuxi\u00e8me division, son image \u00e9corn\u00e9e n\u2019attire plus autant qu\u2019avant.<\/p>\n<div class=\"vlp-link-container vlp-layout-article\"><a href=\"https:\/\/dicodusport.fr\/blog\/transferts-cyclisme-decathlon-officialise-11-departs-dont-victor-lafay\/\" class=\"vlp-link\" title=\"Transferts Cyclisme : Decathlon officialise 11 d\u00e9parts, dont Victor Lafay\"><\/a><div class=\"vlp-layout-zone-side\"><div class=\"vlp-block-4 vlp-link-image\"><img loading=\"lazy\" decoding=\"async\" style=\"max-width: 792px;\" width=\"792\" height=\"445\" src=\"https:\/\/dicodusport.fr\/blog\/wp-content\/uploads\/2025\/10\/Transferts-Cyclisme-Decathlon-officialise-11-departs-dont-Victor-Lafay.png\" class=\"attachment-800x445 size-800x445\" alt=\"Transferts Cyclisme Decathlon officialise 11 d\u00e9parts, dont Victor Lafay\" srcset=\"https:\/\/dicodusport.fr\/blog\/wp-content\/uploads\/2025\/10\/Transferts-Cyclisme-Decathlon-officialise-11-departs-dont-Victor-Lafay.png 1200w, https:\/\/dicodusport.fr\/blog\/wp-content\/uploads\/2025\/10\/Transferts-Cyclisme-Decathlon-officialise-11-departs-dont-Victor-Lafay-300x169.png 300w, https:\/\/dicodusport.fr\/blog\/wp-content\/uploads\/2025\/10\/Transferts-Cyclisme-Decathlon-officialise-11-departs-dont-Victor-Lafay-1024x575.png 1024w, https:\/\/dicodusport.fr\/blog\/wp-content\/uploads\/2025\/10\/Transferts-Cyclisme-Decathlon-officialise-11-departs-dont-Victor-Lafay-768x431.png 768w\" sizes=\"auto, (max-width: 792px) 100vw, 792px\" \/><\/div><\/div><div class=\"vlp-layout-zone-main\"><div class=\"vlp-block-0 vlp-link-title\">Transferts Cyclisme : Decathlon officialise 11 d\u00e9parts, dont Victor Lafay<\/div><div class=\"vlp-block-1 vlp-link-summary\">TRANSFERTS CYCLISME - La fin de saison sur route a sonn\u00e9 dans le peloton. Apr\u00e8s un recrutement international de haut vol, D\u00e9cathlon-AG2R La Mondiale a annonc\u00e9 le d\u00e9part de 11 coureurs pour la saison 2026, dont Victor Lafay.<\/div><div class=\"vlp-block-2 vlp-link-button\">Lire l'article<\/div><div class=\"vlp-block-3 vlp-link-url\">dicodusport.fr<\/div><\/div><\/div>\n<h2 style=\"text-align: justify;\">De nouveaux d\u00e9fis \u00e0 relever<\/h2>\n<p style=\"text-align: justify;\">L\u2019exemple de <a href=\"https:\/\/dicodusport.fr\/blog\/transferts-julian-alaphilippe-a-choisi-sa-nouvelle-equipe\/\"><strong>Julian Alaphilippe<\/strong><\/a>, double champion du monde et r\u00e9f\u00e9rence \u00e0 l\u2019\u00e9tranger, a inspir\u00e9 toute une g\u00e9n\u00e9ration. Dans une moindre mesure, les r\u00e9ussites de <strong>Christophe Laporte<\/strong> chez Visma et de <strong>Paul Magnier<\/strong> l\u2019an pass\u00e9 nourrissent aussi cette envie de s\u2019exporter pour progresser.<\/p>\n<p style=\"text-align: justify;\">Reste que tous ne deviendront pas des leaders. Pour <strong>Beno\u00eet Cosnefroy<\/strong>, par exemple, la concurrence sera rude chez les \u00c9miratis, et son r\u00f4le exact demeure \u00e0 d\u00e9finir. Tous devront aussi s\u2019adapter \u00e0 une nouvelle culture et \u00e0 d\u2019autres m\u00e9thodes de travail \u2013 un d\u00e9fi exigeant, mais pas insurmontable.<\/p>\n","protected":false},"excerpt":{"rendered":"<p>\u00c0 l\u2019heure de la transformation du cyclisme fran\u00e7ais, les meilleurs coureurs tricolores c\u00e8dent \u00e0 l\u2019appel des \u00e9quipes WorldTour \u00e9trang\u00e8res. Mais pour quel r\u00f4le exactement ?<\/p>\n","protected":false},"author":92,"featured_media":625179,"comment_status":"open","ping_status":"closed","sticky":false,"template":"","format":"standard","meta":{"_acf_changed":false,"_daextam_enable_autolinks":"1","footnotes":""},"categories":[46994],"tags":[32415,3119,16878,574,11197],"class_list":["post-625127","post","type-post","status-publish","format-standard","has-post-thumbnail","hentry","category-cyclisme-sur-route","tag-actu","tag-actualite-cyclisme","tag-breve","tag-cyclisme","tag-cyclisme-sur-route"],"acf":[],"yoast_head":"<!-- This site is optimized with the Yoast SEO Premium plugin v26.7 (Yoast SEO v26.7) - https:\/\/yoast.com\/wordpress\/plugins\/seo\/ -->\n<title>Vauquelin, Godon, Cosnefroy\u2026 pourquoi les coureurs fran\u00e7ais quittent l\u2019Hexagone ?<\/title>\n<meta name=\"description\" content=\"CYCLISME SUR ROUTE - Les meilleurs coureurs fran\u00e7ais c\u00e8dent \u00e0 l&#039;appel des \u00e9quipes World Tour \u00e9trang\u00e8res. Mais pour quel r\u00f4le exactement ?\" \/>\n<meta name=\"robots\" content=\"index, follow, max-snippet:-1, max-image-preview:large, max-video-preview:-1\" \/>\n<link rel=\"canonical\" href=\"https:\/\/dicodusport.fr\/blog\/vauquelin-godon-cosnefroy-pourquoi-les-coureurs-francais-quittent-lhexagone\/\" \/>\n<meta property=\"og:locale\" content=\"fr_FR\" \/>\n<meta property=\"og:type\" content=\"article\" \/>\n<meta property=\"og:title\" content=\"Vauquelin, Godon, Cosnefroy\u2026 pourquoi les coureurs fran\u00e7ais quittent l\u2019Hexagone ?\" \/>\n<meta property=\"og:description\" content=\"CYCLISME SUR ROUTE - Les meilleurs coureurs fran\u00e7ais c\u00e8dent \u00e0 l&#039;appel des \u00e9quipes World Tour \u00e9trang\u00e8res. Mais pour quel r\u00f4le exactement ?\" \/>\n<meta property=\"og:url\" content=\"https:\/\/dicodusport.fr\/blog\/vauquelin-godon-cosnefroy-pourquoi-les-coureurs-francais-quittent-lhexagone\/\" \/>\n<meta property=\"og:site_name\" content=\"Dicodusport\" \/>\n<meta property=\"article:publisher\" content=\"https:\/\/www.facebook.com\/dicodusport\" \/>\n<meta property=\"article:published_time\" content=\"2025-11-12T10:15:33+00:00\" \/>\n<meta property=\"article:modified_time\" content=\"2025-11-12T10:16:05+00:00\" \/>\n<meta property=\"og:image\" content=\"https:\/\/dicodusport.fr\/blog\/wp-content\/uploads\/2025\/11\/Vauquelin-Godon-Cosnefroy-pourquoi-les-coureurs-francais-quittent-lHexagone-.png\" \/>\n\t<meta property=\"og:image:width\" content=\"1200\" \/>\n\t<meta property=\"og:image:height\" content=\"674\" \/>\n\t<meta property=\"og:image:type\" content=\"image\/png\" \/>\n<meta name=\"author\" content=\"Olivier Dobiezynski\" \/>\n<meta name=\"twitter:card\" content=\"summary_large_image\" \/>\n<meta name=\"twitter:title\" content=\"Vauquelin, Godon, Cosnefroy\u2026 pourquoi les coureurs fran\u00e7ais quittent l\u2019Hexagone ?\" \/>\n<meta name=\"twitter:creator\" content=\"@https:\/\/x.com\/Olivier_Matros\" \/>\n<meta name=\"twitter:site\" content=\"@dicodusport\" \/>\n<script type=\"application\/ld+json\" class=\"yoast-schema-graph\">{\"@context\":\"https:\/\/schema.org\",\"@graph\":[{\"@type\":\"NewsArticle\",\"@id\":\"https:\/\/dicodusport.fr\/blog\/vauquelin-godon-cosnefroy-pourquoi-les-coureurs-francais-quittent-lhexagone\/#article\",\"isPartOf\":{\"@id\":\"https:\/\/dicodusport.fr\/blog\/vauquelin-godon-cosnefroy-pourquoi-les-coureurs-francais-quittent-lhexagone\/\"},\"author\":{\"name\":\"Olivier Dobiezynski\",\"@id\":\"https:\/\/dicodusport.fr\/blog\/#\/schema\/person\/fe500246414ca17ddf0c0312d7a792cc\"},\"headline\":\"Vauquelin, Godon, Cosnefroy\u2026 pourquoi les coureurs fran\u00e7ais quittent l\u2019Hexagone ?\",\"datePublished\":\"2025-11-12T10:15:33+00:00\",\"dateModified\":\"2025-11-12T10:16:05+00:00\",\"mainEntityOfPage\":{\"@id\":\"https:\/\/dicodusport.fr\/blog\/vauquelin-godon-cosnefroy-pourquoi-les-coureurs-francais-quittent-lhexagone\/\"},\"wordCount\":658,\"commentCount\":0,\"publisher\":{\"@id\":\"https:\/\/dicodusport.fr\/blog\/#organization\"},\"image\":{\"@id\":\"https:\/\/dicodusport.fr\/blog\/vauquelin-godon-cosnefroy-pourquoi-les-coureurs-francais-quittent-lhexagone\/#primaryimage\"},\"thumbnailUrl\":\"https:\/\/dicodusport.fr\/blog\/wp-content\/uploads\/2025\/11\/Vauquelin-Godon-Cosnefroy-pourquoi-les-coureurs-francais-quittent-lHexagone-.png\",\"keywords\":[\"actu\",\"Actualit\u00e9 Cyclisme\",\"br\u00e8ve\",\"Cyclisme\",\"Cyclisme sur route\"],\"articleSection\":[\"Cyclisme sur route\"],\"inLanguage\":\"fr-FR\",\"potentialAction\":[{\"@type\":\"CommentAction\",\"name\":\"Comment\",\"target\":[\"https:\/\/dicodusport.fr\/blog\/vauquelin-godon-cosnefroy-pourquoi-les-coureurs-francais-quittent-lhexagone\/#respond\"]}],\"copyrightYear\":\"2025\",\"copyrightHolder\":{\"@id\":\"https:\/\/dicodusport.fr\/blog\/#organization\"}},{\"@type\":\"WebPage\",\"@id\":\"https:\/\/dicodusport.fr\/blog\/vauquelin-godon-cosnefroy-pourquoi-les-coureurs-francais-quittent-lhexagone\/\",\"url\":\"https:\/\/dicodusport.fr\/blog\/vauquelin-godon-cosnefroy-pourquoi-les-coureurs-francais-quittent-lhexagone\/\",\"name\":\"Vauquelin, Godon, Cosnefroy\u2026 pourquoi les coureurs fran\u00e7ais quittent l\u2019Hexagone ?\",\"isPartOf\":{\"@id\":\"https:\/\/dicodusport.fr\/blog\/#website\"},\"primaryImageOfPage\":{\"@id\":\"https:\/\/dicodusport.fr\/blog\/vauquelin-godon-cosnefroy-pourquoi-les-coureurs-francais-quittent-lhexagone\/#primaryimage\"},\"image\":{\"@id\":\"https:\/\/dicodusport.fr\/blog\/vauquelin-godon-cosnefroy-pourquoi-les-coureurs-francais-quittent-lhexagone\/#primaryimage\"},\"thumbnailUrl\":\"https:\/\/dicodusport.fr\/blog\/wp-content\/uploads\/2025\/11\/Vauquelin-Godon-Cosnefroy-pourquoi-les-coureurs-francais-quittent-lHexagone-.png\",\"datePublished\":\"2025-11-12T10:15:33+00:00\",\"dateModified\":\"2025-11-12T10:16:05+00:00\",\"description\":\"CYCLISME SUR ROUTE - Les meilleurs coureurs fran\u00e7ais c\u00e8dent \u00e0 l'appel des \u00e9quipes World Tour \u00e9trang\u00e8res. Mais pour quel r\u00f4le exactement ?\",\"breadcrumb\":{\"@id\":\"https:\/\/dicodusport.fr\/blog\/vauquelin-godon-cosnefroy-pourquoi-les-coureurs-francais-quittent-lhexagone\/#breadcrumb\"},\"inLanguage\":\"fr-FR\",\"potentialAction\":[{\"@type\":\"ReadAction\",\"target\":[\"https:\/\/dicodusport.fr\/blog\/vauquelin-godon-cosnefroy-pourquoi-les-coureurs-francais-quittent-lhexagone\/\"]}]},{\"@type\":\"ImageObject\",\"inLanguage\":\"fr-FR\",\"@id\":\"https:\/\/dicodusport.fr\/blog\/vauquelin-godon-cosnefroy-pourquoi-les-coureurs-francais-quittent-lhexagone\/#primaryimage\",\"url\":\"https:\/\/dicodusport.fr\/blog\/wp-content\/uploads\/2025\/11\/Vauquelin-Godon-Cosnefroy-pourquoi-les-coureurs-francais-quittent-lHexagone-.png\",\"contentUrl\":\"https:\/\/dicodusport.fr\/blog\/wp-content\/uploads\/2025\/11\/Vauquelin-Godon-Cosnefroy-pourquoi-les-coureurs-francais-quittent-lHexagone-.png\",\"width\":1200,\"height\":674,\"caption\":\"Vauquelin, Godon, Cosnefroy pourquoi les coureurs fran\u00e7ais quittent l\u2019Hexagone\"},{\"@type\":\"BreadcrumbList\",\"@id\":\"https:\/\/dicodusport.fr\/blog\/vauquelin-godon-cosnefroy-pourquoi-les-coureurs-francais-quittent-lhexagone\/#breadcrumb\",\"itemListElement\":[{\"@type\":\"ListItem\",\"position\":1,\"name\":\"Accueil\",\"item\":\"https:\/\/dicodusport.fr\/blog\/\"},{\"@type\":\"ListItem\",\"position\":2,\"name\":\"Vauquelin, Godon, Cosnefroy\u2026 pourquoi les coureurs fran\u00e7ais quittent l\u2019Hexagone ?\"}]},{\"@type\":\"WebSite\",\"@id\":\"https:\/\/dicodusport.fr\/blog\/#website\",\"url\":\"https:\/\/dicodusport.fr\/blog\/\",\"name\":\"Dicodusport\",\"description\":\"L&#039;encyclop\u00e9die de l&#039;actualit\u00e9 sportive\",\"publisher\":{\"@id\":\"https:\/\/dicodusport.fr\/blog\/#organization\"},\"potentialAction\":[{\"@type\":\"SearchAction\",\"target\":{\"@type\":\"EntryPoint\",\"urlTemplate\":\"https:\/\/dicodusport.fr\/blog\/?s={search_term_string}\"},\"query-input\":{\"@type\":\"PropertyValueSpecification\",\"valueRequired\":true,\"valueName\":\"search_term_string\"}}],\"inLanguage\":\"fr-FR\"},{\"@type\":\"NewsMediaOrganization\",\"@id\":\"https:\/\/dicodusport.fr\/blog\/#organization\",\"name\":\"Dicodusport\",\"url\":\"https:\/\/dicodusport.fr\/blog\/\",\"logo\":{\"@type\":\"ImageObject\",\"inLanguage\":\"fr-FR\",\"@id\":\"https:\/\/dicodusport.fr\/blog\/#\/schema\/logo\/image\/\",\"url\":\"https:\/\/dicodusport.fr\/blog\/wp-content\/uploads\/2020\/06\/cropped-LOGO-DICODUSPORT-2020-SANS-FOND-SANS-TEXTE.png\",\"contentUrl\":\"https:\/\/dicodusport.fr\/blog\/wp-content\/uploads\/2020\/06\/cropped-LOGO-DICODUSPORT-2020-SANS-FOND-SANS-TEXTE.png\",\"width\":512,\"height\":512,\"caption\":\"Dicodusport\"},\"image\":{\"@id\":\"https:\/\/dicodusport.fr\/blog\/#\/schema\/logo\/image\/\"},\"sameAs\":[\"https:\/\/www.facebook.com\/dicodusport\",\"https:\/\/x.com\/dicodusport\",\"https:\/\/www.instagram.com\/dicodusport\/\",\"https:\/\/www.youtube.com\/channel\/UC7V2KZ5sd3htJivAbA4ZG3w\"],\"description\":\"Dicodusport est l'encyclop\u00e9die de l'actualit\u00e9 sportive.\",\"email\":\"bonjour@dicodusport.fr\",\"legalName\":\"DICODUSPORT\",\"foundingDate\":\"2018-01-14\",\"vatID\":\"FR71834470973\",\"taxID\":\"83447097300043\",\"numberOfEmployees\":{\"@type\":\"QuantitativeValue\",\"minValue\":\"1\",\"maxValue\":\"10\"}},{\"@type\":\"Person\",\"@id\":\"https:\/\/dicodusport.fr\/blog\/#\/schema\/person\/fe500246414ca17ddf0c0312d7a792cc\",\"name\":\"Olivier Dobiezynski\",\"image\":{\"@type\":\"ImageObject\",\"inLanguage\":\"fr-FR\",\"@id\":\"https:\/\/dicodusport.fr\/blog\/#\/schema\/person\/image\/\",\"url\":\"https:\/\/dicodusport.fr\/blog\/wp-content\/uploads\/2024\/09\/5be8fe8d-9962-4f1e-ad06-d6f9dee30e6d-150x150.jpg\",\"contentUrl\":\"https:\/\/dicodusport.fr\/blog\/wp-content\/uploads\/2024\/09\/5be8fe8d-9962-4f1e-ad06-d6f9dee30e6d-150x150.jpg\",\"caption\":\"Olivier Dobiezynski\"},\"description\":\"Depuis le milieu des ann\u00e9es 90, la passion du cyclisme m'anime. Mes h\u00e9ros s'appellent Luc Leblanc, Piotr Ugrumov, Paolo Savoldelli, Peter Sagan et bien \u00e9videmment Romain Bardet. R\u00e9dacteur depuis 2023, je suis ici pour partager cet amour de la Petite Reine. Vous pourrez me lire \u00e9galement sur du trail, du ski de fond et tout autre sujet susceptible d'\u00e9veiller ma curiosit\u00e9 sportive.\",\"sameAs\":[\"https:\/\/x.com\/https:\/\/x.com\/Olivier_Matros\"],\"url\":\"https:\/\/dicodusport.fr\/blog\/author\/olivier-gh\/\"}]}<\/script>\n<!-- \/ Yoast SEO Premium plugin. -->","yoast_head_json":{"title":"Vauquelin, Godon, Cosnefroy\u2026 pourquoi les coureurs fran\u00e7ais quittent l\u2019Hexagone ?","description":"CYCLISME SUR ROUTE - Les meilleurs coureurs fran\u00e7ais c\u00e8dent \u00e0 l'appel des \u00e9quipes World Tour \u00e9trang\u00e8res. Mais pour quel r\u00f4le exactement ?","robots":{"index":"index","follow":"follow","max-snippet":"max-snippet:-1","max-image-preview":"max-image-preview:large","max-video-preview":"max-video-preview:-1"},"canonical":"https:\/\/dicodusport.fr\/blog\/vauquelin-godon-cosnefroy-pourquoi-les-coureurs-francais-quittent-lhexagone\/","og_locale":"fr_FR","og_type":"article","og_title":"Vauquelin, Godon, Cosnefroy\u2026 pourquoi les coureurs fran\u00e7ais quittent l\u2019Hexagone ?","og_description":"CYCLISME SUR ROUTE - Les meilleurs coureurs fran\u00e7ais c\u00e8dent \u00e0 l'appel des \u00e9quipes World Tour \u00e9trang\u00e8res. Mais pour quel r\u00f4le exactement ?","og_url":"https:\/\/dicodusport.fr\/blog\/vauquelin-godon-cosnefroy-pourquoi-les-coureurs-francais-quittent-lhexagone\/","og_site_name":"Dicodusport","article_publisher":"https:\/\/www.facebook.com\/dicodusport","article_published_time":"2025-11-12T10:15:33+00:00","article_modified_time":"2025-11-12T10:16:05+00:00","og_image":[{"width":1200,"height":674,"url":"https:\/\/dicodusport.fr\/blog\/wp-content\/uploads\/2025\/11\/Vauquelin-Godon-Cosnefroy-pourquoi-les-coureurs-francais-quittent-lHexagone-.png","type":"image\/png"}],"author":"Olivier Dobiezynski","twitter_card":"summary_large_image","twitter_title":"Vauquelin, Godon, Cosnefroy\u2026 pourquoi les coureurs fran\u00e7ais quittent l\u2019Hexagone ?","twitter_creator":"@https:\/\/x.com\/Olivier_Matros","twitter_site":"@dicodusport","schema":{"@context":"https:\/\/schema.org","@graph":[{"@type":"NewsArticle","@id":"https:\/\/dicodusport.fr\/blog\/vauquelin-godon-cosnefroy-pourquoi-les-coureurs-francais-quittent-lhexagone\/#article","isPartOf":{"@id":"https:\/\/dicodusport.fr\/blog\/vauquelin-godon-cosnefroy-pourquoi-les-coureurs-francais-quittent-lhexagone\/"},"author":{"name":"Olivier Dobiezynski","@id":"https:\/\/dicodusport.fr\/blog\/#\/schema\/person\/fe500246414ca17ddf0c0312d7a792cc"},"headline":"Vauquelin, Godon, Cosnefroy\u2026 pourquoi les coureurs fran\u00e7ais quittent l\u2019Hexagone ?","datePublished":"2025-11-12T10:15:33+00:00","dateModified":"2025-11-12T10:16:05+00:00","mainEntityOfPage":{"@id":"https:\/\/dicodusport.fr\/blog\/vauquelin-godon-cosnefroy-pourquoi-les-coureurs-francais-quittent-lhexagone\/"},"wordCount":658,"commentCount":0,"publisher":{"@id":"https:\/\/dicodusport.fr\/blog\/#organization"},"image":{"@id":"https:\/\/dicodusport.fr\/blog\/vauquelin-godon-cosnefroy-pourquoi-les-coureurs-francais-quittent-lhexagone\/#primaryimage"},"thumbnailUrl":"https:\/\/dicodusport.fr\/blog\/wp-content\/uploads\/2025\/11\/Vauquelin-Godon-Cosnefroy-pourquoi-les-coureurs-francais-quittent-lHexagone-.png","keywords":["actu","Actualit\u00e9 Cyclisme","br\u00e8ve","Cyclisme","Cyclisme sur route"],"articleSection":["Cyclisme sur route"],"inLanguage":"fr-FR","potentialAction":[{"@type":"CommentAction","name":"Comment","target":["https:\/\/dicodusport.fr\/blog\/vauquelin-godon-cosnefroy-pourquoi-les-coureurs-francais-quittent-lhexagone\/#respond"]}],"copyrightYear":"2025","copyrightHolder":{"@id":"https:\/\/dicodusport.fr\/blog\/#organization"}},{"@type":"WebPage","@id":"https:\/\/dicodusport.fr\/blog\/vauquelin-godon-cosnefroy-pourquoi-les-coureurs-francais-quittent-lhexagone\/","url":"https:\/\/dicodusport.fr\/blog\/vauquelin-godon-cosnefroy-pourquoi-les-coureurs-francais-quittent-lhexagone\/","name":"Vauquelin, Godon, Cosnefroy\u2026 pourquoi les coureurs fran\u00e7ais quittent l\u2019Hexagone ?","isPartOf":{"@id":"https:\/\/dicodusport.fr\/blog\/#website"},"primaryImageOfPage":{"@id":"https:\/\/dicodusport.fr\/blog\/vauquelin-godon-cosnefroy-pourquoi-les-coureurs-francais-quittent-lhexagone\/#primaryimage"},"image":{"@id":"https:\/\/dicodusport.fr\/blog\/vauquelin-godon-cosnefroy-pourquoi-les-coureurs-francais-quittent-lhexagone\/#primaryimage"},"thumbnailUrl":"https:\/\/dicodusport.fr\/blog\/wp-content\/uploads\/2025\/11\/Vauquelin-Godon-Cosnefroy-pourquoi-les-coureurs-francais-quittent-lHexagone-.png","datePublished":"2025-11-12T10:15:33+00:00","dateModified":"2025-11-12T10:16:05+00:00","description":"CYCLISME SUR ROUTE - Les meilleurs coureurs fran\u00e7ais c\u00e8dent \u00e0 l'appel des \u00e9quipes World Tour \u00e9trang\u00e8res. Mais pour quel r\u00f4le exactement ?","breadcrumb":{"@id":"https:\/\/dicodusport.fr\/blog\/vauquelin-godon-cosnefroy-pourquoi-les-coureurs-francais-quittent-lhexagone\/#breadcrumb"},"inLanguage":"fr-FR","potentialAction":[{"@type":"ReadAction","target":["https:\/\/dicodusport.fr\/blog\/vauquelin-godon-cosnefroy-pourquoi-les-coureurs-francais-quittent-lhexagone\/"]}]},{"@type":"ImageObject","inLanguage":"fr-FR","@id":"https:\/\/dicodusport.fr\/blog\/vauquelin-godon-cosnefroy-pourquoi-les-coureurs-francais-quittent-lhexagone\/#primaryimage","url":"https:\/\/dicodusport.fr\/blog\/wp-content\/uploads\/2025\/11\/Vauquelin-Godon-Cosnefroy-pourquoi-les-coureurs-francais-quittent-lHexagone-.png","contentUrl":"https:\/\/dicodusport.fr\/blog\/wp-content\/uploads\/2025\/11\/Vauquelin-Godon-Cosnefroy-pourquoi-les-coureurs-francais-quittent-lHexagone-.png","width":1200,"height":674,"caption":"Vauquelin, Godon, Cosnefroy pourquoi les coureurs fran\u00e7ais quittent l\u2019Hexagone"},{"@type":"BreadcrumbList","@id":"https:\/\/dicodusport.fr\/blog\/vauquelin-godon-cosnefroy-pourquoi-les-coureurs-francais-quittent-lhexagone\/#breadcrumb","itemListElement":[{"@type":"ListItem","position":1,"name":"Accueil","item":"https:\/\/dicodusport.fr\/blog\/"},{"@type":"ListItem","position":2,"name":"Vauquelin, Godon, Cosnefroy\u2026 pourquoi les coureurs fran\u00e7ais quittent l\u2019Hexagone ?"}]},{"@type":"WebSite","@id":"https:\/\/dicodusport.fr\/blog\/#website","url":"https:\/\/dicodusport.fr\/blog\/","name":"Dicodusport","description":"L&#039;encyclop\u00e9die de l&#039;actualit\u00e9 sportive","publisher":{"@id":"https:\/\/dicodusport.fr\/blog\/#organization"},"potentialAction":[{"@type":"SearchAction","target":{"@type":"EntryPoint","urlTemplate":"https:\/\/dicodusport.fr\/blog\/?s={search_term_string}"},"query-input":{"@type":"PropertyValueSpecification","valueRequired":true,"valueName":"search_term_string"}}],"inLanguage":"fr-FR"},{"@type":"NewsMediaOrganization","@id":"https:\/\/dicodusport.fr\/blog\/#organization","name":"Dicodusport","url":"https:\/\/dicodusport.fr\/blog\/","logo":{"@type":"ImageObject","inLanguage":"fr-FR","@id":"https:\/\/dicodusport.fr\/blog\/#\/schema\/logo\/image\/","url":"https:\/\/dicodusport.fr\/blog\/wp-content\/uploads\/2020\/06\/cropped-LOGO-DICODUSPORT-2020-SANS-FOND-SANS-TEXTE.png","contentUrl":"https:\/\/dicodusport.fr\/blog\/wp-content\/uploads\/2020\/06\/cropped-LOGO-DICODUSPORT-2020-SANS-FOND-SANS-TEXTE.png","width":512,"height":512,"caption":"Dicodusport"},"image":{"@id":"https:\/\/dicodusport.fr\/blog\/#\/schema\/logo\/image\/"},"sameAs":["https:\/\/www.facebook.com\/dicodusport","https:\/\/x.com\/dicodusport","https:\/\/www.instagram.com\/dicodusport\/","https:\/\/www.youtube.com\/channel\/UC7V2KZ5sd3htJivAbA4ZG3w"],"description":"Dicodusport est l'encyclop\u00e9die de l'actualit\u00e9 sportive.","email":"bonjour@dicodusport.fr","legalName":"DICODUSPORT","foundingDate":"2018-01-14","vatID":"FR71834470973","taxID":"83447097300043","numberOfEmployees":{"@type":"QuantitativeValue","minValue":"1","maxValue":"10"}},{"@type":"Person","@id":"https:\/\/dicodusport.fr\/blog\/#\/schema\/person\/fe500246414ca17ddf0c0312d7a792cc","name":"Olivier Dobiezynski","image":{"@type":"ImageObject","inLanguage":"fr-FR","@id":"https:\/\/dicodusport.fr\/blog\/#\/schema\/person\/image\/","url":"https:\/\/dicodusport.fr\/blog\/wp-content\/uploads\/2024\/09\/5be8fe8d-9962-4f1e-ad06-d6f9dee30e6d-150x150.jpg","contentUrl":"https:\/\/dicodusport.fr\/blog\/wp-content\/uploads\/2024\/09\/5be8fe8d-9962-4f1e-ad06-d6f9dee30e6d-150x150.jpg","caption":"Olivier Dobiezynski"},"description":"Depuis le milieu des ann\u00e9es 90, la passion du cyclisme m'anime. Mes h\u00e9ros s'appellent Luc Leblanc, Piotr Ugrumov, Paolo Savoldelli, Peter Sagan et bien \u00e9videmment Romain Bardet. R\u00e9dacteur depuis 2023, je suis ici pour partager cet amour de la Petite Reine. Vous pourrez me lire \u00e9galement sur du trail, du ski de fond et tout autre sujet susceptible d'\u00e9veiller ma curiosit\u00e9 sportive.","sameAs":["https:\/\/x.com\/https:\/\/x.com\/Olivier_Matros"],"url":"https:\/\/dicodusport.fr\/blog\/author\/olivier-gh\/"}]}},"_links":{"self":[{"href":"https:\/\/dicodusport.fr\/blog\/wp-json\/wp\/v2\/posts\/625127","targetHints":{"allow":["GET"]}}],"collection":[{"href":"https:\/\/dicodusport.fr\/blog\/wp-json\/wp\/v2\/posts"}],"about":[{"href":"https:\/\/dicodusport.fr\/blog\/wp-json\/wp\/v2\/types\/post"}],"author":[{"embeddable":true,"href":"https:\/\/dicodusport.fr\/blog\/wp-json\/wp\/v2\/users\/92"}],"replies":[{"embeddable":true,"href":"https:\/\/dicodusport.fr\/blog\/wp-json\/wp\/v2\/comments?post=625127"}],"version-history":[{"count":5,"href":"https:\/\/dicodusport.fr\/blog\/wp-json\/wp\/v2\/posts\/625127\/revisions"}],"predecessor-version":[{"id":625180,"href":"https:\/\/dicodusport.fr\/blog\/wp-json\/wp\/v2\/posts\/625127\/revisions\/625180"}],"wp:featuredmedia":[{"embeddable":true,"href":"https:\/\/dicodusport.fr\/blog\/wp-json\/wp\/v2\/media\/625179"}],"wp:attachment":[{"href":"https:\/\/dicodusport.fr\/blog\/wp-json\/wp\/v2\/media?parent=625127"}],"wp:term":[{"taxonomy":"category","embeddable":true,"href":"https:\/\/dicodusport.fr\/blog\/wp-json\/wp\/v2\/categories?post=625127"},{"taxonomy":"post_tag","embeddable":true,"href":"https:\/\/dicodusport.fr\/blog\/wp-json\/wp\/v2\/tags?post=625127"}],"curies":[{"name":"wp","href":"https:\/\/api.w.org\/{rel}","templated":true}]}}