{"id":625204,"date":"2025-11-11T23:11:13","date_gmt":"2025-11-11T22:11:13","guid":{"rendered":"https:\/\/dicodusport.fr\/blog\/?p=625204&#038;preview=true&#038;preview_id=625204"},"modified":"2025-11-11T23:26:42","modified_gmt":"2025-11-11T22:26:42","slug":"ligue-des-champions-feminine-2025-2026-j3-le-paris-fc-concede-le-match-nul-face-au-real-madrid","status":"publish","type":"post","link":"https:\/\/dicodusport.fr\/blog\/ligue-des-champions-feminine-2025-2026-j3-le-paris-fc-concede-le-match-nul-face-au-real-madrid\/","title":{"rendered":"Ligue des Champions f\u00e9minine 2025\/2026 (J3) : Le Paris FC conc\u00e8de le match nul face au Real Madrid"},"content":{"rendered":"<p style=\"text-align: justify;\"><strong><em>LIGUE DES CHAMPIONS (F) 2025-2026 \u2013 H\u00e9ro\u00efques et solidaires, les joueuses du Paris FC conc\u00e8dent finalement le nul face au Real Madrid (1-1), au bout du bout du temps additionnel, malgr\u00e9 une Myl\u00e8ne Chavas \u00e9tincelante.<\/em><\/strong><\/p>\n<p style=\"text-align: justify;\">Mod\u00e8les de combativit\u00e9 et de r\u00e9silience, les <strong>Parisiennes<\/strong> ont longtemps cru \u00e0 l\u2019exploit avant de se faire rejoindre dans les derni\u00e8res secondes. Accul\u00e9es pendant la majeure partie du second acte (13 tirs \u00e0 3), les joueuses du <strong>Paris FC<\/strong> craquent in extremis, mais ram\u00e8nent un point pr\u00e9cieux de ce d\u00e9placement madril\u00e8ne.<\/p>\n<h2 style=\"text-align: justify;\">Le Paris FC plie, mais ne rompt pas<\/h2>\n<p style=\"text-align: justify;\">Les premi\u00e8res minutes de ce choc franco-espagnol sont \u00e0 l\u2019avantage des visiteuses. Pleines d\u2019envie, les filles de <strong>Sandrine Soubeyrand<\/strong> se procurent les premi\u00e8res occasions. <strong>Clara Mateo<\/strong> se pr\u00e9sente seule face \u00e0 la gardienne madril\u00e8ne, sans parvenir \u00e0 conclure (13\u2019). Peu apr\u00e8s, <strong>Anaele Le Moguedec<\/strong> manque, elle aussi, l\u2019ouverture du score (18\u2019).<\/p>\n<p style=\"text-align: justify;\">Ces alertes r\u00e9veillent alors les <strong>Madril\u00e8nes<\/strong>. Sur un slalom de grande classe, <strong>Linda Caicedo<\/strong> efface quatre d\u00e9fenseures et trouve la barre transversale (21\u2019). Dans la foul\u00e9e, <strong>Myl\u00e8ne Chavas<\/strong> doit s\u2019employer pour repousser une frappe de <strong>Naomie Feller<\/strong> (23\u2019).<\/p>\n<p style=\"text-align: justify;\">Apr\u00e8s avoir laiss\u00e9 passer l\u2019orage, le <strong>Paris FC<\/strong> repart de l\u2019avant et joue chaque ballon \u00e0 fond. \u00c0 la 41e minute, <strong>Sheika Scott<\/strong> est accroch\u00e9e dans la surface par <strong>Filippa Angeldal<\/strong>. Penalty logique : <strong>Lorena Azzaro<\/strong> transforme sans trembler et donne l\u2019avantage aux siennes (0-1, 41\u2019).<\/p>\n<p style=\"text-align: justify;\">Les <strong>Parisiennes<\/strong> r\u00e9sistent aux offensives madril\u00e8nes durant les neuf minutes de temps additionnel et rentrent aux vestiaires en t\u00eate. Domin\u00e9es, mais ultra solidaires, elles m\u00e8nent 1-0 \u00e0 la pause.<\/p>\n<blockquote class=\"twitter-tweet\">\n<p dir=\"ltr\" lang=\"fr\">45+9&prime; Mi-temps<\/p>\n<p>Nos Parisiennes m\u00e8nent \u00e0 la pause \ud83d\ude0d<\/p>\n<p>Ne pas l\u00e2cher en seconde p\u00e9riode \u203c\ufe0f<\/p>\n<p>0\ufe0f\u20e3-1\ufe0f\u20e3 <a href=\"https:\/\/twitter.com\/hashtag\/RMAPFC?src=hash&amp;ref_src=twsrc%5Etfw\">#RMAPFC<\/a> <a href=\"https:\/\/t.co\/kKj2nsVIvZ\">pic.twitter.com\/kKj2nsVIvZ<\/a><\/p>\n<p>\u2014 Paris FC F\u00e9minines (@PFC_feminines) <a href=\"https:\/\/twitter.com\/PFC_feminines\/status\/1988350696777756831?ref_src=twsrc%5Etfw\">November 11, 2025<\/a><\/p><\/blockquote>\n<p><script async src=\"https:\/\/platform.twitter.com\/widgets.js\" charset=\"utf-8\"><\/script><\/p>\n<h2 style=\"text-align: justify;\">Cruel football<\/h2>\n<p style=\"text-align: justify;\">D\u00e8s le retour des vestiaires, le ton monte. <strong>Naomie Feller<\/strong> manque de peu l\u2019\u00e9galisation (48\u2019), tandis que <strong>Clara Mateo<\/strong> r\u00e9pond imm\u00e9diatement (49\u2019). Le match s\u2019emballe, chaque camp se rendant coup pour coup. <strong>Sara Dabritz<\/strong> (53\u2019) et <strong>Sheika Scott<\/strong> (58\u2019) animent un second acte vivant, mais st\u00e9rile au tableau d\u2019affichage.<\/p>\n<p style=\"text-align: justify;\">En bloc, le <strong>Paris FC<\/strong> fait front, s\u2019appuyant sur une d\u00e9fense compacte et une <strong>Myl\u00e8ne Chavas<\/strong> inspir\u00e9e. La gardienne multiplie les parades face \u00e0 <strong>Caicedo<\/strong> (73\u2019), <strong>Keukelaar<\/strong> (80\u2019) et <strong>Santiago<\/strong> (83\u2019), pr\u00e9servant l\u2019avance des siennes. \u00c0 deux doigts du chaos, les <strong>Parisiennes<\/strong> survivent \u00e0 une \u00e9norme occasion de <strong>Yasmim<\/strong> (89\u2019), seule face au but.<\/p>\n<p style=\"text-align: justify;\">Le quatri\u00e8me arbitre annonce six minutes de temps additionnel, qui se transformeront finalement en neuf. \u00c9puis\u00e9es mais vaillantes, les joueuses de <strong>Sandrine Soubeyrand<\/strong> d\u00e9fendent h\u00e9ro\u00efquement. Mais dans la derni\u00e8re action du match, <strong>Caroline Weir<\/strong> se retourne et envoie une frappe imparable. Au-del\u00e0 du temps r\u00e9glementaire, le <strong>Real Madrid<\/strong> \u00e9galise (90+9\u2019), 1-1. Cruel d\u00e9nouement pour des Parisiennes admirables d\u2019abn\u00e9gation.<\/p>\n<blockquote class=\"twitter-tweet\">\n<p dir=\"ltr\" lang=\"fr\">Le <a href=\"https:\/\/twitter.com\/PFC_feminines?ref_src=twsrc%5Etfw\">@PFC_feminines<\/a> ram\u00e8ne \ud835\udc2e\ud835\udc27 \ud835\udc29\ud835\udc28\ud835\udc22\ud835\udc27\ud835\udc2d du <a href=\"https:\/\/twitter.com\/realmadridfem?ref_src=twsrc%5Etfw\">@realmadridfem<\/a> ! \ud83e\udd1d\ud83d\udd25<\/p>\n<p>Devant au score gr\u00e2ce \u00e0 un penalty de Lorena, les Parisiennes se sont faites rejoindre dans les derni\u00e8res secondes de la rencontre \ud83d\ude24 <a href=\"https:\/\/t.co\/dEcsOmgeSG\">pic.twitter.com\/dEcsOmgeSG<\/a><\/p>\n<p>\u2014 Arkema Premi\u00e8re Ligue (@ArkemaPL) <a href=\"https:\/\/twitter.com\/ArkemaPL\/status\/1988370001888505983?ref_src=twsrc%5Etfw\">November 11, 2025<\/a><\/p><\/blockquote>\n<p><script async src=\"https:\/\/platform.twitter.com\/widgets.js\" charset=\"utf-8\"><\/script><\/p>\n<p style=\"text-align: justify;\">Cruel \u00e9pilogue pour le <strong>Paris FC<\/strong>, h\u00e9ro\u00efque mais rattrap\u00e9 dans les derni\u00e8res secondes. Un nul frustrant, mais encourageant pour la suite de la comp\u00e9tition.<\/p>\n","protected":false},"excerpt":{"rendered":"<p>Auteures d&rsquo;un match h\u00e9ro\u00efque gr\u00e2ce notamment \u00e0 une Myl\u00e8ne Chavas exemplaire, les joueuses du Paris FC conc\u00e8dent le nul au bout du bout du temps additionnel face au Real Madrid, 1-1.<\/p>\n","protected":false},"author":119,"featured_media":625214,"comment_status":"open","ping_status":"closed","sticky":false,"template":"","format":"standard","meta":{"_acf_changed":false,"_daextam_enable_autolinks":"1","footnotes":""},"categories":[47250],"tags":[16878,75,419,19109,3364,521],"class_list":["post-625204","post","type-post","status-publish","format-standard","has-post-thumbnail","hentry","category-ligue-des-champions-de-football","tag-breve","tag-football","tag-ligue-des-champions","tag-ligue-des-champions-feminine-de-football","tag-paris-fc","tag-real-madrid"],"acf":[],"yoast_head":"<!-- This site is optimized with the Yoast SEO Premium plugin v26.7 (Yoast SEO v26.7) - https:\/\/yoast.com\/wordpress\/plugins\/seo\/ -->\n<title>Ligue des Champions f\u00e9minine 2025\/2026 (J3) : Le Paris FC conc\u00e8de le match nul face au Real Madrid<\/title>\n<meta name=\"description\" content=\"Auteures d&#039;un match h\u00e9ro\u00efque gr\u00e2ce notamment \u00e0 une Myl\u00e8ne Chavas exemplaire, les joueuses du Paris FC conc\u00e8dent le nul au bout du bout du temps additionnel face au Real Madrid, 1-1.\" \/>\n<meta name=\"robots\" content=\"index, follow, max-snippet:-1, max-image-preview:large, max-video-preview:-1\" \/>\n<link rel=\"canonical\" href=\"https:\/\/dicodusport.fr\/blog\/ligue-des-champions-feminine-2025-2026-j3-le-paris-fc-concede-le-match-nul-face-au-real-madrid\/\" \/>\n<meta property=\"og:locale\" content=\"fr_FR\" \/>\n<meta property=\"og:type\" content=\"article\" \/>\n<meta property=\"og:title\" content=\"Ligue des Champions f\u00e9minine 2025\/2026 (J3) : Le Paris FC conc\u00e8de le match nul face au Real Madrid\" \/>\n<meta property=\"og:description\" content=\"Auteures d&#039;un match h\u00e9ro\u00efque gr\u00e2ce notamment \u00e0 une Myl\u00e8ne Chavas exemplaire, les joueuses du Paris FC conc\u00e8dent le nul au bout du bout du temps additionnel face au Real Madrid, 1-1.\" \/>\n<meta property=\"og:url\" content=\"https:\/\/dicodusport.fr\/blog\/ligue-des-champions-feminine-2025-2026-j3-le-paris-fc-concede-le-match-nul-face-au-real-madrid\/\" \/>\n<meta property=\"og:site_name\" content=\"Dicodusport\" \/>\n<meta property=\"article:publisher\" content=\"https:\/\/www.facebook.com\/dicodusport\" \/>\n<meta property=\"article:published_time\" content=\"2025-11-11T22:11:13+00:00\" \/>\n<meta property=\"article:modified_time\" content=\"2025-11-11T22:26:42+00:00\" \/>\n<meta property=\"og:image\" content=\"https:\/\/dicodusport.fr\/blog\/wp-content\/uploads\/2025\/11\/Ligue-des-Champions-feminine-20252026-J3-Le-Paris-FC-concede-le-match-nul-face-au-Real-Madrid.png\" \/>\n\t<meta property=\"og:image:width\" content=\"1200\" \/>\n\t<meta property=\"og:image:height\" content=\"674\" \/>\n\t<meta property=\"og:image:type\" content=\"image\/png\" \/>\n<meta name=\"author\" content=\"Aur\u00e9lien Torreilles\" \/>\n<meta name=\"twitter:card\" content=\"summary_large_image\" \/>\n<meta name=\"twitter:title\" content=\"Ligue des Champions f\u00e9minine 2025\/2026 (J3) : Le Paris FC conc\u00e8de le match nul face au Real Madrid\" \/>\n<meta name=\"twitter:creator\" content=\"@dicodusport\" \/>\n<meta name=\"twitter:site\" content=\"@dicodusport\" \/>\n<script type=\"application\/ld+json\" class=\"yoast-schema-graph\">{\"@context\":\"https:\/\/schema.org\",\"@graph\":[{\"@type\":\"NewsArticle\",\"@id\":\"https:\/\/dicodusport.fr\/blog\/ligue-des-champions-feminine-2025-2026-j3-le-paris-fc-concede-le-match-nul-face-au-real-madrid\/#article\",\"isPartOf\":{\"@id\":\"https:\/\/dicodusport.fr\/blog\/ligue-des-champions-feminine-2025-2026-j3-le-paris-fc-concede-le-match-nul-face-au-real-madrid\/\"},\"author\":{\"name\":\"Aur\u00e9lien Torreilles\",\"@id\":\"https:\/\/dicodusport.fr\/blog\/#\/schema\/person\/d42c64fd3f03197157c71106ec84f28a\"},\"headline\":\"Ligue des Champions f\u00e9minine 2025\/2026 (J3) : Le Paris FC conc\u00e8de le match nul face au Real Madrid\",\"datePublished\":\"2025-11-11T22:11:13+00:00\",\"dateModified\":\"2025-11-11T22:26:42+00:00\",\"mainEntityOfPage\":{\"@id\":\"https:\/\/dicodusport.fr\/blog\/ligue-des-champions-feminine-2025-2026-j3-le-paris-fc-concede-le-match-nul-face-au-real-madrid\/\"},\"wordCount\":567,\"commentCount\":0,\"publisher\":{\"@id\":\"https:\/\/dicodusport.fr\/blog\/#organization\"},\"image\":{\"@id\":\"https:\/\/dicodusport.fr\/blog\/ligue-des-champions-feminine-2025-2026-j3-le-paris-fc-concede-le-match-nul-face-au-real-madrid\/#primaryimage\"},\"thumbnailUrl\":\"https:\/\/dicodusport.fr\/blog\/wp-content\/uploads\/2025\/11\/Ligue-des-Champions-feminine-20252026-J3-Le-Paris-FC-concede-le-match-nul-face-au-Real-Madrid.png\",\"keywords\":[\"br\u00e8ve\",\"Football\",\"Ligue des champions\",\"Ligue des Champions f\u00e9minine de football\",\"Paris FC\",\"Real Madrid\"],\"articleSection\":[\"Ligue des Champions de football\"],\"inLanguage\":\"fr-FR\",\"potentialAction\":[{\"@type\":\"CommentAction\",\"name\":\"Comment\",\"target\":[\"https:\/\/dicodusport.fr\/blog\/ligue-des-champions-feminine-2025-2026-j3-le-paris-fc-concede-le-match-nul-face-au-real-madrid\/#respond\"]}],\"copyrightYear\":\"2025\",\"copyrightHolder\":{\"@id\":\"https:\/\/dicodusport.fr\/blog\/#organization\"}},{\"@type\":\"WebPage\",\"@id\":\"https:\/\/dicodusport.fr\/blog\/ligue-des-champions-feminine-2025-2026-j3-le-paris-fc-concede-le-match-nul-face-au-real-madrid\/\",\"url\":\"https:\/\/dicodusport.fr\/blog\/ligue-des-champions-feminine-2025-2026-j3-le-paris-fc-concede-le-match-nul-face-au-real-madrid\/\",\"name\":\"Ligue des Champions f\u00e9minine 2025\/2026 (J3) : Le Paris FC conc\u00e8de le match nul face au Real Madrid\",\"isPartOf\":{\"@id\":\"https:\/\/dicodusport.fr\/blog\/#website\"},\"primaryImageOfPage\":{\"@id\":\"https:\/\/dicodusport.fr\/blog\/ligue-des-champions-feminine-2025-2026-j3-le-paris-fc-concede-le-match-nul-face-au-real-madrid\/#primaryimage\"},\"image\":{\"@id\":\"https:\/\/dicodusport.fr\/blog\/ligue-des-champions-feminine-2025-2026-j3-le-paris-fc-concede-le-match-nul-face-au-real-madrid\/#primaryimage\"},\"thumbnailUrl\":\"https:\/\/dicodusport.fr\/blog\/wp-content\/uploads\/2025\/11\/Ligue-des-Champions-feminine-20252026-J3-Le-Paris-FC-concede-le-match-nul-face-au-Real-Madrid.png\",\"datePublished\":\"2025-11-11T22:11:13+00:00\",\"dateModified\":\"2025-11-11T22:26:42+00:00\",\"description\":\"Auteures d'un match h\u00e9ro\u00efque gr\u00e2ce notamment \u00e0 une Myl\u00e8ne Chavas exemplaire, les joueuses du Paris FC conc\u00e8dent le nul au bout du bout du temps additionnel face au Real Madrid, 1-1.\",\"breadcrumb\":{\"@id\":\"https:\/\/dicodusport.fr\/blog\/ligue-des-champions-feminine-2025-2026-j3-le-paris-fc-concede-le-match-nul-face-au-real-madrid\/#breadcrumb\"},\"inLanguage\":\"fr-FR\",\"potentialAction\":[{\"@type\":\"ReadAction\",\"target\":[\"https:\/\/dicodusport.fr\/blog\/ligue-des-champions-feminine-2025-2026-j3-le-paris-fc-concede-le-match-nul-face-au-real-madrid\/\"]}]},{\"@type\":\"ImageObject\",\"inLanguage\":\"fr-FR\",\"@id\":\"https:\/\/dicodusport.fr\/blog\/ligue-des-champions-feminine-2025-2026-j3-le-paris-fc-concede-le-match-nul-face-au-real-madrid\/#primaryimage\",\"url\":\"https:\/\/dicodusport.fr\/blog\/wp-content\/uploads\/2025\/11\/Ligue-des-Champions-feminine-20252026-J3-Le-Paris-FC-concede-le-match-nul-face-au-Real-Madrid.png\",\"contentUrl\":\"https:\/\/dicodusport.fr\/blog\/wp-content\/uploads\/2025\/11\/Ligue-des-Champions-feminine-20252026-J3-Le-Paris-FC-concede-le-match-nul-face-au-Real-Madrid.png\",\"width\":1200,\"height\":674,\"caption\":\"Ligue des Champions f\u00e9minine 20252026 (J3) Le Paris FC conc\u00e8de le match nul face au Real Madrid\"},{\"@type\":\"BreadcrumbList\",\"@id\":\"https:\/\/dicodusport.fr\/blog\/ligue-des-champions-feminine-2025-2026-j3-le-paris-fc-concede-le-match-nul-face-au-real-madrid\/#breadcrumb\",\"itemListElement\":[{\"@type\":\"ListItem\",\"position\":1,\"name\":\"Accueil\",\"item\":\"https:\/\/dicodusport.fr\/blog\/\"},{\"@type\":\"ListItem\",\"position\":2,\"name\":\"Ligue des Champions f\u00e9minine 2025\/2026 (J3) : Le Paris FC conc\u00e8de le match nul face au Real Madrid\"}]},{\"@type\":\"WebSite\",\"@id\":\"https:\/\/dicodusport.fr\/blog\/#website\",\"url\":\"https:\/\/dicodusport.fr\/blog\/\",\"name\":\"Dicodusport\",\"description\":\"L&#039;encyclop\u00e9die de l&#039;actualit\u00e9 sportive\",\"publisher\":{\"@id\":\"https:\/\/dicodusport.fr\/blog\/#organization\"},\"potentialAction\":[{\"@type\":\"SearchAction\",\"target\":{\"@type\":\"EntryPoint\",\"urlTemplate\":\"https:\/\/dicodusport.fr\/blog\/?s={search_term_string}\"},\"query-input\":{\"@type\":\"PropertyValueSpecification\",\"valueRequired\":true,\"valueName\":\"search_term_string\"}}],\"inLanguage\":\"fr-FR\"},{\"@type\":\"NewsMediaOrganization\",\"@id\":\"https:\/\/dicodusport.fr\/blog\/#organization\",\"name\":\"Dicodusport\",\"url\":\"https:\/\/dicodusport.fr\/blog\/\",\"logo\":{\"@type\":\"ImageObject\",\"inLanguage\":\"fr-FR\",\"@id\":\"https:\/\/dicodusport.fr\/blog\/#\/schema\/logo\/image\/\",\"url\":\"https:\/\/dicodusport.fr\/blog\/wp-content\/uploads\/2020\/06\/cropped-LOGO-DICODUSPORT-2020-SANS-FOND-SANS-TEXTE.png\",\"contentUrl\":\"https:\/\/dicodusport.fr\/blog\/wp-content\/uploads\/2020\/06\/cropped-LOGO-DICODUSPORT-2020-SANS-FOND-SANS-TEXTE.png\",\"width\":512,\"height\":512,\"caption\":\"Dicodusport\"},\"image\":{\"@id\":\"https:\/\/dicodusport.fr\/blog\/#\/schema\/logo\/image\/\"},\"sameAs\":[\"https:\/\/www.facebook.com\/dicodusport\",\"https:\/\/x.com\/dicodusport\",\"https:\/\/www.instagram.com\/dicodusport\/\",\"https:\/\/www.youtube.com\/channel\/UC7V2KZ5sd3htJivAbA4ZG3w\"],\"description\":\"Dicodusport est l'encyclop\u00e9die de l'actualit\u00e9 sportive.\",\"email\":\"bonjour@dicodusport.fr\",\"legalName\":\"DICODUSPORT\",\"foundingDate\":\"2018-01-14\",\"vatID\":\"FR71834470973\",\"taxID\":\"83447097300043\",\"numberOfEmployees\":{\"@type\":\"QuantitativeValue\",\"minValue\":\"1\",\"maxValue\":\"10\"}},{\"@type\":\"Person\",\"@id\":\"https:\/\/dicodusport.fr\/blog\/#\/schema\/person\/d42c64fd3f03197157c71106ec84f28a\",\"name\":\"Aur\u00e9lien Torreilles\",\"image\":{\"@type\":\"ImageObject\",\"inLanguage\":\"fr-FR\",\"@id\":\"https:\/\/dicodusport.fr\/blog\/#\/schema\/person\/image\/\",\"url\":\"https:\/\/dicodusport.fr\/blog\/wp-content\/uploads\/2025\/06\/Aurelien-Torreilles-150x150.jpg\",\"contentUrl\":\"https:\/\/dicodusport.fr\/blog\/wp-content\/uploads\/2025\/06\/Aurelien-Torreilles-150x150.jpg\",\"caption\":\"Aur\u00e9lien Torreilles\"},\"description\":\"Encore apprenti journaliste, je d\u00e9couvre d\u00e8s mon plus jeune \u00e2ge les joies, les \u00e9motions et les frissons du monde du sport. Tr\u00e8s vite, j'en suis convaincu, je parlerai de sport toute ma vie, et promis pas que de rugby. Apr\u00e8s 3 ann\u00e9es de droit franco-espagnol, j'ai vite bifurqu\u00e9 vers l'\u00e9cole de journalisme de Toulouse pour en apprendre encore plus quant \u00e0 ce monde qui me passionne et parfaire mes tr\u00e8s jeunes et modestes connaissances. Je rejoins Dicodusport en juin 2025 apr\u00e8s 3 ann\u00e9es pass\u00e9es sur Treize Mondial. Faire vivre l'actualit\u00e9, transmettre l'information et transmettre des \u00e9motions sont mes seuls objectifs. Bien \u00e9videmment, tout \u00e7a dans la bonne humeur transpirante de l'\u00e9quipe de Dicodusport !\",\"url\":\"https:\/\/dicodusport.fr\/blog\/author\/aurelien\/\"}]}<\/script>\n<!-- \/ Yoast SEO Premium plugin. -->","yoast_head_json":{"title":"Ligue des Champions f\u00e9minine 2025\/2026 (J3) : Le Paris FC conc\u00e8de le match nul face au Real Madrid","description":"Auteures d'un match h\u00e9ro\u00efque gr\u00e2ce notamment \u00e0 une Myl\u00e8ne Chavas exemplaire, les joueuses du Paris FC conc\u00e8dent le nul au bout du bout du temps additionnel face au Real Madrid, 1-1.","robots":{"index":"index","follow":"follow","max-snippet":"max-snippet:-1","max-image-preview":"max-image-preview:large","max-video-preview":"max-video-preview:-1"},"canonical":"https:\/\/dicodusport.fr\/blog\/ligue-des-champions-feminine-2025-2026-j3-le-paris-fc-concede-le-match-nul-face-au-real-madrid\/","og_locale":"fr_FR","og_type":"article","og_title":"Ligue des Champions f\u00e9minine 2025\/2026 (J3) : Le Paris FC conc\u00e8de le match nul face au Real Madrid","og_description":"Auteures d'un match h\u00e9ro\u00efque gr\u00e2ce notamment \u00e0 une Myl\u00e8ne Chavas exemplaire, les joueuses du Paris FC conc\u00e8dent le nul au bout du bout du temps additionnel face au Real Madrid, 1-1.","og_url":"https:\/\/dicodusport.fr\/blog\/ligue-des-champions-feminine-2025-2026-j3-le-paris-fc-concede-le-match-nul-face-au-real-madrid\/","og_site_name":"Dicodusport","article_publisher":"https:\/\/www.facebook.com\/dicodusport","article_published_time":"2025-11-11T22:11:13+00:00","article_modified_time":"2025-11-11T22:26:42+00:00","og_image":[{"width":1200,"height":674,"url":"https:\/\/dicodusport.fr\/blog\/wp-content\/uploads\/2025\/11\/Ligue-des-Champions-feminine-20252026-J3-Le-Paris-FC-concede-le-match-nul-face-au-Real-Madrid.png","type":"image\/png"}],"author":"Aur\u00e9lien Torreilles","twitter_card":"summary_large_image","twitter_title":"Ligue des Champions f\u00e9minine 2025\/2026 (J3) : Le Paris FC conc\u00e8de le match nul face au Real Madrid","twitter_creator":"@dicodusport","twitter_site":"@dicodusport","schema":{"@context":"https:\/\/schema.org","@graph":[{"@type":"NewsArticle","@id":"https:\/\/dicodusport.fr\/blog\/ligue-des-champions-feminine-2025-2026-j3-le-paris-fc-concede-le-match-nul-face-au-real-madrid\/#article","isPartOf":{"@id":"https:\/\/dicodusport.fr\/blog\/ligue-des-champions-feminine-2025-2026-j3-le-paris-fc-concede-le-match-nul-face-au-real-madrid\/"},"author":{"name":"Aur\u00e9lien Torreilles","@id":"https:\/\/dicodusport.fr\/blog\/#\/schema\/person\/d42c64fd3f03197157c71106ec84f28a"},"headline":"Ligue des Champions f\u00e9minine 2025\/2026 (J3) : Le Paris FC conc\u00e8de le match nul face au Real Madrid","datePublished":"2025-11-11T22:11:13+00:00","dateModified":"2025-11-11T22:26:42+00:00","mainEntityOfPage":{"@id":"https:\/\/dicodusport.fr\/blog\/ligue-des-champions-feminine-2025-2026-j3-le-paris-fc-concede-le-match-nul-face-au-real-madrid\/"},"wordCount":567,"commentCount":0,"publisher":{"@id":"https:\/\/dicodusport.fr\/blog\/#organization"},"image":{"@id":"https:\/\/dicodusport.fr\/blog\/ligue-des-champions-feminine-2025-2026-j3-le-paris-fc-concede-le-match-nul-face-au-real-madrid\/#primaryimage"},"thumbnailUrl":"https:\/\/dicodusport.fr\/blog\/wp-content\/uploads\/2025\/11\/Ligue-des-Champions-feminine-20252026-J3-Le-Paris-FC-concede-le-match-nul-face-au-Real-Madrid.png","keywords":["br\u00e8ve","Football","Ligue des champions","Ligue des Champions f\u00e9minine de football","Paris FC","Real Madrid"],"articleSection":["Ligue des Champions de football"],"inLanguage":"fr-FR","potentialAction":[{"@type":"CommentAction","name":"Comment","target":["https:\/\/dicodusport.fr\/blog\/ligue-des-champions-feminine-2025-2026-j3-le-paris-fc-concede-le-match-nul-face-au-real-madrid\/#respond"]}],"copyrightYear":"2025","copyrightHolder":{"@id":"https:\/\/dicodusport.fr\/blog\/#organization"}},{"@type":"WebPage","@id":"https:\/\/dicodusport.fr\/blog\/ligue-des-champions-feminine-2025-2026-j3-le-paris-fc-concede-le-match-nul-face-au-real-madrid\/","url":"https:\/\/dicodusport.fr\/blog\/ligue-des-champions-feminine-2025-2026-j3-le-paris-fc-concede-le-match-nul-face-au-real-madrid\/","name":"Ligue des Champions f\u00e9minine 2025\/2026 (J3) : Le Paris FC conc\u00e8de le match nul face au Real Madrid","isPartOf":{"@id":"https:\/\/dicodusport.fr\/blog\/#website"},"primaryImageOfPage":{"@id":"https:\/\/dicodusport.fr\/blog\/ligue-des-champions-feminine-2025-2026-j3-le-paris-fc-concede-le-match-nul-face-au-real-madrid\/#primaryimage"},"image":{"@id":"https:\/\/dicodusport.fr\/blog\/ligue-des-champions-feminine-2025-2026-j3-le-paris-fc-concede-le-match-nul-face-au-real-madrid\/#primaryimage"},"thumbnailUrl":"https:\/\/dicodusport.fr\/blog\/wp-content\/uploads\/2025\/11\/Ligue-des-Champions-feminine-20252026-J3-Le-Paris-FC-concede-le-match-nul-face-au-Real-Madrid.png","datePublished":"2025-11-11T22:11:13+00:00","dateModified":"2025-11-11T22:26:42+00:00","description":"Auteures d'un match h\u00e9ro\u00efque gr\u00e2ce notamment \u00e0 une Myl\u00e8ne Chavas exemplaire, les joueuses du Paris FC conc\u00e8dent le nul au bout du bout du temps additionnel face au Real Madrid, 1-1.","breadcrumb":{"@id":"https:\/\/dicodusport.fr\/blog\/ligue-des-champions-feminine-2025-2026-j3-le-paris-fc-concede-le-match-nul-face-au-real-madrid\/#breadcrumb"},"inLanguage":"fr-FR","potentialAction":[{"@type":"ReadAction","target":["https:\/\/dicodusport.fr\/blog\/ligue-des-champions-feminine-2025-2026-j3-le-paris-fc-concede-le-match-nul-face-au-real-madrid\/"]}]},{"@type":"ImageObject","inLanguage":"fr-FR","@id":"https:\/\/dicodusport.fr\/blog\/ligue-des-champions-feminine-2025-2026-j3-le-paris-fc-concede-le-match-nul-face-au-real-madrid\/#primaryimage","url":"https:\/\/dicodusport.fr\/blog\/wp-content\/uploads\/2025\/11\/Ligue-des-Champions-feminine-20252026-J3-Le-Paris-FC-concede-le-match-nul-face-au-Real-Madrid.png","contentUrl":"https:\/\/dicodusport.fr\/blog\/wp-content\/uploads\/2025\/11\/Ligue-des-Champions-feminine-20252026-J3-Le-Paris-FC-concede-le-match-nul-face-au-Real-Madrid.png","width":1200,"height":674,"caption":"Ligue des Champions f\u00e9minine 20252026 (J3) Le Paris FC conc\u00e8de le match nul face au Real Madrid"},{"@type":"BreadcrumbList","@id":"https:\/\/dicodusport.fr\/blog\/ligue-des-champions-feminine-2025-2026-j3-le-paris-fc-concede-le-match-nul-face-au-real-madrid\/#breadcrumb","itemListElement":[{"@type":"ListItem","position":1,"name":"Accueil","item":"https:\/\/dicodusport.fr\/blog\/"},{"@type":"ListItem","position":2,"name":"Ligue des Champions f\u00e9minine 2025\/2026 (J3) : Le Paris FC conc\u00e8de le match nul face au Real Madrid"}]},{"@type":"WebSite","@id":"https:\/\/dicodusport.fr\/blog\/#website","url":"https:\/\/dicodusport.fr\/blog\/","name":"Dicodusport","description":"L&#039;encyclop\u00e9die de l&#039;actualit\u00e9 sportive","publisher":{"@id":"https:\/\/dicodusport.fr\/blog\/#organization"},"potentialAction":[{"@type":"SearchAction","target":{"@type":"EntryPoint","urlTemplate":"https:\/\/dicodusport.fr\/blog\/?s={search_term_string}"},"query-input":{"@type":"PropertyValueSpecification","valueRequired":true,"valueName":"search_term_string"}}],"inLanguage":"fr-FR"},{"@type":"NewsMediaOrganization","@id":"https:\/\/dicodusport.fr\/blog\/#organization","name":"Dicodusport","url":"https:\/\/dicodusport.fr\/blog\/","logo":{"@type":"ImageObject","inLanguage":"fr-FR","@id":"https:\/\/dicodusport.fr\/blog\/#\/schema\/logo\/image\/","url":"https:\/\/dicodusport.fr\/blog\/wp-content\/uploads\/2020\/06\/cropped-LOGO-DICODUSPORT-2020-SANS-FOND-SANS-TEXTE.png","contentUrl":"https:\/\/dicodusport.fr\/blog\/wp-content\/uploads\/2020\/06\/cropped-LOGO-DICODUSPORT-2020-SANS-FOND-SANS-TEXTE.png","width":512,"height":512,"caption":"Dicodusport"},"image":{"@id":"https:\/\/dicodusport.fr\/blog\/#\/schema\/logo\/image\/"},"sameAs":["https:\/\/www.facebook.com\/dicodusport","https:\/\/x.com\/dicodusport","https:\/\/www.instagram.com\/dicodusport\/","https:\/\/www.youtube.com\/channel\/UC7V2KZ5sd3htJivAbA4ZG3w"],"description":"Dicodusport est l'encyclop\u00e9die de l'actualit\u00e9 sportive.","email":"bonjour@dicodusport.fr","legalName":"DICODUSPORT","foundingDate":"2018-01-14","vatID":"FR71834470973","taxID":"83447097300043","numberOfEmployees":{"@type":"QuantitativeValue","minValue":"1","maxValue":"10"}},{"@type":"Person","@id":"https:\/\/dicodusport.fr\/blog\/#\/schema\/person\/d42c64fd3f03197157c71106ec84f28a","name":"Aur\u00e9lien Torreilles","image":{"@type":"ImageObject","inLanguage":"fr-FR","@id":"https:\/\/dicodusport.fr\/blog\/#\/schema\/person\/image\/","url":"https:\/\/dicodusport.fr\/blog\/wp-content\/uploads\/2025\/06\/Aurelien-Torreilles-150x150.jpg","contentUrl":"https:\/\/dicodusport.fr\/blog\/wp-content\/uploads\/2025\/06\/Aurelien-Torreilles-150x150.jpg","caption":"Aur\u00e9lien Torreilles"},"description":"Encore apprenti journaliste, je d\u00e9couvre d\u00e8s mon plus jeune \u00e2ge les joies, les \u00e9motions et les frissons du monde du sport. Tr\u00e8s vite, j'en suis convaincu, je parlerai de sport toute ma vie, et promis pas que de rugby. Apr\u00e8s 3 ann\u00e9es de droit franco-espagnol, j'ai vite bifurqu\u00e9 vers l'\u00e9cole de journalisme de Toulouse pour en apprendre encore plus quant \u00e0 ce monde qui me passionne et parfaire mes tr\u00e8s jeunes et modestes connaissances. Je rejoins Dicodusport en juin 2025 apr\u00e8s 3 ann\u00e9es pass\u00e9es sur Treize Mondial. Faire vivre l'actualit\u00e9, transmettre l'information et transmettre des \u00e9motions sont mes seuls objectifs. Bien \u00e9videmment, tout \u00e7a dans la bonne humeur transpirante de l'\u00e9quipe de Dicodusport !","url":"https:\/\/dicodusport.fr\/blog\/author\/aurelien\/"}]}},"_links":{"self":[{"href":"https:\/\/dicodusport.fr\/blog\/wp-json\/wp\/v2\/posts\/625204","targetHints":{"allow":["GET"]}}],"collection":[{"href":"https:\/\/dicodusport.fr\/blog\/wp-json\/wp\/v2\/posts"}],"about":[{"href":"https:\/\/dicodusport.fr\/blog\/wp-json\/wp\/v2\/types\/post"}],"author":[{"embeddable":true,"href":"https:\/\/dicodusport.fr\/blog\/wp-json\/wp\/v2\/users\/119"}],"replies":[{"embeddable":true,"href":"https:\/\/dicodusport.fr\/blog\/wp-json\/wp\/v2\/comments?post=625204"}],"version-history":[{"count":5,"href":"https:\/\/dicodusport.fr\/blog\/wp-json\/wp\/v2\/posts\/625204\/revisions"}],"predecessor-version":[{"id":625224,"href":"https:\/\/dicodusport.fr\/blog\/wp-json\/wp\/v2\/posts\/625204\/revisions\/625224"}],"wp:featuredmedia":[{"embeddable":true,"href":"https:\/\/dicodusport.fr\/blog\/wp-json\/wp\/v2\/media\/625214"}],"wp:attachment":[{"href":"https:\/\/dicodusport.fr\/blog\/wp-json\/wp\/v2\/media?parent=625204"}],"wp:term":[{"taxonomy":"category","embeddable":true,"href":"https:\/\/dicodusport.fr\/blog\/wp-json\/wp\/v2\/categories?post=625204"},{"taxonomy":"post_tag","embeddable":true,"href":"https:\/\/dicodusport.fr\/blog\/wp-json\/wp\/v2\/tags?post=625204"}],"curies":[{"name":"wp","href":"https:\/\/api.w.org\/{rel}","templated":true}]}}