{"id":625241,"date":"2025-11-12T16:00:58","date_gmt":"2025-11-12T15:00:58","guid":{"rendered":"https:\/\/dicodusport.fr\/blog\/?p=625241&#038;preview=true&#038;preview_id=625241"},"modified":"2025-11-12T16:22:43","modified_gmt":"2025-11-12T15:22:43","slug":"de-retour-a-benfica-jose-mourinho-fait-il-toujours-partie-du-gratin-des-entraineurs","status":"publish","type":"post","link":"https:\/\/dicodusport.fr\/blog\/de-retour-a-benfica-jose-mourinho-fait-il-toujours-partie-du-gratin-des-entraineurs\/","title":{"rendered":"De retour \u00e0 Benfica, Jos\u00e9 Mourinho fait-il toujours partie du gratin des entra\u00eeneurs ?"},"content":{"rendered":"<p style=\"text-align: justify;\"><strong><em>FOOTBALL \u2013 Jos\u00e9 Mourinho est de retour sur un banc portugais, celui du Benfica, l\u00e0 o\u00f9 tout avait commenc\u00e9 pour le technicien lusitanien. Est-ce une r\u00e9gression dans sa carri\u00e8re ou, au contraire, la preuve qu\u2019il reste un grand entra\u00eeneur capable de relever tous les d\u00e9fis ? On fait le point.<\/em><\/strong><\/p>\n<ul style=\"text-align: justify;\">\n<li style=\"text-align: justify;\"><strong>\u00c0 ce sujet \u2013 <a href=\"https:\/\/dicodusport.fr\/blog\/actualites\/football\/\">L\u2019actualit\u00e9 du football<\/a><\/strong><\/li>\n<\/ul>\n<p style=\"text-align: justify;\"><strong>Jos\u00e9 Mourinho<\/strong> ne laisse personne indiff\u00e9rent. Et chaque signature du <em>Special One<\/em> fait r\u00e9agir. Alors, quand il s\u2019engage avec le <strong>Benfica<\/strong> le 18 septembre 2025, c\u2019est forc\u00e9ment un \u00e9v\u00e9nement. \u00c0 62 ans, il revient sur le banc du club de ses d\u00e9buts, celui qui lui avait offert sa premi\u00e8re chance comme entra\u00eeneur principal.<\/p>\n<p style=\"text-align: justify;\">Une exp\u00e9rience courte, en 2000, de seulement neuf matchs, marqu\u00e9e par un d\u00e9saccord pr\u00e9coce avec le pr\u00e9sident <strong>Manuel Vilarinho<\/strong>. <strong>Mourinho<\/strong> avait demand\u00e9 une prolongation de contrat, refus\u00e9e, et avait aussit\u00f4t d\u00e9missionn\u00e9. Un \u00e9pisode qui annon\u00e7ait d\u00e9j\u00e0 le temp\u00e9rament d\u2019un homme de convictions. Et fid\u00e8le \u00e0 sa r\u00e9putation, le Portugais continue de d\u00e9frayer la chronique : <a href=\"https:\/\/rmcsport.bfmtv.com\/football\/championnat-turquie\/une-ardoise-tres-salee-mourinho-aurait-laisse-une-facture-de-pres-de-750-000-euros-en-turquie_AV-202511101015.html\">il a r\u00e9cemment \u00e9t\u00e9 accus\u00e9 de ne pas avoir r\u00e9gl\u00e9 une facture d\u2019h\u00f4tel en Turquie<\/a> (pr\u00e8s de 750 000 \u20ac), alors qu\u2019il entra\u00eenait Fenerbah\u00e7e.<\/p>\n<h2 style=\"text-align: justify;\">Un constat : Jos\u00e9 Mourinho n\u2019entra\u00eene plus les tr\u00e8s grands clubs<\/h2>\n<p style=\"text-align: justify;\">La lecture de ces lignes fera peut-\u00eatre grincer des dents certains supporters, mais depuis son d\u00e9part de <strong>Manchester United<\/strong> en 2018, <strong>Jos\u00e9 Mourinho<\/strong> n\u2019a plus dirig\u00e9 de club du gotha europ\u00e9en. Pass\u00e9 par <strong>Tottenham<\/strong> (2019-2021), l\u2019<strong>AS Rome<\/strong> (2021-2024), <strong>Fenerbah\u00e7e<\/strong> (2024-2025) et d\u00e9sormais <strong>Benfica<\/strong>, il \u00e9volue d\u00e9sormais dans une autre sph\u00e8re. Des clubs solides, historiques, mais pas des r\u00e9f\u00e9rences mondiales comme le <strong>Real Madrid<\/strong>, Chelsea ou l\u2019Inter Milan qu\u2019il avait men\u00e9s au sommet.<\/p>\n<p style=\"text-align: justify;\">Cette trajectoire peut sembler \u00eatre une l\u00e9g\u00e8re r\u00e9trogradation compar\u00e9e \u00e0 d\u2019autres techniciens de sa g\u00e9n\u00e9ration. <strong>Carlo Ancelotti<\/strong>, rival du \u00ab Special One \u00bb depuis les ann\u00e9es 2000, est revenu sur le banc du <strong>Real Madrid<\/strong> apr\u00e8s des passages \u00e0 Naples et Everton. Il y a remport\u00e9 deux nouvelles Ligues des champions (2022 et 2024) avant de prendre les r\u00eanes de la s\u00e9lection du Br\u00e9sil \u2013 peut-\u00eatre le poste le plus prestigieux du football mondial. <strong>Zin\u00e9dine Zidane<\/strong>, lui, triple vainqueur de la C1 avec le Real (2016-2018), pourrait prochainement s\u2019asseoir sur le banc des Bleus.<\/p>\n<div class=\"vlp-link-container vlp-layout-article\"><a href=\"https:\/\/dicodusport.fr\/blog\/football-qui-dautre-que-zinedine-zidane-pour-remplacer-didier-deschamps\/\" class=\"vlp-link\" title=\"Football : Qui d&#039;autre que Zin\u00e9dine Zidane pour remplacer Didier Deschamps ?\"><\/a><div class=\"vlp-layout-zone-side\"><div class=\"vlp-block-4 vlp-link-image\"><img loading=\"lazy\" decoding=\"async\" style=\"max-width: 792px;\" width=\"792\" height=\"445\" src=\"https:\/\/dicodusport.fr\/blog\/wp-content\/uploads\/2025\/10\/Football-Qui-dautre-que-Zinedine-Zidane-pour-remplacer-Didier-Deschamps.png\" class=\"attachment-800x445 size-800x445\" alt=\"Football Qui d&#039;autre que Zin\u00e9dine Zidane pour remplacer Didier Deschamps\" srcset=\"https:\/\/dicodusport.fr\/blog\/wp-content\/uploads\/2025\/10\/Football-Qui-dautre-que-Zinedine-Zidane-pour-remplacer-Didier-Deschamps.png 1200w, https:\/\/dicodusport.fr\/blog\/wp-content\/uploads\/2025\/10\/Football-Qui-dautre-que-Zinedine-Zidane-pour-remplacer-Didier-Deschamps-300x169.png 300w, https:\/\/dicodusport.fr\/blog\/wp-content\/uploads\/2025\/10\/Football-Qui-dautre-que-Zinedine-Zidane-pour-remplacer-Didier-Deschamps-1024x575.png 1024w, https:\/\/dicodusport.fr\/blog\/wp-content\/uploads\/2025\/10\/Football-Qui-dautre-que-Zinedine-Zidane-pour-remplacer-Didier-Deschamps-768x431.png 768w\" sizes=\"auto, (max-width: 792px) 100vw, 792px\" \/><\/div><\/div><div class=\"vlp-layout-zone-main\"><div class=\"vlp-block-0 vlp-link-title\">Football : Qui d'autre que Zin\u00e9dine Zidane pour remplacer Didier Deschamps ?<\/div><div class=\"vlp-block-1 vlp-link-summary\">Si Zin\u00e9dine Zidane reste favoripe pour succ\u00e9der \u00e8 Didier Deschamps en 2026, elle peut devenir remplacer le selectionneur actuel.<\/div><div class=\"vlp-block-2 vlp-link-button\">Lire l'article<\/div><div class=\"vlp-block-3 vlp-link-url\">dicodusport.fr<\/div><\/div><\/div>\n<p style=\"text-align: justify;\"><strong>Luis Enrique<\/strong>, <a href=\"https:\/\/dicodusport.fr\/blog\/ligue-des-champions-la-belle-etoile-pour-le-psg-sacre-apres-sa-demonstration-contre-linter\/\">aur\u00e9ol\u00e9 d\u2019une victoire historique en Ligue des Champions avec le PSG<\/a>, a lui aussi dirig\u00e9 le Bar\u00e7a (2014-2017), l\u2019Espagne (2018, puis 2019-2022) et le PSG depuis 2023. Et que dire de <strong>Pep Guardiola<\/strong>, install\u00e9 \u00e0 Manchester City depuis 2016 apr\u00e8s avoir triomph\u00e9 au Bar\u00e7a et au Bayern Munich ? Face \u00e0 de tels palmar\u00e8s, le parcours r\u00e9cent de Mourinho semble en effet marquer un recul.<\/p>\n<h2 style=\"text-align: justify;\">Un entra\u00eeneur encore capable de gagner<\/h2>\n<p style=\"text-align: justify;\">Mais qu\u2019est-ce qu\u2019un grand entra\u00eeneur ? Est-ce celui qui dirige les plus grands clubs ou celui qui r\u00e9ussit \u00e0 gagner malgr\u00e9 des moyens plus modestes ? Si l\u2019on choisit la seconde d\u00e9finition, <strong>Jos\u00e9 Mourinho<\/strong> a encore son mot \u00e0 dire. Lorsqu\u2019il prend en main l\u2019<strong>AS Rome<\/strong>, le club italien n\u2019a plus gagn\u00e9 de coupe d\u2019Europe depuis 1961. En 2022, il lui offre la <strong>Ligue Europa Conf\u00e9rence<\/strong>. Un troph\u00e9e mineur pour certains, mais un symbole fort : il devient alors le premier entra\u00eeneur de l\u2019histoire \u00e0 remporter les cinq finales europ\u00e9ennes qu\u2019il a disput\u00e9es.<\/p>\n<p style=\"text-align: justify;\">Ce succ\u00e8s, obtenu face \u00e0 Leicester puis au Feyenoord \u2013 <a href=\"https:\/\/dicodusport.fr\/blog\/ligue-europa-conference-fin-de-l-aventure-pour-om\/\">qui avait \u00e9limin\u00e9 l\u2019OM en demi-finale<\/a> \u2013 prouve qu\u2019il sait toujours transmettre la culture de la gagne. Et m\u00eame s\u2019il \u00e9choue de peu en finale de Ligue Europa en 2023, Mourinho a fait de la Roma un club redevenu comp\u00e9titif sur la sc\u00e8ne continentale.<\/p>\n<p style=\"text-align: justify;\">Son ratio de victoires reste solide : 52,3 % \u00e0 Tottenham, 49,2 % \u00e0 la Roma, 59,7 % \u00e0 Fenerbah\u00e7e. Des chiffres respectables compte tenu des effectifs \u00e0 sa disposition, loin des 71,9 % atteints au Real Madrid (2010-2013) ou des 67,8 % \u00e0 Chelsea (2004-2007). Mourinho n\u2019est peut-\u00eatre plus dans l\u2019\u00e9lite des clubs, mais il reste dans l\u2019\u00e9lite des entra\u00eeneurs.<\/p>\n<h2 style=\"text-align: justify;\">Vers une s\u00e9lection nationale pour l\u2019apoth\u00e9ose ?<\/h2>\n<p style=\"text-align: justify;\">Et si, pour boucler la boucle, <strong>Jos\u00e9 Mourinho<\/strong> devait enfin prendre les r\u00eanes d\u2019une s\u00e9lection nationale ? <strong>Carlo Ancelotti<\/strong> vient de le faire avec le Br\u00e9sil. <strong>Zin\u00e9dine Zidane<\/strong> pourrait l\u2019imiter apr\u00e8s la Coupe du monde 2026. <strong>Thomas Tuchel<\/strong>, <a href=\"https:\/\/dicodusport.fr\/blog\/psg-bayern-munich-notes-du-match\/\">finaliste de la Ligue des champions avec le PSG<\/a> puis <a href=\"https:\/\/dicodusport.fr\/blog\/chelsea-soffre-une-seconde-ligue-des-champions\/\">vainqueur avec Chelsea<\/a> l\u2019ann\u00e9e suivante, a pris les commandes de l\u2019Angleterre. Mourinho, lui, n\u2019a encore jamais dirig\u00e9 de s\u00e9lection. Mais il ne s\u2019en cache pas : \u00ab <em>Je veux participer \u00e0 un Euro ou une Coupe du monde, unir un pays autour de sa s\u00e9lection, comme j\u2019ai pu le faire avec des clubs et leurs supporters<\/em> \u00bb, confiait-il le 31 d\u00e9cembre 2024 au <a href=\"https:\/\/www.corrieredellosport.it\/news\/calcio\/2024\/12\/30-137063670\/mourinho_esclusivo_il_calcio_in_mano_a_tanti_fenomeni_dellincompetenza\">Corriere dello Sport<\/a>.<\/p>\n<ul style=\"text-align: justify;\">\n<li style=\"text-align: justify;\"><strong>\u00c0 ce sujet \u2013 <a href=\"https:\/\/dicodusport.fr\/blog\/classement-ligue-des-champions-2025-2026-psg-marseille-et-monaco\/\">Classement Ligue des champions 2025-2026 (PSG, Marseille et Monaco)<\/a><\/strong><\/li>\n<\/ul>\n<p style=\"text-align: justify;\">Vainqueur des trois Coupes d\u2019Europe en club, <strong>Jos\u00e9 Mourinho<\/strong> pourrait entrer encore un peu plus dans la l\u00e9gende s\u2019il venait \u00e0 triompher avec une s\u00e9lection. <strong>Rinus Michels<\/strong> avait conquis la Ligue des champions avec l\u2019Ajax (1971) puis l\u2019Euro avec les Pays-Bas (1988). <strong>Vicente del Bosque<\/strong> a fait mieux encore avec le Real Madrid (2000, 2002) puis l\u2019Espagne (Mondial 2010 et Euro 2012). <strong>Marcello Lippi<\/strong> a r\u00e9alis\u00e9 le doubl\u00e9 C1 \u2013 Coupe du monde avec la Juventus (1996) et l\u2019Italie (2006). Trois trajectoires qui pourraient inspirer le fantasque Portugais. Mais une question demeure : quelle s\u00e9lection osera lui confier son destin ?<\/p>\n","protected":false},"excerpt":{"rendered":"<p>Jos\u00e9 Mourinho conna\u00eet-il une r\u00e9gression dans sa carri\u00e8re, ou au contraire, est-il toujours un grand entra\u00eeneur capable de relever tous les d\u00e9fis ? On fait le point.<\/p>\n","protected":false},"author":83,"featured_media":625263,"comment_status":"open","ping_status":"closed","sticky":false,"template":"","format":"standard","meta":{"_acf_changed":false,"_daextam_enable_autolinks":"1","footnotes":""},"categories":[2301],"tags":[8234,16878,6101],"class_list":["post-625241","post","type-post","status-publish","format-standard","has-post-thumbnail","hentry","category-football","tag-benfica","tag-breve","tag-jose-mourinho"],"acf":[],"yoast_head":"<!-- This site is optimized with the Yoast SEO Premium plugin v26.7 (Yoast SEO v26.7) - https:\/\/yoast.com\/wordpress\/plugins\/seo\/ -->\n<title>De retour \u00e0 Benfica, Jos\u00e9 Mourinho fait-il toujours partie du gratin des entra\u00eeneurs ?<\/title>\n<meta name=\"description\" content=\"FOOTBALL - Jos\u00e9 Mourinho conna\u00eet-il une r\u00e9gression dans sa carri\u00e8re, ou au contraire, est-il toujours un grand entra\u00eeneur capable de relever tous les d\u00e9fis ?\" \/>\n<meta name=\"robots\" content=\"index, follow, max-snippet:-1, max-image-preview:large, max-video-preview:-1\" \/>\n<link rel=\"canonical\" href=\"https:\/\/dicodusport.fr\/blog\/de-retour-a-benfica-jose-mourinho-fait-il-toujours-partie-du-gratin-des-entraineurs\/\" \/>\n<meta property=\"og:locale\" content=\"fr_FR\" \/>\n<meta property=\"og:type\" content=\"article\" \/>\n<meta property=\"og:title\" content=\"De retour \u00e0 Benfica, Jos\u00e9 Mourinho fait-il toujours partie du gratin des entra\u00eeneurs ?\" \/>\n<meta property=\"og:description\" content=\"FOOTBALL - Jos\u00e9 Mourinho conna\u00eet-il une r\u00e9gression dans sa carri\u00e8re, ou au contraire, est-il toujours un grand entra\u00eeneur capable de relever tous les d\u00e9fis ?\" \/>\n<meta property=\"og:url\" content=\"https:\/\/dicodusport.fr\/blog\/de-retour-a-benfica-jose-mourinho-fait-il-toujours-partie-du-gratin-des-entraineurs\/\" \/>\n<meta property=\"og:site_name\" content=\"Dicodusport\" \/>\n<meta property=\"article:publisher\" content=\"https:\/\/www.facebook.com\/dicodusport\" \/>\n<meta property=\"article:published_time\" content=\"2025-11-12T15:00:58+00:00\" \/>\n<meta property=\"article:modified_time\" content=\"2025-11-12T15:22:43+00:00\" \/>\n<meta property=\"og:image\" content=\"https:\/\/dicodusport.fr\/blog\/wp-content\/uploads\/2025\/11\/Football-Mourinho-a-Benfica-toujours-parmi-le-gratin-mondial-des-entraineurs-.png\" \/>\n\t<meta property=\"og:image:width\" content=\"1200\" \/>\n\t<meta property=\"og:image:height\" content=\"674\" \/>\n\t<meta property=\"og:image:type\" content=\"image\/png\" \/>\n<meta name=\"author\" content=\"Etienne Goursaud\" \/>\n<meta name=\"twitter:card\" content=\"summary_large_image\" \/>\n<meta name=\"twitter:title\" content=\"De retour \u00e0 Benfica, Jos\u00e9 Mourinho fait-il toujours partie du gratin des entra\u00eeneurs ?\" \/>\n<meta name=\"twitter:creator\" content=\"@dicodusport\" \/>\n<meta name=\"twitter:site\" content=\"@dicodusport\" \/>\n<script type=\"application\/ld+json\" class=\"yoast-schema-graph\">{\"@context\":\"https:\/\/schema.org\",\"@graph\":[{\"@type\":\"NewsArticle\",\"@id\":\"https:\/\/dicodusport.fr\/blog\/de-retour-a-benfica-jose-mourinho-fait-il-toujours-partie-du-gratin-des-entraineurs\/#article\",\"isPartOf\":{\"@id\":\"https:\/\/dicodusport.fr\/blog\/de-retour-a-benfica-jose-mourinho-fait-il-toujours-partie-du-gratin-des-entraineurs\/\"},\"author\":{\"name\":\"Etienne Goursaud\",\"@id\":\"https:\/\/dicodusport.fr\/blog\/#\/schema\/person\/d603dd7da31fb2b46c82b9835a77ec13\"},\"headline\":\"De retour \u00e0 Benfica, Jos\u00e9 Mourinho fait-il toujours partie du gratin des entra\u00eeneurs ?\",\"datePublished\":\"2025-11-12T15:00:58+00:00\",\"dateModified\":\"2025-11-12T15:22:43+00:00\",\"mainEntityOfPage\":{\"@id\":\"https:\/\/dicodusport.fr\/blog\/de-retour-a-benfica-jose-mourinho-fait-il-toujours-partie-du-gratin-des-entraineurs\/\"},\"wordCount\":1028,\"commentCount\":0,\"publisher\":{\"@id\":\"https:\/\/dicodusport.fr\/blog\/#organization\"},\"image\":{\"@id\":\"https:\/\/dicodusport.fr\/blog\/de-retour-a-benfica-jose-mourinho-fait-il-toujours-partie-du-gratin-des-entraineurs\/#primaryimage\"},\"thumbnailUrl\":\"https:\/\/dicodusport.fr\/blog\/wp-content\/uploads\/2025\/11\/Football-Mourinho-a-Benfica-toujours-parmi-le-gratin-mondial-des-entraineurs-.png\",\"keywords\":[\"Benfica\",\"br\u00e8ve\",\"Jos\u00e9 Mourinho\"],\"articleSection\":[\"Football\"],\"inLanguage\":\"fr-FR\",\"potentialAction\":[{\"@type\":\"CommentAction\",\"name\":\"Comment\",\"target\":[\"https:\/\/dicodusport.fr\/blog\/de-retour-a-benfica-jose-mourinho-fait-il-toujours-partie-du-gratin-des-entraineurs\/#respond\"]}],\"copyrightYear\":\"2025\",\"copyrightHolder\":{\"@id\":\"https:\/\/dicodusport.fr\/blog\/#organization\"}},{\"@type\":\"WebPage\",\"@id\":\"https:\/\/dicodusport.fr\/blog\/de-retour-a-benfica-jose-mourinho-fait-il-toujours-partie-du-gratin-des-entraineurs\/\",\"url\":\"https:\/\/dicodusport.fr\/blog\/de-retour-a-benfica-jose-mourinho-fait-il-toujours-partie-du-gratin-des-entraineurs\/\",\"name\":\"De retour \u00e0 Benfica, Jos\u00e9 Mourinho fait-il toujours partie du gratin des entra\u00eeneurs ?\",\"isPartOf\":{\"@id\":\"https:\/\/dicodusport.fr\/blog\/#website\"},\"primaryImageOfPage\":{\"@id\":\"https:\/\/dicodusport.fr\/blog\/de-retour-a-benfica-jose-mourinho-fait-il-toujours-partie-du-gratin-des-entraineurs\/#primaryimage\"},\"image\":{\"@id\":\"https:\/\/dicodusport.fr\/blog\/de-retour-a-benfica-jose-mourinho-fait-il-toujours-partie-du-gratin-des-entraineurs\/#primaryimage\"},\"thumbnailUrl\":\"https:\/\/dicodusport.fr\/blog\/wp-content\/uploads\/2025\/11\/Football-Mourinho-a-Benfica-toujours-parmi-le-gratin-mondial-des-entraineurs-.png\",\"datePublished\":\"2025-11-12T15:00:58+00:00\",\"dateModified\":\"2025-11-12T15:22:43+00:00\",\"description\":\"FOOTBALL - Jos\u00e9 Mourinho conna\u00eet-il une r\u00e9gression dans sa carri\u00e8re, ou au contraire, est-il toujours un grand entra\u00eeneur capable de relever tous les d\u00e9fis ?\",\"breadcrumb\":{\"@id\":\"https:\/\/dicodusport.fr\/blog\/de-retour-a-benfica-jose-mourinho-fait-il-toujours-partie-du-gratin-des-entraineurs\/#breadcrumb\"},\"inLanguage\":\"fr-FR\",\"potentialAction\":[{\"@type\":\"ReadAction\",\"target\":[\"https:\/\/dicodusport.fr\/blog\/de-retour-a-benfica-jose-mourinho-fait-il-toujours-partie-du-gratin-des-entraineurs\/\"]}]},{\"@type\":\"ImageObject\",\"inLanguage\":\"fr-FR\",\"@id\":\"https:\/\/dicodusport.fr\/blog\/de-retour-a-benfica-jose-mourinho-fait-il-toujours-partie-du-gratin-des-entraineurs\/#primaryimage\",\"url\":\"https:\/\/dicodusport.fr\/blog\/wp-content\/uploads\/2025\/11\/Football-Mourinho-a-Benfica-toujours-parmi-le-gratin-mondial-des-entraineurs-.png\",\"contentUrl\":\"https:\/\/dicodusport.fr\/blog\/wp-content\/uploads\/2025\/11\/Football-Mourinho-a-Benfica-toujours-parmi-le-gratin-mondial-des-entraineurs-.png\",\"width\":1200,\"height\":674,\"caption\":\"Football - Mourinho \u00e0 Benfica, toujours parmi le gratin mondial des entra\u00eeneurs ?\"},{\"@type\":\"BreadcrumbList\",\"@id\":\"https:\/\/dicodusport.fr\/blog\/de-retour-a-benfica-jose-mourinho-fait-il-toujours-partie-du-gratin-des-entraineurs\/#breadcrumb\",\"itemListElement\":[{\"@type\":\"ListItem\",\"position\":1,\"name\":\"Accueil\",\"item\":\"https:\/\/dicodusport.fr\/blog\/\"},{\"@type\":\"ListItem\",\"position\":2,\"name\":\"De retour \u00e0 Benfica, Jos\u00e9 Mourinho fait-il toujours partie du gratin des entra\u00eeneurs ?\"}]},{\"@type\":\"WebSite\",\"@id\":\"https:\/\/dicodusport.fr\/blog\/#website\",\"url\":\"https:\/\/dicodusport.fr\/blog\/\",\"name\":\"Dicodusport\",\"description\":\"L&#039;encyclop\u00e9die de l&#039;actualit\u00e9 sportive\",\"publisher\":{\"@id\":\"https:\/\/dicodusport.fr\/blog\/#organization\"},\"potentialAction\":[{\"@type\":\"SearchAction\",\"target\":{\"@type\":\"EntryPoint\",\"urlTemplate\":\"https:\/\/dicodusport.fr\/blog\/?s={search_term_string}\"},\"query-input\":{\"@type\":\"PropertyValueSpecification\",\"valueRequired\":true,\"valueName\":\"search_term_string\"}}],\"inLanguage\":\"fr-FR\"},{\"@type\":\"NewsMediaOrganization\",\"@id\":\"https:\/\/dicodusport.fr\/blog\/#organization\",\"name\":\"Dicodusport\",\"url\":\"https:\/\/dicodusport.fr\/blog\/\",\"logo\":{\"@type\":\"ImageObject\",\"inLanguage\":\"fr-FR\",\"@id\":\"https:\/\/dicodusport.fr\/blog\/#\/schema\/logo\/image\/\",\"url\":\"https:\/\/dicodusport.fr\/blog\/wp-content\/uploads\/2020\/06\/cropped-LOGO-DICODUSPORT-2020-SANS-FOND-SANS-TEXTE.png\",\"contentUrl\":\"https:\/\/dicodusport.fr\/blog\/wp-content\/uploads\/2020\/06\/cropped-LOGO-DICODUSPORT-2020-SANS-FOND-SANS-TEXTE.png\",\"width\":512,\"height\":512,\"caption\":\"Dicodusport\"},\"image\":{\"@id\":\"https:\/\/dicodusport.fr\/blog\/#\/schema\/logo\/image\/\"},\"sameAs\":[\"https:\/\/www.facebook.com\/dicodusport\",\"https:\/\/x.com\/dicodusport\",\"https:\/\/www.instagram.com\/dicodusport\/\",\"https:\/\/www.youtube.com\/channel\/UC7V2KZ5sd3htJivAbA4ZG3w\"],\"description\":\"Dicodusport est l'encyclop\u00e9die de l'actualit\u00e9 sportive.\",\"email\":\"bonjour@dicodusport.fr\",\"legalName\":\"DICODUSPORT\",\"foundingDate\":\"2018-01-14\",\"vatID\":\"FR71834470973\",\"taxID\":\"83447097300043\",\"numberOfEmployees\":{\"@type\":\"QuantitativeValue\",\"minValue\":\"1\",\"maxValue\":\"10\"}},{\"@type\":\"Person\",\"@id\":\"https:\/\/dicodusport.fr\/blog\/#\/schema\/person\/d603dd7da31fb2b46c82b9835a77ec13\",\"name\":\"Etienne Goursaud\",\"image\":{\"@type\":\"ImageObject\",\"inLanguage\":\"fr-FR\",\"@id\":\"https:\/\/dicodusport.fr\/blog\/#\/schema\/person\/image\/\",\"url\":\"https:\/\/dicodusport.fr\/blog\/wp-content\/uploads\/2023\/12\/410122264_10231602061736049_5565839791558026645_n-150x150.jpg\",\"contentUrl\":\"https:\/\/dicodusport.fr\/blog\/wp-content\/uploads\/2023\/12\/410122264_10231602061736049_5565839791558026645_n-150x150.jpg\",\"caption\":\"Etienne Goursaud\"},\"description\":\"Journaliste et amoureux de sport. Ancien footballeur reconverti athl\u00e8te quand ses muscles le laissent tranquille. \u00c9lev\u00e9 \u00e0 la sauce des exploits de Thomas Voeckler en 2004, du dernier essai de l\u00e9gende de Eunice Barber \u00e0 la longueur lors des championnats du monde d'athl\u00e9tisme de 2003 mais aussi Zidane, Omeyer et Titou Lamaison.\",\"url\":\"https:\/\/dicodusport.fr\/blog\/author\/etienne-goursaud\/\"}]}<\/script>\n<!-- \/ Yoast SEO Premium plugin. -->","yoast_head_json":{"title":"De retour \u00e0 Benfica, Jos\u00e9 Mourinho fait-il toujours partie du gratin des entra\u00eeneurs ?","description":"FOOTBALL - Jos\u00e9 Mourinho conna\u00eet-il une r\u00e9gression dans sa carri\u00e8re, ou au contraire, est-il toujours un grand entra\u00eeneur capable de relever tous les d\u00e9fis ?","robots":{"index":"index","follow":"follow","max-snippet":"max-snippet:-1","max-image-preview":"max-image-preview:large","max-video-preview":"max-video-preview:-1"},"canonical":"https:\/\/dicodusport.fr\/blog\/de-retour-a-benfica-jose-mourinho-fait-il-toujours-partie-du-gratin-des-entraineurs\/","og_locale":"fr_FR","og_type":"article","og_title":"De retour \u00e0 Benfica, Jos\u00e9 Mourinho fait-il toujours partie du gratin des entra\u00eeneurs ?","og_description":"FOOTBALL - Jos\u00e9 Mourinho conna\u00eet-il une r\u00e9gression dans sa carri\u00e8re, ou au contraire, est-il toujours un grand entra\u00eeneur capable de relever tous les d\u00e9fis ?","og_url":"https:\/\/dicodusport.fr\/blog\/de-retour-a-benfica-jose-mourinho-fait-il-toujours-partie-du-gratin-des-entraineurs\/","og_site_name":"Dicodusport","article_publisher":"https:\/\/www.facebook.com\/dicodusport","article_published_time":"2025-11-12T15:00:58+00:00","article_modified_time":"2025-11-12T15:22:43+00:00","og_image":[{"width":1200,"height":674,"url":"https:\/\/dicodusport.fr\/blog\/wp-content\/uploads\/2025\/11\/Football-Mourinho-a-Benfica-toujours-parmi-le-gratin-mondial-des-entraineurs-.png","type":"image\/png"}],"author":"Etienne Goursaud","twitter_card":"summary_large_image","twitter_title":"De retour \u00e0 Benfica, Jos\u00e9 Mourinho fait-il toujours partie du gratin des entra\u00eeneurs ?","twitter_creator":"@dicodusport","twitter_site":"@dicodusport","schema":{"@context":"https:\/\/schema.org","@graph":[{"@type":"NewsArticle","@id":"https:\/\/dicodusport.fr\/blog\/de-retour-a-benfica-jose-mourinho-fait-il-toujours-partie-du-gratin-des-entraineurs\/#article","isPartOf":{"@id":"https:\/\/dicodusport.fr\/blog\/de-retour-a-benfica-jose-mourinho-fait-il-toujours-partie-du-gratin-des-entraineurs\/"},"author":{"name":"Etienne Goursaud","@id":"https:\/\/dicodusport.fr\/blog\/#\/schema\/person\/d603dd7da31fb2b46c82b9835a77ec13"},"headline":"De retour \u00e0 Benfica, Jos\u00e9 Mourinho fait-il toujours partie du gratin des entra\u00eeneurs ?","datePublished":"2025-11-12T15:00:58+00:00","dateModified":"2025-11-12T15:22:43+00:00","mainEntityOfPage":{"@id":"https:\/\/dicodusport.fr\/blog\/de-retour-a-benfica-jose-mourinho-fait-il-toujours-partie-du-gratin-des-entraineurs\/"},"wordCount":1028,"commentCount":0,"publisher":{"@id":"https:\/\/dicodusport.fr\/blog\/#organization"},"image":{"@id":"https:\/\/dicodusport.fr\/blog\/de-retour-a-benfica-jose-mourinho-fait-il-toujours-partie-du-gratin-des-entraineurs\/#primaryimage"},"thumbnailUrl":"https:\/\/dicodusport.fr\/blog\/wp-content\/uploads\/2025\/11\/Football-Mourinho-a-Benfica-toujours-parmi-le-gratin-mondial-des-entraineurs-.png","keywords":["Benfica","br\u00e8ve","Jos\u00e9 Mourinho"],"articleSection":["Football"],"inLanguage":"fr-FR","potentialAction":[{"@type":"CommentAction","name":"Comment","target":["https:\/\/dicodusport.fr\/blog\/de-retour-a-benfica-jose-mourinho-fait-il-toujours-partie-du-gratin-des-entraineurs\/#respond"]}],"copyrightYear":"2025","copyrightHolder":{"@id":"https:\/\/dicodusport.fr\/blog\/#organization"}},{"@type":"WebPage","@id":"https:\/\/dicodusport.fr\/blog\/de-retour-a-benfica-jose-mourinho-fait-il-toujours-partie-du-gratin-des-entraineurs\/","url":"https:\/\/dicodusport.fr\/blog\/de-retour-a-benfica-jose-mourinho-fait-il-toujours-partie-du-gratin-des-entraineurs\/","name":"De retour \u00e0 Benfica, Jos\u00e9 Mourinho fait-il toujours partie du gratin des entra\u00eeneurs ?","isPartOf":{"@id":"https:\/\/dicodusport.fr\/blog\/#website"},"primaryImageOfPage":{"@id":"https:\/\/dicodusport.fr\/blog\/de-retour-a-benfica-jose-mourinho-fait-il-toujours-partie-du-gratin-des-entraineurs\/#primaryimage"},"image":{"@id":"https:\/\/dicodusport.fr\/blog\/de-retour-a-benfica-jose-mourinho-fait-il-toujours-partie-du-gratin-des-entraineurs\/#primaryimage"},"thumbnailUrl":"https:\/\/dicodusport.fr\/blog\/wp-content\/uploads\/2025\/11\/Football-Mourinho-a-Benfica-toujours-parmi-le-gratin-mondial-des-entraineurs-.png","datePublished":"2025-11-12T15:00:58+00:00","dateModified":"2025-11-12T15:22:43+00:00","description":"FOOTBALL - Jos\u00e9 Mourinho conna\u00eet-il une r\u00e9gression dans sa carri\u00e8re, ou au contraire, est-il toujours un grand entra\u00eeneur capable de relever tous les d\u00e9fis ?","breadcrumb":{"@id":"https:\/\/dicodusport.fr\/blog\/de-retour-a-benfica-jose-mourinho-fait-il-toujours-partie-du-gratin-des-entraineurs\/#breadcrumb"},"inLanguage":"fr-FR","potentialAction":[{"@type":"ReadAction","target":["https:\/\/dicodusport.fr\/blog\/de-retour-a-benfica-jose-mourinho-fait-il-toujours-partie-du-gratin-des-entraineurs\/"]}]},{"@type":"ImageObject","inLanguage":"fr-FR","@id":"https:\/\/dicodusport.fr\/blog\/de-retour-a-benfica-jose-mourinho-fait-il-toujours-partie-du-gratin-des-entraineurs\/#primaryimage","url":"https:\/\/dicodusport.fr\/blog\/wp-content\/uploads\/2025\/11\/Football-Mourinho-a-Benfica-toujours-parmi-le-gratin-mondial-des-entraineurs-.png","contentUrl":"https:\/\/dicodusport.fr\/blog\/wp-content\/uploads\/2025\/11\/Football-Mourinho-a-Benfica-toujours-parmi-le-gratin-mondial-des-entraineurs-.png","width":1200,"height":674,"caption":"Football - Mourinho \u00e0 Benfica, toujours parmi le gratin mondial des entra\u00eeneurs ?"},{"@type":"BreadcrumbList","@id":"https:\/\/dicodusport.fr\/blog\/de-retour-a-benfica-jose-mourinho-fait-il-toujours-partie-du-gratin-des-entraineurs\/#breadcrumb","itemListElement":[{"@type":"ListItem","position":1,"name":"Accueil","item":"https:\/\/dicodusport.fr\/blog\/"},{"@type":"ListItem","position":2,"name":"De retour \u00e0 Benfica, Jos\u00e9 Mourinho fait-il toujours partie du gratin des entra\u00eeneurs ?"}]},{"@type":"WebSite","@id":"https:\/\/dicodusport.fr\/blog\/#website","url":"https:\/\/dicodusport.fr\/blog\/","name":"Dicodusport","description":"L&#039;encyclop\u00e9die de l&#039;actualit\u00e9 sportive","publisher":{"@id":"https:\/\/dicodusport.fr\/blog\/#organization"},"potentialAction":[{"@type":"SearchAction","target":{"@type":"EntryPoint","urlTemplate":"https:\/\/dicodusport.fr\/blog\/?s={search_term_string}"},"query-input":{"@type":"PropertyValueSpecification","valueRequired":true,"valueName":"search_term_string"}}],"inLanguage":"fr-FR"},{"@type":"NewsMediaOrganization","@id":"https:\/\/dicodusport.fr\/blog\/#organization","name":"Dicodusport","url":"https:\/\/dicodusport.fr\/blog\/","logo":{"@type":"ImageObject","inLanguage":"fr-FR","@id":"https:\/\/dicodusport.fr\/blog\/#\/schema\/logo\/image\/","url":"https:\/\/dicodusport.fr\/blog\/wp-content\/uploads\/2020\/06\/cropped-LOGO-DICODUSPORT-2020-SANS-FOND-SANS-TEXTE.png","contentUrl":"https:\/\/dicodusport.fr\/blog\/wp-content\/uploads\/2020\/06\/cropped-LOGO-DICODUSPORT-2020-SANS-FOND-SANS-TEXTE.png","width":512,"height":512,"caption":"Dicodusport"},"image":{"@id":"https:\/\/dicodusport.fr\/blog\/#\/schema\/logo\/image\/"},"sameAs":["https:\/\/www.facebook.com\/dicodusport","https:\/\/x.com\/dicodusport","https:\/\/www.instagram.com\/dicodusport\/","https:\/\/www.youtube.com\/channel\/UC7V2KZ5sd3htJivAbA4ZG3w"],"description":"Dicodusport est l'encyclop\u00e9die de l'actualit\u00e9 sportive.","email":"bonjour@dicodusport.fr","legalName":"DICODUSPORT","foundingDate":"2018-01-14","vatID":"FR71834470973","taxID":"83447097300043","numberOfEmployees":{"@type":"QuantitativeValue","minValue":"1","maxValue":"10"}},{"@type":"Person","@id":"https:\/\/dicodusport.fr\/blog\/#\/schema\/person\/d603dd7da31fb2b46c82b9835a77ec13","name":"Etienne Goursaud","image":{"@type":"ImageObject","inLanguage":"fr-FR","@id":"https:\/\/dicodusport.fr\/blog\/#\/schema\/person\/image\/","url":"https:\/\/dicodusport.fr\/blog\/wp-content\/uploads\/2023\/12\/410122264_10231602061736049_5565839791558026645_n-150x150.jpg","contentUrl":"https:\/\/dicodusport.fr\/blog\/wp-content\/uploads\/2023\/12\/410122264_10231602061736049_5565839791558026645_n-150x150.jpg","caption":"Etienne Goursaud"},"description":"Journaliste et amoureux de sport. Ancien footballeur reconverti athl\u00e8te quand ses muscles le laissent tranquille. \u00c9lev\u00e9 \u00e0 la sauce des exploits de Thomas Voeckler en 2004, du dernier essai de l\u00e9gende de Eunice Barber \u00e0 la longueur lors des championnats du monde d'athl\u00e9tisme de 2003 mais aussi Zidane, Omeyer et Titou Lamaison.","url":"https:\/\/dicodusport.fr\/blog\/author\/etienne-goursaud\/"}]}},"_links":{"self":[{"href":"https:\/\/dicodusport.fr\/blog\/wp-json\/wp\/v2\/posts\/625241","targetHints":{"allow":["GET"]}}],"collection":[{"href":"https:\/\/dicodusport.fr\/blog\/wp-json\/wp\/v2\/posts"}],"about":[{"href":"https:\/\/dicodusport.fr\/blog\/wp-json\/wp\/v2\/types\/post"}],"author":[{"embeddable":true,"href":"https:\/\/dicodusport.fr\/blog\/wp-json\/wp\/v2\/users\/83"}],"replies":[{"embeddable":true,"href":"https:\/\/dicodusport.fr\/blog\/wp-json\/wp\/v2\/comments?post=625241"}],"version-history":[{"count":4,"href":"https:\/\/dicodusport.fr\/blog\/wp-json\/wp\/v2\/posts\/625241\/revisions"}],"predecessor-version":[{"id":625309,"href":"https:\/\/dicodusport.fr\/blog\/wp-json\/wp\/v2\/posts\/625241\/revisions\/625309"}],"wp:featuredmedia":[{"embeddable":true,"href":"https:\/\/dicodusport.fr\/blog\/wp-json\/wp\/v2\/media\/625263"}],"wp:attachment":[{"href":"https:\/\/dicodusport.fr\/blog\/wp-json\/wp\/v2\/media?parent=625241"}],"wp:term":[{"taxonomy":"category","embeddable":true,"href":"https:\/\/dicodusport.fr\/blog\/wp-json\/wp\/v2\/categories?post=625241"},{"taxonomy":"post_tag","embeddable":true,"href":"https:\/\/dicodusport.fr\/blog\/wp-json\/wp\/v2\/tags?post=625241"}],"curies":[{"name":"wp","href":"https:\/\/api.w.org\/{rel}","templated":true}]}}