{"id":625319,"date":"2025-11-12T18:51:28","date_gmt":"2025-11-12T17:51:28","guid":{"rendered":"https:\/\/dicodusport.fr\/blog\/?p=625319&#038;preview=true&#038;preview_id=625319"},"modified":"2025-11-13T11:26:56","modified_gmt":"2025-11-13T10:26:56","slug":"cyril-burdet-aucun-objectif-de-medaille-na-ete-fixe-pour-les-jeux","status":"publish","type":"post","link":"https:\/\/dicodusport.fr\/blog\/cyril-burdet-aucun-objectif-de-medaille-na-ete-fixe-pour-les-jeux\/","title":{"rendered":"Cyril Burdet : \u00ab\u00a0Aucun objectif de m\u00e9daille n&rsquo;a \u00e9t\u00e9 fix\u00e9 pour les Jeux\u00a0\u00bb"},"content":{"rendered":"<p style=\"text-align: justify;\"><strong><em>BIATHLON \u2013 La saison 2025-2026 de biathlon d\u00e9bute dans quelques jours. Alors que les Jeux Olympiques de Milan-Cortina auront lieu en f\u00e9vrier prochain, l\u2019entra\u00eeneur de l\u2019\u00e9quipe de France f\u00e9minine, Cyril Burdet, a r\u00e9pondu \u00e0 nos questions.<\/em><\/strong><\/p>\n<h2 style=\"text-align: justify;\">Certains m\u00e9dias ont \u00e9voqu\u00e9 votre d\u00e9part du poste d\u2019entra\u00eeneur de l\u2019\u00e9quipe de France. Que pouvez-vous r\u00e9pondre ?<\/h2>\n<p style=\"text-align: justify;\">Cette information fait partie de ces choses qu\u2019on lit parfois, mais pour ma part, je suis totalement focalis\u00e9 sur la saison \u00e0 venir. Mon avenir est clair : je pr\u00e9pare les Jeux olympiques avec cette \u00e9quipe, qui est incroyable, et je n\u2019ai rien \u00e0 redire \u00e0 cela.<\/p>\n<div class=\"vlp-link-container vlp-layout-article\"><a href=\"https:\/\/dicodusport.fr\/blog\/biathlon-fortes-tensions-au-sein-du-groupe-feminin-cyril-burdet-sur-le-depart\/\" class=\"vlp-link\" title=\"Biathlon : Fortes tensions au sein du groupe f\u00e9minin, Cyril Burdet sur le d\u00e9part ?\"><\/a><div class=\"vlp-layout-zone-side\"><div class=\"vlp-block-4 vlp-link-image\"><img loading=\"lazy\" decoding=\"async\" style=\"max-width: 792px;\" width=\"792\" height=\"445\" src=\"https:\/\/dicodusport.fr\/blog\/wp-content\/uploads\/2025\/11\/Biathlon-Fortes-tensions-au-sein-du-groupe-feminin-Cyril-Burdet-sur-le-depart.png\" class=\"attachment-800x445 size-800x445\" alt=\"Biathlon Fortes tensions au sein du groupe f\u00e9minin, Cyril Burdet sur le d\u00e9part\" srcset=\"https:\/\/dicodusport.fr\/blog\/wp-content\/uploads\/2025\/11\/Biathlon-Fortes-tensions-au-sein-du-groupe-feminin-Cyril-Burdet-sur-le-depart.png 1200w, https:\/\/dicodusport.fr\/blog\/wp-content\/uploads\/2025\/11\/Biathlon-Fortes-tensions-au-sein-du-groupe-feminin-Cyril-Burdet-sur-le-depart-300x169.png 300w, https:\/\/dicodusport.fr\/blog\/wp-content\/uploads\/2025\/11\/Biathlon-Fortes-tensions-au-sein-du-groupe-feminin-Cyril-Burdet-sur-le-depart-1024x575.png 1024w, https:\/\/dicodusport.fr\/blog\/wp-content\/uploads\/2025\/11\/Biathlon-Fortes-tensions-au-sein-du-groupe-feminin-Cyril-Burdet-sur-le-depart-768x431.png 768w\" sizes=\"auto, (max-width: 792px) 100vw, 792px\" \/><\/div><\/div><div class=\"vlp-layout-zone-main\"><div class=\"vlp-block-0 vlp-link-title\">Biathlon : Fortes tensions au sein du groupe f\u00e9minin, Cyril Burdet sur le d\u00e9part ?<\/div><div class=\"vlp-block-1 vlp-link-summary\">BIATHLON -\u00a0 Alors que le verdict est tomb\u00e9 dans l'affaire Julia Simon, il pourrait d\u00e9grader encore plus le groupe f\u00e9minin fran\u00e7ais, voire entra\u00eener le d\u00e9part de Cyril Burdet.<\/div><div class=\"vlp-block-2 vlp-link-button\">Lire l'article<\/div><div class=\"vlp-block-3 vlp-link-url\">dicodusport.fr<\/div><\/div><\/div>\n<h2 style=\"text-align: justify;\">Comment pr\u00e9pare-t-on une saison avec les Jeux Olympiques en ligne de mire ?<\/h2>\n<p style=\"text-align: justify;\">Il n\u2019y a pas de diff\u00e9rence majeure dans l\u2019approche : on conserve le m\u00eame \u00e9tat d\u2019esprit et les m\u00eames principes. Ce qui change, c\u2019est que les Jeux repr\u00e9sentent l\u2019aboutissement de notre projet. C\u2019est un cycle de quatre ans que nous avons construit depuis ma prise de fonction, avec l\u2019objectif de progresser chaque saison sur diff\u00e9rents param\u00e8tres. Par exemple, nous avons beaucoup travaill\u00e9 sur l\u2019altitude ces quatre derni\u00e8res ann\u00e9es pour arriver \u00e0 cette saison avec toutes les cartes en main.<\/p>\n<p style=\"text-align: justify;\">Cette saison est donc l\u2019aboutissement d\u2019un travail de longue haleine, l\u00e0 o\u00f9 les pr\u00e9c\u00e9dentes \u00e9taient des \u00e9tapes interm\u00e9diaires. Mais pour l\u2019heure, nous restons focalis\u00e9s sur le d\u00e9but de saison et les premi\u00e8res manches de Coupe du monde. Les Jeux ne sont qu\u2019en f\u00e9vrier, inutile d\u2019y penser trop t\u00f4t, m\u00eame si leur aura est particuli\u00e8re.<\/p>\n<ul>\n<li style=\"text-align: justify;\"><strong>\u00c0 ce sujet &#8211; <a href=\"https:\/\/dicodusport.fr\/blog\/justine-braisaz-bouchet-sur-une-possible-retraite-en-2026-je-nai-pas-encore-pris-ma-decision\/\">Justine Braisaz-Bouchet sur une possible retraite en 2026 : \u00ab Je n\u2019ai pas encore pris ma d\u00e9cision \u00bb<\/a><\/strong><\/li>\n<\/ul>\n<h2 style=\"text-align: justify;\">Vous avez \u00e9t\u00e9 entra\u00eeneur de ski de fond lors des pr\u00e9c\u00e9dentes olympiades. Qu\u2019en retenez-vous ?<\/h2>\n<p style=\"text-align: justify;\">Beaucoup d\u2019exp\u00e9rience. J\u2019ai v\u00e9cu des \u00e9motions fortes, dans les deux sens : des grandes joies et des d\u00e9ceptions. Les deux derni\u00e8res \u00e9ditions se sont d\u00e9roul\u00e9es dans des lieux atypiques, loin des bastions du ski nordique. Ce ne sera pas le cas cette ann\u00e9e, et c\u2019est une diff\u00e9rence importante.<\/p>\n<h2 style=\"text-align: justify;\">La France est aujourd\u2019hui l\u2019une des nations favorites. Qu\u2019est-ce qui explique cette mont\u00e9e en puissance ?<\/h2>\n<p style=\"text-align: justify;\">Ce n\u2019est pas le fruit d\u2019une ou deux athl\u00e8tes qui tirent l\u2019\u00e9quipe vers le haut, mais d\u2019un ensemble de facteurs. Le premier, c\u2019est la densit\u00e9 de talent. Nous avons la chance d\u2019avoir des athl\u00e8tes exp\u00e9riment\u00e9es, aguerries au plus haut niveau, qui servent de locomotive et d\u2019exemple pour les plus jeunes. Et derri\u00e8re, les filles issues de l\u2019IBU Cup ou du circuit national arrivent avec envie et fra\u00eecheur. Cela cr\u00e9e une \u00e9mulation interne incroyable. Chaque entra\u00eenement est d\u2019une intensit\u00e9 folle, et \u00e7a se traduit par des performances r\u00e9guli\u00e8res. Aujourd\u2019hui, la pression est bien r\u00e9partie : on peut s\u2019appuyer sur l\u2019ensemble du collectif, et c\u2019est ce qui fait sa force.<\/p>\n<h2 style=\"text-align: justify;\">Oc\u00e9ane Michelon et Jeanne Richard sont les jeunes du groupe. Comment \u00e9valuez-vous leur progression ?<\/h2>\n<p style=\"text-align: justify;\">Leur progression a \u00e9t\u00e9 fulgurante l\u2019an dernier. Honn\u00eatement, personne ne les attendait \u00e0 un tel niveau, surtout dans la dur\u00e9e. On les savait talentueuses, mais les voir scorer avec autant de r\u00e9gularit\u00e9, c\u2019\u00e9tait une vraie surprise. Elles se sont battues jusqu\u2019\u00e0 la derni\u00e8re \u00e9tape pour le dossard bleu et ont termin\u00e9 dans le top 5 mondial. C\u2019est exceptionnel pour des biathl\u00e8tes aussi jeunes.<\/p>\n<p style=\"text-align: justify;\">Quand on atteint ce niveau, les marges de progression deviennent plus fines. <strong>Jeanne<\/strong> a un tir tr\u00e8s r\u00e9gulier, ce qui a \u00e9t\u00e9 sa base l\u2019an dernier. Nous avons travaill\u00e9 le physique et la technique, et elle continue de progresser. <strong>Oc\u00e9ane<\/strong>, de son c\u00f4t\u00e9, a surtout travaill\u00e9 sur la gestion \u00e9motionnelle. Elle aborde la saison avec un nouveau statut, celui de vice-championne du monde de mass start et championne du monde du relais. Pour elle, le d\u00e9fi est d\u2019assumer ce statut et les attentes qui vont avec.<\/p>\n<div class=\"vlp-link-container vlp-layout-article\"><a href=\"https:\/\/dicodusport.fr\/blog\/jeanne-richard-ambitieuse-les-jo-on-a-tous-cet-objectif-en-tete\/\" class=\"vlp-link\" title=\"Jeanne Richard ambitieuse : &quot;Les JO, on a tous cet objectif en t\u00eate&quot;\"><\/a><div class=\"vlp-layout-zone-side\"><div class=\"vlp-block-4 vlp-link-image\"><img loading=\"lazy\" decoding=\"async\" style=\"max-width: 792px;\" width=\"792\" height=\"445\" src=\"https:\/\/dicodusport.fr\/blog\/wp-content\/uploads\/2025\/11\/Jeanne-Richard-Les-JO-on-a-tous-cet-objectif-en-tete.png\" class=\"attachment-800x445 size-800x445\" alt=\"Jeanne Richard Les JO, on a tous cet objectif en t\u00eate\" srcset=\"https:\/\/dicodusport.fr\/blog\/wp-content\/uploads\/2025\/11\/Jeanne-Richard-Les-JO-on-a-tous-cet-objectif-en-tete.png 1200w, https:\/\/dicodusport.fr\/blog\/wp-content\/uploads\/2025\/11\/Jeanne-Richard-Les-JO-on-a-tous-cet-objectif-en-tete-300x169.png 300w, https:\/\/dicodusport.fr\/blog\/wp-content\/uploads\/2025\/11\/Jeanne-Richard-Les-JO-on-a-tous-cet-objectif-en-tete-1024x575.png 1024w, https:\/\/dicodusport.fr\/blog\/wp-content\/uploads\/2025\/11\/Jeanne-Richard-Les-JO-on-a-tous-cet-objectif-en-tete-768x431.png 768w\" sizes=\"auto, (max-width: 792px) 100vw, 792px\" \/><\/div><\/div><div class=\"vlp-layout-zone-main\"><div class=\"vlp-block-0 vlp-link-title\">Jeanne Richard ambitieuse : \"Les JO, on a tous cet objectif en t\u00eate\"<\/div><div class=\"vlp-block-1 vlp-link-summary\">Cinqui\u00e8me mondiale pour sa deuxi\u00e8me saison, Jeanne Richard a largement d\u00e9pass\u00e9 les attentes. Lors d\u2019une rencontre avec la presse, o\u00f9 Dicodusport \u00e9tait pr\u00e9sent, la biathl\u00e8te de 23 ans a \u00e9voqu\u00e9 la saison \u00e0 venir, avec de gros enjeux pour elle.<\/div><div class=\"vlp-block-2 vlp-link-button\">Lire l'article<\/div><div class=\"vlp-block-3 vlp-link-url\">dicodusport.fr<\/div><\/div><\/div>\n<h2 style=\"text-align: justify;\">Avez-vous fix\u00e9 un objectif de m\u00e9dailles pour les Jeux ?<\/h2>\n<p style=\"text-align: justify;\">Honn\u00eatement, non. C\u2019est tr\u00e8s difficile de se fixer ce genre d\u2019objectif. Lors des derniers championnats du monde, on ne s\u2019en \u00e9tait pas fix\u00e9 et cela ne nous a pas emp\u00each\u00e9s de briller. Les m\u00e9dailles sont extr\u00eamement dures \u00e0 conqu\u00e9rir. Le pi\u00e8ge serait de se perdre dans cette qu\u00eate. Bien s\u00fbr, avec notre \u00e9quipe, les ambitions sont \u00e9lev\u00e9es, mais il faut rester concentr\u00e9s sur le travail et assumer notre statut de favoris.<\/p>\n<h2 style=\"text-align: justify;\">Comment pr\u00e9parez-vous vos biathl\u00e8tes \u00e0 l\u2019aube de cette saison ?<\/h2>\n<p style=\"text-align: justify;\">Notre but est d\u2019aligner la meilleure \u00e9quipe possible, que ce soit en Coupe du monde ou aux Jeux. Beaucoup de filles m\u00e9ritent leur place, mais les quotas sont ce qu\u2019ils sont. Les athl\u00e8tes sont impatientes d\u2019en d\u00e9coudre et de prouver leur valeur. De notre c\u00f4t\u00e9, on s\u2019appuiera sur plusieurs crit\u00e8res : la performance, le niveau de forme du moment et l\u2019exp\u00e9rience. Il faudra trouver le bon \u00e9quilibre pour \u00eatre justes et performants. Si l\u2019on se retrouve, comme l\u2019an pass\u00e9, \u00e0 devoir choisir entre plusieurs excellentes options, ce sera une situation id\u00e9ale.<\/p>\n<div class=\"vlp-link-container vlp-layout-article\"><a href=\"https:\/\/dicodusport.fr\/blog\/jean-paul-giachino-cest-ma-derniere-saison-cest-sur\/\" class=\"vlp-link\" title=\"Jean-Paul Giachino : &quot;C&#039;est ma derni\u00e8re saison, c&#039;est s\u00fbr&quot;\"><\/a><div class=\"vlp-layout-zone-side\"><div class=\"vlp-block-4 vlp-link-image\"><img loading=\"lazy\" decoding=\"async\" style=\"max-width: 792px;\" width=\"792\" height=\"445\" src=\"https:\/\/dicodusport.fr\/blog\/wp-content\/uploads\/2025\/11\/Jean-Paul-Giachino-Cest-ma-derniere-saison-cest-sur.png\" class=\"attachment-800x445 size-800x445\" alt=\"Jean-Paul Giachino C&#039;est ma derni\u00e8re saison, c&#039;est s\u00fbr\" srcset=\"https:\/\/dicodusport.fr\/blog\/wp-content\/uploads\/2025\/11\/Jean-Paul-Giachino-Cest-ma-derniere-saison-cest-sur.png 1200w, https:\/\/dicodusport.fr\/blog\/wp-content\/uploads\/2025\/11\/Jean-Paul-Giachino-Cest-ma-derniere-saison-cest-sur-300x169.png 300w, https:\/\/dicodusport.fr\/blog\/wp-content\/uploads\/2025\/11\/Jean-Paul-Giachino-Cest-ma-derniere-saison-cest-sur-1024x575.png 1024w, https:\/\/dicodusport.fr\/blog\/wp-content\/uploads\/2025\/11\/Jean-Paul-Giachino-Cest-ma-derniere-saison-cest-sur-768x431.png 768w\" sizes=\"auto, (max-width: 792px) 100vw, 792px\" \/><\/div><\/div><div class=\"vlp-layout-zone-main\"><div class=\"vlp-block-0 vlp-link-title\">Jean-Paul Giachino : \"C'est ma derni\u00e8re saison, c'est s\u00fbr\"<\/div><div class=\"vlp-block-1 vlp-link-summary\">Jean-Paul Giachino, entra\u00eeneur de tir de l\u2019\u00c9quipe de France f\u00e9minine de biathlon, mettra fin \u00e0 sa carri\u00e8re d\u2019entra\u00eeneur \u00e0 l\u2019issue de cette saison olympique, \u00e0 62 ans. Lors d\u2019une rencontre avec la presse, o\u00f9 Dicodusport \u00e9tait pr\u00e9sent, il est revenu sur la pr\u00e9paration, le tir et l\u2019\u00e9volution du biathlon au fil des d\u00e9cennies.<\/div><div class=\"vlp-block-2 vlp-link-button\">Lire l'article<\/div><div class=\"vlp-block-3 vlp-link-url\">dicodusport.fr<\/div><\/div><\/div>\n<h2 style=\"text-align: justify;\">Apr\u00e8s ce stage en altitude \u00e0 Bessans, la transition vers \u00d6stersund est-elle \u00e0 craindre ?<\/h2>\n<p style=\"text-align: justify;\">J\u2019aborde cette premi\u00e8re \u00e9tape avec confiance. Ce mod\u00e8le a d\u00e9j\u00e0 port\u00e9 ses fruits par le pass\u00e9. Nous avons souvent su performer d\u00e8s l\u2019ouverture. L\u2019objectif est de briller sur la dur\u00e9e. Si les r\u00e9sultats arrivent d\u00e8s \u00d6stersund, tant mieux ; sinon, ce n\u2019est pas dramatique. Nous visons la victoire d\u2019entr\u00e9e, sur l\u2019individuel et le relais. Mais la saison est longue, et rien ne se joue sur une seule \u00e9tape.<\/p>\n<p style=\"text-align: justify;\">L\u2019\u00e9tape du <strong>Grand-Bornand<\/strong> servira de r\u00e9p\u00e9tition g\u00e9n\u00e9rale avant les Jeux. Elle a une saveur particuli\u00e8re : la ferveur du public fran\u00e7ais, la pression, tout y sera. Ce sera une \u00e9tape cl\u00e9 dans la pr\u00e9paration.<\/p>\n<h2 style=\"text-align: justify;\">Pouvez-vous confirmer que Jeanne Richard manquera le d\u00e9but de saison ? Et Julia Simon, sera-t-elle de retour pour la deuxi\u00e8me manche ?<\/h2>\n<p style=\"text-align: justify;\">Sur ces sujets, j\u2019ai envie de dire que j\u2019en ai un peu marre de parler de l\u2019extra-sportif. L\u2019affaire de Julia est termin\u00e9e : les faits ont \u00e9t\u00e9 jug\u00e9s et condamn\u00e9s, et nous respectons cette d\u00e9cision. D\u00e9sormais, on se concentre uniquement sur le sportif.<\/p>\n<h3 style=\"text-align: justify;\">\u00c0 ce sujet<\/h3>\n<div class=\"vlp-link-container vlp-layout-article\"><a href=\"https:\/\/dicodusport.fr\/blog\/julia-simon-ou-quand-une-condamnation-nentraine-aucune-sanction\/\" class=\"vlp-link\" title=\"\u00c9dito : Julia Simon, o\u00f9 quand une condamnation n&#039;entra\u00eene aucune sanction\"><\/a><div class=\"vlp-layout-zone-side\"><div class=\"vlp-block-4 vlp-link-image\"><img loading=\"lazy\" decoding=\"async\" style=\"max-width: 792px;\" width=\"792\" height=\"445\" src=\"https:\/\/dicodusport.fr\/blog\/wp-content\/uploads\/2025\/11\/Julia-Simon-ou-quand-une-condamnation-nentraine-aucune-sanction.png\" class=\"attachment-800x445 size-800x445\" alt=\"Julia Simon, o\u00f9 quand une condamnation n&#039;entra\u00eene aucune sanction\" srcset=\"https:\/\/dicodusport.fr\/blog\/wp-content\/uploads\/2025\/11\/Julia-Simon-ou-quand-une-condamnation-nentraine-aucune-sanction.png 1200w, https:\/\/dicodusport.fr\/blog\/wp-content\/uploads\/2025\/11\/Julia-Simon-ou-quand-une-condamnation-nentraine-aucune-sanction-300x169.png 300w, https:\/\/dicodusport.fr\/blog\/wp-content\/uploads\/2025\/11\/Julia-Simon-ou-quand-une-condamnation-nentraine-aucune-sanction-1024x575.png 1024w, https:\/\/dicodusport.fr\/blog\/wp-content\/uploads\/2025\/11\/Julia-Simon-ou-quand-une-condamnation-nentraine-aucune-sanction-768x431.png 768w\" sizes=\"auto, (max-width: 792px) 100vw, 792px\" \/><\/div><\/div><div class=\"vlp-layout-zone-main\"><div class=\"vlp-block-0 vlp-link-title\">\u00c9dito : Julia Simon, o\u00f9 quand une condamnation n'entra\u00eene aucune sanction<\/div><div class=\"vlp-block-1 vlp-link-summary\">BIATHLON -\u00a0 Un mois de suspension pour Julia Simon : voil\u00e0 le bilan d'une affaire qui a empoisonn\u00e9 le biathlon fran\u00e7ais pendant trois ans.\u00a0<\/div><div class=\"vlp-block-2 vlp-link-button\">Lire l'article<\/div><div class=\"vlp-block-3 vlp-link-url\">dicodusport.fr<\/div><\/div><\/div>\n","protected":false},"excerpt":{"rendered":"<p>La saison 2025-2026 de biathlon d\u00e9bute dans quelques jours. Alors que les Jeux Olympiques de Milan-Cortina auront lieu en f\u00e9vrier prochain, l\u2019entra\u00eeneur de l\u2019\u00e9quipe de France f\u00e9minine, Cyril Burdet, a r\u00e9pondu \u00e0 nos questions.<\/p>\n","protected":false},"author":88,"featured_media":625324,"comment_status":"open","ping_status":"closed","sticky":false,"template":"","format":"standard","meta":{"_acf_changed":false,"_daextam_enable_autolinks":"1","footnotes":""},"categories":[2426],"tags":[32415,2427,16878],"class_list":["post-625319","post","type-post","status-publish","format-standard","has-post-thumbnail","hentry","category-biathlon","tag-actu","tag-biathlon","tag-breve"],"acf":[],"yoast_head":"<!-- This site is optimized with the Yoast SEO Premium plugin v26.7 (Yoast SEO v26.7) - https:\/\/yoast.com\/wordpress\/plugins\/seo\/ -->\n<title>Cyril Burdet : &quot;Aucun objectif de m\u00e9daille n&#039;a \u00e9t\u00e9 fix\u00e9 pour les Jeux&quot;<\/title>\n<meta name=\"description\" content=\"BIATHLON - Alors que les Jeux Olympiques de Milan-Cortina auront lieu en f\u00e9vrier prochain, l&#039;entra\u00eeneur de l&#039;\u00c9quipe de France f\u00e9minine Cyril Burdet a r\u00e9pondu \u00e0 nos questions.\" \/>\n<meta name=\"robots\" content=\"index, follow, max-snippet:-1, max-image-preview:large, max-video-preview:-1\" \/>\n<link rel=\"canonical\" href=\"https:\/\/dicodusport.fr\/blog\/cyril-burdet-aucun-objectif-de-medaille-na-ete-fixe-pour-les-jeux\/\" \/>\n<meta property=\"og:locale\" content=\"fr_FR\" \/>\n<meta property=\"og:type\" content=\"article\" \/>\n<meta property=\"og:title\" content=\"Cyril Burdet : &quot;Aucun objectif de m\u00e9daille n&#039;a \u00e9t\u00e9 fix\u00e9 pour les Jeux&quot;\" \/>\n<meta property=\"og:description\" content=\"BIATHLON - Alors que les Jeux Olympiques de Milan-Cortina auront lieu en f\u00e9vrier prochain, l&#039;entra\u00eeneur de l&#039;\u00c9quipe de France f\u00e9minine Cyril Burdet a r\u00e9pondu \u00e0 nos questions.\" \/>\n<meta property=\"og:url\" content=\"https:\/\/dicodusport.fr\/blog\/cyril-burdet-aucun-objectif-de-medaille-na-ete-fixe-pour-les-jeux\/\" \/>\n<meta property=\"og:site_name\" content=\"Dicodusport\" \/>\n<meta property=\"article:publisher\" content=\"https:\/\/www.facebook.com\/dicodusport\" \/>\n<meta property=\"article:published_time\" content=\"2025-11-12T17:51:28+00:00\" \/>\n<meta property=\"article:modified_time\" content=\"2025-11-13T10:26:56+00:00\" \/>\n<meta property=\"og:image\" content=\"https:\/\/dicodusport.fr\/blog\/wp-content\/uploads\/2025\/11\/Cyril-Burdet-Aucun-objectif-de-medaille-na-ete-fixe-pour-les-Jeux.png\" \/>\n\t<meta property=\"og:image:width\" content=\"1200\" \/>\n\t<meta property=\"og:image:height\" content=\"674\" \/>\n\t<meta property=\"og:image:type\" content=\"image\/png\" \/>\n<meta name=\"author\" content=\"Paul Lalevee\" \/>\n<meta name=\"twitter:card\" content=\"summary_large_image\" \/>\n<meta name=\"twitter:title\" content=\"Cyril Burdet : &quot;Aucun objectif de m\u00e9daille n&#039;a \u00e9t\u00e9 fix\u00e9 pour les Jeux&quot;\" \/>\n<meta name=\"twitter:creator\" content=\"@dicodusport\" \/>\n<meta name=\"twitter:site\" content=\"@dicodusport\" \/>\n<script type=\"application\/ld+json\" class=\"yoast-schema-graph\">{\"@context\":\"https:\/\/schema.org\",\"@graph\":[{\"@type\":\"NewsArticle\",\"@id\":\"https:\/\/dicodusport.fr\/blog\/cyril-burdet-aucun-objectif-de-medaille-na-ete-fixe-pour-les-jeux\/#article\",\"isPartOf\":{\"@id\":\"https:\/\/dicodusport.fr\/blog\/cyril-burdet-aucun-objectif-de-medaille-na-ete-fixe-pour-les-jeux\/\"},\"author\":{\"name\":\"Paul Lalevee\",\"@id\":\"https:\/\/dicodusport.fr\/blog\/#\/schema\/person\/1eaa63dfac40b5e5c47f03a71920c1cd\"},\"headline\":\"Cyril Burdet : \u00ab\u00a0Aucun objectif de m\u00e9daille n&rsquo;a \u00e9t\u00e9 fix\u00e9 pour les Jeux\u00a0\u00bb\",\"datePublished\":\"2025-11-12T17:51:28+00:00\",\"dateModified\":\"2025-11-13T10:26:56+00:00\",\"mainEntityOfPage\":{\"@id\":\"https:\/\/dicodusport.fr\/blog\/cyril-burdet-aucun-objectif-de-medaille-na-ete-fixe-pour-les-jeux\/\"},\"wordCount\":1514,\"commentCount\":0,\"publisher\":{\"@id\":\"https:\/\/dicodusport.fr\/blog\/#organization\"},\"image\":{\"@id\":\"https:\/\/dicodusport.fr\/blog\/cyril-burdet-aucun-objectif-de-medaille-na-ete-fixe-pour-les-jeux\/#primaryimage\"},\"thumbnailUrl\":\"https:\/\/dicodusport.fr\/blog\/wp-content\/uploads\/2025\/11\/Cyril-Burdet-Aucun-objectif-de-medaille-na-ete-fixe-pour-les-Jeux.png\",\"keywords\":[\"actu\",\"Biathlon\",\"br\u00e8ve\"],\"articleSection\":[\"Biathlon\"],\"inLanguage\":\"fr-FR\",\"potentialAction\":[{\"@type\":\"CommentAction\",\"name\":\"Comment\",\"target\":[\"https:\/\/dicodusport.fr\/blog\/cyril-burdet-aucun-objectif-de-medaille-na-ete-fixe-pour-les-jeux\/#respond\"]}],\"copyrightYear\":\"2025\",\"copyrightHolder\":{\"@id\":\"https:\/\/dicodusport.fr\/blog\/#organization\"}},{\"@type\":\"WebPage\",\"@id\":\"https:\/\/dicodusport.fr\/blog\/cyril-burdet-aucun-objectif-de-medaille-na-ete-fixe-pour-les-jeux\/\",\"url\":\"https:\/\/dicodusport.fr\/blog\/cyril-burdet-aucun-objectif-de-medaille-na-ete-fixe-pour-les-jeux\/\",\"name\":\"Cyril Burdet : \\\"Aucun objectif de m\u00e9daille n'a \u00e9t\u00e9 fix\u00e9 pour les Jeux\\\"\",\"isPartOf\":{\"@id\":\"https:\/\/dicodusport.fr\/blog\/#website\"},\"primaryImageOfPage\":{\"@id\":\"https:\/\/dicodusport.fr\/blog\/cyril-burdet-aucun-objectif-de-medaille-na-ete-fixe-pour-les-jeux\/#primaryimage\"},\"image\":{\"@id\":\"https:\/\/dicodusport.fr\/blog\/cyril-burdet-aucun-objectif-de-medaille-na-ete-fixe-pour-les-jeux\/#primaryimage\"},\"thumbnailUrl\":\"https:\/\/dicodusport.fr\/blog\/wp-content\/uploads\/2025\/11\/Cyril-Burdet-Aucun-objectif-de-medaille-na-ete-fixe-pour-les-Jeux.png\",\"datePublished\":\"2025-11-12T17:51:28+00:00\",\"dateModified\":\"2025-11-13T10:26:56+00:00\",\"description\":\"BIATHLON - Alors que les Jeux Olympiques de Milan-Cortina auront lieu en f\u00e9vrier prochain, l'entra\u00eeneur de l'\u00c9quipe de France f\u00e9minine Cyril Burdet a r\u00e9pondu \u00e0 nos questions.\",\"breadcrumb\":{\"@id\":\"https:\/\/dicodusport.fr\/blog\/cyril-burdet-aucun-objectif-de-medaille-na-ete-fixe-pour-les-jeux\/#breadcrumb\"},\"inLanguage\":\"fr-FR\",\"potentialAction\":[{\"@type\":\"ReadAction\",\"target\":[\"https:\/\/dicodusport.fr\/blog\/cyril-burdet-aucun-objectif-de-medaille-na-ete-fixe-pour-les-jeux\/\"]}]},{\"@type\":\"ImageObject\",\"inLanguage\":\"fr-FR\",\"@id\":\"https:\/\/dicodusport.fr\/blog\/cyril-burdet-aucun-objectif-de-medaille-na-ete-fixe-pour-les-jeux\/#primaryimage\",\"url\":\"https:\/\/dicodusport.fr\/blog\/wp-content\/uploads\/2025\/11\/Cyril-Burdet-Aucun-objectif-de-medaille-na-ete-fixe-pour-les-Jeux.png\",\"contentUrl\":\"https:\/\/dicodusport.fr\/blog\/wp-content\/uploads\/2025\/11\/Cyril-Burdet-Aucun-objectif-de-medaille-na-ete-fixe-pour-les-Jeux.png\",\"width\":1200,\"height\":674,\"caption\":\"Cyril Burdet Aucun objectif de m\u00e9daille n'a \u00e9t\u00e9 fix\u00e9 pour les Jeux\"},{\"@type\":\"BreadcrumbList\",\"@id\":\"https:\/\/dicodusport.fr\/blog\/cyril-burdet-aucun-objectif-de-medaille-na-ete-fixe-pour-les-jeux\/#breadcrumb\",\"itemListElement\":[{\"@type\":\"ListItem\",\"position\":1,\"name\":\"Accueil\",\"item\":\"https:\/\/dicodusport.fr\/blog\/\"},{\"@type\":\"ListItem\",\"position\":2,\"name\":\"Cyril Burdet : \u00ab\u00a0Aucun objectif de m\u00e9daille n&rsquo;a \u00e9t\u00e9 fix\u00e9 pour les Jeux\u00a0\u00bb\"}]},{\"@type\":\"WebSite\",\"@id\":\"https:\/\/dicodusport.fr\/blog\/#website\",\"url\":\"https:\/\/dicodusport.fr\/blog\/\",\"name\":\"Dicodusport\",\"description\":\"L&#039;encyclop\u00e9die de l&#039;actualit\u00e9 sportive\",\"publisher\":{\"@id\":\"https:\/\/dicodusport.fr\/blog\/#organization\"},\"potentialAction\":[{\"@type\":\"SearchAction\",\"target\":{\"@type\":\"EntryPoint\",\"urlTemplate\":\"https:\/\/dicodusport.fr\/blog\/?s={search_term_string}\"},\"query-input\":{\"@type\":\"PropertyValueSpecification\",\"valueRequired\":true,\"valueName\":\"search_term_string\"}}],\"inLanguage\":\"fr-FR\"},{\"@type\":\"NewsMediaOrganization\",\"@id\":\"https:\/\/dicodusport.fr\/blog\/#organization\",\"name\":\"Dicodusport\",\"url\":\"https:\/\/dicodusport.fr\/blog\/\",\"logo\":{\"@type\":\"ImageObject\",\"inLanguage\":\"fr-FR\",\"@id\":\"https:\/\/dicodusport.fr\/blog\/#\/schema\/logo\/image\/\",\"url\":\"https:\/\/dicodusport.fr\/blog\/wp-content\/uploads\/2020\/06\/cropped-LOGO-DICODUSPORT-2020-SANS-FOND-SANS-TEXTE.png\",\"contentUrl\":\"https:\/\/dicodusport.fr\/blog\/wp-content\/uploads\/2020\/06\/cropped-LOGO-DICODUSPORT-2020-SANS-FOND-SANS-TEXTE.png\",\"width\":512,\"height\":512,\"caption\":\"Dicodusport\"},\"image\":{\"@id\":\"https:\/\/dicodusport.fr\/blog\/#\/schema\/logo\/image\/\"},\"sameAs\":[\"https:\/\/www.facebook.com\/dicodusport\",\"https:\/\/x.com\/dicodusport\",\"https:\/\/www.instagram.com\/dicodusport\/\",\"https:\/\/www.youtube.com\/channel\/UC7V2KZ5sd3htJivAbA4ZG3w\"],\"description\":\"Dicodusport est l'encyclop\u00e9die de l'actualit\u00e9 sportive.\",\"email\":\"bonjour@dicodusport.fr\",\"legalName\":\"DICODUSPORT\",\"foundingDate\":\"2018-01-14\",\"vatID\":\"FR71834470973\",\"taxID\":\"83447097300043\",\"numberOfEmployees\":{\"@type\":\"QuantitativeValue\",\"minValue\":\"1\",\"maxValue\":\"10\"}},{\"@type\":\"Person\",\"@id\":\"https:\/\/dicodusport.fr\/blog\/#\/schema\/person\/1eaa63dfac40b5e5c47f03a71920c1cd\",\"name\":\"Paul Lalevee\",\"image\":{\"@type\":\"ImageObject\",\"inLanguage\":\"fr-FR\",\"@id\":\"https:\/\/dicodusport.fr\/blog\/#\/schema\/person\/image\/\",\"url\":\"https:\/\/dicodusport.fr\/blog\/wp-content\/uploads\/2023\/10\/291154246_1690604071293245_3118259335115946499_n-150x150.jpg\",\"contentUrl\":\"https:\/\/dicodusport.fr\/blog\/wp-content\/uploads\/2023\/10\/291154246_1690604071293245_3118259335115946499_n-150x150.jpg\",\"caption\":\"Paul Lalevee\"},\"description\":\"La bulle Disney pendant le Covid, le Tour 2019, la Coupe du monde 2018. Ces trois \u00e9v\u00e9nements majeurs sont ancr\u00e9s dans ma t\u00eate de fan de sport, n\u00e9gativement ou positivement. Passionn\u00e9 de sport depuis l'enfance, j'ai d\u00e9cid\u00e9 de mettre ma passion de l'\u00e9criture au service de cette premi\u00e8re passion.\",\"url\":\"https:\/\/dicodusport.fr\/blog\/author\/paul-lalevee\/\"}]}<\/script>\n<!-- \/ Yoast SEO Premium plugin. -->","yoast_head_json":{"title":"Cyril Burdet : \"Aucun objectif de m\u00e9daille n'a \u00e9t\u00e9 fix\u00e9 pour les Jeux\"","description":"BIATHLON - Alors que les Jeux Olympiques de Milan-Cortina auront lieu en f\u00e9vrier prochain, l'entra\u00eeneur de l'\u00c9quipe de France f\u00e9minine Cyril Burdet a r\u00e9pondu \u00e0 nos questions.","robots":{"index":"index","follow":"follow","max-snippet":"max-snippet:-1","max-image-preview":"max-image-preview:large","max-video-preview":"max-video-preview:-1"},"canonical":"https:\/\/dicodusport.fr\/blog\/cyril-burdet-aucun-objectif-de-medaille-na-ete-fixe-pour-les-jeux\/","og_locale":"fr_FR","og_type":"article","og_title":"Cyril Burdet : \"Aucun objectif de m\u00e9daille n'a \u00e9t\u00e9 fix\u00e9 pour les Jeux\"","og_description":"BIATHLON - Alors que les Jeux Olympiques de Milan-Cortina auront lieu en f\u00e9vrier prochain, l'entra\u00eeneur de l'\u00c9quipe de France f\u00e9minine Cyril Burdet a r\u00e9pondu \u00e0 nos questions.","og_url":"https:\/\/dicodusport.fr\/blog\/cyril-burdet-aucun-objectif-de-medaille-na-ete-fixe-pour-les-jeux\/","og_site_name":"Dicodusport","article_publisher":"https:\/\/www.facebook.com\/dicodusport","article_published_time":"2025-11-12T17:51:28+00:00","article_modified_time":"2025-11-13T10:26:56+00:00","og_image":[{"width":1200,"height":674,"url":"https:\/\/dicodusport.fr\/blog\/wp-content\/uploads\/2025\/11\/Cyril-Burdet-Aucun-objectif-de-medaille-na-ete-fixe-pour-les-Jeux.png","type":"image\/png"}],"author":"Paul Lalevee","twitter_card":"summary_large_image","twitter_title":"Cyril Burdet : \"Aucun objectif de m\u00e9daille n'a \u00e9t\u00e9 fix\u00e9 pour les Jeux\"","twitter_creator":"@dicodusport","twitter_site":"@dicodusport","schema":{"@context":"https:\/\/schema.org","@graph":[{"@type":"NewsArticle","@id":"https:\/\/dicodusport.fr\/blog\/cyril-burdet-aucun-objectif-de-medaille-na-ete-fixe-pour-les-jeux\/#article","isPartOf":{"@id":"https:\/\/dicodusport.fr\/blog\/cyril-burdet-aucun-objectif-de-medaille-na-ete-fixe-pour-les-jeux\/"},"author":{"name":"Paul Lalevee","@id":"https:\/\/dicodusport.fr\/blog\/#\/schema\/person\/1eaa63dfac40b5e5c47f03a71920c1cd"},"headline":"Cyril Burdet : \u00ab\u00a0Aucun objectif de m\u00e9daille n&rsquo;a \u00e9t\u00e9 fix\u00e9 pour les Jeux\u00a0\u00bb","datePublished":"2025-11-12T17:51:28+00:00","dateModified":"2025-11-13T10:26:56+00:00","mainEntityOfPage":{"@id":"https:\/\/dicodusport.fr\/blog\/cyril-burdet-aucun-objectif-de-medaille-na-ete-fixe-pour-les-jeux\/"},"wordCount":1514,"commentCount":0,"publisher":{"@id":"https:\/\/dicodusport.fr\/blog\/#organization"},"image":{"@id":"https:\/\/dicodusport.fr\/blog\/cyril-burdet-aucun-objectif-de-medaille-na-ete-fixe-pour-les-jeux\/#primaryimage"},"thumbnailUrl":"https:\/\/dicodusport.fr\/blog\/wp-content\/uploads\/2025\/11\/Cyril-Burdet-Aucun-objectif-de-medaille-na-ete-fixe-pour-les-Jeux.png","keywords":["actu","Biathlon","br\u00e8ve"],"articleSection":["Biathlon"],"inLanguage":"fr-FR","potentialAction":[{"@type":"CommentAction","name":"Comment","target":["https:\/\/dicodusport.fr\/blog\/cyril-burdet-aucun-objectif-de-medaille-na-ete-fixe-pour-les-jeux\/#respond"]}],"copyrightYear":"2025","copyrightHolder":{"@id":"https:\/\/dicodusport.fr\/blog\/#organization"}},{"@type":"WebPage","@id":"https:\/\/dicodusport.fr\/blog\/cyril-burdet-aucun-objectif-de-medaille-na-ete-fixe-pour-les-jeux\/","url":"https:\/\/dicodusport.fr\/blog\/cyril-burdet-aucun-objectif-de-medaille-na-ete-fixe-pour-les-jeux\/","name":"Cyril Burdet : \"Aucun objectif de m\u00e9daille n'a \u00e9t\u00e9 fix\u00e9 pour les Jeux\"","isPartOf":{"@id":"https:\/\/dicodusport.fr\/blog\/#website"},"primaryImageOfPage":{"@id":"https:\/\/dicodusport.fr\/blog\/cyril-burdet-aucun-objectif-de-medaille-na-ete-fixe-pour-les-jeux\/#primaryimage"},"image":{"@id":"https:\/\/dicodusport.fr\/blog\/cyril-burdet-aucun-objectif-de-medaille-na-ete-fixe-pour-les-jeux\/#primaryimage"},"thumbnailUrl":"https:\/\/dicodusport.fr\/blog\/wp-content\/uploads\/2025\/11\/Cyril-Burdet-Aucun-objectif-de-medaille-na-ete-fixe-pour-les-Jeux.png","datePublished":"2025-11-12T17:51:28+00:00","dateModified":"2025-11-13T10:26:56+00:00","description":"BIATHLON - Alors que les Jeux Olympiques de Milan-Cortina auront lieu en f\u00e9vrier prochain, l'entra\u00eeneur de l'\u00c9quipe de France f\u00e9minine Cyril Burdet a r\u00e9pondu \u00e0 nos questions.","breadcrumb":{"@id":"https:\/\/dicodusport.fr\/blog\/cyril-burdet-aucun-objectif-de-medaille-na-ete-fixe-pour-les-jeux\/#breadcrumb"},"inLanguage":"fr-FR","potentialAction":[{"@type":"ReadAction","target":["https:\/\/dicodusport.fr\/blog\/cyril-burdet-aucun-objectif-de-medaille-na-ete-fixe-pour-les-jeux\/"]}]},{"@type":"ImageObject","inLanguage":"fr-FR","@id":"https:\/\/dicodusport.fr\/blog\/cyril-burdet-aucun-objectif-de-medaille-na-ete-fixe-pour-les-jeux\/#primaryimage","url":"https:\/\/dicodusport.fr\/blog\/wp-content\/uploads\/2025\/11\/Cyril-Burdet-Aucun-objectif-de-medaille-na-ete-fixe-pour-les-Jeux.png","contentUrl":"https:\/\/dicodusport.fr\/blog\/wp-content\/uploads\/2025\/11\/Cyril-Burdet-Aucun-objectif-de-medaille-na-ete-fixe-pour-les-Jeux.png","width":1200,"height":674,"caption":"Cyril Burdet Aucun objectif de m\u00e9daille n'a \u00e9t\u00e9 fix\u00e9 pour les Jeux"},{"@type":"BreadcrumbList","@id":"https:\/\/dicodusport.fr\/blog\/cyril-burdet-aucun-objectif-de-medaille-na-ete-fixe-pour-les-jeux\/#breadcrumb","itemListElement":[{"@type":"ListItem","position":1,"name":"Accueil","item":"https:\/\/dicodusport.fr\/blog\/"},{"@type":"ListItem","position":2,"name":"Cyril Burdet : \u00ab\u00a0Aucun objectif de m\u00e9daille n&rsquo;a \u00e9t\u00e9 fix\u00e9 pour les Jeux\u00a0\u00bb"}]},{"@type":"WebSite","@id":"https:\/\/dicodusport.fr\/blog\/#website","url":"https:\/\/dicodusport.fr\/blog\/","name":"Dicodusport","description":"L&#039;encyclop\u00e9die de l&#039;actualit\u00e9 sportive","publisher":{"@id":"https:\/\/dicodusport.fr\/blog\/#organization"},"potentialAction":[{"@type":"SearchAction","target":{"@type":"EntryPoint","urlTemplate":"https:\/\/dicodusport.fr\/blog\/?s={search_term_string}"},"query-input":{"@type":"PropertyValueSpecification","valueRequired":true,"valueName":"search_term_string"}}],"inLanguage":"fr-FR"},{"@type":"NewsMediaOrganization","@id":"https:\/\/dicodusport.fr\/blog\/#organization","name":"Dicodusport","url":"https:\/\/dicodusport.fr\/blog\/","logo":{"@type":"ImageObject","inLanguage":"fr-FR","@id":"https:\/\/dicodusport.fr\/blog\/#\/schema\/logo\/image\/","url":"https:\/\/dicodusport.fr\/blog\/wp-content\/uploads\/2020\/06\/cropped-LOGO-DICODUSPORT-2020-SANS-FOND-SANS-TEXTE.png","contentUrl":"https:\/\/dicodusport.fr\/blog\/wp-content\/uploads\/2020\/06\/cropped-LOGO-DICODUSPORT-2020-SANS-FOND-SANS-TEXTE.png","width":512,"height":512,"caption":"Dicodusport"},"image":{"@id":"https:\/\/dicodusport.fr\/blog\/#\/schema\/logo\/image\/"},"sameAs":["https:\/\/www.facebook.com\/dicodusport","https:\/\/x.com\/dicodusport","https:\/\/www.instagram.com\/dicodusport\/","https:\/\/www.youtube.com\/channel\/UC7V2KZ5sd3htJivAbA4ZG3w"],"description":"Dicodusport est l'encyclop\u00e9die de l'actualit\u00e9 sportive.","email":"bonjour@dicodusport.fr","legalName":"DICODUSPORT","foundingDate":"2018-01-14","vatID":"FR71834470973","taxID":"83447097300043","numberOfEmployees":{"@type":"QuantitativeValue","minValue":"1","maxValue":"10"}},{"@type":"Person","@id":"https:\/\/dicodusport.fr\/blog\/#\/schema\/person\/1eaa63dfac40b5e5c47f03a71920c1cd","name":"Paul Lalevee","image":{"@type":"ImageObject","inLanguage":"fr-FR","@id":"https:\/\/dicodusport.fr\/blog\/#\/schema\/person\/image\/","url":"https:\/\/dicodusport.fr\/blog\/wp-content\/uploads\/2023\/10\/291154246_1690604071293245_3118259335115946499_n-150x150.jpg","contentUrl":"https:\/\/dicodusport.fr\/blog\/wp-content\/uploads\/2023\/10\/291154246_1690604071293245_3118259335115946499_n-150x150.jpg","caption":"Paul Lalevee"},"description":"La bulle Disney pendant le Covid, le Tour 2019, la Coupe du monde 2018. Ces trois \u00e9v\u00e9nements majeurs sont ancr\u00e9s dans ma t\u00eate de fan de sport, n\u00e9gativement ou positivement. Passionn\u00e9 de sport depuis l'enfance, j'ai d\u00e9cid\u00e9 de mettre ma passion de l'\u00e9criture au service de cette premi\u00e8re passion.","url":"https:\/\/dicodusport.fr\/blog\/author\/paul-lalevee\/"}]}},"_links":{"self":[{"href":"https:\/\/dicodusport.fr\/blog\/wp-json\/wp\/v2\/posts\/625319","targetHints":{"allow":["GET"]}}],"collection":[{"href":"https:\/\/dicodusport.fr\/blog\/wp-json\/wp\/v2\/posts"}],"about":[{"href":"https:\/\/dicodusport.fr\/blog\/wp-json\/wp\/v2\/types\/post"}],"author":[{"embeddable":true,"href":"https:\/\/dicodusport.fr\/blog\/wp-json\/wp\/v2\/users\/88"}],"replies":[{"embeddable":true,"href":"https:\/\/dicodusport.fr\/blog\/wp-json\/wp\/v2\/comments?post=625319"}],"version-history":[{"count":5,"href":"https:\/\/dicodusport.fr\/blog\/wp-json\/wp\/v2\/posts\/625319\/revisions"}],"predecessor-version":[{"id":625419,"href":"https:\/\/dicodusport.fr\/blog\/wp-json\/wp\/v2\/posts\/625319\/revisions\/625419"}],"wp:featuredmedia":[{"embeddable":true,"href":"https:\/\/dicodusport.fr\/blog\/wp-json\/wp\/v2\/media\/625324"}],"wp:attachment":[{"href":"https:\/\/dicodusport.fr\/blog\/wp-json\/wp\/v2\/media?parent=625319"}],"wp:term":[{"taxonomy":"category","embeddable":true,"href":"https:\/\/dicodusport.fr\/blog\/wp-json\/wp\/v2\/categories?post=625319"},{"taxonomy":"post_tag","embeddable":true,"href":"https:\/\/dicodusport.fr\/blog\/wp-json\/wp\/v2\/tags?post=625319"}],"curies":[{"name":"wp","href":"https:\/\/api.w.org\/{rel}","templated":true}]}}