{"id":625343,"date":"2025-11-12T22:33:46","date_gmt":"2025-11-12T21:33:46","guid":{"rendered":"https:\/\/dicodusport.fr\/blog\/?p=625343&#038;preview=true&#038;preview_id=625343"},"modified":"2025-11-12T22:45:11","modified_gmt":"2025-11-12T21:45:11","slug":"euroligue-2025-2026-j10-lasvel-paie-son-mauvais-depart-et-sincline-a-milan","status":"publish","type":"post","link":"https:\/\/dicodusport.fr\/blog\/euroligue-2025-2026-j10-lasvel-paie-son-mauvais-depart-et-sincline-a-milan\/","title":{"rendered":"EuroLigue 2025\/2026 (J10) : L\u2019ASVEL paie son mauvais d\u00e9part et s&rsquo;incline \u00e0 Milan"},"content":{"rendered":"<p style=\"text-align: justify;\"><strong><em>EUROLIGUE 2025-2026 \u2013 Apr\u00e8s un nouveau premier quart-temps compl\u00e8tement rat\u00e9, l\u2019ASVEL s\u2019incline face \u00e0 l\u2019Olimpia Milan, 80-72, malgr\u00e9 une r\u00e9action en deuxi\u00e8me p\u00e9riode.<\/em><\/strong><\/p>\n<p style=\"text-align: justify;\">Apr\u00e8s les d\u00e9faites de<strong> Paris Basket<\/strong> et de <strong>Monaco<\/strong> hier lors de la 10\u00e8me journ\u00e9e d\u2019EuroLigue, <strong>l\u2019ASVEL<\/strong> se d\u00e9pla\u00e7ait ce soir en Italie pour affronter l\u2019<strong>Olimpia Milano<\/strong>, avec l\u2019ambition de redorer l\u2019image du basket fran\u00e7ais sur la sc\u00e8ne europ\u00e9enne apr\u00e8s la soir\u00e9e compliqu\u00e9e d&rsquo;hier soir.<\/p>\n<ul style=\"text-align: justify;\">\n<li><strong>\u00c0 lire aussi \u2013 <a href=\"https:\/\/dicodusport.fr\/blog\/calendrier-et-resultats-euroligue-masculine-2025-2026\/\">Calendrier et r\u00e9sultats EuroLigue masculine 2025-2026<\/a><\/strong><\/li>\n<\/ul>\n<h2 style=\"text-align: justify;\">Domin\u00e9e d\u2019entr\u00e9e, l\u2019ASVEL s\u2019accroche gr\u00e2ce \u00e0 Traor\u00e9<\/h2>\n<p style=\"text-align: justify;\" data-start=\"349\" data-end=\"700\">L\u2019entame de match de <strong>l\u2019ASVEL<\/strong> est compliqu\u00e9e. Domin\u00e9s au rebond, maladroits et trop timides offensivement, les <strong>Villeurbannais<\/strong> subissent un 7-0 d\u2019entr\u00e9e et peinent \u00e0 trouver des solutions face \u00e0 la d\u00e9fense milanaise. Apr\u00e8s dix minutes, l&rsquo;\u00e9cart est assez cons\u00e9quent, 18-9 pour l\u2019<strong>Olimpia Milano<\/strong>, port\u00e9e par l\u2019Am\u00e9ricain <strong>Armoni Brooks<\/strong> d\u00e9j\u00e0 auteur de 7 points.<\/p>\n<p style=\"text-align: justify;\" data-start=\"702\" data-end=\"1119\"><strong>L\u2019ASVEL<\/strong> r\u00e9agit toutefois dans le deuxi\u00e8me quart-temps, infligeant un 6-0 \u00e0 son tour. Mais les Milanais reprennent rapidement le contr\u00f4le du match, en retrouvant leur adresse longue distance, trois tirs prim\u00e9s cons\u00e9cutifs, et en profitant des fautes adverses. Malgr\u00e9 tout, les hommes de <strong>Pierric Poupet<\/strong> montrent un meilleur visage, notamment gr\u00e2ce \u00e0 un <strong data-start=\"1055\" data-end=\"1087\">Armel Traor\u00e9 <\/strong>excellent, d\u00e9j\u00e0 \u00e0 15 points \u00e0 la pause.<\/p>\n<p style=\"text-align: justify;\" data-start=\"1121\" data-end=\"1302\">\u00c0 la mi-temps, <strong>Milan<\/strong> m\u00e8ne 40-32. <strong>L\u2019ASVEL<\/strong> reste dans le coup, mais devra acc\u00e9l\u00e9rer et trouver plus de rythme en attaque pour esp\u00e9rer faire douter <strong>l\u2019Olimpia<\/strong> dans la seconde p\u00e9riode.<\/p>\n<h2 style=\"text-align: justify;\" data-start=\"1121\" data-end=\"1302\">Un sursaut d\u2019orgueil qui n\u2019aura pas suffi<\/h2>\n<p style=\"text-align: justify;\" data-start=\"313\" data-end=\"668\"><strong>L\u2019ASVEL<\/strong> repart sur le m\u00eame \u00e9lan que lors du deuxi\u00e8me quart-temps. Plus solide d\u00e9fensivement, les Villeurbannais g\u00eanent les Milanais en provoquant de nombreuses fautes et en trouvant un meilleur rythme en attaque. Le meneur am\u00e9ricain <strong data-start=\"546\" data-end=\"562\">Glynn Watson<\/strong> apporte beaucoup par son jeu sur petits appuis et sa capacit\u00e9 \u00e0 fluidifier les offensives rhodaniennes. Mais en face, <strong>Milan<\/strong> reste redoutable \u00e0 trois points et parvient \u00e0 conserver une petite avance d\u2019environ six \u00e0 sept points. Le match devient de plus en plus serr\u00e9, et <strong>l\u2019ASVEL<\/strong> commence m\u00eame \u00e0 semer le doute dans les rangs milanais. L\u2019\u00e9cart se r\u00e9duit jusqu\u2019\u00e0 quatre points en fin de troisi\u00e8me quart-temps (56-51). L\u2019espoir rena\u00eet c\u00f4t\u00e9 villeurbannais.<\/p>\n<p style=\"text-align: justify;\" data-start=\"1043\" data-end=\"1520\">Dans le dernier acte, <strong>Milan<\/strong> tente de reprendre le large, s\u2019appuyant sur la paire am\u00e9ricaine <strong data-start=\"1135\" data-end=\"1152\">Brooks \u2013 Booker<\/strong>. <strong>L\u2019ASVEL<\/strong> r\u00e9siste tant bien que mal et reste \u00e0 deux possessions d\u2019\u00e9cart \u00e0 quatre minutes de la fin. <strong>Watson<\/strong> continue de dynamiser le jeu, tandis que <strong>Milan<\/strong>, d\u00e9j\u00e0 dans la p\u00e9nalit\u00e9, s\u2019en remet \u00e0 son adresse ext\u00e9rieure pour garder un peu d\u2019air. Les derni\u00e8res minutes confirment la tendance, +7 pour les Italiens, qui contr\u00f4lent la fin de match.<\/p>\n<p style=\"text-align: justify;\" data-start=\"1522\" data-end=\"1851\">Malgr\u00e9 une belle r\u00e9action, <strong>l\u2019ASVEL<\/strong> n\u2019aura jamais r\u00e9ussi \u00e0 passer devant. Les regrets sont l\u00e0 apr\u00e8s un premier quart-temps manqu\u00e9. <strong data-start=\"1690\" data-end=\"1711\">Victoire de Milan<\/strong>, logique mais accroch\u00e9e, face \u00e0 une <strong>ASVEL<\/strong> qui n&rsquo;a pas l\u00e2ch\u00e9, et qui d\u00e9sormais est derni\u00e8re de l\u2019EuroLigue avec un bilan de 2 victoires pour 8 d\u00e9faites.<\/p>\n<blockquote class=\"twitter-tweet\">\n<p dir=\"ltr\" lang=\"fr\">Nos Villeurbannais s&rsquo;inclinent \u00e0 Milan mais ils n&rsquo;auront pas d\u00e9m\u00e9rit\u00e9 avec un effectif encore min\u00e9 par les blessures.<\/p>\n<p>Prochain rendez-vous, ce vendredi face au Partizan, \u00e0 l&rsquo;Astroballe, \u00e0 la maison. Le marathon continue et on a besoin de votre soutien. <a href=\"https:\/\/t.co\/2EskEGq38c\">pic.twitter.com\/2EskEGq38c<\/a><\/p>\n<p>\u2014 LDLC ASVEL (@LDLCASVEL) <a href=\"https:\/\/twitter.com\/LDLCASVEL\/status\/1988721247086157892?ref_src=twsrc%5Etfw\">November 12, 2025<\/a><\/p><\/blockquote>\n<p style=\"text-align: justify;\"><script async src=\"https:\/\/platform.twitter.com\/widgets.js\" charset=\"utf-8\"><\/script><\/p>\n<ul style=\"text-align: justify;\">\n<li><strong>\u00c0 lire aussi \u2013 <a href=\"https:\/\/dicodusport.fr\/blog\/classement-actualise-euroligue-masculine-2025-2026\/\">Classement actualis\u00e9 EuroLigue masculine 2025-2026<\/a><\/strong><\/li>\n<\/ul>\n<p style=\"text-align: justify;\">\n","protected":false},"excerpt":{"rendered":"<p>EUROLIGUE 2025-2026 \u2013 Apr\u00e8s un nouveau premier quart-temps compl\u00e8tement rat\u00e9, l\u2019ASVEL s\u2019incline face \u00e0 l\u2019Olimpia Milan, 80-72, malgr\u00e9 une r\u00e9action en deuxi\u00e8me p\u00e9riode.<\/p>\n","protected":false},"author":111,"featured_media":625360,"comment_status":"open","ping_status":"closed","sticky":false,"template":"","format":"standard","meta":{"_acf_changed":false,"_daextam_enable_autolinks":"1","footnotes":""},"categories":[47001],"tags":[16232,16878,181],"class_list":["post-625343","post","type-post","status-publish","format-standard","has-post-thumbnail","hentry","category-euroligue","tag-as-monaco-basket","tag-breve","tag-euroligue"],"acf":[],"yoast_head":"<!-- This site is optimized with the Yoast SEO Premium plugin v26.7 (Yoast SEO v26.7) - https:\/\/yoast.com\/wordpress\/plugins\/seo\/ -->\n<title>EuroLigue 2025\/2026 (J10) : L\u2019ASVEL paie son mauvais d\u00e9part et s&#039;incline \u00e0 Milan<\/title>\n<meta name=\"description\" content=\"EUROLIGUE 2025-2026 \u2013 Apr\u00e8s un nouveau premier quart-temps compl\u00e8tement rat\u00e9, l\u2019ASVEL s\u2019incline face \u00e0 l\u2019Olimpia Milan, 80-72, malgr\u00e9 une r\u00e9action en deuxi\u00e8me p\u00e9riode.\" \/>\n<meta name=\"robots\" content=\"index, follow, max-snippet:-1, max-image-preview:large, max-video-preview:-1\" \/>\n<link rel=\"canonical\" href=\"https:\/\/dicodusport.fr\/blog\/euroligue-2025-2026-j10-lasvel-paie-son-mauvais-depart-et-sincline-a-milan\/\" \/>\n<meta property=\"og:locale\" content=\"fr_FR\" \/>\n<meta property=\"og:type\" content=\"article\" \/>\n<meta property=\"og:title\" content=\"EuroLigue 2025\/2026 (J10) : L\u2019ASVEL paie son mauvais d\u00e9part et s&#039;incline \u00e0 Milan\" \/>\n<meta property=\"og:description\" content=\"EUROLIGUE 2025-2026 \u2013 Apr\u00e8s un nouveau premier quart-temps compl\u00e8tement rat\u00e9, l\u2019ASVEL s\u2019incline face \u00e0 l\u2019Olimpia Milan, 80-72, malgr\u00e9 une r\u00e9action en deuxi\u00e8me p\u00e9riode.\" \/>\n<meta property=\"og:url\" content=\"https:\/\/dicodusport.fr\/blog\/euroligue-2025-2026-j10-lasvel-paie-son-mauvais-depart-et-sincline-a-milan\/\" \/>\n<meta property=\"og:site_name\" content=\"Dicodusport\" \/>\n<meta property=\"article:publisher\" content=\"https:\/\/www.facebook.com\/dicodusport\" \/>\n<meta property=\"article:published_time\" content=\"2025-11-12T21:33:46+00:00\" \/>\n<meta property=\"article:modified_time\" content=\"2025-11-12T21:45:11+00:00\" \/>\n<meta property=\"og:image\" content=\"https:\/\/dicodusport.fr\/blog\/wp-content\/uploads\/2025\/11\/EuroLigue-20252026-J10-LASVEL-paie-son-mauvais-depart-et-sincline-a-Milan.png\" \/>\n\t<meta property=\"og:image:width\" content=\"1200\" \/>\n\t<meta property=\"og:image:height\" content=\"674\" \/>\n\t<meta property=\"og:image:type\" content=\"image\/png\" \/>\n<meta name=\"author\" content=\"L\u00e9o Derambure\" \/>\n<meta name=\"twitter:card\" content=\"summary_large_image\" \/>\n<meta name=\"twitter:title\" content=\"EuroLigue 2025\/2026 (J10) : L\u2019ASVEL paie son mauvais d\u00e9part et s&#039;incline \u00e0 Milan\" \/>\n<meta name=\"twitter:creator\" content=\"@dicodusport\" \/>\n<meta name=\"twitter:site\" content=\"@dicodusport\" \/>\n<script type=\"application\/ld+json\" class=\"yoast-schema-graph\">{\"@context\":\"https:\/\/schema.org\",\"@graph\":[{\"@type\":\"NewsArticle\",\"@id\":\"https:\/\/dicodusport.fr\/blog\/euroligue-2025-2026-j10-lasvel-paie-son-mauvais-depart-et-sincline-a-milan\/#article\",\"isPartOf\":{\"@id\":\"https:\/\/dicodusport.fr\/blog\/euroligue-2025-2026-j10-lasvel-paie-son-mauvais-depart-et-sincline-a-milan\/\"},\"author\":{\"name\":\"L\u00e9o Derambure\",\"@id\":\"https:\/\/dicodusport.fr\/blog\/#\/schema\/person\/93f03e222ed8da203c940d17ef257295\"},\"headline\":\"EuroLigue 2025\/2026 (J10) : L\u2019ASVEL paie son mauvais d\u00e9part et s&rsquo;incline \u00e0 Milan\",\"datePublished\":\"2025-11-12T21:33:46+00:00\",\"dateModified\":\"2025-11-12T21:45:11+00:00\",\"mainEntityOfPage\":{\"@id\":\"https:\/\/dicodusport.fr\/blog\/euroligue-2025-2026-j10-lasvel-paie-son-mauvais-depart-et-sincline-a-milan\/\"},\"wordCount\":620,\"commentCount\":0,\"publisher\":{\"@id\":\"https:\/\/dicodusport.fr\/blog\/#organization\"},\"image\":{\"@id\":\"https:\/\/dicodusport.fr\/blog\/euroligue-2025-2026-j10-lasvel-paie-son-mauvais-depart-et-sincline-a-milan\/#primaryimage\"},\"thumbnailUrl\":\"https:\/\/dicodusport.fr\/blog\/wp-content\/uploads\/2025\/11\/EuroLigue-20252026-J10-LASVEL-paie-son-mauvais-depart-et-sincline-a-Milan.png\",\"keywords\":[\"as monaco basket\",\"br\u00e8ve\",\"Euroligue\"],\"articleSection\":[\"EuroLigue\"],\"inLanguage\":\"fr-FR\",\"potentialAction\":[{\"@type\":\"CommentAction\",\"name\":\"Comment\",\"target\":[\"https:\/\/dicodusport.fr\/blog\/euroligue-2025-2026-j10-lasvel-paie-son-mauvais-depart-et-sincline-a-milan\/#respond\"]}],\"copyrightYear\":\"2025\",\"copyrightHolder\":{\"@id\":\"https:\/\/dicodusport.fr\/blog\/#organization\"}},{\"@type\":\"WebPage\",\"@id\":\"https:\/\/dicodusport.fr\/blog\/euroligue-2025-2026-j10-lasvel-paie-son-mauvais-depart-et-sincline-a-milan\/\",\"url\":\"https:\/\/dicodusport.fr\/blog\/euroligue-2025-2026-j10-lasvel-paie-son-mauvais-depart-et-sincline-a-milan\/\",\"name\":\"EuroLigue 2025\/2026 (J10) : L\u2019ASVEL paie son mauvais d\u00e9part et s'incline \u00e0 Milan\",\"isPartOf\":{\"@id\":\"https:\/\/dicodusport.fr\/blog\/#website\"},\"primaryImageOfPage\":{\"@id\":\"https:\/\/dicodusport.fr\/blog\/euroligue-2025-2026-j10-lasvel-paie-son-mauvais-depart-et-sincline-a-milan\/#primaryimage\"},\"image\":{\"@id\":\"https:\/\/dicodusport.fr\/blog\/euroligue-2025-2026-j10-lasvel-paie-son-mauvais-depart-et-sincline-a-milan\/#primaryimage\"},\"thumbnailUrl\":\"https:\/\/dicodusport.fr\/blog\/wp-content\/uploads\/2025\/11\/EuroLigue-20252026-J10-LASVEL-paie-son-mauvais-depart-et-sincline-a-Milan.png\",\"datePublished\":\"2025-11-12T21:33:46+00:00\",\"dateModified\":\"2025-11-12T21:45:11+00:00\",\"description\":\"EUROLIGUE 2025-2026 \u2013 Apr\u00e8s un nouveau premier quart-temps compl\u00e8tement rat\u00e9, l\u2019ASVEL s\u2019incline face \u00e0 l\u2019Olimpia Milan, 80-72, malgr\u00e9 une r\u00e9action en deuxi\u00e8me p\u00e9riode.\",\"breadcrumb\":{\"@id\":\"https:\/\/dicodusport.fr\/blog\/euroligue-2025-2026-j10-lasvel-paie-son-mauvais-depart-et-sincline-a-milan\/#breadcrumb\"},\"inLanguage\":\"fr-FR\",\"potentialAction\":[{\"@type\":\"ReadAction\",\"target\":[\"https:\/\/dicodusport.fr\/blog\/euroligue-2025-2026-j10-lasvel-paie-son-mauvais-depart-et-sincline-a-milan\/\"]}]},{\"@type\":\"ImageObject\",\"inLanguage\":\"fr-FR\",\"@id\":\"https:\/\/dicodusport.fr\/blog\/euroligue-2025-2026-j10-lasvel-paie-son-mauvais-depart-et-sincline-a-milan\/#primaryimage\",\"url\":\"https:\/\/dicodusport.fr\/blog\/wp-content\/uploads\/2025\/11\/EuroLigue-20252026-J10-LASVEL-paie-son-mauvais-depart-et-sincline-a-Milan.png\",\"contentUrl\":\"https:\/\/dicodusport.fr\/blog\/wp-content\/uploads\/2025\/11\/EuroLigue-20252026-J10-LASVEL-paie-son-mauvais-depart-et-sincline-a-Milan.png\",\"width\":1200,\"height\":674,\"caption\":\"EuroLigue 20252026 (J10) L\u2019ASVEL paie son mauvais d\u00e9part et s'incline \u00e0 Milan\"},{\"@type\":\"BreadcrumbList\",\"@id\":\"https:\/\/dicodusport.fr\/blog\/euroligue-2025-2026-j10-lasvel-paie-son-mauvais-depart-et-sincline-a-milan\/#breadcrumb\",\"itemListElement\":[{\"@type\":\"ListItem\",\"position\":1,\"name\":\"Accueil\",\"item\":\"https:\/\/dicodusport.fr\/blog\/\"},{\"@type\":\"ListItem\",\"position\":2,\"name\":\"EuroLigue 2025\/2026 (J10) : L\u2019ASVEL paie son mauvais d\u00e9part et s&rsquo;incline \u00e0 Milan\"}]},{\"@type\":\"WebSite\",\"@id\":\"https:\/\/dicodusport.fr\/blog\/#website\",\"url\":\"https:\/\/dicodusport.fr\/blog\/\",\"name\":\"Dicodusport\",\"description\":\"L&#039;encyclop\u00e9die de l&#039;actualit\u00e9 sportive\",\"publisher\":{\"@id\":\"https:\/\/dicodusport.fr\/blog\/#organization\"},\"potentialAction\":[{\"@type\":\"SearchAction\",\"target\":{\"@type\":\"EntryPoint\",\"urlTemplate\":\"https:\/\/dicodusport.fr\/blog\/?s={search_term_string}\"},\"query-input\":{\"@type\":\"PropertyValueSpecification\",\"valueRequired\":true,\"valueName\":\"search_term_string\"}}],\"inLanguage\":\"fr-FR\"},{\"@type\":\"NewsMediaOrganization\",\"@id\":\"https:\/\/dicodusport.fr\/blog\/#organization\",\"name\":\"Dicodusport\",\"url\":\"https:\/\/dicodusport.fr\/blog\/\",\"logo\":{\"@type\":\"ImageObject\",\"inLanguage\":\"fr-FR\",\"@id\":\"https:\/\/dicodusport.fr\/blog\/#\/schema\/logo\/image\/\",\"url\":\"https:\/\/dicodusport.fr\/blog\/wp-content\/uploads\/2020\/06\/cropped-LOGO-DICODUSPORT-2020-SANS-FOND-SANS-TEXTE.png\",\"contentUrl\":\"https:\/\/dicodusport.fr\/blog\/wp-content\/uploads\/2020\/06\/cropped-LOGO-DICODUSPORT-2020-SANS-FOND-SANS-TEXTE.png\",\"width\":512,\"height\":512,\"caption\":\"Dicodusport\"},\"image\":{\"@id\":\"https:\/\/dicodusport.fr\/blog\/#\/schema\/logo\/image\/\"},\"sameAs\":[\"https:\/\/www.facebook.com\/dicodusport\",\"https:\/\/x.com\/dicodusport\",\"https:\/\/www.instagram.com\/dicodusport\/\",\"https:\/\/www.youtube.com\/channel\/UC7V2KZ5sd3htJivAbA4ZG3w\"],\"description\":\"Dicodusport est l'encyclop\u00e9die de l'actualit\u00e9 sportive.\",\"email\":\"bonjour@dicodusport.fr\",\"legalName\":\"DICODUSPORT\",\"foundingDate\":\"2018-01-14\",\"vatID\":\"FR71834470973\",\"taxID\":\"83447097300043\",\"numberOfEmployees\":{\"@type\":\"QuantitativeValue\",\"minValue\":\"1\",\"maxValue\":\"10\"}},{\"@type\":\"Person\",\"@id\":\"https:\/\/dicodusport.fr\/blog\/#\/schema\/person\/93f03e222ed8da203c940d17ef257295\",\"name\":\"L\u00e9o Derambure\",\"image\":{\"@type\":\"ImageObject\",\"inLanguage\":\"fr-FR\",\"@id\":\"https:\/\/dicodusport.fr\/blog\/#\/schema\/person\/image\/\",\"url\":\"https:\/\/dicodusport.fr\/blog\/wp-content\/uploads\/2025\/02\/Maillot-Dicodusport-Lele-150x150.png\",\"contentUrl\":\"https:\/\/dicodusport.fr\/blog\/wp-content\/uploads\/2025\/02\/Maillot-Dicodusport-Lele-150x150.png\",\"caption\":\"L\u00e9o Derambure\"},\"description\":\"Passionn\u00e9 de sport depuis l\u2019enfance, j\u2019ai grandi au rythme des grands \u00e9v\u00e9nements comme les Jeux Olympiques, les championnats du monde d\u2019athl\u00e9tisme et de natation, ou encore le Tour de France sur France T\u00e9l\u00e9visions. Abonn\u00e9 au RC Lens depuis 2008, cette ferveur m\u2019a \u00e9t\u00e9 transmise d\u00e8s l\u2019\u00e2ge de 5 ans par mon grand-p\u00e8re et mon p\u00e8re. Avec Rafael Nadal ou encore Aruna Dindane comme idole, j\u2019ai toujours ressenti l\u2019envie de partager cette passion \u00e0 travers l\u2019\u00e9criture. Apr\u00e8s les Jeux Olympiques de Paris 2024, j\u2019ai franchi le pas en rejoignant l\u2019\u00e9quipe de r\u00e9daction de Dicodusport. Aujourd\u2019hui, je couvre le biathlon, le ski alpin ainsi que les rencontres des clubs fran\u00e7ais en comp\u00e9titions europ\u00e9ennes, avec l'envie de faire vivre chaque instant sportif et de transmettre ces \u00e9motions au lecteur, comme s\u2019il \u00e9tait au c\u0153ur de l\u2019\u00e9v\u00e9nement.\",\"worksFor\":\"L\u00e9o Derambure\",\"url\":\"https:\/\/dicodusport.fr\/blog\/author\/leo-derambure\/\"}]}<\/script>\n<!-- \/ Yoast SEO Premium plugin. -->","yoast_head_json":{"title":"EuroLigue 2025\/2026 (J10) : L\u2019ASVEL paie son mauvais d\u00e9part et s'incline \u00e0 Milan","description":"EUROLIGUE 2025-2026 \u2013 Apr\u00e8s un nouveau premier quart-temps compl\u00e8tement rat\u00e9, l\u2019ASVEL s\u2019incline face \u00e0 l\u2019Olimpia Milan, 80-72, malgr\u00e9 une r\u00e9action en deuxi\u00e8me p\u00e9riode.","robots":{"index":"index","follow":"follow","max-snippet":"max-snippet:-1","max-image-preview":"max-image-preview:large","max-video-preview":"max-video-preview:-1"},"canonical":"https:\/\/dicodusport.fr\/blog\/euroligue-2025-2026-j10-lasvel-paie-son-mauvais-depart-et-sincline-a-milan\/","og_locale":"fr_FR","og_type":"article","og_title":"EuroLigue 2025\/2026 (J10) : L\u2019ASVEL paie son mauvais d\u00e9part et s'incline \u00e0 Milan","og_description":"EUROLIGUE 2025-2026 \u2013 Apr\u00e8s un nouveau premier quart-temps compl\u00e8tement rat\u00e9, l\u2019ASVEL s\u2019incline face \u00e0 l\u2019Olimpia Milan, 80-72, malgr\u00e9 une r\u00e9action en deuxi\u00e8me p\u00e9riode.","og_url":"https:\/\/dicodusport.fr\/blog\/euroligue-2025-2026-j10-lasvel-paie-son-mauvais-depart-et-sincline-a-milan\/","og_site_name":"Dicodusport","article_publisher":"https:\/\/www.facebook.com\/dicodusport","article_published_time":"2025-11-12T21:33:46+00:00","article_modified_time":"2025-11-12T21:45:11+00:00","og_image":[{"width":1200,"height":674,"url":"https:\/\/dicodusport.fr\/blog\/wp-content\/uploads\/2025\/11\/EuroLigue-20252026-J10-LASVEL-paie-son-mauvais-depart-et-sincline-a-Milan.png","type":"image\/png"}],"author":"L\u00e9o Derambure","twitter_card":"summary_large_image","twitter_title":"EuroLigue 2025\/2026 (J10) : L\u2019ASVEL paie son mauvais d\u00e9part et s'incline \u00e0 Milan","twitter_creator":"@dicodusport","twitter_site":"@dicodusport","schema":{"@context":"https:\/\/schema.org","@graph":[{"@type":"NewsArticle","@id":"https:\/\/dicodusport.fr\/blog\/euroligue-2025-2026-j10-lasvel-paie-son-mauvais-depart-et-sincline-a-milan\/#article","isPartOf":{"@id":"https:\/\/dicodusport.fr\/blog\/euroligue-2025-2026-j10-lasvel-paie-son-mauvais-depart-et-sincline-a-milan\/"},"author":{"name":"L\u00e9o Derambure","@id":"https:\/\/dicodusport.fr\/blog\/#\/schema\/person\/93f03e222ed8da203c940d17ef257295"},"headline":"EuroLigue 2025\/2026 (J10) : L\u2019ASVEL paie son mauvais d\u00e9part et s&rsquo;incline \u00e0 Milan","datePublished":"2025-11-12T21:33:46+00:00","dateModified":"2025-11-12T21:45:11+00:00","mainEntityOfPage":{"@id":"https:\/\/dicodusport.fr\/blog\/euroligue-2025-2026-j10-lasvel-paie-son-mauvais-depart-et-sincline-a-milan\/"},"wordCount":620,"commentCount":0,"publisher":{"@id":"https:\/\/dicodusport.fr\/blog\/#organization"},"image":{"@id":"https:\/\/dicodusport.fr\/blog\/euroligue-2025-2026-j10-lasvel-paie-son-mauvais-depart-et-sincline-a-milan\/#primaryimage"},"thumbnailUrl":"https:\/\/dicodusport.fr\/blog\/wp-content\/uploads\/2025\/11\/EuroLigue-20252026-J10-LASVEL-paie-son-mauvais-depart-et-sincline-a-Milan.png","keywords":["as monaco basket","br\u00e8ve","Euroligue"],"articleSection":["EuroLigue"],"inLanguage":"fr-FR","potentialAction":[{"@type":"CommentAction","name":"Comment","target":["https:\/\/dicodusport.fr\/blog\/euroligue-2025-2026-j10-lasvel-paie-son-mauvais-depart-et-sincline-a-milan\/#respond"]}],"copyrightYear":"2025","copyrightHolder":{"@id":"https:\/\/dicodusport.fr\/blog\/#organization"}},{"@type":"WebPage","@id":"https:\/\/dicodusport.fr\/blog\/euroligue-2025-2026-j10-lasvel-paie-son-mauvais-depart-et-sincline-a-milan\/","url":"https:\/\/dicodusport.fr\/blog\/euroligue-2025-2026-j10-lasvel-paie-son-mauvais-depart-et-sincline-a-milan\/","name":"EuroLigue 2025\/2026 (J10) : L\u2019ASVEL paie son mauvais d\u00e9part et s'incline \u00e0 Milan","isPartOf":{"@id":"https:\/\/dicodusport.fr\/blog\/#website"},"primaryImageOfPage":{"@id":"https:\/\/dicodusport.fr\/blog\/euroligue-2025-2026-j10-lasvel-paie-son-mauvais-depart-et-sincline-a-milan\/#primaryimage"},"image":{"@id":"https:\/\/dicodusport.fr\/blog\/euroligue-2025-2026-j10-lasvel-paie-son-mauvais-depart-et-sincline-a-milan\/#primaryimage"},"thumbnailUrl":"https:\/\/dicodusport.fr\/blog\/wp-content\/uploads\/2025\/11\/EuroLigue-20252026-J10-LASVEL-paie-son-mauvais-depart-et-sincline-a-Milan.png","datePublished":"2025-11-12T21:33:46+00:00","dateModified":"2025-11-12T21:45:11+00:00","description":"EUROLIGUE 2025-2026 \u2013 Apr\u00e8s un nouveau premier quart-temps compl\u00e8tement rat\u00e9, l\u2019ASVEL s\u2019incline face \u00e0 l\u2019Olimpia Milan, 80-72, malgr\u00e9 une r\u00e9action en deuxi\u00e8me p\u00e9riode.","breadcrumb":{"@id":"https:\/\/dicodusport.fr\/blog\/euroligue-2025-2026-j10-lasvel-paie-son-mauvais-depart-et-sincline-a-milan\/#breadcrumb"},"inLanguage":"fr-FR","potentialAction":[{"@type":"ReadAction","target":["https:\/\/dicodusport.fr\/blog\/euroligue-2025-2026-j10-lasvel-paie-son-mauvais-depart-et-sincline-a-milan\/"]}]},{"@type":"ImageObject","inLanguage":"fr-FR","@id":"https:\/\/dicodusport.fr\/blog\/euroligue-2025-2026-j10-lasvel-paie-son-mauvais-depart-et-sincline-a-milan\/#primaryimage","url":"https:\/\/dicodusport.fr\/blog\/wp-content\/uploads\/2025\/11\/EuroLigue-20252026-J10-LASVEL-paie-son-mauvais-depart-et-sincline-a-Milan.png","contentUrl":"https:\/\/dicodusport.fr\/blog\/wp-content\/uploads\/2025\/11\/EuroLigue-20252026-J10-LASVEL-paie-son-mauvais-depart-et-sincline-a-Milan.png","width":1200,"height":674,"caption":"EuroLigue 20252026 (J10) L\u2019ASVEL paie son mauvais d\u00e9part et s'incline \u00e0 Milan"},{"@type":"BreadcrumbList","@id":"https:\/\/dicodusport.fr\/blog\/euroligue-2025-2026-j10-lasvel-paie-son-mauvais-depart-et-sincline-a-milan\/#breadcrumb","itemListElement":[{"@type":"ListItem","position":1,"name":"Accueil","item":"https:\/\/dicodusport.fr\/blog\/"},{"@type":"ListItem","position":2,"name":"EuroLigue 2025\/2026 (J10) : L\u2019ASVEL paie son mauvais d\u00e9part et s&rsquo;incline \u00e0 Milan"}]},{"@type":"WebSite","@id":"https:\/\/dicodusport.fr\/blog\/#website","url":"https:\/\/dicodusport.fr\/blog\/","name":"Dicodusport","description":"L&#039;encyclop\u00e9die de l&#039;actualit\u00e9 sportive","publisher":{"@id":"https:\/\/dicodusport.fr\/blog\/#organization"},"potentialAction":[{"@type":"SearchAction","target":{"@type":"EntryPoint","urlTemplate":"https:\/\/dicodusport.fr\/blog\/?s={search_term_string}"},"query-input":{"@type":"PropertyValueSpecification","valueRequired":true,"valueName":"search_term_string"}}],"inLanguage":"fr-FR"},{"@type":"NewsMediaOrganization","@id":"https:\/\/dicodusport.fr\/blog\/#organization","name":"Dicodusport","url":"https:\/\/dicodusport.fr\/blog\/","logo":{"@type":"ImageObject","inLanguage":"fr-FR","@id":"https:\/\/dicodusport.fr\/blog\/#\/schema\/logo\/image\/","url":"https:\/\/dicodusport.fr\/blog\/wp-content\/uploads\/2020\/06\/cropped-LOGO-DICODUSPORT-2020-SANS-FOND-SANS-TEXTE.png","contentUrl":"https:\/\/dicodusport.fr\/blog\/wp-content\/uploads\/2020\/06\/cropped-LOGO-DICODUSPORT-2020-SANS-FOND-SANS-TEXTE.png","width":512,"height":512,"caption":"Dicodusport"},"image":{"@id":"https:\/\/dicodusport.fr\/blog\/#\/schema\/logo\/image\/"},"sameAs":["https:\/\/www.facebook.com\/dicodusport","https:\/\/x.com\/dicodusport","https:\/\/www.instagram.com\/dicodusport\/","https:\/\/www.youtube.com\/channel\/UC7V2KZ5sd3htJivAbA4ZG3w"],"description":"Dicodusport est l'encyclop\u00e9die de l'actualit\u00e9 sportive.","email":"bonjour@dicodusport.fr","legalName":"DICODUSPORT","foundingDate":"2018-01-14","vatID":"FR71834470973","taxID":"83447097300043","numberOfEmployees":{"@type":"QuantitativeValue","minValue":"1","maxValue":"10"}},{"@type":"Person","@id":"https:\/\/dicodusport.fr\/blog\/#\/schema\/person\/93f03e222ed8da203c940d17ef257295","name":"L\u00e9o Derambure","image":{"@type":"ImageObject","inLanguage":"fr-FR","@id":"https:\/\/dicodusport.fr\/blog\/#\/schema\/person\/image\/","url":"https:\/\/dicodusport.fr\/blog\/wp-content\/uploads\/2025\/02\/Maillot-Dicodusport-Lele-150x150.png","contentUrl":"https:\/\/dicodusport.fr\/blog\/wp-content\/uploads\/2025\/02\/Maillot-Dicodusport-Lele-150x150.png","caption":"L\u00e9o Derambure"},"description":"Passionn\u00e9 de sport depuis l\u2019enfance, j\u2019ai grandi au rythme des grands \u00e9v\u00e9nements comme les Jeux Olympiques, les championnats du monde d\u2019athl\u00e9tisme et de natation, ou encore le Tour de France sur France T\u00e9l\u00e9visions. Abonn\u00e9 au RC Lens depuis 2008, cette ferveur m\u2019a \u00e9t\u00e9 transmise d\u00e8s l\u2019\u00e2ge de 5 ans par mon grand-p\u00e8re et mon p\u00e8re. Avec Rafael Nadal ou encore Aruna Dindane comme idole, j\u2019ai toujours ressenti l\u2019envie de partager cette passion \u00e0 travers l\u2019\u00e9criture. Apr\u00e8s les Jeux Olympiques de Paris 2024, j\u2019ai franchi le pas en rejoignant l\u2019\u00e9quipe de r\u00e9daction de Dicodusport. Aujourd\u2019hui, je couvre le biathlon, le ski alpin ainsi que les rencontres des clubs fran\u00e7ais en comp\u00e9titions europ\u00e9ennes, avec l'envie de faire vivre chaque instant sportif et de transmettre ces \u00e9motions au lecteur, comme s\u2019il \u00e9tait au c\u0153ur de l\u2019\u00e9v\u00e9nement.","worksFor":"L\u00e9o Derambure","url":"https:\/\/dicodusport.fr\/blog\/author\/leo-derambure\/"}]}},"_links":{"self":[{"href":"https:\/\/dicodusport.fr\/blog\/wp-json\/wp\/v2\/posts\/625343","targetHints":{"allow":["GET"]}}],"collection":[{"href":"https:\/\/dicodusport.fr\/blog\/wp-json\/wp\/v2\/posts"}],"about":[{"href":"https:\/\/dicodusport.fr\/blog\/wp-json\/wp\/v2\/types\/post"}],"author":[{"embeddable":true,"href":"https:\/\/dicodusport.fr\/blog\/wp-json\/wp\/v2\/users\/111"}],"replies":[{"embeddable":true,"href":"https:\/\/dicodusport.fr\/blog\/wp-json\/wp\/v2\/comments?post=625343"}],"version-history":[{"count":5,"href":"https:\/\/dicodusport.fr\/blog\/wp-json\/wp\/v2\/posts\/625343\/revisions"}],"predecessor-version":[{"id":625368,"href":"https:\/\/dicodusport.fr\/blog\/wp-json\/wp\/v2\/posts\/625343\/revisions\/625368"}],"wp:featuredmedia":[{"embeddable":true,"href":"https:\/\/dicodusport.fr\/blog\/wp-json\/wp\/v2\/media\/625360"}],"wp:attachment":[{"href":"https:\/\/dicodusport.fr\/blog\/wp-json\/wp\/v2\/media?parent=625343"}],"wp:term":[{"taxonomy":"category","embeddable":true,"href":"https:\/\/dicodusport.fr\/blog\/wp-json\/wp\/v2\/categories?post=625343"},{"taxonomy":"post_tag","embeddable":true,"href":"https:\/\/dicodusport.fr\/blog\/wp-json\/wp\/v2\/tags?post=625343"}],"curies":[{"name":"wp","href":"https:\/\/api.w.org\/{rel}","templated":true}]}}