{"id":625478,"date":"2025-11-13T20:46:20","date_gmt":"2025-11-13T19:46:20","guid":{"rendered":"https:\/\/dicodusport.fr\/blog\/?p=625478&#038;preview=true&#038;preview_id=625478"},"modified":"2025-11-13T21:03:55","modified_gmt":"2025-11-13T20:03:55","slug":"xv-de-france-emmanuel-meafou-forfait-face-aux-fidji","status":"publish","type":"post","link":"https:\/\/dicodusport.fr\/blog\/xv-de-france-emmanuel-meafou-forfait-face-aux-fidji\/","title":{"rendered":"XV de France : Emmanuel Meafou forfait face aux Fidji"},"content":{"rendered":"<p style=\"text-align: justify;\"><strong><em>XV DE FRANCE &#8211; La F\u00e9d\u00e9ration Fran\u00e7ais de Rugby a annonc\u00e9 le forfait d&rsquo;Emmanuel Meafou face aux Fidji. Romain Taofifenua le remplace.<\/em><\/strong><\/p>\n<ul style=\"text-align: justify;\">\n<li><strong>\u00c0 ce sujet \u2013\u00a0<a href=\"https:\/\/dicodusport.fr\/blog\/tournee-dautomne-de-rugby-2025-calendrier-complet-scores-et-resultats-a-jour\/\">Tourn\u00e9e d\u2019automne de rugby 2025 : calendrier complet, scores et r\u00e9sultats \u00e0 jour<\/a><\/strong><\/li>\n<\/ul>\n<p style=\"text-align: justify;\">Apr\u00e8s une prestation moyenne face \u00e0 l&rsquo;<strong>Afrique du Sud<\/strong>, <strong>Emmanuel<\/strong> <strong>Meafou<\/strong> doit d\u00e9clarer forfait pour le match face aux Fidji. Le colosse du <strong>Stade<\/strong> <strong>Toulousain<\/strong> n&rsquo;aura donc pas l&rsquo;occasion de se relancer ce samedi. Malade, il a d\u00fb renoncer deux jours de la rencontre, comme l&rsquo;a annonc\u00e9 la F\u00e9d\u00e9ration Fran\u00e7aise de Rugby ce jeudi soir.<\/p>\n<h2 style=\"text-align: justify;\">Premi\u00e8re feuille de match pour Jimi Maximin<\/h2>\n<p style=\"text-align: justify;\">Pour remplacer <strong>Emmanuel<\/strong> <strong>Meafou<\/strong>, <strong>Fabien<\/strong> <strong>Galthi\u00e9<\/strong> a choisi de titulariser <strong>Romain<\/strong> <strong>Taofifenua<\/strong> qui devait \u00eatre sur le banc des rempla\u00e7ants. L&rsquo;exp\u00e9riment\u00e9 deuxi\u00e8me ligne, habitu\u00e9 \u00e0 jouer en sortie de banc avec le XV de France, sera donc sur le pr\u00e9 au coup d&rsquo;envoi avec l&rsquo;ambition de montrer qu&rsquo;il peut encore \u00eatre plus qu&rsquo;un <em>impact player<\/em>.<\/p>\n<ul style=\"text-align: justify;\">\n<li><strong>\u00c0 lire aussi &#8211; <a href=\"https:\/\/dicodusport.fr\/blog\/france-fidji-compositions-chaine-tv-et-heure-tournee-dautomne-2025\/\">France-Fidji : Compositions, Cha\u00eene TV et Heure<\/a><\/strong><\/li>\n<\/ul>\n<p style=\"text-align: justify;\">Le forfait du colosse de <strong>Toulouse<\/strong> va aussi faire un heureux, puisque <strong>Jimi<\/strong> <strong>Maximin<\/strong> va conna\u00eetre sa premi\u00e8re s\u00e9lection. Le deuxi\u00e8me ligne de la <strong>Section<\/strong> <strong>Paloise<\/strong> sera sur le banc de touche au coup d&rsquo;envoi samedi soir.<\/p>\n<h3 style=\"text-align: justify;\">\u00c0 lire aussi<\/h3>\n<div class=\"vlp-link-container vlp-layout-article\"><a href=\"https:\/\/dicodusport.fr\/blog\/xv-de-france-la-composition-des-bleus-face-aux-fidji-ce-samedi-15-novembre\/\" class=\"vlp-link\" title=\"XV de France : La composition des Bleus face aux Fidji ce samedi 15 novembre\"><\/a><div class=\"vlp-layout-zone-side\"><div class=\"vlp-block-4 vlp-link-image\"><img loading=\"lazy\" decoding=\"async\" style=\"max-width: 792px;\" width=\"792\" height=\"445\" src=\"https:\/\/dicodusport.fr\/blog\/wp-content\/uploads\/2025\/11\/XV-de-France-La-composition-des-Bleus-face-aux-Fidji-ce-samedi-15-novembre.png\" class=\"attachment-800x445 size-800x445\" alt=\"XV de France La composition des Bleus face aux Fidji ce samedi 15 novembre\" srcset=\"https:\/\/dicodusport.fr\/blog\/wp-content\/uploads\/2025\/11\/XV-de-France-La-composition-des-Bleus-face-aux-Fidji-ce-samedi-15-novembre.png 1200w, https:\/\/dicodusport.fr\/blog\/wp-content\/uploads\/2025\/11\/XV-de-France-La-composition-des-Bleus-face-aux-Fidji-ce-samedi-15-novembre-300x169.png 300w, https:\/\/dicodusport.fr\/blog\/wp-content\/uploads\/2025\/11\/XV-de-France-La-composition-des-Bleus-face-aux-Fidji-ce-samedi-15-novembre-1024x575.png 1024w, https:\/\/dicodusport.fr\/blog\/wp-content\/uploads\/2025\/11\/XV-de-France-La-composition-des-Bleus-face-aux-Fidji-ce-samedi-15-novembre-768x431.png 768w\" sizes=\"auto, (max-width: 792px) 100vw, 792px\" \/><\/div><\/div><div class=\"vlp-layout-zone-main\"><div class=\"vlp-block-0 vlp-link-title\">XV de France : La composition des Bleus face aux Fidji ce samedi 15 novembre<\/div><div class=\"vlp-block-1 vlp-link-summary\">Retrouvez la composition du XV de France pour affronter les Fidji ce samedi soir (15\/11, \u00e0 21h10), pour le deuxi\u00e8me match des Bleus dans cette tourn\u00e9e d'automne 2025.<\/div><div class=\"vlp-block-2 vlp-link-button\">Lire l'article<\/div><div class=\"vlp-block-3 vlp-link-url\">dicodusport.fr<\/div><\/div><\/div>\n","protected":false},"excerpt":{"rendered":"<p>XV DE FRANCE &#8211; La F\u00e9d\u00e9ration Fran\u00e7ais de Rugby a annonc\u00e9 le forfait d&rsquo;Emmanuel Meafou face aux Fidji. Romain Taofifenua le remplace.<\/p>\n","protected":false},"author":1,"featured_media":625481,"comment_status":"open","ping_status":"closed","sticky":false,"template":"","format":"standard","meta":{"_acf_changed":false,"_daextam_enable_autolinks":"1","footnotes":""},"categories":[19951],"tags":[16878,6016,1638],"class_list":["post-625478","post","type-post","status-publish","format-standard","has-post-thumbnail","hentry","category-xv-de-france","tag-breve","tag-tournee-dautomne","tag-xv-de-france"],"acf":[],"yoast_head":"<!-- This site is optimized with the Yoast SEO Premium plugin v26.7 (Yoast SEO v26.7) - https:\/\/yoast.com\/wordpress\/plugins\/seo\/ -->\n<title>XV de France : Emmanuel Meafou forfait face aux Fidji<\/title>\n<meta name=\"description\" content=\"XV DE FRANCE - La F\u00e9d\u00e9ration Fran\u00e7ais de Rugby a annonc\u00e9 le forfait d&#039;Emmanuel Meafou face aux Fidji. Romain Taofifenua le remplace.\" \/>\n<meta name=\"robots\" content=\"index, follow, max-snippet:-1, max-image-preview:large, max-video-preview:-1\" \/>\n<link rel=\"canonical\" href=\"https:\/\/dicodusport.fr\/blog\/xv-de-france-emmanuel-meafou-forfait-face-aux-fidji\/\" \/>\n<meta property=\"og:locale\" content=\"fr_FR\" \/>\n<meta property=\"og:type\" content=\"article\" \/>\n<meta property=\"og:title\" content=\"XV de France : Emmanuel Meafou forfait face aux Fidji\" \/>\n<meta property=\"og:description\" content=\"XV DE FRANCE - La F\u00e9d\u00e9ration Fran\u00e7ais de Rugby a annonc\u00e9 le forfait d&#039;Emmanuel Meafou face aux Fidji. Romain Taofifenua le remplace.\" \/>\n<meta property=\"og:url\" content=\"https:\/\/dicodusport.fr\/blog\/xv-de-france-emmanuel-meafou-forfait-face-aux-fidji\/\" \/>\n<meta property=\"og:site_name\" content=\"Dicodusport\" \/>\n<meta property=\"article:publisher\" content=\"https:\/\/www.facebook.com\/dicodusport\" \/>\n<meta property=\"article:author\" content=\"https:\/\/www.facebook.com\/dicodusport\" \/>\n<meta property=\"article:published_time\" content=\"2025-11-13T19:46:20+00:00\" \/>\n<meta property=\"article:modified_time\" content=\"2025-11-13T20:03:55+00:00\" \/>\n<meta property=\"og:image\" content=\"https:\/\/dicodusport.fr\/blog\/wp-content\/uploads\/2025\/11\/XV-de-France-Emmanuel-Meafou-forfait-face-aux-Fidji-un-novice-titularise.png\" \/>\n\t<meta property=\"og:image:width\" content=\"1200\" \/>\n\t<meta property=\"og:image:height\" content=\"674\" \/>\n\t<meta property=\"og:image:type\" content=\"image\/png\" \/>\n<meta name=\"author\" content=\"Nicolas Jacquemard\" \/>\n<meta name=\"twitter:card\" content=\"summary_large_image\" \/>\n<meta name=\"twitter:title\" content=\"XV de France : Emmanuel Meafou forfait face aux Fidji\" \/>\n<meta name=\"twitter:creator\" content=\"@https:\/\/twitter.com\/Nico_Jacquemard\" \/>\n<meta name=\"twitter:site\" content=\"@dicodusport\" \/>\n<script type=\"application\/ld+json\" class=\"yoast-schema-graph\">{\"@context\":\"https:\/\/schema.org\",\"@graph\":[{\"@type\":\"NewsArticle\",\"@id\":\"https:\/\/dicodusport.fr\/blog\/xv-de-france-emmanuel-meafou-forfait-face-aux-fidji\/#article\",\"isPartOf\":{\"@id\":\"https:\/\/dicodusport.fr\/blog\/xv-de-france-emmanuel-meafou-forfait-face-aux-fidji\/\"},\"author\":{\"name\":\"Nicolas Jacquemard\",\"@id\":\"https:\/\/dicodusport.fr\/blog\/#\/schema\/person\/55dcb50ad410894e431ed812bbb70191\"},\"headline\":\"XV de France : Emmanuel Meafou forfait face aux Fidji\",\"datePublished\":\"2025-11-13T19:46:20+00:00\",\"dateModified\":\"2025-11-13T20:03:55+00:00\",\"mainEntityOfPage\":{\"@id\":\"https:\/\/dicodusport.fr\/blog\/xv-de-france-emmanuel-meafou-forfait-face-aux-fidji\/\"},\"wordCount\":326,\"commentCount\":0,\"publisher\":{\"@id\":\"https:\/\/dicodusport.fr\/blog\/#organization\"},\"image\":{\"@id\":\"https:\/\/dicodusport.fr\/blog\/xv-de-france-emmanuel-meafou-forfait-face-aux-fidji\/#primaryimage\"},\"thumbnailUrl\":\"https:\/\/dicodusport.fr\/blog\/wp-content\/uploads\/2025\/11\/XV-de-France-Emmanuel-Meafou-forfait-face-aux-Fidji-un-novice-titularise.png\",\"keywords\":[\"br\u00e8ve\",\"tourn\u00e9e d'automne\",\"XV de France\"],\"articleSection\":[\"XV de France\"],\"inLanguage\":\"fr-FR\",\"potentialAction\":[{\"@type\":\"CommentAction\",\"name\":\"Comment\",\"target\":[\"https:\/\/dicodusport.fr\/blog\/xv-de-france-emmanuel-meafou-forfait-face-aux-fidji\/#respond\"]}],\"copyrightYear\":\"2025\",\"copyrightHolder\":{\"@id\":\"https:\/\/dicodusport.fr\/blog\/#organization\"}},{\"@type\":\"WebPage\",\"@id\":\"https:\/\/dicodusport.fr\/blog\/xv-de-france-emmanuel-meafou-forfait-face-aux-fidji\/\",\"url\":\"https:\/\/dicodusport.fr\/blog\/xv-de-france-emmanuel-meafou-forfait-face-aux-fidji\/\",\"name\":\"XV de France : Emmanuel Meafou forfait face aux Fidji\",\"isPartOf\":{\"@id\":\"https:\/\/dicodusport.fr\/blog\/#website\"},\"primaryImageOfPage\":{\"@id\":\"https:\/\/dicodusport.fr\/blog\/xv-de-france-emmanuel-meafou-forfait-face-aux-fidji\/#primaryimage\"},\"image\":{\"@id\":\"https:\/\/dicodusport.fr\/blog\/xv-de-france-emmanuel-meafou-forfait-face-aux-fidji\/#primaryimage\"},\"thumbnailUrl\":\"https:\/\/dicodusport.fr\/blog\/wp-content\/uploads\/2025\/11\/XV-de-France-Emmanuel-Meafou-forfait-face-aux-Fidji-un-novice-titularise.png\",\"datePublished\":\"2025-11-13T19:46:20+00:00\",\"dateModified\":\"2025-11-13T20:03:55+00:00\",\"description\":\"XV DE FRANCE - La F\u00e9d\u00e9ration Fran\u00e7ais de Rugby a annonc\u00e9 le forfait d'Emmanuel Meafou face aux Fidji. Romain Taofifenua le remplace.\",\"breadcrumb\":{\"@id\":\"https:\/\/dicodusport.fr\/blog\/xv-de-france-emmanuel-meafou-forfait-face-aux-fidji\/#breadcrumb\"},\"inLanguage\":\"fr-FR\",\"potentialAction\":[{\"@type\":\"ReadAction\",\"target\":[\"https:\/\/dicodusport.fr\/blog\/xv-de-france-emmanuel-meafou-forfait-face-aux-fidji\/\"]}]},{\"@type\":\"ImageObject\",\"inLanguage\":\"fr-FR\",\"@id\":\"https:\/\/dicodusport.fr\/blog\/xv-de-france-emmanuel-meafou-forfait-face-aux-fidji\/#primaryimage\",\"url\":\"https:\/\/dicodusport.fr\/blog\/wp-content\/uploads\/2025\/11\/XV-de-France-Emmanuel-Meafou-forfait-face-aux-Fidji-un-novice-titularise.png\",\"contentUrl\":\"https:\/\/dicodusport.fr\/blog\/wp-content\/uploads\/2025\/11\/XV-de-France-Emmanuel-Meafou-forfait-face-aux-Fidji-un-novice-titularise.png\",\"width\":1200,\"height\":674},{\"@type\":\"BreadcrumbList\",\"@id\":\"https:\/\/dicodusport.fr\/blog\/xv-de-france-emmanuel-meafou-forfait-face-aux-fidji\/#breadcrumb\",\"itemListElement\":[{\"@type\":\"ListItem\",\"position\":1,\"name\":\"Accueil\",\"item\":\"https:\/\/dicodusport.fr\/blog\/\"},{\"@type\":\"ListItem\",\"position\":2,\"name\":\"XV de France : Emmanuel Meafou forfait face aux Fidji\"}]},{\"@type\":\"WebSite\",\"@id\":\"https:\/\/dicodusport.fr\/blog\/#website\",\"url\":\"https:\/\/dicodusport.fr\/blog\/\",\"name\":\"Dicodusport\",\"description\":\"L&#039;encyclop\u00e9die de l&#039;actualit\u00e9 sportive\",\"publisher\":{\"@id\":\"https:\/\/dicodusport.fr\/blog\/#organization\"},\"potentialAction\":[{\"@type\":\"SearchAction\",\"target\":{\"@type\":\"EntryPoint\",\"urlTemplate\":\"https:\/\/dicodusport.fr\/blog\/?s={search_term_string}\"},\"query-input\":{\"@type\":\"PropertyValueSpecification\",\"valueRequired\":true,\"valueName\":\"search_term_string\"}}],\"inLanguage\":\"fr-FR\"},{\"@type\":\"NewsMediaOrganization\",\"@id\":\"https:\/\/dicodusport.fr\/blog\/#organization\",\"name\":\"Dicodusport\",\"url\":\"https:\/\/dicodusport.fr\/blog\/\",\"logo\":{\"@type\":\"ImageObject\",\"inLanguage\":\"fr-FR\",\"@id\":\"https:\/\/dicodusport.fr\/blog\/#\/schema\/logo\/image\/\",\"url\":\"https:\/\/dicodusport.fr\/blog\/wp-content\/uploads\/2020\/06\/cropped-LOGO-DICODUSPORT-2020-SANS-FOND-SANS-TEXTE.png\",\"contentUrl\":\"https:\/\/dicodusport.fr\/blog\/wp-content\/uploads\/2020\/06\/cropped-LOGO-DICODUSPORT-2020-SANS-FOND-SANS-TEXTE.png\",\"width\":512,\"height\":512,\"caption\":\"Dicodusport\"},\"image\":{\"@id\":\"https:\/\/dicodusport.fr\/blog\/#\/schema\/logo\/image\/\"},\"sameAs\":[\"https:\/\/www.facebook.com\/dicodusport\",\"https:\/\/x.com\/dicodusport\",\"https:\/\/www.instagram.com\/dicodusport\/\",\"https:\/\/www.youtube.com\/channel\/UC7V2KZ5sd3htJivAbA4ZG3w\"],\"description\":\"Dicodusport est l'encyclop\u00e9die de l'actualit\u00e9 sportive.\",\"email\":\"bonjour@dicodusport.fr\",\"legalName\":\"DICODUSPORT\",\"foundingDate\":\"2018-01-14\",\"vatID\":\"FR71834470973\",\"taxID\":\"83447097300043\",\"numberOfEmployees\":{\"@type\":\"QuantitativeValue\",\"minValue\":\"1\",\"maxValue\":\"10\"}},{\"@type\":\"Person\",\"@id\":\"https:\/\/dicodusport.fr\/blog\/#\/schema\/person\/55dcb50ad410894e431ed812bbb70191\",\"name\":\"Nicolas Jacquemard\",\"image\":{\"@type\":\"ImageObject\",\"inLanguage\":\"fr-FR\",\"@id\":\"https:\/\/dicodusport.fr\/blog\/#\/schema\/person\/image\/\",\"url\":\"https:\/\/dicodusport.fr\/blog\/wp-content\/uploads\/2021\/05\/Nicolas-Jacquemard-150x150.jpeg\",\"contentUrl\":\"https:\/\/dicodusport.fr\/blog\/wp-content\/uploads\/2021\/05\/Nicolas-Jacquemard-150x150.jpeg\",\"caption\":\"Nicolas Jacquemard\"},\"description\":\"Passionn\u00e9 de sport et entrepreneur depuis mes 18 ans, la cr\u00e9ation de Dicodusport m'a sembl\u00e9 \u00e9vidente pour participer \u00e0 la m\u00e9diatisation d'un plus grand nombre de sports. Le chemin est long mais avec une \u00e9quipe des plus motiv\u00e9es et les Jeux Olympiques de Paris 2024 en point de mire, nous y arriverons ! Journaliste dans le monde du sport depuis plus de 5 ans, je traite aussi bien de football, de rugby, de biathlon que de cyclisme.\",\"sameAs\":[\"https:\/\/www.facebook.com\/dicodusport\",\"https:\/\/x.com\/https:\/\/twitter.com\/Nico_Jacquemard\"],\"url\":\"https:\/\/dicodusport.fr\/blog\/author\/dicodusport\/\"}]}<\/script>\n<!-- \/ Yoast SEO Premium plugin. -->","yoast_head_json":{"title":"XV de France : Emmanuel Meafou forfait face aux Fidji","description":"XV DE FRANCE - La F\u00e9d\u00e9ration Fran\u00e7ais de Rugby a annonc\u00e9 le forfait d'Emmanuel Meafou face aux Fidji. Romain Taofifenua le remplace.","robots":{"index":"index","follow":"follow","max-snippet":"max-snippet:-1","max-image-preview":"max-image-preview:large","max-video-preview":"max-video-preview:-1"},"canonical":"https:\/\/dicodusport.fr\/blog\/xv-de-france-emmanuel-meafou-forfait-face-aux-fidji\/","og_locale":"fr_FR","og_type":"article","og_title":"XV de France : Emmanuel Meafou forfait face aux Fidji","og_description":"XV DE FRANCE - La F\u00e9d\u00e9ration Fran\u00e7ais de Rugby a annonc\u00e9 le forfait d'Emmanuel Meafou face aux Fidji. Romain Taofifenua le remplace.","og_url":"https:\/\/dicodusport.fr\/blog\/xv-de-france-emmanuel-meafou-forfait-face-aux-fidji\/","og_site_name":"Dicodusport","article_publisher":"https:\/\/www.facebook.com\/dicodusport","article_author":"https:\/\/www.facebook.com\/dicodusport","article_published_time":"2025-11-13T19:46:20+00:00","article_modified_time":"2025-11-13T20:03:55+00:00","og_image":[{"width":1200,"height":674,"url":"https:\/\/dicodusport.fr\/blog\/wp-content\/uploads\/2025\/11\/XV-de-France-Emmanuel-Meafou-forfait-face-aux-Fidji-un-novice-titularise.png","type":"image\/png"}],"author":"Nicolas Jacquemard","twitter_card":"summary_large_image","twitter_title":"XV de France : Emmanuel Meafou forfait face aux Fidji","twitter_creator":"@https:\/\/twitter.com\/Nico_Jacquemard","twitter_site":"@dicodusport","schema":{"@context":"https:\/\/schema.org","@graph":[{"@type":"NewsArticle","@id":"https:\/\/dicodusport.fr\/blog\/xv-de-france-emmanuel-meafou-forfait-face-aux-fidji\/#article","isPartOf":{"@id":"https:\/\/dicodusport.fr\/blog\/xv-de-france-emmanuel-meafou-forfait-face-aux-fidji\/"},"author":{"name":"Nicolas Jacquemard","@id":"https:\/\/dicodusport.fr\/blog\/#\/schema\/person\/55dcb50ad410894e431ed812bbb70191"},"headline":"XV de France : Emmanuel Meafou forfait face aux Fidji","datePublished":"2025-11-13T19:46:20+00:00","dateModified":"2025-11-13T20:03:55+00:00","mainEntityOfPage":{"@id":"https:\/\/dicodusport.fr\/blog\/xv-de-france-emmanuel-meafou-forfait-face-aux-fidji\/"},"wordCount":326,"commentCount":0,"publisher":{"@id":"https:\/\/dicodusport.fr\/blog\/#organization"},"image":{"@id":"https:\/\/dicodusport.fr\/blog\/xv-de-france-emmanuel-meafou-forfait-face-aux-fidji\/#primaryimage"},"thumbnailUrl":"https:\/\/dicodusport.fr\/blog\/wp-content\/uploads\/2025\/11\/XV-de-France-Emmanuel-Meafou-forfait-face-aux-Fidji-un-novice-titularise.png","keywords":["br\u00e8ve","tourn\u00e9e d'automne","XV de France"],"articleSection":["XV de France"],"inLanguage":"fr-FR","potentialAction":[{"@type":"CommentAction","name":"Comment","target":["https:\/\/dicodusport.fr\/blog\/xv-de-france-emmanuel-meafou-forfait-face-aux-fidji\/#respond"]}],"copyrightYear":"2025","copyrightHolder":{"@id":"https:\/\/dicodusport.fr\/blog\/#organization"}},{"@type":"WebPage","@id":"https:\/\/dicodusport.fr\/blog\/xv-de-france-emmanuel-meafou-forfait-face-aux-fidji\/","url":"https:\/\/dicodusport.fr\/blog\/xv-de-france-emmanuel-meafou-forfait-face-aux-fidji\/","name":"XV de France : Emmanuel Meafou forfait face aux Fidji","isPartOf":{"@id":"https:\/\/dicodusport.fr\/blog\/#website"},"primaryImageOfPage":{"@id":"https:\/\/dicodusport.fr\/blog\/xv-de-france-emmanuel-meafou-forfait-face-aux-fidji\/#primaryimage"},"image":{"@id":"https:\/\/dicodusport.fr\/blog\/xv-de-france-emmanuel-meafou-forfait-face-aux-fidji\/#primaryimage"},"thumbnailUrl":"https:\/\/dicodusport.fr\/blog\/wp-content\/uploads\/2025\/11\/XV-de-France-Emmanuel-Meafou-forfait-face-aux-Fidji-un-novice-titularise.png","datePublished":"2025-11-13T19:46:20+00:00","dateModified":"2025-11-13T20:03:55+00:00","description":"XV DE FRANCE - La F\u00e9d\u00e9ration Fran\u00e7ais de Rugby a annonc\u00e9 le forfait d'Emmanuel Meafou face aux Fidji. Romain Taofifenua le remplace.","breadcrumb":{"@id":"https:\/\/dicodusport.fr\/blog\/xv-de-france-emmanuel-meafou-forfait-face-aux-fidji\/#breadcrumb"},"inLanguage":"fr-FR","potentialAction":[{"@type":"ReadAction","target":["https:\/\/dicodusport.fr\/blog\/xv-de-france-emmanuel-meafou-forfait-face-aux-fidji\/"]}]},{"@type":"ImageObject","inLanguage":"fr-FR","@id":"https:\/\/dicodusport.fr\/blog\/xv-de-france-emmanuel-meafou-forfait-face-aux-fidji\/#primaryimage","url":"https:\/\/dicodusport.fr\/blog\/wp-content\/uploads\/2025\/11\/XV-de-France-Emmanuel-Meafou-forfait-face-aux-Fidji-un-novice-titularise.png","contentUrl":"https:\/\/dicodusport.fr\/blog\/wp-content\/uploads\/2025\/11\/XV-de-France-Emmanuel-Meafou-forfait-face-aux-Fidji-un-novice-titularise.png","width":1200,"height":674},{"@type":"BreadcrumbList","@id":"https:\/\/dicodusport.fr\/blog\/xv-de-france-emmanuel-meafou-forfait-face-aux-fidji\/#breadcrumb","itemListElement":[{"@type":"ListItem","position":1,"name":"Accueil","item":"https:\/\/dicodusport.fr\/blog\/"},{"@type":"ListItem","position":2,"name":"XV de France : Emmanuel Meafou forfait face aux Fidji"}]},{"@type":"WebSite","@id":"https:\/\/dicodusport.fr\/blog\/#website","url":"https:\/\/dicodusport.fr\/blog\/","name":"Dicodusport","description":"L&#039;encyclop\u00e9die de l&#039;actualit\u00e9 sportive","publisher":{"@id":"https:\/\/dicodusport.fr\/blog\/#organization"},"potentialAction":[{"@type":"SearchAction","target":{"@type":"EntryPoint","urlTemplate":"https:\/\/dicodusport.fr\/blog\/?s={search_term_string}"},"query-input":{"@type":"PropertyValueSpecification","valueRequired":true,"valueName":"search_term_string"}}],"inLanguage":"fr-FR"},{"@type":"NewsMediaOrganization","@id":"https:\/\/dicodusport.fr\/blog\/#organization","name":"Dicodusport","url":"https:\/\/dicodusport.fr\/blog\/","logo":{"@type":"ImageObject","inLanguage":"fr-FR","@id":"https:\/\/dicodusport.fr\/blog\/#\/schema\/logo\/image\/","url":"https:\/\/dicodusport.fr\/blog\/wp-content\/uploads\/2020\/06\/cropped-LOGO-DICODUSPORT-2020-SANS-FOND-SANS-TEXTE.png","contentUrl":"https:\/\/dicodusport.fr\/blog\/wp-content\/uploads\/2020\/06\/cropped-LOGO-DICODUSPORT-2020-SANS-FOND-SANS-TEXTE.png","width":512,"height":512,"caption":"Dicodusport"},"image":{"@id":"https:\/\/dicodusport.fr\/blog\/#\/schema\/logo\/image\/"},"sameAs":["https:\/\/www.facebook.com\/dicodusport","https:\/\/x.com\/dicodusport","https:\/\/www.instagram.com\/dicodusport\/","https:\/\/www.youtube.com\/channel\/UC7V2KZ5sd3htJivAbA4ZG3w"],"description":"Dicodusport est l'encyclop\u00e9die de l'actualit\u00e9 sportive.","email":"bonjour@dicodusport.fr","legalName":"DICODUSPORT","foundingDate":"2018-01-14","vatID":"FR71834470973","taxID":"83447097300043","numberOfEmployees":{"@type":"QuantitativeValue","minValue":"1","maxValue":"10"}},{"@type":"Person","@id":"https:\/\/dicodusport.fr\/blog\/#\/schema\/person\/55dcb50ad410894e431ed812bbb70191","name":"Nicolas Jacquemard","image":{"@type":"ImageObject","inLanguage":"fr-FR","@id":"https:\/\/dicodusport.fr\/blog\/#\/schema\/person\/image\/","url":"https:\/\/dicodusport.fr\/blog\/wp-content\/uploads\/2021\/05\/Nicolas-Jacquemard-150x150.jpeg","contentUrl":"https:\/\/dicodusport.fr\/blog\/wp-content\/uploads\/2021\/05\/Nicolas-Jacquemard-150x150.jpeg","caption":"Nicolas Jacquemard"},"description":"Passionn\u00e9 de sport et entrepreneur depuis mes 18 ans, la cr\u00e9ation de Dicodusport m'a sembl\u00e9 \u00e9vidente pour participer \u00e0 la m\u00e9diatisation d'un plus grand nombre de sports. Le chemin est long mais avec une \u00e9quipe des plus motiv\u00e9es et les Jeux Olympiques de Paris 2024 en point de mire, nous y arriverons ! Journaliste dans le monde du sport depuis plus de 5 ans, je traite aussi bien de football, de rugby, de biathlon que de cyclisme.","sameAs":["https:\/\/www.facebook.com\/dicodusport","https:\/\/x.com\/https:\/\/twitter.com\/Nico_Jacquemard"],"url":"https:\/\/dicodusport.fr\/blog\/author\/dicodusport\/"}]}},"_links":{"self":[{"href":"https:\/\/dicodusport.fr\/blog\/wp-json\/wp\/v2\/posts\/625478","targetHints":{"allow":["GET"]}}],"collection":[{"href":"https:\/\/dicodusport.fr\/blog\/wp-json\/wp\/v2\/posts"}],"about":[{"href":"https:\/\/dicodusport.fr\/blog\/wp-json\/wp\/v2\/types\/post"}],"author":[{"embeddable":true,"href":"https:\/\/dicodusport.fr\/blog\/wp-json\/wp\/v2\/users\/1"}],"replies":[{"embeddable":true,"href":"https:\/\/dicodusport.fr\/blog\/wp-json\/wp\/v2\/comments?post=625478"}],"version-history":[{"count":5,"href":"https:\/\/dicodusport.fr\/blog\/wp-json\/wp\/v2\/posts\/625478\/revisions"}],"predecessor-version":[{"id":625489,"href":"https:\/\/dicodusport.fr\/blog\/wp-json\/wp\/v2\/posts\/625478\/revisions\/625489"}],"wp:featuredmedia":[{"embeddable":true,"href":"https:\/\/dicodusport.fr\/blog\/wp-json\/wp\/v2\/media\/625481"}],"wp:attachment":[{"href":"https:\/\/dicodusport.fr\/blog\/wp-json\/wp\/v2\/media?parent=625478"}],"wp:term":[{"taxonomy":"category","embeddable":true,"href":"https:\/\/dicodusport.fr\/blog\/wp-json\/wp\/v2\/categories?post=625478"},{"taxonomy":"post_tag","embeddable":true,"href":"https:\/\/dicodusport.fr\/blog\/wp-json\/wp\/v2\/tags?post=625478"}],"curies":[{"name":"wp","href":"https:\/\/api.w.org\/{rel}","templated":true}]}}