{"id":625557,"date":"2026-04-23T10:13:37","date_gmt":"2026-04-23T08:13:37","guid":{"rendered":"https:\/\/dicodusport.fr\/blog\/?p=625557&#038;preview=true&#038;preview_id=625557"},"modified":"2026-04-23T10:14:46","modified_gmt":"2026-04-23T08:14:46","slug":"transferts-perpignan-2026-recrues-departs-et-prolongations","status":"publish","type":"post","link":"https:\/\/dicodusport.fr\/blog\/transferts-perpignan-2026-recrues-departs-et-prolongations\/","title":{"rendered":"Transferts Perpignan 2026 : Recrues, d\u00e9parts et prolongations"},"content":{"rendered":"<p style=\"text-align: justify;\"><strong><em>TRANSFERTS USAP &#8211; Arriv\u00e9es, d\u00e9parts, prolongations, rumeurs : retrouvez toutes les informations transferts de l&rsquo;USAP pour la saison 2026-2027.<\/em><\/strong><\/p>\n<ul style=\"text-align: justify;\">\n<li><strong>\u00c0 ce sujet \u2014\u00a0<a href=\"https:\/\/dicodusport.fr\/blog\/classement-top-14-2025-2026-mis-a-jour\/\">Classement Top 14 2025-2026 mis \u00e0 jour<\/a><\/strong><\/li>\n<\/ul>\n<p style=\"text-align: justify;\">Depuis plusieurs ann\u00e9es, <strong>Perpignan<\/strong> se bat pour assurer son maintien en Top 14 saison apr\u00e8s saison. Difficile de se projeter sur le moyen terme, le court est privil\u00e9gi\u00e9, comme l&rsquo;a prouv\u00e9 le recrutement en catastrophe de <a href=\"https:\/\/dicodusport.fr\/blog\/transferts-benjamin-urdapilleta-signe-en-top-14-avec-effet-immediat\/\"><strong>Benjam\u00edn Urdapilleta<\/strong><\/a>.<\/p>\n<p style=\"text-align: justify;\">De plus, l&rsquo;USAP va perdre un de ses rares joyaux, puisque <strong>Alivereti Duguivalu<\/strong>, devenu international r\u00e9cemment, va prendre la direction de la capitale. C&rsquo;est tout pour l&rsquo;instant, mais attention \u00e0 l&rsquo;exode qui sera in\u00e9vitable en cas de descente en Pro D2.<\/p>\n<p style=\"text-align: justify;\">D\u00e9couvrez toutes les actualit\u00e9s <strong data-start=\"32\" data-end=\"89\">transferts de l\u2019<span class=\"hover:entity-accent entity-underline inline cursor-pointer align-baseline\"><span class=\"whitespace-normal\">USAP Perpignan<\/span><\/span><\/strong> pour la saison <strong data-start=\"105\" data-end=\"118\">2026-2027<\/strong> : arriv\u00e9es confirm\u00e9es, d\u00e9parts act\u00e9s et prolongations cl\u00e9s. Suivez en temps r\u00e9el les mouvements qui vont fa\u00e7onner l\u2019effectif sang et or, entre jeunes talents, cadres prolong\u00e9s et recrues prioritaires du club. Restez inform\u00e9 des d\u00e9cisions importantes du staff pour mieux comprendre les ambitions de l\u2019<strong>USAP<\/strong> pour le prochain exercice.<\/p>\n<p style=\"text-align: justify;\"><span style=\"font-size: 14px;\"><strong>En gras : Officiel ou Certain<\/strong><\/span><br \/>\n<span style=\"font-size: 14px;\">En \u00e9criture normale : Rumeur ou Attendu<\/span><\/p>\n<p style=\"text-align: justify;\"><div class=\"su-table su-table-alternate\">\n<table style=\"height: x;width: 100%;border-collapse: collapse\" border=\"1\">\n<tbody>\n<tr>\n<td style=\"width: 840px;border-color: #e8e8e8;text-align: center;vertical-align: middle\" colspan=\"3\"><span style=\"font-size: 0.9em\"><strong><img loading=\"lazy\" decoding=\"async\" class=\"\" src=\"https:\/\/cdn.lnr.fr\/club\/perpignan\/photo\/logo.7d87d88b4bd187d9dd04023242f5ce1872dc43a1\" alt=\"USA Perpignan\" width=\"100\" height=\"100\" \/><br \/>\nUSAP<\/strong><\/span><\/td>\n<\/tr>\n<tr style=\"height: 22px\">\n<td style=\"height: 23px;border-color: #e8e8e8;text-align: center;vertical-align: middle;width: 280px\"><span style=\"font-size: 0.9em\"><span style=\"color: #000000\"><strong><span style=\"color: #008000\">\u25bc<\/span><\/strong><\/span><strong><span style=\"color: #000000\">ARRIV\u00c9ES<\/span><\/strong><\/span><\/td>\n<td style=\"height: 23px;border-color: #e8e8e8;text-align: center;vertical-align: middle;width: 280px\"><span style=\"font-size: 0.9em\"><span style=\"color: #000000\"><strong><span style=\"color: #ff0000\">\u25b2<\/span><\/strong><\/span><strong><span style=\"color: #000000\">D\u00c9PARTS<\/span><\/strong><\/span><\/td>\n<td style=\"height: 23px;border-color: #e8e8e8;text-align: center;vertical-align: middle;width: 280px\"><span style=\"color: #000000;font-size: 0.9em\"><strong>\ud83d\udcddPROLONG. <\/strong><\/span><\/td>\n<\/tr>\n<tr style=\"height: 22px\">\n<td style=\"border-color: #e8e8e8;text-align: left;vertical-align: middle;height: 60px;width: 280px\"><span style=\"font-size: 0.9em\"><strong>&#8211; <a href=\"https:\/\/dicodusport.fr\/blog\/enzo-forletta-va-changer-de-club-le-pilier-du-mhr-rejoint-une-formation-de-bas-de-tableau-en-top-14\/\">Enzo Forletta<\/a> (Montpellier)<br \/>\n&#8211; <a href=\"https:\/\/dicodusport.fr\/blog\/onde-de-choc-en-top-14-sevu-reece-en-route-vers-une-equipe-de-bas-de-tableau\/\">Sevu Reece<\/a> (Crusaders)<br \/>\n&#8211; Hugo Reus (Montpellier, novembre 2025)<br \/>\n&#8211; <a href=\"https:\/\/dicodusport.fr\/blog\/le-pilier-italien-marco-riccioni-se-rapproche-dun-club-de-top-14\/\">Marco Riccioni<\/a> (Saracens)<br \/>\n&#8211; <a href=\"https:\/\/dicodusport.fr\/blog\/le-demi-de-melee-irlandais-luke-mcgrath-signe-en-top-14\/\">Luke McGrath<\/a> (Leinster)<br \/>\n&#8211; <a href=\"https:\/\/dicodusport.fr\/blog\/braydon-ennor-en-france-un-club-de-top-14-tout-proche-de-signer-le-neo-zelandais\/\">Braydon Ennor<\/a> (Crusaders)<br \/>\n&#8211; Ma\u00eblan Rabut (Oyonnax)<br \/>\n&#8211; Jos\u00e9 Madeira (Grenoble)<\/strong><\/span><\/td>\n<td style=\"border-color: #e8e8e8;text-align: left;vertical-align: middle;height: 60px;width: 280px\"><span style=\"font-size: 0.9em\"><strong>&#8211; <a href=\"https:\/\/dicodusport.fr\/blog\/transferts-usap-tristan-labouteley-va-rebondir-en-pro-d2\/\">Tristan Labouteley<\/a> (Grenoble)<\/strong><br \/>\n<strong>&#8211; <a href=\"https:\/\/dicodusport.fr\/blog\/transferts-alivereti-duguivalu-va-quitter-lusap-pour-un-autre-club-de-top-14\/\">Alivereti Duguivalu<\/a> (Stade Fran\u00e7ais)<\/strong><br \/>\n<strong>&#8211; Seilala Lam (nov 2025, ASM Clermont)<\/strong><br \/>\n<strong>&#8211; Nemo Roelofse (Sharks)<\/strong><br \/>\n<strong>&#8211; Akato Falatika (Agen)<\/strong><br \/>\n<strong>&#8211; Max Hicks (Newcastle)<\/strong><br \/>\n<strong>&#8211; Jordan Petaia (?)<br \/>\n&#8211; Tavite Veredamu (?)<br \/>\n&#8211; Benjam\u00edn Urdapilleta (retraite)<br \/>\n&#8211; Gela Aprasidze (SA XV)<br \/>\n&#8211; Hugo Reus (UBB, mars 2026)<\/strong><\/span><\/td>\n<td style=\"text-align: left;border-color: #e8e8e8;vertical-align: middle;height: 60px;width: 280px\"><span style=\"font-size: 0.9em\"><strong>&#8211; Giorgi Tetrashvili \u2192 2028<br \/>\n&#8211; Giorgi Beria \u2192 2028<br \/>\n&#8211; Mathys Lotrian \u2192 2029<br \/>\n&#8211; Tom Ecochard \u2192 2029<br \/>\n&#8211; Eneriko Buliruarua \u2192 2028<br \/>\n&#8211; <a href=\"https:\/\/dicodusport.fr\/blog\/lusap-a-tranche-pour-lavenir-de-james-hall\/\">James Hall<\/a> \u2192 2028<br \/>\n&#8211; Victor Montgaillard \u2192 ?<\/strong><\/span><\/td>\n<\/tr>\n<\/tbody>\n<\/table>\n<p style=\"text-align: justify\"><\/div>\n<p style=\"text-align: justify;\"><span style=\"font-size: 14px;\"><em><strong>PS : Si certains transferts et\/ou certaines prolongations sont oubli\u00e9s dans ce tableau, n&rsquo;h\u00e9sitez pas \u00e0 nous les signaler, merci !<\/strong><\/em><\/span><\/p>\n<h2 style=\"text-align: justify;\">\u00c0 lire aussi<\/h2>\n<div class=\"vlp-link-container vlp-layout-article\"><a href=\"https:\/\/dicodusport.fr\/blog\/qui-sont-les-joueurs-les-mieux-payes-du-top-14-decouvrez-les-salaires-des-stars-du-championnat\/\" class=\"vlp-link\" title=\"Qui sont les joueurs les mieux pay\u00e9s du Top 14 ? D\u00e9couvrez les salaires des stars du championnat\"><\/a><div class=\"vlp-layout-zone-side\"><div class=\"vlp-block-4 vlp-link-image\"><img loading=\"lazy\" decoding=\"async\" style=\"max-width: 792px;\" width=\"792\" height=\"445\" src=\"https:\/\/dicodusport.fr\/blog\/wp-content\/uploads\/2025\/09\/Qui-sont-les-joueurs-les-mieux-payes-du-Top-14-Decouvrez-les-salaires-des-stars-du-championnat.png\" class=\"attachment-800x445 size-800x445\" alt=\"Qui sont les joueurs les mieux pay\u00e9s du Top 14 D\u00e9couvrez les salaires des stars du championnat\" srcset=\"https:\/\/dicodusport.fr\/blog\/wp-content\/uploads\/2025\/09\/Qui-sont-les-joueurs-les-mieux-payes-du-Top-14-Decouvrez-les-salaires-des-stars-du-championnat.png 1200w, https:\/\/dicodusport.fr\/blog\/wp-content\/uploads\/2025\/09\/Qui-sont-les-joueurs-les-mieux-payes-du-Top-14-Decouvrez-les-salaires-des-stars-du-championnat-300x169.png 300w, https:\/\/dicodusport.fr\/blog\/wp-content\/uploads\/2025\/09\/Qui-sont-les-joueurs-les-mieux-payes-du-Top-14-Decouvrez-les-salaires-des-stars-du-championnat-1024x575.png 1024w, https:\/\/dicodusport.fr\/blog\/wp-content\/uploads\/2025\/09\/Qui-sont-les-joueurs-les-mieux-payes-du-Top-14-Decouvrez-les-salaires-des-stars-du-championnat-768x431.png 768w\" sizes=\"auto, (max-width: 792px) 100vw, 792px\" \/><\/div><\/div><div class=\"vlp-layout-zone-main\"><div class=\"vlp-block-0 vlp-link-title\">Qui sont les joueurs les mieux pay\u00e9s du Top 14 ? D\u00e9couvrez les salaires des stars du championnat<\/div><div class=\"vlp-block-1 vlp-link-summary\">On fait le point sur les joueurs les mieux pay\u00e9s du championnat.<\/div><div class=\"vlp-block-2 vlp-link-button\">Lire l'article<\/div><div class=\"vlp-block-3 vlp-link-url\">dicodusport.fr<\/div><\/div><\/div>\n<div id=\"gtx-trans\" style=\"position: absolute; left: 452px; top: 693.182px;\">\n<div class=\"gtx-trans-icon\"><\/div>\n<\/div>\n","protected":false},"excerpt":{"rendered":"<p>Arriv\u00e9es, d\u00e9parts et prolongations \u00e0 Perpignan.<\/p>\n","protected":false},"author":59,"featured_media":626456,"comment_status":"open","ping_status":"closed","sticky":false,"template":"","format":"standard","meta":{"_acf_changed":false,"_daextam_enable_autolinks":"1","footnotes":""},"categories":[47050],"tags":[7974,111,29105,7945,8134,4765],"class_list":["post-625557","post","type-post","status-publish","format-standard","has-post-thumbnail","hentry","category-top-14","tag-mercato-top-14","tag-top-14","tag-transferts-rugby","tag-transferts-top-14","tag-transferts-usap","tag-usap"],"acf":[],"yoast_head":"<!-- This site is optimized with the Yoast SEO Premium plugin v26.7 (Yoast SEO v26.7) - https:\/\/yoast.com\/wordpress\/plugins\/seo\/ -->\n<title>Transferts Perpignan 2026 : Recrues, d\u00e9parts et prolongations<\/title>\n<meta name=\"description\" content=\"TRANSFERTS USAP - Arriv\u00e9es, d\u00e9parts, prolongations, rumeurs : retrouvez toutes les informations transferts de l&#039;USAP.\" \/>\n<meta name=\"robots\" content=\"index, follow, max-snippet:-1, max-image-preview:large, max-video-preview:-1\" \/>\n<link rel=\"canonical\" href=\"https:\/\/dicodusport.fr\/blog\/transferts-perpignan-2026-recrues-departs-et-prolongations\/\" \/>\n<meta property=\"og:locale\" content=\"fr_FR\" \/>\n<meta property=\"og:type\" content=\"article\" \/>\n<meta property=\"og:title\" content=\"Transferts Perpignan 2026 : Recrues, d\u00e9parts et prolongations\" \/>\n<meta property=\"og:description\" content=\"TRANSFERTS USAP - Arriv\u00e9es, d\u00e9parts, prolongations, rumeurs : retrouvez toutes les informations transferts de l&#039;USAP.\" \/>\n<meta property=\"og:url\" content=\"https:\/\/dicodusport.fr\/blog\/transferts-perpignan-2026-recrues-departs-et-prolongations\/\" \/>\n<meta property=\"og:site_name\" content=\"Dicodusport\" \/>\n<meta property=\"article:publisher\" content=\"https:\/\/www.facebook.com\/dicodusport\" \/>\n<meta property=\"article:author\" content=\"https:\/\/www.facebook.com\/sebastien.gente\/\" \/>\n<meta property=\"article:published_time\" content=\"2026-04-23T08:13:37+00:00\" \/>\n<meta property=\"article:modified_time\" content=\"2026-04-23T08:14:46+00:00\" \/>\n<meta property=\"og:image\" content=\"https:\/\/dicodusport.fr\/blog\/wp-content\/uploads\/2025\/11\/Transferts-Perpignan-2026-Recrues-departs-et-prolongations.png\" \/>\n\t<meta property=\"og:image:width\" content=\"1200\" \/>\n\t<meta property=\"og:image:height\" content=\"674\" \/>\n\t<meta property=\"og:image:type\" content=\"image\/png\" \/>\n<meta name=\"author\" content=\"S\u00e9bastien Gente\" \/>\n<meta name=\"twitter:card\" content=\"summary_large_image\" \/>\n<meta name=\"twitter:title\" content=\"Transferts Perpignan 2026 : Recrues, d\u00e9parts et prolongations\" \/>\n<meta name=\"twitter:creator\" content=\"@https:\/\/twitter.com\/globulo24\" \/>\n<meta name=\"twitter:site\" content=\"@dicodusport\" \/>\n<script type=\"application\/ld+json\" class=\"yoast-schema-graph\">{\"@context\":\"https:\/\/schema.org\",\"@graph\":[{\"@type\":\"NewsArticle\",\"@id\":\"https:\/\/dicodusport.fr\/blog\/transferts-perpignan-2026-recrues-departs-et-prolongations\/#article\",\"isPartOf\":{\"@id\":\"https:\/\/dicodusport.fr\/blog\/transferts-perpignan-2026-recrues-departs-et-prolongations\/\"},\"author\":{\"name\":\"S\u00e9bastien Gente\",\"@id\":\"https:\/\/dicodusport.fr\/blog\/#\/schema\/person\/627966a6cde45dbd8c5e36ac85d783da\"},\"headline\":\"Transferts Perpignan 2026 : Recrues, d\u00e9parts et prolongations\",\"datePublished\":\"2026-04-23T08:13:37+00:00\",\"dateModified\":\"2026-04-23T08:14:46+00:00\",\"mainEntityOfPage\":{\"@id\":\"https:\/\/dicodusport.fr\/blog\/transferts-perpignan-2026-recrues-departs-et-prolongations\/\"},\"wordCount\":435,\"commentCount\":0,\"publisher\":{\"@id\":\"https:\/\/dicodusport.fr\/blog\/#organization\"},\"image\":{\"@id\":\"https:\/\/dicodusport.fr\/blog\/transferts-perpignan-2026-recrues-departs-et-prolongations\/#primaryimage\"},\"thumbnailUrl\":\"https:\/\/dicodusport.fr\/blog\/wp-content\/uploads\/2025\/11\/Transferts-Perpignan-2026-Recrues-departs-et-prolongations.png\",\"keywords\":[\"Mercato Top 14\",\"Top 14\",\"Transferts rugby\",\"Transferts Top 14\",\"Transferts USAP\",\"USAP\"],\"articleSection\":[\"Top 14\"],\"inLanguage\":\"fr-FR\",\"potentialAction\":[{\"@type\":\"CommentAction\",\"name\":\"Comment\",\"target\":[\"https:\/\/dicodusport.fr\/blog\/transferts-perpignan-2026-recrues-departs-et-prolongations\/#respond\"]}],\"copyrightYear\":\"2026\",\"copyrightHolder\":{\"@id\":\"https:\/\/dicodusport.fr\/blog\/#organization\"}},{\"@type\":\"WebPage\",\"@id\":\"https:\/\/dicodusport.fr\/blog\/transferts-perpignan-2026-recrues-departs-et-prolongations\/\",\"url\":\"https:\/\/dicodusport.fr\/blog\/transferts-perpignan-2026-recrues-departs-et-prolongations\/\",\"name\":\"Transferts Perpignan 2026 : Recrues, d\u00e9parts et prolongations\",\"isPartOf\":{\"@id\":\"https:\/\/dicodusport.fr\/blog\/#website\"},\"primaryImageOfPage\":{\"@id\":\"https:\/\/dicodusport.fr\/blog\/transferts-perpignan-2026-recrues-departs-et-prolongations\/#primaryimage\"},\"image\":{\"@id\":\"https:\/\/dicodusport.fr\/blog\/transferts-perpignan-2026-recrues-departs-et-prolongations\/#primaryimage\"},\"thumbnailUrl\":\"https:\/\/dicodusport.fr\/blog\/wp-content\/uploads\/2025\/11\/Transferts-Perpignan-2026-Recrues-departs-et-prolongations.png\",\"datePublished\":\"2026-04-23T08:13:37+00:00\",\"dateModified\":\"2026-04-23T08:14:46+00:00\",\"description\":\"TRANSFERTS USAP - Arriv\u00e9es, d\u00e9parts, prolongations, rumeurs : retrouvez toutes les informations transferts de l'USAP.\",\"breadcrumb\":{\"@id\":\"https:\/\/dicodusport.fr\/blog\/transferts-perpignan-2026-recrues-departs-et-prolongations\/#breadcrumb\"},\"inLanguage\":\"fr-FR\",\"potentialAction\":[{\"@type\":\"ReadAction\",\"target\":[\"https:\/\/dicodusport.fr\/blog\/transferts-perpignan-2026-recrues-departs-et-prolongations\/\"]}]},{\"@type\":\"ImageObject\",\"inLanguage\":\"fr-FR\",\"@id\":\"https:\/\/dicodusport.fr\/blog\/transferts-perpignan-2026-recrues-departs-et-prolongations\/#primaryimage\",\"url\":\"https:\/\/dicodusport.fr\/blog\/wp-content\/uploads\/2025\/11\/Transferts-Perpignan-2026-Recrues-departs-et-prolongations.png\",\"contentUrl\":\"https:\/\/dicodusport.fr\/blog\/wp-content\/uploads\/2025\/11\/Transferts-Perpignan-2026-Recrues-departs-et-prolongations.png\",\"width\":1200,\"height\":674,\"caption\":\"Transferts Perpignan 2026 Recrues, d\u00e9parts et prolongations\"},{\"@type\":\"BreadcrumbList\",\"@id\":\"https:\/\/dicodusport.fr\/blog\/transferts-perpignan-2026-recrues-departs-et-prolongations\/#breadcrumb\",\"itemListElement\":[{\"@type\":\"ListItem\",\"position\":1,\"name\":\"Accueil\",\"item\":\"https:\/\/dicodusport.fr\/blog\/\"},{\"@type\":\"ListItem\",\"position\":2,\"name\":\"Transferts Perpignan 2026 : Recrues, d\u00e9parts et prolongations\"}]},{\"@type\":\"WebSite\",\"@id\":\"https:\/\/dicodusport.fr\/blog\/#website\",\"url\":\"https:\/\/dicodusport.fr\/blog\/\",\"name\":\"Dicodusport\",\"description\":\"L&#039;encyclop\u00e9die de l&#039;actualit\u00e9 sportive\",\"publisher\":{\"@id\":\"https:\/\/dicodusport.fr\/blog\/#organization\"},\"potentialAction\":[{\"@type\":\"SearchAction\",\"target\":{\"@type\":\"EntryPoint\",\"urlTemplate\":\"https:\/\/dicodusport.fr\/blog\/?s={search_term_string}\"},\"query-input\":{\"@type\":\"PropertyValueSpecification\",\"valueRequired\":true,\"valueName\":\"search_term_string\"}}],\"inLanguage\":\"fr-FR\"},{\"@type\":\"NewsMediaOrganization\",\"@id\":\"https:\/\/dicodusport.fr\/blog\/#organization\",\"name\":\"Dicodusport\",\"url\":\"https:\/\/dicodusport.fr\/blog\/\",\"logo\":{\"@type\":\"ImageObject\",\"inLanguage\":\"fr-FR\",\"@id\":\"https:\/\/dicodusport.fr\/blog\/#\/schema\/logo\/image\/\",\"url\":\"https:\/\/dicodusport.fr\/blog\/wp-content\/uploads\/2020\/06\/cropped-LOGO-DICODUSPORT-2020-SANS-FOND-SANS-TEXTE.png\",\"contentUrl\":\"https:\/\/dicodusport.fr\/blog\/wp-content\/uploads\/2020\/06\/cropped-LOGO-DICODUSPORT-2020-SANS-FOND-SANS-TEXTE.png\",\"width\":512,\"height\":512,\"caption\":\"Dicodusport\"},\"image\":{\"@id\":\"https:\/\/dicodusport.fr\/blog\/#\/schema\/logo\/image\/\"},\"sameAs\":[\"https:\/\/www.facebook.com\/dicodusport\",\"https:\/\/x.com\/dicodusport\",\"https:\/\/www.instagram.com\/dicodusport\/\",\"https:\/\/www.youtube.com\/channel\/UC7V2KZ5sd3htJivAbA4ZG3w\"],\"description\":\"Dicodusport est l'encyclop\u00e9die de l'actualit\u00e9 sportive.\",\"email\":\"bonjour@dicodusport.fr\",\"legalName\":\"DICODUSPORT\",\"foundingDate\":\"2018-01-14\",\"vatID\":\"FR71834470973\",\"taxID\":\"83447097300043\",\"numberOfEmployees\":{\"@type\":\"QuantitativeValue\",\"minValue\":\"1\",\"maxValue\":\"10\"}},{\"@type\":\"Person\",\"@id\":\"https:\/\/dicodusport.fr\/blog\/#\/schema\/person\/627966a6cde45dbd8c5e36ac85d783da\",\"name\":\"S\u00e9bastien Gente\",\"image\":{\"@type\":\"ImageObject\",\"inLanguage\":\"fr-FR\",\"@id\":\"https:\/\/dicodusport.fr\/blog\/#\/schema\/person\/image\/\",\"url\":\"https:\/\/dicodusport.fr\/blog\/wp-content\/uploads\/2021\/09\/1510990_10205810251400683_4124423575079401707_n-150x150.jpg\",\"contentUrl\":\"https:\/\/dicodusport.fr\/blog\/wp-content\/uploads\/2021\/09\/1510990_10205810251400683_4124423575079401707_n-150x150.jpg\",\"caption\":\"S\u00e9bastien Gente\"},\"description\":\"John Stockton, Gianni Bugno, Zinedine Zidane, Steffi Graf, Frode Andresen, St\u00e9phane Stoecklin, Davis Kamoga, Primoz Peterka, Werner Schlager et Aur\u00e9lien Rougerie. Point commun entre ces sportifs? Ils m'ont fait r\u00eaver et ont berc\u00e9 mon adolescence. Je suis un fondu de sports et j'essaie de retranscrire ma passion \u00e0 travers mes articles. Originaire du P\u00e9rigord, ma passion pour les Girondins, les Jaunards et les Jazzmen transpire dans mes \u00e9crits. \u00c0 Dicodusport depuis 2021, je d\u00e9niche les sports m\u00e9connus dans lesquels la France brille, et il y en a !\",\"sameAs\":[\"https:\/\/www.facebook.com\/sebastien.gente\/\",\"https:\/\/www.instagram.com\/sebgente\/\",\"https:\/\/www.linkedin.com\/in\/sbastien-gente-a29583169\/\",\"https:\/\/x.com\/https:\/\/twitter.com\/globulo24\",\"SebastienGente\"],\"worksFor\":\"S\u00e9bastien GENTE\",\"url\":\"https:\/\/dicodusport.fr\/blog\/author\/sebastiengente\/\"}]}<\/script>\n<!-- \/ Yoast SEO Premium plugin. -->","yoast_head_json":{"title":"Transferts Perpignan 2026 : Recrues, d\u00e9parts et prolongations","description":"TRANSFERTS USAP - Arriv\u00e9es, d\u00e9parts, prolongations, rumeurs : retrouvez toutes les informations transferts de l'USAP.","robots":{"index":"index","follow":"follow","max-snippet":"max-snippet:-1","max-image-preview":"max-image-preview:large","max-video-preview":"max-video-preview:-1"},"canonical":"https:\/\/dicodusport.fr\/blog\/transferts-perpignan-2026-recrues-departs-et-prolongations\/","og_locale":"fr_FR","og_type":"article","og_title":"Transferts Perpignan 2026 : Recrues, d\u00e9parts et prolongations","og_description":"TRANSFERTS USAP - Arriv\u00e9es, d\u00e9parts, prolongations, rumeurs : retrouvez toutes les informations transferts de l'USAP.","og_url":"https:\/\/dicodusport.fr\/blog\/transferts-perpignan-2026-recrues-departs-et-prolongations\/","og_site_name":"Dicodusport","article_publisher":"https:\/\/www.facebook.com\/dicodusport","article_author":"https:\/\/www.facebook.com\/sebastien.gente\/","article_published_time":"2026-04-23T08:13:37+00:00","article_modified_time":"2026-04-23T08:14:46+00:00","og_image":[{"width":1200,"height":674,"url":"https:\/\/dicodusport.fr\/blog\/wp-content\/uploads\/2025\/11\/Transferts-Perpignan-2026-Recrues-departs-et-prolongations.png","type":"image\/png"}],"author":"S\u00e9bastien Gente","twitter_card":"summary_large_image","twitter_title":"Transferts Perpignan 2026 : Recrues, d\u00e9parts et prolongations","twitter_creator":"@https:\/\/twitter.com\/globulo24","twitter_site":"@dicodusport","schema":{"@context":"https:\/\/schema.org","@graph":[{"@type":"NewsArticle","@id":"https:\/\/dicodusport.fr\/blog\/transferts-perpignan-2026-recrues-departs-et-prolongations\/#article","isPartOf":{"@id":"https:\/\/dicodusport.fr\/blog\/transferts-perpignan-2026-recrues-departs-et-prolongations\/"},"author":{"name":"S\u00e9bastien Gente","@id":"https:\/\/dicodusport.fr\/blog\/#\/schema\/person\/627966a6cde45dbd8c5e36ac85d783da"},"headline":"Transferts Perpignan 2026 : Recrues, d\u00e9parts et prolongations","datePublished":"2026-04-23T08:13:37+00:00","dateModified":"2026-04-23T08:14:46+00:00","mainEntityOfPage":{"@id":"https:\/\/dicodusport.fr\/blog\/transferts-perpignan-2026-recrues-departs-et-prolongations\/"},"wordCount":435,"commentCount":0,"publisher":{"@id":"https:\/\/dicodusport.fr\/blog\/#organization"},"image":{"@id":"https:\/\/dicodusport.fr\/blog\/transferts-perpignan-2026-recrues-departs-et-prolongations\/#primaryimage"},"thumbnailUrl":"https:\/\/dicodusport.fr\/blog\/wp-content\/uploads\/2025\/11\/Transferts-Perpignan-2026-Recrues-departs-et-prolongations.png","keywords":["Mercato Top 14","Top 14","Transferts rugby","Transferts Top 14","Transferts USAP","USAP"],"articleSection":["Top 14"],"inLanguage":"fr-FR","potentialAction":[{"@type":"CommentAction","name":"Comment","target":["https:\/\/dicodusport.fr\/blog\/transferts-perpignan-2026-recrues-departs-et-prolongations\/#respond"]}],"copyrightYear":"2026","copyrightHolder":{"@id":"https:\/\/dicodusport.fr\/blog\/#organization"}},{"@type":"WebPage","@id":"https:\/\/dicodusport.fr\/blog\/transferts-perpignan-2026-recrues-departs-et-prolongations\/","url":"https:\/\/dicodusport.fr\/blog\/transferts-perpignan-2026-recrues-departs-et-prolongations\/","name":"Transferts Perpignan 2026 : Recrues, d\u00e9parts et prolongations","isPartOf":{"@id":"https:\/\/dicodusport.fr\/blog\/#website"},"primaryImageOfPage":{"@id":"https:\/\/dicodusport.fr\/blog\/transferts-perpignan-2026-recrues-departs-et-prolongations\/#primaryimage"},"image":{"@id":"https:\/\/dicodusport.fr\/blog\/transferts-perpignan-2026-recrues-departs-et-prolongations\/#primaryimage"},"thumbnailUrl":"https:\/\/dicodusport.fr\/blog\/wp-content\/uploads\/2025\/11\/Transferts-Perpignan-2026-Recrues-departs-et-prolongations.png","datePublished":"2026-04-23T08:13:37+00:00","dateModified":"2026-04-23T08:14:46+00:00","description":"TRANSFERTS USAP - Arriv\u00e9es, d\u00e9parts, prolongations, rumeurs : retrouvez toutes les informations transferts de l'USAP.","breadcrumb":{"@id":"https:\/\/dicodusport.fr\/blog\/transferts-perpignan-2026-recrues-departs-et-prolongations\/#breadcrumb"},"inLanguage":"fr-FR","potentialAction":[{"@type":"ReadAction","target":["https:\/\/dicodusport.fr\/blog\/transferts-perpignan-2026-recrues-departs-et-prolongations\/"]}]},{"@type":"ImageObject","inLanguage":"fr-FR","@id":"https:\/\/dicodusport.fr\/blog\/transferts-perpignan-2026-recrues-departs-et-prolongations\/#primaryimage","url":"https:\/\/dicodusport.fr\/blog\/wp-content\/uploads\/2025\/11\/Transferts-Perpignan-2026-Recrues-departs-et-prolongations.png","contentUrl":"https:\/\/dicodusport.fr\/blog\/wp-content\/uploads\/2025\/11\/Transferts-Perpignan-2026-Recrues-departs-et-prolongations.png","width":1200,"height":674,"caption":"Transferts Perpignan 2026 Recrues, d\u00e9parts et prolongations"},{"@type":"BreadcrumbList","@id":"https:\/\/dicodusport.fr\/blog\/transferts-perpignan-2026-recrues-departs-et-prolongations\/#breadcrumb","itemListElement":[{"@type":"ListItem","position":1,"name":"Accueil","item":"https:\/\/dicodusport.fr\/blog\/"},{"@type":"ListItem","position":2,"name":"Transferts Perpignan 2026 : Recrues, d\u00e9parts et prolongations"}]},{"@type":"WebSite","@id":"https:\/\/dicodusport.fr\/blog\/#website","url":"https:\/\/dicodusport.fr\/blog\/","name":"Dicodusport","description":"L&#039;encyclop\u00e9die de l&#039;actualit\u00e9 sportive","publisher":{"@id":"https:\/\/dicodusport.fr\/blog\/#organization"},"potentialAction":[{"@type":"SearchAction","target":{"@type":"EntryPoint","urlTemplate":"https:\/\/dicodusport.fr\/blog\/?s={search_term_string}"},"query-input":{"@type":"PropertyValueSpecification","valueRequired":true,"valueName":"search_term_string"}}],"inLanguage":"fr-FR"},{"@type":"NewsMediaOrganization","@id":"https:\/\/dicodusport.fr\/blog\/#organization","name":"Dicodusport","url":"https:\/\/dicodusport.fr\/blog\/","logo":{"@type":"ImageObject","inLanguage":"fr-FR","@id":"https:\/\/dicodusport.fr\/blog\/#\/schema\/logo\/image\/","url":"https:\/\/dicodusport.fr\/blog\/wp-content\/uploads\/2020\/06\/cropped-LOGO-DICODUSPORT-2020-SANS-FOND-SANS-TEXTE.png","contentUrl":"https:\/\/dicodusport.fr\/blog\/wp-content\/uploads\/2020\/06\/cropped-LOGO-DICODUSPORT-2020-SANS-FOND-SANS-TEXTE.png","width":512,"height":512,"caption":"Dicodusport"},"image":{"@id":"https:\/\/dicodusport.fr\/blog\/#\/schema\/logo\/image\/"},"sameAs":["https:\/\/www.facebook.com\/dicodusport","https:\/\/x.com\/dicodusport","https:\/\/www.instagram.com\/dicodusport\/","https:\/\/www.youtube.com\/channel\/UC7V2KZ5sd3htJivAbA4ZG3w"],"description":"Dicodusport est l'encyclop\u00e9die de l'actualit\u00e9 sportive.","email":"bonjour@dicodusport.fr","legalName":"DICODUSPORT","foundingDate":"2018-01-14","vatID":"FR71834470973","taxID":"83447097300043","numberOfEmployees":{"@type":"QuantitativeValue","minValue":"1","maxValue":"10"}},{"@type":"Person","@id":"https:\/\/dicodusport.fr\/blog\/#\/schema\/person\/627966a6cde45dbd8c5e36ac85d783da","name":"S\u00e9bastien Gente","image":{"@type":"ImageObject","inLanguage":"fr-FR","@id":"https:\/\/dicodusport.fr\/blog\/#\/schema\/person\/image\/","url":"https:\/\/dicodusport.fr\/blog\/wp-content\/uploads\/2021\/09\/1510990_10205810251400683_4124423575079401707_n-150x150.jpg","contentUrl":"https:\/\/dicodusport.fr\/blog\/wp-content\/uploads\/2021\/09\/1510990_10205810251400683_4124423575079401707_n-150x150.jpg","caption":"S\u00e9bastien Gente"},"description":"John Stockton, Gianni Bugno, Zinedine Zidane, Steffi Graf, Frode Andresen, St\u00e9phane Stoecklin, Davis Kamoga, Primoz Peterka, Werner Schlager et Aur\u00e9lien Rougerie. Point commun entre ces sportifs? Ils m'ont fait r\u00eaver et ont berc\u00e9 mon adolescence. Je suis un fondu de sports et j'essaie de retranscrire ma passion \u00e0 travers mes articles. Originaire du P\u00e9rigord, ma passion pour les Girondins, les Jaunards et les Jazzmen transpire dans mes \u00e9crits. \u00c0 Dicodusport depuis 2021, je d\u00e9niche les sports m\u00e9connus dans lesquels la France brille, et il y en a !","sameAs":["https:\/\/www.facebook.com\/sebastien.gente\/","https:\/\/www.instagram.com\/sebgente\/","https:\/\/www.linkedin.com\/in\/sbastien-gente-a29583169\/","https:\/\/x.com\/https:\/\/twitter.com\/globulo24","SebastienGente"],"worksFor":"S\u00e9bastien GENTE","url":"https:\/\/dicodusport.fr\/blog\/author\/sebastiengente\/"}]}},"_links":{"self":[{"href":"https:\/\/dicodusport.fr\/blog\/wp-json\/wp\/v2\/posts\/625557","targetHints":{"allow":["GET"]}}],"collection":[{"href":"https:\/\/dicodusport.fr\/blog\/wp-json\/wp\/v2\/posts"}],"about":[{"href":"https:\/\/dicodusport.fr\/blog\/wp-json\/wp\/v2\/types\/post"}],"author":[{"embeddable":true,"href":"https:\/\/dicodusport.fr\/blog\/wp-json\/wp\/v2\/users\/59"}],"replies":[{"embeddable":true,"href":"https:\/\/dicodusport.fr\/blog\/wp-json\/wp\/v2\/comments?post=625557"}],"version-history":[{"count":7,"href":"https:\/\/dicodusport.fr\/blog\/wp-json\/wp\/v2\/posts\/625557\/revisions"}],"predecessor-version":[{"id":664844,"href":"https:\/\/dicodusport.fr\/blog\/wp-json\/wp\/v2\/posts\/625557\/revisions\/664844"}],"wp:featuredmedia":[{"embeddable":true,"href":"https:\/\/dicodusport.fr\/blog\/wp-json\/wp\/v2\/media\/626456"}],"wp:attachment":[{"href":"https:\/\/dicodusport.fr\/blog\/wp-json\/wp\/v2\/media?parent=625557"}],"wp:term":[{"taxonomy":"category","embeddable":true,"href":"https:\/\/dicodusport.fr\/blog\/wp-json\/wp\/v2\/categories?post=625557"},{"taxonomy":"post_tag","embeddable":true,"href":"https:\/\/dicodusport.fr\/blog\/wp-json\/wp\/v2\/tags?post=625557"}],"curies":[{"name":"wp","href":"https:\/\/api.w.org\/{rel}","templated":true}]}}