{"id":625565,"date":"2025-11-14T10:44:00","date_gmt":"2025-11-14T09:44:00","guid":{"rendered":"https:\/\/dicodusport.fr\/blog\/?p=625565&#038;preview=true&#038;preview_id=625565"},"modified":"2025-11-14T10:44:00","modified_gmt":"2025-11-14T09:44:00","slug":"debut-de-saison-grands-tours-classiques-le-programme-2026-de-remco-evenepoel-se-dessine","status":"publish","type":"post","link":"https:\/\/dicodusport.fr\/blog\/debut-de-saison-grands-tours-classiques-le-programme-2026-de-remco-evenepoel-se-dessine\/","title":{"rendered":"D\u00e9but de saison, Grands Tours, classiques : le programme 2026 de Remco Evenepoel se dessine"},"content":{"rendered":"<p style=\"text-align: justify;\"><strong><em>CYCLISME &#8211; Apr\u00e8s une ann\u00e9e 2025 marqu\u00e9e par son abandon sur le Tour de France, Remco Evenepoel voit d\u00e9j\u00e0 son programme pour la saison 2026 se dessiner. Voici les principaux d\u00e9tails.<\/em><\/strong><\/p>\n<p style=\"text-align: justify;\">Sur quelle course <strong>Remco Evenepoel<\/strong> fera-t-il ses d\u00e9buts avec sa nouvelle formation en 2026 ? Principal transfert de l&rsquo;intersaison, <a href=\"https:\/\/dicodusport.fr\/blog\/remco-evenepoel-chez-red-bull-bora-hansgrohe-cest-fait\/\">le Belge a rejoint Red Bull &#8211; Bora-Hansgrohe<\/a> apr\u00e8s six ans chez Soudal Quick-Step. Fini le cocon belge, place d\u00e9sormais \u00e0 une lutte pour le leadership face \u00e0 <a href=\"https:\/\/dicodusport.fr\/blog\/tour-de-france-2025-florian-lipowitz-peut-il-etre-le-leader-de-la-red-bull-bora-hansgrohe-sur-le-tour\/\"><strong>Florian Lipowitz<\/strong><\/a>, troisi\u00e8me du Tour de France 2025.<\/p>\n<h2 style=\"text-align: justify;\">Deux sc\u00e9narios, en fonction du parcours du Tour d&rsquo;Italie<\/h2>\n<p style=\"text-align: justify;\">Selon <a href=\"https:\/\/www.hln.be\/wielrennen\/klassiek-plan-of-combo-giro-tour-programma-van-remco-evenepoel-bij-red-bull-kan-in-2026-twee-richtingen-uit~a54cf13a\/?referrer=https%3A%2F%2Ft.co%2F\"><em>Het Laatste Nieuws<\/em><\/a>, deux sc\u00e9narios sont envisag\u00e9s pour la saison 2026 de Remco Evenepoel. Dans les deux cas, il est attendu au d\u00e9part de Barcelone pour le Tour de France 2026. <em>\u00ab En principe, oui, m\u00eame si ce n\u2019est pas encore s\u00fbr \u00e0 100 % \u00bb<\/em>, pr\u00e9cise-t-il dans une interview accord\u00e9e au <em>HLN<\/em>. <em>\u00ab C\u2019est un Tour quelque peu atypique&#8230; Un peu de tout, partout. Mais attrayant. Et il existe d\u2019autres beaux objectifs. \u00bb<\/em><\/p>\n<ul>\n<li style=\"text-align: justify;\"><strong>\u00c0 lire aussi &#8211; <a href=\"https:\/\/dicodusport.fr\/blog\/le-markstein-plateau-de-solaison-alpe-dhuez-les-9-etapes-a-ne-pas-manquer-du-tour-de-france-2026\/\">Le Markstein, Plateau de Solaison, Alpe d\u2019Huez : les 9 \u00e9tapes \u00e0 ne pas manquer du Tour de France 2026<\/a><\/strong><\/li>\n<\/ul>\n<p style=\"text-align: justify;\">Cet autre objectif majeur pourrait \u00eatre le Tour d&rsquo;Italie. <em>\u00ab Le premier sc\u00e9nario contient une campagne classique, le second inclut le Giro. Une fois le parcours complet du Tour d\u2019Italie d\u00e9voil\u00e9, nous examinerons ce qui est faisable physiquement et en termes de pr\u00e9paration \u00bb<\/em>, explique le coureur de 25 ans. Remco Evenepoel n\u2019\u00e9carte pas non plus ses ambitions sur les courses d\u2019un jour : <em>\u00ab M\u00eame dans le cas d\u2019un combo Giro-Tour, il y a des possibilit\u00e9s pour les \u00e9preuves d\u2019un jour, tant que cela ne se fait pas au d\u00e9triment de la pr\u00e9paration pour le Tour. Je dois aussi m\u2019habituer le plus vite possible \u00e0 mes nouveaux co\u00e9quipiers \u2014 et vice versa. Dans ce sens, il sera important de disputer un Paris-Nice et\/ou un Tour de Catalogne avec eux. \u00bb<\/em><\/p>\n<div class=\"vlp-link-container vlp-layout-article\"><a href=\"https:\/\/dicodusport.fr\/blog\/remco-evenepoel-peut-il-faire-douter-tadej-pogacar-sur-les-courses-dun-jour\/\" class=\"vlp-link\" title=\"Remco Evenepoel peut-il faire douter Tadej Pogacar sur les courses d&#039;un jour ?\"><\/a><div class=\"vlp-layout-zone-side\"><div class=\"vlp-block-4 vlp-link-image\"><img loading=\"lazy\" decoding=\"async\" style=\"max-width: 792px;\" width=\"792\" height=\"445\" src=\"https:\/\/dicodusport.fr\/blog\/wp-content\/uploads\/2025\/10\/Remco-Evenepoel-peut-il-faire-douter-Tadej-Pogacar-sur-les-courses-dun-jour-.png\" class=\"attachment-800x445 size-800x445\" alt=\"Remco Evenepoel peut-il faire douter Tadej Pogacar sur les courses d&#039;un jour\" srcset=\"https:\/\/dicodusport.fr\/blog\/wp-content\/uploads\/2025\/10\/Remco-Evenepoel-peut-il-faire-douter-Tadej-Pogacar-sur-les-courses-dun-jour-.png 1200w, https:\/\/dicodusport.fr\/blog\/wp-content\/uploads\/2025\/10\/Remco-Evenepoel-peut-il-faire-douter-Tadej-Pogacar-sur-les-courses-dun-jour--300x169.png 300w, https:\/\/dicodusport.fr\/blog\/wp-content\/uploads\/2025\/10\/Remco-Evenepoel-peut-il-faire-douter-Tadej-Pogacar-sur-les-courses-dun-jour--1024x575.png 1024w, https:\/\/dicodusport.fr\/blog\/wp-content\/uploads\/2025\/10\/Remco-Evenepoel-peut-il-faire-douter-Tadej-Pogacar-sur-les-courses-dun-jour--768x431.png 768w\" sizes=\"auto, (max-width: 792px) 100vw, 792px\" \/><\/div><\/div><div class=\"vlp-layout-zone-main\"><div class=\"vlp-block-0 vlp-link-title\">Remco Evenepoel peut-il faire douter Tadej Pogacar sur les courses d'un jour ?<\/div><div class=\"vlp-block-1 vlp-link-summary\">Auteur d'une grosse fin de saison sur les courses d'un jour, Remco Evenepoel a toutefois \u00e9t\u00e9 domin\u00e9 par Tadej Pogacar. Et on a du mal \u00e0 croire que la tendance s'inverse en 2026.<\/div><div class=\"vlp-block-2 vlp-link-button\">Lire l'article<\/div><div class=\"vlp-block-3 vlp-link-url\">dicodusport.fr<\/div><\/div><\/div>\n<h2 style=\"text-align: justify;\">Les championnats du monde 2026, un objectif pour Remco Evenepoel<\/h2>\n<p style=\"text-align: justify;\">Un autre objectif, en fin de saison, occupe \u00e9galement l\u2019esprit du Belge. <em>\u00ab Je pense aussi aux championnats du monde qui se d\u00e9rouleront \u00e0 la fin de la saison, car je veux \u00e0 nouveau \u00eatre au sommet. Apr\u00e8s le Tour, je couperai, puis via les GP de Qu\u00e9bec et de Montr\u00e9al notamment, je me pr\u00e9parerai pour les Mondiaux au Canada. \u00bb<\/em><\/p>\n<p style=\"text-align: justify;\">Tout devrait \u00eatre fix\u00e9 d\u00e8s la r\u00e9v\u00e9lation du parcours complet du Giro, pr\u00e9vue le 1er d\u00e9cembre prochain. Sa saison devrait d\u00e9buter en f\u00e9vrier, au Tour d\u2019Algarve ou \u00e0 l&rsquo;UAE Tour.<\/p>\n","protected":false},"excerpt":{"rendered":"<p>Apr\u00e8s une ann\u00e9e 2025 marqu\u00e9e par son abandon sur le Tour de France, Remco Evenepoel voit d\u00e9j\u00e0 son programme pour la saison 2026 se dessiner. Voici les principaux d\u00e9tails.<\/p>\n","protected":false},"author":88,"featured_media":625572,"comment_status":"open","ping_status":"closed","sticky":false,"template":"","format":"standard","meta":{"_acf_changed":false,"_daextam_enable_autolinks":"1","footnotes":""},"categories":[46994],"tags":[32415,3119,16878,8420],"class_list":["post-625565","post","type-post","status-publish","format-standard","has-post-thumbnail","hentry","category-cyclisme-sur-route","tag-actu","tag-actualite-cyclisme","tag-breve","tag-remco-evenepoel"],"acf":[],"yoast_head":"<!-- This site is optimized with the Yoast SEO Premium plugin v26.7 (Yoast SEO v26.7) - https:\/\/yoast.com\/wordpress\/plugins\/seo\/ -->\n<title>D\u00e9but de saison, Grands Tours, classiques : le programme 2026 de Remco Evenepoel se dessine<\/title>\n<meta name=\"description\" content=\"Apr\u00e8s une ann\u00e9e 2025 marqu\u00e9e par son abandon sur le Tour de France, Remco Evenepoel voit d\u00e9j\u00e0 son programme pour la saison 2026 se dessiner. Voici les principaux d\u00e9tails.\" \/>\n<meta name=\"robots\" content=\"index, follow, max-snippet:-1, max-image-preview:large, max-video-preview:-1\" \/>\n<link rel=\"canonical\" href=\"https:\/\/dicodusport.fr\/blog\/debut-de-saison-grands-tours-classiques-le-programme-2026-de-remco-evenepoel-se-dessine\/\" \/>\n<meta property=\"og:locale\" content=\"fr_FR\" \/>\n<meta property=\"og:type\" content=\"article\" \/>\n<meta property=\"og:title\" content=\"D\u00e9but de saison, Grands Tours, classiques : le programme 2026 de Remco Evenepoel se dessine\" \/>\n<meta property=\"og:description\" content=\"Apr\u00e8s une ann\u00e9e 2025 marqu\u00e9e par son abandon sur le Tour de France, Remco Evenepoel voit d\u00e9j\u00e0 son programme pour la saison 2026 se dessiner. Voici les principaux d\u00e9tails.\" \/>\n<meta property=\"og:url\" content=\"https:\/\/dicodusport.fr\/blog\/debut-de-saison-grands-tours-classiques-le-programme-2026-de-remco-evenepoel-se-dessine\/\" \/>\n<meta property=\"og:site_name\" content=\"Dicodusport\" \/>\n<meta property=\"article:publisher\" content=\"https:\/\/www.facebook.com\/dicodusport\" \/>\n<meta property=\"article:published_time\" content=\"2025-11-14T09:44:00+00:00\" \/>\n<meta property=\"og:image\" content=\"https:\/\/dicodusport.fr\/blog\/wp-content\/uploads\/2025\/11\/Debut-de-saison-Grands-Tours-classiques-le-programme-2026-de-Remco-Evenepoel-se-dessine.png\" \/>\n\t<meta property=\"og:image:width\" content=\"1200\" \/>\n\t<meta property=\"og:image:height\" content=\"674\" \/>\n\t<meta property=\"og:image:type\" content=\"image\/png\" \/>\n<meta name=\"author\" content=\"Paul Lalevee\" \/>\n<meta name=\"twitter:card\" content=\"summary_large_image\" \/>\n<meta name=\"twitter:title\" content=\"D\u00e9but de saison, Grands Tours, classiques : le programme 2026 de Remco Evenepoel se dessine\" \/>\n<meta name=\"twitter:creator\" content=\"@dicodusport\" \/>\n<meta name=\"twitter:site\" content=\"@dicodusport\" \/>\n<script type=\"application\/ld+json\" class=\"yoast-schema-graph\">{\"@context\":\"https:\/\/schema.org\",\"@graph\":[{\"@type\":\"NewsArticle\",\"@id\":\"https:\/\/dicodusport.fr\/blog\/debut-de-saison-grands-tours-classiques-le-programme-2026-de-remco-evenepoel-se-dessine\/#article\",\"isPartOf\":{\"@id\":\"https:\/\/dicodusport.fr\/blog\/debut-de-saison-grands-tours-classiques-le-programme-2026-de-remco-evenepoel-se-dessine\/\"},\"author\":{\"name\":\"Paul Lalevee\",\"@id\":\"https:\/\/dicodusport.fr\/blog\/#\/schema\/person\/1eaa63dfac40b5e5c47f03a71920c1cd\"},\"headline\":\"D\u00e9but de saison, Grands Tours, classiques : le programme 2026 de Remco Evenepoel se dessine\",\"datePublished\":\"2025-11-14T09:44:00+00:00\",\"mainEntityOfPage\":{\"@id\":\"https:\/\/dicodusport.fr\/blog\/debut-de-saison-grands-tours-classiques-le-programme-2026-de-remco-evenepoel-se-dessine\/\"},\"wordCount\":562,\"commentCount\":0,\"publisher\":{\"@id\":\"https:\/\/dicodusport.fr\/blog\/#organization\"},\"image\":{\"@id\":\"https:\/\/dicodusport.fr\/blog\/debut-de-saison-grands-tours-classiques-le-programme-2026-de-remco-evenepoel-se-dessine\/#primaryimage\"},\"thumbnailUrl\":\"https:\/\/dicodusport.fr\/blog\/wp-content\/uploads\/2025\/11\/Debut-de-saison-Grands-Tours-classiques-le-programme-2026-de-Remco-Evenepoel-se-dessine.png\",\"keywords\":[\"actu\",\"Actualit\u00e9 Cyclisme\",\"br\u00e8ve\",\"Remco Evenepoel\"],\"articleSection\":[\"Cyclisme sur route\"],\"inLanguage\":\"fr-FR\",\"potentialAction\":[{\"@type\":\"CommentAction\",\"name\":\"Comment\",\"target\":[\"https:\/\/dicodusport.fr\/blog\/debut-de-saison-grands-tours-classiques-le-programme-2026-de-remco-evenepoel-se-dessine\/#respond\"]}],\"copyrightYear\":\"2025\",\"copyrightHolder\":{\"@id\":\"https:\/\/dicodusport.fr\/blog\/#organization\"}},{\"@type\":\"WebPage\",\"@id\":\"https:\/\/dicodusport.fr\/blog\/debut-de-saison-grands-tours-classiques-le-programme-2026-de-remco-evenepoel-se-dessine\/\",\"url\":\"https:\/\/dicodusport.fr\/blog\/debut-de-saison-grands-tours-classiques-le-programme-2026-de-remco-evenepoel-se-dessine\/\",\"name\":\"D\u00e9but de saison, Grands Tours, classiques : le programme 2026 de Remco Evenepoel se dessine\",\"isPartOf\":{\"@id\":\"https:\/\/dicodusport.fr\/blog\/#website\"},\"primaryImageOfPage\":{\"@id\":\"https:\/\/dicodusport.fr\/blog\/debut-de-saison-grands-tours-classiques-le-programme-2026-de-remco-evenepoel-se-dessine\/#primaryimage\"},\"image\":{\"@id\":\"https:\/\/dicodusport.fr\/blog\/debut-de-saison-grands-tours-classiques-le-programme-2026-de-remco-evenepoel-se-dessine\/#primaryimage\"},\"thumbnailUrl\":\"https:\/\/dicodusport.fr\/blog\/wp-content\/uploads\/2025\/11\/Debut-de-saison-Grands-Tours-classiques-le-programme-2026-de-Remco-Evenepoel-se-dessine.png\",\"datePublished\":\"2025-11-14T09:44:00+00:00\",\"description\":\"Apr\u00e8s une ann\u00e9e 2025 marqu\u00e9e par son abandon sur le Tour de France, Remco Evenepoel voit d\u00e9j\u00e0 son programme pour la saison 2026 se dessiner. Voici les principaux d\u00e9tails.\",\"breadcrumb\":{\"@id\":\"https:\/\/dicodusport.fr\/blog\/debut-de-saison-grands-tours-classiques-le-programme-2026-de-remco-evenepoel-se-dessine\/#breadcrumb\"},\"inLanguage\":\"fr-FR\",\"potentialAction\":[{\"@type\":\"ReadAction\",\"target\":[\"https:\/\/dicodusport.fr\/blog\/debut-de-saison-grands-tours-classiques-le-programme-2026-de-remco-evenepoel-se-dessine\/\"]}]},{\"@type\":\"ImageObject\",\"inLanguage\":\"fr-FR\",\"@id\":\"https:\/\/dicodusport.fr\/blog\/debut-de-saison-grands-tours-classiques-le-programme-2026-de-remco-evenepoel-se-dessine\/#primaryimage\",\"url\":\"https:\/\/dicodusport.fr\/blog\/wp-content\/uploads\/2025\/11\/Debut-de-saison-Grands-Tours-classiques-le-programme-2026-de-Remco-Evenepoel-se-dessine.png\",\"contentUrl\":\"https:\/\/dicodusport.fr\/blog\/wp-content\/uploads\/2025\/11\/Debut-de-saison-Grands-Tours-classiques-le-programme-2026-de-Remco-Evenepoel-se-dessine.png\",\"width\":1200,\"height\":674,\"caption\":\"D\u00e9but de saison, Grands Tours, classiques le programme 2026 de Remco Evenepoel se dessine\"},{\"@type\":\"BreadcrumbList\",\"@id\":\"https:\/\/dicodusport.fr\/blog\/debut-de-saison-grands-tours-classiques-le-programme-2026-de-remco-evenepoel-se-dessine\/#breadcrumb\",\"itemListElement\":[{\"@type\":\"ListItem\",\"position\":1,\"name\":\"Accueil\",\"item\":\"https:\/\/dicodusport.fr\/blog\/\"},{\"@type\":\"ListItem\",\"position\":2,\"name\":\"D\u00e9but de saison, Grands Tours, classiques : le programme 2026 de Remco Evenepoel se dessine\"}]},{\"@type\":\"WebSite\",\"@id\":\"https:\/\/dicodusport.fr\/blog\/#website\",\"url\":\"https:\/\/dicodusport.fr\/blog\/\",\"name\":\"Dicodusport\",\"description\":\"L&#039;encyclop\u00e9die de l&#039;actualit\u00e9 sportive\",\"publisher\":{\"@id\":\"https:\/\/dicodusport.fr\/blog\/#organization\"},\"potentialAction\":[{\"@type\":\"SearchAction\",\"target\":{\"@type\":\"EntryPoint\",\"urlTemplate\":\"https:\/\/dicodusport.fr\/blog\/?s={search_term_string}\"},\"query-input\":{\"@type\":\"PropertyValueSpecification\",\"valueRequired\":true,\"valueName\":\"search_term_string\"}}],\"inLanguage\":\"fr-FR\"},{\"@type\":\"NewsMediaOrganization\",\"@id\":\"https:\/\/dicodusport.fr\/blog\/#organization\",\"name\":\"Dicodusport\",\"url\":\"https:\/\/dicodusport.fr\/blog\/\",\"logo\":{\"@type\":\"ImageObject\",\"inLanguage\":\"fr-FR\",\"@id\":\"https:\/\/dicodusport.fr\/blog\/#\/schema\/logo\/image\/\",\"url\":\"https:\/\/dicodusport.fr\/blog\/wp-content\/uploads\/2020\/06\/cropped-LOGO-DICODUSPORT-2020-SANS-FOND-SANS-TEXTE.png\",\"contentUrl\":\"https:\/\/dicodusport.fr\/blog\/wp-content\/uploads\/2020\/06\/cropped-LOGO-DICODUSPORT-2020-SANS-FOND-SANS-TEXTE.png\",\"width\":512,\"height\":512,\"caption\":\"Dicodusport\"},\"image\":{\"@id\":\"https:\/\/dicodusport.fr\/blog\/#\/schema\/logo\/image\/\"},\"sameAs\":[\"https:\/\/www.facebook.com\/dicodusport\",\"https:\/\/x.com\/dicodusport\",\"https:\/\/www.instagram.com\/dicodusport\/\",\"https:\/\/www.youtube.com\/channel\/UC7V2KZ5sd3htJivAbA4ZG3w\"],\"description\":\"Dicodusport est l'encyclop\u00e9die de l'actualit\u00e9 sportive.\",\"email\":\"bonjour@dicodusport.fr\",\"legalName\":\"DICODUSPORT\",\"foundingDate\":\"2018-01-14\",\"vatID\":\"FR71834470973\",\"taxID\":\"83447097300043\",\"numberOfEmployees\":{\"@type\":\"QuantitativeValue\",\"minValue\":\"1\",\"maxValue\":\"10\"}},{\"@type\":\"Person\",\"@id\":\"https:\/\/dicodusport.fr\/blog\/#\/schema\/person\/1eaa63dfac40b5e5c47f03a71920c1cd\",\"name\":\"Paul Lalevee\",\"image\":{\"@type\":\"ImageObject\",\"inLanguage\":\"fr-FR\",\"@id\":\"https:\/\/dicodusport.fr\/blog\/#\/schema\/person\/image\/\",\"url\":\"https:\/\/dicodusport.fr\/blog\/wp-content\/uploads\/2023\/10\/291154246_1690604071293245_3118259335115946499_n-150x150.jpg\",\"contentUrl\":\"https:\/\/dicodusport.fr\/blog\/wp-content\/uploads\/2023\/10\/291154246_1690604071293245_3118259335115946499_n-150x150.jpg\",\"caption\":\"Paul Lalevee\"},\"description\":\"La bulle Disney pendant le Covid, le Tour 2019, la Coupe du monde 2018. Ces trois \u00e9v\u00e9nements majeurs sont ancr\u00e9s dans ma t\u00eate de fan de sport, n\u00e9gativement ou positivement. Passionn\u00e9 de sport depuis l'enfance, j'ai d\u00e9cid\u00e9 de mettre ma passion de l'\u00e9criture au service de cette premi\u00e8re passion.\",\"url\":\"https:\/\/dicodusport.fr\/blog\/author\/paul-lalevee\/\"}]}<\/script>\n<!-- \/ Yoast SEO Premium plugin. -->","yoast_head_json":{"title":"D\u00e9but de saison, Grands Tours, classiques : le programme 2026 de Remco Evenepoel se dessine","description":"Apr\u00e8s une ann\u00e9e 2025 marqu\u00e9e par son abandon sur le Tour de France, Remco Evenepoel voit d\u00e9j\u00e0 son programme pour la saison 2026 se dessiner. Voici les principaux d\u00e9tails.","robots":{"index":"index","follow":"follow","max-snippet":"max-snippet:-1","max-image-preview":"max-image-preview:large","max-video-preview":"max-video-preview:-1"},"canonical":"https:\/\/dicodusport.fr\/blog\/debut-de-saison-grands-tours-classiques-le-programme-2026-de-remco-evenepoel-se-dessine\/","og_locale":"fr_FR","og_type":"article","og_title":"D\u00e9but de saison, Grands Tours, classiques : le programme 2026 de Remco Evenepoel se dessine","og_description":"Apr\u00e8s une ann\u00e9e 2025 marqu\u00e9e par son abandon sur le Tour de France, Remco Evenepoel voit d\u00e9j\u00e0 son programme pour la saison 2026 se dessiner. Voici les principaux d\u00e9tails.","og_url":"https:\/\/dicodusport.fr\/blog\/debut-de-saison-grands-tours-classiques-le-programme-2026-de-remco-evenepoel-se-dessine\/","og_site_name":"Dicodusport","article_publisher":"https:\/\/www.facebook.com\/dicodusport","article_published_time":"2025-11-14T09:44:00+00:00","og_image":[{"width":1200,"height":674,"url":"https:\/\/dicodusport.fr\/blog\/wp-content\/uploads\/2025\/11\/Debut-de-saison-Grands-Tours-classiques-le-programme-2026-de-Remco-Evenepoel-se-dessine.png","type":"image\/png"}],"author":"Paul Lalevee","twitter_card":"summary_large_image","twitter_title":"D\u00e9but de saison, Grands Tours, classiques : le programme 2026 de Remco Evenepoel se dessine","twitter_creator":"@dicodusport","twitter_site":"@dicodusport","schema":{"@context":"https:\/\/schema.org","@graph":[{"@type":"NewsArticle","@id":"https:\/\/dicodusport.fr\/blog\/debut-de-saison-grands-tours-classiques-le-programme-2026-de-remco-evenepoel-se-dessine\/#article","isPartOf":{"@id":"https:\/\/dicodusport.fr\/blog\/debut-de-saison-grands-tours-classiques-le-programme-2026-de-remco-evenepoel-se-dessine\/"},"author":{"name":"Paul Lalevee","@id":"https:\/\/dicodusport.fr\/blog\/#\/schema\/person\/1eaa63dfac40b5e5c47f03a71920c1cd"},"headline":"D\u00e9but de saison, Grands Tours, classiques : le programme 2026 de Remco Evenepoel se dessine","datePublished":"2025-11-14T09:44:00+00:00","mainEntityOfPage":{"@id":"https:\/\/dicodusport.fr\/blog\/debut-de-saison-grands-tours-classiques-le-programme-2026-de-remco-evenepoel-se-dessine\/"},"wordCount":562,"commentCount":0,"publisher":{"@id":"https:\/\/dicodusport.fr\/blog\/#organization"},"image":{"@id":"https:\/\/dicodusport.fr\/blog\/debut-de-saison-grands-tours-classiques-le-programme-2026-de-remco-evenepoel-se-dessine\/#primaryimage"},"thumbnailUrl":"https:\/\/dicodusport.fr\/blog\/wp-content\/uploads\/2025\/11\/Debut-de-saison-Grands-Tours-classiques-le-programme-2026-de-Remco-Evenepoel-se-dessine.png","keywords":["actu","Actualit\u00e9 Cyclisme","br\u00e8ve","Remco Evenepoel"],"articleSection":["Cyclisme sur route"],"inLanguage":"fr-FR","potentialAction":[{"@type":"CommentAction","name":"Comment","target":["https:\/\/dicodusport.fr\/blog\/debut-de-saison-grands-tours-classiques-le-programme-2026-de-remco-evenepoel-se-dessine\/#respond"]}],"copyrightYear":"2025","copyrightHolder":{"@id":"https:\/\/dicodusport.fr\/blog\/#organization"}},{"@type":"WebPage","@id":"https:\/\/dicodusport.fr\/blog\/debut-de-saison-grands-tours-classiques-le-programme-2026-de-remco-evenepoel-se-dessine\/","url":"https:\/\/dicodusport.fr\/blog\/debut-de-saison-grands-tours-classiques-le-programme-2026-de-remco-evenepoel-se-dessine\/","name":"D\u00e9but de saison, Grands Tours, classiques : le programme 2026 de Remco Evenepoel se dessine","isPartOf":{"@id":"https:\/\/dicodusport.fr\/blog\/#website"},"primaryImageOfPage":{"@id":"https:\/\/dicodusport.fr\/blog\/debut-de-saison-grands-tours-classiques-le-programme-2026-de-remco-evenepoel-se-dessine\/#primaryimage"},"image":{"@id":"https:\/\/dicodusport.fr\/blog\/debut-de-saison-grands-tours-classiques-le-programme-2026-de-remco-evenepoel-se-dessine\/#primaryimage"},"thumbnailUrl":"https:\/\/dicodusport.fr\/blog\/wp-content\/uploads\/2025\/11\/Debut-de-saison-Grands-Tours-classiques-le-programme-2026-de-Remco-Evenepoel-se-dessine.png","datePublished":"2025-11-14T09:44:00+00:00","description":"Apr\u00e8s une ann\u00e9e 2025 marqu\u00e9e par son abandon sur le Tour de France, Remco Evenepoel voit d\u00e9j\u00e0 son programme pour la saison 2026 se dessiner. Voici les principaux d\u00e9tails.","breadcrumb":{"@id":"https:\/\/dicodusport.fr\/blog\/debut-de-saison-grands-tours-classiques-le-programme-2026-de-remco-evenepoel-se-dessine\/#breadcrumb"},"inLanguage":"fr-FR","potentialAction":[{"@type":"ReadAction","target":["https:\/\/dicodusport.fr\/blog\/debut-de-saison-grands-tours-classiques-le-programme-2026-de-remco-evenepoel-se-dessine\/"]}]},{"@type":"ImageObject","inLanguage":"fr-FR","@id":"https:\/\/dicodusport.fr\/blog\/debut-de-saison-grands-tours-classiques-le-programme-2026-de-remco-evenepoel-se-dessine\/#primaryimage","url":"https:\/\/dicodusport.fr\/blog\/wp-content\/uploads\/2025\/11\/Debut-de-saison-Grands-Tours-classiques-le-programme-2026-de-Remco-Evenepoel-se-dessine.png","contentUrl":"https:\/\/dicodusport.fr\/blog\/wp-content\/uploads\/2025\/11\/Debut-de-saison-Grands-Tours-classiques-le-programme-2026-de-Remco-Evenepoel-se-dessine.png","width":1200,"height":674,"caption":"D\u00e9but de saison, Grands Tours, classiques le programme 2026 de Remco Evenepoel se dessine"},{"@type":"BreadcrumbList","@id":"https:\/\/dicodusport.fr\/blog\/debut-de-saison-grands-tours-classiques-le-programme-2026-de-remco-evenepoel-se-dessine\/#breadcrumb","itemListElement":[{"@type":"ListItem","position":1,"name":"Accueil","item":"https:\/\/dicodusport.fr\/blog\/"},{"@type":"ListItem","position":2,"name":"D\u00e9but de saison, Grands Tours, classiques : le programme 2026 de Remco Evenepoel se dessine"}]},{"@type":"WebSite","@id":"https:\/\/dicodusport.fr\/blog\/#website","url":"https:\/\/dicodusport.fr\/blog\/","name":"Dicodusport","description":"L&#039;encyclop\u00e9die de l&#039;actualit\u00e9 sportive","publisher":{"@id":"https:\/\/dicodusport.fr\/blog\/#organization"},"potentialAction":[{"@type":"SearchAction","target":{"@type":"EntryPoint","urlTemplate":"https:\/\/dicodusport.fr\/blog\/?s={search_term_string}"},"query-input":{"@type":"PropertyValueSpecification","valueRequired":true,"valueName":"search_term_string"}}],"inLanguage":"fr-FR"},{"@type":"NewsMediaOrganization","@id":"https:\/\/dicodusport.fr\/blog\/#organization","name":"Dicodusport","url":"https:\/\/dicodusport.fr\/blog\/","logo":{"@type":"ImageObject","inLanguage":"fr-FR","@id":"https:\/\/dicodusport.fr\/blog\/#\/schema\/logo\/image\/","url":"https:\/\/dicodusport.fr\/blog\/wp-content\/uploads\/2020\/06\/cropped-LOGO-DICODUSPORT-2020-SANS-FOND-SANS-TEXTE.png","contentUrl":"https:\/\/dicodusport.fr\/blog\/wp-content\/uploads\/2020\/06\/cropped-LOGO-DICODUSPORT-2020-SANS-FOND-SANS-TEXTE.png","width":512,"height":512,"caption":"Dicodusport"},"image":{"@id":"https:\/\/dicodusport.fr\/blog\/#\/schema\/logo\/image\/"},"sameAs":["https:\/\/www.facebook.com\/dicodusport","https:\/\/x.com\/dicodusport","https:\/\/www.instagram.com\/dicodusport\/","https:\/\/www.youtube.com\/channel\/UC7V2KZ5sd3htJivAbA4ZG3w"],"description":"Dicodusport est l'encyclop\u00e9die de l'actualit\u00e9 sportive.","email":"bonjour@dicodusport.fr","legalName":"DICODUSPORT","foundingDate":"2018-01-14","vatID":"FR71834470973","taxID":"83447097300043","numberOfEmployees":{"@type":"QuantitativeValue","minValue":"1","maxValue":"10"}},{"@type":"Person","@id":"https:\/\/dicodusport.fr\/blog\/#\/schema\/person\/1eaa63dfac40b5e5c47f03a71920c1cd","name":"Paul Lalevee","image":{"@type":"ImageObject","inLanguage":"fr-FR","@id":"https:\/\/dicodusport.fr\/blog\/#\/schema\/person\/image\/","url":"https:\/\/dicodusport.fr\/blog\/wp-content\/uploads\/2023\/10\/291154246_1690604071293245_3118259335115946499_n-150x150.jpg","contentUrl":"https:\/\/dicodusport.fr\/blog\/wp-content\/uploads\/2023\/10\/291154246_1690604071293245_3118259335115946499_n-150x150.jpg","caption":"Paul Lalevee"},"description":"La bulle Disney pendant le Covid, le Tour 2019, la Coupe du monde 2018. Ces trois \u00e9v\u00e9nements majeurs sont ancr\u00e9s dans ma t\u00eate de fan de sport, n\u00e9gativement ou positivement. Passionn\u00e9 de sport depuis l'enfance, j'ai d\u00e9cid\u00e9 de mettre ma passion de l'\u00e9criture au service de cette premi\u00e8re passion.","url":"https:\/\/dicodusport.fr\/blog\/author\/paul-lalevee\/"}]}},"_links":{"self":[{"href":"https:\/\/dicodusport.fr\/blog\/wp-json\/wp\/v2\/posts\/625565","targetHints":{"allow":["GET"]}}],"collection":[{"href":"https:\/\/dicodusport.fr\/blog\/wp-json\/wp\/v2\/posts"}],"about":[{"href":"https:\/\/dicodusport.fr\/blog\/wp-json\/wp\/v2\/types\/post"}],"author":[{"embeddable":true,"href":"https:\/\/dicodusport.fr\/blog\/wp-json\/wp\/v2\/users\/88"}],"replies":[{"embeddable":true,"href":"https:\/\/dicodusport.fr\/blog\/wp-json\/wp\/v2\/comments?post=625565"}],"version-history":[{"count":5,"href":"https:\/\/dicodusport.fr\/blog\/wp-json\/wp\/v2\/posts\/625565\/revisions"}],"predecessor-version":[{"id":625573,"href":"https:\/\/dicodusport.fr\/blog\/wp-json\/wp\/v2\/posts\/625565\/revisions\/625573"}],"wp:featuredmedia":[{"embeddable":true,"href":"https:\/\/dicodusport.fr\/blog\/wp-json\/wp\/v2\/media\/625572"}],"wp:attachment":[{"href":"https:\/\/dicodusport.fr\/blog\/wp-json\/wp\/v2\/media?parent=625565"}],"wp:term":[{"taxonomy":"category","embeddable":true,"href":"https:\/\/dicodusport.fr\/blog\/wp-json\/wp\/v2\/categories?post=625565"},{"taxonomy":"post_tag","embeddable":true,"href":"https:\/\/dicodusport.fr\/blog\/wp-json\/wp\/v2\/tags?post=625565"}],"curies":[{"name":"wp","href":"https:\/\/api.w.org\/{rel}","templated":true}]}}