{"id":62563,"date":"2020-03-08T12:23:57","date_gmt":"2020-03-08T11:23:57","guid":{"rendered":"http:\/\/dicodusport.fr\/blog\/?p=62563&#038;preview=true&#038;preview_id=62563"},"modified":"2020-03-08T18:39:11","modified_gmt":"2020-03-08T17:39:11","slug":"biathlon-nove-mesto-tiril-eckhoff-realise-recital-mass-start-braisaz-quatrieme","status":"publish","type":"post","link":"https:\/\/dicodusport.fr\/blog\/biathlon-nove-mesto-tiril-eckhoff-realise-recital-mass-start-braisaz-quatrieme\/","title":{"rendered":"Nove Mesto : Tiril Eckhoff r\u00e9alise un r\u00e9cital sur la mass start, Braisaz quatri\u00e8me"},"content":{"rendered":"<p style=\"text-align: justify;\"><strong><em><a href=\"https:\/\/dicodusport.fr\/blog\/biathlon-coupe-du-monde-programme-complet-nove-mesto\/\" target=\"_blank\" rel=\"noopener noreferrer\">Biathlon &#8211; Nove Mesto<\/a> &#8211; La Norv\u00e9gienne Tiril Eckhoff a remport\u00e9 ce dimanche la mass start de Nove Mesto. Elle r\u00e9alise une belle op\u00e9ration au g\u00e9n\u00e9ral, Dorothea Wierer terminant cinqui\u00e8me. Premi\u00e8re Fran\u00e7aise, Justine Braisaz \u00e9choue au pied du podium.<\/em><\/strong><\/p>\n<p style=\"text-align: justify;\">Elle a totalement rat\u00e9 ses <strong>Mondiaux \u00e0 Antholz<\/strong>. Mais ce week-end, \u00e0 <strong>Nove Mesto<\/strong>, <strong>Tiril Eckhoff<\/strong> a remis les pendules \u00e0 l&rsquo;heure. La Norv\u00e9gienne, qui n&rsquo;avait plus remport\u00e9 la moindre victoire individuelle depuis la poursuite de <strong>Ruhpolding<\/strong> mi-janvier, a remport\u00e9 la mass start dans la station tch\u00e8que. Avec un 19\/20 derri\u00e8re la carabine, la biathl\u00e8te de 29 ans s&rsquo;est impos\u00e9e devant la Su\u00e9doise <strong>Hanna Oeberg<\/strong>, une erreur \u00e9galement. L&rsquo;Allemande <strong>Franziska Preuss<\/strong> (19\/20) compl\u00e8te le podium.<\/p>\n<p style=\"text-align: justify;\"><strong>Justine Braisaz<\/strong>, dans le coup pour la victoire jusqu&rsquo;au dernier tir, doit finalement se contenter d&rsquo;une quatri\u00e8me place. La faute \u00e0 deux erreurs sur le dernier debout, pour un 17\/20 et un deuxi\u00e8me temps de ski. Les autres Fran\u00e7aises sont plus loin. <a href=\"https:\/\/dicodusport.fr\/blog\/nove-mesto-le-recital-de-denise-herrmann-sur-le-sprint-anais-bescond-sur-le-podium\/\" target=\"_blank\" rel=\"noopener noreferrer\">Deuxi\u00e8me du sprint jeudi<\/a>, <strong>Ana\u00efs Bescond<\/strong> prend la 14\u00e8me place (16\/20). Course tr\u00e8s compliqu\u00e9e pour <strong>Julia Simon<\/strong>, 26\u00e8me aujourd&rsquo;hui avec six erreurs au tir.<\/p>\n<h2 style=\"text-align: justify;\">La lutte pour le g\u00e9n\u00e9ral fait rage<\/h2>\n<p style=\"text-align: justify;\"><strong>Eckhoff<\/strong> et <strong>Oeberg<\/strong> aux deux premi\u00e8res places, <strong>Wierer<\/strong> seulement 5\u00e8me, la bataille pour le gros globe est totalement relanc\u00e9e. L&rsquo;Italienne, avec trois erreurs, a l\u00e2ch\u00e9 de gros points. Elle poss\u00e8de d\u00e9sormais 69 points d&rsquo;avance sur la laur\u00e9ate du jour. Sauf qu&rsquo;en enlevant ses deux plus mauvais r\u00e9sultats, la Transalpine n&rsquo;a qu&rsquo;un matelas de 34 points de marge. Les deux derni\u00e8res \u00e9tapes, \u00e0 <strong>Kontiolahti<\/strong> (Finlande) et <strong>Oslo<\/strong> (Norv\u00e8ge), promettent un grand spectacle.<\/p>\n<ul>\n<li style=\"text-align: justify;\"><a href=\"https:\/\/dicodusport.fr\/blog\/biathlon-classement-general-coupe-du-monde-femmes-2019-2020\/\" target=\"_blank\" rel=\"noopener noreferrer\"><strong>Biathlon &#8211; Le classement g\u00e9n\u00e9ral de la Coupe du monde femmes<\/strong><\/a><\/li>\n<\/ul>\n<p style=\"text-align: justify;\"><strong><em>Dicodusport<br \/>\n<a href=\"https:\/\/www.facebook.com\/dicodusport\/\" target=\"_blank\" rel=\"noopener noreferrer\"><img loading=\"lazy\" decoding=\"async\" class=\"alignnone wp-image-2909\" src=\"http:\/\/dicodusport.fr\/blog\/wp-content\/uploads\/2017\/07\/logo-facebook-150x150.png\" alt=\"\" width=\"40\" height=\"40\" \/><\/a><a href=\"https:\/\/twitter.com\/dicodusport\" target=\"_blank\" rel=\"noopener noreferrer\"><img loading=\"lazy\" decoding=\"async\" class=\"alignnone wp-image-2908\" src=\"http:\/\/dicodusport.fr\/blog\/wp-content\/uploads\/2017\/07\/logo-twitter-150x150.png\" alt=\"\" width=\"39\" height=\"39\" \/><\/a><\/em><\/strong><\/p>\n","protected":false},"excerpt":{"rendered":"<p>Biathlon &#8211; Nove Mesto &#8211; La Norv\u00e8ge rafle tout sur les relais ! Apr\u00e8s les dames, la bande \u00e0 Johannes Boe s&rsquo;est impos\u00e9e chez les hommes. La France, championne du monde en titre, n&rsquo;a pas exist\u00e9.<\/p>\n","protected":false},"author":4,"featured_media":62572,"comment_status":"open","ping_status":"closed","sticky":false,"template":"","format":"standard","meta":{"_acf_changed":false,"_daextam_enable_autolinks":"","footnotes":""},"categories":[2426],"tags":[2427,7454,6928],"class_list":["post-62563","post","type-post","status-publish","format-standard","has-post-thumbnail","hentry","category-biathlon","tag-biathlon","tag-mass-start-femmes","tag-nove-mesto"],"acf":[],"yoast_head":"<!-- This site is optimized with the Yoast SEO Premium plugin v26.7 (Yoast SEO v26.7) - https:\/\/yoast.com\/wordpress\/plugins\/seo\/ -->\n<title>Nove Mesto : Tiril Eckhoff r\u00e9alise un r\u00e9cital sur la mass start, Braisaz quatri\u00e8me<\/title>\n<meta name=\"description\" content=\"Biathlon - Nove Mesto - La Norv\u00e9gienne Tiril Eckhoff a remport\u00e9 ce dimanche la mass start de Nove Mesto. Elle r\u00e9alise une belle op\u00e9ration au g\u00e9n\u00e9ral.\" \/>\n<meta name=\"robots\" content=\"index, follow, max-snippet:-1, max-image-preview:large, max-video-preview:-1\" \/>\n<link rel=\"canonical\" href=\"https:\/\/dicodusport.fr\/blog\/biathlon-nove-mesto-tiril-eckhoff-realise-recital-mass-start-braisaz-quatrieme\/\" \/>\n<meta property=\"og:locale\" content=\"fr_FR\" \/>\n<meta property=\"og:type\" content=\"article\" \/>\n<meta property=\"og:title\" content=\"Nove Mesto : Tiril Eckhoff r\u00e9alise un r\u00e9cital sur la mass start, Braisaz quatri\u00e8me\" \/>\n<meta property=\"og:description\" content=\"Biathlon - Nove Mesto - La Norv\u00e9gienne Tiril Eckhoff a remport\u00e9 ce dimanche la mass start de Nove Mesto. Elle r\u00e9alise une belle op\u00e9ration au g\u00e9n\u00e9ral.\" \/>\n<meta property=\"og:url\" content=\"https:\/\/dicodusport.fr\/blog\/biathlon-nove-mesto-tiril-eckhoff-realise-recital-mass-start-braisaz-quatrieme\/\" \/>\n<meta property=\"og:site_name\" content=\"Dicodusport\" \/>\n<meta property=\"article:publisher\" content=\"https:\/\/www.facebook.com\/dicodusport\" \/>\n<meta property=\"article:author\" content=\"https:\/\/www.facebook.com\/florent.ostermann\" \/>\n<meta property=\"article:published_time\" content=\"2020-03-08T11:23:57+00:00\" \/>\n<meta property=\"article:modified_time\" content=\"2020-03-08T17:39:11+00:00\" \/>\n<meta property=\"og:image\" content=\"https:\/\/dicodusport.fr\/blog\/wp-content\/uploads\/2020\/03\/Nove-Mesto-Tiril-Eckhoff-r\u00e9alise-un-r\u00e9cital-sur-la-mass-start-Braisaz-quatri\u00e8me.png\" \/>\n\t<meta property=\"og:image:width\" content=\"800\" \/>\n\t<meta property=\"og:image:height\" content=\"445\" \/>\n\t<meta property=\"og:image:type\" content=\"image\/png\" \/>\n<meta name=\"author\" content=\"Flo Ostermann\" \/>\n<meta name=\"twitter:card\" content=\"summary_large_image\" \/>\n<meta name=\"twitter:title\" content=\"Nove Mesto : Tiril Eckhoff r\u00e9alise un r\u00e9cital sur la mass start, Braisaz quatri\u00e8me\" \/>\n<meta name=\"twitter:creator\" content=\"@https:\/\/twitter.com\/FlOstermann\" \/>\n<meta name=\"twitter:site\" content=\"@dicodusport\" \/>\n<script type=\"application\/ld+json\" class=\"yoast-schema-graph\">{\"@context\":\"https:\/\/schema.org\",\"@graph\":[{\"@type\":\"NewsArticle\",\"@id\":\"https:\/\/dicodusport.fr\/blog\/biathlon-nove-mesto-tiril-eckhoff-realise-recital-mass-start-braisaz-quatrieme\/#article\",\"isPartOf\":{\"@id\":\"https:\/\/dicodusport.fr\/blog\/biathlon-nove-mesto-tiril-eckhoff-realise-recital-mass-start-braisaz-quatrieme\/\"},\"author\":{\"name\":\"Flo Ostermann\",\"@id\":\"https:\/\/dicodusport.fr\/blog\/#\/schema\/person\/cb02af4c173ce4a653b55e9baf388d4a\"},\"headline\":\"Nove Mesto : Tiril Eckhoff r\u00e9alise un r\u00e9cital sur la mass start, Braisaz quatri\u00e8me\",\"datePublished\":\"2020-03-08T11:23:57+00:00\",\"dateModified\":\"2020-03-08T17:39:11+00:00\",\"mainEntityOfPage\":{\"@id\":\"https:\/\/dicodusport.fr\/blog\/biathlon-nove-mesto-tiril-eckhoff-realise-recital-mass-start-braisaz-quatrieme\/\"},\"wordCount\":321,\"commentCount\":0,\"publisher\":{\"@id\":\"https:\/\/dicodusport.fr\/blog\/#organization\"},\"image\":{\"@id\":\"https:\/\/dicodusport.fr\/blog\/biathlon-nove-mesto-tiril-eckhoff-realise-recital-mass-start-braisaz-quatrieme\/#primaryimage\"},\"thumbnailUrl\":\"https:\/\/dicodusport.fr\/blog\/wp-content\/uploads\/2020\/03\/Nove-Mesto-Tiril-Eckhoff-r\u00e9alise-un-r\u00e9cital-sur-la-mass-start-Braisaz-quatri\u00e8me.png\",\"keywords\":[\"Biathlon\",\"Mass start femmes\",\"Nove Mesto\"],\"articleSection\":[\"Biathlon\"],\"inLanguage\":\"fr-FR\",\"potentialAction\":[{\"@type\":\"CommentAction\",\"name\":\"Comment\",\"target\":[\"https:\/\/dicodusport.fr\/blog\/biathlon-nove-mesto-tiril-eckhoff-realise-recital-mass-start-braisaz-quatrieme\/#respond\"]}],\"copyrightYear\":\"2020\",\"copyrightHolder\":{\"@id\":\"https:\/\/dicodusport.fr\/blog\/#organization\"}},{\"@type\":\"WebPage\",\"@id\":\"https:\/\/dicodusport.fr\/blog\/biathlon-nove-mesto-tiril-eckhoff-realise-recital-mass-start-braisaz-quatrieme\/\",\"url\":\"https:\/\/dicodusport.fr\/blog\/biathlon-nove-mesto-tiril-eckhoff-realise-recital-mass-start-braisaz-quatrieme\/\",\"name\":\"Nove Mesto : Tiril Eckhoff r\u00e9alise un r\u00e9cital sur la mass start, Braisaz quatri\u00e8me\",\"isPartOf\":{\"@id\":\"https:\/\/dicodusport.fr\/blog\/#website\"},\"primaryImageOfPage\":{\"@id\":\"https:\/\/dicodusport.fr\/blog\/biathlon-nove-mesto-tiril-eckhoff-realise-recital-mass-start-braisaz-quatrieme\/#primaryimage\"},\"image\":{\"@id\":\"https:\/\/dicodusport.fr\/blog\/biathlon-nove-mesto-tiril-eckhoff-realise-recital-mass-start-braisaz-quatrieme\/#primaryimage\"},\"thumbnailUrl\":\"https:\/\/dicodusport.fr\/blog\/wp-content\/uploads\/2020\/03\/Nove-Mesto-Tiril-Eckhoff-r\u00e9alise-un-r\u00e9cital-sur-la-mass-start-Braisaz-quatri\u00e8me.png\",\"datePublished\":\"2020-03-08T11:23:57+00:00\",\"dateModified\":\"2020-03-08T17:39:11+00:00\",\"description\":\"Biathlon - Nove Mesto - La Norv\u00e9gienne Tiril Eckhoff a remport\u00e9 ce dimanche la mass start de Nove Mesto. Elle r\u00e9alise une belle op\u00e9ration au g\u00e9n\u00e9ral.\",\"breadcrumb\":{\"@id\":\"https:\/\/dicodusport.fr\/blog\/biathlon-nove-mesto-tiril-eckhoff-realise-recital-mass-start-braisaz-quatrieme\/#breadcrumb\"},\"inLanguage\":\"fr-FR\",\"potentialAction\":[{\"@type\":\"ReadAction\",\"target\":[\"https:\/\/dicodusport.fr\/blog\/biathlon-nove-mesto-tiril-eckhoff-realise-recital-mass-start-braisaz-quatrieme\/\"]}]},{\"@type\":\"ImageObject\",\"inLanguage\":\"fr-FR\",\"@id\":\"https:\/\/dicodusport.fr\/blog\/biathlon-nove-mesto-tiril-eckhoff-realise-recital-mass-start-braisaz-quatrieme\/#primaryimage\",\"url\":\"https:\/\/dicodusport.fr\/blog\/wp-content\/uploads\/2020\/03\/Nove-Mesto-Tiril-Eckhoff-r\u00e9alise-un-r\u00e9cital-sur-la-mass-start-Braisaz-quatri\u00e8me.png\",\"contentUrl\":\"https:\/\/dicodusport.fr\/blog\/wp-content\/uploads\/2020\/03\/Nove-Mesto-Tiril-Eckhoff-r\u00e9alise-un-r\u00e9cital-sur-la-mass-start-Braisaz-quatri\u00e8me.png\",\"width\":800,\"height\":445,\"caption\":\"Biathlon : Tiril Eckhoff forfait pour la reprise de la Coupe du monde ?\"},{\"@type\":\"BreadcrumbList\",\"@id\":\"https:\/\/dicodusport.fr\/blog\/biathlon-nove-mesto-tiril-eckhoff-realise-recital-mass-start-braisaz-quatrieme\/#breadcrumb\",\"itemListElement\":[{\"@type\":\"ListItem\",\"position\":1,\"name\":\"Accueil\",\"item\":\"https:\/\/dicodusport.fr\/blog\/\"},{\"@type\":\"ListItem\",\"position\":2,\"name\":\"Nove Mesto : Tiril Eckhoff r\u00e9alise un r\u00e9cital sur la mass start, Braisaz quatri\u00e8me\"}]},{\"@type\":\"WebSite\",\"@id\":\"https:\/\/dicodusport.fr\/blog\/#website\",\"url\":\"https:\/\/dicodusport.fr\/blog\/\",\"name\":\"Dicodusport\",\"description\":\"L&#039;encyclop\u00e9die de l&#039;actualit\u00e9 sportive\",\"publisher\":{\"@id\":\"https:\/\/dicodusport.fr\/blog\/#organization\"},\"potentialAction\":[{\"@type\":\"SearchAction\",\"target\":{\"@type\":\"EntryPoint\",\"urlTemplate\":\"https:\/\/dicodusport.fr\/blog\/?s={search_term_string}\"},\"query-input\":{\"@type\":\"PropertyValueSpecification\",\"valueRequired\":true,\"valueName\":\"search_term_string\"}}],\"inLanguage\":\"fr-FR\"},{\"@type\":\"NewsMediaOrganization\",\"@id\":\"https:\/\/dicodusport.fr\/blog\/#organization\",\"name\":\"Dicodusport\",\"url\":\"https:\/\/dicodusport.fr\/blog\/\",\"logo\":{\"@type\":\"ImageObject\",\"inLanguage\":\"fr-FR\",\"@id\":\"https:\/\/dicodusport.fr\/blog\/#\/schema\/logo\/image\/\",\"url\":\"https:\/\/dicodusport.fr\/blog\/wp-content\/uploads\/2020\/06\/cropped-LOGO-DICODUSPORT-2020-SANS-FOND-SANS-TEXTE.png\",\"contentUrl\":\"https:\/\/dicodusport.fr\/blog\/wp-content\/uploads\/2020\/06\/cropped-LOGO-DICODUSPORT-2020-SANS-FOND-SANS-TEXTE.png\",\"width\":512,\"height\":512,\"caption\":\"Dicodusport\"},\"image\":{\"@id\":\"https:\/\/dicodusport.fr\/blog\/#\/schema\/logo\/image\/\"},\"sameAs\":[\"https:\/\/www.facebook.com\/dicodusport\",\"https:\/\/x.com\/dicodusport\",\"https:\/\/www.instagram.com\/dicodusport\/\",\"https:\/\/www.youtube.com\/channel\/UC7V2KZ5sd3htJivAbA4ZG3w\"],\"description\":\"Dicodusport est l'encyclop\u00e9die de l'actualit\u00e9 sportive.\",\"email\":\"bonjour@dicodusport.fr\",\"legalName\":\"DICODUSPORT\",\"foundingDate\":\"2018-01-14\",\"vatID\":\"FR71834470973\",\"taxID\":\"83447097300043\",\"numberOfEmployees\":{\"@type\":\"QuantitativeValue\",\"minValue\":\"1\",\"maxValue\":\"10\"}},{\"@type\":\"Person\",\"@id\":\"https:\/\/dicodusport.fr\/blog\/#\/schema\/person\/cb02af4c173ce4a653b55e9baf388d4a\",\"name\":\"Flo Ostermann\",\"image\":{\"@type\":\"ImageObject\",\"inLanguage\":\"fr-FR\",\"@id\":\"https:\/\/dicodusport.fr\/blog\/#\/schema\/person\/image\/\",\"url\":\"https:\/\/dicodusport.fr\/blog\/wp-content\/uploads\/2021\/05\/Flo-Ostermann-150x150.jpg\",\"contentUrl\":\"https:\/\/dicodusport.fr\/blog\/wp-content\/uploads\/2021\/05\/Flo-Ostermann-150x150.jpg\",\"caption\":\"Flo Ostermann\"},\"description\":\"Journaliste\/R\u00e9dacteur depuis septembre 2015 - Mes premiers souvenirs dans le sport ? Les envol\u00e9es du Stade Toulousain et les duels Villeneuve-Schumacher et H\u00e4kkinen-Schumacher \u00e0 la fin des ann\u00e9es 90, la Coupe du monde de football en 1998, l\u2019exploit du XV de France face aux All Blacks en 1999, mais aussi Richard C\u0153ur de Lion qui vole sur les montagnes du Tour de France. Bien parti pour devenir professeur d\u2019EPS, les \u00e9v\u00e9nements de la vie (et la flemme d\u2019animer des s\u00e9ances de 3x500 m\u00e8tres toute ma vie) m\u2019ont conduit \u00e0 revoir mes plans. Me voil\u00e0 depuis fin 2017 sur Dicodusport, m\u00e9dia gr\u00e2ce (et pour) lequel je partage ma passion : le sport dans tous ses \u00e9tats. Le tout accompagn\u00e9 par les fous furieux et folles furieuses cit\u00e9s sur cette page !\",\"sameAs\":[\"https:\/\/www.facebook.com\/florent.ostermann\",\"https:\/\/x.com\/https:\/\/twitter.com\/FlOstermann\",\"admin\"],\"url\":\"https:\/\/dicodusport.fr\/blog\/author\/flo\/\"}]}<\/script>\n<!-- \/ Yoast SEO Premium plugin. -->","yoast_head_json":{"title":"Nove Mesto : Tiril Eckhoff r\u00e9alise un r\u00e9cital sur la mass start, Braisaz quatri\u00e8me","description":"Biathlon - Nove Mesto - La Norv\u00e9gienne Tiril Eckhoff a remport\u00e9 ce dimanche la mass start de Nove Mesto. Elle r\u00e9alise une belle op\u00e9ration au g\u00e9n\u00e9ral.","robots":{"index":"index","follow":"follow","max-snippet":"max-snippet:-1","max-image-preview":"max-image-preview:large","max-video-preview":"max-video-preview:-1"},"canonical":"https:\/\/dicodusport.fr\/blog\/biathlon-nove-mesto-tiril-eckhoff-realise-recital-mass-start-braisaz-quatrieme\/","og_locale":"fr_FR","og_type":"article","og_title":"Nove Mesto : Tiril Eckhoff r\u00e9alise un r\u00e9cital sur la mass start, Braisaz quatri\u00e8me","og_description":"Biathlon - Nove Mesto - La Norv\u00e9gienne Tiril Eckhoff a remport\u00e9 ce dimanche la mass start de Nove Mesto. Elle r\u00e9alise une belle op\u00e9ration au g\u00e9n\u00e9ral.","og_url":"https:\/\/dicodusport.fr\/blog\/biathlon-nove-mesto-tiril-eckhoff-realise-recital-mass-start-braisaz-quatrieme\/","og_site_name":"Dicodusport","article_publisher":"https:\/\/www.facebook.com\/dicodusport","article_author":"https:\/\/www.facebook.com\/florent.ostermann","article_published_time":"2020-03-08T11:23:57+00:00","article_modified_time":"2020-03-08T17:39:11+00:00","og_image":[{"width":800,"height":445,"url":"https:\/\/dicodusport.fr\/blog\/wp-content\/uploads\/2020\/03\/Nove-Mesto-Tiril-Eckhoff-r\u00e9alise-un-r\u00e9cital-sur-la-mass-start-Braisaz-quatri\u00e8me.png","type":"image\/png"}],"author":"Flo Ostermann","twitter_card":"summary_large_image","twitter_title":"Nove Mesto : Tiril Eckhoff r\u00e9alise un r\u00e9cital sur la mass start, Braisaz quatri\u00e8me","twitter_creator":"@https:\/\/twitter.com\/FlOstermann","twitter_site":"@dicodusport","schema":{"@context":"https:\/\/schema.org","@graph":[{"@type":"NewsArticle","@id":"https:\/\/dicodusport.fr\/blog\/biathlon-nove-mesto-tiril-eckhoff-realise-recital-mass-start-braisaz-quatrieme\/#article","isPartOf":{"@id":"https:\/\/dicodusport.fr\/blog\/biathlon-nove-mesto-tiril-eckhoff-realise-recital-mass-start-braisaz-quatrieme\/"},"author":{"name":"Flo Ostermann","@id":"https:\/\/dicodusport.fr\/blog\/#\/schema\/person\/cb02af4c173ce4a653b55e9baf388d4a"},"headline":"Nove Mesto : Tiril Eckhoff r\u00e9alise un r\u00e9cital sur la mass start, Braisaz quatri\u00e8me","datePublished":"2020-03-08T11:23:57+00:00","dateModified":"2020-03-08T17:39:11+00:00","mainEntityOfPage":{"@id":"https:\/\/dicodusport.fr\/blog\/biathlon-nove-mesto-tiril-eckhoff-realise-recital-mass-start-braisaz-quatrieme\/"},"wordCount":321,"commentCount":0,"publisher":{"@id":"https:\/\/dicodusport.fr\/blog\/#organization"},"image":{"@id":"https:\/\/dicodusport.fr\/blog\/biathlon-nove-mesto-tiril-eckhoff-realise-recital-mass-start-braisaz-quatrieme\/#primaryimage"},"thumbnailUrl":"https:\/\/dicodusport.fr\/blog\/wp-content\/uploads\/2020\/03\/Nove-Mesto-Tiril-Eckhoff-r\u00e9alise-un-r\u00e9cital-sur-la-mass-start-Braisaz-quatri\u00e8me.png","keywords":["Biathlon","Mass start femmes","Nove Mesto"],"articleSection":["Biathlon"],"inLanguage":"fr-FR","potentialAction":[{"@type":"CommentAction","name":"Comment","target":["https:\/\/dicodusport.fr\/blog\/biathlon-nove-mesto-tiril-eckhoff-realise-recital-mass-start-braisaz-quatrieme\/#respond"]}],"copyrightYear":"2020","copyrightHolder":{"@id":"https:\/\/dicodusport.fr\/blog\/#organization"}},{"@type":"WebPage","@id":"https:\/\/dicodusport.fr\/blog\/biathlon-nove-mesto-tiril-eckhoff-realise-recital-mass-start-braisaz-quatrieme\/","url":"https:\/\/dicodusport.fr\/blog\/biathlon-nove-mesto-tiril-eckhoff-realise-recital-mass-start-braisaz-quatrieme\/","name":"Nove Mesto : Tiril Eckhoff r\u00e9alise un r\u00e9cital sur la mass start, Braisaz quatri\u00e8me","isPartOf":{"@id":"https:\/\/dicodusport.fr\/blog\/#website"},"primaryImageOfPage":{"@id":"https:\/\/dicodusport.fr\/blog\/biathlon-nove-mesto-tiril-eckhoff-realise-recital-mass-start-braisaz-quatrieme\/#primaryimage"},"image":{"@id":"https:\/\/dicodusport.fr\/blog\/biathlon-nove-mesto-tiril-eckhoff-realise-recital-mass-start-braisaz-quatrieme\/#primaryimage"},"thumbnailUrl":"https:\/\/dicodusport.fr\/blog\/wp-content\/uploads\/2020\/03\/Nove-Mesto-Tiril-Eckhoff-r\u00e9alise-un-r\u00e9cital-sur-la-mass-start-Braisaz-quatri\u00e8me.png","datePublished":"2020-03-08T11:23:57+00:00","dateModified":"2020-03-08T17:39:11+00:00","description":"Biathlon - Nove Mesto - La Norv\u00e9gienne Tiril Eckhoff a remport\u00e9 ce dimanche la mass start de Nove Mesto. Elle r\u00e9alise une belle op\u00e9ration au g\u00e9n\u00e9ral.","breadcrumb":{"@id":"https:\/\/dicodusport.fr\/blog\/biathlon-nove-mesto-tiril-eckhoff-realise-recital-mass-start-braisaz-quatrieme\/#breadcrumb"},"inLanguage":"fr-FR","potentialAction":[{"@type":"ReadAction","target":["https:\/\/dicodusport.fr\/blog\/biathlon-nove-mesto-tiril-eckhoff-realise-recital-mass-start-braisaz-quatrieme\/"]}]},{"@type":"ImageObject","inLanguage":"fr-FR","@id":"https:\/\/dicodusport.fr\/blog\/biathlon-nove-mesto-tiril-eckhoff-realise-recital-mass-start-braisaz-quatrieme\/#primaryimage","url":"https:\/\/dicodusport.fr\/blog\/wp-content\/uploads\/2020\/03\/Nove-Mesto-Tiril-Eckhoff-r\u00e9alise-un-r\u00e9cital-sur-la-mass-start-Braisaz-quatri\u00e8me.png","contentUrl":"https:\/\/dicodusport.fr\/blog\/wp-content\/uploads\/2020\/03\/Nove-Mesto-Tiril-Eckhoff-r\u00e9alise-un-r\u00e9cital-sur-la-mass-start-Braisaz-quatri\u00e8me.png","width":800,"height":445,"caption":"Biathlon : Tiril Eckhoff forfait pour la reprise de la Coupe du monde ?"},{"@type":"BreadcrumbList","@id":"https:\/\/dicodusport.fr\/blog\/biathlon-nove-mesto-tiril-eckhoff-realise-recital-mass-start-braisaz-quatrieme\/#breadcrumb","itemListElement":[{"@type":"ListItem","position":1,"name":"Accueil","item":"https:\/\/dicodusport.fr\/blog\/"},{"@type":"ListItem","position":2,"name":"Nove Mesto : Tiril Eckhoff r\u00e9alise un r\u00e9cital sur la mass start, Braisaz quatri\u00e8me"}]},{"@type":"WebSite","@id":"https:\/\/dicodusport.fr\/blog\/#website","url":"https:\/\/dicodusport.fr\/blog\/","name":"Dicodusport","description":"L&#039;encyclop\u00e9die de l&#039;actualit\u00e9 sportive","publisher":{"@id":"https:\/\/dicodusport.fr\/blog\/#organization"},"potentialAction":[{"@type":"SearchAction","target":{"@type":"EntryPoint","urlTemplate":"https:\/\/dicodusport.fr\/blog\/?s={search_term_string}"},"query-input":{"@type":"PropertyValueSpecification","valueRequired":true,"valueName":"search_term_string"}}],"inLanguage":"fr-FR"},{"@type":"NewsMediaOrganization","@id":"https:\/\/dicodusport.fr\/blog\/#organization","name":"Dicodusport","url":"https:\/\/dicodusport.fr\/blog\/","logo":{"@type":"ImageObject","inLanguage":"fr-FR","@id":"https:\/\/dicodusport.fr\/blog\/#\/schema\/logo\/image\/","url":"https:\/\/dicodusport.fr\/blog\/wp-content\/uploads\/2020\/06\/cropped-LOGO-DICODUSPORT-2020-SANS-FOND-SANS-TEXTE.png","contentUrl":"https:\/\/dicodusport.fr\/blog\/wp-content\/uploads\/2020\/06\/cropped-LOGO-DICODUSPORT-2020-SANS-FOND-SANS-TEXTE.png","width":512,"height":512,"caption":"Dicodusport"},"image":{"@id":"https:\/\/dicodusport.fr\/blog\/#\/schema\/logo\/image\/"},"sameAs":["https:\/\/www.facebook.com\/dicodusport","https:\/\/x.com\/dicodusport","https:\/\/www.instagram.com\/dicodusport\/","https:\/\/www.youtube.com\/channel\/UC7V2KZ5sd3htJivAbA4ZG3w"],"description":"Dicodusport est l'encyclop\u00e9die de l'actualit\u00e9 sportive.","email":"bonjour@dicodusport.fr","legalName":"DICODUSPORT","foundingDate":"2018-01-14","vatID":"FR71834470973","taxID":"83447097300043","numberOfEmployees":{"@type":"QuantitativeValue","minValue":"1","maxValue":"10"}},{"@type":"Person","@id":"https:\/\/dicodusport.fr\/blog\/#\/schema\/person\/cb02af4c173ce4a653b55e9baf388d4a","name":"Flo Ostermann","image":{"@type":"ImageObject","inLanguage":"fr-FR","@id":"https:\/\/dicodusport.fr\/blog\/#\/schema\/person\/image\/","url":"https:\/\/dicodusport.fr\/blog\/wp-content\/uploads\/2021\/05\/Flo-Ostermann-150x150.jpg","contentUrl":"https:\/\/dicodusport.fr\/blog\/wp-content\/uploads\/2021\/05\/Flo-Ostermann-150x150.jpg","caption":"Flo Ostermann"},"description":"Journaliste\/R\u00e9dacteur depuis septembre 2015 - Mes premiers souvenirs dans le sport ? Les envol\u00e9es du Stade Toulousain et les duels Villeneuve-Schumacher et H\u00e4kkinen-Schumacher \u00e0 la fin des ann\u00e9es 90, la Coupe du monde de football en 1998, l\u2019exploit du XV de France face aux All Blacks en 1999, mais aussi Richard C\u0153ur de Lion qui vole sur les montagnes du Tour de France. Bien parti pour devenir professeur d\u2019EPS, les \u00e9v\u00e9nements de la vie (et la flemme d\u2019animer des s\u00e9ances de 3x500 m\u00e8tres toute ma vie) m\u2019ont conduit \u00e0 revoir mes plans. Me voil\u00e0 depuis fin 2017 sur Dicodusport, m\u00e9dia gr\u00e2ce (et pour) lequel je partage ma passion : le sport dans tous ses \u00e9tats. Le tout accompagn\u00e9 par les fous furieux et folles furieuses cit\u00e9s sur cette page !","sameAs":["https:\/\/www.facebook.com\/florent.ostermann","https:\/\/x.com\/https:\/\/twitter.com\/FlOstermann","admin"],"url":"https:\/\/dicodusport.fr\/blog\/author\/flo\/"}]}},"_links":{"self":[{"href":"https:\/\/dicodusport.fr\/blog\/wp-json\/wp\/v2\/posts\/62563","targetHints":{"allow":["GET"]}}],"collection":[{"href":"https:\/\/dicodusport.fr\/blog\/wp-json\/wp\/v2\/posts"}],"about":[{"href":"https:\/\/dicodusport.fr\/blog\/wp-json\/wp\/v2\/types\/post"}],"author":[{"embeddable":true,"href":"https:\/\/dicodusport.fr\/blog\/wp-json\/wp\/v2\/users\/4"}],"replies":[{"embeddable":true,"href":"https:\/\/dicodusport.fr\/blog\/wp-json\/wp\/v2\/comments?post=62563"}],"version-history":[{"count":0,"href":"https:\/\/dicodusport.fr\/blog\/wp-json\/wp\/v2\/posts\/62563\/revisions"}],"wp:featuredmedia":[{"embeddable":true,"href":"https:\/\/dicodusport.fr\/blog\/wp-json\/wp\/v2\/media\/62572"}],"wp:attachment":[{"href":"https:\/\/dicodusport.fr\/blog\/wp-json\/wp\/v2\/media?parent=62563"}],"wp:term":[{"taxonomy":"category","embeddable":true,"href":"https:\/\/dicodusport.fr\/blog\/wp-json\/wp\/v2\/categories?post=62563"},{"taxonomy":"post_tag","embeddable":true,"href":"https:\/\/dicodusport.fr\/blog\/wp-json\/wp\/v2\/tags?post=62563"}],"curies":[{"name":"wp","href":"https:\/\/api.w.org\/{rel}","templated":true}]}}