{"id":625738,"date":"2025-11-15T11:35:55","date_gmt":"2025-11-15T10:35:55","guid":{"rendered":"https:\/\/dicodusport.fr\/blog\/?p=625738&#038;preview=true&#038;preview_id=625738"},"modified":"2025-11-15T11:36:23","modified_gmt":"2025-11-15T10:36:23","slug":"motogp-valence-2025-marco-bezzecchi-sadjuge-la-derniere-pole-position-de-lannee","status":"publish","type":"post","link":"https:\/\/dicodusport.fr\/blog\/motogp-valence-2025-marco-bezzecchi-sadjuge-la-derniere-pole-position-de-lannee\/","title":{"rendered":"MotoGP Valence 2025 : Marco Bezzecchi s&rsquo;adjuge la derni\u00e8re pole position de l&rsquo;ann\u00e9e"},"content":{"rendered":"<p style=\"text-align: justify;\"><strong><em>MOTOGP \u2013 GRAND PRIX DE VALENCE 2025 \u2013 Au terme d&rsquo;une s\u00e9ance de qualifications extr\u00eamement resserr\u00e9e, Marco Bezzecchi (Aprilia) s&rsquo;est empar\u00e9 de la pole position devant Alex Marquez et Fabio Di Giannantonio. Tous deux qualifi\u00e9s en Q2, Fabio Quartararo et Johann Zarco s&rsquo;\u00e9lanceront respectivement des 6\u00e8mes et 11\u00e8mes positions.<\/em><\/strong><\/p>\n<ul>\n<li><strong>\u00c0 ce sujet \u2013\u00a0<a href=\"https:\/\/dicodusport.fr\/blog\/gp-de-valence-motogp-2025-horaires-programme-tv-et-resultats\/\">GP de Valence MotoGP 2025 : Horaires, Programme TV et R\u00e9sultats mis \u00e0 jour<\/a><\/strong><\/li>\n<\/ul>\n<p style=\"text-align: justify;\">La saison 2025 de <strong>MotoGP<\/strong> touche \u00e0 sa fin. Avant les ultimes de roues demain lors du <strong>Grand Prix de Valence<\/strong>, les pilotes se disputaient ce samedi les qualifications, qui pr\u00e9c\u00e9deront la course sprint cet apr\u00e8s-midi. Une s\u00e9ance ardemment disput\u00e9e \u00e9tait donc attendue alors que la bataille fait encore rage pour les places d&rsquo;honneur derri\u00e8re les <strong>fr\u00e8res Marquez<\/strong>, Marc \u00e9tant d\u00e9j\u00e0 sacr\u00e9, et Alex certain de terminer 2\u00e8me.<\/p>\n<h2>Johann Zarco et Ra\u00fal Fern\u00e1ndez en Q2, Bagnaia d\u00e9\u00e7oit (encore)<\/h2>\n<p>D\u00e8s la Q1, les enjeux \u00e9taient \u00e9normes puisqu&rsquo;au-del\u00e0 de la pr\u00e9sence de <strong>Johann Zarco<\/strong> (LCR Honda), <strong>Francesco Bagnaia<\/strong> (Ducati Lenovo Team) faisait figure d&rsquo;\u00e9pouvantail avec sa machine. N\u00e9anmoins, lors de la premi\u00e8re salve, c&rsquo;est bien <strong>Ra\u00fal Fern\u00e1ndez<\/strong>\u00a0(Trackhouse MotoGP) qui a pris les commandes, alors que l&rsquo;Italien s&rsquo;est retrouv\u00e9 seulement 3\u00e8me, battu par un Zarco impeccable. Avec <strong>Aleix Espargar\u00f3 <\/strong>(Honda HRC) en embuscade, ce quatuor de t\u00eate se tenait alors en moins d&rsquo;un dixi\u00e8me.<\/p>\n<ul>\n<li><strong>\u00c0 lire aussi \u2013\u00a0<a href=\"https:\/\/dicodusport.fr\/blog\/motogp-la-grille-de-depart-du-grand-prix-de-valence-2025\/\">La grille de d\u00e9part du Grand Prix de Valence 2025<\/a><\/strong><\/li>\n<\/ul>\n<p>Mais <strong>Ra\u00fal Fern\u00e1ndez\u00a0<\/strong>a mis tout le monde d&rsquo;accord lors des seconds runs en am\u00e9liorant nettement sa marque en 1:29.036. De son c\u00f4t\u00e9, Bagnaia est encore pass\u00e9 \u00e0 c\u00f4t\u00e9, et a d\u00fb rentrer aux stands avant la fin de la session. Cela n&rsquo;a pas emp\u00each\u00e9 une lutte acharn\u00e9e pour la 2\u00e8me place. Binder et Esparagaro s&rsquo;en sont empar\u00e9s, mais c&rsquo;est finalement Johann Zarco qui a fait la diff\u00e9rence en 1:29.460 pour coiffer au poteau Marini, et filer en Q2.<\/p>\n<blockquote class=\"twitter-tweet\">\n<p dir=\"ltr\" lang=\"en\">Welcome to the Zarco late show \ud83d\udd25<\/p>\n<p>The Frenchman snatches P2 at the very end \ud83d\ude4c<a href=\"https:\/\/twitter.com\/hashtag\/ValenciaGP?src=hash&amp;ref_src=twsrc%5Etfw\">#ValenciaGP<\/a> \ud83c\udfc1 <a href=\"https:\/\/t.co\/LDxqbJuVZ9\">pic.twitter.com\/LDxqbJuVZ9<\/a><\/p>\n<p>\u2014 MotoGP\u2122\ud83c\udfc1 (@MotoGP) <a href=\"https:\/\/twitter.com\/MotoGP\/status\/1989636318679236765?ref_src=twsrc%5Etfw\">November 15, 2025<\/a><\/p><\/blockquote>\n<p><script async src=\"https:\/\/platform.twitter.com\/widgets.js\" charset=\"utf-8\"><\/script><\/p>\n<h2>Marco Bezzecchi domine Alex Marquez, Pedro Acosta en retrait<\/h2>\n<p style=\"text-align: justify;\">D\u00e8s les premiers runs, les chronos ont nettement baiss\u00e9, en particulier sous l&rsquo;impulsion d&rsquo;un <strong>Alex Marquez<\/strong> (Gresini) en feu, qui est alors le seul pilote \u00e0 \u00eatre pass\u00e9 sous les 1:29.000. Un bel avantage qui lui permet de repousser <strong>Franco Morbidelli<\/strong> (VR46) \u00e0 plus d&rsquo;un dixi\u00e8me, mais aussi un excellent <strong>Fabio Quartararo<\/strong> (Monster Energy Yamaha), provisoirement 3\u00e8me, \u00e0 pr\u00e8s de trois dixi\u00e8mes. Derri\u00e8re, sept autres pilotes sont alors sous les 5 dixi\u00e8mes !<\/p>\n<ul>\n<li><strong>\u00c0 voir aussi \u2013\u00a0<a href=\"https:\/\/dicodusport.fr\/blog\/classement-motogp-2025-le-point-sur-le-championnat-du-monde-des-pilotes\/\">MotoGP 2025 : Le classement du championnat du monde des pilotes<\/a><\/strong><\/li>\n<\/ul>\n<p style=\"text-align: justify;\">Pass\u00e9 \u00e0 deux doigts de tomber lors de sa premi\u00e8re tentative, <strong>Marco Bezzecchi<\/strong> (Aprilia) a \u00e9t\u00e9 le premier \u00e0 s&rsquo;\u00e9lancer pour la derni\u00e8re salve. Et l&rsquo;Italien a montr\u00e9 qu&rsquo;il fallait compter sur lui en signant la nouvelle marque de r\u00e9f\u00e9rence en 1.28:809 ! Dans la foul\u00e9e, ces deux principaux, rivaux, <strong>Alex Marquez <\/strong>et <strong>Pedro Acosta<\/strong> (Red Bull KTM Factory) n&rsquo;ont pas fait mieux, ce dernier \u00e9tant m\u00eame \u00e9ject\u00e9 provisoirement de la 1\u00e8re ligne par <strong>Fabio Di Giannanatonio<\/strong> (VR46). Les meilleurs chronos ne bougeront plus, et Bezzecchi s&rsquo;adjuge la pole devant Marquez et donc Di Giannantonio. Derri\u00e8re, <strong>Fern\u00e1ndez<\/strong> et Acosta devancent <strong>Fabio Quartararo<\/strong>, 6\u00e8me, sur la deuxi\u00e8me ligne. Face \u00e0 ces chronos plus, \u00e9lev\u00e9s, Johann Zarco n&rsquo;a pas pu rivaliser, et s&rsquo;\u00e9lancera en 11\u00e8me position sur la grille.<\/p>\n<blockquote class=\"twitter-tweet\">\n<p dir=\"ltr\" lang=\"en\">Bezzecchi claims the final pole position of 2025, and he does it with a new all-time lap record! \ud83e\udd19<a href=\"https:\/\/twitter.com\/hashtag\/ValenciaGP?src=hash&amp;ref_src=twsrc%5Etfw\">#ValenciaGP<\/a> \ud83c\udfc1 <a href=\"https:\/\/t.co\/dfUXY5QTAl\">pic.twitter.com\/dfUXY5QTAl<\/a><\/p>\n<p>\u2014 MotoGP\u2122\ud83c\udfc1 (@MotoGP) <a href=\"https:\/\/twitter.com\/MotoGP\/status\/1989642802481730027?ref_src=twsrc%5Etfw\">November 15, 2025<\/a><\/p><\/blockquote>\n<p><script async src=\"https:\/\/platform.twitter.com\/widgets.js\" charset=\"utf-8\"><\/script><\/p>\n<div id=\"gtx-trans\" style=\"position: absolute; left: -14px; top: 40.9091px;\">\n<div class=\"gtx-trans-icon\"><\/div>\n<\/div>\n","protected":false},"excerpt":{"rendered":"<p>MOTOGP \u2013 GRAND PRIX DE VALENCE 2025 \u2013 Au terme d&rsquo;une s\u00e9ance de qualifications extr\u00eamement resserr\u00e9e, Marco Bezzecchi (Aprilia) s&rsquo;est empar\u00e9 de la pole position devant Alex Marquez et Fabio Di Giannantonio. Tous deux qualifi\u00e9s en Q2, Fabio Quartararo et Johann Zarco s&rsquo;\u00e9lanceront respectivement des 6\u00e8mes et 11\u00e8mes positions.<\/p>\n","protected":false},"author":55,"featured_media":625773,"comment_status":"open","ping_status":"closed","sticky":false,"template":"","format":"standard","meta":{"_acf_changed":false,"_daextam_enable_autolinks":"1","footnotes":""},"categories":[47087],"tags":[16878,20378,10938],"class_list":["post-625738","post","type-post","status-publish","format-standard","has-post-thumbnail","hentry","category-motogp","tag-breve","tag-grand-prix-de-valence-motogp","tag-motogp"],"acf":[],"yoast_head":"<!-- This site is optimized with the Yoast SEO Premium plugin v26.7 (Yoast SEO v26.7) - https:\/\/yoast.com\/wordpress\/plugins\/seo\/ -->\n<title>MotoGP Valence 2025 : Marco Bezzecchi s&#039;adjuge la derni\u00e8re pole position de l&#039;ann\u00e9e<\/title>\n<meta name=\"description\" content=\"MOTOGP \u2013 GRAND PRIX DE VALENCE 2025 \u2013 Au terme d&#039;une s\u00e9ance de qualifications resserr\u00e9es, Marco Bezzecchi s&#039;est empar\u00e9 de la pole position.\" \/>\n<meta name=\"robots\" content=\"index, follow, max-snippet:-1, max-image-preview:large, max-video-preview:-1\" \/>\n<link rel=\"canonical\" href=\"https:\/\/dicodusport.fr\/blog\/motogp-valence-2025-marco-bezzecchi-sadjuge-la-derniere-pole-position-de-lannee\/\" \/>\n<meta property=\"og:locale\" content=\"fr_FR\" \/>\n<meta property=\"og:type\" content=\"article\" \/>\n<meta property=\"og:title\" content=\"MotoGP Valence 2025 : Marco Bezzecchi s&#039;adjuge la derni\u00e8re pole position de l&#039;ann\u00e9e\" \/>\n<meta property=\"og:description\" content=\"MOTOGP \u2013 GRAND PRIX DE VALENCE 2025 \u2013 Au terme d&#039;une s\u00e9ance de qualifications resserr\u00e9es, Marco Bezzecchi s&#039;est empar\u00e9 de la pole position.\" \/>\n<meta property=\"og:url\" content=\"https:\/\/dicodusport.fr\/blog\/motogp-valence-2025-marco-bezzecchi-sadjuge-la-derniere-pole-position-de-lannee\/\" \/>\n<meta property=\"og:site_name\" content=\"Dicodusport\" \/>\n<meta property=\"article:publisher\" content=\"https:\/\/www.facebook.com\/dicodusport\" \/>\n<meta property=\"article:published_time\" content=\"2025-11-15T10:35:55+00:00\" \/>\n<meta property=\"article:modified_time\" content=\"2025-11-15T10:36:23+00:00\" \/>\n<meta property=\"og:image\" content=\"https:\/\/dicodusport.fr\/blog\/wp-content\/uploads\/2025\/11\/MotoGP-Valence-2025-Marco-Bezzecchi-sadjuge-la-derniere-pole-position-de-lannee.png\" \/>\n\t<meta property=\"og:image:width\" content=\"1200\" \/>\n\t<meta property=\"og:image:height\" content=\"674\" \/>\n\t<meta property=\"og:image:type\" content=\"image\/png\" \/>\n<meta name=\"author\" content=\"Maxime Cazenave\" \/>\n<meta name=\"twitter:card\" content=\"summary_large_image\" \/>\n<meta name=\"twitter:title\" content=\"MotoGP Valence 2025 : Marco Bezzecchi s&#039;adjuge la derni\u00e8re pole position de l&#039;ann\u00e9e\" \/>\n<meta name=\"twitter:creator\" content=\"@https:\/\/twitter.com\/Maxime_Caze\" \/>\n<meta name=\"twitter:site\" content=\"@dicodusport\" \/>\n<script type=\"application\/ld+json\" class=\"yoast-schema-graph\">{\"@context\":\"https:\/\/schema.org\",\"@graph\":[{\"@type\":\"NewsArticle\",\"@id\":\"https:\/\/dicodusport.fr\/blog\/motogp-valence-2025-marco-bezzecchi-sadjuge-la-derniere-pole-position-de-lannee\/#article\",\"isPartOf\":{\"@id\":\"https:\/\/dicodusport.fr\/blog\/motogp-valence-2025-marco-bezzecchi-sadjuge-la-derniere-pole-position-de-lannee\/\"},\"author\":{\"name\":\"Maxime Cazenave\",\"@id\":\"https:\/\/dicodusport.fr\/blog\/#\/schema\/person\/37def232098a7a5cbab3974a3690abb0\"},\"headline\":\"MotoGP Valence 2025 : Marco Bezzecchi s&rsquo;adjuge la derni\u00e8re pole position de l&rsquo;ann\u00e9e\",\"datePublished\":\"2025-11-15T10:35:55+00:00\",\"dateModified\":\"2025-11-15T10:36:23+00:00\",\"mainEntityOfPage\":{\"@id\":\"https:\/\/dicodusport.fr\/blog\/motogp-valence-2025-marco-bezzecchi-sadjuge-la-derniere-pole-position-de-lannee\/\"},\"wordCount\":642,\"commentCount\":0,\"publisher\":{\"@id\":\"https:\/\/dicodusport.fr\/blog\/#organization\"},\"image\":{\"@id\":\"https:\/\/dicodusport.fr\/blog\/motogp-valence-2025-marco-bezzecchi-sadjuge-la-derniere-pole-position-de-lannee\/#primaryimage\"},\"thumbnailUrl\":\"https:\/\/dicodusport.fr\/blog\/wp-content\/uploads\/2025\/11\/MotoGP-Valence-2025-Marco-Bezzecchi-sadjuge-la-derniere-pole-position-de-lannee.png\",\"keywords\":[\"br\u00e8ve\",\"Grand Prix de Valence MotoGP\",\"MotoGP\"],\"articleSection\":[\"MotoGP\"],\"inLanguage\":\"fr-FR\",\"potentialAction\":[{\"@type\":\"CommentAction\",\"name\":\"Comment\",\"target\":[\"https:\/\/dicodusport.fr\/blog\/motogp-valence-2025-marco-bezzecchi-sadjuge-la-derniere-pole-position-de-lannee\/#respond\"]}],\"copyrightYear\":\"2025\",\"copyrightHolder\":{\"@id\":\"https:\/\/dicodusport.fr\/blog\/#organization\"}},{\"@type\":\"WebPage\",\"@id\":\"https:\/\/dicodusport.fr\/blog\/motogp-valence-2025-marco-bezzecchi-sadjuge-la-derniere-pole-position-de-lannee\/\",\"url\":\"https:\/\/dicodusport.fr\/blog\/motogp-valence-2025-marco-bezzecchi-sadjuge-la-derniere-pole-position-de-lannee\/\",\"name\":\"MotoGP Valence 2025 : Marco Bezzecchi s'adjuge la derni\u00e8re pole position de l'ann\u00e9e\",\"isPartOf\":{\"@id\":\"https:\/\/dicodusport.fr\/blog\/#website\"},\"primaryImageOfPage\":{\"@id\":\"https:\/\/dicodusport.fr\/blog\/motogp-valence-2025-marco-bezzecchi-sadjuge-la-derniere-pole-position-de-lannee\/#primaryimage\"},\"image\":{\"@id\":\"https:\/\/dicodusport.fr\/blog\/motogp-valence-2025-marco-bezzecchi-sadjuge-la-derniere-pole-position-de-lannee\/#primaryimage\"},\"thumbnailUrl\":\"https:\/\/dicodusport.fr\/blog\/wp-content\/uploads\/2025\/11\/MotoGP-Valence-2025-Marco-Bezzecchi-sadjuge-la-derniere-pole-position-de-lannee.png\",\"datePublished\":\"2025-11-15T10:35:55+00:00\",\"dateModified\":\"2025-11-15T10:36:23+00:00\",\"description\":\"MOTOGP \u2013 GRAND PRIX DE VALENCE 2025 \u2013 Au terme d'une s\u00e9ance de qualifications resserr\u00e9es, Marco Bezzecchi s'est empar\u00e9 de la pole position.\",\"breadcrumb\":{\"@id\":\"https:\/\/dicodusport.fr\/blog\/motogp-valence-2025-marco-bezzecchi-sadjuge-la-derniere-pole-position-de-lannee\/#breadcrumb\"},\"inLanguage\":\"fr-FR\",\"potentialAction\":[{\"@type\":\"ReadAction\",\"target\":[\"https:\/\/dicodusport.fr\/blog\/motogp-valence-2025-marco-bezzecchi-sadjuge-la-derniere-pole-position-de-lannee\/\"]}]},{\"@type\":\"ImageObject\",\"inLanguage\":\"fr-FR\",\"@id\":\"https:\/\/dicodusport.fr\/blog\/motogp-valence-2025-marco-bezzecchi-sadjuge-la-derniere-pole-position-de-lannee\/#primaryimage\",\"url\":\"https:\/\/dicodusport.fr\/blog\/wp-content\/uploads\/2025\/11\/MotoGP-Valence-2025-Marco-Bezzecchi-sadjuge-la-derniere-pole-position-de-lannee.png\",\"contentUrl\":\"https:\/\/dicodusport.fr\/blog\/wp-content\/uploads\/2025\/11\/MotoGP-Valence-2025-Marco-Bezzecchi-sadjuge-la-derniere-pole-position-de-lannee.png\",\"width\":1200,\"height\":674,\"caption\":\"MotoGP Valence 2025 : Marco Bezzecchi s'adjuge la derni\u00e8re pole position de l'ann\u00e9e\"},{\"@type\":\"BreadcrumbList\",\"@id\":\"https:\/\/dicodusport.fr\/blog\/motogp-valence-2025-marco-bezzecchi-sadjuge-la-derniere-pole-position-de-lannee\/#breadcrumb\",\"itemListElement\":[{\"@type\":\"ListItem\",\"position\":1,\"name\":\"Accueil\",\"item\":\"https:\/\/dicodusport.fr\/blog\/\"},{\"@type\":\"ListItem\",\"position\":2,\"name\":\"MotoGP Valence 2025 : Marco Bezzecchi s&rsquo;adjuge la derni\u00e8re pole position de l&rsquo;ann\u00e9e\"}]},{\"@type\":\"WebSite\",\"@id\":\"https:\/\/dicodusport.fr\/blog\/#website\",\"url\":\"https:\/\/dicodusport.fr\/blog\/\",\"name\":\"Dicodusport\",\"description\":\"L&#039;encyclop\u00e9die de l&#039;actualit\u00e9 sportive\",\"publisher\":{\"@id\":\"https:\/\/dicodusport.fr\/blog\/#organization\"},\"potentialAction\":[{\"@type\":\"SearchAction\",\"target\":{\"@type\":\"EntryPoint\",\"urlTemplate\":\"https:\/\/dicodusport.fr\/blog\/?s={search_term_string}\"},\"query-input\":{\"@type\":\"PropertyValueSpecification\",\"valueRequired\":true,\"valueName\":\"search_term_string\"}}],\"inLanguage\":\"fr-FR\"},{\"@type\":\"NewsMediaOrganization\",\"@id\":\"https:\/\/dicodusport.fr\/blog\/#organization\",\"name\":\"Dicodusport\",\"url\":\"https:\/\/dicodusport.fr\/blog\/\",\"logo\":{\"@type\":\"ImageObject\",\"inLanguage\":\"fr-FR\",\"@id\":\"https:\/\/dicodusport.fr\/blog\/#\/schema\/logo\/image\/\",\"url\":\"https:\/\/dicodusport.fr\/blog\/wp-content\/uploads\/2020\/06\/cropped-LOGO-DICODUSPORT-2020-SANS-FOND-SANS-TEXTE.png\",\"contentUrl\":\"https:\/\/dicodusport.fr\/blog\/wp-content\/uploads\/2020\/06\/cropped-LOGO-DICODUSPORT-2020-SANS-FOND-SANS-TEXTE.png\",\"width\":512,\"height\":512,\"caption\":\"Dicodusport\"},\"image\":{\"@id\":\"https:\/\/dicodusport.fr\/blog\/#\/schema\/logo\/image\/\"},\"sameAs\":[\"https:\/\/www.facebook.com\/dicodusport\",\"https:\/\/x.com\/dicodusport\",\"https:\/\/www.instagram.com\/dicodusport\/\",\"https:\/\/www.youtube.com\/channel\/UC7V2KZ5sd3htJivAbA4ZG3w\"],\"description\":\"Dicodusport est l'encyclop\u00e9die de l'actualit\u00e9 sportive.\",\"email\":\"bonjour@dicodusport.fr\",\"legalName\":\"DICODUSPORT\",\"foundingDate\":\"2018-01-14\",\"vatID\":\"FR71834470973\",\"taxID\":\"83447097300043\",\"numberOfEmployees\":{\"@type\":\"QuantitativeValue\",\"minValue\":\"1\",\"maxValue\":\"10\"}},{\"@type\":\"Person\",\"@id\":\"https:\/\/dicodusport.fr\/blog\/#\/schema\/person\/37def232098a7a5cbab3974a3690abb0\",\"name\":\"Maxime Cazenave\",\"image\":{\"@type\":\"ImageObject\",\"inLanguage\":\"fr-FR\",\"@id\":\"https:\/\/dicodusport.fr\/blog\/#\/schema\/person\/image\/\",\"url\":\"https:\/\/dicodusport.fr\/blog\/wp-content\/uploads\/2021\/05\/Maxime-Cazenave-150x150.jpg\",\"contentUrl\":\"https:\/\/dicodusport.fr\/blog\/wp-content\/uploads\/2021\/05\/Maxime-Cazenave-150x150.jpg\",\"caption\":\"Maxime Cazenave\"},\"description\":\"Journaliste\/R\u00e9dacteur depuis 2012 - Berc\u00e9 par l\u2019amour des Girondins de Bordeaux, les \u00e9checs de Christophe Moreau sur le Tour de France sous l'\u00e8re Lance Armstrong et le fade-away l\u00e9tal de Dirk Nowitzki, ma passion d\u00e9vorante pour le sport a toujours \u00e9t\u00e9 un pan incontournable de ma vie. Transmettre ma passion \u00e0 l\u2019\u00e9crit a \u00e9t\u00e9 une transition naturelle. Suiveur assidu de basket et de hockey sur glace, je garde toujours un peu de place pour suivre le cyclisme, le football et le maximum de performances fran\u00e7aises.\",\"sameAs\":[\"https:\/\/x.com\/https:\/\/twitter.com\/Maxime_Caze\"],\"url\":\"https:\/\/dicodusport.fr\/blog\/author\/maximec\/\"}]}<\/script>\n<!-- \/ Yoast SEO Premium plugin. -->","yoast_head_json":{"title":"MotoGP Valence 2025 : Marco Bezzecchi s'adjuge la derni\u00e8re pole position de l'ann\u00e9e","description":"MOTOGP \u2013 GRAND PRIX DE VALENCE 2025 \u2013 Au terme d'une s\u00e9ance de qualifications resserr\u00e9es, Marco Bezzecchi s'est empar\u00e9 de la pole position.","robots":{"index":"index","follow":"follow","max-snippet":"max-snippet:-1","max-image-preview":"max-image-preview:large","max-video-preview":"max-video-preview:-1"},"canonical":"https:\/\/dicodusport.fr\/blog\/motogp-valence-2025-marco-bezzecchi-sadjuge-la-derniere-pole-position-de-lannee\/","og_locale":"fr_FR","og_type":"article","og_title":"MotoGP Valence 2025 : Marco Bezzecchi s'adjuge la derni\u00e8re pole position de l'ann\u00e9e","og_description":"MOTOGP \u2013 GRAND PRIX DE VALENCE 2025 \u2013 Au terme d'une s\u00e9ance de qualifications resserr\u00e9es, Marco Bezzecchi s'est empar\u00e9 de la pole position.","og_url":"https:\/\/dicodusport.fr\/blog\/motogp-valence-2025-marco-bezzecchi-sadjuge-la-derniere-pole-position-de-lannee\/","og_site_name":"Dicodusport","article_publisher":"https:\/\/www.facebook.com\/dicodusport","article_published_time":"2025-11-15T10:35:55+00:00","article_modified_time":"2025-11-15T10:36:23+00:00","og_image":[{"width":1200,"height":674,"url":"https:\/\/dicodusport.fr\/blog\/wp-content\/uploads\/2025\/11\/MotoGP-Valence-2025-Marco-Bezzecchi-sadjuge-la-derniere-pole-position-de-lannee.png","type":"image\/png"}],"author":"Maxime Cazenave","twitter_card":"summary_large_image","twitter_title":"MotoGP Valence 2025 : Marco Bezzecchi s'adjuge la derni\u00e8re pole position de l'ann\u00e9e","twitter_creator":"@https:\/\/twitter.com\/Maxime_Caze","twitter_site":"@dicodusport","schema":{"@context":"https:\/\/schema.org","@graph":[{"@type":"NewsArticle","@id":"https:\/\/dicodusport.fr\/blog\/motogp-valence-2025-marco-bezzecchi-sadjuge-la-derniere-pole-position-de-lannee\/#article","isPartOf":{"@id":"https:\/\/dicodusport.fr\/blog\/motogp-valence-2025-marco-bezzecchi-sadjuge-la-derniere-pole-position-de-lannee\/"},"author":{"name":"Maxime Cazenave","@id":"https:\/\/dicodusport.fr\/blog\/#\/schema\/person\/37def232098a7a5cbab3974a3690abb0"},"headline":"MotoGP Valence 2025 : Marco Bezzecchi s&rsquo;adjuge la derni\u00e8re pole position de l&rsquo;ann\u00e9e","datePublished":"2025-11-15T10:35:55+00:00","dateModified":"2025-11-15T10:36:23+00:00","mainEntityOfPage":{"@id":"https:\/\/dicodusport.fr\/blog\/motogp-valence-2025-marco-bezzecchi-sadjuge-la-derniere-pole-position-de-lannee\/"},"wordCount":642,"commentCount":0,"publisher":{"@id":"https:\/\/dicodusport.fr\/blog\/#organization"},"image":{"@id":"https:\/\/dicodusport.fr\/blog\/motogp-valence-2025-marco-bezzecchi-sadjuge-la-derniere-pole-position-de-lannee\/#primaryimage"},"thumbnailUrl":"https:\/\/dicodusport.fr\/blog\/wp-content\/uploads\/2025\/11\/MotoGP-Valence-2025-Marco-Bezzecchi-sadjuge-la-derniere-pole-position-de-lannee.png","keywords":["br\u00e8ve","Grand Prix de Valence MotoGP","MotoGP"],"articleSection":["MotoGP"],"inLanguage":"fr-FR","potentialAction":[{"@type":"CommentAction","name":"Comment","target":["https:\/\/dicodusport.fr\/blog\/motogp-valence-2025-marco-bezzecchi-sadjuge-la-derniere-pole-position-de-lannee\/#respond"]}],"copyrightYear":"2025","copyrightHolder":{"@id":"https:\/\/dicodusport.fr\/blog\/#organization"}},{"@type":"WebPage","@id":"https:\/\/dicodusport.fr\/blog\/motogp-valence-2025-marco-bezzecchi-sadjuge-la-derniere-pole-position-de-lannee\/","url":"https:\/\/dicodusport.fr\/blog\/motogp-valence-2025-marco-bezzecchi-sadjuge-la-derniere-pole-position-de-lannee\/","name":"MotoGP Valence 2025 : Marco Bezzecchi s'adjuge la derni\u00e8re pole position de l'ann\u00e9e","isPartOf":{"@id":"https:\/\/dicodusport.fr\/blog\/#website"},"primaryImageOfPage":{"@id":"https:\/\/dicodusport.fr\/blog\/motogp-valence-2025-marco-bezzecchi-sadjuge-la-derniere-pole-position-de-lannee\/#primaryimage"},"image":{"@id":"https:\/\/dicodusport.fr\/blog\/motogp-valence-2025-marco-bezzecchi-sadjuge-la-derniere-pole-position-de-lannee\/#primaryimage"},"thumbnailUrl":"https:\/\/dicodusport.fr\/blog\/wp-content\/uploads\/2025\/11\/MotoGP-Valence-2025-Marco-Bezzecchi-sadjuge-la-derniere-pole-position-de-lannee.png","datePublished":"2025-11-15T10:35:55+00:00","dateModified":"2025-11-15T10:36:23+00:00","description":"MOTOGP \u2013 GRAND PRIX DE VALENCE 2025 \u2013 Au terme d'une s\u00e9ance de qualifications resserr\u00e9es, Marco Bezzecchi s'est empar\u00e9 de la pole position.","breadcrumb":{"@id":"https:\/\/dicodusport.fr\/blog\/motogp-valence-2025-marco-bezzecchi-sadjuge-la-derniere-pole-position-de-lannee\/#breadcrumb"},"inLanguage":"fr-FR","potentialAction":[{"@type":"ReadAction","target":["https:\/\/dicodusport.fr\/blog\/motogp-valence-2025-marco-bezzecchi-sadjuge-la-derniere-pole-position-de-lannee\/"]}]},{"@type":"ImageObject","inLanguage":"fr-FR","@id":"https:\/\/dicodusport.fr\/blog\/motogp-valence-2025-marco-bezzecchi-sadjuge-la-derniere-pole-position-de-lannee\/#primaryimage","url":"https:\/\/dicodusport.fr\/blog\/wp-content\/uploads\/2025\/11\/MotoGP-Valence-2025-Marco-Bezzecchi-sadjuge-la-derniere-pole-position-de-lannee.png","contentUrl":"https:\/\/dicodusport.fr\/blog\/wp-content\/uploads\/2025\/11\/MotoGP-Valence-2025-Marco-Bezzecchi-sadjuge-la-derniere-pole-position-de-lannee.png","width":1200,"height":674,"caption":"MotoGP Valence 2025 : Marco Bezzecchi s'adjuge la derni\u00e8re pole position de l'ann\u00e9e"},{"@type":"BreadcrumbList","@id":"https:\/\/dicodusport.fr\/blog\/motogp-valence-2025-marco-bezzecchi-sadjuge-la-derniere-pole-position-de-lannee\/#breadcrumb","itemListElement":[{"@type":"ListItem","position":1,"name":"Accueil","item":"https:\/\/dicodusport.fr\/blog\/"},{"@type":"ListItem","position":2,"name":"MotoGP Valence 2025 : Marco Bezzecchi s&rsquo;adjuge la derni\u00e8re pole position de l&rsquo;ann\u00e9e"}]},{"@type":"WebSite","@id":"https:\/\/dicodusport.fr\/blog\/#website","url":"https:\/\/dicodusport.fr\/blog\/","name":"Dicodusport","description":"L&#039;encyclop\u00e9die de l&#039;actualit\u00e9 sportive","publisher":{"@id":"https:\/\/dicodusport.fr\/blog\/#organization"},"potentialAction":[{"@type":"SearchAction","target":{"@type":"EntryPoint","urlTemplate":"https:\/\/dicodusport.fr\/blog\/?s={search_term_string}"},"query-input":{"@type":"PropertyValueSpecification","valueRequired":true,"valueName":"search_term_string"}}],"inLanguage":"fr-FR"},{"@type":"NewsMediaOrganization","@id":"https:\/\/dicodusport.fr\/blog\/#organization","name":"Dicodusport","url":"https:\/\/dicodusport.fr\/blog\/","logo":{"@type":"ImageObject","inLanguage":"fr-FR","@id":"https:\/\/dicodusport.fr\/blog\/#\/schema\/logo\/image\/","url":"https:\/\/dicodusport.fr\/blog\/wp-content\/uploads\/2020\/06\/cropped-LOGO-DICODUSPORT-2020-SANS-FOND-SANS-TEXTE.png","contentUrl":"https:\/\/dicodusport.fr\/blog\/wp-content\/uploads\/2020\/06\/cropped-LOGO-DICODUSPORT-2020-SANS-FOND-SANS-TEXTE.png","width":512,"height":512,"caption":"Dicodusport"},"image":{"@id":"https:\/\/dicodusport.fr\/blog\/#\/schema\/logo\/image\/"},"sameAs":["https:\/\/www.facebook.com\/dicodusport","https:\/\/x.com\/dicodusport","https:\/\/www.instagram.com\/dicodusport\/","https:\/\/www.youtube.com\/channel\/UC7V2KZ5sd3htJivAbA4ZG3w"],"description":"Dicodusport est l'encyclop\u00e9die de l'actualit\u00e9 sportive.","email":"bonjour@dicodusport.fr","legalName":"DICODUSPORT","foundingDate":"2018-01-14","vatID":"FR71834470973","taxID":"83447097300043","numberOfEmployees":{"@type":"QuantitativeValue","minValue":"1","maxValue":"10"}},{"@type":"Person","@id":"https:\/\/dicodusport.fr\/blog\/#\/schema\/person\/37def232098a7a5cbab3974a3690abb0","name":"Maxime Cazenave","image":{"@type":"ImageObject","inLanguage":"fr-FR","@id":"https:\/\/dicodusport.fr\/blog\/#\/schema\/person\/image\/","url":"https:\/\/dicodusport.fr\/blog\/wp-content\/uploads\/2021\/05\/Maxime-Cazenave-150x150.jpg","contentUrl":"https:\/\/dicodusport.fr\/blog\/wp-content\/uploads\/2021\/05\/Maxime-Cazenave-150x150.jpg","caption":"Maxime Cazenave"},"description":"Journaliste\/R\u00e9dacteur depuis 2012 - Berc\u00e9 par l\u2019amour des Girondins de Bordeaux, les \u00e9checs de Christophe Moreau sur le Tour de France sous l'\u00e8re Lance Armstrong et le fade-away l\u00e9tal de Dirk Nowitzki, ma passion d\u00e9vorante pour le sport a toujours \u00e9t\u00e9 un pan incontournable de ma vie. Transmettre ma passion \u00e0 l\u2019\u00e9crit a \u00e9t\u00e9 une transition naturelle. Suiveur assidu de basket et de hockey sur glace, je garde toujours un peu de place pour suivre le cyclisme, le football et le maximum de performances fran\u00e7aises.","sameAs":["https:\/\/x.com\/https:\/\/twitter.com\/Maxime_Caze"],"url":"https:\/\/dicodusport.fr\/blog\/author\/maximec\/"}]}},"_links":{"self":[{"href":"https:\/\/dicodusport.fr\/blog\/wp-json\/wp\/v2\/posts\/625738","targetHints":{"allow":["GET"]}}],"collection":[{"href":"https:\/\/dicodusport.fr\/blog\/wp-json\/wp\/v2\/posts"}],"about":[{"href":"https:\/\/dicodusport.fr\/blog\/wp-json\/wp\/v2\/types\/post"}],"author":[{"embeddable":true,"href":"https:\/\/dicodusport.fr\/blog\/wp-json\/wp\/v2\/users\/55"}],"replies":[{"embeddable":true,"href":"https:\/\/dicodusport.fr\/blog\/wp-json\/wp\/v2\/comments?post=625738"}],"version-history":[{"count":4,"href":"https:\/\/dicodusport.fr\/blog\/wp-json\/wp\/v2\/posts\/625738\/revisions"}],"predecessor-version":[{"id":625777,"href":"https:\/\/dicodusport.fr\/blog\/wp-json\/wp\/v2\/posts\/625738\/revisions\/625777"}],"wp:featuredmedia":[{"embeddable":true,"href":"https:\/\/dicodusport.fr\/blog\/wp-json\/wp\/v2\/media\/625773"}],"wp:attachment":[{"href":"https:\/\/dicodusport.fr\/blog\/wp-json\/wp\/v2\/media?parent=625738"}],"wp:term":[{"taxonomy":"category","embeddable":true,"href":"https:\/\/dicodusport.fr\/blog\/wp-json\/wp\/v2\/categories?post=625738"},{"taxonomy":"post_tag","embeddable":true,"href":"https:\/\/dicodusport.fr\/blog\/wp-json\/wp\/v2\/tags?post=625738"}],"curies":[{"name":"wp","href":"https:\/\/api.w.org\/{rel}","templated":true}]}}