{"id":6264,"date":"2017-11-01T14:02:33","date_gmt":"2017-11-01T13:02:33","guid":{"rendered":"http:\/\/dicodusport.fr\/blog\/?p=6264"},"modified":"2021-04-13T23:16:08","modified_gmt":"2021-04-13T21:16:08","slug":"le-placard-a-balais-5-la-coupe-du-monde-aura-pas-lieu-en-france","status":"publish","type":"post","link":"https:\/\/dicodusport.fr\/blog\/le-placard-a-balais-5-la-coupe-du-monde-aura-pas-lieu-en-france\/","title":{"rendered":"Le Placard \u00e0 Balais #5 : La Coupe du Monde n\u2019aura pas lieu (en France)"},"content":{"rendered":"<p style=\"text-align: justify;\">L\u2019annonce a \u00e9t\u00e9 relay\u00e9e par l\u2019International Quidditch Association (IQA) ce matin<sup>[1]<\/sup>. <strong>La Coupe du Monde 2018 aura lieu \u00e0 Florence (Italie), du\u00a027 juin au\u00a02 juillet.<\/strong> Le dossier port\u00e9 par l&rsquo;Italie\u00a0a tir\u00e9 son \u00e9pingle du jeu, face aux candidatures d\u00e9pos\u00e9es par les \u00c9tats-Unis, l&rsquo;Australie, la Belgique, le Royaume-Uni, la Turquie\u00a0et\u2026 la France !<\/p>\n<p style=\"text-align: justify;\">Laura et C\u00e9line, \u00e0 l&rsquo;initiative de\u00a0la candidature Fran\u00e7aise, ont accept\u00e9 de r\u00e9pondre \u00e0 mes\u00a0questions<sup>[2]<\/sup>.<\/p>\n<div id=\"attachment_6272\" style=\"width: 828px\" class=\"wp-caption alignnone\"><img loading=\"lazy\" decoding=\"async\" aria-describedby=\"caption-attachment-6272\" class=\"wp-image-6272 size-full\" src=\"http:\/\/dicodusport.fr\/blog\/wp-content\/uploads\/2017\/11\/Laura-Desquiens.jpg\" alt=\"Laura Desquiens\" width=\"818\" height=\"818\" srcset=\"https:\/\/dicodusport.fr\/blog\/wp-content\/uploads\/2017\/11\/Laura-Desquiens.jpg 818w, https:\/\/dicodusport.fr\/blog\/wp-content\/uploads\/2017\/11\/Laura-Desquiens-150x150.jpg 150w, https:\/\/dicodusport.fr\/blog\/wp-content\/uploads\/2017\/11\/Laura-Desquiens-300x300.jpg 300w, https:\/\/dicodusport.fr\/blog\/wp-content\/uploads\/2017\/11\/Laura-Desquiens-768x768.jpg 768w\" sizes=\"auto, (max-width: 818px) 100vw, 818px\" \/><p id=\"caption-attachment-6272\" class=\"wp-caption-text\">Laura, l&rsquo;une des plus anciennes joueuses de Lille, a amorc\u00e9 la candidature Fran\u00e7aise pour la Coupe du Monde de quidditch 2018.<\/p><\/div>\n<h5 style=\"text-align: justify;\"><b>Bonjour ! Merci pour vous \u00eatre rendues disponibles ! Pouvez-vous vous pr\u00e9senter rapidement ?<\/b><\/h5>\n<p style=\"text-align: justify;\"><b>Laura<\/b>: Je m\u2019appelle Laura, j&rsquo;ai 22 ans et je suis \u00e9tudiante en 3\u00e8me ann\u00e9e en Langues \u00c9trang\u00e8res Appliqu\u00e9es \u00e0 Lille. Je joue au quidditch depuis les d\u00e9buts de l\u2019\u00e9quipe de Lille, donc un peu plus de 5 ans. Le jeu en lui m\u00eame me plait \u00e9norm\u00e9ment, il est complet et j\u2019ai le sentiment d\u2019avoir trouv\u00e9 ma place dans un sport d\u2019\u00e9quipe. Je m&rsquo;\u00e9panouis dans cet univers et je m&rsquo;y sens vraiment tr\u00e8s bien.<\/p>\n<p style=\"text-align: justify;\"><b>C\u00e9line<\/b> : Moi c\u2019est C\u00e9line, j\u2019ai 21 ans et je suis \u00e9tudiante en premi\u00e8re ann\u00e9e de langue, litt\u00e9rature et culture \u00e9trang\u00e8re \u00e0 Lille. Je suis le quidditch depuis pas mal d\u2019ann\u00e9es mais j\u2019ai commenc\u00e9 \u00e0 jouer et m\u2019y investir pleinement depuis 1 an. J\u2019ai d\u00e9couvert le quidditch gr\u00e2ce \u00e0 Internet en 2013\/2014. J\u2019ai tout de suite accroch\u00e9, et mon but premier \u00e9tait de devenir arbitre. C\u2019est Laura qui m\u2019a fait sauter le pas, en me conseillant qu\u2019il est plus simple d\u2019arbitrer un match quand on a l\u2019exp\u00e9rience du jeu et, depuis, je joue avec l\u2019\u00e9quipe de Cambrai.<\/p>\n<h5 style=\"text-align: justify;\"><b>Pourquoi la France s&rsquo;est-elle propos\u00e9e d\u2019accueillir la Coupe du Monde 2018 ?<\/b><\/h5>\n<p style=\"text-align: justify;\"><b>C\u00e9line<\/b> : Depuis\u00a0le tournoi de la Violette<sup>[3]<\/sup>, la France n\u2019avait pas accueilli de grands tournois internationaux. Pourtant, elle a \u00e9t\u00e9 championne puis vice-championne d\u2019Europe<sup>[4]<\/sup>, et les Titans double champion d\u2019Europe des clubs<sup>[5]<\/sup>. Il est \u00e9vident que la France fait partie des nations europ\u00e9ennes majeures. C\u2019est pourquoi je pense que la France est pr\u00eate \u00e0 organiser un tournoi de grande envergure.<\/p>\n<p style=\"text-align: justify;\"><b>Laura<\/b> : On s\u2019\u00e9tait dit qu&rsquo;on n&rsquo;avait pas encore fait un aussi grand \u00e9v\u00e9nement en France, alors on s&rsquo;est lanc\u00e9 dans le projet. Mais c\u2019est surtout quand on a vu comment le quidditch allemand s\u2019\u00e9tait d\u00e9velopp\u00e9 apr\u00e8s la Coupe du Monde\u00a02016, qu\u2019on a voulu apporter cela en France, pour voir le quidditch fran\u00e7ais continuer \u00e0 grandir et se d\u00e9velopper.<\/p>\n<h5 style=\"text-align: justify;\"><b>Combien \u00eates-vous dans l\u2019\u00e9quipe qui a port\u00e9 cette candidature ? Comment vous \u00eates-vous r\u00e9parti les r\u00f4les ?<\/b><\/h5>\n<p style=\"text-align: justify;\"><b>C\u00e9line<\/b> : Nous sommes vraiment un petit groupe, Laura et moi \u00e9tions en t\u00eate du projet, on s&rsquo;est partag\u00e9 les t\u00e2ches avec 2-3 amis de l\u2019\u00e9quipe de Lille. Leur aide nous a permis d\u2019all\u00e9ger la charge de travail. En g\u00e9n\u00e9ral, les r\u00f4les ont \u00e9t\u00e9 r\u00e9partis selon les comp\u00e9tences de chacun. On a essay\u00e9 de les distribuer en fonction des affinit\u00e9s de chacun. Par exemple, C\u00e9line qui a \u00e9t\u00e9 r\u00e9ceptionniste dans un h\u00f4tel, s\u2019est occup\u00e9e des logements ou Rob, qui a \u00ab\u00a0la tchatche\u00a0\u00bb, des m\u00e9dias.<\/p>\n<h5 style=\"text-align: justify;\"><b>Quels ont \u00e9t\u00e9 vos principaux partenaires ?<\/b><\/h5>\n<p style=\"text-align: justify;\"><b>Laura<\/b> : Nous avons la chance d&rsquo;avoir la M\u00e9tropole Europ\u00e9enne Lilloise (MEL), qui nous a soutenus\u00a0d\u00e8s le d\u00e9but. La mairie de Villeneuve d&rsquo;Ascq s&rsquo;est montr\u00e9e aussi tr\u00e8s encourageante et s\u2019est impliqu\u00e9e dans le projet. La FQF a particip\u00e9 et nous a aid\u00e9 lors de la r\u00e9daction du dossier final, particuli\u00e8rement pour des questions d\u2019assurance et de budget.\u00a0Ces soutiens l\u00e0 ont \u00e9t\u00e9 importants pendant la construction du dossier.<\/p>\n<div id=\"attachment_6271\" style=\"width: 1344px\" class=\"wp-caption alignnone\"><img loading=\"lazy\" decoding=\"async\" aria-describedby=\"caption-attachment-6271\" class=\"wp-image-6271 size-full\" src=\"http:\/\/dicodusport.fr\/blog\/wp-content\/uploads\/2017\/11\/C\u00e9line-Sahbani.jpg\" alt=\"C\u00e9line Sahbani\" width=\"1334\" height=\"752\" srcset=\"https:\/\/dicodusport.fr\/blog\/wp-content\/uploads\/2017\/11\/C\u00e9line-Sahbani.jpg 1334w, https:\/\/dicodusport.fr\/blog\/wp-content\/uploads\/2017\/11\/C\u00e9line-Sahbani-300x169.jpg 300w, https:\/\/dicodusport.fr\/blog\/wp-content\/uploads\/2017\/11\/C\u00e9line-Sahbani-768x433.jpg 768w, https:\/\/dicodusport.fr\/blog\/wp-content\/uploads\/2017\/11\/C\u00e9line-Sahbani-1024x577.jpg 1024w\" sizes=\"auto, (max-width: 1334px) 100vw, 1334px\" \/><p id=\"caption-attachment-6271\" class=\"wp-caption-text\">\u00ab\u00a0Il est \u00e9vident que la France fait partie des nations europ\u00e9ennes majeures. Elle est pr\u00eate \u00e0 organiser un tournoi de grande envergure.\u00a0\u00bb C\u00e9line<\/p><\/div>\n<h5 style=\"text-align: justify;\"><b>Quels ont \u00e9t\u00e9 les principaux obstacles rencontr\u00e9s et comment y avez-vous fait face ?<\/b><\/h5>\n<p style=\"text-align: justify;\"><b>C\u00e9line<\/b> : Les diff\u00e9rents contacts : on attendait souvent les r\u00e9ponses et cela pouvait \u00eatre tr\u00e8s long parfois. Par mails comme par t\u00e9l\u00e9phone, on devait vraiment s&rsquo;accrocher. La motivation des personnes du groupe \u00e9tait appr\u00e9ciable, mais l\u2019absence de disponibilit\u00e9 dans les moments importants a \u00e9t\u00e9 compliqu\u00e9 \u00e0 g\u00e9rer.<\/p>\n<p style=\"text-align: justify;\"><b>Laura<\/b> : Je pense qu&rsquo;on a pris beaucoup sur nous. C&rsquo;est vrai que, des fois, c&rsquo;\u00e9tait vraiment d\u00e9motivant, mais on ne se l\u00e2chait pas avec le petit groupe, on a fait notre maximum possible. On a pers\u00e9v\u00e9r\u00e9. On a pris sur notre temps libre (et notre sommeil !) pour finaliser le tout.<\/p>\n<h5 style=\"text-align: justify;\"><b>Quels b\u00e9n\u00e9fices retirez-vous de cette aventure ? Qu\u2019est-ce que \u00e7a vous a apport\u00e9 \u00e0 titre personnel ?<\/b><\/h5>\n<p style=\"text-align: justify;\"><b>Laura<\/b> : L\u2019exp\u00e9rience de la gestion d\u2019un projet d\u2019une tel envergure, le relationnel avec les partenaires et surprise du chef : la d\u00e9couverte d\u2019une passion pour l\u2019organisation ! J\u2019ai par exemple r\u00e9ussi \u00e0 passer outre ma peur du t\u00e9l\u00e9phone gr\u00e2ce \u00e0 ce dossier, donc m\u00eame sans \u00eatre\u00a0retenus, je suis fi\u00e8re de nous et de notre travail malgr\u00e9 tout !<\/p>\n<p style=\"text-align: justify;\"><b>C\u00e9line<\/b> : J&rsquo;ai beaucoup appris durant ces 3 derniers mois gr\u00e2ce au dossier. Je me suis rendue compte que je suis une personne beaucoup plus d\u00e9termin\u00e9e que je ne le pensais au final. Surtout, j&rsquo;ai appris \u00e0 d\u00e9l\u00e9guer, \u00e0 faire confiance aux autres et \u00e0 travailler en \u00e9quipe. Je suis normalement du genre \u00e0 travailler seule, mais avec un projet de ce niveau, c\u2019\u00e9tait impossible.<\/p>\n<h5 style=\"text-align: justify;\"><b>Pr\u00e9voyez-vous de mener \u00e0 nouveau ce type de projets pour de futurs \u00e9v\u00e9nements quidditch, tels que la Coupe d\u2019Europe, les Jeux Europ\u00e9ens ou la Coupe du Monde 2020 ?<\/b><\/h5>\n<p style=\"text-align: justify;\"><b>Laura<\/b> : Alors, je pense que je vais procrastiner pendant 3 mois d&rsquo;abord puis apr\u00e8s j\u2019envisagerai.\u00a0Peut \u00eatre !<\/p>\n<p style=\"text-align: justify;\"><b>C\u00e9line<\/b> : Dans l\u2019imm\u00e9diat, je vais me concentrer sur le d\u00e9veloppement de mon \u00e9quipe de quidditch \u00e0 Cambrai, mais par la suite, pourquoi pas ? Qui sait, on proposera peut \u00eatre un dossier pour accueillir les Jeux Europ\u00e9ens 2019 ?<\/p>\n<p style=\"text-align: justify;\"><strong>Armand Cosseron<br \/>\n<\/strong><b><strong><a href=\"https:\/\/www.linkedin.com\/in\/armand-cosseron-92a45a62\/\" target=\"_blank\" rel=\"noopener noreferrer\"><img loading=\"lazy\" decoding=\"async\" class=\"alignnone wp-image-3711\" src=\"http:\/\/dicodusport.fr\/blog\/wp-content\/uploads\/2017\/08\/signature-linkedin-150x150.png\" alt=\"\" width=\"40\" height=\"40\" srcset=\"https:\/\/dicodusport.fr\/blog\/wp-content\/uploads\/2017\/08\/signature-linkedin-150x150.png 150w, https:\/\/dicodusport.fr\/blog\/wp-content\/uploads\/2017\/08\/signature-linkedin.png 295w\" sizes=\"auto, (max-width: 40px) 100vw, 40px\" \/><\/a><a style=\"color: #000000;\" href=\"https:\/\/twitter.com\/_ChArmand\" target=\"_blank\" rel=\"noopener noreferrer\"><img loading=\"lazy\" decoding=\"async\" class=\"alignnone wp-image-2908\" src=\"http:\/\/dicodusport.fr\/blog\/wp-content\/uploads\/2017\/07\/logo-twitter-150x150.png\" alt=\"\" width=\"39\" height=\"39\" \/><\/a><\/strong><\/b><\/p>\n<p style=\"text-align: justify;\"><span style=\"font-size: 14px;\"><strong>Sources :<\/strong><\/span><\/p>\n<p style=\"text-align: justify;\"><span style=\"font-size: 14px;\">[1]\u00a0Annonce effectu\u00e9e sur le <a href=\"http:\/\/iqasport.com\/news\/what-s-new\/99-2018-iqa-world-cup-to-be-hosted-by-florence-between-june-27-july-2-2018\">site de l&rsquo;<em>International Quidditch Asscociation<\/em><\/a><\/span><\/p>\n<p style=\"text-align: justify;\"><span style=\"font-size: 14px;\">[2] Cet entretien a \u00e9t\u00e9 effectu\u00e9 ind\u00e9pendamment du comit\u00e9\u00a0d&rsquo;\u00e9valuation des dossiers de candidature, dont votre humble serviteur faisait\u00a0parti.<\/span><\/p>\n<p style=\"text-align: justify;\"><span style=\"font-size: 14px;\">[3] Le <a href=\"https:\/\/www.facebook.com\/events\/509547392504155\/?acontext=%7B%22source%22%3A3%2C%22source_newsfeed_story_type%22%3A%22regular%22%2C%22action_history%22%3A%22[%7B%5C%22surface%5C%22%3A%5C%22newsfeed%5C%22%2C%5C%22mechanism%5C%22%3A%5C%22feed_story%5C%22%2C%5C%22extra_data%5C%22%3A[]%7D]%22%2C%22has_source%22%3Atrue%7D&amp;source=3&amp;source_newsfeed_story_type=regular&amp;action_history=[%7B%22surface%22%3A%22newsfeed%22%2C%22mechanism%22%3A%22feed_story%22%2C%22extra_data%22%3A[]%7D]&amp;has_source=1&amp;fref=nf\">Tournoi de la Violette<\/a> a \u00e9t\u00e9 organis\u00e9e par l&rsquo;\u00e9quipe de Toulouse en Janvier 2015.<\/span><\/p>\n<p style=\"text-align: justify;\"><span style=\"font-size: 14px;\">[4] La France a \u00e9t\u00e9 championne d&rsquo;Europe lors des Jeux Europ\u00e9ens 2015, puis a d\u00e9croch\u00e9 la deuxi\u00e8me place lors de l&rsquo;\u00e9dition suivante de 2017. Pour plus d&rsquo;informations, r\u00e9f\u00e9rez-vous \u00e0 <a href=\"https:\/\/dicodusport.fr\/blog\/placard-a-balais-2-france-chute-europe-progresse\/\">un pr\u00e9c\u00e9dent\u00a0article du Placard \u00c0 Balais<\/a>.<\/span><\/p>\n<p style=\"text-align: justify;\"><span style=\"font-size: 14px;\">[5] Les Titans Paris ont remport\u00e9 la Coupe d&rsquo;Europe des Clubs en 2015 et 2016. Reportez-vous au m\u00eame article qu&rsquo;en [4] pour plus d&rsquo;informations.<\/span><\/p>\n","protected":false},"excerpt":{"rendered":"<p>L\u2019annonce a \u00e9t\u00e9 relay\u00e9e par l\u2019International Quidditch Association (IQA) ce matin[1]. La Coupe du Monde 2018 aura lieu \u00e0 Florence (Italie), du\u00a027 juin au\u00a02 juillet. Le dossier port\u00e9 par l&rsquo;Italie\u00a0a tir\u00e9 son \u00e9pingle du jeu, face aux candidatures d\u00e9pos\u00e9es par les \u00c9tats-Unis, l&rsquo;Australie, la Belgique, le Royaume-Uni, la Turquie\u00a0et\u2026 la France ! Laura et C\u00e9line, [&hellip;]<\/p>\n","protected":false},"author":5,"featured_media":6284,"comment_status":"open","ping_status":"closed","sticky":false,"template":"","format":"standard","meta":{"_acf_changed":false,"_daextam_enable_autolinks":"","footnotes":""},"categories":[2,3296],"tags":[1530,814,1502,1246,605],"class_list":["post-6264","post","type-post","status-publish","format-standard","has-post-thumbnail","hentry","category-actualites","category-quidditch","tag-coupe-du-monde","tag-federation-du-quidditch-francais","tag-france-quidditch","tag-placard-balais-quidditch","tag-quidditch"],"acf":[],"yoast_head":"<!-- This site is optimized with the Yoast SEO Premium plugin v26.7 (Yoast SEO v26.7) - https:\/\/yoast.com\/wordpress\/plugins\/seo\/ -->\n<title>Le Placard \u00e0 Balais #5 : La Coupe du Monde n\u2019aura pas lieu (en France)<\/title>\n<meta name=\"robots\" content=\"index, follow, max-snippet:-1, max-image-preview:large, max-video-preview:-1\" \/>\n<link rel=\"canonical\" href=\"https:\/\/dicodusport.fr\/blog\/le-placard-a-balais-5-la-coupe-du-monde-aura-pas-lieu-en-france\/\" \/>\n<meta property=\"og:locale\" content=\"fr_FR\" \/>\n<meta property=\"og:type\" content=\"article\" \/>\n<meta property=\"og:title\" content=\"Le Placard \u00e0 Balais #5 : La Coupe du Monde n\u2019aura pas lieu (en France)\" \/>\n<meta property=\"og:description\" content=\"L\u2019annonce a \u00e9t\u00e9 relay\u00e9e par l\u2019International Quidditch Association (IQA) ce matin[1]. La Coupe du Monde 2018 aura lieu \u00e0 Florence (Italie), du\u00a027 juin au\u00a02 juillet. Le dossier port\u00e9 par l&rsquo;Italie\u00a0a tir\u00e9 son \u00e9pingle du jeu, face aux candidatures d\u00e9pos\u00e9es par les \u00c9tats-Unis, l&rsquo;Australie, la Belgique, le Royaume-Uni, la Turquie\u00a0et\u2026 la France ! Laura et C\u00e9line, [&hellip;]\" \/>\n<meta property=\"og:url\" content=\"https:\/\/dicodusport.fr\/blog\/le-placard-a-balais-5-la-coupe-du-monde-aura-pas-lieu-en-france\/\" \/>\n<meta property=\"og:site_name\" content=\"Dicodusport\" \/>\n<meta property=\"article:publisher\" content=\"https:\/\/www.facebook.com\/dicodusport\" \/>\n<meta property=\"article:published_time\" content=\"2017-11-01T13:02:33+00:00\" \/>\n<meta property=\"article:modified_time\" content=\"2021-04-13T21:16:08+00:00\" \/>\n<meta property=\"og:image\" content=\"https:\/\/dicodusport.fr\/blog\/wp-content\/uploads\/2017\/11\/Coupe-du-Monde-quidditch-2018.png\" \/>\n\t<meta property=\"og:image:width\" content=\"1200\" \/>\n\t<meta property=\"og:image:height\" content=\"670\" \/>\n\t<meta property=\"og:image:type\" content=\"image\/png\" \/>\n<meta name=\"author\" content=\"Armand\" \/>\n<meta name=\"twitter:card\" content=\"summary_large_image\" \/>\n<meta name=\"twitter:creator\" content=\"@dicodusport\" \/>\n<meta name=\"twitter:site\" content=\"@dicodusport\" \/>\n<script type=\"application\/ld+json\" class=\"yoast-schema-graph\">{\"@context\":\"https:\/\/schema.org\",\"@graph\":[{\"@type\":\"NewsArticle\",\"@id\":\"https:\/\/dicodusport.fr\/blog\/le-placard-a-balais-5-la-coupe-du-monde-aura-pas-lieu-en-france\/#article\",\"isPartOf\":{\"@id\":\"https:\/\/dicodusport.fr\/blog\/le-placard-a-balais-5-la-coupe-du-monde-aura-pas-lieu-en-france\/\"},\"author\":{\"name\":\"Armand\",\"@id\":\"https:\/\/dicodusport.fr\/blog\/#\/schema\/person\/4b6e7c89780247585d1e844a2a43e8ef\"},\"headline\":\"Le Placard \u00e0 Balais #5 : La Coupe du Monde n\u2019aura pas lieu (en France)\",\"datePublished\":\"2017-11-01T13:02:33+00:00\",\"dateModified\":\"2021-04-13T21:16:08+00:00\",\"mainEntityOfPage\":{\"@id\":\"https:\/\/dicodusport.fr\/blog\/le-placard-a-balais-5-la-coupe-du-monde-aura-pas-lieu-en-france\/\"},\"wordCount\":1200,\"commentCount\":0,\"publisher\":{\"@id\":\"https:\/\/dicodusport.fr\/blog\/#organization\"},\"image\":{\"@id\":\"https:\/\/dicodusport.fr\/blog\/le-placard-a-balais-5-la-coupe-du-monde-aura-pas-lieu-en-france\/#primaryimage\"},\"thumbnailUrl\":\"https:\/\/dicodusport.fr\/blog\/wp-content\/uploads\/2017\/11\/Coupe-du-Monde-quidditch-2018.png\",\"keywords\":[\"Coupe du monde\",\"F\u00e9d\u00e9ration du Quidditch Fran\u00e7ais\",\"France quidditch\",\"placard balais quidditch\",\"quidditch\"],\"articleSection\":[\"Actualit\u00e9s\",\"Quidditch\"],\"inLanguage\":\"fr-FR\",\"potentialAction\":[{\"@type\":\"CommentAction\",\"name\":\"Comment\",\"target\":[\"https:\/\/dicodusport.fr\/blog\/le-placard-a-balais-5-la-coupe-du-monde-aura-pas-lieu-en-france\/#respond\"]}],\"copyrightYear\":\"2017\",\"copyrightHolder\":{\"@id\":\"https:\/\/dicodusport.fr\/blog\/#organization\"}},{\"@type\":\"WebPage\",\"@id\":\"https:\/\/dicodusport.fr\/blog\/le-placard-a-balais-5-la-coupe-du-monde-aura-pas-lieu-en-france\/\",\"url\":\"https:\/\/dicodusport.fr\/blog\/le-placard-a-balais-5-la-coupe-du-monde-aura-pas-lieu-en-france\/\",\"name\":\"Le Placard \u00e0 Balais #5 : La Coupe du Monde n\u2019aura pas lieu (en France)\",\"isPartOf\":{\"@id\":\"https:\/\/dicodusport.fr\/blog\/#website\"},\"primaryImageOfPage\":{\"@id\":\"https:\/\/dicodusport.fr\/blog\/le-placard-a-balais-5-la-coupe-du-monde-aura-pas-lieu-en-france\/#primaryimage\"},\"image\":{\"@id\":\"https:\/\/dicodusport.fr\/blog\/le-placard-a-balais-5-la-coupe-du-monde-aura-pas-lieu-en-france\/#primaryimage\"},\"thumbnailUrl\":\"https:\/\/dicodusport.fr\/blog\/wp-content\/uploads\/2017\/11\/Coupe-du-Monde-quidditch-2018.png\",\"datePublished\":\"2017-11-01T13:02:33+00:00\",\"dateModified\":\"2021-04-13T21:16:08+00:00\",\"breadcrumb\":{\"@id\":\"https:\/\/dicodusport.fr\/blog\/le-placard-a-balais-5-la-coupe-du-monde-aura-pas-lieu-en-france\/#breadcrumb\"},\"inLanguage\":\"fr-FR\",\"potentialAction\":[{\"@type\":\"ReadAction\",\"target\":[\"https:\/\/dicodusport.fr\/blog\/le-placard-a-balais-5-la-coupe-du-monde-aura-pas-lieu-en-france\/\"]}]},{\"@type\":\"ImageObject\",\"inLanguage\":\"fr-FR\",\"@id\":\"https:\/\/dicodusport.fr\/blog\/le-placard-a-balais-5-la-coupe-du-monde-aura-pas-lieu-en-france\/#primaryimage\",\"url\":\"https:\/\/dicodusport.fr\/blog\/wp-content\/uploads\/2017\/11\/Coupe-du-Monde-quidditch-2018.png\",\"contentUrl\":\"https:\/\/dicodusport.fr\/blog\/wp-content\/uploads\/2017\/11\/Coupe-du-Monde-quidditch-2018.png\",\"width\":1200,\"height\":670,\"caption\":\"Coupe du Monde quidditch 2018\"},{\"@type\":\"BreadcrumbList\",\"@id\":\"https:\/\/dicodusport.fr\/blog\/le-placard-a-balais-5-la-coupe-du-monde-aura-pas-lieu-en-france\/#breadcrumb\",\"itemListElement\":[{\"@type\":\"ListItem\",\"position\":1,\"name\":\"Accueil\",\"item\":\"https:\/\/dicodusport.fr\/blog\/\"},{\"@type\":\"ListItem\",\"position\":2,\"name\":\"Le Placard \u00e0 Balais #5 : La Coupe du Monde n\u2019aura pas lieu (en France)\"}]},{\"@type\":\"WebSite\",\"@id\":\"https:\/\/dicodusport.fr\/blog\/#website\",\"url\":\"https:\/\/dicodusport.fr\/blog\/\",\"name\":\"Dicodusport\",\"description\":\"L&#039;encyclop\u00e9die de l&#039;actualit\u00e9 sportive\",\"publisher\":{\"@id\":\"https:\/\/dicodusport.fr\/blog\/#organization\"},\"potentialAction\":[{\"@type\":\"SearchAction\",\"target\":{\"@type\":\"EntryPoint\",\"urlTemplate\":\"https:\/\/dicodusport.fr\/blog\/?s={search_term_string}\"},\"query-input\":{\"@type\":\"PropertyValueSpecification\",\"valueRequired\":true,\"valueName\":\"search_term_string\"}}],\"inLanguage\":\"fr-FR\"},{\"@type\":\"NewsMediaOrganization\",\"@id\":\"https:\/\/dicodusport.fr\/blog\/#organization\",\"name\":\"Dicodusport\",\"url\":\"https:\/\/dicodusport.fr\/blog\/\",\"logo\":{\"@type\":\"ImageObject\",\"inLanguage\":\"fr-FR\",\"@id\":\"https:\/\/dicodusport.fr\/blog\/#\/schema\/logo\/image\/\",\"url\":\"https:\/\/dicodusport.fr\/blog\/wp-content\/uploads\/2020\/06\/cropped-LOGO-DICODUSPORT-2020-SANS-FOND-SANS-TEXTE.png\",\"contentUrl\":\"https:\/\/dicodusport.fr\/blog\/wp-content\/uploads\/2020\/06\/cropped-LOGO-DICODUSPORT-2020-SANS-FOND-SANS-TEXTE.png\",\"width\":512,\"height\":512,\"caption\":\"Dicodusport\"},\"image\":{\"@id\":\"https:\/\/dicodusport.fr\/blog\/#\/schema\/logo\/image\/\"},\"sameAs\":[\"https:\/\/www.facebook.com\/dicodusport\",\"https:\/\/x.com\/dicodusport\",\"https:\/\/www.instagram.com\/dicodusport\/\",\"https:\/\/www.youtube.com\/channel\/UC7V2KZ5sd3htJivAbA4ZG3w\"],\"description\":\"Dicodusport est l'encyclop\u00e9die de l'actualit\u00e9 sportive.\",\"email\":\"bonjour@dicodusport.fr\",\"legalName\":\"DICODUSPORT\",\"foundingDate\":\"2018-01-14\",\"vatID\":\"FR71834470973\",\"taxID\":\"83447097300043\",\"numberOfEmployees\":{\"@type\":\"QuantitativeValue\",\"minValue\":\"1\",\"maxValue\":\"10\"}},{\"@type\":\"Person\",\"@id\":\"https:\/\/dicodusport.fr\/blog\/#\/schema\/person\/4b6e7c89780247585d1e844a2a43e8ef\",\"name\":\"Armand\",\"image\":{\"@type\":\"ImageObject\",\"inLanguage\":\"fr-FR\",\"@id\":\"https:\/\/dicodusport.fr\/blog\/#\/schema\/person\/image\/\",\"url\":\"https:\/\/dicodusport.fr\/blog\/wp-content\/uploads\/2020\/06\/cropped-LOGO-DICODUSPORT-2020-SANS-FOND-SANS-TEXTE-150x150.png\",\"contentUrl\":\"https:\/\/dicodusport.fr\/blog\/wp-content\/uploads\/2020\/06\/cropped-LOGO-DICODUSPORT-2020-SANS-FOND-SANS-TEXTE-150x150.png\",\"caption\":\"Armand\"},\"url\":\"https:\/\/dicodusport.fr\/blog\/author\/armand\/\"}]}<\/script>\n<!-- \/ Yoast SEO Premium plugin. -->","yoast_head_json":{"title":"Le Placard \u00e0 Balais #5 : La Coupe du Monde n\u2019aura pas lieu (en France)","robots":{"index":"index","follow":"follow","max-snippet":"max-snippet:-1","max-image-preview":"max-image-preview:large","max-video-preview":"max-video-preview:-1"},"canonical":"https:\/\/dicodusport.fr\/blog\/le-placard-a-balais-5-la-coupe-du-monde-aura-pas-lieu-en-france\/","og_locale":"fr_FR","og_type":"article","og_title":"Le Placard \u00e0 Balais #5 : La Coupe du Monde n\u2019aura pas lieu (en France)","og_description":"L\u2019annonce a \u00e9t\u00e9 relay\u00e9e par l\u2019International Quidditch Association (IQA) ce matin[1]. La Coupe du Monde 2018 aura lieu \u00e0 Florence (Italie), du\u00a027 juin au\u00a02 juillet. Le dossier port\u00e9 par l&rsquo;Italie\u00a0a tir\u00e9 son \u00e9pingle du jeu, face aux candidatures d\u00e9pos\u00e9es par les \u00c9tats-Unis, l&rsquo;Australie, la Belgique, le Royaume-Uni, la Turquie\u00a0et\u2026 la France ! Laura et C\u00e9line, [&hellip;]","og_url":"https:\/\/dicodusport.fr\/blog\/le-placard-a-balais-5-la-coupe-du-monde-aura-pas-lieu-en-france\/","og_site_name":"Dicodusport","article_publisher":"https:\/\/www.facebook.com\/dicodusport","article_published_time":"2017-11-01T13:02:33+00:00","article_modified_time":"2021-04-13T21:16:08+00:00","og_image":[{"width":1200,"height":670,"url":"https:\/\/dicodusport.fr\/blog\/wp-content\/uploads\/2017\/11\/Coupe-du-Monde-quidditch-2018.png","type":"image\/png"}],"author":"Armand","twitter_card":"summary_large_image","twitter_creator":"@dicodusport","twitter_site":"@dicodusport","schema":{"@context":"https:\/\/schema.org","@graph":[{"@type":"NewsArticle","@id":"https:\/\/dicodusport.fr\/blog\/le-placard-a-balais-5-la-coupe-du-monde-aura-pas-lieu-en-france\/#article","isPartOf":{"@id":"https:\/\/dicodusport.fr\/blog\/le-placard-a-balais-5-la-coupe-du-monde-aura-pas-lieu-en-france\/"},"author":{"name":"Armand","@id":"https:\/\/dicodusport.fr\/blog\/#\/schema\/person\/4b6e7c89780247585d1e844a2a43e8ef"},"headline":"Le Placard \u00e0 Balais #5 : La Coupe du Monde n\u2019aura pas lieu (en France)","datePublished":"2017-11-01T13:02:33+00:00","dateModified":"2021-04-13T21:16:08+00:00","mainEntityOfPage":{"@id":"https:\/\/dicodusport.fr\/blog\/le-placard-a-balais-5-la-coupe-du-monde-aura-pas-lieu-en-france\/"},"wordCount":1200,"commentCount":0,"publisher":{"@id":"https:\/\/dicodusport.fr\/blog\/#organization"},"image":{"@id":"https:\/\/dicodusport.fr\/blog\/le-placard-a-balais-5-la-coupe-du-monde-aura-pas-lieu-en-france\/#primaryimage"},"thumbnailUrl":"https:\/\/dicodusport.fr\/blog\/wp-content\/uploads\/2017\/11\/Coupe-du-Monde-quidditch-2018.png","keywords":["Coupe du monde","F\u00e9d\u00e9ration du Quidditch Fran\u00e7ais","France quidditch","placard balais quidditch","quidditch"],"articleSection":["Actualit\u00e9s","Quidditch"],"inLanguage":"fr-FR","potentialAction":[{"@type":"CommentAction","name":"Comment","target":["https:\/\/dicodusport.fr\/blog\/le-placard-a-balais-5-la-coupe-du-monde-aura-pas-lieu-en-france\/#respond"]}],"copyrightYear":"2017","copyrightHolder":{"@id":"https:\/\/dicodusport.fr\/blog\/#organization"}},{"@type":"WebPage","@id":"https:\/\/dicodusport.fr\/blog\/le-placard-a-balais-5-la-coupe-du-monde-aura-pas-lieu-en-france\/","url":"https:\/\/dicodusport.fr\/blog\/le-placard-a-balais-5-la-coupe-du-monde-aura-pas-lieu-en-france\/","name":"Le Placard \u00e0 Balais #5 : La Coupe du Monde n\u2019aura pas lieu (en France)","isPartOf":{"@id":"https:\/\/dicodusport.fr\/blog\/#website"},"primaryImageOfPage":{"@id":"https:\/\/dicodusport.fr\/blog\/le-placard-a-balais-5-la-coupe-du-monde-aura-pas-lieu-en-france\/#primaryimage"},"image":{"@id":"https:\/\/dicodusport.fr\/blog\/le-placard-a-balais-5-la-coupe-du-monde-aura-pas-lieu-en-france\/#primaryimage"},"thumbnailUrl":"https:\/\/dicodusport.fr\/blog\/wp-content\/uploads\/2017\/11\/Coupe-du-Monde-quidditch-2018.png","datePublished":"2017-11-01T13:02:33+00:00","dateModified":"2021-04-13T21:16:08+00:00","breadcrumb":{"@id":"https:\/\/dicodusport.fr\/blog\/le-placard-a-balais-5-la-coupe-du-monde-aura-pas-lieu-en-france\/#breadcrumb"},"inLanguage":"fr-FR","potentialAction":[{"@type":"ReadAction","target":["https:\/\/dicodusport.fr\/blog\/le-placard-a-balais-5-la-coupe-du-monde-aura-pas-lieu-en-france\/"]}]},{"@type":"ImageObject","inLanguage":"fr-FR","@id":"https:\/\/dicodusport.fr\/blog\/le-placard-a-balais-5-la-coupe-du-monde-aura-pas-lieu-en-france\/#primaryimage","url":"https:\/\/dicodusport.fr\/blog\/wp-content\/uploads\/2017\/11\/Coupe-du-Monde-quidditch-2018.png","contentUrl":"https:\/\/dicodusport.fr\/blog\/wp-content\/uploads\/2017\/11\/Coupe-du-Monde-quidditch-2018.png","width":1200,"height":670,"caption":"Coupe du Monde quidditch 2018"},{"@type":"BreadcrumbList","@id":"https:\/\/dicodusport.fr\/blog\/le-placard-a-balais-5-la-coupe-du-monde-aura-pas-lieu-en-france\/#breadcrumb","itemListElement":[{"@type":"ListItem","position":1,"name":"Accueil","item":"https:\/\/dicodusport.fr\/blog\/"},{"@type":"ListItem","position":2,"name":"Le Placard \u00e0 Balais #5 : La Coupe du Monde n\u2019aura pas lieu (en France)"}]},{"@type":"WebSite","@id":"https:\/\/dicodusport.fr\/blog\/#website","url":"https:\/\/dicodusport.fr\/blog\/","name":"Dicodusport","description":"L&#039;encyclop\u00e9die de l&#039;actualit\u00e9 sportive","publisher":{"@id":"https:\/\/dicodusport.fr\/blog\/#organization"},"potentialAction":[{"@type":"SearchAction","target":{"@type":"EntryPoint","urlTemplate":"https:\/\/dicodusport.fr\/blog\/?s={search_term_string}"},"query-input":{"@type":"PropertyValueSpecification","valueRequired":true,"valueName":"search_term_string"}}],"inLanguage":"fr-FR"},{"@type":"NewsMediaOrganization","@id":"https:\/\/dicodusport.fr\/blog\/#organization","name":"Dicodusport","url":"https:\/\/dicodusport.fr\/blog\/","logo":{"@type":"ImageObject","inLanguage":"fr-FR","@id":"https:\/\/dicodusport.fr\/blog\/#\/schema\/logo\/image\/","url":"https:\/\/dicodusport.fr\/blog\/wp-content\/uploads\/2020\/06\/cropped-LOGO-DICODUSPORT-2020-SANS-FOND-SANS-TEXTE.png","contentUrl":"https:\/\/dicodusport.fr\/blog\/wp-content\/uploads\/2020\/06\/cropped-LOGO-DICODUSPORT-2020-SANS-FOND-SANS-TEXTE.png","width":512,"height":512,"caption":"Dicodusport"},"image":{"@id":"https:\/\/dicodusport.fr\/blog\/#\/schema\/logo\/image\/"},"sameAs":["https:\/\/www.facebook.com\/dicodusport","https:\/\/x.com\/dicodusport","https:\/\/www.instagram.com\/dicodusport\/","https:\/\/www.youtube.com\/channel\/UC7V2KZ5sd3htJivAbA4ZG3w"],"description":"Dicodusport est l'encyclop\u00e9die de l'actualit\u00e9 sportive.","email":"bonjour@dicodusport.fr","legalName":"DICODUSPORT","foundingDate":"2018-01-14","vatID":"FR71834470973","taxID":"83447097300043","numberOfEmployees":{"@type":"QuantitativeValue","minValue":"1","maxValue":"10"}},{"@type":"Person","@id":"https:\/\/dicodusport.fr\/blog\/#\/schema\/person\/4b6e7c89780247585d1e844a2a43e8ef","name":"Armand","image":{"@type":"ImageObject","inLanguage":"fr-FR","@id":"https:\/\/dicodusport.fr\/blog\/#\/schema\/person\/image\/","url":"https:\/\/dicodusport.fr\/blog\/wp-content\/uploads\/2020\/06\/cropped-LOGO-DICODUSPORT-2020-SANS-FOND-SANS-TEXTE-150x150.png","contentUrl":"https:\/\/dicodusport.fr\/blog\/wp-content\/uploads\/2020\/06\/cropped-LOGO-DICODUSPORT-2020-SANS-FOND-SANS-TEXTE-150x150.png","caption":"Armand"},"url":"https:\/\/dicodusport.fr\/blog\/author\/armand\/"}]}},"_links":{"self":[{"href":"https:\/\/dicodusport.fr\/blog\/wp-json\/wp\/v2\/posts\/6264","targetHints":{"allow":["GET"]}}],"collection":[{"href":"https:\/\/dicodusport.fr\/blog\/wp-json\/wp\/v2\/posts"}],"about":[{"href":"https:\/\/dicodusport.fr\/blog\/wp-json\/wp\/v2\/types\/post"}],"author":[{"embeddable":true,"href":"https:\/\/dicodusport.fr\/blog\/wp-json\/wp\/v2\/users\/5"}],"replies":[{"embeddable":true,"href":"https:\/\/dicodusport.fr\/blog\/wp-json\/wp\/v2\/comments?post=6264"}],"version-history":[{"count":0,"href":"https:\/\/dicodusport.fr\/blog\/wp-json\/wp\/v2\/posts\/6264\/revisions"}],"wp:featuredmedia":[{"embeddable":true,"href":"https:\/\/dicodusport.fr\/blog\/wp-json\/wp\/v2\/media\/6284"}],"wp:attachment":[{"href":"https:\/\/dicodusport.fr\/blog\/wp-json\/wp\/v2\/media?parent=6264"}],"wp:term":[{"taxonomy":"category","embeddable":true,"href":"https:\/\/dicodusport.fr\/blog\/wp-json\/wp\/v2\/categories?post=6264"},{"taxonomy":"post_tag","embeddable":true,"href":"https:\/\/dicodusport.fr\/blog\/wp-json\/wp\/v2\/tags?post=6264"}],"curies":[{"name":"wp","href":"https:\/\/api.w.org\/{rel}","templated":true}]}}