{"id":626415,"date":"2025-11-18T18:57:52","date_gmt":"2025-11-18T17:57:52","guid":{"rendered":"https:\/\/dicodusport.fr\/blog\/?p=626415&#038;preview=true&#038;preview_id=626415"},"modified":"2025-11-18T19:36:24","modified_gmt":"2025-11-18T18:36:24","slug":"coupe-davis-2025-corentin-moutet-se-saborde-lors-du-premier-match-contre-la-belgique","status":"publish","type":"post","link":"https:\/\/dicodusport.fr\/blog\/coupe-davis-2025-corentin-moutet-se-saborde-lors-du-premier-match-contre-la-belgique\/","title":{"rendered":"Coupe Davis 2025 : Corentin Moutet se saborde lors du premier match contre la Belgique"},"content":{"rendered":"<p style=\"text-align: justify;\"><em><strong>COUPE DAVIS 2025 &#8211; Contrat non rempli pour Corentin Moutet. En Italie, le Fran\u00e7ais avait pour mission de lancer id\u00e9alement les siens mais il s\u2019est sabord\u00e9 en fin de deuxi\u00e8me manche et n\u2019a pu rebondir dans la suivante. Rapha\u00ebl Collignon s\u2019impose 2-6, 7-5, 7-5 et apporte le premier point \u00e0 la Belgique.<\/strong><\/em><\/p>\n<ul style=\"text-align: justify;\">\n<li><strong>\u00c0 ce sujet &#8211; <a href=\"https:\/\/dicodusport.fr\/blog\/coupe-davis-2025-phase-finale-programme-scores-et-resultats\/\">Phase finale de Coupe Davis 2025 : Programme, scores et r\u00e9sultats<\/a><\/strong><\/li>\n<\/ul>\n<p style=\"text-align: justify;\">Un Final 8 de Coupe Davis, voil\u00e0 7 ans que les Bleus attendaient d\u2019y go\u00fbter \u00e0 nouveau. Et il fallait rapidement se mettre dedans pour les joueurs de <strong>Paul-Henri Mathieu<\/strong>, les quarts se jouant sur une seule journ\u00e9e et seulement deux matchs gagnants. Sans <strong>Ugo Humbert<\/strong> et <strong>Arthur Fils<\/strong>, touch\u00e9s au dos, c\u2019est <strong>Corentin Moutet<\/strong> qui avait la charge de lancer l\u2019\u00e9quipe de France dans un duel de n\u00b02 face \u00e0 <strong>Rapha\u00ebl Collignon<\/strong>.<\/p>\n<h2 style=\"text-align: justify;\">Un lancement id\u00e9al pour Corentin Moutet<\/h2>\n<p style=\"text-align: justify;\">Le coup d\u2019envoi quelque peu retard\u00e9 par un spectateur \u00ab\u00a0agit\u00e9\u00a0\u00bb, <strong>Corentin Moutet<\/strong> pouvait alors r\u00e9aliser le break d\u2019entr\u00e9e, bien aid\u00e9 par les deux double-fautes de <strong>Rapha\u00ebl<\/strong> <strong>Collignon<\/strong>. Un avantage confirm\u00e9 sans trembler (2-0). En d\u00e9licatesse au service sur sa premi\u00e8re balle, le Belge se faisait constamment punir derri\u00e8re la seconde. Gr\u00e2ce \u00e0 un retour d\u00e9cisif, le Fran\u00e7ais s\u2019octroyait une vol\u00e9e facile et alignait un 3<sup>\u00e8me<\/sup> jeu de rang. Puis un 4<sup>\u00e8me<\/sup>\u2026<\/p>\n<p style=\"text-align: justify;\">Trimbal\u00e9 de long, en large, en travers, pris par les variations de son adversaire, Collignon restait impuissant. Il lan\u00e7ait toutefois son compteur et lib\u00e9rait son bras avant d\u2019alerter le Fran\u00e7ais sur sa mise en jeu (0-30 puis 30-40). Mais le toucher de Moutet repoussait sans arr\u00eat le danger. Il en \u00e9tait de m\u00eame au moment de conclure le set (6-2).<\/p>\n<blockquote class=\"twitter-tweet\">\n<p dir=\"ltr\" lang=\"en\">Unbelievable angles \ud83d\ude31<\/p>\n<p>Nothing is getting past Moutet \u274c<a href=\"https:\/\/twitter.com\/hashtag\/DavisCup?src=hash&amp;ref_src=twsrc%5Etfw\">#DavisCup<\/a> <a href=\"https:\/\/t.co\/StYg70FCA4\">pic.twitter.com\/StYg70FCA4<\/a><\/p>\n<p>\u2014 Davis Cup (@DavisCup) <a href=\"https:\/\/twitter.com\/DavisCup\/status\/1990812052076531755?ref_src=twsrc%5Etfw\">November 18, 2025<\/a><\/p><\/blockquote>\n<p><script async src=\"https:\/\/platform.twitter.com\/widgets.js\" charset=\"utf-8\"><\/script><\/p>\n<h2 style=\"text-align: justify;\">P\u00e9ch\u00e9 de gourmandise<\/h2>\n<p style=\"text-align: justify;\">Collignon r\u00e9agissait d\u00e8s l\u2019entame de la 2<sup>\u00e8me<\/sup> manche, esp\u00e9rant ainsi inverser la dynamique. L\u2019espoir \u00e9tait cependant de courte dur\u00e9e, Moutet effa\u00e7ait le break tout juste conc\u00e9d\u00e9 avant d\u2019\u00e9galiser (2-2). Les d\u00e9bats s\u2019\u00e9quilibraient et les deux hommes se rendaient un long moment la politesse. Mais les mont\u00e9es au filet efficaces du Fran\u00e7ais et ses belles inspirations n\u2019en finissaient pas d\u2019\u00e9tourdir le Belge, qui devait s\u2019employer \u00e0 \u00e9carter une balle de break \u00e0 5-5. Chose faite avec la mani\u00e8re avant de s\u2019imaginer poursuivre dans un jeu d\u00e9cisif. Il n\u2019en sera rien.<\/p>\n<p style=\"text-align: justify;\">\u00c0 15-15 sur son engagement, Moutet envoyait ce qui apparaissait comme une vol\u00e9e gagnante dans le filet en tentant le coup entre les jambes. Le tournant du match. Car il offrait ensuite une double-faute et deux balles de set \u00e0 Collignon. Si la premi\u00e8re \u00e9tait miraculeusement sauv\u00e9e, la deuxi\u00e8me lui \u00e9tait fatale. Tout \u00e9tait \u00e0 refaire, mais on voyait le truc venir.<\/p>\n<blockquote class=\"twitter-tweet\">\n<p dir=\"ltr\" lang=\"en\">Moutet Davis Cup \ud83d\ude05 <a href=\"https:\/\/t.co\/I7nAsfQFfK\">pic.twitter.com\/I7nAsfQFfK<\/a><\/p>\n<p>\u2014 TennisGif (@gif_tennis) <a href=\"https:\/\/twitter.com\/gif_tennis\/status\/1990831093579170111?ref_src=twsrc%5Etfw\">November 18, 2025<\/a><\/p><\/blockquote>\n<p><script async src=\"https:\/\/platform.twitter.com\/widgets.js\" charset=\"utf-8\"><\/script><\/p>\n<h2 style=\"text-align: justify;\">L\u2019\u00e9quipe de France \u00e0 la tra\u00eene<\/h2>\n<p style=\"text-align: justify;\">Oublier cette action de la fin de set pr\u00e9c\u00e9dent pour se remettre les id\u00e9es au clair, telle \u00e9tait la rude t\u00e2che de Moutet dans le 3<sup>\u00e8me<\/sup> acte. Le Belge avait, lui, repris le momentum du match et manquait de peu le break pour mener 3-1. Mais il restait encore et toujours aux commandes et la frustration avait progressivement raison du Fran\u00e7ais. De plus en plus loin de sa ligne, le 35<sup>\u00e8me<\/sup> mondial devait repousser un nouvel avertissement afin de rester au contact, 4-4.<\/p>\n<p style=\"text-align: justify;\">Sous les missiles de Collignon, Moutet ne parvenait plus \u00e0 faire le moindre point sur les jeux de service adverses. Et l\u2019agacement avait finalement raison de lui, qui avait pourtant le sc\u00e9nario en main avant ce p\u00e9ch\u00e9 de gourmandise. Rapha\u00ebl Collignon s\u2019impose en trois manches et apporte le premier point \u00e0 la Belgique. \u00c0 <strong>Arthur Rinderknech<\/strong> \u00e0 pr\u00e9sent de remettre la maison bleue \u00e0 flot avant un potentiel double d\u00e9cisif.<\/p>\n<blockquote class=\"twitter-tweet\">\n<p dir=\"ltr\" lang=\"en\">Unbelievable resilience \ud83d\ude31\ud83d\udd25<\/p>\n<p>Raphael Collignon defeats Corentin Moutet 2-6 7-5 7-5 in the first match of the day \ud83c\udde7\ud83c\uddea<a href=\"https:\/\/twitter.com\/hashtag\/DavisCup?src=hash&amp;ref_src=twsrc%5Etfw\">#DavisCup<\/a> <a href=\"https:\/\/t.co\/bVuq7RFtWq\">pic.twitter.com\/bVuq7RFtWq<\/a><\/p>\n<p>\u2014 Davis Cup (@DavisCup) <a href=\"https:\/\/twitter.com\/DavisCup\/status\/1990842454946287796?ref_src=twsrc%5Etfw\">November 18, 2025<\/a><\/p><\/blockquote>\n<p><script async src=\"https:\/\/platform.twitter.com\/widgets.js\" charset=\"utf-8\"><\/script><\/p>\n<div id=\"gtx-trans\" style=\"position: absolute; left: -14px; top: 40.9091px;\">\n<div class=\"gtx-trans-icon\" style=\"text-align: justify;\"><\/div>\n<\/div>\n","protected":false},"excerpt":{"rendered":"<p>COUPE DAVIS 2025 &#8211; Corentin Moutet avait id\u00e9alement d\u00e9but\u00e9 sa mission contre Rapha\u00ebl Collignon mais il s&rsquo;incline en trois manches.<\/p>\n","protected":false},"author":18,"featured_media":626472,"comment_status":"open","ping_status":"closed","sticky":false,"template":"","format":"standard","meta":{"_acf_changed":false,"_daextam_enable_autolinks":"1","footnotes":""},"categories":[2302],"tags":[373,16878,2540,30],"class_list":["post-626415","post","type-post","status-publish","format-standard","has-post-thumbnail","hentry","category-tennis","tag-belgique","tag-breve","tag-coupe-davis","tag-france"],"acf":[],"yoast_head":"<!-- This site is optimized with the Yoast SEO Premium plugin v26.7 (Yoast SEO v26.7) - https:\/\/yoast.com\/wordpress\/plugins\/seo\/ -->\n<title>Coupe Davis 2025 : Corentin Moutet se saborde lors du premier match contre la Belgique<\/title>\n<meta name=\"description\" content=\"COUPE DAVIS 2025 - Corentin Moutet avait id\u00e9alement d\u00e9but\u00e9 sa mission contre Rapha\u00ebl Collignon mais il s&#039;incline en trois manches.\" \/>\n<meta name=\"robots\" content=\"index, follow, max-snippet:-1, max-image-preview:large, max-video-preview:-1\" \/>\n<link rel=\"canonical\" href=\"https:\/\/dicodusport.fr\/blog\/coupe-davis-2025-corentin-moutet-se-saborde-lors-du-premier-match-contre-la-belgique\/\" \/>\n<meta property=\"og:locale\" content=\"fr_FR\" \/>\n<meta property=\"og:type\" content=\"article\" \/>\n<meta property=\"og:title\" content=\"Coupe Davis 2025 : Corentin Moutet se saborde lors du premier match contre la Belgique\" \/>\n<meta property=\"og:description\" content=\"COUPE DAVIS 2025 - Corentin Moutet avait id\u00e9alement d\u00e9but\u00e9 sa mission contre Rapha\u00ebl Collignon mais il s&#039;incline en trois manches.\" \/>\n<meta property=\"og:url\" content=\"https:\/\/dicodusport.fr\/blog\/coupe-davis-2025-corentin-moutet-se-saborde-lors-du-premier-match-contre-la-belgique\/\" \/>\n<meta property=\"og:site_name\" content=\"Dicodusport\" \/>\n<meta property=\"article:publisher\" content=\"https:\/\/www.facebook.com\/dicodusport\" \/>\n<meta property=\"article:author\" content=\"https:\/\/www.facebook.com\/soocube\" \/>\n<meta property=\"article:published_time\" content=\"2025-11-18T17:57:52+00:00\" \/>\n<meta property=\"article:modified_time\" content=\"2025-11-18T18:36:24+00:00\" \/>\n<meta property=\"og:image\" content=\"https:\/\/dicodusport.fr\/blog\/wp-content\/uploads\/2025\/11\/Coupe-Davis-2025-Corentin-Moutet-se-saborde-lors-du-premier-match-contre-la-Belgique.png\" \/>\n\t<meta property=\"og:image:width\" content=\"1200\" \/>\n\t<meta property=\"og:image:height\" content=\"674\" \/>\n\t<meta property=\"og:image:type\" content=\"image\/png\" \/>\n<meta name=\"author\" content=\"Sophie Clapier\" \/>\n<meta name=\"twitter:card\" content=\"summary_large_image\" \/>\n<meta name=\"twitter:title\" content=\"Coupe Davis 2025 : Corentin Moutet se saborde lors du premier match contre la Belgique\" \/>\n<meta name=\"twitter:creator\" content=\"@https:\/\/twitter.com\/soocube\" \/>\n<meta name=\"twitter:site\" content=\"@dicodusport\" \/>\n<script type=\"application\/ld+json\" class=\"yoast-schema-graph\">{\"@context\":\"https:\/\/schema.org\",\"@graph\":[{\"@type\":\"NewsArticle\",\"@id\":\"https:\/\/dicodusport.fr\/blog\/coupe-davis-2025-corentin-moutet-se-saborde-lors-du-premier-match-contre-la-belgique\/#article\",\"isPartOf\":{\"@id\":\"https:\/\/dicodusport.fr\/blog\/coupe-davis-2025-corentin-moutet-se-saborde-lors-du-premier-match-contre-la-belgique\/\"},\"author\":{\"name\":\"Sophie Clapier\",\"@id\":\"https:\/\/dicodusport.fr\/blog\/#\/schema\/person\/416c975648aca9da8839bdfe333a21c9\"},\"headline\":\"Coupe Davis 2025 : Corentin Moutet se saborde lors du premier match contre la Belgique\",\"datePublished\":\"2025-11-18T17:57:52+00:00\",\"dateModified\":\"2025-11-18T18:36:24+00:00\",\"mainEntityOfPage\":{\"@id\":\"https:\/\/dicodusport.fr\/blog\/coupe-davis-2025-corentin-moutet-se-saborde-lors-du-premier-match-contre-la-belgique\/\"},\"wordCount\":712,\"commentCount\":0,\"publisher\":{\"@id\":\"https:\/\/dicodusport.fr\/blog\/#organization\"},\"image\":{\"@id\":\"https:\/\/dicodusport.fr\/blog\/coupe-davis-2025-corentin-moutet-se-saborde-lors-du-premier-match-contre-la-belgique\/#primaryimage\"},\"thumbnailUrl\":\"https:\/\/dicodusport.fr\/blog\/wp-content\/uploads\/2025\/11\/Coupe-Davis-2025-Corentin-Moutet-se-saborde-lors-du-premier-match-contre-la-Belgique.png\",\"keywords\":[\"Belgique\",\"br\u00e8ve\",\"Coupe Davis\",\"France\"],\"articleSection\":[\"Tennis\"],\"inLanguage\":\"fr-FR\",\"potentialAction\":[{\"@type\":\"CommentAction\",\"name\":\"Comment\",\"target\":[\"https:\/\/dicodusport.fr\/blog\/coupe-davis-2025-corentin-moutet-se-saborde-lors-du-premier-match-contre-la-belgique\/#respond\"]}],\"copyrightYear\":\"2025\",\"copyrightHolder\":{\"@id\":\"https:\/\/dicodusport.fr\/blog\/#organization\"}},{\"@type\":\"WebPage\",\"@id\":\"https:\/\/dicodusport.fr\/blog\/coupe-davis-2025-corentin-moutet-se-saborde-lors-du-premier-match-contre-la-belgique\/\",\"url\":\"https:\/\/dicodusport.fr\/blog\/coupe-davis-2025-corentin-moutet-se-saborde-lors-du-premier-match-contre-la-belgique\/\",\"name\":\"Coupe Davis 2025 : Corentin Moutet se saborde lors du premier match contre la Belgique\",\"isPartOf\":{\"@id\":\"https:\/\/dicodusport.fr\/blog\/#website\"},\"primaryImageOfPage\":{\"@id\":\"https:\/\/dicodusport.fr\/blog\/coupe-davis-2025-corentin-moutet-se-saborde-lors-du-premier-match-contre-la-belgique\/#primaryimage\"},\"image\":{\"@id\":\"https:\/\/dicodusport.fr\/blog\/coupe-davis-2025-corentin-moutet-se-saborde-lors-du-premier-match-contre-la-belgique\/#primaryimage\"},\"thumbnailUrl\":\"https:\/\/dicodusport.fr\/blog\/wp-content\/uploads\/2025\/11\/Coupe-Davis-2025-Corentin-Moutet-se-saborde-lors-du-premier-match-contre-la-Belgique.png\",\"datePublished\":\"2025-11-18T17:57:52+00:00\",\"dateModified\":\"2025-11-18T18:36:24+00:00\",\"description\":\"COUPE DAVIS 2025 - Corentin Moutet avait id\u00e9alement d\u00e9but\u00e9 sa mission contre Rapha\u00ebl Collignon mais il s'incline en trois manches.\",\"breadcrumb\":{\"@id\":\"https:\/\/dicodusport.fr\/blog\/coupe-davis-2025-corentin-moutet-se-saborde-lors-du-premier-match-contre-la-belgique\/#breadcrumb\"},\"inLanguage\":\"fr-FR\",\"potentialAction\":[{\"@type\":\"ReadAction\",\"target\":[\"https:\/\/dicodusport.fr\/blog\/coupe-davis-2025-corentin-moutet-se-saborde-lors-du-premier-match-contre-la-belgique\/\"]}]},{\"@type\":\"ImageObject\",\"inLanguage\":\"fr-FR\",\"@id\":\"https:\/\/dicodusport.fr\/blog\/coupe-davis-2025-corentin-moutet-se-saborde-lors-du-premier-match-contre-la-belgique\/#primaryimage\",\"url\":\"https:\/\/dicodusport.fr\/blog\/wp-content\/uploads\/2025\/11\/Coupe-Davis-2025-Corentin-Moutet-se-saborde-lors-du-premier-match-contre-la-Belgique.png\",\"contentUrl\":\"https:\/\/dicodusport.fr\/blog\/wp-content\/uploads\/2025\/11\/Coupe-Davis-2025-Corentin-Moutet-se-saborde-lors-du-premier-match-contre-la-Belgique.png\",\"width\":1200,\"height\":674,\"caption\":\"Coupe Davis 2025 Corentin Moutet se saborde lors du premier match contre la Belgique\"},{\"@type\":\"BreadcrumbList\",\"@id\":\"https:\/\/dicodusport.fr\/blog\/coupe-davis-2025-corentin-moutet-se-saborde-lors-du-premier-match-contre-la-belgique\/#breadcrumb\",\"itemListElement\":[{\"@type\":\"ListItem\",\"position\":1,\"name\":\"Accueil\",\"item\":\"https:\/\/dicodusport.fr\/blog\/\"},{\"@type\":\"ListItem\",\"position\":2,\"name\":\"Coupe Davis 2025 : Corentin Moutet se saborde lors du premier match contre la Belgique\"}]},{\"@type\":\"WebSite\",\"@id\":\"https:\/\/dicodusport.fr\/blog\/#website\",\"url\":\"https:\/\/dicodusport.fr\/blog\/\",\"name\":\"Dicodusport\",\"description\":\"L&#039;encyclop\u00e9die de l&#039;actualit\u00e9 sportive\",\"publisher\":{\"@id\":\"https:\/\/dicodusport.fr\/blog\/#organization\"},\"potentialAction\":[{\"@type\":\"SearchAction\",\"target\":{\"@type\":\"EntryPoint\",\"urlTemplate\":\"https:\/\/dicodusport.fr\/blog\/?s={search_term_string}\"},\"query-input\":{\"@type\":\"PropertyValueSpecification\",\"valueRequired\":true,\"valueName\":\"search_term_string\"}}],\"inLanguage\":\"fr-FR\"},{\"@type\":\"NewsMediaOrganization\",\"@id\":\"https:\/\/dicodusport.fr\/blog\/#organization\",\"name\":\"Dicodusport\",\"url\":\"https:\/\/dicodusport.fr\/blog\/\",\"logo\":{\"@type\":\"ImageObject\",\"inLanguage\":\"fr-FR\",\"@id\":\"https:\/\/dicodusport.fr\/blog\/#\/schema\/logo\/image\/\",\"url\":\"https:\/\/dicodusport.fr\/blog\/wp-content\/uploads\/2020\/06\/cropped-LOGO-DICODUSPORT-2020-SANS-FOND-SANS-TEXTE.png\",\"contentUrl\":\"https:\/\/dicodusport.fr\/blog\/wp-content\/uploads\/2020\/06\/cropped-LOGO-DICODUSPORT-2020-SANS-FOND-SANS-TEXTE.png\",\"width\":512,\"height\":512,\"caption\":\"Dicodusport\"},\"image\":{\"@id\":\"https:\/\/dicodusport.fr\/blog\/#\/schema\/logo\/image\/\"},\"sameAs\":[\"https:\/\/www.facebook.com\/dicodusport\",\"https:\/\/x.com\/dicodusport\",\"https:\/\/www.instagram.com\/dicodusport\/\",\"https:\/\/www.youtube.com\/channel\/UC7V2KZ5sd3htJivAbA4ZG3w\"],\"description\":\"Dicodusport est l'encyclop\u00e9die de l'actualit\u00e9 sportive.\",\"email\":\"bonjour@dicodusport.fr\",\"legalName\":\"DICODUSPORT\",\"foundingDate\":\"2018-01-14\",\"vatID\":\"FR71834470973\",\"taxID\":\"83447097300043\",\"numberOfEmployees\":{\"@type\":\"QuantitativeValue\",\"minValue\":\"1\",\"maxValue\":\"10\"}},{\"@type\":\"Person\",\"@id\":\"https:\/\/dicodusport.fr\/blog\/#\/schema\/person\/416c975648aca9da8839bdfe333a21c9\",\"name\":\"Sophie Clapier\",\"image\":{\"@type\":\"ImageObject\",\"inLanguage\":\"fr-FR\",\"@id\":\"https:\/\/dicodusport.fr\/blog\/#\/schema\/person\/image\/\",\"url\":\"https:\/\/dicodusport.fr\/blog\/wp-content\/uploads\/2021\/05\/Sophie-Clapier-150x150.jpg\",\"contentUrl\":\"https:\/\/dicodusport.fr\/blog\/wp-content\/uploads\/2021\/05\/Sophie-Clapier-150x150.jpg\",\"caption\":\"Sophie Clapier\"},\"description\":\"Journaliste\/r\u00e9dactrice depuis janvier 2016 - Passionn\u00e9e de sport depuis toujours, j\u2019en ai pratiqu\u00e9 quelques-uns. Judo, football, handball ou encore tennis, je n\u2019ai jamais pu me mettre d\u2019accord sur un en particulier. Mais \u00e7a, c\u2019\u00e9tait avant de d\u00e9couvrir le basket, devenu mon sport de pr\u00e9dilection. Les actions NBA, le All-Star Week-end, la fureur des Game 7 pendant les playoffs ou mieux, lors des Finals, this is why we play. Team Spurs T.P, je m\u2019accroche encore \u00e0 Gregg Popovich (don\u2019t leave !). Team chef Curry, je souhaite qu\u2019il finisse aux Warriors (staaaay !). Non, il n\u2019y a pas qu\u2019eux, des petits nouveaux -et des petites nouvelles \u00e9videmment- arrivent chaque jour dans toutes les disciplines et cr\u00e9ent de nouveaux exploits. Alors pour les grands \u00e9v\u00e9nements et comp\u00e9titions internationales, vive les pulsations 240\/minutes et le d\u00e9fibrillateur pas loin, et allez les Bleu(e)s ! C\u2019est s\u00fbr, j\u2019aurai plus vu ma vie sur un terrain de sport, mais \u00e0 d\u00e9faut d\u2019en faire en haut niveau, je le partage avec vous.\",\"sameAs\":[\"https:\/\/www.facebook.com\/soocube\",\"https:\/\/x.com\/https:\/\/twitter.com\/soocube\",\"admin\"],\"url\":\"https:\/\/dicodusport.fr\/blog\/author\/sophie\/\"}]}<\/script>\n<!-- \/ Yoast SEO Premium plugin. -->","yoast_head_json":{"title":"Coupe Davis 2025 : Corentin Moutet se saborde lors du premier match contre la Belgique","description":"COUPE DAVIS 2025 - Corentin Moutet avait id\u00e9alement d\u00e9but\u00e9 sa mission contre Rapha\u00ebl Collignon mais il s'incline en trois manches.","robots":{"index":"index","follow":"follow","max-snippet":"max-snippet:-1","max-image-preview":"max-image-preview:large","max-video-preview":"max-video-preview:-1"},"canonical":"https:\/\/dicodusport.fr\/blog\/coupe-davis-2025-corentin-moutet-se-saborde-lors-du-premier-match-contre-la-belgique\/","og_locale":"fr_FR","og_type":"article","og_title":"Coupe Davis 2025 : Corentin Moutet se saborde lors du premier match contre la Belgique","og_description":"COUPE DAVIS 2025 - Corentin Moutet avait id\u00e9alement d\u00e9but\u00e9 sa mission contre Rapha\u00ebl Collignon mais il s'incline en trois manches.","og_url":"https:\/\/dicodusport.fr\/blog\/coupe-davis-2025-corentin-moutet-se-saborde-lors-du-premier-match-contre-la-belgique\/","og_site_name":"Dicodusport","article_publisher":"https:\/\/www.facebook.com\/dicodusport","article_author":"https:\/\/www.facebook.com\/soocube","article_published_time":"2025-11-18T17:57:52+00:00","article_modified_time":"2025-11-18T18:36:24+00:00","og_image":[{"width":1200,"height":674,"url":"https:\/\/dicodusport.fr\/blog\/wp-content\/uploads\/2025\/11\/Coupe-Davis-2025-Corentin-Moutet-se-saborde-lors-du-premier-match-contre-la-Belgique.png","type":"image\/png"}],"author":"Sophie Clapier","twitter_card":"summary_large_image","twitter_title":"Coupe Davis 2025 : Corentin Moutet se saborde lors du premier match contre la Belgique","twitter_creator":"@https:\/\/twitter.com\/soocube","twitter_site":"@dicodusport","schema":{"@context":"https:\/\/schema.org","@graph":[{"@type":"NewsArticle","@id":"https:\/\/dicodusport.fr\/blog\/coupe-davis-2025-corentin-moutet-se-saborde-lors-du-premier-match-contre-la-belgique\/#article","isPartOf":{"@id":"https:\/\/dicodusport.fr\/blog\/coupe-davis-2025-corentin-moutet-se-saborde-lors-du-premier-match-contre-la-belgique\/"},"author":{"name":"Sophie Clapier","@id":"https:\/\/dicodusport.fr\/blog\/#\/schema\/person\/416c975648aca9da8839bdfe333a21c9"},"headline":"Coupe Davis 2025 : Corentin Moutet se saborde lors du premier match contre la Belgique","datePublished":"2025-11-18T17:57:52+00:00","dateModified":"2025-11-18T18:36:24+00:00","mainEntityOfPage":{"@id":"https:\/\/dicodusport.fr\/blog\/coupe-davis-2025-corentin-moutet-se-saborde-lors-du-premier-match-contre-la-belgique\/"},"wordCount":712,"commentCount":0,"publisher":{"@id":"https:\/\/dicodusport.fr\/blog\/#organization"},"image":{"@id":"https:\/\/dicodusport.fr\/blog\/coupe-davis-2025-corentin-moutet-se-saborde-lors-du-premier-match-contre-la-belgique\/#primaryimage"},"thumbnailUrl":"https:\/\/dicodusport.fr\/blog\/wp-content\/uploads\/2025\/11\/Coupe-Davis-2025-Corentin-Moutet-se-saborde-lors-du-premier-match-contre-la-Belgique.png","keywords":["Belgique","br\u00e8ve","Coupe Davis","France"],"articleSection":["Tennis"],"inLanguage":"fr-FR","potentialAction":[{"@type":"CommentAction","name":"Comment","target":["https:\/\/dicodusport.fr\/blog\/coupe-davis-2025-corentin-moutet-se-saborde-lors-du-premier-match-contre-la-belgique\/#respond"]}],"copyrightYear":"2025","copyrightHolder":{"@id":"https:\/\/dicodusport.fr\/blog\/#organization"}},{"@type":"WebPage","@id":"https:\/\/dicodusport.fr\/blog\/coupe-davis-2025-corentin-moutet-se-saborde-lors-du-premier-match-contre-la-belgique\/","url":"https:\/\/dicodusport.fr\/blog\/coupe-davis-2025-corentin-moutet-se-saborde-lors-du-premier-match-contre-la-belgique\/","name":"Coupe Davis 2025 : Corentin Moutet se saborde lors du premier match contre la Belgique","isPartOf":{"@id":"https:\/\/dicodusport.fr\/blog\/#website"},"primaryImageOfPage":{"@id":"https:\/\/dicodusport.fr\/blog\/coupe-davis-2025-corentin-moutet-se-saborde-lors-du-premier-match-contre-la-belgique\/#primaryimage"},"image":{"@id":"https:\/\/dicodusport.fr\/blog\/coupe-davis-2025-corentin-moutet-se-saborde-lors-du-premier-match-contre-la-belgique\/#primaryimage"},"thumbnailUrl":"https:\/\/dicodusport.fr\/blog\/wp-content\/uploads\/2025\/11\/Coupe-Davis-2025-Corentin-Moutet-se-saborde-lors-du-premier-match-contre-la-Belgique.png","datePublished":"2025-11-18T17:57:52+00:00","dateModified":"2025-11-18T18:36:24+00:00","description":"COUPE DAVIS 2025 - Corentin Moutet avait id\u00e9alement d\u00e9but\u00e9 sa mission contre Rapha\u00ebl Collignon mais il s'incline en trois manches.","breadcrumb":{"@id":"https:\/\/dicodusport.fr\/blog\/coupe-davis-2025-corentin-moutet-se-saborde-lors-du-premier-match-contre-la-belgique\/#breadcrumb"},"inLanguage":"fr-FR","potentialAction":[{"@type":"ReadAction","target":["https:\/\/dicodusport.fr\/blog\/coupe-davis-2025-corentin-moutet-se-saborde-lors-du-premier-match-contre-la-belgique\/"]}]},{"@type":"ImageObject","inLanguage":"fr-FR","@id":"https:\/\/dicodusport.fr\/blog\/coupe-davis-2025-corentin-moutet-se-saborde-lors-du-premier-match-contre-la-belgique\/#primaryimage","url":"https:\/\/dicodusport.fr\/blog\/wp-content\/uploads\/2025\/11\/Coupe-Davis-2025-Corentin-Moutet-se-saborde-lors-du-premier-match-contre-la-Belgique.png","contentUrl":"https:\/\/dicodusport.fr\/blog\/wp-content\/uploads\/2025\/11\/Coupe-Davis-2025-Corentin-Moutet-se-saborde-lors-du-premier-match-contre-la-Belgique.png","width":1200,"height":674,"caption":"Coupe Davis 2025 Corentin Moutet se saborde lors du premier match contre la Belgique"},{"@type":"BreadcrumbList","@id":"https:\/\/dicodusport.fr\/blog\/coupe-davis-2025-corentin-moutet-se-saborde-lors-du-premier-match-contre-la-belgique\/#breadcrumb","itemListElement":[{"@type":"ListItem","position":1,"name":"Accueil","item":"https:\/\/dicodusport.fr\/blog\/"},{"@type":"ListItem","position":2,"name":"Coupe Davis 2025 : Corentin Moutet se saborde lors du premier match contre la Belgique"}]},{"@type":"WebSite","@id":"https:\/\/dicodusport.fr\/blog\/#website","url":"https:\/\/dicodusport.fr\/blog\/","name":"Dicodusport","description":"L&#039;encyclop\u00e9die de l&#039;actualit\u00e9 sportive","publisher":{"@id":"https:\/\/dicodusport.fr\/blog\/#organization"},"potentialAction":[{"@type":"SearchAction","target":{"@type":"EntryPoint","urlTemplate":"https:\/\/dicodusport.fr\/blog\/?s={search_term_string}"},"query-input":{"@type":"PropertyValueSpecification","valueRequired":true,"valueName":"search_term_string"}}],"inLanguage":"fr-FR"},{"@type":"NewsMediaOrganization","@id":"https:\/\/dicodusport.fr\/blog\/#organization","name":"Dicodusport","url":"https:\/\/dicodusport.fr\/blog\/","logo":{"@type":"ImageObject","inLanguage":"fr-FR","@id":"https:\/\/dicodusport.fr\/blog\/#\/schema\/logo\/image\/","url":"https:\/\/dicodusport.fr\/blog\/wp-content\/uploads\/2020\/06\/cropped-LOGO-DICODUSPORT-2020-SANS-FOND-SANS-TEXTE.png","contentUrl":"https:\/\/dicodusport.fr\/blog\/wp-content\/uploads\/2020\/06\/cropped-LOGO-DICODUSPORT-2020-SANS-FOND-SANS-TEXTE.png","width":512,"height":512,"caption":"Dicodusport"},"image":{"@id":"https:\/\/dicodusport.fr\/blog\/#\/schema\/logo\/image\/"},"sameAs":["https:\/\/www.facebook.com\/dicodusport","https:\/\/x.com\/dicodusport","https:\/\/www.instagram.com\/dicodusport\/","https:\/\/www.youtube.com\/channel\/UC7V2KZ5sd3htJivAbA4ZG3w"],"description":"Dicodusport est l'encyclop\u00e9die de l'actualit\u00e9 sportive.","email":"bonjour@dicodusport.fr","legalName":"DICODUSPORT","foundingDate":"2018-01-14","vatID":"FR71834470973","taxID":"83447097300043","numberOfEmployees":{"@type":"QuantitativeValue","minValue":"1","maxValue":"10"}},{"@type":"Person","@id":"https:\/\/dicodusport.fr\/blog\/#\/schema\/person\/416c975648aca9da8839bdfe333a21c9","name":"Sophie Clapier","image":{"@type":"ImageObject","inLanguage":"fr-FR","@id":"https:\/\/dicodusport.fr\/blog\/#\/schema\/person\/image\/","url":"https:\/\/dicodusport.fr\/blog\/wp-content\/uploads\/2021\/05\/Sophie-Clapier-150x150.jpg","contentUrl":"https:\/\/dicodusport.fr\/blog\/wp-content\/uploads\/2021\/05\/Sophie-Clapier-150x150.jpg","caption":"Sophie Clapier"},"description":"Journaliste\/r\u00e9dactrice depuis janvier 2016 - Passionn\u00e9e de sport depuis toujours, j\u2019en ai pratiqu\u00e9 quelques-uns. Judo, football, handball ou encore tennis, je n\u2019ai jamais pu me mettre d\u2019accord sur un en particulier. Mais \u00e7a, c\u2019\u00e9tait avant de d\u00e9couvrir le basket, devenu mon sport de pr\u00e9dilection. Les actions NBA, le All-Star Week-end, la fureur des Game 7 pendant les playoffs ou mieux, lors des Finals, this is why we play. Team Spurs T.P, je m\u2019accroche encore \u00e0 Gregg Popovich (don\u2019t leave !). Team chef Curry, je souhaite qu\u2019il finisse aux Warriors (staaaay !). Non, il n\u2019y a pas qu\u2019eux, des petits nouveaux -et des petites nouvelles \u00e9videmment- arrivent chaque jour dans toutes les disciplines et cr\u00e9ent de nouveaux exploits. Alors pour les grands \u00e9v\u00e9nements et comp\u00e9titions internationales, vive les pulsations 240\/minutes et le d\u00e9fibrillateur pas loin, et allez les Bleu(e)s ! C\u2019est s\u00fbr, j\u2019aurai plus vu ma vie sur un terrain de sport, mais \u00e0 d\u00e9faut d\u2019en faire en haut niveau, je le partage avec vous.","sameAs":["https:\/\/www.facebook.com\/soocube","https:\/\/x.com\/https:\/\/twitter.com\/soocube","admin"],"url":"https:\/\/dicodusport.fr\/blog\/author\/sophie\/"}]}},"_links":{"self":[{"href":"https:\/\/dicodusport.fr\/blog\/wp-json\/wp\/v2\/posts\/626415","targetHints":{"allow":["GET"]}}],"collection":[{"href":"https:\/\/dicodusport.fr\/blog\/wp-json\/wp\/v2\/posts"}],"about":[{"href":"https:\/\/dicodusport.fr\/blog\/wp-json\/wp\/v2\/types\/post"}],"author":[{"embeddable":true,"href":"https:\/\/dicodusport.fr\/blog\/wp-json\/wp\/v2\/users\/18"}],"replies":[{"embeddable":true,"href":"https:\/\/dicodusport.fr\/blog\/wp-json\/wp\/v2\/comments?post=626415"}],"version-history":[{"count":5,"href":"https:\/\/dicodusport.fr\/blog\/wp-json\/wp\/v2\/posts\/626415\/revisions"}],"predecessor-version":[{"id":626493,"href":"https:\/\/dicodusport.fr\/blog\/wp-json\/wp\/v2\/posts\/626415\/revisions\/626493"}],"wp:featuredmedia":[{"embeddable":true,"href":"https:\/\/dicodusport.fr\/blog\/wp-json\/wp\/v2\/media\/626472"}],"wp:attachment":[{"href":"https:\/\/dicodusport.fr\/blog\/wp-json\/wp\/v2\/media?parent=626415"}],"wp:term":[{"taxonomy":"category","embeddable":true,"href":"https:\/\/dicodusport.fr\/blog\/wp-json\/wp\/v2\/categories?post=626415"},{"taxonomy":"post_tag","embeddable":true,"href":"https:\/\/dicodusport.fr\/blog\/wp-json\/wp\/v2\/tags?post=626415"}],"curies":[{"name":"wp","href":"https:\/\/api.w.org\/{rel}","templated":true}]}}