{"id":626568,"date":"2025-11-19T15:19:01","date_gmt":"2025-11-19T14:19:01","guid":{"rendered":"https:\/\/dicodusport.fr\/blog\/?p=626568&#038;preview=true&#038;preview_id=626568"},"modified":"2025-11-19T18:48:51","modified_gmt":"2025-11-19T17:48:51","slug":"transferts-ubb-louis-mary-va-signer-en-pro-d2","status":"publish","type":"post","link":"https:\/\/dicodusport.fr\/blog\/transferts-ubb-louis-mary-va-signer-en-pro-d2\/","title":{"rendered":"Transferts UBB : Louis Mary va signer en Pro D2"},"content":{"rendered":"<p style=\"text-align: justify;\"><strong><em>TRANSFERTS \u2013 Selon le <a href=\"https:\/\/www.rugbyrama.fr\/2025\/11\/19\/transferts-top-14-ubb-le-pilier-louis-mary-vers-un-pret-a-grenoble-13061125.php\">Midi Olympique<\/a>, Louis Mary (Union Bordeaux-B\u00e8gles) va \u00eatre pr\u00eat\u00e9 \u00e0 Grenoble jusqu&rsquo;\u00e0 la fin de la saison.<\/em><\/strong><\/p>\n<ul style=\"text-align: justify;\">\n<li style=\"text-align: justify;\"><strong>\u00c0 ce sujet &#8211; <a href=\"https:\/\/dicodusport.fr\/blog\/transferts-adrien-seguret-va-quitter-castres-pour-un-cador-de-top-14\/\">Transferts : Adrien S\u00e9guret va quitter Castres pour un cador de Top 14<\/a><\/strong><\/li>\n<\/ul>\n<p style=\"text-align: justify;\">Le <strong>FC Grenoble<\/strong> vit un d\u00e9but de saison compliqu\u00e9 et ne pointe qu&rsquo;au neuvi\u00e8me rang de Pro D2. Jeff Dubois, nomm\u00e9 entra\u00eeneur d\u00e9but octobre apr\u00e8s l&rsquo;\u00e9viction de <strong>Nicolas Nadau<\/strong>, tente de redresser la barre. Si les <strong>Is\u00e9rois<\/strong> assurent \u00e0 domicile depuis sa prise de fonction, ils restent en difficult\u00e9 \u00e0 l\u2019ext\u00e9rieur, avec des d\u00e9faites r\u00e9centes <a href=\"https:\/\/dicodusport.fr\/blog\/pro-d2-2025-2026-j11-vannes-croque-grenoble-et-recupere-le-trone-de-leader\/\">face \u00e0 <strong>Vannes<\/strong><\/a> et <strong>Soyaux-Angoul\u00eame<\/strong>.<\/p>\n<ul style=\"text-align: justify;\">\n<li style=\"text-align: justify;\"><strong>\u00c0 ce sujet \u2014 <a href=\"https:\/\/dicodusport.fr\/blog\/classement-top-14-2025-2026-mis-a-jour\/\">Classement Top 14 2025-2026 mis \u00e0 jour<\/a><\/strong><\/li>\n<\/ul>\n<h2 style=\"text-align: justify;\">Louis Mary vers Grenoble<\/h2>\n<p style=\"text-align: justify;\">Ces derni\u00e8res semaines, le <strong>FC Grenoble<\/strong> s&rsquo;est activ\u00e9 pour recruter un pilier gauche, afin de compenser les blessures de longue dur\u00e9e de <strong>Tommy Raynaud<\/strong> et <strong>Eli Eglaine<\/strong>. <strong>Jeff Dubois<\/strong> a puis\u00e9 dans son r\u00e9seau et semble avoir trouv\u00e9 la solution avec un joueur qu\u2019il a c\u00f4toy\u00e9 plusieurs saisons du c\u00f4t\u00e9 de Dax : <strong>Louis Mary<\/strong>.<\/p>\n<ul>\n<li style=\"text-align: justify;\"><strong>\u00c0 ce sujet \u2014 <a href=\"https:\/\/dicodusport.fr\/blog\/transferts-rugby-adrien-seguret-michael-alaalatoa-ubb-les-infos-du-mercredi-19-novembre\/\">Transferts Rugby : Adrien S\u00e9guret, Michael Alaalatoa, UBB, les infos du mercredi 19 novembre<\/a><\/strong><\/li>\n<\/ul>\n<p style=\"text-align: justify;\">Arriv\u00e9 \u00e0 l\u2019<strong>UBB<\/strong> il y a quelques mois, <strong>Louis Mary<\/strong> a montr\u00e9 des choses int\u00e9ressantes, mais fait face \u00e0 une forte concurrence \u00e0 son poste. Le jeune pilier gauche serait donc favorable \u00e0 un pr\u00eat pour retrouver davantage de temps de jeu. L\u2019<strong>Union Bordeaux-B\u00e8gles<\/strong> et <strong>Grenoble<\/strong> finalisent actuellement les modalit\u00e9s d\u2019un pr\u00eat jusqu\u2019\u00e0 la fin de la saison.<\/p>\n<h3 style=\"text-align: justify;\">\u00c0 lire aussi<\/h3>\n<div class=\"vlp-link-container vlp-layout-article\"><a href=\"https:\/\/dicodusport.fr\/blog\/transferts-michael-alaalatoa-quitte-clermont-avec-effet-immediat\/\" class=\"vlp-link\" title=\"Transferts : Michael Alaalatoa quitte Clermont avec effet imm\u00e9diat\"><\/a><div class=\"vlp-layout-zone-side\"><div class=\"vlp-block-4 vlp-link-image\"><img loading=\"lazy\" decoding=\"async\" style=\"max-width: 792px;\" width=\"792\" height=\"445\" src=\"https:\/\/dicodusport.fr\/blog\/wp-content\/uploads\/2025\/11\/Transferts-Michael-Alaalatoa-quitte-Clermont-avec-effet-immediat.png\" class=\"attachment-800x445 size-800x445\" alt=\"Transferts Michael Alaalatoa quitte Clermont avec effet imm\u00e9diat\" srcset=\"https:\/\/dicodusport.fr\/blog\/wp-content\/uploads\/2025\/11\/Transferts-Michael-Alaalatoa-quitte-Clermont-avec-effet-immediat.png 1200w, https:\/\/dicodusport.fr\/blog\/wp-content\/uploads\/2025\/11\/Transferts-Michael-Alaalatoa-quitte-Clermont-avec-effet-immediat-300x169.png 300w, https:\/\/dicodusport.fr\/blog\/wp-content\/uploads\/2025\/11\/Transferts-Michael-Alaalatoa-quitte-Clermont-avec-effet-immediat-1024x575.png 1024w, https:\/\/dicodusport.fr\/blog\/wp-content\/uploads\/2025\/11\/Transferts-Michael-Alaalatoa-quitte-Clermont-avec-effet-immediat-768x431.png 768w\" sizes=\"auto, (max-width: 792px) 100vw, 792px\" \/><\/div><\/div><div class=\"vlp-layout-zone-main\"><div class=\"vlp-block-0 vlp-link-title\">Transferts : Michael Alaalatoa quitte Clermont avec effet imm\u00e9diat<\/div><div class=\"vlp-block-1 vlp-link-summary\">TRANSFERTS RUGBY - Michael Alaalatoa quitte l'ASM Clermont avec effet imm\u00e9diat, pour s'engager avec les Irlandais du Munster.<\/div><div class=\"vlp-block-2 vlp-link-button\">Lire l'article<\/div><div class=\"vlp-block-3 vlp-link-url\">dicodusport.fr<\/div><\/div><\/div>\n<div id=\"gtx-trans\" style=\"position: absolute; left: 31px; top: 404.727px;\">\n<div class=\"gtx-trans-icon\"><\/div>\n<\/div>\n","protected":false},"excerpt":{"rendered":"<p>TRANSFERTS \u2013 Selon le Midi Olympique, Louis Mary (Union Bordeaux-B\u00e8gles) va \u00eatre pr\u00eat\u00e9 \u00e0 Grenoble jusqu&rsquo;\u00e0 la fin de la saison.<\/p>\n","protected":false},"author":1,"featured_media":626572,"comment_status":"open","ping_status":"closed","sticky":false,"template":"","format":"standard","meta":{"_acf_changed":false,"_daextam_enable_autolinks":"1","footnotes":""},"categories":[47050],"tags":[16878,111,29105,1567,1568],"class_list":["post-626568","post","type-post","status-publish","format-standard","has-post-thumbnail","hentry","category-top-14","tag-breve","tag-top-14","tag-transferts-rugby","tag-ubb","tag-union-bordeaux-begles"],"acf":[],"yoast_head":"<!-- This site is optimized with the Yoast SEO Premium plugin v26.7 (Yoast SEO v26.7) - https:\/\/yoast.com\/wordpress\/plugins\/seo\/ -->\n<title>Transferts UBB : Louis Mary va signer en Pro D2<\/title>\n<meta name=\"description\" content=\"TRANSFERTS \u2013 Selon le Midi Olympique, Louis Mary (Union Bordeaux-B\u00e8gles) va \u00eatre pr\u00eat\u00e9 \u00e0 Grenoble jusqu&#039;\u00e0 la fin de la saison.\" \/>\n<meta name=\"robots\" content=\"index, follow, max-snippet:-1, max-image-preview:large, max-video-preview:-1\" \/>\n<link rel=\"canonical\" href=\"https:\/\/dicodusport.fr\/blog\/transferts-ubb-louis-mary-va-signer-en-pro-d2\/\" \/>\n<meta property=\"og:locale\" content=\"fr_FR\" \/>\n<meta property=\"og:type\" content=\"article\" \/>\n<meta property=\"og:title\" content=\"Transferts UBB : Louis Mary va signer en Pro D2\" \/>\n<meta property=\"og:description\" content=\"TRANSFERTS \u2013 Selon le Midi Olympique, Louis Mary (Union Bordeaux-B\u00e8gles) va \u00eatre pr\u00eat\u00e9 \u00e0 Grenoble jusqu&#039;\u00e0 la fin de la saison.\" \/>\n<meta property=\"og:url\" content=\"https:\/\/dicodusport.fr\/blog\/transferts-ubb-louis-mary-va-signer-en-pro-d2\/\" \/>\n<meta property=\"og:site_name\" content=\"Dicodusport\" \/>\n<meta property=\"article:publisher\" content=\"https:\/\/www.facebook.com\/dicodusport\" \/>\n<meta property=\"article:author\" content=\"https:\/\/www.facebook.com\/dicodusport\" \/>\n<meta property=\"article:published_time\" content=\"2025-11-19T14:19:01+00:00\" \/>\n<meta property=\"article:modified_time\" content=\"2025-11-19T17:48:51+00:00\" \/>\n<meta property=\"og:image\" content=\"https:\/\/dicodusport.fr\/blog\/wp-content\/uploads\/2025\/11\/Transferts-UBB-Louis-Mary-signe-en-Pro-D2.png\" \/>\n\t<meta property=\"og:image:width\" content=\"1200\" \/>\n\t<meta property=\"og:image:height\" content=\"674\" \/>\n\t<meta property=\"og:image:type\" content=\"image\/png\" \/>\n<meta name=\"author\" content=\"Nicolas Jacquemard\" \/>\n<meta name=\"twitter:card\" content=\"summary_large_image\" \/>\n<meta name=\"twitter:title\" content=\"Transferts UBB : Louis Mary va signer en Pro D2\" \/>\n<meta name=\"twitter:creator\" content=\"@https:\/\/twitter.com\/Nico_Jacquemard\" \/>\n<meta name=\"twitter:site\" content=\"@dicodusport\" \/>\n<script type=\"application\/ld+json\" class=\"yoast-schema-graph\">{\"@context\":\"https:\/\/schema.org\",\"@graph\":[{\"@type\":\"NewsArticle\",\"@id\":\"https:\/\/dicodusport.fr\/blog\/transferts-ubb-louis-mary-va-signer-en-pro-d2\/#article\",\"isPartOf\":{\"@id\":\"https:\/\/dicodusport.fr\/blog\/transferts-ubb-louis-mary-va-signer-en-pro-d2\/\"},\"author\":{\"name\":\"Nicolas Jacquemard\",\"@id\":\"https:\/\/dicodusport.fr\/blog\/#\/schema\/person\/55dcb50ad410894e431ed812bbb70191\"},\"headline\":\"Transferts UBB : Louis Mary va signer en Pro D2\",\"datePublished\":\"2025-11-19T14:19:01+00:00\",\"dateModified\":\"2025-11-19T17:48:51+00:00\",\"mainEntityOfPage\":{\"@id\":\"https:\/\/dicodusport.fr\/blog\/transferts-ubb-louis-mary-va-signer-en-pro-d2\/\"},\"wordCount\":338,\"commentCount\":0,\"publisher\":{\"@id\":\"https:\/\/dicodusport.fr\/blog\/#organization\"},\"image\":{\"@id\":\"https:\/\/dicodusport.fr\/blog\/transferts-ubb-louis-mary-va-signer-en-pro-d2\/#primaryimage\"},\"thumbnailUrl\":\"https:\/\/dicodusport.fr\/blog\/wp-content\/uploads\/2025\/11\/Transferts-UBB-Louis-Mary-signe-en-Pro-D2.png\",\"keywords\":[\"br\u00e8ve\",\"Top 14\",\"Transferts rugby\",\"UBB\",\"Union Bordeaux-B\u00e8gles\"],\"articleSection\":[\"Top 14\"],\"inLanguage\":\"fr-FR\",\"potentialAction\":[{\"@type\":\"CommentAction\",\"name\":\"Comment\",\"target\":[\"https:\/\/dicodusport.fr\/blog\/transferts-ubb-louis-mary-va-signer-en-pro-d2\/#respond\"]}],\"copyrightYear\":\"2025\",\"copyrightHolder\":{\"@id\":\"https:\/\/dicodusport.fr\/blog\/#organization\"}},{\"@type\":\"WebPage\",\"@id\":\"https:\/\/dicodusport.fr\/blog\/transferts-ubb-louis-mary-va-signer-en-pro-d2\/\",\"url\":\"https:\/\/dicodusport.fr\/blog\/transferts-ubb-louis-mary-va-signer-en-pro-d2\/\",\"name\":\"Transferts UBB : Louis Mary va signer en Pro D2\",\"isPartOf\":{\"@id\":\"https:\/\/dicodusport.fr\/blog\/#website\"},\"primaryImageOfPage\":{\"@id\":\"https:\/\/dicodusport.fr\/blog\/transferts-ubb-louis-mary-va-signer-en-pro-d2\/#primaryimage\"},\"image\":{\"@id\":\"https:\/\/dicodusport.fr\/blog\/transferts-ubb-louis-mary-va-signer-en-pro-d2\/#primaryimage\"},\"thumbnailUrl\":\"https:\/\/dicodusport.fr\/blog\/wp-content\/uploads\/2025\/11\/Transferts-UBB-Louis-Mary-signe-en-Pro-D2.png\",\"datePublished\":\"2025-11-19T14:19:01+00:00\",\"dateModified\":\"2025-11-19T17:48:51+00:00\",\"description\":\"TRANSFERTS \u2013 Selon le Midi Olympique, Louis Mary (Union Bordeaux-B\u00e8gles) va \u00eatre pr\u00eat\u00e9 \u00e0 Grenoble jusqu'\u00e0 la fin de la saison.\",\"breadcrumb\":{\"@id\":\"https:\/\/dicodusport.fr\/blog\/transferts-ubb-louis-mary-va-signer-en-pro-d2\/#breadcrumb\"},\"inLanguage\":\"fr-FR\",\"potentialAction\":[{\"@type\":\"ReadAction\",\"target\":[\"https:\/\/dicodusport.fr\/blog\/transferts-ubb-louis-mary-va-signer-en-pro-d2\/\"]}]},{\"@type\":\"ImageObject\",\"inLanguage\":\"fr-FR\",\"@id\":\"https:\/\/dicodusport.fr\/blog\/transferts-ubb-louis-mary-va-signer-en-pro-d2\/#primaryimage\",\"url\":\"https:\/\/dicodusport.fr\/blog\/wp-content\/uploads\/2025\/11\/Transferts-UBB-Louis-Mary-signe-en-Pro-D2.png\",\"contentUrl\":\"https:\/\/dicodusport.fr\/blog\/wp-content\/uploads\/2025\/11\/Transferts-UBB-Louis-Mary-signe-en-Pro-D2.png\",\"width\":1200,\"height\":674},{\"@type\":\"BreadcrumbList\",\"@id\":\"https:\/\/dicodusport.fr\/blog\/transferts-ubb-louis-mary-va-signer-en-pro-d2\/#breadcrumb\",\"itemListElement\":[{\"@type\":\"ListItem\",\"position\":1,\"name\":\"Accueil\",\"item\":\"https:\/\/dicodusport.fr\/blog\/\"},{\"@type\":\"ListItem\",\"position\":2,\"name\":\"Transferts UBB : Louis Mary va signer en Pro D2\"}]},{\"@type\":\"WebSite\",\"@id\":\"https:\/\/dicodusport.fr\/blog\/#website\",\"url\":\"https:\/\/dicodusport.fr\/blog\/\",\"name\":\"Dicodusport\",\"description\":\"L&#039;encyclop\u00e9die de l&#039;actualit\u00e9 sportive\",\"publisher\":{\"@id\":\"https:\/\/dicodusport.fr\/blog\/#organization\"},\"potentialAction\":[{\"@type\":\"SearchAction\",\"target\":{\"@type\":\"EntryPoint\",\"urlTemplate\":\"https:\/\/dicodusport.fr\/blog\/?s={search_term_string}\"},\"query-input\":{\"@type\":\"PropertyValueSpecification\",\"valueRequired\":true,\"valueName\":\"search_term_string\"}}],\"inLanguage\":\"fr-FR\"},{\"@type\":\"NewsMediaOrganization\",\"@id\":\"https:\/\/dicodusport.fr\/blog\/#organization\",\"name\":\"Dicodusport\",\"url\":\"https:\/\/dicodusport.fr\/blog\/\",\"logo\":{\"@type\":\"ImageObject\",\"inLanguage\":\"fr-FR\",\"@id\":\"https:\/\/dicodusport.fr\/blog\/#\/schema\/logo\/image\/\",\"url\":\"https:\/\/dicodusport.fr\/blog\/wp-content\/uploads\/2020\/06\/cropped-LOGO-DICODUSPORT-2020-SANS-FOND-SANS-TEXTE.png\",\"contentUrl\":\"https:\/\/dicodusport.fr\/blog\/wp-content\/uploads\/2020\/06\/cropped-LOGO-DICODUSPORT-2020-SANS-FOND-SANS-TEXTE.png\",\"width\":512,\"height\":512,\"caption\":\"Dicodusport\"},\"image\":{\"@id\":\"https:\/\/dicodusport.fr\/blog\/#\/schema\/logo\/image\/\"},\"sameAs\":[\"https:\/\/www.facebook.com\/dicodusport\",\"https:\/\/x.com\/dicodusport\",\"https:\/\/www.instagram.com\/dicodusport\/\",\"https:\/\/www.youtube.com\/channel\/UC7V2KZ5sd3htJivAbA4ZG3w\"],\"description\":\"Dicodusport est l'encyclop\u00e9die de l'actualit\u00e9 sportive.\",\"email\":\"bonjour@dicodusport.fr\",\"legalName\":\"DICODUSPORT\",\"foundingDate\":\"2018-01-14\",\"vatID\":\"FR71834470973\",\"taxID\":\"83447097300043\",\"numberOfEmployees\":{\"@type\":\"QuantitativeValue\",\"minValue\":\"1\",\"maxValue\":\"10\"}},{\"@type\":\"Person\",\"@id\":\"https:\/\/dicodusport.fr\/blog\/#\/schema\/person\/55dcb50ad410894e431ed812bbb70191\",\"name\":\"Nicolas Jacquemard\",\"image\":{\"@type\":\"ImageObject\",\"inLanguage\":\"fr-FR\",\"@id\":\"https:\/\/dicodusport.fr\/blog\/#\/schema\/person\/image\/\",\"url\":\"https:\/\/dicodusport.fr\/blog\/wp-content\/uploads\/2021\/05\/Nicolas-Jacquemard-150x150.jpeg\",\"contentUrl\":\"https:\/\/dicodusport.fr\/blog\/wp-content\/uploads\/2021\/05\/Nicolas-Jacquemard-150x150.jpeg\",\"caption\":\"Nicolas Jacquemard\"},\"description\":\"Passionn\u00e9 de sport et entrepreneur depuis mes 18 ans, la cr\u00e9ation de Dicodusport m'a sembl\u00e9 \u00e9vidente pour participer \u00e0 la m\u00e9diatisation d'un plus grand nombre de sports. Le chemin est long mais avec une \u00e9quipe des plus motiv\u00e9es et les Jeux Olympiques de Paris 2024 en point de mire, nous y arriverons ! Journaliste dans le monde du sport depuis plus de 5 ans, je traite aussi bien de football, de rugby, de biathlon que de cyclisme.\",\"sameAs\":[\"https:\/\/www.facebook.com\/dicodusport\",\"https:\/\/x.com\/https:\/\/twitter.com\/Nico_Jacquemard\"],\"url\":\"https:\/\/dicodusport.fr\/blog\/author\/dicodusport\/\"}]}<\/script>\n<!-- \/ Yoast SEO Premium plugin. -->","yoast_head_json":{"title":"Transferts UBB : Louis Mary va signer en Pro D2","description":"TRANSFERTS \u2013 Selon le Midi Olympique, Louis Mary (Union Bordeaux-B\u00e8gles) va \u00eatre pr\u00eat\u00e9 \u00e0 Grenoble jusqu'\u00e0 la fin de la saison.","robots":{"index":"index","follow":"follow","max-snippet":"max-snippet:-1","max-image-preview":"max-image-preview:large","max-video-preview":"max-video-preview:-1"},"canonical":"https:\/\/dicodusport.fr\/blog\/transferts-ubb-louis-mary-va-signer-en-pro-d2\/","og_locale":"fr_FR","og_type":"article","og_title":"Transferts UBB : Louis Mary va signer en Pro D2","og_description":"TRANSFERTS \u2013 Selon le Midi Olympique, Louis Mary (Union Bordeaux-B\u00e8gles) va \u00eatre pr\u00eat\u00e9 \u00e0 Grenoble jusqu'\u00e0 la fin de la saison.","og_url":"https:\/\/dicodusport.fr\/blog\/transferts-ubb-louis-mary-va-signer-en-pro-d2\/","og_site_name":"Dicodusport","article_publisher":"https:\/\/www.facebook.com\/dicodusport","article_author":"https:\/\/www.facebook.com\/dicodusport","article_published_time":"2025-11-19T14:19:01+00:00","article_modified_time":"2025-11-19T17:48:51+00:00","og_image":[{"width":1200,"height":674,"url":"https:\/\/dicodusport.fr\/blog\/wp-content\/uploads\/2025\/11\/Transferts-UBB-Louis-Mary-signe-en-Pro-D2.png","type":"image\/png"}],"author":"Nicolas Jacquemard","twitter_card":"summary_large_image","twitter_title":"Transferts UBB : Louis Mary va signer en Pro D2","twitter_creator":"@https:\/\/twitter.com\/Nico_Jacquemard","twitter_site":"@dicodusport","schema":{"@context":"https:\/\/schema.org","@graph":[{"@type":"NewsArticle","@id":"https:\/\/dicodusport.fr\/blog\/transferts-ubb-louis-mary-va-signer-en-pro-d2\/#article","isPartOf":{"@id":"https:\/\/dicodusport.fr\/blog\/transferts-ubb-louis-mary-va-signer-en-pro-d2\/"},"author":{"name":"Nicolas Jacquemard","@id":"https:\/\/dicodusport.fr\/blog\/#\/schema\/person\/55dcb50ad410894e431ed812bbb70191"},"headline":"Transferts UBB : Louis Mary va signer en Pro D2","datePublished":"2025-11-19T14:19:01+00:00","dateModified":"2025-11-19T17:48:51+00:00","mainEntityOfPage":{"@id":"https:\/\/dicodusport.fr\/blog\/transferts-ubb-louis-mary-va-signer-en-pro-d2\/"},"wordCount":338,"commentCount":0,"publisher":{"@id":"https:\/\/dicodusport.fr\/blog\/#organization"},"image":{"@id":"https:\/\/dicodusport.fr\/blog\/transferts-ubb-louis-mary-va-signer-en-pro-d2\/#primaryimage"},"thumbnailUrl":"https:\/\/dicodusport.fr\/blog\/wp-content\/uploads\/2025\/11\/Transferts-UBB-Louis-Mary-signe-en-Pro-D2.png","keywords":["br\u00e8ve","Top 14","Transferts rugby","UBB","Union Bordeaux-B\u00e8gles"],"articleSection":["Top 14"],"inLanguage":"fr-FR","potentialAction":[{"@type":"CommentAction","name":"Comment","target":["https:\/\/dicodusport.fr\/blog\/transferts-ubb-louis-mary-va-signer-en-pro-d2\/#respond"]}],"copyrightYear":"2025","copyrightHolder":{"@id":"https:\/\/dicodusport.fr\/blog\/#organization"}},{"@type":"WebPage","@id":"https:\/\/dicodusport.fr\/blog\/transferts-ubb-louis-mary-va-signer-en-pro-d2\/","url":"https:\/\/dicodusport.fr\/blog\/transferts-ubb-louis-mary-va-signer-en-pro-d2\/","name":"Transferts UBB : Louis Mary va signer en Pro D2","isPartOf":{"@id":"https:\/\/dicodusport.fr\/blog\/#website"},"primaryImageOfPage":{"@id":"https:\/\/dicodusport.fr\/blog\/transferts-ubb-louis-mary-va-signer-en-pro-d2\/#primaryimage"},"image":{"@id":"https:\/\/dicodusport.fr\/blog\/transferts-ubb-louis-mary-va-signer-en-pro-d2\/#primaryimage"},"thumbnailUrl":"https:\/\/dicodusport.fr\/blog\/wp-content\/uploads\/2025\/11\/Transferts-UBB-Louis-Mary-signe-en-Pro-D2.png","datePublished":"2025-11-19T14:19:01+00:00","dateModified":"2025-11-19T17:48:51+00:00","description":"TRANSFERTS \u2013 Selon le Midi Olympique, Louis Mary (Union Bordeaux-B\u00e8gles) va \u00eatre pr\u00eat\u00e9 \u00e0 Grenoble jusqu'\u00e0 la fin de la saison.","breadcrumb":{"@id":"https:\/\/dicodusport.fr\/blog\/transferts-ubb-louis-mary-va-signer-en-pro-d2\/#breadcrumb"},"inLanguage":"fr-FR","potentialAction":[{"@type":"ReadAction","target":["https:\/\/dicodusport.fr\/blog\/transferts-ubb-louis-mary-va-signer-en-pro-d2\/"]}]},{"@type":"ImageObject","inLanguage":"fr-FR","@id":"https:\/\/dicodusport.fr\/blog\/transferts-ubb-louis-mary-va-signer-en-pro-d2\/#primaryimage","url":"https:\/\/dicodusport.fr\/blog\/wp-content\/uploads\/2025\/11\/Transferts-UBB-Louis-Mary-signe-en-Pro-D2.png","contentUrl":"https:\/\/dicodusport.fr\/blog\/wp-content\/uploads\/2025\/11\/Transferts-UBB-Louis-Mary-signe-en-Pro-D2.png","width":1200,"height":674},{"@type":"BreadcrumbList","@id":"https:\/\/dicodusport.fr\/blog\/transferts-ubb-louis-mary-va-signer-en-pro-d2\/#breadcrumb","itemListElement":[{"@type":"ListItem","position":1,"name":"Accueil","item":"https:\/\/dicodusport.fr\/blog\/"},{"@type":"ListItem","position":2,"name":"Transferts UBB : Louis Mary va signer en Pro D2"}]},{"@type":"WebSite","@id":"https:\/\/dicodusport.fr\/blog\/#website","url":"https:\/\/dicodusport.fr\/blog\/","name":"Dicodusport","description":"L&#039;encyclop\u00e9die de l&#039;actualit\u00e9 sportive","publisher":{"@id":"https:\/\/dicodusport.fr\/blog\/#organization"},"potentialAction":[{"@type":"SearchAction","target":{"@type":"EntryPoint","urlTemplate":"https:\/\/dicodusport.fr\/blog\/?s={search_term_string}"},"query-input":{"@type":"PropertyValueSpecification","valueRequired":true,"valueName":"search_term_string"}}],"inLanguage":"fr-FR"},{"@type":"NewsMediaOrganization","@id":"https:\/\/dicodusport.fr\/blog\/#organization","name":"Dicodusport","url":"https:\/\/dicodusport.fr\/blog\/","logo":{"@type":"ImageObject","inLanguage":"fr-FR","@id":"https:\/\/dicodusport.fr\/blog\/#\/schema\/logo\/image\/","url":"https:\/\/dicodusport.fr\/blog\/wp-content\/uploads\/2020\/06\/cropped-LOGO-DICODUSPORT-2020-SANS-FOND-SANS-TEXTE.png","contentUrl":"https:\/\/dicodusport.fr\/blog\/wp-content\/uploads\/2020\/06\/cropped-LOGO-DICODUSPORT-2020-SANS-FOND-SANS-TEXTE.png","width":512,"height":512,"caption":"Dicodusport"},"image":{"@id":"https:\/\/dicodusport.fr\/blog\/#\/schema\/logo\/image\/"},"sameAs":["https:\/\/www.facebook.com\/dicodusport","https:\/\/x.com\/dicodusport","https:\/\/www.instagram.com\/dicodusport\/","https:\/\/www.youtube.com\/channel\/UC7V2KZ5sd3htJivAbA4ZG3w"],"description":"Dicodusport est l'encyclop\u00e9die de l'actualit\u00e9 sportive.","email":"bonjour@dicodusport.fr","legalName":"DICODUSPORT","foundingDate":"2018-01-14","vatID":"FR71834470973","taxID":"83447097300043","numberOfEmployees":{"@type":"QuantitativeValue","minValue":"1","maxValue":"10"}},{"@type":"Person","@id":"https:\/\/dicodusport.fr\/blog\/#\/schema\/person\/55dcb50ad410894e431ed812bbb70191","name":"Nicolas Jacquemard","image":{"@type":"ImageObject","inLanguage":"fr-FR","@id":"https:\/\/dicodusport.fr\/blog\/#\/schema\/person\/image\/","url":"https:\/\/dicodusport.fr\/blog\/wp-content\/uploads\/2021\/05\/Nicolas-Jacquemard-150x150.jpeg","contentUrl":"https:\/\/dicodusport.fr\/blog\/wp-content\/uploads\/2021\/05\/Nicolas-Jacquemard-150x150.jpeg","caption":"Nicolas Jacquemard"},"description":"Passionn\u00e9 de sport et entrepreneur depuis mes 18 ans, la cr\u00e9ation de Dicodusport m'a sembl\u00e9 \u00e9vidente pour participer \u00e0 la m\u00e9diatisation d'un plus grand nombre de sports. Le chemin est long mais avec une \u00e9quipe des plus motiv\u00e9es et les Jeux Olympiques de Paris 2024 en point de mire, nous y arriverons ! Journaliste dans le monde du sport depuis plus de 5 ans, je traite aussi bien de football, de rugby, de biathlon que de cyclisme.","sameAs":["https:\/\/www.facebook.com\/dicodusport","https:\/\/x.com\/https:\/\/twitter.com\/Nico_Jacquemard"],"url":"https:\/\/dicodusport.fr\/blog\/author\/dicodusport\/"}]}},"_links":{"self":[{"href":"https:\/\/dicodusport.fr\/blog\/wp-json\/wp\/v2\/posts\/626568","targetHints":{"allow":["GET"]}}],"collection":[{"href":"https:\/\/dicodusport.fr\/blog\/wp-json\/wp\/v2\/posts"}],"about":[{"href":"https:\/\/dicodusport.fr\/blog\/wp-json\/wp\/v2\/types\/post"}],"author":[{"embeddable":true,"href":"https:\/\/dicodusport.fr\/blog\/wp-json\/wp\/v2\/users\/1"}],"replies":[{"embeddable":true,"href":"https:\/\/dicodusport.fr\/blog\/wp-json\/wp\/v2\/comments?post=626568"}],"version-history":[{"count":5,"href":"https:\/\/dicodusport.fr\/blog\/wp-json\/wp\/v2\/posts\/626568\/revisions"}],"predecessor-version":[{"id":626629,"href":"https:\/\/dicodusport.fr\/blog\/wp-json\/wp\/v2\/posts\/626568\/revisions\/626629"}],"wp:featuredmedia":[{"embeddable":true,"href":"https:\/\/dicodusport.fr\/blog\/wp-json\/wp\/v2\/media\/626572"}],"wp:attachment":[{"href":"https:\/\/dicodusport.fr\/blog\/wp-json\/wp\/v2\/media?parent=626568"}],"wp:term":[{"taxonomy":"category","embeddable":true,"href":"https:\/\/dicodusport.fr\/blog\/wp-json\/wp\/v2\/categories?post=626568"},{"taxonomy":"post_tag","embeddable":true,"href":"https:\/\/dicodusport.fr\/blog\/wp-json\/wp\/v2\/tags?post=626568"}],"curies":[{"name":"wp","href":"https:\/\/api.w.org\/{rel}","templated":true}]}}