{"id":626575,"date":"2025-11-19T16:42:14","date_gmt":"2025-11-19T15:42:14","guid":{"rendered":"https:\/\/dicodusport.fr\/blog\/?p=626575&#038;preview=true&#038;preview_id=626575"},"modified":"2025-11-19T16:42:14","modified_gmt":"2025-11-19T15:42:14","slug":"clement-venturini-trop-cher-pour-groupama-fdj-selon-marc-madiot","status":"publish","type":"post","link":"https:\/\/dicodusport.fr\/blog\/clement-venturini-trop-cher-pour-groupama-fdj-selon-marc-madiot\/","title":{"rendered":"Cl\u00e9ment Venturini, \u00ab\u00a0trop cher\u00a0\u00bb pour Groupama-FDJ selon Marc Madiot"},"content":{"rendered":"<p style=\"text-align: justify;\"><strong><em>TRANSFERTS CYCLISME &#8211; Cl\u00e9ment Venturini n&rsquo;a pas encore retrouv\u00e9 d&rsquo;\u00e9quipe pour la saison 2026. L&rsquo;ancien coureur d&rsquo;Ark\u00e9a-B&amp;B Hotels aurait pu signer dans une \u00e9quipe fran\u00e7aise, mais le <\/em><\/strong><b><i>champion de France de cyclo-cross est trop cher.<\/i><\/b><\/p>\n<p style=\"text-align: justify;\">Victime de la disparition d&rsquo;<a href=\"https:\/\/dicodusport.fr\/blog\/fin-de-lequipe-arkea-bb-hotels-quel-sort-pour-les-coureurs\/\">Ark\u00e9a-B&amp;B Hotels<\/a> et d&rsquo;un contexte global morose \u2014 o\u00f9 les \u00e9quipes n&rsquo;ont soit plus de budget, soit d\u00e9j\u00e0 leur effectif complet \u2014 <strong>Cl\u00e9ment Venturini<\/strong> est toujours sans contrat au 19 novembre. Pourtant, le <a href=\"https:\/\/dicodusport.fr\/blog\/cyclo-cross-championnats-de-france-la-demonstration-de-clement-venturini\/\">champion de France de cyclo-cross<\/a> en titre a prouv\u00e9 depuis 12 ans, et tout au long de sa carri\u00e8re, qu&rsquo;il pouvait briller \u00e0 travers toutes les saisons. Mais aujourd\u2019hui, l\u2019argent est au c\u0153ur des n\u00e9gociations.<\/p>\n<ul>\n<li style=\"text-align: justify;\"><strong>\u00c0 lire aussi &#8211; <a href=\"https:\/\/dicodusport.fr\/blog\/vauquelin-godon-cosnefroy-pourquoi-les-coureurs-francais-quittent-lhexagone\/\">Vauquelin, Godon, Cosnefroy\u2026 pourquoi les coureurs fran\u00e7ais quittent l\u2019Hexagone ?<\/a><\/strong><\/li>\n<\/ul>\n<h2 style=\"text-align: justify;\">Marc Madiot : \u00ab Cl\u00e9ment Venturini ? Je n&rsquo;en ai juste pas les moyens \u00bb<\/h2>\n<p style=\"text-align: justify;\">Dans une interview au <a href=\"https:\/\/www.letelegramme.fr\/sports\/cyclisme\/venturini-on-na-pas-les-moyens-confie-marc-madiot-manager-general-de-la-groupama-fdj-au-sujet-du-champion-de-france-de-cyclo-cross-6931538.php#\"><em>T\u00e9l\u00e9gramme<\/em><\/a>, <strong>Marc Madiot<\/strong>, manager g\u00e9n\u00e9ral de la Groupama-FDJ, a expliqu\u00e9 qu&rsquo;il aurait aim\u00e9 signer Venturini dans son \u00e9quipe l\u2019an prochain. <em>\u00ab Je n\u2019en ai juste pas les moyens. Son agent me l\u2019a propos\u00e9, mais ce n\u2019est pas jouable. On est tenu par les cordons de la bourse, tout simplement. Il faut \u00eatre r\u00e9aliste. J\u2019adorerais avoir le champion de France de cyclo-cross dans mon \u00e9quipe, mais ce n\u2019est pas possible \u00bb<\/em>, a-t-il d\u00e9clar\u00e9.<\/p>\n<p style=\"text-align: justify;\">Deuxi\u00e8me meilleur scoreur de son \u00e9quipe avec 707 points UCI en 2025, il a \u00e9t\u00e9 r\u00e9compens\u00e9 de sa r\u00e9gularit\u00e9 par une <a href=\"https:\/\/dicodusport.fr\/blog\/tour-de-vendee-2025-la-victoire-pour-dorian-godon-le-general-de-la-coupe-de-france-pour-clement-venturini\/\">victoire finale au classement g\u00e9n\u00e9ral de la Coupe de France<\/a>. <em>\u00ab Je veux \u00eatre coureur en 2026, mais pas \u00e0 n\u2019importe quel prix \u00bb<\/em>, affirme-t-il chez <em>L&rsquo;\u00c9quipe<\/em>. \u00c0 32 ans, il est bien conscient que ses exigences contractuelles pourraient r\u00e9duire son champ de possibilit\u00e9s. Le septuple champion de France de <a href=\"https:\/\/dicodusport.fr\/blog\/cyclo-cross-coupe-du-monde-2025-2026-calendrier-complet-dates-et-horaires\/\">cyclo-cross<\/a> \u00e9voque \u00e9galement son \u00e2ge, qui complique \u2014 selon lui \u2014 ses chances de retrouver une \u00e9quipe pour 2026. <em>\u00ab J\u2019ai eu des r\u00e9ponses n\u00e9gatives car certaines \u00e9quipes avaient d\u00e9j\u00e0 assez de profils comme le mien. D\u2019autres veulent rajeunir l\u2019effectif, et moi j\u2019ai 32 ans, donc je suis trop vieux. Certains coureurs n\u2019assurent pas autant de points que moi mais sont plus jeunes et am\u00e8nent de la fra\u00eecheur. \u00bb<\/em><\/p>\n<h3 style=\"text-align: justify;\">\u00c0 ce sujet<\/h3>\n<div class=\"vlp-link-container vlp-layout-article\"><a href=\"https:\/\/dicodusport.fr\/blog\/cyclisme-mercato-2025-2026-le-tableau-des-transferts\/\" class=\"vlp-link\" title=\"Cyclisme Mercato 2025-2026 - Le tableau des transferts\"><\/a><div class=\"vlp-layout-zone-side\"><div class=\"vlp-block-4 vlp-link-image\"><img loading=\"lazy\" decoding=\"async\" style=\"max-width: 792px;\" width=\"792\" height=\"445\" src=\"https:\/\/dicodusport.fr\/blog\/wp-content\/uploads\/2025\/02\/Cyclisme-Mercato-2025-2026-Le-tableau-des-transferts.png\" class=\"attachment-800x445 size-800x445\" alt=\"Cyclisme Mercato 2025-2026 - Le tableau des transferts\" srcset=\"https:\/\/dicodusport.fr\/blog\/wp-content\/uploads\/2025\/02\/Cyclisme-Mercato-2025-2026-Le-tableau-des-transferts.png 1200w, https:\/\/dicodusport.fr\/blog\/wp-content\/uploads\/2025\/02\/Cyclisme-Mercato-2025-2026-Le-tableau-des-transferts-300x169.png 300w, https:\/\/dicodusport.fr\/blog\/wp-content\/uploads\/2025\/02\/Cyclisme-Mercato-2025-2026-Le-tableau-des-transferts-1024x575.png 1024w, https:\/\/dicodusport.fr\/blog\/wp-content\/uploads\/2025\/02\/Cyclisme-Mercato-2025-2026-Le-tableau-des-transferts-768x431.png 768w\" sizes=\"auto, (max-width: 792px) 100vw, 792px\" \/><\/div><\/div><div class=\"vlp-layout-zone-main\"><div class=\"vlp-block-0 vlp-link-title\">Cyclisme Mercato 2025-2026 - Le tableau des transferts<\/div><div class=\"vlp-block-1 vlp-link-summary\">MERCATO CYCLISME 2025-2026 - D\u00e9couvrez les transferts officiels et les rumeurs du mercato cycliste.<\/div><div class=\"vlp-block-2 vlp-link-button\">Lire l'article<\/div><div class=\"vlp-block-3 vlp-link-url\">dicodusport.fr<\/div><\/div><\/div>\n","protected":false},"excerpt":{"rendered":"<p>Cl\u00e9ment Venturini n&rsquo;a pas encore retrouv\u00e9 d&rsquo;\u00e9quipe pour la saison 2026. L&rsquo;ancien coureur d&rsquo;Ark\u00e9a-B&#038;B Hotels aurait pu signer dans une \u00e9quipe fran\u00e7aise, mais le champion de France de cyclo-cross est trop cher.<\/p>\n","protected":false},"author":88,"featured_media":626582,"comment_status":"open","ping_status":"closed","sticky":false,"template":"","format":"standard","meta":{"_acf_changed":false,"_daextam_enable_autolinks":"1","footnotes":""},"categories":[46994],"tags":[32415,16878,6666,3279],"class_list":["post-626575","post","type-post","status-publish","format-standard","has-post-thumbnail","hentry","category-cyclisme-sur-route","tag-actu","tag-breve","tag-cyclo-cross","tag-groupama-fdj"],"acf":[],"yoast_head":"<!-- This site is optimized with the Yoast SEO Premium plugin v26.7 (Yoast SEO v26.7) - https:\/\/yoast.com\/wordpress\/plugins\/seo\/ -->\n<title>Cl\u00e9ment Venturini, &quot;trop cher&quot; pour Groupama-FDJ selon Marc Madiot<\/title>\n<meta name=\"description\" content=\"Cl\u00e9ment Venturini n&#039;a pas encore retrouv\u00e9 d&#039;\u00e9quipe pour la saison 2026. L&#039;ancien coureur d&#039;Ark\u00e9a-B&amp;B Hotels aurait pu signer dans une \u00e9quipe fran\u00e7aise, mais le champion de France de cyclo-cross est trop cher.\" \/>\n<meta name=\"robots\" content=\"index, follow, max-snippet:-1, max-image-preview:large, max-video-preview:-1\" \/>\n<link rel=\"canonical\" href=\"https:\/\/dicodusport.fr\/blog\/clement-venturini-trop-cher-pour-groupama-fdj-selon-marc-madiot\/\" \/>\n<meta property=\"og:locale\" content=\"fr_FR\" \/>\n<meta property=\"og:type\" content=\"article\" \/>\n<meta property=\"og:title\" content=\"Cl\u00e9ment Venturini, &quot;trop cher&quot; pour Groupama-FDJ selon Marc Madiot\" \/>\n<meta property=\"og:description\" content=\"Cl\u00e9ment Venturini n&#039;a pas encore retrouv\u00e9 d&#039;\u00e9quipe pour la saison 2026. L&#039;ancien coureur d&#039;Ark\u00e9a-B&amp;B Hotels aurait pu signer dans une \u00e9quipe fran\u00e7aise, mais le champion de France de cyclo-cross est trop cher.\" \/>\n<meta property=\"og:url\" content=\"https:\/\/dicodusport.fr\/blog\/clement-venturini-trop-cher-pour-groupama-fdj-selon-marc-madiot\/\" \/>\n<meta property=\"og:site_name\" content=\"Dicodusport\" \/>\n<meta property=\"article:publisher\" content=\"https:\/\/www.facebook.com\/dicodusport\" \/>\n<meta property=\"article:published_time\" content=\"2025-11-19T15:42:14+00:00\" \/>\n<meta property=\"og:image\" content=\"https:\/\/dicodusport.fr\/blog\/wp-content\/uploads\/2025\/11\/Clement-Venturini-trop-cher-pour-Groupama-FDJ-selon-Marc-Madiot.png\" \/>\n\t<meta property=\"og:image:width\" content=\"1200\" \/>\n\t<meta property=\"og:image:height\" content=\"674\" \/>\n\t<meta property=\"og:image:type\" content=\"image\/png\" \/>\n<meta name=\"author\" content=\"Paul Lalevee\" \/>\n<meta name=\"twitter:card\" content=\"summary_large_image\" \/>\n<meta name=\"twitter:title\" content=\"Cl\u00e9ment Venturini, &quot;trop cher&quot; pour Groupama-FDJ selon Marc Madiot\" \/>\n<meta name=\"twitter:creator\" content=\"@dicodusport\" \/>\n<meta name=\"twitter:site\" content=\"@dicodusport\" \/>\n<script type=\"application\/ld+json\" class=\"yoast-schema-graph\">{\"@context\":\"https:\/\/schema.org\",\"@graph\":[{\"@type\":\"NewsArticle\",\"@id\":\"https:\/\/dicodusport.fr\/blog\/clement-venturini-trop-cher-pour-groupama-fdj-selon-marc-madiot\/#article\",\"isPartOf\":{\"@id\":\"https:\/\/dicodusport.fr\/blog\/clement-venturini-trop-cher-pour-groupama-fdj-selon-marc-madiot\/\"},\"author\":{\"name\":\"Paul Lalevee\",\"@id\":\"https:\/\/dicodusport.fr\/blog\/#\/schema\/person\/1eaa63dfac40b5e5c47f03a71920c1cd\"},\"headline\":\"Cl\u00e9ment Venturini, \u00ab\u00a0trop cher\u00a0\u00bb pour Groupama-FDJ selon Marc Madiot\",\"datePublished\":\"2025-11-19T15:42:14+00:00\",\"mainEntityOfPage\":{\"@id\":\"https:\/\/dicodusport.fr\/blog\/clement-venturini-trop-cher-pour-groupama-fdj-selon-marc-madiot\/\"},\"wordCount\":477,\"commentCount\":0,\"publisher\":{\"@id\":\"https:\/\/dicodusport.fr\/blog\/#organization\"},\"image\":{\"@id\":\"https:\/\/dicodusport.fr\/blog\/clement-venturini-trop-cher-pour-groupama-fdj-selon-marc-madiot\/#primaryimage\"},\"thumbnailUrl\":\"https:\/\/dicodusport.fr\/blog\/wp-content\/uploads\/2025\/11\/Clement-Venturini-trop-cher-pour-Groupama-FDJ-selon-Marc-Madiot.png\",\"keywords\":[\"actu\",\"br\u00e8ve\",\"Cyclo-cross\",\"Groupama FDJ\"],\"articleSection\":[\"Cyclisme sur route\"],\"inLanguage\":\"fr-FR\",\"potentialAction\":[{\"@type\":\"CommentAction\",\"name\":\"Comment\",\"target\":[\"https:\/\/dicodusport.fr\/blog\/clement-venturini-trop-cher-pour-groupama-fdj-selon-marc-madiot\/#respond\"]}],\"copyrightYear\":\"2025\",\"copyrightHolder\":{\"@id\":\"https:\/\/dicodusport.fr\/blog\/#organization\"}},{\"@type\":\"WebPage\",\"@id\":\"https:\/\/dicodusport.fr\/blog\/clement-venturini-trop-cher-pour-groupama-fdj-selon-marc-madiot\/\",\"url\":\"https:\/\/dicodusport.fr\/blog\/clement-venturini-trop-cher-pour-groupama-fdj-selon-marc-madiot\/\",\"name\":\"Cl\u00e9ment Venturini, \\\"trop cher\\\" pour Groupama-FDJ selon Marc Madiot\",\"isPartOf\":{\"@id\":\"https:\/\/dicodusport.fr\/blog\/#website\"},\"primaryImageOfPage\":{\"@id\":\"https:\/\/dicodusport.fr\/blog\/clement-venturini-trop-cher-pour-groupama-fdj-selon-marc-madiot\/#primaryimage\"},\"image\":{\"@id\":\"https:\/\/dicodusport.fr\/blog\/clement-venturini-trop-cher-pour-groupama-fdj-selon-marc-madiot\/#primaryimage\"},\"thumbnailUrl\":\"https:\/\/dicodusport.fr\/blog\/wp-content\/uploads\/2025\/11\/Clement-Venturini-trop-cher-pour-Groupama-FDJ-selon-Marc-Madiot.png\",\"datePublished\":\"2025-11-19T15:42:14+00:00\",\"description\":\"Cl\u00e9ment Venturini n'a pas encore retrouv\u00e9 d'\u00e9quipe pour la saison 2026. L'ancien coureur d'Ark\u00e9a-B&B Hotels aurait pu signer dans une \u00e9quipe fran\u00e7aise, mais le champion de France de cyclo-cross est trop cher.\",\"breadcrumb\":{\"@id\":\"https:\/\/dicodusport.fr\/blog\/clement-venturini-trop-cher-pour-groupama-fdj-selon-marc-madiot\/#breadcrumb\"},\"inLanguage\":\"fr-FR\",\"potentialAction\":[{\"@type\":\"ReadAction\",\"target\":[\"https:\/\/dicodusport.fr\/blog\/clement-venturini-trop-cher-pour-groupama-fdj-selon-marc-madiot\/\"]}]},{\"@type\":\"ImageObject\",\"inLanguage\":\"fr-FR\",\"@id\":\"https:\/\/dicodusport.fr\/blog\/clement-venturini-trop-cher-pour-groupama-fdj-selon-marc-madiot\/#primaryimage\",\"url\":\"https:\/\/dicodusport.fr\/blog\/wp-content\/uploads\/2025\/11\/Clement-Venturini-trop-cher-pour-Groupama-FDJ-selon-Marc-Madiot.png\",\"contentUrl\":\"https:\/\/dicodusport.fr\/blog\/wp-content\/uploads\/2025\/11\/Clement-Venturini-trop-cher-pour-Groupama-FDJ-selon-Marc-Madiot.png\",\"width\":1200,\"height\":674,\"caption\":\"Cl\u00e9ment Venturini, trop cher pour Groupama-FDJ selon Marc Madiot\"},{\"@type\":\"BreadcrumbList\",\"@id\":\"https:\/\/dicodusport.fr\/blog\/clement-venturini-trop-cher-pour-groupama-fdj-selon-marc-madiot\/#breadcrumb\",\"itemListElement\":[{\"@type\":\"ListItem\",\"position\":1,\"name\":\"Accueil\",\"item\":\"https:\/\/dicodusport.fr\/blog\/\"},{\"@type\":\"ListItem\",\"position\":2,\"name\":\"Cl\u00e9ment Venturini, \u00ab\u00a0trop cher\u00a0\u00bb pour Groupama-FDJ selon Marc Madiot\"}]},{\"@type\":\"WebSite\",\"@id\":\"https:\/\/dicodusport.fr\/blog\/#website\",\"url\":\"https:\/\/dicodusport.fr\/blog\/\",\"name\":\"Dicodusport\",\"description\":\"L&#039;encyclop\u00e9die de l&#039;actualit\u00e9 sportive\",\"publisher\":{\"@id\":\"https:\/\/dicodusport.fr\/blog\/#organization\"},\"potentialAction\":[{\"@type\":\"SearchAction\",\"target\":{\"@type\":\"EntryPoint\",\"urlTemplate\":\"https:\/\/dicodusport.fr\/blog\/?s={search_term_string}\"},\"query-input\":{\"@type\":\"PropertyValueSpecification\",\"valueRequired\":true,\"valueName\":\"search_term_string\"}}],\"inLanguage\":\"fr-FR\"},{\"@type\":\"NewsMediaOrganization\",\"@id\":\"https:\/\/dicodusport.fr\/blog\/#organization\",\"name\":\"Dicodusport\",\"url\":\"https:\/\/dicodusport.fr\/blog\/\",\"logo\":{\"@type\":\"ImageObject\",\"inLanguage\":\"fr-FR\",\"@id\":\"https:\/\/dicodusport.fr\/blog\/#\/schema\/logo\/image\/\",\"url\":\"https:\/\/dicodusport.fr\/blog\/wp-content\/uploads\/2020\/06\/cropped-LOGO-DICODUSPORT-2020-SANS-FOND-SANS-TEXTE.png\",\"contentUrl\":\"https:\/\/dicodusport.fr\/blog\/wp-content\/uploads\/2020\/06\/cropped-LOGO-DICODUSPORT-2020-SANS-FOND-SANS-TEXTE.png\",\"width\":512,\"height\":512,\"caption\":\"Dicodusport\"},\"image\":{\"@id\":\"https:\/\/dicodusport.fr\/blog\/#\/schema\/logo\/image\/\"},\"sameAs\":[\"https:\/\/www.facebook.com\/dicodusport\",\"https:\/\/x.com\/dicodusport\",\"https:\/\/www.instagram.com\/dicodusport\/\",\"https:\/\/www.youtube.com\/channel\/UC7V2KZ5sd3htJivAbA4ZG3w\"],\"description\":\"Dicodusport est l'encyclop\u00e9die de l'actualit\u00e9 sportive.\",\"email\":\"bonjour@dicodusport.fr\",\"legalName\":\"DICODUSPORT\",\"foundingDate\":\"2018-01-14\",\"vatID\":\"FR71834470973\",\"taxID\":\"83447097300043\",\"numberOfEmployees\":{\"@type\":\"QuantitativeValue\",\"minValue\":\"1\",\"maxValue\":\"10\"}},{\"@type\":\"Person\",\"@id\":\"https:\/\/dicodusport.fr\/blog\/#\/schema\/person\/1eaa63dfac40b5e5c47f03a71920c1cd\",\"name\":\"Paul Lalevee\",\"image\":{\"@type\":\"ImageObject\",\"inLanguage\":\"fr-FR\",\"@id\":\"https:\/\/dicodusport.fr\/blog\/#\/schema\/person\/image\/\",\"url\":\"https:\/\/dicodusport.fr\/blog\/wp-content\/uploads\/2023\/10\/291154246_1690604071293245_3118259335115946499_n-150x150.jpg\",\"contentUrl\":\"https:\/\/dicodusport.fr\/blog\/wp-content\/uploads\/2023\/10\/291154246_1690604071293245_3118259335115946499_n-150x150.jpg\",\"caption\":\"Paul Lalevee\"},\"description\":\"La bulle Disney pendant le Covid, le Tour 2019, la Coupe du monde 2018. Ces trois \u00e9v\u00e9nements majeurs sont ancr\u00e9s dans ma t\u00eate de fan de sport, n\u00e9gativement ou positivement. Passionn\u00e9 de sport depuis l'enfance, j'ai d\u00e9cid\u00e9 de mettre ma passion de l'\u00e9criture au service de cette premi\u00e8re passion.\",\"url\":\"https:\/\/dicodusport.fr\/blog\/author\/paul-lalevee\/\"}]}<\/script>\n<!-- \/ Yoast SEO Premium plugin. -->","yoast_head_json":{"title":"Cl\u00e9ment Venturini, \"trop cher\" pour Groupama-FDJ selon Marc Madiot","description":"Cl\u00e9ment Venturini n'a pas encore retrouv\u00e9 d'\u00e9quipe pour la saison 2026. L'ancien coureur d'Ark\u00e9a-B&B Hotels aurait pu signer dans une \u00e9quipe fran\u00e7aise, mais le champion de France de cyclo-cross est trop cher.","robots":{"index":"index","follow":"follow","max-snippet":"max-snippet:-1","max-image-preview":"max-image-preview:large","max-video-preview":"max-video-preview:-1"},"canonical":"https:\/\/dicodusport.fr\/blog\/clement-venturini-trop-cher-pour-groupama-fdj-selon-marc-madiot\/","og_locale":"fr_FR","og_type":"article","og_title":"Cl\u00e9ment Venturini, \"trop cher\" pour Groupama-FDJ selon Marc Madiot","og_description":"Cl\u00e9ment Venturini n'a pas encore retrouv\u00e9 d'\u00e9quipe pour la saison 2026. L'ancien coureur d'Ark\u00e9a-B&B Hotels aurait pu signer dans une \u00e9quipe fran\u00e7aise, mais le champion de France de cyclo-cross est trop cher.","og_url":"https:\/\/dicodusport.fr\/blog\/clement-venturini-trop-cher-pour-groupama-fdj-selon-marc-madiot\/","og_site_name":"Dicodusport","article_publisher":"https:\/\/www.facebook.com\/dicodusport","article_published_time":"2025-11-19T15:42:14+00:00","og_image":[{"width":1200,"height":674,"url":"https:\/\/dicodusport.fr\/blog\/wp-content\/uploads\/2025\/11\/Clement-Venturini-trop-cher-pour-Groupama-FDJ-selon-Marc-Madiot.png","type":"image\/png"}],"author":"Paul Lalevee","twitter_card":"summary_large_image","twitter_title":"Cl\u00e9ment Venturini, \"trop cher\" pour Groupama-FDJ selon Marc Madiot","twitter_creator":"@dicodusport","twitter_site":"@dicodusport","schema":{"@context":"https:\/\/schema.org","@graph":[{"@type":"NewsArticle","@id":"https:\/\/dicodusport.fr\/blog\/clement-venturini-trop-cher-pour-groupama-fdj-selon-marc-madiot\/#article","isPartOf":{"@id":"https:\/\/dicodusport.fr\/blog\/clement-venturini-trop-cher-pour-groupama-fdj-selon-marc-madiot\/"},"author":{"name":"Paul Lalevee","@id":"https:\/\/dicodusport.fr\/blog\/#\/schema\/person\/1eaa63dfac40b5e5c47f03a71920c1cd"},"headline":"Cl\u00e9ment Venturini, \u00ab\u00a0trop cher\u00a0\u00bb pour Groupama-FDJ selon Marc Madiot","datePublished":"2025-11-19T15:42:14+00:00","mainEntityOfPage":{"@id":"https:\/\/dicodusport.fr\/blog\/clement-venturini-trop-cher-pour-groupama-fdj-selon-marc-madiot\/"},"wordCount":477,"commentCount":0,"publisher":{"@id":"https:\/\/dicodusport.fr\/blog\/#organization"},"image":{"@id":"https:\/\/dicodusport.fr\/blog\/clement-venturini-trop-cher-pour-groupama-fdj-selon-marc-madiot\/#primaryimage"},"thumbnailUrl":"https:\/\/dicodusport.fr\/blog\/wp-content\/uploads\/2025\/11\/Clement-Venturini-trop-cher-pour-Groupama-FDJ-selon-Marc-Madiot.png","keywords":["actu","br\u00e8ve","Cyclo-cross","Groupama FDJ"],"articleSection":["Cyclisme sur route"],"inLanguage":"fr-FR","potentialAction":[{"@type":"CommentAction","name":"Comment","target":["https:\/\/dicodusport.fr\/blog\/clement-venturini-trop-cher-pour-groupama-fdj-selon-marc-madiot\/#respond"]}],"copyrightYear":"2025","copyrightHolder":{"@id":"https:\/\/dicodusport.fr\/blog\/#organization"}},{"@type":"WebPage","@id":"https:\/\/dicodusport.fr\/blog\/clement-venturini-trop-cher-pour-groupama-fdj-selon-marc-madiot\/","url":"https:\/\/dicodusport.fr\/blog\/clement-venturini-trop-cher-pour-groupama-fdj-selon-marc-madiot\/","name":"Cl\u00e9ment Venturini, \"trop cher\" pour Groupama-FDJ selon Marc Madiot","isPartOf":{"@id":"https:\/\/dicodusport.fr\/blog\/#website"},"primaryImageOfPage":{"@id":"https:\/\/dicodusport.fr\/blog\/clement-venturini-trop-cher-pour-groupama-fdj-selon-marc-madiot\/#primaryimage"},"image":{"@id":"https:\/\/dicodusport.fr\/blog\/clement-venturini-trop-cher-pour-groupama-fdj-selon-marc-madiot\/#primaryimage"},"thumbnailUrl":"https:\/\/dicodusport.fr\/blog\/wp-content\/uploads\/2025\/11\/Clement-Venturini-trop-cher-pour-Groupama-FDJ-selon-Marc-Madiot.png","datePublished":"2025-11-19T15:42:14+00:00","description":"Cl\u00e9ment Venturini n'a pas encore retrouv\u00e9 d'\u00e9quipe pour la saison 2026. L'ancien coureur d'Ark\u00e9a-B&B Hotels aurait pu signer dans une \u00e9quipe fran\u00e7aise, mais le champion de France de cyclo-cross est trop cher.","breadcrumb":{"@id":"https:\/\/dicodusport.fr\/blog\/clement-venturini-trop-cher-pour-groupama-fdj-selon-marc-madiot\/#breadcrumb"},"inLanguage":"fr-FR","potentialAction":[{"@type":"ReadAction","target":["https:\/\/dicodusport.fr\/blog\/clement-venturini-trop-cher-pour-groupama-fdj-selon-marc-madiot\/"]}]},{"@type":"ImageObject","inLanguage":"fr-FR","@id":"https:\/\/dicodusport.fr\/blog\/clement-venturini-trop-cher-pour-groupama-fdj-selon-marc-madiot\/#primaryimage","url":"https:\/\/dicodusport.fr\/blog\/wp-content\/uploads\/2025\/11\/Clement-Venturini-trop-cher-pour-Groupama-FDJ-selon-Marc-Madiot.png","contentUrl":"https:\/\/dicodusport.fr\/blog\/wp-content\/uploads\/2025\/11\/Clement-Venturini-trop-cher-pour-Groupama-FDJ-selon-Marc-Madiot.png","width":1200,"height":674,"caption":"Cl\u00e9ment Venturini, trop cher pour Groupama-FDJ selon Marc Madiot"},{"@type":"BreadcrumbList","@id":"https:\/\/dicodusport.fr\/blog\/clement-venturini-trop-cher-pour-groupama-fdj-selon-marc-madiot\/#breadcrumb","itemListElement":[{"@type":"ListItem","position":1,"name":"Accueil","item":"https:\/\/dicodusport.fr\/blog\/"},{"@type":"ListItem","position":2,"name":"Cl\u00e9ment Venturini, \u00ab\u00a0trop cher\u00a0\u00bb pour Groupama-FDJ selon Marc Madiot"}]},{"@type":"WebSite","@id":"https:\/\/dicodusport.fr\/blog\/#website","url":"https:\/\/dicodusport.fr\/blog\/","name":"Dicodusport","description":"L&#039;encyclop\u00e9die de l&#039;actualit\u00e9 sportive","publisher":{"@id":"https:\/\/dicodusport.fr\/blog\/#organization"},"potentialAction":[{"@type":"SearchAction","target":{"@type":"EntryPoint","urlTemplate":"https:\/\/dicodusport.fr\/blog\/?s={search_term_string}"},"query-input":{"@type":"PropertyValueSpecification","valueRequired":true,"valueName":"search_term_string"}}],"inLanguage":"fr-FR"},{"@type":"NewsMediaOrganization","@id":"https:\/\/dicodusport.fr\/blog\/#organization","name":"Dicodusport","url":"https:\/\/dicodusport.fr\/blog\/","logo":{"@type":"ImageObject","inLanguage":"fr-FR","@id":"https:\/\/dicodusport.fr\/blog\/#\/schema\/logo\/image\/","url":"https:\/\/dicodusport.fr\/blog\/wp-content\/uploads\/2020\/06\/cropped-LOGO-DICODUSPORT-2020-SANS-FOND-SANS-TEXTE.png","contentUrl":"https:\/\/dicodusport.fr\/blog\/wp-content\/uploads\/2020\/06\/cropped-LOGO-DICODUSPORT-2020-SANS-FOND-SANS-TEXTE.png","width":512,"height":512,"caption":"Dicodusport"},"image":{"@id":"https:\/\/dicodusport.fr\/blog\/#\/schema\/logo\/image\/"},"sameAs":["https:\/\/www.facebook.com\/dicodusport","https:\/\/x.com\/dicodusport","https:\/\/www.instagram.com\/dicodusport\/","https:\/\/www.youtube.com\/channel\/UC7V2KZ5sd3htJivAbA4ZG3w"],"description":"Dicodusport est l'encyclop\u00e9die de l'actualit\u00e9 sportive.","email":"bonjour@dicodusport.fr","legalName":"DICODUSPORT","foundingDate":"2018-01-14","vatID":"FR71834470973","taxID":"83447097300043","numberOfEmployees":{"@type":"QuantitativeValue","minValue":"1","maxValue":"10"}},{"@type":"Person","@id":"https:\/\/dicodusport.fr\/blog\/#\/schema\/person\/1eaa63dfac40b5e5c47f03a71920c1cd","name":"Paul Lalevee","image":{"@type":"ImageObject","inLanguage":"fr-FR","@id":"https:\/\/dicodusport.fr\/blog\/#\/schema\/person\/image\/","url":"https:\/\/dicodusport.fr\/blog\/wp-content\/uploads\/2023\/10\/291154246_1690604071293245_3118259335115946499_n-150x150.jpg","contentUrl":"https:\/\/dicodusport.fr\/blog\/wp-content\/uploads\/2023\/10\/291154246_1690604071293245_3118259335115946499_n-150x150.jpg","caption":"Paul Lalevee"},"description":"La bulle Disney pendant le Covid, le Tour 2019, la Coupe du monde 2018. Ces trois \u00e9v\u00e9nements majeurs sont ancr\u00e9s dans ma t\u00eate de fan de sport, n\u00e9gativement ou positivement. Passionn\u00e9 de sport depuis l'enfance, j'ai d\u00e9cid\u00e9 de mettre ma passion de l'\u00e9criture au service de cette premi\u00e8re passion.","url":"https:\/\/dicodusport.fr\/blog\/author\/paul-lalevee\/"}]}},"_links":{"self":[{"href":"https:\/\/dicodusport.fr\/blog\/wp-json\/wp\/v2\/posts\/626575","targetHints":{"allow":["GET"]}}],"collection":[{"href":"https:\/\/dicodusport.fr\/blog\/wp-json\/wp\/v2\/posts"}],"about":[{"href":"https:\/\/dicodusport.fr\/blog\/wp-json\/wp\/v2\/types\/post"}],"author":[{"embeddable":true,"href":"https:\/\/dicodusport.fr\/blog\/wp-json\/wp\/v2\/users\/88"}],"replies":[{"embeddable":true,"href":"https:\/\/dicodusport.fr\/blog\/wp-json\/wp\/v2\/comments?post=626575"}],"version-history":[{"count":4,"href":"https:\/\/dicodusport.fr\/blog\/wp-json\/wp\/v2\/posts\/626575\/revisions"}],"predecessor-version":[{"id":626583,"href":"https:\/\/dicodusport.fr\/blog\/wp-json\/wp\/v2\/posts\/626575\/revisions\/626583"}],"wp:featuredmedia":[{"embeddable":true,"href":"https:\/\/dicodusport.fr\/blog\/wp-json\/wp\/v2\/media\/626582"}],"wp:attachment":[{"href":"https:\/\/dicodusport.fr\/blog\/wp-json\/wp\/v2\/media?parent=626575"}],"wp:term":[{"taxonomy":"category","embeddable":true,"href":"https:\/\/dicodusport.fr\/blog\/wp-json\/wp\/v2\/categories?post=626575"},{"taxonomy":"post_tag","embeddable":true,"href":"https:\/\/dicodusport.fr\/blog\/wp-json\/wp\/v2\/tags?post=626575"}],"curies":[{"name":"wp","href":"https:\/\/api.w.org\/{rel}","templated":true}]}}