{"id":626598,"date":"2025-11-20T11:15:21","date_gmt":"2025-11-20T10:15:21","guid":{"rendered":"https:\/\/dicodusport.fr\/blog\/?p=626598&#038;preview=true&#038;preview_id=626598"},"modified":"2025-11-20T17:42:28","modified_gmt":"2025-11-20T16:42:28","slug":"curacao-cette-ile-fabrique-de-sportifs","status":"publish","type":"post","link":"https:\/\/dicodusport.fr\/blog\/curacao-cette-ile-fabrique-de-sportifs\/","title":{"rendered":"Cura\u00e7ao, cette \u00eele fabrique de sportifs"},"content":{"rendered":"<p style=\"text-align: justify;\"><strong><em>MULTISPORTS &#8211; Cura\u00e7ao sera l&rsquo;un des petits poucets de la prochaine Coupe du monde de football. Pourtant, cette petite \u00eele n&rsquo;est pas inconnue dans le monde du sport.<\/em><\/strong><\/p>\n<p style=\"text-align: justify;\">Il y a 48 heures, Cura\u00e7ao a r\u00e9alis\u00e9 l&rsquo;exploit de d\u00e9crocher sa premi\u00e8re qualification pour une phase finale de Coupe du monde. Si le territoire, qui autrefois faisait partie des <strong>Antilles n\u00e9erlandaises<\/strong>, b\u00e9n\u00e9ficie <a href=\"https:\/\/dicodusport.fr\/blog\/les-48-equipes-qualifiees-pour-la-coupe-du-monde-2026\/\">du passage \u00e0 48 nations<\/a> et du statut de pays h\u00f4te des \u00c9tats-Unis, du Canada et du Mexique, il n\u2019\u00e9tait pas pour autant favori de son groupe. Ainsi, la <em>Blue Wave<\/em> a d\u00fb patienter jusqu\u2019\u00e0 la derni\u00e8re journ\u00e9e pour valider son ticket et rel\u00e9guer la Jama\u00efque au statut de dauphin barragiste. Si cette performance permettra sans doute \u00e0 beaucoup de personnes de situer l\u2019\u00eele sur une carte cet \u00e9t\u00e9, Cura\u00e7ao est pourtant connue pour \u00eatre la terre de grands talents dont Dicodusport vous propose un aper\u00e7u.<\/p>\n<blockquote class=\"twitter-tweet\">\n<p dir=\"ltr\" lang=\"en\">BON BINI, WORLD CUP!! <a href=\"https:\/\/t.co\/wQ040qbWYQ\">pic.twitter.com\/wQ040qbWYQ<\/a><\/p>\n<p>\u2014 Cura\u00e7ao National Football Team (@TheBlueWaveFFK) <a href=\"https:\/\/twitter.com\/TheBlueWaveFFK\/status\/1991000060952297536?ref_src=twsrc%5Etfw\">November 19, 2025<\/a><\/p><\/blockquote>\n<p><script async src=\"https:\/\/platform.twitter.com\/widgets.js\" charset=\"utf-8\"><\/script><\/p>\n<h2 style=\"text-align: justify;\">Baseball<\/h2>\n<h3 style=\"text-align: justify;\">Andruw Jones<\/h3>\n<p style=\"text-align: justify;\">Il va sans dire que le baseball n\u2019a pas la m\u00eame r\u00e9putation de notre c\u00f4t\u00e9 de l\u2019Atlantique qu\u2019aux \u00c9tats-Unis ou au Japon. Pourtant, les deux plus grandes stars curaciennes sont sans doute issues de ce sport tr\u00e8s populaire sur l\u2019\u00eele. Ainsi, <strong>Andruw Jones<\/strong> a marqu\u00e9 l\u2019histoire des <strong>Braves d\u2019Atlanta<\/strong>, qui ont d\u2019ailleurs retir\u00e9 son num\u00e9ro 25, preuve de l\u2019impact du joueur dans la franchise. S\u2019il y a \u00e9volu\u00e9 pendant onze ans, entre 1996 et 2007, il n\u2019a jamais remport\u00e9 les World Series mais s&rsquo;est distingu\u00e9 en remportant dix fois cons\u00e9cutivement un <strong>Gant dor\u00e9<\/strong>, distinction r\u00e9compensant les meilleurs d\u00e9fenseurs de MLB. <strong>Cinq fois All-Star<\/strong>, le voltigeur de centre a \u00e9galement jou\u00e9 dans d\u2019autres franchises prestigieuses, \u00e0 l\u2019image des <a href=\"https:\/\/dicodusport.fr\/blog\/mlb-miracules-les-los-angeles-dodgers-remportent-de-nouveau-les-world-series\/\">Dodgers de Los Angeles<\/a>, vainqueurs de la derni\u00e8re S\u00e9rie mondiale ces derni\u00e8res semaines.<\/p>\n<h3 style=\"text-align: justify;\">Kenley Jansen<\/h3>\n<p style=\"text-align: justify;\"><strong>Kenley Jansen<\/strong> peut, lui, se vanter d\u2019avoir soulev\u00e9 le Troph\u00e9e du commissaire, coupe remise aux <strong>vainqueurs des World Series<\/strong>. C\u2019\u00e9tait justement avec les <strong>Dodgers<\/strong>, en 2020. Le lanceur a pass\u00e9 onze ans dans la franchise californienne o\u00f9 il a effectu\u00e9 ses d\u00e9buts en 2010. Il y a connu trois de ses quatre s\u00e9lections <strong>All-Star<\/strong>, la quatri\u00e8me remontant \u00e0 2023 lorsqu\u2019il \u00e9voluait sous les couleurs des <strong>Red Sox de Boston<\/strong>. Un tel h\u00e9ritage permet de comprendre pourquoi les terrains de baseball sont si nombreux \u00e0 <strong>Willemstad<\/strong>, petite capitale de 166 000 habitants \u2014 l\u2019\u00e9quivalent du Havre en France.<\/p>\n<h2 style=\"text-align: justify;\">Athl\u00e9tisme<\/h2>\n<h3 style=\"text-align: justify;\">Churandy Martina<\/h3>\n<p style=\"text-align: justify;\">Le baseball n\u2019est pas le seul sport dans lequel Cura\u00e7ao a vu \u00e9merger de grands athl\u00e8tes. Comme nous l\u2019\u00e9voquions r\u00e9cemment, les Cara\u00efbes regorgent de sprinteurs de classe mondiale. Dans une moindre mesure, Cura\u00e7ao ne fait pas exception. Les passionn\u00e9s des ann\u00e9es 2010 se souviendront sans doute de <strong>Churandy Martina<\/strong>. Au cours de sa carri\u00e8re, <strong>Martina<\/strong> a couru le 100 m en 9.91 secondes et le 200 m en 19.81 secondes, \u00e0 seulement un centi\u00e8me du record de France de <strong>Christophe Lemaitre<\/strong>.<\/p>\n<ul>\n<li style=\"text-align: justify;\"><strong>\u00c0 lire \u00e9galement : <a href=\"https:\/\/dicodusport.fr\/blog\/avant-valentin-vacherot-ces-autres-sportifs-originaires-de-micro-etats-a-avoir-brille\/\">Avant Valentin Vacherot, ces autres sportifs originaires de micro-\u00c9tats \u00e0 avoir brill\u00e9<\/a><\/strong><\/li>\n<\/ul>\n<p style=\"text-align: justify;\">Pourtant, l\u2019ancien sprinteur n\u2019a jamais eu l\u2019opportunit\u00e9 de repr\u00e9senter son \u00eele. En effet, <strong>on l\u2019a vu triompher aux championnats d\u2019Europe<\/strong> sur 200 m \u00e0 Helsinki en 2012 et sur 100 m \u00e0 Amsterdam en 2016 <strong>sous les couleurs des Pays-Bas<\/strong>. Et pour cause : Cura\u00e7ao ne fait pas partie des f\u00e9d\u00e9rations membres de <strong>World Athletics<\/strong>. Avant 2010 et la dissolution des <strong>Antilles n\u00e9erlandaises<\/strong> \u2014 f\u00e9d\u00e9ration regroupant Cura\u00e7ao, Bonaire, Saba, Saint-Eustache et la partie n\u00e9erlandaise de Saint-Martin (Aruba l\u2019ayant quitt\u00e9e en 1986) \u2014 <strong>Martina<\/strong> repr\u00e9sentait cet ensemble, membre \u00e0 l\u2019\u00e9poque de l\u2019<strong>IAAF<\/strong>, ancien nom de World Athletics. C\u2019est donc sous ces couleurs qu&rsquo;il a notamment termin\u00e9 <strong>5e du 100 m aux Mondiaux d\u2019Osaka en 2007<\/strong> et <strong>4e aux Jeux de P\u00e9kin en 2008<\/strong>.<\/p>\n<h3 style=\"text-align: justify;\">Liemarvin Bonevacia<\/h3>\n<p style=\"text-align: justify;\">Pour les m\u00eames raisons, <strong>Liemarvin Bonevacia<\/strong> a particip\u00e9 aux Jeux Olympiques de Londres sous la banni\u00e8re des athl\u00e8tes ind\u00e9pendants, alors qu\u2019il avait aussi la possibilit\u00e9 de repr\u00e9senter les Pays-Bas (tout comme le judoka curacien <strong>Reginald de Windt<\/strong>). <strong>Troisi\u00e8me des championnats d\u2019Europe sur 400 m<\/strong> en 2016 et 2024, Bonevacia \u2014 d\u00e9sormais N\u00e9erlandais \u2014 a remport\u00e9 de nombreuses m\u00e9dailles avec le relais 4\u00d7400 m batave, dont une <strong>m\u00e9daill\u00e9e d\u2019argent olympique aux Jeux de Tokyo<\/strong>. Il d\u00e9tient toujours le record n\u00e9erlandais du 400 m en 44.48 secondes, un temps qui ferait p\u00e2lir la plupart des meilleurs Fran\u00e7ais actuels sur la distance.<\/p>\n<h2 style=\"text-align: justify;\">Mais aussi&#8230;<\/h2>\n<p style=\"text-align: justify;\">On peut \u00e9galement citer <strong>Ivan Samuco<\/strong>, boxeur des ann\u00e9es 1980 et l\u2019un des premiers sportifs curaciens \u00e0 atteindre le haut niveau en dehors de son \u00eele. Il a notamment remport\u00e9 la <strong>ceinture WBC Continental Americas des super-plumes<\/strong>. Si son nom ne vous dit pas grand-chose, celui de <strong>Patrick Kluivert<\/strong> sera sans doute plus familier. L\u2019ancien footballeur n\u00e9erlandais n\u2019est pas n\u00e9 \u00e0 Cura\u00e7ao, mais sa m\u00e8re, elle, l\u2019est. Apr\u00e8s avoir <strong>fait les beaux jours du FC Barcelone<\/strong> au tournant des ann\u00e9es 2000, <strong>Kluivert<\/strong> a \u00e9t\u00e9 le s\u00e9lectionneur de la <em>Blue Wave<\/em> entre 2015 et 2016, <strong>qualifiant l\u2019\u00eele pour sa premi\u00e8re Gold Cup<\/strong>. Un pr\u00e9curseur des beaux jours actuels de la s\u00e9lection\u2026<\/p>\n","protected":false},"excerpt":{"rendered":"<p>Cura\u00e7ao sera l&rsquo;un des petits poucets de la prochaine Coupe du monde de football. Pourtant, cette petite \u00eele n&rsquo;est pas inconnue dans le monde du sport.<\/p>\n","protected":false},"author":91,"featured_media":626673,"comment_status":"open","ping_status":"closed","sticky":false,"template":"","format":"standard","meta":{"_acf_changed":false,"_daextam_enable_autolinks":"1","footnotes":""},"categories":[2316],"tags":[32415,16878],"class_list":["post-626598","post","type-post","status-publish","format-standard","has-post-thumbnail","hentry","category-tous-les-sports","tag-actu","tag-breve"],"acf":[],"yoast_head":"<!-- This site is optimized with the Yoast SEO Premium plugin v26.7 (Yoast SEO v26.7) - https:\/\/yoast.com\/wordpress\/plugins\/seo\/ -->\n<title>Cura\u00e7ao, cette \u00eele fabrique de sportifs<\/title>\n<meta name=\"description\" content=\"MULTISPORTS - Cura\u00e7ao sera l&#039;un des petits poucets de la prochaine Coupe du monde. Pourtant, l&#039;\u00eele n&#039;est pas inconnue dans le monde du sport.\" \/>\n<meta name=\"robots\" content=\"index, follow, max-snippet:-1, max-image-preview:large, max-video-preview:-1\" \/>\n<link rel=\"canonical\" href=\"https:\/\/dicodusport.fr\/blog\/curacao-cette-ile-fabrique-de-sportifs\/\" \/>\n<meta property=\"og:locale\" content=\"fr_FR\" \/>\n<meta property=\"og:type\" content=\"article\" \/>\n<meta property=\"og:title\" content=\"Cura\u00e7ao, cette \u00eele fabrique de sportifs\" \/>\n<meta property=\"og:description\" content=\"MULTISPORTS - Cura\u00e7ao sera l&#039;un des petits poucets de la prochaine Coupe du monde. Pourtant, l&#039;\u00eele n&#039;est pas inconnue dans le monde du sport.\" \/>\n<meta property=\"og:url\" content=\"https:\/\/dicodusport.fr\/blog\/curacao-cette-ile-fabrique-de-sportifs\/\" \/>\n<meta property=\"og:site_name\" content=\"Dicodusport\" \/>\n<meta property=\"article:publisher\" content=\"https:\/\/www.facebook.com\/dicodusport\" \/>\n<meta property=\"article:published_time\" content=\"2025-11-20T10:15:21+00:00\" \/>\n<meta property=\"article:modified_time\" content=\"2025-11-20T16:42:28+00:00\" \/>\n<meta property=\"og:image\" content=\"https:\/\/dicodusport.fr\/blog\/wp-content\/uploads\/2025\/11\/Curacao-cette-ile-fabrique-de-sportifs.png\" \/>\n\t<meta property=\"og:image:width\" content=\"1200\" \/>\n\t<meta property=\"og:image:height\" content=\"674\" \/>\n\t<meta property=\"og:image:type\" content=\"image\/png\" \/>\n<meta name=\"author\" content=\"Victor Clot-Amiot\" \/>\n<meta name=\"twitter:card\" content=\"summary_large_image\" \/>\n<meta name=\"twitter:title\" content=\"Cura\u00e7ao, cette \u00eele fabrique de sportifs\" \/>\n<meta name=\"twitter:creator\" content=\"@https:\/\/x.com\/VictorClotAmiot\" \/>\n<meta name=\"twitter:site\" content=\"@dicodusport\" \/>\n<script type=\"application\/ld+json\" class=\"yoast-schema-graph\">{\"@context\":\"https:\/\/schema.org\",\"@graph\":[{\"@type\":\"NewsArticle\",\"@id\":\"https:\/\/dicodusport.fr\/blog\/curacao-cette-ile-fabrique-de-sportifs\/#article\",\"isPartOf\":{\"@id\":\"https:\/\/dicodusport.fr\/blog\/curacao-cette-ile-fabrique-de-sportifs\/\"},\"author\":{\"name\":\"Victor Clot-Amiot\",\"@id\":\"https:\/\/dicodusport.fr\/blog\/#\/schema\/person\/b623199cba9ba90fe84a3d16e9282360\"},\"headline\":\"Cura\u00e7ao, cette \u00eele fabrique de sportifs\",\"datePublished\":\"2025-11-20T10:15:21+00:00\",\"dateModified\":\"2025-11-20T16:42:28+00:00\",\"mainEntityOfPage\":{\"@id\":\"https:\/\/dicodusport.fr\/blog\/curacao-cette-ile-fabrique-de-sportifs\/\"},\"wordCount\":905,\"commentCount\":0,\"publisher\":{\"@id\":\"https:\/\/dicodusport.fr\/blog\/#organization\"},\"image\":{\"@id\":\"https:\/\/dicodusport.fr\/blog\/curacao-cette-ile-fabrique-de-sportifs\/#primaryimage\"},\"thumbnailUrl\":\"https:\/\/dicodusport.fr\/blog\/wp-content\/uploads\/2025\/11\/Curacao-cette-ile-fabrique-de-sportifs.png\",\"keywords\":[\"actu\",\"br\u00e8ve\"],\"articleSection\":[\"Sports\"],\"inLanguage\":\"fr-FR\",\"potentialAction\":[{\"@type\":\"CommentAction\",\"name\":\"Comment\",\"target\":[\"https:\/\/dicodusport.fr\/blog\/curacao-cette-ile-fabrique-de-sportifs\/#respond\"]}],\"copyrightYear\":\"2025\",\"copyrightHolder\":{\"@id\":\"https:\/\/dicodusport.fr\/blog\/#organization\"}},{\"@type\":\"WebPage\",\"@id\":\"https:\/\/dicodusport.fr\/blog\/curacao-cette-ile-fabrique-de-sportifs\/\",\"url\":\"https:\/\/dicodusport.fr\/blog\/curacao-cette-ile-fabrique-de-sportifs\/\",\"name\":\"Cura\u00e7ao, cette \u00eele fabrique de sportifs\",\"isPartOf\":{\"@id\":\"https:\/\/dicodusport.fr\/blog\/#website\"},\"primaryImageOfPage\":{\"@id\":\"https:\/\/dicodusport.fr\/blog\/curacao-cette-ile-fabrique-de-sportifs\/#primaryimage\"},\"image\":{\"@id\":\"https:\/\/dicodusport.fr\/blog\/curacao-cette-ile-fabrique-de-sportifs\/#primaryimage\"},\"thumbnailUrl\":\"https:\/\/dicodusport.fr\/blog\/wp-content\/uploads\/2025\/11\/Curacao-cette-ile-fabrique-de-sportifs.png\",\"datePublished\":\"2025-11-20T10:15:21+00:00\",\"dateModified\":\"2025-11-20T16:42:28+00:00\",\"description\":\"MULTISPORTS - Cura\u00e7ao sera l'un des petits poucets de la prochaine Coupe du monde. Pourtant, l'\u00eele n'est pas inconnue dans le monde du sport.\",\"breadcrumb\":{\"@id\":\"https:\/\/dicodusport.fr\/blog\/curacao-cette-ile-fabrique-de-sportifs\/#breadcrumb\"},\"inLanguage\":\"fr-FR\",\"potentialAction\":[{\"@type\":\"ReadAction\",\"target\":[\"https:\/\/dicodusport.fr\/blog\/curacao-cette-ile-fabrique-de-sportifs\/\"]}]},{\"@type\":\"ImageObject\",\"inLanguage\":\"fr-FR\",\"@id\":\"https:\/\/dicodusport.fr\/blog\/curacao-cette-ile-fabrique-de-sportifs\/#primaryimage\",\"url\":\"https:\/\/dicodusport.fr\/blog\/wp-content\/uploads\/2025\/11\/Curacao-cette-ile-fabrique-de-sportifs.png\",\"contentUrl\":\"https:\/\/dicodusport.fr\/blog\/wp-content\/uploads\/2025\/11\/Curacao-cette-ile-fabrique-de-sportifs.png\",\"width\":1200,\"height\":674,\"caption\":\"Cura\u00e7ao, cette \u00eele fabrique de sportifs\"},{\"@type\":\"BreadcrumbList\",\"@id\":\"https:\/\/dicodusport.fr\/blog\/curacao-cette-ile-fabrique-de-sportifs\/#breadcrumb\",\"itemListElement\":[{\"@type\":\"ListItem\",\"position\":1,\"name\":\"Accueil\",\"item\":\"https:\/\/dicodusport.fr\/blog\/\"},{\"@type\":\"ListItem\",\"position\":2,\"name\":\"Cura\u00e7ao, cette \u00eele fabrique de sportifs\"}]},{\"@type\":\"WebSite\",\"@id\":\"https:\/\/dicodusport.fr\/blog\/#website\",\"url\":\"https:\/\/dicodusport.fr\/blog\/\",\"name\":\"Dicodusport\",\"description\":\"L&#039;encyclop\u00e9die de l&#039;actualit\u00e9 sportive\",\"publisher\":{\"@id\":\"https:\/\/dicodusport.fr\/blog\/#organization\"},\"potentialAction\":[{\"@type\":\"SearchAction\",\"target\":{\"@type\":\"EntryPoint\",\"urlTemplate\":\"https:\/\/dicodusport.fr\/blog\/?s={search_term_string}\"},\"query-input\":{\"@type\":\"PropertyValueSpecification\",\"valueRequired\":true,\"valueName\":\"search_term_string\"}}],\"inLanguage\":\"fr-FR\"},{\"@type\":\"NewsMediaOrganization\",\"@id\":\"https:\/\/dicodusport.fr\/blog\/#organization\",\"name\":\"Dicodusport\",\"url\":\"https:\/\/dicodusport.fr\/blog\/\",\"logo\":{\"@type\":\"ImageObject\",\"inLanguage\":\"fr-FR\",\"@id\":\"https:\/\/dicodusport.fr\/blog\/#\/schema\/logo\/image\/\",\"url\":\"https:\/\/dicodusport.fr\/blog\/wp-content\/uploads\/2020\/06\/cropped-LOGO-DICODUSPORT-2020-SANS-FOND-SANS-TEXTE.png\",\"contentUrl\":\"https:\/\/dicodusport.fr\/blog\/wp-content\/uploads\/2020\/06\/cropped-LOGO-DICODUSPORT-2020-SANS-FOND-SANS-TEXTE.png\",\"width\":512,\"height\":512,\"caption\":\"Dicodusport\"},\"image\":{\"@id\":\"https:\/\/dicodusport.fr\/blog\/#\/schema\/logo\/image\/\"},\"sameAs\":[\"https:\/\/www.facebook.com\/dicodusport\",\"https:\/\/x.com\/dicodusport\",\"https:\/\/www.instagram.com\/dicodusport\/\",\"https:\/\/www.youtube.com\/channel\/UC7V2KZ5sd3htJivAbA4ZG3w\"],\"description\":\"Dicodusport est l'encyclop\u00e9die de l'actualit\u00e9 sportive.\",\"email\":\"bonjour@dicodusport.fr\",\"legalName\":\"DICODUSPORT\",\"foundingDate\":\"2018-01-14\",\"vatID\":\"FR71834470973\",\"taxID\":\"83447097300043\",\"numberOfEmployees\":{\"@type\":\"QuantitativeValue\",\"minValue\":\"1\",\"maxValue\":\"10\"}},{\"@type\":\"Person\",\"@id\":\"https:\/\/dicodusport.fr\/blog\/#\/schema\/person\/b623199cba9ba90fe84a3d16e9282360\",\"name\":\"Victor Clot-Amiot\",\"image\":{\"@type\":\"ImageObject\",\"inLanguage\":\"fr-FR\",\"@id\":\"https:\/\/dicodusport.fr\/blog\/#\/schema\/person\/image\/\",\"url\":\"https:\/\/dicodusport.fr\/blog\/wp-content\/uploads\/2023\/09\/IMG_20190826_114722-150x150.jpg\",\"contentUrl\":\"https:\/\/dicodusport.fr\/blog\/wp-content\/uploads\/2023\/09\/IMG_20190826_114722-150x150.jpg\",\"caption\":\"Victor Clot-Amiot\"},\"description\":\"Passionn\u00e9 de sport depuis toujours, un jour \u00e0 l'adolescence mes parents m'ont dit : \\\"quitte \u00e0 passer ton temps \u00e0 regarder du sport, au moins va le voir en vrai\\\" ! Depuis, cette remarque ne m'a plus quitt\u00e9 et je passe une grande partie de mon temps libre \u00e0 assister \u00e0 des comp\u00e9titions de tous sports. Je m\u00eale d'ailleurs mes deux passions, le sport et les voyages afin de faire une pierre deux coups ! Outre l'US Open ou l'Euro 2021 par exemple, j'ai assist\u00e9 cet \u00e9t\u00e9 aux Mondiaux d'athl\u00e9tisme \u00e0 Budapest. Mon plus gros coup dur est et restera les JO 2020-2021 pour lesquels j'avais r\u00e9serv\u00e9 17 \u00e9preuves. La suite, vous la connaissez...\",\"sameAs\":[\"https:\/\/x.com\/https:\/\/x.com\/VictorClotAmiot\"],\"url\":\"https:\/\/dicodusport.fr\/blog\/author\/victor-clot-amiot\/\"}]}<\/script>\n<!-- \/ Yoast SEO Premium plugin. -->","yoast_head_json":{"title":"Cura\u00e7ao, cette \u00eele fabrique de sportifs","description":"MULTISPORTS - Cura\u00e7ao sera l'un des petits poucets de la prochaine Coupe du monde. Pourtant, l'\u00eele n'est pas inconnue dans le monde du sport.","robots":{"index":"index","follow":"follow","max-snippet":"max-snippet:-1","max-image-preview":"max-image-preview:large","max-video-preview":"max-video-preview:-1"},"canonical":"https:\/\/dicodusport.fr\/blog\/curacao-cette-ile-fabrique-de-sportifs\/","og_locale":"fr_FR","og_type":"article","og_title":"Cura\u00e7ao, cette \u00eele fabrique de sportifs","og_description":"MULTISPORTS - Cura\u00e7ao sera l'un des petits poucets de la prochaine Coupe du monde. Pourtant, l'\u00eele n'est pas inconnue dans le monde du sport.","og_url":"https:\/\/dicodusport.fr\/blog\/curacao-cette-ile-fabrique-de-sportifs\/","og_site_name":"Dicodusport","article_publisher":"https:\/\/www.facebook.com\/dicodusport","article_published_time":"2025-11-20T10:15:21+00:00","article_modified_time":"2025-11-20T16:42:28+00:00","og_image":[{"width":1200,"height":674,"url":"https:\/\/dicodusport.fr\/blog\/wp-content\/uploads\/2025\/11\/Curacao-cette-ile-fabrique-de-sportifs.png","type":"image\/png"}],"author":"Victor Clot-Amiot","twitter_card":"summary_large_image","twitter_title":"Cura\u00e7ao, cette \u00eele fabrique de sportifs","twitter_creator":"@https:\/\/x.com\/VictorClotAmiot","twitter_site":"@dicodusport","schema":{"@context":"https:\/\/schema.org","@graph":[{"@type":"NewsArticle","@id":"https:\/\/dicodusport.fr\/blog\/curacao-cette-ile-fabrique-de-sportifs\/#article","isPartOf":{"@id":"https:\/\/dicodusport.fr\/blog\/curacao-cette-ile-fabrique-de-sportifs\/"},"author":{"name":"Victor Clot-Amiot","@id":"https:\/\/dicodusport.fr\/blog\/#\/schema\/person\/b623199cba9ba90fe84a3d16e9282360"},"headline":"Cura\u00e7ao, cette \u00eele fabrique de sportifs","datePublished":"2025-11-20T10:15:21+00:00","dateModified":"2025-11-20T16:42:28+00:00","mainEntityOfPage":{"@id":"https:\/\/dicodusport.fr\/blog\/curacao-cette-ile-fabrique-de-sportifs\/"},"wordCount":905,"commentCount":0,"publisher":{"@id":"https:\/\/dicodusport.fr\/blog\/#organization"},"image":{"@id":"https:\/\/dicodusport.fr\/blog\/curacao-cette-ile-fabrique-de-sportifs\/#primaryimage"},"thumbnailUrl":"https:\/\/dicodusport.fr\/blog\/wp-content\/uploads\/2025\/11\/Curacao-cette-ile-fabrique-de-sportifs.png","keywords":["actu","br\u00e8ve"],"articleSection":["Sports"],"inLanguage":"fr-FR","potentialAction":[{"@type":"CommentAction","name":"Comment","target":["https:\/\/dicodusport.fr\/blog\/curacao-cette-ile-fabrique-de-sportifs\/#respond"]}],"copyrightYear":"2025","copyrightHolder":{"@id":"https:\/\/dicodusport.fr\/blog\/#organization"}},{"@type":"WebPage","@id":"https:\/\/dicodusport.fr\/blog\/curacao-cette-ile-fabrique-de-sportifs\/","url":"https:\/\/dicodusport.fr\/blog\/curacao-cette-ile-fabrique-de-sportifs\/","name":"Cura\u00e7ao, cette \u00eele fabrique de sportifs","isPartOf":{"@id":"https:\/\/dicodusport.fr\/blog\/#website"},"primaryImageOfPage":{"@id":"https:\/\/dicodusport.fr\/blog\/curacao-cette-ile-fabrique-de-sportifs\/#primaryimage"},"image":{"@id":"https:\/\/dicodusport.fr\/blog\/curacao-cette-ile-fabrique-de-sportifs\/#primaryimage"},"thumbnailUrl":"https:\/\/dicodusport.fr\/blog\/wp-content\/uploads\/2025\/11\/Curacao-cette-ile-fabrique-de-sportifs.png","datePublished":"2025-11-20T10:15:21+00:00","dateModified":"2025-11-20T16:42:28+00:00","description":"MULTISPORTS - Cura\u00e7ao sera l'un des petits poucets de la prochaine Coupe du monde. Pourtant, l'\u00eele n'est pas inconnue dans le monde du sport.","breadcrumb":{"@id":"https:\/\/dicodusport.fr\/blog\/curacao-cette-ile-fabrique-de-sportifs\/#breadcrumb"},"inLanguage":"fr-FR","potentialAction":[{"@type":"ReadAction","target":["https:\/\/dicodusport.fr\/blog\/curacao-cette-ile-fabrique-de-sportifs\/"]}]},{"@type":"ImageObject","inLanguage":"fr-FR","@id":"https:\/\/dicodusport.fr\/blog\/curacao-cette-ile-fabrique-de-sportifs\/#primaryimage","url":"https:\/\/dicodusport.fr\/blog\/wp-content\/uploads\/2025\/11\/Curacao-cette-ile-fabrique-de-sportifs.png","contentUrl":"https:\/\/dicodusport.fr\/blog\/wp-content\/uploads\/2025\/11\/Curacao-cette-ile-fabrique-de-sportifs.png","width":1200,"height":674,"caption":"Cura\u00e7ao, cette \u00eele fabrique de sportifs"},{"@type":"BreadcrumbList","@id":"https:\/\/dicodusport.fr\/blog\/curacao-cette-ile-fabrique-de-sportifs\/#breadcrumb","itemListElement":[{"@type":"ListItem","position":1,"name":"Accueil","item":"https:\/\/dicodusport.fr\/blog\/"},{"@type":"ListItem","position":2,"name":"Cura\u00e7ao, cette \u00eele fabrique de sportifs"}]},{"@type":"WebSite","@id":"https:\/\/dicodusport.fr\/blog\/#website","url":"https:\/\/dicodusport.fr\/blog\/","name":"Dicodusport","description":"L&#039;encyclop\u00e9die de l&#039;actualit\u00e9 sportive","publisher":{"@id":"https:\/\/dicodusport.fr\/blog\/#organization"},"potentialAction":[{"@type":"SearchAction","target":{"@type":"EntryPoint","urlTemplate":"https:\/\/dicodusport.fr\/blog\/?s={search_term_string}"},"query-input":{"@type":"PropertyValueSpecification","valueRequired":true,"valueName":"search_term_string"}}],"inLanguage":"fr-FR"},{"@type":"NewsMediaOrganization","@id":"https:\/\/dicodusport.fr\/blog\/#organization","name":"Dicodusport","url":"https:\/\/dicodusport.fr\/blog\/","logo":{"@type":"ImageObject","inLanguage":"fr-FR","@id":"https:\/\/dicodusport.fr\/blog\/#\/schema\/logo\/image\/","url":"https:\/\/dicodusport.fr\/blog\/wp-content\/uploads\/2020\/06\/cropped-LOGO-DICODUSPORT-2020-SANS-FOND-SANS-TEXTE.png","contentUrl":"https:\/\/dicodusport.fr\/blog\/wp-content\/uploads\/2020\/06\/cropped-LOGO-DICODUSPORT-2020-SANS-FOND-SANS-TEXTE.png","width":512,"height":512,"caption":"Dicodusport"},"image":{"@id":"https:\/\/dicodusport.fr\/blog\/#\/schema\/logo\/image\/"},"sameAs":["https:\/\/www.facebook.com\/dicodusport","https:\/\/x.com\/dicodusport","https:\/\/www.instagram.com\/dicodusport\/","https:\/\/www.youtube.com\/channel\/UC7V2KZ5sd3htJivAbA4ZG3w"],"description":"Dicodusport est l'encyclop\u00e9die de l'actualit\u00e9 sportive.","email":"bonjour@dicodusport.fr","legalName":"DICODUSPORT","foundingDate":"2018-01-14","vatID":"FR71834470973","taxID":"83447097300043","numberOfEmployees":{"@type":"QuantitativeValue","minValue":"1","maxValue":"10"}},{"@type":"Person","@id":"https:\/\/dicodusport.fr\/blog\/#\/schema\/person\/b623199cba9ba90fe84a3d16e9282360","name":"Victor Clot-Amiot","image":{"@type":"ImageObject","inLanguage":"fr-FR","@id":"https:\/\/dicodusport.fr\/blog\/#\/schema\/person\/image\/","url":"https:\/\/dicodusport.fr\/blog\/wp-content\/uploads\/2023\/09\/IMG_20190826_114722-150x150.jpg","contentUrl":"https:\/\/dicodusport.fr\/blog\/wp-content\/uploads\/2023\/09\/IMG_20190826_114722-150x150.jpg","caption":"Victor Clot-Amiot"},"description":"Passionn\u00e9 de sport depuis toujours, un jour \u00e0 l'adolescence mes parents m'ont dit : \"quitte \u00e0 passer ton temps \u00e0 regarder du sport, au moins va le voir en vrai\" ! Depuis, cette remarque ne m'a plus quitt\u00e9 et je passe une grande partie de mon temps libre \u00e0 assister \u00e0 des comp\u00e9titions de tous sports. Je m\u00eale d'ailleurs mes deux passions, le sport et les voyages afin de faire une pierre deux coups ! Outre l'US Open ou l'Euro 2021 par exemple, j'ai assist\u00e9 cet \u00e9t\u00e9 aux Mondiaux d'athl\u00e9tisme \u00e0 Budapest. Mon plus gros coup dur est et restera les JO 2020-2021 pour lesquels j'avais r\u00e9serv\u00e9 17 \u00e9preuves. La suite, vous la connaissez...","sameAs":["https:\/\/x.com\/https:\/\/x.com\/VictorClotAmiot"],"url":"https:\/\/dicodusport.fr\/blog\/author\/victor-clot-amiot\/"}]}},"_links":{"self":[{"href":"https:\/\/dicodusport.fr\/blog\/wp-json\/wp\/v2\/posts\/626598","targetHints":{"allow":["GET"]}}],"collection":[{"href":"https:\/\/dicodusport.fr\/blog\/wp-json\/wp\/v2\/posts"}],"about":[{"href":"https:\/\/dicodusport.fr\/blog\/wp-json\/wp\/v2\/types\/post"}],"author":[{"embeddable":true,"href":"https:\/\/dicodusport.fr\/blog\/wp-json\/wp\/v2\/users\/91"}],"replies":[{"embeddable":true,"href":"https:\/\/dicodusport.fr\/blog\/wp-json\/wp\/v2\/comments?post=626598"}],"version-history":[{"count":3,"href":"https:\/\/dicodusport.fr\/blog\/wp-json\/wp\/v2\/posts\/626598\/revisions"}],"predecessor-version":[{"id":626659,"href":"https:\/\/dicodusport.fr\/blog\/wp-json\/wp\/v2\/posts\/626598\/revisions\/626659"}],"wp:featuredmedia":[{"embeddable":true,"href":"https:\/\/dicodusport.fr\/blog\/wp-json\/wp\/v2\/media\/626673"}],"wp:attachment":[{"href":"https:\/\/dicodusport.fr\/blog\/wp-json\/wp\/v2\/media?parent=626598"}],"wp:term":[{"taxonomy":"category","embeddable":true,"href":"https:\/\/dicodusport.fr\/blog\/wp-json\/wp\/v2\/categories?post=626598"},{"taxonomy":"post_tag","embeddable":true,"href":"https:\/\/dicodusport.fr\/blog\/wp-json\/wp\/v2\/tags?post=626598"}],"curies":[{"name":"wp","href":"https:\/\/api.w.org\/{rel}","templated":true}]}}