{"id":626678,"date":"2025-11-19T22:59:13","date_gmt":"2025-11-19T21:59:13","guid":{"rendered":"https:\/\/dicodusport.fr\/blog\/?p=626678&#038;preview=true&#038;preview_id=626678"},"modified":"2025-11-19T23:19:16","modified_gmt":"2025-11-19T22:19:16","slug":"ligue-des-champions-feminine-2025-2026-j4-le-paris-fc-simpose-face-au-benfica-lisbonne","status":"publish","type":"post","link":"https:\/\/dicodusport.fr\/blog\/ligue-des-champions-feminine-2025-2026-j4-le-paris-fc-simpose-face-au-benfica-lisbonne\/","title":{"rendered":"Ligue des Champions f\u00e9minine 2025\/2026 (J4) : Le Paris FC s&rsquo;impose face au Benfica Lisbonne"},"content":{"rendered":"<p style=\"text-align: justify;\"><strong><em>LIGUE DES CHAMPIONS FEMININE &#8211; Le Paris FC tient enfin sa premi\u00e8re victoire en Ligue des Champions. Apr\u00e8s 90 minutes ma\u00eetris\u00e9es face aux Portugaises du Benfica, les joueuses de Sandrine Soubeyrand s&rsquo;imposent 2-0 et raccrochent le wagon des qualifiables.<\/em><\/strong><\/p>\n<p style=\"text-align: justify;\">Si le point ramen\u00e9 du match nul face au <strong>Real Madrid<\/strong> \u00e9tait une bonne op\u00e9ration pour les <strong>Franciliennes<\/strong>, il n\u2019a pas arrang\u00e9 les affaires du <strong>Paris FC<\/strong> au classement. 14<sup>\u00e8mes<\/sup> avant le coup d\u2019envoi, les joueuses de <strong>Sandrine Soubeyrand<\/strong> recevaient le <strong>Benfica<\/strong>, 15<sup>\u00e8me<\/sup>, dans ce qui ressemblait d\u00e9j\u00e0 \u00e0 un match couperet pour la qualification.<\/p>\n<blockquote class=\"twitter-tweet\">\n<p dir=\"ltr\" lang=\"en\">Paris FC claim their first league phase win \ud83d\ude4c<a href=\"https:\/\/twitter.com\/hashtag\/UWCL?src=hash&amp;ref_src=twsrc%5Etfw\">#UWCL<\/a> <a href=\"https:\/\/t.co\/ecMJaCK04w\">pic.twitter.com\/ecMJaCK04w<\/a><\/p>\n<p>\u2014 UEFA Women\u2019s Champions League (@UWCL) <a href=\"https:\/\/twitter.com\/UWCL\/status\/1991265569610297616?ref_src=twsrc%5Etfw\">November 19, 2025<\/a><\/p><\/blockquote>\n<p><script async src=\"https:\/\/platform.twitter.com\/widgets.js\" charset=\"utf-8\"><\/script><\/p>\n<h2 style=\"text-align: justify;\">Un rouge et un but<\/h2>\n<p style=\"text-align: justify;\">Dans les premi\u00e8res minutes, les <strong>Bleues<\/strong> du <strong>Paris FC<\/strong> sont les premi\u00e8res \u00e0 acc\u00e9l\u00e9rer. Bien mieux entr\u00e9es dans cette 4<sup>\u00e8me<\/sup> journ\u00e9e de <strong>Ligue des Champions<\/strong>, les <strong>Parisiennes<\/strong> dominent compl\u00e8tement le premier quart d\u2019heure. Si le score reste vierge, elles se procurent les occasions les plus dangereuses : une frappe lointaine d\u2019<strong>Anaele Le Moguedec<\/strong> (3\u2019), une t\u00eate de <strong>Thea Greboval<\/strong> (6\u2019), puis des tentatives de <strong>Maeline Mendy<\/strong> (10\u2019) et de <strong>Sheika Scott<\/strong> (13\u2019). Mais \u00e0 chaque fois, la gardienne allemande du <strong>Benfica<\/strong>, <strong>Lena Pauels<\/strong>, s\u2019interpose.<\/p>\n<p style=\"text-align: justify;\">En face, m\u00eame si Benfica subit, le danger vient surtout des contres. \u00c0 deux reprises, <strong>Cristina Martin-Prieto<\/strong> se pr\u00e9sente face \u00e0 <strong>Myl\u00e8ne Chavas<\/strong> (11\u2019, 18\u2019). Et deux fois, la gardienne fran\u00e7aise gagne son duel. Les d\u00e9bats s\u2019\u00e9quilibrent peu \u00e0 peu, et Benfica impose davantage son rythme physique. Mais le match bascule une premi\u00e8re fois lorsque <strong>Caroline-Sophie Moller<\/strong>, auteure de deux fautes grossi\u00e8res en trois minutes (27\u2019), \u00e9cope logiquement d\u2019un second jaune (30\u2019) synonyme d\u2019exclusion. Le <strong>Paris FC<\/strong> va jouer plus d\u2019une heure en sup\u00e9riorit\u00e9 num\u00e9rique.<\/p>\n<p style=\"text-align: justify;\">Galvanis\u00e9es par cette expulsion, les <strong>Benfiquistes<\/strong> redoublent d&rsquo;efforts. Comme en d\u00e9but de match, <strong>Cristina Martin-Prieto<\/strong> a une \u00e9norme occasion (37\u2019) mais manque totalement sa frappe. Un avertissement pour les <strong>Parisiennes<\/strong>, qui d\u00e9cident alors d\u2019appuyer. Sur l\u2019action suivante, la jeune <strong>Maeline Mendy<\/strong>, 18 ans et titularis\u00e9e pour la premi\u00e8re fois, croise parfaitement sa frappe pour ouvrir le score (41\u2019). La 8<sup>\u00e8me<\/sup> tentative est la bonne : 1-0, le Paris FC m\u00e8ne logiquement \u00e0 la pause.<\/p>\n<blockquote class=\"twitter-tweet\">\n<p dir=\"ltr\" lang=\"fr\">Le premier but pour le PFC ! Maeline Mendy, 18 ans, marque son premier but en Ligue des champions apr\u00e8s une mauvaise relance du Benfica<\/p>\n<p>Suivez le match en direct &gt; <a href=\"https:\/\/t.co\/aoIddrdQqh\">https:\/\/t.co\/aoIddrdQqh<\/a> <a href=\"https:\/\/t.co\/EdarV0GMmK\">pic.twitter.com\/EdarV0GMmK<\/a><br \/>\n\u2014 la chaine L&rsquo;\u00c9quipe (@lachainelequipe) <a href=\"https:\/\/twitter.com\/lachainelequipe\/status\/1991249170208797000?ref_src=twsrc%5Etfw\">November 19, 2025<\/a><\/p><\/blockquote>\n<p><script async src=\"https:\/\/platform.twitter.com\/widgets.js\" charset=\"utf-8\"><\/script><\/p>\n<h2 style=\"text-align: justify;\">Maelle Garbino pour se mettre \u00e0 l\u2019abri<\/h2>\n<p style=\"text-align: justify;\">Au retour des vestiaires, les <strong>Parisiennes<\/strong> imposent leur rythme. En sup\u00e9riorit\u00e9 num\u00e9rique depuis la demi-heure, elles profitent de leur fra\u00eecheur pour \u00e9touffer Benfica et camper dans les 30 derniers m\u00e8tres portugais. Et \u00e0 force de pousser, la d\u00e9fense lisbo\u00e8te finit par c\u00e9der. Plein axe, <strong>Anaele Le Moguedec<\/strong> d\u00e9borde \u00e0 gauche et d\u00e9pose un centre parfait au point de p\u00e9nalty. <strong>Maelle Garbino<\/strong>, \u00e0 la r\u00e9ception, conclut d\u2019une reprise imparable (61\u2019). 2-0 pour le Paris FC.<\/p>\n<p style=\"text-align: justify;\">Quelques minutes plus tard, l&rsquo;arbitre anglaise accorde un p\u00e9nalty aux <strong>Parisiennes<\/strong> (70\u2019) apr\u00e8s une poussette sur <strong>Maelle Garbino<\/strong>. Mais la <strong>VAR<\/strong> annule finalement la d\u00e9cision, consid\u00e9rant l\u2019intervention de <strong>Christy Ucheibe<\/strong> comme licite. Le score reste donc \u00e0 2-0 \u00e0 l\u2019approche du dernier quart d\u2019heure.<\/p>\n<p style=\"text-align: justify;\">\u00c0 dix contre onze, le <strong>Benfica Lisbonne<\/strong> tente le tout pour le tout dans les derni\u00e8res minutes, mais la fatigue se fait sentir. Les <strong>Portugaises<\/strong> fr\u00f4lent m\u00eame le naufrage, mais <strong>Lena Pauels<\/strong> sort un dernier arr\u00eat pour \u00e9viter le 3-0. Sans cons\u00e9quence : l\u2019arbitre met un terme au match et lib\u00e8re un <strong>Paris FC<\/strong> enfin r\u00e9compens\u00e9.<\/p>\n<p style=\"text-align: justify;\">Victoire 2-0, premi\u00e8re dans cette phase de groupes, et bond au classement : les <strong>Parisiennes<\/strong> remontent au 10<sup>\u00e8me<\/sup> rang, accrochant le wagon des 12 \u00e9quipes qualifiables pour la suite de la comp\u00e9tition.<\/p>\n<blockquote class=\"twitter-tweet\">\n<p dir=\"ltr\" lang=\"fr\">\u26bd <a href=\"https:\/\/twitter.com\/hashtag\/UWCL?src=hash&amp;ref_src=twsrc%5Etfw\">#UWCL<\/a> | \ud83d\udd35 Premier succ\u00e8s en Ligue des Champions cette saison pour le Paris FC !<\/p>\n<p>\u2705 Les Parisiennes ont fait le travail \u00e0 domicile face \u00e0 Benfica (2-0) gr\u00e2ce \u00e0 des buts de Maeline Mendy et Ma\u00eblle Garbino ! <a href=\"https:\/\/t.co\/UBuucRFL7K\">pic.twitter.com\/UBuucRFL7K<\/a><br \/>\n\u2014 francetvsport (@francetvsport) <a href=\"https:\/\/twitter.com\/francetvsport\/status\/1991264000831545813?ref_src=twsrc%5Etfw\">November 19, 2025<\/a><\/p><\/blockquote>\n<p><script async src=\"https:\/\/platform.twitter.com\/widgets.js\" charset=\"utf-8\"><\/script><\/p>\n","protected":false},"excerpt":{"rendered":"<p>Le Paris FC tient enfin sa premi\u00e8re victoire en Ligue des Champions. Apr\u00e8s 90 minutes ma\u00eetris\u00e9es face aux Portugaises du Benfica, les joueuses de Sandrine Soubeyrand s&rsquo;imposent 2-0 et raccrochent le wagon des qualifiables.\u00a0<\/p>\n","protected":false},"author":119,"featured_media":626680,"comment_status":"open","ping_status":"closed","sticky":false,"template":"","format":"standard","meta":{"_acf_changed":false,"_daextam_enable_autolinks":"1","footnotes":""},"categories":[47250],"tags":[32415,8234,16878,75,1328,3364],"class_list":["post-626678","post","type-post","status-publish","format-standard","has-post-thumbnail","hentry","category-ligue-des-champions-de-football","tag-actu","tag-benfica","tag-breve","tag-football","tag-ligue-des-champions-feminine","tag-paris-fc"],"acf":[],"yoast_head":"<!-- This site is optimized with the Yoast SEO Premium plugin v26.7 (Yoast SEO v26.7) - https:\/\/yoast.com\/wordpress\/plugins\/seo\/ -->\n<title>Ligue des Champions f\u00e9minine 2025\/2026 (J4) : Le Paris FC s&#039;impose face au Benfica Lisbonne<\/title>\n<meta name=\"description\" content=\"LIGUE DES CHAMPIONS FEMININE - Le Paris FC tient enfin sa premi\u00e8re victoire en Ligue des Champions. Apr\u00e8s 90 minutes maitris\u00e9es face aux Portugaises du Benfica, les joueuses de Sandrine Soubeyrand s&#039;imposent 2-0 et raccrochent le wagon des qualifiables.\u00a0\" \/>\n<meta name=\"robots\" content=\"index, follow, max-snippet:-1, max-image-preview:large, max-video-preview:-1\" \/>\n<link rel=\"canonical\" href=\"https:\/\/dicodusport.fr\/blog\/ligue-des-champions-feminine-2025-2026-j4-le-paris-fc-simpose-face-au-benfica-lisbonne\/\" \/>\n<meta property=\"og:locale\" content=\"fr_FR\" \/>\n<meta property=\"og:type\" content=\"article\" \/>\n<meta property=\"og:title\" content=\"Ligue des Champions f\u00e9minine 2025\/2026 (J4) : Le Paris FC s&#039;impose face au Benfica Lisbonne\" \/>\n<meta property=\"og:description\" content=\"LIGUE DES CHAMPIONS FEMININE - Le Paris FC tient enfin sa premi\u00e8re victoire en Ligue des Champions. Apr\u00e8s 90 minutes maitris\u00e9es face aux Portugaises du Benfica, les joueuses de Sandrine Soubeyrand s&#039;imposent 2-0 et raccrochent le wagon des qualifiables.\u00a0\" \/>\n<meta property=\"og:url\" content=\"https:\/\/dicodusport.fr\/blog\/ligue-des-champions-feminine-2025-2026-j4-le-paris-fc-simpose-face-au-benfica-lisbonne\/\" \/>\n<meta property=\"og:site_name\" content=\"Dicodusport\" \/>\n<meta property=\"article:publisher\" content=\"https:\/\/www.facebook.com\/dicodusport\" \/>\n<meta property=\"article:published_time\" content=\"2025-11-19T21:59:13+00:00\" \/>\n<meta property=\"article:modified_time\" content=\"2025-11-19T22:19:16+00:00\" \/>\n<meta property=\"og:image\" content=\"https:\/\/dicodusport.fr\/blog\/wp-content\/uploads\/2025\/11\/Ligue-des-Champions-feminine-20252026-J4-Le-Paris-FC-simpose-face-au-Benfica-Lisbonne.png\" \/>\n\t<meta property=\"og:image:width\" content=\"1200\" \/>\n\t<meta property=\"og:image:height\" content=\"674\" \/>\n\t<meta property=\"og:image:type\" content=\"image\/png\" \/>\n<meta name=\"author\" content=\"Aur\u00e9lien Torreilles\" \/>\n<meta name=\"twitter:card\" content=\"summary_large_image\" \/>\n<meta name=\"twitter:title\" content=\"Ligue des Champions f\u00e9minine 2025\/2026 (J4) : Le Paris FC s&#039;impose face au Benfica Lisbonne\" \/>\n<meta name=\"twitter:creator\" content=\"@dicodusport\" \/>\n<meta name=\"twitter:site\" content=\"@dicodusport\" \/>\n<script type=\"application\/ld+json\" class=\"yoast-schema-graph\">{\"@context\":\"https:\/\/schema.org\",\"@graph\":[{\"@type\":\"NewsArticle\",\"@id\":\"https:\/\/dicodusport.fr\/blog\/ligue-des-champions-feminine-2025-2026-j4-le-paris-fc-simpose-face-au-benfica-lisbonne\/#article\",\"isPartOf\":{\"@id\":\"https:\/\/dicodusport.fr\/blog\/ligue-des-champions-feminine-2025-2026-j4-le-paris-fc-simpose-face-au-benfica-lisbonne\/\"},\"author\":{\"name\":\"Aur\u00e9lien Torreilles\",\"@id\":\"https:\/\/dicodusport.fr\/blog\/#\/schema\/person\/d42c64fd3f03197157c71106ec84f28a\"},\"headline\":\"Ligue des Champions f\u00e9minine 2025\/2026 (J4) : Le Paris FC s&rsquo;impose face au Benfica Lisbonne\",\"datePublished\":\"2025-11-19T21:59:13+00:00\",\"dateModified\":\"2025-11-19T22:19:16+00:00\",\"mainEntityOfPage\":{\"@id\":\"https:\/\/dicodusport.fr\/blog\/ligue-des-champions-feminine-2025-2026-j4-le-paris-fc-simpose-face-au-benfica-lisbonne\/\"},\"wordCount\":718,\"commentCount\":0,\"publisher\":{\"@id\":\"https:\/\/dicodusport.fr\/blog\/#organization\"},\"image\":{\"@id\":\"https:\/\/dicodusport.fr\/blog\/ligue-des-champions-feminine-2025-2026-j4-le-paris-fc-simpose-face-au-benfica-lisbonne\/#primaryimage\"},\"thumbnailUrl\":\"https:\/\/dicodusport.fr\/blog\/wp-content\/uploads\/2025\/11\/Ligue-des-Champions-feminine-20252026-J4-Le-Paris-FC-simpose-face-au-Benfica-Lisbonne.png\",\"keywords\":[\"actu\",\"Benfica\",\"br\u00e8ve\",\"Football\",\"ligue des champions f\u00e9minine\",\"Paris FC\"],\"articleSection\":[\"Ligue des Champions de football\"],\"inLanguage\":\"fr-FR\",\"potentialAction\":[{\"@type\":\"CommentAction\",\"name\":\"Comment\",\"target\":[\"https:\/\/dicodusport.fr\/blog\/ligue-des-champions-feminine-2025-2026-j4-le-paris-fc-simpose-face-au-benfica-lisbonne\/#respond\"]}],\"copyrightYear\":\"2025\",\"copyrightHolder\":{\"@id\":\"https:\/\/dicodusport.fr\/blog\/#organization\"}},{\"@type\":\"WebPage\",\"@id\":\"https:\/\/dicodusport.fr\/blog\/ligue-des-champions-feminine-2025-2026-j4-le-paris-fc-simpose-face-au-benfica-lisbonne\/\",\"url\":\"https:\/\/dicodusport.fr\/blog\/ligue-des-champions-feminine-2025-2026-j4-le-paris-fc-simpose-face-au-benfica-lisbonne\/\",\"name\":\"Ligue des Champions f\u00e9minine 2025\/2026 (J4) : Le Paris FC s'impose face au Benfica Lisbonne\",\"isPartOf\":{\"@id\":\"https:\/\/dicodusport.fr\/blog\/#website\"},\"primaryImageOfPage\":{\"@id\":\"https:\/\/dicodusport.fr\/blog\/ligue-des-champions-feminine-2025-2026-j4-le-paris-fc-simpose-face-au-benfica-lisbonne\/#primaryimage\"},\"image\":{\"@id\":\"https:\/\/dicodusport.fr\/blog\/ligue-des-champions-feminine-2025-2026-j4-le-paris-fc-simpose-face-au-benfica-lisbonne\/#primaryimage\"},\"thumbnailUrl\":\"https:\/\/dicodusport.fr\/blog\/wp-content\/uploads\/2025\/11\/Ligue-des-Champions-feminine-20252026-J4-Le-Paris-FC-simpose-face-au-Benfica-Lisbonne.png\",\"datePublished\":\"2025-11-19T21:59:13+00:00\",\"dateModified\":\"2025-11-19T22:19:16+00:00\",\"description\":\"LIGUE DES CHAMPIONS FEMININE - Le Paris FC tient enfin sa premi\u00e8re victoire en Ligue des Champions. Apr\u00e8s 90 minutes maitris\u00e9es face aux Portugaises du Benfica, les joueuses de Sandrine Soubeyrand s'imposent 2-0 et raccrochent le wagon des qualifiables.\u00a0\",\"breadcrumb\":{\"@id\":\"https:\/\/dicodusport.fr\/blog\/ligue-des-champions-feminine-2025-2026-j4-le-paris-fc-simpose-face-au-benfica-lisbonne\/#breadcrumb\"},\"inLanguage\":\"fr-FR\",\"potentialAction\":[{\"@type\":\"ReadAction\",\"target\":[\"https:\/\/dicodusport.fr\/blog\/ligue-des-champions-feminine-2025-2026-j4-le-paris-fc-simpose-face-au-benfica-lisbonne\/\"]}]},{\"@type\":\"ImageObject\",\"inLanguage\":\"fr-FR\",\"@id\":\"https:\/\/dicodusport.fr\/blog\/ligue-des-champions-feminine-2025-2026-j4-le-paris-fc-simpose-face-au-benfica-lisbonne\/#primaryimage\",\"url\":\"https:\/\/dicodusport.fr\/blog\/wp-content\/uploads\/2025\/11\/Ligue-des-Champions-feminine-20252026-J4-Le-Paris-FC-simpose-face-au-Benfica-Lisbonne.png\",\"contentUrl\":\"https:\/\/dicodusport.fr\/blog\/wp-content\/uploads\/2025\/11\/Ligue-des-Champions-feminine-20252026-J4-Le-Paris-FC-simpose-face-au-Benfica-Lisbonne.png\",\"width\":1200,\"height\":674,\"caption\":\"Ligue des Champions f\u00e9minine 20252026 (J4) Le Paris FC s'impose face au Benfica Lisbonne\"},{\"@type\":\"BreadcrumbList\",\"@id\":\"https:\/\/dicodusport.fr\/blog\/ligue-des-champions-feminine-2025-2026-j4-le-paris-fc-simpose-face-au-benfica-lisbonne\/#breadcrumb\",\"itemListElement\":[{\"@type\":\"ListItem\",\"position\":1,\"name\":\"Accueil\",\"item\":\"https:\/\/dicodusport.fr\/blog\/\"},{\"@type\":\"ListItem\",\"position\":2,\"name\":\"Ligue des Champions f\u00e9minine 2025\/2026 (J4) : Le Paris FC s&rsquo;impose face au Benfica Lisbonne\"}]},{\"@type\":\"WebSite\",\"@id\":\"https:\/\/dicodusport.fr\/blog\/#website\",\"url\":\"https:\/\/dicodusport.fr\/blog\/\",\"name\":\"Dicodusport\",\"description\":\"L&#039;encyclop\u00e9die de l&#039;actualit\u00e9 sportive\",\"publisher\":{\"@id\":\"https:\/\/dicodusport.fr\/blog\/#organization\"},\"potentialAction\":[{\"@type\":\"SearchAction\",\"target\":{\"@type\":\"EntryPoint\",\"urlTemplate\":\"https:\/\/dicodusport.fr\/blog\/?s={search_term_string}\"},\"query-input\":{\"@type\":\"PropertyValueSpecification\",\"valueRequired\":true,\"valueName\":\"search_term_string\"}}],\"inLanguage\":\"fr-FR\"},{\"@type\":\"NewsMediaOrganization\",\"@id\":\"https:\/\/dicodusport.fr\/blog\/#organization\",\"name\":\"Dicodusport\",\"url\":\"https:\/\/dicodusport.fr\/blog\/\",\"logo\":{\"@type\":\"ImageObject\",\"inLanguage\":\"fr-FR\",\"@id\":\"https:\/\/dicodusport.fr\/blog\/#\/schema\/logo\/image\/\",\"url\":\"https:\/\/dicodusport.fr\/blog\/wp-content\/uploads\/2020\/06\/cropped-LOGO-DICODUSPORT-2020-SANS-FOND-SANS-TEXTE.png\",\"contentUrl\":\"https:\/\/dicodusport.fr\/blog\/wp-content\/uploads\/2020\/06\/cropped-LOGO-DICODUSPORT-2020-SANS-FOND-SANS-TEXTE.png\",\"width\":512,\"height\":512,\"caption\":\"Dicodusport\"},\"image\":{\"@id\":\"https:\/\/dicodusport.fr\/blog\/#\/schema\/logo\/image\/\"},\"sameAs\":[\"https:\/\/www.facebook.com\/dicodusport\",\"https:\/\/x.com\/dicodusport\",\"https:\/\/www.instagram.com\/dicodusport\/\",\"https:\/\/www.youtube.com\/channel\/UC7V2KZ5sd3htJivAbA4ZG3w\"],\"description\":\"Dicodusport est l'encyclop\u00e9die de l'actualit\u00e9 sportive.\",\"email\":\"bonjour@dicodusport.fr\",\"legalName\":\"DICODUSPORT\",\"foundingDate\":\"2018-01-14\",\"vatID\":\"FR71834470973\",\"taxID\":\"83447097300043\",\"numberOfEmployees\":{\"@type\":\"QuantitativeValue\",\"minValue\":\"1\",\"maxValue\":\"10\"}},{\"@type\":\"Person\",\"@id\":\"https:\/\/dicodusport.fr\/blog\/#\/schema\/person\/d42c64fd3f03197157c71106ec84f28a\",\"name\":\"Aur\u00e9lien Torreilles\",\"image\":{\"@type\":\"ImageObject\",\"inLanguage\":\"fr-FR\",\"@id\":\"https:\/\/dicodusport.fr\/blog\/#\/schema\/person\/image\/\",\"url\":\"https:\/\/dicodusport.fr\/blog\/wp-content\/uploads\/2025\/06\/Aurelien-Torreilles-150x150.jpg\",\"contentUrl\":\"https:\/\/dicodusport.fr\/blog\/wp-content\/uploads\/2025\/06\/Aurelien-Torreilles-150x150.jpg\",\"caption\":\"Aur\u00e9lien Torreilles\"},\"description\":\"Encore apprenti journaliste, je d\u00e9couvre d\u00e8s mon plus jeune \u00e2ge les joies, les \u00e9motions et les frissons du monde du sport. Tr\u00e8s vite, j'en suis convaincu, je parlerai de sport toute ma vie, et promis pas que de rugby. Apr\u00e8s 3 ann\u00e9es de droit franco-espagnol, j'ai vite bifurqu\u00e9 vers l'\u00e9cole de journalisme de Toulouse pour en apprendre encore plus quant \u00e0 ce monde qui me passionne et parfaire mes tr\u00e8s jeunes et modestes connaissances. Je rejoins Dicodusport en juin 2025 apr\u00e8s 3 ann\u00e9es pass\u00e9es sur Treize Mondial. Faire vivre l'actualit\u00e9, transmettre l'information et transmettre des \u00e9motions sont mes seuls objectifs. Bien \u00e9videmment, tout \u00e7a dans la bonne humeur transpirante de l'\u00e9quipe de Dicodusport !\",\"url\":\"https:\/\/dicodusport.fr\/blog\/author\/aurelien\/\"}]}<\/script>\n<!-- \/ Yoast SEO Premium plugin. -->","yoast_head_json":{"title":"Ligue des Champions f\u00e9minine 2025\/2026 (J4) : Le Paris FC s'impose face au Benfica Lisbonne","description":"LIGUE DES CHAMPIONS FEMININE - Le Paris FC tient enfin sa premi\u00e8re victoire en Ligue des Champions. Apr\u00e8s 90 minutes maitris\u00e9es face aux Portugaises du Benfica, les joueuses de Sandrine Soubeyrand s'imposent 2-0 et raccrochent le wagon des qualifiables.\u00a0","robots":{"index":"index","follow":"follow","max-snippet":"max-snippet:-1","max-image-preview":"max-image-preview:large","max-video-preview":"max-video-preview:-1"},"canonical":"https:\/\/dicodusport.fr\/blog\/ligue-des-champions-feminine-2025-2026-j4-le-paris-fc-simpose-face-au-benfica-lisbonne\/","og_locale":"fr_FR","og_type":"article","og_title":"Ligue des Champions f\u00e9minine 2025\/2026 (J4) : Le Paris FC s'impose face au Benfica Lisbonne","og_description":"LIGUE DES CHAMPIONS FEMININE - Le Paris FC tient enfin sa premi\u00e8re victoire en Ligue des Champions. Apr\u00e8s 90 minutes maitris\u00e9es face aux Portugaises du Benfica, les joueuses de Sandrine Soubeyrand s'imposent 2-0 et raccrochent le wagon des qualifiables.\u00a0","og_url":"https:\/\/dicodusport.fr\/blog\/ligue-des-champions-feminine-2025-2026-j4-le-paris-fc-simpose-face-au-benfica-lisbonne\/","og_site_name":"Dicodusport","article_publisher":"https:\/\/www.facebook.com\/dicodusport","article_published_time":"2025-11-19T21:59:13+00:00","article_modified_time":"2025-11-19T22:19:16+00:00","og_image":[{"width":1200,"height":674,"url":"https:\/\/dicodusport.fr\/blog\/wp-content\/uploads\/2025\/11\/Ligue-des-Champions-feminine-20252026-J4-Le-Paris-FC-simpose-face-au-Benfica-Lisbonne.png","type":"image\/png"}],"author":"Aur\u00e9lien Torreilles","twitter_card":"summary_large_image","twitter_title":"Ligue des Champions f\u00e9minine 2025\/2026 (J4) : Le Paris FC s'impose face au Benfica Lisbonne","twitter_creator":"@dicodusport","twitter_site":"@dicodusport","schema":{"@context":"https:\/\/schema.org","@graph":[{"@type":"NewsArticle","@id":"https:\/\/dicodusport.fr\/blog\/ligue-des-champions-feminine-2025-2026-j4-le-paris-fc-simpose-face-au-benfica-lisbonne\/#article","isPartOf":{"@id":"https:\/\/dicodusport.fr\/blog\/ligue-des-champions-feminine-2025-2026-j4-le-paris-fc-simpose-face-au-benfica-lisbonne\/"},"author":{"name":"Aur\u00e9lien Torreilles","@id":"https:\/\/dicodusport.fr\/blog\/#\/schema\/person\/d42c64fd3f03197157c71106ec84f28a"},"headline":"Ligue des Champions f\u00e9minine 2025\/2026 (J4) : Le Paris FC s&rsquo;impose face au Benfica Lisbonne","datePublished":"2025-11-19T21:59:13+00:00","dateModified":"2025-11-19T22:19:16+00:00","mainEntityOfPage":{"@id":"https:\/\/dicodusport.fr\/blog\/ligue-des-champions-feminine-2025-2026-j4-le-paris-fc-simpose-face-au-benfica-lisbonne\/"},"wordCount":718,"commentCount":0,"publisher":{"@id":"https:\/\/dicodusport.fr\/blog\/#organization"},"image":{"@id":"https:\/\/dicodusport.fr\/blog\/ligue-des-champions-feminine-2025-2026-j4-le-paris-fc-simpose-face-au-benfica-lisbonne\/#primaryimage"},"thumbnailUrl":"https:\/\/dicodusport.fr\/blog\/wp-content\/uploads\/2025\/11\/Ligue-des-Champions-feminine-20252026-J4-Le-Paris-FC-simpose-face-au-Benfica-Lisbonne.png","keywords":["actu","Benfica","br\u00e8ve","Football","ligue des champions f\u00e9minine","Paris FC"],"articleSection":["Ligue des Champions de football"],"inLanguage":"fr-FR","potentialAction":[{"@type":"CommentAction","name":"Comment","target":["https:\/\/dicodusport.fr\/blog\/ligue-des-champions-feminine-2025-2026-j4-le-paris-fc-simpose-face-au-benfica-lisbonne\/#respond"]}],"copyrightYear":"2025","copyrightHolder":{"@id":"https:\/\/dicodusport.fr\/blog\/#organization"}},{"@type":"WebPage","@id":"https:\/\/dicodusport.fr\/blog\/ligue-des-champions-feminine-2025-2026-j4-le-paris-fc-simpose-face-au-benfica-lisbonne\/","url":"https:\/\/dicodusport.fr\/blog\/ligue-des-champions-feminine-2025-2026-j4-le-paris-fc-simpose-face-au-benfica-lisbonne\/","name":"Ligue des Champions f\u00e9minine 2025\/2026 (J4) : Le Paris FC s'impose face au Benfica Lisbonne","isPartOf":{"@id":"https:\/\/dicodusport.fr\/blog\/#website"},"primaryImageOfPage":{"@id":"https:\/\/dicodusport.fr\/blog\/ligue-des-champions-feminine-2025-2026-j4-le-paris-fc-simpose-face-au-benfica-lisbonne\/#primaryimage"},"image":{"@id":"https:\/\/dicodusport.fr\/blog\/ligue-des-champions-feminine-2025-2026-j4-le-paris-fc-simpose-face-au-benfica-lisbonne\/#primaryimage"},"thumbnailUrl":"https:\/\/dicodusport.fr\/blog\/wp-content\/uploads\/2025\/11\/Ligue-des-Champions-feminine-20252026-J4-Le-Paris-FC-simpose-face-au-Benfica-Lisbonne.png","datePublished":"2025-11-19T21:59:13+00:00","dateModified":"2025-11-19T22:19:16+00:00","description":"LIGUE DES CHAMPIONS FEMININE - Le Paris FC tient enfin sa premi\u00e8re victoire en Ligue des Champions. Apr\u00e8s 90 minutes maitris\u00e9es face aux Portugaises du Benfica, les joueuses de Sandrine Soubeyrand s'imposent 2-0 et raccrochent le wagon des qualifiables.\u00a0","breadcrumb":{"@id":"https:\/\/dicodusport.fr\/blog\/ligue-des-champions-feminine-2025-2026-j4-le-paris-fc-simpose-face-au-benfica-lisbonne\/#breadcrumb"},"inLanguage":"fr-FR","potentialAction":[{"@type":"ReadAction","target":["https:\/\/dicodusport.fr\/blog\/ligue-des-champions-feminine-2025-2026-j4-le-paris-fc-simpose-face-au-benfica-lisbonne\/"]}]},{"@type":"ImageObject","inLanguage":"fr-FR","@id":"https:\/\/dicodusport.fr\/blog\/ligue-des-champions-feminine-2025-2026-j4-le-paris-fc-simpose-face-au-benfica-lisbonne\/#primaryimage","url":"https:\/\/dicodusport.fr\/blog\/wp-content\/uploads\/2025\/11\/Ligue-des-Champions-feminine-20252026-J4-Le-Paris-FC-simpose-face-au-Benfica-Lisbonne.png","contentUrl":"https:\/\/dicodusport.fr\/blog\/wp-content\/uploads\/2025\/11\/Ligue-des-Champions-feminine-20252026-J4-Le-Paris-FC-simpose-face-au-Benfica-Lisbonne.png","width":1200,"height":674,"caption":"Ligue des Champions f\u00e9minine 20252026 (J4) Le Paris FC s'impose face au Benfica Lisbonne"},{"@type":"BreadcrumbList","@id":"https:\/\/dicodusport.fr\/blog\/ligue-des-champions-feminine-2025-2026-j4-le-paris-fc-simpose-face-au-benfica-lisbonne\/#breadcrumb","itemListElement":[{"@type":"ListItem","position":1,"name":"Accueil","item":"https:\/\/dicodusport.fr\/blog\/"},{"@type":"ListItem","position":2,"name":"Ligue des Champions f\u00e9minine 2025\/2026 (J4) : Le Paris FC s&rsquo;impose face au Benfica Lisbonne"}]},{"@type":"WebSite","@id":"https:\/\/dicodusport.fr\/blog\/#website","url":"https:\/\/dicodusport.fr\/blog\/","name":"Dicodusport","description":"L&#039;encyclop\u00e9die de l&#039;actualit\u00e9 sportive","publisher":{"@id":"https:\/\/dicodusport.fr\/blog\/#organization"},"potentialAction":[{"@type":"SearchAction","target":{"@type":"EntryPoint","urlTemplate":"https:\/\/dicodusport.fr\/blog\/?s={search_term_string}"},"query-input":{"@type":"PropertyValueSpecification","valueRequired":true,"valueName":"search_term_string"}}],"inLanguage":"fr-FR"},{"@type":"NewsMediaOrganization","@id":"https:\/\/dicodusport.fr\/blog\/#organization","name":"Dicodusport","url":"https:\/\/dicodusport.fr\/blog\/","logo":{"@type":"ImageObject","inLanguage":"fr-FR","@id":"https:\/\/dicodusport.fr\/blog\/#\/schema\/logo\/image\/","url":"https:\/\/dicodusport.fr\/blog\/wp-content\/uploads\/2020\/06\/cropped-LOGO-DICODUSPORT-2020-SANS-FOND-SANS-TEXTE.png","contentUrl":"https:\/\/dicodusport.fr\/blog\/wp-content\/uploads\/2020\/06\/cropped-LOGO-DICODUSPORT-2020-SANS-FOND-SANS-TEXTE.png","width":512,"height":512,"caption":"Dicodusport"},"image":{"@id":"https:\/\/dicodusport.fr\/blog\/#\/schema\/logo\/image\/"},"sameAs":["https:\/\/www.facebook.com\/dicodusport","https:\/\/x.com\/dicodusport","https:\/\/www.instagram.com\/dicodusport\/","https:\/\/www.youtube.com\/channel\/UC7V2KZ5sd3htJivAbA4ZG3w"],"description":"Dicodusport est l'encyclop\u00e9die de l'actualit\u00e9 sportive.","email":"bonjour@dicodusport.fr","legalName":"DICODUSPORT","foundingDate":"2018-01-14","vatID":"FR71834470973","taxID":"83447097300043","numberOfEmployees":{"@type":"QuantitativeValue","minValue":"1","maxValue":"10"}},{"@type":"Person","@id":"https:\/\/dicodusport.fr\/blog\/#\/schema\/person\/d42c64fd3f03197157c71106ec84f28a","name":"Aur\u00e9lien Torreilles","image":{"@type":"ImageObject","inLanguage":"fr-FR","@id":"https:\/\/dicodusport.fr\/blog\/#\/schema\/person\/image\/","url":"https:\/\/dicodusport.fr\/blog\/wp-content\/uploads\/2025\/06\/Aurelien-Torreilles-150x150.jpg","contentUrl":"https:\/\/dicodusport.fr\/blog\/wp-content\/uploads\/2025\/06\/Aurelien-Torreilles-150x150.jpg","caption":"Aur\u00e9lien Torreilles"},"description":"Encore apprenti journaliste, je d\u00e9couvre d\u00e8s mon plus jeune \u00e2ge les joies, les \u00e9motions et les frissons du monde du sport. Tr\u00e8s vite, j'en suis convaincu, je parlerai de sport toute ma vie, et promis pas que de rugby. Apr\u00e8s 3 ann\u00e9es de droit franco-espagnol, j'ai vite bifurqu\u00e9 vers l'\u00e9cole de journalisme de Toulouse pour en apprendre encore plus quant \u00e0 ce monde qui me passionne et parfaire mes tr\u00e8s jeunes et modestes connaissances. Je rejoins Dicodusport en juin 2025 apr\u00e8s 3 ann\u00e9es pass\u00e9es sur Treize Mondial. Faire vivre l'actualit\u00e9, transmettre l'information et transmettre des \u00e9motions sont mes seuls objectifs. Bien \u00e9videmment, tout \u00e7a dans la bonne humeur transpirante de l'\u00e9quipe de Dicodusport !","url":"https:\/\/dicodusport.fr\/blog\/author\/aurelien\/"}]}},"_links":{"self":[{"href":"https:\/\/dicodusport.fr\/blog\/wp-json\/wp\/v2\/posts\/626678","targetHints":{"allow":["GET"]}}],"collection":[{"href":"https:\/\/dicodusport.fr\/blog\/wp-json\/wp\/v2\/posts"}],"about":[{"href":"https:\/\/dicodusport.fr\/blog\/wp-json\/wp\/v2\/types\/post"}],"author":[{"embeddable":true,"href":"https:\/\/dicodusport.fr\/blog\/wp-json\/wp\/v2\/users\/119"}],"replies":[{"embeddable":true,"href":"https:\/\/dicodusport.fr\/blog\/wp-json\/wp\/v2\/comments?post=626678"}],"version-history":[{"count":5,"href":"https:\/\/dicodusport.fr\/blog\/wp-json\/wp\/v2\/posts\/626678\/revisions"}],"predecessor-version":[{"id":626684,"href":"https:\/\/dicodusport.fr\/blog\/wp-json\/wp\/v2\/posts\/626678\/revisions\/626684"}],"wp:featuredmedia":[{"embeddable":true,"href":"https:\/\/dicodusport.fr\/blog\/wp-json\/wp\/v2\/media\/626680"}],"wp:attachment":[{"href":"https:\/\/dicodusport.fr\/blog\/wp-json\/wp\/v2\/media?parent=626678"}],"wp:term":[{"taxonomy":"category","embeddable":true,"href":"https:\/\/dicodusport.fr\/blog\/wp-json\/wp\/v2\/categories?post=626678"},{"taxonomy":"post_tag","embeddable":true,"href":"https:\/\/dicodusport.fr\/blog\/wp-json\/wp\/v2\/tags?post=626678"}],"curies":[{"name":"wp","href":"https:\/\/api.w.org\/{rel}","templated":true}]}}