{"id":626750,"date":"2026-02-06T12:30:41","date_gmt":"2026-02-06T11:30:41","guid":{"rendered":"https:\/\/dicodusport.fr\/blog\/?p=626750&#038;preview=true&#038;preview_id=626750"},"modified":"2026-02-05T22:52:59","modified_gmt":"2026-02-05T21:52:59","slug":"fer-de-lance-du-bobsleigh-francais-margot-boch-vise-un-coup-declat-aux-jo-dhiver-2026","status":"publish","type":"post","link":"https:\/\/dicodusport.fr\/blog\/fer-de-lance-du-bobsleigh-francais-margot-boch-vise-un-coup-declat-aux-jo-dhiver-2026\/","title":{"rendered":"Fer de lance du bobsleigh fran\u00e7ais, Margot Boch vise un coup d&rsquo;\u00e9clat aux JO d&rsquo;hiver 2026"},"content":{"rendered":"<p style=\"text-align: justify;\"><em><strong>JO D&rsquo;HIVER 2026 &#8211; <\/strong><b>Avec Carla S\u00e9n\u00e9chal, Margot Boch repr\u00e9sentera la France en bobsleigh aux Jeux Olympiques d\u2019hiver 2026. En bob \u00e0 2, les deux femmes pourraient bien cr\u00e9er la surprise.\u00a0<\/b><\/em><\/p>\n<p style=\"text-align: justify;\"><span style=\"font-weight: 400;\">C\u2019est en bob \u00e0 deux que <strong>Margot Boch<\/strong> dispose des plus belles chances de r\u00e9sultat. Mais sa r\u00e9cente performance en monobob, \u00e0 Altenberg (Allemagne), lors de la derni\u00e8re \u00e9tape de Coupe du monde \u2014 o\u00f9 elle a termin\u00e9 7e \u2014 place l\u2019athl\u00e8te de 26 ans parmi les pr\u00e9tendantes cr\u00e9dibles \u00e0 un top 5 aux Jeux olympiques.<\/span><\/p>\n<div class=\"vlp-link-container vlp-layout-article\"><a href=\"https:\/\/dicodusport.fr\/blog\/jo-dhiver-2026-modes-de-qualification-et-francais-qualifies-sport-par-sport\/\" class=\"vlp-link\" title=\"JO d&#039;hiver 2026 : Les fran\u00e7ais qualifi\u00e9s sport par sport\"><\/a><div class=\"vlp-layout-zone-side\"><div class=\"vlp-block-4 vlp-link-image\"><img loading=\"lazy\" decoding=\"async\" style=\"max-width: 792px;\" width=\"792\" height=\"445\" src=\"https:\/\/dicodusport.fr\/blog\/wp-content\/uploads\/2025\/02\/JO-dhiver-2026-Modes-de-qualification-et-Francais-qualifies-sport-par-sport.png\" class=\"attachment-800x445 size-800x445\" alt=\"JO d&#039;hiver 2026 Modes de qualification et Fran\u00e7ais qualifi\u00e9s, sport par sport\" srcset=\"https:\/\/dicodusport.fr\/blog\/wp-content\/uploads\/2025\/02\/JO-dhiver-2026-Modes-de-qualification-et-Francais-qualifies-sport-par-sport.png 1200w, https:\/\/dicodusport.fr\/blog\/wp-content\/uploads\/2025\/02\/JO-dhiver-2026-Modes-de-qualification-et-Francais-qualifies-sport-par-sport-300x169.png 300w, https:\/\/dicodusport.fr\/blog\/wp-content\/uploads\/2025\/02\/JO-dhiver-2026-Modes-de-qualification-et-Francais-qualifies-sport-par-sport-1024x575.png 1024w, https:\/\/dicodusport.fr\/blog\/wp-content\/uploads\/2025\/02\/JO-dhiver-2026-Modes-de-qualification-et-Francais-qualifies-sport-par-sport-768x431.png 768w\" sizes=\"auto, (max-width: 792px) 100vw, 792px\" \/><\/div><\/div><div class=\"vlp-layout-zone-main\"><div class=\"vlp-block-0 vlp-link-title\">JO d'hiver 2026 : Les fran\u00e7ais qualifi\u00e9s sport par sport<\/div><div class=\"vlp-block-1 vlp-link-summary\">Les Fran\u00e7ais qualifi\u00e9s aux JO de Milan-Cortina, sport par sport.<\/div><div class=\"vlp-block-2 vlp-link-button\">Lire l'article<\/div><div class=\"vlp-block-3 vlp-link-url\">dicodusport.fr<\/div><\/div><\/div>\n<h2 style=\"text-align: justify;\">Un duo avec <strong>Carla S\u00e9n\u00e9chal<\/strong> depuis plusieurs ann\u00e9es<\/h2>\n<p style=\"text-align: justify;\"><span style=\"font-weight: 400;\">N\u00e9e \u00e0 Mac\u00f4t-la-Plagne le 13 juin 1999, <strong>Margot Boch<\/strong> a progress\u00e9 au fil des ann\u00e9es, devenant une habitu\u00e9e de la Coupe du monde depuis 2020. Championne d\u2019Europe juniors de bob \u00e0 deux \u00e0 Winterberg en 2023, elle avait alors r\u00e9alis\u00e9 une saison remarquable. En terminant \u00e0 la premi\u00e8re place de la Coupe d\u2019Europe de bob \u00e0 deux lors de la manche de Winterberg, elle avait ensuite confirm\u00e9 lors des Championnats du monde de Saint-Moritz. Associ\u00e9e \u00e0 <strong>Carla S\u00e9n\u00e9chal<\/strong>, elle avait atteint la 5e place en bob \u00e0 deux.<\/span><\/p>\n<p style=\"text-align: justify;\"><span style=\"font-weight: 400;\">L\u2019ann\u00e9e suivante, <strong>Margot Boch<\/strong> a confirm\u00e9 son potentiel en terminant \u00e0 la 10e place des Championnats du monde de monobob et \u00e0 la 4e place en bob \u00e0 deux sur l\u2019\u00e9tape de Coupe du monde de Saint-Moritz. De quoi asseoir son statut de t\u00eate d\u2019affiche de la glisse fran\u00e7aise. Cette saison, l\u2019athl\u00e8te entra\u00een\u00e9e par <strong>Bruno Mingeon<\/strong>, p\u00e8re de <a href=\"https:\/\/dicodusport.fr\/blog\/skeleton-maxime-mingeon-se-livre-sur-ses-debuts-express-en-coupe-du-monde\/\"><strong>Maxime Mingeon<\/strong><\/a>, a de nouveau brill\u00e9 lors des Championnats d\u2019Europe \u00e0 Saint-Moritz : 6e en monobob et 7e en duo. Dans un sport largement domin\u00e9 par les Europ\u00e9ennes, l\u2019espoir est donc permis pour <strong>Margot Boch<\/strong>, avec ou sans <strong>Carla S\u00e9n\u00e9chal<\/strong>.<\/span><\/p>\n<ul>\n<li style=\"text-align: justify;\"><strong>\u00c0 lire aussi : <a href=\"https:\/\/dicodusport.fr\/blog\/roche-ollivier-mingeon-notre-enquete-sur-ces-jeunes-francais-qui-visent-les-jo-2030-entre-espoirs-et-difficultes\/\">Roche, Ollivier, Mingeon\u2026 Notre enqu\u00eate sur ces jeunes Fran\u00e7ais qui visent les JO 2030 entre espoirs et difficult\u00e9s<\/a><\/strong><\/li>\n<\/ul>\n<h2 style=\"text-align: justify;\">Les deuxi\u00e8mes JO pour <strong>Margot Boch<\/strong><\/h2>\n<p style=\"text-align: justify;\"><span style=\"font-weight: 400;\">Une co\u00e9quipi\u00e8re qu\u2019elle va donc retrouver pour les Jeux olympiques d\u2019hiver. Les deux Fran\u00e7aises sont qualifi\u00e9es pour disputer la comp\u00e9tition reine. R\u00e9put\u00e9e comme l\u2019une des plus difficiles au monde, la piste de <strong>Cortina d\u2019Ampezzo<\/strong> a \u00e9t\u00e9 construite sp\u00e9cialement pour les Jeux. Lieu de la premi\u00e8re manche de Coupe du monde de bobsleigh en novembre \u2014 qualificative via le classement cumul\u00e9 sur sept manches \u2014 la piste italienne avait vu le duo tricolore terminer \u00e0 la 14e place. En monobob, <strong>Margot Boch<\/strong> avait quant \u00e0 elle conclu \u00e0 la 8e place. De bon augure avant le 15 f\u00e9vrier et l\u2019\u00e9preuve individuelle ?<\/span><\/p>\n<h3>Dicodusport vous conseille<\/h3>\n<div class=\"vlp-link-container vlp-layout-article\"><a href=\"https:\/\/dicodusport.fr\/blog\/calendrier-jo-dhiver-2026-programme-complet-des-epreuves-jour-par-jour-milan-cortina\/\" class=\"vlp-link\" title=\"Calendrier JO d\u2019hiver 2026 : programme complet des \u00e9preuves, jour par jour (Milan-Cortina)\"><\/a><div class=\"vlp-layout-zone-side\"><div class=\"vlp-block-4 vlp-link-image\"><img loading=\"lazy\" decoding=\"async\" style=\"max-width: 792px;\" width=\"792\" height=\"445\" src=\"https:\/\/dicodusport.fr\/blog\/wp-content\/uploads\/2026\/02\/Calendrier-JO-dhiver-2026-programme-complet-des-epreuves-jour-par-jour-Milan-Cortina.png\" class=\"attachment-800x445 size-800x445\" alt=\"Calendrier JO d\u2019hiver 2026 programme complet des \u00e9preuves, jour par jour (Milan-Cortina)\" srcset=\"https:\/\/dicodusport.fr\/blog\/wp-content\/uploads\/2026\/02\/Calendrier-JO-dhiver-2026-programme-complet-des-epreuves-jour-par-jour-Milan-Cortina.png 1200w, https:\/\/dicodusport.fr\/blog\/wp-content\/uploads\/2026\/02\/Calendrier-JO-dhiver-2026-programme-complet-des-epreuves-jour-par-jour-Milan-Cortina-300x169.png 300w, https:\/\/dicodusport.fr\/blog\/wp-content\/uploads\/2026\/02\/Calendrier-JO-dhiver-2026-programme-complet-des-epreuves-jour-par-jour-Milan-Cortina-1024x575.png 1024w, https:\/\/dicodusport.fr\/blog\/wp-content\/uploads\/2026\/02\/Calendrier-JO-dhiver-2026-programme-complet-des-epreuves-jour-par-jour-Milan-Cortina-768x431.png 768w\" sizes=\"auto, (max-width: 792px) 100vw, 792px\" \/><\/div><\/div><div class=\"vlp-layout-zone-main\"><div class=\"vlp-block-0 vlp-link-title\">Calendrier JO d\u2019hiver 2026 : programme complet des \u00e9preuves, jour par jour (Milan-Cortina)<\/div><div class=\"vlp-block-1 vlp-link-summary\">D\u00e9couvrez le calendrier complet des JO d\u2019hiver 2026 \u00e0 Milan-Cortina : toutes les \u00e9preuves, dates et horaires, jour par jour.<\/div><div class=\"vlp-block-2 vlp-link-button\">Lire l'article<\/div><div class=\"vlp-block-3 vlp-link-url\">dicodusport.fr<\/div><\/div><\/div>\n<div id=\"gtx-trans\" style=\"position: absolute; left: -14px; top: 40.9091px;\">\n<div class=\"gtx-trans-icon\" style=\"text-align: justify;\"><\/div>\n<\/div>\n","protected":false},"excerpt":{"rendered":"<p>Avec Carla S\u00e9n\u00e9chal, Margot Boch repr\u00e9sentera la France en bobsleigh aux Jeux Olympiques d\u2019hiver 2026. En bob \u00e0 2, les deux femmes pourraient bien cr\u00e9er la surprise.\u00a0<\/p>\n","protected":false},"author":88,"featured_media":644506,"comment_status":"open","ping_status":"closed","sticky":false,"template":"","format":"standard","meta":{"_acf_changed":false,"_daextam_enable_autolinks":"1","footnotes":""},"categories":[44003],"tags":[2800,16878,46887,46888,47094],"class_list":["post-626750","post","type-post","status-publish","format-standard","has-post-thumbnail","hentry","category-jo-hiver-2026","tag-bobsleigh","tag-breve","tag-jeux-olympiques-2026","tag-jo-2026","tag-jo-dhiver"],"acf":[],"yoast_head":"<!-- This site is optimized with the Yoast SEO Premium plugin v26.7 (Yoast SEO v26.7) - https:\/\/yoast.com\/wordpress\/plugins\/seo\/ -->\n<title>Fer de lance du bobsleigh fran\u00e7ais, Margot Boch vise un coup d&#039;\u00e9clat aux JO d&#039;hiver 2026<\/title>\n<meta name=\"description\" content=\"JEUX OLYMPIQUES D&#039;HIVER 2026 -Avec Carla S\u00e9n\u00e9chal, Margot Boch repr\u00e9sentera la France en bobsleigh aux Jeux Olympiques d\u2019hiver 2026.\" \/>\n<meta name=\"robots\" content=\"index, follow, max-snippet:-1, max-image-preview:large, max-video-preview:-1\" \/>\n<link rel=\"canonical\" href=\"https:\/\/dicodusport.fr\/blog\/fer-de-lance-du-bobsleigh-francais-margot-boch-vise-un-coup-declat-aux-jo-dhiver-2026\/\" \/>\n<meta property=\"og:locale\" content=\"fr_FR\" \/>\n<meta property=\"og:type\" content=\"article\" \/>\n<meta property=\"og:title\" content=\"Fer de lance du bobsleigh fran\u00e7ais, Margot Boch vise un coup d&#039;\u00e9clat aux JO d&#039;hiver 2026\" \/>\n<meta property=\"og:description\" content=\"JEUX OLYMPIQUES D&#039;HIVER 2026 -Avec Carla S\u00e9n\u00e9chal, Margot Boch repr\u00e9sentera la France en bobsleigh aux Jeux Olympiques d\u2019hiver 2026.\" \/>\n<meta property=\"og:url\" content=\"https:\/\/dicodusport.fr\/blog\/fer-de-lance-du-bobsleigh-francais-margot-boch-vise-un-coup-declat-aux-jo-dhiver-2026\/\" \/>\n<meta property=\"og:site_name\" content=\"Dicodusport\" \/>\n<meta property=\"article:publisher\" content=\"https:\/\/www.facebook.com\/dicodusport\" \/>\n<meta property=\"article:published_time\" content=\"2026-02-06T11:30:41+00:00\" \/>\n<meta property=\"og:image\" content=\"https:\/\/dicodusport.fr\/blog\/wp-content\/uploads\/2026\/01\/Fer-de-lance-du-bobsleigh-francais-Margot-Boch-vise-un-coup-declat-aux-JO-dhiver-2026.png\" \/>\n\t<meta property=\"og:image:width\" content=\"1200\" \/>\n\t<meta property=\"og:image:height\" content=\"674\" \/>\n\t<meta property=\"og:image:type\" content=\"image\/png\" \/>\n<meta name=\"author\" content=\"Paul Lalevee\" \/>\n<meta name=\"twitter:card\" content=\"summary_large_image\" \/>\n<meta name=\"twitter:title\" content=\"Fer de lance du bobsleigh fran\u00e7ais, Margot Boch vise un coup d&#039;\u00e9clat aux JO d&#039;hiver 2026\" \/>\n<meta name=\"twitter:creator\" content=\"@dicodusport\" \/>\n<meta name=\"twitter:site\" content=\"@dicodusport\" \/>\n<script type=\"application\/ld+json\" class=\"yoast-schema-graph\">{\"@context\":\"https:\/\/schema.org\",\"@graph\":[{\"@type\":\"NewsArticle\",\"@id\":\"https:\/\/dicodusport.fr\/blog\/fer-de-lance-du-bobsleigh-francais-margot-boch-vise-un-coup-declat-aux-jo-dhiver-2026\/#article\",\"isPartOf\":{\"@id\":\"https:\/\/dicodusport.fr\/blog\/fer-de-lance-du-bobsleigh-francais-margot-boch-vise-un-coup-declat-aux-jo-dhiver-2026\/\"},\"author\":{\"name\":\"Paul Lalevee\",\"@id\":\"https:\/\/dicodusport.fr\/blog\/#\/schema\/person\/1eaa63dfac40b5e5c47f03a71920c1cd\"},\"headline\":\"Fer de lance du bobsleigh fran\u00e7ais, Margot Boch vise un coup d&rsquo;\u00e9clat aux JO d&rsquo;hiver 2026\",\"datePublished\":\"2026-02-06T11:30:41+00:00\",\"mainEntityOfPage\":{\"@id\":\"https:\/\/dicodusport.fr\/blog\/fer-de-lance-du-bobsleigh-francais-margot-boch-vise-un-coup-declat-aux-jo-dhiver-2026\/\"},\"wordCount\":607,\"commentCount\":0,\"publisher\":{\"@id\":\"https:\/\/dicodusport.fr\/blog\/#organization\"},\"image\":{\"@id\":\"https:\/\/dicodusport.fr\/blog\/fer-de-lance-du-bobsleigh-francais-margot-boch-vise-un-coup-declat-aux-jo-dhiver-2026\/#primaryimage\"},\"thumbnailUrl\":\"https:\/\/dicodusport.fr\/blog\/wp-content\/uploads\/2026\/01\/Fer-de-lance-du-bobsleigh-francais-Margot-Boch-vise-un-coup-declat-aux-JO-dhiver-2026.png\",\"keywords\":[\"bobsleigh\",\"br\u00e8ve\",\"Jeux Olympiques 2026\",\"JO 2026\",\"JO d'hiver\"],\"articleSection\":[\"JO d'hiver 2026\"],\"inLanguage\":\"fr-FR\",\"potentialAction\":[{\"@type\":\"CommentAction\",\"name\":\"Comment\",\"target\":[\"https:\/\/dicodusport.fr\/blog\/fer-de-lance-du-bobsleigh-francais-margot-boch-vise-un-coup-declat-aux-jo-dhiver-2026\/#respond\"]}],\"copyrightYear\":\"2026\",\"copyrightHolder\":{\"@id\":\"https:\/\/dicodusport.fr\/blog\/#organization\"}},{\"@type\":\"WebPage\",\"@id\":\"https:\/\/dicodusport.fr\/blog\/fer-de-lance-du-bobsleigh-francais-margot-boch-vise-un-coup-declat-aux-jo-dhiver-2026\/\",\"url\":\"https:\/\/dicodusport.fr\/blog\/fer-de-lance-du-bobsleigh-francais-margot-boch-vise-un-coup-declat-aux-jo-dhiver-2026\/\",\"name\":\"Fer de lance du bobsleigh fran\u00e7ais, Margot Boch vise un coup d'\u00e9clat aux JO d'hiver 2026\",\"isPartOf\":{\"@id\":\"https:\/\/dicodusport.fr\/blog\/#website\"},\"primaryImageOfPage\":{\"@id\":\"https:\/\/dicodusport.fr\/blog\/fer-de-lance-du-bobsleigh-francais-margot-boch-vise-un-coup-declat-aux-jo-dhiver-2026\/#primaryimage\"},\"image\":{\"@id\":\"https:\/\/dicodusport.fr\/blog\/fer-de-lance-du-bobsleigh-francais-margot-boch-vise-un-coup-declat-aux-jo-dhiver-2026\/#primaryimage\"},\"thumbnailUrl\":\"https:\/\/dicodusport.fr\/blog\/wp-content\/uploads\/2026\/01\/Fer-de-lance-du-bobsleigh-francais-Margot-Boch-vise-un-coup-declat-aux-JO-dhiver-2026.png\",\"datePublished\":\"2026-02-06T11:30:41+00:00\",\"description\":\"JEUX OLYMPIQUES D'HIVER 2026 -Avec Carla S\u00e9n\u00e9chal, Margot Boch repr\u00e9sentera la France en bobsleigh aux Jeux Olympiques d\u2019hiver 2026.\",\"breadcrumb\":{\"@id\":\"https:\/\/dicodusport.fr\/blog\/fer-de-lance-du-bobsleigh-francais-margot-boch-vise-un-coup-declat-aux-jo-dhiver-2026\/#breadcrumb\"},\"inLanguage\":\"fr-FR\",\"potentialAction\":[{\"@type\":\"ReadAction\",\"target\":[\"https:\/\/dicodusport.fr\/blog\/fer-de-lance-du-bobsleigh-francais-margot-boch-vise-un-coup-declat-aux-jo-dhiver-2026\/\"]}]},{\"@type\":\"ImageObject\",\"inLanguage\":\"fr-FR\",\"@id\":\"https:\/\/dicodusport.fr\/blog\/fer-de-lance-du-bobsleigh-francais-margot-boch-vise-un-coup-declat-aux-jo-dhiver-2026\/#primaryimage\",\"url\":\"https:\/\/dicodusport.fr\/blog\/wp-content\/uploads\/2026\/01\/Fer-de-lance-du-bobsleigh-francais-Margot-Boch-vise-un-coup-declat-aux-JO-dhiver-2026.png\",\"contentUrl\":\"https:\/\/dicodusport.fr\/blog\/wp-content\/uploads\/2026\/01\/Fer-de-lance-du-bobsleigh-francais-Margot-Boch-vise-un-coup-declat-aux-JO-dhiver-2026.png\",\"width\":1200,\"height\":674,\"caption\":\"Fer de lance du bobsleigh fran\u00e7ais, Margot Boch vise un coup d'\u00e9clat aux JO d'hiver 2026\"},{\"@type\":\"BreadcrumbList\",\"@id\":\"https:\/\/dicodusport.fr\/blog\/fer-de-lance-du-bobsleigh-francais-margot-boch-vise-un-coup-declat-aux-jo-dhiver-2026\/#breadcrumb\",\"itemListElement\":[{\"@type\":\"ListItem\",\"position\":1,\"name\":\"Accueil\",\"item\":\"https:\/\/dicodusport.fr\/blog\/\"},{\"@type\":\"ListItem\",\"position\":2,\"name\":\"Fer de lance du bobsleigh fran\u00e7ais, Margot Boch vise un coup d&rsquo;\u00e9clat aux JO d&rsquo;hiver 2026\"}]},{\"@type\":\"WebSite\",\"@id\":\"https:\/\/dicodusport.fr\/blog\/#website\",\"url\":\"https:\/\/dicodusport.fr\/blog\/\",\"name\":\"Dicodusport\",\"description\":\"L&#039;encyclop\u00e9die de l&#039;actualit\u00e9 sportive\",\"publisher\":{\"@id\":\"https:\/\/dicodusport.fr\/blog\/#organization\"},\"potentialAction\":[{\"@type\":\"SearchAction\",\"target\":{\"@type\":\"EntryPoint\",\"urlTemplate\":\"https:\/\/dicodusport.fr\/blog\/?s={search_term_string}\"},\"query-input\":{\"@type\":\"PropertyValueSpecification\",\"valueRequired\":true,\"valueName\":\"search_term_string\"}}],\"inLanguage\":\"fr-FR\"},{\"@type\":\"NewsMediaOrganization\",\"@id\":\"https:\/\/dicodusport.fr\/blog\/#organization\",\"name\":\"Dicodusport\",\"url\":\"https:\/\/dicodusport.fr\/blog\/\",\"logo\":{\"@type\":\"ImageObject\",\"inLanguage\":\"fr-FR\",\"@id\":\"https:\/\/dicodusport.fr\/blog\/#\/schema\/logo\/image\/\",\"url\":\"https:\/\/dicodusport.fr\/blog\/wp-content\/uploads\/2020\/06\/cropped-LOGO-DICODUSPORT-2020-SANS-FOND-SANS-TEXTE.png\",\"contentUrl\":\"https:\/\/dicodusport.fr\/blog\/wp-content\/uploads\/2020\/06\/cropped-LOGO-DICODUSPORT-2020-SANS-FOND-SANS-TEXTE.png\",\"width\":512,\"height\":512,\"caption\":\"Dicodusport\"},\"image\":{\"@id\":\"https:\/\/dicodusport.fr\/blog\/#\/schema\/logo\/image\/\"},\"sameAs\":[\"https:\/\/www.facebook.com\/dicodusport\",\"https:\/\/x.com\/dicodusport\",\"https:\/\/www.instagram.com\/dicodusport\/\",\"https:\/\/www.youtube.com\/channel\/UC7V2KZ5sd3htJivAbA4ZG3w\"],\"description\":\"Dicodusport est l'encyclop\u00e9die de l'actualit\u00e9 sportive.\",\"email\":\"bonjour@dicodusport.fr\",\"legalName\":\"DICODUSPORT\",\"foundingDate\":\"2018-01-14\",\"vatID\":\"FR71834470973\",\"taxID\":\"83447097300043\",\"numberOfEmployees\":{\"@type\":\"QuantitativeValue\",\"minValue\":\"1\",\"maxValue\":\"10\"}},{\"@type\":\"Person\",\"@id\":\"https:\/\/dicodusport.fr\/blog\/#\/schema\/person\/1eaa63dfac40b5e5c47f03a71920c1cd\",\"name\":\"Paul Lalevee\",\"image\":{\"@type\":\"ImageObject\",\"inLanguage\":\"fr-FR\",\"@id\":\"https:\/\/dicodusport.fr\/blog\/#\/schema\/person\/image\/\",\"url\":\"https:\/\/dicodusport.fr\/blog\/wp-content\/uploads\/2023\/10\/291154246_1690604071293245_3118259335115946499_n-150x150.jpg\",\"contentUrl\":\"https:\/\/dicodusport.fr\/blog\/wp-content\/uploads\/2023\/10\/291154246_1690604071293245_3118259335115946499_n-150x150.jpg\",\"caption\":\"Paul Lalevee\"},\"description\":\"La bulle Disney pendant le Covid, le Tour 2019, la Coupe du monde 2018. Ces trois \u00e9v\u00e9nements majeurs sont ancr\u00e9s dans ma t\u00eate de fan de sport, n\u00e9gativement ou positivement. Passionn\u00e9 de sport depuis l'enfance, j'ai d\u00e9cid\u00e9 de mettre ma passion de l'\u00e9criture au service de cette premi\u00e8re passion.\",\"url\":\"https:\/\/dicodusport.fr\/blog\/author\/paul-lalevee\/\"}]}<\/script>\n<!-- \/ Yoast SEO Premium plugin. -->","yoast_head_json":{"title":"Fer de lance du bobsleigh fran\u00e7ais, Margot Boch vise un coup d'\u00e9clat aux JO d'hiver 2026","description":"JEUX OLYMPIQUES D'HIVER 2026 -Avec Carla S\u00e9n\u00e9chal, Margot Boch repr\u00e9sentera la France en bobsleigh aux Jeux Olympiques d\u2019hiver 2026.","robots":{"index":"index","follow":"follow","max-snippet":"max-snippet:-1","max-image-preview":"max-image-preview:large","max-video-preview":"max-video-preview:-1"},"canonical":"https:\/\/dicodusport.fr\/blog\/fer-de-lance-du-bobsleigh-francais-margot-boch-vise-un-coup-declat-aux-jo-dhiver-2026\/","og_locale":"fr_FR","og_type":"article","og_title":"Fer de lance du bobsleigh fran\u00e7ais, Margot Boch vise un coup d'\u00e9clat aux JO d'hiver 2026","og_description":"JEUX OLYMPIQUES D'HIVER 2026 -Avec Carla S\u00e9n\u00e9chal, Margot Boch repr\u00e9sentera la France en bobsleigh aux Jeux Olympiques d\u2019hiver 2026.","og_url":"https:\/\/dicodusport.fr\/blog\/fer-de-lance-du-bobsleigh-francais-margot-boch-vise-un-coup-declat-aux-jo-dhiver-2026\/","og_site_name":"Dicodusport","article_publisher":"https:\/\/www.facebook.com\/dicodusport","article_published_time":"2026-02-06T11:30:41+00:00","og_image":[{"width":1200,"height":674,"url":"https:\/\/dicodusport.fr\/blog\/wp-content\/uploads\/2026\/01\/Fer-de-lance-du-bobsleigh-francais-Margot-Boch-vise-un-coup-declat-aux-JO-dhiver-2026.png","type":"image\/png"}],"author":"Paul Lalevee","twitter_card":"summary_large_image","twitter_title":"Fer de lance du bobsleigh fran\u00e7ais, Margot Boch vise un coup d'\u00e9clat aux JO d'hiver 2026","twitter_creator":"@dicodusport","twitter_site":"@dicodusport","schema":{"@context":"https:\/\/schema.org","@graph":[{"@type":"NewsArticle","@id":"https:\/\/dicodusport.fr\/blog\/fer-de-lance-du-bobsleigh-francais-margot-boch-vise-un-coup-declat-aux-jo-dhiver-2026\/#article","isPartOf":{"@id":"https:\/\/dicodusport.fr\/blog\/fer-de-lance-du-bobsleigh-francais-margot-boch-vise-un-coup-declat-aux-jo-dhiver-2026\/"},"author":{"name":"Paul Lalevee","@id":"https:\/\/dicodusport.fr\/blog\/#\/schema\/person\/1eaa63dfac40b5e5c47f03a71920c1cd"},"headline":"Fer de lance du bobsleigh fran\u00e7ais, Margot Boch vise un coup d&rsquo;\u00e9clat aux JO d&rsquo;hiver 2026","datePublished":"2026-02-06T11:30:41+00:00","mainEntityOfPage":{"@id":"https:\/\/dicodusport.fr\/blog\/fer-de-lance-du-bobsleigh-francais-margot-boch-vise-un-coup-declat-aux-jo-dhiver-2026\/"},"wordCount":607,"commentCount":0,"publisher":{"@id":"https:\/\/dicodusport.fr\/blog\/#organization"},"image":{"@id":"https:\/\/dicodusport.fr\/blog\/fer-de-lance-du-bobsleigh-francais-margot-boch-vise-un-coup-declat-aux-jo-dhiver-2026\/#primaryimage"},"thumbnailUrl":"https:\/\/dicodusport.fr\/blog\/wp-content\/uploads\/2026\/01\/Fer-de-lance-du-bobsleigh-francais-Margot-Boch-vise-un-coup-declat-aux-JO-dhiver-2026.png","keywords":["bobsleigh","br\u00e8ve","Jeux Olympiques 2026","JO 2026","JO d'hiver"],"articleSection":["JO d'hiver 2026"],"inLanguage":"fr-FR","potentialAction":[{"@type":"CommentAction","name":"Comment","target":["https:\/\/dicodusport.fr\/blog\/fer-de-lance-du-bobsleigh-francais-margot-boch-vise-un-coup-declat-aux-jo-dhiver-2026\/#respond"]}],"copyrightYear":"2026","copyrightHolder":{"@id":"https:\/\/dicodusport.fr\/blog\/#organization"}},{"@type":"WebPage","@id":"https:\/\/dicodusport.fr\/blog\/fer-de-lance-du-bobsleigh-francais-margot-boch-vise-un-coup-declat-aux-jo-dhiver-2026\/","url":"https:\/\/dicodusport.fr\/blog\/fer-de-lance-du-bobsleigh-francais-margot-boch-vise-un-coup-declat-aux-jo-dhiver-2026\/","name":"Fer de lance du bobsleigh fran\u00e7ais, Margot Boch vise un coup d'\u00e9clat aux JO d'hiver 2026","isPartOf":{"@id":"https:\/\/dicodusport.fr\/blog\/#website"},"primaryImageOfPage":{"@id":"https:\/\/dicodusport.fr\/blog\/fer-de-lance-du-bobsleigh-francais-margot-boch-vise-un-coup-declat-aux-jo-dhiver-2026\/#primaryimage"},"image":{"@id":"https:\/\/dicodusport.fr\/blog\/fer-de-lance-du-bobsleigh-francais-margot-boch-vise-un-coup-declat-aux-jo-dhiver-2026\/#primaryimage"},"thumbnailUrl":"https:\/\/dicodusport.fr\/blog\/wp-content\/uploads\/2026\/01\/Fer-de-lance-du-bobsleigh-francais-Margot-Boch-vise-un-coup-declat-aux-JO-dhiver-2026.png","datePublished":"2026-02-06T11:30:41+00:00","description":"JEUX OLYMPIQUES D'HIVER 2026 -Avec Carla S\u00e9n\u00e9chal, Margot Boch repr\u00e9sentera la France en bobsleigh aux Jeux Olympiques d\u2019hiver 2026.","breadcrumb":{"@id":"https:\/\/dicodusport.fr\/blog\/fer-de-lance-du-bobsleigh-francais-margot-boch-vise-un-coup-declat-aux-jo-dhiver-2026\/#breadcrumb"},"inLanguage":"fr-FR","potentialAction":[{"@type":"ReadAction","target":["https:\/\/dicodusport.fr\/blog\/fer-de-lance-du-bobsleigh-francais-margot-boch-vise-un-coup-declat-aux-jo-dhiver-2026\/"]}]},{"@type":"ImageObject","inLanguage":"fr-FR","@id":"https:\/\/dicodusport.fr\/blog\/fer-de-lance-du-bobsleigh-francais-margot-boch-vise-un-coup-declat-aux-jo-dhiver-2026\/#primaryimage","url":"https:\/\/dicodusport.fr\/blog\/wp-content\/uploads\/2026\/01\/Fer-de-lance-du-bobsleigh-francais-Margot-Boch-vise-un-coup-declat-aux-JO-dhiver-2026.png","contentUrl":"https:\/\/dicodusport.fr\/blog\/wp-content\/uploads\/2026\/01\/Fer-de-lance-du-bobsleigh-francais-Margot-Boch-vise-un-coup-declat-aux-JO-dhiver-2026.png","width":1200,"height":674,"caption":"Fer de lance du bobsleigh fran\u00e7ais, Margot Boch vise un coup d'\u00e9clat aux JO d'hiver 2026"},{"@type":"BreadcrumbList","@id":"https:\/\/dicodusport.fr\/blog\/fer-de-lance-du-bobsleigh-francais-margot-boch-vise-un-coup-declat-aux-jo-dhiver-2026\/#breadcrumb","itemListElement":[{"@type":"ListItem","position":1,"name":"Accueil","item":"https:\/\/dicodusport.fr\/blog\/"},{"@type":"ListItem","position":2,"name":"Fer de lance du bobsleigh fran\u00e7ais, Margot Boch vise un coup d&rsquo;\u00e9clat aux JO d&rsquo;hiver 2026"}]},{"@type":"WebSite","@id":"https:\/\/dicodusport.fr\/blog\/#website","url":"https:\/\/dicodusport.fr\/blog\/","name":"Dicodusport","description":"L&#039;encyclop\u00e9die de l&#039;actualit\u00e9 sportive","publisher":{"@id":"https:\/\/dicodusport.fr\/blog\/#organization"},"potentialAction":[{"@type":"SearchAction","target":{"@type":"EntryPoint","urlTemplate":"https:\/\/dicodusport.fr\/blog\/?s={search_term_string}"},"query-input":{"@type":"PropertyValueSpecification","valueRequired":true,"valueName":"search_term_string"}}],"inLanguage":"fr-FR"},{"@type":"NewsMediaOrganization","@id":"https:\/\/dicodusport.fr\/blog\/#organization","name":"Dicodusport","url":"https:\/\/dicodusport.fr\/blog\/","logo":{"@type":"ImageObject","inLanguage":"fr-FR","@id":"https:\/\/dicodusport.fr\/blog\/#\/schema\/logo\/image\/","url":"https:\/\/dicodusport.fr\/blog\/wp-content\/uploads\/2020\/06\/cropped-LOGO-DICODUSPORT-2020-SANS-FOND-SANS-TEXTE.png","contentUrl":"https:\/\/dicodusport.fr\/blog\/wp-content\/uploads\/2020\/06\/cropped-LOGO-DICODUSPORT-2020-SANS-FOND-SANS-TEXTE.png","width":512,"height":512,"caption":"Dicodusport"},"image":{"@id":"https:\/\/dicodusport.fr\/blog\/#\/schema\/logo\/image\/"},"sameAs":["https:\/\/www.facebook.com\/dicodusport","https:\/\/x.com\/dicodusport","https:\/\/www.instagram.com\/dicodusport\/","https:\/\/www.youtube.com\/channel\/UC7V2KZ5sd3htJivAbA4ZG3w"],"description":"Dicodusport est l'encyclop\u00e9die de l'actualit\u00e9 sportive.","email":"bonjour@dicodusport.fr","legalName":"DICODUSPORT","foundingDate":"2018-01-14","vatID":"FR71834470973","taxID":"83447097300043","numberOfEmployees":{"@type":"QuantitativeValue","minValue":"1","maxValue":"10"}},{"@type":"Person","@id":"https:\/\/dicodusport.fr\/blog\/#\/schema\/person\/1eaa63dfac40b5e5c47f03a71920c1cd","name":"Paul Lalevee","image":{"@type":"ImageObject","inLanguage":"fr-FR","@id":"https:\/\/dicodusport.fr\/blog\/#\/schema\/person\/image\/","url":"https:\/\/dicodusport.fr\/blog\/wp-content\/uploads\/2023\/10\/291154246_1690604071293245_3118259335115946499_n-150x150.jpg","contentUrl":"https:\/\/dicodusport.fr\/blog\/wp-content\/uploads\/2023\/10\/291154246_1690604071293245_3118259335115946499_n-150x150.jpg","caption":"Paul Lalevee"},"description":"La bulle Disney pendant le Covid, le Tour 2019, la Coupe du monde 2018. Ces trois \u00e9v\u00e9nements majeurs sont ancr\u00e9s dans ma t\u00eate de fan de sport, n\u00e9gativement ou positivement. Passionn\u00e9 de sport depuis l'enfance, j'ai d\u00e9cid\u00e9 de mettre ma passion de l'\u00e9criture au service de cette premi\u00e8re passion.","url":"https:\/\/dicodusport.fr\/blog\/author\/paul-lalevee\/"}]}},"_links":{"self":[{"href":"https:\/\/dicodusport.fr\/blog\/wp-json\/wp\/v2\/posts\/626750","targetHints":{"allow":["GET"]}}],"collection":[{"href":"https:\/\/dicodusport.fr\/blog\/wp-json\/wp\/v2\/posts"}],"about":[{"href":"https:\/\/dicodusport.fr\/blog\/wp-json\/wp\/v2\/types\/post"}],"author":[{"embeddable":true,"href":"https:\/\/dicodusport.fr\/blog\/wp-json\/wp\/v2\/users\/88"}],"replies":[{"embeddable":true,"href":"https:\/\/dicodusport.fr\/blog\/wp-json\/wp\/v2\/comments?post=626750"}],"version-history":[{"count":5,"href":"https:\/\/dicodusport.fr\/blog\/wp-json\/wp\/v2\/posts\/626750\/revisions"}],"predecessor-version":[{"id":644505,"href":"https:\/\/dicodusport.fr\/blog\/wp-json\/wp\/v2\/posts\/626750\/revisions\/644505"}],"wp:featuredmedia":[{"embeddable":true,"href":"https:\/\/dicodusport.fr\/blog\/wp-json\/wp\/v2\/media\/644506"}],"wp:attachment":[{"href":"https:\/\/dicodusport.fr\/blog\/wp-json\/wp\/v2\/media?parent=626750"}],"wp:term":[{"taxonomy":"category","embeddable":true,"href":"https:\/\/dicodusport.fr\/blog\/wp-json\/wp\/v2\/categories?post=626750"},{"taxonomy":"post_tag","embeddable":true,"href":"https:\/\/dicodusport.fr\/blog\/wp-json\/wp\/v2\/tags?post=626750"}],"curies":[{"name":"wp","href":"https:\/\/api.w.org\/{rel}","templated":true}]}}