{"id":627158,"date":"2025-11-22T14:31:25","date_gmt":"2025-11-22T13:31:25","guid":{"rendered":"https:\/\/dicodusport.fr\/blog\/?p=627158&#038;preview=true&#038;preview_id=627158"},"modified":"2025-11-22T15:22:49","modified_gmt":"2025-11-22T14:22:49","slug":"incroyable-paco-rassat-sur-le-slalom-de-gurgl-premiere-victoire-en-coupe-du-monde-pour-le-francais","status":"publish","type":"post","link":"https:\/\/dicodusport.fr\/blog\/incroyable-paco-rassat-sur-le-slalom-de-gurgl-premiere-victoire-en-coupe-du-monde-pour-le-francais\/","title":{"rendered":"Incroyable Paco Rassat sur le slalom de Gurgl : premi\u00e8re victoire en Coupe du monde pour le Fran\u00e7ais !"},"content":{"rendered":"<p style=\"text-align: justify;\"><strong><em>COUPE DU MONDE DE SKI ALPIN 2025\/2026 &#8211; Paco Rassat a sign\u00e9 une performance exceptionnelle, remontant de la 14\u00e8me place pour d\u00e9crocher la premi\u00e8re victoire de sa carri\u00e8re sur le slalom de Gurgl. Le Belge Armand Marchand termine deuxi\u00e8me et signe, lui aussi, son premier podium.<\/em><\/strong><\/p>\n<ul>\n<li style=\"text-align: justify;\"><strong>\u00c0 voir \u00e9galement : <a href=\"https:\/\/dicodusport.fr\/blog\/ski-alpin-coupe-du-monde-2025-2026-le-calendrier-complet\/\">Ski alpin Coupe du monde 2025-2026 \u2013 Le calendrier complet<\/a><\/strong><\/li>\n<\/ul>\n<h2 style=\"text-align: justify;\">Des \u00e9carts resserr\u00e9s au terme de la premi\u00e8re manche<\/h2>\n<p style=\"text-align: justify;\">Deux slaloms cons\u00e9cutifs en deux week-ends, pas de doute, l&rsquo;hiver est bien lanc\u00e9. Les trois semaines qui ont s\u00e9par\u00e9 l&rsquo;\u00e9tape de S\u00f6lden de celle de Levi sont derri\u00e8re nous, d\u00e9sormais place aux plaids, aux boissons chaudes et aux pulls en laine car du ski il y en aura toutes les semaines jusqu&rsquo;\u00e0 la fin de l&rsquo;ann\u00e9e. Ce matin, les sp\u00e9cialistes des piquets serr\u00e9s \u00e9taient ainsi \u00e0 l&rsquo;honneur dans la station autrichienne de Gurgl. Une semaine apr\u00e8s la <a href=\"https:\/\/dicodusport.fr\/blog\/slalom-hommes-levi-2025-clement-noel-deuxieme-derriere-lucas-pinheiro-braathen\/\">victoire de <strong>Lucas Pinheiro Braathen<\/strong><\/a>, les ambitieux \u00e9taient nombreux pour tenter de d\u00e9crocher la victoire aujourd&rsquo;hui. Et c&rsquo;est un Fran\u00e7ais qui a tir\u00e9 son \u00e9pingle du jeu&#8230;<\/p>\n<p style=\"text-align: justify;\">Ainsi, ils \u00e9taient 19 \u00e0 s&#8217;empiler dans la m\u00eame seconde au terme de la premi\u00e8re manche ! \u00c0 titre de comparaison, ils n&rsquo;\u00e9taient que six dimanche dernier \u00e0 ce stade. Mieux, tous pouvaient encore pr\u00e9tendre au podium puisque le trenti\u00e8me ouvrait le bal de la seconde manche avec seulement 1.47 seconde de retard sur le Norv\u00e9gien <strong>Atle Lie McGrath<\/strong>, qui refermait le portillon. Dans cette m\u00eal\u00e9e g\u00e9n\u00e9rale, les Fran\u00e7ais n&rsquo;ont pas d\u00e9rog\u00e9 \u00e0 la r\u00e8gle puisque, derri\u00e8re <strong>Cl\u00e9ment No\u00ebl<\/strong> (7\u00e8me \u00e0 48 centi\u00e8mes), <strong>Paco Rassat<\/strong>, <strong>Victor Muffat-Jeandet<\/strong> et <strong>Steven Amiez<\/strong> r\u00e9alisaient un tr\u00e8s beau tir group\u00e9 : 14\u00e8me, 15\u00e8me et 16\u00e8me \u00e0 85, 87 et 88 centi\u00e8mes. Seul <strong>Antoine Azzolin<\/strong>, dossard 52, restait \u00e0 quai malgr\u00e9 un d\u00e9part canon.<\/p>\n<ul>\n<li style=\"text-align: justify;\"><strong>\u00c0 voir \u00e9galement : <a href=\"https:\/\/dicodusport.fr\/blog\/coupe-du-monde-ski-alpin-classement-general-hommes-mis-a-jour\/\">Coupe du monde Ski alpin : Classement g\u00e9n\u00e9ral hommes mis \u00e0 jour<\/a><\/strong><\/li>\n<\/ul>\n<h2 style=\"text-align: justify;\">Paco \u00ab Rassat Rocket \u00bb !<\/h2>\n<p style=\"text-align: justify;\">Le quart d&rsquo;heure fran\u00e7ais de la seconde manche avait mal d\u00e9but\u00e9. <strong>Steven Amiez<\/strong> ne prenait que la cinqui\u00e8me place provisoire, loin derri\u00e8re l&rsquo;Autrichien <strong>Dominik Raschner<\/strong>, auteur de la grosse remont\u00e9e du jour (6\u00e8me, +19 places). Il termine finalement 15\u00e8me, loin de ses attentes initiales. <strong>Victor Muffat-Jeandet<\/strong> basculait lui aussi derri\u00e8re l&rsquo;Autrichien pour trois petits centi\u00e8mes, mais signait une performance qui le rapproche encore du top 15 \u00e0 la <a href=\"https:\/\/www.fis-ski.com\/DB\/alpine-skiing\/cup-standings.html?sectorcode=AL&amp;seasoncode=2026&amp;cupcode=WCSL&amp;disciplinecode=SL&amp;gendercode=M\">WCSL<\/a>, puisqu&rsquo;il d\u00e9passe <strong>Kristoffer Jakobsen<\/strong>, tomb\u00e9 en premi\u00e8re manche. Il termine 7\u00e8me. Mais un Bleu peut toujours en cacher un autre : <strong>Muffat-Jeandet<\/strong> a lui-m\u00eame \u00e9t\u00e9 d\u00e9pass\u00e9 par un <strong>Paco Rassat<\/strong> en feu !<\/p>\n<p style=\"text-align: justify;\">Le Fran\u00e7ais a r\u00e9alis\u00e9 une manche d&rsquo;une puret\u00e9 exceptionnelle, rel\u00e9guant <strong>Raschner<\/strong> \u00e0 sept dixi\u00e8mes ! Derri\u00e8re lui, les autres s&#8217;empilaient et l&rsquo;id\u00e9e d&rsquo;un podium commen\u00e7ait \u00e0 prendre forme. <strong>Cl\u00e9ment No\u00ebl<\/strong>, malgr\u00e9 ses 37 centi\u00e8mes d&rsquo;avance au d\u00e9part, basculait lui aussi dans le rouge, victime d&rsquo;une grosse faute au moment d&rsquo;aborder le plat final. Le dauphin de <strong>Pinheiro Braathen<\/strong> la semaine derni\u00e8re doit se contenter de la 12\u00e8me place tandis que le Br\u00e9silien finit 10\u00e8me.<\/p>\n<ul>\n<li style=\"text-align: justify;\"><strong>\u00c0 voir \u00e9galement : <a href=\"https:\/\/dicodusport.fr\/blog\/slalom-hommes-gurgl-2025-classement-et-resultats\/\">Slalom hommes Gurgl 2025 \u2013 Classement et r\u00e9sultats<\/a><\/strong><\/li>\n<\/ul>\n<h2 style=\"text-align: justify;\">Une victoire et un changement de dimension<\/h2>\n<p style=\"text-align: justify;\">Le podium s\u2019est pr\u00e9cis\u00e9 apr\u00e8s le passage de <strong>Linus Strasser<\/strong>, quatri\u00e8me de la premi\u00e8re manche, qui comptait 29 centi\u00e8mes de retard sur le Fran\u00e7ais. Il est devenu r\u00e9alit\u00e9 quelques secondes plus tard lorsque <strong>Tanguy Nef<\/strong> basculait lui aussi du mauvais c\u00f4t\u00e9. Restait alors l&rsquo;une des plus grosses menaces : <strong>Eduard Hallberg<\/strong>. Troisi\u00e8me la semaine derni\u00e8re, auteur du deuxi\u00e8me temps de la premi\u00e8re manche malgr\u00e9 son dossard 24, le Finlandais pouvait encore tout changer. Mais il a commis une faute d&rsquo;int\u00e9rieur et dispara\u00eet du classement final.<\/p>\n<p style=\"text-align: justify;\">Le r\u00eave de podium est alors devenu un r\u00eave de victoire \u2013 et il a fallu trembler jusqu&rsquo;au bout. <strong>Atle Lie McGrath<\/strong>, impressionnant sur sa premi\u00e8re manche, \u00e9tait encore au contact au dernier interm\u00e9diaire, avec seulement quatre centi\u00e8mes de retard. Des centi\u00e8mes qui ont finalement tourn\u00e9 en faveur de <strong>Paco Rassat<\/strong> : il en conserve neuf sur la ligne et s&rsquo;offre un succ\u00e8s prestigieux d\u00e8s sa deuxi\u00e8me course de l&rsquo;hiver. Entre le Fran\u00e7ais et le Norv\u00e9gien, on retrouve un autre invit\u00e9 surprise : <strong>Armand Marchand<\/strong>, \u00e0 seulement sept centi\u00e8mes du vainqueur. Le Belge signe son premier podium et d\u00e9passe, lui aussi, <em>VMJ<\/em>\u00a0\u00e0 la <a href=\"https:\/\/dicodusport.fr\/blog\/classement-wcsl-ski-alpin-lattribution-des-dossards-enjeux-et-mode-demploi\/\">WCSL<\/a>. Cerise sur le g\u00e2teau : <strong>Rassat<\/strong> s\u2019\u00e9lancera au prochain slalom de Val d\u2019Is\u00e8re dans le top 15\u2026 avec le dossard rouge.<\/p>\n<blockquote class=\"twitter-tweet\" data-media-max-width=\"560\">\n<p dir=\"ltr\" lang=\"fr\">\ud83e\udd2f PACO RASSAT \ud83c\uddeb\ud83c\uddf7 REMPORTE LE SLALOM DE GURGL ! Incroyable performance du Fran\u00e7ais qui s&rsquo;impose pour la premi\u00e8re fois de sa carri\u00e8re en Coupe du monde !<\/p>\n<p>Suivez la saison de ski alpin en int\u00e9gralit\u00e9 sur Eurosport et HBO Max <a href=\"https:\/\/t.co\/WVmsOf8wd8\">pic.twitter.com\/WVmsOf8wd8<\/a><br \/>\n\u2014 Eurosport France (@Eurosport_FR) <a href=\"https:\/\/twitter.com\/Eurosport_FR\/status\/1992223759399301573?ref_src=twsrc%5Etfw\">November 22, 2025<\/a><\/p><\/blockquote>\n<p><script async src=\"https:\/\/platform.twitter.com\/widgets.js\" charset=\"utf-8\"><\/script><\/p>\n","protected":false},"excerpt":{"rendered":"<p>Paco Rassat a sign\u00e9 une performance exceptionnelle remontant de la 14\u00e8me place pour signer la premi\u00e8re victoire de sa carri\u00e8re \u00e0 Gurgl. <\/p>\n","protected":false},"author":91,"featured_media":627223,"comment_status":"open","ping_status":"closed","sticky":false,"template":"","format":"standard","meta":{"_acf_changed":false,"_daextam_enable_autolinks":"1","footnotes":""},"categories":[47084],"tags":[16878,12586,2233,24],"class_list":["post-627158","post","type-post","status-publish","format-standard","has-post-thumbnail","hentry","category-coupe-du-monde-ski-alpin","tag-breve","tag-coupe-du-monde-de-ski-alpin","tag-ski-alpin","tag-sport"],"acf":[],"yoast_head":"<!-- This site is optimized with the Yoast SEO Premium plugin v26.7 (Yoast SEO v26.7) - https:\/\/yoast.com\/wordpress\/plugins\/seo\/ -->\n<title>Incroyable Paco Rassat sur le slalom de Gurgl : premi\u00e8re victoire en Coupe du monde pour le Fran\u00e7ais !<\/title>\n<meta name=\"description\" content=\"COUPE DU MONDE DE SKI ALPIN 2025\/2026 - Paco Rassat a sign\u00e9 une performance exceptionnelle pour s&#039;imposer sur le slalom de Gurgl.\" \/>\n<meta name=\"robots\" content=\"index, follow, max-snippet:-1, max-image-preview:large, max-video-preview:-1\" \/>\n<link rel=\"canonical\" href=\"https:\/\/dicodusport.fr\/blog\/incroyable-paco-rassat-sur-le-slalom-de-gurgl-premiere-victoire-en-coupe-du-monde-pour-le-francais\/\" \/>\n<meta property=\"og:locale\" content=\"fr_FR\" \/>\n<meta property=\"og:type\" content=\"article\" \/>\n<meta property=\"og:title\" content=\"Incroyable Paco Rassat sur le slalom de Gurgl : premi\u00e8re victoire en Coupe du monde pour le Fran\u00e7ais !\" \/>\n<meta property=\"og:description\" content=\"COUPE DU MONDE DE SKI ALPIN 2025\/2026 - Paco Rassat a sign\u00e9 une performance exceptionnelle pour s&#039;imposer sur le slalom de Gurgl.\" \/>\n<meta property=\"og:url\" content=\"https:\/\/dicodusport.fr\/blog\/incroyable-paco-rassat-sur-le-slalom-de-gurgl-premiere-victoire-en-coupe-du-monde-pour-le-francais\/\" \/>\n<meta property=\"og:site_name\" content=\"Dicodusport\" \/>\n<meta property=\"article:publisher\" content=\"https:\/\/www.facebook.com\/dicodusport\" \/>\n<meta property=\"article:published_time\" content=\"2025-11-22T13:31:25+00:00\" \/>\n<meta property=\"article:modified_time\" content=\"2025-11-22T14:22:49+00:00\" \/>\n<meta property=\"og:image\" content=\"https:\/\/dicodusport.fr\/blog\/wp-content\/uploads\/2025\/11\/Incroyable-Paco-Rassat-sur-le-slalom-de-Gurgl-premiere-victoire-en-Coupe-du-monde-pour-le-Francais-1.png\" \/>\n\t<meta property=\"og:image:width\" content=\"1200\" \/>\n\t<meta property=\"og:image:height\" content=\"674\" \/>\n\t<meta property=\"og:image:type\" content=\"image\/png\" \/>\n<meta name=\"author\" content=\"Victor Clot-Amiot\" \/>\n<meta name=\"twitter:card\" content=\"summary_large_image\" \/>\n<meta name=\"twitter:title\" content=\"Incroyable Paco Rassat sur le slalom de Gurgl : premi\u00e8re victoire en Coupe du monde pour le Fran\u00e7ais !\" \/>\n<meta name=\"twitter:creator\" content=\"@https:\/\/x.com\/VictorClotAmiot\" \/>\n<meta name=\"twitter:site\" content=\"@dicodusport\" \/>\n<script type=\"application\/ld+json\" class=\"yoast-schema-graph\">{\"@context\":\"https:\/\/schema.org\",\"@graph\":[{\"@type\":\"NewsArticle\",\"@id\":\"https:\/\/dicodusport.fr\/blog\/incroyable-paco-rassat-sur-le-slalom-de-gurgl-premiere-victoire-en-coupe-du-monde-pour-le-francais\/#article\",\"isPartOf\":{\"@id\":\"https:\/\/dicodusport.fr\/blog\/incroyable-paco-rassat-sur-le-slalom-de-gurgl-premiere-victoire-en-coupe-du-monde-pour-le-francais\/\"},\"author\":{\"name\":\"Victor Clot-Amiot\",\"@id\":\"https:\/\/dicodusport.fr\/blog\/#\/schema\/person\/b623199cba9ba90fe84a3d16e9282360\"},\"headline\":\"Incroyable Paco Rassat sur le slalom de Gurgl : premi\u00e8re victoire en Coupe du monde pour le Fran\u00e7ais !\",\"datePublished\":\"2025-11-22T13:31:25+00:00\",\"dateModified\":\"2025-11-22T14:22:49+00:00\",\"mainEntityOfPage\":{\"@id\":\"https:\/\/dicodusport.fr\/blog\/incroyable-paco-rassat-sur-le-slalom-de-gurgl-premiere-victoire-en-coupe-du-monde-pour-le-francais\/\"},\"wordCount\":861,\"commentCount\":0,\"publisher\":{\"@id\":\"https:\/\/dicodusport.fr\/blog\/#organization\"},\"image\":{\"@id\":\"https:\/\/dicodusport.fr\/blog\/incroyable-paco-rassat-sur-le-slalom-de-gurgl-premiere-victoire-en-coupe-du-monde-pour-le-francais\/#primaryimage\"},\"thumbnailUrl\":\"https:\/\/dicodusport.fr\/blog\/wp-content\/uploads\/2025\/11\/Incroyable-Paco-Rassat-sur-le-slalom-de-Gurgl-premiere-victoire-en-Coupe-du-monde-pour-le-Francais-1.png\",\"keywords\":[\"br\u00e8ve\",\"Coupe du monde de ski alpin\",\"Ski alpin\",\"sport\"],\"articleSection\":[\"Coupe du monde de ski alpin\"],\"inLanguage\":\"fr-FR\",\"potentialAction\":[{\"@type\":\"CommentAction\",\"name\":\"Comment\",\"target\":[\"https:\/\/dicodusport.fr\/blog\/incroyable-paco-rassat-sur-le-slalom-de-gurgl-premiere-victoire-en-coupe-du-monde-pour-le-francais\/#respond\"]}],\"copyrightYear\":\"2025\",\"copyrightHolder\":{\"@id\":\"https:\/\/dicodusport.fr\/blog\/#organization\"}},{\"@type\":\"WebPage\",\"@id\":\"https:\/\/dicodusport.fr\/blog\/incroyable-paco-rassat-sur-le-slalom-de-gurgl-premiere-victoire-en-coupe-du-monde-pour-le-francais\/\",\"url\":\"https:\/\/dicodusport.fr\/blog\/incroyable-paco-rassat-sur-le-slalom-de-gurgl-premiere-victoire-en-coupe-du-monde-pour-le-francais\/\",\"name\":\"Incroyable Paco Rassat sur le slalom de Gurgl : premi\u00e8re victoire en Coupe du monde pour le Fran\u00e7ais !\",\"isPartOf\":{\"@id\":\"https:\/\/dicodusport.fr\/blog\/#website\"},\"primaryImageOfPage\":{\"@id\":\"https:\/\/dicodusport.fr\/blog\/incroyable-paco-rassat-sur-le-slalom-de-gurgl-premiere-victoire-en-coupe-du-monde-pour-le-francais\/#primaryimage\"},\"image\":{\"@id\":\"https:\/\/dicodusport.fr\/blog\/incroyable-paco-rassat-sur-le-slalom-de-gurgl-premiere-victoire-en-coupe-du-monde-pour-le-francais\/#primaryimage\"},\"thumbnailUrl\":\"https:\/\/dicodusport.fr\/blog\/wp-content\/uploads\/2025\/11\/Incroyable-Paco-Rassat-sur-le-slalom-de-Gurgl-premiere-victoire-en-Coupe-du-monde-pour-le-Francais-1.png\",\"datePublished\":\"2025-11-22T13:31:25+00:00\",\"dateModified\":\"2025-11-22T14:22:49+00:00\",\"description\":\"COUPE DU MONDE DE SKI ALPIN 2025\/2026 - Paco Rassat a sign\u00e9 une performance exceptionnelle pour s'imposer sur le slalom de Gurgl.\",\"breadcrumb\":{\"@id\":\"https:\/\/dicodusport.fr\/blog\/incroyable-paco-rassat-sur-le-slalom-de-gurgl-premiere-victoire-en-coupe-du-monde-pour-le-francais\/#breadcrumb\"},\"inLanguage\":\"fr-FR\",\"potentialAction\":[{\"@type\":\"ReadAction\",\"target\":[\"https:\/\/dicodusport.fr\/blog\/incroyable-paco-rassat-sur-le-slalom-de-gurgl-premiere-victoire-en-coupe-du-monde-pour-le-francais\/\"]}]},{\"@type\":\"ImageObject\",\"inLanguage\":\"fr-FR\",\"@id\":\"https:\/\/dicodusport.fr\/blog\/incroyable-paco-rassat-sur-le-slalom-de-gurgl-premiere-victoire-en-coupe-du-monde-pour-le-francais\/#primaryimage\",\"url\":\"https:\/\/dicodusport.fr\/blog\/wp-content\/uploads\/2025\/11\/Incroyable-Paco-Rassat-sur-le-slalom-de-Gurgl-premiere-victoire-en-Coupe-du-monde-pour-le-Francais-1.png\",\"contentUrl\":\"https:\/\/dicodusport.fr\/blog\/wp-content\/uploads\/2025\/11\/Incroyable-Paco-Rassat-sur-le-slalom-de-Gurgl-premiere-victoire-en-Coupe-du-monde-pour-le-Francais-1.png\",\"width\":1200,\"height\":674,\"caption\":\"Incroyable Paco Rassat sur le slalom de Gurgl premi\u00e8re victoire en Coupe du monde pour le Fran\u00e7ais ! (1)\"},{\"@type\":\"BreadcrumbList\",\"@id\":\"https:\/\/dicodusport.fr\/blog\/incroyable-paco-rassat-sur-le-slalom-de-gurgl-premiere-victoire-en-coupe-du-monde-pour-le-francais\/#breadcrumb\",\"itemListElement\":[{\"@type\":\"ListItem\",\"position\":1,\"name\":\"Accueil\",\"item\":\"https:\/\/dicodusport.fr\/blog\/\"},{\"@type\":\"ListItem\",\"position\":2,\"name\":\"Incroyable Paco Rassat sur le slalom de Gurgl : premi\u00e8re victoire en Coupe du monde pour le Fran\u00e7ais !\"}]},{\"@type\":\"WebSite\",\"@id\":\"https:\/\/dicodusport.fr\/blog\/#website\",\"url\":\"https:\/\/dicodusport.fr\/blog\/\",\"name\":\"Dicodusport\",\"description\":\"L&#039;encyclop\u00e9die de l&#039;actualit\u00e9 sportive\",\"publisher\":{\"@id\":\"https:\/\/dicodusport.fr\/blog\/#organization\"},\"potentialAction\":[{\"@type\":\"SearchAction\",\"target\":{\"@type\":\"EntryPoint\",\"urlTemplate\":\"https:\/\/dicodusport.fr\/blog\/?s={search_term_string}\"},\"query-input\":{\"@type\":\"PropertyValueSpecification\",\"valueRequired\":true,\"valueName\":\"search_term_string\"}}],\"inLanguage\":\"fr-FR\"},{\"@type\":\"NewsMediaOrganization\",\"@id\":\"https:\/\/dicodusport.fr\/blog\/#organization\",\"name\":\"Dicodusport\",\"url\":\"https:\/\/dicodusport.fr\/blog\/\",\"logo\":{\"@type\":\"ImageObject\",\"inLanguage\":\"fr-FR\",\"@id\":\"https:\/\/dicodusport.fr\/blog\/#\/schema\/logo\/image\/\",\"url\":\"https:\/\/dicodusport.fr\/blog\/wp-content\/uploads\/2020\/06\/cropped-LOGO-DICODUSPORT-2020-SANS-FOND-SANS-TEXTE.png\",\"contentUrl\":\"https:\/\/dicodusport.fr\/blog\/wp-content\/uploads\/2020\/06\/cropped-LOGO-DICODUSPORT-2020-SANS-FOND-SANS-TEXTE.png\",\"width\":512,\"height\":512,\"caption\":\"Dicodusport\"},\"image\":{\"@id\":\"https:\/\/dicodusport.fr\/blog\/#\/schema\/logo\/image\/\"},\"sameAs\":[\"https:\/\/www.facebook.com\/dicodusport\",\"https:\/\/x.com\/dicodusport\",\"https:\/\/www.instagram.com\/dicodusport\/\",\"https:\/\/www.youtube.com\/channel\/UC7V2KZ5sd3htJivAbA4ZG3w\"],\"description\":\"Dicodusport est l'encyclop\u00e9die de l'actualit\u00e9 sportive.\",\"email\":\"bonjour@dicodusport.fr\",\"legalName\":\"DICODUSPORT\",\"foundingDate\":\"2018-01-14\",\"vatID\":\"FR71834470973\",\"taxID\":\"83447097300043\",\"numberOfEmployees\":{\"@type\":\"QuantitativeValue\",\"minValue\":\"1\",\"maxValue\":\"10\"}},{\"@type\":\"Person\",\"@id\":\"https:\/\/dicodusport.fr\/blog\/#\/schema\/person\/b623199cba9ba90fe84a3d16e9282360\",\"name\":\"Victor Clot-Amiot\",\"image\":{\"@type\":\"ImageObject\",\"inLanguage\":\"fr-FR\",\"@id\":\"https:\/\/dicodusport.fr\/blog\/#\/schema\/person\/image\/\",\"url\":\"https:\/\/dicodusport.fr\/blog\/wp-content\/uploads\/2023\/09\/IMG_20190826_114722-150x150.jpg\",\"contentUrl\":\"https:\/\/dicodusport.fr\/blog\/wp-content\/uploads\/2023\/09\/IMG_20190826_114722-150x150.jpg\",\"caption\":\"Victor Clot-Amiot\"},\"description\":\"Passionn\u00e9 de sport depuis toujours, un jour \u00e0 l'adolescence mes parents m'ont dit : \\\"quitte \u00e0 passer ton temps \u00e0 regarder du sport, au moins va le voir en vrai\\\" ! Depuis, cette remarque ne m'a plus quitt\u00e9 et je passe une grande partie de mon temps libre \u00e0 assister \u00e0 des comp\u00e9titions de tous sports. Je m\u00eale d'ailleurs mes deux passions, le sport et les voyages afin de faire une pierre deux coups ! Outre l'US Open ou l'Euro 2021 par exemple, j'ai assist\u00e9 cet \u00e9t\u00e9 aux Mondiaux d'athl\u00e9tisme \u00e0 Budapest. Mon plus gros coup dur est et restera les JO 2020-2021 pour lesquels j'avais r\u00e9serv\u00e9 17 \u00e9preuves. La suite, vous la connaissez...\",\"sameAs\":[\"https:\/\/x.com\/https:\/\/x.com\/VictorClotAmiot\"],\"url\":\"https:\/\/dicodusport.fr\/blog\/author\/victor-clot-amiot\/\"}]}<\/script>\n<!-- \/ Yoast SEO Premium plugin. -->","yoast_head_json":{"title":"Incroyable Paco Rassat sur le slalom de Gurgl : premi\u00e8re victoire en Coupe du monde pour le Fran\u00e7ais !","description":"COUPE DU MONDE DE SKI ALPIN 2025\/2026 - Paco Rassat a sign\u00e9 une performance exceptionnelle pour s'imposer sur le slalom de Gurgl.","robots":{"index":"index","follow":"follow","max-snippet":"max-snippet:-1","max-image-preview":"max-image-preview:large","max-video-preview":"max-video-preview:-1"},"canonical":"https:\/\/dicodusport.fr\/blog\/incroyable-paco-rassat-sur-le-slalom-de-gurgl-premiere-victoire-en-coupe-du-monde-pour-le-francais\/","og_locale":"fr_FR","og_type":"article","og_title":"Incroyable Paco Rassat sur le slalom de Gurgl : premi\u00e8re victoire en Coupe du monde pour le Fran\u00e7ais !","og_description":"COUPE DU MONDE DE SKI ALPIN 2025\/2026 - Paco Rassat a sign\u00e9 une performance exceptionnelle pour s'imposer sur le slalom de Gurgl.","og_url":"https:\/\/dicodusport.fr\/blog\/incroyable-paco-rassat-sur-le-slalom-de-gurgl-premiere-victoire-en-coupe-du-monde-pour-le-francais\/","og_site_name":"Dicodusport","article_publisher":"https:\/\/www.facebook.com\/dicodusport","article_published_time":"2025-11-22T13:31:25+00:00","article_modified_time":"2025-11-22T14:22:49+00:00","og_image":[{"width":1200,"height":674,"url":"https:\/\/dicodusport.fr\/blog\/wp-content\/uploads\/2025\/11\/Incroyable-Paco-Rassat-sur-le-slalom-de-Gurgl-premiere-victoire-en-Coupe-du-monde-pour-le-Francais-1.png","type":"image\/png"}],"author":"Victor Clot-Amiot","twitter_card":"summary_large_image","twitter_title":"Incroyable Paco Rassat sur le slalom de Gurgl : premi\u00e8re victoire en Coupe du monde pour le Fran\u00e7ais !","twitter_creator":"@https:\/\/x.com\/VictorClotAmiot","twitter_site":"@dicodusport","schema":{"@context":"https:\/\/schema.org","@graph":[{"@type":"NewsArticle","@id":"https:\/\/dicodusport.fr\/blog\/incroyable-paco-rassat-sur-le-slalom-de-gurgl-premiere-victoire-en-coupe-du-monde-pour-le-francais\/#article","isPartOf":{"@id":"https:\/\/dicodusport.fr\/blog\/incroyable-paco-rassat-sur-le-slalom-de-gurgl-premiere-victoire-en-coupe-du-monde-pour-le-francais\/"},"author":{"name":"Victor Clot-Amiot","@id":"https:\/\/dicodusport.fr\/blog\/#\/schema\/person\/b623199cba9ba90fe84a3d16e9282360"},"headline":"Incroyable Paco Rassat sur le slalom de Gurgl : premi\u00e8re victoire en Coupe du monde pour le Fran\u00e7ais !","datePublished":"2025-11-22T13:31:25+00:00","dateModified":"2025-11-22T14:22:49+00:00","mainEntityOfPage":{"@id":"https:\/\/dicodusport.fr\/blog\/incroyable-paco-rassat-sur-le-slalom-de-gurgl-premiere-victoire-en-coupe-du-monde-pour-le-francais\/"},"wordCount":861,"commentCount":0,"publisher":{"@id":"https:\/\/dicodusport.fr\/blog\/#organization"},"image":{"@id":"https:\/\/dicodusport.fr\/blog\/incroyable-paco-rassat-sur-le-slalom-de-gurgl-premiere-victoire-en-coupe-du-monde-pour-le-francais\/#primaryimage"},"thumbnailUrl":"https:\/\/dicodusport.fr\/blog\/wp-content\/uploads\/2025\/11\/Incroyable-Paco-Rassat-sur-le-slalom-de-Gurgl-premiere-victoire-en-Coupe-du-monde-pour-le-Francais-1.png","keywords":["br\u00e8ve","Coupe du monde de ski alpin","Ski alpin","sport"],"articleSection":["Coupe du monde de ski alpin"],"inLanguage":"fr-FR","potentialAction":[{"@type":"CommentAction","name":"Comment","target":["https:\/\/dicodusport.fr\/blog\/incroyable-paco-rassat-sur-le-slalom-de-gurgl-premiere-victoire-en-coupe-du-monde-pour-le-francais\/#respond"]}],"copyrightYear":"2025","copyrightHolder":{"@id":"https:\/\/dicodusport.fr\/blog\/#organization"}},{"@type":"WebPage","@id":"https:\/\/dicodusport.fr\/blog\/incroyable-paco-rassat-sur-le-slalom-de-gurgl-premiere-victoire-en-coupe-du-monde-pour-le-francais\/","url":"https:\/\/dicodusport.fr\/blog\/incroyable-paco-rassat-sur-le-slalom-de-gurgl-premiere-victoire-en-coupe-du-monde-pour-le-francais\/","name":"Incroyable Paco Rassat sur le slalom de Gurgl : premi\u00e8re victoire en Coupe du monde pour le Fran\u00e7ais !","isPartOf":{"@id":"https:\/\/dicodusport.fr\/blog\/#website"},"primaryImageOfPage":{"@id":"https:\/\/dicodusport.fr\/blog\/incroyable-paco-rassat-sur-le-slalom-de-gurgl-premiere-victoire-en-coupe-du-monde-pour-le-francais\/#primaryimage"},"image":{"@id":"https:\/\/dicodusport.fr\/blog\/incroyable-paco-rassat-sur-le-slalom-de-gurgl-premiere-victoire-en-coupe-du-monde-pour-le-francais\/#primaryimage"},"thumbnailUrl":"https:\/\/dicodusport.fr\/blog\/wp-content\/uploads\/2025\/11\/Incroyable-Paco-Rassat-sur-le-slalom-de-Gurgl-premiere-victoire-en-Coupe-du-monde-pour-le-Francais-1.png","datePublished":"2025-11-22T13:31:25+00:00","dateModified":"2025-11-22T14:22:49+00:00","description":"COUPE DU MONDE DE SKI ALPIN 2025\/2026 - Paco Rassat a sign\u00e9 une performance exceptionnelle pour s'imposer sur le slalom de Gurgl.","breadcrumb":{"@id":"https:\/\/dicodusport.fr\/blog\/incroyable-paco-rassat-sur-le-slalom-de-gurgl-premiere-victoire-en-coupe-du-monde-pour-le-francais\/#breadcrumb"},"inLanguage":"fr-FR","potentialAction":[{"@type":"ReadAction","target":["https:\/\/dicodusport.fr\/blog\/incroyable-paco-rassat-sur-le-slalom-de-gurgl-premiere-victoire-en-coupe-du-monde-pour-le-francais\/"]}]},{"@type":"ImageObject","inLanguage":"fr-FR","@id":"https:\/\/dicodusport.fr\/blog\/incroyable-paco-rassat-sur-le-slalom-de-gurgl-premiere-victoire-en-coupe-du-monde-pour-le-francais\/#primaryimage","url":"https:\/\/dicodusport.fr\/blog\/wp-content\/uploads\/2025\/11\/Incroyable-Paco-Rassat-sur-le-slalom-de-Gurgl-premiere-victoire-en-Coupe-du-monde-pour-le-Francais-1.png","contentUrl":"https:\/\/dicodusport.fr\/blog\/wp-content\/uploads\/2025\/11\/Incroyable-Paco-Rassat-sur-le-slalom-de-Gurgl-premiere-victoire-en-Coupe-du-monde-pour-le-Francais-1.png","width":1200,"height":674,"caption":"Incroyable Paco Rassat sur le slalom de Gurgl premi\u00e8re victoire en Coupe du monde pour le Fran\u00e7ais ! (1)"},{"@type":"BreadcrumbList","@id":"https:\/\/dicodusport.fr\/blog\/incroyable-paco-rassat-sur-le-slalom-de-gurgl-premiere-victoire-en-coupe-du-monde-pour-le-francais\/#breadcrumb","itemListElement":[{"@type":"ListItem","position":1,"name":"Accueil","item":"https:\/\/dicodusport.fr\/blog\/"},{"@type":"ListItem","position":2,"name":"Incroyable Paco Rassat sur le slalom de Gurgl : premi\u00e8re victoire en Coupe du monde pour le Fran\u00e7ais !"}]},{"@type":"WebSite","@id":"https:\/\/dicodusport.fr\/blog\/#website","url":"https:\/\/dicodusport.fr\/blog\/","name":"Dicodusport","description":"L&#039;encyclop\u00e9die de l&#039;actualit\u00e9 sportive","publisher":{"@id":"https:\/\/dicodusport.fr\/blog\/#organization"},"potentialAction":[{"@type":"SearchAction","target":{"@type":"EntryPoint","urlTemplate":"https:\/\/dicodusport.fr\/blog\/?s={search_term_string}"},"query-input":{"@type":"PropertyValueSpecification","valueRequired":true,"valueName":"search_term_string"}}],"inLanguage":"fr-FR"},{"@type":"NewsMediaOrganization","@id":"https:\/\/dicodusport.fr\/blog\/#organization","name":"Dicodusport","url":"https:\/\/dicodusport.fr\/blog\/","logo":{"@type":"ImageObject","inLanguage":"fr-FR","@id":"https:\/\/dicodusport.fr\/blog\/#\/schema\/logo\/image\/","url":"https:\/\/dicodusport.fr\/blog\/wp-content\/uploads\/2020\/06\/cropped-LOGO-DICODUSPORT-2020-SANS-FOND-SANS-TEXTE.png","contentUrl":"https:\/\/dicodusport.fr\/blog\/wp-content\/uploads\/2020\/06\/cropped-LOGO-DICODUSPORT-2020-SANS-FOND-SANS-TEXTE.png","width":512,"height":512,"caption":"Dicodusport"},"image":{"@id":"https:\/\/dicodusport.fr\/blog\/#\/schema\/logo\/image\/"},"sameAs":["https:\/\/www.facebook.com\/dicodusport","https:\/\/x.com\/dicodusport","https:\/\/www.instagram.com\/dicodusport\/","https:\/\/www.youtube.com\/channel\/UC7V2KZ5sd3htJivAbA4ZG3w"],"description":"Dicodusport est l'encyclop\u00e9die de l'actualit\u00e9 sportive.","email":"bonjour@dicodusport.fr","legalName":"DICODUSPORT","foundingDate":"2018-01-14","vatID":"FR71834470973","taxID":"83447097300043","numberOfEmployees":{"@type":"QuantitativeValue","minValue":"1","maxValue":"10"}},{"@type":"Person","@id":"https:\/\/dicodusport.fr\/blog\/#\/schema\/person\/b623199cba9ba90fe84a3d16e9282360","name":"Victor Clot-Amiot","image":{"@type":"ImageObject","inLanguage":"fr-FR","@id":"https:\/\/dicodusport.fr\/blog\/#\/schema\/person\/image\/","url":"https:\/\/dicodusport.fr\/blog\/wp-content\/uploads\/2023\/09\/IMG_20190826_114722-150x150.jpg","contentUrl":"https:\/\/dicodusport.fr\/blog\/wp-content\/uploads\/2023\/09\/IMG_20190826_114722-150x150.jpg","caption":"Victor Clot-Amiot"},"description":"Passionn\u00e9 de sport depuis toujours, un jour \u00e0 l'adolescence mes parents m'ont dit : \"quitte \u00e0 passer ton temps \u00e0 regarder du sport, au moins va le voir en vrai\" ! Depuis, cette remarque ne m'a plus quitt\u00e9 et je passe une grande partie de mon temps libre \u00e0 assister \u00e0 des comp\u00e9titions de tous sports. Je m\u00eale d'ailleurs mes deux passions, le sport et les voyages afin de faire une pierre deux coups ! Outre l'US Open ou l'Euro 2021 par exemple, j'ai assist\u00e9 cet \u00e9t\u00e9 aux Mondiaux d'athl\u00e9tisme \u00e0 Budapest. Mon plus gros coup dur est et restera les JO 2020-2021 pour lesquels j'avais r\u00e9serv\u00e9 17 \u00e9preuves. La suite, vous la connaissez...","sameAs":["https:\/\/x.com\/https:\/\/x.com\/VictorClotAmiot"],"url":"https:\/\/dicodusport.fr\/blog\/author\/victor-clot-amiot\/"}]}},"_links":{"self":[{"href":"https:\/\/dicodusport.fr\/blog\/wp-json\/wp\/v2\/posts\/627158","targetHints":{"allow":["GET"]}}],"collection":[{"href":"https:\/\/dicodusport.fr\/blog\/wp-json\/wp\/v2\/posts"}],"about":[{"href":"https:\/\/dicodusport.fr\/blog\/wp-json\/wp\/v2\/types\/post"}],"author":[{"embeddable":true,"href":"https:\/\/dicodusport.fr\/blog\/wp-json\/wp\/v2\/users\/91"}],"replies":[{"embeddable":true,"href":"https:\/\/dicodusport.fr\/blog\/wp-json\/wp\/v2\/comments?post=627158"}],"version-history":[{"count":5,"href":"https:\/\/dicodusport.fr\/blog\/wp-json\/wp\/v2\/posts\/627158\/revisions"}],"predecessor-version":[{"id":627211,"href":"https:\/\/dicodusport.fr\/blog\/wp-json\/wp\/v2\/posts\/627158\/revisions\/627211"}],"wp:featuredmedia":[{"embeddable":true,"href":"https:\/\/dicodusport.fr\/blog\/wp-json\/wp\/v2\/media\/627223"}],"wp:attachment":[{"href":"https:\/\/dicodusport.fr\/blog\/wp-json\/wp\/v2\/media?parent=627158"}],"wp:term":[{"taxonomy":"category","embeddable":true,"href":"https:\/\/dicodusport.fr\/blog\/wp-json\/wp\/v2\/categories?post=627158"},{"taxonomy":"post_tag","embeddable":true,"href":"https:\/\/dicodusport.fr\/blog\/wp-json\/wp\/v2\/tags?post=627158"}],"curies":[{"name":"wp","href":"https:\/\/api.w.org\/{rel}","templated":true}]}}