{"id":627495,"date":"2025-11-23T15:37:34","date_gmt":"2025-11-23T14:37:34","guid":{"rendered":"https:\/\/dicodusport.fr\/blog\/?p=627495&#038;preview=true&#038;preview_id=627495"},"modified":"2025-11-23T15:49:10","modified_gmt":"2025-11-23T14:49:10","slug":"thibau-nys-en-soliste-le-belge-domine-la-manche-douverture-de-la-coupe-du-monde-de-cyclo-cross","status":"publish","type":"post","link":"https:\/\/dicodusport.fr\/blog\/thibau-nys-en-soliste-le-belge-domine-la-manche-douverture-de-la-coupe-du-monde-de-cyclo-cross\/","title":{"rendered":"Thibau Nys en soliste : le Belge domine la manche d&rsquo;ouverture de la Coupe du monde de cyclo-cross"},"content":{"rendered":"<p style=\"text-align: justify;\"><b><i>COUPE DU MONDE DE CYCLO-CROSS 2025-2026 &#8211; En totale ma\u00eetrise de bout en bout, le champion de Belgique Thibau Nys remporte la premi\u00e8re \u00e9tape \u00e0 Tabor en R\u00e9publique Tch\u00e8que.\u00a0<\/i><\/b><\/p>\n<ul style=\"text-align: justify;\">\n<li><strong>\u00c0 ce sujet &#8211; <a href=\"https:\/\/dicodusport.fr\/blog\/cyclo-cross-coupe-du-monde-2025-2026-calendrier-complet-dates-et-horaires\/\">Cyclo-cross Coupe du monde 2025-2026 \u2013 Calendrier complet, dates et horaires<\/a><\/strong><\/li>\n<\/ul>\n<p style=\"text-align: justify;\">Tabor en R\u00e9publique Tch\u00e8que, cadre de la premi\u00e8re \u00e9tape de cyclo-cross, a d\u00fb composer avec l&rsquo;absence des principaux cadors de la discipline \u00e0 l&rsquo;instar du N\u00e9erlandais <strong>Mathieu van der Poel<\/strong> ou encore des Belges <strong>Wout Van Aert<\/strong> et <strong>Eli Iserbyt<\/strong>, toujours en r\u00e9\u00e9ducation suite \u00e0 ses op\u00e9rations de r\u00e9duction de l&rsquo;art\u00e8re f\u00e9morale cet \u00e9t\u00e9. Les concurrents ont d\u00fb faire face \u00e0 des conditions de froid extr\u00eame cet apr\u00e8s-midi et donc un circuit enti\u00e8rement gel\u00e9 avec tr\u00e8s peu de boue, favorisant ainsi les petits gabarits au d\u00e9triment des grandes carcasses plus \u00e0 l&rsquo;aise quand il s&rsquo;agit de d\u00e9velopper des watts dans la boue. Apparu tr\u00e8s en forme du c\u00f4t\u00e9 de Hamme il y a une semaine, <strong>Thibau Nys<\/strong> faisait figure de favori au d\u00e9part.<\/p>\n<h2 style=\"text-align: justify;\">Cameron Mason et Toon Aerts rapidement en difficult\u00e9<\/h2>\n<p style=\"text-align: justify;\">C&rsquo;est l&rsquo;inusable <strong>Michael Vanthourenhout<\/strong> (Pauwels Sauzen &#8211; Altez Industriebouw Cycling Team) qui a pris le meilleur d\u00e9part avec le N\u00e9erlandais <strong>Joris Nieuwenhuis<\/strong> (Ridley Racing Team) dans sa roue. Cependant, le duo a rapidement \u00e9t\u00e9 rejoint par le champion de Belgique en titre <strong>Thibau Nys<\/strong>, surfant sur sa performance de la semaine pass\u00e9e avec de tr\u00e8s bonnes jambes.<\/p>\n<p style=\"text-align: justify;\">\u00c0 l&rsquo;inverse, certains outsiders ont rapidement montr\u00e9 des signes de faiblesse. <strong>Cameron Mason<\/strong> (Seven Racing) a pris un d\u00e9part catastrophique avec un saut de cha\u00eene l&rsquo;obligeant \u00e0 une <em>remontada<\/em> quasi impossible, tandis que <strong>Pim Ronhaar<\/strong> (Baloise Glowi Lions) changeait rapidement de v\u00e9lo, naviguant au-del\u00e0 de la vingti\u00e8me place. Enfin, le tout r\u00e9cent champion d&rsquo;Europe <strong>Toon Aerts<\/strong> (Deschacht &#8211; Hens CX Team) restait r\u00e9guli\u00e8rement sur un troisi\u00e8me \u00e9chelon de course, sur un circuit peu favorable \u00e0 son 1m88.<\/p>\n<h2 style=\"text-align: justify;\">Le cavalier seul de Thibau Nys<\/h2>\n<p style=\"text-align: justify;\">Puis, d\u00e8s la fin du premier tour, <strong>Thibau Nys<\/strong> (Baloise Glowi Lions) a pris quelques longueurs d&rsquo;avance. Une escapade favoris\u00e9e par la chute de <strong>Nieuwenhuis<\/strong>, cr\u00e9ant ainsi un petit \u00e9cart. Une jambe au-dessus, le Belge a petit augment\u00e9 son \u00e9cart sur ses principaux rivaux, alors qu&rsquo;<strong>Emiel Verstrynge<\/strong> (Crelan &#8211; Corendon) chutait \u00e0 son tour \u00e0 mi-course.<\/p>\n<ul style=\"text-align: justify;\">\n<li><strong>\u00c0 ce sujet &#8211;<\/strong><strong>\u00a0<a href=\"https:\/\/dicodusport.fr\/blog\/cyclo-cross-tabor-2025-classement-et-resultats-course-hommes\/\">Cyclo-cross Tabor 2025 : Classement et r\u00e9sultats course hommes<\/a><\/strong><\/li>\n<\/ul>\n<p style=\"text-align: justify;\">Derri\u00e8re, on assistait \u00e0 un regroupement g\u00e9n\u00e9ral des outsiders avec notamment <strong>Verstrynge<\/strong>, <strong>Sweeck<\/strong>, <strong>Nieuwenhuis<\/strong>, <strong>Vanthourenhout, van der Haar<\/strong> et les surprenants Am\u00e9ricain <strong>Andrew Strohmeyer<\/strong> et Belge <strong>Jente Michels<\/strong>. Lors du sixi\u00e8me tour, <strong>Michael Vanthourenhout<\/strong> est lourdement tomb\u00e9 sur une partie bitum\u00e9e, ralentissant <strong>Lars van der Haar<\/strong>. Ils abandonnaient ainsi le groupe de contre. Les plus forts parmi eux s&rsquo;av\u00e9raient \u00eatre finalement \u00eatre<strong> Sweeck<\/strong>,<strong> Michels<\/strong> et <strong>Nieuwenhuis<\/strong>. Alors que <strong>Nys<\/strong> filait vers la victoire et le tout nouveau maillot de leader de la Coupe du Monde, apparaissant m\u00eame en gestion dans le dernier tour, <strong>Laurens Sweeck<\/strong> se d\u00e9tachait et r\u00e9sistait au retour de la meute pour s&#8217;emparer de la seconde place.<strong> Joris Nieuwenhuis<\/strong> compl\u00e9tait, quant \u00e0 lui, le podium du jour, alors que<strong> Cameron Mason<\/strong> r\u00e9ussissait un improbable come back pour finir dans le top 10.<\/p>\n<blockquote class=\"twitter-tweet\">\n<p dir=\"ltr\" lang=\"fr\">Seul en t\u00eate d\u00e8s le 2e tour, Thibau Nys s&rsquo;impose \u00e0 Tabor, sur la 1re manche de la Coupe du monde de cyclo-cross ! Le Belge (23 ans) devance Laurens Sweeck et Joris Nieuwenhuis.<\/p>\n<p>Lucinda Brand a elle domin\u00e9 Sara Casasola. Inge van der Heijden compl\u00e8te le podium. <a href=\"https:\/\/twitter.com\/hashtag\/CXWorldCup?src=hash&amp;ref_src=twsrc%5Etfw\">#CXWorldCup<\/a> <a href=\"https:\/\/t.co\/rG6elzdHN9\">pic.twitter.com\/rG6elzdHN9<\/a><\/p>\n<p>\u2014 Le Gruppetto (@LeGruppetto) <a href=\"https:\/\/twitter.com\/LeGruppetto\/status\/1992602908651835834?ref_src=twsrc%5Etfw\">November 23, 2025<\/a><\/p><\/blockquote>\n<p style=\"text-align: justify;\"><script async src=\"https:\/\/platform.twitter.com\/widgets.js\" charset=\"utf-8\"><\/script><\/p>\n<ul style=\"text-align: justify;\">\n<li><strong>\u00c0 ce sujet &#8211;\u00a0<a href=\"https:\/\/dicodusport.fr\/blog\/classement-general-actualise-de-la-coupe-du-monde-cyclo-cross-hommes-2025-2026\/\">Classement g\u00e9n\u00e9ral actualis\u00e9 de la Coupe du monde cyclo-cross hommes 2025-2026<\/a><\/strong><\/li>\n<\/ul>\n","protected":false},"excerpt":{"rendered":"<p>COUPE DU MONDE DE CYCLO-CROSS 2025-2026 &#8211; En totale ma\u00eetrise de bout en bout, le champion de Belgique Thibau Nys remporte la premi\u00e8re \u00e9tape \u00e0 Tabor en R\u00e9publique Tch\u00e8que.\u00a0<\/p>\n","protected":false},"author":92,"featured_media":627528,"comment_status":"open","ping_status":"closed","sticky":false,"template":"","format":"standard","meta":{"_acf_changed":false,"_daextam_enable_autolinks":"1","footnotes":""},"categories":[9611],"tags":[16878,20902,6666,37428],"class_list":["post-627495","post","type-post","status-publish","format-standard","has-post-thumbnail","hentry","category-cyclo-cross","tag-breve","tag-coupe-du-monde-de-cyclo-cross","tag-cyclo-cross","tag-thibau-nys"],"acf":[],"yoast_head":"<!-- This site is optimized with the Yoast SEO Premium plugin v26.7 (Yoast SEO v26.7) - https:\/\/yoast.com\/wordpress\/plugins\/seo\/ -->\n<title>Thibau Nys en soliste : le Belge domine la manche d&#039;ouverture de la Coupe du monde de cyclo-cross<\/title>\n<meta name=\"description\" content=\"COUPE DU MONDE DE CYCLO-CROSS 2025-2026 - Thibau Nys remporte la premi\u00e8re \u00e9tape \u00e0 Tabor en R\u00e9publique Tch\u00e8que.\u00a0\" \/>\n<meta name=\"robots\" content=\"index, follow, max-snippet:-1, max-image-preview:large, max-video-preview:-1\" \/>\n<link rel=\"canonical\" href=\"https:\/\/dicodusport.fr\/blog\/thibau-nys-en-soliste-le-belge-domine-la-manche-douverture-de-la-coupe-du-monde-de-cyclo-cross\/\" \/>\n<meta property=\"og:locale\" content=\"fr_FR\" \/>\n<meta property=\"og:type\" content=\"article\" \/>\n<meta property=\"og:title\" content=\"Thibau Nys en soliste : le Belge domine la manche d&#039;ouverture de la Coupe du monde de cyclo-cross\" \/>\n<meta property=\"og:description\" content=\"COUPE DU MONDE DE CYCLO-CROSS 2025-2026 - Thibau Nys remporte la premi\u00e8re \u00e9tape \u00e0 Tabor en R\u00e9publique Tch\u00e8que.\u00a0\" \/>\n<meta property=\"og:url\" content=\"https:\/\/dicodusport.fr\/blog\/thibau-nys-en-soliste-le-belge-domine-la-manche-douverture-de-la-coupe-du-monde-de-cyclo-cross\/\" \/>\n<meta property=\"og:site_name\" content=\"Dicodusport\" \/>\n<meta property=\"article:publisher\" content=\"https:\/\/www.facebook.com\/dicodusport\" \/>\n<meta property=\"article:published_time\" content=\"2025-11-23T14:37:34+00:00\" \/>\n<meta property=\"article:modified_time\" content=\"2025-11-23T14:49:10+00:00\" \/>\n<meta property=\"og:image\" content=\"https:\/\/dicodusport.fr\/blog\/wp-content\/uploads\/2025\/11\/Thibau-Nys-en-soliste-le-Belge-domine-la-manche-douverture-de-la-Coupe-du-monde-de-cyclo-cross.png\" \/>\n\t<meta property=\"og:image:width\" content=\"1200\" \/>\n\t<meta property=\"og:image:height\" content=\"674\" \/>\n\t<meta property=\"og:image:type\" content=\"image\/png\" \/>\n<meta name=\"author\" content=\"Olivier Dobiezynski\" \/>\n<meta name=\"twitter:card\" content=\"summary_large_image\" \/>\n<meta name=\"twitter:creator\" content=\"@https:\/\/x.com\/Olivier_Matros\" \/>\n<meta name=\"twitter:site\" content=\"@dicodusport\" \/>\n<script type=\"application\/ld+json\" class=\"yoast-schema-graph\">{\"@context\":\"https:\/\/schema.org\",\"@graph\":[{\"@type\":\"NewsArticle\",\"@id\":\"https:\/\/dicodusport.fr\/blog\/thibau-nys-en-soliste-le-belge-domine-la-manche-douverture-de-la-coupe-du-monde-de-cyclo-cross\/#article\",\"isPartOf\":{\"@id\":\"https:\/\/dicodusport.fr\/blog\/thibau-nys-en-soliste-le-belge-domine-la-manche-douverture-de-la-coupe-du-monde-de-cyclo-cross\/\"},\"author\":{\"name\":\"Olivier Dobiezynski\",\"@id\":\"https:\/\/dicodusport.fr\/blog\/#\/schema\/person\/fe500246414ca17ddf0c0312d7a792cc\"},\"headline\":\"Thibau Nys en soliste : le Belge domine la manche d&rsquo;ouverture de la Coupe du monde de cyclo-cross\",\"datePublished\":\"2025-11-23T14:37:34+00:00\",\"dateModified\":\"2025-11-23T14:49:10+00:00\",\"mainEntityOfPage\":{\"@id\":\"https:\/\/dicodusport.fr\/blog\/thibau-nys-en-soliste-le-belge-domine-la-manche-douverture-de-la-coupe-du-monde-de-cyclo-cross\/\"},\"wordCount\":658,\"commentCount\":0,\"publisher\":{\"@id\":\"https:\/\/dicodusport.fr\/blog\/#organization\"},\"image\":{\"@id\":\"https:\/\/dicodusport.fr\/blog\/thibau-nys-en-soliste-le-belge-domine-la-manche-douverture-de-la-coupe-du-monde-de-cyclo-cross\/#primaryimage\"},\"thumbnailUrl\":\"https:\/\/dicodusport.fr\/blog\/wp-content\/uploads\/2025\/11\/Thibau-Nys-en-soliste-le-Belge-domine-la-manche-douverture-de-la-Coupe-du-monde-de-cyclo-cross.png\",\"keywords\":[\"br\u00e8ve\",\"Coupe du monde de cyclo-cross\",\"Cyclo-cross\",\"Thibau Nys\"],\"articleSection\":[\"Cyclo-cross\"],\"inLanguage\":\"fr-FR\",\"potentialAction\":[{\"@type\":\"CommentAction\",\"name\":\"Comment\",\"target\":[\"https:\/\/dicodusport.fr\/blog\/thibau-nys-en-soliste-le-belge-domine-la-manche-douverture-de-la-coupe-du-monde-de-cyclo-cross\/#respond\"]}],\"copyrightYear\":\"2025\",\"copyrightHolder\":{\"@id\":\"https:\/\/dicodusport.fr\/blog\/#organization\"}},{\"@type\":\"WebPage\",\"@id\":\"https:\/\/dicodusport.fr\/blog\/thibau-nys-en-soliste-le-belge-domine-la-manche-douverture-de-la-coupe-du-monde-de-cyclo-cross\/\",\"url\":\"https:\/\/dicodusport.fr\/blog\/thibau-nys-en-soliste-le-belge-domine-la-manche-douverture-de-la-coupe-du-monde-de-cyclo-cross\/\",\"name\":\"Thibau Nys en soliste : le Belge domine la manche d'ouverture de la Coupe du monde de cyclo-cross\",\"isPartOf\":{\"@id\":\"https:\/\/dicodusport.fr\/blog\/#website\"},\"primaryImageOfPage\":{\"@id\":\"https:\/\/dicodusport.fr\/blog\/thibau-nys-en-soliste-le-belge-domine-la-manche-douverture-de-la-coupe-du-monde-de-cyclo-cross\/#primaryimage\"},\"image\":{\"@id\":\"https:\/\/dicodusport.fr\/blog\/thibau-nys-en-soliste-le-belge-domine-la-manche-douverture-de-la-coupe-du-monde-de-cyclo-cross\/#primaryimage\"},\"thumbnailUrl\":\"https:\/\/dicodusport.fr\/blog\/wp-content\/uploads\/2025\/11\/Thibau-Nys-en-soliste-le-Belge-domine-la-manche-douverture-de-la-Coupe-du-monde-de-cyclo-cross.png\",\"datePublished\":\"2025-11-23T14:37:34+00:00\",\"dateModified\":\"2025-11-23T14:49:10+00:00\",\"description\":\"COUPE DU MONDE DE CYCLO-CROSS 2025-2026 - Thibau Nys remporte la premi\u00e8re \u00e9tape \u00e0 Tabor en R\u00e9publique Tch\u00e8que.\u00a0\",\"breadcrumb\":{\"@id\":\"https:\/\/dicodusport.fr\/blog\/thibau-nys-en-soliste-le-belge-domine-la-manche-douverture-de-la-coupe-du-monde-de-cyclo-cross\/#breadcrumb\"},\"inLanguage\":\"fr-FR\",\"potentialAction\":[{\"@type\":\"ReadAction\",\"target\":[\"https:\/\/dicodusport.fr\/blog\/thibau-nys-en-soliste-le-belge-domine-la-manche-douverture-de-la-coupe-du-monde-de-cyclo-cross\/\"]}]},{\"@type\":\"ImageObject\",\"inLanguage\":\"fr-FR\",\"@id\":\"https:\/\/dicodusport.fr\/blog\/thibau-nys-en-soliste-le-belge-domine-la-manche-douverture-de-la-coupe-du-monde-de-cyclo-cross\/#primaryimage\",\"url\":\"https:\/\/dicodusport.fr\/blog\/wp-content\/uploads\/2025\/11\/Thibau-Nys-en-soliste-le-Belge-domine-la-manche-douverture-de-la-Coupe-du-monde-de-cyclo-cross.png\",\"contentUrl\":\"https:\/\/dicodusport.fr\/blog\/wp-content\/uploads\/2025\/11\/Thibau-Nys-en-soliste-le-Belge-domine-la-manche-douverture-de-la-Coupe-du-monde-de-cyclo-cross.png\",\"width\":1200,\"height\":674,\"caption\":\"Thibau Nys en soliste le Belge domine la manche d'ouverture de la Coupe du monde de cyclo-cross\"},{\"@type\":\"BreadcrumbList\",\"@id\":\"https:\/\/dicodusport.fr\/blog\/thibau-nys-en-soliste-le-belge-domine-la-manche-douverture-de-la-coupe-du-monde-de-cyclo-cross\/#breadcrumb\",\"itemListElement\":[{\"@type\":\"ListItem\",\"position\":1,\"name\":\"Accueil\",\"item\":\"https:\/\/dicodusport.fr\/blog\/\"},{\"@type\":\"ListItem\",\"position\":2,\"name\":\"Thibau Nys en soliste : le Belge domine la manche d&rsquo;ouverture de la Coupe du monde de cyclo-cross\"}]},{\"@type\":\"WebSite\",\"@id\":\"https:\/\/dicodusport.fr\/blog\/#website\",\"url\":\"https:\/\/dicodusport.fr\/blog\/\",\"name\":\"Dicodusport\",\"description\":\"L&#039;encyclop\u00e9die de l&#039;actualit\u00e9 sportive\",\"publisher\":{\"@id\":\"https:\/\/dicodusport.fr\/blog\/#organization\"},\"potentialAction\":[{\"@type\":\"SearchAction\",\"target\":{\"@type\":\"EntryPoint\",\"urlTemplate\":\"https:\/\/dicodusport.fr\/blog\/?s={search_term_string}\"},\"query-input\":{\"@type\":\"PropertyValueSpecification\",\"valueRequired\":true,\"valueName\":\"search_term_string\"}}],\"inLanguage\":\"fr-FR\"},{\"@type\":\"NewsMediaOrganization\",\"@id\":\"https:\/\/dicodusport.fr\/blog\/#organization\",\"name\":\"Dicodusport\",\"url\":\"https:\/\/dicodusport.fr\/blog\/\",\"logo\":{\"@type\":\"ImageObject\",\"inLanguage\":\"fr-FR\",\"@id\":\"https:\/\/dicodusport.fr\/blog\/#\/schema\/logo\/image\/\",\"url\":\"https:\/\/dicodusport.fr\/blog\/wp-content\/uploads\/2020\/06\/cropped-LOGO-DICODUSPORT-2020-SANS-FOND-SANS-TEXTE.png\",\"contentUrl\":\"https:\/\/dicodusport.fr\/blog\/wp-content\/uploads\/2020\/06\/cropped-LOGO-DICODUSPORT-2020-SANS-FOND-SANS-TEXTE.png\",\"width\":512,\"height\":512,\"caption\":\"Dicodusport\"},\"image\":{\"@id\":\"https:\/\/dicodusport.fr\/blog\/#\/schema\/logo\/image\/\"},\"sameAs\":[\"https:\/\/www.facebook.com\/dicodusport\",\"https:\/\/x.com\/dicodusport\",\"https:\/\/www.instagram.com\/dicodusport\/\",\"https:\/\/www.youtube.com\/channel\/UC7V2KZ5sd3htJivAbA4ZG3w\"],\"description\":\"Dicodusport est l'encyclop\u00e9die de l'actualit\u00e9 sportive.\",\"email\":\"bonjour@dicodusport.fr\",\"legalName\":\"DICODUSPORT\",\"foundingDate\":\"2018-01-14\",\"vatID\":\"FR71834470973\",\"taxID\":\"83447097300043\",\"numberOfEmployees\":{\"@type\":\"QuantitativeValue\",\"minValue\":\"1\",\"maxValue\":\"10\"}},{\"@type\":\"Person\",\"@id\":\"https:\/\/dicodusport.fr\/blog\/#\/schema\/person\/fe500246414ca17ddf0c0312d7a792cc\",\"name\":\"Olivier Dobiezynski\",\"image\":{\"@type\":\"ImageObject\",\"inLanguage\":\"fr-FR\",\"@id\":\"https:\/\/dicodusport.fr\/blog\/#\/schema\/person\/image\/\",\"url\":\"https:\/\/dicodusport.fr\/blog\/wp-content\/uploads\/2024\/09\/5be8fe8d-9962-4f1e-ad06-d6f9dee30e6d-150x150.jpg\",\"contentUrl\":\"https:\/\/dicodusport.fr\/blog\/wp-content\/uploads\/2024\/09\/5be8fe8d-9962-4f1e-ad06-d6f9dee30e6d-150x150.jpg\",\"caption\":\"Olivier Dobiezynski\"},\"description\":\"Depuis le milieu des ann\u00e9es 90, la passion du cyclisme m'anime. Mes h\u00e9ros s'appellent Luc Leblanc, Piotr Ugrumov, Paolo Savoldelli, Peter Sagan et bien \u00e9videmment Romain Bardet. R\u00e9dacteur depuis 2023, je suis ici pour partager cet amour de la Petite Reine. Vous pourrez me lire \u00e9galement sur du trail, du ski de fond et tout autre sujet susceptible d'\u00e9veiller ma curiosit\u00e9 sportive.\",\"sameAs\":[\"https:\/\/x.com\/https:\/\/x.com\/Olivier_Matros\"],\"url\":\"https:\/\/dicodusport.fr\/blog\/author\/olivier-gh\/\"}]}<\/script>\n<!-- \/ Yoast SEO Premium plugin. -->","yoast_head_json":{"title":"Thibau Nys en soliste : le Belge domine la manche d'ouverture de la Coupe du monde de cyclo-cross","description":"COUPE DU MONDE DE CYCLO-CROSS 2025-2026 - Thibau Nys remporte la premi\u00e8re \u00e9tape \u00e0 Tabor en R\u00e9publique Tch\u00e8que.\u00a0","robots":{"index":"index","follow":"follow","max-snippet":"max-snippet:-1","max-image-preview":"max-image-preview:large","max-video-preview":"max-video-preview:-1"},"canonical":"https:\/\/dicodusport.fr\/blog\/thibau-nys-en-soliste-le-belge-domine-la-manche-douverture-de-la-coupe-du-monde-de-cyclo-cross\/","og_locale":"fr_FR","og_type":"article","og_title":"Thibau Nys en soliste : le Belge domine la manche d'ouverture de la Coupe du monde de cyclo-cross","og_description":"COUPE DU MONDE DE CYCLO-CROSS 2025-2026 - Thibau Nys remporte la premi\u00e8re \u00e9tape \u00e0 Tabor en R\u00e9publique Tch\u00e8que.\u00a0","og_url":"https:\/\/dicodusport.fr\/blog\/thibau-nys-en-soliste-le-belge-domine-la-manche-douverture-de-la-coupe-du-monde-de-cyclo-cross\/","og_site_name":"Dicodusport","article_publisher":"https:\/\/www.facebook.com\/dicodusport","article_published_time":"2025-11-23T14:37:34+00:00","article_modified_time":"2025-11-23T14:49:10+00:00","og_image":[{"width":1200,"height":674,"url":"https:\/\/dicodusport.fr\/blog\/wp-content\/uploads\/2025\/11\/Thibau-Nys-en-soliste-le-Belge-domine-la-manche-douverture-de-la-Coupe-du-monde-de-cyclo-cross.png","type":"image\/png"}],"author":"Olivier Dobiezynski","twitter_card":"summary_large_image","twitter_creator":"@https:\/\/x.com\/Olivier_Matros","twitter_site":"@dicodusport","schema":{"@context":"https:\/\/schema.org","@graph":[{"@type":"NewsArticle","@id":"https:\/\/dicodusport.fr\/blog\/thibau-nys-en-soliste-le-belge-domine-la-manche-douverture-de-la-coupe-du-monde-de-cyclo-cross\/#article","isPartOf":{"@id":"https:\/\/dicodusport.fr\/blog\/thibau-nys-en-soliste-le-belge-domine-la-manche-douverture-de-la-coupe-du-monde-de-cyclo-cross\/"},"author":{"name":"Olivier Dobiezynski","@id":"https:\/\/dicodusport.fr\/blog\/#\/schema\/person\/fe500246414ca17ddf0c0312d7a792cc"},"headline":"Thibau Nys en soliste : le Belge domine la manche d&rsquo;ouverture de la Coupe du monde de cyclo-cross","datePublished":"2025-11-23T14:37:34+00:00","dateModified":"2025-11-23T14:49:10+00:00","mainEntityOfPage":{"@id":"https:\/\/dicodusport.fr\/blog\/thibau-nys-en-soliste-le-belge-domine-la-manche-douverture-de-la-coupe-du-monde-de-cyclo-cross\/"},"wordCount":658,"commentCount":0,"publisher":{"@id":"https:\/\/dicodusport.fr\/blog\/#organization"},"image":{"@id":"https:\/\/dicodusport.fr\/blog\/thibau-nys-en-soliste-le-belge-domine-la-manche-douverture-de-la-coupe-du-monde-de-cyclo-cross\/#primaryimage"},"thumbnailUrl":"https:\/\/dicodusport.fr\/blog\/wp-content\/uploads\/2025\/11\/Thibau-Nys-en-soliste-le-Belge-domine-la-manche-douverture-de-la-Coupe-du-monde-de-cyclo-cross.png","keywords":["br\u00e8ve","Coupe du monde de cyclo-cross","Cyclo-cross","Thibau Nys"],"articleSection":["Cyclo-cross"],"inLanguage":"fr-FR","potentialAction":[{"@type":"CommentAction","name":"Comment","target":["https:\/\/dicodusport.fr\/blog\/thibau-nys-en-soliste-le-belge-domine-la-manche-douverture-de-la-coupe-du-monde-de-cyclo-cross\/#respond"]}],"copyrightYear":"2025","copyrightHolder":{"@id":"https:\/\/dicodusport.fr\/blog\/#organization"}},{"@type":"WebPage","@id":"https:\/\/dicodusport.fr\/blog\/thibau-nys-en-soliste-le-belge-domine-la-manche-douverture-de-la-coupe-du-monde-de-cyclo-cross\/","url":"https:\/\/dicodusport.fr\/blog\/thibau-nys-en-soliste-le-belge-domine-la-manche-douverture-de-la-coupe-du-monde-de-cyclo-cross\/","name":"Thibau Nys en soliste : le Belge domine la manche d'ouverture de la Coupe du monde de cyclo-cross","isPartOf":{"@id":"https:\/\/dicodusport.fr\/blog\/#website"},"primaryImageOfPage":{"@id":"https:\/\/dicodusport.fr\/blog\/thibau-nys-en-soliste-le-belge-domine-la-manche-douverture-de-la-coupe-du-monde-de-cyclo-cross\/#primaryimage"},"image":{"@id":"https:\/\/dicodusport.fr\/blog\/thibau-nys-en-soliste-le-belge-domine-la-manche-douverture-de-la-coupe-du-monde-de-cyclo-cross\/#primaryimage"},"thumbnailUrl":"https:\/\/dicodusport.fr\/blog\/wp-content\/uploads\/2025\/11\/Thibau-Nys-en-soliste-le-Belge-domine-la-manche-douverture-de-la-Coupe-du-monde-de-cyclo-cross.png","datePublished":"2025-11-23T14:37:34+00:00","dateModified":"2025-11-23T14:49:10+00:00","description":"COUPE DU MONDE DE CYCLO-CROSS 2025-2026 - Thibau Nys remporte la premi\u00e8re \u00e9tape \u00e0 Tabor en R\u00e9publique Tch\u00e8que.\u00a0","breadcrumb":{"@id":"https:\/\/dicodusport.fr\/blog\/thibau-nys-en-soliste-le-belge-domine-la-manche-douverture-de-la-coupe-du-monde-de-cyclo-cross\/#breadcrumb"},"inLanguage":"fr-FR","potentialAction":[{"@type":"ReadAction","target":["https:\/\/dicodusport.fr\/blog\/thibau-nys-en-soliste-le-belge-domine-la-manche-douverture-de-la-coupe-du-monde-de-cyclo-cross\/"]}]},{"@type":"ImageObject","inLanguage":"fr-FR","@id":"https:\/\/dicodusport.fr\/blog\/thibau-nys-en-soliste-le-belge-domine-la-manche-douverture-de-la-coupe-du-monde-de-cyclo-cross\/#primaryimage","url":"https:\/\/dicodusport.fr\/blog\/wp-content\/uploads\/2025\/11\/Thibau-Nys-en-soliste-le-Belge-domine-la-manche-douverture-de-la-Coupe-du-monde-de-cyclo-cross.png","contentUrl":"https:\/\/dicodusport.fr\/blog\/wp-content\/uploads\/2025\/11\/Thibau-Nys-en-soliste-le-Belge-domine-la-manche-douverture-de-la-Coupe-du-monde-de-cyclo-cross.png","width":1200,"height":674,"caption":"Thibau Nys en soliste le Belge domine la manche d'ouverture de la Coupe du monde de cyclo-cross"},{"@type":"BreadcrumbList","@id":"https:\/\/dicodusport.fr\/blog\/thibau-nys-en-soliste-le-belge-domine-la-manche-douverture-de-la-coupe-du-monde-de-cyclo-cross\/#breadcrumb","itemListElement":[{"@type":"ListItem","position":1,"name":"Accueil","item":"https:\/\/dicodusport.fr\/blog\/"},{"@type":"ListItem","position":2,"name":"Thibau Nys en soliste : le Belge domine la manche d&rsquo;ouverture de la Coupe du monde de cyclo-cross"}]},{"@type":"WebSite","@id":"https:\/\/dicodusport.fr\/blog\/#website","url":"https:\/\/dicodusport.fr\/blog\/","name":"Dicodusport","description":"L&#039;encyclop\u00e9die de l&#039;actualit\u00e9 sportive","publisher":{"@id":"https:\/\/dicodusport.fr\/blog\/#organization"},"potentialAction":[{"@type":"SearchAction","target":{"@type":"EntryPoint","urlTemplate":"https:\/\/dicodusport.fr\/blog\/?s={search_term_string}"},"query-input":{"@type":"PropertyValueSpecification","valueRequired":true,"valueName":"search_term_string"}}],"inLanguage":"fr-FR"},{"@type":"NewsMediaOrganization","@id":"https:\/\/dicodusport.fr\/blog\/#organization","name":"Dicodusport","url":"https:\/\/dicodusport.fr\/blog\/","logo":{"@type":"ImageObject","inLanguage":"fr-FR","@id":"https:\/\/dicodusport.fr\/blog\/#\/schema\/logo\/image\/","url":"https:\/\/dicodusport.fr\/blog\/wp-content\/uploads\/2020\/06\/cropped-LOGO-DICODUSPORT-2020-SANS-FOND-SANS-TEXTE.png","contentUrl":"https:\/\/dicodusport.fr\/blog\/wp-content\/uploads\/2020\/06\/cropped-LOGO-DICODUSPORT-2020-SANS-FOND-SANS-TEXTE.png","width":512,"height":512,"caption":"Dicodusport"},"image":{"@id":"https:\/\/dicodusport.fr\/blog\/#\/schema\/logo\/image\/"},"sameAs":["https:\/\/www.facebook.com\/dicodusport","https:\/\/x.com\/dicodusport","https:\/\/www.instagram.com\/dicodusport\/","https:\/\/www.youtube.com\/channel\/UC7V2KZ5sd3htJivAbA4ZG3w"],"description":"Dicodusport est l'encyclop\u00e9die de l'actualit\u00e9 sportive.","email":"bonjour@dicodusport.fr","legalName":"DICODUSPORT","foundingDate":"2018-01-14","vatID":"FR71834470973","taxID":"83447097300043","numberOfEmployees":{"@type":"QuantitativeValue","minValue":"1","maxValue":"10"}},{"@type":"Person","@id":"https:\/\/dicodusport.fr\/blog\/#\/schema\/person\/fe500246414ca17ddf0c0312d7a792cc","name":"Olivier Dobiezynski","image":{"@type":"ImageObject","inLanguage":"fr-FR","@id":"https:\/\/dicodusport.fr\/blog\/#\/schema\/person\/image\/","url":"https:\/\/dicodusport.fr\/blog\/wp-content\/uploads\/2024\/09\/5be8fe8d-9962-4f1e-ad06-d6f9dee30e6d-150x150.jpg","contentUrl":"https:\/\/dicodusport.fr\/blog\/wp-content\/uploads\/2024\/09\/5be8fe8d-9962-4f1e-ad06-d6f9dee30e6d-150x150.jpg","caption":"Olivier Dobiezynski"},"description":"Depuis le milieu des ann\u00e9es 90, la passion du cyclisme m'anime. Mes h\u00e9ros s'appellent Luc Leblanc, Piotr Ugrumov, Paolo Savoldelli, Peter Sagan et bien \u00e9videmment Romain Bardet. R\u00e9dacteur depuis 2023, je suis ici pour partager cet amour de la Petite Reine. Vous pourrez me lire \u00e9galement sur du trail, du ski de fond et tout autre sujet susceptible d'\u00e9veiller ma curiosit\u00e9 sportive.","sameAs":["https:\/\/x.com\/https:\/\/x.com\/Olivier_Matros"],"url":"https:\/\/dicodusport.fr\/blog\/author\/olivier-gh\/"}]}},"_links":{"self":[{"href":"https:\/\/dicodusport.fr\/blog\/wp-json\/wp\/v2\/posts\/627495","targetHints":{"allow":["GET"]}}],"collection":[{"href":"https:\/\/dicodusport.fr\/blog\/wp-json\/wp\/v2\/posts"}],"about":[{"href":"https:\/\/dicodusport.fr\/blog\/wp-json\/wp\/v2\/types\/post"}],"author":[{"embeddable":true,"href":"https:\/\/dicodusport.fr\/blog\/wp-json\/wp\/v2\/users\/92"}],"replies":[{"embeddable":true,"href":"https:\/\/dicodusport.fr\/blog\/wp-json\/wp\/v2\/comments?post=627495"}],"version-history":[{"count":5,"href":"https:\/\/dicodusport.fr\/blog\/wp-json\/wp\/v2\/posts\/627495\/revisions"}],"predecessor-version":[{"id":627544,"href":"https:\/\/dicodusport.fr\/blog\/wp-json\/wp\/v2\/posts\/627495\/revisions\/627544"}],"wp:featuredmedia":[{"embeddable":true,"href":"https:\/\/dicodusport.fr\/blog\/wp-json\/wp\/v2\/media\/627528"}],"wp:attachment":[{"href":"https:\/\/dicodusport.fr\/blog\/wp-json\/wp\/v2\/media?parent=627495"}],"wp:term":[{"taxonomy":"category","embeddable":true,"href":"https:\/\/dicodusport.fr\/blog\/wp-json\/wp\/v2\/categories?post=627495"},{"taxonomy":"post_tag","embeddable":true,"href":"https:\/\/dicodusport.fr\/blog\/wp-json\/wp\/v2\/tags?post=627495"}],"curies":[{"name":"wp","href":"https:\/\/api.w.org\/{rel}","templated":true}]}}