{"id":62754,"date":"2020-03-09T18:05:47","date_gmt":"2020-03-09T17:05:47","guid":{"rendered":"http:\/\/dicodusport.fr\/blog\/?p=62754&#038;preview=true&#038;preview_id=62754"},"modified":"2020-03-09T19:39:01","modified_gmt":"2020-03-09T18:39:01","slug":"les-championnats-de-france-de-biathlon-et-de-ski-de-fond-annules","status":"publish","type":"post","link":"https:\/\/dicodusport.fr\/blog\/les-championnats-de-france-de-biathlon-et-de-ski-de-fond-annules\/","title":{"rendered":"Les championnats de France de biathlon et de ski de fond annul\u00e9s"},"content":{"rendered":"<p style=\"text-align: justify;\"><strong><em>Selon les informations de ski-nordique.net, les championnats de France de biathlon et de ski de fond n&rsquo;auront pas lieu en 2020.<\/em><\/strong><\/p>\n<p style=\"text-align: justify;\">Suite aux nouvelles recommandations du gouvernement pour les \u00e9v\u00e9nements sportifs qui rassemblent plus de 1000 personnes, <strong>la pr\u00e9fecture de Haute-Savoie a d\u00e9cid\u00e9 d&rsquo;annuler plusieurs \u00e9v\u00e9nements sportifs<\/strong>. C&rsquo;est le cas des <strong>Championnats de France de biathlon et de ski de fond<\/strong> qui devaient avoir lieu fin mars aux Contamines.<\/p>\n<blockquote class=\"twitter-tweet\">\n<p dir=\"ltr\" lang=\"fr\">Les championnats de France de biathlon et de ski de fond annul\u00e9s ! &#x1f525;&#x1f525;&#x1f525;&#x1f525;&#x1f1eb;&#x1f1f7;<\/p>\n<p>Selon nos informations, la pr\u00e9fecture de Haute Savoie a pris la d\u00e9cision d&rsquo;annuler, ce jour, l&rsquo;\u00e9dition 2020 pr\u00e9vue fin mars aux Contamines. D&rsquo;autres courses sont concern\u00e9es&#8230;<a href=\"https:\/\/t.co\/m5rt0L5yGb\">https:\/\/t.co\/m5rt0L5yGb<\/a> <a href=\"https:\/\/t.co\/1BcBPoUrX2\">pic.twitter.com\/1BcBPoUrX2<\/a><\/p>\n<p>\u2014 Ski Nordique &#8211; Biathlon &#8211; Ski Alpin (@SkiNordique_net) <a href=\"https:\/\/twitter.com\/SkiNordique_net\/status\/1237031474169294849?ref_src=twsrc%5Etfw\">March 9, 2020<\/a><\/p><\/blockquote>\n<p style=\"text-align: justify;\"><script async src=\"https:\/\/platform.twitter.com\/widgets.js\" charset=\"utf-8\"><\/script><\/p>\n<p style=\"text-align: justify;\"><strong><em>Dicodusport<br \/>\n<a href=\"https:\/\/www.facebook.com\/dicodusport\/\" target=\"_blank\" rel=\"noopener noreferrer\"><img loading=\"lazy\" decoding=\"async\" class=\"alignnone wp-image-2909\" src=\"http:\/\/dicodusport.fr\/blog\/wp-content\/uploads\/2017\/07\/logo-facebook-150x150.png\" alt=\"\" width=\"40\" height=\"40\" \/><\/a><a href=\"https:\/\/twitter.com\/dicodusport\" target=\"_blank\" rel=\"noopener noreferrer\"><img loading=\"lazy\" decoding=\"async\" class=\"alignnone wp-image-2908\" src=\"http:\/\/dicodusport.fr\/blog\/wp-content\/uploads\/2017\/07\/logo-twitter-150x150.png\" alt=\"\" width=\"39\" height=\"39\" \/><\/a><\/em><\/strong><\/p>\n","protected":false},"excerpt":{"rendered":"<p>Selon les informations de ski-nordique.net, les championnats de France de biathlon et de ski de fond n&rsquo;auront pas lieu en 2020.<\/p>\n","protected":false},"author":1,"featured_media":62755,"comment_status":"open","ping_status":"closed","sticky":false,"template":"","format":"standard","meta":{"_acf_changed":false,"_daextam_enable_autolinks":"","footnotes":""},"categories":[2426,9217],"tags":[2198,2429,3745],"class_list":["post-62754","post","type-post","status-publish","format-standard","has-post-thumbnail","hentry","category-biathlon","category-ski","tag-fourcade","tag-martin-fourcade","tag-quentin-fillon-maillet"],"acf":[],"yoast_head":"<!-- This site is optimized with the Yoast SEO Premium plugin v26.7 (Yoast SEO v26.7) - https:\/\/yoast.com\/wordpress\/plugins\/seo\/ -->\n<title>Les championnats de France de biathlon et de ski de fond annul\u00e9s<\/title>\n<meta name=\"description\" content=\"Selon les informations de ski-nordique.net, les championnats de France de biathlon et de ski de fond n&#039;auront pas lieu en 2020.\" \/>\n<meta name=\"robots\" content=\"index, follow, max-snippet:-1, max-image-preview:large, max-video-preview:-1\" \/>\n<link rel=\"canonical\" href=\"https:\/\/dicodusport.fr\/blog\/les-championnats-de-france-de-biathlon-et-de-ski-de-fond-annules\/\" \/>\n<meta property=\"og:locale\" content=\"fr_FR\" \/>\n<meta property=\"og:type\" content=\"article\" \/>\n<meta property=\"og:title\" content=\"Les championnats de France de biathlon et de ski de fond annul\u00e9s\" \/>\n<meta property=\"og:description\" content=\"Selon les informations de ski-nordique.net, les championnats de France de biathlon et de ski de fond n&#039;auront pas lieu en 2020.\" \/>\n<meta property=\"og:url\" content=\"https:\/\/dicodusport.fr\/blog\/les-championnats-de-france-de-biathlon-et-de-ski-de-fond-annules\/\" \/>\n<meta property=\"og:site_name\" content=\"Dicodusport\" \/>\n<meta property=\"article:publisher\" content=\"https:\/\/www.facebook.com\/dicodusport\" \/>\n<meta property=\"article:author\" content=\"https:\/\/www.facebook.com\/dicodusport\" \/>\n<meta property=\"article:published_time\" content=\"2020-03-09T17:05:47+00:00\" \/>\n<meta property=\"article:modified_time\" content=\"2020-03-09T18:39:01+00:00\" \/>\n<meta property=\"og:image\" content=\"https:\/\/dicodusport.fr\/blog\/wp-content\/uploads\/2020\/03\/Martin-Fourcade-Quentin-Fillon-Mailet.png\" \/>\n\t<meta property=\"og:image:width\" content=\"800\" \/>\n\t<meta property=\"og:image:height\" content=\"445\" \/>\n\t<meta property=\"og:image:type\" content=\"image\/png\" \/>\n<meta name=\"author\" content=\"Nicolas Jacquemard\" \/>\n<meta name=\"twitter:card\" content=\"summary_large_image\" \/>\n<meta name=\"twitter:title\" content=\"Les championnats de France de biathlon et de ski de fond annul\u00e9s\" \/>\n<meta name=\"twitter:creator\" content=\"@https:\/\/twitter.com\/Nico_Jacquemard\" \/>\n<meta name=\"twitter:site\" content=\"@dicodusport\" \/>\n<script type=\"application\/ld+json\" class=\"yoast-schema-graph\">{\"@context\":\"https:\/\/schema.org\",\"@graph\":[{\"@type\":\"NewsArticle\",\"@id\":\"https:\/\/dicodusport.fr\/blog\/les-championnats-de-france-de-biathlon-et-de-ski-de-fond-annules\/#article\",\"isPartOf\":{\"@id\":\"https:\/\/dicodusport.fr\/blog\/les-championnats-de-france-de-biathlon-et-de-ski-de-fond-annules\/\"},\"author\":{\"name\":\"Nicolas Jacquemard\",\"@id\":\"https:\/\/dicodusport.fr\/blog\/#\/schema\/person\/55dcb50ad410894e431ed812bbb70191\"},\"headline\":\"Les championnats de France de biathlon et de ski de fond annul\u00e9s\",\"datePublished\":\"2020-03-09T17:05:47+00:00\",\"dateModified\":\"2020-03-09T18:39:01+00:00\",\"mainEntityOfPage\":{\"@id\":\"https:\/\/dicodusport.fr\/blog\/les-championnats-de-france-de-biathlon-et-de-ski-de-fond-annules\/\"},\"wordCount\":169,\"commentCount\":0,\"publisher\":{\"@id\":\"https:\/\/dicodusport.fr\/blog\/#organization\"},\"image\":{\"@id\":\"https:\/\/dicodusport.fr\/blog\/les-championnats-de-france-de-biathlon-et-de-ski-de-fond-annules\/#primaryimage\"},\"thumbnailUrl\":\"https:\/\/dicodusport.fr\/blog\/wp-content\/uploads\/2020\/03\/Martin-Fourcade-Quentin-Fillon-Mailet.png\",\"keywords\":[\"Fourcade\",\"Martin Fourcade\",\"Quentin Fillon Maillet\"],\"articleSection\":[\"Biathlon\",\"Ski\"],\"inLanguage\":\"fr-FR\",\"potentialAction\":[{\"@type\":\"CommentAction\",\"name\":\"Comment\",\"target\":[\"https:\/\/dicodusport.fr\/blog\/les-championnats-de-france-de-biathlon-et-de-ski-de-fond-annules\/#respond\"]}],\"copyrightYear\":\"2020\",\"copyrightHolder\":{\"@id\":\"https:\/\/dicodusport.fr\/blog\/#organization\"}},{\"@type\":\"WebPage\",\"@id\":\"https:\/\/dicodusport.fr\/blog\/les-championnats-de-france-de-biathlon-et-de-ski-de-fond-annules\/\",\"url\":\"https:\/\/dicodusport.fr\/blog\/les-championnats-de-france-de-biathlon-et-de-ski-de-fond-annules\/\",\"name\":\"Les championnats de France de biathlon et de ski de fond annul\u00e9s\",\"isPartOf\":{\"@id\":\"https:\/\/dicodusport.fr\/blog\/#website\"},\"primaryImageOfPage\":{\"@id\":\"https:\/\/dicodusport.fr\/blog\/les-championnats-de-france-de-biathlon-et-de-ski-de-fond-annules\/#primaryimage\"},\"image\":{\"@id\":\"https:\/\/dicodusport.fr\/blog\/les-championnats-de-france-de-biathlon-et-de-ski-de-fond-annules\/#primaryimage\"},\"thumbnailUrl\":\"https:\/\/dicodusport.fr\/blog\/wp-content\/uploads\/2020\/03\/Martin-Fourcade-Quentin-Fillon-Mailet.png\",\"datePublished\":\"2020-03-09T17:05:47+00:00\",\"dateModified\":\"2020-03-09T18:39:01+00:00\",\"description\":\"Selon les informations de ski-nordique.net, les championnats de France de biathlon et de ski de fond n'auront pas lieu en 2020.\",\"breadcrumb\":{\"@id\":\"https:\/\/dicodusport.fr\/blog\/les-championnats-de-france-de-biathlon-et-de-ski-de-fond-annules\/#breadcrumb\"},\"inLanguage\":\"fr-FR\",\"potentialAction\":[{\"@type\":\"ReadAction\",\"target\":[\"https:\/\/dicodusport.fr\/blog\/les-championnats-de-france-de-biathlon-et-de-ski-de-fond-annules\/\"]}]},{\"@type\":\"ImageObject\",\"inLanguage\":\"fr-FR\",\"@id\":\"https:\/\/dicodusport.fr\/blog\/les-championnats-de-france-de-biathlon-et-de-ski-de-fond-annules\/#primaryimage\",\"url\":\"https:\/\/dicodusport.fr\/blog\/wp-content\/uploads\/2020\/03\/Martin-Fourcade-Quentin-Fillon-Mailet.png\",\"contentUrl\":\"https:\/\/dicodusport.fr\/blog\/wp-content\/uploads\/2020\/03\/Martin-Fourcade-Quentin-Fillon-Mailet.png\",\"width\":800,\"height\":445},{\"@type\":\"BreadcrumbList\",\"@id\":\"https:\/\/dicodusport.fr\/blog\/les-championnats-de-france-de-biathlon-et-de-ski-de-fond-annules\/#breadcrumb\",\"itemListElement\":[{\"@type\":\"ListItem\",\"position\":1,\"name\":\"Accueil\",\"item\":\"https:\/\/dicodusport.fr\/blog\/\"},{\"@type\":\"ListItem\",\"position\":2,\"name\":\"Les championnats de France de biathlon et de ski de fond annul\u00e9s\"}]},{\"@type\":\"WebSite\",\"@id\":\"https:\/\/dicodusport.fr\/blog\/#website\",\"url\":\"https:\/\/dicodusport.fr\/blog\/\",\"name\":\"Dicodusport\",\"description\":\"L&#039;encyclop\u00e9die de l&#039;actualit\u00e9 sportive\",\"publisher\":{\"@id\":\"https:\/\/dicodusport.fr\/blog\/#organization\"},\"potentialAction\":[{\"@type\":\"SearchAction\",\"target\":{\"@type\":\"EntryPoint\",\"urlTemplate\":\"https:\/\/dicodusport.fr\/blog\/?s={search_term_string}\"},\"query-input\":{\"@type\":\"PropertyValueSpecification\",\"valueRequired\":true,\"valueName\":\"search_term_string\"}}],\"inLanguage\":\"fr-FR\"},{\"@type\":\"NewsMediaOrganization\",\"@id\":\"https:\/\/dicodusport.fr\/blog\/#organization\",\"name\":\"Dicodusport\",\"url\":\"https:\/\/dicodusport.fr\/blog\/\",\"logo\":{\"@type\":\"ImageObject\",\"inLanguage\":\"fr-FR\",\"@id\":\"https:\/\/dicodusport.fr\/blog\/#\/schema\/logo\/image\/\",\"url\":\"https:\/\/dicodusport.fr\/blog\/wp-content\/uploads\/2020\/06\/cropped-LOGO-DICODUSPORT-2020-SANS-FOND-SANS-TEXTE.png\",\"contentUrl\":\"https:\/\/dicodusport.fr\/blog\/wp-content\/uploads\/2020\/06\/cropped-LOGO-DICODUSPORT-2020-SANS-FOND-SANS-TEXTE.png\",\"width\":512,\"height\":512,\"caption\":\"Dicodusport\"},\"image\":{\"@id\":\"https:\/\/dicodusport.fr\/blog\/#\/schema\/logo\/image\/\"},\"sameAs\":[\"https:\/\/www.facebook.com\/dicodusport\",\"https:\/\/x.com\/dicodusport\",\"https:\/\/www.instagram.com\/dicodusport\/\",\"https:\/\/www.youtube.com\/channel\/UC7V2KZ5sd3htJivAbA4ZG3w\"],\"description\":\"Dicodusport est l'encyclop\u00e9die de l'actualit\u00e9 sportive.\",\"email\":\"bonjour@dicodusport.fr\",\"legalName\":\"DICODUSPORT\",\"foundingDate\":\"2018-01-14\",\"vatID\":\"FR71834470973\",\"taxID\":\"83447097300043\",\"numberOfEmployees\":{\"@type\":\"QuantitativeValue\",\"minValue\":\"1\",\"maxValue\":\"10\"}},{\"@type\":\"Person\",\"@id\":\"https:\/\/dicodusport.fr\/blog\/#\/schema\/person\/55dcb50ad410894e431ed812bbb70191\",\"name\":\"Nicolas Jacquemard\",\"image\":{\"@type\":\"ImageObject\",\"inLanguage\":\"fr-FR\",\"@id\":\"https:\/\/dicodusport.fr\/blog\/#\/schema\/person\/image\/\",\"url\":\"https:\/\/dicodusport.fr\/blog\/wp-content\/uploads\/2021\/05\/Nicolas-Jacquemard-150x150.jpeg\",\"contentUrl\":\"https:\/\/dicodusport.fr\/blog\/wp-content\/uploads\/2021\/05\/Nicolas-Jacquemard-150x150.jpeg\",\"caption\":\"Nicolas Jacquemard\"},\"description\":\"Passionn\u00e9 de sport et entrepreneur depuis mes 18 ans, la cr\u00e9ation de Dicodusport m'a sembl\u00e9 \u00e9vidente pour participer \u00e0 la m\u00e9diatisation d'un plus grand nombre de sports. Le chemin est long mais avec une \u00e9quipe des plus motiv\u00e9es et les Jeux Olympiques de Paris 2024 en point de mire, nous y arriverons ! Journaliste dans le monde du sport depuis plus de 5 ans, je traite aussi bien de football, de rugby, de biathlon que de cyclisme.\",\"sameAs\":[\"https:\/\/www.facebook.com\/dicodusport\",\"https:\/\/x.com\/https:\/\/twitter.com\/Nico_Jacquemard\"],\"url\":\"https:\/\/dicodusport.fr\/blog\/author\/dicodusport\/\"}]}<\/script>\n<!-- \/ Yoast SEO Premium plugin. -->","yoast_head_json":{"title":"Les championnats de France de biathlon et de ski de fond annul\u00e9s","description":"Selon les informations de ski-nordique.net, les championnats de France de biathlon et de ski de fond n'auront pas lieu en 2020.","robots":{"index":"index","follow":"follow","max-snippet":"max-snippet:-1","max-image-preview":"max-image-preview:large","max-video-preview":"max-video-preview:-1"},"canonical":"https:\/\/dicodusport.fr\/blog\/les-championnats-de-france-de-biathlon-et-de-ski-de-fond-annules\/","og_locale":"fr_FR","og_type":"article","og_title":"Les championnats de France de biathlon et de ski de fond annul\u00e9s","og_description":"Selon les informations de ski-nordique.net, les championnats de France de biathlon et de ski de fond n'auront pas lieu en 2020.","og_url":"https:\/\/dicodusport.fr\/blog\/les-championnats-de-france-de-biathlon-et-de-ski-de-fond-annules\/","og_site_name":"Dicodusport","article_publisher":"https:\/\/www.facebook.com\/dicodusport","article_author":"https:\/\/www.facebook.com\/dicodusport","article_published_time":"2020-03-09T17:05:47+00:00","article_modified_time":"2020-03-09T18:39:01+00:00","og_image":[{"width":800,"height":445,"url":"https:\/\/dicodusport.fr\/blog\/wp-content\/uploads\/2020\/03\/Martin-Fourcade-Quentin-Fillon-Mailet.png","type":"image\/png"}],"author":"Nicolas Jacquemard","twitter_card":"summary_large_image","twitter_title":"Les championnats de France de biathlon et de ski de fond annul\u00e9s","twitter_creator":"@https:\/\/twitter.com\/Nico_Jacquemard","twitter_site":"@dicodusport","schema":{"@context":"https:\/\/schema.org","@graph":[{"@type":"NewsArticle","@id":"https:\/\/dicodusport.fr\/blog\/les-championnats-de-france-de-biathlon-et-de-ski-de-fond-annules\/#article","isPartOf":{"@id":"https:\/\/dicodusport.fr\/blog\/les-championnats-de-france-de-biathlon-et-de-ski-de-fond-annules\/"},"author":{"name":"Nicolas Jacquemard","@id":"https:\/\/dicodusport.fr\/blog\/#\/schema\/person\/55dcb50ad410894e431ed812bbb70191"},"headline":"Les championnats de France de biathlon et de ski de fond annul\u00e9s","datePublished":"2020-03-09T17:05:47+00:00","dateModified":"2020-03-09T18:39:01+00:00","mainEntityOfPage":{"@id":"https:\/\/dicodusport.fr\/blog\/les-championnats-de-france-de-biathlon-et-de-ski-de-fond-annules\/"},"wordCount":169,"commentCount":0,"publisher":{"@id":"https:\/\/dicodusport.fr\/blog\/#organization"},"image":{"@id":"https:\/\/dicodusport.fr\/blog\/les-championnats-de-france-de-biathlon-et-de-ski-de-fond-annules\/#primaryimage"},"thumbnailUrl":"https:\/\/dicodusport.fr\/blog\/wp-content\/uploads\/2020\/03\/Martin-Fourcade-Quentin-Fillon-Mailet.png","keywords":["Fourcade","Martin Fourcade","Quentin Fillon Maillet"],"articleSection":["Biathlon","Ski"],"inLanguage":"fr-FR","potentialAction":[{"@type":"CommentAction","name":"Comment","target":["https:\/\/dicodusport.fr\/blog\/les-championnats-de-france-de-biathlon-et-de-ski-de-fond-annules\/#respond"]}],"copyrightYear":"2020","copyrightHolder":{"@id":"https:\/\/dicodusport.fr\/blog\/#organization"}},{"@type":"WebPage","@id":"https:\/\/dicodusport.fr\/blog\/les-championnats-de-france-de-biathlon-et-de-ski-de-fond-annules\/","url":"https:\/\/dicodusport.fr\/blog\/les-championnats-de-france-de-biathlon-et-de-ski-de-fond-annules\/","name":"Les championnats de France de biathlon et de ski de fond annul\u00e9s","isPartOf":{"@id":"https:\/\/dicodusport.fr\/blog\/#website"},"primaryImageOfPage":{"@id":"https:\/\/dicodusport.fr\/blog\/les-championnats-de-france-de-biathlon-et-de-ski-de-fond-annules\/#primaryimage"},"image":{"@id":"https:\/\/dicodusport.fr\/blog\/les-championnats-de-france-de-biathlon-et-de-ski-de-fond-annules\/#primaryimage"},"thumbnailUrl":"https:\/\/dicodusport.fr\/blog\/wp-content\/uploads\/2020\/03\/Martin-Fourcade-Quentin-Fillon-Mailet.png","datePublished":"2020-03-09T17:05:47+00:00","dateModified":"2020-03-09T18:39:01+00:00","description":"Selon les informations de ski-nordique.net, les championnats de France de biathlon et de ski de fond n'auront pas lieu en 2020.","breadcrumb":{"@id":"https:\/\/dicodusport.fr\/blog\/les-championnats-de-france-de-biathlon-et-de-ski-de-fond-annules\/#breadcrumb"},"inLanguage":"fr-FR","potentialAction":[{"@type":"ReadAction","target":["https:\/\/dicodusport.fr\/blog\/les-championnats-de-france-de-biathlon-et-de-ski-de-fond-annules\/"]}]},{"@type":"ImageObject","inLanguage":"fr-FR","@id":"https:\/\/dicodusport.fr\/blog\/les-championnats-de-france-de-biathlon-et-de-ski-de-fond-annules\/#primaryimage","url":"https:\/\/dicodusport.fr\/blog\/wp-content\/uploads\/2020\/03\/Martin-Fourcade-Quentin-Fillon-Mailet.png","contentUrl":"https:\/\/dicodusport.fr\/blog\/wp-content\/uploads\/2020\/03\/Martin-Fourcade-Quentin-Fillon-Mailet.png","width":800,"height":445},{"@type":"BreadcrumbList","@id":"https:\/\/dicodusport.fr\/blog\/les-championnats-de-france-de-biathlon-et-de-ski-de-fond-annules\/#breadcrumb","itemListElement":[{"@type":"ListItem","position":1,"name":"Accueil","item":"https:\/\/dicodusport.fr\/blog\/"},{"@type":"ListItem","position":2,"name":"Les championnats de France de biathlon et de ski de fond annul\u00e9s"}]},{"@type":"WebSite","@id":"https:\/\/dicodusport.fr\/blog\/#website","url":"https:\/\/dicodusport.fr\/blog\/","name":"Dicodusport","description":"L&#039;encyclop\u00e9die de l&#039;actualit\u00e9 sportive","publisher":{"@id":"https:\/\/dicodusport.fr\/blog\/#organization"},"potentialAction":[{"@type":"SearchAction","target":{"@type":"EntryPoint","urlTemplate":"https:\/\/dicodusport.fr\/blog\/?s={search_term_string}"},"query-input":{"@type":"PropertyValueSpecification","valueRequired":true,"valueName":"search_term_string"}}],"inLanguage":"fr-FR"},{"@type":"NewsMediaOrganization","@id":"https:\/\/dicodusport.fr\/blog\/#organization","name":"Dicodusport","url":"https:\/\/dicodusport.fr\/blog\/","logo":{"@type":"ImageObject","inLanguage":"fr-FR","@id":"https:\/\/dicodusport.fr\/blog\/#\/schema\/logo\/image\/","url":"https:\/\/dicodusport.fr\/blog\/wp-content\/uploads\/2020\/06\/cropped-LOGO-DICODUSPORT-2020-SANS-FOND-SANS-TEXTE.png","contentUrl":"https:\/\/dicodusport.fr\/blog\/wp-content\/uploads\/2020\/06\/cropped-LOGO-DICODUSPORT-2020-SANS-FOND-SANS-TEXTE.png","width":512,"height":512,"caption":"Dicodusport"},"image":{"@id":"https:\/\/dicodusport.fr\/blog\/#\/schema\/logo\/image\/"},"sameAs":["https:\/\/www.facebook.com\/dicodusport","https:\/\/x.com\/dicodusport","https:\/\/www.instagram.com\/dicodusport\/","https:\/\/www.youtube.com\/channel\/UC7V2KZ5sd3htJivAbA4ZG3w"],"description":"Dicodusport est l'encyclop\u00e9die de l'actualit\u00e9 sportive.","email":"bonjour@dicodusport.fr","legalName":"DICODUSPORT","foundingDate":"2018-01-14","vatID":"FR71834470973","taxID":"83447097300043","numberOfEmployees":{"@type":"QuantitativeValue","minValue":"1","maxValue":"10"}},{"@type":"Person","@id":"https:\/\/dicodusport.fr\/blog\/#\/schema\/person\/55dcb50ad410894e431ed812bbb70191","name":"Nicolas Jacquemard","image":{"@type":"ImageObject","inLanguage":"fr-FR","@id":"https:\/\/dicodusport.fr\/blog\/#\/schema\/person\/image\/","url":"https:\/\/dicodusport.fr\/blog\/wp-content\/uploads\/2021\/05\/Nicolas-Jacquemard-150x150.jpeg","contentUrl":"https:\/\/dicodusport.fr\/blog\/wp-content\/uploads\/2021\/05\/Nicolas-Jacquemard-150x150.jpeg","caption":"Nicolas Jacquemard"},"description":"Passionn\u00e9 de sport et entrepreneur depuis mes 18 ans, la cr\u00e9ation de Dicodusport m'a sembl\u00e9 \u00e9vidente pour participer \u00e0 la m\u00e9diatisation d'un plus grand nombre de sports. Le chemin est long mais avec une \u00e9quipe des plus motiv\u00e9es et les Jeux Olympiques de Paris 2024 en point de mire, nous y arriverons ! Journaliste dans le monde du sport depuis plus de 5 ans, je traite aussi bien de football, de rugby, de biathlon que de cyclisme.","sameAs":["https:\/\/www.facebook.com\/dicodusport","https:\/\/x.com\/https:\/\/twitter.com\/Nico_Jacquemard"],"url":"https:\/\/dicodusport.fr\/blog\/author\/dicodusport\/"}]}},"_links":{"self":[{"href":"https:\/\/dicodusport.fr\/blog\/wp-json\/wp\/v2\/posts\/62754","targetHints":{"allow":["GET"]}}],"collection":[{"href":"https:\/\/dicodusport.fr\/blog\/wp-json\/wp\/v2\/posts"}],"about":[{"href":"https:\/\/dicodusport.fr\/blog\/wp-json\/wp\/v2\/types\/post"}],"author":[{"embeddable":true,"href":"https:\/\/dicodusport.fr\/blog\/wp-json\/wp\/v2\/users\/1"}],"replies":[{"embeddable":true,"href":"https:\/\/dicodusport.fr\/blog\/wp-json\/wp\/v2\/comments?post=62754"}],"version-history":[{"count":0,"href":"https:\/\/dicodusport.fr\/blog\/wp-json\/wp\/v2\/posts\/62754\/revisions"}],"wp:featuredmedia":[{"embeddable":true,"href":"https:\/\/dicodusport.fr\/blog\/wp-json\/wp\/v2\/media\/62755"}],"wp:attachment":[{"href":"https:\/\/dicodusport.fr\/blog\/wp-json\/wp\/v2\/media?parent=62754"}],"wp:term":[{"taxonomy":"category","embeddable":true,"href":"https:\/\/dicodusport.fr\/blog\/wp-json\/wp\/v2\/categories?post=62754"},{"taxonomy":"post_tag","embeddable":true,"href":"https:\/\/dicodusport.fr\/blog\/wp-json\/wp\/v2\/tags?post=62754"}],"curies":[{"name":"wp","href":"https:\/\/api.w.org\/{rel}","templated":true}]}}