{"id":627761,"date":"2025-11-25T18:18:22","date_gmt":"2025-11-25T17:18:22","guid":{"rendered":"https:\/\/dicodusport.fr\/blog\/?p=627761&#038;preview=true&#038;preview_id=627761"},"modified":"2025-11-26T08:57:21","modified_gmt":"2025-11-26T07:57:21","slug":"programme-raccourci-nouveau-duel-avec-evans-sebastien-ogier-a-un-rallye-dun-9eme-titre-historique","status":"publish","type":"post","link":"https:\/\/dicodusport.fr\/blog\/programme-raccourci-nouveau-duel-avec-evans-sebastien-ogier-a-un-rallye-dun-9eme-titre-historique\/","title":{"rendered":"Programme raccourci, nouveau duel avec Evans : S\u00e9bastien Ogier \u00e0 un rallye d\u2019un 9\u00e8me titre historique"},"content":{"rendered":"<p style=\"text-align: justify;\"><em><strong>RALLYE WRC 2025 \u2013 \u00c0 seulement trois points de la t\u00eate du championnat du monde \u00e0 l\u2019aube <a href=\"https:\/\/dicodusport.fr\/blog\/rallye-darabie-saoudite-2025-programme-complet-chaine-tv-et-resultats\/\">du dernier rallye de l\u2019ann\u00e9e en Arabie Saoudite<\/a> (du mercredi 19 au samedi 22 novembre), S\u00e9bastien Ogier a la possibilit\u00e9 de d\u00e9crocher un 9\u00e8me titre mondial historique.<\/strong><\/em><\/p>\n<ul>\n<li style=\"text-align: justify;\"><strong>\u00c0 lire aussi &#8211; <a href=\"https:\/\/dicodusport.fr\/blog\/rallye-wrc-2025-le-calendrier-complet\/\">Rallye WRC 2025 \u2013 Le calendrier complet<\/a><\/strong><\/li>\n<\/ul>\n<p style=\"text-align: justify;\">Les records sont faits pour \u00eatre battus, ou au moins \u00e9gal\u00e9s. Mais dans certains cas, difficile d\u2019imaginer certaines marques atteignables. En <strong>WRC<\/strong>, <a href=\"https:\/\/dicodusport.fr\/blog\/tag\/sebastien-loeb\/\">S\u00e9bastien Loeb<\/a> semblait avoir pos\u00e9 des bases intouchables pour les g\u00e9n\u00e9rations suivantes en mettant la main sur <strong>neuf titres de champion du monde<\/strong>. Pourtant, en fin de semaine, un autre pilote fran\u00e7ais pr\u00e9nomm\u00e9 S\u00e9bastien pourrait en faire de m\u00eame.<\/p>\n<ul>\n<li style=\"text-align: justify;\"><strong>\u00c0 lire aussi &#8211; <a href=\"https:\/\/dicodusport.fr\/blog\/comment-sebastien-ogier-peut-devenir-champion-du-monde-tous-les-scenarios-pour-un-9eme-sacre-mondial\/\">Comment S\u00e9bastien Ogier peut devenir champion du monde ? Tous les sc\u00e9narios pour un 9\u00e8me sacre mondial<\/a>\u00a0<\/strong><\/li>\n<\/ul>\n<h2 style=\"text-align: justify;\">Malgr\u00e9 10 rallyes disput\u00e9s sur 13, Ogier est dans une position id\u00e9ale<\/h2>\n<p style=\"text-align: justify;\">\u00c0 bient\u00f4t 42 ans, <strong>S\u00e9bastien Ogier<\/strong> aurait sans doute pu \u00e9galer cette marque plus t\u00f4t, mais comme son illustre a\u00een\u00e9, le Gapen\u00e7ais avait fait le choix d\u2019all\u00e9ger son calendrier afin de se concentrer sur sa vie de famille fin 2021. Ce qui ne l\u2019a pas emp\u00each\u00e9 d\u2019alimenter son palmar\u00e8s gargantuesque aux c\u00f4t\u00e9s de son copilote <strong>Vincent Landais<\/strong> : <strong>2 victoires en 2022<\/strong>, puis <strong>3 victoires en 2023<\/strong>, ainsi qu\u2019en <strong>2024<\/strong>. Lors de cette derni\u00e8re campagne, Ogier avait m\u00eame r\u00eav\u00e9 du titre, mais un abandon au rallye d\u2019Europe d\u00e9but novembre avait annihil\u00e9 ses chances.<\/p>\n<ul>\n<li style=\"text-align: justify;\"><strong>\u00c0 ce sujet &#8211; <a href=\"https:\/\/dicodusport.fr\/blog\/rallyes-wrc-2025-classement-general-des-pilotes\/\">Rallyes WRC 2025 \u2013 Classement g\u00e9n\u00e9ral des pilotes<\/a><\/strong><\/li>\n<\/ul>\n<p style=\"text-align: justify;\">Un an plus tard, le pilote tricolore se retrouve dans une situation similaire\u2026 en encore meilleure position. Comme chaque d\u00e9but d\u2019ann\u00e9e, seulement <strong>8 des 14 rallyes faisaient partie de son programme initial<\/strong>. Apr\u00e8s sa victoire \u00e0 Monte-Carlo, il avait fait l\u2019impasse sur la Su\u00e8de et le Kenya avant d\u2019encha\u00eener quatre \u00e9normes r\u00e9sultats : deux 2\u00e8mes places (Espagne, Gr\u00e8ce) et surtout deux victoires (Portugal, Italie). \u00c0 la suite de ce bloc, il a chang\u00e9 ses plans. <strong>Apr\u00e8s une troisi\u00e8me et derni\u00e8re impasse en Estonie, il a ajout\u00e9 trois rallyes suppl\u00e9mentaires : Finlande, Paraguay et Arabie saoudite<\/strong>.<\/p>\n<blockquote>\n<p style=\"text-align: justify;\">Je savais d\u00e9j\u00e0 que je ne participerai pas au rallye suivant en Estonie et que cela me ferait trois impasses, soit le maximum que je pouvais me permettre. Il fallait donc d\u00e9cider de la suite \u00e0 ce moment-l\u00e0. J&rsquo;ai r\u00e9fl\u00e9chi et je me suis dit que si j&rsquo;assumais compl\u00e8tement mon choix de passer \u00e9ventuellement \u00e0 c\u00f4t\u00e9 d&rsquo;autres titres en ne faisant plus de saison compl\u00e8te, je m&rsquo;en voudrais peut-\u00eatre un jour de ne pas saisir l&rsquo;opportunit\u00e9 qui se pr\u00e9sentait en rajoutant seulement trois courses. Alors on s&rsquo;est lanc\u00e9s. \u2013 <strong>S\u00e9bastien Ogier dans L&rsquo;\u00c9quipe<\/strong><\/p>\n<\/blockquote>\n<p style=\"text-align: justify;\">Un choix judicieux : hormis un nouvel \u00e9chec cuisant en Europe (29\u00e8me), qui lui a co\u00fbt\u00e9 la t\u00eate du championnat, Ogier a accroch\u00e9 un podium en Finlande (3\u00e8me) et surtout <strong>trois nouvelles victoires (Paraguay, Chili, Japon)<\/strong>.<\/p>\n<ul>\n<li style=\"text-align: justify;\"><strong>\u00c0 ce sujet &#8211; <a href=\"https:\/\/dicodusport.fr\/blog\/rallye-darabie-saoudite-2025-classement-general-en-direct\/\">Rallye d\u2019Arabie Saoudite 2025 \u2013 Classement g\u00e9n\u00e9ral en direct<\/a><\/strong><\/li>\n<\/ul>\n<h2 style=\"text-align: justify;\">S\u00e9bastien Ogier vs Elfyn Evans, acte III<\/h2>\n<p style=\"text-align: justify;\">Gr\u00e2ce \u00e0 son dernier week-end parfait au Japon, le pilote fran\u00e7ais n\u2019est plus qu\u2019<strong>\u00e0 3 points d\u2019Elfyn Evans (272 contre 269)<\/strong>, leader du championnat. Une performance exceptionnelle, puisque le Fran\u00e7ais a volontairement <strong>laiss\u00e9 filer 105 des 490 points<\/strong> en jeu cette ann\u00e9e. Solide et constant, vainqueur de deux rallyes et pr\u00e9sent dans le Top 6 \u00e0 chaque \u00e9preuve, Evans arrive en Arabie Saoudite en danger. D\u2019autant que le Gallois a <strong>d\u00e9j\u00e0 craqu\u00e9 \u00e0 deux reprises face \u00e0 Ogier<\/strong> dans des contextes similaires.<\/p>\n<div id=\"attachment_627766\" style=\"width: 776px\" class=\"wp-caption aligncenter\"><img loading=\"lazy\" decoding=\"async\" aria-describedby=\"caption-attachment-627766\" class=\"wp-image-627766 size-full\" src=\"https:\/\/dicodusport.fr\/blog\/wp-content\/uploads\/2025\/11\/Le-duel-Ogie-Evans.png\" alt=\"Le duel Ogier-Evans\" width=\"766\" height=\"442\" srcset=\"https:\/\/dicodusport.fr\/blog\/wp-content\/uploads\/2025\/11\/Le-duel-Ogie-Evans.png 766w, https:\/\/dicodusport.fr\/blog\/wp-content\/uploads\/2025\/11\/Le-duel-Ogie-Evans-300x173.png 300w\" sizes=\"auto, (max-width: 766px) 100vw, 766px\" \/><p id=\"caption-attachment-627766\" class=\"wp-caption-text\">L&rsquo;\u00e9volution du duel Ogier-Evans<\/p><\/div>\n<p style=\"text-align: justify;\">Fin 2020, le Gallois avait les cartes en main avant l\u2019ultime rallye. Avec 14 points d\u2019avance, il sortait finalement de la route, offrant le titre au Fran\u00e7ais. En 2021, Ogier ne tremblait pas et convertissait ses 17 points d\u2019avance. Depuis, Evans tourne autour du titre sans r\u00e9ussir \u00e0 conclure, comme en t\u00e9moignent ses 2\u00e8mes places en 2023 et 2024. <strong>Dauphin malheureux \u00e0 quatre reprises sur les cinq derni\u00e8res ann\u00e9es<\/strong>, il est devenu un v\u00e9ritable <strong>Poulidor version WRC<\/strong>.<\/p>\n<blockquote class=\"twitter-tweet\">\n<p dir=\"ltr\" lang=\"fr\">S\u00e9bastien Ogier remporte le Rallye du Japon et revient \u00e0 3 points d&rsquo;Elfyn Evans alors qu&rsquo;il ne reste qu&rsquo;un Rallye ! \ud83c\uddeb\ud83c\uddf7<\/p>\n<p>La derni\u00e8re manche aura lieu du 26 au 29 novembre en Arabie Saoudite, sur les antennes de CANAL+ \ud83d\ude0d<\/p>\n<p>Ogier va-t-il \u00e9galer Loeb avec 9 titres ? <a href=\"https:\/\/twitter.com\/hashtag\/WRC?src=hash&amp;ref_src=twsrc%5Etfw\">#WRC<\/a> <a href=\"https:\/\/t.co\/13k9jwHv2G\">pic.twitter.com\/13k9jwHv2G<\/a><\/p>\n<p>\u2014 CANAL+ Sport (@CanalplusSport) <a href=\"https:\/\/twitter.com\/CanalplusSport\/status\/1987471836334969240?ref_src=twsrc%5Etfw\">November 9, 2025<\/a><\/p><\/blockquote>\n<p><script async src=\"https:\/\/platform.twitter.com\/widgets.js\" charset=\"utf-8\"><\/script><\/p>\n<h2 style=\"text-align: justify;\">Un terrain de jeu \u00e0 la fois in\u00e9dit et pi\u00e9geur en Arabie Saoudite<\/h2>\n<p style=\"text-align: justify;\">Avec trois points d\u2019avance sur un pilote qu\u2019il a pris l\u2019habitude de battre, <strong>S\u00e9bastien Ogier<\/strong> semble dans une configuration id\u00e9ale. Mais rien n\u2019est jou\u00e9. Une sortie de route ou un souci m\u00e9canique peuvent tout bouleverser. D\u2019autant que le terrain s\u2019y pr\u00eate. Pour la premi\u00e8re fois, le WRC pose ses valises en <strong>Arabie Saoudite<\/strong>, autour de Djeddah, sur des <strong>pistes rapides m\u00ealant portions rocailleuses et zones sablonneuses<\/strong>.<\/p>\n<p style=\"text-align: justify;\">Les pi\u00e8ges seront nombreux, les rebondissements quasi assur\u00e9s. Et un troisi\u00e8me homme pourrait s\u2019inviter dans la lutte : <strong>Kalle Rovanper\u00e4<\/strong>, revenu \u00e0 seulement 24 points d\u2019Ogier. Quatre jours intenses nous attendent.<\/p>\n<blockquote class=\"twitter-tweet\">\n<p dir=\"ltr\" lang=\"en\">RALLY WEEK \ud83e\udd29 It&rsquo;s time for our season finale in Saudi Arabia! <a href=\"https:\/\/twitter.com\/hashtag\/WRC?src=hash&amp;ref_src=twsrc%5Etfw\">#WRC<\/a> | <a href=\"https:\/\/twitter.com\/hashtag\/RallySaudiArabia?src=hash&amp;ref_src=twsrc%5Etfw\">#RallySaudiArabia<\/a> \ud83c\uddf8\ud83c\udde6 <a href=\"https:\/\/t.co\/fBJxqRZpE6\">pic.twitter.com\/fBJxqRZpE6<\/a><\/p>\n<p>\u2014 FIA World Rally Championship (@OfficialWRC) <a href=\"https:\/\/twitter.com\/OfficialWRC\/status\/1992850673587642631?ref_src=twsrc%5Etfw\">November 24, 2025<\/a><\/p><\/blockquote>\n<p><script async src=\"https:\/\/platform.twitter.com\/widgets.js\" charset=\"utf-8\"><\/script><\/p>\n<p>&nbsp;<\/p>\n","protected":false},"excerpt":{"rendered":"<p>\u00c0 seulement trois points de la t\u00eate du championnat du monde \u00e0 l\u2019aube du dernier rallye de l\u2019ann\u00e9e en Arabie Saoudite (du mercredi 19 au samedi 22 novembre), S\u00e9bastien Ogier a la possibilit\u00e9 de d\u00e9crocher un 9\u00e8me titre mondial historique.<\/p>\n","protected":false},"author":55,"featured_media":627768,"comment_status":"open","ping_status":"closed","sticky":false,"template":"","format":"standard","meta":{"_acf_changed":false,"_daextam_enable_autolinks":"1","footnotes":""},"categories":[47088],"tags":[16878,3861,2234,24,2235],"class_list":["post-627761","post","type-post","status-publish","format-standard","has-post-thumbnail","hentry","category-rallye-wrc","tag-breve","tag-rallye-wrc","tag-sebastien-ogier","tag-sport","tag-wrc"],"acf":[],"yoast_head":"<!-- This site is optimized with the Yoast SEO Premium plugin v26.7 (Yoast SEO v26.7) - https:\/\/yoast.com\/wordpress\/plugins\/seo\/ -->\n<title>Programme raccourci, nouveau duel avec Evans : S\u00e9bastien Ogier \u00e0 un rallye d\u2019un 9\u00e8me titre historique<\/title>\n<meta name=\"description\" content=\"RALLYE WRC 2025 \u2013 S\u00e9bastien Ogier a la possibilit\u00e9 de d\u00e9crocher un 9\u00e8me titre mondial historique cette semaine.\" \/>\n<meta name=\"robots\" content=\"index, follow, max-snippet:-1, max-image-preview:large, max-video-preview:-1\" \/>\n<link rel=\"canonical\" href=\"https:\/\/dicodusport.fr\/blog\/programme-raccourci-nouveau-duel-avec-evans-sebastien-ogier-a-un-rallye-dun-9eme-titre-historique\/\" \/>\n<meta property=\"og:locale\" content=\"fr_FR\" \/>\n<meta property=\"og:type\" content=\"article\" \/>\n<meta property=\"og:title\" content=\"Programme raccourci, nouveau duel avec Evans : S\u00e9bastien Ogier \u00e0 un rallye d\u2019un 9\u00e8me titre historique\" \/>\n<meta property=\"og:description\" content=\"RALLYE WRC 2025 \u2013 S\u00e9bastien Ogier a la possibilit\u00e9 de d\u00e9crocher un 9\u00e8me titre mondial historique cette semaine.\" \/>\n<meta property=\"og:url\" content=\"https:\/\/dicodusport.fr\/blog\/programme-raccourci-nouveau-duel-avec-evans-sebastien-ogier-a-un-rallye-dun-9eme-titre-historique\/\" \/>\n<meta property=\"og:site_name\" content=\"Dicodusport\" \/>\n<meta property=\"article:publisher\" content=\"https:\/\/www.facebook.com\/dicodusport\" \/>\n<meta property=\"article:published_time\" content=\"2025-11-25T17:18:22+00:00\" \/>\n<meta property=\"article:modified_time\" content=\"2025-11-26T07:57:21+00:00\" \/>\n<meta property=\"og:image\" content=\"https:\/\/dicodusport.fr\/blog\/wp-content\/uploads\/2025\/11\/Programme-raccourci-nouveau-duel-avec-Evans-Sebastien-Ogier-a-un-rallye-dun-9eme-titre-historique.png\" \/>\n\t<meta property=\"og:image:width\" content=\"1200\" \/>\n\t<meta property=\"og:image:height\" content=\"674\" \/>\n\t<meta property=\"og:image:type\" content=\"image\/png\" \/>\n<meta name=\"author\" content=\"Maxime Cazenave\" \/>\n<meta name=\"twitter:card\" content=\"summary_large_image\" \/>\n<meta name=\"twitter:title\" content=\"Programme raccourci, nouveau duel avec Evans : S\u00e9bastien Ogier \u00e0 un rallye d\u2019un 9\u00e8me titre historique\" \/>\n<meta name=\"twitter:creator\" content=\"@https:\/\/twitter.com\/Maxime_Caze\" \/>\n<meta name=\"twitter:site\" content=\"@dicodusport\" \/>\n<script type=\"application\/ld+json\" class=\"yoast-schema-graph\">{\"@context\":\"https:\/\/schema.org\",\"@graph\":[{\"@type\":\"NewsArticle\",\"@id\":\"https:\/\/dicodusport.fr\/blog\/programme-raccourci-nouveau-duel-avec-evans-sebastien-ogier-a-un-rallye-dun-9eme-titre-historique\/#article\",\"isPartOf\":{\"@id\":\"https:\/\/dicodusport.fr\/blog\/programme-raccourci-nouveau-duel-avec-evans-sebastien-ogier-a-un-rallye-dun-9eme-titre-historique\/\"},\"author\":{\"name\":\"Maxime Cazenave\",\"@id\":\"https:\/\/dicodusport.fr\/blog\/#\/schema\/person\/37def232098a7a5cbab3974a3690abb0\"},\"headline\":\"Programme raccourci, nouveau duel avec Evans : S\u00e9bastien Ogier \u00e0 un rallye d\u2019un 9\u00e8me titre historique\",\"datePublished\":\"2025-11-25T17:18:22+00:00\",\"dateModified\":\"2025-11-26T07:57:21+00:00\",\"mainEntityOfPage\":{\"@id\":\"https:\/\/dicodusport.fr\/blog\/programme-raccourci-nouveau-duel-avec-evans-sebastien-ogier-a-un-rallye-dun-9eme-titre-historique\/\"},\"wordCount\":931,\"commentCount\":0,\"publisher\":{\"@id\":\"https:\/\/dicodusport.fr\/blog\/#organization\"},\"image\":{\"@id\":\"https:\/\/dicodusport.fr\/blog\/programme-raccourci-nouveau-duel-avec-evans-sebastien-ogier-a-un-rallye-dun-9eme-titre-historique\/#primaryimage\"},\"thumbnailUrl\":\"https:\/\/dicodusport.fr\/blog\/wp-content\/uploads\/2025\/11\/Programme-raccourci-nouveau-duel-avec-Evans-Sebastien-Ogier-a-un-rallye-dun-9eme-titre-historique.png\",\"keywords\":[\"br\u00e8ve\",\"Rallye WRC\",\"S\u00e9bastien Ogier\",\"sport\",\"WRC\"],\"articleSection\":[\"Rallye WRC\"],\"inLanguage\":\"fr-FR\",\"potentialAction\":[{\"@type\":\"CommentAction\",\"name\":\"Comment\",\"target\":[\"https:\/\/dicodusport.fr\/blog\/programme-raccourci-nouveau-duel-avec-evans-sebastien-ogier-a-un-rallye-dun-9eme-titre-historique\/#respond\"]}],\"copyrightYear\":\"2025\",\"copyrightHolder\":{\"@id\":\"https:\/\/dicodusport.fr\/blog\/#organization\"}},{\"@type\":\"WebPage\",\"@id\":\"https:\/\/dicodusport.fr\/blog\/programme-raccourci-nouveau-duel-avec-evans-sebastien-ogier-a-un-rallye-dun-9eme-titre-historique\/\",\"url\":\"https:\/\/dicodusport.fr\/blog\/programme-raccourci-nouveau-duel-avec-evans-sebastien-ogier-a-un-rallye-dun-9eme-titre-historique\/\",\"name\":\"Programme raccourci, nouveau duel avec Evans : S\u00e9bastien Ogier \u00e0 un rallye d\u2019un 9\u00e8me titre historique\",\"isPartOf\":{\"@id\":\"https:\/\/dicodusport.fr\/blog\/#website\"},\"primaryImageOfPage\":{\"@id\":\"https:\/\/dicodusport.fr\/blog\/programme-raccourci-nouveau-duel-avec-evans-sebastien-ogier-a-un-rallye-dun-9eme-titre-historique\/#primaryimage\"},\"image\":{\"@id\":\"https:\/\/dicodusport.fr\/blog\/programme-raccourci-nouveau-duel-avec-evans-sebastien-ogier-a-un-rallye-dun-9eme-titre-historique\/#primaryimage\"},\"thumbnailUrl\":\"https:\/\/dicodusport.fr\/blog\/wp-content\/uploads\/2025\/11\/Programme-raccourci-nouveau-duel-avec-Evans-Sebastien-Ogier-a-un-rallye-dun-9eme-titre-historique.png\",\"datePublished\":\"2025-11-25T17:18:22+00:00\",\"dateModified\":\"2025-11-26T07:57:21+00:00\",\"description\":\"RALLYE WRC 2025 \u2013 S\u00e9bastien Ogier a la possibilit\u00e9 de d\u00e9crocher un 9\u00e8me titre mondial historique cette semaine.\",\"breadcrumb\":{\"@id\":\"https:\/\/dicodusport.fr\/blog\/programme-raccourci-nouveau-duel-avec-evans-sebastien-ogier-a-un-rallye-dun-9eme-titre-historique\/#breadcrumb\"},\"inLanguage\":\"fr-FR\",\"potentialAction\":[{\"@type\":\"ReadAction\",\"target\":[\"https:\/\/dicodusport.fr\/blog\/programme-raccourci-nouveau-duel-avec-evans-sebastien-ogier-a-un-rallye-dun-9eme-titre-historique\/\"]}]},{\"@type\":\"ImageObject\",\"inLanguage\":\"fr-FR\",\"@id\":\"https:\/\/dicodusport.fr\/blog\/programme-raccourci-nouveau-duel-avec-evans-sebastien-ogier-a-un-rallye-dun-9eme-titre-historique\/#primaryimage\",\"url\":\"https:\/\/dicodusport.fr\/blog\/wp-content\/uploads\/2025\/11\/Programme-raccourci-nouveau-duel-avec-Evans-Sebastien-Ogier-a-un-rallye-dun-9eme-titre-historique.png\",\"contentUrl\":\"https:\/\/dicodusport.fr\/blog\/wp-content\/uploads\/2025\/11\/Programme-raccourci-nouveau-duel-avec-Evans-Sebastien-Ogier-a-un-rallye-dun-9eme-titre-historique.png\",\"width\":1200,\"height\":674,\"caption\":\"Programme raccourci, nouveau duel avec Evans : S\u00e9bastien Ogier \u00e0 un rallye d\u2019un 9\u00e8me titre historique\"},{\"@type\":\"BreadcrumbList\",\"@id\":\"https:\/\/dicodusport.fr\/blog\/programme-raccourci-nouveau-duel-avec-evans-sebastien-ogier-a-un-rallye-dun-9eme-titre-historique\/#breadcrumb\",\"itemListElement\":[{\"@type\":\"ListItem\",\"position\":1,\"name\":\"Accueil\",\"item\":\"https:\/\/dicodusport.fr\/blog\/\"},{\"@type\":\"ListItem\",\"position\":2,\"name\":\"Programme raccourci, nouveau duel avec Evans : S\u00e9bastien Ogier \u00e0 un rallye d\u2019un 9\u00e8me titre historique\"}]},{\"@type\":\"WebSite\",\"@id\":\"https:\/\/dicodusport.fr\/blog\/#website\",\"url\":\"https:\/\/dicodusport.fr\/blog\/\",\"name\":\"Dicodusport\",\"description\":\"L&#039;encyclop\u00e9die de l&#039;actualit\u00e9 sportive\",\"publisher\":{\"@id\":\"https:\/\/dicodusport.fr\/blog\/#organization\"},\"potentialAction\":[{\"@type\":\"SearchAction\",\"target\":{\"@type\":\"EntryPoint\",\"urlTemplate\":\"https:\/\/dicodusport.fr\/blog\/?s={search_term_string}\"},\"query-input\":{\"@type\":\"PropertyValueSpecification\",\"valueRequired\":true,\"valueName\":\"search_term_string\"}}],\"inLanguage\":\"fr-FR\"},{\"@type\":\"NewsMediaOrganization\",\"@id\":\"https:\/\/dicodusport.fr\/blog\/#organization\",\"name\":\"Dicodusport\",\"url\":\"https:\/\/dicodusport.fr\/blog\/\",\"logo\":{\"@type\":\"ImageObject\",\"inLanguage\":\"fr-FR\",\"@id\":\"https:\/\/dicodusport.fr\/blog\/#\/schema\/logo\/image\/\",\"url\":\"https:\/\/dicodusport.fr\/blog\/wp-content\/uploads\/2020\/06\/cropped-LOGO-DICODUSPORT-2020-SANS-FOND-SANS-TEXTE.png\",\"contentUrl\":\"https:\/\/dicodusport.fr\/blog\/wp-content\/uploads\/2020\/06\/cropped-LOGO-DICODUSPORT-2020-SANS-FOND-SANS-TEXTE.png\",\"width\":512,\"height\":512,\"caption\":\"Dicodusport\"},\"image\":{\"@id\":\"https:\/\/dicodusport.fr\/blog\/#\/schema\/logo\/image\/\"},\"sameAs\":[\"https:\/\/www.facebook.com\/dicodusport\",\"https:\/\/x.com\/dicodusport\",\"https:\/\/www.instagram.com\/dicodusport\/\",\"https:\/\/www.youtube.com\/channel\/UC7V2KZ5sd3htJivAbA4ZG3w\"],\"description\":\"Dicodusport est l'encyclop\u00e9die de l'actualit\u00e9 sportive.\",\"email\":\"bonjour@dicodusport.fr\",\"legalName\":\"DICODUSPORT\",\"foundingDate\":\"2018-01-14\",\"vatID\":\"FR71834470973\",\"taxID\":\"83447097300043\",\"numberOfEmployees\":{\"@type\":\"QuantitativeValue\",\"minValue\":\"1\",\"maxValue\":\"10\"}},{\"@type\":\"Person\",\"@id\":\"https:\/\/dicodusport.fr\/blog\/#\/schema\/person\/37def232098a7a5cbab3974a3690abb0\",\"name\":\"Maxime Cazenave\",\"image\":{\"@type\":\"ImageObject\",\"inLanguage\":\"fr-FR\",\"@id\":\"https:\/\/dicodusport.fr\/blog\/#\/schema\/person\/image\/\",\"url\":\"https:\/\/dicodusport.fr\/blog\/wp-content\/uploads\/2021\/05\/Maxime-Cazenave-150x150.jpg\",\"contentUrl\":\"https:\/\/dicodusport.fr\/blog\/wp-content\/uploads\/2021\/05\/Maxime-Cazenave-150x150.jpg\",\"caption\":\"Maxime Cazenave\"},\"description\":\"Journaliste\/R\u00e9dacteur depuis 2012 - Berc\u00e9 par l\u2019amour des Girondins de Bordeaux, les \u00e9checs de Christophe Moreau sur le Tour de France sous l'\u00e8re Lance Armstrong et le fade-away l\u00e9tal de Dirk Nowitzki, ma passion d\u00e9vorante pour le sport a toujours \u00e9t\u00e9 un pan incontournable de ma vie. Transmettre ma passion \u00e0 l\u2019\u00e9crit a \u00e9t\u00e9 une transition naturelle. Suiveur assidu de basket et de hockey sur glace, je garde toujours un peu de place pour suivre le cyclisme, le football et le maximum de performances fran\u00e7aises.\",\"sameAs\":[\"https:\/\/x.com\/https:\/\/twitter.com\/Maxime_Caze\"],\"url\":\"https:\/\/dicodusport.fr\/blog\/author\/maximec\/\"}]}<\/script>\n<!-- \/ Yoast SEO Premium plugin. -->","yoast_head_json":{"title":"Programme raccourci, nouveau duel avec Evans : S\u00e9bastien Ogier \u00e0 un rallye d\u2019un 9\u00e8me titre historique","description":"RALLYE WRC 2025 \u2013 S\u00e9bastien Ogier a la possibilit\u00e9 de d\u00e9crocher un 9\u00e8me titre mondial historique cette semaine.","robots":{"index":"index","follow":"follow","max-snippet":"max-snippet:-1","max-image-preview":"max-image-preview:large","max-video-preview":"max-video-preview:-1"},"canonical":"https:\/\/dicodusport.fr\/blog\/programme-raccourci-nouveau-duel-avec-evans-sebastien-ogier-a-un-rallye-dun-9eme-titre-historique\/","og_locale":"fr_FR","og_type":"article","og_title":"Programme raccourci, nouveau duel avec Evans : S\u00e9bastien Ogier \u00e0 un rallye d\u2019un 9\u00e8me titre historique","og_description":"RALLYE WRC 2025 \u2013 S\u00e9bastien Ogier a la possibilit\u00e9 de d\u00e9crocher un 9\u00e8me titre mondial historique cette semaine.","og_url":"https:\/\/dicodusport.fr\/blog\/programme-raccourci-nouveau-duel-avec-evans-sebastien-ogier-a-un-rallye-dun-9eme-titre-historique\/","og_site_name":"Dicodusport","article_publisher":"https:\/\/www.facebook.com\/dicodusport","article_published_time":"2025-11-25T17:18:22+00:00","article_modified_time":"2025-11-26T07:57:21+00:00","og_image":[{"width":1200,"height":674,"url":"https:\/\/dicodusport.fr\/blog\/wp-content\/uploads\/2025\/11\/Programme-raccourci-nouveau-duel-avec-Evans-Sebastien-Ogier-a-un-rallye-dun-9eme-titre-historique.png","type":"image\/png"}],"author":"Maxime Cazenave","twitter_card":"summary_large_image","twitter_title":"Programme raccourci, nouveau duel avec Evans : S\u00e9bastien Ogier \u00e0 un rallye d\u2019un 9\u00e8me titre historique","twitter_creator":"@https:\/\/twitter.com\/Maxime_Caze","twitter_site":"@dicodusport","schema":{"@context":"https:\/\/schema.org","@graph":[{"@type":"NewsArticle","@id":"https:\/\/dicodusport.fr\/blog\/programme-raccourci-nouveau-duel-avec-evans-sebastien-ogier-a-un-rallye-dun-9eme-titre-historique\/#article","isPartOf":{"@id":"https:\/\/dicodusport.fr\/blog\/programme-raccourci-nouveau-duel-avec-evans-sebastien-ogier-a-un-rallye-dun-9eme-titre-historique\/"},"author":{"name":"Maxime Cazenave","@id":"https:\/\/dicodusport.fr\/blog\/#\/schema\/person\/37def232098a7a5cbab3974a3690abb0"},"headline":"Programme raccourci, nouveau duel avec Evans : S\u00e9bastien Ogier \u00e0 un rallye d\u2019un 9\u00e8me titre historique","datePublished":"2025-11-25T17:18:22+00:00","dateModified":"2025-11-26T07:57:21+00:00","mainEntityOfPage":{"@id":"https:\/\/dicodusport.fr\/blog\/programme-raccourci-nouveau-duel-avec-evans-sebastien-ogier-a-un-rallye-dun-9eme-titre-historique\/"},"wordCount":931,"commentCount":0,"publisher":{"@id":"https:\/\/dicodusport.fr\/blog\/#organization"},"image":{"@id":"https:\/\/dicodusport.fr\/blog\/programme-raccourci-nouveau-duel-avec-evans-sebastien-ogier-a-un-rallye-dun-9eme-titre-historique\/#primaryimage"},"thumbnailUrl":"https:\/\/dicodusport.fr\/blog\/wp-content\/uploads\/2025\/11\/Programme-raccourci-nouveau-duel-avec-Evans-Sebastien-Ogier-a-un-rallye-dun-9eme-titre-historique.png","keywords":["br\u00e8ve","Rallye WRC","S\u00e9bastien Ogier","sport","WRC"],"articleSection":["Rallye WRC"],"inLanguage":"fr-FR","potentialAction":[{"@type":"CommentAction","name":"Comment","target":["https:\/\/dicodusport.fr\/blog\/programme-raccourci-nouveau-duel-avec-evans-sebastien-ogier-a-un-rallye-dun-9eme-titre-historique\/#respond"]}],"copyrightYear":"2025","copyrightHolder":{"@id":"https:\/\/dicodusport.fr\/blog\/#organization"}},{"@type":"WebPage","@id":"https:\/\/dicodusport.fr\/blog\/programme-raccourci-nouveau-duel-avec-evans-sebastien-ogier-a-un-rallye-dun-9eme-titre-historique\/","url":"https:\/\/dicodusport.fr\/blog\/programme-raccourci-nouveau-duel-avec-evans-sebastien-ogier-a-un-rallye-dun-9eme-titre-historique\/","name":"Programme raccourci, nouveau duel avec Evans : S\u00e9bastien Ogier \u00e0 un rallye d\u2019un 9\u00e8me titre historique","isPartOf":{"@id":"https:\/\/dicodusport.fr\/blog\/#website"},"primaryImageOfPage":{"@id":"https:\/\/dicodusport.fr\/blog\/programme-raccourci-nouveau-duel-avec-evans-sebastien-ogier-a-un-rallye-dun-9eme-titre-historique\/#primaryimage"},"image":{"@id":"https:\/\/dicodusport.fr\/blog\/programme-raccourci-nouveau-duel-avec-evans-sebastien-ogier-a-un-rallye-dun-9eme-titre-historique\/#primaryimage"},"thumbnailUrl":"https:\/\/dicodusport.fr\/blog\/wp-content\/uploads\/2025\/11\/Programme-raccourci-nouveau-duel-avec-Evans-Sebastien-Ogier-a-un-rallye-dun-9eme-titre-historique.png","datePublished":"2025-11-25T17:18:22+00:00","dateModified":"2025-11-26T07:57:21+00:00","description":"RALLYE WRC 2025 \u2013 S\u00e9bastien Ogier a la possibilit\u00e9 de d\u00e9crocher un 9\u00e8me titre mondial historique cette semaine.","breadcrumb":{"@id":"https:\/\/dicodusport.fr\/blog\/programme-raccourci-nouveau-duel-avec-evans-sebastien-ogier-a-un-rallye-dun-9eme-titre-historique\/#breadcrumb"},"inLanguage":"fr-FR","potentialAction":[{"@type":"ReadAction","target":["https:\/\/dicodusport.fr\/blog\/programme-raccourci-nouveau-duel-avec-evans-sebastien-ogier-a-un-rallye-dun-9eme-titre-historique\/"]}]},{"@type":"ImageObject","inLanguage":"fr-FR","@id":"https:\/\/dicodusport.fr\/blog\/programme-raccourci-nouveau-duel-avec-evans-sebastien-ogier-a-un-rallye-dun-9eme-titre-historique\/#primaryimage","url":"https:\/\/dicodusport.fr\/blog\/wp-content\/uploads\/2025\/11\/Programme-raccourci-nouveau-duel-avec-Evans-Sebastien-Ogier-a-un-rallye-dun-9eme-titre-historique.png","contentUrl":"https:\/\/dicodusport.fr\/blog\/wp-content\/uploads\/2025\/11\/Programme-raccourci-nouveau-duel-avec-Evans-Sebastien-Ogier-a-un-rallye-dun-9eme-titre-historique.png","width":1200,"height":674,"caption":"Programme raccourci, nouveau duel avec Evans : S\u00e9bastien Ogier \u00e0 un rallye d\u2019un 9\u00e8me titre historique"},{"@type":"BreadcrumbList","@id":"https:\/\/dicodusport.fr\/blog\/programme-raccourci-nouveau-duel-avec-evans-sebastien-ogier-a-un-rallye-dun-9eme-titre-historique\/#breadcrumb","itemListElement":[{"@type":"ListItem","position":1,"name":"Accueil","item":"https:\/\/dicodusport.fr\/blog\/"},{"@type":"ListItem","position":2,"name":"Programme raccourci, nouveau duel avec Evans : S\u00e9bastien Ogier \u00e0 un rallye d\u2019un 9\u00e8me titre historique"}]},{"@type":"WebSite","@id":"https:\/\/dicodusport.fr\/blog\/#website","url":"https:\/\/dicodusport.fr\/blog\/","name":"Dicodusport","description":"L&#039;encyclop\u00e9die de l&#039;actualit\u00e9 sportive","publisher":{"@id":"https:\/\/dicodusport.fr\/blog\/#organization"},"potentialAction":[{"@type":"SearchAction","target":{"@type":"EntryPoint","urlTemplate":"https:\/\/dicodusport.fr\/blog\/?s={search_term_string}"},"query-input":{"@type":"PropertyValueSpecification","valueRequired":true,"valueName":"search_term_string"}}],"inLanguage":"fr-FR"},{"@type":"NewsMediaOrganization","@id":"https:\/\/dicodusport.fr\/blog\/#organization","name":"Dicodusport","url":"https:\/\/dicodusport.fr\/blog\/","logo":{"@type":"ImageObject","inLanguage":"fr-FR","@id":"https:\/\/dicodusport.fr\/blog\/#\/schema\/logo\/image\/","url":"https:\/\/dicodusport.fr\/blog\/wp-content\/uploads\/2020\/06\/cropped-LOGO-DICODUSPORT-2020-SANS-FOND-SANS-TEXTE.png","contentUrl":"https:\/\/dicodusport.fr\/blog\/wp-content\/uploads\/2020\/06\/cropped-LOGO-DICODUSPORT-2020-SANS-FOND-SANS-TEXTE.png","width":512,"height":512,"caption":"Dicodusport"},"image":{"@id":"https:\/\/dicodusport.fr\/blog\/#\/schema\/logo\/image\/"},"sameAs":["https:\/\/www.facebook.com\/dicodusport","https:\/\/x.com\/dicodusport","https:\/\/www.instagram.com\/dicodusport\/","https:\/\/www.youtube.com\/channel\/UC7V2KZ5sd3htJivAbA4ZG3w"],"description":"Dicodusport est l'encyclop\u00e9die de l'actualit\u00e9 sportive.","email":"bonjour@dicodusport.fr","legalName":"DICODUSPORT","foundingDate":"2018-01-14","vatID":"FR71834470973","taxID":"83447097300043","numberOfEmployees":{"@type":"QuantitativeValue","minValue":"1","maxValue":"10"}},{"@type":"Person","@id":"https:\/\/dicodusport.fr\/blog\/#\/schema\/person\/37def232098a7a5cbab3974a3690abb0","name":"Maxime Cazenave","image":{"@type":"ImageObject","inLanguage":"fr-FR","@id":"https:\/\/dicodusport.fr\/blog\/#\/schema\/person\/image\/","url":"https:\/\/dicodusport.fr\/blog\/wp-content\/uploads\/2021\/05\/Maxime-Cazenave-150x150.jpg","contentUrl":"https:\/\/dicodusport.fr\/blog\/wp-content\/uploads\/2021\/05\/Maxime-Cazenave-150x150.jpg","caption":"Maxime Cazenave"},"description":"Journaliste\/R\u00e9dacteur depuis 2012 - Berc\u00e9 par l\u2019amour des Girondins de Bordeaux, les \u00e9checs de Christophe Moreau sur le Tour de France sous l'\u00e8re Lance Armstrong et le fade-away l\u00e9tal de Dirk Nowitzki, ma passion d\u00e9vorante pour le sport a toujours \u00e9t\u00e9 un pan incontournable de ma vie. Transmettre ma passion \u00e0 l\u2019\u00e9crit a \u00e9t\u00e9 une transition naturelle. Suiveur assidu de basket et de hockey sur glace, je garde toujours un peu de place pour suivre le cyclisme, le football et le maximum de performances fran\u00e7aises.","sameAs":["https:\/\/x.com\/https:\/\/twitter.com\/Maxime_Caze"],"url":"https:\/\/dicodusport.fr\/blog\/author\/maximec\/"}]}},"_links":{"self":[{"href":"https:\/\/dicodusport.fr\/blog\/wp-json\/wp\/v2\/posts\/627761","targetHints":{"allow":["GET"]}}],"collection":[{"href":"https:\/\/dicodusport.fr\/blog\/wp-json\/wp\/v2\/posts"}],"about":[{"href":"https:\/\/dicodusport.fr\/blog\/wp-json\/wp\/v2\/types\/post"}],"author":[{"embeddable":true,"href":"https:\/\/dicodusport.fr\/blog\/wp-json\/wp\/v2\/users\/55"}],"replies":[{"embeddable":true,"href":"https:\/\/dicodusport.fr\/blog\/wp-json\/wp\/v2\/comments?post=627761"}],"version-history":[{"count":5,"href":"https:\/\/dicodusport.fr\/blog\/wp-json\/wp\/v2\/posts\/627761\/revisions"}],"predecessor-version":[{"id":627932,"href":"https:\/\/dicodusport.fr\/blog\/wp-json\/wp\/v2\/posts\/627761\/revisions\/627932"}],"wp:featuredmedia":[{"embeddable":true,"href":"https:\/\/dicodusport.fr\/blog\/wp-json\/wp\/v2\/media\/627768"}],"wp:attachment":[{"href":"https:\/\/dicodusport.fr\/blog\/wp-json\/wp\/v2\/media?parent=627761"}],"wp:term":[{"taxonomy":"category","embeddable":true,"href":"https:\/\/dicodusport.fr\/blog\/wp-json\/wp\/v2\/categories?post=627761"},{"taxonomy":"post_tag","embeddable":true,"href":"https:\/\/dicodusport.fr\/blog\/wp-json\/wp\/v2\/tags?post=627761"}],"curies":[{"name":"wp","href":"https:\/\/api.w.org\/{rel}","templated":true}]}}