{"id":627921,"date":"2025-11-29T12:10:37","date_gmt":"2025-11-29T11:10:37","guid":{"rendered":"https:\/\/dicodusport.fr\/blog\/?p=627921&#038;preview=true&#038;preview_id=627921"},"modified":"2025-11-29T13:14:43","modified_gmt":"2025-11-29T12:14:43","slug":"rallye-darabie-saoudite-2025-classement-general-en-direct","status":"publish","type":"post","link":"https:\/\/dicodusport.fr\/blog\/rallye-darabie-saoudite-2025-classement-general-en-direct\/","title":{"rendered":"Rallye d&rsquo;Arabie Saoudite 2025 &#8211; Classement g\u00e9n\u00e9ral en direct"},"content":{"rendered":"<p style=\"text-align: justify;\"><strong><em>D\u00e9couvrez le classement g\u00e9n\u00e9ral actualis\u00e9 et les r\u00e9sultats complets (top 10) du Rallye d&rsquo;Arabie Saoudite 2025, 14\u00e8me manche du championnat du monde des rallyes WRC 2025, qui se tient du mercredi 26 au samedi 29 novembre 2025.<\/em><\/strong><\/p>\n<ul>\n<li style=\"text-align: justify;\"><strong>\u00c0 ce sujet \u2013 <a href=\"https:\/\/dicodusport.fr\/blog\/rallye-darabie-saoudite-2025-programme-complet-chaine-tv-et-resultats\/\">Rallye d&rsquo;Arabie Saoudite 2025 : Programme complet, Cha\u00eene TV et R\u00e9sultats<\/a><\/strong><\/li>\n<\/ul>\n<p style=\"text-align: justify;\">Le <strong>Rallye d\u2019Arabie 2025<\/strong>, quatorzi\u00e8me manche et derni\u00e8re du championnat du monde <strong>WRC<\/strong>, s\u2019impose comme le juge de paix de la saison. Organis\u00e9e du 26 au 29 novembre, l\u2019\u00e9preuve d\u00e9signera le champion du monde 2025 des rallyes WRC, avec une lutte entre <strong>S\u00e9bastien Ogier<\/strong> et <strong>Elfyn Evans<\/strong>.<\/p>\n<ul>\n<li style=\"text-align: justify;\"><strong>\u00c0 ce sujet \u2013 <a href=\"https:\/\/dicodusport.fr\/blog\/comment-sebastien-ogier-peut-devenir-champion-du-monde-tous-les-scenarios-pour-un-9eme-sacre-mondial\/\">Comment S\u00e9bastien Ogier peut devenir champion du monde ? Tous les sc\u00e9narios pour un 9\u00e8me sacre mondial<\/a><\/strong><\/li>\n<\/ul>\n<h2 style=\"text-align: justify;\">L&rsquo;Arabie Saoudite, un terrain exigeant qui ne pardonne pas<\/h2>\n<p style=\"text-align: justify;\">Disput\u00e9e au c\u0153ur des paysages d\u00e9sertiques saoudiens, l\u2019\u00e9preuve propose une alternance redoutable de pistes rapides, de zones sablonneuses et de sections plus techniques. Le sable volatil, l\u2019adh\u00e9rence changeante et la forte abrasion du sol imposent aux \u00e9quipages une adaptation permanente. Les erreurs, souvent amplifi\u00e9es par la visibilit\u00e9 parfois r\u00e9duite, se paient imm\u00e9diatement.<\/p>\n<ul>\n<li style=\"text-align: justify;\"><strong>\u00c0 ce sujet \u2013 <a href=\"https:\/\/dicodusport.fr\/blog\/programme-raccourci-nouveau-duel-avec-evans-sebastien-ogier-a-un-rallye-dun-9eme-titre-historique\/\">Programme raccourci, nouveau duel avec Evans : S\u00e9bastien Ogier \u00e0 un rallye d\u2019un 9\u00e8me titre historique<\/a><\/strong><\/li>\n<\/ul>\n<p style=\"text-align: justify;\">Dans ces conditions extr\u00eames, la fiabilit\u00e9 de la m\u00e9canique est mise \u00e0 rude \u00e9preuve. Le choix des r\u00e9glages, la strat\u00e9gie pneumatique et la gestion de la temp\u00e9rature deviennent des \u00e9l\u00e9ments d\u00e9terminants. Les \u00e9quipes doivent composer avec un terrain qui sollicite fortement les voitures, tandis que les pilotes doivent trouver le bon \u00e9quilibre entre attaque et prudence.<\/p>\n<p style=\"text-align: justify;\">Vous retrouverez ici <strong>le classement g\u00e9n\u00e9ral actualis\u00e9 du Rallye d&rsquo;Arabie Saoudite 2025<\/strong>, le top 10 complet, ainsi que l&rsquo;\u00e9volution de cette manche saoudienne du <strong>WRC 2025<\/strong>.<\/p>\n<div class=\"vlp-link-container vlp-layout-article\"><a href=\"https:\/\/dicodusport.fr\/blog\/rallyes-wrc-2025-classement-general-des-pilotes\/\" class=\"vlp-link\" title=\"Rallyes WRC 2025 - Classement g\u00e9n\u00e9ral des pilotes\"><\/a><div class=\"vlp-layout-zone-side\"><div class=\"vlp-block-4 vlp-link-image\"><img loading=\"lazy\" decoding=\"async\" style=\"max-width: 792px;\" width=\"792\" height=\"445\" src=\"https:\/\/dicodusport.fr\/blog\/wp-content\/uploads\/2025\/01\/Rallyes-WRC-2025-Classement-general-des-pilotes.png\" class=\"attachment-800x445 size-800x445\" alt=\"Rallyes WRC 2025 - Classement g\u00e9n\u00e9ral des pilotes\" srcset=\"https:\/\/dicodusport.fr\/blog\/wp-content\/uploads\/2025\/01\/Rallyes-WRC-2025-Classement-general-des-pilotes.png 1200w, https:\/\/dicodusport.fr\/blog\/wp-content\/uploads\/2025\/01\/Rallyes-WRC-2025-Classement-general-des-pilotes-300x169.png 300w, https:\/\/dicodusport.fr\/blog\/wp-content\/uploads\/2025\/01\/Rallyes-WRC-2025-Classement-general-des-pilotes-1024x575.png 1024w, https:\/\/dicodusport.fr\/blog\/wp-content\/uploads\/2025\/01\/Rallyes-WRC-2025-Classement-general-des-pilotes-768x431.png 768w\" sizes=\"auto, (max-width: 792px) 100vw, 792px\" \/><\/div><\/div><div class=\"vlp-layout-zone-main\"><div class=\"vlp-block-0 vlp-link-title\">Rallyes WRC 2025 - Classement g\u00e9n\u00e9ral des pilotes<\/div><div class=\"vlp-block-1 vlp-link-summary\">RALLYE WRC 2025 - D\u00e9couvrez le classement g\u00e9n\u00e9ral des pilotes (top 10) du championnat du monde des rallyes 2025, qui se d\u00e9roule sur 14 manches du 23 janvier au 30 novembre 2025.<\/div><div class=\"vlp-block-2 vlp-link-button\">Lire l'article<\/div><div class=\"vlp-block-3 vlp-link-url\">dicodusport.fr<\/div><\/div><\/div>\n<h2 style=\"text-align: justify;\">Classement actualis\u00e9 du Rallye d&rsquo;Arabie Saoudite 2025<\/h2>\n<p style=\"text-align: justify;\"><strong><span style=\"font-size: 14px;\"><em>Classement mis \u00e0 jour \u00e0 l&rsquo;issue de l&rsquo;ES17.<\/em><\/span><\/strong><\/p>\n<div class=\"su-table su-table-alternate\">\n<table style=\"width: 800px;border-collapse: collapse\" border=\"1\">\n<tbody>\n<tr style=\"height: 24px\">\n<td style=\"border-color: #ebebeb;height: 24px;text-align: center;width: 80px;vertical-align: middle\">\ud83c\udfc6<\/td>\n<td style=\"border-color: #ebebeb;height: 24px;text-align: center;width: 500px;vertical-align: middle\"><span style=\"font-size: 0.9em\"><strong>PILOTES ET CO-PILOTES<\/strong><\/span><\/td>\n<td style=\"border-color: #ebebeb;height: 24px;text-align: center;width: 220px;vertical-align: middle\"><span style=\"font-size: 0.9em\"><strong>TEMPS<br \/>\n<\/strong><\/span><\/td>\n<\/tr>\n<tr>\n<td style=\"border-color: #ebebeb;text-align: center;width: 80px;vertical-align: middle\"><strong><span class=\"su-label su-label-type-warning\">1.<\/span><\/strong><\/td>\n<td style=\"border-color: #ebebeb;text-align: center;width: 500px;vertical-align: middle\"><strong style=\"font-size: 0.9em\">\ud83c\udde7\ud83c\uddea Thierry NEUVILLE \/ \ud83c\udde7\ud83c\uddea Martijn WYDAEGHE<\/strong><br style=\"font-size: 14.4px\" \/><span style=\"font-size: 0.9em\"><span style=\"font-size: 0.8em\">HYUNDAI<\/span><\/span><\/td>\n<td style=\"border-color: #ebebeb;text-align: center;width: 220px;vertical-align: middle\"><span style=\"font-size: 0.9em\"><strong>3h21m17.3<\/strong><\/span><span style=\"font-size: 0.9em\"><strong>s<\/strong><\/span><\/td>\n<\/tr>\n<tr>\n<td style=\"border-color: #ebebeb;text-align: center;width: 80px;vertical-align: middle\"><span style=\"font-size: 0.9em\">2.<\/span><\/td>\n<td style=\"border-color: #ebebeb;text-align: center;width: 500px;vertical-align: middle\"><span style=\"font-size: 0.9em\"><strong>\ud83c\uddeb\ud83c\uddf7 Adrien FOURMAUX \/ \ud83c\uddeb\ud83c\uddf7 Alexandre CORIA<\/strong><br \/>\n<span style=\"font-size: 0.8em\">HYUNDAI<\/span><\/span><\/td>\n<td style=\"border-color: #ebebeb;text-align: center;width: 220px;vertical-align: middle\"><span style=\"font-size: 0.9em\"><strong>\u00e0 54.7<\/strong><\/span><span style=\"font-size: 0.9em\"><strong>s<\/strong><\/span><\/td>\n<\/tr>\n<tr>\n<td style=\"border-color: #ebebeb;text-align: center;width: 80px;vertical-align: middle\"><span style=\"font-size: 0.9em\">3.<\/span><\/td>\n<td style=\"border-color: #ebebeb;text-align: center;width: 500px;vertical-align: middle\"><span style=\"font-size: 0.9em\"><strong>\ud83c\uddeb\ud83c\uddf7 S\u00e9bastien OGIER \/ \ud83c\uddeb\ud83c\uddf7 Vincent LANDAIS<br \/>\n<\/strong><span style=\"font-size: 0.8em\">TOYOTA<\/span><\/span><\/td>\n<td style=\"border-color: #ebebeb;text-align: center;width: 220px;vertical-align: middle\"><span style=\"font-size: 0.9em\"><strong>\u00e0 1m03.3<\/strong><\/span><span style=\"font-size: 0.9em\"><strong>s<\/strong><\/span><\/td>\n<\/tr>\n<tr>\n<td style=\"border-color: #ebebeb;text-align: center;width: 80px;vertical-align: middle\"><span style=\"font-size: 0.9em\">4.<\/span><\/td>\n<td style=\"border-color: #ebebeb;text-align: center;width: 500px;vertical-align: middle\"><span style=\"font-size: 0.9em\"><strong>\ud83c\uddeb\ud83c\uddee Sami PAJARI \/ \ud83c\uddeb\ud83c\uddee Enni M\u00c4LK\u00d6NEN<br \/>\n<\/strong><span style=\"font-size: 0.8em\">TOYOTA<\/span><\/span><\/td>\n<td style=\"border-color: #ebebeb;text-align: center;width: 220px;vertical-align: middle\"><span style=\"font-size: 0.9em\"><strong>\u00e0 1m51.7<\/strong><\/span><span style=\"font-size: 0.9em\"><strong>s<\/strong><\/span><\/td>\n<\/tr>\n<tr>\n<td style=\"border-color: #ebebeb;text-align: center;width: 80px;vertical-align: middle\"><span style=\"font-size: 0.9em\">5.<\/span><\/td>\n<td style=\"border-color: #ebebeb;text-align: center;width: 500px;vertical-align: middle\"><span style=\"font-size: 0.9em\"><strong>\ud83c\uddef\ud83c\uddf5 Takamoto KATSUTA \/ \ud83c\uddee\ud83c\uddea Aaron JOHNSTON<br \/>\n<\/strong><span style=\"font-size: 0.8em\">TOYOTA<\/span><\/span><\/td>\n<td style=\"border-color: #ebebeb;text-align: center;width: 220px;vertical-align: middle\"><span style=\"font-size: 0.9em\"><strong>\u00e0 1m59.9<\/strong><\/span><span style=\"font-size: 0.9em\"><strong>s<\/strong><\/span><\/td>\n<\/tr>\n<tr>\n<td style=\"border-color: #ebebeb;text-align: center;width: 80px;vertical-align: middle\"><span style=\"font-size: 0.9em\">6.<\/span><\/td>\n<td style=\"border-color: #ebebeb;text-align: center;width: 500px;vertical-align: middle\"><span style=\"font-size: 0.9em\"><strong>\ud83c\uddec\ud83c\udde7 Elfyn EVANS \/ \ud83c\uddec\ud83c\udde7 Scott MARTIN<br \/>\n<\/strong><span style=\"font-size: 0.8em\">TOYOTA<\/span><\/span><\/td>\n<td style=\"border-color: #ebebeb;text-align: center;width: 220px;vertical-align: middle\"><span style=\"font-size: 0.9em\"><strong>\u00e0 3m43.9s<\/strong><\/span><\/td>\n<\/tr>\n<tr style=\"height: 24px\">\n<td style=\"border-color: #ebebeb;height: 24px;text-align: center;width: 80px;vertical-align: middle\"><span style=\"font-size: 0.9em\">7.<\/span><\/td>\n<td style=\"border-color: #ebebeb;text-align: center;width: 500px;vertical-align: middle\"><span style=\"font-size: 0.9em\"><strong>\ud83c\uddeb\ud83c\uddee Kalle ROVANPER\u00c4 \/ \ud83c\uddeb\ud83c\uddee Jonne HALTTUNEN<\/strong><br \/>\n<span style=\"font-size: 0.8em\">TOYOTA<\/span><\/span><\/td>\n<td style=\"border-color: #ebebeb;text-align: center;width: 220px;vertical-align: middle\"><span style=\"font-size: 0.9em\"><strong>\u00e0 5m31.5<\/strong><\/span><span style=\"font-size: 0.9em\"><strong>s<\/strong><\/span><\/td>\n<\/tr>\n<tr>\n<td style=\"border-color: #ebebeb;text-align: center;width: 80px;vertical-align: middle\"><span style=\"font-size: 0.9em\">8.<\/span><\/td>\n<td style=\"border-color: #ebebeb;text-align: center;width: 500px;vertical-align: middle\"><span style=\"font-size: 0.9em\"><strong>\ud83c\uddf1\ud83c\uddfa Gr\u00e9goire MUNSTER \/ \ud83c\udde7\ud83c\uddea Louis LOUKA<\/strong><br \/>\n<span style=\"font-size: 0.8em\">FORD<\/span><\/span><\/td>\n<td style=\"border-color: #ebebeb;text-align: center;width: 220px;vertical-align: middle\"><span style=\"font-size: 0.9em\"><strong>\u00e0 7m07.2<\/strong><\/span><span style=\"font-size: 0.9em\"><strong>s<\/strong><\/span><\/td>\n<\/tr>\n<tr>\n<td style=\"border-color: #ebebeb;text-align: center;width: 80px;vertical-align: middle\"><span style=\"font-size: 0.9em\">9<\/span><span style=\"font-size: 0.9em\">.<\/span><\/td>\n<td style=\"border-color: #ebebeb;text-align: center;width: 500px;vertical-align: middle\"><span style=\"font-size: 0.9em\"><strong>\ud83c\uddee\ud83c\uddea Joshua MCERLEAN \/ \ud83c\uddee\ud83c\uddea Eoin TREACY<\/strong><br \/>\n<span style=\"font-size: 0.8em\">FORD<\/span><\/span><\/td>\n<td style=\"border-color: #ebebeb;text-align: center;width: 220px;vertical-align: middle\"><span style=\"font-size: 0.9em\"><strong>\u00e0 8m30.5<\/strong><\/span><span style=\"font-size: 0.9em\"><strong>s<\/strong><\/span><\/td>\n<\/tr>\n<tr style=\"height: 24px\">\n<td style=\"border-color: #ebebeb;height: 24px;text-align: center;width: 80px;vertical-align: middle\"><span style=\"font-size: 0.9em\">10.<\/span><\/td>\n<td style=\"border-color: #ebebeb;text-align: center;width: 500px;vertical-align: middle\"><span style=\"font-size: 0.9em\"><strong>\ud83c\uddf8\ud83c\uddea Oliver SOLBERG \/ \ud83c\uddec\ud83c\udde7 Elliott EDMONDSON<\/strong><br \/>\n<span style=\"font-size: 0.8em\">TOYOTA<\/span><\/span><\/td>\n<td style=\"border-color: #ebebeb;text-align: center;width: 220px;vertical-align: middle\"><span style=\"font-size: 0.9em\"><strong>\u00e0 10m00.6<\/strong><\/span><span style=\"font-size: 0.9em\"><strong>s<\/strong><\/span><\/td>\n<\/tr>\n<\/tbody>\n<\/table>\n<\/div>\n<h3 style=\"text-align: justify;\">\u00c0 lire aussi<\/h3>\n<ul>\n<li style=\"text-align: justify;\"><a href=\"https:\/\/www.wrc.com\/en\/events\/wrc-rally-saudi-arabia-2025\/wrc-rally-saudi-arabia-results-2025\"><strong>WRC Rallye d&rsquo;Arabie Saoudite 2025 &#8211; Classement complet<\/strong><\/a><\/li>\n<li style=\"text-align: justify;\"><strong><a href=\"https:\/\/dicodusport.fr\/blog\/rallye-wrc-2025-le-calendrier-complet\/\">Rallye WRC 2025 \u2013 Le calendrier complet<\/a><\/strong><\/li>\n<\/ul>\n<h2 style=\"text-align: justify;\">Le palmar\u00e8s de la saison 2025<\/h2>\n<p style=\"text-align: justify;\"><strong>Rallye Monte Carlo : <\/strong>S\u00e9bastien Ogier (Toyota) \u2013 <a href=\"https:\/\/dicodusport.fr\/blog\/rallye-monte-carlo-2025-le-classement-general-en-direct\/\"><em>Classement final<\/em><\/a><strong><br \/>\nRallye de Su\u00e8de :<\/strong> Elfyn Evans (Toyota) \u2013 <a href=\"https:\/\/dicodusport.fr\/blog\/rallye-de-suede-2025-le-classement-general-en-direct\/\"><em>Classement final<\/em><\/a><br \/>\n<strong>Rallye du Kenya :<\/strong> Elfyn Evans (Toyota) \u2013 <a href=\"https:\/\/dicodusport.fr\/blog\/rallye-du-kenya-2025-le-classement-general-en-direct\/\"><em>Classement final<\/em><\/a><br \/>\n<strong>Rallye des Iles Canaries :<\/strong> Kalle Rovanper\u00e4 (Toyota) \u2013 <a href=\"https:\/\/dicodusport.fr\/blog\/rallye-des-iles-canaries-2025-le-classement-general-en-direct\/\"><em>Classement final<\/em><\/a><br \/>\n<strong>Rallye du Portugal :<\/strong> S\u00e9bastien Ogier (Toyota) \u2013 <a href=\"https:\/\/dicodusport.fr\/blog\/rallye-du-portugal-2025-classement-general-en-direct\/\"><em>Classement final<\/em><\/a><br \/>\n<strong>Rallye de Sardaigne :<\/strong> S\u00e9bastien Ogier (Toyota) \u2013 <a href=\"https:\/\/dicodusport.fr\/blog\/rallye-de-sardaigne-2025-classement-general-en-direct\/\"><em>Classement final<\/em><\/a><br \/>\n<strong>Rallye de l&rsquo;Acropole :<\/strong> Ott T\u00e4nak (Hyundai) \u2013 <a href=\"https:\/\/dicodusport.fr\/blog\/rallye-acropole-2025-classement-general-en-direct\/\"><em>Classement final<\/em><\/a><br \/>\n<strong>Rallye d&rsquo;Estonie :<\/strong> Oliver Solberg (Toyota) \u2013 <a href=\"https:\/\/dicodusport.fr\/blog\/rallye-destonie-2025-classement-general-en-direct\/\"><em>Classement final<\/em><\/a><br \/>\n<strong>Rallye de Finlande :<\/strong> Kalle Rovanper\u00e4 (Toyota) \u2013 <a href=\"https:\/\/dicodusport.fr\/blog\/rallye-de-finlande-2025-classement-general-en-direct\/\"><em>Classement final<\/em><\/a><br \/>\n<strong>Rallye du Paraguay :<\/strong> S\u00e9bastien Ogier (Toyota) \u2013 <a href=\"https:\/\/dicodusport.fr\/blog\/rallye-du-paraguay-2025-classement-general-en-direct\/\"><em>Classement final<\/em><\/a><br \/>\n<strong>Rallye du Chili :<\/strong> S\u00e9bastien Ogier (Toyota) \u2013 <a href=\"https:\/\/dicodusport.fr\/blog\/rallye-du-chili-2025-classement-general-en-direct\/\"><em>Classement final<\/em><\/a><br \/>\n<strong>Rallye d&rsquo;Europe Centrale :<\/strong> Kalle Rovanper\u00e4 (Toyota) \u2013 <a href=\"https:\/\/dicodusport.fr\/blog\/rallye-deurope-centrale-2025-classement-general-en-direct\/\"><em>Classement final<\/em><\/a><br \/>\n<strong>Rallye du Japon :<\/strong> S\u00e9bastien Ogier (Toyota) \u2013 <a href=\"https:\/\/dicodusport.fr\/blog\/rallye-du-japon-2025-classement-general-en-direct\/\"><em>Classement final<\/em><\/a><\/p>\n","protected":false},"excerpt":{"rendered":"<p>D\u00e9couvrez le classement g\u00e9n\u00e9ral et les r\u00e9sultats complets du Rallye d\u2019Arabie 2025, 14e manche du WRC, avec le top 10 mis \u00e0 jour du 26 au 29 novembre.<\/p>\n","protected":false},"author":4,"featured_media":627923,"comment_status":"open","ping_status":"closed","sticky":false,"template":"","format":"standard","meta":{"_acf_changed":false,"_daextam_enable_autolinks":"1","footnotes":""},"categories":[47088],"tags":[16878,3861,2235],"class_list":["post-627921","post","type-post","status-publish","format-standard","has-post-thumbnail","hentry","category-rallye-wrc","tag-breve","tag-rallye-wrc","tag-wrc"],"acf":[],"yoast_head":"<!-- This site is optimized with the Yoast SEO Premium plugin v26.7 (Yoast SEO v26.7) - https:\/\/yoast.com\/wordpress\/plugins\/seo\/ -->\n<title>Rallye d&#039;Arabie Saoudite 2025 - Classement g\u00e9n\u00e9ral en direct<\/title>\n<meta name=\"description\" content=\"D\u00e9couvrez le classement g\u00e9n\u00e9ral et les r\u00e9sultats complets du Rallye d\u2019Arabie 2025, 14e manche du WRC, avec le top 10 mis \u00e0 jour.\" \/>\n<meta name=\"robots\" content=\"index, follow, max-snippet:-1, max-image-preview:large, max-video-preview:-1\" \/>\n<link rel=\"canonical\" href=\"https:\/\/dicodusport.fr\/blog\/rallye-darabie-saoudite-2025-classement-general-en-direct\/\" \/>\n<meta property=\"og:locale\" content=\"fr_FR\" \/>\n<meta property=\"og:type\" content=\"article\" \/>\n<meta property=\"og:title\" content=\"Rallye d&#039;Arabie Saoudite 2025 - Classement g\u00e9n\u00e9ral en direct\" \/>\n<meta property=\"og:description\" content=\"D\u00e9couvrez le classement g\u00e9n\u00e9ral et les r\u00e9sultats complets du Rallye d\u2019Arabie 2025, 14e manche du WRC, avec le top 10 mis \u00e0 jour.\" \/>\n<meta property=\"og:url\" content=\"https:\/\/dicodusport.fr\/blog\/rallye-darabie-saoudite-2025-classement-general-en-direct\/\" \/>\n<meta property=\"og:site_name\" content=\"Dicodusport\" \/>\n<meta property=\"article:publisher\" content=\"https:\/\/www.facebook.com\/dicodusport\" \/>\n<meta property=\"article:author\" content=\"https:\/\/www.facebook.com\/florent.ostermann\" \/>\n<meta property=\"article:published_time\" content=\"2025-11-29T11:10:37+00:00\" \/>\n<meta property=\"article:modified_time\" content=\"2025-11-29T12:14:43+00:00\" \/>\n<meta property=\"og:image\" content=\"https:\/\/dicodusport.fr\/blog\/wp-content\/uploads\/2025\/11\/Rallye-dArabie-Saoudite-2025-Classement-general-en-direct.png\" \/>\n\t<meta property=\"og:image:width\" content=\"1200\" \/>\n\t<meta property=\"og:image:height\" content=\"674\" \/>\n\t<meta property=\"og:image:type\" content=\"image\/png\" \/>\n<meta name=\"author\" content=\"Flo Ostermann\" \/>\n<meta name=\"twitter:card\" content=\"summary_large_image\" \/>\n<meta name=\"twitter:creator\" content=\"@https:\/\/twitter.com\/FlOstermann\" \/>\n<meta name=\"twitter:site\" content=\"@dicodusport\" \/>\n<script type=\"application\/ld+json\" class=\"yoast-schema-graph\">{\"@context\":\"https:\/\/schema.org\",\"@graph\":[{\"@type\":\"NewsArticle\",\"@id\":\"https:\/\/dicodusport.fr\/blog\/rallye-darabie-saoudite-2025-classement-general-en-direct\/#article\",\"isPartOf\":{\"@id\":\"https:\/\/dicodusport.fr\/blog\/rallye-darabie-saoudite-2025-classement-general-en-direct\/\"},\"author\":{\"name\":\"Flo Ostermann\",\"@id\":\"https:\/\/dicodusport.fr\/blog\/#\/schema\/person\/cb02af4c173ce4a653b55e9baf388d4a\"},\"headline\":\"Rallye d&rsquo;Arabie Saoudite 2025 &#8211; Classement g\u00e9n\u00e9ral en direct\",\"datePublished\":\"2025-11-29T11:10:37+00:00\",\"dateModified\":\"2025-11-29T12:14:43+00:00\",\"mainEntityOfPage\":{\"@id\":\"https:\/\/dicodusport.fr\/blog\/rallye-darabie-saoudite-2025-classement-general-en-direct\/\"},\"wordCount\":629,\"commentCount\":0,\"publisher\":{\"@id\":\"https:\/\/dicodusport.fr\/blog\/#organization\"},\"image\":{\"@id\":\"https:\/\/dicodusport.fr\/blog\/rallye-darabie-saoudite-2025-classement-general-en-direct\/#primaryimage\"},\"thumbnailUrl\":\"https:\/\/dicodusport.fr\/blog\/wp-content\/uploads\/2025\/11\/Rallye-dArabie-Saoudite-2025-Classement-general-en-direct.png\",\"keywords\":[\"br\u00e8ve\",\"Rallye WRC\",\"WRC\"],\"articleSection\":[\"Rallye WRC\"],\"inLanguage\":\"fr-FR\",\"potentialAction\":[{\"@type\":\"CommentAction\",\"name\":\"Comment\",\"target\":[\"https:\/\/dicodusport.fr\/blog\/rallye-darabie-saoudite-2025-classement-general-en-direct\/#respond\"]}],\"copyrightYear\":\"2025\",\"copyrightHolder\":{\"@id\":\"https:\/\/dicodusport.fr\/blog\/#organization\"}},{\"@type\":\"WebPage\",\"@id\":\"https:\/\/dicodusport.fr\/blog\/rallye-darabie-saoudite-2025-classement-general-en-direct\/\",\"url\":\"https:\/\/dicodusport.fr\/blog\/rallye-darabie-saoudite-2025-classement-general-en-direct\/\",\"name\":\"Rallye d'Arabie Saoudite 2025 - Classement g\u00e9n\u00e9ral en direct\",\"isPartOf\":{\"@id\":\"https:\/\/dicodusport.fr\/blog\/#website\"},\"primaryImageOfPage\":{\"@id\":\"https:\/\/dicodusport.fr\/blog\/rallye-darabie-saoudite-2025-classement-general-en-direct\/#primaryimage\"},\"image\":{\"@id\":\"https:\/\/dicodusport.fr\/blog\/rallye-darabie-saoudite-2025-classement-general-en-direct\/#primaryimage\"},\"thumbnailUrl\":\"https:\/\/dicodusport.fr\/blog\/wp-content\/uploads\/2025\/11\/Rallye-dArabie-Saoudite-2025-Classement-general-en-direct.png\",\"datePublished\":\"2025-11-29T11:10:37+00:00\",\"dateModified\":\"2025-11-29T12:14:43+00:00\",\"description\":\"D\u00e9couvrez le classement g\u00e9n\u00e9ral et les r\u00e9sultats complets du Rallye d\u2019Arabie 2025, 14e manche du WRC, avec le top 10 mis \u00e0 jour.\",\"breadcrumb\":{\"@id\":\"https:\/\/dicodusport.fr\/blog\/rallye-darabie-saoudite-2025-classement-general-en-direct\/#breadcrumb\"},\"inLanguage\":\"fr-FR\",\"potentialAction\":[{\"@type\":\"ReadAction\",\"target\":[\"https:\/\/dicodusport.fr\/blog\/rallye-darabie-saoudite-2025-classement-general-en-direct\/\"]}]},{\"@type\":\"ImageObject\",\"inLanguage\":\"fr-FR\",\"@id\":\"https:\/\/dicodusport.fr\/blog\/rallye-darabie-saoudite-2025-classement-general-en-direct\/#primaryimage\",\"url\":\"https:\/\/dicodusport.fr\/blog\/wp-content\/uploads\/2025\/11\/Rallye-dArabie-Saoudite-2025-Classement-general-en-direct.png\",\"contentUrl\":\"https:\/\/dicodusport.fr\/blog\/wp-content\/uploads\/2025\/11\/Rallye-dArabie-Saoudite-2025-Classement-general-en-direct.png\",\"width\":1200,\"height\":674,\"caption\":\"Rallye d'Arabie Saoudite 2025 - Classement g\u00e9n\u00e9ral en direct\"},{\"@type\":\"BreadcrumbList\",\"@id\":\"https:\/\/dicodusport.fr\/blog\/rallye-darabie-saoudite-2025-classement-general-en-direct\/#breadcrumb\",\"itemListElement\":[{\"@type\":\"ListItem\",\"position\":1,\"name\":\"Accueil\",\"item\":\"https:\/\/dicodusport.fr\/blog\/\"},{\"@type\":\"ListItem\",\"position\":2,\"name\":\"Rallye d&rsquo;Arabie Saoudite 2025 &#8211; Classement g\u00e9n\u00e9ral en direct\"}]},{\"@type\":\"WebSite\",\"@id\":\"https:\/\/dicodusport.fr\/blog\/#website\",\"url\":\"https:\/\/dicodusport.fr\/blog\/\",\"name\":\"Dicodusport\",\"description\":\"L&#039;encyclop\u00e9die de l&#039;actualit\u00e9 sportive\",\"publisher\":{\"@id\":\"https:\/\/dicodusport.fr\/blog\/#organization\"},\"potentialAction\":[{\"@type\":\"SearchAction\",\"target\":{\"@type\":\"EntryPoint\",\"urlTemplate\":\"https:\/\/dicodusport.fr\/blog\/?s={search_term_string}\"},\"query-input\":{\"@type\":\"PropertyValueSpecification\",\"valueRequired\":true,\"valueName\":\"search_term_string\"}}],\"inLanguage\":\"fr-FR\"},{\"@type\":\"NewsMediaOrganization\",\"@id\":\"https:\/\/dicodusport.fr\/blog\/#organization\",\"name\":\"Dicodusport\",\"url\":\"https:\/\/dicodusport.fr\/blog\/\",\"logo\":{\"@type\":\"ImageObject\",\"inLanguage\":\"fr-FR\",\"@id\":\"https:\/\/dicodusport.fr\/blog\/#\/schema\/logo\/image\/\",\"url\":\"https:\/\/dicodusport.fr\/blog\/wp-content\/uploads\/2020\/06\/cropped-LOGO-DICODUSPORT-2020-SANS-FOND-SANS-TEXTE.png\",\"contentUrl\":\"https:\/\/dicodusport.fr\/blog\/wp-content\/uploads\/2020\/06\/cropped-LOGO-DICODUSPORT-2020-SANS-FOND-SANS-TEXTE.png\",\"width\":512,\"height\":512,\"caption\":\"Dicodusport\"},\"image\":{\"@id\":\"https:\/\/dicodusport.fr\/blog\/#\/schema\/logo\/image\/\"},\"sameAs\":[\"https:\/\/www.facebook.com\/dicodusport\",\"https:\/\/x.com\/dicodusport\",\"https:\/\/www.instagram.com\/dicodusport\/\",\"https:\/\/www.youtube.com\/channel\/UC7V2KZ5sd3htJivAbA4ZG3w\"],\"description\":\"Dicodusport est l'encyclop\u00e9die de l'actualit\u00e9 sportive.\",\"email\":\"bonjour@dicodusport.fr\",\"legalName\":\"DICODUSPORT\",\"foundingDate\":\"2018-01-14\",\"vatID\":\"FR71834470973\",\"taxID\":\"83447097300043\",\"numberOfEmployees\":{\"@type\":\"QuantitativeValue\",\"minValue\":\"1\",\"maxValue\":\"10\"}},{\"@type\":\"Person\",\"@id\":\"https:\/\/dicodusport.fr\/blog\/#\/schema\/person\/cb02af4c173ce4a653b55e9baf388d4a\",\"name\":\"Flo Ostermann\",\"image\":{\"@type\":\"ImageObject\",\"inLanguage\":\"fr-FR\",\"@id\":\"https:\/\/dicodusport.fr\/blog\/#\/schema\/person\/image\/\",\"url\":\"https:\/\/dicodusport.fr\/blog\/wp-content\/uploads\/2021\/05\/Flo-Ostermann-150x150.jpg\",\"contentUrl\":\"https:\/\/dicodusport.fr\/blog\/wp-content\/uploads\/2021\/05\/Flo-Ostermann-150x150.jpg\",\"caption\":\"Flo Ostermann\"},\"description\":\"Journaliste\/R\u00e9dacteur depuis septembre 2015 - Mes premiers souvenirs dans le sport ? Les envol\u00e9es du Stade Toulousain et les duels Villeneuve-Schumacher et H\u00e4kkinen-Schumacher \u00e0 la fin des ann\u00e9es 90, la Coupe du monde de football en 1998, l\u2019exploit du XV de France face aux All Blacks en 1999, mais aussi Richard C\u0153ur de Lion qui vole sur les montagnes du Tour de France. Bien parti pour devenir professeur d\u2019EPS, les \u00e9v\u00e9nements de la vie (et la flemme d\u2019animer des s\u00e9ances de 3x500 m\u00e8tres toute ma vie) m\u2019ont conduit \u00e0 revoir mes plans. Me voil\u00e0 depuis fin 2017 sur Dicodusport, m\u00e9dia gr\u00e2ce (et pour) lequel je partage ma passion : le sport dans tous ses \u00e9tats. Le tout accompagn\u00e9 par les fous furieux et folles furieuses cit\u00e9s sur cette page !\",\"sameAs\":[\"https:\/\/www.facebook.com\/florent.ostermann\",\"https:\/\/x.com\/https:\/\/twitter.com\/FlOstermann\",\"admin\"],\"url\":\"https:\/\/dicodusport.fr\/blog\/author\/flo\/\"}]}<\/script>\n<!-- \/ Yoast SEO Premium plugin. -->","yoast_head_json":{"title":"Rallye d'Arabie Saoudite 2025 - Classement g\u00e9n\u00e9ral en direct","description":"D\u00e9couvrez le classement g\u00e9n\u00e9ral et les r\u00e9sultats complets du Rallye d\u2019Arabie 2025, 14e manche du WRC, avec le top 10 mis \u00e0 jour.","robots":{"index":"index","follow":"follow","max-snippet":"max-snippet:-1","max-image-preview":"max-image-preview:large","max-video-preview":"max-video-preview:-1"},"canonical":"https:\/\/dicodusport.fr\/blog\/rallye-darabie-saoudite-2025-classement-general-en-direct\/","og_locale":"fr_FR","og_type":"article","og_title":"Rallye d'Arabie Saoudite 2025 - Classement g\u00e9n\u00e9ral en direct","og_description":"D\u00e9couvrez le classement g\u00e9n\u00e9ral et les r\u00e9sultats complets du Rallye d\u2019Arabie 2025, 14e manche du WRC, avec le top 10 mis \u00e0 jour.","og_url":"https:\/\/dicodusport.fr\/blog\/rallye-darabie-saoudite-2025-classement-general-en-direct\/","og_site_name":"Dicodusport","article_publisher":"https:\/\/www.facebook.com\/dicodusport","article_author":"https:\/\/www.facebook.com\/florent.ostermann","article_published_time":"2025-11-29T11:10:37+00:00","article_modified_time":"2025-11-29T12:14:43+00:00","og_image":[{"width":1200,"height":674,"url":"https:\/\/dicodusport.fr\/blog\/wp-content\/uploads\/2025\/11\/Rallye-dArabie-Saoudite-2025-Classement-general-en-direct.png","type":"image\/png"}],"author":"Flo Ostermann","twitter_card":"summary_large_image","twitter_creator":"@https:\/\/twitter.com\/FlOstermann","twitter_site":"@dicodusport","schema":{"@context":"https:\/\/schema.org","@graph":[{"@type":"NewsArticle","@id":"https:\/\/dicodusport.fr\/blog\/rallye-darabie-saoudite-2025-classement-general-en-direct\/#article","isPartOf":{"@id":"https:\/\/dicodusport.fr\/blog\/rallye-darabie-saoudite-2025-classement-general-en-direct\/"},"author":{"name":"Flo Ostermann","@id":"https:\/\/dicodusport.fr\/blog\/#\/schema\/person\/cb02af4c173ce4a653b55e9baf388d4a"},"headline":"Rallye d&rsquo;Arabie Saoudite 2025 &#8211; Classement g\u00e9n\u00e9ral en direct","datePublished":"2025-11-29T11:10:37+00:00","dateModified":"2025-11-29T12:14:43+00:00","mainEntityOfPage":{"@id":"https:\/\/dicodusport.fr\/blog\/rallye-darabie-saoudite-2025-classement-general-en-direct\/"},"wordCount":629,"commentCount":0,"publisher":{"@id":"https:\/\/dicodusport.fr\/blog\/#organization"},"image":{"@id":"https:\/\/dicodusport.fr\/blog\/rallye-darabie-saoudite-2025-classement-general-en-direct\/#primaryimage"},"thumbnailUrl":"https:\/\/dicodusport.fr\/blog\/wp-content\/uploads\/2025\/11\/Rallye-dArabie-Saoudite-2025-Classement-general-en-direct.png","keywords":["br\u00e8ve","Rallye WRC","WRC"],"articleSection":["Rallye WRC"],"inLanguage":"fr-FR","potentialAction":[{"@type":"CommentAction","name":"Comment","target":["https:\/\/dicodusport.fr\/blog\/rallye-darabie-saoudite-2025-classement-general-en-direct\/#respond"]}],"copyrightYear":"2025","copyrightHolder":{"@id":"https:\/\/dicodusport.fr\/blog\/#organization"}},{"@type":"WebPage","@id":"https:\/\/dicodusport.fr\/blog\/rallye-darabie-saoudite-2025-classement-general-en-direct\/","url":"https:\/\/dicodusport.fr\/blog\/rallye-darabie-saoudite-2025-classement-general-en-direct\/","name":"Rallye d'Arabie Saoudite 2025 - Classement g\u00e9n\u00e9ral en direct","isPartOf":{"@id":"https:\/\/dicodusport.fr\/blog\/#website"},"primaryImageOfPage":{"@id":"https:\/\/dicodusport.fr\/blog\/rallye-darabie-saoudite-2025-classement-general-en-direct\/#primaryimage"},"image":{"@id":"https:\/\/dicodusport.fr\/blog\/rallye-darabie-saoudite-2025-classement-general-en-direct\/#primaryimage"},"thumbnailUrl":"https:\/\/dicodusport.fr\/blog\/wp-content\/uploads\/2025\/11\/Rallye-dArabie-Saoudite-2025-Classement-general-en-direct.png","datePublished":"2025-11-29T11:10:37+00:00","dateModified":"2025-11-29T12:14:43+00:00","description":"D\u00e9couvrez le classement g\u00e9n\u00e9ral et les r\u00e9sultats complets du Rallye d\u2019Arabie 2025, 14e manche du WRC, avec le top 10 mis \u00e0 jour.","breadcrumb":{"@id":"https:\/\/dicodusport.fr\/blog\/rallye-darabie-saoudite-2025-classement-general-en-direct\/#breadcrumb"},"inLanguage":"fr-FR","potentialAction":[{"@type":"ReadAction","target":["https:\/\/dicodusport.fr\/blog\/rallye-darabie-saoudite-2025-classement-general-en-direct\/"]}]},{"@type":"ImageObject","inLanguage":"fr-FR","@id":"https:\/\/dicodusport.fr\/blog\/rallye-darabie-saoudite-2025-classement-general-en-direct\/#primaryimage","url":"https:\/\/dicodusport.fr\/blog\/wp-content\/uploads\/2025\/11\/Rallye-dArabie-Saoudite-2025-Classement-general-en-direct.png","contentUrl":"https:\/\/dicodusport.fr\/blog\/wp-content\/uploads\/2025\/11\/Rallye-dArabie-Saoudite-2025-Classement-general-en-direct.png","width":1200,"height":674,"caption":"Rallye d'Arabie Saoudite 2025 - Classement g\u00e9n\u00e9ral en direct"},{"@type":"BreadcrumbList","@id":"https:\/\/dicodusport.fr\/blog\/rallye-darabie-saoudite-2025-classement-general-en-direct\/#breadcrumb","itemListElement":[{"@type":"ListItem","position":1,"name":"Accueil","item":"https:\/\/dicodusport.fr\/blog\/"},{"@type":"ListItem","position":2,"name":"Rallye d&rsquo;Arabie Saoudite 2025 &#8211; Classement g\u00e9n\u00e9ral en direct"}]},{"@type":"WebSite","@id":"https:\/\/dicodusport.fr\/blog\/#website","url":"https:\/\/dicodusport.fr\/blog\/","name":"Dicodusport","description":"L&#039;encyclop\u00e9die de l&#039;actualit\u00e9 sportive","publisher":{"@id":"https:\/\/dicodusport.fr\/blog\/#organization"},"potentialAction":[{"@type":"SearchAction","target":{"@type":"EntryPoint","urlTemplate":"https:\/\/dicodusport.fr\/blog\/?s={search_term_string}"},"query-input":{"@type":"PropertyValueSpecification","valueRequired":true,"valueName":"search_term_string"}}],"inLanguage":"fr-FR"},{"@type":"NewsMediaOrganization","@id":"https:\/\/dicodusport.fr\/blog\/#organization","name":"Dicodusport","url":"https:\/\/dicodusport.fr\/blog\/","logo":{"@type":"ImageObject","inLanguage":"fr-FR","@id":"https:\/\/dicodusport.fr\/blog\/#\/schema\/logo\/image\/","url":"https:\/\/dicodusport.fr\/blog\/wp-content\/uploads\/2020\/06\/cropped-LOGO-DICODUSPORT-2020-SANS-FOND-SANS-TEXTE.png","contentUrl":"https:\/\/dicodusport.fr\/blog\/wp-content\/uploads\/2020\/06\/cropped-LOGO-DICODUSPORT-2020-SANS-FOND-SANS-TEXTE.png","width":512,"height":512,"caption":"Dicodusport"},"image":{"@id":"https:\/\/dicodusport.fr\/blog\/#\/schema\/logo\/image\/"},"sameAs":["https:\/\/www.facebook.com\/dicodusport","https:\/\/x.com\/dicodusport","https:\/\/www.instagram.com\/dicodusport\/","https:\/\/www.youtube.com\/channel\/UC7V2KZ5sd3htJivAbA4ZG3w"],"description":"Dicodusport est l'encyclop\u00e9die de l'actualit\u00e9 sportive.","email":"bonjour@dicodusport.fr","legalName":"DICODUSPORT","foundingDate":"2018-01-14","vatID":"FR71834470973","taxID":"83447097300043","numberOfEmployees":{"@type":"QuantitativeValue","minValue":"1","maxValue":"10"}},{"@type":"Person","@id":"https:\/\/dicodusport.fr\/blog\/#\/schema\/person\/cb02af4c173ce4a653b55e9baf388d4a","name":"Flo Ostermann","image":{"@type":"ImageObject","inLanguage":"fr-FR","@id":"https:\/\/dicodusport.fr\/blog\/#\/schema\/person\/image\/","url":"https:\/\/dicodusport.fr\/blog\/wp-content\/uploads\/2021\/05\/Flo-Ostermann-150x150.jpg","contentUrl":"https:\/\/dicodusport.fr\/blog\/wp-content\/uploads\/2021\/05\/Flo-Ostermann-150x150.jpg","caption":"Flo Ostermann"},"description":"Journaliste\/R\u00e9dacteur depuis septembre 2015 - Mes premiers souvenirs dans le sport ? Les envol\u00e9es du Stade Toulousain et les duels Villeneuve-Schumacher et H\u00e4kkinen-Schumacher \u00e0 la fin des ann\u00e9es 90, la Coupe du monde de football en 1998, l\u2019exploit du XV de France face aux All Blacks en 1999, mais aussi Richard C\u0153ur de Lion qui vole sur les montagnes du Tour de France. Bien parti pour devenir professeur d\u2019EPS, les \u00e9v\u00e9nements de la vie (et la flemme d\u2019animer des s\u00e9ances de 3x500 m\u00e8tres toute ma vie) m\u2019ont conduit \u00e0 revoir mes plans. Me voil\u00e0 depuis fin 2017 sur Dicodusport, m\u00e9dia gr\u00e2ce (et pour) lequel je partage ma passion : le sport dans tous ses \u00e9tats. Le tout accompagn\u00e9 par les fous furieux et folles furieuses cit\u00e9s sur cette page !","sameAs":["https:\/\/www.facebook.com\/florent.ostermann","https:\/\/x.com\/https:\/\/twitter.com\/FlOstermann","admin"],"url":"https:\/\/dicodusport.fr\/blog\/author\/flo\/"}]}},"_links":{"self":[{"href":"https:\/\/dicodusport.fr\/blog\/wp-json\/wp\/v2\/posts\/627921","targetHints":{"allow":["GET"]}}],"collection":[{"href":"https:\/\/dicodusport.fr\/blog\/wp-json\/wp\/v2\/posts"}],"about":[{"href":"https:\/\/dicodusport.fr\/blog\/wp-json\/wp\/v2\/types\/post"}],"author":[{"embeddable":true,"href":"https:\/\/dicodusport.fr\/blog\/wp-json\/wp\/v2\/users\/4"}],"replies":[{"embeddable":true,"href":"https:\/\/dicodusport.fr\/blog\/wp-json\/wp\/v2\/comments?post=627921"}],"version-history":[{"count":6,"href":"https:\/\/dicodusport.fr\/blog\/wp-json\/wp\/v2\/posts\/627921\/revisions"}],"predecessor-version":[{"id":628736,"href":"https:\/\/dicodusport.fr\/blog\/wp-json\/wp\/v2\/posts\/627921\/revisions\/628736"}],"wp:featuredmedia":[{"embeddable":true,"href":"https:\/\/dicodusport.fr\/blog\/wp-json\/wp\/v2\/media\/627923"}],"wp:attachment":[{"href":"https:\/\/dicodusport.fr\/blog\/wp-json\/wp\/v2\/media?parent=627921"}],"wp:term":[{"taxonomy":"category","embeddable":true,"href":"https:\/\/dicodusport.fr\/blog\/wp-json\/wp\/v2\/categories?post=627921"},{"taxonomy":"post_tag","embeddable":true,"href":"https:\/\/dicodusport.fr\/blog\/wp-json\/wp\/v2\/tags?post=627921"}],"curies":[{"name":"wp","href":"https:\/\/api.w.org\/{rel}","templated":true}]}}