{"id":627934,"date":"2025-11-26T09:50:54","date_gmt":"2025-11-26T08:50:54","guid":{"rendered":"https:\/\/dicodusport.fr\/blog\/?p=627934&#038;preview=true&#038;preview_id=627934"},"modified":"2025-11-26T11:32:58","modified_gmt":"2025-11-26T10:32:58","slug":"baptiste-pesenti-va-quitter-le-stade-francais-retour-a-la-case-depart-pour-le-deuxieme-ligne","status":"publish","type":"post","link":"https:\/\/dicodusport.fr\/blog\/baptiste-pesenti-va-quitter-le-stade-francais-retour-a-la-case-depart-pour-le-deuxieme-ligne\/","title":{"rendered":"Baptiste Pesenti va quitter le Stade Fran\u00e7ais : retour \u00e0 la case d\u00e9part pour le deuxi\u00e8me ligne"},"content":{"rendered":"<p style=\"text-align: justify;\"><strong><em>TRANSFERTS RUGBY &#8211; Selon le Midi Olympique, Baptiste Pesenti (Stade Fran\u00e7ais) a act\u00e9 son retour \u00e0 la Section Paloise la saison prochaine.<\/em><\/strong><\/p>\n<ul style=\"text-align: justify;\">\n<li style=\"text-align: justify;\"><strong>\u00c0 lire aussi &#8211; <a href=\"https:\/\/dicodusport.fr\/blog\/asm-clermont-aj-lam-dit-oui-un-gros-coup-sur-le-marche-des-transferts\/\" target=\"_blank\" rel=\"noopener\">ASM Clermont : AJ Lam dit oui, un gros coup sur le march\u00e9 des transferts !<\/a><br \/>\n<\/strong><\/li>\n<\/ul>\n<p style=\"text-align: justify;\">Deuxi\u00e8me de <strong>Top<\/strong> <strong>14<\/strong>, la <strong>Section<\/strong> <strong>Paloise<\/strong> r\u00e9alise une tr\u00e8s bonne entame de saison, et peut logiquement nourrir des ambitions pour la suite. Si tout va bien sur le terrain, c&rsquo;est aussi le cas en coulisses, avec plusieurs prolongations importantes act\u00e9es ces derni\u00e8res semaines comme celles d&rsquo;<a href=\"https:\/\/dicodusport.fr\/blog\/edito-pourquoi-la-prolongation-demilien-gailleton-a-pau-est-une-excellente-nouvelle-pour-le-rugby\/\"><strong>\u00c9milien Gailleton<\/strong><\/a> ou de <a href=\"https:\/\/dicodusport.fr\/blog\/transferts-pau-thibault-daubagna-a-tranche-pour-son-avenir\/\"><strong>Thibault<\/strong> <strong>Daubagna<\/strong><\/a>.<\/p>\n<ul style=\"text-align: justify;\">\n<li style=\"text-align: justify;\"><strong>\u00c0 lire aussi &#8211; <a href=\"https:\/\/dicodusport.fr\/blog\/castres-semble-avoir-tranche-nathanael-hulleu-va-t-il-quitter-le-co\/\">Castres semble avoir tranch\u00e9 : Nathana\u00ebl Hulleu va-t-il quitter le CO ?<\/a><\/strong><\/li>\n<\/ul>\n<h2 style=\"text-align: justify;\">Baptiste Pesenti de retour \u00e0 Pau<\/h2>\n<p style=\"text-align: justify;\">Et les <strong>Palois<\/strong> sont aussi sur le point de r\u00e9aliser un joli coup sur le march\u00e9 des mutations, avec le retour au club de <strong>Baptiste<\/strong> <strong>Pesenti<\/strong>. Le deuxi\u00e8me ligne a fait ses d\u00e9buts chez les professionnels dans le B\u00e9arn en 2016 avant de rejoindre le <strong>Racing<\/strong> <strong>92<\/strong> en 2021. Apr\u00e8s un passage rat\u00e9 chez les <strong>Franciliens<\/strong>, il a tent\u00e9 de se relancer avec le Stade Fran\u00e7ais.<\/p>\n<ul style=\"text-align: justify;\">\n<li style=\"text-align: justify;\"><strong>\u00c0 lire aussi &#8211;\u00a0<a href=\"https:\/\/dicodusport.fr\/blog\/toulouse-et-lubb-ont-de-la-concurrence-un-troisieme-club-sur-le-dossier-jean-kleyn\/\">Toulouse et l\u2019UBB ont de la concurrence : un troisi\u00e8me club sur le dossier Jean Kleyn<\/a><\/strong><\/li>\n<\/ul>\n<p style=\"text-align: justify;\">Le <strong>Stade<\/strong> <strong>Fran\u00e7ais<\/strong> a bien tent\u00e9 de le prolonger, mais sans y parvenir donc. L&rsquo;<strong>Aviron Bayonnais<\/strong> \u00e9tait aussi sur les rangs pour obtenir la signature de <strong>Baptiste<\/strong> <strong>Pesenti,<\/strong> qui a finalement choisi de retourner \u00e0 son premier amour. Le deuxi\u00e8me ligne de 28 ans va s&rsquo;engager pour plusieurs saisons avec le club b\u00e9arnais, qu&rsquo;il rejoindra le 1er juillet 2026.<\/p>\n<h3 style=\"text-align: justify;\">\u00c0 lire aussi<\/h3>\n<div class=\"vlp-link-container vlp-layout-article\"><a href=\"https:\/\/dicodusport.fr\/blog\/transferts-stade-francais-2026-recrues-departs-et-prolongations\/\" class=\"vlp-link\" title=\"Transferts Stade Fran\u00e7ais 2026 : Recrues, d\u00e9parts et prolongations\"><\/a><div class=\"vlp-layout-zone-side\"><div class=\"vlp-block-4 vlp-link-image\"><img loading=\"lazy\" decoding=\"async\" style=\"max-width: 792px;\" width=\"792\" height=\"445\" src=\"https:\/\/dicodusport.fr\/blog\/wp-content\/uploads\/2025\/11\/Transferts-Stade-Francais-2026-Recrues-departs-et-prolongations.png\" class=\"attachment-800x445 size-800x445\" alt=\"Transferts Stade Fran\u00e7ais 2026 Recrues, d\u00e9parts et prolongations\" srcset=\"https:\/\/dicodusport.fr\/blog\/wp-content\/uploads\/2025\/11\/Transferts-Stade-Francais-2026-Recrues-departs-et-prolongations.png 1200w, https:\/\/dicodusport.fr\/blog\/wp-content\/uploads\/2025\/11\/Transferts-Stade-Francais-2026-Recrues-departs-et-prolongations-300x169.png 300w, https:\/\/dicodusport.fr\/blog\/wp-content\/uploads\/2025\/11\/Transferts-Stade-Francais-2026-Recrues-departs-et-prolongations-1024x575.png 1024w, https:\/\/dicodusport.fr\/blog\/wp-content\/uploads\/2025\/11\/Transferts-Stade-Francais-2026-Recrues-departs-et-prolongations-768x431.png 768w\" sizes=\"auto, (max-width: 792px) 100vw, 792px\" \/><\/div><\/div><div class=\"vlp-layout-zone-main\"><div class=\"vlp-block-0 vlp-link-title\">Transferts Stade Fran\u00e7ais 2026 : Recrues, d\u00e9parts et prolongations<\/div><div class=\"vlp-block-1 vlp-link-summary\">Arriv\u00e9es, d\u00e9parts et prolongations au Stade Fran\u00e7ais.<\/div><div class=\"vlp-block-2 vlp-link-button\">Lire l'article<\/div><div class=\"vlp-block-3 vlp-link-url\">dicodusport.fr<\/div><\/div><\/div>\n","protected":false},"excerpt":{"rendered":"<p>TRANSFERTS RUGBY &#8211; Selon le Midi Olympique, Baptiste Pesenti (Stade Fran\u00e7ais) a act\u00e9 son retour \u00e0 la Section Paloise la saison prochaine.<\/p>\n","protected":false},"author":1,"featured_media":627936,"comment_status":"open","ping_status":"closed","sticky":false,"template":"","format":"standard","meta":{"_acf_changed":false,"_daextam_enable_autolinks":"1","footnotes":""},"categories":[47050],"tags":[16878,1183,7974,29105],"class_list":["post-627934","post","type-post","status-publish","format-standard","has-post-thumbnail","hentry","category-top-14","tag-breve","tag-clermont","tag-mercato-top-14","tag-transferts-rugby"],"acf":[],"yoast_head":"<!-- This site is optimized with the Yoast SEO Premium plugin v26.7 (Yoast SEO v26.7) - https:\/\/yoast.com\/wordpress\/plugins\/seo\/ -->\n<title>Baptiste Pesenti va quitter le Stade Fran\u00e7ais : retour \u00e0 la case d\u00e9part pour le deuxi\u00e8me ligne<\/title>\n<meta name=\"description\" content=\"TRANSFERTS RUGBY - Selon le Midi Olympique, Baptiste Pesenti (Stade Fran\u00e7ais) a act\u00e9 son retour \u00e0 la Section Paloise la saison prochaine.\" \/>\n<meta name=\"robots\" content=\"index, follow, max-snippet:-1, max-image-preview:large, max-video-preview:-1\" \/>\n<link rel=\"canonical\" href=\"https:\/\/dicodusport.fr\/blog\/baptiste-pesenti-va-quitter-le-stade-francais-retour-a-la-case-depart-pour-le-deuxieme-ligne\/\" \/>\n<meta property=\"og:locale\" content=\"fr_FR\" \/>\n<meta property=\"og:type\" content=\"article\" \/>\n<meta property=\"og:title\" content=\"Baptiste Pesenti va quitter le Stade Fran\u00e7ais : retour \u00e0 la case d\u00e9part pour le deuxi\u00e8me ligne\" \/>\n<meta property=\"og:description\" content=\"TRANSFERTS RUGBY - Selon le Midi Olympique, Baptiste Pesenti (Stade Fran\u00e7ais) a act\u00e9 son retour \u00e0 la Section Paloise la saison prochaine.\" \/>\n<meta property=\"og:url\" content=\"https:\/\/dicodusport.fr\/blog\/baptiste-pesenti-va-quitter-le-stade-francais-retour-a-la-case-depart-pour-le-deuxieme-ligne\/\" \/>\n<meta property=\"og:site_name\" content=\"Dicodusport\" \/>\n<meta property=\"article:publisher\" content=\"https:\/\/www.facebook.com\/dicodusport\" \/>\n<meta property=\"article:author\" content=\"https:\/\/www.facebook.com\/dicodusport\" \/>\n<meta property=\"article:published_time\" content=\"2025-11-26T08:50:54+00:00\" \/>\n<meta property=\"article:modified_time\" content=\"2025-11-26T10:32:58+00:00\" \/>\n<meta property=\"og:image\" content=\"https:\/\/dicodusport.fr\/blog\/wp-content\/uploads\/2025\/11\/Baptiste-Pesenti-va-quitter-le-Stade-Francais-retour-a-la-case-depart-pour-le-deuxieme-ligne.png\" \/>\n\t<meta property=\"og:image:width\" content=\"1200\" \/>\n\t<meta property=\"og:image:height\" content=\"674\" \/>\n\t<meta property=\"og:image:type\" content=\"image\/png\" \/>\n<meta name=\"author\" content=\"Nicolas Jacquemard\" \/>\n<meta name=\"twitter:card\" content=\"summary_large_image\" \/>\n<meta name=\"twitter:title\" content=\"Baptiste Pesenti va quitter le Stade Fran\u00e7ais : retour \u00e0 la case d\u00e9part pour le deuxi\u00e8me ligne\" \/>\n<meta name=\"twitter:creator\" content=\"@https:\/\/twitter.com\/Nico_Jacquemard\" \/>\n<meta name=\"twitter:site\" content=\"@dicodusport\" \/>\n<script type=\"application\/ld+json\" class=\"yoast-schema-graph\">{\"@context\":\"https:\/\/schema.org\",\"@graph\":[{\"@type\":\"NewsArticle\",\"@id\":\"https:\/\/dicodusport.fr\/blog\/baptiste-pesenti-va-quitter-le-stade-francais-retour-a-la-case-depart-pour-le-deuxieme-ligne\/#article\",\"isPartOf\":{\"@id\":\"https:\/\/dicodusport.fr\/blog\/baptiste-pesenti-va-quitter-le-stade-francais-retour-a-la-case-depart-pour-le-deuxieme-ligne\/\"},\"author\":{\"name\":\"Nicolas Jacquemard\",\"@id\":\"https:\/\/dicodusport.fr\/blog\/#\/schema\/person\/55dcb50ad410894e431ed812bbb70191\"},\"headline\":\"Baptiste Pesenti va quitter le Stade Fran\u00e7ais : retour \u00e0 la case d\u00e9part pour le deuxi\u00e8me ligne\",\"datePublished\":\"2025-11-26T08:50:54+00:00\",\"dateModified\":\"2025-11-26T10:32:58+00:00\",\"mainEntityOfPage\":{\"@id\":\"https:\/\/dicodusport.fr\/blog\/baptiste-pesenti-va-quitter-le-stade-francais-retour-a-la-case-depart-pour-le-deuxieme-ligne\/\"},\"wordCount\":355,\"commentCount\":0,\"publisher\":{\"@id\":\"https:\/\/dicodusport.fr\/blog\/#organization\"},\"image\":{\"@id\":\"https:\/\/dicodusport.fr\/blog\/baptiste-pesenti-va-quitter-le-stade-francais-retour-a-la-case-depart-pour-le-deuxieme-ligne\/#primaryimage\"},\"thumbnailUrl\":\"https:\/\/dicodusport.fr\/blog\/wp-content\/uploads\/2025\/11\/Baptiste-Pesenti-va-quitter-le-Stade-Francais-retour-a-la-case-depart-pour-le-deuxieme-ligne.png\",\"keywords\":[\"br\u00e8ve\",\"clermont\",\"Mercato Top 14\",\"Transferts rugby\"],\"articleSection\":[\"Top 14\"],\"inLanguage\":\"fr-FR\",\"potentialAction\":[{\"@type\":\"CommentAction\",\"name\":\"Comment\",\"target\":[\"https:\/\/dicodusport.fr\/blog\/baptiste-pesenti-va-quitter-le-stade-francais-retour-a-la-case-depart-pour-le-deuxieme-ligne\/#respond\"]}],\"copyrightYear\":\"2025\",\"copyrightHolder\":{\"@id\":\"https:\/\/dicodusport.fr\/blog\/#organization\"}},{\"@type\":\"WebPage\",\"@id\":\"https:\/\/dicodusport.fr\/blog\/baptiste-pesenti-va-quitter-le-stade-francais-retour-a-la-case-depart-pour-le-deuxieme-ligne\/\",\"url\":\"https:\/\/dicodusport.fr\/blog\/baptiste-pesenti-va-quitter-le-stade-francais-retour-a-la-case-depart-pour-le-deuxieme-ligne\/\",\"name\":\"Baptiste Pesenti va quitter le Stade Fran\u00e7ais : retour \u00e0 la case d\u00e9part pour le deuxi\u00e8me ligne\",\"isPartOf\":{\"@id\":\"https:\/\/dicodusport.fr\/blog\/#website\"},\"primaryImageOfPage\":{\"@id\":\"https:\/\/dicodusport.fr\/blog\/baptiste-pesenti-va-quitter-le-stade-francais-retour-a-la-case-depart-pour-le-deuxieme-ligne\/#primaryimage\"},\"image\":{\"@id\":\"https:\/\/dicodusport.fr\/blog\/baptiste-pesenti-va-quitter-le-stade-francais-retour-a-la-case-depart-pour-le-deuxieme-ligne\/#primaryimage\"},\"thumbnailUrl\":\"https:\/\/dicodusport.fr\/blog\/wp-content\/uploads\/2025\/11\/Baptiste-Pesenti-va-quitter-le-Stade-Francais-retour-a-la-case-depart-pour-le-deuxieme-ligne.png\",\"datePublished\":\"2025-11-26T08:50:54+00:00\",\"dateModified\":\"2025-11-26T10:32:58+00:00\",\"description\":\"TRANSFERTS RUGBY - Selon le Midi Olympique, Baptiste Pesenti (Stade Fran\u00e7ais) a act\u00e9 son retour \u00e0 la Section Paloise la saison prochaine.\",\"breadcrumb\":{\"@id\":\"https:\/\/dicodusport.fr\/blog\/baptiste-pesenti-va-quitter-le-stade-francais-retour-a-la-case-depart-pour-le-deuxieme-ligne\/#breadcrumb\"},\"inLanguage\":\"fr-FR\",\"potentialAction\":[{\"@type\":\"ReadAction\",\"target\":[\"https:\/\/dicodusport.fr\/blog\/baptiste-pesenti-va-quitter-le-stade-francais-retour-a-la-case-depart-pour-le-deuxieme-ligne\/\"]}]},{\"@type\":\"ImageObject\",\"inLanguage\":\"fr-FR\",\"@id\":\"https:\/\/dicodusport.fr\/blog\/baptiste-pesenti-va-quitter-le-stade-francais-retour-a-la-case-depart-pour-le-deuxieme-ligne\/#primaryimage\",\"url\":\"https:\/\/dicodusport.fr\/blog\/wp-content\/uploads\/2025\/11\/Baptiste-Pesenti-va-quitter-le-Stade-Francais-retour-a-la-case-depart-pour-le-deuxieme-ligne.png\",\"contentUrl\":\"https:\/\/dicodusport.fr\/blog\/wp-content\/uploads\/2025\/11\/Baptiste-Pesenti-va-quitter-le-Stade-Francais-retour-a-la-case-depart-pour-le-deuxieme-ligne.png\",\"width\":1200,\"height\":674},{\"@type\":\"BreadcrumbList\",\"@id\":\"https:\/\/dicodusport.fr\/blog\/baptiste-pesenti-va-quitter-le-stade-francais-retour-a-la-case-depart-pour-le-deuxieme-ligne\/#breadcrumb\",\"itemListElement\":[{\"@type\":\"ListItem\",\"position\":1,\"name\":\"Accueil\",\"item\":\"https:\/\/dicodusport.fr\/blog\/\"},{\"@type\":\"ListItem\",\"position\":2,\"name\":\"Baptiste Pesenti va quitter le Stade Fran\u00e7ais : retour \u00e0 la case d\u00e9part pour le deuxi\u00e8me ligne\"}]},{\"@type\":\"WebSite\",\"@id\":\"https:\/\/dicodusport.fr\/blog\/#website\",\"url\":\"https:\/\/dicodusport.fr\/blog\/\",\"name\":\"Dicodusport\",\"description\":\"L&#039;encyclop\u00e9die de l&#039;actualit\u00e9 sportive\",\"publisher\":{\"@id\":\"https:\/\/dicodusport.fr\/blog\/#organization\"},\"potentialAction\":[{\"@type\":\"SearchAction\",\"target\":{\"@type\":\"EntryPoint\",\"urlTemplate\":\"https:\/\/dicodusport.fr\/blog\/?s={search_term_string}\"},\"query-input\":{\"@type\":\"PropertyValueSpecification\",\"valueRequired\":true,\"valueName\":\"search_term_string\"}}],\"inLanguage\":\"fr-FR\"},{\"@type\":\"NewsMediaOrganization\",\"@id\":\"https:\/\/dicodusport.fr\/blog\/#organization\",\"name\":\"Dicodusport\",\"url\":\"https:\/\/dicodusport.fr\/blog\/\",\"logo\":{\"@type\":\"ImageObject\",\"inLanguage\":\"fr-FR\",\"@id\":\"https:\/\/dicodusport.fr\/blog\/#\/schema\/logo\/image\/\",\"url\":\"https:\/\/dicodusport.fr\/blog\/wp-content\/uploads\/2020\/06\/cropped-LOGO-DICODUSPORT-2020-SANS-FOND-SANS-TEXTE.png\",\"contentUrl\":\"https:\/\/dicodusport.fr\/blog\/wp-content\/uploads\/2020\/06\/cropped-LOGO-DICODUSPORT-2020-SANS-FOND-SANS-TEXTE.png\",\"width\":512,\"height\":512,\"caption\":\"Dicodusport\"},\"image\":{\"@id\":\"https:\/\/dicodusport.fr\/blog\/#\/schema\/logo\/image\/\"},\"sameAs\":[\"https:\/\/www.facebook.com\/dicodusport\",\"https:\/\/x.com\/dicodusport\",\"https:\/\/www.instagram.com\/dicodusport\/\",\"https:\/\/www.youtube.com\/channel\/UC7V2KZ5sd3htJivAbA4ZG3w\"],\"description\":\"Dicodusport est l'encyclop\u00e9die de l'actualit\u00e9 sportive.\",\"email\":\"bonjour@dicodusport.fr\",\"legalName\":\"DICODUSPORT\",\"foundingDate\":\"2018-01-14\",\"vatID\":\"FR71834470973\",\"taxID\":\"83447097300043\",\"numberOfEmployees\":{\"@type\":\"QuantitativeValue\",\"minValue\":\"1\",\"maxValue\":\"10\"}},{\"@type\":\"Person\",\"@id\":\"https:\/\/dicodusport.fr\/blog\/#\/schema\/person\/55dcb50ad410894e431ed812bbb70191\",\"name\":\"Nicolas Jacquemard\",\"image\":{\"@type\":\"ImageObject\",\"inLanguage\":\"fr-FR\",\"@id\":\"https:\/\/dicodusport.fr\/blog\/#\/schema\/person\/image\/\",\"url\":\"https:\/\/dicodusport.fr\/blog\/wp-content\/uploads\/2021\/05\/Nicolas-Jacquemard-150x150.jpeg\",\"contentUrl\":\"https:\/\/dicodusport.fr\/blog\/wp-content\/uploads\/2021\/05\/Nicolas-Jacquemard-150x150.jpeg\",\"caption\":\"Nicolas Jacquemard\"},\"description\":\"Passionn\u00e9 de sport et entrepreneur depuis mes 18 ans, la cr\u00e9ation de Dicodusport m'a sembl\u00e9 \u00e9vidente pour participer \u00e0 la m\u00e9diatisation d'un plus grand nombre de sports. Le chemin est long mais avec une \u00e9quipe des plus motiv\u00e9es et les Jeux Olympiques de Paris 2024 en point de mire, nous y arriverons ! Journaliste dans le monde du sport depuis plus de 5 ans, je traite aussi bien de football, de rugby, de biathlon que de cyclisme.\",\"sameAs\":[\"https:\/\/www.facebook.com\/dicodusport\",\"https:\/\/x.com\/https:\/\/twitter.com\/Nico_Jacquemard\"],\"url\":\"https:\/\/dicodusport.fr\/blog\/author\/dicodusport\/\"}]}<\/script>\n<!-- \/ Yoast SEO Premium plugin. -->","yoast_head_json":{"title":"Baptiste Pesenti va quitter le Stade Fran\u00e7ais : retour \u00e0 la case d\u00e9part pour le deuxi\u00e8me ligne","description":"TRANSFERTS RUGBY - Selon le Midi Olympique, Baptiste Pesenti (Stade Fran\u00e7ais) a act\u00e9 son retour \u00e0 la Section Paloise la saison prochaine.","robots":{"index":"index","follow":"follow","max-snippet":"max-snippet:-1","max-image-preview":"max-image-preview:large","max-video-preview":"max-video-preview:-1"},"canonical":"https:\/\/dicodusport.fr\/blog\/baptiste-pesenti-va-quitter-le-stade-francais-retour-a-la-case-depart-pour-le-deuxieme-ligne\/","og_locale":"fr_FR","og_type":"article","og_title":"Baptiste Pesenti va quitter le Stade Fran\u00e7ais : retour \u00e0 la case d\u00e9part pour le deuxi\u00e8me ligne","og_description":"TRANSFERTS RUGBY - Selon le Midi Olympique, Baptiste Pesenti (Stade Fran\u00e7ais) a act\u00e9 son retour \u00e0 la Section Paloise la saison prochaine.","og_url":"https:\/\/dicodusport.fr\/blog\/baptiste-pesenti-va-quitter-le-stade-francais-retour-a-la-case-depart-pour-le-deuxieme-ligne\/","og_site_name":"Dicodusport","article_publisher":"https:\/\/www.facebook.com\/dicodusport","article_author":"https:\/\/www.facebook.com\/dicodusport","article_published_time":"2025-11-26T08:50:54+00:00","article_modified_time":"2025-11-26T10:32:58+00:00","og_image":[{"width":1200,"height":674,"url":"https:\/\/dicodusport.fr\/blog\/wp-content\/uploads\/2025\/11\/Baptiste-Pesenti-va-quitter-le-Stade-Francais-retour-a-la-case-depart-pour-le-deuxieme-ligne.png","type":"image\/png"}],"author":"Nicolas Jacquemard","twitter_card":"summary_large_image","twitter_title":"Baptiste Pesenti va quitter le Stade Fran\u00e7ais : retour \u00e0 la case d\u00e9part pour le deuxi\u00e8me ligne","twitter_creator":"@https:\/\/twitter.com\/Nico_Jacquemard","twitter_site":"@dicodusport","schema":{"@context":"https:\/\/schema.org","@graph":[{"@type":"NewsArticle","@id":"https:\/\/dicodusport.fr\/blog\/baptiste-pesenti-va-quitter-le-stade-francais-retour-a-la-case-depart-pour-le-deuxieme-ligne\/#article","isPartOf":{"@id":"https:\/\/dicodusport.fr\/blog\/baptiste-pesenti-va-quitter-le-stade-francais-retour-a-la-case-depart-pour-le-deuxieme-ligne\/"},"author":{"name":"Nicolas Jacquemard","@id":"https:\/\/dicodusport.fr\/blog\/#\/schema\/person\/55dcb50ad410894e431ed812bbb70191"},"headline":"Baptiste Pesenti va quitter le Stade Fran\u00e7ais : retour \u00e0 la case d\u00e9part pour le deuxi\u00e8me ligne","datePublished":"2025-11-26T08:50:54+00:00","dateModified":"2025-11-26T10:32:58+00:00","mainEntityOfPage":{"@id":"https:\/\/dicodusport.fr\/blog\/baptiste-pesenti-va-quitter-le-stade-francais-retour-a-la-case-depart-pour-le-deuxieme-ligne\/"},"wordCount":355,"commentCount":0,"publisher":{"@id":"https:\/\/dicodusport.fr\/blog\/#organization"},"image":{"@id":"https:\/\/dicodusport.fr\/blog\/baptiste-pesenti-va-quitter-le-stade-francais-retour-a-la-case-depart-pour-le-deuxieme-ligne\/#primaryimage"},"thumbnailUrl":"https:\/\/dicodusport.fr\/blog\/wp-content\/uploads\/2025\/11\/Baptiste-Pesenti-va-quitter-le-Stade-Francais-retour-a-la-case-depart-pour-le-deuxieme-ligne.png","keywords":["br\u00e8ve","clermont","Mercato Top 14","Transferts rugby"],"articleSection":["Top 14"],"inLanguage":"fr-FR","potentialAction":[{"@type":"CommentAction","name":"Comment","target":["https:\/\/dicodusport.fr\/blog\/baptiste-pesenti-va-quitter-le-stade-francais-retour-a-la-case-depart-pour-le-deuxieme-ligne\/#respond"]}],"copyrightYear":"2025","copyrightHolder":{"@id":"https:\/\/dicodusport.fr\/blog\/#organization"}},{"@type":"WebPage","@id":"https:\/\/dicodusport.fr\/blog\/baptiste-pesenti-va-quitter-le-stade-francais-retour-a-la-case-depart-pour-le-deuxieme-ligne\/","url":"https:\/\/dicodusport.fr\/blog\/baptiste-pesenti-va-quitter-le-stade-francais-retour-a-la-case-depart-pour-le-deuxieme-ligne\/","name":"Baptiste Pesenti va quitter le Stade Fran\u00e7ais : retour \u00e0 la case d\u00e9part pour le deuxi\u00e8me ligne","isPartOf":{"@id":"https:\/\/dicodusport.fr\/blog\/#website"},"primaryImageOfPage":{"@id":"https:\/\/dicodusport.fr\/blog\/baptiste-pesenti-va-quitter-le-stade-francais-retour-a-la-case-depart-pour-le-deuxieme-ligne\/#primaryimage"},"image":{"@id":"https:\/\/dicodusport.fr\/blog\/baptiste-pesenti-va-quitter-le-stade-francais-retour-a-la-case-depart-pour-le-deuxieme-ligne\/#primaryimage"},"thumbnailUrl":"https:\/\/dicodusport.fr\/blog\/wp-content\/uploads\/2025\/11\/Baptiste-Pesenti-va-quitter-le-Stade-Francais-retour-a-la-case-depart-pour-le-deuxieme-ligne.png","datePublished":"2025-11-26T08:50:54+00:00","dateModified":"2025-11-26T10:32:58+00:00","description":"TRANSFERTS RUGBY - Selon le Midi Olympique, Baptiste Pesenti (Stade Fran\u00e7ais) a act\u00e9 son retour \u00e0 la Section Paloise la saison prochaine.","breadcrumb":{"@id":"https:\/\/dicodusport.fr\/blog\/baptiste-pesenti-va-quitter-le-stade-francais-retour-a-la-case-depart-pour-le-deuxieme-ligne\/#breadcrumb"},"inLanguage":"fr-FR","potentialAction":[{"@type":"ReadAction","target":["https:\/\/dicodusport.fr\/blog\/baptiste-pesenti-va-quitter-le-stade-francais-retour-a-la-case-depart-pour-le-deuxieme-ligne\/"]}]},{"@type":"ImageObject","inLanguage":"fr-FR","@id":"https:\/\/dicodusport.fr\/blog\/baptiste-pesenti-va-quitter-le-stade-francais-retour-a-la-case-depart-pour-le-deuxieme-ligne\/#primaryimage","url":"https:\/\/dicodusport.fr\/blog\/wp-content\/uploads\/2025\/11\/Baptiste-Pesenti-va-quitter-le-Stade-Francais-retour-a-la-case-depart-pour-le-deuxieme-ligne.png","contentUrl":"https:\/\/dicodusport.fr\/blog\/wp-content\/uploads\/2025\/11\/Baptiste-Pesenti-va-quitter-le-Stade-Francais-retour-a-la-case-depart-pour-le-deuxieme-ligne.png","width":1200,"height":674},{"@type":"BreadcrumbList","@id":"https:\/\/dicodusport.fr\/blog\/baptiste-pesenti-va-quitter-le-stade-francais-retour-a-la-case-depart-pour-le-deuxieme-ligne\/#breadcrumb","itemListElement":[{"@type":"ListItem","position":1,"name":"Accueil","item":"https:\/\/dicodusport.fr\/blog\/"},{"@type":"ListItem","position":2,"name":"Baptiste Pesenti va quitter le Stade Fran\u00e7ais : retour \u00e0 la case d\u00e9part pour le deuxi\u00e8me ligne"}]},{"@type":"WebSite","@id":"https:\/\/dicodusport.fr\/blog\/#website","url":"https:\/\/dicodusport.fr\/blog\/","name":"Dicodusport","description":"L&#039;encyclop\u00e9die de l&#039;actualit\u00e9 sportive","publisher":{"@id":"https:\/\/dicodusport.fr\/blog\/#organization"},"potentialAction":[{"@type":"SearchAction","target":{"@type":"EntryPoint","urlTemplate":"https:\/\/dicodusport.fr\/blog\/?s={search_term_string}"},"query-input":{"@type":"PropertyValueSpecification","valueRequired":true,"valueName":"search_term_string"}}],"inLanguage":"fr-FR"},{"@type":"NewsMediaOrganization","@id":"https:\/\/dicodusport.fr\/blog\/#organization","name":"Dicodusport","url":"https:\/\/dicodusport.fr\/blog\/","logo":{"@type":"ImageObject","inLanguage":"fr-FR","@id":"https:\/\/dicodusport.fr\/blog\/#\/schema\/logo\/image\/","url":"https:\/\/dicodusport.fr\/blog\/wp-content\/uploads\/2020\/06\/cropped-LOGO-DICODUSPORT-2020-SANS-FOND-SANS-TEXTE.png","contentUrl":"https:\/\/dicodusport.fr\/blog\/wp-content\/uploads\/2020\/06\/cropped-LOGO-DICODUSPORT-2020-SANS-FOND-SANS-TEXTE.png","width":512,"height":512,"caption":"Dicodusport"},"image":{"@id":"https:\/\/dicodusport.fr\/blog\/#\/schema\/logo\/image\/"},"sameAs":["https:\/\/www.facebook.com\/dicodusport","https:\/\/x.com\/dicodusport","https:\/\/www.instagram.com\/dicodusport\/","https:\/\/www.youtube.com\/channel\/UC7V2KZ5sd3htJivAbA4ZG3w"],"description":"Dicodusport est l'encyclop\u00e9die de l'actualit\u00e9 sportive.","email":"bonjour@dicodusport.fr","legalName":"DICODUSPORT","foundingDate":"2018-01-14","vatID":"FR71834470973","taxID":"83447097300043","numberOfEmployees":{"@type":"QuantitativeValue","minValue":"1","maxValue":"10"}},{"@type":"Person","@id":"https:\/\/dicodusport.fr\/blog\/#\/schema\/person\/55dcb50ad410894e431ed812bbb70191","name":"Nicolas Jacquemard","image":{"@type":"ImageObject","inLanguage":"fr-FR","@id":"https:\/\/dicodusport.fr\/blog\/#\/schema\/person\/image\/","url":"https:\/\/dicodusport.fr\/blog\/wp-content\/uploads\/2021\/05\/Nicolas-Jacquemard-150x150.jpeg","contentUrl":"https:\/\/dicodusport.fr\/blog\/wp-content\/uploads\/2021\/05\/Nicolas-Jacquemard-150x150.jpeg","caption":"Nicolas Jacquemard"},"description":"Passionn\u00e9 de sport et entrepreneur depuis mes 18 ans, la cr\u00e9ation de Dicodusport m'a sembl\u00e9 \u00e9vidente pour participer \u00e0 la m\u00e9diatisation d'un plus grand nombre de sports. Le chemin est long mais avec une \u00e9quipe des plus motiv\u00e9es et les Jeux Olympiques de Paris 2024 en point de mire, nous y arriverons ! Journaliste dans le monde du sport depuis plus de 5 ans, je traite aussi bien de football, de rugby, de biathlon que de cyclisme.","sameAs":["https:\/\/www.facebook.com\/dicodusport","https:\/\/x.com\/https:\/\/twitter.com\/Nico_Jacquemard"],"url":"https:\/\/dicodusport.fr\/blog\/author\/dicodusport\/"}]}},"_links":{"self":[{"href":"https:\/\/dicodusport.fr\/blog\/wp-json\/wp\/v2\/posts\/627934","targetHints":{"allow":["GET"]}}],"collection":[{"href":"https:\/\/dicodusport.fr\/blog\/wp-json\/wp\/v2\/posts"}],"about":[{"href":"https:\/\/dicodusport.fr\/blog\/wp-json\/wp\/v2\/types\/post"}],"author":[{"embeddable":true,"href":"https:\/\/dicodusport.fr\/blog\/wp-json\/wp\/v2\/users\/1"}],"replies":[{"embeddable":true,"href":"https:\/\/dicodusport.fr\/blog\/wp-json\/wp\/v2\/comments?post=627934"}],"version-history":[{"count":3,"href":"https:\/\/dicodusport.fr\/blog\/wp-json\/wp\/v2\/posts\/627934\/revisions"}],"predecessor-version":[{"id":627962,"href":"https:\/\/dicodusport.fr\/blog\/wp-json\/wp\/v2\/posts\/627934\/revisions\/627962"}],"wp:featuredmedia":[{"embeddable":true,"href":"https:\/\/dicodusport.fr\/blog\/wp-json\/wp\/v2\/media\/627936"}],"wp:attachment":[{"href":"https:\/\/dicodusport.fr\/blog\/wp-json\/wp\/v2\/media?parent=627934"}],"wp:term":[{"taxonomy":"category","embeddable":true,"href":"https:\/\/dicodusport.fr\/blog\/wp-json\/wp\/v2\/categories?post=627934"},{"taxonomy":"post_tag","embeddable":true,"href":"https:\/\/dicodusport.fr\/blog\/wp-json\/wp\/v2\/tags?post=627934"}],"curies":[{"name":"wp","href":"https:\/\/api.w.org\/{rel}","templated":true}]}}