{"id":627993,"date":"2025-12-07T12:52:53","date_gmt":"2025-12-07T11:52:53","guid":{"rendered":"https:\/\/dicodusport.fr\/blog\/?p=627993&#038;preview=true&#038;preview_id=627993"},"modified":"2025-12-07T12:52:53","modified_gmt":"2025-12-07T11:52:53","slug":"judo-grand-slam-de-tokyo-2025-programme-et-resultats","status":"publish","type":"post","link":"https:\/\/dicodusport.fr\/blog\/judo-grand-slam-de-tokyo-2025-programme-et-resultats\/","title":{"rendered":"Judo &#8211; Grand Slam de Tokyo 2025 : Programme et r\u00e9sultats"},"content":{"rendered":"<h4 style=\"text-align: justify;\"><em>JUDO &#8211; Le Grand Slam de Tokyo se d\u00e9roule du samedi 6 au dimanche 7 d\u00e9cembre. Programme et r\u00e9sultats de la comp\u00e9tition.<\/em><\/h4>\n<ul>\n<li style=\"text-align: justify;\"><strong>\u00c0 ce sujet &#8211; <a href=\"https:\/\/dicodusport.fr\/blog\/judo-grand-slam-de-tokyo-2025-la-selection-francaise\/\" target=\"_blank\" rel=\"noopener\">La s\u00e9lection fran\u00e7aise pour le Grand Slam de Tokyo 2025<\/a><\/strong><\/li>\n<\/ul>\n<h3 style=\"text-align: justify;\">Samedi 6 d\u00e9cembre<\/h3>\n<p style=\"text-align: justify;\"><strong>2h : \u00e9liminatoires<\/strong><br \/>\n<strong>9h : finales\u00a0<\/strong><\/p>\n<p style=\"text-align: justify;\"><strong>Femmes<\/strong><br \/>\n<a href=\"https:\/\/judobase.ijf.org\/#\/competition\/profile\/2886\/contest_sheets\/8\" target=\"_blank\" rel=\"noopener\">-48 kg<\/a>, <a href=\"https:\/\/judobase.ijf.org\/#\/competition\/profile\/2886\/contest_sheets\/9\" target=\"_blank\" rel=\"noopener\">-52 kg<\/a>, <a href=\"https:\/\/judobase.ijf.org\/#\/competition\/profile\/2886\/contest_sheets\/10\" target=\"_blank\" rel=\"noopener\">-57 kg<\/a>, <a href=\"https:\/\/judobase.ijf.org\/#\/competition\/profile\/2886\/contest_sheets\/11\" target=\"_blank\" rel=\"noopener\">-63 kg<\/a><\/p>\n<p style=\"text-align: justify;\"><strong>Hommes<br \/>\n<\/strong><a href=\"https:\/\/judobase.ijf.org\/#\/competition\/profile\/2886\/contest_sheets\/5\" target=\"_blank\" rel=\"noopener\">-90 kg<\/a><strong>, <\/strong><a href=\"https:\/\/judobase.ijf.org\/#\/competition\/profile\/2886\/contest_sheets\/6\" target=\"_blank\" rel=\"noopener\">-100 kg<\/a>, <a href=\"https:\/\/judobase.ijf.org\/#\/competition\/profile\/2886\/contest_sheets\/7\" target=\"_blank\" rel=\"noopener\">+100 kg<\/a><\/p>\n<hr \/>\n<h3>Dimanche 7 d\u00e9cembre<\/h3>\n<p style=\"text-align: justify;\"><strong>1h : \u00e9liminatoires<\/strong><br \/>\n<strong>8h : finales<\/strong><\/p>\n<p style=\"text-align: justify;\"><strong>Femmes<\/strong><br \/>\n<a href=\"https:\/\/judobase.ijf.org\/#\/competition\/profile\/2886\/contest_sheets\/12\" target=\"_blank\" rel=\"noopener\">-70 kg<\/a>, <a href=\"https:\/\/judobase.ijf.org\/#\/competition\/profile\/2886\/contest_sheets\/13\" target=\"_blank\" rel=\"noopener\">-78 kg<\/a>, <a href=\"https:\/\/judobase.ijf.org\/#\/competition\/profile\/2886\/contest_sheets\/14\" target=\"_blank\" rel=\"noopener\">+78 kg<\/a><\/p>\n<p style=\"text-align: justify;\"><strong>Hommes<\/strong><br \/>\n<a href=\"https:\/\/judobase.ijf.org\/#\/competition\/profile\/2886\/contest_sheets\/1\" target=\"_blank\" rel=\"noopener\">-60 kg<\/a>, <a href=\"https:\/\/judobase.ijf.org\/#\/competition\/profile\/2886\/contest_sheets\/2\" target=\"_blank\" rel=\"noopener\">-66 kg<\/a>,\u00a0<a href=\"https:\/\/judobase.ijf.org\/#\/competition\/profile\/2886\/contest_sheets\/3\" target=\"_blank\" rel=\"noopener\">-73 kg<\/a>, <a href=\"https:\/\/judobase.ijf.org\/#\/competition\/profile\/2886\/contest_sheets\/4\" target=\"_blank\" rel=\"noopener\">-81 kg<\/a><\/p>\n<hr \/>\n<p style=\"text-align: justify;\">Tous les combats sont \u00e0 suivre sur <strong><a href=\"https:\/\/judotv.com\/competitions\/gs_jpn2025\/live\" target=\"_blank\" rel=\"noopener\">Judo TV<\/a><\/strong> (compte payant en France).<\/p>\n<p style=\"text-align: justify;\">Les finales sont \u00e0 suivre en int\u00e9gralit\u00e9 sur <strong>RMC Sport 1<\/strong>.<\/p>\n<p>&nbsp;<\/p>\n<h2>Les m\u00e9daill\u00e9es f\u00e9minines<\/h2>\n<div class=\"su-table su-table-alternate\">\n<table style=\"width: 724px;border-collapse: collapse\">\n<tbody>\n<tr>\n<td style=\"text-align: center;border-color: #d9d9d9;border-style: solid;width: 91px;vertical-align: middle\"><strong>Cat\u00e9gorie<\/strong><\/td>\n<td style=\"text-align: center;border-color: #d9d9d9;border-style: solid;width: 211px;vertical-align: middle;background-color: #ffffff\"><strong>\ud83e\udd47 Or<\/strong><\/td>\n<td style=\"text-align: center;border-color: #d9d9d9;border-style: solid;width: 211px;vertical-align: middle;background-color: #ffffff\"><strong>\ud83e\udd48 Argent<\/strong><\/td>\n<td style=\"text-align: center;border-color: #d9d9d9;border-style: solid;width: 211px;vertical-align: middle;background-color: #ffffff\"><strong>\ud83e\udd49 Bronze<\/strong><\/td>\n<\/tr>\n<tr>\n<td style=\"text-align: center;border-color: #d9d9d9;border-style: solid;width: 91px;vertical-align: middle\"><strong>-48 kg<\/strong><\/td>\n<td style=\"text-align: center;border-color: #d9d9d9;border-style: solid;width: 211px;vertical-align: middle\"><span id=\"copy-emoji\" class=\"efont\">\ud83c\uddef\ud83c\uddf5<\/span>\u00a0<strong>Wakana Koga<\/strong><\/td>\n<td style=\"text-align: center;border-color: #d9d9d9;border-style: solid;width: 211px;vertical-align: middle\"><span id=\"copy-emoji\" class=\"efont\">\ud83c\uddef\ud83c\uddf5<\/span> Sachiyo Yoshino<\/td>\n<td style=\"text-align: center;border-color: #d9d9d9;border-style: solid;width: 211px;vertical-align: middle\"><strong><img loading=\"lazy\" decoding=\"async\" class=\"alignnone wp-image-149317\" src=\"https:\/\/dicodusport.fr\/blog\/wp-content\/uploads\/2021\/07\/Drapeau-Taipei-Chinois.png\" alt=\"\" width=\"13\" height=\"13\" srcset=\"https:\/\/dicodusport.fr\/blog\/wp-content\/uploads\/2021\/07\/Drapeau-Taipei-Chinois.png 1598w, https:\/\/dicodusport.fr\/blog\/wp-content\/uploads\/2021\/07\/Drapeau-Taipei-Chinois-300x296.png 300w, https:\/\/dicodusport.fr\/blog\/wp-content\/uploads\/2021\/07\/Drapeau-Taipei-Chinois-1024x1011.png 1024w, https:\/\/dicodusport.fr\/blog\/wp-content\/uploads\/2021\/07\/Drapeau-Taipei-Chinois-150x150.png 150w, https:\/\/dicodusport.fr\/blog\/wp-content\/uploads\/2021\/07\/Drapeau-Taipei-Chinois-768x758.png 768w, https:\/\/dicodusport.fr\/blog\/wp-content\/uploads\/2021\/07\/Drapeau-Taipei-Chinois-1536x1517.png 1536w, https:\/\/dicodusport.fr\/blog\/wp-content\/uploads\/2021\/07\/Drapeau-Taipei-Chinois-560x600.png 560w, https:\/\/dicodusport.fr\/blog\/wp-content\/uploads\/2021\/07\/Drapeau-Taipei-Chinois-80x80.png 80w\" sizes=\"auto, (max-width: 13px) 100vw, 13px\" \/><\/strong> Chen-Hao Lin<br \/>\n<span id=\"copy-emoji\" class=\"efont\">\ud83c\uddef\ud83c\uddf5<\/span> Mizuki Harada<\/td>\n<\/tr>\n<tr>\n<td style=\"text-align: center;border-color: #d9d9d9;border-style: solid;width: 91px;vertical-align: middle\"><strong>-52 kg<\/strong><\/td>\n<td style=\"text-align: center;border-color: #d9d9d9;border-style: solid;width: 211px;vertical-align: middle\"><span id=\"copy-emoji\" class=\"efont\">\ud83c\uddef\ud83c\uddf5<\/span>\u00a0<strong>Uta Abe<\/strong><\/td>\n<td style=\"text-align: center;border-color: #d9d9d9;border-style: solid;width: 211px;vertical-align: middle\"><span id=\"copy-emoji\" class=\"efont\">\ud83c\uddef\ud83c\uddf5<\/span> Nanako Tsubone<\/td>\n<td style=\"text-align: center;border-color: #d9d9d9;border-style: solid;width: 211px;vertical-align: middle\"><span id=\"copy-emoji\" class=\"efont\">\ud83c\uddef\ud83c\uddf5<\/span> Kokoro Fujishiro<br \/>\n<span id=\"copy-emoji\" class=\"efont\">\ud83c\uddea\ud83c\uddf8<\/span> Ariane Toro Soler<\/td>\n<\/tr>\n<tr>\n<td style=\"text-align: center;border-color: #d9d9d9;border-style: solid;width: 91px;vertical-align: middle\"><strong>-57 kg<\/strong><\/td>\n<td style=\"text-align: center;border-color: #d9d9d9;border-style: solid;width: 211px;vertical-align: middle\"><span id=\"copy-emoji\" class=\"efont\">\ud83c\uddef\ud83c\uddf5<\/span>\u00a0<strong>Akari Omori<\/strong><\/td>\n<td style=\"text-align: center;border-color: #d9d9d9;border-style: solid;width: 211px;vertical-align: middle\"><span id=\"copy-emoji\" class=\"efont\">\ud83c\uddef\ud83c\uddf5<\/span> Momo Tamaoki<\/td>\n<td style=\"text-align: center;border-color: #d9d9d9;border-style: solid;width: 211px;vertical-align: middle\">\ud83c\uddec\ud83c\uddea Eteri Liparteliani<br \/>\n<span id=\"copy-emoji\" class=\"efont\">\ud83c\uddef\ud83c\uddf5<\/span> Mio Shirakane<\/td>\n<\/tr>\n<tr>\n<td style=\"text-align: center;border-color: #d9d9d9;border-style: solid;width: 91px;vertical-align: middle\"><strong>-63 kg<\/strong><\/td>\n<td style=\"text-align: center;border-color: #d9d9d9;border-style: solid;width: 211px;vertical-align: middle\"><span id=\"copy-emoji\" class=\"efont\">\ud83c\uddef\ud83c\uddf5<\/span>\u00a0<strong>Haruka Kaju<\/strong><\/td>\n<td style=\"text-align: center;border-color: #d9d9d9;border-style: solid;width: 211px;vertical-align: middle\"><span id=\"copy-emoji\" class=\"efont\">\ud83c\uddef\ud83c\uddf5<\/span> Kirari Yamaguchi<\/td>\n<td style=\"text-align: center;border-color: #d9d9d9;border-style: solid;width: 211px;vertical-align: middle\">\ud83c\udde8\ud83c\uddff Renata Zachova<br \/>\n<span id=\"copy-emoji\" class=\"efont\">\ud83c\uddef\ud83c\uddf5<\/span> Narumi Tanioka<\/td>\n<\/tr>\n<tr>\n<td style=\"text-align: center;border-color: #d9d9d9;border-style: solid;width: 91px;vertical-align: middle\"><strong>-70 kg<\/strong><\/td>\n<td style=\"text-align: center;border-color: #d9d9d9;border-style: solid;width: 211px;vertical-align: middle\"><span id=\"copy-emoji\" class=\"efont\">\ud83c\uddef\ud83c\uddf5<\/span>\u00a0<strong>Shiho Tanaka<\/strong><\/td>\n<td style=\"text-align: center;border-color: #d9d9d9;border-style: solid;width: 211px;vertical-align: middle\">\ud83c\uddf7\ud83c\uddfa Madina Taimazova<\/td>\n<td style=\"text-align: center;border-color: #d9d9d9;border-style: solid;width: 211px;vertical-align: middle\">\ud83c\uddf5\ud83c\uddf1 Katarzyna Sobierajska<br \/>\n<span id=\"copy-emoji\" class=\"efont\">\ud83c\uddea\ud83c\uddf8<\/span> Ai Tsunoda Roustant<\/td>\n<\/tr>\n<tr>\n<td style=\"text-align: center;border-color: #d9d9d9;border-style: solid;width: 91px;vertical-align: middle\"><strong>-78 kg<\/strong><\/td>\n<td style=\"text-align: center;border-color: #d9d9d9;border-style: solid;width: 211px;vertical-align: middle\"><span id=\"copy-emoji\" class=\"efont\">\ud83c\uddef\ud83c\uddf5<\/span>\u00a0<strong>Kurena Ikeda<\/strong><\/td>\n<td style=\"text-align: center;border-color: #d9d9d9;border-style: solid;width: 211px;vertical-align: middle\"><span id=\"copy-emoji\" class=\"efont\">\ud83c\uddf5\ud83c\uddf9<\/span> Patricia Sampaio<\/td>\n<td style=\"text-align: center;border-color: #d9d9d9;border-style: solid;width: 211px;vertical-align: middle\"><span id=\"copy-emoji\" class=\"efont\">\ud83c\uddef\ud83c\uddf5<\/span> Mami Umeki<br \/>\n<span id=\"copy-emoji\" class=\"efont\">\ud83c\uddef\ud83c\uddf5<\/span> Mao Izumi<\/td>\n<\/tr>\n<tr>\n<td style=\"text-align: center;border-color: #d9d9d9;border-style: solid;width: 91px;vertical-align: middle\"><strong>+78 kg<\/strong><\/td>\n<td style=\"text-align: center;border-color: #d9d9d9;border-style: solid;width: 211px;vertical-align: middle\"><span id=\"copy-emoji\" class=\"efont\">\ud83c\uddf0\ud83c\uddf7<\/span>\u00a0<strong>Hyeonji Lee<\/strong><\/td>\n<td style=\"text-align: center;border-color: #d9d9d9;border-style: solid;width: 211px;vertical-align: middle\"><span id=\"copy-emoji\" class=\"efont\">\ud83c\uddf0\ud83c\uddf7<\/span> Hayun Kim<\/td>\n<td style=\"text-align: center;border-color: #d9d9d9;border-style: solid;width: 211px;vertical-align: middle\"><span id=\"copy-emoji\" class=\"efont\">\ud83c\uddef\ud83c\uddf5<\/span> Wakaba Tomita<br \/>\n<span id=\"copy-emoji\" class=\"efont\">\ud83c\uddeb\ud83c\uddf7<\/span> <a title=\"Romane Dicko sauve l\u2019honneur fran\u00e7ais et prend le bronze au Grand Slam de Tokyo\" href=\"https:\/\/dicodusport.fr\/blog\/romane-dicko-sauve-lhonneur-francais-et-prend-le-bronze-au-grand-slam-de-tokyo\/\" target=\"_blank\" rel=\"noopener\">Romane Dicko<\/a><\/td>\n<\/tr>\n<\/tbody>\n<\/table>\n<\/div>\n<p>&nbsp;<\/p>\n<h2>Les m\u00e9daill\u00e9s masculins<\/h2>\n<div class=\"su-table su-table-alternate\">\n<table style=\"width: 724px;border-collapse: collapse\">\n<tbody>\n<tr>\n<td style=\"text-align: center;border-color: #d9d9d9;border-style: solid;width: 91px;vertical-align: middle\"><strong>Cat\u00e9gorie<\/strong><\/td>\n<td style=\"text-align: center;border-color: #d9d9d9;border-style: solid;width: 211px;vertical-align: middle;background-color: #ffffff\">\ud83e\udd47<strong>Or<\/strong><\/td>\n<td style=\"text-align: center;border-color: #d9d9d9;border-style: solid;width: 211px;vertical-align: middle;background-color: #ffffff\">\ud83e\udd48 <strong>Argent<\/strong><\/td>\n<td style=\"text-align: center;border-color: #d9d9d9;border-style: solid;width: 211px;vertical-align: middle;background-color: #ffffff\">\ud83e\udd49 <strong>Bronze<\/strong><\/td>\n<\/tr>\n<tr>\n<td style=\"text-align: center;border-color: #d9d9d9;border-style: solid;width: 91px;vertical-align: middle\"><strong>-60 kg<\/strong><\/td>\n<td style=\"text-align: center;border-color: #d9d9d9;border-style: solid;width: 211px;vertical-align: middle\"><span id=\"copy-emoji\" class=\"efont\">\ud83c\uddef\ud83c\uddf5<\/span>\u00a0<strong>Hayato Kondo<\/strong><\/td>\n<td style=\"text-align: center;border-color: #d9d9d9;border-style: solid;width: 211px;vertical-align: middle\"><span id=\"copy-emoji\" class=\"efont\">\ud83c\uddef\ud83c\uddf5<\/span> Taiki Nakamura<\/td>\n<td style=\"text-align: center;border-color: #d9d9d9;border-style: solid;width: 211px;vertical-align: middle\"><span id=\"copy-emoji\" class=\"efont\">\ud83c\uddf0\ud83c\uddf7 Harim Lee<\/span><br \/>\n<span id=\"copy-emoji\" class=\"efont\">\ud83c\uddef\ud83c\uddf5<\/span> Ryuju Nagayama<\/td>\n<\/tr>\n<tr>\n<td style=\"text-align: center;border-color: #d9d9d9;border-style: solid;width: 91px;vertical-align: middle\"><strong>-66 kg<\/strong><\/td>\n<td style=\"text-align: center;border-color: #d9d9d9;border-style: solid;width: 211px;vertical-align: middle\"><span id=\"copy-emoji\" class=\"efont\">\ud83c\uddef\ud83c\uddf5<\/span>\u00a0<strong>Hifumi Abe<\/strong><\/td>\n<td style=\"text-align: center;border-color: #d9d9d9;border-style: solid;width: 211px;vertical-align: middle\"><span id=\"copy-emoji\" class=\"efont\">\ud83c\uddef\ud83c\uddf5<\/span> Kairi Kentoku<\/td>\n<td style=\"text-align: center;border-color: #d9d9d9;border-style: solid;width: 211px;vertical-align: middle\"><span id=\"copy-emoji\" class=\"efont\">\ud83c\uddef\ud83c\uddf5<\/span> Shinsei Hattori<br \/>\n<span id=\"copy-emoji\" class=\"efont\">\ud83c\uddef\ud83c\uddf5<\/span> Takeshi Takeoka<\/td>\n<\/tr>\n<tr>\n<td style=\"text-align: center;border-color: #d9d9d9;border-style: solid;width: 91px;vertical-align: middle\"><strong>-73 kg<\/strong><\/td>\n<td style=\"text-align: center;border-color: #d9d9d9;border-style: solid;width: 211px;vertical-align: middle\"><span id=\"copy-emoji\" class=\"efont\">\ud83c\uddef\ud83c\uddf5<\/span>\u00a0<strong>Ryuga Tanaka<\/strong><\/td>\n<td style=\"text-align: center;border-color: #d9d9d9;border-style: solid;width: 211px;vertical-align: middle\"><span id=\"copy-emoji\" class=\"efont\">\ud83c\uddef\ud83c\uddf5<\/span> Keito Kihara<\/td>\n<td style=\"text-align: center;border-color: #d9d9d9;border-style: solid;width: 211px;vertical-align: middle\"><span id=\"copy-emoji\" class=\"efont\">\ud83c\uddf2\ud83c\uddf3 Uranbayar Odgerel<\/span><br \/>\n<span id=\"copy-emoji\" class=\"efont\">\ud83c\uddef\ud83c\uddf5<\/span> Shusuke Uchimura<\/td>\n<\/tr>\n<tr>\n<td style=\"text-align: center;border-color: #d9d9d9;border-style: solid;width: 91px;vertical-align: middle\"><strong>-81 kg<\/strong><\/td>\n<td style=\"text-align: center;border-color: #d9d9d9;border-style: solid;width: 211px;vertical-align: middle\"><span id=\"copy-emoji\" class=\"efont\">\ud83c\uddef\ud83c\uddf5<\/span>\u00a0<strong>Yuhei Oino<\/strong><\/td>\n<td style=\"text-align: center;border-color: #d9d9d9;border-style: solid;width: 211px;vertical-align: middle\"><span id=\"copy-emoji\" class=\"efont\">\ud83c\uddef\ud83c\uddf5<\/span> Sotaro Fujiwara<\/td>\n<td style=\"text-align: center;border-color: #d9d9d9;border-style: solid;width: 211px;vertical-align: middle\">\ud83c\uddf7\ud83c\uddfa Timur Arbuzov<br \/>\n<span id=\"copy-emoji\" class=\"efont\">\ud83c\uddef\ud83c\uddf5<\/span> Yoshito Hojo<\/td>\n<\/tr>\n<tr>\n<td style=\"text-align: center;border-color: #d9d9d9;border-style: solid;width: 91px;vertical-align: middle\"><strong>-90 kg<\/strong><\/td>\n<td style=\"text-align: center;border-color: #d9d9d9;border-style: solid;width: 211px;vertical-align: middle\"><span id=\"copy-emoji\" class=\"efont\">\ud83c\uddef\ud83c\uddf5<\/span>\u00a0<strong>Sanshiro Murao<\/strong><\/td>\n<td style=\"text-align: center;border-color: #d9d9d9;border-style: solid;width: 211px;vertical-align: middle\"><span id=\"copy-emoji\" class=\"efont\">\ud83c\uddef\ud83c\uddf5<\/span> Goki Tajima<\/td>\n<td style=\"text-align: center;border-color: #d9d9d9;border-style: solid;width: 211px;vertical-align: middle\"><span id=\"copy-emoji\" class=\"efont\">\ud83c\uddef\ud83c\uddf5 Komei Kawabata<br \/>\n<\/span>\ud83c\uddec\ud83c\uddea Giorgi Jabniashvili<\/td>\n<\/tr>\n<tr>\n<td style=\"text-align: center;border-color: #d9d9d9;border-style: solid;width: 91px;vertical-align: middle\"><strong>-100 kg<\/strong><\/td>\n<td style=\"text-align: center;border-color: #d9d9d9;border-style: solid;width: 211px;vertical-align: middle\">\ud83c\uddec\ud83c\uddea\u00a0<strong>Ilia Sulamanidze<\/strong><\/td>\n<td style=\"text-align: center;border-color: #d9d9d9;border-style: solid;width: 211px;vertical-align: middle\"><span id=\"copy-emoji\" class=\"efont\">\ud83c\uddef\ud83c\uddf5<\/span> Dota Arai<\/td>\n<td style=\"width: 211px;text-align: center\"><span id=\"copy-emoji\" class=\"efont\">\ud83c\uddef\ud83c\uddf5<\/span> Ryotaro Masuchi<br \/>\n\ud83c\uddf7\ud83c\uddfa Matvey Kanikovskiy<\/td>\n<\/tr>\n<tr>\n<td style=\"text-align: center;border-color: #d9d9d9;border-style: solid;width: 91px;vertical-align: middle\"><strong>+100 kg<\/strong><\/td>\n<td style=\"text-align: center;border-color: #d9d9d9;border-style: solid;width: 211px;vertical-align: middle\">\ud83c\uddf7\ud83c\uddfa\u00a0<strong>Valerii Endovitskii<\/strong><\/td>\n<td style=\"width: 211px;text-align: center;vertical-align: middle\"><span id=\"copy-emoji\" class=\"efont\">\ud83c\uddef\ud83c\uddf5<\/span> Hyoga Ota<\/td>\n<td style=\"width: 211px;text-align: center;vertical-align: middle\"><span id=\"copy-emoji\" class=\"efont\">\ud83c\uddef\ud83c\uddf5<\/span> Kanta Nakano<br \/>\n\ud83c\uddf7\ud83c\uddfa Inal Tasoev<\/td>\n<\/tr>\n<\/tbody>\n<\/table>\n<\/div>\n<p>&nbsp;<\/p>\n<p><!--nextpage--><\/p>\n<div class=\"su-table su-table-alternate\">\n<table>\n<tbody>\n<tr>\n<td><strong>Cat\u00e9gorie<\/strong><\/td>\n<td><strong>\ud83e\udd47 Or<\/strong><\/td>\n<td><strong>\ud83e\udd48 Argent<\/strong><\/td>\n<td><strong>\ud83e\udd49 Bronze<\/strong><\/td>\n<\/tr>\n<tr>\n<td><strong>-48 kg<\/strong><\/td>\n<td><span id=\"copy-emoji\" class=\"efont\">\ud83c\uddef\ud83c\uddf5\u00a0<strong>Mistuki Kondo<\/strong><\/span><\/td>\n<td><span id=\"copy-emoji\" class=\"efont\"><strong><img loading=\"lazy\" decoding=\"async\" class=\"transparent perfmatters-lazy entered pmloaded\" src=\"https:\/\/judotv.com\/cdn-cgi\/image\/w=80,h=60\/https:\/\/78884ca60822a34fb0e6-082b8fd5551e97bc65e327988b444396.ssl.cf3.rackcdn.com\/flags\/80x60\/ijf.png\" alt=\"https:\/\/judotv.com\/cdn-cgi\/image\/w=80,h=60\/https:\/\/78884ca60822a34fb0e6-082b8fd5551e97bc65e327988b444396.ssl.cf3.rackcdn.com\/flags\/80x60\/ijf.png\" width=\"20\" height=\"15\" data-src=\"https:\/\/judotv.com\/cdn-cgi\/image\/w=80,h=60\/https:\/\/78884ca60822a34fb0e6-082b8fd5551e97bc65e327988b444396.ssl.cf3.rackcdn.com\/flags\/80x60\/ijf.png\" data-ll-status=\"loaded\" \/> <\/strong><\/span>Marina Vorobeva<\/td>\n<td><span id=\"copy-emoji\" class=\"efont\"><strong><img loading=\"lazy\" decoding=\"async\" class=\"transparent perfmatters-lazy entered pmloaded\" src=\"https:\/\/judotv.com\/cdn-cgi\/image\/w=80,h=60\/https:\/\/78884ca60822a34fb0e6-082b8fd5551e97bc65e327988b444396.ssl.cf3.rackcdn.com\/flags\/80x60\/ijf.png\" alt=\"https:\/\/judotv.com\/cdn-cgi\/image\/w=80,h=60\/https:\/\/78884ca60822a34fb0e6-082b8fd5551e97bc65e327988b444396.ssl.cf3.rackcdn.com\/flags\/80x60\/ijf.png\" width=\"20\" height=\"15\" data-src=\"https:\/\/judotv.com\/cdn-cgi\/image\/w=80,h=60\/https:\/\/78884ca60822a34fb0e6-082b8fd5551e97bc65e327988b444396.ssl.cf3.rackcdn.com\/flags\/80x60\/ijf.png\" data-ll-status=\"loaded\" \/> <\/strong>Sabina Giliazova<br \/>\n\ud83c\uddf2\ud83c\uddf3 Misheel Altanshagai<br \/>\n<\/span><\/td>\n<\/tr>\n<tr>\n<td><strong>-52 kg<\/strong><\/td>\n<td><span id=\"copy-emoji\" class=\"efont\">\ud83c\uddef\ud83c\uddf5\u00a0<strong>Kokoro Fujishiro<\/strong><\/span><\/td>\n<td><span id=\"copy-emoji\" class=\"efont\">\ud83c\uddf2\ud83c\uddf3 Nandin-Erdene Myagmarsuren<\/span><\/td>\n<td><span id=\"copy-emoji\" class=\"efont\"><strong><img loading=\"lazy\" decoding=\"async\" class=\"transparent perfmatters-lazy entered pmloaded\" src=\"https:\/\/judotv.com\/cdn-cgi\/image\/w=80,h=60\/https:\/\/78884ca60822a34fb0e6-082b8fd5551e97bc65e327988b444396.ssl.cf3.rackcdn.com\/flags\/80x60\/ijf.png\" alt=\"https:\/\/judotv.com\/cdn-cgi\/image\/w=80,h=60\/https:\/\/78884ca60822a34fb0e6-082b8fd5551e97bc65e327988b444396.ssl.cf3.rackcdn.com\/flags\/80x60\/ijf.png\" width=\"20\" height=\"15\" data-src=\"https:\/\/judotv.com\/cdn-cgi\/image\/w=80,h=60\/https:\/\/78884ca60822a34fb0e6-082b8fd5551e97bc65e327988b444396.ssl.cf3.rackcdn.com\/flags\/80x60\/ijf.png\" data-ll-status=\"loaded\" \/> <\/strong>Glafira Borisova<br \/>\n\ud83c\udde8\ud83c\uddf3 Yuhong Yao<\/span><\/td>\n<\/tr>\n<tr>\n<td><strong>-57 kg<\/strong><\/td>\n<td><span id=\"copy-emoji\" class=\"efont\"><strong><img loading=\"lazy\" decoding=\"async\" class=\"transparent perfmatters-lazy entered pmloaded\" src=\"https:\/\/judotv.com\/cdn-cgi\/image\/w=80,h=60\/https:\/\/78884ca60822a34fb0e6-082b8fd5551e97bc65e327988b444396.ssl.cf3.rackcdn.com\/flags\/80x60\/ijf.png\" alt=\"https:\/\/judotv.com\/cdn-cgi\/image\/w=80,h=60\/https:\/\/78884ca60822a34fb0e6-082b8fd5551e97bc65e327988b444396.ssl.cf3.rackcdn.com\/flags\/80x60\/ijf.png\" width=\"20\" height=\"15\" data-src=\"https:\/\/judotv.com\/cdn-cgi\/image\/w=80,h=60\/https:\/\/78884ca60822a34fb0e6-082b8fd5551e97bc65e327988b444396.ssl.cf3.rackcdn.com\/flags\/80x60\/ijf.png\" data-ll-status=\"loaded\" \/>\u00a0<\/strong><strong>Kseniia Galitskaia<\/strong><\/span><\/td>\n<td>\ud83c\udded\ud83c\uddf7 Ana Viktorija Puljiz<\/td>\n<td><span id=\"copy-emoji\" class=\"efont\">\ud83c\uddf2\ud83c\uddf3 Sosorbaram Lkhagvasuren<\/span><br \/>\n<span id=\"copy-emoji\" class=\"efont\">\ud83c\uddef\ud83c\uddf5 Megumi Fuchida<\/span><\/td>\n<\/tr>\n<tr>\n<td><strong>-63 kg<\/strong><\/td>\n<td><span id=\"copy-emoji\" class=\"efont\">\ud83c\uddf2\ud83c\uddf3<\/span>\u00a0<strong>Gankhaich Bold<\/strong><\/td>\n<td><span id=\"copy-emoji\" class=\"efont\">\ud83c\uddef\ud83c\uddf5<\/span> Kirari Yamaguchi<\/td>\n<td>\ud83c\udded\ud83c\uddf7 Nina Simic<br \/>\n\ud83c\uddeb\ud83c\uddf7 <a title=\"Judo Grand Slam d\u2019Oulan-Bator : Ga\u00ebtane Deberdt (-63 kg) en bronze\" href=\"https:\/\/dicodusport.fr\/blog\/judo-grand-slam-doulan-bator-gaetane-deberdt-63-kg-en-bronze\/\" target=\"_blank\" rel=\"noopener\">Ga\u00ebtane Deberdt<\/a><\/td>\n<\/tr>\n<tr>\n<td><strong>-70 kg<\/strong><\/td>\n<td><span id=\"copy-emoji\" class=\"efont\">\ud83c\uddef\ud83c\uddf5<\/span>\u00a0<strong>Utana Terada<\/strong><\/td>\n<td><span id=\"copy-emoji\" class=\"efont\">\ud83c\udde8\ud83c\uddf3<\/span> Lu Liu<\/td>\n<td><span id=\"copy-emoji\" class=\"efont\">\ud83c\udde8\ud83c\uddf3<\/span> Yingying Feng<br \/>\n<span id=\"copy-emoji\" class=\"efont\">\ud83c\uddf2\ud83c\uddf3<\/span> Yesui Darkhanbatbayar<\/td>\n<\/tr>\n<tr>\n<td><strong>-78 kg<\/strong><\/td>\n<td><\/td>\n<td><span id=\"copy-emoji\" class=\"efont\">\ud83c\uddef\ud83c\uddf5<\/span> Mami Umeki<\/td>\n<td><span id=\"copy-emoji\" class=\"efont\"><strong><img loading=\"lazy\" decoding=\"async\" class=\"transparent perfmatters-lazy entered pmloaded\" src=\"https:\/\/judotv.com\/cdn-cgi\/image\/w=80,h=60\/https:\/\/78884ca60822a34fb0e6-082b8fd5551e97bc65e327988b444396.ssl.cf3.rackcdn.com\/flags\/80x60\/ijf.png\" alt=\"https:\/\/judotv.com\/cdn-cgi\/image\/w=80,h=60\/https:\/\/78884ca60822a34fb0e6-082b8fd5551e97bc65e327988b444396.ssl.cf3.rackcdn.com\/flags\/80x60\/ijf.png\" width=\"20\" height=\"15\" data-src=\"https:\/\/judotv.com\/cdn-cgi\/image\/w=80,h=60\/https:\/\/78884ca60822a34fb0e6-082b8fd5551e97bc65e327988b444396.ssl.cf3.rackcdn.com\/flags\/80x60\/ijf.png\" data-ll-status=\"loaded\" \/><\/strong><\/span> Aleksandra Babintseva<br \/>\n<span id=\"copy-emoji\" class=\"efont\">\ud83c\udde8\ud83c\uddf3<\/span> Yuxiao Peng<\/td>\n<\/tr>\n<tr>\n<td><strong>+78 kg<\/strong><\/td>\n<td>\ud83c\uddeb\ud83c\uddf7 <a title=\"Judo Grand Slam d\u2019Oulan-Bator : L\u00e9a Fontaine (+78 kg) en or !\" href=\"https:\/\/dicodusport.fr\/blog\/judo-grand-slam-doulan-bator-lea-fontaine-78-kg-en-or\/\" target=\"_blank\" rel=\"noopener\"><strong>L\u00e9a Fontaine<\/strong><\/a><\/td>\n<td><span id=\"copy-emoji\" class=\"efont\">\ud83c\udde8\ud83c\uddf3<\/span> Jinesinuer Ayiman<\/td>\n<td>\ud83c\udded\ud83c\uddf7 Helena Vukovic<br \/>\n<span id=\"copy-emoji\" class=\"efont\">\ud83c\uddf2\ud83c\uddf3<\/span> Adiyasuren Amarsaikhan<\/td>\n<\/tr>\n<\/tbody>\n<\/table>\n<\/div>\n<p>&nbsp;<\/p>\n<h2>Les m\u00e9daill\u00e9s masculins<\/h2>\n<div class=\"su-table su-table-alternate\">\n<table>\n<tbody>\n<tr>\n<td><strong>Cat\u00e9gorie<\/strong><\/td>\n<td>\ud83e\udd47<strong>Or<\/strong><\/td>\n<td>\ud83e\udd48 <strong>Argent<\/strong><\/td>\n<td>\ud83e\udd49 <strong>Bronze<\/strong><\/td>\n<\/tr>\n<tr>\n<td><strong>-60 kg<\/strong><\/td>\n<td><span id=\"copy-emoji\" class=\"efont\">\ud83c\uddef\ud83c\uddf5\u00a0<strong>Hiroto Shirakane<\/strong><\/span><\/td>\n<td><span id=\"copy-emoji\" class=\"efont\">\ud83c\uddef\ud83c\uddf5 Hayato Kondo<\/span><\/td>\n<td><span id=\"copy-emoji\" class=\"efont\"><strong><img loading=\"lazy\" decoding=\"async\" class=\"transparent perfmatters-lazy entered pmloaded\" src=\"https:\/\/judotv.com\/cdn-cgi\/image\/w=80,h=60\/https:\/\/78884ca60822a34fb0e6-082b8fd5551e97bc65e327988b444396.ssl.cf3.rackcdn.com\/flags\/80x60\/ijf.png\" alt=\"https:\/\/judotv.com\/cdn-cgi\/image\/w=80,h=60\/https:\/\/78884ca60822a34fb0e6-082b8fd5551e97bc65e327988b444396.ssl.cf3.rackcdn.com\/flags\/80x60\/ijf.png\" width=\"20\" height=\"15\" data-src=\"https:\/\/judotv.com\/cdn-cgi\/image\/w=80,h=60\/https:\/\/78884ca60822a34fb0e6-082b8fd5551e97bc65e327988b444396.ssl.cf3.rackcdn.com\/flags\/80x60\/ijf.png\" data-ll-status=\"loaded\" \/> <\/strong><\/span>Iznaur Saaev<br \/>\n<span id=\"copy-emoji\" class=\"efont\">\ud83c\uddf2\ud83c\uddf3 Sukhbat Byambasuren<\/span><\/td>\n<\/tr>\n<tr>\n<td><strong>-66 kg<\/strong><\/td>\n<td><span id=\"copy-emoji\" class=\"efont\">\ud83c\uddfa\ud83c\uddff\u00a0<strong>Abdurakhim Nutfulloev<\/strong><\/span><\/td>\n<td>\ud83c\uddf2\ud83c\uddf0 Denis Vieru<\/td>\n<td><span id=\"copy-emoji\" class=\"efont\">\ud83c\uddf0\ud83c\uddf7 Jihyuk Yang<br \/>\n\ud83c\uddf2\ud83c\uddf3 Erkhembayar Battogtokh<br \/>\n<\/span><\/td>\n<\/tr>\n<tr>\n<td><strong>-73 kg<\/strong><\/td>\n<td><span id=\"copy-emoji\" class=\"efont\">\ud83c\uddf2\ud83c\uddf3<\/span>\u00a0<strong>Uranbayar Odgerel<\/strong><\/td>\n<td>\ud83c\uddf9\ud83c\uddef Ahmadzod Masudi<\/td>\n<td><span id=\"copy-emoji\" class=\"efont\">\ud83c\uddef\ud83c\uddf5<\/span> Yudai Tanaka<br \/>\n<span id=\"copy-emoji\" class=\"efont\">\ud83c\uddf2\ud83c\uddf3<\/span> Ankhzaya Lavjargal<\/td>\n<\/tr>\n<tr>\n<td><strong>-81 kg<\/strong><\/td>\n<td><span id=\"copy-emoji\" class=\"efont\">\ud83c\uddef\ud83c\uddf5<\/span>\u00a0<strong>Yuhei Oino<\/strong><\/td>\n<td>\ud83c\udde6\ud83c\uddea Gadzhimurad Omarov<\/td>\n<td><span id=\"copy-emoji\" class=\"efont\"><strong><img loading=\"lazy\" decoding=\"async\" class=\"transparent perfmatters-lazy entered pmloaded\" src=\"https:\/\/judotv.com\/cdn-cgi\/image\/w=80,h=60\/https:\/\/78884ca60822a34fb0e6-082b8fd5551e97bc65e327988b444396.ssl.cf3.rackcdn.com\/flags\/80x60\/ijf.png\" alt=\"https:\/\/judotv.com\/cdn-cgi\/image\/w=80,h=60\/https:\/\/78884ca60822a34fb0e6-082b8fd5551e97bc65e327988b444396.ssl.cf3.rackcdn.com\/flags\/80x60\/ijf.png\" width=\"20\" height=\"15\" data-src=\"https:\/\/judotv.com\/cdn-cgi\/image\/w=80,h=60\/https:\/\/78884ca60822a34fb0e6-082b8fd5551e97bc65e327988b444396.ssl.cf3.rackcdn.com\/flags\/80x60\/ijf.png\" data-ll-status=\"loaded\" \/><\/strong><\/span> Adam Tsechoev<br \/>\n\ud83c\udde7\ud83c\udded Askerbii Gerbekov<\/td>\n<\/tr>\n<tr>\n<td><strong>-90 kg<\/strong><\/td>\n<td><span id=\"copy-emoji\" class=\"efont\">\ud83c\uddef\ud83c\uddf5<\/span> <strong>Riku Okada<\/strong><\/td>\n<td><span id=\"copy-emoji\" class=\"efont\">\ud83c\uddfa\ud83c\uddff<\/span> Umar Bozorov<\/td>\n<td>\ud83c\udde7\ud83c\udded Israpil Sagaipov<br \/>\n<span id=\"copy-emoji\" class=\"efont\"><strong><img loading=\"lazy\" decoding=\"async\" class=\"transparent perfmatters-lazy entered pmloaded\" src=\"https:\/\/judotv.com\/cdn-cgi\/image\/w=80,h=60\/https:\/\/78884ca60822a34fb0e6-082b8fd5551e97bc65e327988b444396.ssl.cf3.rackcdn.com\/flags\/80x60\/ijf.png\" alt=\"https:\/\/judotv.com\/cdn-cgi\/image\/w=80,h=60\/https:\/\/78884ca60822a34fb0e6-082b8fd5551e97bc65e327988b444396.ssl.cf3.rackcdn.com\/flags\/80x60\/ijf.png\" width=\"20\" height=\"15\" data-src=\"https:\/\/judotv.com\/cdn-cgi\/image\/w=80,h=60\/https:\/\/78884ca60822a34fb0e6-082b8fd5551e97bc65e327988b444396.ssl.cf3.rackcdn.com\/flags\/80x60\/ijf.png\" data-ll-status=\"loaded\" \/><\/strong><\/span> Ikhvan Edilsultanov<\/td>\n<\/tr>\n<tr>\n<td><strong>-100 kg<\/strong><\/td>\n<td>\ud83c\uddfa\ud83c\udde6 <strong>Anton Savytskiy<\/strong><\/td>\n<td><span id=\"copy-emoji\" class=\"efont\">\ud83c\udded\ud83c\uddfa<\/span> Zsombor Veg<\/td>\n<td><span id=\"copy-emoji\" class=\"efont\">\ud83c\uddea\ud83c\uddf8<\/span> Nikoloz Sherazadishvili<br \/>\n\ud83c\udde7\ud83c\udded Said Sadrudinov<\/td>\n<\/tr>\n<tr>\n<td><strong>+100 kg<\/strong><\/td>\n<td><span id=\"copy-emoji\" class=\"efont\">\ud83c\uddf2\ud83c\uddf3<\/span> <strong>Gonchigsuren Batkhuyag<\/strong><\/td>\n<td><span id=\"copy-emoji\" class=\"efont\"><strong><img loading=\"lazy\" decoding=\"async\" class=\"transparent perfmatters-lazy entered pmloaded\" src=\"https:\/\/judotv.com\/cdn-cgi\/image\/w=80,h=60\/https:\/\/78884ca60822a34fb0e6-082b8fd5551e97bc65e327988b444396.ssl.cf3.rackcdn.com\/flags\/80x60\/ijf.png\" alt=\"https:\/\/judotv.com\/cdn-cgi\/image\/w=80,h=60\/https:\/\/78884ca60822a34fb0e6-082b8fd5551e97bc65e327988b444396.ssl.cf3.rackcdn.com\/flags\/80x60\/ijf.png\" width=\"20\" height=\"15\" data-src=\"https:\/\/judotv.com\/cdn-cgi\/image\/w=80,h=60\/https:\/\/78884ca60822a34fb0e6-082b8fd5551e97bc65e327988b444396.ssl.cf3.rackcdn.com\/flags\/80x60\/ijf.png\" data-ll-status=\"loaded\" \/><\/strong><\/span> Artem Zolotukhin<\/td>\n<td><span id=\"copy-emoji\" class=\"efont\"><strong><img loading=\"lazy\" decoding=\"async\" class=\"transparent perfmatters-lazy entered pmloaded\" src=\"https:\/\/judotv.com\/cdn-cgi\/image\/w=80,h=60\/https:\/\/78884ca60822a34fb0e6-082b8fd5551e97bc65e327988b444396.ssl.cf3.rackcdn.com\/flags\/80x60\/ijf.png\" alt=\"https:\/\/judotv.com\/cdn-cgi\/image\/w=80,h=60\/https:\/\/78884ca60822a34fb0e6-082b8fd5551e97bc65e327988b444396.ssl.cf3.rackcdn.com\/flags\/80x60\/ijf.png\" width=\"20\" height=\"15\" data-src=\"https:\/\/judotv.com\/cdn-cgi\/image\/w=80,h=60\/https:\/\/78884ca60822a34fb0e6-082b8fd5551e97bc65e327988b444396.ssl.cf3.rackcdn.com\/flags\/80x60\/ijf.png\" data-ll-status=\"loaded\" \/><\/strong><\/span> Denis Batchaev<br \/>\n<span id=\"copy-emoji\" class=\"efont\">\ud83c\uddef\ud83c\uddf5<\/span> Daigo Kagawa<\/td>\n<\/tr>\n<\/tbody>\n<\/table>\n<\/div>\n<table>\n<tbody>\n<tr>\n<td><strong>Cat\u00e9gorie<\/strong><\/td>\n<td><strong>\ud83e\udd47 Or<\/strong><\/td>\n<td><strong>\ud83e\udd48 Argent<\/strong><\/td>\n<td><strong>\ud83e\udd49 Bronze<\/strong><\/td>\n<\/tr>\n<tr>\n<td><strong>-48 kg<\/strong><\/td>\n<td>\ud83c\udde8\ud83c\uddf3 <strong>Xinran Hui<\/strong><\/td>\n<td><span id=\"copy-emoji\" class=\"efont\"><strong><img loading=\"lazy\" decoding=\"async\" class=\"transparent perfmatters-lazy entered pmloaded\" src=\"https:\/\/judotv.com\/cdn-cgi\/image\/w=80,h=60\/https:\/\/78884ca60822a34fb0e6-082b8fd5551e97bc65e327988b444396.ssl.cf3.rackcdn.com\/flags\/80x60\/ijf.png\" alt=\"https:\/\/judotv.com\/cdn-cgi\/image\/w=80,h=60\/https:\/\/78884ca60822a34fb0e6-082b8fd5551e97bc65e327988b444396.ssl.cf3.rackcdn.com\/flags\/80x60\/ijf.png\" width=\"20\" height=\"15\" data-src=\"https:\/\/judotv.com\/cdn-cgi\/image\/w=80,h=60\/https:\/\/78884ca60822a34fb0e6-082b8fd5551e97bc65e327988b444396.ssl.cf3.rackcdn.com\/flags\/80x60\/ijf.png\" data-ll-status=\"loaded\" \/><\/strong> Sabina Giliazova<\/span><\/td>\n<td>\ud83c\udde7\ud83c\uddf7<span id=\"copy-emoji\" class=\"efont\"><\/span> Natasha Ferreira<br \/>\n\ud83c\uddee\ud83c\uddf9 Assunta Scutto<\/td>\n<\/tr>\n<tr>\n<td><strong>-52 kg<\/strong><\/td>\n<td>\ud83c\udde9\ud83c\uddea <strong>Mascha Ballhaus<\/strong><\/td>\n<td>\ud83c\uddea\ud83c\uddf8 Ayumi Leiva Sanchez<\/td>\n<td>\ud83c\uddeb\ud83c\uddf7 <a title=\"Grand Slam d\u2019Astana 2025 : Astride Gneto (-52 kg) remporte la m\u00e9daille de bronze\" href=\"https:\/\/dicodusport.fr\/blog\/grand-slam-dastana-2025-astride-gneto-52-kg-remporte-la-medaille-de-bronze\/\" target=\"_blank\" rel=\"noopener\">Astride Gneto<\/a><br \/>\n\ud83c\udde7\ud83c\uddf7 Jessica Pereira<\/td>\n<\/tr>\n<tr>\n<td><strong>-57 kg<\/strong><\/td>\n<td>\ud83c\uddeb\ud83c\uddf7 <a href=\"https:\/\/dicodusport.fr\/blog\/grand-slam-dastana-2025-faiza-mokdar-57-kg-se-pare-dor\/\" target=\"_blank\" rel=\"noopener\"><strong>Fa\u00efza Mokdar<\/strong><\/a><\/td>\n<td><span id=\"copy-emoji\" class=\"efont\">\ud83c\uddef\ud83c\uddf5<\/span> Momo Tamaoki<\/td>\n<td>\ud83c\udde9\ud83c\uddea Pauline Starke<br \/>\n\ud83c\udde7\ud83c\uddf7 Shirlen Nascimento<\/td>\n<\/tr>\n<tr>\n<td><strong>-63 kg<\/strong><\/td>\n<td>\ud83c\uddeb\ud83c\uddf7 <a title=\"Grand Slam d\u2019Astana 2025 : Melkia Auchecorne (-63 kg) en or\" href=\"https:\/\/dicodusport.fr\/blog\/grand-slam-dastana-2025-melkia-auchecorne-63-kg-en-or\/\" target=\"_blank\" rel=\"noopener\"><strong>Melkia Auchecorne<\/strong><\/a><\/td>\n<td><span id=\"copy-emoji\" class=\"efont\">\ud83c\uddef\ud83c\uddf5<\/span>\u00a0Narumi Tanioka<\/td>\n<td><span id=\"copy-emoji\" class=\"efont\">\ud83c\uddf2\ud83c\uddf3 Enkhriilen Lkhagvatogoo<br \/>\n\ud83c\udde7\ud83c\uddf7 Rafaela Silva<\/span><\/td>\n<\/tr>\n<tr>\n<td><strong>-70 kg<\/strong><\/td>\n<td>\ud83c\uddee\ud83c\uddf9 <strong>Giorgioa Stangherlin<\/strong><\/td>\n<td>\ud83c\udde8\ud83c\uddf3 Yingying Feng<\/td>\n<td>\ud83c\udde9\ud83c\uddea Dena Pohl<br \/>\n<span id=\"copy-emoji\" class=\"efont\">\ud83c\udde7\ud83c\uddf7<\/span> Luana Carvalho<\/td>\n<\/tr>\n<tr>\n<td><strong>-78 kg<\/strong><\/td>\n<td>\u00a0<strong>Minju Kim<\/strong><\/td>\n<td><span id=\"copy-emoji\" class=\"efont\">\ud83c\uddef\ud83c\uddf5 Mao Izumi<\/span><\/td>\n<td>\ud83c\udde9\ud83c\uddea Julie Hoelterhoff<br \/>\n<span id=\"copy-emoji\" class=\"efont\">\ud83c\udde7\ud83c\uddf7 Beatriz Freitas<\/span><\/td>\n<\/tr>\n<tr>\n<td><strong>+78 kg<\/strong><\/td>\n<td><span id=\"copy-emoji\" class=\"efont\">\ud83c\uddf0\ud83c\uddf7<\/span> <strong>Hyeonji Lee<\/strong><\/td>\n<td>\ud83c\uddeb\ud83c\uddf7 <a href=\"https:\/\/dicodusport.fr\/blog\/grand-slam-dastana-2025-julia-tolofua-78-kg-prend-la-medaille-dargent\/\" target=\"_blank\" rel=\"noopener\">Julia Tolofua<\/a><\/td>\n<td><span id=\"copy-emoji\" class=\"efont\">\ud83c\uddef\ud83c\uddf5 Ruri Takahashi<br \/>\n\ud83c\udde8\ud83c\uddf3 Xinran Niu<\/span><\/td>\n<\/tr>\n<\/tbody>\n<\/table>\n[\/su_table]\n<p>&nbsp;<\/p>\n<h2>Les m\u00e9daill\u00e9s masculins<\/h2>\n<div class=\"su-table su-table-alternate\">\n<table>\n<tbody>\n<tr>\n<td><strong>Cat\u00e9gorie<\/strong><\/td>\n<td>\ud83e\udd47<strong>Or<\/strong><\/td>\n<td>\ud83e\udd48 <strong>Argent<\/strong><\/td>\n<td>\ud83e\udd49 <strong>Bronze<\/strong><\/td>\n<\/tr>\n<tr>\n<td><strong>-60 kg<\/strong><\/td>\n<td><span id=\"copy-emoji\" class=\"efont\"><img loading=\"lazy\" decoding=\"async\" class=\"transparent perfmatters-lazy entered pmloaded\" src=\"https:\/\/judotv.com\/cdn-cgi\/image\/w=80,h=60\/https:\/\/78884ca60822a34fb0e6-082b8fd5551e97bc65e327988b444396.ssl.cf3.rackcdn.com\/flags\/80x60\/ijf.png\" alt=\"https:\/\/judotv.com\/cdn-cgi\/image\/w=80,h=60\/https:\/\/78884ca60822a34fb0e6-082b8fd5551e97bc65e327988b444396.ssl.cf3.rackcdn.com\/flags\/80x60\/ijf.png\" width=\"20\" height=\"15\" data-src=\"https:\/\/judotv.com\/cdn-cgi\/image\/w=80,h=60\/https:\/\/78884ca60822a34fb0e6-082b8fd5551e97bc65e327988b444396.ssl.cf3.rackcdn.com\/flags\/80x60\/ijf.png\" data-ll-status=\"loaded\" \/><\/span> <strong>Iznaur Saaev<\/strong><\/td>\n<td>\ud83c\uddf0\ud83c\uddff Talgat Orynbassar<\/td>\n<td>\ud83c\uddf0\ud83c\uddff Magzhan Shamshadin<br \/>\n\ud83c\uddf0\ud83c\uddff Aman Bakytzhan<\/td>\n<\/tr>\n<tr>\n<td><strong>-66 kg<\/strong><\/td>\n<td><span id=\"copy-emoji\" class=\"efont\"><img loading=\"lazy\" decoding=\"async\" class=\"transparent perfmatters-lazy entered pmloaded\" src=\"https:\/\/judotv.com\/cdn-cgi\/image\/w=80,h=60\/https:\/\/78884ca60822a34fb0e6-082b8fd5551e97bc65e327988b444396.ssl.cf3.rackcdn.com\/flags\/80x60\/ijf.png\" alt=\"https:\/\/judotv.com\/cdn-cgi\/image\/w=80,h=60\/https:\/\/78884ca60822a34fb0e6-082b8fd5551e97bc65e327988b444396.ssl.cf3.rackcdn.com\/flags\/80x60\/ijf.png\" width=\"20\" height=\"15\" data-src=\"https:\/\/judotv.com\/cdn-cgi\/image\/w=80,h=60\/https:\/\/78884ca60822a34fb0e6-082b8fd5551e97bc65e327988b444396.ssl.cf3.rackcdn.com\/flags\/80x60\/ijf.png\" data-ll-status=\"loaded\" \/><\/span> <strong>Ramazan Abdulaev<\/strong><\/td>\n<td>\ud83c\uddf0\ud83c\uddff Gusman Kyrgyzbayev<\/td>\n<td><span id=\"copy-emoji\" class=\"efont\">\ud83c\uddfa\ud83c\uddff Mukhriddin Tilovov<br \/>\n\ud83c\uddf2\ud83c\uddf3 Janatsandorj Unurbat<\/span><\/td>\n<\/tr>\n<tr>\n<td><strong>-73 kg<\/strong><\/td>\n<td>\ud83c\udde8\ud83c\udded <strong>Nils Stump<\/strong><\/td>\n<td>\ud83c\udde6\ud83c\uddea Kazbek Naguchev<\/td>\n<td>\ud83c\uddf0\ud83c\uddff Yesset Kuanov<br \/>\n<span id=\"copy-emoji\" class=\"efont\">\ud83c\uddf2\ud83c\uddf3<\/span> Ankhzaya Lavjargal<\/td>\n<\/tr>\n<tr>\n<td><strong>-81 kg<\/strong><\/td>\n<td><span id=\"copy-emoji\" class=\"efont\">\ud83c\uddf0\ud83c\uddf7<\/span> <strong>Joonhwan Lee<\/strong><\/td>\n<td><span id=\"copy-emoji\" class=\"efont\">\ud83c\uddef\ud83c\uddf5 Takanori Nagase<\/span><\/td>\n<td>\ud83c\uddec\ud83c\uddea Zaur Dvalashvili<br \/>\n\ud83c\uddf0\ud83c\uddff Abylaikhan Zhubanazar<\/td>\n<\/tr>\n<tr>\n<td><strong>-90 kg<\/strong><\/td>\n<td><span id=\"copy-emoji\" class=\"efont\"><img loading=\"lazy\" decoding=\"async\" class=\"transparent perfmatters-lazy entered pmloaded\" src=\"https:\/\/judotv.com\/cdn-cgi\/image\/w=80,h=60\/https:\/\/78884ca60822a34fb0e6-082b8fd5551e97bc65e327988b444396.ssl.cf3.rackcdn.com\/flags\/80x60\/ijf.png\" alt=\"https:\/\/judotv.com\/cdn-cgi\/image\/w=80,h=60\/https:\/\/78884ca60822a34fb0e6-082b8fd5551e97bc65e327988b444396.ssl.cf3.rackcdn.com\/flags\/80x60\/ijf.png\" width=\"20\" height=\"15\" data-src=\"https:\/\/judotv.com\/cdn-cgi\/image\/w=80,h=60\/https:\/\/78884ca60822a34fb0e6-082b8fd5551e97bc65e327988b444396.ssl.cf3.rackcdn.com\/flags\/80x60\/ijf.png\" data-ll-status=\"loaded\" \/><\/span> <strong>Mikhail Igolnikov<\/strong><\/td>\n<td><span id=\"copy-emoji\" class=\"efont\"><img loading=\"lazy\" decoding=\"async\" class=\"transparent perfmatters-lazy entered pmloaded\" src=\"https:\/\/judotv.com\/cdn-cgi\/image\/w=80,h=60\/https:\/\/78884ca60822a34fb0e6-082b8fd5551e97bc65e327988b444396.ssl.cf3.rackcdn.com\/flags\/80x60\/ijf.png\" alt=\"https:\/\/judotv.com\/cdn-cgi\/image\/w=80,h=60\/https:\/\/78884ca60822a34fb0e6-082b8fd5551e97bc65e327988b444396.ssl.cf3.rackcdn.com\/flags\/80x60\/ijf.png\" width=\"20\" height=\"15\" data-src=\"https:\/\/judotv.com\/cdn-cgi\/image\/w=80,h=60\/https:\/\/78884ca60822a34fb0e6-082b8fd5551e97bc65e327988b444396.ssl.cf3.rackcdn.com\/flags\/80x60\/ijf.png\" data-ll-status=\"loaded\" \/><\/span> Egor Malkin<\/td>\n<td>\ud83c\udde8\ud83c\uddff Adam Kopecky<br \/>\n\ud83c\uddec\ud83c\uddf7 Theodoros Tselidis<\/td>\n<\/tr>\n<tr>\n<td><strong>-100 kg<\/strong><\/td>\n<td><span id=\"copy-emoji\" class=\"efont\">\ud83c\uddef\ud83c\uddf5<\/span> <strong>Dota Arai<\/strong><\/td>\n<td>\ud83c\udde8\ud83c\udded Daniel Eich<\/td>\n<td>\ud83c\uddf0\ud83c\uddff Marat Baikamurov<br \/>\n\ud83c\uddf0\ud83c\uddff Bakzhan Baitas<\/td>\n<\/tr>\n<tr>\n<td><strong>+100 kg<\/strong><\/td>\n<td><span id=\"copy-emoji\" class=\"efont\">\ud83c\uddef\ud83c\uddf5<\/span> <strong>Hyoga Ota<\/strong><\/td>\n<td>\ud83c\uddf0\ud83c\uddff Yerassyl Kazhybayev<\/td>\n<td>\ud83c\uddf5\ud83c\uddf1 Grzegorz Teresinski<br \/>\n\ud83c\uddec\ud83c\uddea\u00a0 Saba Inaneishvili<\/td>\n<\/tr>\n<\/tbody>\n<\/table>\n<\/div>\n<p>&nbsp;<\/p>\n<p><!--nextpage--><\/p>\n<div class=\"su-table su-table-alternate\">\n<table>\n<tbody>\n<tr>\n<td><strong>Cat\u00e9gorie<\/strong><\/td>\n<td><strong>\ud83e\udd47 Or<\/strong><\/td>\n<td><strong>\ud83e\udd48 Argent<\/strong><\/td>\n<td><strong>\ud83e\udd49 Bronze<\/strong><\/td>\n<\/tr>\n<tr>\n<td><strong>-48 kg<\/strong><\/td>\n<td>\ud83c\uddf2\ud83c\uddf3<span id=\"copy-emoji\" class=\"efont\">\ud83c\uddfa\ud83c\uddff<\/span> <strong>Narantsetseg Ganbaatar<\/strong><\/td>\n<td>\ud83c\uddea\ud83c\uddf8 Eva Perez Soler<\/td>\n<td>\ud83c\uddeb\ud83c\uddf7 <a href=\"https:\/\/dicodusport.fr\/blog\/grand-slam-de-tbilissi-2025-shirine-boukli-en-bronze-48-kg\/\" target=\"_blank\" rel=\"noopener\">Shirine Boukli<\/a><br \/>\n<span id=\"copy-emoji\" class=\"efont\">\ud83c\uddf8\ud83c\uddea<\/span> Tara Babulfath<\/td>\n<\/tr>\n<tr>\n<td><strong>-52 kg<\/strong><\/td>\n<td>\ud83c\uddeb\ud83c\uddf7\u00a0<a href=\"https:\/\/dicodusport.fr\/blog\/grand-slam-de-tbilissi-2025-amandine-buchard-52-kg-remporte-la-medaille-dor\/\" target=\"_blank\" rel=\"noopener\"><strong>Amandine Buchard<\/strong><\/a><\/td>\n<td><span id=\"copy-emoji\" class=\"efont\">\ud83c\uddee\ud83c\uddf1 Gefen Primo<\/span><\/td>\n<td><span id=\"copy-emoji\" class=\"efont\">\ud83c\uddf3\ud83c\uddf1<\/span> Naomi van Krevel<br \/>\n\ud83c\uddea\ud83c\uddf8 Ariane Toro Soler<\/td>\n<\/tr>\n<tr>\n<td><strong>-57 kg<\/strong><\/td>\n<td>\ud83c\uddec\ud83c\uddea <strong>Eteri Liparteliani<\/strong><\/td>\n<td>\ud83c\uddeb\ud83c\uddf7 <a href=\"https:\/\/dicodusport.fr\/blog\/grand-slam-de-tbilissi-2025-martha-fawaz-57-kg-craque-de-peu-en-finale\/\" target=\"_blank\" rel=\"noopener\">Martha Fawaz<\/a><\/td>\n<td>\ud83c\uddf7\ud83c\uddf8 Maria perisic<br \/>\n\ud83c\uddec\ud83c\uddea Nino Loladze<\/td>\n<\/tr>\n<tr>\n<td><strong>-63 kg<\/strong><\/td>\n<td><span id=\"copy-emoji\" class=\"efont\">\ud83c\udde8\ud83c\udde6<\/span><strong>\u00a0Catherine Beauchemin-Pinard<\/strong><\/td>\n<td>\ud83c\uddeb\ud83c\uddf7 <a href=\"https:\/\/dicodusport.fr\/blog\/grand-slam-de-tbilissi-2025-manon-deketer-en-argent-clarisse-agbegnenou-en-bronze-63-kg\/\" target=\"_blank\" rel=\"noopener\">Manon Deketer<\/a><\/td>\n<td>\ud83c\uddeb\ud83c\uddf7 <a href=\"https:\/\/dicodusport.fr\/blog\/grand-slam-de-tbilissi-2025-manon-deketer-en-argent-clarisse-agbegnenou-en-bronze-63-kg\/\" target=\"_blank\" rel=\"noopener\">Clarisse Agbegnenou<\/a><br \/>\n\ud83c\udde8\ud83c\uddfa Maylin Del Toro Carvajal<\/td>\n<\/tr>\n<tr>\n<td><strong>-70 kg<\/strong><\/td>\n<td><span id=\"copy-emoji\" class=\"efont\">\ud83c\udded\ud83c\uddfa<\/span> <strong>Szofi Ozbas<\/strong><\/td>\n<td><span id=\"copy-emoji\" class=\"efont\">\ud83c\uddf3\ud83c\uddf1<\/span> Sanne van Dijke<\/td>\n<td><strong><span id=\"copy-emoji\" class=\"efont\"><img loading=\"lazy\" decoding=\"async\" class=\"transparent perfmatters-lazy entered pmloaded\" src=\"https:\/\/judotv.com\/cdn-cgi\/image\/w=80,h=60\/https:\/\/78884ca60822a34fb0e6-082b8fd5551e97bc65e327988b444396.ssl.cf3.rackcdn.com\/flags\/80x60\/ijf.png\" alt=\"https:\/\/judotv.com\/cdn-cgi\/image\/w=80,h=60\/https:\/\/78884ca60822a34fb0e6-082b8fd5551e97bc65e327988b444396.ssl.cf3.rackcdn.com\/flags\/80x60\/ijf.png\" width=\"20\" height=\"15\" data-src=\"https:\/\/judotv.com\/cdn-cgi\/image\/w=80,h=60\/https:\/\/78884ca60822a34fb0e6-082b8fd5551e97bc65e327988b444396.ssl.cf3.rackcdn.com\/flags\/80x60\/ijf.png\" data-ll-status=\"loaded\" \/><\/span><\/strong> Madina Taimazova<br \/>\n<span id=\"copy-emoji\" class=\"efont\">\ud83c\uddee\ud83c\uddf1<\/span> Adelina Novitzki<\/td>\n<\/tr>\n<tr>\n<td><strong>-78 kg<\/strong><\/td>\n<td>\ud83c\uddf8\ud83c\uddee <strong>Metka Lobnik<\/strong><\/td>\n<td>\ud83c\udde8\ud83c\uddf4 Brenda Olaya<\/td>\n<td>\ud83c\uddeb\ud83c\uddf7 <a title=\"Grand Slam de Tbilissi 2025 : Alexis Mathieu (-90 kg) en argent, Fanny-Estelle Posvite (-78 kg) en bronze\" href=\"https:\/\/dicodusport.fr\/blog\/grand-slam-de-tbilissi-2025-alexis-mathieu-57-kg-en-argent-fanny-estelle-posvite-78-kg-en-bronze\/\" target=\"_blank\" rel=\"noopener\">Fanny-Estelle Posvite<\/a><\/td>\n<\/tr>\n<tr>\n<td><strong>+78 kg<\/strong><\/td>\n<td>\ud83c\uddeb\ud83c\uddf7 <a href=\"https:\/\/dicodusport.fr\/blog\/grand-slam-de-tbilissi-2025-romane-dicko-remporte-lor-julia-tolofua-en-bronze-78-kg\/\" target=\"_blank\" rel=\"noopener\"><strong>Romane Dicko<\/strong><\/a><\/td>\n<td>\ud83c\uddeb\ud83c\uddf7 Romane Dicko<br \/>\n<strong><span id=\"copy-emoji\" class=\"efont\"><img loading=\"lazy\" decoding=\"async\" class=\"transparent perfmatters-lazy entered pmloaded\" src=\"https:\/\/judotv.com\/cdn-cgi\/image\/w=80,h=60\/https:\/\/78884ca60822a34fb0e6-082b8fd5551e97bc65e327988b444396.ssl.cf3.rackcdn.com\/flags\/80x60\/ijf.png\" alt=\"https:\/\/judotv.com\/cdn-cgi\/image\/w=80,h=60\/https:\/\/78884ca60822a34fb0e6-082b8fd5551e97bc65e327988b444396.ssl.cf3.rackcdn.com\/flags\/80x60\/ijf.png\" width=\"20\" height=\"15\" data-src=\"https:\/\/judotv.com\/cdn-cgi\/image\/w=80,h=60\/https:\/\/78884ca60822a34fb0e6-082b8fd5551e97bc65e327988b444396.ssl.cf3.rackcdn.com\/flags\/80x60\/ijf.png\" data-ll-status=\"loaded\" \/><\/span><\/strong> Elis Startseva<\/td>\n<td>\ud83c\uddeb\ud83c\uddf7 <a href=\"https:\/\/dicodusport.fr\/blog\/grand-slam-de-tbilissi-2025-romane-dicko-remporte-lor-julia-tolofua-en-bronze-78-kg\/\">Julia Tolofua<\/a><br \/>\n<span id=\"copy-emoji\" class=\"efont\">\ud83c\uddf3\ud83c\uddf1<\/span> Marit Kamps<\/td>\n<\/tr>\n<\/tbody>\n<\/table>\n<\/div>\n<p>&nbsp;<\/p>\n<h2>Les m\u00e9daill\u00e9s masculins<\/h2>\n<div class=\"su-table su-table-alternate\">\n<table>\n<tbody>\n<tr>\n<td><strong>Cat\u00e9gorie<\/strong><\/td>\n<td>\ud83e\udd47<strong>Or<\/strong><\/td>\n<td>\ud83e\udd48 <strong>Argent<\/strong><\/td>\n<td>\ud83e\udd49 <strong>Bronze<\/strong><\/td>\n<\/tr>\n<tr>\n<td><strong>-60 kg<\/strong><\/td>\n<td>\ud83c\uddeb\ud83c\uddf7 <a title=\"Grand Slam de Tbilissi 2025 : Luka Mkheidze (-60 kg) s\u2019impose sur sa terre natale\" href=\"https:\/\/dicodusport.fr\/blog\/grand-slam-de-tbilissi-2025-luka-mkheidze-simpose-sur-sa-terre-natale\/\" target=\"_blank\" rel=\"noopener\"><strong>Luka Mkheidze<\/strong><\/a><\/td>\n<td>\ud83c\udde7\ud83c\uddf7 Michel Augusto<\/td>\n<td>\ud83c\udde8\ud83c\uddfa Jonathan Charon<br \/>\n<span id=\"copy-emoji\" class=\"efont\">\ud83c\uddf3\ud83c\uddf1<\/span> Emiel Jaring<\/td>\n<\/tr>\n<tr>\n<td><strong>-66 kg<\/strong><\/td>\n<td><span id=\"copy-emoji\" class=\"efont\"><img loading=\"lazy\" decoding=\"async\" class=\"transparent perfmatters-lazy entered pmloaded\" src=\"https:\/\/judotv.com\/cdn-cgi\/image\/w=80,h=60\/https:\/\/78884ca60822a34fb0e6-082b8fd5551e97bc65e327988b444396.ssl.cf3.rackcdn.com\/flags\/80x60\/ijf.png\" alt=\"https:\/\/judotv.com\/cdn-cgi\/image\/w=80,h=60\/https:\/\/78884ca60822a34fb0e6-082b8fd5551e97bc65e327988b444396.ssl.cf3.rackcdn.com\/flags\/80x60\/ijf.png\" width=\"20\" height=\"15\" data-src=\"https:\/\/judotv.com\/cdn-cgi\/image\/w=80,h=60\/https:\/\/78884ca60822a34fb0e6-082b8fd5551e97bc65e327988b444396.ssl.cf3.rackcdn.com\/flags\/80x60\/ijf.png\" data-ll-status=\"loaded\" \/> <strong>Abrek Naguchev<\/strong><\/span><\/td>\n<td>\ud83c\uddec\ud83c\uddea Temur Nozadze<\/td>\n<td><span id=\"copy-emoji\" class=\"efont\">\ud83c\uddfa\ud83c\uddff<\/span> Azizbek Ortikov<br \/>\n<span id=\"copy-emoji\" class=\"efont\">\ud83c\uddfa\ud83c\uddff<\/span> Abdurakhim Nutfulloev<\/td>\n<\/tr>\n<tr>\n<td><strong>-73 kg<\/strong><\/td>\n<td>\ud83c\uddec\ud83c\uddea <strong>Lasha Shavdatuashvili<\/strong><\/td>\n<td><span id=\"copy-emoji\" class=\"efont\"><img loading=\"lazy\" decoding=\"async\" class=\"transparent perfmatters-lazy entered pmloaded\" src=\"https:\/\/judotv.com\/cdn-cgi\/image\/w=80,h=60\/https:\/\/78884ca60822a34fb0e6-082b8fd5551e97bc65e327988b444396.ssl.cf3.rackcdn.com\/flags\/80x60\/ijf.png\" alt=\"https:\/\/judotv.com\/cdn-cgi\/image\/w=80,h=60\/https:\/\/78884ca60822a34fb0e6-082b8fd5551e97bc65e327988b444396.ssl.cf3.rackcdn.com\/flags\/80x60\/ijf.png\" width=\"20\" height=\"15\" data-src=\"https:\/\/judotv.com\/cdn-cgi\/image\/w=80,h=60\/https:\/\/78884ca60822a34fb0e6-082b8fd5551e97bc65e327988b444396.ssl.cf3.rackcdn.com\/flags\/80x60\/ijf.png\" data-ll-status=\"loaded\" \/><\/span> Armen Agaian<\/td>\n<td>\ud83c\uddee\ud83c\uddf9 Leonardo Valeriani<br \/>\n<span id=\"copy-emoji\" class=\"efont\">\ud83c\udde6\ud83c\uddf9<\/span> Samuel Gassner<\/td>\n<\/tr>\n<tr>\n<td><strong>-81 kg<\/strong><\/td>\n<td>\ud83c\uddf9\ud83c\uddf7 <strong>Vedat Albayrak<\/strong><\/td>\n<td>\ud83c\uddf2\ud83c\udde9 Petru Pelivan<\/td>\n<td>\ud83c\uddec\ud83c\uddea Irakli Beroshvili<br \/>\n\ud83c\uddec\ud83c\uddea Zaur Dvalashvili<\/td>\n<\/tr>\n<tr>\n<td><strong>-90 kg<\/strong><\/td>\n<td><span id=\"copy-emoji\" class=\"efont\">\ud83c\uddfa\ud83c\uddff<\/span> <strong>Umar Bozorov<\/strong><\/td>\n<td>\ud83c\uddeb\ud83c\uddf7 <a href=\"https:\/\/dicodusport.fr\/blog\/grand-slam-de-tbilissi-2025-alexis-mathieu-57-kg-en-argent-fanny-estelle-posvite-78-kg-en-bronze\/\" target=\"_blank\" rel=\"noopener\">Alexis Mathieu<\/a><\/td>\n<td>\ud83c\uddec\ud83c\uddea Giorgi Jabniashvili<br \/>\n\ud83c\udde7\ud83c\uddf7 <strong><span id=\"copy-emoji\" class=\"efont\"><img loading=\"lazy\" decoding=\"async\" class=\"transparent perfmatters-lazy entered pmloaded\" src=\"https:\/\/judotv.com\/cdn-cgi\/image\/w=80,h=60\/https:\/\/78884ca60822a34fb0e6-082b8fd5551e97bc65e327988b444396.ssl.cf3.rackcdn.com\/flags\/80x60\/ijf.png\" alt=\"https:\/\/judotv.com\/cdn-cgi\/image\/w=80,h=60\/https:\/\/78884ca60822a34fb0e6-082b8fd5551e97bc65e327988b444396.ssl.cf3.rackcdn.com\/flags\/80x60\/ijf.png\" width=\"20\" height=\"15\" data-src=\"https:\/\/judotv.com\/cdn-cgi\/image\/w=80,h=60\/https:\/\/78884ca60822a34fb0e6-082b8fd5551e97bc65e327988b444396.ssl.cf3.rackcdn.com\/flags\/80x60\/ijf.png\" data-ll-status=\"loaded\" \/><\/span><\/strong>Rafael Macedo<\/td>\n<\/tr>\n<tr>\n<td><strong>-100 kg<\/strong><\/td>\n<td><span id=\"copy-emoji\" class=\"efont\">\ud83c\udded\ud83c\uddfa\ud83c\uddea\ud83c\uddf8<\/span>\ud83c\uddfa\ud83c\udde6 <strong>Anton Savytskiy<\/strong><\/td>\n<td><span id=\"copy-emoji\" class=\"efont\">\ud83c\uddf3\ud83c\uddf1 Simeon Catharina<\/span><\/td>\n<td><span id=\"copy-emoji\" class=\"efont\">\ud83c\udde8\ud83c\udde6<\/span> Kyle Reyes<br \/>\n<span id=\"copy-emoji\" class=\"efont\"><img loading=\"lazy\" decoding=\"async\" class=\"transparent perfmatters-lazy entered pmloaded\" src=\"https:\/\/judotv.com\/cdn-cgi\/image\/w=80,h=60\/https:\/\/78884ca60822a34fb0e6-082b8fd5551e97bc65e327988b444396.ssl.cf3.rackcdn.com\/flags\/80x60\/ijf.png\" alt=\"https:\/\/judotv.com\/cdn-cgi\/image\/w=80,h=60\/https:\/\/78884ca60822a34fb0e6-082b8fd5551e97bc65e327988b444396.ssl.cf3.rackcdn.com\/flags\/80x60\/ijf.png\" width=\"20\" height=\"15\" data-src=\"https:\/\/judotv.com\/cdn-cgi\/image\/w=80,h=60\/https:\/\/78884ca60822a34fb0e6-082b8fd5551e97bc65e327988b444396.ssl.cf3.rackcdn.com\/flags\/80x60\/ijf.png\" data-ll-status=\"loaded\" \/><\/span> Arman Adamian<\/td>\n<\/tr>\n<tr>\n<td><strong>+100 kg<\/strong><\/td>\n<td><strong><span id=\"copy-emoji\" class=\"efont\"><img loading=\"lazy\" decoding=\"async\" class=\"transparent perfmatters-lazy entered pmloaded\" src=\"https:\/\/judotv.com\/cdn-cgi\/image\/w=80,h=60\/https:\/\/78884ca60822a34fb0e6-082b8fd5551e97bc65e327988b444396.ssl.cf3.rackcdn.com\/flags\/80x60\/ijf.png\" alt=\"https:\/\/judotv.com\/cdn-cgi\/image\/w=80,h=60\/https:\/\/78884ca60822a34fb0e6-082b8fd5551e97bc65e327988b444396.ssl.cf3.rackcdn.com\/flags\/80x60\/ijf.png\" width=\"20\" height=\"15\" data-src=\"https:\/\/judotv.com\/cdn-cgi\/image\/w=80,h=60\/https:\/\/78884ca60822a34fb0e6-082b8fd5551e97bc65e327988b444396.ssl.cf3.rackcdn.com\/flags\/80x60\/ijf.png\" data-ll-status=\"loaded\" \/><\/span> Inal Tasoev<\/strong><\/td>\n<td>\ud83c\uddec\ud83c\uddea Guram Tushishvili<\/td>\n<td>\ud83c\uddec\ud83c\uddea Irakli Demetrashvili<br \/>\n<span id=\"copy-emoji\" class=\"efont\">\ud83c\uddf3\ud83c\uddf1<\/span> Jur Spijkers<\/td>\n<\/tr>\n<\/tbody>\n<\/table>\n<\/div>\n","protected":false},"excerpt":{"rendered":"<p>JUDO &#8211; Le Grand Slam de Tokyo se d\u00e9roule du samedi 6 au dimanche 7 d\u00e9cembre. Programme et r\u00e9sultats de la comp\u00e9tition.<\/p>\n","protected":false},"author":12,"featured_media":629255,"comment_status":"open","ping_status":"closed","sticky":false,"template":"","format":"standard","meta":{"_acf_changed":false,"_daextam_enable_autolinks":"1","footnotes":""},"categories":[8651],"tags":[16878,68],"class_list":["post-627993","post","type-post","status-publish","format-standard","has-post-thumbnail","hentry","category-judo","tag-breve","tag-judo"],"acf":[],"yoast_head":"<!-- This site is optimized with the Yoast SEO Premium plugin v26.7 (Yoast SEO v26.7) - https:\/\/yoast.com\/wordpress\/plugins\/seo\/ -->\n<title>Judo - Grand Slam de Tokyo 2025 : Programme et r\u00e9sultats<\/title>\n<meta name=\"description\" content=\"JUDO - Le Grand Slam de Tokyo se d\u00e9roule du samedi 6 au dimanche 7 d\u00e9cembre. Programme et r\u00e9sultats de la comp\u00e9tition.\" \/>\n<meta name=\"robots\" content=\"index, follow, max-snippet:-1, max-image-preview:large, max-video-preview:-1\" \/>\n<link rel=\"canonical\" href=\"https:\/\/dicodusport.fr\/blog\/judo-grand-slam-de-tokyo-2025-programme-et-resultats\/\" \/>\n<link rel=\"next\" href=\"https:\/\/dicodusport.fr\/blog\/judo-grand-slam-de-tokyo-2025-programme-et-resultats\/2\/\" \/>\n<meta property=\"og:locale\" content=\"fr_FR\" \/>\n<meta property=\"og:type\" content=\"article\" \/>\n<meta property=\"og:title\" content=\"Judo - Grand Slam de Tokyo 2025 : Programme et r\u00e9sultats\" \/>\n<meta property=\"og:description\" content=\"JUDO - Le Grand Slam de Tokyo se d\u00e9roule du samedi 6 au dimanche 7 d\u00e9cembre. Programme et r\u00e9sultats de la comp\u00e9tition.\" \/>\n<meta property=\"og:url\" content=\"https:\/\/dicodusport.fr\/blog\/judo-grand-slam-de-tokyo-2025-programme-et-resultats\/\" \/>\n<meta property=\"og:site_name\" content=\"Dicodusport\" \/>\n<meta property=\"article:publisher\" content=\"https:\/\/www.facebook.com\/dicodusport\" \/>\n<meta property=\"article:published_time\" content=\"2025-12-07T11:52:53+00:00\" \/>\n<meta property=\"og:image\" content=\"https:\/\/dicodusport.fr\/blog\/wp-content\/uploads\/2025\/11\/Judo-Grand-Slam-de-Tokyo-2025-Programme-et-resultats.png\" \/>\n\t<meta property=\"og:image:width\" content=\"1200\" \/>\n\t<meta property=\"og:image:height\" content=\"674\" \/>\n\t<meta property=\"og:image:type\" content=\"image\/png\" \/>\n<meta name=\"author\" content=\"Arlette Yeye\" \/>\n<meta name=\"twitter:card\" content=\"summary_large_image\" \/>\n<meta name=\"twitter:creator\" content=\"@https:\/\/twitter.com\/Shiclette94\" \/>\n<meta name=\"twitter:site\" content=\"@dicodusport\" \/>\n<script type=\"application\/ld+json\" class=\"yoast-schema-graph\">{\"@context\":\"https:\/\/schema.org\",\"@graph\":[{\"@type\":\"NewsArticle\",\"@id\":\"https:\/\/dicodusport.fr\/blog\/judo-grand-slam-de-tokyo-2025-programme-et-resultats\/#article\",\"isPartOf\":{\"@id\":\"https:\/\/dicodusport.fr\/blog\/judo-grand-slam-de-tokyo-2025-programme-et-resultats\/\"},\"author\":{\"name\":\"Arlette Yeye\",\"@id\":\"https:\/\/dicodusport.fr\/blog\/#\/schema\/person\/cce96fa88785bd8573e3d43078ac8c79\"},\"headline\":\"Judo &#8211; Grand Slam de Tokyo 2025 : Programme et r\u00e9sultats\",\"datePublished\":\"2025-12-07T11:52:53+00:00\",\"mainEntityOfPage\":{\"@id\":\"https:\/\/dicodusport.fr\/blog\/judo-grand-slam-de-tokyo-2025-programme-et-resultats\/\"},\"wordCount\":780,\"commentCount\":0,\"publisher\":{\"@id\":\"https:\/\/dicodusport.fr\/blog\/#organization\"},\"image\":{\"@id\":\"https:\/\/dicodusport.fr\/blog\/judo-grand-slam-de-tokyo-2025-programme-et-resultats\/#primaryimage\"},\"thumbnailUrl\":\"https:\/\/dicodusport.fr\/blog\/wp-content\/uploads\/2025\/11\/Judo-Grand-Slam-de-Tokyo-2025-Programme-et-resultats.png\",\"keywords\":[\"br\u00e8ve\",\"Judo\"],\"articleSection\":[\"Judo\"],\"inLanguage\":\"fr-FR\",\"potentialAction\":[{\"@type\":\"CommentAction\",\"name\":\"Comment\",\"target\":[\"https:\/\/dicodusport.fr\/blog\/judo-grand-slam-de-tokyo-2025-programme-et-resultats\/#respond\"]}],\"copyrightYear\":\"2025\",\"copyrightHolder\":{\"@id\":\"https:\/\/dicodusport.fr\/blog\/#organization\"}},{\"@type\":\"WebPage\",\"@id\":\"https:\/\/dicodusport.fr\/blog\/judo-grand-slam-de-tokyo-2025-programme-et-resultats\/\",\"url\":\"https:\/\/dicodusport.fr\/blog\/judo-grand-slam-de-tokyo-2025-programme-et-resultats\/\",\"name\":\"Judo - Grand Slam de Tokyo 2025 : Programme et r\u00e9sultats\",\"isPartOf\":{\"@id\":\"https:\/\/dicodusport.fr\/blog\/#website\"},\"primaryImageOfPage\":{\"@id\":\"https:\/\/dicodusport.fr\/blog\/judo-grand-slam-de-tokyo-2025-programme-et-resultats\/#primaryimage\"},\"image\":{\"@id\":\"https:\/\/dicodusport.fr\/blog\/judo-grand-slam-de-tokyo-2025-programme-et-resultats\/#primaryimage\"},\"thumbnailUrl\":\"https:\/\/dicodusport.fr\/blog\/wp-content\/uploads\/2025\/11\/Judo-Grand-Slam-de-Tokyo-2025-Programme-et-resultats.png\",\"datePublished\":\"2025-12-07T11:52:53+00:00\",\"description\":\"JUDO - Le Grand Slam de Tokyo se d\u00e9roule du samedi 6 au dimanche 7 d\u00e9cembre. Programme et r\u00e9sultats de la comp\u00e9tition.\",\"inLanguage\":\"fr-FR\",\"potentialAction\":[{\"@type\":\"ReadAction\",\"target\":[\"https:\/\/dicodusport.fr\/blog\/judo-grand-slam-de-tokyo-2025-programme-et-resultats\/\"]}]},{\"@type\":\"ImageObject\",\"inLanguage\":\"fr-FR\",\"@id\":\"https:\/\/dicodusport.fr\/blog\/judo-grand-slam-de-tokyo-2025-programme-et-resultats\/#primaryimage\",\"url\":\"https:\/\/dicodusport.fr\/blog\/wp-content\/uploads\/2025\/11\/Judo-Grand-Slam-de-Tokyo-2025-Programme-et-resultats.png\",\"contentUrl\":\"https:\/\/dicodusport.fr\/blog\/wp-content\/uploads\/2025\/11\/Judo-Grand-Slam-de-Tokyo-2025-Programme-et-resultats.png\",\"width\":1200,\"height\":674,\"caption\":\"Judo - Grand Slam de Tokyo 2025 Programme et r\u00e9sultats\"},{\"@type\":\"WebSite\",\"@id\":\"https:\/\/dicodusport.fr\/blog\/#website\",\"url\":\"https:\/\/dicodusport.fr\/blog\/\",\"name\":\"Dicodusport\",\"description\":\"L&#039;encyclop\u00e9die de l&#039;actualit\u00e9 sportive\",\"publisher\":{\"@id\":\"https:\/\/dicodusport.fr\/blog\/#organization\"},\"potentialAction\":[{\"@type\":\"SearchAction\",\"target\":{\"@type\":\"EntryPoint\",\"urlTemplate\":\"https:\/\/dicodusport.fr\/blog\/?s={search_term_string}\"},\"query-input\":{\"@type\":\"PropertyValueSpecification\",\"valueRequired\":true,\"valueName\":\"search_term_string\"}}],\"inLanguage\":\"fr-FR\"},{\"@type\":\"NewsMediaOrganization\",\"@id\":\"https:\/\/dicodusport.fr\/blog\/#organization\",\"name\":\"Dicodusport\",\"url\":\"https:\/\/dicodusport.fr\/blog\/\",\"logo\":{\"@type\":\"ImageObject\",\"inLanguage\":\"fr-FR\",\"@id\":\"https:\/\/dicodusport.fr\/blog\/#\/schema\/logo\/image\/\",\"url\":\"https:\/\/dicodusport.fr\/blog\/wp-content\/uploads\/2020\/06\/cropped-LOGO-DICODUSPORT-2020-SANS-FOND-SANS-TEXTE.png\",\"contentUrl\":\"https:\/\/dicodusport.fr\/blog\/wp-content\/uploads\/2020\/06\/cropped-LOGO-DICODUSPORT-2020-SANS-FOND-SANS-TEXTE.png\",\"width\":512,\"height\":512,\"caption\":\"Dicodusport\"},\"image\":{\"@id\":\"https:\/\/dicodusport.fr\/blog\/#\/schema\/logo\/image\/\"},\"sameAs\":[\"https:\/\/www.facebook.com\/dicodusport\",\"https:\/\/x.com\/dicodusport\",\"https:\/\/www.instagram.com\/dicodusport\/\",\"https:\/\/www.youtube.com\/channel\/UC7V2KZ5sd3htJivAbA4ZG3w\"],\"description\":\"Dicodusport est l'encyclop\u00e9die de l'actualit\u00e9 sportive.\",\"email\":\"bonjour@dicodusport.fr\",\"legalName\":\"DICODUSPORT\",\"foundingDate\":\"2018-01-14\",\"vatID\":\"FR71834470973\",\"taxID\":\"83447097300043\",\"numberOfEmployees\":{\"@type\":\"QuantitativeValue\",\"minValue\":\"1\",\"maxValue\":\"10\"}},{\"@type\":\"Person\",\"@id\":\"https:\/\/dicodusport.fr\/blog\/#\/schema\/person\/cce96fa88785bd8573e3d43078ac8c79\",\"name\":\"Arlette Yeye\",\"image\":{\"@type\":\"ImageObject\",\"inLanguage\":\"fr-FR\",\"@id\":\"https:\/\/dicodusport.fr\/blog\/#\/schema\/person\/image\/\",\"url\":\"https:\/\/secure.gravatar.com\/avatar\/dca4a6239e6d708e46c45d60e160de6c?s=96&d=wp_user_avatar&r=g\",\"contentUrl\":\"https:\/\/secure.gravatar.com\/avatar\/dca4a6239e6d708e46c45d60e160de6c?s=96&d=wp_user_avatar&r=g\",\"caption\":\"Arlette Yeye\"},\"description\":\"Journaliste\/r\u00e9dactrice depuis septembre 2015 - Supportrice de Chelsea, j'ai pour sports de pr\u00e9dilection le handball, l'athl\u00e9tisme et le tennis. Si je tweete plus vite que mon ombre, vous pouvez aussi me retrouver les week-ends sur les playgrounds de Bruxelles pour un petit foot ou basket entre potes. Parcourir la France, l'Europe et plus si affinit\u00e9s pour suivre mes sportifs pr\u00e9f\u00e9r\u00e9s ? Mon kif ! Et c'est avec plaisir que je partage les r\u00e9sultats des sports populaires mais \u00e9galement plus confidentiels pour Dicodusport.\",\"sameAs\":[\"https:\/\/x.com\/https:\/\/twitter.com\/Shiclette94\"],\"url\":\"https:\/\/dicodusport.fr\/blog\/author\/arlette\/\"}]}<\/script>\n<!-- \/ Yoast SEO Premium plugin. -->","yoast_head_json":{"title":"Judo - Grand Slam de Tokyo 2025 : Programme et r\u00e9sultats","description":"JUDO - Le Grand Slam de Tokyo se d\u00e9roule du samedi 6 au dimanche 7 d\u00e9cembre. Programme et r\u00e9sultats de la comp\u00e9tition.","robots":{"index":"index","follow":"follow","max-snippet":"max-snippet:-1","max-image-preview":"max-image-preview:large","max-video-preview":"max-video-preview:-1"},"canonical":"https:\/\/dicodusport.fr\/blog\/judo-grand-slam-de-tokyo-2025-programme-et-resultats\/","next":"https:\/\/dicodusport.fr\/blog\/judo-grand-slam-de-tokyo-2025-programme-et-resultats\/2\/","og_locale":"fr_FR","og_type":"article","og_title":"Judo - Grand Slam de Tokyo 2025 : Programme et r\u00e9sultats","og_description":"JUDO - Le Grand Slam de Tokyo se d\u00e9roule du samedi 6 au dimanche 7 d\u00e9cembre. Programme et r\u00e9sultats de la comp\u00e9tition.","og_url":"https:\/\/dicodusport.fr\/blog\/judo-grand-slam-de-tokyo-2025-programme-et-resultats\/","og_site_name":"Dicodusport","article_publisher":"https:\/\/www.facebook.com\/dicodusport","article_published_time":"2025-12-07T11:52:53+00:00","og_image":[{"width":1200,"height":674,"url":"https:\/\/dicodusport.fr\/blog\/wp-content\/uploads\/2025\/11\/Judo-Grand-Slam-de-Tokyo-2025-Programme-et-resultats.png","type":"image\/png"}],"author":"Arlette Yeye","twitter_card":"summary_large_image","twitter_creator":"@https:\/\/twitter.com\/Shiclette94","twitter_site":"@dicodusport","schema":{"@context":"https:\/\/schema.org","@graph":[{"@type":"NewsArticle","@id":"https:\/\/dicodusport.fr\/blog\/judo-grand-slam-de-tokyo-2025-programme-et-resultats\/#article","isPartOf":{"@id":"https:\/\/dicodusport.fr\/blog\/judo-grand-slam-de-tokyo-2025-programme-et-resultats\/"},"author":{"name":"Arlette Yeye","@id":"https:\/\/dicodusport.fr\/blog\/#\/schema\/person\/cce96fa88785bd8573e3d43078ac8c79"},"headline":"Judo &#8211; Grand Slam de Tokyo 2025 : Programme et r\u00e9sultats","datePublished":"2025-12-07T11:52:53+00:00","mainEntityOfPage":{"@id":"https:\/\/dicodusport.fr\/blog\/judo-grand-slam-de-tokyo-2025-programme-et-resultats\/"},"wordCount":780,"commentCount":0,"publisher":{"@id":"https:\/\/dicodusport.fr\/blog\/#organization"},"image":{"@id":"https:\/\/dicodusport.fr\/blog\/judo-grand-slam-de-tokyo-2025-programme-et-resultats\/#primaryimage"},"thumbnailUrl":"https:\/\/dicodusport.fr\/blog\/wp-content\/uploads\/2025\/11\/Judo-Grand-Slam-de-Tokyo-2025-Programme-et-resultats.png","keywords":["br\u00e8ve","Judo"],"articleSection":["Judo"],"inLanguage":"fr-FR","potentialAction":[{"@type":"CommentAction","name":"Comment","target":["https:\/\/dicodusport.fr\/blog\/judo-grand-slam-de-tokyo-2025-programme-et-resultats\/#respond"]}],"copyrightYear":"2025","copyrightHolder":{"@id":"https:\/\/dicodusport.fr\/blog\/#organization"}},{"@type":"WebPage","@id":"https:\/\/dicodusport.fr\/blog\/judo-grand-slam-de-tokyo-2025-programme-et-resultats\/","url":"https:\/\/dicodusport.fr\/blog\/judo-grand-slam-de-tokyo-2025-programme-et-resultats\/","name":"Judo - Grand Slam de Tokyo 2025 : Programme et r\u00e9sultats","isPartOf":{"@id":"https:\/\/dicodusport.fr\/blog\/#website"},"primaryImageOfPage":{"@id":"https:\/\/dicodusport.fr\/blog\/judo-grand-slam-de-tokyo-2025-programme-et-resultats\/#primaryimage"},"image":{"@id":"https:\/\/dicodusport.fr\/blog\/judo-grand-slam-de-tokyo-2025-programme-et-resultats\/#primaryimage"},"thumbnailUrl":"https:\/\/dicodusport.fr\/blog\/wp-content\/uploads\/2025\/11\/Judo-Grand-Slam-de-Tokyo-2025-Programme-et-resultats.png","datePublished":"2025-12-07T11:52:53+00:00","description":"JUDO - Le Grand Slam de Tokyo se d\u00e9roule du samedi 6 au dimanche 7 d\u00e9cembre. Programme et r\u00e9sultats de la comp\u00e9tition.","inLanguage":"fr-FR","potentialAction":[{"@type":"ReadAction","target":["https:\/\/dicodusport.fr\/blog\/judo-grand-slam-de-tokyo-2025-programme-et-resultats\/"]}]},{"@type":"ImageObject","inLanguage":"fr-FR","@id":"https:\/\/dicodusport.fr\/blog\/judo-grand-slam-de-tokyo-2025-programme-et-resultats\/#primaryimage","url":"https:\/\/dicodusport.fr\/blog\/wp-content\/uploads\/2025\/11\/Judo-Grand-Slam-de-Tokyo-2025-Programme-et-resultats.png","contentUrl":"https:\/\/dicodusport.fr\/blog\/wp-content\/uploads\/2025\/11\/Judo-Grand-Slam-de-Tokyo-2025-Programme-et-resultats.png","width":1200,"height":674,"caption":"Judo - Grand Slam de Tokyo 2025 Programme et r\u00e9sultats"},{"@type":"WebSite","@id":"https:\/\/dicodusport.fr\/blog\/#website","url":"https:\/\/dicodusport.fr\/blog\/","name":"Dicodusport","description":"L&#039;encyclop\u00e9die de l&#039;actualit\u00e9 sportive","publisher":{"@id":"https:\/\/dicodusport.fr\/blog\/#organization"},"potentialAction":[{"@type":"SearchAction","target":{"@type":"EntryPoint","urlTemplate":"https:\/\/dicodusport.fr\/blog\/?s={search_term_string}"},"query-input":{"@type":"PropertyValueSpecification","valueRequired":true,"valueName":"search_term_string"}}],"inLanguage":"fr-FR"},{"@type":"NewsMediaOrganization","@id":"https:\/\/dicodusport.fr\/blog\/#organization","name":"Dicodusport","url":"https:\/\/dicodusport.fr\/blog\/","logo":{"@type":"ImageObject","inLanguage":"fr-FR","@id":"https:\/\/dicodusport.fr\/blog\/#\/schema\/logo\/image\/","url":"https:\/\/dicodusport.fr\/blog\/wp-content\/uploads\/2020\/06\/cropped-LOGO-DICODUSPORT-2020-SANS-FOND-SANS-TEXTE.png","contentUrl":"https:\/\/dicodusport.fr\/blog\/wp-content\/uploads\/2020\/06\/cropped-LOGO-DICODUSPORT-2020-SANS-FOND-SANS-TEXTE.png","width":512,"height":512,"caption":"Dicodusport"},"image":{"@id":"https:\/\/dicodusport.fr\/blog\/#\/schema\/logo\/image\/"},"sameAs":["https:\/\/www.facebook.com\/dicodusport","https:\/\/x.com\/dicodusport","https:\/\/www.instagram.com\/dicodusport\/","https:\/\/www.youtube.com\/channel\/UC7V2KZ5sd3htJivAbA4ZG3w"],"description":"Dicodusport est l'encyclop\u00e9die de l'actualit\u00e9 sportive.","email":"bonjour@dicodusport.fr","legalName":"DICODUSPORT","foundingDate":"2018-01-14","vatID":"FR71834470973","taxID":"83447097300043","numberOfEmployees":{"@type":"QuantitativeValue","minValue":"1","maxValue":"10"}},{"@type":"Person","@id":"https:\/\/dicodusport.fr\/blog\/#\/schema\/person\/cce96fa88785bd8573e3d43078ac8c79","name":"Arlette Yeye","image":{"@type":"ImageObject","inLanguage":"fr-FR","@id":"https:\/\/dicodusport.fr\/blog\/#\/schema\/person\/image\/","url":"https:\/\/secure.gravatar.com\/avatar\/dca4a6239e6d708e46c45d60e160de6c?s=96&d=wp_user_avatar&r=g","contentUrl":"https:\/\/secure.gravatar.com\/avatar\/dca4a6239e6d708e46c45d60e160de6c?s=96&d=wp_user_avatar&r=g","caption":"Arlette Yeye"},"description":"Journaliste\/r\u00e9dactrice depuis septembre 2015 - Supportrice de Chelsea, j'ai pour sports de pr\u00e9dilection le handball, l'athl\u00e9tisme et le tennis. Si je tweete plus vite que mon ombre, vous pouvez aussi me retrouver les week-ends sur les playgrounds de Bruxelles pour un petit foot ou basket entre potes. Parcourir la France, l'Europe et plus si affinit\u00e9s pour suivre mes sportifs pr\u00e9f\u00e9r\u00e9s ? Mon kif ! Et c'est avec plaisir que je partage les r\u00e9sultats des sports populaires mais \u00e9galement plus confidentiels pour Dicodusport.","sameAs":["https:\/\/x.com\/https:\/\/twitter.com\/Shiclette94"],"url":"https:\/\/dicodusport.fr\/blog\/author\/arlette\/"}]}},"_links":{"self":[{"href":"https:\/\/dicodusport.fr\/blog\/wp-json\/wp\/v2\/posts\/627993","targetHints":{"allow":["GET"]}}],"collection":[{"href":"https:\/\/dicodusport.fr\/blog\/wp-json\/wp\/v2\/posts"}],"about":[{"href":"https:\/\/dicodusport.fr\/blog\/wp-json\/wp\/v2\/types\/post"}],"author":[{"embeddable":true,"href":"https:\/\/dicodusport.fr\/blog\/wp-json\/wp\/v2\/users\/12"}],"replies":[{"embeddable":true,"href":"https:\/\/dicodusport.fr\/blog\/wp-json\/wp\/v2\/comments?post=627993"}],"version-history":[{"count":5,"href":"https:\/\/dicodusport.fr\/blog\/wp-json\/wp\/v2\/posts\/627993\/revisions"}],"predecessor-version":[{"id":630813,"href":"https:\/\/dicodusport.fr\/blog\/wp-json\/wp\/v2\/posts\/627993\/revisions\/630813"}],"wp:featuredmedia":[{"embeddable":true,"href":"https:\/\/dicodusport.fr\/blog\/wp-json\/wp\/v2\/media\/629255"}],"wp:attachment":[{"href":"https:\/\/dicodusport.fr\/blog\/wp-json\/wp\/v2\/media?parent=627993"}],"wp:term":[{"taxonomy":"category","embeddable":true,"href":"https:\/\/dicodusport.fr\/blog\/wp-json\/wp\/v2\/categories?post=627993"},{"taxonomy":"post_tag","embeddable":true,"href":"https:\/\/dicodusport.fr\/blog\/wp-json\/wp\/v2\/tags?post=627993"}],"curies":[{"name":"wp","href":"https:\/\/api.w.org\/{rel}","templated":true}]}}